{"id":223837,"date":"2022-01-20T10:23:16","date_gmt":"2022-01-20T13:23:16","guid":{"rendered":"https:\/\/www.suno.com.br\/noticias\/?p=223837"},"modified":"2022-01-20T16:34:35","modified_gmt":"2022-01-20T19:34:35","slug":"venda-oi-oibr3-governo-pressiona-senado-conselheiro-cade","status":"publish","type":"post","link":"https:\/\/www.suno.com.br\/noticias\/venda-oi-oibr3-governo-pressiona-senado-conselheiro-cade\/","title":{"rendered":"Venda da Oi M\u00f3vel (OIBR3): Governo pressiona Senado por novo conselheiro do Cade, diz jornal"},"content":{"rendered":"<p>O governo federal tem feito press\u00e3o sobre lideran\u00e7as do Senado e o presidente da Casa, Rodrigo Pacheco (PSD-MG), para que a indica\u00e7\u00e3o do procurador-federal Gustavo Freitas ao\u00a0<a class=\"suno-keyword\" href=\"https:\/\/www.suno.com.br\/artigos\/cade\/\" target=\"_blank\" rel=\"noopener\" data-force=\"no\" data-priority=\"2\">Conselho Administrativo de Defesa Econ\u00f4mica (Cade)<\/a> seja pautada para vota\u00e7\u00e3o em plen\u00e1rio o mais r\u00e1pido poss\u00edvel, informa o jornal O Estado de S.Paulo. O principal motivo para a pressa \u00e9 a venda da <a href=\"https:\/\/statusinvest.com.br\/acoes\/oibr3\"><strong>Oi<\/strong> M\u00f3vel (OIBR3)<\/a> que espera delibera\u00e7\u00e3o do Conselho.<\/p>\t<div class=\"wrapper-featured-image\">\n\t\t<figure class=\"spotlightImg\">\n\n\t\t\t<picture>\n\t\t\t\t<source media=\"(max-width: 768px)\" srcset=\"https:\/\/files.sunoresearch.com.br\/n\/uploads\/2022\/01\/GustavoFreitas-400x200.jpg\">\n\t\t\t\t<img loading=\"lazy\" decoding=\"async\" class=\"newsContent__article__imgCapa lazyloadDisabled \" src=\"https:\/\/files.sunoresearch.com.br\/n\/uploads\/2022\/01\/GustavoFreitas-800x450.jpg\" width=\"800\" height=\"450\" alt=\"Venda da Oi M\u00f3vel (OIBR3): Governo pressiona Senado por novo conselheiro do Cade, diz jornal\" fetchpriority=high \/>\n\t\t\t<\/picture>\n\n\t\t\t<figcaption class=\"wp-caption-text wp-caption-text--show\">Gustavo Freitas pode desempatar venda da Oi (OIBR3) no Cade. Foto: Marcos Oliveira\/Ag\u00eancia Senado<\/figcaption>\n\t\t<\/figure>\n\t<\/div>\n\n\n\t<p>\n\t\t<a href=\"https:\/\/lp.suno.com.br\/planilha-controle-gastos\/\" target=\"_blank\" data-element=\"shortcode-suno-banner\" title=\"Banner SUNO, clique e saiba mais\">\n\t\t\t<picture>\n\t\t\t\t<source media=\"(max-width: 500px)\" srcset=\"https:\/\/files.sunoresearch.com.br\/n\/uploads\/2023\/03\/400x300-Planilha-controle-de-gastos.png\">\n\t\t\t\t<img class=\"newsContent__article__imgCapa newsContent__article__imgCapa--banner\"\n\t\t\t\t\tsrc=\"https:\/\/files.sunoresearch.com.br\/n\/uploads\/2023\/03\/1420x240-Planilha-controle-de-gastos.png\"\n\t\t\t\t\tdata-promo-id=\"101751\"\t\t\t\t\t\t\t\t\t\twidth='1420' height='240'\t\t\t\t\talt=\"https:\/\/files.sunoresearch.com.br\/n\/uploads\/2023\/03\/1420x240-Planilha-controle-de-gastos.png\"\n\t\t\t\t>\n\t\t\t<\/picture>\n\t\t<\/a>\n\t<\/p>\n\n\n<p>Atualmente, o cen\u00e1rio para a aprova\u00e7\u00e3o da compra dos ativos m\u00f3veis da Oi pelas rivais <strong>Claro<\/strong>, <a class=\"suno-keyword\" href=\"https:\/\/www.suno.com.br\/acoes\/TIMS3\/\" target=\"_blank\" rel=\"noopener\" data-force=\"yes\" data-priority=\"2\"><strong>TIM<\/strong> (TIMS3)<\/a> e <a class=\"suno-keyword\" href=\"https:\/\/www.suno.com.br\/acoes\/VIVT3\/\" target=\"_blank\" rel=\"noopener\" data-force=\"yes\" data-priority=\"2\"><strong>Vivo<\/strong> (VIVT3)<\/a> &#8211; estimado em R$ 16,5 bilh\u00f5es segundo acordo de dezembro de 2020 &#8211; \u00e9 incerto com leve tend\u00eancia de reprova\u00e7\u00e3o. Por isso, as empresas negociam o cen\u00e1rio mais favor\u00e1vel poss\u00edvel para a compra e a mitiga\u00e7\u00e3o dos efeitos anticoncorrenciais.<\/p>\n<p>Uma poss\u00edvel sa\u00edda seria a indica\u00e7\u00e3o de <strong>Gustavo Freitas<\/strong> ao <strong>Cade<\/strong>. Em sabatina \u00e0 Comiss\u00e3o de Assuntos Econ\u00f4micos (CAE) do Senado, o procurador sinalizou que votaria pela aprova\u00e7\u00e3o da opera\u00e7\u00e3o.<\/p>\n\n\t<div data-element=\"shortcode-read-more\" class=\"readToo\">\n\t\t\t\t<ul class=\"readToo__list\">\n\t\t\t<li><a href=\"https:\/\/www.suno.com.br\/noticias\/oi-oibr3-acoes-subindo-recomendacao\/\">Oi (OIBR3): Por que as a\u00e7\u00f5es subiram tanto nos \u00faltimos dias? Genial responde<\/a><\/li><li><a href=\"https:\/\/www.suno.com.br\/noticias\/provedores-cade-venda-oi-oibr3\/\">Provedores cobram do Cade acesso a acordo de Tim (TIMS3), Claro e Vivo (VIVT3) para venda da Oi (OIBR3) m\u00f3vel<\/a><\/li>\t\t<\/ul>\n\t<\/div>\n\n\n<p>Na ocasi\u00e3o, a CAE aprovou a indica\u00e7\u00e3o de Freitas ao cargo, que depende agora de aval do Plen\u00e1rio da Casa. Para que tenha efeito sobre o julgamento da<strong> venda da Oi M\u00f3vel<\/strong>, esta an\u00e1lise precisa acontecer logo que o <strong>Senado<\/strong> retomar as atividades em fevereiro, ap\u00f3s o recesso de fim de ano.<\/p>\n<p>O principal motivo \u00e9 que o julgamento do Cade tem o limite m\u00e1ximo de acontecer at\u00e9 o dia 15 de fevereiro, mas segundo o Regimento Interno do Senado Federal (RISF), as sess\u00f5es s\u00f3 s\u00e3o retomadas ap\u00f3s o dia 2 de fevereiro.<\/p>\n<p>Nesse per\u00edodo, o \u00f3rg\u00e3o se re\u00fane somente uma vez no cronograma oficial, em 9 de fevereiro.<\/p>\n\t<p>\n\t\t<a href=\"https:\/\/lp.suno.com.br\/planilha-da-vida-financeira\/\" target=\"_blank\" data-element=\"shortcode-suno-banner\" title=\"Banner SUNO, clique e saiba mais\">\n\t\t\t<picture>\n\t\t\t\t<source media=\"(max-width: 500px)\" srcset=\"https:\/\/files.sunoresearch.com.br\/n\/uploads\/2023\/04\/400x300-Planilha-vida-financeira-true.png\">\n\t\t\t\t<img class=\"newsContent__article__imgCapa newsContent__article__imgCapa--banner\"\n\t\t\t\t\tsrc=\"https:\/\/files.sunoresearch.com.br\/n\/uploads\/2023\/04\/1420x240-Planilha-vida-financeira-true.png\"\n\t\t\t\t\tdata-promo-id=\"106682\"\t\t\t\t\t\t\t\t\t\twidth='1420' height='240'\t\t\t\t\talt=\"https:\/\/files.sunoresearch.com.br\/n\/uploads\/2023\/04\/1420x240-Planilha-vida-financeira-true.png\"\n\t\t\t\t>\n\t\t\t<\/picture>\n\t\t<\/a>\n\t<\/p>\n\n\n<p>Para que Freitas participe do julgamento, seu nome precisaria ser aprovado pelo Senado antes do dia 9, um limite de uma semana, logo quando as lideran\u00e7as, tradicionalmente, ainda discutem os principais assuntos da pauta.<\/p>\n<p>No limite, seu nome poderia ser analisado at\u00e9 15 de fevereiro, quando se encerra o prazo para a an\u00e1lise da opera\u00e7\u00e3o de <strong>venda dos ativos m\u00f3veis da Oi<\/strong>, mas uma sess\u00e3o extraordin\u00e1ria do Cade teria de ser convocada para julgar o caso at\u00e9 esta data.<\/p>\n<p>Em novembro do ano passado, a Superintend\u00eancia-Geral do Cade recomendou a aprova\u00e7\u00e3o da compra da <strong>Oi<\/strong> <strong>M\u00f3vel<\/strong> pela TIM, Claro e Vivo, desde que houvesse a assinatura de acordo com previs\u00e3o de compartilhamento de redes, aluguel de espectro de radiofrequ\u00eancia, contratos de roaming e oferta de pacotes de voz e dados para operadores virtuais.<\/p>\n\t<p>\n\t\t<a href=\"https:\/\/lp.suno.com.br\/ebook-como-analisar-uma-acao\/\" target=\"_blank\" data-element=\"shortcode-suno-banner\" title=\"Banner SUNO, clique e saiba mais\">\n\t\t\t<picture>\n\t\t\t\t<source media=\"(max-width: 500px)\" srcset=\"https:\/\/files.sunoresearch.com.br\/n\/uploads\/2023\/03\/Ebook-Acoes-Mobile-1.jpg\">\n\t\t\t\t<img class=\"newsContent__article__imgCapa newsContent__article__imgCapa--banner\"\n\t\t\t\t\tsrc=\"https:\/\/files.sunoresearch.com.br\/n\/uploads\/2023\/03\/Ebook-Acoes-Desktop-1.jpg\"\n\t\t\t\t\tdata-promo-id=\"171998\"\t\t\t\t\t\t\t\t\t\twidth='1420' height='286'\t\t\t\t\talt=\"https:\/\/files.sunoresearch.com.br\/n\/uploads\/2023\/03\/Ebook-Acoes-Desktop-1.jpg\"\n\t\t\t\t>\n\t\t\t<\/picture>\n\t\t<\/a>\n\t<\/p>\n\n\n<h2>Cota\u00e7\u00e3o da Oi<\/h2>\n<p>Na sess\u00e3o desta quinta-feira (20), por volta das 10h20, as a\u00e7\u00f5es da <strong>Oi<\/strong> registravam queda de 2,33%, negociadas a R$ 0,85.<\/p>\n\t<p>\n\t\t<a href=\"https:\/\/lp.suno.com.br\/planilha-de-controle-de-investimentos\/\" target=\"_blank\" data-element=\"shortcode-suno-banner\" title=\"Banner SUNO, clique e saiba mais\">\n\t\t\t<picture>\n\t\t\t\t<source media=\"(max-width: 500px)\" srcset=\"https:\/\/files.sunoresearch.com.br\/n\/uploads\/2023\/03\/400x300-Controle-de-Investimentos.png\">\n\t\t\t\t<img class=\"newsContent__article__imgCapa newsContent__article__imgCapa--banner\"\n\t\t\t\t\tsrc=\"https:\/\/files.sunoresearch.com.br\/n\/uploads\/2023\/03\/1420x240-Controle-de-Investimentos.png\"\n\t\t\t\t\tdata-promo-id=\"75934\"\t\t\t\t\t\t\t\t\t\twidth='1420' height='240'\t\t\t\t\talt=\"https:\/\/files.sunoresearch.com.br\/n\/uploads\/2023\/03\/1420x240-Controle-de-Investimentos.png\"\n\t\t\t\t>\n\t\t\t<\/picture>\n\t\t<\/a>\n\t<\/p>\n\n\n","protected":false},"excerpt":{"rendered":"<p>O governo federal tem feito press\u00e3o sobre lideran\u00e7as do Senado e o presidente da Casa, Rodrigo Pacheco (PSD-MG), para que a indica\u00e7\u00e3o do procurador-federal Gustavo Freitas ao\u00a0Conselho Administrativo de Defesa Econ\u00f4mica (Cade) seja pautada para vota\u00e7\u00e3o em plen\u00e1rio o mais r\u00e1pido poss\u00edvel, informa o jornal O Estado de S.Paulo. O principal motivo para a pressa [&hellip;]<\/p>\n","protected":false},"author":145,"featured_media":223850,"comment_status":"closed","ping_status":"closed","sticky":false,"template":"","format":"standard","meta":[],"categories":[64],"tags":[584,3544,106168,663],"suno_strategy":[],"class_list":["post-223837","post","type-post","status-publish","format-standard","has-post-thumbnail","hentry","category-negocios","tag-oi-oibr3-oibr4","tag-oi-movel","tag-telefonia","tag-tim-tims3"],"yoast_head":"<!-- This site is optimized with the Yoast SEO plugin v24.4 - https:\/\/yoast.com\/wordpress\/plugins\/seo\/ -->\n<title>Venda da Oi M\u00f3vel (OIBR3): Governo pressiona por novo conselheiro do Cade<\/title>\n<meta name=\"description\" content=\"Veja os fatores da venda da Oi (OIBR3) que levaram o governo a pressionar o Senado por um novo conselheiro do Cade. Clique aqui e leia mais.\" \/>\n<meta name=\"robots\" content=\"index, follow, max-snippet:-1, max-image-preview:large, max-video-preview:-1\" \/>\n<link rel=\"canonical\" href=\"https:\/\/www.suno.com.br\/noticias\/venda-oi-oibr3-governo-pressiona-senado-conselheiro-cade\/\" \/>\n<meta property=\"og:locale\" content=\"pt_BR\" \/>\n<meta property=\"og:type\" content=\"article\" \/>\n<meta property=\"og:title\" content=\"Venda da Oi M\u00f3vel (OIBR3): Governo pressiona por novo conselheiro do Cade\" \/>\n<meta property=\"og:description\" content=\"Veja os fatores da venda da Oi (OIBR3) que levaram o governo a pressionar o Senado por um novo conselheiro do Cade. Clique aqui e leia mais.\" \/>\n<meta property=\"og:url\" content=\"https:\/\/www.suno.com.br\/noticias\/venda-oi-oibr3-governo-pressiona-senado-conselheiro-cade\/\" \/>\n<meta property=\"og:site_name\" content=\"Suno Not\u00edcias\" \/>\n<meta property=\"article:publisher\" content=\"https:\/\/facebook.com\/sunoresearch\" \/>\n<meta property=\"og:image\" content=\"https:\/\/files.sunoresearch.com.br\/n\/uploads\/2022\/01\/GustavoFreitas.jpg\" \/>\n\t<meta property=\"og:image:width\" content=\"2047\" \/>\n\t<meta property=\"og:image:height\" content=\"1365\" \/>\n\t<meta property=\"og:image:type\" content=\"image\/jpeg\" \/>\n<meta name=\"author\" content=\"Pedro Caramuru\" \/>\n<meta name=\"twitter:card\" content=\"summary_large_image\" \/>\n<meta name=\"twitter:creator\" content=\"@sunoresearch\" \/>\n<meta name=\"twitter:site\" content=\"@sunoresearch\" \/>\n<meta name=\"twitter:label1\" content=\"Escrito por\" \/>\n\t<meta name=\"twitter:data1\" content=\"Pedro Caramuru\" \/>\n\t<meta name=\"twitter:label2\" content=\"Est. tempo de leitura\" \/>\n\t<meta name=\"twitter:data2\" content=\"2 minutos\" \/>\n<script type=\"application\/ld+json\" class=\"yoast-schema-graph\">{\"@context\":\"https:\/\/schema.org\",\"@graph\":[{\"@type\":\"NewsArticle\",\"@id\":\"https:\/\/www.suno.com.br\/noticias\/venda-oi-oibr3-governo-pressiona-senado-conselheiro-cade\/#article\",\"isPartOf\":{\"@id\":\"https:\/\/www.suno.com.br\/noticias\/venda-oi-oibr3-governo-pressiona-senado-conselheiro-cade\/\"},\"author\":{\"name\":\"Pedro Caramuru\",\"@id\":\"https:\/\/www.suno.com.br\/noticias\/#\/schema\/person\/8d020643938f12a823508eb0e5fda407\"},\"headline\":\"Venda da Oi M\u00f3vel (OIBR3): Governo pressiona Senado por novo conselheiro do Cade, diz jornal\",\"datePublished\":\"2022-01-20T13:23:16+00:00\",\"dateModified\":\"2022-01-20T19:34:35+00:00\",\"mainEntityOfPage\":{\"@id\":\"https:\/\/www.suno.com.br\/noticias\/venda-oi-oibr3-governo-pressiona-senado-conselheiro-cade\/\"},\"wordCount\":498,\"publisher\":{\"@id\":\"https:\/\/www.suno.com.br\/noticias\/#organization\"},\"image\":{\"@id\":\"https:\/\/www.suno.com.br\/noticias\/venda-oi-oibr3-governo-pressiona-senado-conselheiro-cade\/#primaryimage\"},\"thumbnailUrl\":\"https:\/\/files.sunoresearch.com.br\/n\/uploads\/2022\/01\/GustavoFreitas.jpg\",\"keywords\":[\"Oi (OIBR3\/OIBR4)\",\"Oi M\u00f3vel\",\"telefonia\",\"TIM (TIMS3)\"],\"articleSection\":[\"Neg\u00f3cios\"],\"inLanguage\":\"pt-BR\"},{\"@type\":\"WebPage\",\"@id\":\"https:\/\/www.suno.com.br\/noticias\/venda-oi-oibr3-governo-pressiona-senado-conselheiro-cade\/\",\"url\":\"https:\/\/www.suno.com.br\/noticias\/venda-oi-oibr3-governo-pressiona-senado-conselheiro-cade\/\",\"name\":\"Venda da Oi M\u00f3vel (OIBR3): Governo pressiona por novo conselheiro do Cade\",\"isPartOf\":{\"@id\":\"https:\/\/www.suno.com.br\/noticias\/#website\"},\"primaryImageOfPage\":{\"@id\":\"https:\/\/www.suno.com.br\/noticias\/venda-oi-oibr3-governo-pressiona-senado-conselheiro-cade\/#primaryimage\"},\"image\":{\"@id\":\"https:\/\/www.suno.com.br\/noticias\/venda-oi-oibr3-governo-pressiona-senado-conselheiro-cade\/#primaryimage\"},\"thumbnailUrl\":\"https:\/\/files.sunoresearch.com.br\/n\/uploads\/2022\/01\/GustavoFreitas.jpg\",\"datePublished\":\"2022-01-20T13:23:16+00:00\",\"dateModified\":\"2022-01-20T19:34:35+00:00\",\"description\":\"Veja os fatores da venda da Oi (OIBR3) que levaram o governo a pressionar o Senado por um novo conselheiro do Cade. Clique aqui e leia mais.\",\"breadcrumb\":{\"@id\":\"https:\/\/www.suno.com.br\/noticias\/venda-oi-oibr3-governo-pressiona-senado-conselheiro-cade\/#breadcrumb\"},\"inLanguage\":\"pt-BR\",\"potentialAction\":[{\"@type\":\"ReadAction\",\"target\":[\"https:\/\/www.suno.com.br\/noticias\/venda-oi-oibr3-governo-pressiona-senado-conselheiro-cade\/\"]}]},{\"@type\":\"ImageObject\",\"inLanguage\":\"pt-BR\",\"@id\":\"https:\/\/www.suno.com.br\/noticias\/venda-oi-oibr3-governo-pressiona-senado-conselheiro-cade\/#primaryimage\",\"url\":\"https:\/\/files.sunoresearch.com.br\/n\/uploads\/2022\/01\/GustavoFreitas.jpg\",\"contentUrl\":\"https:\/\/files.sunoresearch.com.br\/n\/uploads\/2022\/01\/GustavoFreitas.jpg\",\"width\":2047,\"height\":1365,\"caption\":\"Gustavo Freitas pode desempatar venda da Oi (OIBR3) no Cade. Foto: Marcos Oliveira\/Ag\u00eancia Senado\"},{\"@type\":\"BreadcrumbList\",\"@id\":\"https:\/\/www.suno.com.br\/noticias\/venda-oi-oibr3-governo-pressiona-senado-conselheiro-cade\/#breadcrumb\",\"itemListElement\":[{\"@type\":\"ListItem\",\"position\":1,\"name\":\"Not\u00edcias\",\"item\":\"https:\/\/www.suno.com.br\/noticias\/\"},{\"@type\":\"ListItem\",\"position\":2,\"name\":\"Neg\u00f3cios\",\"item\":\"https:\/\/www.suno.com.br\/noticias\/negocios\/\"},{\"@type\":\"ListItem\",\"position\":3,\"name\":\"Venda da Oi M\u00f3vel (OIBR3): Governo pressiona Senado por novo conselheiro do Cade, diz jornal\"}]},{\"@type\":\"WebSite\",\"@id\":\"https:\/\/www.suno.com.br\/noticias\/#website\",\"url\":\"https:\/\/www.suno.com.br\/noticias\/\",\"name\":\"Suno Not\u00edcias\",\"description\":\"Seu portal de informa\u00e7\u00e3o sobre o mundo dos investimentos\",\"publisher\":{\"@id\":\"https:\/\/www.suno.com.br\/noticias\/#organization\"},\"potentialAction\":[{\"@type\":\"SearchAction\",\"target\":{\"@type\":\"EntryPoint\",\"urlTemplate\":\"https:\/\/www.suno.com.br\/noticias\/?s={search_term_string}\"},\"query-input\":{\"@type\":\"PropertyValueSpecification\",\"valueRequired\":true,\"valueName\":\"search_term_string\"}}],\"inLanguage\":\"pt-BR\"},{\"@type\":\"Organization\",\"@id\":\"https:\/\/www.suno.com.br\/noticias\/#organization\",\"name\":\"Suno Not\u00edcias\",\"url\":\"https:\/\/www.suno.com.br\/noticias\/\",\"logo\":{\"@type\":\"ImageObject\",\"inLanguage\":\"pt-BR\",\"@id\":\"https:\/\/www.suno.com.br\/noticias\/#\/schema\/logo\/image\/\",\"url\":\"https:\/\/files.sunoresearch.com.br\/n\/uploads\/2021\/09\/suno-logo.png\",\"contentUrl\":\"https:\/\/files.sunoresearch.com.br\/n\/uploads\/2021\/09\/suno-logo.png\",\"width\":180,\"height\":180,\"caption\":\"Suno Not\u00edcias\"},\"image\":{\"@id\":\"https:\/\/www.suno.com.br\/noticias\/#\/schema\/logo\/image\/\"},\"sameAs\":[\"https:\/\/facebook.com\/sunoresearch\",\"https:\/\/x.com\/sunoresearch\",\"https:\/\/www.instagram.com\/suno\",\"https:\/\/www.linkedin.com\/company\/suno-research\/\",\"https:\/\/www.youtube.com\/c\/sunoresearch\"]},{\"@type\":\"Person\",\"@id\":\"https:\/\/www.suno.com.br\/noticias\/#\/schema\/person\/8d020643938f12a823508eb0e5fda407\",\"name\":\"Pedro Caramuru\",\"image\":{\"@type\":\"ImageObject\",\"inLanguage\":\"pt-BR\",\"@id\":\"https:\/\/www.suno.com.br\/noticias\/#\/schema\/person\/image\/\",\"url\":\"https:\/\/secure.gravatar.com\/avatar\/1a3f15d3553507ae7a2debc6ea0ad87b?s=96&r=g\",\"contentUrl\":\"https:\/\/secure.gravatar.com\/avatar\/1a3f15d3553507ae7a2debc6ea0ad87b?s=96&r=g\",\"caption\":\"Pedro Caramuru\"},\"description\":\"Rep\u00f3rter de economia, mercado e pol\u00edtica brasileira para o Suno Not\u00edcias. Formado em jornalismo. J\u00e1 escreveu sobre pol\u00edtica e mercados internacionais para o Broadcast e Estad\u00e3o.\",\"url\":\"https:\/\/www.suno.com.br\/noticias\/author\/pedro-caramurusuno-com-br\/\"}]}<\/script>\n<!-- \/ Yoast SEO plugin. -->","yoast_head_json":{"title":"Venda da Oi M\u00f3vel (OIBR3): Governo pressiona por novo conselheiro do Cade","description":"Veja os fatores da venda da Oi (OIBR3) que levaram o governo a pressionar o Senado por um novo conselheiro do Cade. Clique aqui e leia mais.","robots":{"index":"index","follow":"follow","max-snippet":"max-snippet:-1","max-image-preview":"max-image-preview:large","max-video-preview":"max-video-preview:-1"},"canonical":"https:\/\/www.suno.com.br\/noticias\/venda-oi-oibr3-governo-pressiona-senado-conselheiro-cade\/","og_locale":"pt_BR","og_type":"article","og_title":"Venda da Oi M\u00f3vel (OIBR3): Governo pressiona por novo conselheiro do Cade","og_description":"Veja os fatores da venda da Oi (OIBR3) que levaram o governo a pressionar o Senado por um novo conselheiro do Cade. Clique aqui e leia mais.","og_url":"https:\/\/www.suno.com.br\/noticias\/venda-oi-oibr3-governo-pressiona-senado-conselheiro-cade\/","og_site_name":"Suno Not\u00edcias","article_publisher":"https:\/\/facebook.com\/sunoresearch","og_image":[{"width":2047,"height":1365,"url":"https:\/\/files.sunoresearch.com.br\/n\/uploads\/2022\/01\/GustavoFreitas.jpg","type":"image\/jpeg"}],"author":"Pedro Caramuru","twitter_card":"summary_large_image","twitter_creator":"@sunoresearch","twitter_site":"@sunoresearch","twitter_misc":{"Escrito por":"Pedro Caramuru","Est. tempo de leitura":"2 minutos"},"schema":{"@context":"https:\/\/schema.org","@graph":[{"@type":"NewsArticle","@id":"https:\/\/www.suno.com.br\/noticias\/venda-oi-oibr3-governo-pressiona-senado-conselheiro-cade\/#article","isPartOf":{"@id":"https:\/\/www.suno.com.br\/noticias\/venda-oi-oibr3-governo-pressiona-senado-conselheiro-cade\/"},"author":{"name":"Pedro Caramuru","@id":"https:\/\/www.suno.com.br\/noticias\/#\/schema\/person\/8d020643938f12a823508eb0e5fda407"},"headline":"Venda da Oi M\u00f3vel (OIBR3): Governo pressiona Senado por novo conselheiro do Cade, diz jornal","datePublished":"2022-01-20T13:23:16+00:00","dateModified":"2022-01-20T19:34:35+00:00","mainEntityOfPage":{"@id":"https:\/\/www.suno.com.br\/noticias\/venda-oi-oibr3-governo-pressiona-senado-conselheiro-cade\/"},"wordCount":498,"publisher":{"@id":"https:\/\/www.suno.com.br\/noticias\/#organization"},"image":{"@id":"https:\/\/www.suno.com.br\/noticias\/venda-oi-oibr3-governo-pressiona-senado-conselheiro-cade\/#primaryimage"},"thumbnailUrl":"https:\/\/files.sunoresearch.com.br\/n\/uploads\/2022\/01\/GustavoFreitas.jpg","keywords":["Oi (OIBR3\/OIBR4)","Oi M\u00f3vel","telefonia","TIM (TIMS3)"],"articleSection":["Neg\u00f3cios"],"inLanguage":"pt-BR"},{"@type":"WebPage","@id":"https:\/\/www.suno.com.br\/noticias\/venda-oi-oibr3-governo-pressiona-senado-conselheiro-cade\/","url":"https:\/\/www.suno.com.br\/noticias\/venda-oi-oibr3-governo-pressiona-senado-conselheiro-cade\/","name":"Venda da Oi M\u00f3vel (OIBR3): Governo pressiona por novo conselheiro do Cade","isPartOf":{"@id":"https:\/\/www.suno.com.br\/noticias\/#website"},"primaryImageOfPage":{"@id":"https:\/\/www.suno.com.br\/noticias\/venda-oi-oibr3-governo-pressiona-senado-conselheiro-cade\/#primaryimage"},"image":{"@id":"https:\/\/www.suno.com.br\/noticias\/venda-oi-oibr3-governo-pressiona-senado-conselheiro-cade\/#primaryimage"},"thumbnailUrl":"https:\/\/files.sunoresearch.com.br\/n\/uploads\/2022\/01\/GustavoFreitas.jpg","datePublished":"2022-01-20T13:23:16+00:00","dateModified":"2022-01-20T19:34:35+00:00","description":"Veja os fatores da venda da Oi (OIBR3) que levaram o governo a pressionar o Senado por um novo conselheiro do Cade. Clique aqui e leia mais.","breadcrumb":{"@id":"https:\/\/www.suno.com.br\/noticias\/venda-oi-oibr3-governo-pressiona-senado-conselheiro-cade\/#breadcrumb"},"inLanguage":"pt-BR","potentialAction":[{"@type":"ReadAction","target":["https:\/\/www.suno.com.br\/noticias\/venda-oi-oibr3-governo-pressiona-senado-conselheiro-cade\/"]}]},{"@type":"ImageObject","inLanguage":"pt-BR","@id":"https:\/\/www.suno.com.br\/noticias\/venda-oi-oibr3-governo-pressiona-senado-conselheiro-cade\/#primaryimage","url":"https:\/\/files.sunoresearch.com.br\/n\/uploads\/2022\/01\/GustavoFreitas.jpg","contentUrl":"https:\/\/files.sunoresearch.com.br\/n\/uploads\/2022\/01\/GustavoFreitas.jpg","width":2047,"height":1365,"caption":"Gustavo Freitas pode desempatar venda da Oi (OIBR3) no Cade. Foto: Marcos Oliveira\/Ag\u00eancia Senado"},{"@type":"BreadcrumbList","@id":"https:\/\/www.suno.com.br\/noticias\/venda-oi-oibr3-governo-pressiona-senado-conselheiro-cade\/#breadcrumb","itemListElement":[{"@type":"ListItem","position":1,"name":"Not\u00edcias","item":"https:\/\/www.suno.com.br\/noticias\/"},{"@type":"ListItem","position":2,"name":"Neg\u00f3cios","item":"https:\/\/www.suno.com.br\/noticias\/negocios\/"},{"@type":"ListItem","position":3,"name":"Venda da Oi M\u00f3vel (OIBR3): Governo pressiona Senado por novo conselheiro do Cade, diz jornal"}]},{"@type":"WebSite","@id":"https:\/\/www.suno.com.br\/noticias\/#website","url":"https:\/\/www.suno.com.br\/noticias\/","name":"Suno Not\u00edcias","description":"Seu portal de informa\u00e7\u00e3o sobre o mundo dos investimentos","publisher":{"@id":"https:\/\/www.suno.com.br\/noticias\/#organization"},"potentialAction":[{"@type":"SearchAction","target":{"@type":"EntryPoint","urlTemplate":"https:\/\/www.suno.com.br\/noticias\/?s={search_term_string}"},"query-input":{"@type":"PropertyValueSpecification","valueRequired":true,"valueName":"search_term_string"}}],"inLanguage":"pt-BR"},{"@type":"Organization","@id":"https:\/\/www.suno.com.br\/noticias\/#organization","name":"Suno Not\u00edcias","url":"https:\/\/www.suno.com.br\/noticias\/","logo":{"@type":"ImageObject","inLanguage":"pt-BR","@id":"https:\/\/www.suno.com.br\/noticias\/#\/schema\/logo\/image\/","url":"https:\/\/files.sunoresearch.com.br\/n\/uploads\/2021\/09\/suno-logo.png","contentUrl":"https:\/\/files.sunoresearch.com.br\/n\/uploads\/2021\/09\/suno-logo.png","width":180,"height":180,"caption":"Suno Not\u00edcias"},"image":{"@id":"https:\/\/www.suno.com.br\/noticias\/#\/schema\/logo\/image\/"},"sameAs":["https:\/\/facebook.com\/sunoresearch","https:\/\/x.com\/sunoresearch","https:\/\/www.instagram.com\/suno","https:\/\/www.linkedin.com\/company\/suno-research\/","https:\/\/www.youtube.com\/c\/sunoresearch"]},{"@type":"Person","@id":"https:\/\/www.suno.com.br\/noticias\/#\/schema\/person\/8d020643938f12a823508eb0e5fda407","name":"Pedro Caramuru","image":{"@type":"ImageObject","inLanguage":"pt-BR","@id":"https:\/\/www.suno.com.br\/noticias\/#\/schema\/person\/image\/","url":"https:\/\/secure.gravatar.com\/avatar\/1a3f15d3553507ae7a2debc6ea0ad87b?s=96&r=g","contentUrl":"https:\/\/secure.gravatar.com\/avatar\/1a3f15d3553507ae7a2debc6ea0ad87b?s=96&r=g","caption":"Pedro Caramuru"},"description":"Rep\u00f3rter de economia, mercado e pol\u00edtica brasileira para o Suno Not\u00edcias. Formado em jornalismo. J\u00e1 escreveu sobre pol\u00edtica e mercados internacionais para o Broadcast e Estad\u00e3o.","url":"https:\/\/www.suno.com.br\/noticias\/author\/pedro-caramurusuno-com-br\/"}]}},"default_loop_html":"<div class=\"cardsPage__listCard__boxs\"><div class=\"cardsPage__listCard__boxs__img\"><a href=\"https:\/\/www.suno.com.br\/noticias\/provedores-cade-venda-oi-oibr3\/\"><img class=\"mask\" src=\"https:\/\/www.suno.com.br\/noticias\/wp-content\/themes\/suno\/resources\/images\/spotlight\/spotlight1img\/bg-mask.png\" alt=\"Image Mask\"\/><img src=\"https:\/\/files.sunoresearch.com.br\/n\/uploads\/2021\/09\/3c4b703c-oi-oibr3-divulgacao-800x450-1-400x200.jpg\" alt=\"Provedores cobram do Cade acesso a acordo de Tim (TIMS3), Claro e Vivo (VIVT3) para venda da Oi (OIBR3) m\u00f3vel\"\/><\/a><span class=\"spotlightCategory\"><a href=\"https:\/\/www.suno.com.br\/noticias\/negocios\/\">Neg\u00f3cios<\/a><\/span><\/div><div class=\"cardsPage__listCard__boxs__content\"><a href=\"https:\/\/www.suno.com.br\/noticias\/provedores-cade-venda-oi-oibr3\/\"><h2 class=\"content__title\">Provedores cobram do Cade acesso a acordo de Tim (TIMS3), Claro e Vivo (VIVT3) para venda da Oi (OIBR3) m\u00f3vel<\/h2><\/a><div class=\"newsContent__article__meta\"><div class=\"newsContent__article__meta__authorBox\"><a href=\"https:\/\/www.suno.com.br\/noticias\/author\/redacao-suno\/\" class=\"authorBox__avatar noMobi\"><img src=\"https:\/\/files.sunoresearch.com.br\/n\/uploads\/2020\/08\/0ace682d-redacao-1-150x150.webp\" alt=\"Reda\u00e7\u00e3o Suno Not\u00edcias\"><\/a><div class=\"authorBox__name\"><span>por\n\t\t\t<a href=\"https:\/\/www.suno.com.br\/noticias\/author\/redacao-suno\/\"><span itemprop=\"author\">Reda\u00e7\u00e3o Suno Not\u00edcias<\/span><\/a><\/span><time datetime=\"2021-11-15T11:09:15-03:00\" itemprop=\"datePublished\">15\/11\/2021 11:09<\/time><\/div><\/div><\/div><\/div><\/div>","single_layout":"posts","amp_enabled":true,"_links":{"self":[{"href":"https:\/\/www.suno.com.br\/noticias\/wp-json\/wp\/v2\/posts\/223837"}],"collection":[{"href":"https:\/\/www.suno.com.br\/noticias\/wp-json\/wp\/v2\/posts"}],"about":[{"href":"https:\/\/www.suno.com.br\/noticias\/wp-json\/wp\/v2\/types\/post"}],"author":[{"embeddable":true,"href":"https:\/\/www.suno.com.br\/noticias\/wp-json\/wp\/v2\/users\/145"}],"replies":[{"embeddable":true,"href":"https:\/\/www.suno.com.br\/noticias\/wp-json\/wp\/v2\/comments?post=223837"}],"version-history":[{"count":3,"href":"https:\/\/www.suno.com.br\/noticias\/wp-json\/wp\/v2\/posts\/223837\/revisions"}],"predecessor-version":[{"id":223971,"href":"https:\/\/www.suno.com.br\/noticias\/wp-json\/wp\/v2\/posts\/223837\/revisions\/223971"}],"wp:featuredmedia":[{"embeddable":true,"href":"https:\/\/www.suno.com.br\/noticias\/wp-json\/wp\/v2\/media\/223850"}],"wp:attachment":[{"href":"https:\/\/www.suno.com.br\/noticias\/wp-json\/wp\/v2\/media?parent=223837"}],"wp:term":[{"taxonomy":"category","embeddable":true,"href":"https:\/\/www.suno.com.br\/noticias\/wp-json\/wp\/v2\/categories?post=223837"},{"taxonomy":"post_tag","embeddable":true,"href":"https:\/\/www.suno.com.br\/noticias\/wp-json\/wp\/v2\/tags?post=223837"},{"taxonomy":"suno_strategy","embeddable":true,"href":"https:\/\/www.suno.com.br\/noticias\/wp-json\/wp\/v2\/suno_strategy?post=223837"}],"curies":[{"name":"wp","href":"https:\/\/api.w.org\/{rel}","templated":true}]}}