{"id":223463,"date":"2022-01-19T15:53:09","date_gmt":"2022-01-19T18:53:09","guid":{"rendered":"https:\/\/www.suno.com.br\/noticias\/?p=223463"},"modified":"2022-01-19T15:53:09","modified_gmt":"2022-01-19T18:53:09","slug":"banco-pan-bpan4-safra-diminui-preco-alvo","status":"publish","type":"post","link":"https:\/\/www.suno.com.br\/noticias\/banco-pan-bpan4-safra-diminui-preco-alvo\/","title":{"rendered":"Safra corta pre\u00e7o do Banco Pan (BPAN4), mas ainda projeta valoriza\u00e7\u00e3o"},"content":{"rendered":"<p>O Banco Safra atualizou o <a class=\"suno-keyword\" href=\"https:\/\/www.suno.com.br\/artigos\/preco-alvo\/\" target=\"_blank\" rel=\"noopener\" data-force=\"no\" data-priority=\"1\">pre\u00e7o alvo<\/a> do <strong><a href=\"https:\/\/www.suno.com.br\/acoes\/bpan4\/\">Banco Pan (BPAN4)<\/a>\u00a0<\/strong>para R$ 16,50, ante R$ 28 da \u00faltima avalia\u00e7\u00e3o. De acordo com o relat\u00f3rio divulgado na \u00faltima ter\u00e7a-feira (18), apesar do fraco desempenho recente, existe um potencial de forte alta para as a\u00e7\u00f5es; Por isso Safra mant\u00e9m a recomenda\u00e7\u00e3o de compra.<\/p>\t<div class=\"wrapper-featured-image\">\n\t\t<figure class=\"spotlightImg\">\n\n\t\t\t<picture>\n\t\t\t\t<source media=\"(max-width: 768px)\" srcset=\"https:\/\/files.sunoresearch.com.br\/n\/uploads\/2021\/05\/c7d19b9e-bpan4-2-400x200.webp\">\n\t\t\t\t<img loading=\"lazy\" decoding=\"async\" class=\"newsContent__article__imgCapa lazyloadDisabled \" src=\"https:\/\/files.sunoresearch.com.br\/n\/uploads\/2021\/05\/c7d19b9e-bpan4-2-800x450.webp\" width=\"800\" height=\"450\" alt=\"Safra corta pre\u00e7o do Banco Pan (BPAN4), mas ainda projeta valoriza\u00e7\u00e3o\" fetchpriority=high \/>\n\t\t\t<\/picture>\n\n\t\t\t<figcaption class=\"wp-caption-text wp-caption-text--show\">Banco Pan (BPAN4). Foto: Divulga\u00e7\u00e3o<\/figcaption>\n\t\t<\/figure>\n\t<\/div>\n\n\n\t<p>\n\t\t<a href=\"https:\/\/lp.suno.com.br\/planilha-controle-gastos\/\" target=\"_blank\" data-element=\"shortcode-suno-banner\" title=\"Banner SUNO, clique e saiba mais\">\n\t\t\t<picture>\n\t\t\t\t<source media=\"(max-width: 500px)\" srcset=\"https:\/\/files.sunoresearch.com.br\/n\/uploads\/2023\/03\/400x300-Planilha-controle-de-gastos.png\">\n\t\t\t\t<img class=\"newsContent__article__imgCapa newsContent__article__imgCapa--banner\"\n\t\t\t\t\tsrc=\"https:\/\/files.sunoresearch.com.br\/n\/uploads\/2023\/03\/1420x240-Planilha-controle-de-gastos.png\"\n\t\t\t\t\tdata-promo-id=\"101751\"\t\t\t\t\t\t\t\t\t\twidth='1420' height='240'\t\t\t\t\talt=\"https:\/\/files.sunoresearch.com.br\/n\/uploads\/2023\/03\/1420x240-Planilha-controle-de-gastos.png\"\n\t\t\t\t>\n\t\t\t<\/picture>\n\t\t<\/a>\n\t<\/p>\n\n\n<p>De acordo com relat\u00f3rio do Safra, o Banco Pan deve continuar registrando forte crescimento, especialmente no volume de cr\u00e9dito. Este deve ser impulsionado por uma conjun\u00e7\u00e3o de alguns fatores, como aumento de empr\u00e9stimos com garantia do FGTS, cr\u00e9dito consignado, ve\u00edculos e cart\u00f5es de cr\u00e9dito.<\/p>\n<p>Al\u00e9m disso, deve-se considerar a incorpora\u00e7\u00e3o da <a href=\"https:\/\/www.suno.com.br\/acoes\/mosi3\/\"><strong>Mosaico (MOSI3)<\/strong><\/a>, que deve trazer uma plataforma para continuar ajudando o Banco Pan a atrair novos clientes &#8212; embora possa diluir o <a class=\"suno-keyword\" href=\"https:\/\/www.suno.com.br\/artigos\/lpa-lucro-por-acao\/\" target=\"_blank\" rel=\"noopener\" data-force=\"no\" data-priority=\"1\">lucro por a\u00e7\u00e3o<\/a> do banco no <a class=\"suno-keyword\" href=\"https:\/\/www.suno.com.br\/artigos\/curto-prazo\/\" target=\"_blank\" rel=\"noopener\" data-force=\"no\" data-priority=\"1\">curto prazo<\/a>.<\/p>\n\t<p>\n\t\t<a href=\"https:\/\/lp.suno.com.br\/planilha-da-vida-financeira\/\" target=\"_blank\" data-element=\"shortcode-suno-banner\" title=\"Banner SUNO, clique e saiba mais\">\n\t\t\t<picture>\n\t\t\t\t<source media=\"(max-width: 500px)\" srcset=\"https:\/\/files.sunoresearch.com.br\/n\/uploads\/2023\/04\/400x300-Planilha-vida-financeira-true.png\">\n\t\t\t\t<img class=\"newsContent__article__imgCapa newsContent__article__imgCapa--banner\"\n\t\t\t\t\tsrc=\"https:\/\/files.sunoresearch.com.br\/n\/uploads\/2023\/04\/1420x240-Planilha-vida-financeira-true.png\"\n\t\t\t\t\tdata-promo-id=\"106682\"\t\t\t\t\t\t\t\t\t\twidth='1420' height='240'\t\t\t\t\talt=\"https:\/\/files.sunoresearch.com.br\/n\/uploads\/2023\/04\/1420x240-Planilha-vida-financeira-true.png\"\n\t\t\t\t>\n\t\t\t<\/picture>\n\t\t<\/a>\n\t<\/p>\n\n\n<p>\u201cAinda vemos o Banco Pan bem posicionado para acelerar sua base de clientes e monetizar sua base no m\u00e9dio prazo em uma combina\u00e7\u00e3o de produtos de cr\u00e9dito e alguns servi\u00e7os (como seguros, cart\u00e3o de cr\u00e9dito e adquir\u00eancia)\u201d, afirma o relat\u00f3rio.<\/p>\n\t<p>\n\t\t<a href=\"https:\/\/lp.suno.com.br\/ebook-como-analisar-uma-acao\/\" target=\"_blank\" data-element=\"shortcode-suno-banner\" title=\"Banner SUNO, clique e saiba mais\">\n\t\t\t<picture>\n\t\t\t\t<source media=\"(max-width: 500px)\" srcset=\"https:\/\/files.sunoresearch.com.br\/n\/uploads\/2023\/03\/Ebook-Acoes-Mobile-1.jpg\">\n\t\t\t\t<img class=\"newsContent__article__imgCapa newsContent__article__imgCapa--banner\"\n\t\t\t\t\tsrc=\"https:\/\/files.sunoresearch.com.br\/n\/uploads\/2023\/03\/Ebook-Acoes-Desktop-1.jpg\"\n\t\t\t\t\tdata-promo-id=\"171998\"\t\t\t\t\t\t\t\t\t\twidth='1420' height='286'\t\t\t\t\talt=\"https:\/\/files.sunoresearch.com.br\/n\/uploads\/2023\/03\/Ebook-Acoes-Desktop-1.jpg\"\n\t\t\t\t>\n\t\t\t<\/picture>\n\t\t<\/a>\n\t<\/p>\n\n\n<p>Outro destaque \u00e9 a <strong>alta de juros no Brasil e nos Estados Unidos<\/strong>. O Safra acredita que os investidores podem n\u00e3o pagar as hist\u00f3rias dos bancos digitais de forma t\u00e3o agressiva quanto antes. Essa \u00e9 a justificativa para haver mais m\u00faltiplos componentes na avalia\u00e7\u00e3o do Banco Pan pelo Safra. Anteriormente, um ter\u00e7o da avalia\u00e7\u00e3o era com m\u00faltiplos por cliente. &#8220;Al\u00e9m de assumir taxas de desconto mais altas em nossos modelos (aumentamos o <a class=\"suno-keyword\" href=\"https:\/\/www.suno.com.br\/artigos\/custo-de-capital\/\" target=\"_blank\" rel=\"noopener\" data-force=\"no\" data-priority=\"1\">custo de capital<\/a> em 1 ponto porcentual), estamos abandonando a an\u00e1lise de m\u00faltiplos por cliente para o Banco Pan e assumindo apenas a metodologia DDM&#8221;, aponta o texto.<\/p>\n<p>Por fim, o banco estima que o Banco Pan tenha um <a class=\"suno-keyword\" href=\"https:\/\/www.suno.com.br\/artigos\/lucro-liquido\/\" target=\"_blank\" rel=\"noopener\" data-force=\"no\" data-priority=\"1\">lucro l\u00edquido<\/a> de R$ 898 milh\u00f5es em 2022, um aumento de 16,8% a\/a, representando um <a href=\"https:\/\/www.suno.com.br\/artigos\/roae\/\">ROAE<\/a> de 13,0%.<\/p>\n\t<p>\n\t\t<a href=\"https:\/\/lp.suno.com.br\/planilha-de-controle-de-investimentos\/\" target=\"_blank\" data-element=\"shortcode-suno-banner\" title=\"Banner SUNO, clique e saiba mais\">\n\t\t\t<picture>\n\t\t\t\t<source media=\"(max-width: 500px)\" srcset=\"https:\/\/files.sunoresearch.com.br\/n\/uploads\/2023\/03\/400x300-Controle-de-Investimentos.png\">\n\t\t\t\t<img class=\"newsContent__article__imgCapa newsContent__article__imgCapa--banner\"\n\t\t\t\t\tsrc=\"https:\/\/files.sunoresearch.com.br\/n\/uploads\/2023\/03\/1420x240-Controle-de-Investimentos.png\"\n\t\t\t\t\tdata-promo-id=\"75934\"\t\t\t\t\t\t\t\t\t\twidth='1420' height='240'\t\t\t\t\talt=\"https:\/\/files.sunoresearch.com.br\/n\/uploads\/2023\/03\/1420x240-Controle-de-Investimentos.png\"\n\t\t\t\t>\n\t\t\t<\/picture>\n\t\t<\/a>\n\t<\/p>\n\n\n<h2>Safra: Vale a pena investir nas a\u00e7\u00f5es do Banco Pan?<\/h2>\n<p>Confira a an\u00e1lise do Safra sobre os pontos positivos a serem considerados para investir nas a\u00e7\u00f5es do banco:<\/p>\n<ul>\n<li>Carteira de empr\u00e9stimos de r\u00e1pido crescimento, com foco em ve\u00edculos e empr\u00e9stimos consignados;<\/li>\n<li>Oportunidade de crescimento em seu p\u00fablico-alvo de clientes de m\u00e9dia e baixa renda;<\/li>\n<li>A plataforma digital deve trazer mais produtividade e escala;<\/li>\n<li>Uma posi\u00e7\u00e3o de capital mais forte deve melhorar a lucratividade, reduzindo o n\u00edvel de cess\u00e3o de cr\u00e9dito;<\/li>\n<li>Redu\u00e7\u00e3o do alto custo de capta\u00e7\u00e3o para dep\u00f3sitos a prazo;<\/li>\n<li>Canal de distribui\u00e7\u00e3o asset light, alavancado por correspondentes banc\u00e1rios e parceria com revendedores de ve\u00edculos.<\/li>\n<\/ul>\n<p>O Safra apontou tamb\u00e9m os riscos envolvidos no neg\u00f3cio:<\/p>\n<ul>\n<li>Interrup\u00e7\u00e3o no relacionamento com correspondentes banc\u00e1rios;<\/li>\n<li>Altera\u00e7\u00f5es regulat\u00f3rias;<\/li>\n<li>Concorr\u00eancia de bancos de m\u00e9dio porte no segmento de empr\u00e9stimos consignados<\/li>\n<\/ul>\n<p>As a\u00e7\u00f5es do <strong>Banco Pan (BPAN4) <\/strong>sobem 2,32%, a R$ 9,72, pr\u00f3ximo das 15h50.<\/p>\n\t<p>\n\t\t<a href=\"\" target=\"_blank\" data-element=\"shortcode-suno-banner\" title=\"Banner SUNO, clique e saiba mais\">\n\t\t\t<picture>\n\t\t\t\t<source media=\"(max-width: 500px)\" srcset=\"\">\n\t\t\t\t<img class=\"newsContent__article__imgCapa newsContent__article__imgCapa--banner\"\n\t\t\t\t\tsrc=\"\"\n\t\t\t\t\tdata-promo-id=\"184190\"\t\t\t\t\t\t\t\t\t\t\t\t\t\t\talt=\"\"\n\t\t\t\t>\n\t\t\t<\/picture>\n\t\t<\/a>\n\t<\/p>\n\n\n","protected":false},"excerpt":{"rendered":"<p>O Banco Safra atualizou o pre\u00e7o alvo do Banco Pan (BPAN4)\u00a0para R$ 16,50, ante R$ 28 da \u00faltima avalia\u00e7\u00e3o. De acordo com o relat\u00f3rio divulgado na \u00faltima ter\u00e7a-feira (18), apesar do fraco desempenho recente, existe um potencial de forte alta para as a\u00e7\u00f5es; Por isso Safra mant\u00e9m a recomenda\u00e7\u00e3o de compra. Banco Pan (BPAN4). Foto: [&hellip;]<\/p>\n","protected":false},"author":146,"featured_media":146001,"comment_status":"closed","ping_status":"closed","sticky":false,"template":"","format":"standard","meta":[],"categories":[64],"tags":[370,1518,105816],"suno_strategy":[],"class_list":["post-223463","post","type-post","status-publish","format-standard","has-post-thumbnail","hentry","category-negocios","tag-banco-pan-bpan4","tag-banco-safra","tag-especialistas"],"yoast_head":"<!-- This site is optimized with the Yoast SEO plugin v24.4 - https:\/\/yoast.com\/wordpress\/plugins\/seo\/ -->\n<title>Safra diminui pre\u00e7o alvo do Banco Pan (BPAN4), mas v\u00ea potencial de alta<\/title>\n<meta name=\"description\" content=\"O Banco Safra atualizou o pre\u00e7o alvo do Banco Pan (BPAN4)\u00a0para R$ 16,50, de R$28 anteriormente. Confira mais detalhes da avalia\u00e7\u00e3o!\" \/>\n<meta name=\"robots\" content=\"index, follow, max-snippet:-1, max-image-preview:large, max-video-preview:-1\" \/>\n<link rel=\"canonical\" href=\"https:\/\/www.suno.com.br\/noticias\/banco-pan-bpan4-safra-diminui-preco-alvo\/\" \/>\n<meta property=\"og:locale\" content=\"pt_BR\" \/>\n<meta property=\"og:type\" content=\"article\" \/>\n<meta property=\"og:title\" content=\"Safra diminui pre\u00e7o alvo do Banco Pan (BPAN4), mas v\u00ea potencial de alta\" \/>\n<meta property=\"og:description\" content=\"O Banco Safra atualizou o pre\u00e7o alvo do Banco Pan (BPAN4)\u00a0para R$ 16,50, de R$28 anteriormente. Confira mais detalhes da avalia\u00e7\u00e3o!\" \/>\n<meta property=\"og:url\" content=\"https:\/\/www.suno.com.br\/noticias\/banco-pan-bpan4-safra-diminui-preco-alvo\/\" \/>\n<meta property=\"og:site_name\" content=\"Suno Not\u00edcias\" \/>\n<meta property=\"article:publisher\" content=\"https:\/\/facebook.com\/sunoresearch\" \/>\n<meta property=\"og:image\" content=\"https:\/\/files.sunoresearch.com.br\/n\/uploads\/2021\/05\/c7d19b9e-bpan4-2-1024x683.png\" \/>\n\t<meta property=\"og:image:width\" content=\"1024\" \/>\n\t<meta property=\"og:image:height\" content=\"683\" \/>\n\t<meta property=\"og:image:type\" content=\"image\/png\" \/>\n<meta name=\"author\" content=\"Vict\u00f3ria Anhesini\" \/>\n<meta name=\"twitter:card\" content=\"summary_large_image\" \/>\n<meta name=\"twitter:creator\" content=\"@sunoresearch\" \/>\n<meta name=\"twitter:site\" content=\"@sunoresearch\" \/>\n<meta name=\"twitter:label1\" content=\"Escrito por\" \/>\n\t<meta name=\"twitter:data1\" content=\"Vict\u00f3ria Anhesini\" \/>\n\t<meta name=\"twitter:label2\" content=\"Est. tempo de leitura\" \/>\n\t<meta name=\"twitter:data2\" content=\"3 minutos\" \/>\n<script type=\"application\/ld+json\" class=\"yoast-schema-graph\">{\"@context\":\"https:\/\/schema.org\",\"@graph\":[{\"@type\":\"NewsArticle\",\"@id\":\"https:\/\/www.suno.com.br\/noticias\/banco-pan-bpan4-safra-diminui-preco-alvo\/#article\",\"isPartOf\":{\"@id\":\"https:\/\/www.suno.com.br\/noticias\/banco-pan-bpan4-safra-diminui-preco-alvo\/\"},\"author\":{\"name\":\"Vict\u00f3ria Anhesini\",\"@id\":\"https:\/\/www.suno.com.br\/noticias\/#\/schema\/person\/46d847cb19ad53fde0857adca989c23f\"},\"headline\":\"Safra corta pre\u00e7o do Banco Pan (BPAN4), mas ainda projeta valoriza\u00e7\u00e3o\",\"datePublished\":\"2022-01-19T18:53:09+00:00\",\"mainEntityOfPage\":{\"@id\":\"https:\/\/www.suno.com.br\/noticias\/banco-pan-bpan4-safra-diminui-preco-alvo\/\"},\"wordCount\":535,\"publisher\":{\"@id\":\"https:\/\/www.suno.com.br\/noticias\/#organization\"},\"image\":{\"@id\":\"https:\/\/www.suno.com.br\/noticias\/banco-pan-bpan4-safra-diminui-preco-alvo\/#primaryimage\"},\"thumbnailUrl\":\"https:\/\/files.sunoresearch.com.br\/n\/uploads\/2021\/05\/c7d19b9e-bpan4-2-png.webp\",\"keywords\":[\"Banco Pan (BPAN4)\",\"Banco Safra\",\"Especialistas\"],\"articleSection\":[\"Neg\u00f3cios\"],\"inLanguage\":\"pt-BR\"},{\"@type\":\"WebPage\",\"@id\":\"https:\/\/www.suno.com.br\/noticias\/banco-pan-bpan4-safra-diminui-preco-alvo\/\",\"url\":\"https:\/\/www.suno.com.br\/noticias\/banco-pan-bpan4-safra-diminui-preco-alvo\/\",\"name\":\"Safra diminui pre\u00e7o alvo do Banco Pan (BPAN4), mas v\u00ea potencial de alta\",\"isPartOf\":{\"@id\":\"https:\/\/www.suno.com.br\/noticias\/#website\"},\"primaryImageOfPage\":{\"@id\":\"https:\/\/www.suno.com.br\/noticias\/banco-pan-bpan4-safra-diminui-preco-alvo\/#primaryimage\"},\"image\":{\"@id\":\"https:\/\/www.suno.com.br\/noticias\/banco-pan-bpan4-safra-diminui-preco-alvo\/#primaryimage\"},\"thumbnailUrl\":\"https:\/\/files.sunoresearch.com.br\/n\/uploads\/2021\/05\/c7d19b9e-bpan4-2-png.webp\",\"datePublished\":\"2022-01-19T18:53:09+00:00\",\"description\":\"O Banco Safra atualizou o pre\u00e7o alvo do Banco Pan (BPAN4)\u00a0para R$ 16,50, de R$28 anteriormente. Confira mais detalhes da avalia\u00e7\u00e3o!\",\"breadcrumb\":{\"@id\":\"https:\/\/www.suno.com.br\/noticias\/banco-pan-bpan4-safra-diminui-preco-alvo\/#breadcrumb\"},\"inLanguage\":\"pt-BR\",\"potentialAction\":[{\"@type\":\"ReadAction\",\"target\":[\"https:\/\/www.suno.com.br\/noticias\/banco-pan-bpan4-safra-diminui-preco-alvo\/\"]}]},{\"@type\":\"ImageObject\",\"inLanguage\":\"pt-BR\",\"@id\":\"https:\/\/www.suno.com.br\/noticias\/banco-pan-bpan4-safra-diminui-preco-alvo\/#primaryimage\",\"url\":\"https:\/\/files.sunoresearch.com.br\/n\/uploads\/2021\/05\/c7d19b9e-bpan4-2-png.webp\",\"contentUrl\":\"https:\/\/files.sunoresearch.com.br\/n\/uploads\/2021\/05\/c7d19b9e-bpan4-2-png.webp\",\"width\":3000,\"height\":2002,\"caption\":\"Banco Pan (BPAN4). Foto: Divulga\u00e7\u00e3o\"},{\"@type\":\"BreadcrumbList\",\"@id\":\"https:\/\/www.suno.com.br\/noticias\/banco-pan-bpan4-safra-diminui-preco-alvo\/#breadcrumb\",\"itemListElement\":[{\"@type\":\"ListItem\",\"position\":1,\"name\":\"Not\u00edcias\",\"item\":\"https:\/\/www.suno.com.br\/noticias\/\"},{\"@type\":\"ListItem\",\"position\":2,\"name\":\"Neg\u00f3cios\",\"item\":\"https:\/\/www.suno.com.br\/noticias\/negocios\/\"},{\"@type\":\"ListItem\",\"position\":3,\"name\":\"Safra corta pre\u00e7o do Banco Pan (BPAN4), mas ainda projeta valoriza\u00e7\u00e3o\"}]},{\"@type\":\"WebSite\",\"@id\":\"https:\/\/www.suno.com.br\/noticias\/#website\",\"url\":\"https:\/\/www.suno.com.br\/noticias\/\",\"name\":\"Suno Not\u00edcias\",\"description\":\"Seu portal de informa\u00e7\u00e3o sobre o mundo dos investimentos\",\"publisher\":{\"@id\":\"https:\/\/www.suno.com.br\/noticias\/#organization\"},\"potentialAction\":[{\"@type\":\"SearchAction\",\"target\":{\"@type\":\"EntryPoint\",\"urlTemplate\":\"https:\/\/www.suno.com.br\/noticias\/?s={search_term_string}\"},\"query-input\":{\"@type\":\"PropertyValueSpecification\",\"valueRequired\":true,\"valueName\":\"search_term_string\"}}],\"inLanguage\":\"pt-BR\"},{\"@type\":\"Organization\",\"@id\":\"https:\/\/www.suno.com.br\/noticias\/#organization\",\"name\":\"Suno Not\u00edcias\",\"url\":\"https:\/\/www.suno.com.br\/noticias\/\",\"logo\":{\"@type\":\"ImageObject\",\"inLanguage\":\"pt-BR\",\"@id\":\"https:\/\/www.suno.com.br\/noticias\/#\/schema\/logo\/image\/\",\"url\":\"https:\/\/files.sunoresearch.com.br\/n\/uploads\/2021\/09\/suno-logo.png\",\"contentUrl\":\"https:\/\/files.sunoresearch.com.br\/n\/uploads\/2021\/09\/suno-logo.png\",\"width\":180,\"height\":180,\"caption\":\"Suno Not\u00edcias\"},\"image\":{\"@id\":\"https:\/\/www.suno.com.br\/noticias\/#\/schema\/logo\/image\/\"},\"sameAs\":[\"https:\/\/facebook.com\/sunoresearch\",\"https:\/\/x.com\/sunoresearch\",\"https:\/\/www.instagram.com\/suno\",\"https:\/\/www.linkedin.com\/company\/suno-research\/\",\"https:\/\/www.youtube.com\/c\/sunoresearch\"]},{\"@type\":\"Person\",\"@id\":\"https:\/\/www.suno.com.br\/noticias\/#\/schema\/person\/46d847cb19ad53fde0857adca989c23f\",\"name\":\"Vict\u00f3ria Anhesini\",\"image\":{\"@type\":\"ImageObject\",\"inLanguage\":\"pt-BR\",\"@id\":\"https:\/\/www.suno.com.br\/noticias\/#\/schema\/person\/image\/\",\"url\":\"https:\/\/secure.gravatar.com\/avatar\/0172bdfcd9129dd9dd68794804304e6e?s=96&r=g\",\"contentUrl\":\"https:\/\/secure.gravatar.com\/avatar\/0172bdfcd9129dd9dd68794804304e6e?s=96&r=g\",\"caption\":\"Vict\u00f3ria Anhesini\"},\"description\":\"Rep\u00f3rter no Suno Not\u00edcias, cobre mercados, neg\u00f3cios e economia, escrevendo majoritariamente sobre movimentos das empresas, cobertura de balan\u00e7os trimestrais e Bolsa de Valores. Formada em jornalismo pela Universidade Presbiteriana Mackenzie em 2019, passou pelo portal de economia e finan\u00e7as EuQueroInvestir como rep\u00f3rter e anteriormente, trabalhou na assessoria de imprensa PinePR, onde liderou com startups de inova\u00e7\u00e3o, tecnologia e finan\u00e7as. Em seu tempo livre, fala sobre m\u00fasica para ambos os sites do selo ForMusic, Wikimetal e Mad Sound, e faz trabalho volunt\u00e1rio no programa Escreve Cartas do Poupatempo.\",\"sameAs\":[\"https:\/\/www.linkedin.com\/in\/victoria-anhesini\/\"],\"url\":\"https:\/\/www.suno.com.br\/noticias\/author\/victoria\/\"}]}<\/script>\n<!-- \/ Yoast SEO plugin. -->","yoast_head_json":{"title":"Safra diminui pre\u00e7o alvo do Banco Pan (BPAN4), mas v\u00ea potencial de alta","description":"O Banco Safra atualizou o pre\u00e7o alvo do Banco Pan (BPAN4)\u00a0para R$ 16,50, de R$28 anteriormente. Confira mais detalhes da avalia\u00e7\u00e3o!","robots":{"index":"index","follow":"follow","max-snippet":"max-snippet:-1","max-image-preview":"max-image-preview:large","max-video-preview":"max-video-preview:-1"},"canonical":"https:\/\/www.suno.com.br\/noticias\/banco-pan-bpan4-safra-diminui-preco-alvo\/","og_locale":"pt_BR","og_type":"article","og_title":"Safra diminui pre\u00e7o alvo do Banco Pan (BPAN4), mas v\u00ea potencial de alta","og_description":"O Banco Safra atualizou o pre\u00e7o alvo do Banco Pan (BPAN4)\u00a0para R$ 16,50, de R$28 anteriormente. Confira mais detalhes da avalia\u00e7\u00e3o!","og_url":"https:\/\/www.suno.com.br\/noticias\/banco-pan-bpan4-safra-diminui-preco-alvo\/","og_site_name":"Suno Not\u00edcias","article_publisher":"https:\/\/facebook.com\/sunoresearch","og_image":[{"width":1024,"height":683,"url":"https:\/\/files.sunoresearch.com.br\/n\/uploads\/2021\/05\/c7d19b9e-bpan4-2-1024x683.png","type":"image\/png"}],"author":"Vict\u00f3ria Anhesini","twitter_card":"summary_large_image","twitter_creator":"@sunoresearch","twitter_site":"@sunoresearch","twitter_misc":{"Escrito por":"Vict\u00f3ria Anhesini","Est. tempo de leitura":"3 minutos"},"schema":{"@context":"https:\/\/schema.org","@graph":[{"@type":"NewsArticle","@id":"https:\/\/www.suno.com.br\/noticias\/banco-pan-bpan4-safra-diminui-preco-alvo\/#article","isPartOf":{"@id":"https:\/\/www.suno.com.br\/noticias\/banco-pan-bpan4-safra-diminui-preco-alvo\/"},"author":{"name":"Vict\u00f3ria Anhesini","@id":"https:\/\/www.suno.com.br\/noticias\/#\/schema\/person\/46d847cb19ad53fde0857adca989c23f"},"headline":"Safra corta pre\u00e7o do Banco Pan (BPAN4), mas ainda projeta valoriza\u00e7\u00e3o","datePublished":"2022-01-19T18:53:09+00:00","mainEntityOfPage":{"@id":"https:\/\/www.suno.com.br\/noticias\/banco-pan-bpan4-safra-diminui-preco-alvo\/"},"wordCount":535,"publisher":{"@id":"https:\/\/www.suno.com.br\/noticias\/#organization"},"image":{"@id":"https:\/\/www.suno.com.br\/noticias\/banco-pan-bpan4-safra-diminui-preco-alvo\/#primaryimage"},"thumbnailUrl":"https:\/\/files.sunoresearch.com.br\/n\/uploads\/2021\/05\/c7d19b9e-bpan4-2-png.webp","keywords":["Banco Pan (BPAN4)","Banco Safra","Especialistas"],"articleSection":["Neg\u00f3cios"],"inLanguage":"pt-BR"},{"@type":"WebPage","@id":"https:\/\/www.suno.com.br\/noticias\/banco-pan-bpan4-safra-diminui-preco-alvo\/","url":"https:\/\/www.suno.com.br\/noticias\/banco-pan-bpan4-safra-diminui-preco-alvo\/","name":"Safra diminui pre\u00e7o alvo do Banco Pan (BPAN4), mas v\u00ea potencial de alta","isPartOf":{"@id":"https:\/\/www.suno.com.br\/noticias\/#website"},"primaryImageOfPage":{"@id":"https:\/\/www.suno.com.br\/noticias\/banco-pan-bpan4-safra-diminui-preco-alvo\/#primaryimage"},"image":{"@id":"https:\/\/www.suno.com.br\/noticias\/banco-pan-bpan4-safra-diminui-preco-alvo\/#primaryimage"},"thumbnailUrl":"https:\/\/files.sunoresearch.com.br\/n\/uploads\/2021\/05\/c7d19b9e-bpan4-2-png.webp","datePublished":"2022-01-19T18:53:09+00:00","description":"O Banco Safra atualizou o pre\u00e7o alvo do Banco Pan (BPAN4)\u00a0para R$ 16,50, de R$28 anteriormente. Confira mais detalhes da avalia\u00e7\u00e3o!","breadcrumb":{"@id":"https:\/\/www.suno.com.br\/noticias\/banco-pan-bpan4-safra-diminui-preco-alvo\/#breadcrumb"},"inLanguage":"pt-BR","potentialAction":[{"@type":"ReadAction","target":["https:\/\/www.suno.com.br\/noticias\/banco-pan-bpan4-safra-diminui-preco-alvo\/"]}]},{"@type":"ImageObject","inLanguage":"pt-BR","@id":"https:\/\/www.suno.com.br\/noticias\/banco-pan-bpan4-safra-diminui-preco-alvo\/#primaryimage","url":"https:\/\/files.sunoresearch.com.br\/n\/uploads\/2021\/05\/c7d19b9e-bpan4-2-png.webp","contentUrl":"https:\/\/files.sunoresearch.com.br\/n\/uploads\/2021\/05\/c7d19b9e-bpan4-2-png.webp","width":3000,"height":2002,"caption":"Banco Pan (BPAN4). Foto: Divulga\u00e7\u00e3o"},{"@type":"BreadcrumbList","@id":"https:\/\/www.suno.com.br\/noticias\/banco-pan-bpan4-safra-diminui-preco-alvo\/#breadcrumb","itemListElement":[{"@type":"ListItem","position":1,"name":"Not\u00edcias","item":"https:\/\/www.suno.com.br\/noticias\/"},{"@type":"ListItem","position":2,"name":"Neg\u00f3cios","item":"https:\/\/www.suno.com.br\/noticias\/negocios\/"},{"@type":"ListItem","position":3,"name":"Safra corta pre\u00e7o do Banco Pan (BPAN4), mas ainda projeta valoriza\u00e7\u00e3o"}]},{"@type":"WebSite","@id":"https:\/\/www.suno.com.br\/noticias\/#website","url":"https:\/\/www.suno.com.br\/noticias\/","name":"Suno Not\u00edcias","description":"Seu portal de informa\u00e7\u00e3o sobre o mundo dos investimentos","publisher":{"@id":"https:\/\/www.suno.com.br\/noticias\/#organization"},"potentialAction":[{"@type":"SearchAction","target":{"@type":"EntryPoint","urlTemplate":"https:\/\/www.suno.com.br\/noticias\/?s={search_term_string}"},"query-input":{"@type":"PropertyValueSpecification","valueRequired":true,"valueName":"search_term_string"}}],"inLanguage":"pt-BR"},{"@type":"Organization","@id":"https:\/\/www.suno.com.br\/noticias\/#organization","name":"Suno Not\u00edcias","url":"https:\/\/www.suno.com.br\/noticias\/","logo":{"@type":"ImageObject","inLanguage":"pt-BR","@id":"https:\/\/www.suno.com.br\/noticias\/#\/schema\/logo\/image\/","url":"https:\/\/files.sunoresearch.com.br\/n\/uploads\/2021\/09\/suno-logo.png","contentUrl":"https:\/\/files.sunoresearch.com.br\/n\/uploads\/2021\/09\/suno-logo.png","width":180,"height":180,"caption":"Suno Not\u00edcias"},"image":{"@id":"https:\/\/www.suno.com.br\/noticias\/#\/schema\/logo\/image\/"},"sameAs":["https:\/\/facebook.com\/sunoresearch","https:\/\/x.com\/sunoresearch","https:\/\/www.instagram.com\/suno","https:\/\/www.linkedin.com\/company\/suno-research\/","https:\/\/www.youtube.com\/c\/sunoresearch"]},{"@type":"Person","@id":"https:\/\/www.suno.com.br\/noticias\/#\/schema\/person\/46d847cb19ad53fde0857adca989c23f","name":"Vict\u00f3ria Anhesini","image":{"@type":"ImageObject","inLanguage":"pt-BR","@id":"https:\/\/www.suno.com.br\/noticias\/#\/schema\/person\/image\/","url":"https:\/\/secure.gravatar.com\/avatar\/0172bdfcd9129dd9dd68794804304e6e?s=96&r=g","contentUrl":"https:\/\/secure.gravatar.com\/avatar\/0172bdfcd9129dd9dd68794804304e6e?s=96&r=g","caption":"Vict\u00f3ria Anhesini"},"description":"Rep\u00f3rter no Suno Not\u00edcias, cobre mercados, neg\u00f3cios e economia, escrevendo majoritariamente sobre movimentos das empresas, cobertura de balan\u00e7os trimestrais e Bolsa de Valores. Formada em jornalismo pela Universidade Presbiteriana Mackenzie em 2019, passou pelo portal de economia e finan\u00e7as EuQueroInvestir como rep\u00f3rter e anteriormente, trabalhou na assessoria de imprensa PinePR, onde liderou com startups de inova\u00e7\u00e3o, tecnologia e finan\u00e7as. Em seu tempo livre, fala sobre m\u00fasica para ambos os sites do selo ForMusic, Wikimetal e Mad Sound, e faz trabalho volunt\u00e1rio no programa Escreve Cartas do Poupatempo.","sameAs":["https:\/\/www.linkedin.com\/in\/victoria-anhesini\/"],"url":"https:\/\/www.suno.com.br\/noticias\/author\/victoria\/"}]}},"default_loop_html":"<div class=\"cardsPage__listCard__boxs\"><div class=\"cardsPage__listCard__boxs__img\"><a href=\"https:\/\/www.suno.com.br\/noticias\/banco-pan-bpan4-safra-diminui-preco-alvo\/\"><img class=\"mask\" src=\"https:\/\/www.suno.com.br\/noticias\/wp-content\/themes\/suno\/resources\/images\/spotlight\/spotlight1img\/bg-mask.png\" alt=\"Image Mask\"\/><img src=\"https:\/\/files.sunoresearch.com.br\/n\/uploads\/2021\/05\/c7d19b9e-bpan4-2-400x200.webp\" alt=\"Safra corta pre\u00e7o do Banco Pan (BPAN4), mas ainda projeta valoriza\u00e7\u00e3o\"\/><\/a><span class=\"spotlightCategory\"><a href=\"https:\/\/www.suno.com.br\/noticias\/negocios\/\">Neg\u00f3cios<\/a><\/span><\/div><div class=\"cardsPage__listCard__boxs__content\"><a href=\"https:\/\/www.suno.com.br\/noticias\/banco-pan-bpan4-safra-diminui-preco-alvo\/\"><h2 class=\"content__title\">Safra corta pre\u00e7o do Banco Pan (BPAN4), mas ainda projeta valoriza\u00e7\u00e3o<\/h2><\/a><div class=\"newsContent__article__meta\"><div class=\"newsContent__article__meta__authorBox\"><a href=\"https:\/\/www.suno.com.br\/noticias\/author\/victoria\/\" class=\"authorBox__avatar noMobi\"><img src=\"https:\/\/files.sunoresearch.com.br\/n\/uploads\/2021\/12\/20190129VickyPINEAPPLE01-1-150x150.jpg\" alt=\"Vict\u00f3ria Anhesini\"><\/a><div class=\"authorBox__name\"><span>por\n\t\t\t<a href=\"https:\/\/www.suno.com.br\/noticias\/author\/victoria\/\"><span itemprop=\"author\">Vict\u00f3ria Anhesini<\/span><\/a><\/span><time datetime=\"2022-01-19T15:53:09-03:00\" itemprop=\"datePublished\">19\/01\/2022 15:53<\/time><\/div><\/div><\/div><\/div><\/div>","single_layout":"posts","amp_enabled":true,"_links":{"self":[{"href":"https:\/\/www.suno.com.br\/noticias\/wp-json\/wp\/v2\/posts\/223463"}],"collection":[{"href":"https:\/\/www.suno.com.br\/noticias\/wp-json\/wp\/v2\/posts"}],"about":[{"href":"https:\/\/www.suno.com.br\/noticias\/wp-json\/wp\/v2\/types\/post"}],"author":[{"embeddable":true,"href":"https:\/\/www.suno.com.br\/noticias\/wp-json\/wp\/v2\/users\/146"}],"replies":[{"embeddable":true,"href":"https:\/\/www.suno.com.br\/noticias\/wp-json\/wp\/v2\/comments?post=223463"}],"version-history":[{"count":3,"href":"https:\/\/www.suno.com.br\/noticias\/wp-json\/wp\/v2\/posts\/223463\/revisions"}],"predecessor-version":[{"id":223567,"href":"https:\/\/www.suno.com.br\/noticias\/wp-json\/wp\/v2\/posts\/223463\/revisions\/223567"}],"wp:featuredmedia":[{"embeddable":true,"href":"https:\/\/www.suno.com.br\/noticias\/wp-json\/wp\/v2\/media\/146001"}],"wp:attachment":[{"href":"https:\/\/www.suno.com.br\/noticias\/wp-json\/wp\/v2\/media?parent=223463"}],"wp:term":[{"taxonomy":"category","embeddable":true,"href":"https:\/\/www.suno.com.br\/noticias\/wp-json\/wp\/v2\/categories?post=223463"},{"taxonomy":"post_tag","embeddable":true,"href":"https:\/\/www.suno.com.br\/noticias\/wp-json\/wp\/v2\/tags?post=223463"},{"taxonomy":"suno_strategy","embeddable":true,"href":"https:\/\/www.suno.com.br\/noticias\/wp-json\/wp\/v2\/suno_strategy?post=223463"}],"curies":[{"name":"wp","href":"https:\/\/api.w.org\/{rel}","templated":true}]}}