{"id":223401,"date":"2022-01-19T17:49:44","date_gmt":"2022-01-19T20:49:44","guid":{"rendered":"https:\/\/www.suno.com.br\/noticias\/?p=223401"},"modified":"2022-01-19T17:57:11","modified_gmt":"2022-01-19T20:57:11","slug":"larry-fink-ceo-blackrock-blak34-reajuste-salario","status":"publish","type":"post","link":"https:\/\/www.suno.com.br\/noticias\/larry-fink-ceo-blackrock-blak34-reajuste-salario\/","title":{"rendered":"CEO da BlackRock (BLAK34): acabou o tempo de reajuste pequeno a quem ganha pouco"},"content":{"rendered":"<p>Larry Fink, CEO da maior asset do mundo, a <strong>BlackRock<\/strong> (<a class=\"suno-keyword\" href=\"https:\/\/www.suno.com.br\/bdrs\/blak34\/\" target=\"_blank\" rel=\"noopener\" data-force=\"yes\" data-priority=\"2\">BLAK34<\/a>) &#8211; com mais de US$ 10 trilh\u00f5es em ativos administrados (AuM, na sigla em ingl\u00eas) -, avalia que acabou o mundo em que &#8220;mal aumentavam os sal\u00e1rios para aqueles com rendimentos baixos e m\u00e9dios&#8221;.<\/p>\t<div class=\"wrapper-featured-image\">\n\t\t<figure class=\"spotlightImg\">\n\n\t\t\t<picture>\n\t\t\t\t<source media=\"(max-width: 768px)\" srcset=\"https:\/\/files.sunoresearch.com.br\/n\/uploads\/2022\/01\/24201098700_29f46d62f8_o-400x200.jpg\">\n\t\t\t\t<img loading=\"lazy\" decoding=\"async\" class=\"newsContent__article__imgCapa lazyloadDisabled \" src=\"https:\/\/files.sunoresearch.com.br\/n\/uploads\/2022\/01\/24201098700_29f46d62f8_o-800x450.jpg\" width=\"800\" height=\"450\" alt=\"CEO da BlackRock (BLAK34): acabou o tempo de reajuste pequeno a quem ganha pouco\" fetchpriority=high \/>\n\t\t\t<\/picture>\n\n\t\t\t<figcaption class=\"wp-caption-text wp-caption-text--show\">Larry Fink, CEO da BlackRock. Foto: Michael Buholzer\/WEF\n  WORLD ECONOMIC FORUM\/swiss-image.ch\/Photo Michael Buholzer<\/figcaption>\n\t\t<\/figure>\n\t<\/div>\n\n\n\t<p>\n\t\t<a href=\"https:\/\/lp.suno.com.br\/planilha-controle-gastos\/\" target=\"_blank\" data-element=\"shortcode-suno-banner\" title=\"Banner SUNO, clique e saiba mais\">\n\t\t\t<picture>\n\t\t\t\t<source media=\"(max-width: 500px)\" srcset=\"https:\/\/files.sunoresearch.com.br\/n\/uploads\/2023\/03\/400x300-Planilha-controle-de-gastos.png\">\n\t\t\t\t<img class=\"newsContent__article__imgCapa newsContent__article__imgCapa--banner\"\n\t\t\t\t\tsrc=\"https:\/\/files.sunoresearch.com.br\/n\/uploads\/2023\/03\/1420x240-Planilha-controle-de-gastos.png\"\n\t\t\t\t\tdata-promo-id=\"101751\"\t\t\t\t\t\t\t\t\t\twidth='1420' height='240'\t\t\t\t\talt=\"https:\/\/files.sunoresearch.com.br\/n\/uploads\/2023\/03\/1420x240-Planilha-controle-de-gastos.png\"\n\t\t\t\t>\n\t\t\t<\/picture>\n\t\t<\/a>\n\t<\/p>\n\n\n<p>&#8220;As empresas que n\u00e3o se adaptam a essa nova realidade e n\u00e3o respondem aos seus trabalhadores fazem isso por sua conta e risco&#8221;, avalia o executivo.<\/p>\n<p>Entre os fatores que apontam para este novo cen\u00e1rio, <strong>Larry Fink<\/strong> destaca as altas hist\u00f3ricas em pedidos de desemprego nos EUA e no Reino Unido, assim como o maior crescimento do sal\u00e1rio americano em d\u00e9cadas.<\/p>\n<p>&#8220;Embora a rotatividade e o aumento dos sal\u00e1rios n\u00e3o sejam uma carater\u00edstica de todas as regi\u00f5es ou setores, funcion\u00e1rios em todo o mundo querem mais de seus empregadores, incluindo maior flexibilidade e trabalhos mais significativos&#8221;, defende o CEO da BlackRock.<\/p>\n<p>Para Fink, no texto anual intitulado &#8220;O Poder do Capitalismo&#8221;, nenhuma outra rela\u00e7\u00e3o foi mais alterada pela pandemia do que a rela\u00e7\u00e3o entre empregadores e funcion\u00e1rios.<\/p>\n<p>A cria\u00e7\u00e3o deste ambiente est\u00e1 mais complexa do que nunca e tamb\u00e9m vai al\u00e9m das quest\u00f5es de pagamento e flexibilidade. Segundo o CEO, al\u00e9m de melhorar a rela\u00e7\u00e3o com o local f\u00edsico de trabalho, a pandemia tamb\u00e9m evidenciou quest\u00f5es como igualdade racial, cuidados infantis e sa\u00fade mental \u2013 e revelou a lacuna entre as expectativas geracionais no trabalho.<\/p>\n\t<p>\n\t\t<a href=\"\" target=\"_blank\" data-element=\"shortcode-suno-banner\" title=\"Banner SUNO, clique e saiba mais\">\n\t\t\t<picture>\n\t\t\t\t<source media=\"(max-width: 500px)\" srcset=\"\">\n\t\t\t\t<img class=\"newsContent__article__imgCapa newsContent__article__imgCapa--banner\"\n\t\t\t\t\tsrc=\"\"\n\t\t\t\t\tdata-promo-id=\"77030\"\t\t\t\t\t\t\t\t\t\t\t\t\t\t\talt=\"\"\n\t\t\t\t>\n\t\t\t<\/picture>\n\t\t<\/a>\n\t<\/p>\n\n\n<p>Nos Estados Unidos, o movimento &#8220;<strong>antiwork<\/strong>&#8221; tem ganhado tra\u00e7\u00e3o com o que ativistas chamam de &#8220;A Grande Demiss\u00e3o&#8221; (ou &#8220;<strong>The Great Resignation<\/strong>&#8220;, em ingl\u00eas): manifesta\u00e7\u00f5es que cobram o aumento do <a class=\"suno-keyword\" href=\"https:\/\/www.suno.com.br\/artigos\/salario-minimo\/\" target=\"_blank\" rel=\"noopener\" data-force=\"no\" data-priority=\"3\">sal\u00e1rio m\u00ednimo<\/a>, avan\u00e7o dos sindicatos e melhores condi\u00e7\u00f5es de trabalho.<\/p>\n<p>Em novembro de 2021, 4,5 milh\u00f5es de pessoas pediram demiss\u00e3o de forma volunt\u00e1ria nos Estados Unidos, segundo dados do Departamento de Trabalho, o maior valor j\u00e1 registrado na s\u00e9rie hist\u00f3rica que come\u00e7ou em 2001, e avan\u00e7o de 7% em rela\u00e7\u00e3o ao m\u00eas anterior.<\/p>\n<p>Para o CEO da BlackRock, temas ligados \u00e0 <strong>perman\u00eancia dos trabalhadores<\/strong> agora s\u00e3o o centro das aten\u00e7\u00f5es dos gestores, que devem ser cuidadosos sobre como se conectam a quest\u00f5es sociais importantes para seus funcion\u00e1rios.<\/p>\n<p>&#8220;Aqueles que demonstram humildade e permanecem fundamentados em seus prop\u00f3sitos s\u00e3o mais propensos a construir o tipo de v\u00ednculo que prolonga a carreira de algu\u00e9m&#8221;, defendeu.<\/p>\n\t<p>\n\t\t<a href=\"\" target=\"_blank\" data-element=\"shortcode-suno-banner\" title=\"Banner SUNO, clique e saiba mais\">\n\t\t\t<picture>\n\t\t\t\t<source media=\"(max-width: 500px)\" srcset=\"\">\n\t\t\t\t<img class=\"newsContent__article__imgCapa newsContent__article__imgCapa--banner\"\n\t\t\t\t\tsrc=\"\"\n\t\t\t\t\tdata-promo-id=\"92668\"\t\t\t\t\t\t\t\t\t\t\t\t\t\t\talt=\"\"\n\t\t\t\t>\n\t\t\t<\/picture>\n\t\t<\/a>\n\t<\/p>\n\n\n<h2>BlackRock e fundamentos ESG<\/h2>\n<p>Fink tamb\u00e9m avalia que a maioria dos stakeholders\u2013 desde acionistas a funcion\u00e1rios, clientes, comunidades e reguladores \u2013 agora espera que as empresas desempenhem um papel na <strong>descarboniza\u00e7\u00e3o<\/strong> da economia global.<\/p>\n<p>&#8220;Todas as empresas e todos os setores ser\u00e3o transformados pela transi\u00e7\u00e3o para um mundo de <strong>emiss\u00e3o zero<\/strong>. A pergunta \u00e9: voc\u00ea conduzir\u00e1 ou ser\u00e1 conduzido?&#8221;, refor\u00e7a o gestor da BlackRock.<\/p>\n<p>Apesar da posi\u00e7\u00e3o, Fink diz que desinvestimento de setores inteiros \u2013 ou simplesmente a passagem de ativos com uso intenso de carbono de mercados p\u00fablicos para mercados privados \u2013 n\u00e3o far\u00e1 com que o mundo chegue \u00e0 meta de emiss\u00e3o zero.<\/p>\n<p>&#8220;E a <strong>BlackRock<\/strong> n\u00e3o busca o desinvestimento de empresas de petr\u00f3leo e g\u00e1s como pol\u00edtica&#8221;, conclui.<\/p>\n\t<p>\n\t\t<a href=\"https:\/\/lp.suno.com.br\/planilha-de-controle-de-investimentos\/\" target=\"_blank\" data-element=\"shortcode-suno-banner\" title=\"Banner SUNO, clique e saiba mais\">\n\t\t\t<picture>\n\t\t\t\t<source media=\"(max-width: 500px)\" srcset=\"https:\/\/files.sunoresearch.com.br\/n\/uploads\/2023\/03\/400x300-Controle-de-Investimentos.png\">\n\t\t\t\t<img class=\"newsContent__article__imgCapa newsContent__article__imgCapa--banner\"\n\t\t\t\t\tsrc=\"https:\/\/files.sunoresearch.com.br\/n\/uploads\/2023\/03\/1420x240-Controle-de-Investimentos.png\"\n\t\t\t\t\tdata-promo-id=\"75934\"\t\t\t\t\t\t\t\t\t\twidth='1420' height='240'\t\t\t\t\talt=\"https:\/\/files.sunoresearch.com.br\/n\/uploads\/2023\/03\/1420x240-Controle-de-Investimentos.png\"\n\t\t\t\t>\n\t\t\t<\/picture>\n\t\t<\/a>\n\t<\/p>\n\n\n","protected":false},"excerpt":{"rendered":"<p>Larry Fink, CEO da maior asset do mundo, a BlackRock (BLAK34) &#8211; com mais de US$ 10 trilh\u00f5es em ativos administrados (AuM, na sigla em ingl\u00eas) -, avalia que acabou o mundo em que &#8220;mal aumentavam os sal\u00e1rios para aqueles com rendimentos baixos e m\u00e9dios&#8221;. Larry Fink, CEO da BlackRock. Foto: Michael Buholzer\/WEF WORLD ECONOMIC [&hellip;]<\/p>\n","protected":false},"author":145,"featured_media":223650,"comment_status":"closed","ping_status":"closed","sticky":false,"template":"","format":"standard","meta":[],"categories":[62],"tags":[1332,1296,1824],"suno_strategy":[],"class_list":["post-223401","post","type-post","status-publish","format-standard","has-post-thumbnail","hentry","category-economia","tag-blackrock-blak34","tag-desemprego","tag-salario-minimo"],"yoast_head":"<!-- This site is optimized with the Yoast SEO plugin v24.4 - https:\/\/yoast.com\/wordpress\/plugins\/seo\/ -->\n<title>CEO da BlackRock (BLAK34): acabou o reajuste pequeno a sal\u00e1rio baixo<\/title>\n<meta name=\"description\" content=\"Na carta anual do CEO da BlackRock, tem destaque a\u00e7\u00f5es contra movimento &#039;antiwork&#039; que cresce nos EUA. Confira pontos do texto.\" \/>\n<meta name=\"robots\" content=\"index, follow, max-snippet:-1, max-image-preview:large, max-video-preview:-1\" \/>\n<link rel=\"canonical\" href=\"https:\/\/www.suno.com.br\/noticias\/larry-fink-ceo-blackrock-blak34-reajuste-salario\/\" \/>\n<meta property=\"og:locale\" content=\"pt_BR\" \/>\n<meta property=\"og:type\" content=\"article\" \/>\n<meta property=\"og:title\" content=\"CEO da BlackRock (BLAK34): acabou o reajuste pequeno a sal\u00e1rio baixo\" \/>\n<meta property=\"og:description\" content=\"Na carta anual do CEO da BlackRock, tem destaque a\u00e7\u00f5es contra movimento &#039;antiwork&#039; que cresce nos EUA. Confira pontos do texto.\" \/>\n<meta property=\"og:url\" content=\"https:\/\/www.suno.com.br\/noticias\/larry-fink-ceo-blackrock-blak34-reajuste-salario\/\" \/>\n<meta property=\"og:site_name\" content=\"Suno Not\u00edcias\" \/>\n<meta property=\"article:publisher\" content=\"https:\/\/facebook.com\/sunoresearch\" \/>\n<meta property=\"og:image\" content=\"https:\/\/files.sunoresearch.com.br\/n\/uploads\/2022\/01\/24201098700_29f46d62f8_o-scaled.jpg\" \/>\n\t<meta property=\"og:image:width\" content=\"2560\" \/>\n\t<meta property=\"og:image:height\" content=\"1704\" \/>\n\t<meta property=\"og:image:type\" content=\"image\/jpeg\" \/>\n<meta name=\"author\" content=\"Pedro Caramuru\" \/>\n<meta name=\"twitter:card\" content=\"summary_large_image\" \/>\n<meta name=\"twitter:creator\" content=\"@sunoresearch\" \/>\n<meta name=\"twitter:site\" content=\"@sunoresearch\" \/>\n<meta name=\"twitter:label1\" content=\"Escrito por\" \/>\n\t<meta name=\"twitter:data1\" content=\"Pedro Caramuru\" \/>\n\t<meta name=\"twitter:label2\" content=\"Est. tempo de leitura\" \/>\n\t<meta name=\"twitter:data2\" content=\"3 minutos\" \/>\n<script type=\"application\/ld+json\" class=\"yoast-schema-graph\">{\"@context\":\"https:\/\/schema.org\",\"@graph\":[{\"@type\":\"NewsArticle\",\"@id\":\"https:\/\/www.suno.com.br\/noticias\/larry-fink-ceo-blackrock-blak34-reajuste-salario\/#article\",\"isPartOf\":{\"@id\":\"https:\/\/www.suno.com.br\/noticias\/larry-fink-ceo-blackrock-blak34-reajuste-salario\/\"},\"author\":{\"name\":\"Pedro Caramuru\",\"@id\":\"https:\/\/www.suno.com.br\/noticias\/#\/schema\/person\/8d020643938f12a823508eb0e5fda407\"},\"headline\":\"CEO da BlackRock (BLAK34): acabou o tempo de reajuste pequeno a quem ganha pouco\",\"datePublished\":\"2022-01-19T20:49:44+00:00\",\"dateModified\":\"2022-01-19T20:57:11+00:00\",\"mainEntityOfPage\":{\"@id\":\"https:\/\/www.suno.com.br\/noticias\/larry-fink-ceo-blackrock-blak34-reajuste-salario\/\"},\"wordCount\":577,\"publisher\":{\"@id\":\"https:\/\/www.suno.com.br\/noticias\/#organization\"},\"image\":{\"@id\":\"https:\/\/www.suno.com.br\/noticias\/larry-fink-ceo-blackrock-blak34-reajuste-salario\/#primaryimage\"},\"thumbnailUrl\":\"https:\/\/files.sunoresearch.com.br\/n\/uploads\/2022\/01\/24201098700_29f46d62f8_o-scaled.jpg\",\"keywords\":[\"Blackrock (BLAK34)\",\"Desemprego\",\"sal\u00e1rio m\u00ednimo\"],\"articleSection\":[\"Economia\"],\"inLanguage\":\"pt-BR\"},{\"@type\":\"WebPage\",\"@id\":\"https:\/\/www.suno.com.br\/noticias\/larry-fink-ceo-blackrock-blak34-reajuste-salario\/\",\"url\":\"https:\/\/www.suno.com.br\/noticias\/larry-fink-ceo-blackrock-blak34-reajuste-salario\/\",\"name\":\"CEO da BlackRock (BLAK34): acabou o reajuste pequeno a sal\u00e1rio baixo\",\"isPartOf\":{\"@id\":\"https:\/\/www.suno.com.br\/noticias\/#website\"},\"primaryImageOfPage\":{\"@id\":\"https:\/\/www.suno.com.br\/noticias\/larry-fink-ceo-blackrock-blak34-reajuste-salario\/#primaryimage\"},\"image\":{\"@id\":\"https:\/\/www.suno.com.br\/noticias\/larry-fink-ceo-blackrock-blak34-reajuste-salario\/#primaryimage\"},\"thumbnailUrl\":\"https:\/\/files.sunoresearch.com.br\/n\/uploads\/2022\/01\/24201098700_29f46d62f8_o-scaled.jpg\",\"datePublished\":\"2022-01-19T20:49:44+00:00\",\"dateModified\":\"2022-01-19T20:57:11+00:00\",\"description\":\"Na carta anual do CEO da BlackRock, tem destaque a\u00e7\u00f5es contra movimento 'antiwork' que cresce nos EUA. Confira pontos do texto.\",\"breadcrumb\":{\"@id\":\"https:\/\/www.suno.com.br\/noticias\/larry-fink-ceo-blackrock-blak34-reajuste-salario\/#breadcrumb\"},\"inLanguage\":\"pt-BR\",\"potentialAction\":[{\"@type\":\"ReadAction\",\"target\":[\"https:\/\/www.suno.com.br\/noticias\/larry-fink-ceo-blackrock-blak34-reajuste-salario\/\"]}]},{\"@type\":\"ImageObject\",\"inLanguage\":\"pt-BR\",\"@id\":\"https:\/\/www.suno.com.br\/noticias\/larry-fink-ceo-blackrock-blak34-reajuste-salario\/#primaryimage\",\"url\":\"https:\/\/files.sunoresearch.com.br\/n\/uploads\/2022\/01\/24201098700_29f46d62f8_o-scaled.jpg\",\"contentUrl\":\"https:\/\/files.sunoresearch.com.br\/n\/uploads\/2022\/01\/24201098700_29f46d62f8_o-scaled.jpg\",\"width\":2560,\"height\":1704,\"caption\":\"Larry Fink, CEO da BlackRock. Foto: Michael Buholzer\/WEF WORLD ECONOMIC FORUM\/swiss-image.ch\/Photo Michael Buholzer\"},{\"@type\":\"BreadcrumbList\",\"@id\":\"https:\/\/www.suno.com.br\/noticias\/larry-fink-ceo-blackrock-blak34-reajuste-salario\/#breadcrumb\",\"itemListElement\":[{\"@type\":\"ListItem\",\"position\":1,\"name\":\"Not\u00edcias\",\"item\":\"https:\/\/www.suno.com.br\/noticias\/\"},{\"@type\":\"ListItem\",\"position\":2,\"name\":\"Economia\",\"item\":\"https:\/\/www.suno.com.br\/noticias\/economia\/\"},{\"@type\":\"ListItem\",\"position\":3,\"name\":\"CEO da BlackRock (BLAK34): acabou o tempo de reajuste pequeno a quem ganha pouco\"}]},{\"@type\":\"WebSite\",\"@id\":\"https:\/\/www.suno.com.br\/noticias\/#website\",\"url\":\"https:\/\/www.suno.com.br\/noticias\/\",\"name\":\"Suno Not\u00edcias\",\"description\":\"Seu portal de informa\u00e7\u00e3o sobre o mundo dos investimentos\",\"publisher\":{\"@id\":\"https:\/\/www.suno.com.br\/noticias\/#organization\"},\"potentialAction\":[{\"@type\":\"SearchAction\",\"target\":{\"@type\":\"EntryPoint\",\"urlTemplate\":\"https:\/\/www.suno.com.br\/noticias\/?s={search_term_string}\"},\"query-input\":{\"@type\":\"PropertyValueSpecification\",\"valueRequired\":true,\"valueName\":\"search_term_string\"}}],\"inLanguage\":\"pt-BR\"},{\"@type\":\"Organization\",\"@id\":\"https:\/\/www.suno.com.br\/noticias\/#organization\",\"name\":\"Suno Not\u00edcias\",\"url\":\"https:\/\/www.suno.com.br\/noticias\/\",\"logo\":{\"@type\":\"ImageObject\",\"inLanguage\":\"pt-BR\",\"@id\":\"https:\/\/www.suno.com.br\/noticias\/#\/schema\/logo\/image\/\",\"url\":\"https:\/\/files.sunoresearch.com.br\/n\/uploads\/2021\/09\/suno-logo.png\",\"contentUrl\":\"https:\/\/files.sunoresearch.com.br\/n\/uploads\/2021\/09\/suno-logo.png\",\"width\":180,\"height\":180,\"caption\":\"Suno Not\u00edcias\"},\"image\":{\"@id\":\"https:\/\/www.suno.com.br\/noticias\/#\/schema\/logo\/image\/\"},\"sameAs\":[\"https:\/\/facebook.com\/sunoresearch\",\"https:\/\/x.com\/sunoresearch\",\"https:\/\/www.instagram.com\/suno\",\"https:\/\/www.linkedin.com\/company\/suno-research\/\",\"https:\/\/www.youtube.com\/c\/sunoresearch\"]},{\"@type\":\"Person\",\"@id\":\"https:\/\/www.suno.com.br\/noticias\/#\/schema\/person\/8d020643938f12a823508eb0e5fda407\",\"name\":\"Pedro Caramuru\",\"image\":{\"@type\":\"ImageObject\",\"inLanguage\":\"pt-BR\",\"@id\":\"https:\/\/www.suno.com.br\/noticias\/#\/schema\/person\/image\/\",\"url\":\"https:\/\/secure.gravatar.com\/avatar\/1a3f15d3553507ae7a2debc6ea0ad87b?s=96&r=g\",\"contentUrl\":\"https:\/\/secure.gravatar.com\/avatar\/1a3f15d3553507ae7a2debc6ea0ad87b?s=96&r=g\",\"caption\":\"Pedro Caramuru\"},\"description\":\"Rep\u00f3rter de economia, mercado e pol\u00edtica brasileira para o Suno Not\u00edcias. Formado em jornalismo. J\u00e1 escreveu sobre pol\u00edtica e mercados internacionais para o Broadcast e Estad\u00e3o.\",\"url\":\"https:\/\/www.suno.com.br\/noticias\/author\/pedro-caramurusuno-com-br\/\"}]}<\/script>\n<!-- \/ Yoast SEO plugin. -->","yoast_head_json":{"title":"CEO da BlackRock (BLAK34): acabou o reajuste pequeno a sal\u00e1rio baixo","description":"Na carta anual do CEO da BlackRock, tem destaque a\u00e7\u00f5es contra movimento 'antiwork' que cresce nos EUA. Confira pontos do texto.","robots":{"index":"index","follow":"follow","max-snippet":"max-snippet:-1","max-image-preview":"max-image-preview:large","max-video-preview":"max-video-preview:-1"},"canonical":"https:\/\/www.suno.com.br\/noticias\/larry-fink-ceo-blackrock-blak34-reajuste-salario\/","og_locale":"pt_BR","og_type":"article","og_title":"CEO da BlackRock (BLAK34): acabou o reajuste pequeno a sal\u00e1rio baixo","og_description":"Na carta anual do CEO da BlackRock, tem destaque a\u00e7\u00f5es contra movimento 'antiwork' que cresce nos EUA. Confira pontos do texto.","og_url":"https:\/\/www.suno.com.br\/noticias\/larry-fink-ceo-blackrock-blak34-reajuste-salario\/","og_site_name":"Suno Not\u00edcias","article_publisher":"https:\/\/facebook.com\/sunoresearch","og_image":[{"width":2560,"height":1704,"url":"https:\/\/files.sunoresearch.com.br\/n\/uploads\/2022\/01\/24201098700_29f46d62f8_o-scaled.jpg","type":"image\/jpeg"}],"author":"Pedro Caramuru","twitter_card":"summary_large_image","twitter_creator":"@sunoresearch","twitter_site":"@sunoresearch","twitter_misc":{"Escrito por":"Pedro Caramuru","Est. tempo de leitura":"3 minutos"},"schema":{"@context":"https:\/\/schema.org","@graph":[{"@type":"NewsArticle","@id":"https:\/\/www.suno.com.br\/noticias\/larry-fink-ceo-blackrock-blak34-reajuste-salario\/#article","isPartOf":{"@id":"https:\/\/www.suno.com.br\/noticias\/larry-fink-ceo-blackrock-blak34-reajuste-salario\/"},"author":{"name":"Pedro Caramuru","@id":"https:\/\/www.suno.com.br\/noticias\/#\/schema\/person\/8d020643938f12a823508eb0e5fda407"},"headline":"CEO da BlackRock (BLAK34): acabou o tempo de reajuste pequeno a quem ganha pouco","datePublished":"2022-01-19T20:49:44+00:00","dateModified":"2022-01-19T20:57:11+00:00","mainEntityOfPage":{"@id":"https:\/\/www.suno.com.br\/noticias\/larry-fink-ceo-blackrock-blak34-reajuste-salario\/"},"wordCount":577,"publisher":{"@id":"https:\/\/www.suno.com.br\/noticias\/#organization"},"image":{"@id":"https:\/\/www.suno.com.br\/noticias\/larry-fink-ceo-blackrock-blak34-reajuste-salario\/#primaryimage"},"thumbnailUrl":"https:\/\/files.sunoresearch.com.br\/n\/uploads\/2022\/01\/24201098700_29f46d62f8_o-scaled.jpg","keywords":["Blackrock (BLAK34)","Desemprego","sal\u00e1rio m\u00ednimo"],"articleSection":["Economia"],"inLanguage":"pt-BR"},{"@type":"WebPage","@id":"https:\/\/www.suno.com.br\/noticias\/larry-fink-ceo-blackrock-blak34-reajuste-salario\/","url":"https:\/\/www.suno.com.br\/noticias\/larry-fink-ceo-blackrock-blak34-reajuste-salario\/","name":"CEO da BlackRock (BLAK34): acabou o reajuste pequeno a sal\u00e1rio baixo","isPartOf":{"@id":"https:\/\/www.suno.com.br\/noticias\/#website"},"primaryImageOfPage":{"@id":"https:\/\/www.suno.com.br\/noticias\/larry-fink-ceo-blackrock-blak34-reajuste-salario\/#primaryimage"},"image":{"@id":"https:\/\/www.suno.com.br\/noticias\/larry-fink-ceo-blackrock-blak34-reajuste-salario\/#primaryimage"},"thumbnailUrl":"https:\/\/files.sunoresearch.com.br\/n\/uploads\/2022\/01\/24201098700_29f46d62f8_o-scaled.jpg","datePublished":"2022-01-19T20:49:44+00:00","dateModified":"2022-01-19T20:57:11+00:00","description":"Na carta anual do CEO da BlackRock, tem destaque a\u00e7\u00f5es contra movimento 'antiwork' que cresce nos EUA. Confira pontos do texto.","breadcrumb":{"@id":"https:\/\/www.suno.com.br\/noticias\/larry-fink-ceo-blackrock-blak34-reajuste-salario\/#breadcrumb"},"inLanguage":"pt-BR","potentialAction":[{"@type":"ReadAction","target":["https:\/\/www.suno.com.br\/noticias\/larry-fink-ceo-blackrock-blak34-reajuste-salario\/"]}]},{"@type":"ImageObject","inLanguage":"pt-BR","@id":"https:\/\/www.suno.com.br\/noticias\/larry-fink-ceo-blackrock-blak34-reajuste-salario\/#primaryimage","url":"https:\/\/files.sunoresearch.com.br\/n\/uploads\/2022\/01\/24201098700_29f46d62f8_o-scaled.jpg","contentUrl":"https:\/\/files.sunoresearch.com.br\/n\/uploads\/2022\/01\/24201098700_29f46d62f8_o-scaled.jpg","width":2560,"height":1704,"caption":"Larry Fink, CEO da BlackRock. Foto: Michael Buholzer\/WEF WORLD ECONOMIC FORUM\/swiss-image.ch\/Photo Michael Buholzer"},{"@type":"BreadcrumbList","@id":"https:\/\/www.suno.com.br\/noticias\/larry-fink-ceo-blackrock-blak34-reajuste-salario\/#breadcrumb","itemListElement":[{"@type":"ListItem","position":1,"name":"Not\u00edcias","item":"https:\/\/www.suno.com.br\/noticias\/"},{"@type":"ListItem","position":2,"name":"Economia","item":"https:\/\/www.suno.com.br\/noticias\/economia\/"},{"@type":"ListItem","position":3,"name":"CEO da BlackRock (BLAK34): acabou o tempo de reajuste pequeno a quem ganha pouco"}]},{"@type":"WebSite","@id":"https:\/\/www.suno.com.br\/noticias\/#website","url":"https:\/\/www.suno.com.br\/noticias\/","name":"Suno Not\u00edcias","description":"Seu portal de informa\u00e7\u00e3o sobre o mundo dos investimentos","publisher":{"@id":"https:\/\/www.suno.com.br\/noticias\/#organization"},"potentialAction":[{"@type":"SearchAction","target":{"@type":"EntryPoint","urlTemplate":"https:\/\/www.suno.com.br\/noticias\/?s={search_term_string}"},"query-input":{"@type":"PropertyValueSpecification","valueRequired":true,"valueName":"search_term_string"}}],"inLanguage":"pt-BR"},{"@type":"Organization","@id":"https:\/\/www.suno.com.br\/noticias\/#organization","name":"Suno Not\u00edcias","url":"https:\/\/www.suno.com.br\/noticias\/","logo":{"@type":"ImageObject","inLanguage":"pt-BR","@id":"https:\/\/www.suno.com.br\/noticias\/#\/schema\/logo\/image\/","url":"https:\/\/files.sunoresearch.com.br\/n\/uploads\/2021\/09\/suno-logo.png","contentUrl":"https:\/\/files.sunoresearch.com.br\/n\/uploads\/2021\/09\/suno-logo.png","width":180,"height":180,"caption":"Suno Not\u00edcias"},"image":{"@id":"https:\/\/www.suno.com.br\/noticias\/#\/schema\/logo\/image\/"},"sameAs":["https:\/\/facebook.com\/sunoresearch","https:\/\/x.com\/sunoresearch","https:\/\/www.instagram.com\/suno","https:\/\/www.linkedin.com\/company\/suno-research\/","https:\/\/www.youtube.com\/c\/sunoresearch"]},{"@type":"Person","@id":"https:\/\/www.suno.com.br\/noticias\/#\/schema\/person\/8d020643938f12a823508eb0e5fda407","name":"Pedro Caramuru","image":{"@type":"ImageObject","inLanguage":"pt-BR","@id":"https:\/\/www.suno.com.br\/noticias\/#\/schema\/person\/image\/","url":"https:\/\/secure.gravatar.com\/avatar\/1a3f15d3553507ae7a2debc6ea0ad87b?s=96&r=g","contentUrl":"https:\/\/secure.gravatar.com\/avatar\/1a3f15d3553507ae7a2debc6ea0ad87b?s=96&r=g","caption":"Pedro Caramuru"},"description":"Rep\u00f3rter de economia, mercado e pol\u00edtica brasileira para o Suno Not\u00edcias. Formado em jornalismo. J\u00e1 escreveu sobre pol\u00edtica e mercados internacionais para o Broadcast e Estad\u00e3o.","url":"https:\/\/www.suno.com.br\/noticias\/author\/pedro-caramurusuno-com-br\/"}]}},"default_loop_html":"<div class=\"cardsPage__listCard__boxs\"><div class=\"cardsPage__listCard__boxs__img\"><a href=\"https:\/\/www.suno.com.br\/noticias\/larry-fink-ceo-blackrock-blak34-reajuste-salario\/\"><img class=\"mask\" src=\"https:\/\/www.suno.com.br\/noticias\/wp-content\/themes\/suno\/resources\/images\/spotlight\/spotlight1img\/bg-mask.png\" alt=\"Image Mask\"\/><img src=\"https:\/\/files.sunoresearch.com.br\/n\/uploads\/2022\/01\/24201098700_29f46d62f8_o-400x200.jpg\" alt=\"CEO da BlackRock (BLAK34): acabou o tempo de reajuste pequeno a quem ganha pouco\"\/><\/a><span class=\"spotlightCategory\"><a href=\"https:\/\/www.suno.com.br\/noticias\/economia\/\">Economia<\/a><\/span><\/div><div class=\"cardsPage__listCard__boxs__content\"><a href=\"https:\/\/www.suno.com.br\/noticias\/larry-fink-ceo-blackrock-blak34-reajuste-salario\/\"><h2 class=\"content__title\">CEO da BlackRock (BLAK34): acabou o tempo de reajuste pequeno a quem ganha pouco<\/h2><\/a><div class=\"newsContent__article__meta\"><div class=\"newsContent__article__meta__authorBox\"><a href=\"https:\/\/www.suno.com.br\/noticias\/author\/pedro-caramurusuno-com-br\/\" class=\"authorBox__avatar noMobi\"><img src=\"https:\/\/secure.gravatar.com\/avatar\/1a3f15d3553507ae7a2debc6ea0ad87b?s=96&#038;r=g\" alt=\"Pedro Caramuru\"><\/a><div class=\"authorBox__name\"><span>por\n\t\t\t<a href=\"https:\/\/www.suno.com.br\/noticias\/author\/pedro-caramurusuno-com-br\/\"><span itemprop=\"author\">Pedro Caramuru<\/span><\/a><\/span><time datetime=\"2022-01-19T17:49:44-03:00\" itemprop=\"datePublished\">19\/01\/2022 17:49<\/time><\/div><\/div><\/div><\/div><\/div>","single_layout":"posts","amp_enabled":true,"_links":{"self":[{"href":"https:\/\/www.suno.com.br\/noticias\/wp-json\/wp\/v2\/posts\/223401"}],"collection":[{"href":"https:\/\/www.suno.com.br\/noticias\/wp-json\/wp\/v2\/posts"}],"about":[{"href":"https:\/\/www.suno.com.br\/noticias\/wp-json\/wp\/v2\/types\/post"}],"author":[{"embeddable":true,"href":"https:\/\/www.suno.com.br\/noticias\/wp-json\/wp\/v2\/users\/145"}],"replies":[{"embeddable":true,"href":"https:\/\/www.suno.com.br\/noticias\/wp-json\/wp\/v2\/comments?post=223401"}],"version-history":[{"count":3,"href":"https:\/\/www.suno.com.br\/noticias\/wp-json\/wp\/v2\/posts\/223401\/revisions"}],"predecessor-version":[{"id":223664,"href":"https:\/\/www.suno.com.br\/noticias\/wp-json\/wp\/v2\/posts\/223401\/revisions\/223664"}],"wp:featuredmedia":[{"embeddable":true,"href":"https:\/\/www.suno.com.br\/noticias\/wp-json\/wp\/v2\/media\/223650"}],"wp:attachment":[{"href":"https:\/\/www.suno.com.br\/noticias\/wp-json\/wp\/v2\/media?parent=223401"}],"wp:term":[{"taxonomy":"category","embeddable":true,"href":"https:\/\/www.suno.com.br\/noticias\/wp-json\/wp\/v2\/categories?post=223401"},{"taxonomy":"post_tag","embeddable":true,"href":"https:\/\/www.suno.com.br\/noticias\/wp-json\/wp\/v2\/tags?post=223401"},{"taxonomy":"suno_strategy","embeddable":true,"href":"https:\/\/www.suno.com.br\/noticias\/wp-json\/wp\/v2\/suno_strategy?post=223401"}],"curies":[{"name":"wp","href":"https:\/\/api.w.org\/{rel}","templated":true}]}}