{"id":223177,"date":"2022-01-18T19:01:03","date_gmt":"2022-01-18T22:01:03","guid":{"rendered":"https:\/\/www.suno.com.br\/noticias\/?p=223177"},"modified":"2022-01-18T19:08:38","modified_gmt":"2022-01-18T22:08:38","slug":"oi-oibr3-usina-de-biogas-eva-energia","status":"publish","type":"post","link":"https:\/\/www.suno.com.br\/noticias\/oi-oibr3-usina-de-biogas-eva-energia\/","title":{"rendered":"Oi (OIBR3) compra 20% de gera\u00e7\u00e3o da usina de biog\u00e1s da Eva Energia (RJ)"},"content":{"rendered":"<p>A <a class=\"suno-keyword\" href=\"https:\/\/www.suno.com.br\/acoes\/OIBR3\/\" target=\"_blank\" rel=\"noopener\" data-force=\"yes\" data-priority=\"2\"><strong>Oi<\/strong> (OIBR3)<\/a> fechou acordo para comprar 20% da gera\u00e7\u00e3o de energia da usina de biog\u00e1s constru\u00edda em Serop\u00e9dica (RJ) pela Eva Energia. A planta est\u00e1 come\u00e7ando a operar este m\u00eas e vai ser inaugurada oficialmente em fevereiro.<\/p>\t<div class=\"wrapper-featured-image\">\n\t\t<figure class=\"spotlightImg\">\n\n\t\t\t<picture>\n\t\t\t\t<source media=\"(max-width: 768px)\" srcset=\"https:\/\/files.sunoresearch.com.br\/n\/uploads\/2021\/07\/a692467b-lut_6296-scaled-1-400x200.jpg\">\n\t\t\t\t<img loading=\"lazy\" decoding=\"async\" class=\"newsContent__article__imgCapa lazyloadDisabled \" src=\"https:\/\/files.sunoresearch.com.br\/n\/uploads\/2021\/07\/a692467b-lut_6296-scaled-1-800x450.jpg\" width=\"800\" height=\"450\" alt=\"Oi (OIBR3) compra 20% de gera\u00e7\u00e3o da usina de biog\u00e1s da Eva Energia (RJ)\" fetchpriority=high \/>\n\t\t\t<\/picture>\n\n\t\t\t<figcaption class=\"wp-caption-text wp-caption-text--show\">Oi. Foto: Divulga\u00e7\u00e3o<\/figcaption>\n\t\t<\/figure>\n\t<\/div>\n\n\n\t<p>\n\t\t<a href=\"https:\/\/lp.suno.com.br\/planilha-controle-gastos\/\" target=\"_blank\" data-element=\"shortcode-suno-banner\" title=\"Banner SUNO, clique e saiba mais\">\n\t\t\t<picture>\n\t\t\t\t<source media=\"(max-width: 500px)\" srcset=\"https:\/\/files.sunoresearch.com.br\/n\/uploads\/2023\/03\/400x300-Planilha-controle-de-gastos.png\">\n\t\t\t\t<img class=\"newsContent__article__imgCapa newsContent__article__imgCapa--banner\"\n\t\t\t\t\tsrc=\"https:\/\/files.sunoresearch.com.br\/n\/uploads\/2023\/03\/1420x240-Planilha-controle-de-gastos.png\"\n\t\t\t\t\tdata-promo-id=\"101751\"\t\t\t\t\t\t\t\t\t\twidth='1420' height='240'\t\t\t\t\talt=\"https:\/\/files.sunoresearch.com.br\/n\/uploads\/2023\/03\/1420x240-Planilha-controle-de-gastos.png\"\n\t\t\t\t>\n\t\t\t<\/picture>\n\t\t<\/a>\n\t<\/p>\n\n\n<p>Pelo contrato, a <strong>Eva Energia<\/strong> vai fornecer 8,76 GWh por ano \u00e0 Oi, energia suficiente para atender 6.000 domic\u00edlios. &#8220;Com a aquisi\u00e7\u00e3o, a Oi passa a contar com biog\u00e1s entre as fontes renov\u00e1veis que comp\u00f5em sua matriz de energia, ao lado de biomassa, solar e h\u00eddrica&#8221;, informou a companhia.<\/p>\n<p>A estimativa \u00e9 de que a planta da Eva gere uma economia mensal de 40% nas contas de luz da Oi, garantindo uma redu\u00e7\u00e3o de custo da ordem de R$ 2,5 milh\u00f5es ao ano.<\/p>\n<p>Segundo a Oi, atualmente, cerca de 50% da matriz de energia da companhia j\u00e1 \u00e9 proveniente de <strong>fontes renov\u00e1veis<\/strong>, e a meta \u00e9 aumentar o uso dessas fontes para 80% at\u00e9 o final de 2022 e chegar a 100% at\u00e9 2025.<\/p>\n<p>Pelo acordo firmado com a Eva, a cada m\u00eas, a energia que a Oi vai receber da <strong>usina de biog\u00e1s<\/strong> ser\u00e1 injetada na rede da concession\u00e1ria de energia que atende a companhia no munic\u00edpio do Rio de Janeiro.<\/p>\n<p>Com isso, as 1.819 unidades da Oi atendidas pela concession\u00e1ria ter\u00e3o desconto em fatura proporcional \u00e0 quantidade de energia injetada pela usina.<\/p>\n\t<p>\n\t\t<a href=\"https:\/\/lp.suno.com.br\/planilha-da-vida-financeira\/\" target=\"_blank\" data-element=\"shortcode-suno-banner\" title=\"Banner SUNO, clique e saiba mais\">\n\t\t\t<picture>\n\t\t\t\t<source media=\"(max-width: 500px)\" srcset=\"https:\/\/files.sunoresearch.com.br\/n\/uploads\/2023\/04\/400x300-Planilha-vida-financeira-true.png\">\n\t\t\t\t<img class=\"newsContent__article__imgCapa newsContent__article__imgCapa--banner\"\n\t\t\t\t\tsrc=\"https:\/\/files.sunoresearch.com.br\/n\/uploads\/2023\/04\/1420x240-Planilha-vida-financeira-true.png\"\n\t\t\t\t\tdata-promo-id=\"106682\"\t\t\t\t\t\t\t\t\t\twidth='1420' height='240'\t\t\t\t\talt=\"https:\/\/files.sunoresearch.com.br\/n\/uploads\/2023\/04\/1420x240-Planilha-vida-financeira-true.png\"\n\t\t\t\t>\n\t\t\t<\/picture>\n\t\t<\/a>\n\t<\/p>\n\n\n<h2>Caminhos mais sustent\u00e1veis<\/h2>\n<p>Em setembro de 2021, a Oi anunciou que conectou mais duas usinas de energia solar na modalidade de <strong>gera\u00e7\u00e3o distribu\u00edda<\/strong> nos estados do Mato Grosso e de Goi\u00e1s. As plantas foram desenvolvidas exclusivamente para atender as necessidades da companhia.<\/p>\n<p>Com as novas fazendas solares, a Oi chega a sete unidades conectadas e segue seu plano estruturante de implementar 32 plantas de Gera\u00e7\u00e3o Distribu\u00edda, o equivalente ao consumo anual de energia de mais de 86 mil domic\u00edlios at\u00e9 o primeiro trimestre de 2022 com ganhos de R$ 68 milh\u00f5es no pr\u00f3ximo ano.<\/p>\n\t<p>\n\t\t<a href=\"https:\/\/lp.suno.com.br\/ebook-como-analisar-uma-acao\/\" target=\"_blank\" data-element=\"shortcode-suno-banner\" title=\"Banner SUNO, clique e saiba mais\">\n\t\t\t<picture>\n\t\t\t\t<source media=\"(max-width: 500px)\" srcset=\"https:\/\/files.sunoresearch.com.br\/n\/uploads\/2023\/03\/Ebook-Acoes-Mobile-1.jpg\">\n\t\t\t\t<img class=\"newsContent__article__imgCapa newsContent__article__imgCapa--banner\"\n\t\t\t\t\tsrc=\"https:\/\/files.sunoresearch.com.br\/n\/uploads\/2023\/03\/Ebook-Acoes-Desktop-1.jpg\"\n\t\t\t\t\tdata-promo-id=\"171998\"\t\t\t\t\t\t\t\t\t\twidth='1420' height='286'\t\t\t\t\talt=\"https:\/\/files.sunoresearch.com.br\/n\/uploads\/2023\/03\/Ebook-Acoes-Desktop-1.jpg\"\n\t\t\t\t>\n\t\t\t<\/picture>\n\t\t<\/a>\n\t<\/p>\n\n\n<h2>Cota\u00e7\u00e3o da Oi nesta ter\u00e7a (18)<\/h2>\n<p>Os pap\u00e9is da Oi disparam nesta ter\u00e7a, com as expectativas em torno da an\u00e1lise pelo Cade da compra da<strong> Oi M\u00f3vel<\/strong>. Isso porque o conselho convocou uma sess\u00e3o extraordin\u00e1ria para o pr\u00f3ximo dia 26 e havia especula\u00e7\u00e3o sobre a delibera\u00e7\u00e3o do caso neste dia.<\/p>\n<p>Com isso, as <strong>a\u00e7\u00f5es OIBR3<\/strong> subiam 14,29%, a R$ 0,88, por volta das 14h (hor\u00e1rio de Bras\u00edlia), e os pap\u00e9is <strong>OIBR4<\/strong> ganhavam 11,76%, a R$ 1,52.<\/p>\n<p>Mas o Broadcast apurou que o processo da Oi M\u00f3vel n\u00e3o deve ser analisado nesse dia. Com isso, parte dos ganhos foram devolvidos.<\/p>\n<p>Ao final do preg\u00e3o, as <a class=\"suno-keyword\" href=\"https:\/\/www.suno.com.br\/artigos\/o-que-sao-acoes-ordinarias-preferenciais-e-units\/\" target=\"_blank\" rel=\"noopener\" data-force=\"no\" data-priority=\"1\">a\u00e7\u00f5es ordin\u00e1rias<\/a> e preferenciais da <strong>Oi<\/strong> registraram ganhos de 12,99% e 8,82%, respectivamente, avaliadas em R$ 0,87 (ON) e R$ 1,48 (PN).<\/p>\n\t<p>\n\t\t<a href=\"\" target=\"_blank\" data-element=\"shortcode-suno-banner\" title=\"Banner SUNO, clique e saiba mais\">\n\t\t\t<picture>\n\t\t\t\t<source media=\"(max-width: 500px)\" srcset=\"\">\n\t\t\t\t<img class=\"newsContent__article__imgCapa newsContent__article__imgCapa--banner\"\n\t\t\t\t\tsrc=\"\"\n\t\t\t\t\tdata-promo-id=\"184190\"\t\t\t\t\t\t\t\t\t\t\t\t\t\t\talt=\"\"\n\t\t\t\t>\n\t\t\t<\/picture>\n\t\t<\/a>\n\t<\/p>\n\n\n<p><em>Com informa\u00e7\u00f5es de Estad\u00e3o Conte\u00fado.\u00a0<\/em><\/p>\n","protected":false},"excerpt":{"rendered":"<p>A Oi (OIBR3) fechou acordo para comprar 20% da gera\u00e7\u00e3o de energia da usina de biog\u00e1s constru\u00edda em Serop\u00e9dica (RJ) pela Eva Energia. A planta est\u00e1 come\u00e7ando a operar este m\u00eas e vai ser inaugurada oficialmente em fevereiro. Oi. Foto: Divulga\u00e7\u00e3o Pelo contrato, a Eva Energia vai fornecer 8,76 GWh por ano \u00e0 Oi, energia [&hellip;]<\/p>\n","protected":false},"author":102,"featured_media":164582,"comment_status":"closed","ping_status":"closed","sticky":false,"template":"","format":"standard","meta":[],"categories":[64],"tags":[584,3544,1117],"suno_strategy":[],"class_list":["post-223177","post","type-post","status-publish","format-standard","has-post-thumbnail","hentry","category-negocios","tag-oi-oibr3-oibr4","tag-oi-movel","tag-sustentabilidade"],"yoast_head":"<!-- This site is optimized with the Yoast SEO plugin v24.4 - https:\/\/yoast.com\/wordpress\/plugins\/seo\/ -->\n<title>Oi (OIBR3) compra 20% de energia da usina de biog\u00e1s da Eva Energia<\/title>\n<meta name=\"description\" content=\"A Oi (OIBR3) deu mais um passo em sua estrat\u00e9gia de operar 100% com energia renov\u00e1vel. Veja detalhes da compra aqui.\" \/>\n<meta name=\"robots\" content=\"index, follow, max-snippet:-1, max-image-preview:large, max-video-preview:-1\" \/>\n<link rel=\"canonical\" href=\"https:\/\/www.suno.com.br\/noticias\/oi-oibr3-usina-de-biogas-eva-energia\/\" \/>\n<meta property=\"og:locale\" content=\"pt_BR\" \/>\n<meta property=\"og:type\" content=\"article\" \/>\n<meta property=\"og:title\" content=\"Oi (OIBR3) compra 20% de energia da usina de biog\u00e1s da Eva Energia\" \/>\n<meta property=\"og:description\" content=\"A Oi (OIBR3) deu mais um passo em sua estrat\u00e9gia de operar 100% com energia renov\u00e1vel. Veja detalhes da compra aqui.\" \/>\n<meta property=\"og:url\" content=\"https:\/\/www.suno.com.br\/noticias\/oi-oibr3-usina-de-biogas-eva-energia\/\" \/>\n<meta property=\"og:site_name\" content=\"Suno Not\u00edcias\" \/>\n<meta property=\"article:publisher\" content=\"https:\/\/facebook.com\/sunoresearch\" \/>\n<meta property=\"og:image\" content=\"https:\/\/files.sunoresearch.com.br\/n\/uploads\/2021\/07\/a692467b-lut_6296-scaled-1.jpg\" \/>\n\t<meta property=\"og:image:width\" content=\"2560\" \/>\n\t<meta property=\"og:image:height\" content=\"1709\" \/>\n\t<meta property=\"og:image:type\" content=\"image\/jpeg\" \/>\n<meta name=\"author\" content=\"Monique Lima\" \/>\n<meta name=\"twitter:card\" content=\"summary_large_image\" \/>\n<meta name=\"twitter:creator\" content=\"@sunoresearch\" \/>\n<meta name=\"twitter:site\" content=\"@sunoresearch\" \/>\n<meta name=\"twitter:label1\" content=\"Escrito por\" \/>\n\t<meta name=\"twitter:data1\" content=\"Monique Lima\" \/>\n\t<meta name=\"twitter:label2\" content=\"Est. tempo de leitura\" \/>\n\t<meta name=\"twitter:data2\" content=\"2 minutos\" \/>\n<script type=\"application\/ld+json\" class=\"yoast-schema-graph\">{\"@context\":\"https:\/\/schema.org\",\"@graph\":[{\"@type\":\"NewsArticle\",\"@id\":\"https:\/\/www.suno.com.br\/noticias\/oi-oibr3-usina-de-biogas-eva-energia\/#article\",\"isPartOf\":{\"@id\":\"https:\/\/www.suno.com.br\/noticias\/oi-oibr3-usina-de-biogas-eva-energia\/\"},\"author\":{\"name\":\"Monique Lima\",\"@id\":\"https:\/\/www.suno.com.br\/noticias\/#\/schema\/person\/d712329319cc9b10f254d02d654cb36a\"},\"headline\":\"Oi (OIBR3) compra 20% de gera\u00e7\u00e3o da usina de biog\u00e1s da Eva Energia (RJ)\",\"datePublished\":\"2022-01-18T22:01:03+00:00\",\"dateModified\":\"2022-01-18T22:08:38+00:00\",\"mainEntityOfPage\":{\"@id\":\"https:\/\/www.suno.com.br\/noticias\/oi-oibr3-usina-de-biogas-eva-energia\/\"},\"wordCount\":496,\"publisher\":{\"@id\":\"https:\/\/www.suno.com.br\/noticias\/#organization\"},\"image\":{\"@id\":\"https:\/\/www.suno.com.br\/noticias\/oi-oibr3-usina-de-biogas-eva-energia\/#primaryimage\"},\"thumbnailUrl\":\"https:\/\/files.sunoresearch.com.br\/n\/uploads\/2021\/07\/a692467b-lut_6296-scaled-1.jpg\",\"keywords\":[\"Oi (OIBR3\/OIBR4)\",\"Oi M\u00f3vel\",\"Sustentabilidade\"],\"articleSection\":[\"Neg\u00f3cios\"],\"inLanguage\":\"pt-BR\"},{\"@type\":\"WebPage\",\"@id\":\"https:\/\/www.suno.com.br\/noticias\/oi-oibr3-usina-de-biogas-eva-energia\/\",\"url\":\"https:\/\/www.suno.com.br\/noticias\/oi-oibr3-usina-de-biogas-eva-energia\/\",\"name\":\"Oi (OIBR3) compra 20% de energia da usina de biog\u00e1s da Eva Energia\",\"isPartOf\":{\"@id\":\"https:\/\/www.suno.com.br\/noticias\/#website\"},\"primaryImageOfPage\":{\"@id\":\"https:\/\/www.suno.com.br\/noticias\/oi-oibr3-usina-de-biogas-eva-energia\/#primaryimage\"},\"image\":{\"@id\":\"https:\/\/www.suno.com.br\/noticias\/oi-oibr3-usina-de-biogas-eva-energia\/#primaryimage\"},\"thumbnailUrl\":\"https:\/\/files.sunoresearch.com.br\/n\/uploads\/2021\/07\/a692467b-lut_6296-scaled-1.jpg\",\"datePublished\":\"2022-01-18T22:01:03+00:00\",\"dateModified\":\"2022-01-18T22:08:38+00:00\",\"description\":\"A Oi (OIBR3) deu mais um passo em sua estrat\u00e9gia de operar 100% com energia renov\u00e1vel. Veja detalhes da compra aqui.\",\"breadcrumb\":{\"@id\":\"https:\/\/www.suno.com.br\/noticias\/oi-oibr3-usina-de-biogas-eva-energia\/#breadcrumb\"},\"inLanguage\":\"pt-BR\",\"potentialAction\":[{\"@type\":\"ReadAction\",\"target\":[\"https:\/\/www.suno.com.br\/noticias\/oi-oibr3-usina-de-biogas-eva-energia\/\"]}]},{\"@type\":\"ImageObject\",\"inLanguage\":\"pt-BR\",\"@id\":\"https:\/\/www.suno.com.br\/noticias\/oi-oibr3-usina-de-biogas-eva-energia\/#primaryimage\",\"url\":\"https:\/\/files.sunoresearch.com.br\/n\/uploads\/2021\/07\/a692467b-lut_6296-scaled-1.jpg\",\"contentUrl\":\"https:\/\/files.sunoresearch.com.br\/n\/uploads\/2021\/07\/a692467b-lut_6296-scaled-1.jpg\",\"width\":2560,\"height\":1709,\"caption\":\"Oi. Foto: Divulga\u00e7\u00e3o\"},{\"@type\":\"BreadcrumbList\",\"@id\":\"https:\/\/www.suno.com.br\/noticias\/oi-oibr3-usina-de-biogas-eva-energia\/#breadcrumb\",\"itemListElement\":[{\"@type\":\"ListItem\",\"position\":1,\"name\":\"Not\u00edcias\",\"item\":\"https:\/\/www.suno.com.br\/noticias\/\"},{\"@type\":\"ListItem\",\"position\":2,\"name\":\"Neg\u00f3cios\",\"item\":\"https:\/\/www.suno.com.br\/noticias\/negocios\/\"},{\"@type\":\"ListItem\",\"position\":3,\"name\":\"Oi (OIBR3) compra 20% de gera\u00e7\u00e3o da usina de biog\u00e1s da Eva Energia (RJ)\"}]},{\"@type\":\"WebSite\",\"@id\":\"https:\/\/www.suno.com.br\/noticias\/#website\",\"url\":\"https:\/\/www.suno.com.br\/noticias\/\",\"name\":\"Suno Not\u00edcias\",\"description\":\"Seu portal de informa\u00e7\u00e3o sobre o mundo dos investimentos\",\"publisher\":{\"@id\":\"https:\/\/www.suno.com.br\/noticias\/#organization\"},\"potentialAction\":[{\"@type\":\"SearchAction\",\"target\":{\"@type\":\"EntryPoint\",\"urlTemplate\":\"https:\/\/www.suno.com.br\/noticias\/?s={search_term_string}\"},\"query-input\":{\"@type\":\"PropertyValueSpecification\",\"valueRequired\":true,\"valueName\":\"search_term_string\"}}],\"inLanguage\":\"pt-BR\"},{\"@type\":\"Organization\",\"@id\":\"https:\/\/www.suno.com.br\/noticias\/#organization\",\"name\":\"Suno Not\u00edcias\",\"url\":\"https:\/\/www.suno.com.br\/noticias\/\",\"logo\":{\"@type\":\"ImageObject\",\"inLanguage\":\"pt-BR\",\"@id\":\"https:\/\/www.suno.com.br\/noticias\/#\/schema\/logo\/image\/\",\"url\":\"https:\/\/files.sunoresearch.com.br\/n\/uploads\/2021\/09\/suno-logo.png\",\"contentUrl\":\"https:\/\/files.sunoresearch.com.br\/n\/uploads\/2021\/09\/suno-logo.png\",\"width\":180,\"height\":180,\"caption\":\"Suno Not\u00edcias\"},\"image\":{\"@id\":\"https:\/\/www.suno.com.br\/noticias\/#\/schema\/logo\/image\/\"},\"sameAs\":[\"https:\/\/facebook.com\/sunoresearch\",\"https:\/\/x.com\/sunoresearch\",\"https:\/\/www.instagram.com\/suno\",\"https:\/\/www.linkedin.com\/company\/suno-research\/\",\"https:\/\/www.youtube.com\/c\/sunoresearch\"]},{\"@type\":\"Person\",\"@id\":\"https:\/\/www.suno.com.br\/noticias\/#\/schema\/person\/d712329319cc9b10f254d02d654cb36a\",\"name\":\"Monique Lima\",\"image\":{\"@type\":\"ImageObject\",\"inLanguage\":\"pt-BR\",\"@id\":\"https:\/\/www.suno.com.br\/noticias\/#\/schema\/person\/image\/\",\"url\":\"https:\/\/secure.gravatar.com\/avatar\/daee7f16d906c2e9ffed236206ca2c30?s=96&r=g\",\"contentUrl\":\"https:\/\/secure.gravatar.com\/avatar\/daee7f16d906c2e9ffed236206ca2c30?s=96&r=g\",\"caption\":\"Monique Lima\"},\"description\":\"Rep\u00f3rter de Mercado no Suno Not\u00edcias, \u00e9 jornalista com experi\u00eancia na cobertura de economia, empreendedorismo, finan\u00e7as pessoais, mercado financeiro, carreira e recursos humanos. Formada em Jornalismo pela Universidade Paulista, teve experi\u00eancias em ve\u00edculos de comunica\u00e7\u00e3o como a Ag\u00eancia TradeMap, Revista Voc\u00ea S\/A e Revista Voc\u00ea RH, as duas \u00faltimas publica\u00e7\u00f5es da Editora Abril. No Suno Not\u00edcias, fala sobre as principais not\u00edcias de Fundos Imobili\u00e1rios, Fiagro, Startups e empresas listadas na Bolsa.\",\"url\":\"https:\/\/www.suno.com.br\/noticias\/author\/monique-lima\/\"}]}<\/script>\n<!-- \/ Yoast SEO plugin. -->","yoast_head_json":{"title":"Oi (OIBR3) compra 20% de energia da usina de biog\u00e1s da Eva Energia","description":"A Oi (OIBR3) deu mais um passo em sua estrat\u00e9gia de operar 100% com energia renov\u00e1vel. Veja detalhes da compra aqui.","robots":{"index":"index","follow":"follow","max-snippet":"max-snippet:-1","max-image-preview":"max-image-preview:large","max-video-preview":"max-video-preview:-1"},"canonical":"https:\/\/www.suno.com.br\/noticias\/oi-oibr3-usina-de-biogas-eva-energia\/","og_locale":"pt_BR","og_type":"article","og_title":"Oi (OIBR3) compra 20% de energia da usina de biog\u00e1s da Eva Energia","og_description":"A Oi (OIBR3) deu mais um passo em sua estrat\u00e9gia de operar 100% com energia renov\u00e1vel. Veja detalhes da compra aqui.","og_url":"https:\/\/www.suno.com.br\/noticias\/oi-oibr3-usina-de-biogas-eva-energia\/","og_site_name":"Suno Not\u00edcias","article_publisher":"https:\/\/facebook.com\/sunoresearch","og_image":[{"width":2560,"height":1709,"url":"https:\/\/files.sunoresearch.com.br\/n\/uploads\/2021\/07\/a692467b-lut_6296-scaled-1.jpg","type":"image\/jpeg"}],"author":"Monique Lima","twitter_card":"summary_large_image","twitter_creator":"@sunoresearch","twitter_site":"@sunoresearch","twitter_misc":{"Escrito por":"Monique Lima","Est. tempo de leitura":"2 minutos"},"schema":{"@context":"https:\/\/schema.org","@graph":[{"@type":"NewsArticle","@id":"https:\/\/www.suno.com.br\/noticias\/oi-oibr3-usina-de-biogas-eva-energia\/#article","isPartOf":{"@id":"https:\/\/www.suno.com.br\/noticias\/oi-oibr3-usina-de-biogas-eva-energia\/"},"author":{"name":"Monique Lima","@id":"https:\/\/www.suno.com.br\/noticias\/#\/schema\/person\/d712329319cc9b10f254d02d654cb36a"},"headline":"Oi (OIBR3) compra 20% de gera\u00e7\u00e3o da usina de biog\u00e1s da Eva Energia (RJ)","datePublished":"2022-01-18T22:01:03+00:00","dateModified":"2022-01-18T22:08:38+00:00","mainEntityOfPage":{"@id":"https:\/\/www.suno.com.br\/noticias\/oi-oibr3-usina-de-biogas-eva-energia\/"},"wordCount":496,"publisher":{"@id":"https:\/\/www.suno.com.br\/noticias\/#organization"},"image":{"@id":"https:\/\/www.suno.com.br\/noticias\/oi-oibr3-usina-de-biogas-eva-energia\/#primaryimage"},"thumbnailUrl":"https:\/\/files.sunoresearch.com.br\/n\/uploads\/2021\/07\/a692467b-lut_6296-scaled-1.jpg","keywords":["Oi (OIBR3\/OIBR4)","Oi M\u00f3vel","Sustentabilidade"],"articleSection":["Neg\u00f3cios"],"inLanguage":"pt-BR"},{"@type":"WebPage","@id":"https:\/\/www.suno.com.br\/noticias\/oi-oibr3-usina-de-biogas-eva-energia\/","url":"https:\/\/www.suno.com.br\/noticias\/oi-oibr3-usina-de-biogas-eva-energia\/","name":"Oi (OIBR3) compra 20% de energia da usina de biog\u00e1s da Eva Energia","isPartOf":{"@id":"https:\/\/www.suno.com.br\/noticias\/#website"},"primaryImageOfPage":{"@id":"https:\/\/www.suno.com.br\/noticias\/oi-oibr3-usina-de-biogas-eva-energia\/#primaryimage"},"image":{"@id":"https:\/\/www.suno.com.br\/noticias\/oi-oibr3-usina-de-biogas-eva-energia\/#primaryimage"},"thumbnailUrl":"https:\/\/files.sunoresearch.com.br\/n\/uploads\/2021\/07\/a692467b-lut_6296-scaled-1.jpg","datePublished":"2022-01-18T22:01:03+00:00","dateModified":"2022-01-18T22:08:38+00:00","description":"A Oi (OIBR3) deu mais um passo em sua estrat\u00e9gia de operar 100% com energia renov\u00e1vel. Veja detalhes da compra aqui.","breadcrumb":{"@id":"https:\/\/www.suno.com.br\/noticias\/oi-oibr3-usina-de-biogas-eva-energia\/#breadcrumb"},"inLanguage":"pt-BR","potentialAction":[{"@type":"ReadAction","target":["https:\/\/www.suno.com.br\/noticias\/oi-oibr3-usina-de-biogas-eva-energia\/"]}]},{"@type":"ImageObject","inLanguage":"pt-BR","@id":"https:\/\/www.suno.com.br\/noticias\/oi-oibr3-usina-de-biogas-eva-energia\/#primaryimage","url":"https:\/\/files.sunoresearch.com.br\/n\/uploads\/2021\/07\/a692467b-lut_6296-scaled-1.jpg","contentUrl":"https:\/\/files.sunoresearch.com.br\/n\/uploads\/2021\/07\/a692467b-lut_6296-scaled-1.jpg","width":2560,"height":1709,"caption":"Oi. Foto: Divulga\u00e7\u00e3o"},{"@type":"BreadcrumbList","@id":"https:\/\/www.suno.com.br\/noticias\/oi-oibr3-usina-de-biogas-eva-energia\/#breadcrumb","itemListElement":[{"@type":"ListItem","position":1,"name":"Not\u00edcias","item":"https:\/\/www.suno.com.br\/noticias\/"},{"@type":"ListItem","position":2,"name":"Neg\u00f3cios","item":"https:\/\/www.suno.com.br\/noticias\/negocios\/"},{"@type":"ListItem","position":3,"name":"Oi (OIBR3) compra 20% de gera\u00e7\u00e3o da usina de biog\u00e1s da Eva Energia (RJ)"}]},{"@type":"WebSite","@id":"https:\/\/www.suno.com.br\/noticias\/#website","url":"https:\/\/www.suno.com.br\/noticias\/","name":"Suno Not\u00edcias","description":"Seu portal de informa\u00e7\u00e3o sobre o mundo dos investimentos","publisher":{"@id":"https:\/\/www.suno.com.br\/noticias\/#organization"},"potentialAction":[{"@type":"SearchAction","target":{"@type":"EntryPoint","urlTemplate":"https:\/\/www.suno.com.br\/noticias\/?s={search_term_string}"},"query-input":{"@type":"PropertyValueSpecification","valueRequired":true,"valueName":"search_term_string"}}],"inLanguage":"pt-BR"},{"@type":"Organization","@id":"https:\/\/www.suno.com.br\/noticias\/#organization","name":"Suno Not\u00edcias","url":"https:\/\/www.suno.com.br\/noticias\/","logo":{"@type":"ImageObject","inLanguage":"pt-BR","@id":"https:\/\/www.suno.com.br\/noticias\/#\/schema\/logo\/image\/","url":"https:\/\/files.sunoresearch.com.br\/n\/uploads\/2021\/09\/suno-logo.png","contentUrl":"https:\/\/files.sunoresearch.com.br\/n\/uploads\/2021\/09\/suno-logo.png","width":180,"height":180,"caption":"Suno Not\u00edcias"},"image":{"@id":"https:\/\/www.suno.com.br\/noticias\/#\/schema\/logo\/image\/"},"sameAs":["https:\/\/facebook.com\/sunoresearch","https:\/\/x.com\/sunoresearch","https:\/\/www.instagram.com\/suno","https:\/\/www.linkedin.com\/company\/suno-research\/","https:\/\/www.youtube.com\/c\/sunoresearch"]},{"@type":"Person","@id":"https:\/\/www.suno.com.br\/noticias\/#\/schema\/person\/d712329319cc9b10f254d02d654cb36a","name":"Monique Lima","image":{"@type":"ImageObject","inLanguage":"pt-BR","@id":"https:\/\/www.suno.com.br\/noticias\/#\/schema\/person\/image\/","url":"https:\/\/secure.gravatar.com\/avatar\/daee7f16d906c2e9ffed236206ca2c30?s=96&r=g","contentUrl":"https:\/\/secure.gravatar.com\/avatar\/daee7f16d906c2e9ffed236206ca2c30?s=96&r=g","caption":"Monique Lima"},"description":"Rep\u00f3rter de Mercado no Suno Not\u00edcias, \u00e9 jornalista com experi\u00eancia na cobertura de economia, empreendedorismo, finan\u00e7as pessoais, mercado financeiro, carreira e recursos humanos. Formada em Jornalismo pela Universidade Paulista, teve experi\u00eancias em ve\u00edculos de comunica\u00e7\u00e3o como a Ag\u00eancia TradeMap, Revista Voc\u00ea S\/A e Revista Voc\u00ea RH, as duas \u00faltimas publica\u00e7\u00f5es da Editora Abril. No Suno Not\u00edcias, fala sobre as principais not\u00edcias de Fundos Imobili\u00e1rios, Fiagro, Startups e empresas listadas na Bolsa.","url":"https:\/\/www.suno.com.br\/noticias\/author\/monique-lima\/"}]}},"default_loop_html":"<div class=\"cardsPage__listCard__boxs\"><div class=\"cardsPage__listCard__boxs__img\"><a href=\"https:\/\/www.suno.com.br\/noticias\/oi-oibr3-usina-de-biogas-eva-energia\/\"><img class=\"mask\" src=\"https:\/\/www.suno.com.br\/noticias\/wp-content\/themes\/suno\/resources\/images\/spotlight\/spotlight1img\/bg-mask.png\" alt=\"Image Mask\"\/><img src=\"https:\/\/files.sunoresearch.com.br\/n\/uploads\/2021\/07\/a692467b-lut_6296-scaled-1-400x200.jpg\" alt=\"Oi (OIBR3) compra 20% de gera\u00e7\u00e3o da usina de biog\u00e1s da Eva Energia (RJ)\"\/><\/a><span class=\"spotlightCategory\"><a href=\"https:\/\/www.suno.com.br\/noticias\/negocios\/\">Neg\u00f3cios<\/a><\/span><\/div><div class=\"cardsPage__listCard__boxs__content\"><a href=\"https:\/\/www.suno.com.br\/noticias\/oi-oibr3-usina-de-biogas-eva-energia\/\"><h2 class=\"content__title\">Oi (OIBR3) compra 20% de gera\u00e7\u00e3o da usina de biog\u00e1s da Eva Energia (RJ)<\/h2><\/a><div class=\"newsContent__article__meta\"><div class=\"newsContent__article__meta__authorBox\"><a href=\"https:\/\/www.suno.com.br\/noticias\/author\/monique-lima\/\" class=\"authorBox__avatar noMobi\"><img src=\"https:\/\/secure.gravatar.com\/avatar\/daee7f16d906c2e9ffed236206ca2c30?s=96&#038;r=g\" alt=\"Monique Lima\"><\/a><div class=\"authorBox__name\"><span>por\n\t\t\t<a href=\"https:\/\/www.suno.com.br\/noticias\/author\/monique-lima\/\"><span itemprop=\"author\">Monique Lima<\/span><\/a><\/span><time datetime=\"2022-01-18T19:01:03-03:00\" itemprop=\"datePublished\">18\/01\/2022 19:01<\/time><\/div><\/div><\/div><\/div><\/div>","single_layout":"posts","amp_enabled":true,"_links":{"self":[{"href":"https:\/\/www.suno.com.br\/noticias\/wp-json\/wp\/v2\/posts\/223177"}],"collection":[{"href":"https:\/\/www.suno.com.br\/noticias\/wp-json\/wp\/v2\/posts"}],"about":[{"href":"https:\/\/www.suno.com.br\/noticias\/wp-json\/wp\/v2\/types\/post"}],"author":[{"embeddable":true,"href":"https:\/\/www.suno.com.br\/noticias\/wp-json\/wp\/v2\/users\/102"}],"replies":[{"embeddable":true,"href":"https:\/\/www.suno.com.br\/noticias\/wp-json\/wp\/v2\/comments?post=223177"}],"version-history":[{"count":4,"href":"https:\/\/www.suno.com.br\/noticias\/wp-json\/wp\/v2\/posts\/223177\/revisions"}],"predecessor-version":[{"id":223234,"href":"https:\/\/www.suno.com.br\/noticias\/wp-json\/wp\/v2\/posts\/223177\/revisions\/223234"}],"wp:featuredmedia":[{"embeddable":true,"href":"https:\/\/www.suno.com.br\/noticias\/wp-json\/wp\/v2\/media\/164582"}],"wp:attachment":[{"href":"https:\/\/www.suno.com.br\/noticias\/wp-json\/wp\/v2\/media?parent=223177"}],"wp:term":[{"taxonomy":"category","embeddable":true,"href":"https:\/\/www.suno.com.br\/noticias\/wp-json\/wp\/v2\/categories?post=223177"},{"taxonomy":"post_tag","embeddable":true,"href":"https:\/\/www.suno.com.br\/noticias\/wp-json\/wp\/v2\/tags?post=223177"},{"taxonomy":"suno_strategy","embeddable":true,"href":"https:\/\/www.suno.com.br\/noticias\/wp-json\/wp\/v2\/suno_strategy?post=223177"}],"curies":[{"name":"wp","href":"https:\/\/api.w.org\/{rel}","templated":true}]}}