{"id":223043,"date":"2022-01-18T15:33:05","date_gmt":"2022-01-18T18:33:05","guid":{"rendered":"https:\/\/www.suno.com.br\/noticias\/?p=223043"},"modified":"2022-01-18T16:12:40","modified_gmt":"2022-01-18T19:12:40","slug":"medicos-sao-paulo-confirmam-greve","status":"publish","type":"post","link":"https:\/\/www.suno.com.br\/noticias\/medicos-sao-paulo-confirmam-greve\/","title":{"rendered":"M\u00e9dicos de SP confirmam greve para esta quarta-feira (19); veja servi\u00e7os afetados"},"content":{"rendered":"<p><strong>M\u00e9dicos<\/strong> que trabalham no atendimento b\u00e1sico da sa\u00fade municipal em S\u00e3o Paulo mant\u00e9m a paralisa\u00e7\u00e3o prevista para esta quarta-feira (19), conforme decidido em assembleia do Sindicato de M\u00e9dicos de S\u00e3o Paulo (Simesp) na semana passada. O setor pede &#8220;melhores condi\u00e7\u00f5es de trabalho&#8221;, como compra de equipamentos, contrata\u00e7\u00e3o de profissionais e pagamento de horas extras.<\/p>\t<div class=\"wrapper-featured-image\">\n\t\t<figure class=\"spotlightImg\">\n\n\t\t\t<picture>\n\t\t\t\t<source media=\"(max-width: 768px)\" srcset=\"https:\/\/files.sunoresearch.com.br\/n\/uploads\/2022\/01\/pexels-pixabay-40568-400x200.jpg\">\n\t\t\t\t<img loading=\"lazy\" decoding=\"async\" class=\"newsContent__article__imgCapa lazyloadDisabled \" src=\"https:\/\/files.sunoresearch.com.br\/n\/uploads\/2022\/01\/pexels-pixabay-40568-800x450.jpg\" width=\"800\" height=\"450\" alt=\"M\u00e9dicos de SP confirmam greve para esta quarta-feira (19); veja servi\u00e7os afetados\" fetchpriority=high \/>\n\t\t\t<\/picture>\n\n\t\t\t<figcaption class=\"wp-caption-text wp-caption-text--show\">M\u00e9dicos de SP confirmam paralisa\u00e7\u00e3o amanh\u00e3. Foto: Pixabay.<\/figcaption>\n\t\t<\/figure>\n\t<\/div>\n\n\n\t<p>\n\t\t<a href=\"https:\/\/lp.suno.com.br\/planilha-controle-gastos\/\" target=\"_blank\" data-element=\"shortcode-suno-banner\" title=\"Banner SUNO, clique e saiba mais\">\n\t\t\t<picture>\n\t\t\t\t<source media=\"(max-width: 500px)\" srcset=\"https:\/\/files.sunoresearch.com.br\/n\/uploads\/2023\/03\/400x300-Planilha-controle-de-gastos.png\">\n\t\t\t\t<img class=\"newsContent__article__imgCapa newsContent__article__imgCapa--banner\"\n\t\t\t\t\tsrc=\"https:\/\/files.sunoresearch.com.br\/n\/uploads\/2023\/03\/1420x240-Planilha-controle-de-gastos.png\"\n\t\t\t\t\tdata-promo-id=\"101751\"\t\t\t\t\t\t\t\t\t\twidth='1420' height='240'\t\t\t\t\talt=\"https:\/\/files.sunoresearch.com.br\/n\/uploads\/2023\/03\/1420x240-Planilha-controle-de-gastos.png\"\n\t\t\t\t>\n\t\t\t<\/picture>\n\t\t<\/a>\n\t<\/p>\n\n\n<p>Ontem (17), representantes do Simesp estiveram reunidos com o secret\u00e1rio municipal de Sa\u00fade de S\u00e3o Paulo, <strong>Edson Aparecido<\/strong>, para negociarem uma sa\u00edda \u00e0 <strong>paralisa\u00e7\u00e3o<\/strong>, por\u00e9m sem resultado satisfat\u00f3rio.<\/p>\n<p>Ao <strong>Suno Not\u00edcias<\/strong>, o presidente do Simesp e m\u00e9dico anestesista, Victor Vilela Dourado, afirmou que a proposta da Prefeitura ficou &#8220;muito aqu\u00e9m&#8221; do esperado pela categoria.<\/p>\n<p>&#8220;A gente estava buscando medidas efetivas para a contrata\u00e7\u00e3o de profissionais e amplia\u00e7\u00e3o das equipes, da estrutura e da <a class=\"suno-keyword\" href=\"https:\/\/www.suno.com.br\/artigos\/capacidade-instalada\/\" target=\"_blank\" rel=\"noopener\" data-force=\"no\" data-priority=\"1\">capacidade instalada<\/a> para o atendimento da popula\u00e7\u00e3o&#8221;, disse.<\/p>\n<p>Segundo o l\u00edder da categoria, a contraproposta da prefeitura, de contratar 140 m\u00e9dicos e 560 outros <strong>profissionais de sa\u00fade<\/strong>, \u00e9 insuficiente e sequer cobre o desfalque de 3,1 mil profissionais que foram afastados nas primeiras semanas de janeiro por quadros respirat\u00f3rios de doen\u00e7as infecciosas &#8211; como gripe e <strong>covid-19<\/strong>.<\/p>\n<p>O Simesp calcula que seriam necess\u00e1rios pelo menos dois novos m\u00e9dicos em cada uma das 469 UBSs no munic\u00edpio de S\u00e3o Paulo para que servi\u00e7os como o acompanhamento de gr\u00e1vidas e pu\u00e9rperas pudessem ser retomados na totalidade enquanto dura a pandemia da covid-19.<\/p>\n\t<p>\n\t\t<a href=\"https:\/\/lp.suno.com.br\/planilha-da-vida-financeira\/\" target=\"_blank\" data-element=\"shortcode-suno-banner\" title=\"Banner SUNO, clique e saiba mais\">\n\t\t\t<picture>\n\t\t\t\t<source media=\"(max-width: 500px)\" srcset=\"https:\/\/files.sunoresearch.com.br\/n\/uploads\/2023\/04\/400x300-Planilha-vida-financeira-true.png\">\n\t\t\t\t<img class=\"newsContent__article__imgCapa newsContent__article__imgCapa--banner\"\n\t\t\t\t\tsrc=\"https:\/\/files.sunoresearch.com.br\/n\/uploads\/2023\/04\/1420x240-Planilha-vida-financeira-true.png\"\n\t\t\t\t\tdata-promo-id=\"106682\"\t\t\t\t\t\t\t\t\t\twidth='1420' height='240'\t\t\t\t\talt=\"https:\/\/files.sunoresearch.com.br\/n\/uploads\/2023\/04\/1420x240-Planilha-vida-financeira-true.png\"\n\t\t\t\t>\n\t\t\t<\/picture>\n\t\t<\/a>\n\t<\/p>\n\n\n<p>Para Vilela, a medida sugerida pelo Poder P\u00fablico, ainda que seja bem-vinda, n\u00e3o atende \u00e0s reinvindica\u00e7\u00f5es da categoria, que confirma a paralisa\u00e7\u00e3o.<\/p>\n<p>Conforme <a href=\"https:\/\/www.suno.com.br\/noticias\/medicos-sao-paulo-avaliam-greve\/\">antecipou o Suno Not\u00edcias<\/a>, a possibilidade de paralisa\u00e7\u00e3o da categoria de m\u00e9dicos foi aprovada pelo sindicato em assembleia na semana passada (9).<\/p>\n<h2>Apenas UBSs devem ser afetadas<\/h2>\n<p>De acordo com o presidente do Simesp, apenas o atendimento nas <strong>Unidades B\u00e1sicas de Sa\u00fades<\/strong> (<strong>UBSs<\/strong>) do munic\u00edpio de S\u00e3o Paulo deve ser afetado e suspenso com a paralisa\u00e7\u00e3o.<\/p>\n<p>&#8220;N\u00f3s n\u00e3o vamos parar pronto-socorros, pronto-atendimentos, [unidades de Atendimento M\u00e9dico Ambulatorial] AMAs ou qualquer unidade que tenha urg\u00eancia ou emerg\u00eancia&#8221;, destacou.<\/p>\n\t<div data-element=\"shortcode-read-more\" class=\"knowMore\">\n\t\t\t\t<a class=\"knowMore__link\" href=\"https:\/\/www.suno.com.br\/noticias\/medicos-sao-paulo-avaliam-greve\/\">\n\t\t\tM\u00e9dicos da capital paulista avaliam possibilidade de greve nesta semana\t\t<\/a>\n\t<\/div>\n\n\n<h2>Paralisa\u00e7\u00e3o dos m\u00e9dicos tem potencial de se estender para outras categorias<\/h2>\n<p>Segundo o m\u00e9dico anestesista, h\u00e1 &#8220;uma onda&#8221; de interesse, di\u00e1logo, apoio e ades\u00e3o por outras categorias \u00e0 manifesta\u00e7\u00e3o dos m\u00e9dicos, entre elas, setores como o de <strong>enfermeiros<\/strong> e <strong>farmac\u00eauticos<\/strong>, que convocaram assembleias para discutir o interesse da categoria em se mobilizar.<\/p>\n<p>Em nota nesta tarde (18), a Secretaria Municipal de Sa\u00fade afirmou que o prefeito Ricardo Nunes (MDB) autorizou o pagamento integral neste m\u00eas, junto aos sal\u00e1rios de janeiro, do banco de horas acumuladas at\u00e9 31 de dezembro do ano passado.<\/p>\n<p>&#8220;A partir de agora, todas as horas extras e plant\u00f5es extras ser\u00e3o pagos dentro da folha de pagamento do respectivo m\u00eas, inclusive para os servidores&#8221;, informa. O texto tamb\u00e9m informa que as organiza\u00e7\u00f5es parceiras est\u00e3o autorizadas a realizarem contrata\u00e7\u00f5es emergenciais.<\/p>\n<p>&#8220;Os pontos debatidos durante a reuni\u00e3o ser\u00e3o formalizados pela SMS ao sindicato nesta ter\u00e7a-feira (18)&#8221;, informa a secretaria municipal.<\/p>\n<h2>Dados epidemiol\u00f3gicos da covid-19<\/h2>\n<p>Segundo dados da Funda\u00e7\u00e3o Sistema Estadual de An\u00e1lise de Dados (Seade), houve um aumento de <strong>novos casos<\/strong> por Covid-19 em 59,7% e de <strong>novos \u00f3bitos<\/strong> em 112,5% na varia\u00e7\u00e3o semanal (comparativo entre os \u00edndices dos \u00faltimos sete dias em rela\u00e7\u00e3o aos sete anteriores) no Estado de S\u00e3o Paulo.<\/p>\n<p>Interna\u00e7\u00f5es avan\u00e7am 37,3% no Estado no mesmo comparativo.<\/p>\n<p>J\u00e1 na Grande S\u00e3o Paulo, novos casos cresceram 43,8%, novos \u00f3bitos avan\u00e7aram 110,5% enquanto novas interna\u00e7\u00f5es tiveram alta de 32,5%.<\/p>\n<p>Os dados foram consultados nesta ter\u00e7a-feira (18). <strong>M\u00e9dicos<\/strong> e especialistas, entretanto, alertam para a possibilidade de subnotifica\u00e7\u00e3o, uma vez que h\u00e1 escassez de testes diagn\u00f3sticos por causa da alta procura.<\/p>\n\t<p>\n\t\t<a href=\"https:\/\/lp.suno.com.br\/ebook-como-analisar-uma-acao\/\" target=\"_blank\" data-element=\"shortcode-suno-banner\" title=\"Banner SUNO, clique e saiba mais\">\n\t\t\t<picture>\n\t\t\t\t<source media=\"(max-width: 500px)\" srcset=\"https:\/\/files.sunoresearch.com.br\/n\/uploads\/2023\/03\/Ebook-Acoes-Mobile-1.jpg\">\n\t\t\t\t<img class=\"newsContent__article__imgCapa newsContent__article__imgCapa--banner\"\n\t\t\t\t\tsrc=\"https:\/\/files.sunoresearch.com.br\/n\/uploads\/2023\/03\/Ebook-Acoes-Desktop-1.jpg\"\n\t\t\t\t\tdata-promo-id=\"171998\"\t\t\t\t\t\t\t\t\t\twidth='1420' height='286'\t\t\t\t\talt=\"https:\/\/files.sunoresearch.com.br\/n\/uploads\/2023\/03\/Ebook-Acoes-Desktop-1.jpg\"\n\t\t\t\t>\n\t\t\t<\/picture>\n\t\t<\/a>\n\t<\/p>\n\n\n","protected":false},"excerpt":{"rendered":"<p>M\u00e9dicos que trabalham no atendimento b\u00e1sico da sa\u00fade municipal em S\u00e3o Paulo mant\u00e9m a paralisa\u00e7\u00e3o prevista para esta quarta-feira (19), conforme decidido em assembleia do Sindicato de M\u00e9dicos de S\u00e3o Paulo (Simesp) na semana passada. O setor pede &#8220;melhores condi\u00e7\u00f5es de trabalho&#8221;, como compra de equipamentos, contrata\u00e7\u00e3o de profissionais e pagamento de horas extras. M\u00e9dicos [&hellip;]<\/p>\n","protected":false},"author":145,"featured_media":223074,"comment_status":"closed","ping_status":"closed","sticky":false,"template":"","format":"standard","meta":[],"categories":[61],"tags":[5255,843],"suno_strategy":[],"class_list":["post-223043","post","type-post","status-publish","format-standard","has-post-thumbnail","hentry","category-politica","tag-covid-19","tag-sao-paulo"],"yoast_head":"<!-- This site is optimized with the Yoast SEO plugin v24.4 - https:\/\/yoast.com\/wordpress\/plugins\/seo\/ -->\n<title>M\u00e9dicos de SP confirmam greve para esta quarta-feira (19)<\/title>\n<meta name=\"description\" content=\"Os m\u00e9dicos do munic\u00edpio de S\u00e3o Paulo confirmam greve para esta quarta-feira (19) por &#039;melhores condi\u00e7\u00f5es de trabalho&#039;. Veja detalhes.\" \/>\n<meta name=\"robots\" content=\"index, follow, max-snippet:-1, max-image-preview:large, max-video-preview:-1\" \/>\n<link rel=\"canonical\" href=\"https:\/\/www.suno.com.br\/noticias\/medicos-sao-paulo-confirmam-greve\/\" \/>\n<meta property=\"og:locale\" content=\"pt_BR\" \/>\n<meta property=\"og:type\" content=\"article\" \/>\n<meta property=\"og:title\" content=\"M\u00e9dicos de SP confirmam greve para esta quarta-feira (19)\" \/>\n<meta property=\"og:description\" content=\"Os m\u00e9dicos do munic\u00edpio de S\u00e3o Paulo confirmam greve para esta quarta-feira (19) por &#039;melhores condi\u00e7\u00f5es de trabalho&#039;. Veja detalhes.\" \/>\n<meta property=\"og:url\" content=\"https:\/\/www.suno.com.br\/noticias\/medicos-sao-paulo-confirmam-greve\/\" \/>\n<meta property=\"og:site_name\" content=\"Suno Not\u00edcias\" \/>\n<meta property=\"article:publisher\" content=\"https:\/\/facebook.com\/sunoresearch\" \/>\n<meta property=\"og:image\" content=\"https:\/\/files.sunoresearch.com.br\/n\/uploads\/2022\/01\/pexels-pixabay-40568-scaled.jpg\" \/>\n\t<meta property=\"og:image:width\" content=\"2560\" \/>\n\t<meta property=\"og:image:height\" content=\"1707\" \/>\n\t<meta property=\"og:image:type\" content=\"image\/jpeg\" \/>\n<meta name=\"author\" content=\"Pedro Caramuru\" \/>\n<meta name=\"twitter:card\" content=\"summary_large_image\" \/>\n<meta name=\"twitter:creator\" content=\"@sunoresearch\" \/>\n<meta name=\"twitter:site\" content=\"@sunoresearch\" \/>\n<meta name=\"twitter:label1\" content=\"Escrito por\" \/>\n\t<meta name=\"twitter:data1\" content=\"Pedro Caramuru\" \/>\n\t<meta name=\"twitter:label2\" content=\"Est. tempo de leitura\" \/>\n\t<meta name=\"twitter:data2\" content=\"3 minutos\" \/>\n<script type=\"application\/ld+json\" class=\"yoast-schema-graph\">{\"@context\":\"https:\/\/schema.org\",\"@graph\":[{\"@type\":\"NewsArticle\",\"@id\":\"https:\/\/www.suno.com.br\/noticias\/medicos-sao-paulo-confirmam-greve\/#article\",\"isPartOf\":{\"@id\":\"https:\/\/www.suno.com.br\/noticias\/medicos-sao-paulo-confirmam-greve\/\"},\"author\":{\"name\":\"Pedro Caramuru\",\"@id\":\"https:\/\/www.suno.com.br\/noticias\/#\/schema\/person\/8d020643938f12a823508eb0e5fda407\"},\"headline\":\"M\u00e9dicos de SP confirmam greve para esta quarta-feira (19); veja servi\u00e7os afetados\",\"datePublished\":\"2022-01-18T18:33:05+00:00\",\"dateModified\":\"2022-01-18T19:12:40+00:00\",\"mainEntityOfPage\":{\"@id\":\"https:\/\/www.suno.com.br\/noticias\/medicos-sao-paulo-confirmam-greve\/\"},\"wordCount\":683,\"publisher\":{\"@id\":\"https:\/\/www.suno.com.br\/noticias\/#organization\"},\"image\":{\"@id\":\"https:\/\/www.suno.com.br\/noticias\/medicos-sao-paulo-confirmam-greve\/#primaryimage\"},\"thumbnailUrl\":\"https:\/\/files.sunoresearch.com.br\/n\/uploads\/2022\/01\/pexels-pixabay-40568-scaled.jpg\",\"keywords\":[\"covid-19\",\"S\u00e3o Paulo\"],\"articleSection\":[\"Pol\u00edtica\"],\"inLanguage\":\"pt-BR\"},{\"@type\":\"WebPage\",\"@id\":\"https:\/\/www.suno.com.br\/noticias\/medicos-sao-paulo-confirmam-greve\/\",\"url\":\"https:\/\/www.suno.com.br\/noticias\/medicos-sao-paulo-confirmam-greve\/\",\"name\":\"M\u00e9dicos de SP confirmam greve para esta quarta-feira (19)\",\"isPartOf\":{\"@id\":\"https:\/\/www.suno.com.br\/noticias\/#website\"},\"primaryImageOfPage\":{\"@id\":\"https:\/\/www.suno.com.br\/noticias\/medicos-sao-paulo-confirmam-greve\/#primaryimage\"},\"image\":{\"@id\":\"https:\/\/www.suno.com.br\/noticias\/medicos-sao-paulo-confirmam-greve\/#primaryimage\"},\"thumbnailUrl\":\"https:\/\/files.sunoresearch.com.br\/n\/uploads\/2022\/01\/pexels-pixabay-40568-scaled.jpg\",\"datePublished\":\"2022-01-18T18:33:05+00:00\",\"dateModified\":\"2022-01-18T19:12:40+00:00\",\"description\":\"Os m\u00e9dicos do munic\u00edpio de S\u00e3o Paulo confirmam greve para esta quarta-feira (19) por 'melhores condi\u00e7\u00f5es de trabalho'. Veja detalhes.\",\"breadcrumb\":{\"@id\":\"https:\/\/www.suno.com.br\/noticias\/medicos-sao-paulo-confirmam-greve\/#breadcrumb\"},\"inLanguage\":\"pt-BR\",\"potentialAction\":[{\"@type\":\"ReadAction\",\"target\":[\"https:\/\/www.suno.com.br\/noticias\/medicos-sao-paulo-confirmam-greve\/\"]}]},{\"@type\":\"ImageObject\",\"inLanguage\":\"pt-BR\",\"@id\":\"https:\/\/www.suno.com.br\/noticias\/medicos-sao-paulo-confirmam-greve\/#primaryimage\",\"url\":\"https:\/\/files.sunoresearch.com.br\/n\/uploads\/2022\/01\/pexels-pixabay-40568-scaled.jpg\",\"contentUrl\":\"https:\/\/files.sunoresearch.com.br\/n\/uploads\/2022\/01\/pexels-pixabay-40568-scaled.jpg\",\"width\":2560,\"height\":1707,\"caption\":\"M\u00e9dicos de SP confirmam paralisa\u00e7\u00e3o amanh\u00e3. Foto: Pixabay.\"},{\"@type\":\"BreadcrumbList\",\"@id\":\"https:\/\/www.suno.com.br\/noticias\/medicos-sao-paulo-confirmam-greve\/#breadcrumb\",\"itemListElement\":[{\"@type\":\"ListItem\",\"position\":1,\"name\":\"Not\u00edcias\",\"item\":\"https:\/\/www.suno.com.br\/noticias\/\"},{\"@type\":\"ListItem\",\"position\":2,\"name\":\"Pol\u00edtica\",\"item\":\"https:\/\/www.suno.com.br\/noticias\/politica\/\"},{\"@type\":\"ListItem\",\"position\":3,\"name\":\"M\u00e9dicos de SP confirmam greve para esta quarta-feira (19); veja servi\u00e7os afetados\"}]},{\"@type\":\"WebSite\",\"@id\":\"https:\/\/www.suno.com.br\/noticias\/#website\",\"url\":\"https:\/\/www.suno.com.br\/noticias\/\",\"name\":\"Suno Not\u00edcias\",\"description\":\"Seu portal de informa\u00e7\u00e3o sobre o mundo dos investimentos\",\"publisher\":{\"@id\":\"https:\/\/www.suno.com.br\/noticias\/#organization\"},\"potentialAction\":[{\"@type\":\"SearchAction\",\"target\":{\"@type\":\"EntryPoint\",\"urlTemplate\":\"https:\/\/www.suno.com.br\/noticias\/?s={search_term_string}\"},\"query-input\":{\"@type\":\"PropertyValueSpecification\",\"valueRequired\":true,\"valueName\":\"search_term_string\"}}],\"inLanguage\":\"pt-BR\"},{\"@type\":\"Organization\",\"@id\":\"https:\/\/www.suno.com.br\/noticias\/#organization\",\"name\":\"Suno Not\u00edcias\",\"url\":\"https:\/\/www.suno.com.br\/noticias\/\",\"logo\":{\"@type\":\"ImageObject\",\"inLanguage\":\"pt-BR\",\"@id\":\"https:\/\/www.suno.com.br\/noticias\/#\/schema\/logo\/image\/\",\"url\":\"https:\/\/files.sunoresearch.com.br\/n\/uploads\/2021\/09\/suno-logo.png\",\"contentUrl\":\"https:\/\/files.sunoresearch.com.br\/n\/uploads\/2021\/09\/suno-logo.png\",\"width\":180,\"height\":180,\"caption\":\"Suno Not\u00edcias\"},\"image\":{\"@id\":\"https:\/\/www.suno.com.br\/noticias\/#\/schema\/logo\/image\/\"},\"sameAs\":[\"https:\/\/facebook.com\/sunoresearch\",\"https:\/\/x.com\/sunoresearch\",\"https:\/\/www.instagram.com\/suno\",\"https:\/\/www.linkedin.com\/company\/suno-research\/\",\"https:\/\/www.youtube.com\/c\/sunoresearch\"]},{\"@type\":\"Person\",\"@id\":\"https:\/\/www.suno.com.br\/noticias\/#\/schema\/person\/8d020643938f12a823508eb0e5fda407\",\"name\":\"Pedro Caramuru\",\"image\":{\"@type\":\"ImageObject\",\"inLanguage\":\"pt-BR\",\"@id\":\"https:\/\/www.suno.com.br\/noticias\/#\/schema\/person\/image\/\",\"url\":\"https:\/\/secure.gravatar.com\/avatar\/1a3f15d3553507ae7a2debc6ea0ad87b?s=96&r=g\",\"contentUrl\":\"https:\/\/secure.gravatar.com\/avatar\/1a3f15d3553507ae7a2debc6ea0ad87b?s=96&r=g\",\"caption\":\"Pedro Caramuru\"},\"description\":\"Rep\u00f3rter de economia, mercado e pol\u00edtica brasileira para o Suno Not\u00edcias. Formado em jornalismo. J\u00e1 escreveu sobre pol\u00edtica e mercados internacionais para o Broadcast e Estad\u00e3o.\",\"url\":\"https:\/\/www.suno.com.br\/noticias\/author\/pedro-caramurusuno-com-br\/\"}]}<\/script>\n<!-- \/ Yoast SEO plugin. -->","yoast_head_json":{"title":"M\u00e9dicos de SP confirmam greve para esta quarta-feira (19)","description":"Os m\u00e9dicos do munic\u00edpio de S\u00e3o Paulo confirmam greve para esta quarta-feira (19) por 'melhores condi\u00e7\u00f5es de trabalho'. Veja detalhes.","robots":{"index":"index","follow":"follow","max-snippet":"max-snippet:-1","max-image-preview":"max-image-preview:large","max-video-preview":"max-video-preview:-1"},"canonical":"https:\/\/www.suno.com.br\/noticias\/medicos-sao-paulo-confirmam-greve\/","og_locale":"pt_BR","og_type":"article","og_title":"M\u00e9dicos de SP confirmam greve para esta quarta-feira (19)","og_description":"Os m\u00e9dicos do munic\u00edpio de S\u00e3o Paulo confirmam greve para esta quarta-feira (19) por 'melhores condi\u00e7\u00f5es de trabalho'. Veja detalhes.","og_url":"https:\/\/www.suno.com.br\/noticias\/medicos-sao-paulo-confirmam-greve\/","og_site_name":"Suno Not\u00edcias","article_publisher":"https:\/\/facebook.com\/sunoresearch","og_image":[{"width":2560,"height":1707,"url":"https:\/\/files.sunoresearch.com.br\/n\/uploads\/2022\/01\/pexels-pixabay-40568-scaled.jpg","type":"image\/jpeg"}],"author":"Pedro Caramuru","twitter_card":"summary_large_image","twitter_creator":"@sunoresearch","twitter_site":"@sunoresearch","twitter_misc":{"Escrito por":"Pedro Caramuru","Est. tempo de leitura":"3 minutos"},"schema":{"@context":"https:\/\/schema.org","@graph":[{"@type":"NewsArticle","@id":"https:\/\/www.suno.com.br\/noticias\/medicos-sao-paulo-confirmam-greve\/#article","isPartOf":{"@id":"https:\/\/www.suno.com.br\/noticias\/medicos-sao-paulo-confirmam-greve\/"},"author":{"name":"Pedro Caramuru","@id":"https:\/\/www.suno.com.br\/noticias\/#\/schema\/person\/8d020643938f12a823508eb0e5fda407"},"headline":"M\u00e9dicos de SP confirmam greve para esta quarta-feira (19); veja servi\u00e7os afetados","datePublished":"2022-01-18T18:33:05+00:00","dateModified":"2022-01-18T19:12:40+00:00","mainEntityOfPage":{"@id":"https:\/\/www.suno.com.br\/noticias\/medicos-sao-paulo-confirmam-greve\/"},"wordCount":683,"publisher":{"@id":"https:\/\/www.suno.com.br\/noticias\/#organization"},"image":{"@id":"https:\/\/www.suno.com.br\/noticias\/medicos-sao-paulo-confirmam-greve\/#primaryimage"},"thumbnailUrl":"https:\/\/files.sunoresearch.com.br\/n\/uploads\/2022\/01\/pexels-pixabay-40568-scaled.jpg","keywords":["covid-19","S\u00e3o Paulo"],"articleSection":["Pol\u00edtica"],"inLanguage":"pt-BR"},{"@type":"WebPage","@id":"https:\/\/www.suno.com.br\/noticias\/medicos-sao-paulo-confirmam-greve\/","url":"https:\/\/www.suno.com.br\/noticias\/medicos-sao-paulo-confirmam-greve\/","name":"M\u00e9dicos de SP confirmam greve para esta quarta-feira (19)","isPartOf":{"@id":"https:\/\/www.suno.com.br\/noticias\/#website"},"primaryImageOfPage":{"@id":"https:\/\/www.suno.com.br\/noticias\/medicos-sao-paulo-confirmam-greve\/#primaryimage"},"image":{"@id":"https:\/\/www.suno.com.br\/noticias\/medicos-sao-paulo-confirmam-greve\/#primaryimage"},"thumbnailUrl":"https:\/\/files.sunoresearch.com.br\/n\/uploads\/2022\/01\/pexels-pixabay-40568-scaled.jpg","datePublished":"2022-01-18T18:33:05+00:00","dateModified":"2022-01-18T19:12:40+00:00","description":"Os m\u00e9dicos do munic\u00edpio de S\u00e3o Paulo confirmam greve para esta quarta-feira (19) por 'melhores condi\u00e7\u00f5es de trabalho'. Veja detalhes.","breadcrumb":{"@id":"https:\/\/www.suno.com.br\/noticias\/medicos-sao-paulo-confirmam-greve\/#breadcrumb"},"inLanguage":"pt-BR","potentialAction":[{"@type":"ReadAction","target":["https:\/\/www.suno.com.br\/noticias\/medicos-sao-paulo-confirmam-greve\/"]}]},{"@type":"ImageObject","inLanguage":"pt-BR","@id":"https:\/\/www.suno.com.br\/noticias\/medicos-sao-paulo-confirmam-greve\/#primaryimage","url":"https:\/\/files.sunoresearch.com.br\/n\/uploads\/2022\/01\/pexels-pixabay-40568-scaled.jpg","contentUrl":"https:\/\/files.sunoresearch.com.br\/n\/uploads\/2022\/01\/pexels-pixabay-40568-scaled.jpg","width":2560,"height":1707,"caption":"M\u00e9dicos de SP confirmam paralisa\u00e7\u00e3o amanh\u00e3. Foto: Pixabay."},{"@type":"BreadcrumbList","@id":"https:\/\/www.suno.com.br\/noticias\/medicos-sao-paulo-confirmam-greve\/#breadcrumb","itemListElement":[{"@type":"ListItem","position":1,"name":"Not\u00edcias","item":"https:\/\/www.suno.com.br\/noticias\/"},{"@type":"ListItem","position":2,"name":"Pol\u00edtica","item":"https:\/\/www.suno.com.br\/noticias\/politica\/"},{"@type":"ListItem","position":3,"name":"M\u00e9dicos de SP confirmam greve para esta quarta-feira (19); veja servi\u00e7os afetados"}]},{"@type":"WebSite","@id":"https:\/\/www.suno.com.br\/noticias\/#website","url":"https:\/\/www.suno.com.br\/noticias\/","name":"Suno Not\u00edcias","description":"Seu portal de informa\u00e7\u00e3o sobre o mundo dos investimentos","publisher":{"@id":"https:\/\/www.suno.com.br\/noticias\/#organization"},"potentialAction":[{"@type":"SearchAction","target":{"@type":"EntryPoint","urlTemplate":"https:\/\/www.suno.com.br\/noticias\/?s={search_term_string}"},"query-input":{"@type":"PropertyValueSpecification","valueRequired":true,"valueName":"search_term_string"}}],"inLanguage":"pt-BR"},{"@type":"Organization","@id":"https:\/\/www.suno.com.br\/noticias\/#organization","name":"Suno Not\u00edcias","url":"https:\/\/www.suno.com.br\/noticias\/","logo":{"@type":"ImageObject","inLanguage":"pt-BR","@id":"https:\/\/www.suno.com.br\/noticias\/#\/schema\/logo\/image\/","url":"https:\/\/files.sunoresearch.com.br\/n\/uploads\/2021\/09\/suno-logo.png","contentUrl":"https:\/\/files.sunoresearch.com.br\/n\/uploads\/2021\/09\/suno-logo.png","width":180,"height":180,"caption":"Suno Not\u00edcias"},"image":{"@id":"https:\/\/www.suno.com.br\/noticias\/#\/schema\/logo\/image\/"},"sameAs":["https:\/\/facebook.com\/sunoresearch","https:\/\/x.com\/sunoresearch","https:\/\/www.instagram.com\/suno","https:\/\/www.linkedin.com\/company\/suno-research\/","https:\/\/www.youtube.com\/c\/sunoresearch"]},{"@type":"Person","@id":"https:\/\/www.suno.com.br\/noticias\/#\/schema\/person\/8d020643938f12a823508eb0e5fda407","name":"Pedro Caramuru","image":{"@type":"ImageObject","inLanguage":"pt-BR","@id":"https:\/\/www.suno.com.br\/noticias\/#\/schema\/person\/image\/","url":"https:\/\/secure.gravatar.com\/avatar\/1a3f15d3553507ae7a2debc6ea0ad87b?s=96&r=g","contentUrl":"https:\/\/secure.gravatar.com\/avatar\/1a3f15d3553507ae7a2debc6ea0ad87b?s=96&r=g","caption":"Pedro Caramuru"},"description":"Rep\u00f3rter de economia, mercado e pol\u00edtica brasileira para o Suno Not\u00edcias. Formado em jornalismo. J\u00e1 escreveu sobre pol\u00edtica e mercados internacionais para o Broadcast e Estad\u00e3o.","url":"https:\/\/www.suno.com.br\/noticias\/author\/pedro-caramurusuno-com-br\/"}]}},"default_loop_html":"<div class=\"cardsPage__listCard__boxs\"><div class=\"cardsPage__listCard__boxs__img\"><a href=\"https:\/\/www.suno.com.br\/noticias\/medicos-sao-paulo-confirmam-greve\/\"><img class=\"mask\" src=\"https:\/\/www.suno.com.br\/noticias\/wp-content\/themes\/suno\/resources\/images\/spotlight\/spotlight1img\/bg-mask.png\" alt=\"Image Mask\"\/><img src=\"https:\/\/files.sunoresearch.com.br\/n\/uploads\/2022\/01\/pexels-pixabay-40568-400x200.jpg\" alt=\"M\u00e9dicos de SP confirmam greve para esta quarta-feira (19); veja servi\u00e7os afetados\"\/><\/a><span class=\"spotlightCategory\"><a href=\"https:\/\/www.suno.com.br\/noticias\/politica\/\">Pol\u00edtica<\/a><\/span><\/div><div class=\"cardsPage__listCard__boxs__content\"><a href=\"https:\/\/www.suno.com.br\/noticias\/medicos-sao-paulo-confirmam-greve\/\"><h2 class=\"content__title\">M\u00e9dicos de SP confirmam greve para esta quarta-feira (19); veja servi\u00e7os afetados<\/h2><\/a><div class=\"newsContent__article__meta\"><div class=\"newsContent__article__meta__authorBox\"><a href=\"https:\/\/www.suno.com.br\/noticias\/author\/pedro-caramurusuno-com-br\/\" class=\"authorBox__avatar noMobi\"><img src=\"https:\/\/secure.gravatar.com\/avatar\/1a3f15d3553507ae7a2debc6ea0ad87b?s=96&#038;r=g\" alt=\"Pedro Caramuru\"><\/a><div class=\"authorBox__name\"><span>por\n\t\t\t<a href=\"https:\/\/www.suno.com.br\/noticias\/author\/pedro-caramurusuno-com-br\/\"><span itemprop=\"author\">Pedro Caramuru<\/span><\/a><\/span><time datetime=\"2022-01-18T15:33:05-03:00\" itemprop=\"datePublished\">18\/01\/2022 15:33<\/time><\/div><\/div><\/div><\/div><\/div>","single_layout":"posts","amp_enabled":true,"_links":{"self":[{"href":"https:\/\/www.suno.com.br\/noticias\/wp-json\/wp\/v2\/posts\/223043"}],"collection":[{"href":"https:\/\/www.suno.com.br\/noticias\/wp-json\/wp\/v2\/posts"}],"about":[{"href":"https:\/\/www.suno.com.br\/noticias\/wp-json\/wp\/v2\/types\/post"}],"author":[{"embeddable":true,"href":"https:\/\/www.suno.com.br\/noticias\/wp-json\/wp\/v2\/users\/145"}],"replies":[{"embeddable":true,"href":"https:\/\/www.suno.com.br\/noticias\/wp-json\/wp\/v2\/comments?post=223043"}],"version-history":[{"count":4,"href":"https:\/\/www.suno.com.br\/noticias\/wp-json\/wp\/v2\/posts\/223043\/revisions"}],"predecessor-version":[{"id":223143,"href":"https:\/\/www.suno.com.br\/noticias\/wp-json\/wp\/v2\/posts\/223043\/revisions\/223143"}],"wp:featuredmedia":[{"embeddable":true,"href":"https:\/\/www.suno.com.br\/noticias\/wp-json\/wp\/v2\/media\/223074"}],"wp:attachment":[{"href":"https:\/\/www.suno.com.br\/noticias\/wp-json\/wp\/v2\/media?parent=223043"}],"wp:term":[{"taxonomy":"category","embeddable":true,"href":"https:\/\/www.suno.com.br\/noticias\/wp-json\/wp\/v2\/categories?post=223043"},{"taxonomy":"post_tag","embeddable":true,"href":"https:\/\/www.suno.com.br\/noticias\/wp-json\/wp\/v2\/tags?post=223043"},{"taxonomy":"suno_strategy","embeddable":true,"href":"https:\/\/www.suno.com.br\/noticias\/wp-json\/wp\/v2\/suno_strategy?post=223043"}],"curies":[{"name":"wp","href":"https:\/\/api.w.org\/{rel}","templated":true}]}}