{"id":222865,"date":"2022-01-18T09:20:11","date_gmt":"2022-01-18T12:20:11","guid":{"rendered":"https:\/\/www.suno.com.br\/noticias\/?p=222865"},"modified":"2022-01-18T09:20:11","modified_gmt":"2022-01-18T12:20:11","slug":"ponta-sul-reduz-novamente-participacao-banco-inter-bidi4","status":"publish","type":"post","link":"https:\/\/www.suno.com.br\/noticias\/ponta-sul-reduz-novamente-participacao-banco-inter-bidi4\/","title":{"rendered":"Ponta Sul Investimentos reduz novamente participa\u00e7\u00e3o no Banco Inter (BIDI4)"},"content":{"rendered":"<p>O<a href=\"https:\/\/www.suno.com.br\/acoes\/BIDI4\/\"><strong> Banco Inter<\/strong> (BIDI4)<\/a> comunicou ao mercado que os fundos da gestora Ponta Sul Investimentos reduziram, novamente, sua participa\u00e7\u00e3o no capital do banco.<\/p>\t<div class=\"wrapper-featured-image\">\n\t\t<figure class=\"spotlightImg\">\n\n\t\t\t<picture>\n\t\t\t\t<source media=\"(max-width: 768px)\" srcset=\"https:\/\/files.sunoresearch.com.br\/n\/uploads\/2021\/06\/dad9092c-fachada_inter-400x200.jpeg\">\n\t\t\t\t<img loading=\"lazy\" decoding=\"async\" class=\"newsContent__article__imgCapa lazyloadDisabled \" src=\"https:\/\/files.sunoresearch.com.br\/n\/uploads\/2021\/06\/dad9092c-fachada_inter-800x450.jpeg\" width=\"800\" height=\"450\" alt=\"Ponta Sul Investimentos reduz novamente participa\u00e7\u00e3o no Banco Inter (BIDI4)\" fetchpriority=high \/>\n\t\t\t<\/picture>\n\n\t\t\t<figcaption class=\"wp-caption-text wp-caption-text--show\">Banco Inter (BIDI11) - Foto: Divulga\u00e7\u00e3o<\/figcaption>\n\t\t<\/figure>\n\t<\/div>\n\n\n\t<p>\n\t\t<a href=\"https:\/\/lp.suno.com.br\/planilha-controle-gastos\/\" target=\"_blank\" data-element=\"shortcode-suno-banner\" title=\"Banner SUNO, clique e saiba mais\">\n\t\t\t<picture>\n\t\t\t\t<source media=\"(max-width: 500px)\" srcset=\"https:\/\/files.sunoresearch.com.br\/n\/uploads\/2023\/03\/400x300-Planilha-controle-de-gastos.png\">\n\t\t\t\t<img class=\"newsContent__article__imgCapa newsContent__article__imgCapa--banner\"\n\t\t\t\t\tsrc=\"https:\/\/files.sunoresearch.com.br\/n\/uploads\/2023\/03\/1420x240-Planilha-controle-de-gastos.png\"\n\t\t\t\t\tdata-promo-id=\"101751\"\t\t\t\t\t\t\t\t\t\twidth='1420' height='240'\t\t\t\t\talt=\"https:\/\/files.sunoresearch.com.br\/n\/uploads\/2023\/03\/1420x240-Planilha-controle-de-gastos.png\"\n\t\t\t\t>\n\t\t\t<\/picture>\n\t\t<\/a>\n\t<\/p>\n\n\n<p>No in\u00edcio de janeiro, a participa\u00e7\u00e3o da Ponta Sul no capital da institui\u00e7\u00e3o financeira era de 11,79%. Mas na semana passada, a gestora decidiu vender as <strong>units do Banco Inter (BIDI11)<\/strong> e passou a deter 7,37% do capital social. Agora, a gestora possui apenas 3,94%.<\/p>\n<p>Segundo o <a class=\"suno-keyword\" href=\"https:\/\/www.suno.com.br\/artigos\/fato-relevante\/\" target=\"_blank\" rel=\"noopener\" data-force=\"no\" data-priority=\"1\">fato relevante<\/a>, a <strong>Ponta Sul Investimentos<\/strong> informou que a aliena\u00e7\u00e3o da participa\u00e7\u00e3o acion\u00e1ria tem por objetivo a mera realiza\u00e7\u00e3o de opera\u00e7\u00f5es financeiras e n\u00e3o objetiva alterar a composi\u00e7\u00e3o do controle ou a estrutura administrativa da companhia.<\/p>\n<p>Ainda segunda a gestora, a participa\u00e7\u00e3o nos fundos inclui a totalidade da exposi\u00e7\u00e3o financeira, seja atrav\u00e9s de a\u00e7\u00f5es e ou <a class=\"suno-keyword\" href=\"https:\/\/www.suno.com.br\/artigos\/instrumentos-financeiros\/\" target=\"_blank\" rel=\"noopener\" data-force=\"no\" data-priority=\"1\">instrumentos financeiros<\/a> derivativos referenciados em tais a\u00e7\u00f5es.<\/p>\n<p>No \u00faltimo preg\u00e3o, segunda-feira (17), as <strong>a\u00e7\u00f5es do Banco Inter<\/strong> encerraram o preg\u00e3o em queda de 1,91%, negociadas a R$ 7,70.<\/p>\n\t<p>\n\t\t<a href=\"https:\/\/lp.suno.com.br\/planilha-da-vida-financeira\/\" target=\"_blank\" data-element=\"shortcode-suno-banner\" title=\"Banner SUNO, clique e saiba mais\">\n\t\t\t<picture>\n\t\t\t\t<source media=\"(max-width: 500px)\" srcset=\"https:\/\/files.sunoresearch.com.br\/n\/uploads\/2023\/04\/400x300-Planilha-vida-financeira-true.png\">\n\t\t\t\t<img class=\"newsContent__article__imgCapa newsContent__article__imgCapa--banner\"\n\t\t\t\t\tsrc=\"https:\/\/files.sunoresearch.com.br\/n\/uploads\/2023\/04\/1420x240-Planilha-vida-financeira-true.png\"\n\t\t\t\t\tdata-promo-id=\"106682\"\t\t\t\t\t\t\t\t\t\twidth='1420' height='240'\t\t\t\t\talt=\"https:\/\/files.sunoresearch.com.br\/n\/uploads\/2023\/04\/1420x240-Planilha-vida-financeira-true.png\"\n\t\t\t\t>\n\t\t\t<\/picture>\n\t\t<\/a>\n\t<\/p>\n\n\n<p><strong>Veja tamb\u00e9m:<\/strong><\/p>\n<h2>Banco Inter lan\u00e7a ferramentas para traders<\/h2>\n<p>O Banco Inter lan\u00e7ou ontem ferramentas e v\u00eddeos educacionais para <strong>traders<\/strong>.<\/p>\n<p>Em entrevista ao jornal <em>Valor Econ\u00f4mico<\/em>, o diretor da <strong>Inter Invest<\/strong>, Felipe Bottino, afirmou que esse nicho n\u00e3o esteve em destaque para a institui\u00e7\u00e3o, mas que uma sondagem de mercado apontou oportunidades para o grupo. As novas ferramentas devem atingir 10% a 20% do p\u00fablico em dois anos.<\/p>\n\t<div data-element=\"shortcode-read-more\" class=\"knowMore\">\n\t\t\t\t<span class=\"knowMore__title\">Saiba Mais<\/span>\n\t\t\t\t<a class=\"knowMore__link\" href=\"https:\/\/www.suno.com.br\/noticias\/banco-inter-bidi4-novas-ferramentas-day-trade\/\">\n\t\t\tBanco Inter (BIDI4) lan\u00e7a ferramentas para traders, diz jornal\t\t<\/a>\n\t<\/div>\n\n\n<p>\u201cEstamos reconstruindo toda uma experi\u00eancia diferente para o p\u00fablico que mais conhece investimentos. O grau de sofistica\u00e7\u00e3o de um <a class=\"suno-keyword\" href=\"https:\/\/www.suno.com.br\/guias\/home-broker\/\" target=\"_blank\" rel=\"noopener\" data-force=\"no\" data-priority=\"2\">home broker<\/a> em rela\u00e7\u00e3o aos traders \u00e9 maior\u201d, disse Bottino. O diretor informou ainda que o Banco Inter firmou contratos com a Solution Tech e da Neologica para desenvolver op\u00e7\u00f5es melhores do que a da concorr\u00eancia.<\/p>\n<p>Conforme reportagem do <em>Valor<\/em>, a companhia tamb\u00e9m tem a inten\u00e7\u00e3o de lan\u00e7ar uma op\u00e7\u00e3o chamada &#8220;Bolsa D+0&#8221;. Desta forma, com o pagamento de uma taxa, o cliente pode receber o valor de suas opera\u00e7\u00f5es sem a necessidade de espera de dois dias de liquida\u00e7\u00e3o da <a class=\"suno-keyword\" href=\"https:\/\/www.suno.com.br\/acoes\/B3SA3\/\" target=\"_blank\" rel=\"noopener\" data-force=\"yes\" data-priority=\"2\">B3 (B3SA3)<\/a>.<\/p>\n<p>Outro ponto divulgado pelo<strong> Banco Inter<\/strong> foi ter chamado Rodrigo Cohen para colaborar no novo projeto. Cohen \u00e9 um day trader com uma d\u00e9cada de conhecimento na \u00e1rea e possui um canal do YouTube com diversos v\u00eddeos sobre o assunto.<\/p>\n\t<p>\n\t\t<a href=\"https:\/\/lp.suno.com.br\/planilha-de-controle-de-investimentos\/\" target=\"_blank\" data-element=\"shortcode-suno-banner\" title=\"Banner SUNO, clique e saiba mais\">\n\t\t\t<picture>\n\t\t\t\t<source media=\"(max-width: 500px)\" srcset=\"https:\/\/files.sunoresearch.com.br\/n\/uploads\/2023\/03\/400x300-Controle-de-Investimentos.png\">\n\t\t\t\t<img class=\"newsContent__article__imgCapa newsContent__article__imgCapa--banner\"\n\t\t\t\t\tsrc=\"https:\/\/files.sunoresearch.com.br\/n\/uploads\/2023\/03\/1420x240-Controle-de-Investimentos.png\"\n\t\t\t\t\tdata-promo-id=\"75934\"\t\t\t\t\t\t\t\t\t\twidth='1420' height='240'\t\t\t\t\talt=\"https:\/\/files.sunoresearch.com.br\/n\/uploads\/2023\/03\/1420x240-Controle-de-Investimentos.png\"\n\t\t\t\t>\n\t\t\t<\/picture>\n\t\t<\/a>\n\t<\/p>\n\n\n","protected":false},"excerpt":{"rendered":"<p>O Banco Inter (BIDI4) comunicou ao mercado que os fundos da gestora Ponta Sul Investimentos reduziram, novamente, sua participa\u00e7\u00e3o no capital do banco. Banco Inter (BIDI11) &#8211; Foto: Divulga\u00e7\u00e3o No in\u00edcio de janeiro, a participa\u00e7\u00e3o da Ponta Sul no capital da institui\u00e7\u00e3o financeira era de 11,79%. Mas na semana passada, a gestora decidiu vender as [&hellip;]<\/p>\n","protected":false},"author":15,"featured_media":154428,"comment_status":"closed","ping_status":"closed","sticky":false,"template":"","format":"standard","meta":[],"categories":[64],"tags":[369,2402],"suno_strategy":[],"class_list":["post-222865","post","type-post","status-publish","format-standard","has-post-thumbnail","hentry","category-negocios","tag-banco-inter-bidi11-bidi4-bidi3","tag-gestoras-de-recursos"],"yoast_head":"<!-- This site is optimized with the Yoast SEO plugin v24.4 - https:\/\/yoast.com\/wordpress\/plugins\/seo\/ -->\n<title>Banco Inter (BIDI4): Ponta Sul reduz novamente participa\u00e7\u00e3o na institui\u00e7\u00e3o<\/title>\n<meta name=\"description\" content=\"No in\u00edcio de janeiro, a participa\u00e7\u00e3o da Ponta Sul no capital do Banco Inter (BIDI4) era de 11,79%, veja quanto est\u00e1 agora.\" \/>\n<meta name=\"robots\" content=\"index, follow, max-snippet:-1, max-image-preview:large, max-video-preview:-1\" \/>\n<link rel=\"canonical\" href=\"https:\/\/www.suno.com.br\/noticias\/ponta-sul-reduz-novamente-participacao-banco-inter-bidi4\/\" \/>\n<meta property=\"og:locale\" content=\"pt_BR\" \/>\n<meta property=\"og:type\" content=\"article\" \/>\n<meta property=\"og:title\" content=\"Banco Inter (BIDI4): Ponta Sul reduz novamente participa\u00e7\u00e3o na institui\u00e7\u00e3o\" \/>\n<meta property=\"og:description\" content=\"No in\u00edcio de janeiro, a participa\u00e7\u00e3o da Ponta Sul no capital do Banco Inter (BIDI4) era de 11,79%, veja quanto est\u00e1 agora.\" \/>\n<meta property=\"og:url\" content=\"https:\/\/www.suno.com.br\/noticias\/ponta-sul-reduz-novamente-participacao-banco-inter-bidi4\/\" \/>\n<meta property=\"og:site_name\" content=\"Suno Not\u00edcias\" \/>\n<meta property=\"article:publisher\" content=\"https:\/\/facebook.com\/sunoresearch\" \/>\n<meta property=\"og:image\" content=\"https:\/\/files.sunoresearch.com.br\/n\/uploads\/2021\/06\/dad9092c-fachada_inter-scaled.jpeg\" \/>\n\t<meta property=\"og:image:width\" content=\"2560\" \/>\n\t<meta property=\"og:image:height\" content=\"1707\" \/>\n\t<meta property=\"og:image:type\" content=\"image\/jpeg\" \/>\n<meta name=\"author\" content=\"Poliana Santos\" \/>\n<meta name=\"twitter:card\" content=\"summary_large_image\" \/>\n<meta name=\"twitter:creator\" content=\"@sunoresearch\" \/>\n<meta name=\"twitter:site\" content=\"@sunoresearch\" \/>\n<meta name=\"twitter:label1\" content=\"Escrito por\" \/>\n\t<meta name=\"twitter:data1\" content=\"Poliana Santos\" \/>\n\t<meta name=\"twitter:label2\" content=\"Est. tempo de leitura\" \/>\n\t<meta name=\"twitter:data2\" content=\"2 minutos\" \/>\n<script type=\"application\/ld+json\" class=\"yoast-schema-graph\">{\"@context\":\"https:\/\/schema.org\",\"@graph\":[{\"@type\":\"NewsArticle\",\"@id\":\"https:\/\/www.suno.com.br\/noticias\/ponta-sul-reduz-novamente-participacao-banco-inter-bidi4\/#article\",\"isPartOf\":{\"@id\":\"https:\/\/www.suno.com.br\/noticias\/ponta-sul-reduz-novamente-participacao-banco-inter-bidi4\/\"},\"author\":{\"name\":\"Poliana Santos\",\"@id\":\"https:\/\/www.suno.com.br\/noticias\/#\/schema\/person\/02ec1f752758247878a2bf4abee1aeda\"},\"headline\":\"Ponta Sul Investimentos reduz novamente participa\u00e7\u00e3o no Banco Inter (BIDI4)\",\"datePublished\":\"2022-01-18T12:20:11+00:00\",\"mainEntityOfPage\":{\"@id\":\"https:\/\/www.suno.com.br\/noticias\/ponta-sul-reduz-novamente-participacao-banco-inter-bidi4\/\"},\"wordCount\":422,\"publisher\":{\"@id\":\"https:\/\/www.suno.com.br\/noticias\/#organization\"},\"image\":{\"@id\":\"https:\/\/www.suno.com.br\/noticias\/ponta-sul-reduz-novamente-participacao-banco-inter-bidi4\/#primaryimage\"},\"thumbnailUrl\":\"https:\/\/files.sunoresearch.com.br\/n\/uploads\/2021\/06\/dad9092c-fachada_inter-scaled.jpeg\",\"keywords\":[\"Banco Inter (BIDI11\/BIDI4\/BIDI3)\",\"Gestoras de Recursos\"],\"articleSection\":[\"Neg\u00f3cios\"],\"inLanguage\":\"pt-BR\"},{\"@type\":\"WebPage\",\"@id\":\"https:\/\/www.suno.com.br\/noticias\/ponta-sul-reduz-novamente-participacao-banco-inter-bidi4\/\",\"url\":\"https:\/\/www.suno.com.br\/noticias\/ponta-sul-reduz-novamente-participacao-banco-inter-bidi4\/\",\"name\":\"Banco Inter (BIDI4): Ponta Sul reduz novamente participa\u00e7\u00e3o na institui\u00e7\u00e3o\",\"isPartOf\":{\"@id\":\"https:\/\/www.suno.com.br\/noticias\/#website\"},\"primaryImageOfPage\":{\"@id\":\"https:\/\/www.suno.com.br\/noticias\/ponta-sul-reduz-novamente-participacao-banco-inter-bidi4\/#primaryimage\"},\"image\":{\"@id\":\"https:\/\/www.suno.com.br\/noticias\/ponta-sul-reduz-novamente-participacao-banco-inter-bidi4\/#primaryimage\"},\"thumbnailUrl\":\"https:\/\/files.sunoresearch.com.br\/n\/uploads\/2021\/06\/dad9092c-fachada_inter-scaled.jpeg\",\"datePublished\":\"2022-01-18T12:20:11+00:00\",\"description\":\"No in\u00edcio de janeiro, a participa\u00e7\u00e3o da Ponta Sul no capital do Banco Inter (BIDI4) era de 11,79%, veja quanto est\u00e1 agora.\",\"breadcrumb\":{\"@id\":\"https:\/\/www.suno.com.br\/noticias\/ponta-sul-reduz-novamente-participacao-banco-inter-bidi4\/#breadcrumb\"},\"inLanguage\":\"pt-BR\",\"potentialAction\":[{\"@type\":\"ReadAction\",\"target\":[\"https:\/\/www.suno.com.br\/noticias\/ponta-sul-reduz-novamente-participacao-banco-inter-bidi4\/\"]}]},{\"@type\":\"ImageObject\",\"inLanguage\":\"pt-BR\",\"@id\":\"https:\/\/www.suno.com.br\/noticias\/ponta-sul-reduz-novamente-participacao-banco-inter-bidi4\/#primaryimage\",\"url\":\"https:\/\/files.sunoresearch.com.br\/n\/uploads\/2021\/06\/dad9092c-fachada_inter-scaled.jpeg\",\"contentUrl\":\"https:\/\/files.sunoresearch.com.br\/n\/uploads\/2021\/06\/dad9092c-fachada_inter-scaled.jpeg\",\"width\":2560,\"height\":1707,\"caption\":\"Banco Inter (BIDI11) - Foto: Divulga\u00e7\u00e3o\"},{\"@type\":\"BreadcrumbList\",\"@id\":\"https:\/\/www.suno.com.br\/noticias\/ponta-sul-reduz-novamente-participacao-banco-inter-bidi4\/#breadcrumb\",\"itemListElement\":[{\"@type\":\"ListItem\",\"position\":1,\"name\":\"Not\u00edcias\",\"item\":\"https:\/\/www.suno.com.br\/noticias\/\"},{\"@type\":\"ListItem\",\"position\":2,\"name\":\"Neg\u00f3cios\",\"item\":\"https:\/\/www.suno.com.br\/noticias\/negocios\/\"},{\"@type\":\"ListItem\",\"position\":3,\"name\":\"Ponta Sul Investimentos reduz novamente participa\u00e7\u00e3o no Banco Inter (BIDI4)\"}]},{\"@type\":\"WebSite\",\"@id\":\"https:\/\/www.suno.com.br\/noticias\/#website\",\"url\":\"https:\/\/www.suno.com.br\/noticias\/\",\"name\":\"Suno Not\u00edcias\",\"description\":\"Seu portal de informa\u00e7\u00e3o sobre o mundo dos investimentos\",\"publisher\":{\"@id\":\"https:\/\/www.suno.com.br\/noticias\/#organization\"},\"potentialAction\":[{\"@type\":\"SearchAction\",\"target\":{\"@type\":\"EntryPoint\",\"urlTemplate\":\"https:\/\/www.suno.com.br\/noticias\/?s={search_term_string}\"},\"query-input\":{\"@type\":\"PropertyValueSpecification\",\"valueRequired\":true,\"valueName\":\"search_term_string\"}}],\"inLanguage\":\"pt-BR\"},{\"@type\":\"Organization\",\"@id\":\"https:\/\/www.suno.com.br\/noticias\/#organization\",\"name\":\"Suno Not\u00edcias\",\"url\":\"https:\/\/www.suno.com.br\/noticias\/\",\"logo\":{\"@type\":\"ImageObject\",\"inLanguage\":\"pt-BR\",\"@id\":\"https:\/\/www.suno.com.br\/noticias\/#\/schema\/logo\/image\/\",\"url\":\"https:\/\/files.sunoresearch.com.br\/n\/uploads\/2021\/09\/suno-logo.png\",\"contentUrl\":\"https:\/\/files.sunoresearch.com.br\/n\/uploads\/2021\/09\/suno-logo.png\",\"width\":180,\"height\":180,\"caption\":\"Suno Not\u00edcias\"},\"image\":{\"@id\":\"https:\/\/www.suno.com.br\/noticias\/#\/schema\/logo\/image\/\"},\"sameAs\":[\"https:\/\/facebook.com\/sunoresearch\",\"https:\/\/x.com\/sunoresearch\",\"https:\/\/www.instagram.com\/suno\",\"https:\/\/www.linkedin.com\/company\/suno-research\/\",\"https:\/\/www.youtube.com\/c\/sunoresearch\"]},{\"@type\":\"Person\",\"@id\":\"https:\/\/www.suno.com.br\/noticias\/#\/schema\/person\/02ec1f752758247878a2bf4abee1aeda\",\"name\":\"Poliana Santos\",\"image\":{\"@type\":\"ImageObject\",\"inLanguage\":\"pt-BR\",\"@id\":\"https:\/\/www.suno.com.br\/noticias\/#\/schema\/person\/image\/\",\"url\":\"https:\/\/secure.gravatar.com\/avatar\/0645bd32f23d87b2130f2b2dff1d3f8d?s=96&r=g\",\"contentUrl\":\"https:\/\/secure.gravatar.com\/avatar\/0645bd32f23d87b2130f2b2dff1d3f8d?s=96&r=g\",\"caption\":\"Poliana Santos\"},\"description\":\"Rep\u00f3rter no Suno Not\u00edcias, com cobertura em mercado financeiro, economia, finan\u00e7as pessoais, renda fixa e varejo. Jornalista formada pela Faculdade C\u00e1sper L\u00edbero e possui passagem na R\u00e1dio Gazeta AM com a produ\u00e7\u00e3o de conte\u00fado sobre economia, pol\u00edtica, sa\u00fade, moda e m\u00fasica. Possui certificado de conclus\u00e3o do curso de An\u00e1lise de Balan\u00e7os pela Funda\u00e7\u00e3o Bradesco, Agenda Brasil pela FAAP, Educa\u00e7\u00e3o Pol\u00edtica por Alexandre Garcia e do Tesouro Direto e Mercado de A\u00e7\u00f5es pela B3.\",\"url\":\"https:\/\/www.suno.com.br\/noticias\/author\/poliana-santos\/\"}]}<\/script>\n<!-- \/ Yoast SEO plugin. -->","yoast_head_json":{"title":"Banco Inter (BIDI4): Ponta Sul reduz novamente participa\u00e7\u00e3o na institui\u00e7\u00e3o","description":"No in\u00edcio de janeiro, a participa\u00e7\u00e3o da Ponta Sul no capital do Banco Inter (BIDI4) era de 11,79%, veja quanto est\u00e1 agora.","robots":{"index":"index","follow":"follow","max-snippet":"max-snippet:-1","max-image-preview":"max-image-preview:large","max-video-preview":"max-video-preview:-1"},"canonical":"https:\/\/www.suno.com.br\/noticias\/ponta-sul-reduz-novamente-participacao-banco-inter-bidi4\/","og_locale":"pt_BR","og_type":"article","og_title":"Banco Inter (BIDI4): Ponta Sul reduz novamente participa\u00e7\u00e3o na institui\u00e7\u00e3o","og_description":"No in\u00edcio de janeiro, a participa\u00e7\u00e3o da Ponta Sul no capital do Banco Inter (BIDI4) era de 11,79%, veja quanto est\u00e1 agora.","og_url":"https:\/\/www.suno.com.br\/noticias\/ponta-sul-reduz-novamente-participacao-banco-inter-bidi4\/","og_site_name":"Suno Not\u00edcias","article_publisher":"https:\/\/facebook.com\/sunoresearch","og_image":[{"width":2560,"height":1707,"url":"https:\/\/files.sunoresearch.com.br\/n\/uploads\/2021\/06\/dad9092c-fachada_inter-scaled.jpeg","type":"image\/jpeg"}],"author":"Poliana Santos","twitter_card":"summary_large_image","twitter_creator":"@sunoresearch","twitter_site":"@sunoresearch","twitter_misc":{"Escrito por":"Poliana Santos","Est. tempo de leitura":"2 minutos"},"schema":{"@context":"https:\/\/schema.org","@graph":[{"@type":"NewsArticle","@id":"https:\/\/www.suno.com.br\/noticias\/ponta-sul-reduz-novamente-participacao-banco-inter-bidi4\/#article","isPartOf":{"@id":"https:\/\/www.suno.com.br\/noticias\/ponta-sul-reduz-novamente-participacao-banco-inter-bidi4\/"},"author":{"name":"Poliana Santos","@id":"https:\/\/www.suno.com.br\/noticias\/#\/schema\/person\/02ec1f752758247878a2bf4abee1aeda"},"headline":"Ponta Sul Investimentos reduz novamente participa\u00e7\u00e3o no Banco Inter (BIDI4)","datePublished":"2022-01-18T12:20:11+00:00","mainEntityOfPage":{"@id":"https:\/\/www.suno.com.br\/noticias\/ponta-sul-reduz-novamente-participacao-banco-inter-bidi4\/"},"wordCount":422,"publisher":{"@id":"https:\/\/www.suno.com.br\/noticias\/#organization"},"image":{"@id":"https:\/\/www.suno.com.br\/noticias\/ponta-sul-reduz-novamente-participacao-banco-inter-bidi4\/#primaryimage"},"thumbnailUrl":"https:\/\/files.sunoresearch.com.br\/n\/uploads\/2021\/06\/dad9092c-fachada_inter-scaled.jpeg","keywords":["Banco Inter (BIDI11\/BIDI4\/BIDI3)","Gestoras de Recursos"],"articleSection":["Neg\u00f3cios"],"inLanguage":"pt-BR"},{"@type":"WebPage","@id":"https:\/\/www.suno.com.br\/noticias\/ponta-sul-reduz-novamente-participacao-banco-inter-bidi4\/","url":"https:\/\/www.suno.com.br\/noticias\/ponta-sul-reduz-novamente-participacao-banco-inter-bidi4\/","name":"Banco Inter (BIDI4): Ponta Sul reduz novamente participa\u00e7\u00e3o na institui\u00e7\u00e3o","isPartOf":{"@id":"https:\/\/www.suno.com.br\/noticias\/#website"},"primaryImageOfPage":{"@id":"https:\/\/www.suno.com.br\/noticias\/ponta-sul-reduz-novamente-participacao-banco-inter-bidi4\/#primaryimage"},"image":{"@id":"https:\/\/www.suno.com.br\/noticias\/ponta-sul-reduz-novamente-participacao-banco-inter-bidi4\/#primaryimage"},"thumbnailUrl":"https:\/\/files.sunoresearch.com.br\/n\/uploads\/2021\/06\/dad9092c-fachada_inter-scaled.jpeg","datePublished":"2022-01-18T12:20:11+00:00","description":"No in\u00edcio de janeiro, a participa\u00e7\u00e3o da Ponta Sul no capital do Banco Inter (BIDI4) era de 11,79%, veja quanto est\u00e1 agora.","breadcrumb":{"@id":"https:\/\/www.suno.com.br\/noticias\/ponta-sul-reduz-novamente-participacao-banco-inter-bidi4\/#breadcrumb"},"inLanguage":"pt-BR","potentialAction":[{"@type":"ReadAction","target":["https:\/\/www.suno.com.br\/noticias\/ponta-sul-reduz-novamente-participacao-banco-inter-bidi4\/"]}]},{"@type":"ImageObject","inLanguage":"pt-BR","@id":"https:\/\/www.suno.com.br\/noticias\/ponta-sul-reduz-novamente-participacao-banco-inter-bidi4\/#primaryimage","url":"https:\/\/files.sunoresearch.com.br\/n\/uploads\/2021\/06\/dad9092c-fachada_inter-scaled.jpeg","contentUrl":"https:\/\/files.sunoresearch.com.br\/n\/uploads\/2021\/06\/dad9092c-fachada_inter-scaled.jpeg","width":2560,"height":1707,"caption":"Banco Inter (BIDI11) - Foto: Divulga\u00e7\u00e3o"},{"@type":"BreadcrumbList","@id":"https:\/\/www.suno.com.br\/noticias\/ponta-sul-reduz-novamente-participacao-banco-inter-bidi4\/#breadcrumb","itemListElement":[{"@type":"ListItem","position":1,"name":"Not\u00edcias","item":"https:\/\/www.suno.com.br\/noticias\/"},{"@type":"ListItem","position":2,"name":"Neg\u00f3cios","item":"https:\/\/www.suno.com.br\/noticias\/negocios\/"},{"@type":"ListItem","position":3,"name":"Ponta Sul Investimentos reduz novamente participa\u00e7\u00e3o no Banco Inter (BIDI4)"}]},{"@type":"WebSite","@id":"https:\/\/www.suno.com.br\/noticias\/#website","url":"https:\/\/www.suno.com.br\/noticias\/","name":"Suno Not\u00edcias","description":"Seu portal de informa\u00e7\u00e3o sobre o mundo dos investimentos","publisher":{"@id":"https:\/\/www.suno.com.br\/noticias\/#organization"},"potentialAction":[{"@type":"SearchAction","target":{"@type":"EntryPoint","urlTemplate":"https:\/\/www.suno.com.br\/noticias\/?s={search_term_string}"},"query-input":{"@type":"PropertyValueSpecification","valueRequired":true,"valueName":"search_term_string"}}],"inLanguage":"pt-BR"},{"@type":"Organization","@id":"https:\/\/www.suno.com.br\/noticias\/#organization","name":"Suno Not\u00edcias","url":"https:\/\/www.suno.com.br\/noticias\/","logo":{"@type":"ImageObject","inLanguage":"pt-BR","@id":"https:\/\/www.suno.com.br\/noticias\/#\/schema\/logo\/image\/","url":"https:\/\/files.sunoresearch.com.br\/n\/uploads\/2021\/09\/suno-logo.png","contentUrl":"https:\/\/files.sunoresearch.com.br\/n\/uploads\/2021\/09\/suno-logo.png","width":180,"height":180,"caption":"Suno Not\u00edcias"},"image":{"@id":"https:\/\/www.suno.com.br\/noticias\/#\/schema\/logo\/image\/"},"sameAs":["https:\/\/facebook.com\/sunoresearch","https:\/\/x.com\/sunoresearch","https:\/\/www.instagram.com\/suno","https:\/\/www.linkedin.com\/company\/suno-research\/","https:\/\/www.youtube.com\/c\/sunoresearch"]},{"@type":"Person","@id":"https:\/\/www.suno.com.br\/noticias\/#\/schema\/person\/02ec1f752758247878a2bf4abee1aeda","name":"Poliana Santos","image":{"@type":"ImageObject","inLanguage":"pt-BR","@id":"https:\/\/www.suno.com.br\/noticias\/#\/schema\/person\/image\/","url":"https:\/\/secure.gravatar.com\/avatar\/0645bd32f23d87b2130f2b2dff1d3f8d?s=96&r=g","contentUrl":"https:\/\/secure.gravatar.com\/avatar\/0645bd32f23d87b2130f2b2dff1d3f8d?s=96&r=g","caption":"Poliana Santos"},"description":"Rep\u00f3rter no Suno Not\u00edcias, com cobertura em mercado financeiro, economia, finan\u00e7as pessoais, renda fixa e varejo. Jornalista formada pela Faculdade C\u00e1sper L\u00edbero e possui passagem na R\u00e1dio Gazeta AM com a produ\u00e7\u00e3o de conte\u00fado sobre economia, pol\u00edtica, sa\u00fade, moda e m\u00fasica. Possui certificado de conclus\u00e3o do curso de An\u00e1lise de Balan\u00e7os pela Funda\u00e7\u00e3o Bradesco, Agenda Brasil pela FAAP, Educa\u00e7\u00e3o Pol\u00edtica por Alexandre Garcia e do Tesouro Direto e Mercado de A\u00e7\u00f5es pela B3.","url":"https:\/\/www.suno.com.br\/noticias\/author\/poliana-santos\/"}]}},"default_loop_html":"<div class=\"cardsPage__listCard__boxs\"><div class=\"cardsPage__listCard__boxs__img\"><a href=\"https:\/\/www.suno.com.br\/noticias\/ponta-sul-reduz-novamente-participacao-banco-inter-bidi4\/\"><img class=\"mask\" src=\"https:\/\/www.suno.com.br\/noticias\/wp-content\/themes\/suno\/resources\/images\/spotlight\/spotlight1img\/bg-mask.png\" alt=\"Image Mask\"\/><img src=\"https:\/\/files.sunoresearch.com.br\/n\/uploads\/2021\/06\/dad9092c-fachada_inter-400x200.jpeg\" alt=\"Ponta Sul Investimentos reduz novamente participa\u00e7\u00e3o no Banco Inter (BIDI4)\"\/><\/a><span class=\"spotlightCategory\"><a href=\"https:\/\/www.suno.com.br\/noticias\/negocios\/\">Neg\u00f3cios<\/a><\/span><\/div><div class=\"cardsPage__listCard__boxs__content\"><a href=\"https:\/\/www.suno.com.br\/noticias\/ponta-sul-reduz-novamente-participacao-banco-inter-bidi4\/\"><h2 class=\"content__title\">Ponta Sul Investimentos reduz novamente participa\u00e7\u00e3o no Banco Inter (BIDI4)<\/h2><\/a><div class=\"newsContent__article__meta\"><div class=\"newsContent__article__meta__authorBox\"><a href=\"https:\/\/www.suno.com.br\/noticias\/author\/poliana-santos\/\" class=\"authorBox__avatar noMobi\"><img src=\"https:\/\/files.sunoresearch.com.br\/n\/uploads\/2020\/08\/7ef34026-whatsapp-image-2020-08-03-at-12.37.57-150x150.webp\" alt=\"Poliana Santos\"><\/a><div class=\"authorBox__name\"><span>por\n\t\t\t<a href=\"https:\/\/www.suno.com.br\/noticias\/author\/poliana-santos\/\"><span itemprop=\"author\">Poliana Santos<\/span><\/a><\/span><time datetime=\"2022-01-18T09:20:11-03:00\" itemprop=\"datePublished\">18\/01\/2022 09:20<\/time><\/div><\/div><\/div><\/div><\/div>","single_layout":"posts","amp_enabled":true,"_links":{"self":[{"href":"https:\/\/www.suno.com.br\/noticias\/wp-json\/wp\/v2\/posts\/222865"}],"collection":[{"href":"https:\/\/www.suno.com.br\/noticias\/wp-json\/wp\/v2\/posts"}],"about":[{"href":"https:\/\/www.suno.com.br\/noticias\/wp-json\/wp\/v2\/types\/post"}],"author":[{"embeddable":true,"href":"https:\/\/www.suno.com.br\/noticias\/wp-json\/wp\/v2\/users\/15"}],"replies":[{"embeddable":true,"href":"https:\/\/www.suno.com.br\/noticias\/wp-json\/wp\/v2\/comments?post=222865"}],"version-history":[{"count":4,"href":"https:\/\/www.suno.com.br\/noticias\/wp-json\/wp\/v2\/posts\/222865\/revisions"}],"predecessor-version":[{"id":222887,"href":"https:\/\/www.suno.com.br\/noticias\/wp-json\/wp\/v2\/posts\/222865\/revisions\/222887"}],"wp:featuredmedia":[{"embeddable":true,"href":"https:\/\/www.suno.com.br\/noticias\/wp-json\/wp\/v2\/media\/154428"}],"wp:attachment":[{"href":"https:\/\/www.suno.com.br\/noticias\/wp-json\/wp\/v2\/media?parent=222865"}],"wp:term":[{"taxonomy":"category","embeddable":true,"href":"https:\/\/www.suno.com.br\/noticias\/wp-json\/wp\/v2\/categories?post=222865"},{"taxonomy":"post_tag","embeddable":true,"href":"https:\/\/www.suno.com.br\/noticias\/wp-json\/wp\/v2\/tags?post=222865"},{"taxonomy":"suno_strategy","embeddable":true,"href":"https:\/\/www.suno.com.br\/noticias\/wp-json\/wp\/v2\/suno_strategy?post=222865"}],"curies":[{"name":"wp","href":"https:\/\/api.w.org\/{rel}","templated":true}]}}