{"id":222476,"date":"2022-01-17T12:24:33","date_gmt":"2022-01-17T15:24:33","guid":{"rendered":"https:\/\/www.suno.com.br\/noticias\/?p=222476"},"modified":"2022-01-17T12:24:50","modified_gmt":"2022-01-17T15:24:50","slug":"servidores-greve-bc-banco-central-greve","status":"publish","type":"post","link":"https:\/\/www.suno.com.br\/noticias\/servidores-greve-bc-banco-central-greve\/","title":{"rendered":"Mais da metade dos servidores do Banco Central devem aderir \u00e0 greve, diz sindicato"},"content":{"rendered":"<p>O Sindicato Nacional de Funcion\u00e1rios do Banco Central (Sinal), entidade que representa analistas e t\u00e9cnicos da <a href=\"https:\/\/www.suno.com.br\/artigos\/politica-monetaria\">autoridade monet\u00e1ria<\/a>, projeta uma participa\u00e7\u00e3o de mais de 50% dos <strong>servidores<\/strong> do banco na paralisa\u00e7\u00e3o marcada para ter\u00e7a-feira (18), de 10h \u00e0s 12h, em protesto por reajustes salariais.<\/p>\t<div class=\"wrapper-featured-image\">\n\t\t<figure class=\"spotlightImg\">\n\n\t\t\t<picture>\n\t\t\t\t<source media=\"(max-width: 768px)\" srcset=\"https:\/\/files.sunoresearch.com.br\/n\/uploads\/2021\/12\/BancoCentral-400x200.jpg\">\n\t\t\t\t<img loading=\"lazy\" decoding=\"async\" class=\"newsContent__article__imgCapa lazyloadDisabled \" src=\"https:\/\/files.sunoresearch.com.br\/n\/uploads\/2021\/12\/BancoCentral-800x450.jpg\" width=\"800\" height=\"450\" alt=\"Mais da metade dos servidores do Banco Central devem aderir \u00e0 greve, diz sindicato\" fetchpriority=high \/>\n\t\t\t<\/picture>\n\n\t\t\t<figcaption class=\"wp-caption-text wp-caption-text--show\">Banco Central teve quedas no sistema de busca ao &#039;dinheiro esquecido&#039; nos primeiros dias de funcionamento  - Foto: Marcello Casal Jr.\/Ag\u00eancia Brasil<\/figcaption>\n\t\t<\/figure>\n\t<\/div>\n\n\n\t<p>\n\t\t<a href=\"https:\/\/lp.suno.com.br\/planilha-controle-gastos\/\" target=\"_blank\" data-element=\"shortcode-suno-banner\" title=\"Banner SUNO, clique e saiba mais\">\n\t\t\t<picture>\n\t\t\t\t<source media=\"(max-width: 500px)\" srcset=\"https:\/\/files.sunoresearch.com.br\/n\/uploads\/2023\/03\/400x300-Planilha-controle-de-gastos.png\">\n\t\t\t\t<img class=\"newsContent__article__imgCapa newsContent__article__imgCapa--banner\"\n\t\t\t\t\tsrc=\"https:\/\/files.sunoresearch.com.br\/n\/uploads\/2023\/03\/1420x240-Planilha-controle-de-gastos.png\"\n\t\t\t\t\tdata-promo-id=\"101751\"\t\t\t\t\t\t\t\t\t\twidth='1420' height='240'\t\t\t\t\talt=\"https:\/\/files.sunoresearch.com.br\/n\/uploads\/2023\/03\/1420x240-Planilha-controle-de-gastos.png\"\n\t\t\t\t>\n\t\t\t<\/picture>\n\t\t<\/a>\n\t<\/p>\n\n\n<p>Neste hor\u00e1rio, est\u00e1 previsto um ato dos servidores em frente \u00e0 sede do <a href=\"https:\/\/www.suno.com.br\/artigos\/bacen\/\"><strong>Banco Central<\/strong><\/a>, em Bras\u00edlia, em a\u00e7\u00e3o conjunta com o F\u00f3rum Nacional Permanente de Carreiras T\u00edpicas de Estado (Fonacate).<\/p>\n<p>De 14h \u00e0s 15h, tamb\u00e9m haver\u00e1 um protesto de funcion\u00e1rios p\u00fablicos em frente ao <a class=\"suno-keyword\" href=\"https:\/\/www.suno.com.br\/artigos\/ministerio-da-economia\/\" target=\"_blank\" rel=\"noopener\" data-force=\"no\" data-priority=\"3\">Minist\u00e9rio da Economia<\/a>.<\/p>\n\n\t<div data-element=\"shortcode-read-more\" class=\"readToo\">\n\t\t\t\t<span class=\"readToo__title\">Leia mais<\/span>\n\t\t\t\t<ul class=\"readToo__list\">\n\t\t\t<li><a href=\"https:\/\/www.suno.com.br\/noticias\/dolar-hoje-volatil-17012022\/\">D\u00f3lar est\u00e1 vol\u00e1til em meio liquidez fraca por feriado nos EUA e ap\u00f3s dados<\/a><\/li><li><a href=\"https:\/\/www.suno.com.br\/noticias\/ibc-br-previa-pib-novembro-2021\/\">IBC-Br, pr\u00e9via do PIB, avan\u00e7a 0,69% em novembro, acima das expectativas<\/a><\/li>\t\t<\/ul>\n\t<\/div>\n\n\n<p>O presidente do <strong>Sinal<\/strong>, F\u00e1bio Faiad, afirma que os servi\u00e7os essenciais do <strong>BC<\/strong> ser\u00e3o mantidos durante a paralisa\u00e7\u00e3o de 10h \u00e0s 12h. Contudo, outros servi\u00e7os podem ser afetados.<\/p>\n<p>Segundo Faiad, pode haver suspens\u00e3o ou interrup\u00e7\u00e3o do atendimento ao p\u00fablico, da distribui\u00e7\u00e3o do meio circulante, da presta\u00e7\u00e3o de informa\u00e7\u00f5es ao <a href=\"https:\/\/www.suno.com.br\/artigos\/mercado-financeiro\"><strong>sistema financeiro<\/strong><\/a>, da manuten\u00e7\u00e3o de inform\u00e1tica (hardware e software) do BC e do acesso dos bancos a alguns sistemas de informa\u00e7\u00e3o, entre outros poss\u00edveis impactos.<\/p>\n<p>&#8220;\u00c9 uma paralisa\u00e7\u00e3o inicial de advert\u00eancia sem prejudicar os servi\u00e7os essenciais. S\u00f3 para dar um aviso.&#8221;<\/p>\n\t<p>\n\t\t<a href=\"https:\/\/lp.suno.com.br\/planilha-da-vida-financeira\/\" target=\"_blank\" data-element=\"shortcode-suno-banner\" title=\"Banner SUNO, clique e saiba mais\">\n\t\t\t<picture>\n\t\t\t\t<source media=\"(max-width: 500px)\" srcset=\"https:\/\/files.sunoresearch.com.br\/n\/uploads\/2023\/04\/400x300-Planilha-vida-financeira-true.png\">\n\t\t\t\t<img class=\"newsContent__article__imgCapa newsContent__article__imgCapa--banner\"\n\t\t\t\t\tsrc=\"https:\/\/files.sunoresearch.com.br\/n\/uploads\/2023\/04\/1420x240-Planilha-vida-financeira-true.png\"\n\t\t\t\t\tdata-promo-id=\"106682\"\t\t\t\t\t\t\t\t\t\twidth='1420' height='240'\t\t\t\t\talt=\"https:\/\/files.sunoresearch.com.br\/n\/uploads\/2023\/04\/1420x240-Planilha-vida-financeira-true.png\"\n\t\t\t\t>\n\t\t\t<\/picture>\n\t\t<\/a>\n\t<\/p>\n\n\n<h2>Sindicato prev\u00ea entrega de cargos de servidores<\/h2>\n<p>Conforme o <strong>sindicato<\/strong>, cerca de 500 servidores em fun\u00e7\u00f5es de chefia e substitutos j\u00e1 se comprometeram a entregar os cargos caso n\u00e3o haja avan\u00e7os nas negocia\u00e7\u00f5es.<\/p>\n<p>Al\u00e9m disso, outros 1.500 funcion\u00e1rios aderiram ao movimento, se comprometendo a n\u00e3o assumir os cargos vagos. H\u00e1 3.500 servidores no BC.<\/p>\n\t<p>\n\t\t<a href=\"https:\/\/lp.suno.com.br\/ebook-como-analisar-uma-acao\/\" target=\"_blank\" data-element=\"shortcode-suno-banner\" title=\"Banner SUNO, clique e saiba mais\">\n\t\t\t<picture>\n\t\t\t\t<source media=\"(max-width: 500px)\" srcset=\"https:\/\/files.sunoresearch.com.br\/n\/uploads\/2023\/03\/Ebook-Acoes-Mobile-1.jpg\">\n\t\t\t\t<img class=\"newsContent__article__imgCapa newsContent__article__imgCapa--banner\"\n\t\t\t\t\tsrc=\"https:\/\/files.sunoresearch.com.br\/n\/uploads\/2023\/03\/Ebook-Acoes-Desktop-1.jpg\"\n\t\t\t\t\tdata-promo-id=\"171998\"\t\t\t\t\t\t\t\t\t\twidth='1420' height='286'\t\t\t\t\talt=\"https:\/\/files.sunoresearch.com.br\/n\/uploads\/2023\/03\/Ebook-Acoes-Desktop-1.jpg\"\n\t\t\t\t>\n\t\t\t<\/picture>\n\t\t<\/a>\n\t<\/p>\n\n\n<p>O movimento no \u00f3rg\u00e3o faz parte de uma mobiliza\u00e7\u00e3o mais ampla de servidores federais, iniciada com a indica\u00e7\u00e3o do presidente Jair Bolsonaro de que somente carreiras policiais seriam contempladas com reajuste em 2022. Desde ent\u00e3o, o presidente voltou atr\u00e1s.<\/p>\n<p>No Or\u00e7amento deste ano, ainda n\u00e3o sancionado, h\u00e1 R$ 1,7 bilh\u00e3o reservados para aumento do funcionalismo. Al\u00e9m do reajuste, a mobiliza\u00e7\u00e3o no BC pede pela reestrutura\u00e7\u00e3o da carreira dos t\u00e9cnicos e analistas, com demandas sem impacto financeiro, segundo o Sinal.<\/p>\n<p>Na semana passada, os sindicatos de funcion\u00e1rios do BC se reuniram com o presidente da autarquia, <strong><a class=\"suno-keyword\" href=\"https:\/\/www.suno.com.br\/tudo-sobre\/roberto-campos-neto\/\" target=\"_blank\" rel=\"noopener\" data-force=\"no\" data-priority=\"2\">Roberto Campos Neto<\/a><\/strong>.<\/p>\n<p>Mas as entidades sa\u00edram insatisfeitas do encontro que ocorreu de forma virtual, j\u00e1 que n\u00e3o houve propostas concretas. Segundo Faiad, Campos Neto j\u00e1 se comprometeu com uma nova reuni\u00e3o no fim deste m\u00eas, mas ainda n\u00e3o h\u00e1 data definida.<\/p>\n<p>&#8220;Esperamos que, no finalzinho de janeiro, na nova reuni\u00e3o j\u00e1 agendada com o presidente do BC, haja uma proposta concreta. Caso contr\u00e1rio, passaremos a debater a proposta de greve por tempo indeterminado em fevereiro&#8221;, refor\u00e7a o presidente do Sinal, falando sobre a paralisa\u00e7\u00e3o dos <strong>servidores<\/strong>.<\/p>\n<p><em>Com informa\u00e7\u00f5es do Estad\u00e3o Conte\u00fado<\/em><\/p>\n\t<p>\n\t\t<a href=\"https:\/\/lp.suno.com.br\/planilha-de-controle-de-investimentos\/\" target=\"_blank\" data-element=\"shortcode-suno-banner\" title=\"Banner SUNO, clique e saiba mais\">\n\t\t\t<picture>\n\t\t\t\t<source media=\"(max-width: 500px)\" srcset=\"https:\/\/files.sunoresearch.com.br\/n\/uploads\/2023\/03\/400x300-Controle-de-Investimentos.png\">\n\t\t\t\t<img class=\"newsContent__article__imgCapa newsContent__article__imgCapa--banner\"\n\t\t\t\t\tsrc=\"https:\/\/files.sunoresearch.com.br\/n\/uploads\/2023\/03\/1420x240-Controle-de-Investimentos.png\"\n\t\t\t\t\tdata-promo-id=\"75934\"\t\t\t\t\t\t\t\t\t\twidth='1420' height='240'\t\t\t\t\talt=\"https:\/\/files.sunoresearch.com.br\/n\/uploads\/2023\/03\/1420x240-Controle-de-Investimentos.png\"\n\t\t\t\t>\n\t\t\t<\/picture>\n\t\t<\/a>\n\t<\/p>\n\n\n","protected":false},"excerpt":{"rendered":"<p>O Sindicato Nacional de Funcion\u00e1rios do Banco Central (Sinal), entidade que representa analistas e t\u00e9cnicos da autoridade monet\u00e1ria, projeta uma participa\u00e7\u00e3o de mais de 50% dos servidores do banco na paralisa\u00e7\u00e3o marcada para ter\u00e7a-feira (18), de 10h \u00e0s 12h, em protesto por reajustes salariais. PIB. Foto: Pixabay Neste hor\u00e1rio, est\u00e1 previsto um ato dos servidores [&hellip;]<\/p>\n","protected":false},"author":73,"featured_media":212591,"comment_status":"closed","ping_status":"closed","sticky":false,"template":"","format":"standard","meta":[],"categories":[62],"tags":[106444,1842,2462],"suno_strategy":[],"class_list":["post-222476","post","type-post","status-publish","format-standard","has-post-thumbnail","hentry","category-economia","tag-agencias","tag-banco-central-bc","tag-greves"],"yoast_head":"<!-- This site is optimized with the Yoast SEO plugin v24.4 - https:\/\/yoast.com\/wordpress\/plugins\/seo\/ -->\n<title>Mais da metade dos servidores do BC devem aderir \u00e0 greve, diz sindicato<\/title>\n<meta name=\"description\" content=\"Est\u00e1 previsto um ato dos servidores em frente \u00e0 sede do Banco Central, em Bras\u00edlia, por conta de reajustes salariais. Clique aqui e leia mais\" \/>\n<meta name=\"robots\" content=\"index, follow, max-snippet:-1, max-image-preview:large, max-video-preview:-1\" \/>\n<link rel=\"canonical\" href=\"https:\/\/www.suno.com.br\/noticias\/servidores-greve-bc-banco-central-greve\/\" \/>\n<meta property=\"og:locale\" content=\"pt_BR\" \/>\n<meta property=\"og:type\" content=\"article\" \/>\n<meta property=\"og:title\" content=\"Mais da metade dos servidores do BC devem aderir \u00e0 greve, diz sindicato\" \/>\n<meta property=\"og:description\" content=\"Est\u00e1 previsto um ato dos servidores em frente \u00e0 sede do Banco Central, em Bras\u00edlia, por conta de reajustes salariais. Clique aqui e leia mais\" \/>\n<meta property=\"og:url\" content=\"https:\/\/www.suno.com.br\/noticias\/servidores-greve-bc-banco-central-greve\/\" \/>\n<meta property=\"og:site_name\" content=\"Suno Not\u00edcias\" \/>\n<meta property=\"article:publisher\" content=\"https:\/\/facebook.com\/sunoresearch\" \/>\n<meta property=\"og:image\" content=\"https:\/\/files.sunoresearch.com.br\/n\/uploads\/2021\/12\/BancoCentral-scaled.jpg\" \/>\n\t<meta property=\"og:image:width\" content=\"2560\" \/>\n\t<meta property=\"og:image:height\" content=\"1707\" \/>\n\t<meta property=\"og:image:type\" content=\"image\/jpeg\" \/>\n<meta name=\"author\" content=\"Eduardo Vargas\" \/>\n<meta name=\"twitter:card\" content=\"summary_large_image\" \/>\n<meta name=\"twitter:creator\" content=\"@sunoresearch\" \/>\n<meta name=\"twitter:site\" content=\"@sunoresearch\" \/>\n<meta name=\"twitter:label1\" content=\"Escrito por\" \/>\n\t<meta name=\"twitter:data1\" content=\"Eduardo Vargas\" \/>\n\t<meta name=\"twitter:label2\" content=\"Est. tempo de leitura\" \/>\n\t<meta name=\"twitter:data2\" content=\"2 minutos\" \/>\n<script type=\"application\/ld+json\" class=\"yoast-schema-graph\">{\"@context\":\"https:\/\/schema.org\",\"@graph\":[{\"@type\":\"NewsArticle\",\"@id\":\"https:\/\/www.suno.com.br\/noticias\/servidores-greve-bc-banco-central-greve\/#article\",\"isPartOf\":{\"@id\":\"https:\/\/www.suno.com.br\/noticias\/servidores-greve-bc-banco-central-greve\/\"},\"author\":{\"name\":\"Eduardo Vargas\",\"@id\":\"https:\/\/www.suno.com.br\/noticias\/#\/schema\/person\/7f4d362bf3518e76090143ae77bb49a5\"},\"headline\":\"Mais da metade dos servidores do Banco Central devem aderir \u00e0 greve, diz sindicato\",\"datePublished\":\"2022-01-17T15:24:33+00:00\",\"dateModified\":\"2022-01-17T15:24:50+00:00\",\"mainEntityOfPage\":{\"@id\":\"https:\/\/www.suno.com.br\/noticias\/servidores-greve-bc-banco-central-greve\/\"},\"wordCount\":511,\"publisher\":{\"@id\":\"https:\/\/www.suno.com.br\/noticias\/#organization\"},\"image\":{\"@id\":\"https:\/\/www.suno.com.br\/noticias\/servidores-greve-bc-banco-central-greve\/#primaryimage\"},\"thumbnailUrl\":\"https:\/\/files.sunoresearch.com.br\/n\/uploads\/2021\/12\/BancoCentral-scaled.jpg\",\"keywords\":[\"Ag\u00eancias\",\"Banco Central (BC)\",\"greves\"],\"articleSection\":[\"Economia\"],\"inLanguage\":\"pt-BR\"},{\"@type\":\"WebPage\",\"@id\":\"https:\/\/www.suno.com.br\/noticias\/servidores-greve-bc-banco-central-greve\/\",\"url\":\"https:\/\/www.suno.com.br\/noticias\/servidores-greve-bc-banco-central-greve\/\",\"name\":\"Mais da metade dos servidores do BC devem aderir \u00e0 greve, diz sindicato\",\"isPartOf\":{\"@id\":\"https:\/\/www.suno.com.br\/noticias\/#website\"},\"primaryImageOfPage\":{\"@id\":\"https:\/\/www.suno.com.br\/noticias\/servidores-greve-bc-banco-central-greve\/#primaryimage\"},\"image\":{\"@id\":\"https:\/\/www.suno.com.br\/noticias\/servidores-greve-bc-banco-central-greve\/#primaryimage\"},\"thumbnailUrl\":\"https:\/\/files.sunoresearch.com.br\/n\/uploads\/2021\/12\/BancoCentral-scaled.jpg\",\"datePublished\":\"2022-01-17T15:24:33+00:00\",\"dateModified\":\"2022-01-17T15:24:50+00:00\",\"description\":\"Est\u00e1 previsto um ato dos servidores em frente \u00e0 sede do Banco Central, em Bras\u00edlia, por conta de reajustes salariais. Clique aqui e leia mais\",\"breadcrumb\":{\"@id\":\"https:\/\/www.suno.com.br\/noticias\/servidores-greve-bc-banco-central-greve\/#breadcrumb\"},\"inLanguage\":\"pt-BR\",\"potentialAction\":[{\"@type\":\"ReadAction\",\"target\":[\"https:\/\/www.suno.com.br\/noticias\/servidores-greve-bc-banco-central-greve\/\"]}]},{\"@type\":\"ImageObject\",\"inLanguage\":\"pt-BR\",\"@id\":\"https:\/\/www.suno.com.br\/noticias\/servidores-greve-bc-banco-central-greve\/#primaryimage\",\"url\":\"https:\/\/files.sunoresearch.com.br\/n\/uploads\/2021\/12\/BancoCentral-scaled.jpg\",\"contentUrl\":\"https:\/\/files.sunoresearch.com.br\/n\/uploads\/2021\/12\/BancoCentral-scaled.jpg\",\"width\":2560,\"height\":1707,\"caption\":\"Banco Central teve quedas no sistema de busca ao 'dinheiro esquecido' nos primeiros dias de funcionamento - Foto: Marcello Casal Jr.\/Ag\u00eancia Brasil\"},{\"@type\":\"BreadcrumbList\",\"@id\":\"https:\/\/www.suno.com.br\/noticias\/servidores-greve-bc-banco-central-greve\/#breadcrumb\",\"itemListElement\":[{\"@type\":\"ListItem\",\"position\":1,\"name\":\"Not\u00edcias\",\"item\":\"https:\/\/www.suno.com.br\/noticias\/\"},{\"@type\":\"ListItem\",\"position\":2,\"name\":\"Economia\",\"item\":\"https:\/\/www.suno.com.br\/noticias\/economia\/\"},{\"@type\":\"ListItem\",\"position\":3,\"name\":\"Mais da metade dos servidores do Banco Central devem aderir \u00e0 greve, diz sindicato\"}]},{\"@type\":\"WebSite\",\"@id\":\"https:\/\/www.suno.com.br\/noticias\/#website\",\"url\":\"https:\/\/www.suno.com.br\/noticias\/\",\"name\":\"Suno Not\u00edcias\",\"description\":\"Seu portal de informa\u00e7\u00e3o sobre o mundo dos investimentos\",\"publisher\":{\"@id\":\"https:\/\/www.suno.com.br\/noticias\/#organization\"},\"potentialAction\":[{\"@type\":\"SearchAction\",\"target\":{\"@type\":\"EntryPoint\",\"urlTemplate\":\"https:\/\/www.suno.com.br\/noticias\/?s={search_term_string}\"},\"query-input\":{\"@type\":\"PropertyValueSpecification\",\"valueRequired\":true,\"valueName\":\"search_term_string\"}}],\"inLanguage\":\"pt-BR\"},{\"@type\":\"Organization\",\"@id\":\"https:\/\/www.suno.com.br\/noticias\/#organization\",\"name\":\"Suno Not\u00edcias\",\"url\":\"https:\/\/www.suno.com.br\/noticias\/\",\"logo\":{\"@type\":\"ImageObject\",\"inLanguage\":\"pt-BR\",\"@id\":\"https:\/\/www.suno.com.br\/noticias\/#\/schema\/logo\/image\/\",\"url\":\"https:\/\/files.sunoresearch.com.br\/n\/uploads\/2021\/09\/suno-logo.png\",\"contentUrl\":\"https:\/\/files.sunoresearch.com.br\/n\/uploads\/2021\/09\/suno-logo.png\",\"width\":180,\"height\":180,\"caption\":\"Suno Not\u00edcias\"},\"image\":{\"@id\":\"https:\/\/www.suno.com.br\/noticias\/#\/schema\/logo\/image\/\"},\"sameAs\":[\"https:\/\/facebook.com\/sunoresearch\",\"https:\/\/x.com\/sunoresearch\",\"https:\/\/www.instagram.com\/suno\",\"https:\/\/www.linkedin.com\/company\/suno-research\/\",\"https:\/\/www.youtube.com\/c\/sunoresearch\"]},{\"@type\":\"Person\",\"@id\":\"https:\/\/www.suno.com.br\/noticias\/#\/schema\/person\/7f4d362bf3518e76090143ae77bb49a5\",\"name\":\"Eduardo Vargas\",\"image\":{\"@type\":\"ImageObject\",\"inLanguage\":\"pt-BR\",\"@id\":\"https:\/\/www.suno.com.br\/noticias\/#\/schema\/person\/image\/\",\"url\":\"https:\/\/secure.gravatar.com\/avatar\/dac340933427a22924c9f99d1eb2e3f2?s=96&r=g\",\"contentUrl\":\"https:\/\/secure.gravatar.com\/avatar\/dac340933427a22924c9f99d1eb2e3f2?s=96&r=g\",\"caption\":\"Eduardo Vargas\"},\"description\":\"Jornalista formado pela UFSC, cobre macroeconomia, neg\u00f3cios e startups para o Suno Not\u00edcias, escrevendo principalmente not\u00edcias sobre o mercado financeiro e a bolsa de valores. No YouTube e no Instagram, \u00e9 respons\u00e1vel pela produ\u00e7\u00e3o de Reels e Shorts do Suno Not\u00edcias. Anteriormente, trabalhou cobrindo economia e cotidiano no ND+ e para o ND, maior jornal impresso de Santa Catarina. Cursou um semestre letivo de Estudos de M\u00eddia na Universidad de Buenos Aires.\",\"url\":\"https:\/\/www.suno.com.br\/noticias\/author\/eduardo-vargas\/\"}]}<\/script>\n<!-- \/ Yoast SEO plugin. -->","yoast_head_json":{"title":"Mais da metade dos servidores do BC devem aderir \u00e0 greve, diz sindicato","description":"Est\u00e1 previsto um ato dos servidores em frente \u00e0 sede do Banco Central, em Bras\u00edlia, por conta de reajustes salariais. Clique aqui e leia mais","robots":{"index":"index","follow":"follow","max-snippet":"max-snippet:-1","max-image-preview":"max-image-preview:large","max-video-preview":"max-video-preview:-1"},"canonical":"https:\/\/www.suno.com.br\/noticias\/servidores-greve-bc-banco-central-greve\/","og_locale":"pt_BR","og_type":"article","og_title":"Mais da metade dos servidores do BC devem aderir \u00e0 greve, diz sindicato","og_description":"Est\u00e1 previsto um ato dos servidores em frente \u00e0 sede do Banco Central, em Bras\u00edlia, por conta de reajustes salariais. Clique aqui e leia mais","og_url":"https:\/\/www.suno.com.br\/noticias\/servidores-greve-bc-banco-central-greve\/","og_site_name":"Suno Not\u00edcias","article_publisher":"https:\/\/facebook.com\/sunoresearch","og_image":[{"width":2560,"height":1707,"url":"https:\/\/files.sunoresearch.com.br\/n\/uploads\/2021\/12\/BancoCentral-scaled.jpg","type":"image\/jpeg"}],"author":"Eduardo Vargas","twitter_card":"summary_large_image","twitter_creator":"@sunoresearch","twitter_site":"@sunoresearch","twitter_misc":{"Escrito por":"Eduardo Vargas","Est. tempo de leitura":"2 minutos"},"schema":{"@context":"https:\/\/schema.org","@graph":[{"@type":"NewsArticle","@id":"https:\/\/www.suno.com.br\/noticias\/servidores-greve-bc-banco-central-greve\/#article","isPartOf":{"@id":"https:\/\/www.suno.com.br\/noticias\/servidores-greve-bc-banco-central-greve\/"},"author":{"name":"Eduardo Vargas","@id":"https:\/\/www.suno.com.br\/noticias\/#\/schema\/person\/7f4d362bf3518e76090143ae77bb49a5"},"headline":"Mais da metade dos servidores do Banco Central devem aderir \u00e0 greve, diz sindicato","datePublished":"2022-01-17T15:24:33+00:00","dateModified":"2022-01-17T15:24:50+00:00","mainEntityOfPage":{"@id":"https:\/\/www.suno.com.br\/noticias\/servidores-greve-bc-banco-central-greve\/"},"wordCount":511,"publisher":{"@id":"https:\/\/www.suno.com.br\/noticias\/#organization"},"image":{"@id":"https:\/\/www.suno.com.br\/noticias\/servidores-greve-bc-banco-central-greve\/#primaryimage"},"thumbnailUrl":"https:\/\/files.sunoresearch.com.br\/n\/uploads\/2021\/12\/BancoCentral-scaled.jpg","keywords":["Ag\u00eancias","Banco Central (BC)","greves"],"articleSection":["Economia"],"inLanguage":"pt-BR"},{"@type":"WebPage","@id":"https:\/\/www.suno.com.br\/noticias\/servidores-greve-bc-banco-central-greve\/","url":"https:\/\/www.suno.com.br\/noticias\/servidores-greve-bc-banco-central-greve\/","name":"Mais da metade dos servidores do BC devem aderir \u00e0 greve, diz sindicato","isPartOf":{"@id":"https:\/\/www.suno.com.br\/noticias\/#website"},"primaryImageOfPage":{"@id":"https:\/\/www.suno.com.br\/noticias\/servidores-greve-bc-banco-central-greve\/#primaryimage"},"image":{"@id":"https:\/\/www.suno.com.br\/noticias\/servidores-greve-bc-banco-central-greve\/#primaryimage"},"thumbnailUrl":"https:\/\/files.sunoresearch.com.br\/n\/uploads\/2021\/12\/BancoCentral-scaled.jpg","datePublished":"2022-01-17T15:24:33+00:00","dateModified":"2022-01-17T15:24:50+00:00","description":"Est\u00e1 previsto um ato dos servidores em frente \u00e0 sede do Banco Central, em Bras\u00edlia, por conta de reajustes salariais. Clique aqui e leia mais","breadcrumb":{"@id":"https:\/\/www.suno.com.br\/noticias\/servidores-greve-bc-banco-central-greve\/#breadcrumb"},"inLanguage":"pt-BR","potentialAction":[{"@type":"ReadAction","target":["https:\/\/www.suno.com.br\/noticias\/servidores-greve-bc-banco-central-greve\/"]}]},{"@type":"ImageObject","inLanguage":"pt-BR","@id":"https:\/\/www.suno.com.br\/noticias\/servidores-greve-bc-banco-central-greve\/#primaryimage","url":"https:\/\/files.sunoresearch.com.br\/n\/uploads\/2021\/12\/BancoCentral-scaled.jpg","contentUrl":"https:\/\/files.sunoresearch.com.br\/n\/uploads\/2021\/12\/BancoCentral-scaled.jpg","width":2560,"height":1707,"caption":"Banco Central teve quedas no sistema de busca ao 'dinheiro esquecido' nos primeiros dias de funcionamento - Foto: Marcello Casal Jr.\/Ag\u00eancia Brasil"},{"@type":"BreadcrumbList","@id":"https:\/\/www.suno.com.br\/noticias\/servidores-greve-bc-banco-central-greve\/#breadcrumb","itemListElement":[{"@type":"ListItem","position":1,"name":"Not\u00edcias","item":"https:\/\/www.suno.com.br\/noticias\/"},{"@type":"ListItem","position":2,"name":"Economia","item":"https:\/\/www.suno.com.br\/noticias\/economia\/"},{"@type":"ListItem","position":3,"name":"Mais da metade dos servidores do Banco Central devem aderir \u00e0 greve, diz sindicato"}]},{"@type":"WebSite","@id":"https:\/\/www.suno.com.br\/noticias\/#website","url":"https:\/\/www.suno.com.br\/noticias\/","name":"Suno Not\u00edcias","description":"Seu portal de informa\u00e7\u00e3o sobre o mundo dos investimentos","publisher":{"@id":"https:\/\/www.suno.com.br\/noticias\/#organization"},"potentialAction":[{"@type":"SearchAction","target":{"@type":"EntryPoint","urlTemplate":"https:\/\/www.suno.com.br\/noticias\/?s={search_term_string}"},"query-input":{"@type":"PropertyValueSpecification","valueRequired":true,"valueName":"search_term_string"}}],"inLanguage":"pt-BR"},{"@type":"Organization","@id":"https:\/\/www.suno.com.br\/noticias\/#organization","name":"Suno Not\u00edcias","url":"https:\/\/www.suno.com.br\/noticias\/","logo":{"@type":"ImageObject","inLanguage":"pt-BR","@id":"https:\/\/www.suno.com.br\/noticias\/#\/schema\/logo\/image\/","url":"https:\/\/files.sunoresearch.com.br\/n\/uploads\/2021\/09\/suno-logo.png","contentUrl":"https:\/\/files.sunoresearch.com.br\/n\/uploads\/2021\/09\/suno-logo.png","width":180,"height":180,"caption":"Suno Not\u00edcias"},"image":{"@id":"https:\/\/www.suno.com.br\/noticias\/#\/schema\/logo\/image\/"},"sameAs":["https:\/\/facebook.com\/sunoresearch","https:\/\/x.com\/sunoresearch","https:\/\/www.instagram.com\/suno","https:\/\/www.linkedin.com\/company\/suno-research\/","https:\/\/www.youtube.com\/c\/sunoresearch"]},{"@type":"Person","@id":"https:\/\/www.suno.com.br\/noticias\/#\/schema\/person\/7f4d362bf3518e76090143ae77bb49a5","name":"Eduardo Vargas","image":{"@type":"ImageObject","inLanguage":"pt-BR","@id":"https:\/\/www.suno.com.br\/noticias\/#\/schema\/person\/image\/","url":"https:\/\/secure.gravatar.com\/avatar\/dac340933427a22924c9f99d1eb2e3f2?s=96&r=g","contentUrl":"https:\/\/secure.gravatar.com\/avatar\/dac340933427a22924c9f99d1eb2e3f2?s=96&r=g","caption":"Eduardo Vargas"},"description":"Jornalista formado pela UFSC, cobre macroeconomia, neg\u00f3cios e startups para o Suno Not\u00edcias, escrevendo principalmente not\u00edcias sobre o mercado financeiro e a bolsa de valores. No YouTube e no Instagram, \u00e9 respons\u00e1vel pela produ\u00e7\u00e3o de Reels e Shorts do Suno Not\u00edcias. Anteriormente, trabalhou cobrindo economia e cotidiano no ND+ e para o ND, maior jornal impresso de Santa Catarina. Cursou um semestre letivo de Estudos de M\u00eddia na Universidad de Buenos Aires.","url":"https:\/\/www.suno.com.br\/noticias\/author\/eduardo-vargas\/"}]}},"default_loop_html":"<div class=\"cardsPage__listCard__boxs\"><div class=\"cardsPage__listCard__boxs__img\"><a href=\"https:\/\/www.suno.com.br\/noticias\/ibc-br-previa-pib-novembro-2021\/\"><img class=\"mask\" src=\"https:\/\/www.suno.com.br\/noticias\/wp-content\/themes\/suno\/resources\/images\/spotlight\/spotlight1img\/bg-mask.png\" alt=\"Image Mask\"\/><img src=\"https:\/\/files.sunoresearch.com.br\/n\/uploads\/2021\/06\/018549be-coins-1015125_1280-400x200.webp\" alt=\"IBC-Br, pr\u00e9via do PIB, avan\u00e7a 0,69% em novembro, acima das expectativas\"\/><\/a><span class=\"spotlightCategory\"><a href=\"https:\/\/www.suno.com.br\/noticias\/mercado\/\">Mercado<\/a><\/span><\/div><div class=\"cardsPage__listCard__boxs__content\"><a href=\"https:\/\/www.suno.com.br\/noticias\/ibc-br-previa-pib-novembro-2021\/\"><h2 class=\"content__title\">IBC-Br, pr\u00e9via do PIB, avan\u00e7a 0,69% em novembro, acima das expectativas<\/h2><\/a><div class=\"newsContent__article__meta\"><div class=\"newsContent__article__meta__authorBox\"><a href=\"https:\/\/www.suno.com.br\/noticias\/author\/poliana-santos\/\" class=\"authorBox__avatar noMobi\"><img src=\"https:\/\/files.sunoresearch.com.br\/n\/uploads\/2020\/08\/7ef34026-whatsapp-image-2020-08-03-at-12.37.57-150x150.webp\" alt=\"Poliana Santos\"><\/a><div class=\"authorBox__name\"><span>por\n\t\t\t<a href=\"https:\/\/www.suno.com.br\/noticias\/author\/poliana-santos\/\"><span itemprop=\"author\">Poliana Santos<\/span><\/a><\/span><time datetime=\"2022-01-17T09:31:18-03:00\" itemprop=\"datePublished\">17\/01\/2022 09:31<\/time><\/div><\/div><\/div><\/div><\/div>","single_layout":"posts","amp_enabled":true,"_links":{"self":[{"href":"https:\/\/www.suno.com.br\/noticias\/wp-json\/wp\/v2\/posts\/222476"}],"collection":[{"href":"https:\/\/www.suno.com.br\/noticias\/wp-json\/wp\/v2\/posts"}],"about":[{"href":"https:\/\/www.suno.com.br\/noticias\/wp-json\/wp\/v2\/types\/post"}],"author":[{"embeddable":true,"href":"https:\/\/www.suno.com.br\/noticias\/wp-json\/wp\/v2\/users\/73"}],"replies":[{"embeddable":true,"href":"https:\/\/www.suno.com.br\/noticias\/wp-json\/wp\/v2\/comments?post=222476"}],"version-history":[{"count":4,"href":"https:\/\/www.suno.com.br\/noticias\/wp-json\/wp\/v2\/posts\/222476\/revisions"}],"predecessor-version":[{"id":222541,"href":"https:\/\/www.suno.com.br\/noticias\/wp-json\/wp\/v2\/posts\/222476\/revisions\/222541"}],"wp:featuredmedia":[{"embeddable":true,"href":"https:\/\/www.suno.com.br\/noticias\/wp-json\/wp\/v2\/media\/212591"}],"wp:attachment":[{"href":"https:\/\/www.suno.com.br\/noticias\/wp-json\/wp\/v2\/media?parent=222476"}],"wp:term":[{"taxonomy":"category","embeddable":true,"href":"https:\/\/www.suno.com.br\/noticias\/wp-json\/wp\/v2\/categories?post=222476"},{"taxonomy":"post_tag","embeddable":true,"href":"https:\/\/www.suno.com.br\/noticias\/wp-json\/wp\/v2\/tags?post=222476"},{"taxonomy":"suno_strategy","embeddable":true,"href":"https:\/\/www.suno.com.br\/noticias\/wp-json\/wp\/v2\/suno_strategy?post=222476"}],"curies":[{"name":"wp","href":"https:\/\/api.w.org\/{rel}","templated":true}]}}