{"id":222131,"date":"2022-01-14T18:18:03","date_gmt":"2022-01-14T21:18:03","guid":{"rendered":"https:\/\/www.suno.com.br\/noticias\/?p=222131"},"modified":"2022-01-14T18:18:03","modified_gmt":"2022-01-14T21:18:03","slug":"balanca-comercial-registra-superavit-recorde-2021","status":"publish","type":"post","link":"https:\/\/www.suno.com.br\/noticias\/balanca-comercial-registra-superavit-recorde-2021\/","title":{"rendered":"Balan\u00e7a comercial registra super\u00e1vit de US$ 61,2 bi em 2021, maior da s\u00e9rie hist\u00f3rica"},"content":{"rendered":"<p>O<strong> Indicador de Com\u00e9rcio Exterior (Icomex)<\/strong>, divulgado nesta sexta-feira (14) pela <strong>Funda\u00e7\u00e3o Getulio Vargas (FGV),<\/strong> mostra que a <a class=\"suno-keyword\" href=\"https:\/\/www.suno.com.br\/artigos\/balanca-comercial\/\" target=\"_blank\" rel=\"noopener\" data-force=\"no\" data-priority=\"2\">balan\u00e7a comercial<\/a> brasileira registrou o maior super\u00e1vit da s\u00e9rie hist\u00f3rica em 2021. No total, o valor de US$ 61,2 bilh\u00f5es, US$ 10,8 bilh\u00f5es a mais em rela\u00e7\u00e3o ao saldo de 2020.<img decoding=\"async\" style=\"width: 1px; height: 1px;\" src=\"https:\/\/agenciabrasil.ebc.com.br\/ebc.png?id=1436853&amp;o=rss\" \/><img decoding=\"async\" style=\"width: 1px; height: 1px;\" src=\"https:\/\/agenciabrasil.ebc.com.br\/ebc.gif?id=1436853&amp;o=rss\" \/><\/p>\t<div class=\"wrapper-featured-image\">\n\t\t<figure class=\"spotlightImg\">\n\n\t\t\t<picture>\n\t\t\t\t<source media=\"(max-width: 768px)\" srcset=\"https:\/\/files.sunoresearch.com.br\/n\/uploads\/2021\/07\/c7765f4f-dock-441989_1280-400x200.jpg\">\n\t\t\t\t<img loading=\"lazy\" decoding=\"async\" class=\"newsContent__article__imgCapa lazyloadDisabled \" src=\"https:\/\/files.sunoresearch.com.br\/n\/uploads\/2021\/07\/c7765f4f-dock-441989_1280-800x450.jpg\" width=\"800\" height=\"450\" alt=\"Balan\u00e7a comercial registra super\u00e1vit de US$ 61,2 bi em 2021, maior da s\u00e9rie hist\u00f3rica\" fetchpriority=high \/>\n\t\t\t<\/picture>\n\n\t\t\t<figcaption class=\"wp-caption-text wp-caption-text--show\">Balan\u00e7a comercial tem super\u00e1vit acumulado recorde de US$ 62,310 bi em 2022. Foto: Pixabay<\/figcaption>\n\t\t<\/figure>\n\t<\/div>\n\n\n<p>A corrente de com\u00e9rcio, que soma exporta\u00e7\u00f5es mais importa\u00e7\u00f5es, atingiu recorde de US$ 500 bilh\u00f5es. O resultado aponta aumento de 34,2% nas exporta\u00e7\u00f5es e de 38,2% nas importa\u00e7\u00f5es em 2021, ante o ano anterior.<\/p>\n<p>De acordo com os dados da FGV, a balan\u00e7a comercial mostrou aumento por meio das exporta\u00e7\u00f5es e varia\u00e7\u00e3o dos pre\u00e7os, que subiram 29,3%, enquanto o volume evoluiu apenas 3,2%. J\u00e1 nas importa\u00e7\u00f5es, o volume cresceu 21,9% e os pre\u00e7os aumentaram 13,1%.<\/p>\n<p>As exporta\u00e7\u00f5es de <strong>commodities<\/strong> tiveram participa\u00e7\u00e3o de 67,7% nas exporta\u00e7\u00f5es totais, mostrando expans\u00e3o de 37,3% em valor. Os pre\u00e7os tiveram alta de 38,9%, contra recuo no volume de 1,8%. J\u00e1 as exporta\u00e7\u00f5es de n\u00e3o commodities cresceram 28,1%, resultado do aumento dos pre\u00e7os (12,4%) e do volume (13,5%).<\/p>\n<p>Do mesmo modo, as importa\u00e7\u00f5es de commodities elevaram sua participa\u00e7\u00e3o na pauta de 7% para 8,5%, na passagem de 2020 para 2021. Essa alta foi associada a uma varia\u00e7\u00e3o de 69,5% em valor, com aumento nos pre\u00e7os de 36,4% e no volume de 23%. No caso das n\u00e3o commodities, que explicaram 91,5% das compras externas do Brasil, a varia\u00e7\u00e3o em valor foi de 35,8%, com aumento no volume de 22% e nos pre\u00e7os de 11,1%.<\/p>\n<p>Conforme o Icomex, n\u00e3o \u00e9 esperada uma nova onda de aumento nos pre\u00e7os das commodities no mercado internacional. Por outro lado, 2022 mostra uma cen\u00e1rio de incertezas, especialmente por conta dos efeitos da seca e da chuva em determinadas safras. Al\u00e9m disso, h\u00e1 menor ritmo de crescimento da China e de uma poss\u00edvel intensifica\u00e7\u00e3o do uso de subs\u00eddios em alguns pa\u00edses, como Estados Unidos, em rela\u00e7\u00e3o ao mercado de carne bovina. Preocupa tamb\u00e9m, no \u00e2mbito interno, a <a class=\"suno-keyword\" href=\"https:\/\/www.suno.com.br\/artigos\/variacao-cambial\/\" target=\"_blank\" rel=\"noopener\" data-force=\"no\" data-priority=\"1\">varia\u00e7\u00e3o cambial<\/a> no ano eleitoral.<\/p>\n<p>O Icomex da FGV mostra que n\u00e3o ocorreram mudan\u00e7as na composi\u00e7\u00e3o da pauta brasileira. Os setores de agropecu\u00e1ria e extrativa registraram saldos positivos de U$ 46,6 bilh\u00f5es e 62,8 bilh\u00f5es, respectivamente, enquanto a <a class=\"suno-keyword\" href=\"https:\/\/www.suno.com.br\/artigos\/industria-de-transformacao\/\" target=\"_blank\" rel=\"noopener\" data-force=\"no\" data-priority=\"1\">ind\u00fastria de transforma\u00e7\u00e3o<\/a> teve saldo negativo de US$ 45,3 bilh\u00f5es. \u201cA depend\u00eancia de commodities prim\u00e1rias na gera\u00e7\u00e3o de super\u00e1vits torna o com\u00e9rcio exterior mais sujeito \u00e0s flutua\u00e7\u00f5es de pre\u00e7os\u201d, analisa o documento.<\/p>\n<p>Por tipo de ind\u00fastria, o com\u00e9rcio exterior brasileiro registrou aumento de 62,7% nas exporta\u00e7\u00f5es da ind\u00fastria extrativa. Isso ocorre pela alta de pre\u00e7os (59,7%) e de volume (1,3%). A participa\u00e7\u00e3o da ind\u00fastria nas exporta\u00e7\u00f5es totais subiu de 23% para 28%, de 2020 para 2021. Min\u00e9rio de ferro e \u00f3leo bruto de petr\u00f3leo concentraram 94% do total das vendas externas do setor, no ano passado. Os dois produtos tiveram varia\u00e7\u00f5es, em valor, de 73% e 55,3%, respectivamente.<\/p>\n<p>J\u00e1 em rela\u00e7\u00e3o aos destinos, a China continua liderando as exporta\u00e7\u00f5es e importa\u00e7\u00f5es brasileiras. Embora sua participa\u00e7\u00e3o tenha recuado de 32,4% para 31,3%, em 2021 em compara\u00e7\u00e3o a 2020, as exporta\u00e7\u00f5es para o mercado chin\u00eas aumentaram 29,4%. As importa\u00e7\u00f5es tamb\u00e9m cresceram em valor (45,2%), com aumento de pre\u00e7os de 9,9% e de 22,5% no volume. O super\u00e1vit subiu de US$ 33 bilh\u00f5es para US$ 40,1 bilh\u00f5es.<\/p>\n<p><em>(Com informa\u00e7\u00f5es da Ag\u00eancia Brasil)<\/em><\/p>\n","protected":false},"excerpt":{"rendered":"<p>O Indicador de Com\u00e9rcio Exterior (Icomex), divulgado nesta sexta-feira (14) pela Funda\u00e7\u00e3o Getulio Vargas (FGV), mostra que a balan\u00e7a comercial brasileira registrou o maior super\u00e1vit da s\u00e9rie hist\u00f3rica em 2021. No total, o valor de US$ 61,2 bilh\u00f5es, US$ 10,8 bilh\u00f5es a mais em rela\u00e7\u00e3o ao saldo de 2020. Balan\u00e7a comercial tem super\u00e1vit acumulado recorde [&hellip;]<\/p>\n","protected":false},"author":146,"featured_media":167073,"comment_status":"closed","ping_status":"closed","sticky":false,"template":"","format":"standard","meta":[],"categories":[62],"tags":[914,797],"suno_strategy":[],"class_list":["post-222131","post","type-post","status-publish","format-standard","has-post-thumbnail","hentry","category-economia","tag-balanca-comercial","tag-fgv"],"yoast_head":"<!-- This site is optimized with the Yoast SEO plugin v24.4 - https:\/\/yoast.com\/wordpress\/plugins\/seo\/ -->\n<title>Balan\u00e7a comercial registra super\u00e1vit recorde de US$ 61,2 bi em 2021<\/title>\n<meta name=\"description\" content=\"A balan\u00e7a comercial brasileira registrou o maior super\u00e1vit da s\u00e9rie hist\u00f3rica em 2021 com valor de US$ 61,2 bi, US$ 10,8 bi ante 2020.\" \/>\n<meta name=\"robots\" content=\"index, follow, max-snippet:-1, max-image-preview:large, max-video-preview:-1\" \/>\n<link rel=\"canonical\" href=\"https:\/\/www.suno.com.br\/noticias\/balanca-comercial-registra-superavit-recorde-2021\/\" \/>\n<meta property=\"og:locale\" content=\"pt_BR\" \/>\n<meta property=\"og:type\" content=\"article\" \/>\n<meta property=\"og:title\" content=\"Balan\u00e7a comercial registra super\u00e1vit recorde de US$ 61,2 bi em 2021\" \/>\n<meta property=\"og:description\" content=\"A balan\u00e7a comercial brasileira registrou o maior super\u00e1vit da s\u00e9rie hist\u00f3rica em 2021 com valor de US$ 61,2 bi, US$ 10,8 bi ante 2020.\" \/>\n<meta property=\"og:url\" content=\"https:\/\/www.suno.com.br\/noticias\/balanca-comercial-registra-superavit-recorde-2021\/\" \/>\n<meta property=\"og:site_name\" content=\"Suno Not\u00edcias\" \/>\n<meta property=\"article:publisher\" content=\"https:\/\/facebook.com\/sunoresearch\" \/>\n<meta property=\"og:image\" content=\"https:\/\/files.sunoresearch.com.br\/n\/uploads\/2021\/07\/c7765f4f-dock-441989_1280.jpg\" \/>\n\t<meta property=\"og:image:width\" content=\"1280\" \/>\n\t<meta property=\"og:image:height\" content=\"856\" \/>\n\t<meta property=\"og:image:type\" content=\"image\/jpeg\" \/>\n<meta name=\"author\" content=\"Vict\u00f3ria Anhesini\" \/>\n<meta name=\"twitter:card\" content=\"summary_large_image\" \/>\n<meta name=\"twitter:creator\" content=\"@sunoresearch\" \/>\n<meta name=\"twitter:site\" content=\"@sunoresearch\" \/>\n<meta name=\"twitter:label1\" content=\"Escrito por\" \/>\n\t<meta name=\"twitter:data1\" content=\"Vict\u00f3ria Anhesini\" \/>\n\t<meta name=\"twitter:label2\" content=\"Est. tempo de leitura\" \/>\n\t<meta name=\"twitter:data2\" content=\"3 minutos\" \/>\n<script type=\"application\/ld+json\" class=\"yoast-schema-graph\">{\"@context\":\"https:\/\/schema.org\",\"@graph\":[{\"@type\":\"NewsArticle\",\"@id\":\"https:\/\/www.suno.com.br\/noticias\/balanca-comercial-registra-superavit-recorde-2021\/#article\",\"isPartOf\":{\"@id\":\"https:\/\/www.suno.com.br\/noticias\/balanca-comercial-registra-superavit-recorde-2021\/\"},\"author\":{\"name\":\"Vict\u00f3ria Anhesini\",\"@id\":\"https:\/\/www.suno.com.br\/noticias\/#\/schema\/person\/46d847cb19ad53fde0857adca989c23f\"},\"headline\":\"Balan\u00e7a comercial registra super\u00e1vit de US$ 61,2 bi em 2021, maior da s\u00e9rie hist\u00f3rica\",\"datePublished\":\"2022-01-14T21:18:03+00:00\",\"mainEntityOfPage\":{\"@id\":\"https:\/\/www.suno.com.br\/noticias\/balanca-comercial-registra-superavit-recorde-2021\/\"},\"wordCount\":589,\"publisher\":{\"@id\":\"https:\/\/www.suno.com.br\/noticias\/#organization\"},\"image\":{\"@id\":\"https:\/\/www.suno.com.br\/noticias\/balanca-comercial-registra-superavit-recorde-2021\/#primaryimage\"},\"thumbnailUrl\":\"https:\/\/files.sunoresearch.com.br\/n\/uploads\/2021\/07\/c7765f4f-dock-441989_1280.jpg\",\"keywords\":[\"balan\u00e7a comercial\",\"FGV\"],\"articleSection\":[\"Economia\"],\"inLanguage\":\"pt-BR\"},{\"@type\":\"WebPage\",\"@id\":\"https:\/\/www.suno.com.br\/noticias\/balanca-comercial-registra-superavit-recorde-2021\/\",\"url\":\"https:\/\/www.suno.com.br\/noticias\/balanca-comercial-registra-superavit-recorde-2021\/\",\"name\":\"Balan\u00e7a comercial registra super\u00e1vit recorde de US$ 61,2 bi em 2021\",\"isPartOf\":{\"@id\":\"https:\/\/www.suno.com.br\/noticias\/#website\"},\"primaryImageOfPage\":{\"@id\":\"https:\/\/www.suno.com.br\/noticias\/balanca-comercial-registra-superavit-recorde-2021\/#primaryimage\"},\"image\":{\"@id\":\"https:\/\/www.suno.com.br\/noticias\/balanca-comercial-registra-superavit-recorde-2021\/#primaryimage\"},\"thumbnailUrl\":\"https:\/\/files.sunoresearch.com.br\/n\/uploads\/2021\/07\/c7765f4f-dock-441989_1280.jpg\",\"datePublished\":\"2022-01-14T21:18:03+00:00\",\"description\":\"A balan\u00e7a comercial brasileira registrou o maior super\u00e1vit da s\u00e9rie hist\u00f3rica em 2021 com valor de US$ 61,2 bi, US$ 10,8 bi ante 2020.\",\"breadcrumb\":{\"@id\":\"https:\/\/www.suno.com.br\/noticias\/balanca-comercial-registra-superavit-recorde-2021\/#breadcrumb\"},\"inLanguage\":\"pt-BR\",\"potentialAction\":[{\"@type\":\"ReadAction\",\"target\":[\"https:\/\/www.suno.com.br\/noticias\/balanca-comercial-registra-superavit-recorde-2021\/\"]}]},{\"@type\":\"ImageObject\",\"inLanguage\":\"pt-BR\",\"@id\":\"https:\/\/www.suno.com.br\/noticias\/balanca-comercial-registra-superavit-recorde-2021\/#primaryimage\",\"url\":\"https:\/\/files.sunoresearch.com.br\/n\/uploads\/2021\/07\/c7765f4f-dock-441989_1280.jpg\",\"contentUrl\":\"https:\/\/files.sunoresearch.com.br\/n\/uploads\/2021\/07\/c7765f4f-dock-441989_1280.jpg\",\"width\":1280,\"height\":856,\"caption\":\"Balan\u00e7a comercial tem super\u00e1vit acumulado recorde de US$ 62,310 bi em 2022. Foto: Pixabay\"},{\"@type\":\"BreadcrumbList\",\"@id\":\"https:\/\/www.suno.com.br\/noticias\/balanca-comercial-registra-superavit-recorde-2021\/#breadcrumb\",\"itemListElement\":[{\"@type\":\"ListItem\",\"position\":1,\"name\":\"Not\u00edcias\",\"item\":\"https:\/\/www.suno.com.br\/noticias\/\"},{\"@type\":\"ListItem\",\"position\":2,\"name\":\"Economia\",\"item\":\"https:\/\/www.suno.com.br\/noticias\/economia\/\"},{\"@type\":\"ListItem\",\"position\":3,\"name\":\"Balan\u00e7a comercial registra super\u00e1vit de US$ 61,2 bi em 2021, maior da s\u00e9rie hist\u00f3rica\"}]},{\"@type\":\"WebSite\",\"@id\":\"https:\/\/www.suno.com.br\/noticias\/#website\",\"url\":\"https:\/\/www.suno.com.br\/noticias\/\",\"name\":\"Suno Not\u00edcias\",\"description\":\"Seu portal de informa\u00e7\u00e3o sobre o mundo dos investimentos\",\"publisher\":{\"@id\":\"https:\/\/www.suno.com.br\/noticias\/#organization\"},\"potentialAction\":[{\"@type\":\"SearchAction\",\"target\":{\"@type\":\"EntryPoint\",\"urlTemplate\":\"https:\/\/www.suno.com.br\/noticias\/?s={search_term_string}\"},\"query-input\":{\"@type\":\"PropertyValueSpecification\",\"valueRequired\":true,\"valueName\":\"search_term_string\"}}],\"inLanguage\":\"pt-BR\"},{\"@type\":\"Organization\",\"@id\":\"https:\/\/www.suno.com.br\/noticias\/#organization\",\"name\":\"Suno Not\u00edcias\",\"url\":\"https:\/\/www.suno.com.br\/noticias\/\",\"logo\":{\"@type\":\"ImageObject\",\"inLanguage\":\"pt-BR\",\"@id\":\"https:\/\/www.suno.com.br\/noticias\/#\/schema\/logo\/image\/\",\"url\":\"https:\/\/files.sunoresearch.com.br\/n\/uploads\/2021\/09\/suno-logo.png\",\"contentUrl\":\"https:\/\/files.sunoresearch.com.br\/n\/uploads\/2021\/09\/suno-logo.png\",\"width\":180,\"height\":180,\"caption\":\"Suno Not\u00edcias\"},\"image\":{\"@id\":\"https:\/\/www.suno.com.br\/noticias\/#\/schema\/logo\/image\/\"},\"sameAs\":[\"https:\/\/facebook.com\/sunoresearch\",\"https:\/\/x.com\/sunoresearch\",\"https:\/\/www.instagram.com\/suno\",\"https:\/\/www.linkedin.com\/company\/suno-research\/\",\"https:\/\/www.youtube.com\/c\/sunoresearch\"]},{\"@type\":\"Person\",\"@id\":\"https:\/\/www.suno.com.br\/noticias\/#\/schema\/person\/46d847cb19ad53fde0857adca989c23f\",\"name\":\"Vict\u00f3ria Anhesini\",\"image\":{\"@type\":\"ImageObject\",\"inLanguage\":\"pt-BR\",\"@id\":\"https:\/\/www.suno.com.br\/noticias\/#\/schema\/person\/image\/\",\"url\":\"https:\/\/secure.gravatar.com\/avatar\/0172bdfcd9129dd9dd68794804304e6e?s=96&r=g\",\"contentUrl\":\"https:\/\/secure.gravatar.com\/avatar\/0172bdfcd9129dd9dd68794804304e6e?s=96&r=g\",\"caption\":\"Vict\u00f3ria Anhesini\"},\"description\":\"Rep\u00f3rter no Suno Not\u00edcias, cobre mercados, neg\u00f3cios e economia, escrevendo majoritariamente sobre movimentos das empresas, cobertura de balan\u00e7os trimestrais e Bolsa de Valores. Formada em jornalismo pela Universidade Presbiteriana Mackenzie em 2019, passou pelo portal de economia e finan\u00e7as EuQueroInvestir como rep\u00f3rter e anteriormente, trabalhou na assessoria de imprensa PinePR, onde liderou com startups de inova\u00e7\u00e3o, tecnologia e finan\u00e7as. Em seu tempo livre, fala sobre m\u00fasica para ambos os sites do selo ForMusic, Wikimetal e Mad Sound, e faz trabalho volunt\u00e1rio no programa Escreve Cartas do Poupatempo.\",\"sameAs\":[\"https:\/\/www.linkedin.com\/in\/victoria-anhesini\/\"],\"url\":\"https:\/\/www.suno.com.br\/noticias\/author\/victoria\/\"}]}<\/script>\n<!-- \/ Yoast SEO plugin. -->","yoast_head_json":{"title":"Balan\u00e7a comercial registra super\u00e1vit recorde de US$ 61,2 bi em 2021","description":"A balan\u00e7a comercial brasileira registrou o maior super\u00e1vit da s\u00e9rie hist\u00f3rica em 2021 com valor de US$ 61,2 bi, US$ 10,8 bi ante 2020.","robots":{"index":"index","follow":"follow","max-snippet":"max-snippet:-1","max-image-preview":"max-image-preview:large","max-video-preview":"max-video-preview:-1"},"canonical":"https:\/\/www.suno.com.br\/noticias\/balanca-comercial-registra-superavit-recorde-2021\/","og_locale":"pt_BR","og_type":"article","og_title":"Balan\u00e7a comercial registra super\u00e1vit recorde de US$ 61,2 bi em 2021","og_description":"A balan\u00e7a comercial brasileira registrou o maior super\u00e1vit da s\u00e9rie hist\u00f3rica em 2021 com valor de US$ 61,2 bi, US$ 10,8 bi ante 2020.","og_url":"https:\/\/www.suno.com.br\/noticias\/balanca-comercial-registra-superavit-recorde-2021\/","og_site_name":"Suno Not\u00edcias","article_publisher":"https:\/\/facebook.com\/sunoresearch","og_image":[{"width":1280,"height":856,"url":"https:\/\/files.sunoresearch.com.br\/n\/uploads\/2021\/07\/c7765f4f-dock-441989_1280.jpg","type":"image\/jpeg"}],"author":"Vict\u00f3ria Anhesini","twitter_card":"summary_large_image","twitter_creator":"@sunoresearch","twitter_site":"@sunoresearch","twitter_misc":{"Escrito por":"Vict\u00f3ria Anhesini","Est. tempo de leitura":"3 minutos"},"schema":{"@context":"https:\/\/schema.org","@graph":[{"@type":"NewsArticle","@id":"https:\/\/www.suno.com.br\/noticias\/balanca-comercial-registra-superavit-recorde-2021\/#article","isPartOf":{"@id":"https:\/\/www.suno.com.br\/noticias\/balanca-comercial-registra-superavit-recorde-2021\/"},"author":{"name":"Vict\u00f3ria Anhesini","@id":"https:\/\/www.suno.com.br\/noticias\/#\/schema\/person\/46d847cb19ad53fde0857adca989c23f"},"headline":"Balan\u00e7a comercial registra super\u00e1vit de US$ 61,2 bi em 2021, maior da s\u00e9rie hist\u00f3rica","datePublished":"2022-01-14T21:18:03+00:00","mainEntityOfPage":{"@id":"https:\/\/www.suno.com.br\/noticias\/balanca-comercial-registra-superavit-recorde-2021\/"},"wordCount":589,"publisher":{"@id":"https:\/\/www.suno.com.br\/noticias\/#organization"},"image":{"@id":"https:\/\/www.suno.com.br\/noticias\/balanca-comercial-registra-superavit-recorde-2021\/#primaryimage"},"thumbnailUrl":"https:\/\/files.sunoresearch.com.br\/n\/uploads\/2021\/07\/c7765f4f-dock-441989_1280.jpg","keywords":["balan\u00e7a comercial","FGV"],"articleSection":["Economia"],"inLanguage":"pt-BR"},{"@type":"WebPage","@id":"https:\/\/www.suno.com.br\/noticias\/balanca-comercial-registra-superavit-recorde-2021\/","url":"https:\/\/www.suno.com.br\/noticias\/balanca-comercial-registra-superavit-recorde-2021\/","name":"Balan\u00e7a comercial registra super\u00e1vit recorde de US$ 61,2 bi em 2021","isPartOf":{"@id":"https:\/\/www.suno.com.br\/noticias\/#website"},"primaryImageOfPage":{"@id":"https:\/\/www.suno.com.br\/noticias\/balanca-comercial-registra-superavit-recorde-2021\/#primaryimage"},"image":{"@id":"https:\/\/www.suno.com.br\/noticias\/balanca-comercial-registra-superavit-recorde-2021\/#primaryimage"},"thumbnailUrl":"https:\/\/files.sunoresearch.com.br\/n\/uploads\/2021\/07\/c7765f4f-dock-441989_1280.jpg","datePublished":"2022-01-14T21:18:03+00:00","description":"A balan\u00e7a comercial brasileira registrou o maior super\u00e1vit da s\u00e9rie hist\u00f3rica em 2021 com valor de US$ 61,2 bi, US$ 10,8 bi ante 2020.","breadcrumb":{"@id":"https:\/\/www.suno.com.br\/noticias\/balanca-comercial-registra-superavit-recorde-2021\/#breadcrumb"},"inLanguage":"pt-BR","potentialAction":[{"@type":"ReadAction","target":["https:\/\/www.suno.com.br\/noticias\/balanca-comercial-registra-superavit-recorde-2021\/"]}]},{"@type":"ImageObject","inLanguage":"pt-BR","@id":"https:\/\/www.suno.com.br\/noticias\/balanca-comercial-registra-superavit-recorde-2021\/#primaryimage","url":"https:\/\/files.sunoresearch.com.br\/n\/uploads\/2021\/07\/c7765f4f-dock-441989_1280.jpg","contentUrl":"https:\/\/files.sunoresearch.com.br\/n\/uploads\/2021\/07\/c7765f4f-dock-441989_1280.jpg","width":1280,"height":856,"caption":"Balan\u00e7a comercial tem super\u00e1vit acumulado recorde de US$ 62,310 bi em 2022. Foto: Pixabay"},{"@type":"BreadcrumbList","@id":"https:\/\/www.suno.com.br\/noticias\/balanca-comercial-registra-superavit-recorde-2021\/#breadcrumb","itemListElement":[{"@type":"ListItem","position":1,"name":"Not\u00edcias","item":"https:\/\/www.suno.com.br\/noticias\/"},{"@type":"ListItem","position":2,"name":"Economia","item":"https:\/\/www.suno.com.br\/noticias\/economia\/"},{"@type":"ListItem","position":3,"name":"Balan\u00e7a comercial registra super\u00e1vit de US$ 61,2 bi em 2021, maior da s\u00e9rie hist\u00f3rica"}]},{"@type":"WebSite","@id":"https:\/\/www.suno.com.br\/noticias\/#website","url":"https:\/\/www.suno.com.br\/noticias\/","name":"Suno Not\u00edcias","description":"Seu portal de informa\u00e7\u00e3o sobre o mundo dos investimentos","publisher":{"@id":"https:\/\/www.suno.com.br\/noticias\/#organization"},"potentialAction":[{"@type":"SearchAction","target":{"@type":"EntryPoint","urlTemplate":"https:\/\/www.suno.com.br\/noticias\/?s={search_term_string}"},"query-input":{"@type":"PropertyValueSpecification","valueRequired":true,"valueName":"search_term_string"}}],"inLanguage":"pt-BR"},{"@type":"Organization","@id":"https:\/\/www.suno.com.br\/noticias\/#organization","name":"Suno Not\u00edcias","url":"https:\/\/www.suno.com.br\/noticias\/","logo":{"@type":"ImageObject","inLanguage":"pt-BR","@id":"https:\/\/www.suno.com.br\/noticias\/#\/schema\/logo\/image\/","url":"https:\/\/files.sunoresearch.com.br\/n\/uploads\/2021\/09\/suno-logo.png","contentUrl":"https:\/\/files.sunoresearch.com.br\/n\/uploads\/2021\/09\/suno-logo.png","width":180,"height":180,"caption":"Suno Not\u00edcias"},"image":{"@id":"https:\/\/www.suno.com.br\/noticias\/#\/schema\/logo\/image\/"},"sameAs":["https:\/\/facebook.com\/sunoresearch","https:\/\/x.com\/sunoresearch","https:\/\/www.instagram.com\/suno","https:\/\/www.linkedin.com\/company\/suno-research\/","https:\/\/www.youtube.com\/c\/sunoresearch"]},{"@type":"Person","@id":"https:\/\/www.suno.com.br\/noticias\/#\/schema\/person\/46d847cb19ad53fde0857adca989c23f","name":"Vict\u00f3ria Anhesini","image":{"@type":"ImageObject","inLanguage":"pt-BR","@id":"https:\/\/www.suno.com.br\/noticias\/#\/schema\/person\/image\/","url":"https:\/\/secure.gravatar.com\/avatar\/0172bdfcd9129dd9dd68794804304e6e?s=96&r=g","contentUrl":"https:\/\/secure.gravatar.com\/avatar\/0172bdfcd9129dd9dd68794804304e6e?s=96&r=g","caption":"Vict\u00f3ria Anhesini"},"description":"Rep\u00f3rter no Suno Not\u00edcias, cobre mercados, neg\u00f3cios e economia, escrevendo majoritariamente sobre movimentos das empresas, cobertura de balan\u00e7os trimestrais e Bolsa de Valores. Formada em jornalismo pela Universidade Presbiteriana Mackenzie em 2019, passou pelo portal de economia e finan\u00e7as EuQueroInvestir como rep\u00f3rter e anteriormente, trabalhou na assessoria de imprensa PinePR, onde liderou com startups de inova\u00e7\u00e3o, tecnologia e finan\u00e7as. Em seu tempo livre, fala sobre m\u00fasica para ambos os sites do selo ForMusic, Wikimetal e Mad Sound, e faz trabalho volunt\u00e1rio no programa Escreve Cartas do Poupatempo.","sameAs":["https:\/\/www.linkedin.com\/in\/victoria-anhesini\/"],"url":"https:\/\/www.suno.com.br\/noticias\/author\/victoria\/"}]}},"default_loop_html":"<div class=\"cardsPage__listCard__boxs\"><div class=\"cardsPage__listCard__boxs__img\"><a href=\"https:\/\/www.suno.com.br\/noticias\/balanca-comercial-registra-superavit-recorde-2021\/\"><img class=\"mask\" src=\"https:\/\/www.suno.com.br\/noticias\/wp-content\/themes\/suno\/resources\/images\/spotlight\/spotlight1img\/bg-mask.png\" alt=\"Image Mask\"\/><img src=\"https:\/\/files.sunoresearch.com.br\/n\/uploads\/2021\/07\/c7765f4f-dock-441989_1280-400x200.jpg\" alt=\"Balan\u00e7a comercial registra super\u00e1vit de US$ 61,2 bi em 2021, maior da s\u00e9rie hist\u00f3rica\"\/><\/a><span class=\"spotlightCategory\"><a href=\"https:\/\/www.suno.com.br\/noticias\/economia\/\">Economia<\/a><\/span><\/div><div class=\"cardsPage__listCard__boxs__content\"><a href=\"https:\/\/www.suno.com.br\/noticias\/balanca-comercial-registra-superavit-recorde-2021\/\"><h2 class=\"content__title\">Balan\u00e7a comercial registra super\u00e1vit de US$ 61,2 bi em 2021, maior da s\u00e9rie hist\u00f3rica<\/h2><\/a><div class=\"newsContent__article__meta\"><div class=\"newsContent__article__meta__authorBox\"><a href=\"https:\/\/www.suno.com.br\/noticias\/author\/victoria\/\" class=\"authorBox__avatar noMobi\"><img src=\"https:\/\/files.sunoresearch.com.br\/n\/uploads\/2021\/12\/20190129VickyPINEAPPLE01-1-150x150.jpg\" alt=\"Vict\u00f3ria Anhesini\"><\/a><div class=\"authorBox__name\"><span>por\n\t\t\t<a href=\"https:\/\/www.suno.com.br\/noticias\/author\/victoria\/\"><span itemprop=\"author\">Vict\u00f3ria Anhesini<\/span><\/a><\/span><time datetime=\"2022-01-14T18:18:03-03:00\" itemprop=\"datePublished\">14\/01\/2022 18:18<\/time><\/div><\/div><\/div><\/div><\/div>","single_layout":"posts","amp_enabled":true,"_links":{"self":[{"href":"https:\/\/www.suno.com.br\/noticias\/wp-json\/wp\/v2\/posts\/222131"}],"collection":[{"href":"https:\/\/www.suno.com.br\/noticias\/wp-json\/wp\/v2\/posts"}],"about":[{"href":"https:\/\/www.suno.com.br\/noticias\/wp-json\/wp\/v2\/types\/post"}],"author":[{"embeddable":true,"href":"https:\/\/www.suno.com.br\/noticias\/wp-json\/wp\/v2\/users\/146"}],"replies":[{"embeddable":true,"href":"https:\/\/www.suno.com.br\/noticias\/wp-json\/wp\/v2\/comments?post=222131"}],"version-history":[{"count":4,"href":"https:\/\/www.suno.com.br\/noticias\/wp-json\/wp\/v2\/posts\/222131\/revisions"}],"predecessor-version":[{"id":222177,"href":"https:\/\/www.suno.com.br\/noticias\/wp-json\/wp\/v2\/posts\/222131\/revisions\/222177"}],"wp:featuredmedia":[{"embeddable":true,"href":"https:\/\/www.suno.com.br\/noticias\/wp-json\/wp\/v2\/media\/167073"}],"wp:attachment":[{"href":"https:\/\/www.suno.com.br\/noticias\/wp-json\/wp\/v2\/media?parent=222131"}],"wp:term":[{"taxonomy":"category","embeddable":true,"href":"https:\/\/www.suno.com.br\/noticias\/wp-json\/wp\/v2\/categories?post=222131"},{"taxonomy":"post_tag","embeddable":true,"href":"https:\/\/www.suno.com.br\/noticias\/wp-json\/wp\/v2\/tags?post=222131"},{"taxonomy":"suno_strategy","embeddable":true,"href":"https:\/\/www.suno.com.br\/noticias\/wp-json\/wp\/v2\/suno_strategy?post=222131"}],"curies":[{"name":"wp","href":"https:\/\/api.w.org\/{rel}","templated":true}]}}