{"id":22207,"date":"2019-04-24T16:52:33","date_gmt":"2019-04-24T19:52:33","guid":{"rendered":"https:\/\/www.suno.com.br\/noticias\/?p=22207"},"modified":"2021-07-11T16:08:40","modified_gmt":"2021-07-11T19:08:40","slug":"numero-inadimplentes-recorde-marco","status":"publish","type":"post","link":"https:\/\/www.suno.com.br\/noticias\/numero-inadimplentes-recorde-marco\/","title":{"rendered":"N\u00famero de inadimplentes bate recorde e chega a 63 milh\u00f5es em mar\u00e7o, diz Serasa"},"content":{"rendered":"<p>A quantidade de pessoas com o nome sujo ou com d\u00edvidas chegou a 63 milh\u00f5es em mar\u00e7o. Os dados s\u00e3o da Serasa Experian e foram divulgados nesta quarta-feira (24). De acordo com os n\u00fameros, 2 milh\u00f5es de consumidores ficaram inadimplentes em 2018, crescimento de 3,2%. Em compara\u00e7\u00e3o com fevereiro, houve alta de 1,2%.<\/p>\t<div class=\"wrapper-featured-image\">\n\t\t<figure class=\"spotlightImg\">\n\n\t\t\t<picture>\n\t\t\t\t<source media=\"(max-width: 768px)\" srcset=\"https:\/\/files.sunoresearch.com.br\/n\/uploads\/2018\/10\/bd02a4c5-inadimplencia-de-empresas-400x200.webp\">\n\t\t\t\t<img loading=\"lazy\" decoding=\"async\" class=\"newsContent__article__imgCapa lazyloadDisabled newsContent__article__imgCapa--noCaption\" src=\"https:\/\/files.sunoresearch.com.br\/n\/uploads\/2018\/10\/bd02a4c5-inadimplencia-de-empresas-800x450.webp\" width=\"800\" height=\"450\" alt=\"N\u00famero de inadimplentes bate recorde e chega a 63 milh\u00f5es em mar\u00e7o, diz Serasa\" fetchpriority=high \/>\n\t\t\t<\/picture>\n\n\t\t\t<figcaption class=\"wp-caption-text wp-caption-text--hide\"><\/figcaption>\n\t\t<\/figure>\n\t<\/div>\n\n\n<p>Esse \u00e9 o maior patamar desde o in\u00edcio da s\u00e9rie hist\u00f3rica, que \u00e9 realizada desde 2016. Dessa forma, 40,3% da popula\u00e7\u00e3o brasileira adulta est\u00e1 <strong>inadimplente<\/strong> no Brasil.\u00a0 De acordo com o economista da Serasa, Luiz Rabi, a eleva\u00e7\u00e3o foi motivada pela as perdas da <strong>renda do consumidor<\/strong>, o <strong>aumento do desemprego<\/strong> e a <a href=\"https:\/\/www.suno.com.br\/artigos\/inflacao\/\"><strong>alta da infla\u00e7\u00e3o<\/strong><\/a>.<\/p>\n<p><a href=\"https:\/\/www.suno.com.br\/noticias\/desemprego-brasil-sobe-demissoes-funcionarios-temporarios\/\">Saiba mais:\u00a0\u00a0Desemprego no Brasil sobe com demiss\u00f5es de funcion\u00e1rios tempor\u00e1rios<\/a><\/p>\n<p>&#8220;Tamb\u00e9m a concentra\u00e7\u00e3o de <strong>compromissos financeiros<\/strong> t\u00edpicos de in\u00edcio de ano (IPTU, IPVA, material escolar etc.) pressionaram o or\u00e7amento da popula\u00e7\u00e3o&#8221;, lembrou o economista.<\/p>\n<h2>Inadimpl\u00eancia entre idosos<\/h2>\n<p>A inadimpl\u00eancia entre os <strong>idosos<\/strong> teve a maior eleva\u00e7\u00e3o entre as faixas et\u00e1rias analisadas. Os devedores entre esse grupo subiu 1,9 ponto percentual em compara\u00e7\u00e3o com o mesmo per\u00edodo do ano passado. No total, 38,8% dos idosos estavam inadimplentes em mar\u00e7o. Por outro lado, as faixas de 26 a 35 anos e 31 a 35 anos tiveram uma pequena queda.<\/p>\n\n<h2>Desemprego<\/h2>\n<p>Em mar\u00e7o, 43.196 vagas formais de emprego foram fechadas no Brasil. O n\u00famero divulgado nesta quarta-feira (24) pelo\u00a0<strong>Cadastro Geral de Empregados e Desempregados (Caged)<\/strong> \u00e9 negativo em rela\u00e7\u00e3o ao \u00faltimo ano.<\/p>\n<p>No mesmo m\u00eas em 2018, foram abertas mais de 56 mil vagas de <strong>emprego.<\/strong> O registro divulgado nesta quarta pelo <strong>Minist\u00e9rio da Economia<\/strong> foi muito abaixo das proje\u00e7\u00f5es. Analistas esperavam que o resultado fosse de abertura de 79 mil postos de trabalho formal.<\/p>\n<p><a href=\"https:\/\/www.suno.com.br\/noticias\/43-mil-vagas-emprego-fechadas-marco\/\">Saiba mais:\u00a0Mais de 43 mil vagas de emprego s\u00e3o fechadas no Brasil em mar\u00e7o<\/a><\/p>\n<p>Foram feitas 1.216.177 contrata\u00e7\u00f5es. J\u00e1 as demiss\u00f5es atingiram 1.304.373 pessoas. O resultado \u00e9 o primeiro saldo negativo desde dezembro de 2018, quando foram fechadas\u00a0341.621 vagas com <strong>carteira assinada<\/strong>. Al\u00e9m disso, o n\u00fameros do emprego para mar\u00e7o s\u00e3o os piores desde 2017. No per\u00edodo, houve\u00a062.624 demiss\u00f5es.<\/p>\n","protected":false},"excerpt":{"rendered":"<p>A quantidade de pessoas com o nome sujo ou com d\u00edvidas chegou a 63 milh\u00f5es em mar\u00e7o. Os dados s\u00e3o da Serasa Experian e foram divulgados nesta quarta-feira (24). De acordo com os n\u00fameros, 2 milh\u00f5es de consumidores ficaram inadimplentes em 2018, crescimento de 3,2%. Em compara\u00e7\u00e3o com fevereiro, houve alta de 1,2%. Esse \u00e9 [&hellip;]<\/p>\n","protected":false},"author":14,"featured_media":5868,"comment_status":"closed","ping_status":"closed","sticky":false,"template":"","format":"standard","meta":[],"categories":[62],"tags":[1296,978],"suno_strategy":[],"class_list":["post-22207","post","type-post","status-publish","format-standard","has-post-thumbnail","hentry","category-economia","tag-desemprego","tag-serasa"],"yoast_head":"<!-- This site is optimized with the Yoast SEO plugin v24.4 - https:\/\/yoast.com\/wordpress\/plugins\/seo\/ -->\n<title>N\u00famero de inadimplentes bate recorde e chega a 63 milh\u00f5es em mar\u00e7o<\/title>\n<meta name=\"description\" content=\"Dessa forma, 40,3% da popula\u00e7\u00e3o brasileira adulta est\u00e1 inadimplente no Brasil; Esse \u00e9 o maior patamar da s\u00e9rie hist\u00f3rica. Clique e leia mais.\" \/>\n<meta name=\"robots\" content=\"index, follow, max-snippet:-1, max-image-preview:large, max-video-preview:-1\" \/>\n<link rel=\"canonical\" href=\"https:\/\/www.suno.com.br\/noticias\/numero-inadimplentes-recorde-marco\/\" \/>\n<meta property=\"og:locale\" content=\"pt_BR\" \/>\n<meta property=\"og:type\" content=\"article\" \/>\n<meta property=\"og:title\" content=\"N\u00famero de inadimplentes bate recorde e chega a 63 milh\u00f5es em mar\u00e7o\" \/>\n<meta property=\"og:description\" content=\"Dessa forma, 40,3% da popula\u00e7\u00e3o brasileira adulta est\u00e1 inadimplente no Brasil; Esse \u00e9 o maior patamar da s\u00e9rie hist\u00f3rica. Clique e leia mais.\" \/>\n<meta property=\"og:url\" content=\"https:\/\/www.suno.com.br\/noticias\/numero-inadimplentes-recorde-marco\/\" \/>\n<meta property=\"og:site_name\" content=\"Suno Not\u00edcias\" \/>\n<meta property=\"article:publisher\" content=\"https:\/\/facebook.com\/sunoresearch\" \/>\n<meta property=\"og:image\" content=\"https:\/\/files.sunoresearch.com.br\/n\/uploads\/2018\/10\/bd02a4c5-inadimplencia-de-empresas.jpg\" \/>\n\t<meta property=\"og:image:width\" content=\"1920\" \/>\n\t<meta property=\"og:image:height\" content=\"1440\" \/>\n\t<meta property=\"og:image:type\" content=\"image\/jpeg\" \/>\n<meta name=\"author\" content=\"Renan Dantas\" \/>\n<meta name=\"twitter:card\" content=\"summary_large_image\" \/>\n<meta name=\"twitter:creator\" content=\"@sunoresearch\" \/>\n<meta name=\"twitter:site\" content=\"@sunoresearch\" \/>\n<meta name=\"twitter:label1\" content=\"Escrito por\" \/>\n\t<meta name=\"twitter:data1\" content=\"Renan Dantas\" \/>\n\t<meta name=\"twitter:label2\" content=\"Est. tempo de leitura\" \/>\n\t<meta name=\"twitter:data2\" content=\"2 minutos\" \/>\n<script type=\"application\/ld+json\" class=\"yoast-schema-graph\">{\"@context\":\"https:\/\/schema.org\",\"@graph\":[{\"@type\":\"NewsArticle\",\"@id\":\"https:\/\/www.suno.com.br\/noticias\/numero-inadimplentes-recorde-marco\/#article\",\"isPartOf\":{\"@id\":\"https:\/\/www.suno.com.br\/noticias\/numero-inadimplentes-recorde-marco\/\"},\"author\":{\"name\":\"Renan Dantas\",\"@id\":\"https:\/\/www.suno.com.br\/noticias\/#\/schema\/person\/3f7693d5795a3f6d5ce15309ee785699\"},\"headline\":\"N\u00famero de inadimplentes bate recorde e chega a 63 milh\u00f5es em mar\u00e7o, diz Serasa\",\"datePublished\":\"2019-04-24T19:52:33+00:00\",\"dateModified\":\"2021-07-11T19:08:40+00:00\",\"mainEntityOfPage\":{\"@id\":\"https:\/\/www.suno.com.br\/noticias\/numero-inadimplentes-recorde-marco\/\"},\"wordCount\":378,\"publisher\":{\"@id\":\"https:\/\/www.suno.com.br\/noticias\/#organization\"},\"image\":{\"@id\":\"https:\/\/www.suno.com.br\/noticias\/numero-inadimplentes-recorde-marco\/#primaryimage\"},\"thumbnailUrl\":\"https:\/\/files.sunoresearch.com.br\/n\/uploads\/2018\/10\/bd02a4c5-inadimplencia-de-empresas-jpg.webp\",\"keywords\":[\"Desemprego\",\"Serasa\"],\"articleSection\":[\"Economia\"],\"inLanguage\":\"pt-BR\"},{\"@type\":\"WebPage\",\"@id\":\"https:\/\/www.suno.com.br\/noticias\/numero-inadimplentes-recorde-marco\/\",\"url\":\"https:\/\/www.suno.com.br\/noticias\/numero-inadimplentes-recorde-marco\/\",\"name\":\"N\u00famero de inadimplentes bate recorde e chega a 63 milh\u00f5es em mar\u00e7o\",\"isPartOf\":{\"@id\":\"https:\/\/www.suno.com.br\/noticias\/#website\"},\"primaryImageOfPage\":{\"@id\":\"https:\/\/www.suno.com.br\/noticias\/numero-inadimplentes-recorde-marco\/#primaryimage\"},\"image\":{\"@id\":\"https:\/\/www.suno.com.br\/noticias\/numero-inadimplentes-recorde-marco\/#primaryimage\"},\"thumbnailUrl\":\"https:\/\/files.sunoresearch.com.br\/n\/uploads\/2018\/10\/bd02a4c5-inadimplencia-de-empresas-jpg.webp\",\"datePublished\":\"2019-04-24T19:52:33+00:00\",\"dateModified\":\"2021-07-11T19:08:40+00:00\",\"description\":\"Dessa forma, 40,3% da popula\u00e7\u00e3o brasileira adulta est\u00e1 inadimplente no Brasil; Esse \u00e9 o maior patamar da s\u00e9rie hist\u00f3rica. Clique e leia mais.\",\"breadcrumb\":{\"@id\":\"https:\/\/www.suno.com.br\/noticias\/numero-inadimplentes-recorde-marco\/#breadcrumb\"},\"inLanguage\":\"pt-BR\",\"potentialAction\":[{\"@type\":\"ReadAction\",\"target\":[\"https:\/\/www.suno.com.br\/noticias\/numero-inadimplentes-recorde-marco\/\"]}]},{\"@type\":\"ImageObject\",\"inLanguage\":\"pt-BR\",\"@id\":\"https:\/\/www.suno.com.br\/noticias\/numero-inadimplentes-recorde-marco\/#primaryimage\",\"url\":\"https:\/\/files.sunoresearch.com.br\/n\/uploads\/2018\/10\/bd02a4c5-inadimplencia-de-empresas-jpg.webp\",\"contentUrl\":\"https:\/\/files.sunoresearch.com.br\/n\/uploads\/2018\/10\/bd02a4c5-inadimplencia-de-empresas-jpg.webp\",\"width\":1920,\"height\":1440,\"caption\":\"Inadimpl\u00eancia de empresas\"},{\"@type\":\"BreadcrumbList\",\"@id\":\"https:\/\/www.suno.com.br\/noticias\/numero-inadimplentes-recorde-marco\/#breadcrumb\",\"itemListElement\":[{\"@type\":\"ListItem\",\"position\":1,\"name\":\"Not\u00edcias\",\"item\":\"https:\/\/www.suno.com.br\/noticias\/\"},{\"@type\":\"ListItem\",\"position\":2,\"name\":\"Economia\",\"item\":\"https:\/\/www.suno.com.br\/noticias\/economia\/\"},{\"@type\":\"ListItem\",\"position\":3,\"name\":\"N\u00famero de inadimplentes bate recorde e chega a 63 milh\u00f5es em mar\u00e7o, diz Serasa\"}]},{\"@type\":\"WebSite\",\"@id\":\"https:\/\/www.suno.com.br\/noticias\/#website\",\"url\":\"https:\/\/www.suno.com.br\/noticias\/\",\"name\":\"Suno Not\u00edcias\",\"description\":\"Seu portal de informa\u00e7\u00e3o sobre o mundo dos investimentos\",\"publisher\":{\"@id\":\"https:\/\/www.suno.com.br\/noticias\/#organization\"},\"potentialAction\":[{\"@type\":\"SearchAction\",\"target\":{\"@type\":\"EntryPoint\",\"urlTemplate\":\"https:\/\/www.suno.com.br\/noticias\/?s={search_term_string}\"},\"query-input\":{\"@type\":\"PropertyValueSpecification\",\"valueRequired\":true,\"valueName\":\"search_term_string\"}}],\"inLanguage\":\"pt-BR\"},{\"@type\":\"Organization\",\"@id\":\"https:\/\/www.suno.com.br\/noticias\/#organization\",\"name\":\"Suno Not\u00edcias\",\"url\":\"https:\/\/www.suno.com.br\/noticias\/\",\"logo\":{\"@type\":\"ImageObject\",\"inLanguage\":\"pt-BR\",\"@id\":\"https:\/\/www.suno.com.br\/noticias\/#\/schema\/logo\/image\/\",\"url\":\"https:\/\/files.sunoresearch.com.br\/n\/uploads\/2021\/09\/suno-logo.png\",\"contentUrl\":\"https:\/\/files.sunoresearch.com.br\/n\/uploads\/2021\/09\/suno-logo.png\",\"width\":180,\"height\":180,\"caption\":\"Suno Not\u00edcias\"},\"image\":{\"@id\":\"https:\/\/www.suno.com.br\/noticias\/#\/schema\/logo\/image\/\"},\"sameAs\":[\"https:\/\/facebook.com\/sunoresearch\",\"https:\/\/x.com\/sunoresearch\",\"https:\/\/www.instagram.com\/suno\",\"https:\/\/www.linkedin.com\/company\/suno-research\/\",\"https:\/\/www.youtube.com\/c\/sunoresearch\"]},{\"@type\":\"Person\",\"@id\":\"https:\/\/www.suno.com.br\/noticias\/#\/schema\/person\/3f7693d5795a3f6d5ce15309ee785699\",\"name\":\"Renan Dantas\",\"image\":{\"@type\":\"ImageObject\",\"inLanguage\":\"pt-BR\",\"@id\":\"https:\/\/www.suno.com.br\/noticias\/#\/schema\/person\/image\/\",\"url\":\"https:\/\/secure.gravatar.com\/avatar\/1787b83e7484a08e51d62ac8b41c8396?s=96&r=g\",\"contentUrl\":\"https:\/\/secure.gravatar.com\/avatar\/1787b83e7484a08e51d62ac8b41c8396?s=96&r=g\",\"caption\":\"Renan Dantas\"},\"description\":\"Escreve sobre pol\u00edtica e mercado financeiro para o portal Suno Not\u00edcias. Antes, atuou na assessoria de comunica\u00e7\u00e3o do Minist\u00e9rio P\u00fablico do Trabalho e na R\u00e1dio Mackenzie, onde apresentava e produzia um programa sobre artistas da m\u00fasica brasileira. \u00c9 estudante na Universidade Presbiteriana Mackenzie.\",\"url\":\"https:\/\/www.suno.com.br\/noticias\/author\/renan-dantas\/\"}]}<\/script>\n<!-- \/ Yoast SEO plugin. -->","yoast_head_json":{"title":"N\u00famero de inadimplentes bate recorde e chega a 63 milh\u00f5es em mar\u00e7o","description":"Dessa forma, 40,3% da popula\u00e7\u00e3o brasileira adulta est\u00e1 inadimplente no Brasil; Esse \u00e9 o maior patamar da s\u00e9rie hist\u00f3rica. Clique e leia mais.","robots":{"index":"index","follow":"follow","max-snippet":"max-snippet:-1","max-image-preview":"max-image-preview:large","max-video-preview":"max-video-preview:-1"},"canonical":"https:\/\/www.suno.com.br\/noticias\/numero-inadimplentes-recorde-marco\/","og_locale":"pt_BR","og_type":"article","og_title":"N\u00famero de inadimplentes bate recorde e chega a 63 milh\u00f5es em mar\u00e7o","og_description":"Dessa forma, 40,3% da popula\u00e7\u00e3o brasileira adulta est\u00e1 inadimplente no Brasil; Esse \u00e9 o maior patamar da s\u00e9rie hist\u00f3rica. Clique e leia mais.","og_url":"https:\/\/www.suno.com.br\/noticias\/numero-inadimplentes-recorde-marco\/","og_site_name":"Suno Not\u00edcias","article_publisher":"https:\/\/facebook.com\/sunoresearch","og_image":[{"width":1920,"height":1440,"url":"https:\/\/files.sunoresearch.com.br\/n\/uploads\/2018\/10\/bd02a4c5-inadimplencia-de-empresas.jpg","type":"image\/jpeg"}],"author":"Renan Dantas","twitter_card":"summary_large_image","twitter_creator":"@sunoresearch","twitter_site":"@sunoresearch","twitter_misc":{"Escrito por":"Renan Dantas","Est. tempo de leitura":"2 minutos"},"schema":{"@context":"https:\/\/schema.org","@graph":[{"@type":"NewsArticle","@id":"https:\/\/www.suno.com.br\/noticias\/numero-inadimplentes-recorde-marco\/#article","isPartOf":{"@id":"https:\/\/www.suno.com.br\/noticias\/numero-inadimplentes-recorde-marco\/"},"author":{"name":"Renan Dantas","@id":"https:\/\/www.suno.com.br\/noticias\/#\/schema\/person\/3f7693d5795a3f6d5ce15309ee785699"},"headline":"N\u00famero de inadimplentes bate recorde e chega a 63 milh\u00f5es em mar\u00e7o, diz Serasa","datePublished":"2019-04-24T19:52:33+00:00","dateModified":"2021-07-11T19:08:40+00:00","mainEntityOfPage":{"@id":"https:\/\/www.suno.com.br\/noticias\/numero-inadimplentes-recorde-marco\/"},"wordCount":378,"publisher":{"@id":"https:\/\/www.suno.com.br\/noticias\/#organization"},"image":{"@id":"https:\/\/www.suno.com.br\/noticias\/numero-inadimplentes-recorde-marco\/#primaryimage"},"thumbnailUrl":"https:\/\/files.sunoresearch.com.br\/n\/uploads\/2018\/10\/bd02a4c5-inadimplencia-de-empresas-jpg.webp","keywords":["Desemprego","Serasa"],"articleSection":["Economia"],"inLanguage":"pt-BR"},{"@type":"WebPage","@id":"https:\/\/www.suno.com.br\/noticias\/numero-inadimplentes-recorde-marco\/","url":"https:\/\/www.suno.com.br\/noticias\/numero-inadimplentes-recorde-marco\/","name":"N\u00famero de inadimplentes bate recorde e chega a 63 milh\u00f5es em mar\u00e7o","isPartOf":{"@id":"https:\/\/www.suno.com.br\/noticias\/#website"},"primaryImageOfPage":{"@id":"https:\/\/www.suno.com.br\/noticias\/numero-inadimplentes-recorde-marco\/#primaryimage"},"image":{"@id":"https:\/\/www.suno.com.br\/noticias\/numero-inadimplentes-recorde-marco\/#primaryimage"},"thumbnailUrl":"https:\/\/files.sunoresearch.com.br\/n\/uploads\/2018\/10\/bd02a4c5-inadimplencia-de-empresas-jpg.webp","datePublished":"2019-04-24T19:52:33+00:00","dateModified":"2021-07-11T19:08:40+00:00","description":"Dessa forma, 40,3% da popula\u00e7\u00e3o brasileira adulta est\u00e1 inadimplente no Brasil; Esse \u00e9 o maior patamar da s\u00e9rie hist\u00f3rica. Clique e leia mais.","breadcrumb":{"@id":"https:\/\/www.suno.com.br\/noticias\/numero-inadimplentes-recorde-marco\/#breadcrumb"},"inLanguage":"pt-BR","potentialAction":[{"@type":"ReadAction","target":["https:\/\/www.suno.com.br\/noticias\/numero-inadimplentes-recorde-marco\/"]}]},{"@type":"ImageObject","inLanguage":"pt-BR","@id":"https:\/\/www.suno.com.br\/noticias\/numero-inadimplentes-recorde-marco\/#primaryimage","url":"https:\/\/files.sunoresearch.com.br\/n\/uploads\/2018\/10\/bd02a4c5-inadimplencia-de-empresas-jpg.webp","contentUrl":"https:\/\/files.sunoresearch.com.br\/n\/uploads\/2018\/10\/bd02a4c5-inadimplencia-de-empresas-jpg.webp","width":1920,"height":1440,"caption":"Inadimpl\u00eancia de empresas"},{"@type":"BreadcrumbList","@id":"https:\/\/www.suno.com.br\/noticias\/numero-inadimplentes-recorde-marco\/#breadcrumb","itemListElement":[{"@type":"ListItem","position":1,"name":"Not\u00edcias","item":"https:\/\/www.suno.com.br\/noticias\/"},{"@type":"ListItem","position":2,"name":"Economia","item":"https:\/\/www.suno.com.br\/noticias\/economia\/"},{"@type":"ListItem","position":3,"name":"N\u00famero de inadimplentes bate recorde e chega a 63 milh\u00f5es em mar\u00e7o, diz Serasa"}]},{"@type":"WebSite","@id":"https:\/\/www.suno.com.br\/noticias\/#website","url":"https:\/\/www.suno.com.br\/noticias\/","name":"Suno Not\u00edcias","description":"Seu portal de informa\u00e7\u00e3o sobre o mundo dos investimentos","publisher":{"@id":"https:\/\/www.suno.com.br\/noticias\/#organization"},"potentialAction":[{"@type":"SearchAction","target":{"@type":"EntryPoint","urlTemplate":"https:\/\/www.suno.com.br\/noticias\/?s={search_term_string}"},"query-input":{"@type":"PropertyValueSpecification","valueRequired":true,"valueName":"search_term_string"}}],"inLanguage":"pt-BR"},{"@type":"Organization","@id":"https:\/\/www.suno.com.br\/noticias\/#organization","name":"Suno Not\u00edcias","url":"https:\/\/www.suno.com.br\/noticias\/","logo":{"@type":"ImageObject","inLanguage":"pt-BR","@id":"https:\/\/www.suno.com.br\/noticias\/#\/schema\/logo\/image\/","url":"https:\/\/files.sunoresearch.com.br\/n\/uploads\/2021\/09\/suno-logo.png","contentUrl":"https:\/\/files.sunoresearch.com.br\/n\/uploads\/2021\/09\/suno-logo.png","width":180,"height":180,"caption":"Suno Not\u00edcias"},"image":{"@id":"https:\/\/www.suno.com.br\/noticias\/#\/schema\/logo\/image\/"},"sameAs":["https:\/\/facebook.com\/sunoresearch","https:\/\/x.com\/sunoresearch","https:\/\/www.instagram.com\/suno","https:\/\/www.linkedin.com\/company\/suno-research\/","https:\/\/www.youtube.com\/c\/sunoresearch"]},{"@type":"Person","@id":"https:\/\/www.suno.com.br\/noticias\/#\/schema\/person\/3f7693d5795a3f6d5ce15309ee785699","name":"Renan Dantas","image":{"@type":"ImageObject","inLanguage":"pt-BR","@id":"https:\/\/www.suno.com.br\/noticias\/#\/schema\/person\/image\/","url":"https:\/\/secure.gravatar.com\/avatar\/1787b83e7484a08e51d62ac8b41c8396?s=96&r=g","contentUrl":"https:\/\/secure.gravatar.com\/avatar\/1787b83e7484a08e51d62ac8b41c8396?s=96&r=g","caption":"Renan Dantas"},"description":"Escreve sobre pol\u00edtica e mercado financeiro para o portal Suno Not\u00edcias. Antes, atuou na assessoria de comunica\u00e7\u00e3o do Minist\u00e9rio P\u00fablico do Trabalho e na R\u00e1dio Mackenzie, onde apresentava e produzia um programa sobre artistas da m\u00fasica brasileira. \u00c9 estudante na Universidade Presbiteriana Mackenzie.","url":"https:\/\/www.suno.com.br\/noticias\/author\/renan-dantas\/"}]}},"default_loop_html":"<div class=\"cardsPage__listCard__boxs\"><div class=\"cardsPage__listCard__boxs__img\"><a href=\"https:\/\/www.suno.com.br\/noticias\/numero-inadimplentes-recorde-marco\/\"><img class=\"mask\" src=\"https:\/\/www.suno.com.br\/noticias\/wp-content\/themes\/suno\/resources\/images\/spotlight\/spotlight1img\/bg-mask.png\" alt=\"Image Mask\"\/><img src=\"https:\/\/files.sunoresearch.com.br\/n\/uploads\/2018\/10\/bd02a4c5-inadimplencia-de-empresas-400x200.webp\" alt=\"N\u00famero de inadimplentes bate recorde e chega a 63 milh\u00f5es em mar\u00e7o, diz Serasa\"\/><\/a><span class=\"spotlightCategory\"><a href=\"https:\/\/www.suno.com.br\/noticias\/economia\/\">Economia<\/a><\/span><\/div><div class=\"cardsPage__listCard__boxs__content\"><a href=\"https:\/\/www.suno.com.br\/noticias\/numero-inadimplentes-recorde-marco\/\"><h2 class=\"content__title\">N\u00famero de inadimplentes bate recorde e chega a 63 milh\u00f5es em mar\u00e7o, diz Serasa<\/h2><\/a><div class=\"newsContent__article__meta\"><div class=\"newsContent__article__meta__authorBox\"><a href=\"https:\/\/www.suno.com.br\/noticias\/author\/renan-dantas\/\" class=\"authorBox__avatar noMobi\"><img src=\"https:\/\/secure.gravatar.com\/avatar\/1787b83e7484a08e51d62ac8b41c8396?s=96&#038;r=g\" alt=\"Renan Dantas\"><\/a><div class=\"authorBox__name\"><span>por\n\t\t\t<a href=\"https:\/\/www.suno.com.br\/noticias\/author\/renan-dantas\/\"><span itemprop=\"author\">Renan Dantas<\/span><\/a><\/span><time datetime=\"2019-04-24T16:52:33-03:00\" itemprop=\"datePublished\">24\/04\/2019 16:52<\/time><\/div><\/div><\/div><\/div><\/div>","single_layout":"posts","amp_enabled":true,"_links":{"self":[{"href":"https:\/\/www.suno.com.br\/noticias\/wp-json\/wp\/v2\/posts\/22207"}],"collection":[{"href":"https:\/\/www.suno.com.br\/noticias\/wp-json\/wp\/v2\/posts"}],"about":[{"href":"https:\/\/www.suno.com.br\/noticias\/wp-json\/wp\/v2\/types\/post"}],"author":[{"embeddable":true,"href":"https:\/\/www.suno.com.br\/noticias\/wp-json\/wp\/v2\/users\/14"}],"replies":[{"embeddable":true,"href":"https:\/\/www.suno.com.br\/noticias\/wp-json\/wp\/v2\/comments?post=22207"}],"version-history":[{"count":1,"href":"https:\/\/www.suno.com.br\/noticias\/wp-json\/wp\/v2\/posts\/22207\/revisions"}],"predecessor-version":[{"id":165071,"href":"https:\/\/www.suno.com.br\/noticias\/wp-json\/wp\/v2\/posts\/22207\/revisions\/165071"}],"wp:featuredmedia":[{"embeddable":true,"href":"https:\/\/www.suno.com.br\/noticias\/wp-json\/wp\/v2\/media\/5868"}],"wp:attachment":[{"href":"https:\/\/www.suno.com.br\/noticias\/wp-json\/wp\/v2\/media?parent=22207"}],"wp:term":[{"taxonomy":"category","embeddable":true,"href":"https:\/\/www.suno.com.br\/noticias\/wp-json\/wp\/v2\/categories?post=22207"},{"taxonomy":"post_tag","embeddable":true,"href":"https:\/\/www.suno.com.br\/noticias\/wp-json\/wp\/v2\/tags?post=22207"},{"taxonomy":"suno_strategy","embeddable":true,"href":"https:\/\/www.suno.com.br\/noticias\/wp-json\/wp\/v2\/suno_strategy?post=22207"}],"curies":[{"name":"wp","href":"https:\/\/api.w.org\/{rel}","templated":true}]}}