{"id":222053,"date":"2022-01-14T14:37:31","date_gmt":"2022-01-14T17:37:31","guid":{"rendered":"https:\/\/www.suno.com.br\/noticias\/?p=222053"},"modified":"2022-01-14T15:29:27","modified_gmt":"2022-01-14T18:29:27","slug":"varejo-black-friday-novembro-ibge","status":"publish","type":"post","link":"https:\/\/www.suno.com.br\/noticias\/varejo-black-friday-novembro-ibge\/","title":{"rendered":"Com Black Friday fraca, somente tr\u00eas segmentos do varejo tiveram alta"},"content":{"rendered":"<p>O desempenho menos favor\u00e1vel das vendas na campanha de promo\u00e7\u00f5es da <a href=\"https:\/\/www.suno.com.br\/noticias\/tags\/black-friday\/\">Black Friday<\/a> e a infla\u00e7\u00e3o ainda elevada no Pa\u00eds impediram um resultado mais favor\u00e1vel nas vendas no varejo em novembro, afirmou Cristiano Santos, gerente da Pesquisa Mensal de Com\u00e9rcio (PMC) no <a class=\"suno-keyword\" href=\"https:\/\/www.suno.com.br\/artigos\/ibge\/\" target=\"_blank\" rel=\"noopener\" data-force=\"no\" data-priority=\"3\">Instituto Brasileiro de Geografia e Estat\u00edstica (IBGE)<\/a>.<\/p>\t<div class=\"wrapper-featured-image\">\n\t\t<figure class=\"spotlightImg\">\n\n\t\t\t<picture>\n\t\t\t\t<source media=\"(max-width: 768px)\" srcset=\"https:\/\/files.sunoresearch.com.br\/n\/uploads\/2022\/01\/pexels-albin-biju-6717680-400x200.jpg\">\n\t\t\t\t<img loading=\"lazy\" decoding=\"async\" class=\"newsContent__article__imgCapa lazyloadDisabled \" src=\"https:\/\/files.sunoresearch.com.br\/n\/uploads\/2022\/01\/pexels-albin-biju-6717680-800x450.jpg\" width=\"800\" height=\"450\" alt=\"Com Black Friday fraca, somente tr\u00eas segmentos do varejo tiveram alta\" fetchpriority=high \/>\n\t\t\t<\/picture>\n\n\t\t\t<figcaption class=\"wp-caption-text wp-caption-text--show\">Varejo. Foto: Pexels<\/figcaption>\n\t\t<\/figure>\n\t<\/div>\n\n\n\t<p>\n\t\t<a href=\"https:\/\/lp.suno.com.br\/planilha-controle-gastos\/\" target=\"_blank\" data-element=\"shortcode-suno-banner\" title=\"Banner SUNO, clique e saiba mais\">\n\t\t\t<picture>\n\t\t\t\t<source media=\"(max-width: 500px)\" srcset=\"https:\/\/files.sunoresearch.com.br\/n\/uploads\/2023\/03\/400x300-Planilha-controle-de-gastos.png\">\n\t\t\t\t<img class=\"newsContent__article__imgCapa newsContent__article__imgCapa--banner\"\n\t\t\t\t\tsrc=\"https:\/\/files.sunoresearch.com.br\/n\/uploads\/2023\/03\/1420x240-Planilha-controle-de-gastos.png\"\n\t\t\t\t\tdata-promo-id=\"101751\"\t\t\t\t\t\t\t\t\t\twidth='1420' height='240'\t\t\t\t\talt=\"https:\/\/files.sunoresearch.com.br\/n\/uploads\/2023\/03\/1420x240-Planilha-controle-de-gastos.png\"\n\t\t\t\t>\n\t\t\t<\/picture>\n\t\t<\/a>\n\t<\/p>\n\n\n<p>O volume vendido no varejo subiu 0,6% em novembro ante outubro, mas apenas tr\u00eas das oito atividades pesquisadas registraram avan\u00e7os.<\/p>\n<p>&#8220;Se a gente reparar nesse dado da margem (s\u00e9rie com ajuste sazonal),<a href=\"https:\/\/www.suno.com.br\/artigos\/crescimento-economico\/\"> ele \u00e9 um dado sendo ancorado por uma atividade muito forte<\/a>, que \u00e9 supermercados&#8221;, apontou Cristiano Santos, dizendo que os supermercados aderiram a promo\u00e7\u00f5es de <strong>Black Friday<\/strong> e se beneficiaram tamb\u00e9m de alta no cr\u00e9dito.<\/p>\n<p>&#8220;Na verdade, cinco das atividades pesquisadas tiveram varia\u00e7\u00e3o negativa no volume&#8221;, frisou.<\/p>\n<p>Os recuos foram registrados em m\u00f3veis e eletrodom\u00e9sticos (-2,3%), tecidos, vestu\u00e1rio e cal\u00e7ados (-1,9%), combust\u00edveis e lubrificantes (-1,4%), livros, jornais, revistas e papelaria (-1,4%) e equipamentos e material para escrit\u00f3rio, inform\u00e1tica e comunica\u00e7\u00e3o (-0,1%). Na dire\u00e7\u00e3o oposta, houve avan\u00e7os em hipermercados, supermercados, produtos aliment\u00edcios, bebidas e fumo (0,9%), artigos farmac\u00eauticos, m\u00e9dicos, ortop\u00e9dicos, de perfumaria e cosm\u00e9ticos (1,2%) e outros artigos de uso pessoal e dom\u00e9stico (2,2%).<\/p>\n\t<p>\n\t\t<a href=\"https:\/\/lp.suno.com.br\/planilha-da-vida-financeira\/\" target=\"_blank\" data-element=\"shortcode-suno-banner\" title=\"Banner SUNO, clique e saiba mais\">\n\t\t\t<picture>\n\t\t\t\t<source media=\"(max-width: 500px)\" srcset=\"https:\/\/files.sunoresearch.com.br\/n\/uploads\/2023\/04\/400x300-Planilha-vida-financeira-true.png\">\n\t\t\t\t<img class=\"newsContent__article__imgCapa newsContent__article__imgCapa--banner\"\n\t\t\t\t\tsrc=\"https:\/\/files.sunoresearch.com.br\/n\/uploads\/2023\/04\/1420x240-Planilha-vida-financeira-true.png\"\n\t\t\t\t\tdata-promo-id=\"106682\"\t\t\t\t\t\t\t\t\t\twidth='1420' height='240'\t\t\t\t\talt=\"https:\/\/files.sunoresearch.com.br\/n\/uploads\/2023\/04\/1420x240-Planilha-vida-financeira-true.png\"\n\t\t\t\t>\n\t\t\t<\/picture>\n\t\t<\/a>\n\t<\/p>\n\n\n<p>&#8220;Atividades que tem Black Friday forte apresentaram queda no <strong>volume<\/strong>&#8220;, observou Santos, apontando como exemplo os segmentos de m\u00f3veis e eletrodom\u00e9sticos e de tecidos, vestu\u00e1rio e cal\u00e7ados.<\/p>\n<p><a href=\"https:\/\/www.suno.com.br\/noticias\/tags\/varejo\/\">No <strong>com\u00e9rcio varejista<\/strong> ampliado<\/a>, que inclui as atividades de ve\u00edculos e material de constru\u00e7\u00e3o, houve eleva\u00e7\u00e3o de 0,5% em novembro ante outubro. O segmento de ve\u00edculos, motos, partes e pe\u00e7as registrou alta de 0,7%, enquanto material de constru\u00e7\u00e3o subiu 0,8%.<\/p>\n<p>O resultado do m\u00eas anterior do varejo, outubro ante setembro, foi revisto de um recuo de 0,1% para uma eleva\u00e7\u00e3o de 0,2%. No varejo ampliado, a taxa de outubro ante setembro foi revisada de um recuo de 0,9% para queda de 0,8%.<\/p>\n<p>&#8220;As revis\u00f5es s\u00e3o mais ajuste mesmo. Teve entrada de informa\u00e7\u00f5es novas, mas foi mais ajuste (do modelo estat\u00edstico que neutraliza impactos sazonais)&#8221;, explicou Santos.<\/p>\n\t<p>\n\t\t<a href=\"https:\/\/lp.suno.com.br\/ebook-como-analisar-uma-acao\/\" target=\"_blank\" data-element=\"shortcode-suno-banner\" title=\"Banner SUNO, clique e saiba mais\">\n\t\t\t<picture>\n\t\t\t\t<source media=\"(max-width: 500px)\" srcset=\"https:\/\/files.sunoresearch.com.br\/n\/uploads\/2023\/03\/Ebook-Acoes-Mobile-1.jpg\">\n\t\t\t\t<img class=\"newsContent__article__imgCapa newsContent__article__imgCapa--banner\"\n\t\t\t\t\tsrc=\"https:\/\/files.sunoresearch.com.br\/n\/uploads\/2023\/03\/Ebook-Acoes-Desktop-1.jpg\"\n\t\t\t\t\tdata-promo-id=\"171998\"\t\t\t\t\t\t\t\t\t\twidth='1420' height='286'\t\t\t\t\talt=\"https:\/\/files.sunoresearch.com.br\/n\/uploads\/2023\/03\/Ebook-Acoes-Desktop-1.jpg\"\n\t\t\t\t>\n\t\t\t<\/picture>\n\t\t<\/a>\n\t<\/p>\n\n\n<p>Na compara\u00e7\u00e3o com novembro de 2020, o com\u00e9rcio varejista teve um recuo de 4,2% em novembro de 2021, o mais acentuado para o m\u00eas desde 2015, quando encolheu 7,8%. Sete das oito atividades registraram perdas. No varejo ampliado, as vendas ca\u00edram 2,9%. O segmento de ve\u00edculos cresceu 1,7%, mas material de constru\u00e7\u00e3o caiu 4,1%.<\/p>\n<p>Santos lembra que a base de compara\u00e7\u00e3o de novembro de 2020 era muito elevada, o que tamb\u00e9m contribui para as vendas ficarem em patamar mais baixo este ano.<\/p>\n<p>&#8220;H\u00e1 tamb\u00e9m um componente inflacion\u00e1rio afetando bastante algumas atividades&#8221;, acrescentou o pesquisador.<\/p>\n<h2>Black Friday puxou varejo para baixo<\/h2>\n<p>A Black Friday mais fraca em 2021 contribuiu com -0,8 ponto porcentual para a queda de 4,2% nas vendas do varejo em rela\u00e7\u00e3o a novembro de 2020. No varejo ampliado, essa contribui\u00e7\u00e3o negativa foi de 0,7 ponto porcentual para o recuo de 2,9% no volume vendido, calculou o <a href=\"https:\/\/www.ibge.gov.br\/\"><strong>IBGE<\/strong><\/a>.<\/p>\n\t<p>\n\t\t<a href=\"https:\/\/lp.suno.com.br\/planilha-de-controle-de-investimentos\/\" target=\"_blank\" data-element=\"shortcode-suno-banner\" title=\"Banner SUNO, clique e saiba mais\">\n\t\t\t<picture>\n\t\t\t\t<source media=\"(max-width: 500px)\" srcset=\"https:\/\/files.sunoresearch.com.br\/n\/uploads\/2023\/03\/400x300-Controle-de-Investimentos.png\">\n\t\t\t\t<img class=\"newsContent__article__imgCapa newsContent__article__imgCapa--banner\"\n\t\t\t\t\tsrc=\"https:\/\/files.sunoresearch.com.br\/n\/uploads\/2023\/03\/1420x240-Controle-de-Investimentos.png\"\n\t\t\t\t\tdata-promo-id=\"75934\"\t\t\t\t\t\t\t\t\t\twidth='1420' height='240'\t\t\t\t\talt=\"https:\/\/files.sunoresearch.com.br\/n\/uploads\/2023\/03\/1420x240-Controle-de-Investimentos.png\"\n\t\t\t\t>\n\t\t\t<\/picture>\n\t\t<\/a>\n\t<\/p>\n\n\n<p>A melhora no desempenho do varejo na passagem de outubro para novembro fez o volume de vendas ficar 1,2% acima do n\u00edvel de fevereiro de 2020, no pr\u00e9-pandemia. No varejo ampliado, que inclui as atividades de ve\u00edculos e material de constru\u00e7\u00e3o, as vendas operam 1,9% aqu\u00e9m do pr\u00e9-pandemia.<\/p>\n<p>No entanto, apenas os segmentos de artigos farmac\u00eauticos, material de constru\u00e7\u00e3o, outros artigos de uso pessoal e dom\u00e9stico e supermercados est\u00e3o operando acima do patamar pr\u00e9-crise sanit\u00e1ria.<\/p>\n<p>O segmento de artigos farmac\u00eauticos opera em patamar 13,2% acima do pr\u00e9-crise sanit\u00e1ria; material de constru\u00e7\u00e3o, 12,6% acima; outros artigos de uso pessoal e dom\u00e9sticos, 11,1% acima; e supermercados, 1,7% acima.<\/p>\n<p>Os ve\u00edculos est\u00e3o 5,9% aqu\u00e9m do n\u00edvel de fevereiro de 2020; m\u00f3veis e eletrodom\u00e9sticos, 14,8% abaixo; vestu\u00e1rio, 7,5% abaixo; combust\u00edveis, 12,5% abaixo; equipamentos de inform\u00e1tica e comunica\u00e7\u00e3o, 12,8% abaixo; e livros e papelaria, 37,7% abaixo.<\/p>\n<p>&#8220;Continua tendo essa heterogeneidade em termos de crescimento das atividades do varejo e tamb\u00e9m do <strong>varejo<\/strong> ampliado&#8221;, reconheceu Santos. &#8220;Est\u00e1 bastante desigual realmente ainda, e n\u00e3o tenho certeza se voltar\u00e1 a ser igual no futuro, ou mais homog\u00eaneo ao menos&#8221;, concluiu.<\/p>\n<p><em>Com informa\u00e7\u00f5es do Estad\u00e3o Conte\u00fado<\/em><\/p>\n\t<p>\n\t\t<a href=\"\" target=\"_blank\" data-element=\"shortcode-suno-banner\" title=\"Banner SUNO, clique e saiba mais\">\n\t\t\t<picture>\n\t\t\t\t<source media=\"(max-width: 500px)\" srcset=\"\">\n\t\t\t\t<img class=\"newsContent__article__imgCapa newsContent__article__imgCapa--banner\"\n\t\t\t\t\tsrc=\"\"\n\t\t\t\t\tdata-promo-id=\"184190\"\t\t\t\t\t\t\t\t\t\t\t\t\t\t\talt=\"\"\n\t\t\t\t>\n\t\t\t<\/picture>\n\t\t<\/a>\n\t<\/p>\n\n\n","protected":false},"excerpt":{"rendered":"<p>O desempenho menos favor\u00e1vel das vendas na campanha de promo\u00e7\u00f5es da Black Friday e a infla\u00e7\u00e3o ainda elevada no Pa\u00eds impediram um resultado mais favor\u00e1vel nas vendas no varejo em novembro, afirmou Cristiano Santos, gerente da Pesquisa Mensal de Com\u00e9rcio (PMC) no Instituto Brasileiro de Geografia e Estat\u00edstica (IBGE). Varejo. Foto: Pexels O volume vendido [&hellip;]<\/p>\n","protected":false},"author":73,"featured_media":222105,"comment_status":"closed","ping_status":"closed","sticky":false,"template":"","format":"standard","meta":[],"categories":[62],"tags":[106444,768,803],"suno_strategy":[],"class_list":["post-222053","post","type-post","status-publish","format-standard","has-post-thumbnail","hentry","category-economia","tag-agencias","tag-black-friday","tag-varejo"],"yoast_head":"<!-- This site is optimized with the Yoast SEO plugin v24.4 - https:\/\/yoast.com\/wordpress\/plugins\/seo\/ -->\n<title>Com Black Friday fraca, somente tr\u00eas segmentos do varejo tiveram alta<\/title>\n<meta name=\"description\" content=\"O volume vendido no varejo subiu 0,6% em novembro ante outubro, mas apenas tr\u00eas de oito setores registraram avan\u00e7os. Clique aqui e leia mais.\" \/>\n<meta name=\"robots\" content=\"index, follow, max-snippet:-1, max-image-preview:large, max-video-preview:-1\" \/>\n<link rel=\"canonical\" href=\"https:\/\/www.suno.com.br\/noticias\/varejo-black-friday-novembro-ibge\/\" \/>\n<meta property=\"og:locale\" content=\"pt_BR\" \/>\n<meta property=\"og:type\" content=\"article\" \/>\n<meta property=\"og:title\" content=\"Com Black Friday fraca, somente tr\u00eas segmentos do varejo tiveram alta\" \/>\n<meta property=\"og:description\" content=\"O volume vendido no varejo subiu 0,6% em novembro ante outubro, mas apenas tr\u00eas de oito setores registraram avan\u00e7os. Clique aqui e leia mais.\" \/>\n<meta property=\"og:url\" content=\"https:\/\/www.suno.com.br\/noticias\/varejo-black-friday-novembro-ibge\/\" \/>\n<meta property=\"og:site_name\" content=\"Suno Not\u00edcias\" \/>\n<meta property=\"article:publisher\" content=\"https:\/\/facebook.com\/sunoresearch\" \/>\n<meta property=\"og:image\" content=\"https:\/\/files.sunoresearch.com.br\/n\/uploads\/2022\/01\/pexels-albin-biju-6717680-scaled.jpg\" \/>\n\t<meta property=\"og:image:width\" content=\"1706\" \/>\n\t<meta property=\"og:image:height\" content=\"2560\" \/>\n\t<meta property=\"og:image:type\" content=\"image\/jpeg\" \/>\n<meta name=\"author\" content=\"Eduardo Vargas\" \/>\n<meta name=\"twitter:card\" content=\"summary_large_image\" \/>\n<meta name=\"twitter:creator\" content=\"@sunoresearch\" \/>\n<meta name=\"twitter:site\" content=\"@sunoresearch\" \/>\n<meta name=\"twitter:label1\" content=\"Escrito por\" \/>\n\t<meta name=\"twitter:data1\" content=\"Eduardo Vargas\" \/>\n\t<meta name=\"twitter:label2\" content=\"Est. tempo de leitura\" \/>\n\t<meta name=\"twitter:data2\" content=\"3 minutos\" \/>\n<script type=\"application\/ld+json\" class=\"yoast-schema-graph\">{\"@context\":\"https:\/\/schema.org\",\"@graph\":[{\"@type\":\"NewsArticle\",\"@id\":\"https:\/\/www.suno.com.br\/noticias\/varejo-black-friday-novembro-ibge\/#article\",\"isPartOf\":{\"@id\":\"https:\/\/www.suno.com.br\/noticias\/varejo-black-friday-novembro-ibge\/\"},\"author\":{\"name\":\"Eduardo Vargas\",\"@id\":\"https:\/\/www.suno.com.br\/noticias\/#\/schema\/person\/7f4d362bf3518e76090143ae77bb49a5\"},\"headline\":\"Com Black Friday fraca, somente tr\u00eas segmentos do varejo tiveram alta\",\"datePublished\":\"2022-01-14T17:37:31+00:00\",\"dateModified\":\"2022-01-14T18:29:27+00:00\",\"mainEntityOfPage\":{\"@id\":\"https:\/\/www.suno.com.br\/noticias\/varejo-black-friday-novembro-ibge\/\"},\"wordCount\":741,\"publisher\":{\"@id\":\"https:\/\/www.suno.com.br\/noticias\/#organization\"},\"image\":{\"@id\":\"https:\/\/www.suno.com.br\/noticias\/varejo-black-friday-novembro-ibge\/#primaryimage\"},\"thumbnailUrl\":\"https:\/\/files.sunoresearch.com.br\/n\/uploads\/2022\/01\/pexels-albin-biju-6717680-scaled.jpg\",\"keywords\":[\"Ag\u00eancias\",\"Black Friday\",\"varejo\"],\"articleSection\":[\"Economia\"],\"inLanguage\":\"pt-BR\"},{\"@type\":\"WebPage\",\"@id\":\"https:\/\/www.suno.com.br\/noticias\/varejo-black-friday-novembro-ibge\/\",\"url\":\"https:\/\/www.suno.com.br\/noticias\/varejo-black-friday-novembro-ibge\/\",\"name\":\"Com Black Friday fraca, somente tr\u00eas segmentos do varejo tiveram alta\",\"isPartOf\":{\"@id\":\"https:\/\/www.suno.com.br\/noticias\/#website\"},\"primaryImageOfPage\":{\"@id\":\"https:\/\/www.suno.com.br\/noticias\/varejo-black-friday-novembro-ibge\/#primaryimage\"},\"image\":{\"@id\":\"https:\/\/www.suno.com.br\/noticias\/varejo-black-friday-novembro-ibge\/#primaryimage\"},\"thumbnailUrl\":\"https:\/\/files.sunoresearch.com.br\/n\/uploads\/2022\/01\/pexels-albin-biju-6717680-scaled.jpg\",\"datePublished\":\"2022-01-14T17:37:31+00:00\",\"dateModified\":\"2022-01-14T18:29:27+00:00\",\"description\":\"O volume vendido no varejo subiu 0,6% em novembro ante outubro, mas apenas tr\u00eas de oito setores registraram avan\u00e7os. Clique aqui e leia mais.\",\"breadcrumb\":{\"@id\":\"https:\/\/www.suno.com.br\/noticias\/varejo-black-friday-novembro-ibge\/#breadcrumb\"},\"inLanguage\":\"pt-BR\",\"potentialAction\":[{\"@type\":\"ReadAction\",\"target\":[\"https:\/\/www.suno.com.br\/noticias\/varejo-black-friday-novembro-ibge\/\"]}]},{\"@type\":\"ImageObject\",\"inLanguage\":\"pt-BR\",\"@id\":\"https:\/\/www.suno.com.br\/noticias\/varejo-black-friday-novembro-ibge\/#primaryimage\",\"url\":\"https:\/\/files.sunoresearch.com.br\/n\/uploads\/2022\/01\/pexels-albin-biju-6717680-scaled.jpg\",\"contentUrl\":\"https:\/\/files.sunoresearch.com.br\/n\/uploads\/2022\/01\/pexels-albin-biju-6717680-scaled.jpg\",\"width\":1706,\"height\":2560,\"caption\":\"Varejo. Foto: Pexels\"},{\"@type\":\"BreadcrumbList\",\"@id\":\"https:\/\/www.suno.com.br\/noticias\/varejo-black-friday-novembro-ibge\/#breadcrumb\",\"itemListElement\":[{\"@type\":\"ListItem\",\"position\":1,\"name\":\"Not\u00edcias\",\"item\":\"https:\/\/www.suno.com.br\/noticias\/\"},{\"@type\":\"ListItem\",\"position\":2,\"name\":\"Economia\",\"item\":\"https:\/\/www.suno.com.br\/noticias\/economia\/\"},{\"@type\":\"ListItem\",\"position\":3,\"name\":\"Com Black Friday fraca, somente tr\u00eas segmentos do varejo tiveram alta\"}]},{\"@type\":\"WebSite\",\"@id\":\"https:\/\/www.suno.com.br\/noticias\/#website\",\"url\":\"https:\/\/www.suno.com.br\/noticias\/\",\"name\":\"Suno Not\u00edcias\",\"description\":\"Seu portal de informa\u00e7\u00e3o sobre o mundo dos investimentos\",\"publisher\":{\"@id\":\"https:\/\/www.suno.com.br\/noticias\/#organization\"},\"potentialAction\":[{\"@type\":\"SearchAction\",\"target\":{\"@type\":\"EntryPoint\",\"urlTemplate\":\"https:\/\/www.suno.com.br\/noticias\/?s={search_term_string}\"},\"query-input\":{\"@type\":\"PropertyValueSpecification\",\"valueRequired\":true,\"valueName\":\"search_term_string\"}}],\"inLanguage\":\"pt-BR\"},{\"@type\":\"Organization\",\"@id\":\"https:\/\/www.suno.com.br\/noticias\/#organization\",\"name\":\"Suno Not\u00edcias\",\"url\":\"https:\/\/www.suno.com.br\/noticias\/\",\"logo\":{\"@type\":\"ImageObject\",\"inLanguage\":\"pt-BR\",\"@id\":\"https:\/\/www.suno.com.br\/noticias\/#\/schema\/logo\/image\/\",\"url\":\"https:\/\/files.sunoresearch.com.br\/n\/uploads\/2021\/09\/suno-logo.png\",\"contentUrl\":\"https:\/\/files.sunoresearch.com.br\/n\/uploads\/2021\/09\/suno-logo.png\",\"width\":180,\"height\":180,\"caption\":\"Suno Not\u00edcias\"},\"image\":{\"@id\":\"https:\/\/www.suno.com.br\/noticias\/#\/schema\/logo\/image\/\"},\"sameAs\":[\"https:\/\/facebook.com\/sunoresearch\",\"https:\/\/x.com\/sunoresearch\",\"https:\/\/www.instagram.com\/suno\",\"https:\/\/www.linkedin.com\/company\/suno-research\/\",\"https:\/\/www.youtube.com\/c\/sunoresearch\"]},{\"@type\":\"Person\",\"@id\":\"https:\/\/www.suno.com.br\/noticias\/#\/schema\/person\/7f4d362bf3518e76090143ae77bb49a5\",\"name\":\"Eduardo Vargas\",\"image\":{\"@type\":\"ImageObject\",\"inLanguage\":\"pt-BR\",\"@id\":\"https:\/\/www.suno.com.br\/noticias\/#\/schema\/person\/image\/\",\"url\":\"https:\/\/secure.gravatar.com\/avatar\/dac340933427a22924c9f99d1eb2e3f2?s=96&r=g\",\"contentUrl\":\"https:\/\/secure.gravatar.com\/avatar\/dac340933427a22924c9f99d1eb2e3f2?s=96&r=g\",\"caption\":\"Eduardo Vargas\"},\"description\":\"Jornalista formado pela UFSC, cobre macroeconomia, neg\u00f3cios e startups para o Suno Not\u00edcias, escrevendo principalmente not\u00edcias sobre o mercado financeiro e a bolsa de valores. No YouTube e no Instagram, \u00e9 respons\u00e1vel pela produ\u00e7\u00e3o de Reels e Shorts do Suno Not\u00edcias. Anteriormente, trabalhou cobrindo economia e cotidiano no ND+ e para o ND, maior jornal impresso de Santa Catarina. Cursou um semestre letivo de Estudos de M\u00eddia na Universidad de Buenos Aires.\",\"url\":\"https:\/\/www.suno.com.br\/noticias\/author\/eduardo-vargas\/\"}]}<\/script>\n<!-- \/ Yoast SEO plugin. -->","yoast_head_json":{"title":"Com Black Friday fraca, somente tr\u00eas segmentos do varejo tiveram alta","description":"O volume vendido no varejo subiu 0,6% em novembro ante outubro, mas apenas tr\u00eas de oito setores registraram avan\u00e7os. Clique aqui e leia mais.","robots":{"index":"index","follow":"follow","max-snippet":"max-snippet:-1","max-image-preview":"max-image-preview:large","max-video-preview":"max-video-preview:-1"},"canonical":"https:\/\/www.suno.com.br\/noticias\/varejo-black-friday-novembro-ibge\/","og_locale":"pt_BR","og_type":"article","og_title":"Com Black Friday fraca, somente tr\u00eas segmentos do varejo tiveram alta","og_description":"O volume vendido no varejo subiu 0,6% em novembro ante outubro, mas apenas tr\u00eas de oito setores registraram avan\u00e7os. Clique aqui e leia mais.","og_url":"https:\/\/www.suno.com.br\/noticias\/varejo-black-friday-novembro-ibge\/","og_site_name":"Suno Not\u00edcias","article_publisher":"https:\/\/facebook.com\/sunoresearch","og_image":[{"width":1706,"height":2560,"url":"https:\/\/files.sunoresearch.com.br\/n\/uploads\/2022\/01\/pexels-albin-biju-6717680-scaled.jpg","type":"image\/jpeg"}],"author":"Eduardo Vargas","twitter_card":"summary_large_image","twitter_creator":"@sunoresearch","twitter_site":"@sunoresearch","twitter_misc":{"Escrito por":"Eduardo Vargas","Est. tempo de leitura":"3 minutos"},"schema":{"@context":"https:\/\/schema.org","@graph":[{"@type":"NewsArticle","@id":"https:\/\/www.suno.com.br\/noticias\/varejo-black-friday-novembro-ibge\/#article","isPartOf":{"@id":"https:\/\/www.suno.com.br\/noticias\/varejo-black-friday-novembro-ibge\/"},"author":{"name":"Eduardo Vargas","@id":"https:\/\/www.suno.com.br\/noticias\/#\/schema\/person\/7f4d362bf3518e76090143ae77bb49a5"},"headline":"Com Black Friday fraca, somente tr\u00eas segmentos do varejo tiveram alta","datePublished":"2022-01-14T17:37:31+00:00","dateModified":"2022-01-14T18:29:27+00:00","mainEntityOfPage":{"@id":"https:\/\/www.suno.com.br\/noticias\/varejo-black-friday-novembro-ibge\/"},"wordCount":741,"publisher":{"@id":"https:\/\/www.suno.com.br\/noticias\/#organization"},"image":{"@id":"https:\/\/www.suno.com.br\/noticias\/varejo-black-friday-novembro-ibge\/#primaryimage"},"thumbnailUrl":"https:\/\/files.sunoresearch.com.br\/n\/uploads\/2022\/01\/pexels-albin-biju-6717680-scaled.jpg","keywords":["Ag\u00eancias","Black Friday","varejo"],"articleSection":["Economia"],"inLanguage":"pt-BR"},{"@type":"WebPage","@id":"https:\/\/www.suno.com.br\/noticias\/varejo-black-friday-novembro-ibge\/","url":"https:\/\/www.suno.com.br\/noticias\/varejo-black-friday-novembro-ibge\/","name":"Com Black Friday fraca, somente tr\u00eas segmentos do varejo tiveram alta","isPartOf":{"@id":"https:\/\/www.suno.com.br\/noticias\/#website"},"primaryImageOfPage":{"@id":"https:\/\/www.suno.com.br\/noticias\/varejo-black-friday-novembro-ibge\/#primaryimage"},"image":{"@id":"https:\/\/www.suno.com.br\/noticias\/varejo-black-friday-novembro-ibge\/#primaryimage"},"thumbnailUrl":"https:\/\/files.sunoresearch.com.br\/n\/uploads\/2022\/01\/pexels-albin-biju-6717680-scaled.jpg","datePublished":"2022-01-14T17:37:31+00:00","dateModified":"2022-01-14T18:29:27+00:00","description":"O volume vendido no varejo subiu 0,6% em novembro ante outubro, mas apenas tr\u00eas de oito setores registraram avan\u00e7os. Clique aqui e leia mais.","breadcrumb":{"@id":"https:\/\/www.suno.com.br\/noticias\/varejo-black-friday-novembro-ibge\/#breadcrumb"},"inLanguage":"pt-BR","potentialAction":[{"@type":"ReadAction","target":["https:\/\/www.suno.com.br\/noticias\/varejo-black-friday-novembro-ibge\/"]}]},{"@type":"ImageObject","inLanguage":"pt-BR","@id":"https:\/\/www.suno.com.br\/noticias\/varejo-black-friday-novembro-ibge\/#primaryimage","url":"https:\/\/files.sunoresearch.com.br\/n\/uploads\/2022\/01\/pexels-albin-biju-6717680-scaled.jpg","contentUrl":"https:\/\/files.sunoresearch.com.br\/n\/uploads\/2022\/01\/pexels-albin-biju-6717680-scaled.jpg","width":1706,"height":2560,"caption":"Varejo. Foto: Pexels"},{"@type":"BreadcrumbList","@id":"https:\/\/www.suno.com.br\/noticias\/varejo-black-friday-novembro-ibge\/#breadcrumb","itemListElement":[{"@type":"ListItem","position":1,"name":"Not\u00edcias","item":"https:\/\/www.suno.com.br\/noticias\/"},{"@type":"ListItem","position":2,"name":"Economia","item":"https:\/\/www.suno.com.br\/noticias\/economia\/"},{"@type":"ListItem","position":3,"name":"Com Black Friday fraca, somente tr\u00eas segmentos do varejo tiveram alta"}]},{"@type":"WebSite","@id":"https:\/\/www.suno.com.br\/noticias\/#website","url":"https:\/\/www.suno.com.br\/noticias\/","name":"Suno Not\u00edcias","description":"Seu portal de informa\u00e7\u00e3o sobre o mundo dos investimentos","publisher":{"@id":"https:\/\/www.suno.com.br\/noticias\/#organization"},"potentialAction":[{"@type":"SearchAction","target":{"@type":"EntryPoint","urlTemplate":"https:\/\/www.suno.com.br\/noticias\/?s={search_term_string}"},"query-input":{"@type":"PropertyValueSpecification","valueRequired":true,"valueName":"search_term_string"}}],"inLanguage":"pt-BR"},{"@type":"Organization","@id":"https:\/\/www.suno.com.br\/noticias\/#organization","name":"Suno Not\u00edcias","url":"https:\/\/www.suno.com.br\/noticias\/","logo":{"@type":"ImageObject","inLanguage":"pt-BR","@id":"https:\/\/www.suno.com.br\/noticias\/#\/schema\/logo\/image\/","url":"https:\/\/files.sunoresearch.com.br\/n\/uploads\/2021\/09\/suno-logo.png","contentUrl":"https:\/\/files.sunoresearch.com.br\/n\/uploads\/2021\/09\/suno-logo.png","width":180,"height":180,"caption":"Suno Not\u00edcias"},"image":{"@id":"https:\/\/www.suno.com.br\/noticias\/#\/schema\/logo\/image\/"},"sameAs":["https:\/\/facebook.com\/sunoresearch","https:\/\/x.com\/sunoresearch","https:\/\/www.instagram.com\/suno","https:\/\/www.linkedin.com\/company\/suno-research\/","https:\/\/www.youtube.com\/c\/sunoresearch"]},{"@type":"Person","@id":"https:\/\/www.suno.com.br\/noticias\/#\/schema\/person\/7f4d362bf3518e76090143ae77bb49a5","name":"Eduardo Vargas","image":{"@type":"ImageObject","inLanguage":"pt-BR","@id":"https:\/\/www.suno.com.br\/noticias\/#\/schema\/person\/image\/","url":"https:\/\/secure.gravatar.com\/avatar\/dac340933427a22924c9f99d1eb2e3f2?s=96&r=g","contentUrl":"https:\/\/secure.gravatar.com\/avatar\/dac340933427a22924c9f99d1eb2e3f2?s=96&r=g","caption":"Eduardo Vargas"},"description":"Jornalista formado pela UFSC, cobre macroeconomia, neg\u00f3cios e startups para o Suno Not\u00edcias, escrevendo principalmente not\u00edcias sobre o mercado financeiro e a bolsa de valores. No YouTube e no Instagram, \u00e9 respons\u00e1vel pela produ\u00e7\u00e3o de Reels e Shorts do Suno Not\u00edcias. Anteriormente, trabalhou cobrindo economia e cotidiano no ND+ e para o ND, maior jornal impresso de Santa Catarina. Cursou um semestre letivo de Estudos de M\u00eddia na Universidad de Buenos Aires.","url":"https:\/\/www.suno.com.br\/noticias\/author\/eduardo-vargas\/"}]}},"default_loop_html":"<div class=\"cardsPage__listCard__boxs\"><div class=\"cardsPage__listCard__boxs__img\"><a href=\"https:\/\/www.suno.com.br\/noticias\/varejo-black-friday-novembro-ibge\/\"><img class=\"mask\" src=\"https:\/\/www.suno.com.br\/noticias\/wp-content\/themes\/suno\/resources\/images\/spotlight\/spotlight1img\/bg-mask.png\" alt=\"Image Mask\"\/><img src=\"https:\/\/files.sunoresearch.com.br\/n\/uploads\/2022\/01\/pexels-albin-biju-6717680-400x200.jpg\" alt=\"Com Black Friday fraca, somente tr\u00eas segmentos do varejo tiveram alta\"\/><\/a><span class=\"spotlightCategory\"><a href=\"https:\/\/www.suno.com.br\/noticias\/economia\/\">Economia<\/a><\/span><\/div><div class=\"cardsPage__listCard__boxs__content\"><a href=\"https:\/\/www.suno.com.br\/noticias\/varejo-black-friday-novembro-ibge\/\"><h2 class=\"content__title\">Com Black Friday fraca, somente tr\u00eas segmentos do varejo tiveram alta<\/h2><\/a><div class=\"newsContent__article__meta\"><div class=\"newsContent__article__meta__authorBox\"><a href=\"https:\/\/www.suno.com.br\/noticias\/author\/eduardo-vargas\/\" class=\"authorBox__avatar noMobi\"><img src=\"https:\/\/secure.gravatar.com\/avatar\/dac340933427a22924c9f99d1eb2e3f2?s=96&#038;r=g\" alt=\"Eduardo Vargas\"><\/a><div class=\"authorBox__name\"><span>por\n\t\t\t<a href=\"https:\/\/www.suno.com.br\/noticias\/author\/eduardo-vargas\/\"><span itemprop=\"author\">Eduardo Vargas<\/span><\/a><\/span><time datetime=\"2022-01-14T14:37:31-03:00\" itemprop=\"datePublished\">14\/01\/2022 14:37<\/time><\/div><\/div><\/div><\/div><\/div>","single_layout":"posts","amp_enabled":true,"_links":{"self":[{"href":"https:\/\/www.suno.com.br\/noticias\/wp-json\/wp\/v2\/posts\/222053"}],"collection":[{"href":"https:\/\/www.suno.com.br\/noticias\/wp-json\/wp\/v2\/posts"}],"about":[{"href":"https:\/\/www.suno.com.br\/noticias\/wp-json\/wp\/v2\/types\/post"}],"author":[{"embeddable":true,"href":"https:\/\/www.suno.com.br\/noticias\/wp-json\/wp\/v2\/users\/73"}],"replies":[{"embeddable":true,"href":"https:\/\/www.suno.com.br\/noticias\/wp-json\/wp\/v2\/comments?post=222053"}],"version-history":[{"count":5,"href":"https:\/\/www.suno.com.br\/noticias\/wp-json\/wp\/v2\/posts\/222053\/revisions"}],"predecessor-version":[{"id":222108,"href":"https:\/\/www.suno.com.br\/noticias\/wp-json\/wp\/v2\/posts\/222053\/revisions\/222108"}],"wp:featuredmedia":[{"embeddable":true,"href":"https:\/\/www.suno.com.br\/noticias\/wp-json\/wp\/v2\/media\/222105"}],"wp:attachment":[{"href":"https:\/\/www.suno.com.br\/noticias\/wp-json\/wp\/v2\/media?parent=222053"}],"wp:term":[{"taxonomy":"category","embeddable":true,"href":"https:\/\/www.suno.com.br\/noticias\/wp-json\/wp\/v2\/categories?post=222053"},{"taxonomy":"post_tag","embeddable":true,"href":"https:\/\/www.suno.com.br\/noticias\/wp-json\/wp\/v2\/tags?post=222053"},{"taxonomy":"suno_strategy","embeddable":true,"href":"https:\/\/www.suno.com.br\/noticias\/wp-json\/wp\/v2\/suno_strategy?post=222053"}],"curies":[{"name":"wp","href":"https:\/\/api.w.org\/{rel}","templated":true}]}}