{"id":221891,"date":"2022-01-14T10:03:43","date_gmt":"2022-01-14T13:03:43","guid":{"rendered":"https:\/\/www.suno.com.br\/noticias\/?p=221891"},"modified":"2022-01-14T10:03:43","modified_gmt":"2022-01-14T13:03:43","slug":"unitedhealth-venda-amil-rede-dor-rdor3","status":"publish","type":"post","link":"https:\/\/www.suno.com.br\/noticias\/unitedhealth-venda-amil-rede-dor-rdor3\/","title":{"rendered":"UnitedHealth tenta vender a Amil; Rede D&#8217;Or (RDOR3) pode estar interessada"},"content":{"rendered":"<p>Dez anos ap\u00f3s ter adquirido a <strong>Amil<\/strong>, em uma transa\u00e7\u00e3o de R$ 10 bilh\u00f5es, a americana UnitedHealth Group (UHG) se movimenta para vender o controle da operadora de sa\u00fade. A negocia\u00e7\u00e3o \u00e9 mais um passo na redu\u00e7\u00e3o das opera\u00e7\u00f5es do grupo no Brasil, ap\u00f3s ter repassado, em dezembro de 2021, a carteira de planos individuais da Amil para a Assist\u00eancia Personalizada \u00e0 Sa\u00fade (APS).<\/p>\t<div class=\"wrapper-featured-image\">\n\t\t<figure class=\"spotlightImg\">\n\n\t\t\t<picture>\n\t\t\t\t<source media=\"(max-width: 768px)\" srcset=\"https:\/\/files.sunoresearch.com.br\/n\/uploads\/2021\/12\/amil-400x200.jpg\">\n\t\t\t\t<img loading=\"lazy\" decoding=\"async\" class=\"newsContent__article__imgCapa lazyloadDisabled \" src=\"https:\/\/files.sunoresearch.com.br\/n\/uploads\/2021\/12\/amil-800x450.jpg\" width=\"800\" height=\"450\" alt=\"UnitedHealth tenta vender a Amil; Rede D&#8217;Or (RDOR3) pode estar interessada\" fetchpriority=high \/>\n\t\t\t<\/picture>\n\n\t\t\t<figcaption class=\"wp-caption-text wp-caption-text--show\">Amil. Foto: Reprodu\u00e7\u00e3o\/Site\/Amil<\/figcaption>\n\t\t<\/figure>\n\t<\/div>\n\n\n\t<p>\n\t\t<a href=\"https:\/\/lp.suno.com.br\/planilha-controle-gastos\/\" target=\"_blank\" data-element=\"shortcode-suno-banner\" title=\"Banner SUNO, clique e saiba mais\">\n\t\t\t<picture>\n\t\t\t\t<source media=\"(max-width: 500px)\" srcset=\"https:\/\/files.sunoresearch.com.br\/n\/uploads\/2023\/03\/400x300-Planilha-controle-de-gastos.png\">\n\t\t\t\t<img class=\"newsContent__article__imgCapa newsContent__article__imgCapa--banner\"\n\t\t\t\t\tsrc=\"https:\/\/files.sunoresearch.com.br\/n\/uploads\/2023\/03\/1420x240-Planilha-controle-de-gastos.png\"\n\t\t\t\t\tdata-promo-id=\"101751\"\t\t\t\t\t\t\t\t\t\twidth='1420' height='240'\t\t\t\t\talt=\"https:\/\/files.sunoresearch.com.br\/n\/uploads\/2023\/03\/1420x240-Planilha-controle-de-gastos.png\"\n\t\t\t\t>\n\t\t\t<\/picture>\n\t\t<\/a>\n\t<\/p>\n\n\n<p>Grandes grupos de sa\u00fade do Pa\u00eds j\u00e1 foram sondados, como <a class=\"suno-keyword\" href=\"https:\/\/www.suno.com.br\/acoes\/SULA11\/\" target=\"_blank\" rel=\"noopener\" data-force=\"yes\" data-priority=\"2\"><strong>SulAm\u00e9rica<\/strong> (SULA11)<\/a> e <a class=\"suno-keyword\" href=\"https:\/\/www.suno.com.br\/acoes\/BBDC4\/\" target=\"_blank\" rel=\"noopener\" data-force=\"yes\" data-priority=\"2\"><strong>Bradesco<\/strong> (BBDC4)<\/a>, mas a disputa, neste momento, estaria mais acirrada entre a gigante <a class=\"suno-keyword\" href=\"https:\/\/www.suno.com.br\/acoes\/RDOR3\/\" target=\"_blank\" rel=\"noopener\" data-force=\"yes\" data-priority=\"2\"><strong>Rede D&#8217;Or<\/strong> (RDOR3)<\/a>, dona dos hospitais S\u00e3o Lu\u00eds, e a fam\u00edlia Bueno, dos fundadores da Amil, que tamb\u00e9m controla a <a class=\"suno-keyword\" href=\"https:\/\/www.suno.com.br\/acoes\/DASA3\/\" target=\"_blank\" rel=\"noopener\" data-force=\"yes\" data-priority=\"2\"><strong>Dasa<\/strong> (DASA3)<\/a>.<\/p>\n<p>A estrat\u00e9gia de sa\u00edda vem depois de uma s\u00e9rie de tentativas de revitaliza\u00e7\u00e3o do neg\u00f3cio. A <strong>UHG<\/strong> n\u00e3o conseguiu reverter a situa\u00e7\u00e3o da Amil desde a aquisi\u00e7\u00e3o do neg\u00f3cio, em 2012. Primeiro, tentou fazer um processo de reestrutura\u00e7\u00e3o na companhia, com corte de pessoal e troca de executivos.<\/p>\n<p>Posteriormente, lan\u00e7ou no Brasil a <strong>Optum<\/strong>, empresa de tecnologia especializada em sa\u00fade que \u00e9 sucesso nos EUA, mas que n\u00e3o decolou por aqui. No mercado americano, a UHG \u00e9 uma gigante de sa\u00fade. Apenas no terceiro trimestre do ano passado, lucrou US$ 4 bilh\u00f5es. Na Bolsa americana, \u00e9 avaliada em US$ 445 bilh\u00f5es.<\/p>\n<p>A Amil encerrou o exerc\u00edcio de 2020 &#8211; o \u00faltimo balan\u00e7o divulgado &#8211; com queda de 6% em seu faturamento consolidado, que alcan\u00e7ou R$ 25,7 bilh\u00f5es. A redu\u00e7\u00e3o do n\u00famero de benefici\u00e1rios e do volume de procedimentos eletivos foram os motivos para a retra\u00e7\u00e3o. No entanto, quedas nas despesas de comercializa\u00e7\u00e3o e administrativas levaram a operadora a fechar o ano com <a class=\"suno-keyword\" href=\"https:\/\/www.suno.com.br\/artigos\/lucro-liquido\/\" target=\"_blank\" rel=\"noopener\" data-force=\"no\" data-priority=\"1\">lucro l\u00edquido<\/a> de R$ 517,1 milh\u00f5es.<\/p>\n\t<p>\n\t\t<a href=\"https:\/\/lp.suno.com.br\/planilha-da-vida-financeira\/\" target=\"_blank\" data-element=\"shortcode-suno-banner\" title=\"Banner SUNO, clique e saiba mais\">\n\t\t\t<picture>\n\t\t\t\t<source media=\"(max-width: 500px)\" srcset=\"https:\/\/files.sunoresearch.com.br\/n\/uploads\/2023\/04\/400x300-Planilha-vida-financeira-true.png\">\n\t\t\t\t<img class=\"newsContent__article__imgCapa newsContent__article__imgCapa--banner\"\n\t\t\t\t\tsrc=\"https:\/\/files.sunoresearch.com.br\/n\/uploads\/2023\/04\/1420x240-Planilha-vida-financeira-true.png\"\n\t\t\t\t\tdata-promo-id=\"106682\"\t\t\t\t\t\t\t\t\t\twidth='1420' height='240'\t\t\t\t\talt=\"https:\/\/files.sunoresearch.com.br\/n\/uploads\/2023\/04\/1420x240-Planilha-vida-financeira-true.png\"\n\t\t\t\t>\n\t\t\t<\/picture>\n\t\t<\/a>\n\t<\/p>\n\n\n<h2>Amil opera no preju\u00edzo<\/h2>\n<p>H\u00e1 anos, a <strong>Amil operava no preju\u00edzo<\/strong> sua carteira de planos individuais, setor que vem sendo deixado de lado pelas operadoras, que preferem os planos corporativos. Em dezembro, ap\u00f3s a transfer\u00eancia da carteira com mais de 370 mil vidas para uma empresa chamada <strong>APS<\/strong>, v\u00e1rios clientes se queixaram sobre a falta de esclarecimentos, levando a um pedido de esclarecimentos do <strong>Procon<\/strong>.<\/p>\n<p>Em resposta na \u00e9poca, a UHG disse que nada mudaria para os benefici\u00e1rios, que continuariam sendo atendidos pela mesma rede credenciada, amparados pelas mesmas condi\u00e7\u00f5es de presta\u00e7\u00e3o de servi\u00e7os e com os mesmos valores de mensalidades.<\/p>\n\t<p>\n\t\t<a href=\"https:\/\/lp.suno.com.br\/ebook-como-analisar-uma-acao\/\" target=\"_blank\" data-element=\"shortcode-suno-banner\" title=\"Banner SUNO, clique e saiba mais\">\n\t\t\t<picture>\n\t\t\t\t<source media=\"(max-width: 500px)\" srcset=\"https:\/\/files.sunoresearch.com.br\/n\/uploads\/2023\/03\/Ebook-Acoes-Mobile-1.jpg\">\n\t\t\t\t<img class=\"newsContent__article__imgCapa newsContent__article__imgCapa--banner\"\n\t\t\t\t\tsrc=\"https:\/\/files.sunoresearch.com.br\/n\/uploads\/2023\/03\/Ebook-Acoes-Desktop-1.jpg\"\n\t\t\t\t\tdata-promo-id=\"171998\"\t\t\t\t\t\t\t\t\t\twidth='1420' height='286'\t\t\t\t\talt=\"https:\/\/files.sunoresearch.com.br\/n\/uploads\/2023\/03\/Ebook-Acoes-Desktop-1.jpg\"\n\t\t\t\t>\n\t\t\t<\/picture>\n\t\t<\/a>\n\t<\/p>\n\n\n<p>Como os planos eram deficit\u00e1rios, a UHG pagou R$ 3 bilh\u00f5es para a empresa de investimento Fiord, nome por tr\u00e1s da APS, companhia de reestrutura\u00e7\u00e3o de empresas. Antes, chegou a sondar outros concorrentes, que pediram valor maior para assumir a carteira. O neg\u00f3cio envolveu quatro hospitais da Amil em S\u00e3o Paulo e Curitiba, que s\u00e3o os mais utilizados pelos clientes nas duas cidades.<\/p>\n<p>Agora, a UHG busca interessados pelo controle da Amil. A companhia tem planos de manter uma fatia minorit\u00e1ria no ativo, dizem fontes. O <a class=\"suno-keyword\" href=\"https:\/\/www.suno.com.br\/acoes\/BPAC11\/\" target=\"_blank\" rel=\"noopener\" data-force=\"yes\" data-priority=\"2\"><strong>BTG Pactual<\/strong> (BPAC11)<\/a> foi contratado pela UHG para avaliar a opera\u00e7\u00e3o.<\/p>\n<h2><b>Amil tem 5,7 milh\u00f5es de clientes e 1,2 mil hospitais credenciados<\/b><\/h2>\n<p>A Amil, de acordo com dados de seu site, tem 5,7 milh\u00f5es de clientes, 7,4 mil laborat\u00f3rios, 19,5 mil colaboradores e 19,7 mil m\u00e9dicos conveniados. Conta ainda com 15 unidades hospitalares e 1,2 mil hospitais credenciados.<\/p>\n<p>O maior interesse da Rede D&#8217;Or, empresa capitalizada e bastante agressiva em aquisi\u00e7\u00f5es, seriam os hospitais. No entanto, conforme fontes, a transa\u00e7\u00e3o poderia encontrar resist\u00eancia no Conselho Administrativo de Defesa Econ\u00f4mica (Cade), por conta da potencial concentra\u00e7\u00e3o de mercado.<\/p>\n<p>Por isso, uma das estrat\u00e9gias seria uma divis\u00e3o dos ativos. A Rede D&#8217;Or tem hoje cerca de 60 hospitais, al\u00e9m de ser uma acionista relevante na operadora <strong>Qualicorp<\/strong>.<\/p>\n<p>Se a Rede D&#8217;Or ficar com parte da Amil, ser\u00e1 um desfecho curioso para uma briga antiga entre as empresas. A Amil chegou a anunciar o descredenciamento da rede, culpando a companhia pelo aumento da infla\u00e7\u00e3o m\u00e9dica.<\/p>\n<p>Procurados, UnitedHealth, <strong>Amil<\/strong>, Bradesco Seguros, Rede D&#8217;Or Dasa e SulAm\u00e9rica afirmaram que n\u00e3o comentam rumores de mercado.<\/p>\n<p><em>(Com informa\u00e7\u00f5es do Estad\u00e3o Conte\u00fado)<\/em><\/p>\n\t<p>\n\t\t<a href=\"https:\/\/lp.suno.com.br\/planilha-de-controle-de-investimentos\/\" target=\"_blank\" data-element=\"shortcode-suno-banner\" title=\"Banner SUNO, clique e saiba mais\">\n\t\t\t<picture>\n\t\t\t\t<source media=\"(max-width: 500px)\" srcset=\"https:\/\/files.sunoresearch.com.br\/n\/uploads\/2023\/03\/400x300-Controle-de-Investimentos.png\">\n\t\t\t\t<img class=\"newsContent__article__imgCapa newsContent__article__imgCapa--banner\"\n\t\t\t\t\tsrc=\"https:\/\/files.sunoresearch.com.br\/n\/uploads\/2023\/03\/1420x240-Controle-de-Investimentos.png\"\n\t\t\t\t\tdata-promo-id=\"75934\"\t\t\t\t\t\t\t\t\t\twidth='1420' height='240'\t\t\t\t\talt=\"https:\/\/files.sunoresearch.com.br\/n\/uploads\/2023\/03\/1420x240-Controle-de-Investimentos.png\"\n\t\t\t\t>\n\t\t\t<\/picture>\n\t\t<\/a>\n\t<\/p>\n\n\n","protected":false},"excerpt":{"rendered":"<p>Dez anos ap\u00f3s ter adquirido a Amil, em uma transa\u00e7\u00e3o de R$ 10 bilh\u00f5es, a americana UnitedHealth Group (UHG) se movimenta para vender o controle da operadora de sa\u00fade. A negocia\u00e7\u00e3o \u00e9 mais um passo na redu\u00e7\u00e3o das opera\u00e7\u00f5es do grupo no Brasil, ap\u00f3s ter repassado, em dezembro de 2021, a carteira de planos individuais [&hellip;]<\/p>\n","protected":false},"author":15,"featured_media":213532,"comment_status":"closed","ping_status":"closed","sticky":false,"template":"","format":"standard","meta":[],"categories":[64],"tags":[1920,2312],"suno_strategy":[],"class_list":["post-221891","post","type-post","status-publish","format-standard","has-post-thumbnail","hentry","category-negocios","tag-amil","tag-rede-dor-rdor3"],"yoast_head":"<!-- This site is optimized with the Yoast SEO plugin v24.4 - https:\/\/yoast.com\/wordpress\/plugins\/seo\/ -->\n<title>UHG tenta vender a Amil; Rede D&#039;Or (RDOR3) pode estar interessada<\/title>\n<meta name=\"description\" content=\"O maior interesse da Rede D&#039;Or (RDOR3), empresa capitalizada e bastante agressiva em aquisi\u00e7\u00f5es, seriam os hospitais da Amil. Clique aqui\" \/>\n<meta name=\"robots\" content=\"index, follow, max-snippet:-1, max-image-preview:large, max-video-preview:-1\" \/>\n<link rel=\"canonical\" href=\"https:\/\/www.suno.com.br\/noticias\/unitedhealth-venda-amil-rede-dor-rdor3\/\" \/>\n<meta property=\"og:locale\" content=\"pt_BR\" \/>\n<meta property=\"og:type\" content=\"article\" \/>\n<meta property=\"og:title\" content=\"UHG tenta vender a Amil; Rede D&#039;Or (RDOR3) pode estar interessada\" \/>\n<meta property=\"og:description\" content=\"O maior interesse da Rede D&#039;Or (RDOR3), empresa capitalizada e bastante agressiva em aquisi\u00e7\u00f5es, seriam os hospitais da Amil. Clique aqui\" \/>\n<meta property=\"og:url\" content=\"https:\/\/www.suno.com.br\/noticias\/unitedhealth-venda-amil-rede-dor-rdor3\/\" \/>\n<meta property=\"og:site_name\" content=\"Suno Not\u00edcias\" \/>\n<meta property=\"article:publisher\" content=\"https:\/\/facebook.com\/sunoresearch\" \/>\n<meta property=\"og:image\" content=\"https:\/\/files.sunoresearch.com.br\/n\/uploads\/2021\/12\/amil.jpg\" \/>\n\t<meta property=\"og:image:width\" content=\"1620\" \/>\n\t<meta property=\"og:image:height\" content=\"1080\" \/>\n\t<meta property=\"og:image:type\" content=\"image\/jpeg\" \/>\n<meta name=\"author\" content=\"Poliana Santos\" \/>\n<meta name=\"twitter:card\" content=\"summary_large_image\" \/>\n<meta name=\"twitter:creator\" content=\"@sunoresearch\" \/>\n<meta name=\"twitter:site\" content=\"@sunoresearch\" \/>\n<meta name=\"twitter:label1\" content=\"Escrito por\" \/>\n\t<meta name=\"twitter:data1\" content=\"Poliana Santos\" \/>\n\t<meta name=\"twitter:label2\" content=\"Est. tempo de leitura\" \/>\n\t<meta name=\"twitter:data2\" content=\"3 minutos\" \/>\n<script type=\"application\/ld+json\" class=\"yoast-schema-graph\">{\"@context\":\"https:\/\/schema.org\",\"@graph\":[{\"@type\":\"NewsArticle\",\"@id\":\"https:\/\/www.suno.com.br\/noticias\/unitedhealth-venda-amil-rede-dor-rdor3\/#article\",\"isPartOf\":{\"@id\":\"https:\/\/www.suno.com.br\/noticias\/unitedhealth-venda-amil-rede-dor-rdor3\/\"},\"author\":{\"name\":\"Poliana Santos\",\"@id\":\"https:\/\/www.suno.com.br\/noticias\/#\/schema\/person\/02ec1f752758247878a2bf4abee1aeda\"},\"headline\":\"UnitedHealth tenta vender a Amil; Rede D&#8217;Or (RDOR3) pode estar interessada\",\"datePublished\":\"2022-01-14T13:03:43+00:00\",\"mainEntityOfPage\":{\"@id\":\"https:\/\/www.suno.com.br\/noticias\/unitedhealth-venda-amil-rede-dor-rdor3\/\"},\"wordCount\":736,\"publisher\":{\"@id\":\"https:\/\/www.suno.com.br\/noticias\/#organization\"},\"image\":{\"@id\":\"https:\/\/www.suno.com.br\/noticias\/unitedhealth-venda-amil-rede-dor-rdor3\/#primaryimage\"},\"thumbnailUrl\":\"https:\/\/files.sunoresearch.com.br\/n\/uploads\/2021\/12\/amil.jpg\",\"keywords\":[\"Amil\",\"Rede D'or (RDOR3)\"],\"articleSection\":[\"Neg\u00f3cios\"],\"inLanguage\":\"pt-BR\"},{\"@type\":\"WebPage\",\"@id\":\"https:\/\/www.suno.com.br\/noticias\/unitedhealth-venda-amil-rede-dor-rdor3\/\",\"url\":\"https:\/\/www.suno.com.br\/noticias\/unitedhealth-venda-amil-rede-dor-rdor3\/\",\"name\":\"UHG tenta vender a Amil; Rede D'Or (RDOR3) pode estar interessada\",\"isPartOf\":{\"@id\":\"https:\/\/www.suno.com.br\/noticias\/#website\"},\"primaryImageOfPage\":{\"@id\":\"https:\/\/www.suno.com.br\/noticias\/unitedhealth-venda-amil-rede-dor-rdor3\/#primaryimage\"},\"image\":{\"@id\":\"https:\/\/www.suno.com.br\/noticias\/unitedhealth-venda-amil-rede-dor-rdor3\/#primaryimage\"},\"thumbnailUrl\":\"https:\/\/files.sunoresearch.com.br\/n\/uploads\/2021\/12\/amil.jpg\",\"datePublished\":\"2022-01-14T13:03:43+00:00\",\"description\":\"O maior interesse da Rede D'Or (RDOR3), empresa capitalizada e bastante agressiva em aquisi\u00e7\u00f5es, seriam os hospitais da Amil. Clique aqui\",\"breadcrumb\":{\"@id\":\"https:\/\/www.suno.com.br\/noticias\/unitedhealth-venda-amil-rede-dor-rdor3\/#breadcrumb\"},\"inLanguage\":\"pt-BR\",\"potentialAction\":[{\"@type\":\"ReadAction\",\"target\":[\"https:\/\/www.suno.com.br\/noticias\/unitedhealth-venda-amil-rede-dor-rdor3\/\"]}]},{\"@type\":\"ImageObject\",\"inLanguage\":\"pt-BR\",\"@id\":\"https:\/\/www.suno.com.br\/noticias\/unitedhealth-venda-amil-rede-dor-rdor3\/#primaryimage\",\"url\":\"https:\/\/files.sunoresearch.com.br\/n\/uploads\/2021\/12\/amil.jpg\",\"contentUrl\":\"https:\/\/files.sunoresearch.com.br\/n\/uploads\/2021\/12\/amil.jpg\",\"width\":1620,\"height\":1080,\"caption\":\"Amil. Foto: Reprodu\u00e7\u00e3o\/Site\/Amil\"},{\"@type\":\"BreadcrumbList\",\"@id\":\"https:\/\/www.suno.com.br\/noticias\/unitedhealth-venda-amil-rede-dor-rdor3\/#breadcrumb\",\"itemListElement\":[{\"@type\":\"ListItem\",\"position\":1,\"name\":\"Not\u00edcias\",\"item\":\"https:\/\/www.suno.com.br\/noticias\/\"},{\"@type\":\"ListItem\",\"position\":2,\"name\":\"Neg\u00f3cios\",\"item\":\"https:\/\/www.suno.com.br\/noticias\/negocios\/\"},{\"@type\":\"ListItem\",\"position\":3,\"name\":\"UnitedHealth tenta vender a Amil; Rede D&#8217;Or (RDOR3) pode estar interessada\"}]},{\"@type\":\"WebSite\",\"@id\":\"https:\/\/www.suno.com.br\/noticias\/#website\",\"url\":\"https:\/\/www.suno.com.br\/noticias\/\",\"name\":\"Suno Not\u00edcias\",\"description\":\"Seu portal de informa\u00e7\u00e3o sobre o mundo dos investimentos\",\"publisher\":{\"@id\":\"https:\/\/www.suno.com.br\/noticias\/#organization\"},\"potentialAction\":[{\"@type\":\"SearchAction\",\"target\":{\"@type\":\"EntryPoint\",\"urlTemplate\":\"https:\/\/www.suno.com.br\/noticias\/?s={search_term_string}\"},\"query-input\":{\"@type\":\"PropertyValueSpecification\",\"valueRequired\":true,\"valueName\":\"search_term_string\"}}],\"inLanguage\":\"pt-BR\"},{\"@type\":\"Organization\",\"@id\":\"https:\/\/www.suno.com.br\/noticias\/#organization\",\"name\":\"Suno Not\u00edcias\",\"url\":\"https:\/\/www.suno.com.br\/noticias\/\",\"logo\":{\"@type\":\"ImageObject\",\"inLanguage\":\"pt-BR\",\"@id\":\"https:\/\/www.suno.com.br\/noticias\/#\/schema\/logo\/image\/\",\"url\":\"https:\/\/files.sunoresearch.com.br\/n\/uploads\/2021\/09\/suno-logo.png\",\"contentUrl\":\"https:\/\/files.sunoresearch.com.br\/n\/uploads\/2021\/09\/suno-logo.png\",\"width\":180,\"height\":180,\"caption\":\"Suno Not\u00edcias\"},\"image\":{\"@id\":\"https:\/\/www.suno.com.br\/noticias\/#\/schema\/logo\/image\/\"},\"sameAs\":[\"https:\/\/facebook.com\/sunoresearch\",\"https:\/\/x.com\/sunoresearch\",\"https:\/\/www.instagram.com\/suno\",\"https:\/\/www.linkedin.com\/company\/suno-research\/\",\"https:\/\/www.youtube.com\/c\/sunoresearch\"]},{\"@type\":\"Person\",\"@id\":\"https:\/\/www.suno.com.br\/noticias\/#\/schema\/person\/02ec1f752758247878a2bf4abee1aeda\",\"name\":\"Poliana Santos\",\"image\":{\"@type\":\"ImageObject\",\"inLanguage\":\"pt-BR\",\"@id\":\"https:\/\/www.suno.com.br\/noticias\/#\/schema\/person\/image\/\",\"url\":\"https:\/\/secure.gravatar.com\/avatar\/0645bd32f23d87b2130f2b2dff1d3f8d?s=96&r=g\",\"contentUrl\":\"https:\/\/secure.gravatar.com\/avatar\/0645bd32f23d87b2130f2b2dff1d3f8d?s=96&r=g\",\"caption\":\"Poliana Santos\"},\"description\":\"Rep\u00f3rter no Suno Not\u00edcias, com cobertura em mercado financeiro, economia, finan\u00e7as pessoais, renda fixa e varejo. Jornalista formada pela Faculdade C\u00e1sper L\u00edbero e possui passagem na R\u00e1dio Gazeta AM com a produ\u00e7\u00e3o de conte\u00fado sobre economia, pol\u00edtica, sa\u00fade, moda e m\u00fasica. Possui certificado de conclus\u00e3o do curso de An\u00e1lise de Balan\u00e7os pela Funda\u00e7\u00e3o Bradesco, Agenda Brasil pela FAAP, Educa\u00e7\u00e3o Pol\u00edtica por Alexandre Garcia e do Tesouro Direto e Mercado de A\u00e7\u00f5es pela B3.\",\"url\":\"https:\/\/www.suno.com.br\/noticias\/author\/poliana-santos\/\"}]}<\/script>\n<!-- \/ Yoast SEO plugin. -->","yoast_head_json":{"title":"UHG tenta vender a Amil; Rede D'Or (RDOR3) pode estar interessada","description":"O maior interesse da Rede D'Or (RDOR3), empresa capitalizada e bastante agressiva em aquisi\u00e7\u00f5es, seriam os hospitais da Amil. Clique aqui","robots":{"index":"index","follow":"follow","max-snippet":"max-snippet:-1","max-image-preview":"max-image-preview:large","max-video-preview":"max-video-preview:-1"},"canonical":"https:\/\/www.suno.com.br\/noticias\/unitedhealth-venda-amil-rede-dor-rdor3\/","og_locale":"pt_BR","og_type":"article","og_title":"UHG tenta vender a Amil; Rede D'Or (RDOR3) pode estar interessada","og_description":"O maior interesse da Rede D'Or (RDOR3), empresa capitalizada e bastante agressiva em aquisi\u00e7\u00f5es, seriam os hospitais da Amil. Clique aqui","og_url":"https:\/\/www.suno.com.br\/noticias\/unitedhealth-venda-amil-rede-dor-rdor3\/","og_site_name":"Suno Not\u00edcias","article_publisher":"https:\/\/facebook.com\/sunoresearch","og_image":[{"width":1620,"height":1080,"url":"https:\/\/files.sunoresearch.com.br\/n\/uploads\/2021\/12\/amil.jpg","type":"image\/jpeg"}],"author":"Poliana Santos","twitter_card":"summary_large_image","twitter_creator":"@sunoresearch","twitter_site":"@sunoresearch","twitter_misc":{"Escrito por":"Poliana Santos","Est. tempo de leitura":"3 minutos"},"schema":{"@context":"https:\/\/schema.org","@graph":[{"@type":"NewsArticle","@id":"https:\/\/www.suno.com.br\/noticias\/unitedhealth-venda-amil-rede-dor-rdor3\/#article","isPartOf":{"@id":"https:\/\/www.suno.com.br\/noticias\/unitedhealth-venda-amil-rede-dor-rdor3\/"},"author":{"name":"Poliana Santos","@id":"https:\/\/www.suno.com.br\/noticias\/#\/schema\/person\/02ec1f752758247878a2bf4abee1aeda"},"headline":"UnitedHealth tenta vender a Amil; Rede D&#8217;Or (RDOR3) pode estar interessada","datePublished":"2022-01-14T13:03:43+00:00","mainEntityOfPage":{"@id":"https:\/\/www.suno.com.br\/noticias\/unitedhealth-venda-amil-rede-dor-rdor3\/"},"wordCount":736,"publisher":{"@id":"https:\/\/www.suno.com.br\/noticias\/#organization"},"image":{"@id":"https:\/\/www.suno.com.br\/noticias\/unitedhealth-venda-amil-rede-dor-rdor3\/#primaryimage"},"thumbnailUrl":"https:\/\/files.sunoresearch.com.br\/n\/uploads\/2021\/12\/amil.jpg","keywords":["Amil","Rede D'or (RDOR3)"],"articleSection":["Neg\u00f3cios"],"inLanguage":"pt-BR"},{"@type":"WebPage","@id":"https:\/\/www.suno.com.br\/noticias\/unitedhealth-venda-amil-rede-dor-rdor3\/","url":"https:\/\/www.suno.com.br\/noticias\/unitedhealth-venda-amil-rede-dor-rdor3\/","name":"UHG tenta vender a Amil; Rede D'Or (RDOR3) pode estar interessada","isPartOf":{"@id":"https:\/\/www.suno.com.br\/noticias\/#website"},"primaryImageOfPage":{"@id":"https:\/\/www.suno.com.br\/noticias\/unitedhealth-venda-amil-rede-dor-rdor3\/#primaryimage"},"image":{"@id":"https:\/\/www.suno.com.br\/noticias\/unitedhealth-venda-amil-rede-dor-rdor3\/#primaryimage"},"thumbnailUrl":"https:\/\/files.sunoresearch.com.br\/n\/uploads\/2021\/12\/amil.jpg","datePublished":"2022-01-14T13:03:43+00:00","description":"O maior interesse da Rede D'Or (RDOR3), empresa capitalizada e bastante agressiva em aquisi\u00e7\u00f5es, seriam os hospitais da Amil. Clique aqui","breadcrumb":{"@id":"https:\/\/www.suno.com.br\/noticias\/unitedhealth-venda-amil-rede-dor-rdor3\/#breadcrumb"},"inLanguage":"pt-BR","potentialAction":[{"@type":"ReadAction","target":["https:\/\/www.suno.com.br\/noticias\/unitedhealth-venda-amil-rede-dor-rdor3\/"]}]},{"@type":"ImageObject","inLanguage":"pt-BR","@id":"https:\/\/www.suno.com.br\/noticias\/unitedhealth-venda-amil-rede-dor-rdor3\/#primaryimage","url":"https:\/\/files.sunoresearch.com.br\/n\/uploads\/2021\/12\/amil.jpg","contentUrl":"https:\/\/files.sunoresearch.com.br\/n\/uploads\/2021\/12\/amil.jpg","width":1620,"height":1080,"caption":"Amil. Foto: Reprodu\u00e7\u00e3o\/Site\/Amil"},{"@type":"BreadcrumbList","@id":"https:\/\/www.suno.com.br\/noticias\/unitedhealth-venda-amil-rede-dor-rdor3\/#breadcrumb","itemListElement":[{"@type":"ListItem","position":1,"name":"Not\u00edcias","item":"https:\/\/www.suno.com.br\/noticias\/"},{"@type":"ListItem","position":2,"name":"Neg\u00f3cios","item":"https:\/\/www.suno.com.br\/noticias\/negocios\/"},{"@type":"ListItem","position":3,"name":"UnitedHealth tenta vender a Amil; Rede D&#8217;Or (RDOR3) pode estar interessada"}]},{"@type":"WebSite","@id":"https:\/\/www.suno.com.br\/noticias\/#website","url":"https:\/\/www.suno.com.br\/noticias\/","name":"Suno Not\u00edcias","description":"Seu portal de informa\u00e7\u00e3o sobre o mundo dos investimentos","publisher":{"@id":"https:\/\/www.suno.com.br\/noticias\/#organization"},"potentialAction":[{"@type":"SearchAction","target":{"@type":"EntryPoint","urlTemplate":"https:\/\/www.suno.com.br\/noticias\/?s={search_term_string}"},"query-input":{"@type":"PropertyValueSpecification","valueRequired":true,"valueName":"search_term_string"}}],"inLanguage":"pt-BR"},{"@type":"Organization","@id":"https:\/\/www.suno.com.br\/noticias\/#organization","name":"Suno Not\u00edcias","url":"https:\/\/www.suno.com.br\/noticias\/","logo":{"@type":"ImageObject","inLanguage":"pt-BR","@id":"https:\/\/www.suno.com.br\/noticias\/#\/schema\/logo\/image\/","url":"https:\/\/files.sunoresearch.com.br\/n\/uploads\/2021\/09\/suno-logo.png","contentUrl":"https:\/\/files.sunoresearch.com.br\/n\/uploads\/2021\/09\/suno-logo.png","width":180,"height":180,"caption":"Suno Not\u00edcias"},"image":{"@id":"https:\/\/www.suno.com.br\/noticias\/#\/schema\/logo\/image\/"},"sameAs":["https:\/\/facebook.com\/sunoresearch","https:\/\/x.com\/sunoresearch","https:\/\/www.instagram.com\/suno","https:\/\/www.linkedin.com\/company\/suno-research\/","https:\/\/www.youtube.com\/c\/sunoresearch"]},{"@type":"Person","@id":"https:\/\/www.suno.com.br\/noticias\/#\/schema\/person\/02ec1f752758247878a2bf4abee1aeda","name":"Poliana Santos","image":{"@type":"ImageObject","inLanguage":"pt-BR","@id":"https:\/\/www.suno.com.br\/noticias\/#\/schema\/person\/image\/","url":"https:\/\/secure.gravatar.com\/avatar\/0645bd32f23d87b2130f2b2dff1d3f8d?s=96&r=g","contentUrl":"https:\/\/secure.gravatar.com\/avatar\/0645bd32f23d87b2130f2b2dff1d3f8d?s=96&r=g","caption":"Poliana Santos"},"description":"Rep\u00f3rter no Suno Not\u00edcias, com cobertura em mercado financeiro, economia, finan\u00e7as pessoais, renda fixa e varejo. Jornalista formada pela Faculdade C\u00e1sper L\u00edbero e possui passagem na R\u00e1dio Gazeta AM com a produ\u00e7\u00e3o de conte\u00fado sobre economia, pol\u00edtica, sa\u00fade, moda e m\u00fasica. Possui certificado de conclus\u00e3o do curso de An\u00e1lise de Balan\u00e7os pela Funda\u00e7\u00e3o Bradesco, Agenda Brasil pela FAAP, Educa\u00e7\u00e3o Pol\u00edtica por Alexandre Garcia e do Tesouro Direto e Mercado de A\u00e7\u00f5es pela B3.","url":"https:\/\/www.suno.com.br\/noticias\/author\/poliana-santos\/"}]}},"default_loop_html":"<div class=\"cardsPage__listCard__boxs\"><div class=\"cardsPage__listCard__boxs__img\"><a href=\"https:\/\/www.suno.com.br\/noticias\/unitedhealth-venda-amil-rede-dor-rdor3\/\"><img class=\"mask\" src=\"https:\/\/www.suno.com.br\/noticias\/wp-content\/themes\/suno\/resources\/images\/spotlight\/spotlight1img\/bg-mask.png\" alt=\"Image Mask\"\/><img src=\"https:\/\/files.sunoresearch.com.br\/n\/uploads\/2021\/12\/amil-400x200.jpg\" alt=\"UnitedHealth tenta vender a Amil; Rede D&#8217;Or (RDOR3) pode estar interessada\"\/><\/a><span class=\"spotlightCategory\"><a href=\"https:\/\/www.suno.com.br\/noticias\/negocios\/\">Neg\u00f3cios<\/a><\/span><\/div><div class=\"cardsPage__listCard__boxs__content\"><a href=\"https:\/\/www.suno.com.br\/noticias\/unitedhealth-venda-amil-rede-dor-rdor3\/\"><h2 class=\"content__title\">UnitedHealth tenta vender a Amil; Rede D&#8217;Or (RDOR3) pode estar interessada<\/h2><\/a><div class=\"newsContent__article__meta\"><div class=\"newsContent__article__meta__authorBox\"><a href=\"https:\/\/www.suno.com.br\/noticias\/author\/poliana-santos\/\" class=\"authorBox__avatar noMobi\"><img src=\"https:\/\/files.sunoresearch.com.br\/n\/uploads\/2020\/08\/7ef34026-whatsapp-image-2020-08-03-at-12.37.57-150x150.webp\" alt=\"Poliana Santos\"><\/a><div class=\"authorBox__name\"><span>por\n\t\t\t<a href=\"https:\/\/www.suno.com.br\/noticias\/author\/poliana-santos\/\"><span itemprop=\"author\">Poliana Santos<\/span><\/a><\/span><time datetime=\"2022-01-14T10:03:43-03:00\" itemprop=\"datePublished\">14\/01\/2022 10:03<\/time><\/div><\/div><\/div><\/div><\/div>","single_layout":"posts","amp_enabled":true,"_links":{"self":[{"href":"https:\/\/www.suno.com.br\/noticias\/wp-json\/wp\/v2\/posts\/221891"}],"collection":[{"href":"https:\/\/www.suno.com.br\/noticias\/wp-json\/wp\/v2\/posts"}],"about":[{"href":"https:\/\/www.suno.com.br\/noticias\/wp-json\/wp\/v2\/types\/post"}],"author":[{"embeddable":true,"href":"https:\/\/www.suno.com.br\/noticias\/wp-json\/wp\/v2\/users\/15"}],"replies":[{"embeddable":true,"href":"https:\/\/www.suno.com.br\/noticias\/wp-json\/wp\/v2\/comments?post=221891"}],"version-history":[{"count":4,"href":"https:\/\/www.suno.com.br\/noticias\/wp-json\/wp\/v2\/posts\/221891\/revisions"}],"predecessor-version":[{"id":221938,"href":"https:\/\/www.suno.com.br\/noticias\/wp-json\/wp\/v2\/posts\/221891\/revisions\/221938"}],"wp:featuredmedia":[{"embeddable":true,"href":"https:\/\/www.suno.com.br\/noticias\/wp-json\/wp\/v2\/media\/213532"}],"wp:attachment":[{"href":"https:\/\/www.suno.com.br\/noticias\/wp-json\/wp\/v2\/media?parent=221891"}],"wp:term":[{"taxonomy":"category","embeddable":true,"href":"https:\/\/www.suno.com.br\/noticias\/wp-json\/wp\/v2\/categories?post=221891"},{"taxonomy":"post_tag","embeddable":true,"href":"https:\/\/www.suno.com.br\/noticias\/wp-json\/wp\/v2\/tags?post=221891"},{"taxonomy":"suno_strategy","embeddable":true,"href":"https:\/\/www.suno.com.br\/noticias\/wp-json\/wp\/v2\/suno_strategy?post=221891"}],"curies":[{"name":"wp","href":"https:\/\/api.w.org\/{rel}","templated":true}]}}