{"id":22184,"date":"2019-04-24T14:37:36","date_gmt":"2019-04-24T17:37:36","guid":{"rendered":"https:\/\/www.suno.com.br\/noticias\/?p=22184"},"modified":"2019-04-24T14:37:36","modified_gmt":"2019-04-24T17:37:36","slug":"jornalistas-nao-responsaveis-imagem-brasil-doria","status":"publish","type":"post","link":"https:\/\/www.suno.com.br\/noticias\/jornalistas-nao-responsaveis-imagem-brasil-doria\/","title":{"rendered":"Jornalistas n\u00e3o s\u00e3o respons\u00e1veis por m\u00e1 imagem do Brasil no exterior, diz Doria"},"content":{"rendered":"<p>Em encontro com <strong>jornalistas<\/strong> estrangeiros no <strong>Pal\u00e1cio dos Bandeirantes,<\/strong>\u00a0Jo\u00e3o Doria n\u00e3o responsabilizou a <strong>imprensa<\/strong> pela imagem do Brasil no exterior. &#8220;Eu n\u00e3o acho que os ve\u00edculos de comunica\u00e7\u00e3o ou os jornalistas n\u00e3o s\u00e3o os respons\u00e1veis pela m\u00e1 imagem internacional do Brasil. O Brasil fez jus a ter uma m\u00e1 imagem&#8221;, disse o governador de S\u00e3o Paulo nesta quarta-feira (24).<\/p>\t<div class=\"wrapper-featured-image\">\n\t\t<figure class=\"spotlightImg\">\n\n\t\t\t<picture>\n\t\t\t\t<source media=\"(max-width: 768px)\" srcset=\"https:\/\/files.sunoresearch.com.br\/n\/uploads\/2019\/04\/f8baad99-doria-e-jornalistas-400x200.webp\">\n\t\t\t\t<img loading=\"lazy\" decoding=\"async\" class=\"newsContent__article__imgCapa lazyloadDisabled newsContent__article__imgCapa--noCaption\" src=\"https:\/\/files.sunoresearch.com.br\/n\/uploads\/2019\/04\/f8baad99-doria-e-jornalistas-800x450.webp\" width=\"800\" height=\"450\" alt=\"Jornalistas n\u00e3o s\u00e3o respons\u00e1veis por m\u00e1 imagem do Brasil no exterior, diz Doria\" fetchpriority=high \/>\n\t\t\t<\/picture>\n\n\t\t\t<figcaption class=\"wp-caption-text wp-caption-text--hide\">Doria e jornalistas<\/figcaption>\n\t\t<\/figure>\n\t<\/div>\n\n\n<p>A fala de <strong>Doria<\/strong>\u00a0diverge da ideia que\u00a0<strong>Jair Bolsonaro\u00a0<\/strong>passa sobre sua opini\u00e3o acerca da m\u00eddia. Os embates entre o chefe do Executivo e os ve\u00edculos de comunica\u00e7\u00e3o s\u00e3o recorrentes. O presidente j\u00e1 acusou a <strong>imprensa<\/strong> de divulgar not\u00edcias falsas sobre ele e seu governo, o que traria preju\u00edzos \u00e0 imagem do Brasil.<\/p>\n<p>Apesar do posicionamento mais cauteloso, <strong>Doria<\/strong> admite que a vis\u00e3o da comunidade internacional sobre o Pa\u00eds n\u00e3o \u00e9 boa. Contudo, o governador acredita que isso pode ser mudado. &#8220;A imagem do Brasil pode ser e ser\u00e1 melhor ao longo do tempo. Isso \u00e9 conquistado com um governo liberal, mas que tamb\u00e9m respeite a opini\u00e3o p\u00fablica atrav\u00e9s da imprensa&#8221;, disse.<\/p>\n<p><a href=\"https:\/\/www.suno.com.br\/noticias\/doria-privatizacao-porto-de-santos-inevitavel\/\">Saiba Mais: Jo\u00e3o Doria: Privatiza\u00e7\u00e3o do Porto de Santos \u00e9 inevit\u00e1vel<\/a><\/p>\n<p>Para <strong>Doria,<\/strong> as atitudes do Pa\u00eds s\u00e3o o caminho para melhorar a refer\u00eancia brasileira no exterior. &#8220;Atitudes \u00e9ticas, transparentes, com respeito ao capital privado, mas tamb\u00e9m ao desenvolvimento social&#8221;, disse.<\/p>\n<p>&#8220;Menos pobreza, menos mis\u00e9ria e mais desenvolvimento econ\u00f4mico v\u00e3o trazer mais respeitabilidade ao Brasil no cen\u00e1rio internacional&#8221;, defendeu\u00a0o governador.<\/p>\n\t<p>\n\t\t<a href=\"https:\/\/lp.suno.com.br\/4-emissao-snel11\/\" target=\"_blank\" data-element=\"shortcode-suno-banner\" title=\"Banner SUNO, clique e saiba mais\">\n\t\t\t<picture>\n\t\t\t\t<source media=\"(max-width: 500px)\" srcset=\"https:\/\/files.sunoresearch.com.br\/n\/uploads\/2025\/07\/400x300-Mobile-Artigos-7.webp\">\n\t\t\t\t<img class=\"newsContent__article__imgCapa newsContent__article__imgCapa--banner\"\n\t\t\t\t\tsrc=\"https:\/\/files.sunoresearch.com.br\/n\/uploads\/2025\/07\/1420x240-Banner-Artigos-1-_-Banner-Materias-5.webp\"\n\t\t\t\t\tdata-promo-id=\"613822\"\t\t\t\t\t\t\t\t\t\twidth='1420' height='240'\t\t\t\t\talt=\"https:\/\/files.sunoresearch.com.br\/n\/uploads\/2025\/07\/1420x240-Banner-Artigos-1-_-Banner-Materias-5.webp\"\n\t\t\t\t>\n\t\t\t<\/picture>\n\t\t<\/a>\n\t<\/p>\n\n\n<h2>Argentina<\/h2>\n<p>Na reuni\u00e3o, <strong>Doria<\/strong> tamb\u00e9m falou sobre a situa\u00e7\u00e3o da <strong>Argentina<\/strong>. O governador paulista afirmou que espera pela retomada do crescimento e do emprego no vizinho latino.<\/p>\n<p>A <strong>Argentina<\/strong> passa por uma crise econ\u00f4mica com altos \u00edndices de <strong>infla\u00e7\u00e3o.<\/strong> Nos 12 meses at\u00e9 mar\u00e7o, o pa\u00eds registrou uma alta de 47,6% nos pre\u00e7os. No ano de 2018, o indicador chegou a 54,8%. Os dados foram divulgados pelo\u00a0Instituto Nacional de Estad\u00edstica y Censos (INDEC).<\/p>\n<p><a href=\"https:\/\/www.suno.com.br\/noticias\/industria-brasileira-afetada-congelamento-argentina\/\">Saiba Mais: Ind\u00fastria brasileira pode ser afetada por congelamento de pre\u00e7os na Argentina<\/a><\/p>\n<p>Como medida para tentar contar a alta dos pre\u00e7os, o presidente, <strong>Mauricio Macri,<\/strong> decretou o <strong>congelamento dos pre\u00e7os<\/strong> por seis meses.<\/p>\n<p>Frente a situa\u00e7\u00e3o, o governador paulista afirmou ter &#8220;simpatia&#8221; pelo presidente argentino. &#8220;Tor\u00e7o para que continue sendo uma na\u00e7\u00e3o livre, distante de populismo e daqueles que quase destru\u00edram a Argentina e tamb\u00e9m o Brasil&#8221;, disse <strong>Doria<\/strong>. <strong><br \/>\n<\/strong><\/p>\n","protected":false},"excerpt":{"rendered":"<p>Em encontro com jornalistas estrangeiros no Pal\u00e1cio dos Bandeirantes,\u00a0Jo\u00e3o Doria n\u00e3o responsabilizou a imprensa pela imagem do Brasil no exterior. &#8220;Eu n\u00e3o acho que os ve\u00edculos de comunica\u00e7\u00e3o ou os jornalistas n\u00e3o s\u00e3o os respons\u00e1veis pela m\u00e1 imagem internacional do Brasil. O Brasil fez jus a ter uma m\u00e1 imagem&#8221;, disse o governador de S\u00e3o [&hellip;]<\/p>\n","protected":false},"author":16,"featured_media":22186,"comment_status":"closed","ping_status":"closed","sticky":false,"template":"","format":"standard","meta":[],"categories":[61],"tags":[842,843],"suno_strategy":[],"class_list":["post-22184","post","type-post","status-publish","format-standard","has-post-thumbnail","hentry","category-politica","tag-joao-doria","tag-sao-paulo"],"yoast_head":"<!-- This site is optimized with the Yoast SEO plugin v24.4 - https:\/\/yoast.com\/wordpress\/plugins\/seo\/ -->\n<title>Doria: Jornalistas n\u00e3o s\u00e3o respons\u00e1veis por imagem do Brasil no exterior<\/title>\n<meta name=\"description\" content=\"O governador Jo\u00e3o Doria defendeu que o pa\u00eds precisa melhorar sua imagem internacional a partir de atitudes. Clique e saiba mais.\" \/>\n<meta name=\"robots\" content=\"index, follow, max-snippet:-1, max-image-preview:large, max-video-preview:-1\" \/>\n<link rel=\"canonical\" href=\"https:\/\/www.suno.com.br\/noticias\/jornalistas-nao-responsaveis-imagem-brasil-doria\/\" \/>\n<meta property=\"og:locale\" content=\"pt_BR\" \/>\n<meta property=\"og:type\" content=\"article\" \/>\n<meta property=\"og:title\" content=\"Doria: Jornalistas n\u00e3o s\u00e3o respons\u00e1veis por imagem do Brasil no exterior\" \/>\n<meta property=\"og:description\" content=\"O governador Jo\u00e3o Doria defendeu que o pa\u00eds precisa melhorar sua imagem internacional a partir de atitudes. Clique e saiba mais.\" \/>\n<meta property=\"og:url\" content=\"https:\/\/www.suno.com.br\/noticias\/jornalistas-nao-responsaveis-imagem-brasil-doria\/\" \/>\n<meta property=\"og:site_name\" content=\"Suno Not\u00edcias\" \/>\n<meta property=\"article:publisher\" content=\"https:\/\/facebook.com\/sunoresearch\" \/>\n<meta property=\"og:image\" content=\"https:\/\/files.sunoresearch.com.br\/n\/uploads\/2019\/04\/f8baad99-doria-e-jornalistas.jpeg\" \/>\n\t<meta property=\"og:image:width\" content=\"1280\" \/>\n\t<meta property=\"og:image:height\" content=\"960\" \/>\n\t<meta property=\"og:image:type\" content=\"image\/jpeg\" \/>\n<meta name=\"author\" content=\"Beatriz Oliveira\" \/>\n<meta name=\"twitter:card\" content=\"summary_large_image\" \/>\n<meta name=\"twitter:creator\" content=\"@sunoresearch\" \/>\n<meta name=\"twitter:site\" content=\"@sunoresearch\" \/>\n<meta name=\"twitter:label1\" content=\"Escrito por\" \/>\n\t<meta name=\"twitter:data1\" content=\"Beatriz Oliveira\" \/>\n\t<meta name=\"twitter:label2\" content=\"Est. tempo de leitura\" \/>\n\t<meta name=\"twitter:data2\" content=\"2 minutos\" \/>\n<script type=\"application\/ld+json\" class=\"yoast-schema-graph\">{\"@context\":\"https:\/\/schema.org\",\"@graph\":[{\"@type\":\"NewsArticle\",\"@id\":\"https:\/\/www.suno.com.br\/noticias\/jornalistas-nao-responsaveis-imagem-brasil-doria\/#article\",\"isPartOf\":{\"@id\":\"https:\/\/www.suno.com.br\/noticias\/jornalistas-nao-responsaveis-imagem-brasil-doria\/\"},\"author\":{\"name\":\"Beatriz Oliveira\",\"@id\":\"https:\/\/www.suno.com.br\/noticias\/#\/schema\/person\/e67f665add014bf99f644028de070cc3\"},\"headline\":\"Jornalistas n\u00e3o s\u00e3o respons\u00e1veis por m\u00e1 imagem do Brasil no exterior, diz Doria\",\"datePublished\":\"2019-04-24T17:37:36+00:00\",\"mainEntityOfPage\":{\"@id\":\"https:\/\/www.suno.com.br\/noticias\/jornalistas-nao-responsaveis-imagem-brasil-doria\/\"},\"wordCount\":441,\"publisher\":{\"@id\":\"https:\/\/www.suno.com.br\/noticias\/#organization\"},\"image\":{\"@id\":\"https:\/\/www.suno.com.br\/noticias\/jornalistas-nao-responsaveis-imagem-brasil-doria\/#primaryimage\"},\"thumbnailUrl\":\"https:\/\/files.sunoresearch.com.br\/n\/uploads\/2019\/04\/f8baad99-doria-e-jornalistas-jpeg.webp\",\"keywords\":[\"Jo\u00e3o Doria\",\"S\u00e3o Paulo\"],\"articleSection\":[\"Pol\u00edtica\"],\"inLanguage\":\"pt-BR\"},{\"@type\":\"WebPage\",\"@id\":\"https:\/\/www.suno.com.br\/noticias\/jornalistas-nao-responsaveis-imagem-brasil-doria\/\",\"url\":\"https:\/\/www.suno.com.br\/noticias\/jornalistas-nao-responsaveis-imagem-brasil-doria\/\",\"name\":\"Doria: Jornalistas n\u00e3o s\u00e3o respons\u00e1veis por imagem do Brasil no exterior\",\"isPartOf\":{\"@id\":\"https:\/\/www.suno.com.br\/noticias\/#website\"},\"primaryImageOfPage\":{\"@id\":\"https:\/\/www.suno.com.br\/noticias\/jornalistas-nao-responsaveis-imagem-brasil-doria\/#primaryimage\"},\"image\":{\"@id\":\"https:\/\/www.suno.com.br\/noticias\/jornalistas-nao-responsaveis-imagem-brasil-doria\/#primaryimage\"},\"thumbnailUrl\":\"https:\/\/files.sunoresearch.com.br\/n\/uploads\/2019\/04\/f8baad99-doria-e-jornalistas-jpeg.webp\",\"datePublished\":\"2019-04-24T17:37:36+00:00\",\"description\":\"O governador Jo\u00e3o Doria defendeu que o pa\u00eds precisa melhorar sua imagem internacional a partir de atitudes. Clique e saiba mais.\",\"breadcrumb\":{\"@id\":\"https:\/\/www.suno.com.br\/noticias\/jornalistas-nao-responsaveis-imagem-brasil-doria\/#breadcrumb\"},\"inLanguage\":\"pt-BR\",\"potentialAction\":[{\"@type\":\"ReadAction\",\"target\":[\"https:\/\/www.suno.com.br\/noticias\/jornalistas-nao-responsaveis-imagem-brasil-doria\/\"]}]},{\"@type\":\"ImageObject\",\"inLanguage\":\"pt-BR\",\"@id\":\"https:\/\/www.suno.com.br\/noticias\/jornalistas-nao-responsaveis-imagem-brasil-doria\/#primaryimage\",\"url\":\"https:\/\/files.sunoresearch.com.br\/n\/uploads\/2019\/04\/f8baad99-doria-e-jornalistas-jpeg.webp\",\"contentUrl\":\"https:\/\/files.sunoresearch.com.br\/n\/uploads\/2019\/04\/f8baad99-doria-e-jornalistas-jpeg.webp\",\"width\":1280,\"height\":960,\"caption\":\"Doria e jornalistas\"},{\"@type\":\"BreadcrumbList\",\"@id\":\"https:\/\/www.suno.com.br\/noticias\/jornalistas-nao-responsaveis-imagem-brasil-doria\/#breadcrumb\",\"itemListElement\":[{\"@type\":\"ListItem\",\"position\":1,\"name\":\"Not\u00edcias\",\"item\":\"https:\/\/www.suno.com.br\/noticias\/\"},{\"@type\":\"ListItem\",\"position\":2,\"name\":\"Pol\u00edtica\",\"item\":\"https:\/\/www.suno.com.br\/noticias\/politica\/\"},{\"@type\":\"ListItem\",\"position\":3,\"name\":\"Jornalistas n\u00e3o s\u00e3o respons\u00e1veis por m\u00e1 imagem do Brasil no exterior, diz Doria\"}]},{\"@type\":\"WebSite\",\"@id\":\"https:\/\/www.suno.com.br\/noticias\/#website\",\"url\":\"https:\/\/www.suno.com.br\/noticias\/\",\"name\":\"Suno Not\u00edcias\",\"description\":\"Seu portal de informa\u00e7\u00e3o sobre o mundo dos investimentos\",\"publisher\":{\"@id\":\"https:\/\/www.suno.com.br\/noticias\/#organization\"},\"potentialAction\":[{\"@type\":\"SearchAction\",\"target\":{\"@type\":\"EntryPoint\",\"urlTemplate\":\"https:\/\/www.suno.com.br\/noticias\/?s={search_term_string}\"},\"query-input\":{\"@type\":\"PropertyValueSpecification\",\"valueRequired\":true,\"valueName\":\"search_term_string\"}}],\"inLanguage\":\"pt-BR\"},{\"@type\":\"Organization\",\"@id\":\"https:\/\/www.suno.com.br\/noticias\/#organization\",\"name\":\"Suno Not\u00edcias\",\"url\":\"https:\/\/www.suno.com.br\/noticias\/\",\"logo\":{\"@type\":\"ImageObject\",\"inLanguage\":\"pt-BR\",\"@id\":\"https:\/\/www.suno.com.br\/noticias\/#\/schema\/logo\/image\/\",\"url\":\"https:\/\/files.sunoresearch.com.br\/n\/uploads\/2021\/09\/suno-logo.png\",\"contentUrl\":\"https:\/\/files.sunoresearch.com.br\/n\/uploads\/2021\/09\/suno-logo.png\",\"width\":180,\"height\":180,\"caption\":\"Suno Not\u00edcias\"},\"image\":{\"@id\":\"https:\/\/www.suno.com.br\/noticias\/#\/schema\/logo\/image\/\"},\"sameAs\":[\"https:\/\/facebook.com\/sunoresearch\",\"https:\/\/x.com\/sunoresearch\",\"https:\/\/www.instagram.com\/suno\",\"https:\/\/www.linkedin.com\/company\/suno-research\/\",\"https:\/\/www.youtube.com\/c\/sunoresearch\"]},{\"@type\":\"Person\",\"@id\":\"https:\/\/www.suno.com.br\/noticias\/#\/schema\/person\/e67f665add014bf99f644028de070cc3\",\"name\":\"Beatriz Oliveira\",\"image\":{\"@type\":\"ImageObject\",\"inLanguage\":\"pt-BR\",\"@id\":\"https:\/\/www.suno.com.br\/noticias\/#\/schema\/person\/image\/\",\"url\":\"https:\/\/secure.gravatar.com\/avatar\/c9aa6a0aaecc598d257d5d5bd349157d?s=96&r=g\",\"contentUrl\":\"https:\/\/secure.gravatar.com\/avatar\/c9aa6a0aaecc598d257d5d5bd349157d?s=96&r=g\",\"caption\":\"Beatriz Oliveira\"},\"description\":\"Formada em Jornalismo pela Faculdade Paulus de Tecnologia e Comunica\u00e7\u00e3o, Beatriz Oliveira escreve para o portal de not\u00edcias Suno Research. Antes, passou pelas reda\u00e7\u00f5es da Revista EXAME e da Rede Bandeirantes.\",\"url\":\"https:\/\/www.suno.com.br\/noticias\/author\/beatriz\/\"}]}<\/script>\n<!-- \/ Yoast SEO plugin. -->","yoast_head_json":{"title":"Doria: Jornalistas n\u00e3o s\u00e3o respons\u00e1veis por imagem do Brasil no exterior","description":"O governador Jo\u00e3o Doria defendeu que o pa\u00eds precisa melhorar sua imagem internacional a partir de atitudes. Clique e saiba mais.","robots":{"index":"index","follow":"follow","max-snippet":"max-snippet:-1","max-image-preview":"max-image-preview:large","max-video-preview":"max-video-preview:-1"},"canonical":"https:\/\/www.suno.com.br\/noticias\/jornalistas-nao-responsaveis-imagem-brasil-doria\/","og_locale":"pt_BR","og_type":"article","og_title":"Doria: Jornalistas n\u00e3o s\u00e3o respons\u00e1veis por imagem do Brasil no exterior","og_description":"O governador Jo\u00e3o Doria defendeu que o pa\u00eds precisa melhorar sua imagem internacional a partir de atitudes. Clique e saiba mais.","og_url":"https:\/\/www.suno.com.br\/noticias\/jornalistas-nao-responsaveis-imagem-brasil-doria\/","og_site_name":"Suno Not\u00edcias","article_publisher":"https:\/\/facebook.com\/sunoresearch","og_image":[{"width":1280,"height":960,"url":"https:\/\/files.sunoresearch.com.br\/n\/uploads\/2019\/04\/f8baad99-doria-e-jornalistas.jpeg","type":"image\/jpeg"}],"author":"Beatriz Oliveira","twitter_card":"summary_large_image","twitter_creator":"@sunoresearch","twitter_site":"@sunoresearch","twitter_misc":{"Escrito por":"Beatriz Oliveira","Est. tempo de leitura":"2 minutos"},"schema":{"@context":"https:\/\/schema.org","@graph":[{"@type":"NewsArticle","@id":"https:\/\/www.suno.com.br\/noticias\/jornalistas-nao-responsaveis-imagem-brasil-doria\/#article","isPartOf":{"@id":"https:\/\/www.suno.com.br\/noticias\/jornalistas-nao-responsaveis-imagem-brasil-doria\/"},"author":{"name":"Beatriz Oliveira","@id":"https:\/\/www.suno.com.br\/noticias\/#\/schema\/person\/e67f665add014bf99f644028de070cc3"},"headline":"Jornalistas n\u00e3o s\u00e3o respons\u00e1veis por m\u00e1 imagem do Brasil no exterior, diz Doria","datePublished":"2019-04-24T17:37:36+00:00","mainEntityOfPage":{"@id":"https:\/\/www.suno.com.br\/noticias\/jornalistas-nao-responsaveis-imagem-brasil-doria\/"},"wordCount":441,"publisher":{"@id":"https:\/\/www.suno.com.br\/noticias\/#organization"},"image":{"@id":"https:\/\/www.suno.com.br\/noticias\/jornalistas-nao-responsaveis-imagem-brasil-doria\/#primaryimage"},"thumbnailUrl":"https:\/\/files.sunoresearch.com.br\/n\/uploads\/2019\/04\/f8baad99-doria-e-jornalistas-jpeg.webp","keywords":["Jo\u00e3o Doria","S\u00e3o Paulo"],"articleSection":["Pol\u00edtica"],"inLanguage":"pt-BR"},{"@type":"WebPage","@id":"https:\/\/www.suno.com.br\/noticias\/jornalistas-nao-responsaveis-imagem-brasil-doria\/","url":"https:\/\/www.suno.com.br\/noticias\/jornalistas-nao-responsaveis-imagem-brasil-doria\/","name":"Doria: Jornalistas n\u00e3o s\u00e3o respons\u00e1veis por imagem do Brasil no exterior","isPartOf":{"@id":"https:\/\/www.suno.com.br\/noticias\/#website"},"primaryImageOfPage":{"@id":"https:\/\/www.suno.com.br\/noticias\/jornalistas-nao-responsaveis-imagem-brasil-doria\/#primaryimage"},"image":{"@id":"https:\/\/www.suno.com.br\/noticias\/jornalistas-nao-responsaveis-imagem-brasil-doria\/#primaryimage"},"thumbnailUrl":"https:\/\/files.sunoresearch.com.br\/n\/uploads\/2019\/04\/f8baad99-doria-e-jornalistas-jpeg.webp","datePublished":"2019-04-24T17:37:36+00:00","description":"O governador Jo\u00e3o Doria defendeu que o pa\u00eds precisa melhorar sua imagem internacional a partir de atitudes. Clique e saiba mais.","breadcrumb":{"@id":"https:\/\/www.suno.com.br\/noticias\/jornalistas-nao-responsaveis-imagem-brasil-doria\/#breadcrumb"},"inLanguage":"pt-BR","potentialAction":[{"@type":"ReadAction","target":["https:\/\/www.suno.com.br\/noticias\/jornalistas-nao-responsaveis-imagem-brasil-doria\/"]}]},{"@type":"ImageObject","inLanguage":"pt-BR","@id":"https:\/\/www.suno.com.br\/noticias\/jornalistas-nao-responsaveis-imagem-brasil-doria\/#primaryimage","url":"https:\/\/files.sunoresearch.com.br\/n\/uploads\/2019\/04\/f8baad99-doria-e-jornalistas-jpeg.webp","contentUrl":"https:\/\/files.sunoresearch.com.br\/n\/uploads\/2019\/04\/f8baad99-doria-e-jornalistas-jpeg.webp","width":1280,"height":960,"caption":"Doria e jornalistas"},{"@type":"BreadcrumbList","@id":"https:\/\/www.suno.com.br\/noticias\/jornalistas-nao-responsaveis-imagem-brasil-doria\/#breadcrumb","itemListElement":[{"@type":"ListItem","position":1,"name":"Not\u00edcias","item":"https:\/\/www.suno.com.br\/noticias\/"},{"@type":"ListItem","position":2,"name":"Pol\u00edtica","item":"https:\/\/www.suno.com.br\/noticias\/politica\/"},{"@type":"ListItem","position":3,"name":"Jornalistas n\u00e3o s\u00e3o respons\u00e1veis por m\u00e1 imagem do Brasil no exterior, diz Doria"}]},{"@type":"WebSite","@id":"https:\/\/www.suno.com.br\/noticias\/#website","url":"https:\/\/www.suno.com.br\/noticias\/","name":"Suno Not\u00edcias","description":"Seu portal de informa\u00e7\u00e3o sobre o mundo dos investimentos","publisher":{"@id":"https:\/\/www.suno.com.br\/noticias\/#organization"},"potentialAction":[{"@type":"SearchAction","target":{"@type":"EntryPoint","urlTemplate":"https:\/\/www.suno.com.br\/noticias\/?s={search_term_string}"},"query-input":{"@type":"PropertyValueSpecification","valueRequired":true,"valueName":"search_term_string"}}],"inLanguage":"pt-BR"},{"@type":"Organization","@id":"https:\/\/www.suno.com.br\/noticias\/#organization","name":"Suno Not\u00edcias","url":"https:\/\/www.suno.com.br\/noticias\/","logo":{"@type":"ImageObject","inLanguage":"pt-BR","@id":"https:\/\/www.suno.com.br\/noticias\/#\/schema\/logo\/image\/","url":"https:\/\/files.sunoresearch.com.br\/n\/uploads\/2021\/09\/suno-logo.png","contentUrl":"https:\/\/files.sunoresearch.com.br\/n\/uploads\/2021\/09\/suno-logo.png","width":180,"height":180,"caption":"Suno Not\u00edcias"},"image":{"@id":"https:\/\/www.suno.com.br\/noticias\/#\/schema\/logo\/image\/"},"sameAs":["https:\/\/facebook.com\/sunoresearch","https:\/\/x.com\/sunoresearch","https:\/\/www.instagram.com\/suno","https:\/\/www.linkedin.com\/company\/suno-research\/","https:\/\/www.youtube.com\/c\/sunoresearch"]},{"@type":"Person","@id":"https:\/\/www.suno.com.br\/noticias\/#\/schema\/person\/e67f665add014bf99f644028de070cc3","name":"Beatriz Oliveira","image":{"@type":"ImageObject","inLanguage":"pt-BR","@id":"https:\/\/www.suno.com.br\/noticias\/#\/schema\/person\/image\/","url":"https:\/\/secure.gravatar.com\/avatar\/c9aa6a0aaecc598d257d5d5bd349157d?s=96&r=g","contentUrl":"https:\/\/secure.gravatar.com\/avatar\/c9aa6a0aaecc598d257d5d5bd349157d?s=96&r=g","caption":"Beatriz Oliveira"},"description":"Formada em Jornalismo pela Faculdade Paulus de Tecnologia e Comunica\u00e7\u00e3o, Beatriz Oliveira escreve para o portal de not\u00edcias Suno Research. Antes, passou pelas reda\u00e7\u00f5es da Revista EXAME e da Rede Bandeirantes.","url":"https:\/\/www.suno.com.br\/noticias\/author\/beatriz\/"}]}},"default_loop_html":"<div class=\"cardsPage__listCard__boxs\"><div class=\"cardsPage__listCard__boxs__img\"><a href=\"https:\/\/www.suno.com.br\/noticias\/jornalistas-nao-responsaveis-imagem-brasil-doria\/\"><img class=\"mask\" src=\"https:\/\/www.suno.com.br\/noticias\/wp-content\/themes\/suno\/resources\/images\/spotlight\/spotlight1img\/bg-mask.png\" alt=\"Image Mask\"\/><img src=\"https:\/\/files.sunoresearch.com.br\/n\/uploads\/2019\/04\/f8baad99-doria-e-jornalistas-400x200.webp\" alt=\"Jornalistas n\u00e3o s\u00e3o respons\u00e1veis por m\u00e1 imagem do Brasil no exterior, diz Doria\"\/><\/a><span class=\"spotlightCategory\"><a href=\"https:\/\/www.suno.com.br\/noticias\/politica\/\">Pol\u00edtica<\/a><\/span><\/div><div class=\"cardsPage__listCard__boxs__content\"><a href=\"https:\/\/www.suno.com.br\/noticias\/jornalistas-nao-responsaveis-imagem-brasil-doria\/\"><h2 class=\"content__title\">Jornalistas n\u00e3o s\u00e3o respons\u00e1veis por m\u00e1 imagem do Brasil no exterior, diz Doria<\/h2><\/a><div class=\"newsContent__article__meta\"><div class=\"newsContent__article__meta__authorBox\"><a href=\"https:\/\/www.suno.com.br\/noticias\/author\/beatriz\/\" class=\"authorBox__avatar noMobi\"><img src=\"https:\/\/secure.gravatar.com\/avatar\/c9aa6a0aaecc598d257d5d5bd349157d?s=96&#038;r=g\" alt=\"Beatriz Oliveira\"><\/a><div class=\"authorBox__name\"><span>por\n\t\t\t<a href=\"https:\/\/www.suno.com.br\/noticias\/author\/beatriz\/\"><span itemprop=\"author\">Beatriz Oliveira<\/span><\/a><\/span><time datetime=\"2019-04-24T14:37:36-03:00\" itemprop=\"datePublished\">24\/04\/2019 14:37<\/time><\/div><\/div><\/div><\/div><\/div>","single_layout":"posts","amp_enabled":true,"_links":{"self":[{"href":"https:\/\/www.suno.com.br\/noticias\/wp-json\/wp\/v2\/posts\/22184"}],"collection":[{"href":"https:\/\/www.suno.com.br\/noticias\/wp-json\/wp\/v2\/posts"}],"about":[{"href":"https:\/\/www.suno.com.br\/noticias\/wp-json\/wp\/v2\/types\/post"}],"author":[{"embeddable":true,"href":"https:\/\/www.suno.com.br\/noticias\/wp-json\/wp\/v2\/users\/16"}],"replies":[{"embeddable":true,"href":"https:\/\/www.suno.com.br\/noticias\/wp-json\/wp\/v2\/comments?post=22184"}],"version-history":[{"count":0,"href":"https:\/\/www.suno.com.br\/noticias\/wp-json\/wp\/v2\/posts\/22184\/revisions"}],"wp:featuredmedia":[{"embeddable":true,"href":"https:\/\/www.suno.com.br\/noticias\/wp-json\/wp\/v2\/media\/22186"}],"wp:attachment":[{"href":"https:\/\/www.suno.com.br\/noticias\/wp-json\/wp\/v2\/media?parent=22184"}],"wp:term":[{"taxonomy":"category","embeddable":true,"href":"https:\/\/www.suno.com.br\/noticias\/wp-json\/wp\/v2\/categories?post=22184"},{"taxonomy":"post_tag","embeddable":true,"href":"https:\/\/www.suno.com.br\/noticias\/wp-json\/wp\/v2\/tags?post=22184"},{"taxonomy":"suno_strategy","embeddable":true,"href":"https:\/\/www.suno.com.br\/noticias\/wp-json\/wp\/v2\/suno_strategy?post=22184"}],"curies":[{"name":"wp","href":"https:\/\/api.w.org\/{rel}","templated":true}]}}