{"id":221795,"date":"2022-01-13T21:10:45","date_gmt":"2022-01-14T00:10:45","guid":{"rendered":"https:\/\/www.suno.com.br\/noticias\/?p=221795"},"modified":"2022-01-13T21:10:45","modified_gmt":"2022-01-14T00:10:45","slug":"guedes-atrela-apoio-a-refis-a-aprovacao-de-reforma-do-ir-com-taxacao-de-dividendos","status":"publish","type":"post","link":"https:\/\/www.suno.com.br\/noticias\/guedes-atrela-apoio-a-refis-a-aprovacao-de-reforma-do-ir-com-taxacao-de-dividendos\/","title":{"rendered":"Guedes atrela apoio a Refis \u00e0 aprova\u00e7\u00e3o de reforma do IR com taxa\u00e7\u00e3o de dividendos"},"content":{"rendered":"<p>O ministro da Economia, <a class=\"suno-keyword\" href=\"https:\/\/www.suno.com.br\/tudo-sobre\/paulo-guedes\/\" target=\"_blank\" rel=\"noopener\" data-force=\"no\" data-priority=\"2\">Paulo Guedes<\/a>, sinalizou a possibilidade de apoiar a aprova\u00e7\u00e3o do <a href=\"https:\/\/www.suno.com.br\/noticias\/refis-governo-federal-mp-pequenas-medias-empresas\/\">Refis<\/a> das m\u00e9dias e grandes empresas se o Senado aprovar o projeto de reforma do Imposto de Renda, que prev\u00ea a volta da <strong>taxa\u00e7\u00e3o de lucros e dividendos<\/strong> com uma al\u00edquota de 15%.<\/p>\t<div class=\"wrapper-featured-image\">\n\t\t<figure class=\"spotlightImg\">\n\n\t\t\t<picture>\n\t\t\t\t<source media=\"(max-width: 768px)\" srcset=\"https:\/\/files.sunoresearch.com.br\/n\/uploads\/2021\/09\/paulo-guedes_mcamgo_abr_220720211818-5-400x200.jpg\">\n\t\t\t\t<img loading=\"lazy\" decoding=\"async\" class=\"newsContent__article__imgCapa lazyloadDisabled \" src=\"https:\/\/files.sunoresearch.com.br\/n\/uploads\/2021\/09\/paulo-guedes_mcamgo_abr_220720211818-5-800x450.jpg\" width=\"800\" height=\"450\" alt=\"Guedes atrela apoio a Refis \u00e0 aprova\u00e7\u00e3o de reforma do IR com taxa\u00e7\u00e3o de dividendos\" fetchpriority=high \/>\n\t\t\t<\/picture>\n\n\t\t\t<figcaption class=\"wp-caption-text wp-caption-text--show\"> Foto: Marcelo Camargo \/Ag\u00eancia Brasil <\/figcaption>\n\t\t<\/figure>\n\t<\/div>\n\n\n\t<p>\n\t\t<a href=\"https:\/\/lp.suno.com.br\/planilha-controle-gastos\/\" target=\"_blank\" data-element=\"shortcode-suno-banner\" title=\"Banner SUNO, clique e saiba mais\">\n\t\t\t<picture>\n\t\t\t\t<source media=\"(max-width: 500px)\" srcset=\"https:\/\/files.sunoresearch.com.br\/n\/uploads\/2023\/03\/400x300-Planilha-controle-de-gastos.png\">\n\t\t\t\t<img class=\"newsContent__article__imgCapa newsContent__article__imgCapa--banner\"\n\t\t\t\t\tsrc=\"https:\/\/files.sunoresearch.com.br\/n\/uploads\/2023\/03\/1420x240-Planilha-controle-de-gastos.png\"\n\t\t\t\t\tdata-promo-id=\"101751\"\t\t\t\t\t\t\t\t\t\twidth='1420' height='240'\t\t\t\t\talt=\"https:\/\/files.sunoresearch.com.br\/n\/uploads\/2023\/03\/1420x240-Planilha-controle-de-gastos.png\"\n\t\t\t\t>\n\t\t\t<\/picture>\n\t\t<\/a>\n\t<\/p>\n\n\n<p>Al\u00e9m de prever a volta da taxa\u00e7\u00e3o de lucros e <a class=\"suno-keyword\" href=\"https:\/\/www.suno.com.br\/guias\/dividendos\/\" target=\"_blank\" rel=\"noopener\" data-force=\"no\" data-priority=\"1\">dividendos<\/a>, o projeto estabelece a corre\u00e7\u00e3o da tabela do<strong> Imposto de Renda<\/strong> da <a class=\"suno-keyword\" href=\"https:\/\/www.suno.com.br\/artigos\/pessoa-fisica\/\" target=\"_blank\" rel=\"noopener\" data-force=\"no\" data-priority=\"1\">Pessoa F\u00edsica<\/a> (IRPF) e o aumento da faixa de isen\u00e7\u00e3o de R$ 1,9 mil para R$ 2,5 mil. O projeto foi aprovado pela C\u00e2mara em setembro do ano passado com 398 votos favor\u00e1veis, mas foi colocado na geladeira pelo relator do Senado, senador <strong>Angelo Coronel<\/strong> (PSD-BA).<\/p>\n<p>J\u00e1 o novo programa de <a class=\"suno-keyword\" href=\"https:\/\/www.suno.com.br\/artigos\/parcelamento-de-dividas\/\" target=\"_blank\" rel=\"noopener\" data-force=\"no\" data-priority=\"1\">parcelamento de d\u00edvidas<\/a> abrangeria pessoas f\u00edsicas e tamb\u00e9m incluiria tributos como o Imposto de Renda a parcelas atrasadas do eSocial, a plataforma de registro para o cumprimento de obriga\u00e7\u00f5es trabalhistas e tribut\u00e1rias.<\/p>\n\t<p>\n\t\t<a href=\"https:\/\/lp.suno.com.br\/planilha-da-vida-financeira\/\" target=\"_blank\" data-element=\"shortcode-suno-banner\" title=\"Banner SUNO, clique e saiba mais\">\n\t\t\t<picture>\n\t\t\t\t<source media=\"(max-width: 500px)\" srcset=\"https:\/\/files.sunoresearch.com.br\/n\/uploads\/2023\/04\/400x300-Planilha-vida-financeira-true.png\">\n\t\t\t\t<img class=\"newsContent__article__imgCapa newsContent__article__imgCapa--banner\"\n\t\t\t\t\tsrc=\"https:\/\/files.sunoresearch.com.br\/n\/uploads\/2023\/04\/1420x240-Planilha-vida-financeira-true.png\"\n\t\t\t\t\tdata-promo-id=\"106682\"\t\t\t\t\t\t\t\t\t\twidth='1420' height='240'\t\t\t\t\talt=\"https:\/\/files.sunoresearch.com.br\/n\/uploads\/2023\/04\/1420x240-Planilha-vida-financeira-true.png\"\n\t\t\t\t>\n\t\t\t<\/picture>\n\t\t<\/a>\n\t<\/p>\n\n\n<p>Patrocinado pelo presidente do Senado, Rodrigo Pacheco (PSD-MG), o<strong> projeto do Refis<\/strong> para a renegocia\u00e7\u00e3o das d\u00edvidas das pessoas f\u00edsicas, m\u00e9dias e grandes empresas que perderam renda e faturamento na pandemia daCovid-19 foi aprovado pelos senadores, mas a vota\u00e7\u00e3o n\u00e3o foi conclu\u00edda pela C\u00e2mara.<\/p>\n<p>No \u00faltimo dia da vota\u00e7\u00e3o no ano passado, a base do governo travou a vota\u00e7\u00e3o. No mesmo dia, Coronel apresentou um projeto separado com apenas a corre\u00e7\u00e3o da tabela do IRPF, bem mais generoso do que o do governo. Agora, com a virada do ano, o relator est\u00e1 sinalizando que vai retomar a discuss\u00e3o.<\/p>\n\t<div data-element=\"shortcode-read-more\" class=\"knowMore\">\n\t\t\t\t<span class=\"knowMore__title\">Saiba mais<\/span>\n\t\t\t\t<a class=\"knowMore__link\" href=\"https:\/\/www.suno.com.br\/noticias\/refis-acordo-camara-adia-votacao-2022\/\">\n\t\t\tRefis: C\u00e2mara adia vota\u00e7\u00e3o para 2022 ao n\u00e3o fechar acordo\t\t<\/a>\n\t<\/div>\n\n\n\t<p>\n\t\t<a href=\"https:\/\/lp.suno.com.br\/planilha-de-controle-de-investimentos\/\" target=\"_blank\" data-element=\"shortcode-suno-banner\" title=\"Banner SUNO, clique e saiba mais\">\n\t\t\t<picture>\n\t\t\t\t<source media=\"(max-width: 500px)\" srcset=\"https:\/\/files.sunoresearch.com.br\/n\/uploads\/2023\/03\/400x300-Controle-de-Investimentos.png\">\n\t\t\t\t<img class=\"newsContent__article__imgCapa newsContent__article__imgCapa--banner\"\n\t\t\t\t\tsrc=\"https:\/\/files.sunoresearch.com.br\/n\/uploads\/2023\/03\/1420x240-Controle-de-Investimentos.png\"\n\t\t\t\t\tdata-promo-id=\"75934\"\t\t\t\t\t\t\t\t\t\twidth='1420' height='240'\t\t\t\t\talt=\"https:\/\/files.sunoresearch.com.br\/n\/uploads\/2023\/03\/1420x240-Controle-de-Investimentos.png\"\n\t\t\t\t>\n\t\t\t<\/picture>\n\t\t<\/a>\n\t<\/p>\n\n\n<h2>Al\u00edquota da taxa\u00e7\u00e3o de dividendos poderia ser maior<\/h2>\n<p>A empres\u00e1rios, Guedes vem alertando que \u00e9 melhor passar o projeto do IR este ano com a taxa\u00e7\u00e3o dos dividendos a uma <strong>al\u00edquota de 15%<\/strong> do que deixar a reforma ser aprovada em 2023 com uma taxa maior.<\/p>\n<p>Quando o projeto foi enviado pelo governo ao Congresso, a <strong>al\u00edquota prevista era de 20%<\/strong>. Esses empres\u00e1rios mostraram preocupa\u00e7\u00e3o de que o pr\u00f3ximo governo resolva encampar uma al\u00edquota mais alta. A taxa\u00e7\u00e3o de dividendos \u00e9 defendida pelo Partido dos Trabalhadores (PT), que tem o ex-presidente da Rep\u00fablica Luiz In\u00e1cio <strong>Lula<\/strong> da Silva como l\u00edder das pesquisas de inten\u00e7\u00e3o de votos.<\/p>\n\t<p>\n\t\t<a href=\"https:\/\/lp.suno.com.br\/ebook-como-analisar-uma-acao\/\" target=\"_blank\" data-element=\"shortcode-suno-banner\" title=\"Banner SUNO, clique e saiba mais\">\n\t\t\t<picture>\n\t\t\t\t<source media=\"(max-width: 500px)\" srcset=\"https:\/\/files.sunoresearch.com.br\/n\/uploads\/2023\/03\/Ebook-Acoes-Mobile-1.jpg\">\n\t\t\t\t<img class=\"newsContent__article__imgCapa newsContent__article__imgCapa--banner\"\n\t\t\t\t\tsrc=\"https:\/\/files.sunoresearch.com.br\/n\/uploads\/2023\/03\/Ebook-Acoes-Desktop-1.jpg\"\n\t\t\t\t\tdata-promo-id=\"171998\"\t\t\t\t\t\t\t\t\t\twidth='1420' height='286'\t\t\t\t\talt=\"https:\/\/files.sunoresearch.com.br\/n\/uploads\/2023\/03\/Ebook-Acoes-Desktop-1.jpg\"\n\t\t\t\t>\n\t\t\t<\/picture>\n\t\t<\/a>\n\t<\/p>\n\n\n<p>Como se trata de aumento de imposto, a al\u00edquota maior s\u00f3 poder\u00e1 vigorar no ano seguinte. Ou seja, se for aprovada em 2022, a reforma s\u00f3 entraria em vigor em 2023. J\u00e1 a tabela do IRPF poderia entrar em vigor este ano, mas tem alto <strong>custo de perda de arrecada\u00e7\u00e3o<\/strong>. Mas mesmo assim, a equipe econ\u00f4mica v\u00ea chance de o projeto ser aprovado em 2022.<\/p>\n<p>O <a class=\"suno-keyword\" href=\"https:\/\/www.suno.com.br\/artigos\/ministerio-da-economia\/\" target=\"_blank\" rel=\"noopener\" data-force=\"no\" data-priority=\"3\">Minist\u00e9rio da Economia<\/a> est\u00e1 aberto a essa negocia\u00e7\u00e3o, dizem fontes. A ideia do ministro sempre foi atrelar os dois projetos de Refis (ou outro para micro e pequenas empresas e Microempreendedores Individuais) \u00e0 reforma tribut\u00e1ria, junto \u00e0 <strong>taxa\u00e7\u00e3o de dividendos.<\/strong><\/p>\n<p><em>(Com informa\u00e7\u00f5es da Ag\u00eancia Estado)<\/em><\/p>\n\t<p>\n\t\t<a href=\"\" target=\"_blank\" data-element=\"shortcode-suno-banner\" title=\"Banner SUNO, clique e saiba mais\">\n\t\t\t<picture>\n\t\t\t\t<source media=\"(max-width: 500px)\" srcset=\"\">\n\t\t\t\t<img class=\"newsContent__article__imgCapa newsContent__article__imgCapa--banner\"\n\t\t\t\t\tsrc=\"\"\n\t\t\t\t\tdata-promo-id=\"184190\"\t\t\t\t\t\t\t\t\t\t\t\t\t\t\talt=\"\"\n\t\t\t\t>\n\t\t\t<\/picture>\n\t\t<\/a>\n\t<\/p>\n\n\n","protected":false},"excerpt":{"rendered":"<p>O ministro da Economia, Paulo Guedes, sinalizou a possibilidade de apoiar a aprova\u00e7\u00e3o do Refis das m\u00e9dias e grandes empresas se o Senado aprovar o projeto de reforma do Imposto de Renda, que prev\u00ea a volta da taxa\u00e7\u00e3o de lucros e dividendos com uma al\u00edquota de 15%. Foto: Marcelo Camargo \/Ag\u00eancia Brasil Al\u00e9m de prever [&hellip;]<\/p>\n","protected":false},"author":118,"featured_media":184305,"comment_status":"closed","ping_status":"closed","sticky":false,"template":"","format":"standard","meta":[],"categories":[61],"tags":[295,303,796],"suno_strategy":[],"class_list":["post-221795","post","type-post","status-publish","format-standard","has-post-thumbnail","hentry","category-politica","tag-dividendos","tag-imposto-de-renda","tag-paulo-guedes"],"yoast_head":"<!-- This site is optimized with the Yoast SEO plugin v24.4 - https:\/\/yoast.com\/wordpress\/plugins\/seo\/ -->\n<title>Guedes atrela apoio a Refis \u00e0 reforma do IR com taxa\u00e7\u00e3o de dividendos<\/title>\n<meta name=\"description\" content=\"Paulo Guedes sinalizou a possibilidade de apoiar a aprova\u00e7\u00e3o do Refis com aprova\u00e7\u00e3o da IR que inclui taxa\u00e7\u00e3o de dividendos. Saiba mais.\" \/>\n<meta name=\"robots\" content=\"index, follow, max-snippet:-1, max-image-preview:large, max-video-preview:-1\" \/>\n<link rel=\"canonical\" href=\"https:\/\/www.suno.com.br\/noticias\/guedes-atrela-apoio-a-refis-a-aprovacao-de-reforma-do-ir-com-taxacao-de-dividendos\/\" \/>\n<meta property=\"og:locale\" content=\"pt_BR\" \/>\n<meta property=\"og:type\" content=\"article\" \/>\n<meta property=\"og:title\" content=\"Guedes atrela apoio a Refis \u00e0 reforma do IR com taxa\u00e7\u00e3o de dividendos\" \/>\n<meta property=\"og:description\" content=\"Paulo Guedes sinalizou a possibilidade de apoiar a aprova\u00e7\u00e3o do Refis com aprova\u00e7\u00e3o da IR que inclui taxa\u00e7\u00e3o de dividendos. Saiba mais.\" \/>\n<meta property=\"og:url\" content=\"https:\/\/www.suno.com.br\/noticias\/guedes-atrela-apoio-a-refis-a-aprovacao-de-reforma-do-ir-com-taxacao-de-dividendos\/\" \/>\n<meta property=\"og:site_name\" content=\"Suno Not\u00edcias\" \/>\n<meta property=\"article:publisher\" content=\"https:\/\/facebook.com\/sunoresearch\" \/>\n<meta property=\"og:image\" content=\"https:\/\/files.sunoresearch.com.br\/n\/uploads\/2021\/09\/paulo-guedes_mcamgo_abr_220720211818-5-scaled.jpg\" \/>\n\t<meta property=\"og:image:width\" content=\"2560\" \/>\n\t<meta property=\"og:image:height\" content=\"1707\" \/>\n\t<meta property=\"og:image:type\" content=\"image\/jpeg\" \/>\n<meta name=\"author\" content=\"Bruno Galv\u00e3o\" \/>\n<meta name=\"twitter:card\" content=\"summary_large_image\" \/>\n<meta name=\"twitter:creator\" content=\"@sunoresearch\" \/>\n<meta name=\"twitter:site\" content=\"@sunoresearch\" \/>\n<meta name=\"twitter:label1\" content=\"Escrito por\" \/>\n\t<meta name=\"twitter:data1\" content=\"Bruno Galv\u00e3o\" \/>\n\t<meta name=\"twitter:label2\" content=\"Est. tempo de leitura\" \/>\n\t<meta name=\"twitter:data2\" content=\"3 minutos\" \/>\n<script type=\"application\/ld+json\" class=\"yoast-schema-graph\">{\"@context\":\"https:\/\/schema.org\",\"@graph\":[{\"@type\":\"NewsArticle\",\"@id\":\"https:\/\/www.suno.com.br\/noticias\/guedes-atrela-apoio-a-refis-a-aprovacao-de-reforma-do-ir-com-taxacao-de-dividendos\/#article\",\"isPartOf\":{\"@id\":\"https:\/\/www.suno.com.br\/noticias\/guedes-atrela-apoio-a-refis-a-aprovacao-de-reforma-do-ir-com-taxacao-de-dividendos\/\"},\"author\":{\"name\":\"Bruno Galv\u00e3o\",\"@id\":\"https:\/\/www.suno.com.br\/noticias\/#\/schema\/person\/06f0d962a6b1c54852e4860f16935600\"},\"headline\":\"Guedes atrela apoio a Refis \u00e0 aprova\u00e7\u00e3o de reforma do IR com taxa\u00e7\u00e3o de dividendos\",\"datePublished\":\"2022-01-14T00:10:45+00:00\",\"mainEntityOfPage\":{\"@id\":\"https:\/\/www.suno.com.br\/noticias\/guedes-atrela-apoio-a-refis-a-aprovacao-de-reforma-do-ir-com-taxacao-de-dividendos\/\"},\"wordCount\":544,\"publisher\":{\"@id\":\"https:\/\/www.suno.com.br\/noticias\/#organization\"},\"image\":{\"@id\":\"https:\/\/www.suno.com.br\/noticias\/guedes-atrela-apoio-a-refis-a-aprovacao-de-reforma-do-ir-com-taxacao-de-dividendos\/#primaryimage\"},\"thumbnailUrl\":\"https:\/\/files.sunoresearch.com.br\/n\/uploads\/2021\/09\/paulo-guedes_mcamgo_abr_220720211818-5-scaled.jpg\",\"keywords\":[\"dividendos\",\"Imposto de Renda\",\"Paulo Guedes\"],\"articleSection\":[\"Pol\u00edtica\"],\"inLanguage\":\"pt-BR\"},{\"@type\":\"WebPage\",\"@id\":\"https:\/\/www.suno.com.br\/noticias\/guedes-atrela-apoio-a-refis-a-aprovacao-de-reforma-do-ir-com-taxacao-de-dividendos\/\",\"url\":\"https:\/\/www.suno.com.br\/noticias\/guedes-atrela-apoio-a-refis-a-aprovacao-de-reforma-do-ir-com-taxacao-de-dividendos\/\",\"name\":\"Guedes atrela apoio a Refis \u00e0 reforma do IR com taxa\u00e7\u00e3o de dividendos\",\"isPartOf\":{\"@id\":\"https:\/\/www.suno.com.br\/noticias\/#website\"},\"primaryImageOfPage\":{\"@id\":\"https:\/\/www.suno.com.br\/noticias\/guedes-atrela-apoio-a-refis-a-aprovacao-de-reforma-do-ir-com-taxacao-de-dividendos\/#primaryimage\"},\"image\":{\"@id\":\"https:\/\/www.suno.com.br\/noticias\/guedes-atrela-apoio-a-refis-a-aprovacao-de-reforma-do-ir-com-taxacao-de-dividendos\/#primaryimage\"},\"thumbnailUrl\":\"https:\/\/files.sunoresearch.com.br\/n\/uploads\/2021\/09\/paulo-guedes_mcamgo_abr_220720211818-5-scaled.jpg\",\"datePublished\":\"2022-01-14T00:10:45+00:00\",\"description\":\"Paulo Guedes sinalizou a possibilidade de apoiar a aprova\u00e7\u00e3o do Refis com aprova\u00e7\u00e3o da IR que inclui taxa\u00e7\u00e3o de dividendos. Saiba mais.\",\"breadcrumb\":{\"@id\":\"https:\/\/www.suno.com.br\/noticias\/guedes-atrela-apoio-a-refis-a-aprovacao-de-reforma-do-ir-com-taxacao-de-dividendos\/#breadcrumb\"},\"inLanguage\":\"pt-BR\",\"potentialAction\":[{\"@type\":\"ReadAction\",\"target\":[\"https:\/\/www.suno.com.br\/noticias\/guedes-atrela-apoio-a-refis-a-aprovacao-de-reforma-do-ir-com-taxacao-de-dividendos\/\"]}]},{\"@type\":\"ImageObject\",\"inLanguage\":\"pt-BR\",\"@id\":\"https:\/\/www.suno.com.br\/noticias\/guedes-atrela-apoio-a-refis-a-aprovacao-de-reforma-do-ir-com-taxacao-de-dividendos\/#primaryimage\",\"url\":\"https:\/\/files.sunoresearch.com.br\/n\/uploads\/2021\/09\/paulo-guedes_mcamgo_abr_220720211818-5-scaled.jpg\",\"contentUrl\":\"https:\/\/files.sunoresearch.com.br\/n\/uploads\/2021\/09\/paulo-guedes_mcamgo_abr_220720211818-5-scaled.jpg\",\"width\":2560,\"height\":1707,\"caption\":\"Foto: Marcelo Camargo \/Ag\u00eancia Brasil\"},{\"@type\":\"BreadcrumbList\",\"@id\":\"https:\/\/www.suno.com.br\/noticias\/guedes-atrela-apoio-a-refis-a-aprovacao-de-reforma-do-ir-com-taxacao-de-dividendos\/#breadcrumb\",\"itemListElement\":[{\"@type\":\"ListItem\",\"position\":1,\"name\":\"Not\u00edcias\",\"item\":\"https:\/\/www.suno.com.br\/noticias\/\"},{\"@type\":\"ListItem\",\"position\":2,\"name\":\"Pol\u00edtica\",\"item\":\"https:\/\/www.suno.com.br\/noticias\/politica\/\"},{\"@type\":\"ListItem\",\"position\":3,\"name\":\"Guedes atrela apoio a Refis \u00e0 aprova\u00e7\u00e3o de reforma do IR com taxa\u00e7\u00e3o de dividendos\"}]},{\"@type\":\"WebSite\",\"@id\":\"https:\/\/www.suno.com.br\/noticias\/#website\",\"url\":\"https:\/\/www.suno.com.br\/noticias\/\",\"name\":\"Suno Not\u00edcias\",\"description\":\"Seu portal de informa\u00e7\u00e3o sobre o mundo dos investimentos\",\"publisher\":{\"@id\":\"https:\/\/www.suno.com.br\/noticias\/#organization\"},\"potentialAction\":[{\"@type\":\"SearchAction\",\"target\":{\"@type\":\"EntryPoint\",\"urlTemplate\":\"https:\/\/www.suno.com.br\/noticias\/?s={search_term_string}\"},\"query-input\":{\"@type\":\"PropertyValueSpecification\",\"valueRequired\":true,\"valueName\":\"search_term_string\"}}],\"inLanguage\":\"pt-BR\"},{\"@type\":\"Organization\",\"@id\":\"https:\/\/www.suno.com.br\/noticias\/#organization\",\"name\":\"Suno Not\u00edcias\",\"url\":\"https:\/\/www.suno.com.br\/noticias\/\",\"logo\":{\"@type\":\"ImageObject\",\"inLanguage\":\"pt-BR\",\"@id\":\"https:\/\/www.suno.com.br\/noticias\/#\/schema\/logo\/image\/\",\"url\":\"https:\/\/files.sunoresearch.com.br\/n\/uploads\/2021\/09\/suno-logo.png\",\"contentUrl\":\"https:\/\/files.sunoresearch.com.br\/n\/uploads\/2021\/09\/suno-logo.png\",\"width\":180,\"height\":180,\"caption\":\"Suno Not\u00edcias\"},\"image\":{\"@id\":\"https:\/\/www.suno.com.br\/noticias\/#\/schema\/logo\/image\/\"},\"sameAs\":[\"https:\/\/facebook.com\/sunoresearch\",\"https:\/\/x.com\/sunoresearch\",\"https:\/\/www.instagram.com\/suno\",\"https:\/\/www.linkedin.com\/company\/suno-research\/\",\"https:\/\/www.youtube.com\/c\/sunoresearch\"]},{\"@type\":\"Person\",\"@id\":\"https:\/\/www.suno.com.br\/noticias\/#\/schema\/person\/06f0d962a6b1c54852e4860f16935600\",\"name\":\"Bruno Galv\u00e3o\",\"image\":{\"@type\":\"ImageObject\",\"inLanguage\":\"pt-BR\",\"@id\":\"https:\/\/www.suno.com.br\/noticias\/#\/schema\/person\/image\/\",\"url\":\"https:\/\/secure.gravatar.com\/avatar\/53598df0b41c00f12f287a912d0e918e?s=96&r=g\",\"contentUrl\":\"https:\/\/secure.gravatar.com\/avatar\/53598df0b41c00f12f287a912d0e918e?s=96&r=g\",\"caption\":\"Bruno Galv\u00e3o\"},\"description\":\"Escreve para o portal Suno Not\u00edcias. \u00c9 estudante de Jornalismo pela Faculdade C\u00e1sper L\u00edbero e Letras pela USP. Entusiasta de tecnologia e intelig\u00eancia artificial.\",\"url\":\"https:\/\/www.suno.com.br\/noticias\/author\/bruno-garcia\/\"}]}<\/script>\n<!-- \/ Yoast SEO plugin. -->","yoast_head_json":{"title":"Guedes atrela apoio a Refis \u00e0 reforma do IR com taxa\u00e7\u00e3o de dividendos","description":"Paulo Guedes sinalizou a possibilidade de apoiar a aprova\u00e7\u00e3o do Refis com aprova\u00e7\u00e3o da IR que inclui taxa\u00e7\u00e3o de dividendos. Saiba mais.","robots":{"index":"index","follow":"follow","max-snippet":"max-snippet:-1","max-image-preview":"max-image-preview:large","max-video-preview":"max-video-preview:-1"},"canonical":"https:\/\/www.suno.com.br\/noticias\/guedes-atrela-apoio-a-refis-a-aprovacao-de-reforma-do-ir-com-taxacao-de-dividendos\/","og_locale":"pt_BR","og_type":"article","og_title":"Guedes atrela apoio a Refis \u00e0 reforma do IR com taxa\u00e7\u00e3o de dividendos","og_description":"Paulo Guedes sinalizou a possibilidade de apoiar a aprova\u00e7\u00e3o do Refis com aprova\u00e7\u00e3o da IR que inclui taxa\u00e7\u00e3o de dividendos. Saiba mais.","og_url":"https:\/\/www.suno.com.br\/noticias\/guedes-atrela-apoio-a-refis-a-aprovacao-de-reforma-do-ir-com-taxacao-de-dividendos\/","og_site_name":"Suno Not\u00edcias","article_publisher":"https:\/\/facebook.com\/sunoresearch","og_image":[{"width":2560,"height":1707,"url":"https:\/\/files.sunoresearch.com.br\/n\/uploads\/2021\/09\/paulo-guedes_mcamgo_abr_220720211818-5-scaled.jpg","type":"image\/jpeg"}],"author":"Bruno Galv\u00e3o","twitter_card":"summary_large_image","twitter_creator":"@sunoresearch","twitter_site":"@sunoresearch","twitter_misc":{"Escrito por":"Bruno Galv\u00e3o","Est. tempo de leitura":"3 minutos"},"schema":{"@context":"https:\/\/schema.org","@graph":[{"@type":"NewsArticle","@id":"https:\/\/www.suno.com.br\/noticias\/guedes-atrela-apoio-a-refis-a-aprovacao-de-reforma-do-ir-com-taxacao-de-dividendos\/#article","isPartOf":{"@id":"https:\/\/www.suno.com.br\/noticias\/guedes-atrela-apoio-a-refis-a-aprovacao-de-reforma-do-ir-com-taxacao-de-dividendos\/"},"author":{"name":"Bruno Galv\u00e3o","@id":"https:\/\/www.suno.com.br\/noticias\/#\/schema\/person\/06f0d962a6b1c54852e4860f16935600"},"headline":"Guedes atrela apoio a Refis \u00e0 aprova\u00e7\u00e3o de reforma do IR com taxa\u00e7\u00e3o de dividendos","datePublished":"2022-01-14T00:10:45+00:00","mainEntityOfPage":{"@id":"https:\/\/www.suno.com.br\/noticias\/guedes-atrela-apoio-a-refis-a-aprovacao-de-reforma-do-ir-com-taxacao-de-dividendos\/"},"wordCount":544,"publisher":{"@id":"https:\/\/www.suno.com.br\/noticias\/#organization"},"image":{"@id":"https:\/\/www.suno.com.br\/noticias\/guedes-atrela-apoio-a-refis-a-aprovacao-de-reforma-do-ir-com-taxacao-de-dividendos\/#primaryimage"},"thumbnailUrl":"https:\/\/files.sunoresearch.com.br\/n\/uploads\/2021\/09\/paulo-guedes_mcamgo_abr_220720211818-5-scaled.jpg","keywords":["dividendos","Imposto de Renda","Paulo Guedes"],"articleSection":["Pol\u00edtica"],"inLanguage":"pt-BR"},{"@type":"WebPage","@id":"https:\/\/www.suno.com.br\/noticias\/guedes-atrela-apoio-a-refis-a-aprovacao-de-reforma-do-ir-com-taxacao-de-dividendos\/","url":"https:\/\/www.suno.com.br\/noticias\/guedes-atrela-apoio-a-refis-a-aprovacao-de-reforma-do-ir-com-taxacao-de-dividendos\/","name":"Guedes atrela apoio a Refis \u00e0 reforma do IR com taxa\u00e7\u00e3o de dividendos","isPartOf":{"@id":"https:\/\/www.suno.com.br\/noticias\/#website"},"primaryImageOfPage":{"@id":"https:\/\/www.suno.com.br\/noticias\/guedes-atrela-apoio-a-refis-a-aprovacao-de-reforma-do-ir-com-taxacao-de-dividendos\/#primaryimage"},"image":{"@id":"https:\/\/www.suno.com.br\/noticias\/guedes-atrela-apoio-a-refis-a-aprovacao-de-reforma-do-ir-com-taxacao-de-dividendos\/#primaryimage"},"thumbnailUrl":"https:\/\/files.sunoresearch.com.br\/n\/uploads\/2021\/09\/paulo-guedes_mcamgo_abr_220720211818-5-scaled.jpg","datePublished":"2022-01-14T00:10:45+00:00","description":"Paulo Guedes sinalizou a possibilidade de apoiar a aprova\u00e7\u00e3o do Refis com aprova\u00e7\u00e3o da IR que inclui taxa\u00e7\u00e3o de dividendos. Saiba mais.","breadcrumb":{"@id":"https:\/\/www.suno.com.br\/noticias\/guedes-atrela-apoio-a-refis-a-aprovacao-de-reforma-do-ir-com-taxacao-de-dividendos\/#breadcrumb"},"inLanguage":"pt-BR","potentialAction":[{"@type":"ReadAction","target":["https:\/\/www.suno.com.br\/noticias\/guedes-atrela-apoio-a-refis-a-aprovacao-de-reforma-do-ir-com-taxacao-de-dividendos\/"]}]},{"@type":"ImageObject","inLanguage":"pt-BR","@id":"https:\/\/www.suno.com.br\/noticias\/guedes-atrela-apoio-a-refis-a-aprovacao-de-reforma-do-ir-com-taxacao-de-dividendos\/#primaryimage","url":"https:\/\/files.sunoresearch.com.br\/n\/uploads\/2021\/09\/paulo-guedes_mcamgo_abr_220720211818-5-scaled.jpg","contentUrl":"https:\/\/files.sunoresearch.com.br\/n\/uploads\/2021\/09\/paulo-guedes_mcamgo_abr_220720211818-5-scaled.jpg","width":2560,"height":1707,"caption":"Foto: Marcelo Camargo \/Ag\u00eancia Brasil"},{"@type":"BreadcrumbList","@id":"https:\/\/www.suno.com.br\/noticias\/guedes-atrela-apoio-a-refis-a-aprovacao-de-reforma-do-ir-com-taxacao-de-dividendos\/#breadcrumb","itemListElement":[{"@type":"ListItem","position":1,"name":"Not\u00edcias","item":"https:\/\/www.suno.com.br\/noticias\/"},{"@type":"ListItem","position":2,"name":"Pol\u00edtica","item":"https:\/\/www.suno.com.br\/noticias\/politica\/"},{"@type":"ListItem","position":3,"name":"Guedes atrela apoio a Refis \u00e0 aprova\u00e7\u00e3o de reforma do IR com taxa\u00e7\u00e3o de dividendos"}]},{"@type":"WebSite","@id":"https:\/\/www.suno.com.br\/noticias\/#website","url":"https:\/\/www.suno.com.br\/noticias\/","name":"Suno Not\u00edcias","description":"Seu portal de informa\u00e7\u00e3o sobre o mundo dos investimentos","publisher":{"@id":"https:\/\/www.suno.com.br\/noticias\/#organization"},"potentialAction":[{"@type":"SearchAction","target":{"@type":"EntryPoint","urlTemplate":"https:\/\/www.suno.com.br\/noticias\/?s={search_term_string}"},"query-input":{"@type":"PropertyValueSpecification","valueRequired":true,"valueName":"search_term_string"}}],"inLanguage":"pt-BR"},{"@type":"Organization","@id":"https:\/\/www.suno.com.br\/noticias\/#organization","name":"Suno Not\u00edcias","url":"https:\/\/www.suno.com.br\/noticias\/","logo":{"@type":"ImageObject","inLanguage":"pt-BR","@id":"https:\/\/www.suno.com.br\/noticias\/#\/schema\/logo\/image\/","url":"https:\/\/files.sunoresearch.com.br\/n\/uploads\/2021\/09\/suno-logo.png","contentUrl":"https:\/\/files.sunoresearch.com.br\/n\/uploads\/2021\/09\/suno-logo.png","width":180,"height":180,"caption":"Suno Not\u00edcias"},"image":{"@id":"https:\/\/www.suno.com.br\/noticias\/#\/schema\/logo\/image\/"},"sameAs":["https:\/\/facebook.com\/sunoresearch","https:\/\/x.com\/sunoresearch","https:\/\/www.instagram.com\/suno","https:\/\/www.linkedin.com\/company\/suno-research\/","https:\/\/www.youtube.com\/c\/sunoresearch"]},{"@type":"Person","@id":"https:\/\/www.suno.com.br\/noticias\/#\/schema\/person\/06f0d962a6b1c54852e4860f16935600","name":"Bruno Galv\u00e3o","image":{"@type":"ImageObject","inLanguage":"pt-BR","@id":"https:\/\/www.suno.com.br\/noticias\/#\/schema\/person\/image\/","url":"https:\/\/secure.gravatar.com\/avatar\/53598df0b41c00f12f287a912d0e918e?s=96&r=g","contentUrl":"https:\/\/secure.gravatar.com\/avatar\/53598df0b41c00f12f287a912d0e918e?s=96&r=g","caption":"Bruno Galv\u00e3o"},"description":"Escreve para o portal Suno Not\u00edcias. \u00c9 estudante de Jornalismo pela Faculdade C\u00e1sper L\u00edbero e Letras pela USP. Entusiasta de tecnologia e intelig\u00eancia artificial.","url":"https:\/\/www.suno.com.br\/noticias\/author\/bruno-garcia\/"}]}},"default_loop_html":"<div class=\"cardsPage__listCard__boxs\"><div class=\"cardsPage__listCard__boxs__img\"><a href=\"https:\/\/www.suno.com.br\/noticias\/guedes-atrela-apoio-a-refis-a-aprovacao-de-reforma-do-ir-com-taxacao-de-dividendos\/\"><img class=\"mask\" src=\"https:\/\/www.suno.com.br\/noticias\/wp-content\/themes\/suno\/resources\/images\/spotlight\/spotlight1img\/bg-mask.png\" alt=\"Image Mask\"\/><img src=\"https:\/\/files.sunoresearch.com.br\/n\/uploads\/2021\/09\/paulo-guedes_mcamgo_abr_220720211818-5-400x200.jpg\" alt=\"Guedes atrela apoio a Refis \u00e0 aprova\u00e7\u00e3o de reforma do IR com taxa\u00e7\u00e3o de dividendos\"\/><\/a><span class=\"spotlightCategory\"><a href=\"https:\/\/www.suno.com.br\/noticias\/politica\/\">Pol\u00edtica<\/a><\/span><\/div><div class=\"cardsPage__listCard__boxs__content\"><a href=\"https:\/\/www.suno.com.br\/noticias\/guedes-atrela-apoio-a-refis-a-aprovacao-de-reforma-do-ir-com-taxacao-de-dividendos\/\"><h2 class=\"content__title\">Guedes atrela apoio a Refis \u00e0 aprova\u00e7\u00e3o de reforma do IR com taxa\u00e7\u00e3o de dividendos<\/h2><\/a><div class=\"newsContent__article__meta\"><div class=\"newsContent__article__meta__authorBox\"><a href=\"https:\/\/www.suno.com.br\/noticias\/author\/bruno-garcia\/\" class=\"authorBox__avatar noMobi\"><img src=\"https:\/\/secure.gravatar.com\/avatar\/53598df0b41c00f12f287a912d0e918e?s=96&#038;r=g\" alt=\"Bruno Galv\u00e3o\"><\/a><div class=\"authorBox__name\"><span>por\n\t\t\t<a href=\"https:\/\/www.suno.com.br\/noticias\/author\/bruno-garcia\/\"><span itemprop=\"author\">Bruno Galv\u00e3o<\/span><\/a><\/span><time datetime=\"2022-01-13T21:10:45-03:00\" itemprop=\"datePublished\">13\/01\/2022 21:10<\/time><\/div><\/div><\/div><\/div><\/div>","single_layout":"posts","amp_enabled":true,"_links":{"self":[{"href":"https:\/\/www.suno.com.br\/noticias\/wp-json\/wp\/v2\/posts\/221795"}],"collection":[{"href":"https:\/\/www.suno.com.br\/noticias\/wp-json\/wp\/v2\/posts"}],"about":[{"href":"https:\/\/www.suno.com.br\/noticias\/wp-json\/wp\/v2\/types\/post"}],"author":[{"embeddable":true,"href":"https:\/\/www.suno.com.br\/noticias\/wp-json\/wp\/v2\/users\/118"}],"replies":[{"embeddable":true,"href":"https:\/\/www.suno.com.br\/noticias\/wp-json\/wp\/v2\/comments?post=221795"}],"version-history":[{"count":4,"href":"https:\/\/www.suno.com.br\/noticias\/wp-json\/wp\/v2\/posts\/221795\/revisions"}],"predecessor-version":[{"id":221848,"href":"https:\/\/www.suno.com.br\/noticias\/wp-json\/wp\/v2\/posts\/221795\/revisions\/221848"}],"wp:featuredmedia":[{"embeddable":true,"href":"https:\/\/www.suno.com.br\/noticias\/wp-json\/wp\/v2\/media\/184305"}],"wp:attachment":[{"href":"https:\/\/www.suno.com.br\/noticias\/wp-json\/wp\/v2\/media?parent=221795"}],"wp:term":[{"taxonomy":"category","embeddable":true,"href":"https:\/\/www.suno.com.br\/noticias\/wp-json\/wp\/v2\/categories?post=221795"},{"taxonomy":"post_tag","embeddable":true,"href":"https:\/\/www.suno.com.br\/noticias\/wp-json\/wp\/v2\/tags?post=221795"},{"taxonomy":"suno_strategy","embeddable":true,"href":"https:\/\/www.suno.com.br\/noticias\/wp-json\/wp\/v2\/suno_strategy?post=221795"}],"curies":[{"name":"wp","href":"https:\/\/api.w.org\/{rel}","templated":true}]}}