{"id":22178,"date":"2019-04-25T09:17:57","date_gmt":"2019-04-25T12:17:57","guid":{"rendered":"https:\/\/www.suno.com.br\/noticias\/?p=22178"},"modified":"2019-04-25T09:31:33","modified_gmt":"2019-04-25T12:31:33","slug":"dolar-bate-4-reais-entenda","status":"publish","type":"post","link":"https:\/\/www.suno.com.br\/noticias\/dolar-bate-4-reais-entenda\/","title":{"rendered":"D\u00f3lar alcan\u00e7a R$ 4: entenda os quatro principais motivos"},"content":{"rendered":"<p>O d\u00f3lar atingiu os R$ 4 na abertura nesta quinta-feira (25) \u00e0 espera do andamento da <strong>reforma da Previd\u00eancia.<\/strong> O c\u00e2mbio tamb\u00e9m segue a alta no exterior.\u00a0\u00c0s 9h04, o d\u00f3lar avan\u00e7ava 0,45%, a R$ 4,0047.<\/p>\t<div class=\"wrapper-featured-image\">\n\t\t<figure class=\"spotlightImg\">\n\n\t\t\t<picture>\n\t\t\t\t<source media=\"(max-width: 768px)\" srcset=\"https:\/\/files.sunoresearch.com.br\/n\/uploads\/2019\/01\/ae3d8e13-d\u00f3lar-400x200.webp\">\n\t\t\t\t<img loading=\"lazy\" decoding=\"async\" class=\"newsContent__article__imgCapa lazyloadDisabled newsContent__article__imgCapa--noCaption\" src=\"https:\/\/files.sunoresearch.com.br\/n\/uploads\/2019\/01\/ae3d8e13-d\u00f3lar-800x450.webp\" width=\"800\" height=\"450\" alt=\"D\u00f3lar alcan\u00e7a R$ 4: entenda os quatro principais motivos\" fetchpriority=high \/>\n\t\t\t<\/picture>\n\n\t\t\t<figcaption class=\"wp-caption-text wp-caption-text--hide\">D\u00f3lar abre em queda atento ao coronav\u00edrus e a reuni\u00e3o do Fomc<\/figcaption>\n\t\t<\/figure>\n\t<\/div>\n\n\n<p>A moeda norte-americana voltou a alcan\u00e7ar esse n\u00edvel de c\u00e2mbio desde 28 de mar\u00e7o, quando encostou R$ 4 na abertura do preg\u00e3o. Um crescimento na cota\u00e7\u00e3o gerado por uma s\u00e9rie de raz\u00f5es, internas e internacionais.<\/p>\n<p>Confira os principais motivos para o <strong>d\u00f3lar<\/strong> ter ultrapassado a cota\u00e7\u00e3o de R$ 4:<\/p>\n<ul>\n<li><strong>Reforma da Previd\u00eancia;<\/strong><\/li>\n<li><strong>PIB do Brasil;<\/strong><\/li>\n<li><strong>D\u00e9ficit prim\u00e1rio;<\/strong><\/li>\n<li><strong>Economia dos EUA.<\/strong><\/li>\n<\/ul>\n<div class=\"mc-column content-text active-extra-styles \" data-block-type=\"unstyled\" data-block-weight=\"54\" data-block-id=\"6\">\n<p class=\"content-text__container \" data-track-category=\"Link no Texto\" data-track-links=\"\">Na quarta-feira (24), a moeda norte-americana avan\u00e7ou 1,66%, e foi negociada a R$ 3,9862. Na m\u00e1xima do dia, chegou a R$ 3,9932. A \u00faltima vez que o <strong>d\u00f3lar<\/strong> fechou acima deste patamar foi na semana das <strong>elei\u00e7\u00f5es de 2018.<\/strong> Em 1 de outubro do ano passado, a moeda era vendida a R$4,01.<\/p>\n<p class=\"content-text__container \" data-track-category=\"Link no Texto\" data-track-links=\"\"><span style=\"font-size: 1.21429rem;\">Nesta semana, o <strong>d\u00f3lar<\/strong> j\u00e1 acumula alta de 1,49%. J\u00e1 em abril, sobe 1,82% e, no ano, 2,89%.<\/span><\/p>\n<\/div>\n<h2>PIB do Brasil<\/h2>\n<p>O principal motivo para a valoriza\u00e7\u00e3o do <strong>d\u00f3lar<\/strong> no mercado interno \u00e9 a baixa expectativa de<strong> crescimento econ\u00f4mico<\/strong> brasileiro em <strong>2019<\/strong>.<\/p>\n<p>O <a href=\"https:\/\/www.suno.com.br\/artigos\/relatorio-focus\/\">Boletim Focus<\/a> divulgado na \u00faltima segunda-feira (22) reduziu a previs\u00e3o do <strong>crescimento<\/strong> do\u00a0<a href=\"https:\/\/www.suno.com.br\/artigos\/pib-produto-interno-bruto\/\">Produto Interno Bruto<\/a> (<strong>PIB<\/strong>) do <strong>Brasil<\/strong> pela oitava vez seguida.<\/p>\n<p>De uma expans\u00e3o de 1,95% prevista na segunda-feira (15), a expectativa para o <strong>PIB brasileiro<\/strong> em <strong>2019<\/strong> caiu para 1,71%. No primeiro boletim do ano, a previs\u00e3o era de\u00a02,53%.<\/p>\n<p>O <strong>Relat\u00f3rio Focus<\/strong> \u00e9 elaborado toda semana pelo <a href=\"https:\/\/www.suno.com.br\/artigos\/bacen\/\">Banco Central<\/a> (BC), com base nas proje\u00e7\u00f5es de analistas de mais de 100 institui\u00e7\u00f5es financeiras.<\/p>\n<p>Al\u00e9m do relat\u00f3rio compilado pelo <strong>BC<\/strong>, outras institui\u00e7\u00f5es reduziram a proje\u00e7\u00e3o do crescimento do <strong>PIB<\/strong> para o fim de <strong>2019<\/strong>:<\/p>\n<ul>\n<li><strong><a href=\"https:\/\/www.suno.com.br\/artigos\/fmi\/\">Fundo Monet\u00e1rio Internacional<\/a> (FMI):<\/strong> em 9 de abril, a proje\u00e7\u00e3o do PIB foi reduzida de 2,5% para 2,1%.<\/li>\n<li><strong>Comiss\u00e3o Econ\u00f4mica para a Am\u00e9rica Latina e o Caribe (Cepal):<\/strong> em 11 de abril, a comiss\u00e3o reduziu a previs\u00e3o de 2% para 1,8%.<\/li>\n<li><strong>Ita\u00fa Unibanco (ITUB4):<\/strong> em 12 de abril, a equipe liderada pelo economista-chefe do banco, M\u00e1rio Mesquita, reduziu a expectativa para de 2% para 1,3%.<\/li>\n<\/ul>\n<p>Por fim, no \u00faltimo dia 15, o <strong>minist\u00e9rio da Economia<\/strong> realizou pesquisa com analistas do mercado para projetar o <strong>PIB<\/strong> de acordo com o que pode ocorrer na tramita\u00e7\u00e3o da Proposta de Emenda Constitucional (PEC) da <strong>reforma da Previd\u00eancia<\/strong>:<\/p>\n<ul>\n<li>com a aprova\u00e7\u00e3o da <strong>reforma da Previd\u00eancia:<\/strong> crescimento de\u00a02,10%;<\/li>\n<li>sem a aprova\u00e7\u00e3o da <strong>reforma da Previd\u00eancia:<\/strong> crescimento de\u00a01%;<\/li>\n<li>com a aprova\u00e7\u00e3o parcial da <strong>reforma da Previd\u00eancia:<\/strong> crescimento de\u00a01,95%.<\/li>\n<\/ul>\n<p>[optin-monster-shortcode id=&#8221;npkxlwaleraa8psvnego&#8221;]<\/p>\n<h2>Reforma da Previd\u00eancia<\/h2>\n<p>O segundo motivo, principal pauta que interfere nas proje\u00e7\u00f5es do <strong>PIB<\/strong> do Brasil, \u00e9 a <strong>Reforma da Previd\u00eancia<\/strong>.<\/p>\n<p>A tramita\u00e7\u00e3o do texto da <strong>reforma da Previd\u00eancia<\/strong> \u00e9 um dos fatores principais que estimula a <strong>volatilidade<\/strong> da moeda no cen\u00e1rio dom\u00e9stico.<\/p>\n<p>O parecer da <strong>PEC<\/strong>\u00a0da <strong>reforma previdenci\u00e1ria<\/strong> foi aprovado na noite da \u00faltima ter\u00e7a-feira (23) na Comiss\u00e3o de Constitui\u00e7\u00e3o e Justi\u00e7a e de Cidadania (<strong>CCJ<\/strong>).<\/p>\n<p>Contudo, cr\u00edticos da<strong> reforma da Previd\u00eancia<\/strong>, concentrados e liderados pelo &#8220;Centr\u00e3o&#8221;, pediram, e obtiveram, a retirada de quatro pontos:<\/p>\n<ul>\n<li>Fim do\u00a0Fundo de Garantia do Tempo de Servi\u00e7o (<strong>FGTS<\/strong>) para aposentados que trabalham;<\/li>\n<li>Possibilidade de alterar a idade de aposentadoria compuls\u00f3ria de ministros do Supremo Tribunal Federal (STF);<\/li>\n<li>Mudan\u00e7a no foro para julgamento de a\u00e7\u00f5es contra o Instituto Nacional do Seguro Social (INSS);<\/li>\n<li>Exclusividade do Executivo de enviar proposta para alterar o regime previdenci\u00e1rio.<\/li>\n<\/ul>\n<p><a href=\"https:\/\/www.suno.com.br\/noticias\/maia-comissao-especial-reforma-da-previdencia\/\">Saiba mais &#8211;\u00a0Reforma da Previd\u00eancia: Maia cria comiss\u00e3o especial para discutir proposta\u00a0<\/a><\/p>\n<p>Assim, os pontos foram retirados do parecer do relator e a <strong>vota\u00e7\u00e3o<\/strong> aprovou a continuidade da tramita\u00e7\u00e3o do texto.\u00a0O presidente da C\u00e2mara, deputado <strong>Rodrigo Maia<\/strong> (DEM) criou na quarta-feira (24) a <strong>comiss\u00e3o especial,\u00a0<\/strong>pr\u00f3xima etapa de an\u00e1lise da proposta.<\/p>\n<p>A <strong>comiss\u00e3o,<\/strong> prevista para ser instalada nesta quinta, contar\u00e1 com 68 <strong>deputados,<\/strong> 34 titulares e 34 suplentes. Ser\u00e1 definido tamb\u00e9m os parlamentares integrantes e o presidente.<\/p>\n<p>Entretanto, o mercado percebe que as concess\u00f5es do governo &#8220;queimaram gordura&#8221;, deixando agora o <strong>governo<\/strong> sem margem de manobra para negociar com <strong>deputados.<\/strong><\/p>\n<p>Al\u00e9m de o mercado enxergar fraqueza do Executivo na tramita\u00e7\u00e3o da <strong>PEC<\/strong>,\u00a0outros fatores anteriores tamb\u00e9m foram negativos na vis\u00e3o dos investidores no caso da <strong>tramita\u00e7\u00e3o<\/strong> da reforma.<\/p>\n<p>Pois, a passagem da <strong>reforma Previdenci\u00e1ria<\/strong> no Congresso est\u00e1 mais lenta do que o esperado. Confira abaixo os principais fatos que retardaram a tramita\u00e7\u00e3o do texto:<\/p>\n<ul>\n<li><strong>Maia x Bolsonaro;<\/strong><\/li>\n<li><strong>e Paulo Guedes na CCJ.<\/strong><\/li>\n<\/ul>\n<h2><strong>Maia x Bolsonaro<\/strong><\/h2>\n<p>No fim de mar\u00e7o, o chefe da C\u00e2mara Federal, <strong>Rodrigo Maia<\/strong> (DEM) e o presidente da Rep\u00fablica,<strong> Jair Bolsonaro<\/strong> (PSL), trocaram farpas referentes \u00e0 articula\u00e7\u00e3o da <strong>reforma da Previd\u00eancia.<\/strong><\/p>\n<p>At\u00e9 aquele momento, o deputado era o principal articulador da &#8220;<strong>Nova Previd\u00eancia<\/strong>&#8220;. Este foi o apelido que o<strong>\u00a0Minist\u00e9rio da Economia<\/strong> deu ao texto, para diferenci\u00e1-lo da proposta da gest\u00e3o do ex-presidente Michel Temer (MDB).<\/p>\n<p><strong>Bolsonaro<\/strong>, que foi eleito ap\u00f3s uma campanha eleitoral na qual criticava a &#8220;<strong>velha pol\u00edtica<\/strong>&#8220;, encontrou-se sem aliados para formar maioria no Congresso. E delegou a tarefa \u00e0 <strong>Maia<\/strong>, que come\u00e7ou a criticar a aparente postura de distanciamento da pauta do presidente da Rep\u00fablica.<\/p>\n<p>O pesselista abertamente tem argumentos contra a pr\u00e1tica jornalista. E utiliza sua conta do Twitter como principal meio de comunica\u00e7\u00e3o com a popula\u00e7\u00e3o brasileira.<\/p>\n<p>Segundo levantamento do &#8220;Poder360&#8221;, dos 326 tweets que <strong>Bolsonaro<\/strong> publicou entre 1\u00ba de janeiro e 4 mar\u00e7o, apenas seis citavam o termo &#8220;<strong>Previd\u00eancia<\/strong>&#8220;.<\/p>\n<p><strong>Bolsonaro<\/strong>, que at\u00e9 o conflito n\u00e3o tinha tido reuni\u00e3o com l\u00edderes de partidos para conquistar aliados no Parlamento, recebeu uma dura cr\u00edtica de <strong>Maia<\/strong>.<\/p>\n<p>O chefe dos deputados chegou a citar dados de desemprego ao criticar o presidente, em 27 de mar\u00e7o: \u201cs\u00e3o 12 milh\u00f5es de desempregados, 15 milh\u00f5es de brasileiros vivendo abaixo da linha da pobreza e o presidente [Bolsonaro] brincando de presidir o Brasil&#8221;.<\/p>\n<p>No dia seguinte \u00e0 fala de Maia, o <strong>d\u00f3lar<\/strong> abriu o preg\u00e3o batendo R$ 4.<\/p>\n<p><a href=\"https:\/\/www.suno.com.br\/noticias\/guedes-atritos-ccj-deputados-bolsa-cai\/\">Saiba mais &#8211;\u00a0Guedes tem atritos com deputados; em paralelo, Bolsa cai quase 1%\u00a0<\/a><\/p>\n<h2><strong>Paulo Guedes na CCJ<\/strong><\/h2>\n<p>Em 3 de abril deste ano, o ministro da Economia, <a href=\"https:\/\/www.suno.com.br\/tudo-sobre\/paulo-guedes\/\"><strong>Paulo Guedes<\/strong><\/a>, aceitou o convite e participou de uma sess\u00e3o da <strong>CCJ<\/strong> com os deputados. O objetivo do encontro era debater e explicar o texto da <strong>Nova Previd\u00eancia\u00a0<\/strong>na Casa.<\/p>\n<p>Entretanto, <strong>Guedes<\/strong>, economista liberal visto com bons olhos pelo <strong>mercado financeiro<\/strong>, perdeu a calma e tamb\u00e9m trocou farpas com os parlamentares.<\/p>\n<p>Na data, o <a href=\"https:\/\/www.suno.com.br\/artigos\/ibovespa\/\">Ibovespa<\/a>, \u00edndice acion\u00e1rio da\u00a0<strong><a href=\"https:\/\/www.suno.com.br\/artigos\/b3\/\">B3<\/a><\/strong> (Brasil, Bolsa, Balc\u00e3o), caiu quase 1% com o atrito pol\u00edtico. Em paralelo, o <strong>d\u00f3lar\u00a0<\/strong>subiu 2,273% e a moeda encerrou cotada a R$ 3,9545 na venda.<\/p>\n<p>O ministro tomou consci\u00eancia das consequ\u00eancias das farpas e afirmou: \u201cCometi um erro s\u00e9rio aqui, eu tentei responder a uma coloca\u00e7\u00e3o da deputada Gleisi [Hoffmann]. Me aconselharam para n\u00e3o reagir. Mas quis ser atencioso. Eu sou muito respeitoso. Os senhores t\u00eam muita familiaridade com esse ambiente e eu n\u00e3o. Os senhores poderiam ter um pouco de aten\u00e7\u00e3o comigo e entender que eu posso cometer erros [&#8230;] Cometi o erro de interagir. Quando fiz isso, voc\u00eas transformaram isso em outra coisa\u201d, disse <strong>Guedes<\/strong>.<\/p>\n<p>Logo antes do encerramento da sess\u00e3o,\u00a0Zeca Dirceu (PT) acusou <strong>Guedes<\/strong> de ser \u201c<strong>tigr\u00e3o<\/strong>\u201d para reduzir aposentadorias de trabalhadores e \u201c<strong>tchutchuca<\/strong>\u201d para alterar privil\u00e9gios de ricos e banqueiros.<\/p>\n<p>O <strong>ministro da Economia<\/strong> novamente perdeu a calma, e respondeu que tchutchucas eram \u201ca m\u00e3e e a av\u00f3\u201d do deputado.<\/p>\n\t<p>\n\t\t<a href=\"https:\/\/lp.suno.com.br\/ao\/cadastro-whatsapp\/?utm_source=sunoresearch&#038;utm_medium=banner.sidebar&#038;utm_campaign=_SNC1787C4C9_\" target=\"_blank\" data-element=\"shortcode-suno-banner\" title=\"Banner SUNO, clique e saiba mais\">\n\t\t\t<picture>\n\t\t\t\t<source media=\"(max-width: 500px)\" srcset=\"https:\/\/files.sunoresearch.com.br\/n\/uploads\/2024\/09\/wpp-suno.png\">\n\t\t\t\t<img class=\"newsContent__article__imgCapa newsContent__article__imgCapa--banner\"\n\t\t\t\t\tsrc=\"https:\/\/files.sunoresearch.com.br\/n\/uploads\/2024\/09\/wpp-suno.png\"\n\t\t\t\t\tdata-promo-id=\"574195\"\t\t\t\t\t\t\t\t\t\twidth='360' height='98'\t\t\t\t\talt=\"https:\/\/files.sunoresearch.com.br\/n\/uploads\/2024\/09\/wpp-suno.png\"\n\t\t\t\t>\n\t\t\t<\/picture>\n\t\t<\/a>\n\t<\/p>\n\n\n<h2>D\u00e9ficit prim\u00e1rio<\/h2>\n<p>O terceiro motivo de desconfian\u00e7a na economia brasileira est\u00e1 no <strong>d\u00e9ficit prim\u00e1rio<\/strong>.<\/p>\n<p>A equipe econ\u00f4mica estipulou em R$ 124,1 bilh\u00f5es a meta de <a href=\"https:\/\/www.suno.com.br\/artigos\/deficit-primario\/\">d\u00e9ficit prim\u00e1rio<\/a> para o governo central no ano de 2020. A informa\u00e7\u00e3o consta no projeto de<strong> Lei de Diretrizes Or\u00e7ament\u00e1rias<\/strong> (LDO) de 2020, que foi enviada ao Congresso Nacional em 15 de abril.<\/p>\n<p>Na <strong>LDO<\/strong> referente a 2019, a meta do d\u00e9ficit prim\u00e1rio para 2020 fixada foi de R$ 110 bilh\u00f5es. A cada ano o projeto da lei \u00e9 enviado aos parlamentares, contendo as proje\u00e7\u00f5es de d\u00e9ficit e super\u00e1vit para os pr\u00f3ximos tr\u00eas anos.<\/p>\n<p>Na proposta da <strong>LDO<\/strong> de 2020 foi alterada a meta de <a href=\"https:\/\/www.suno.com.br\/artigos\/superavit-primario\/\">super\u00e1vit prim\u00e1rio<\/a> dos estados e dos munic\u00edpios. De R$ 14 bilh\u00f5es para R$ 9 bilh\u00f5es. O <strong>super\u00e1vit prim\u00e1rio<\/strong> \u00e9 o resultado positivo\u00a0desconsiderando os juros da d\u00edvida p\u00fablica.<\/p>\n<p>Para os pr\u00f3ximos anos, confira as estimativas de d\u00e9ficit prim\u00e1rio. Na compara\u00e7\u00e3o entre o projeto da LDO de 2020 e a lei de 2019:<\/p>\n<ul>\n<li>2021: R$ 68,5 bilh\u00f5es no projeto de 2020, contra R$ 68,5 bilh\u00f5es em 2019.<\/li>\n<li>2022: R$ 31,4 bilh\u00f5es (consta apenas no projeto de 2020).<\/li>\n<\/ul>\n<p><a href=\"https:\/\/www.suno.com.br\/noticias\/eua-china-negociacoes-pequim\/\">Saiba mais &#8211;\u00a0Estados Unidos e China voltar\u00e3o a negociar a partir da pr\u00f3xima semana<\/a><\/p>\n<h2>Economia dos EUA<\/h2>\n<p>Por fim, o quarto e \u00faltimo motivo que interfere na valoriza\u00e7\u00e3o do <strong>d\u00f3lar<\/strong> no Brasil \u00e9 o <strong>crescimento econ\u00f4mico<\/strong> dos Estados Unidos da Am\u00e9rica (<strong>EUA<\/strong>).<\/p>\n<p>No in\u00edcio deste ano, o mercado financeiro apresentava postura mais conservadora e de avers\u00e3o ao risco. Isto devido \u00e0 cautela com a<strong> desacelera\u00e7\u00e3o econ\u00f4mica<\/strong> global.<\/p>\n<p>Todavia, principalmente em abril, os<strong> Estados Unidos<\/strong> contornaram o pessimismo. O fato ocorreu na apresenta\u00e7\u00e3o de dados que confortaram os investidores. E resgataram o apoio da maior economia do mundo em tratar-se do <strong>PIB<\/strong>.<\/p>\n<p>Deste modo, com a maior economia do mundo mostrando ind\u00edcios de retorno ao ponto de ebuli\u00e7\u00e3o, o <strong>d\u00f3lar<\/strong> \u00e9 valorizado no cen\u00e1rio dom\u00e9stico brasileiro.<\/p>\n<p>Confira abaixo os principais fatos que motivaram a alta de confian\u00e7a na economia norte-americana:<\/p>\n<ul>\n<li>PIB de 2018;<\/li>\n<li>cria\u00e7\u00e3o de emprego em mar\u00e7o de 2019;<\/li>\n<li>guerra comercial: China x EUA;<\/li>\n<li>e taxa b\u00e1sica de juros est\u00e1vel.<\/li>\n<\/ul>\n<h2><strong>PIB<\/strong>\u00a0dos EUA em<strong>\u00a02018<\/strong><\/h2>\n<p>O\u00a0<strong>PIB<\/strong>\u00a0norte-americano apresentou desacelera\u00e7\u00e3o no quarto trimestre de <strong>2018<\/strong>. Com crescimento de 2,2%, conforme corre\u00e7\u00e3o divulgada no in\u00edcio de abril pelo <strong>Departamento de Com\u00e9rcio<\/strong> norte-americano (U.S. Department of Commerce), contra 3,4% no terceiro trimestre.<\/p>\n<p>Contudo, o <strong>PIB<\/strong> dos 12 meses de 2018 foi de 2,9%. Houve acelera\u00e7\u00e3o econ\u00f4mica na compara\u00e7\u00e3o com o <strong>PIB<\/strong> de 2017 (2,2%). Al\u00e9m do resultado ter ficado pr\u00f3ximo da meta estabelecida pelo governo do presidente <strong>Donald Trump<\/strong>: 3%.<\/p>\n<h2><strong>Cria\u00e7\u00e3o de emprego em mar\u00e7o de 2019<\/strong><\/h2>\n<p>No m\u00eas passado, houve cria\u00e7\u00e3o de 196 mil <strong>postos de trabalho<\/strong> fora da \u00e1rea rural no pa\u00eds de <strong>Trump<\/strong>. A informa\u00e7\u00e3o tamb\u00e9m foi divulgada pelo\u00a0<strong>Departamento de Com\u00e9rcio<\/strong> dos <strong>EUA<\/strong>.<\/p>\n<p>A previs\u00e3o de analistas da ag\u00eancia &#8220;Reuters&#8221; era de 180 mil novos postos de trabalho.<\/p>\n<p>Contra o resultado revisado de fevereiro, de 33 mil novas vagas, o crescimento \u00e9 n\u00edtido. No segundo m\u00eas deste ano, os EUA tiveram a pior cria\u00e7\u00e3o de <strong>empregos<\/strong> desde setembro de 2017. A proje\u00e7\u00e3o para o m\u00eas era de 180 mil novas vagas.<\/p>\n<p>Em janeiro, os novos postos de trabalho atingiram o total de 304 mil. A expectativa geral do mercado girou em torno de 165 mil vagas criadas.<\/p>\n\t<p>\n\t\t<a href=\"https:\/\/lp.suno.com.br\/ao\/cadastro-whatsapp\/?utm_source=sunoresearch&#038;utm_medium=banner.sidebar&#038;utm_campaign=_SNC1787C4C9_\" target=\"_blank\" data-element=\"shortcode-suno-banner\" title=\"Banner SUNO, clique e saiba mais\">\n\t\t\t<picture>\n\t\t\t\t<source media=\"(max-width: 500px)\" srcset=\"https:\/\/files.sunoresearch.com.br\/n\/uploads\/2024\/09\/wpp-suno.png\">\n\t\t\t\t<img class=\"newsContent__article__imgCapa newsContent__article__imgCapa--banner\"\n\t\t\t\t\tsrc=\"https:\/\/files.sunoresearch.com.br\/n\/uploads\/2024\/09\/wpp-suno.png\"\n\t\t\t\t\tdata-promo-id=\"574195\"\t\t\t\t\t\t\t\t\t\twidth='360' height='98'\t\t\t\t\talt=\"https:\/\/files.sunoresearch.com.br\/n\/uploads\/2024\/09\/wpp-suno.png\"\n\t\t\t\t>\n\t\t\t<\/picture>\n\t\t<\/a>\n\t<\/p>\n\n\n<h2><strong>Guerra comercial: China x EUA<\/strong><\/h2>\n<p>As negocia\u00e7\u00f5es para encerrar o conflito econ\u00f4mico entre a <strong>China<\/strong> e os <strong>EUA<\/strong> avan\u00e7aram no primeiro trimestre deste ano. Tais avan\u00e7os para conter a <a href=\"https:\/\/www.suno.com.br\/artigos\/guerra-comercial\/\"><strong>guerra comercial<\/strong><\/a> perduram neste segundo trimestre.<\/p>\n<p>Na pr\u00f3xima semana, o representante de <strong>Com\u00e9rcio<\/strong> dos <strong>EUA<\/strong>, Robert Lighthizer, e o secret\u00e1rio do <strong>Tesouro<\/strong> norte-americano, Steven Mnuchin, ir\u00e3o \u00e0 Pequim para uma nova rodada de negocia\u00e7\u00e3o comercial.<\/p>\n<p>Ambos encontrar\u00e3o o\u00a0vice-primeiro-ministro chin\u00eas, Liu He, a partir do dia 30. Enquanto a partir do dia 8 de maio, ser\u00e1 a vez de He viajar \u00e0 Washington.<\/p>\n<p>Dentre os pontos de negocia\u00e7\u00e3o do acordo, est\u00e3o:<\/p>\n<ul>\n<li>transfer\u00eancia for\u00e7ada de tecnologia e roubo cibern\u00e9tico;<\/li>\n<li>direitos de propriedade intelectual;<\/li>\n<li>servi\u00e7os;<\/li>\n<li>c\u00e2mbio;<\/li>\n<li>agricultura;<\/li>\n<li>e barreiras n\u00e3o-tarif\u00e1rias ao com\u00e9rcio.<\/li>\n<\/ul>\n<h2><strong>Taxa b\u00e1sica de juros est\u00e1vel<\/strong><\/h2>\n<p>A <a href=\"https:\/\/www.suno.com.br\/artigos\/politica-monetaria\/\">pol\u00edtica monet\u00e1ria<\/a> dos <strong>Estados Unidos<\/strong>\u00a0segue bem. O \u00f3rg\u00e3o respons\u00e1vel pela manuten\u00e7\u00e3o da taxa b\u00e1sica de juros, o\u00a0<a href=\"https:\/\/www.suno.com.br\/artigos\/fomc\/\">Federal Open Market Committee<\/a> (Fomc), decidiu manter em 30 de mar\u00e7o os juros b\u00e1sicos na faixa de 2,25% a 2,5%.<\/p>\n<p>O <strong>Fomc,<\/strong> do <a href=\"https:\/\/www.suno.com.br\/artigos\/fed\/\">Federal Reserve<\/a> (Fed), \u00e9 semelhante ao <a href=\"https:\/\/www.suno.com.br\/artigos\/copom\/\">Comit\u00ea de Pol\u00edtica Monet\u00e1ria<\/a> (Copom), do BC do Brasil.<\/p>\n\t<p>\n\t\t<a href=\"https:\/\/www.seculus.com.br\/blackfriday\" target=\"_blank\" data-element=\"shortcode-suno-banner\" title=\"Banner SUNO, clique e saiba mais\">\n\t\t\t<picture>\n\t\t\t\t<source media=\"(max-width: 500px)\" srcset=\"https:\/\/files.sunoresearch.com.br\/n\/uploads\/2023\/11\/seculus_suno_mobile_2.jpg\">\n\t\t\t\t<img class=\"newsContent__article__imgCapa newsContent__article__imgCapa--banner\"\n\t\t\t\t\tsrc=\"https:\/\/files.sunoresearch.com.br\/n\/uploads\/2023\/11\/seculus_suno_desktop_2.jpg\"\n\t\t\t\t\tdata-promo-id=\"474123\"\t\t\t\t\t\t\t\t\t\twidth='1420' height='240'\t\t\t\t\talt=\"https:\/\/files.sunoresearch.com.br\/n\/uploads\/2023\/11\/seculus_suno_desktop_2.jpg\"\n\t\t\t\t>\n\t\t\t<\/picture>\n\t\t<\/a>\n\t<\/p>\n\n\n","protected":false},"excerpt":{"rendered":"<p>O d\u00f3lar atingiu os R$ 4 na abertura nesta quinta-feira (25) \u00e0 espera do andamento da reforma da Previd\u00eancia. O c\u00e2mbio tamb\u00e9m segue a alta no exterior.\u00a0\u00c0s 9h04, o d\u00f3lar avan\u00e7ava 0,45%, a R$ 4,0047. D\u00f3lar abre em queda atento ao coronav\u00edrus e a reuni\u00e3o do Fomc A moeda norte-americana voltou a alcan\u00e7ar esse n\u00edvel [&hellip;]<\/p>\n","protected":false},"author":12,"featured_media":13447,"comment_status":"closed","ping_status":"closed","sticky":false,"template":"","format":"standard","meta":[],"categories":[60],"tags":[326,940],"suno_strategy":[],"class_list":["post-22178","post","type-post","status-publish","format-standard","has-post-thumbnail","hentry","category-mercado","tag-dolar","tag-reforma-da-previdencia"],"yoast_head":"<!-- This site is optimized with the Yoast SEO plugin v24.4 - https:\/\/yoast.com\/wordpress\/plugins\/seo\/ -->\n<title>D\u00f3lar alcan\u00e7a R$ 4: entenda os quatro principais motivos<\/title>\n<meta name=\"description\" content=\"Confira os quatro principais motivos que estimularam a subida do d\u00f3lar, e facilitaram que a moeda norte-americana alcan\u00e7asse R$ 4.\" \/>\n<meta name=\"robots\" content=\"index, follow, max-snippet:-1, max-image-preview:large, max-video-preview:-1\" \/>\n<link rel=\"canonical\" href=\"https:\/\/www.suno.com.br\/noticias\/dolar-bate-4-reais-entenda\/\" \/>\n<meta property=\"og:locale\" content=\"pt_BR\" \/>\n<meta property=\"og:type\" content=\"article\" \/>\n<meta property=\"og:title\" content=\"D\u00f3lar alcan\u00e7a R$ 4: entenda os quatro principais motivos\" \/>\n<meta property=\"og:description\" content=\"Confira os quatro principais motivos que estimularam a subida do d\u00f3lar, e facilitaram que a moeda norte-americana alcan\u00e7asse R$ 4.\" \/>\n<meta property=\"og:url\" content=\"https:\/\/www.suno.com.br\/noticias\/dolar-bate-4-reais-entenda\/\" \/>\n<meta property=\"og:site_name\" content=\"Suno Not\u00edcias\" \/>\n<meta property=\"article:publisher\" content=\"https:\/\/facebook.com\/sunoresearch\" \/>\n<meta property=\"og:image\" content=\"https:\/\/files.sunoresearch.com.br\/n\/uploads\/2019\/01\/ae3d8e13-d\u00f3lar.jpg\" \/>\n\t<meta property=\"og:image:width\" content=\"1024\" \/>\n\t<meta property=\"og:image:height\" content=\"660\" \/>\n\t<meta property=\"og:image:type\" content=\"image\/jpeg\" \/>\n<meta name=\"author\" content=\"Amanda Gushiken\" \/>\n<meta name=\"twitter:card\" content=\"summary_large_image\" \/>\n<meta name=\"twitter:creator\" content=\"@sunoresearch\" \/>\n<meta name=\"twitter:site\" content=\"@sunoresearch\" \/>\n<meta name=\"twitter:label1\" content=\"Escrito por\" \/>\n\t<meta name=\"twitter:data1\" content=\"Amanda Gushiken\" \/>\n\t<meta name=\"twitter:label2\" content=\"Est. tempo de leitura\" \/>\n\t<meta name=\"twitter:data2\" content=\"10 minutos\" \/>\n<script type=\"application\/ld+json\" class=\"yoast-schema-graph\">{\"@context\":\"https:\/\/schema.org\",\"@graph\":[{\"@type\":\"NewsArticle\",\"@id\":\"https:\/\/www.suno.com.br\/noticias\/dolar-bate-4-reais-entenda\/#article\",\"isPartOf\":{\"@id\":\"https:\/\/www.suno.com.br\/noticias\/dolar-bate-4-reais-entenda\/\"},\"author\":{\"name\":\"Amanda Gushiken\",\"@id\":\"https:\/\/www.suno.com.br\/noticias\/#\/schema\/person\/a5b06fa4e879d8e8e119c6ed3cd630d1\"},\"headline\":\"D\u00f3lar alcan\u00e7a R$ 4: entenda os quatro principais motivos\",\"datePublished\":\"2019-04-25T12:17:57+00:00\",\"dateModified\":\"2019-04-25T12:31:33+00:00\",\"mainEntityOfPage\":{\"@id\":\"https:\/\/www.suno.com.br\/noticias\/dolar-bate-4-reais-entenda\/\"},\"wordCount\":2096,\"publisher\":{\"@id\":\"https:\/\/www.suno.com.br\/noticias\/#organization\"},\"image\":{\"@id\":\"https:\/\/www.suno.com.br\/noticias\/dolar-bate-4-reais-entenda\/#primaryimage\"},\"thumbnailUrl\":\"https:\/\/files.sunoresearch.com.br\/n\/uploads\/2019\/01\/ae3d8e13-d\u00f3lar-jpg.webp\",\"keywords\":[\"d\u00f3lar\",\"Reforma da Previd\u00eancia\"],\"articleSection\":[\"Mercado\"],\"inLanguage\":\"pt-BR\"},{\"@type\":\"WebPage\",\"@id\":\"https:\/\/www.suno.com.br\/noticias\/dolar-bate-4-reais-entenda\/\",\"url\":\"https:\/\/www.suno.com.br\/noticias\/dolar-bate-4-reais-entenda\/\",\"name\":\"D\u00f3lar alcan\u00e7a R$ 4: entenda os quatro principais motivos\",\"isPartOf\":{\"@id\":\"https:\/\/www.suno.com.br\/noticias\/#website\"},\"primaryImageOfPage\":{\"@id\":\"https:\/\/www.suno.com.br\/noticias\/dolar-bate-4-reais-entenda\/#primaryimage\"},\"image\":{\"@id\":\"https:\/\/www.suno.com.br\/noticias\/dolar-bate-4-reais-entenda\/#primaryimage\"},\"thumbnailUrl\":\"https:\/\/files.sunoresearch.com.br\/n\/uploads\/2019\/01\/ae3d8e13-d\u00f3lar-jpg.webp\",\"datePublished\":\"2019-04-25T12:17:57+00:00\",\"dateModified\":\"2019-04-25T12:31:33+00:00\",\"description\":\"Confira os quatro principais motivos que estimularam a subida do d\u00f3lar, e facilitaram que a moeda norte-americana alcan\u00e7asse R$ 4.\",\"breadcrumb\":{\"@id\":\"https:\/\/www.suno.com.br\/noticias\/dolar-bate-4-reais-entenda\/#breadcrumb\"},\"inLanguage\":\"pt-BR\",\"potentialAction\":[{\"@type\":\"ReadAction\",\"target\":[\"https:\/\/www.suno.com.br\/noticias\/dolar-bate-4-reais-entenda\/\"]}]},{\"@type\":\"ImageObject\",\"inLanguage\":\"pt-BR\",\"@id\":\"https:\/\/www.suno.com.br\/noticias\/dolar-bate-4-reais-entenda\/#primaryimage\",\"url\":\"https:\/\/files.sunoresearch.com.br\/n\/uploads\/2019\/01\/ae3d8e13-d\u00f3lar-jpg.webp\",\"contentUrl\":\"https:\/\/files.sunoresearch.com.br\/n\/uploads\/2019\/01\/ae3d8e13-d\u00f3lar-jpg.webp\",\"width\":1024,\"height\":660,\"caption\":\"D\u00f3lar abre em queda atento ao coronav\u00edrus e a reuni\u00e3o do Fomc\"},{\"@type\":\"BreadcrumbList\",\"@id\":\"https:\/\/www.suno.com.br\/noticias\/dolar-bate-4-reais-entenda\/#breadcrumb\",\"itemListElement\":[{\"@type\":\"ListItem\",\"position\":1,\"name\":\"Not\u00edcias\",\"item\":\"https:\/\/www.suno.com.br\/noticias\/\"},{\"@type\":\"ListItem\",\"position\":2,\"name\":\"Mercado\",\"item\":\"https:\/\/www.suno.com.br\/noticias\/mercado\/\"},{\"@type\":\"ListItem\",\"position\":3,\"name\":\"D\u00f3lar alcan\u00e7a R$ 4: entenda os quatro principais motivos\"}]},{\"@type\":\"WebSite\",\"@id\":\"https:\/\/www.suno.com.br\/noticias\/#website\",\"url\":\"https:\/\/www.suno.com.br\/noticias\/\",\"name\":\"Suno Not\u00edcias\",\"description\":\"Seu portal de informa\u00e7\u00e3o sobre o mundo dos investimentos\",\"publisher\":{\"@id\":\"https:\/\/www.suno.com.br\/noticias\/#organization\"},\"potentialAction\":[{\"@type\":\"SearchAction\",\"target\":{\"@type\":\"EntryPoint\",\"urlTemplate\":\"https:\/\/www.suno.com.br\/noticias\/?s={search_term_string}\"},\"query-input\":{\"@type\":\"PropertyValueSpecification\",\"valueRequired\":true,\"valueName\":\"search_term_string\"}}],\"inLanguage\":\"pt-BR\"},{\"@type\":\"Organization\",\"@id\":\"https:\/\/www.suno.com.br\/noticias\/#organization\",\"name\":\"Suno Not\u00edcias\",\"url\":\"https:\/\/www.suno.com.br\/noticias\/\",\"logo\":{\"@type\":\"ImageObject\",\"inLanguage\":\"pt-BR\",\"@id\":\"https:\/\/www.suno.com.br\/noticias\/#\/schema\/logo\/image\/\",\"url\":\"https:\/\/files.sunoresearch.com.br\/n\/uploads\/2021\/09\/suno-logo.png\",\"contentUrl\":\"https:\/\/files.sunoresearch.com.br\/n\/uploads\/2021\/09\/suno-logo.png\",\"width\":180,\"height\":180,\"caption\":\"Suno Not\u00edcias\"},\"image\":{\"@id\":\"https:\/\/www.suno.com.br\/noticias\/#\/schema\/logo\/image\/\"},\"sameAs\":[\"https:\/\/facebook.com\/sunoresearch\",\"https:\/\/x.com\/sunoresearch\",\"https:\/\/www.instagram.com\/suno\",\"https:\/\/www.linkedin.com\/company\/suno-research\/\",\"https:\/\/www.youtube.com\/c\/sunoresearch\"]},{\"@type\":\"Person\",\"@id\":\"https:\/\/www.suno.com.br\/noticias\/#\/schema\/person\/a5b06fa4e879d8e8e119c6ed3cd630d1\",\"name\":\"Amanda Gushiken\",\"image\":{\"@type\":\"ImageObject\",\"inLanguage\":\"pt-BR\",\"@id\":\"https:\/\/www.suno.com.br\/noticias\/#\/schema\/person\/image\/\",\"url\":\"https:\/\/secure.gravatar.com\/avatar\/ecd84705e6b65e3685ae80d725501fbe?s=96&r=g\",\"contentUrl\":\"https:\/\/secure.gravatar.com\/avatar\/ecd84705e6b65e3685ae80d725501fbe?s=96&r=g\",\"caption\":\"Amanda Gushiken\"},\"description\":\"Amanda Sayuri Gushiken escreve sobre finan\u00e7as e neg\u00f3cios para o portal Suno Not\u00edcias. Antes, trabalhou selecionando not\u00edcias da imprensa para clientes do mercado financeiro. Tamb\u00e9m desenvolveu pesquisa acad\u00eamica pela Universidade Anhembi Morumbi na \u00e1rea de Teorias da Comunica\u00e7\u00e3o e \u00e9 fot\u00f3grafa nas horas vagas.\",\"url\":\"https:\/\/www.suno.com.br\/noticias\/author\/amanda\/\"}]}<\/script>\n<!-- \/ Yoast SEO plugin. -->","yoast_head_json":{"title":"D\u00f3lar alcan\u00e7a R$ 4: entenda os quatro principais motivos","description":"Confira os quatro principais motivos que estimularam a subida do d\u00f3lar, e facilitaram que a moeda norte-americana alcan\u00e7asse R$ 4.","robots":{"index":"index","follow":"follow","max-snippet":"max-snippet:-1","max-image-preview":"max-image-preview:large","max-video-preview":"max-video-preview:-1"},"canonical":"https:\/\/www.suno.com.br\/noticias\/dolar-bate-4-reais-entenda\/","og_locale":"pt_BR","og_type":"article","og_title":"D\u00f3lar alcan\u00e7a R$ 4: entenda os quatro principais motivos","og_description":"Confira os quatro principais motivos que estimularam a subida do d\u00f3lar, e facilitaram que a moeda norte-americana alcan\u00e7asse R$ 4.","og_url":"https:\/\/www.suno.com.br\/noticias\/dolar-bate-4-reais-entenda\/","og_site_name":"Suno Not\u00edcias","article_publisher":"https:\/\/facebook.com\/sunoresearch","og_image":[{"width":1024,"height":660,"url":"https:\/\/files.sunoresearch.com.br\/n\/uploads\/2019\/01\/ae3d8e13-d\u00f3lar.jpg","type":"image\/jpeg"}],"author":"Amanda Gushiken","twitter_card":"summary_large_image","twitter_creator":"@sunoresearch","twitter_site":"@sunoresearch","twitter_misc":{"Escrito por":"Amanda Gushiken","Est. tempo de leitura":"10 minutos"},"schema":{"@context":"https:\/\/schema.org","@graph":[{"@type":"NewsArticle","@id":"https:\/\/www.suno.com.br\/noticias\/dolar-bate-4-reais-entenda\/#article","isPartOf":{"@id":"https:\/\/www.suno.com.br\/noticias\/dolar-bate-4-reais-entenda\/"},"author":{"name":"Amanda Gushiken","@id":"https:\/\/www.suno.com.br\/noticias\/#\/schema\/person\/a5b06fa4e879d8e8e119c6ed3cd630d1"},"headline":"D\u00f3lar alcan\u00e7a R$ 4: entenda os quatro principais motivos","datePublished":"2019-04-25T12:17:57+00:00","dateModified":"2019-04-25T12:31:33+00:00","mainEntityOfPage":{"@id":"https:\/\/www.suno.com.br\/noticias\/dolar-bate-4-reais-entenda\/"},"wordCount":2096,"publisher":{"@id":"https:\/\/www.suno.com.br\/noticias\/#organization"},"image":{"@id":"https:\/\/www.suno.com.br\/noticias\/dolar-bate-4-reais-entenda\/#primaryimage"},"thumbnailUrl":"https:\/\/files.sunoresearch.com.br\/n\/uploads\/2019\/01\/ae3d8e13-d\u00f3lar-jpg.webp","keywords":["d\u00f3lar","Reforma da Previd\u00eancia"],"articleSection":["Mercado"],"inLanguage":"pt-BR"},{"@type":"WebPage","@id":"https:\/\/www.suno.com.br\/noticias\/dolar-bate-4-reais-entenda\/","url":"https:\/\/www.suno.com.br\/noticias\/dolar-bate-4-reais-entenda\/","name":"D\u00f3lar alcan\u00e7a R$ 4: entenda os quatro principais motivos","isPartOf":{"@id":"https:\/\/www.suno.com.br\/noticias\/#website"},"primaryImageOfPage":{"@id":"https:\/\/www.suno.com.br\/noticias\/dolar-bate-4-reais-entenda\/#primaryimage"},"image":{"@id":"https:\/\/www.suno.com.br\/noticias\/dolar-bate-4-reais-entenda\/#primaryimage"},"thumbnailUrl":"https:\/\/files.sunoresearch.com.br\/n\/uploads\/2019\/01\/ae3d8e13-d\u00f3lar-jpg.webp","datePublished":"2019-04-25T12:17:57+00:00","dateModified":"2019-04-25T12:31:33+00:00","description":"Confira os quatro principais motivos que estimularam a subida do d\u00f3lar, e facilitaram que a moeda norte-americana alcan\u00e7asse R$ 4.","breadcrumb":{"@id":"https:\/\/www.suno.com.br\/noticias\/dolar-bate-4-reais-entenda\/#breadcrumb"},"inLanguage":"pt-BR","potentialAction":[{"@type":"ReadAction","target":["https:\/\/www.suno.com.br\/noticias\/dolar-bate-4-reais-entenda\/"]}]},{"@type":"ImageObject","inLanguage":"pt-BR","@id":"https:\/\/www.suno.com.br\/noticias\/dolar-bate-4-reais-entenda\/#primaryimage","url":"https:\/\/files.sunoresearch.com.br\/n\/uploads\/2019\/01\/ae3d8e13-d\u00f3lar-jpg.webp","contentUrl":"https:\/\/files.sunoresearch.com.br\/n\/uploads\/2019\/01\/ae3d8e13-d\u00f3lar-jpg.webp","width":1024,"height":660,"caption":"D\u00f3lar abre em queda atento ao coronav\u00edrus e a reuni\u00e3o do Fomc"},{"@type":"BreadcrumbList","@id":"https:\/\/www.suno.com.br\/noticias\/dolar-bate-4-reais-entenda\/#breadcrumb","itemListElement":[{"@type":"ListItem","position":1,"name":"Not\u00edcias","item":"https:\/\/www.suno.com.br\/noticias\/"},{"@type":"ListItem","position":2,"name":"Mercado","item":"https:\/\/www.suno.com.br\/noticias\/mercado\/"},{"@type":"ListItem","position":3,"name":"D\u00f3lar alcan\u00e7a R$ 4: entenda os quatro principais motivos"}]},{"@type":"WebSite","@id":"https:\/\/www.suno.com.br\/noticias\/#website","url":"https:\/\/www.suno.com.br\/noticias\/","name":"Suno Not\u00edcias","description":"Seu portal de informa\u00e7\u00e3o sobre o mundo dos investimentos","publisher":{"@id":"https:\/\/www.suno.com.br\/noticias\/#organization"},"potentialAction":[{"@type":"SearchAction","target":{"@type":"EntryPoint","urlTemplate":"https:\/\/www.suno.com.br\/noticias\/?s={search_term_string}"},"query-input":{"@type":"PropertyValueSpecification","valueRequired":true,"valueName":"search_term_string"}}],"inLanguage":"pt-BR"},{"@type":"Organization","@id":"https:\/\/www.suno.com.br\/noticias\/#organization","name":"Suno Not\u00edcias","url":"https:\/\/www.suno.com.br\/noticias\/","logo":{"@type":"ImageObject","inLanguage":"pt-BR","@id":"https:\/\/www.suno.com.br\/noticias\/#\/schema\/logo\/image\/","url":"https:\/\/files.sunoresearch.com.br\/n\/uploads\/2021\/09\/suno-logo.png","contentUrl":"https:\/\/files.sunoresearch.com.br\/n\/uploads\/2021\/09\/suno-logo.png","width":180,"height":180,"caption":"Suno Not\u00edcias"},"image":{"@id":"https:\/\/www.suno.com.br\/noticias\/#\/schema\/logo\/image\/"},"sameAs":["https:\/\/facebook.com\/sunoresearch","https:\/\/x.com\/sunoresearch","https:\/\/www.instagram.com\/suno","https:\/\/www.linkedin.com\/company\/suno-research\/","https:\/\/www.youtube.com\/c\/sunoresearch"]},{"@type":"Person","@id":"https:\/\/www.suno.com.br\/noticias\/#\/schema\/person\/a5b06fa4e879d8e8e119c6ed3cd630d1","name":"Amanda Gushiken","image":{"@type":"ImageObject","inLanguage":"pt-BR","@id":"https:\/\/www.suno.com.br\/noticias\/#\/schema\/person\/image\/","url":"https:\/\/secure.gravatar.com\/avatar\/ecd84705e6b65e3685ae80d725501fbe?s=96&r=g","contentUrl":"https:\/\/secure.gravatar.com\/avatar\/ecd84705e6b65e3685ae80d725501fbe?s=96&r=g","caption":"Amanda Gushiken"},"description":"Amanda Sayuri Gushiken escreve sobre finan\u00e7as e neg\u00f3cios para o portal Suno Not\u00edcias. Antes, trabalhou selecionando not\u00edcias da imprensa para clientes do mercado financeiro. Tamb\u00e9m desenvolveu pesquisa acad\u00eamica pela Universidade Anhembi Morumbi na \u00e1rea de Teorias da Comunica\u00e7\u00e3o e \u00e9 fot\u00f3grafa nas horas vagas.","url":"https:\/\/www.suno.com.br\/noticias\/author\/amanda\/"}]}},"default_loop_html":"<div class=\"cardsPage__listCard__boxs\"><div class=\"cardsPage__listCard__boxs__img\"><a href=\"https:\/\/www.suno.com.br\/noticias\/dolar-bate-4-reais-entenda\/\"><img class=\"mask\" src=\"https:\/\/www.suno.com.br\/noticias\/wp-content\/themes\/suno\/resources\/images\/spotlight\/spotlight1img\/bg-mask.png\" alt=\"Image Mask\"\/><img src=\"https:\/\/files.sunoresearch.com.br\/n\/uploads\/2019\/01\/ae3d8e13-d\u00f3lar-400x200.webp\" alt=\"D\u00f3lar alcan\u00e7a R$ 4: entenda os quatro principais motivos\"\/><\/a><span class=\"spotlightCategory\"><a href=\"https:\/\/www.suno.com.br\/noticias\/mercado\/\">Mercado<\/a><\/span><\/div><div class=\"cardsPage__listCard__boxs__content\"><a href=\"https:\/\/www.suno.com.br\/noticias\/dolar-bate-4-reais-entenda\/\"><h2 class=\"content__title\">D\u00f3lar alcan\u00e7a R$ 4: entenda os quatro principais motivos<\/h2><\/a><div class=\"newsContent__article__meta\"><div class=\"newsContent__article__meta__authorBox\"><a href=\"https:\/\/www.suno.com.br\/noticias\/author\/amanda\/\" class=\"authorBox__avatar noMobi\"><img src=\"https:\/\/files.sunoresearch.com.br\/n\/uploads\/2018\/11\/c6ad30be-amanda-150x150.webp\" alt=\"Amanda Gushiken\"><\/a><div class=\"authorBox__name\"><span>por\n\t\t\t<a href=\"https:\/\/www.suno.com.br\/noticias\/author\/amanda\/\"><span itemprop=\"author\">Amanda Gushiken<\/span><\/a><\/span><time datetime=\"2019-04-25T09:17:57-03:00\" itemprop=\"datePublished\">25\/04\/2019 09:17<\/time><\/div><\/div><\/div><\/div><\/div>","single_layout":"posts","amp_enabled":true,"_links":{"self":[{"href":"https:\/\/www.suno.com.br\/noticias\/wp-json\/wp\/v2\/posts\/22178"}],"collection":[{"href":"https:\/\/www.suno.com.br\/noticias\/wp-json\/wp\/v2\/posts"}],"about":[{"href":"https:\/\/www.suno.com.br\/noticias\/wp-json\/wp\/v2\/types\/post"}],"author":[{"embeddable":true,"href":"https:\/\/www.suno.com.br\/noticias\/wp-json\/wp\/v2\/users\/12"}],"replies":[{"embeddable":true,"href":"https:\/\/www.suno.com.br\/noticias\/wp-json\/wp\/v2\/comments?post=22178"}],"version-history":[{"count":0,"href":"https:\/\/www.suno.com.br\/noticias\/wp-json\/wp\/v2\/posts\/22178\/revisions"}],"wp:featuredmedia":[{"embeddable":true,"href":"https:\/\/www.suno.com.br\/noticias\/wp-json\/wp\/v2\/media\/13447"}],"wp:attachment":[{"href":"https:\/\/www.suno.com.br\/noticias\/wp-json\/wp\/v2\/media?parent=22178"}],"wp:term":[{"taxonomy":"category","embeddable":true,"href":"https:\/\/www.suno.com.br\/noticias\/wp-json\/wp\/v2\/categories?post=22178"},{"taxonomy":"post_tag","embeddable":true,"href":"https:\/\/www.suno.com.br\/noticias\/wp-json\/wp\/v2\/tags?post=22178"},{"taxonomy":"suno_strategy","embeddable":true,"href":"https:\/\/www.suno.com.br\/noticias\/wp-json\/wp\/v2\/suno_strategy?post=22178"}],"curies":[{"name":"wp","href":"https:\/\/api.w.org\/{rel}","templated":true}]}}