{"id":22165,"date":"2019-04-24T12:47:17","date_gmt":"2019-04-24T15:47:17","guid":{"rendered":"https:\/\/www.suno.com.br\/noticias\/?p=22165"},"modified":"2019-04-24T15:23:13","modified_gmt":"2019-04-24T18:23:13","slug":"pressao-caminhoneiros-governo-tabela-do-frete","status":"publish","type":"post","link":"https:\/\/www.suno.com.br\/noticias\/pressao-caminhoneiros-governo-tabela-do-frete\/","title":{"rendered":"Ap\u00f3s press\u00e3o de caminhoneiros, governo atualiza tabela do frete em 4,13%"},"content":{"rendered":"<p>Com press\u00e3o dos <strong>caminhoneiros,<\/strong>\u00a0o <strong>governo<\/strong> anunciou o reajuste da tabela do frete rodovi\u00e1rio. Os pre\u00e7os m\u00ednimos ter\u00e3o alta de 4,13%, segundo a <strong>Ag\u00eancia Nacional de Transportes Terrestres (ANTT)<\/strong>.<\/p>\t<div class=\"wrapper-featured-image\">\n\t\t<figure class=\"spotlightImg\">\n\n\t\t\t<picture>\n\t\t\t\t<source media=\"(max-width: 768px)\" srcset=\"https:\/\/files.sunoresearch.com.br\/n\/uploads\/2019\/04\/3e34910d-caminh\u00e3o-400x200.webp\">\n\t\t\t\t<img loading=\"lazy\" decoding=\"async\" class=\"newsContent__article__imgCapa lazyloadDisabled newsContent__article__imgCapa--noCaption\" src=\"https:\/\/files.sunoresearch.com.br\/n\/uploads\/2019\/04\/3e34910d-caminh\u00e3o-800x450.webp\" width=\"800\" height=\"450\" alt=\"Ap\u00f3s press\u00e3o de caminhoneiros, governo atualiza tabela do frete em 4,13%\" fetchpriority=high \/>\n\t\t\t<\/picture>\n\n\t\t\t<figcaption class=\"wp-caption-text wp-caption-text--hide\">O CNTRC enviou of\u00edcio para a Presid\u00eancia da Rep\u00fablica notificando e avisando sobre a greve dos caminhoneiros.<\/figcaption>\n\t\t<\/figure>\n\t<\/div>\n\n\n<p>Os novos valores da <strong>tabela do frete<\/strong> foram publicados depois de uma reuni\u00e3o entre o ministro da Infraestrutura, <strong>Tarc\u00edsio de Freitas,<\/strong> e representantes dos <strong>caminhoneiros.<\/strong><\/p>\n<p>A medida j\u00e1 havia sido prometida \u00e0 categoria pelo <strong>governo<\/strong>\u00a0quando foi anunciado o aumento de R$ 0,10 no diesel. A fiscaliza\u00e7\u00e3o do cumprimento dos valores da <strong>tabela do frete<\/strong> tamb\u00e9m foi prometida aos <strong>caminhoneiros,<\/strong> que descartaram a possibilidade de uma nova <strong>greve.<\/strong><\/p>\n<p><a href=\"https:\/\/www.suno.com.br\/noticias\/greve-caminhoneiros-governo-acordo\/\">Saiba Mais: Greve dos caminhoneiros: governo faz acordo e evita paralisa\u00e7\u00e3o<\/a><\/p>\n<p>A altera\u00e7\u00e3o da <strong>tabela do frete<\/strong>\u00a0ocorreu depois que o <strong>diesel<\/strong> teve uma alta de 10,69% em compara\u00e7\u00e3o a janeiro. Pela lei, o reajuste deve acontecer sempre que o <strong>combust\u00edvel<\/strong> acumular uma alta de mais 10%.<\/p>\n\t<p>\n\t\t<a href=\"https:\/\/www.suno.com.br\/asset\/fundos\/suno-acoes-xp-seg-prev\/\" target=\"_blank\" data-element=\"shortcode-suno-banner\" title=\"Banner SUNO, clique e saiba mais\">\n\t\t\t<picture>\n\t\t\t\t<source media=\"(max-width: 500px)\" srcset=\"https:\/\/files.sunoresearch.com.br\/n\/uploads\/2023\/10\/SUNOPREV-400x300-Mobile-Artigos-3.png\">\n\t\t\t\t<img class=\"newsContent__article__imgCapa newsContent__article__imgCapa--banner\"\n\t\t\t\t\tsrc=\"https:\/\/files.sunoresearch.com.br\/n\/uploads\/2023\/10\/SUNOPREV-1420x240-Banner-Artigos-1-_-Banner-Materias-1.png\"\n\t\t\t\t\tdata-promo-id=\"476310\"\t\t\t\t\t\t\t\t\t\twidth='1420' height='240'\t\t\t\t\talt=\"https:\/\/files.sunoresearch.com.br\/n\/uploads\/2023\/10\/SUNOPREV-1420x240-Banner-Artigos-1-_-Banner-Materias-1.png\"\n\t\t\t\t>\n\t\t\t<\/picture>\n\t\t<\/a>\n\t<\/p>\n\n\n<p>Uma consulta p\u00fablica est\u00e1 em aberto para planejar a atualiza\u00e7\u00e3o de regras e a regulariza\u00e7\u00e3o da <strong>tabela do frete.<\/strong><\/p>\n<h2>Conten\u00e7\u00e3o da greve<\/h2>\n<p>A atualiza\u00e7\u00e3o da <strong>tabela do frete<\/strong> \u00e9 mais uma medida do governo <strong>Jair Bolsonaro\u00a0<\/strong>para tentar conter a insatisfa\u00e7\u00e3o dos <strong>caminhoneiros.<\/strong> A a\u00e7\u00e3o tem o objetivo de evitar uma nova <strong>paralisa\u00e7\u00e3o<\/strong> da categoria.<\/p>\n<p>Antes disso, o governo j\u00e1 havia\u00a0 barrado o aumento de 5,7% no pre\u00e7o do <strong>diesel<\/strong> anunciado pela <strong>Petrobras.<\/strong>\u00a0A medida gerou muitas cr\u00edticas e d\u00favidas sobre a possibilidade de interven\u00e7\u00e3o do <strong>governo<\/strong> nas empresas.<\/p>\n<p>A <strong>estatal<\/strong> sentiu as consequ\u00eancias da medida. As a\u00e7\u00f5es da <strong>Petrobras<\/strong> ca\u00edram mais de 8% com o pedido do presidente, o que resultou na perda de R$ 32 bilh\u00f5es em valor de mercado.<\/p>\n<h2>Pacote de medidas<\/h2>\n<p>Na \u00faltima semana, o <strong>governo<\/strong> anunciou a cria\u00e7\u00e3o de uma <strong>linha de cr\u00e9dito<\/strong> de at\u00e9 R$ 30 mil para <strong>caminhoneiros<\/strong> aut\u00f4nomos. O an\u00fancio foi feito pelo ministro da Casal Civil, <strong>Onyx Lorenzoni.<\/strong><\/p>\n<p><a href=\"https:\/\/www.suno.com.br\/noticias\/greve-caminhoneiros-governo-negocia\/\">Saiba Mais: Greve dos caminhoneiros: governo est\u00e1 \u201centre a cruz e a espada\u201d, diz ministro<\/a><\/p>\n<p>O cr\u00e9dito \u00e9 concedido aos <strong>caminhoneiros\u00a0<\/strong>aut\u00f4nomos\u00a0via <strong>Banco Nacional de Desenvolvimento Econ\u00f4mico e Social (BNDES).<\/strong><\/p>\n<p>No total, R$ 500 milh\u00f5es ser\u00e3o liberados nesta linha de cr\u00e9dito \u00e0 categoria. Inicialmente, os <strong>caminhoneiros<\/strong> podem buscar o valor atrav\u00e9s dos bancos p\u00fablicos, <strong>Banco do Brasil<\/strong> e <strong>Caixa Econ\u00f4mica Federal<\/strong>. Em um segundo momento, o valor ser\u00e1 liberado\u00a0 em outros bancos e cooperativas de cr\u00e9dito.<\/p>\n<p>S\u00f3 podem pegar o cr\u00e9dito <strong>caminhoneiros<\/strong> aut\u00f4nomos que tenha at\u00e9 dois <strong>caminh\u00f5es.<\/strong><\/p>\n<p><a href=\"https:\/\/www.suno.com.br\/noticias\/diesel-mais-barato-greve-dos-caminhoneiros\/\">Saiba Mais: Diesel est\u00e1 mais barato do que semanas antes da greve dos caminhoneiros<\/a><\/p>\n<p>Al\u00e9m do reajuste da <strong>tabela do frete<\/strong> e do cr\u00e9dito de financiamento para os <strong>caminhoneiros<\/strong>, vai ocorrer tamb\u00e9m o investimento de R$ 2 bilh\u00f5es em obras nas estradas. O objetivo \u00e9 a conclus\u00e3o de obras da BR-163, rodovia importante para a log\u00edstica da produ\u00e7\u00e3o agr\u00edcola da regi\u00e3o do Centro-Oeste.<\/p>\n<p>&nbsp;<\/p>\n","protected":false},"excerpt":{"rendered":"<p>Com press\u00e3o dos caminhoneiros,\u00a0o governo anunciou o reajuste da tabela do frete rodovi\u00e1rio. Os pre\u00e7os m\u00ednimos ter\u00e3o alta de 4,13%, segundo a Ag\u00eancia Nacional de Transportes Terrestres (ANTT). O CNTRC enviou of\u00edcio para a Presid\u00eancia da Rep\u00fablica notificando e avisando sobre a greve dos caminhoneiros. Os novos valores da tabela do frete foram publicados depois [&hellip;]<\/p>\n","protected":false},"author":16,"featured_media":22171,"comment_status":"closed","ping_status":"closed","sticky":false,"template":"","format":"standard","meta":[],"categories":[61],"tags":[859,833],"suno_strategy":[],"class_list":["post-22165","post","type-post","status-publish","format-standard","has-post-thumbnail","hentry","category-politica","tag-fretes","tag-greve-dos-caminhoneiros"],"yoast_head":"<!-- This site is optimized with the Yoast SEO plugin v24.4 - https:\/\/yoast.com\/wordpress\/plugins\/seo\/ -->\n<title>Ap\u00f3s press\u00e3o de caminhoneiros, governo atualiza tabela de frete<\/title>\n<meta name=\"description\" content=\"O reajuste da tabela do frete \u00e9 uma das medidas tomadas pelo governo para evitar uma nova paralisa\u00e7\u00e3o dos caminhoneiros. Saiba mais.\" \/>\n<meta name=\"robots\" content=\"index, follow, max-snippet:-1, max-image-preview:large, max-video-preview:-1\" \/>\n<link rel=\"canonical\" href=\"https:\/\/www.suno.com.br\/noticias\/pressao-caminhoneiros-governo-tabela-do-frete\/\" \/>\n<meta property=\"og:locale\" content=\"pt_BR\" \/>\n<meta property=\"og:type\" content=\"article\" \/>\n<meta property=\"og:title\" content=\"Ap\u00f3s press\u00e3o de caminhoneiros, governo atualiza tabela de frete\" \/>\n<meta property=\"og:description\" content=\"O reajuste da tabela do frete \u00e9 uma das medidas tomadas pelo governo para evitar uma nova paralisa\u00e7\u00e3o dos caminhoneiros. Saiba mais.\" \/>\n<meta property=\"og:url\" content=\"https:\/\/www.suno.com.br\/noticias\/pressao-caminhoneiros-governo-tabela-do-frete\/\" \/>\n<meta property=\"og:site_name\" content=\"Suno Not\u00edcias\" \/>\n<meta property=\"article:publisher\" content=\"https:\/\/facebook.com\/sunoresearch\" \/>\n<meta property=\"og:image\" content=\"https:\/\/files.sunoresearch.com.br\/n\/uploads\/2019\/04\/3e34910d-caminh\u00e3o.jpg\" \/>\n\t<meta property=\"og:image:width\" content=\"1920\" \/>\n\t<meta property=\"og:image:height\" content=\"1280\" \/>\n\t<meta property=\"og:image:type\" content=\"image\/jpeg\" \/>\n<meta name=\"author\" content=\"Beatriz Oliveira\" \/>\n<meta name=\"twitter:card\" content=\"summary_large_image\" \/>\n<meta name=\"twitter:creator\" content=\"@sunoresearch\" \/>\n<meta name=\"twitter:site\" content=\"@sunoresearch\" \/>\n<meta name=\"twitter:label1\" content=\"Escrito por\" \/>\n\t<meta name=\"twitter:data1\" content=\"Beatriz Oliveira\" \/>\n\t<meta name=\"twitter:label2\" content=\"Est. tempo de leitura\" \/>\n\t<meta name=\"twitter:data2\" content=\"2 minutos\" \/>\n<script type=\"application\/ld+json\" class=\"yoast-schema-graph\">{\"@context\":\"https:\/\/schema.org\",\"@graph\":[{\"@type\":\"NewsArticle\",\"@id\":\"https:\/\/www.suno.com.br\/noticias\/pressao-caminhoneiros-governo-tabela-do-frete\/#article\",\"isPartOf\":{\"@id\":\"https:\/\/www.suno.com.br\/noticias\/pressao-caminhoneiros-governo-tabela-do-frete\/\"},\"author\":{\"name\":\"Beatriz Oliveira\",\"@id\":\"https:\/\/www.suno.com.br\/noticias\/#\/schema\/person\/e67f665add014bf99f644028de070cc3\"},\"headline\":\"Ap\u00f3s press\u00e3o de caminhoneiros, governo atualiza tabela do frete em 4,13%\",\"datePublished\":\"2019-04-24T15:47:17+00:00\",\"dateModified\":\"2019-04-24T18:23:13+00:00\",\"mainEntityOfPage\":{\"@id\":\"https:\/\/www.suno.com.br\/noticias\/pressao-caminhoneiros-governo-tabela-do-frete\/\"},\"wordCount\":510,\"publisher\":{\"@id\":\"https:\/\/www.suno.com.br\/noticias\/#organization\"},\"image\":{\"@id\":\"https:\/\/www.suno.com.br\/noticias\/pressao-caminhoneiros-governo-tabela-do-frete\/#primaryimage\"},\"thumbnailUrl\":\"https:\/\/files.sunoresearch.com.br\/n\/uploads\/2019\/04\/3e34910d-caminh\u00e3o-jpg.webp\",\"keywords\":[\"fretes\",\"greve dos caminhoneiros\"],\"articleSection\":[\"Pol\u00edtica\"],\"inLanguage\":\"pt-BR\"},{\"@type\":\"WebPage\",\"@id\":\"https:\/\/www.suno.com.br\/noticias\/pressao-caminhoneiros-governo-tabela-do-frete\/\",\"url\":\"https:\/\/www.suno.com.br\/noticias\/pressao-caminhoneiros-governo-tabela-do-frete\/\",\"name\":\"Ap\u00f3s press\u00e3o de caminhoneiros, governo atualiza tabela de frete\",\"isPartOf\":{\"@id\":\"https:\/\/www.suno.com.br\/noticias\/#website\"},\"primaryImageOfPage\":{\"@id\":\"https:\/\/www.suno.com.br\/noticias\/pressao-caminhoneiros-governo-tabela-do-frete\/#primaryimage\"},\"image\":{\"@id\":\"https:\/\/www.suno.com.br\/noticias\/pressao-caminhoneiros-governo-tabela-do-frete\/#primaryimage\"},\"thumbnailUrl\":\"https:\/\/files.sunoresearch.com.br\/n\/uploads\/2019\/04\/3e34910d-caminh\u00e3o-jpg.webp\",\"datePublished\":\"2019-04-24T15:47:17+00:00\",\"dateModified\":\"2019-04-24T18:23:13+00:00\",\"description\":\"O reajuste da tabela do frete \u00e9 uma das medidas tomadas pelo governo para evitar uma nova paralisa\u00e7\u00e3o dos caminhoneiros. Saiba mais.\",\"breadcrumb\":{\"@id\":\"https:\/\/www.suno.com.br\/noticias\/pressao-caminhoneiros-governo-tabela-do-frete\/#breadcrumb\"},\"inLanguage\":\"pt-BR\",\"potentialAction\":[{\"@type\":\"ReadAction\",\"target\":[\"https:\/\/www.suno.com.br\/noticias\/pressao-caminhoneiros-governo-tabela-do-frete\/\"]}]},{\"@type\":\"ImageObject\",\"inLanguage\":\"pt-BR\",\"@id\":\"https:\/\/www.suno.com.br\/noticias\/pressao-caminhoneiros-governo-tabela-do-frete\/#primaryimage\",\"url\":\"https:\/\/files.sunoresearch.com.br\/n\/uploads\/2019\/04\/3e34910d-caminh\u00e3o-jpg.webp\",\"contentUrl\":\"https:\/\/files.sunoresearch.com.br\/n\/uploads\/2019\/04\/3e34910d-caminh\u00e3o-jpg.webp\",\"width\":1920,\"height\":1280,\"caption\":\"O CNTRC enviou of\u00edcio para a Presid\u00eancia da Rep\u00fablica notificando e avisando sobre a greve dos caminhoneiros.\"},{\"@type\":\"BreadcrumbList\",\"@id\":\"https:\/\/www.suno.com.br\/noticias\/pressao-caminhoneiros-governo-tabela-do-frete\/#breadcrumb\",\"itemListElement\":[{\"@type\":\"ListItem\",\"position\":1,\"name\":\"Not\u00edcias\",\"item\":\"https:\/\/www.suno.com.br\/noticias\/\"},{\"@type\":\"ListItem\",\"position\":2,\"name\":\"Pol\u00edtica\",\"item\":\"https:\/\/www.suno.com.br\/noticias\/politica\/\"},{\"@type\":\"ListItem\",\"position\":3,\"name\":\"Ap\u00f3s press\u00e3o de caminhoneiros, governo atualiza tabela do frete em 4,13%\"}]},{\"@type\":\"WebSite\",\"@id\":\"https:\/\/www.suno.com.br\/noticias\/#website\",\"url\":\"https:\/\/www.suno.com.br\/noticias\/\",\"name\":\"Suno Not\u00edcias\",\"description\":\"Seu portal de informa\u00e7\u00e3o sobre o mundo dos investimentos\",\"publisher\":{\"@id\":\"https:\/\/www.suno.com.br\/noticias\/#organization\"},\"potentialAction\":[{\"@type\":\"SearchAction\",\"target\":{\"@type\":\"EntryPoint\",\"urlTemplate\":\"https:\/\/www.suno.com.br\/noticias\/?s={search_term_string}\"},\"query-input\":{\"@type\":\"PropertyValueSpecification\",\"valueRequired\":true,\"valueName\":\"search_term_string\"}}],\"inLanguage\":\"pt-BR\"},{\"@type\":\"Organization\",\"@id\":\"https:\/\/www.suno.com.br\/noticias\/#organization\",\"name\":\"Suno Not\u00edcias\",\"url\":\"https:\/\/www.suno.com.br\/noticias\/\",\"logo\":{\"@type\":\"ImageObject\",\"inLanguage\":\"pt-BR\",\"@id\":\"https:\/\/www.suno.com.br\/noticias\/#\/schema\/logo\/image\/\",\"url\":\"https:\/\/files.sunoresearch.com.br\/n\/uploads\/2021\/09\/suno-logo.png\",\"contentUrl\":\"https:\/\/files.sunoresearch.com.br\/n\/uploads\/2021\/09\/suno-logo.png\",\"width\":180,\"height\":180,\"caption\":\"Suno Not\u00edcias\"},\"image\":{\"@id\":\"https:\/\/www.suno.com.br\/noticias\/#\/schema\/logo\/image\/\"},\"sameAs\":[\"https:\/\/facebook.com\/sunoresearch\",\"https:\/\/x.com\/sunoresearch\",\"https:\/\/www.instagram.com\/suno\",\"https:\/\/www.linkedin.com\/company\/suno-research\/\",\"https:\/\/www.youtube.com\/c\/sunoresearch\"]},{\"@type\":\"Person\",\"@id\":\"https:\/\/www.suno.com.br\/noticias\/#\/schema\/person\/e67f665add014bf99f644028de070cc3\",\"name\":\"Beatriz Oliveira\",\"image\":{\"@type\":\"ImageObject\",\"inLanguage\":\"pt-BR\",\"@id\":\"https:\/\/www.suno.com.br\/noticias\/#\/schema\/person\/image\/\",\"url\":\"https:\/\/secure.gravatar.com\/avatar\/c9aa6a0aaecc598d257d5d5bd349157d?s=96&r=g\",\"contentUrl\":\"https:\/\/secure.gravatar.com\/avatar\/c9aa6a0aaecc598d257d5d5bd349157d?s=96&r=g\",\"caption\":\"Beatriz Oliveira\"},\"description\":\"Formada em Jornalismo pela Faculdade Paulus de Tecnologia e Comunica\u00e7\u00e3o, Beatriz Oliveira escreve para o portal de not\u00edcias Suno Research. Antes, passou pelas reda\u00e7\u00f5es da Revista EXAME e da Rede Bandeirantes.\",\"url\":\"https:\/\/www.suno.com.br\/noticias\/author\/beatriz\/\"}]}<\/script>\n<!-- \/ Yoast SEO plugin. -->","yoast_head_json":{"title":"Ap\u00f3s press\u00e3o de caminhoneiros, governo atualiza tabela de frete","description":"O reajuste da tabela do frete \u00e9 uma das medidas tomadas pelo governo para evitar uma nova paralisa\u00e7\u00e3o dos caminhoneiros. Saiba mais.","robots":{"index":"index","follow":"follow","max-snippet":"max-snippet:-1","max-image-preview":"max-image-preview:large","max-video-preview":"max-video-preview:-1"},"canonical":"https:\/\/www.suno.com.br\/noticias\/pressao-caminhoneiros-governo-tabela-do-frete\/","og_locale":"pt_BR","og_type":"article","og_title":"Ap\u00f3s press\u00e3o de caminhoneiros, governo atualiza tabela de frete","og_description":"O reajuste da tabela do frete \u00e9 uma das medidas tomadas pelo governo para evitar uma nova paralisa\u00e7\u00e3o dos caminhoneiros. Saiba mais.","og_url":"https:\/\/www.suno.com.br\/noticias\/pressao-caminhoneiros-governo-tabela-do-frete\/","og_site_name":"Suno Not\u00edcias","article_publisher":"https:\/\/facebook.com\/sunoresearch","og_image":[{"width":1920,"height":1280,"url":"https:\/\/files.sunoresearch.com.br\/n\/uploads\/2019\/04\/3e34910d-caminh\u00e3o.jpg","type":"image\/jpeg"}],"author":"Beatriz Oliveira","twitter_card":"summary_large_image","twitter_creator":"@sunoresearch","twitter_site":"@sunoresearch","twitter_misc":{"Escrito por":"Beatriz Oliveira","Est. tempo de leitura":"2 minutos"},"schema":{"@context":"https:\/\/schema.org","@graph":[{"@type":"NewsArticle","@id":"https:\/\/www.suno.com.br\/noticias\/pressao-caminhoneiros-governo-tabela-do-frete\/#article","isPartOf":{"@id":"https:\/\/www.suno.com.br\/noticias\/pressao-caminhoneiros-governo-tabela-do-frete\/"},"author":{"name":"Beatriz Oliveira","@id":"https:\/\/www.suno.com.br\/noticias\/#\/schema\/person\/e67f665add014bf99f644028de070cc3"},"headline":"Ap\u00f3s press\u00e3o de caminhoneiros, governo atualiza tabela do frete em 4,13%","datePublished":"2019-04-24T15:47:17+00:00","dateModified":"2019-04-24T18:23:13+00:00","mainEntityOfPage":{"@id":"https:\/\/www.suno.com.br\/noticias\/pressao-caminhoneiros-governo-tabela-do-frete\/"},"wordCount":510,"publisher":{"@id":"https:\/\/www.suno.com.br\/noticias\/#organization"},"image":{"@id":"https:\/\/www.suno.com.br\/noticias\/pressao-caminhoneiros-governo-tabela-do-frete\/#primaryimage"},"thumbnailUrl":"https:\/\/files.sunoresearch.com.br\/n\/uploads\/2019\/04\/3e34910d-caminh\u00e3o-jpg.webp","keywords":["fretes","greve dos caminhoneiros"],"articleSection":["Pol\u00edtica"],"inLanguage":"pt-BR"},{"@type":"WebPage","@id":"https:\/\/www.suno.com.br\/noticias\/pressao-caminhoneiros-governo-tabela-do-frete\/","url":"https:\/\/www.suno.com.br\/noticias\/pressao-caminhoneiros-governo-tabela-do-frete\/","name":"Ap\u00f3s press\u00e3o de caminhoneiros, governo atualiza tabela de frete","isPartOf":{"@id":"https:\/\/www.suno.com.br\/noticias\/#website"},"primaryImageOfPage":{"@id":"https:\/\/www.suno.com.br\/noticias\/pressao-caminhoneiros-governo-tabela-do-frete\/#primaryimage"},"image":{"@id":"https:\/\/www.suno.com.br\/noticias\/pressao-caminhoneiros-governo-tabela-do-frete\/#primaryimage"},"thumbnailUrl":"https:\/\/files.sunoresearch.com.br\/n\/uploads\/2019\/04\/3e34910d-caminh\u00e3o-jpg.webp","datePublished":"2019-04-24T15:47:17+00:00","dateModified":"2019-04-24T18:23:13+00:00","description":"O reajuste da tabela do frete \u00e9 uma das medidas tomadas pelo governo para evitar uma nova paralisa\u00e7\u00e3o dos caminhoneiros. Saiba mais.","breadcrumb":{"@id":"https:\/\/www.suno.com.br\/noticias\/pressao-caminhoneiros-governo-tabela-do-frete\/#breadcrumb"},"inLanguage":"pt-BR","potentialAction":[{"@type":"ReadAction","target":["https:\/\/www.suno.com.br\/noticias\/pressao-caminhoneiros-governo-tabela-do-frete\/"]}]},{"@type":"ImageObject","inLanguage":"pt-BR","@id":"https:\/\/www.suno.com.br\/noticias\/pressao-caminhoneiros-governo-tabela-do-frete\/#primaryimage","url":"https:\/\/files.sunoresearch.com.br\/n\/uploads\/2019\/04\/3e34910d-caminh\u00e3o-jpg.webp","contentUrl":"https:\/\/files.sunoresearch.com.br\/n\/uploads\/2019\/04\/3e34910d-caminh\u00e3o-jpg.webp","width":1920,"height":1280,"caption":"O CNTRC enviou of\u00edcio para a Presid\u00eancia da Rep\u00fablica notificando e avisando sobre a greve dos caminhoneiros."},{"@type":"BreadcrumbList","@id":"https:\/\/www.suno.com.br\/noticias\/pressao-caminhoneiros-governo-tabela-do-frete\/#breadcrumb","itemListElement":[{"@type":"ListItem","position":1,"name":"Not\u00edcias","item":"https:\/\/www.suno.com.br\/noticias\/"},{"@type":"ListItem","position":2,"name":"Pol\u00edtica","item":"https:\/\/www.suno.com.br\/noticias\/politica\/"},{"@type":"ListItem","position":3,"name":"Ap\u00f3s press\u00e3o de caminhoneiros, governo atualiza tabela do frete em 4,13%"}]},{"@type":"WebSite","@id":"https:\/\/www.suno.com.br\/noticias\/#website","url":"https:\/\/www.suno.com.br\/noticias\/","name":"Suno Not\u00edcias","description":"Seu portal de informa\u00e7\u00e3o sobre o mundo dos investimentos","publisher":{"@id":"https:\/\/www.suno.com.br\/noticias\/#organization"},"potentialAction":[{"@type":"SearchAction","target":{"@type":"EntryPoint","urlTemplate":"https:\/\/www.suno.com.br\/noticias\/?s={search_term_string}"},"query-input":{"@type":"PropertyValueSpecification","valueRequired":true,"valueName":"search_term_string"}}],"inLanguage":"pt-BR"},{"@type":"Organization","@id":"https:\/\/www.suno.com.br\/noticias\/#organization","name":"Suno Not\u00edcias","url":"https:\/\/www.suno.com.br\/noticias\/","logo":{"@type":"ImageObject","inLanguage":"pt-BR","@id":"https:\/\/www.suno.com.br\/noticias\/#\/schema\/logo\/image\/","url":"https:\/\/files.sunoresearch.com.br\/n\/uploads\/2021\/09\/suno-logo.png","contentUrl":"https:\/\/files.sunoresearch.com.br\/n\/uploads\/2021\/09\/suno-logo.png","width":180,"height":180,"caption":"Suno Not\u00edcias"},"image":{"@id":"https:\/\/www.suno.com.br\/noticias\/#\/schema\/logo\/image\/"},"sameAs":["https:\/\/facebook.com\/sunoresearch","https:\/\/x.com\/sunoresearch","https:\/\/www.instagram.com\/suno","https:\/\/www.linkedin.com\/company\/suno-research\/","https:\/\/www.youtube.com\/c\/sunoresearch"]},{"@type":"Person","@id":"https:\/\/www.suno.com.br\/noticias\/#\/schema\/person\/e67f665add014bf99f644028de070cc3","name":"Beatriz Oliveira","image":{"@type":"ImageObject","inLanguage":"pt-BR","@id":"https:\/\/www.suno.com.br\/noticias\/#\/schema\/person\/image\/","url":"https:\/\/secure.gravatar.com\/avatar\/c9aa6a0aaecc598d257d5d5bd349157d?s=96&r=g","contentUrl":"https:\/\/secure.gravatar.com\/avatar\/c9aa6a0aaecc598d257d5d5bd349157d?s=96&r=g","caption":"Beatriz Oliveira"},"description":"Formada em Jornalismo pela Faculdade Paulus de Tecnologia e Comunica\u00e7\u00e3o, Beatriz Oliveira escreve para o portal de not\u00edcias Suno Research. Antes, passou pelas reda\u00e7\u00f5es da Revista EXAME e da Rede Bandeirantes.","url":"https:\/\/www.suno.com.br\/noticias\/author\/beatriz\/"}]}},"default_loop_html":"<div class=\"cardsPage__listCard__boxs\"><div class=\"cardsPage__listCard__boxs__img\"><a href=\"https:\/\/www.suno.com.br\/noticias\/pressao-caminhoneiros-governo-tabela-do-frete\/\"><img class=\"mask\" src=\"https:\/\/www.suno.com.br\/noticias\/wp-content\/themes\/suno\/resources\/images\/spotlight\/spotlight1img\/bg-mask.png\" alt=\"Image Mask\"\/><img src=\"https:\/\/files.sunoresearch.com.br\/n\/uploads\/2019\/04\/3e34910d-caminh\u00e3o-400x200.webp\" alt=\"Ap\u00f3s press\u00e3o de caminhoneiros, governo atualiza tabela do frete em 4,13%\"\/><\/a><span class=\"spotlightCategory\"><a href=\"https:\/\/www.suno.com.br\/noticias\/politica\/\">Pol\u00edtica<\/a><\/span><\/div><div class=\"cardsPage__listCard__boxs__content\"><a href=\"https:\/\/www.suno.com.br\/noticias\/pressao-caminhoneiros-governo-tabela-do-frete\/\"><h2 class=\"content__title\">Ap\u00f3s press\u00e3o de caminhoneiros, governo atualiza tabela do frete em 4,13%<\/h2><\/a><div class=\"newsContent__article__meta\"><div class=\"newsContent__article__meta__authorBox\"><a href=\"https:\/\/www.suno.com.br\/noticias\/author\/beatriz\/\" class=\"authorBox__avatar noMobi\"><img src=\"https:\/\/secure.gravatar.com\/avatar\/c9aa6a0aaecc598d257d5d5bd349157d?s=96&#038;r=g\" alt=\"Beatriz Oliveira\"><\/a><div class=\"authorBox__name\"><span>por\n\t\t\t<a href=\"https:\/\/www.suno.com.br\/noticias\/author\/beatriz\/\"><span itemprop=\"author\">Beatriz Oliveira<\/span><\/a><\/span><time datetime=\"2019-04-24T12:47:17-03:00\" itemprop=\"datePublished\">24\/04\/2019 12:47<\/time><\/div><\/div><\/div><\/div><\/div>","single_layout":"posts","amp_enabled":true,"_links":{"self":[{"href":"https:\/\/www.suno.com.br\/noticias\/wp-json\/wp\/v2\/posts\/22165"}],"collection":[{"href":"https:\/\/www.suno.com.br\/noticias\/wp-json\/wp\/v2\/posts"}],"about":[{"href":"https:\/\/www.suno.com.br\/noticias\/wp-json\/wp\/v2\/types\/post"}],"author":[{"embeddable":true,"href":"https:\/\/www.suno.com.br\/noticias\/wp-json\/wp\/v2\/users\/16"}],"replies":[{"embeddable":true,"href":"https:\/\/www.suno.com.br\/noticias\/wp-json\/wp\/v2\/comments?post=22165"}],"version-history":[{"count":0,"href":"https:\/\/www.suno.com.br\/noticias\/wp-json\/wp\/v2\/posts\/22165\/revisions"}],"wp:featuredmedia":[{"embeddable":true,"href":"https:\/\/www.suno.com.br\/noticias\/wp-json\/wp\/v2\/media\/22171"}],"wp:attachment":[{"href":"https:\/\/www.suno.com.br\/noticias\/wp-json\/wp\/v2\/media?parent=22165"}],"wp:term":[{"taxonomy":"category","embeddable":true,"href":"https:\/\/www.suno.com.br\/noticias\/wp-json\/wp\/v2\/categories?post=22165"},{"taxonomy":"post_tag","embeddable":true,"href":"https:\/\/www.suno.com.br\/noticias\/wp-json\/wp\/v2\/tags?post=22165"},{"taxonomy":"suno_strategy","embeddable":true,"href":"https:\/\/www.suno.com.br\/noticias\/wp-json\/wp\/v2\/suno_strategy?post=22165"}],"curies":[{"name":"wp","href":"https:\/\/api.w.org\/{rel}","templated":true}]}}