{"id":221579,"date":"2022-01-13T16:22:58","date_gmt":"2022-01-13T19:22:58","guid":{"rendered":"https:\/\/www.suno.com.br\/noticias\/?p=221579"},"modified":"2022-01-13T16:22:58","modified_gmt":"2022-01-13T19:22:58","slug":"decreto-tira-poder-de-guedes-politiza-debate-orcamento","status":"publish","type":"post","link":"https:\/\/www.suno.com.br\/noticias\/decreto-tira-poder-de-guedes-politiza-debate-orcamento\/","title":{"rendered":"Decreto tira poder de Guedes e politiza ainda mais debate sobre o Or\u00e7amento, afirmam analistas"},"content":{"rendered":"<p>Especialistas em contas p\u00fablicas e direito financeiro ouvidos pelo Broadcast (sistema de not\u00edcias em tempo real do Grupo Estado) apontam que o decreto publicado nesta quinta-feira, 13, determinando que atos relacionados \u00e0 gest\u00e3o do <strong>Or\u00e7amento<\/strong> p\u00fablico ter\u00e3o que ter aval pr\u00e9vio da Casa Civil retira o poder do ministro da Economia, Paulo Guedes, e &#8220;politiza&#8221; ainda mais o debate or\u00e7ament\u00e1rio.<\/p>\t<div class=\"wrapper-featured-image\">\n\t\t<figure class=\"spotlightImg\">\n\n\t\t\t<picture>\n\t\t\t\t<source media=\"(max-width: 768px)\" srcset=\"https:\/\/files.sunoresearch.com.br\/n\/uploads\/2021\/07\/60d901f9-pzzb1951-2-400x200.jpg\">\n\t\t\t\t<img loading=\"lazy\" decoding=\"async\" class=\"newsContent__article__imgCapa lazyloadDisabled \" src=\"https:\/\/files.sunoresearch.com.br\/n\/uploads\/2021\/07\/60d901f9-pzzb1951-2-800x450.jpg\" width=\"800\" height=\"450\" alt=\"Decreto tira poder de Guedes e politiza ainda mais debate sobre o Or\u00e7amento, afirmam analistas\" fetchpriority=high \/>\n\t\t\t<\/picture>\n\n\t\t\t<figcaption class=\"wp-caption-text wp-caption-text--show\">Congresso aprova Or\u00e7amento com sal\u00e1rio m\u00ednimo de R$ 1.320 para 2023. Foto: Fabio Rodrigues Pozzebom\/Ag\u00eancia Brasil<\/figcaption>\n\t\t<\/figure>\n\t<\/div>\n\n\n\t<p>\n\t\t<a href=\"https:\/\/lp.suno.com.br\/planilha-controle-gastos\/\" target=\"_blank\" data-element=\"shortcode-suno-banner\" title=\"Banner SUNO, clique e saiba mais\">\n\t\t\t<picture>\n\t\t\t\t<source media=\"(max-width: 500px)\" srcset=\"https:\/\/files.sunoresearch.com.br\/n\/uploads\/2023\/03\/400x300-Planilha-controle-de-gastos.png\">\n\t\t\t\t<img class=\"newsContent__article__imgCapa newsContent__article__imgCapa--banner\"\n\t\t\t\t\tsrc=\"https:\/\/files.sunoresearch.com.br\/n\/uploads\/2023\/03\/1420x240-Planilha-controle-de-gastos.png\"\n\t\t\t\t\tdata-promo-id=\"101751\"\t\t\t\t\t\t\t\t\t\twidth='1420' height='240'\t\t\t\t\talt=\"https:\/\/files.sunoresearch.com.br\/n\/uploads\/2023\/03\/1420x240-Planilha-controle-de-gastos.png\"\n\t\t\t\t>\n\t\t\t<\/picture>\n\t\t<\/a>\n\t<\/p>\n\n\n<p>O texto, publicado no <i>Di\u00e1rio Oficial da Uni\u00e3o<\/i> desta quinta, prev\u00ea que a\u00e7\u00f5es como remanejamento de recursos, altera\u00e7\u00f5es de despesas, abertura ou reabertura de cr\u00e9ditos extraordin\u00e1rios, abertura de cr\u00e9ditos especiais ser\u00e3o feitas pelo Minist\u00e9rio da Economia, mas &#8220;condicionada \u00e0 manifesta\u00e7\u00e3o pr\u00e9via favor\u00e1vel do Ministro de Estado Chefe da Casa Civil da Presid\u00eancia da Rep\u00fablica&#8221;.<\/p>\n<p>\u00c9lida Graziane, procuradora do Minist\u00e9rio P\u00fablico de Contas de S\u00e3o Paulo, diz que a submiss\u00e3o dos atos do Minist\u00e9rio da Economia \u00e0 avalia\u00e7\u00e3o pol\u00edtica da Casa Civil &#8220;politiza&#8221; ainda mais o debate or\u00e7ament\u00e1rio.<\/p>\n\t<p>\n\t\t<a href=\"https:\/\/lp.suno.com.br\/planilha-da-vida-financeira\/\" target=\"_blank\" data-element=\"shortcode-suno-banner\" title=\"Banner SUNO, clique e saiba mais\">\n\t\t\t<picture>\n\t\t\t\t<source media=\"(max-width: 500px)\" srcset=\"https:\/\/files.sunoresearch.com.br\/n\/uploads\/2023\/04\/400x300-Planilha-vida-financeira-true.png\">\n\t\t\t\t<img class=\"newsContent__article__imgCapa newsContent__article__imgCapa--banner\"\n\t\t\t\t\tsrc=\"https:\/\/files.sunoresearch.com.br\/n\/uploads\/2023\/04\/1420x240-Planilha-vida-financeira-true.png\"\n\t\t\t\t\tdata-promo-id=\"106682\"\t\t\t\t\t\t\t\t\t\twidth='1420' height='240'\t\t\t\t\talt=\"https:\/\/files.sunoresearch.com.br\/n\/uploads\/2023\/04\/1420x240-Planilha-vida-financeira-true.png\"\n\t\t\t\t>\n\t\t\t<\/picture>\n\t\t<\/a>\n\t<\/p>\n\n\n<p>Para ela, n\u00e3o necessariamente haver\u00e1 preju\u00edzos \u00e0 gest\u00e3o da contas p\u00fablicas, mas &#8220;efetivamente reduz o poder do Minist\u00e9rio da Economia&#8221;. &#8220;O contexto parece ser de fortalecimento da agenda de curto prazo eleitoral. Se somarmos essa subordina\u00e7\u00e3o decis\u00f3ria em mat\u00e9ria or\u00e7ament\u00e1ria ao fato de que o Congresso reduziu \u00e0 metade consider\u00e1vel volume de dota\u00e7\u00f5es do Minist\u00e9rio da Economia, percebemos a perda real de poder dessa pasta na defini\u00e7\u00e3o dos rumos do Or\u00e7amento&#8221;, disse \u00c9lida Graziane.<\/p>\n\t<p>\n\t\t<a href=\"https:\/\/lp.suno.com.br\/ebook-como-analisar-uma-acao\/\" target=\"_blank\" data-element=\"shortcode-suno-banner\" title=\"Banner SUNO, clique e saiba mais\">\n\t\t\t<picture>\n\t\t\t\t<source media=\"(max-width: 500px)\" srcset=\"https:\/\/files.sunoresearch.com.br\/n\/uploads\/2023\/03\/Ebook-Acoes-Mobile-1.jpg\">\n\t\t\t\t<img class=\"newsContent__article__imgCapa newsContent__article__imgCapa--banner\"\n\t\t\t\t\tsrc=\"https:\/\/files.sunoresearch.com.br\/n\/uploads\/2023\/03\/Ebook-Acoes-Desktop-1.jpg\"\n\t\t\t\t\tdata-promo-id=\"171998\"\t\t\t\t\t\t\t\t\t\twidth='1420' height='286'\t\t\t\t\talt=\"https:\/\/files.sunoresearch.com.br\/n\/uploads\/2023\/03\/Ebook-Acoes-Desktop-1.jpg\"\n\t\t\t\t>\n\t\t\t<\/picture>\n\t\t<\/a>\n\t<\/p>\n\n\n<h2>Or\u00e7amento: &#8220;H\u00e1 uma insatisfa\u00e7\u00e3o em rela\u00e7\u00e3o ao poder do Minist\u00e9rio da Economia&#8221;<\/h2>\n<p>Manoel Carlos Pires, Coordenador do Observat\u00f3rio de Pol\u00edcia Fiscal do FGV\/Ibre, concorda com as avalia\u00e7\u00f5es. Para ele, o decreto p\u00f5e mais peso na Casa Civil para decidir os gastos e, assim, a pol\u00edtica ter\u00e1 mais peso na execu\u00e7\u00e3o or\u00e7ament\u00e1ria. &#8220;Normalmente, a aloca\u00e7\u00e3o de recursos envolvia um acordo entre a economia e a pol\u00edtica. Agora, a institui\u00e7\u00e3o pol\u00edtica est\u00e1 acima das or\u00e7ament\u00e1rias&#8221;, considerou.<\/p>\n<p>Para ele, o texto desta quinta reflete que o equil\u00edbrio pol\u00edtico est\u00e1 cada vez maior, demonstrado nas emendas parlamentares, quando comparado aos demais gastos de interesse do governo, que vem sendo comprimidos. &#8220;Nos \u00faltimos anos, com as despesas discricion\u00e1rias se reduzindo bastante, h\u00e1 um v\u00e1cuo para o Congresso ocupar o espa\u00e7o e decidir ainda mais sobre os gastos p\u00fablicos.&#8221;<\/p>\n\t<p>\n\t\t<a href=\"https:\/\/lp.suno.com.br\/planilha-de-controle-de-investimentos\/\" target=\"_blank\" data-element=\"shortcode-suno-banner\" title=\"Banner SUNO, clique e saiba mais\">\n\t\t\t<picture>\n\t\t\t\t<source media=\"(max-width: 500px)\" srcset=\"https:\/\/files.sunoresearch.com.br\/n\/uploads\/2023\/03\/400x300-Controle-de-Investimentos.png\">\n\t\t\t\t<img class=\"newsContent__article__imgCapa newsContent__article__imgCapa--banner\"\n\t\t\t\t\tsrc=\"https:\/\/files.sunoresearch.com.br\/n\/uploads\/2023\/03\/1420x240-Controle-de-Investimentos.png\"\n\t\t\t\t\tdata-promo-id=\"75934\"\t\t\t\t\t\t\t\t\t\twidth='1420' height='240'\t\t\t\t\talt=\"https:\/\/files.sunoresearch.com.br\/n\/uploads\/2023\/03\/1420x240-Controle-de-Investimentos.png\"\n\t\t\t\t>\n\t\t\t<\/picture>\n\t\t<\/a>\n\t<\/p>\n\n\n<p>Na vis\u00e3o do economista Leonardo Ribeiro, analista do Senado e ex-servidor da Secretaria de Or\u00e7amento Federal (SOF), o texto demonstra que &#8220;claramente h\u00e1 uma insatisfa\u00e7\u00e3o em rela\u00e7\u00e3o ao poder duplo do Minist\u00e9rio da Economia, de concentrar tesouro e planejamento&#8221;.<\/p>\n<p>Ele destaca que, at\u00e9 ent\u00e3o, na Junta de Execu\u00e7\u00e3o Or\u00e7ament\u00e1ria, eram Fazenda, Planejamento e Casa Civil decidindo, mas o ME tinha um voto que representava dois, tendo em vista que concentrava Fazenda e Planejamento. &#8220;A estrutura causava um certo desequil\u00edbrio. Ent\u00e3o surge esse Decreto, com objetivo de reduzir o poder da economia&#8221;, avaliou Ribeiro.<\/p>\n<p>&#8220;Esse Decreto sobre o <strong>Or\u00e7amento<\/strong> refor\u00e7a o argumento em prol da import\u00e2ncia do planejamento em um sistema de gest\u00e3o que abrange or\u00e7amento, empenho e pagamento. No modelo anterior, or\u00e7amento e empenho ficam com planejamento, cabendo \u00e0 fazenda a gest\u00e3o do caixa (pagamento)&#8221;, avaliou Ribeiro.<\/p>\n\t<p>\n\t\t<a href=\"\" target=\"_blank\" data-element=\"shortcode-suno-banner\" title=\"Banner SUNO, clique e saiba mais\">\n\t\t\t<picture>\n\t\t\t\t<source media=\"(max-width: 500px)\" srcset=\"\">\n\t\t\t\t<img class=\"newsContent__article__imgCapa newsContent__article__imgCapa--banner\"\n\t\t\t\t\tsrc=\"\"\n\t\t\t\t\tdata-promo-id=\"184190\"\t\t\t\t\t\t\t\t\t\t\t\t\t\t\talt=\"\"\n\t\t\t\t>\n\t\t\t<\/picture>\n\t\t<\/a>\n\t<\/p>\n\n\n<p><em>Com Estad\u00e3o Conte\u00fado<\/em><\/p>\n","protected":false},"excerpt":{"rendered":"<p>Especialistas em contas p\u00fablicas e direito financeiro ouvidos pelo Broadcast (sistema de not\u00edcias em tempo real do Grupo Estado) apontam que o decreto publicado nesta quinta-feira, 13, determinando que atos relacionados \u00e0 gest\u00e3o do Or\u00e7amento p\u00fablico ter\u00e3o que ter aval pr\u00e9vio da Casa Civil retira o poder do ministro da Economia, Paulo Guedes, e &#8220;politiza&#8221; [&hellip;]<\/p>\n","protected":false},"author":43,"featured_media":166071,"comment_status":"closed","ping_status":"closed","sticky":false,"template":"","format":"standard","meta":[],"categories":[62],"tags":[1128],"suno_strategy":[],"class_list":["post-221579","post","type-post","status-publish","format-standard","has-post-thumbnail","hentry","category-economia","tag-orcamento-publico"],"yoast_head":"<!-- This site is optimized with the Yoast SEO plugin v24.4 - https:\/\/yoast.com\/wordpress\/plugins\/seo\/ -->\n<title>Or\u00e7amento: decreto tira poder de Guedes e politiza debate<\/title>\n<meta name=\"description\" content=\"Texto prev\u00ea que a\u00e7\u00f5es como remanejamento de recursos e altera\u00e7\u00f5es de despesas ser\u00e3o &quot;condicionadas \u00e0 manifesta\u00e7\u00e3o da Casa Civil\" \/>\n<meta name=\"robots\" content=\"index, follow, max-snippet:-1, max-image-preview:large, max-video-preview:-1\" \/>\n<link rel=\"canonical\" href=\"https:\/\/www.suno.com.br\/noticias\/decreto-tira-poder-de-guedes-politiza-debate-orcamento\/\" \/>\n<meta property=\"og:locale\" content=\"pt_BR\" \/>\n<meta property=\"og:type\" content=\"article\" \/>\n<meta property=\"og:title\" content=\"Or\u00e7amento: decreto tira poder de Guedes e politiza debate\" \/>\n<meta property=\"og:description\" content=\"Texto prev\u00ea que a\u00e7\u00f5es como remanejamento de recursos e altera\u00e7\u00f5es de despesas ser\u00e3o &quot;condicionadas \u00e0 manifesta\u00e7\u00e3o da Casa Civil\" \/>\n<meta property=\"og:url\" content=\"https:\/\/www.suno.com.br\/noticias\/decreto-tira-poder-de-guedes-politiza-debate-orcamento\/\" \/>\n<meta property=\"og:site_name\" content=\"Suno Not\u00edcias\" \/>\n<meta property=\"article:publisher\" content=\"https:\/\/facebook.com\/sunoresearch\" \/>\n<meta property=\"article:author\" content=\"https:\/\/www.facebook.com\/sunonoticias\/\" \/>\n<meta property=\"og:image\" content=\"https:\/\/files.sunoresearch.com.br\/n\/uploads\/2021\/07\/60d901f9-pzzb1951-2-scaled.jpg\" \/>\n\t<meta property=\"og:image:width\" content=\"2560\" \/>\n\t<meta property=\"og:image:height\" content=\"1707\" \/>\n\t<meta property=\"og:image:type\" content=\"image\/jpeg\" \/>\n<meta name=\"author\" content=\"Reda\u00e7\u00e3o Suno Not\u00edcias\" \/>\n<meta name=\"twitter:card\" content=\"summary_large_image\" \/>\n<meta name=\"twitter:creator\" content=\"@https:\/\/twitter.com\/sunoresearch\" \/>\n<meta name=\"twitter:site\" content=\"@sunoresearch\" \/>\n<meta name=\"twitter:label1\" content=\"Escrito por\" \/>\n\t<meta name=\"twitter:data1\" content=\"Reda\u00e7\u00e3o Suno Not\u00edcias\" \/>\n\t<meta name=\"twitter:label2\" content=\"Est. tempo de leitura\" \/>\n\t<meta name=\"twitter:data2\" content=\"3 minutos\" \/>\n<script type=\"application\/ld+json\" class=\"yoast-schema-graph\">{\"@context\":\"https:\/\/schema.org\",\"@graph\":[{\"@type\":\"NewsArticle\",\"@id\":\"https:\/\/www.suno.com.br\/noticias\/decreto-tira-poder-de-guedes-politiza-debate-orcamento\/#article\",\"isPartOf\":{\"@id\":\"https:\/\/www.suno.com.br\/noticias\/decreto-tira-poder-de-guedes-politiza-debate-orcamento\/\"},\"author\":{\"name\":\"Reda\u00e7\u00e3o Suno Not\u00edcias\",\"@id\":\"https:\/\/www.suno.com.br\/noticias\/#\/schema\/person\/c1b1bd3727fa852bd045e9dbff3673ea\"},\"headline\":\"Decreto tira poder de Guedes e politiza ainda mais debate sobre o Or\u00e7amento, afirmam analistas\",\"datePublished\":\"2022-01-13T19:22:58+00:00\",\"mainEntityOfPage\":{\"@id\":\"https:\/\/www.suno.com.br\/noticias\/decreto-tira-poder-de-guedes-politiza-debate-orcamento\/\"},\"wordCount\":610,\"publisher\":{\"@id\":\"https:\/\/www.suno.com.br\/noticias\/#organization\"},\"image\":{\"@id\":\"https:\/\/www.suno.com.br\/noticias\/decreto-tira-poder-de-guedes-politiza-debate-orcamento\/#primaryimage\"},\"thumbnailUrl\":\"https:\/\/files.sunoresearch.com.br\/n\/uploads\/2021\/07\/60d901f9-pzzb1951-2-scaled.jpg\",\"keywords\":[\"Or\u00e7amento P\u00fablico\"],\"articleSection\":[\"Economia\"],\"inLanguage\":\"pt-BR\"},{\"@type\":\"WebPage\",\"@id\":\"https:\/\/www.suno.com.br\/noticias\/decreto-tira-poder-de-guedes-politiza-debate-orcamento\/\",\"url\":\"https:\/\/www.suno.com.br\/noticias\/decreto-tira-poder-de-guedes-politiza-debate-orcamento\/\",\"name\":\"Or\u00e7amento: decreto tira poder de Guedes e politiza debate\",\"isPartOf\":{\"@id\":\"https:\/\/www.suno.com.br\/noticias\/#website\"},\"primaryImageOfPage\":{\"@id\":\"https:\/\/www.suno.com.br\/noticias\/decreto-tira-poder-de-guedes-politiza-debate-orcamento\/#primaryimage\"},\"image\":{\"@id\":\"https:\/\/www.suno.com.br\/noticias\/decreto-tira-poder-de-guedes-politiza-debate-orcamento\/#primaryimage\"},\"thumbnailUrl\":\"https:\/\/files.sunoresearch.com.br\/n\/uploads\/2021\/07\/60d901f9-pzzb1951-2-scaled.jpg\",\"datePublished\":\"2022-01-13T19:22:58+00:00\",\"description\":\"Texto prev\u00ea que a\u00e7\u00f5es como remanejamento de recursos e altera\u00e7\u00f5es de despesas ser\u00e3o \\\"condicionadas \u00e0 manifesta\u00e7\u00e3o da Casa Civil\",\"breadcrumb\":{\"@id\":\"https:\/\/www.suno.com.br\/noticias\/decreto-tira-poder-de-guedes-politiza-debate-orcamento\/#breadcrumb\"},\"inLanguage\":\"pt-BR\",\"potentialAction\":[{\"@type\":\"ReadAction\",\"target\":[\"https:\/\/www.suno.com.br\/noticias\/decreto-tira-poder-de-guedes-politiza-debate-orcamento\/\"]}]},{\"@type\":\"ImageObject\",\"inLanguage\":\"pt-BR\",\"@id\":\"https:\/\/www.suno.com.br\/noticias\/decreto-tira-poder-de-guedes-politiza-debate-orcamento\/#primaryimage\",\"url\":\"https:\/\/files.sunoresearch.com.br\/n\/uploads\/2021\/07\/60d901f9-pzzb1951-2-scaled.jpg\",\"contentUrl\":\"https:\/\/files.sunoresearch.com.br\/n\/uploads\/2021\/07\/60d901f9-pzzb1951-2-scaled.jpg\",\"width\":2560,\"height\":1707,\"caption\":\"Congresso aprova Or\u00e7amento com sal\u00e1rio m\u00ednimo de R$ 1.320 para 2023. Foto: Fabio Rodrigues Pozzebom\/Ag\u00eancia Brasil\"},{\"@type\":\"BreadcrumbList\",\"@id\":\"https:\/\/www.suno.com.br\/noticias\/decreto-tira-poder-de-guedes-politiza-debate-orcamento\/#breadcrumb\",\"itemListElement\":[{\"@type\":\"ListItem\",\"position\":1,\"name\":\"Not\u00edcias\",\"item\":\"https:\/\/www.suno.com.br\/noticias\/\"},{\"@type\":\"ListItem\",\"position\":2,\"name\":\"Economia\",\"item\":\"https:\/\/www.suno.com.br\/noticias\/economia\/\"},{\"@type\":\"ListItem\",\"position\":3,\"name\":\"Decreto tira poder de Guedes e politiza ainda mais debate sobre o Or\u00e7amento, afirmam analistas\"}]},{\"@type\":\"WebSite\",\"@id\":\"https:\/\/www.suno.com.br\/noticias\/#website\",\"url\":\"https:\/\/www.suno.com.br\/noticias\/\",\"name\":\"Suno Not\u00edcias\",\"description\":\"Seu portal de informa\u00e7\u00e3o sobre o mundo dos investimentos\",\"publisher\":{\"@id\":\"https:\/\/www.suno.com.br\/noticias\/#organization\"},\"potentialAction\":[{\"@type\":\"SearchAction\",\"target\":{\"@type\":\"EntryPoint\",\"urlTemplate\":\"https:\/\/www.suno.com.br\/noticias\/?s={search_term_string}\"},\"query-input\":{\"@type\":\"PropertyValueSpecification\",\"valueRequired\":true,\"valueName\":\"search_term_string\"}}],\"inLanguage\":\"pt-BR\"},{\"@type\":\"Organization\",\"@id\":\"https:\/\/www.suno.com.br\/noticias\/#organization\",\"name\":\"Suno Not\u00edcias\",\"url\":\"https:\/\/www.suno.com.br\/noticias\/\",\"logo\":{\"@type\":\"ImageObject\",\"inLanguage\":\"pt-BR\",\"@id\":\"https:\/\/www.suno.com.br\/noticias\/#\/schema\/logo\/image\/\",\"url\":\"https:\/\/files.sunoresearch.com.br\/n\/uploads\/2021\/09\/suno-logo.png\",\"contentUrl\":\"https:\/\/files.sunoresearch.com.br\/n\/uploads\/2021\/09\/suno-logo.png\",\"width\":180,\"height\":180,\"caption\":\"Suno Not\u00edcias\"},\"image\":{\"@id\":\"https:\/\/www.suno.com.br\/noticias\/#\/schema\/logo\/image\/\"},\"sameAs\":[\"https:\/\/facebook.com\/sunoresearch\",\"https:\/\/x.com\/sunoresearch\",\"https:\/\/www.instagram.com\/suno\",\"https:\/\/www.linkedin.com\/company\/suno-research\/\",\"https:\/\/www.youtube.com\/c\/sunoresearch\"]},{\"@type\":\"Person\",\"@id\":\"https:\/\/www.suno.com.br\/noticias\/#\/schema\/person\/c1b1bd3727fa852bd045e9dbff3673ea\",\"name\":\"Reda\u00e7\u00e3o Suno Not\u00edcias\",\"image\":{\"@type\":\"ImageObject\",\"inLanguage\":\"pt-BR\",\"@id\":\"https:\/\/www.suno.com.br\/noticias\/#\/schema\/person\/image\/\",\"url\":\"https:\/\/secure.gravatar.com\/avatar\/b8104b9b5a71985d5238ee59fbe418af?s=96&r=g\",\"contentUrl\":\"https:\/\/secure.gravatar.com\/avatar\/b8104b9b5a71985d5238ee59fbe418af?s=96&r=g\",\"caption\":\"Reda\u00e7\u00e3o Suno Not\u00edcias\"},\"description\":\"O Suno Not\u00edcias \u00e9 um portal de informa\u00e7\u00f5es sobre Mercado Financeiro, Pol\u00edtica, Neg\u00f3cios, Economia e Finan\u00e7as Pessoais.\",\"sameAs\":[\"https:\/\/www.suno.com.br\/noticias\",\"https:\/\/www.facebook.com\/sunonoticias\/\",\"https:\/\/www.instagram.com\/sunonoticias\/\",\"https:\/\/x.com\/https:\/\/twitter.com\/sunoresearch\",\"https:\/\/www.youtube.com\/sunonoticias\"],\"url\":\"https:\/\/www.suno.com.br\/noticias\/author\/redacao-suno\/\"}]}<\/script>\n<!-- \/ Yoast SEO plugin. -->","yoast_head_json":{"title":"Or\u00e7amento: decreto tira poder de Guedes e politiza debate","description":"Texto prev\u00ea que a\u00e7\u00f5es como remanejamento de recursos e altera\u00e7\u00f5es de despesas ser\u00e3o \"condicionadas \u00e0 manifesta\u00e7\u00e3o da Casa Civil","robots":{"index":"index","follow":"follow","max-snippet":"max-snippet:-1","max-image-preview":"max-image-preview:large","max-video-preview":"max-video-preview:-1"},"canonical":"https:\/\/www.suno.com.br\/noticias\/decreto-tira-poder-de-guedes-politiza-debate-orcamento\/","og_locale":"pt_BR","og_type":"article","og_title":"Or\u00e7amento: decreto tira poder de Guedes e politiza debate","og_description":"Texto prev\u00ea que a\u00e7\u00f5es como remanejamento de recursos e altera\u00e7\u00f5es de despesas ser\u00e3o \"condicionadas \u00e0 manifesta\u00e7\u00e3o da Casa Civil","og_url":"https:\/\/www.suno.com.br\/noticias\/decreto-tira-poder-de-guedes-politiza-debate-orcamento\/","og_site_name":"Suno Not\u00edcias","article_publisher":"https:\/\/facebook.com\/sunoresearch","article_author":"https:\/\/www.facebook.com\/sunonoticias\/","og_image":[{"width":2560,"height":1707,"url":"https:\/\/files.sunoresearch.com.br\/n\/uploads\/2021\/07\/60d901f9-pzzb1951-2-scaled.jpg","type":"image\/jpeg"}],"author":"Reda\u00e7\u00e3o Suno Not\u00edcias","twitter_card":"summary_large_image","twitter_creator":"@https:\/\/twitter.com\/sunoresearch","twitter_site":"@sunoresearch","twitter_misc":{"Escrito por":"Reda\u00e7\u00e3o Suno Not\u00edcias","Est. tempo de leitura":"3 minutos"},"schema":{"@context":"https:\/\/schema.org","@graph":[{"@type":"NewsArticle","@id":"https:\/\/www.suno.com.br\/noticias\/decreto-tira-poder-de-guedes-politiza-debate-orcamento\/#article","isPartOf":{"@id":"https:\/\/www.suno.com.br\/noticias\/decreto-tira-poder-de-guedes-politiza-debate-orcamento\/"},"author":{"name":"Reda\u00e7\u00e3o Suno Not\u00edcias","@id":"https:\/\/www.suno.com.br\/noticias\/#\/schema\/person\/c1b1bd3727fa852bd045e9dbff3673ea"},"headline":"Decreto tira poder de Guedes e politiza ainda mais debate sobre o Or\u00e7amento, afirmam analistas","datePublished":"2022-01-13T19:22:58+00:00","mainEntityOfPage":{"@id":"https:\/\/www.suno.com.br\/noticias\/decreto-tira-poder-de-guedes-politiza-debate-orcamento\/"},"wordCount":610,"publisher":{"@id":"https:\/\/www.suno.com.br\/noticias\/#organization"},"image":{"@id":"https:\/\/www.suno.com.br\/noticias\/decreto-tira-poder-de-guedes-politiza-debate-orcamento\/#primaryimage"},"thumbnailUrl":"https:\/\/files.sunoresearch.com.br\/n\/uploads\/2021\/07\/60d901f9-pzzb1951-2-scaled.jpg","keywords":["Or\u00e7amento P\u00fablico"],"articleSection":["Economia"],"inLanguage":"pt-BR"},{"@type":"WebPage","@id":"https:\/\/www.suno.com.br\/noticias\/decreto-tira-poder-de-guedes-politiza-debate-orcamento\/","url":"https:\/\/www.suno.com.br\/noticias\/decreto-tira-poder-de-guedes-politiza-debate-orcamento\/","name":"Or\u00e7amento: decreto tira poder de Guedes e politiza debate","isPartOf":{"@id":"https:\/\/www.suno.com.br\/noticias\/#website"},"primaryImageOfPage":{"@id":"https:\/\/www.suno.com.br\/noticias\/decreto-tira-poder-de-guedes-politiza-debate-orcamento\/#primaryimage"},"image":{"@id":"https:\/\/www.suno.com.br\/noticias\/decreto-tira-poder-de-guedes-politiza-debate-orcamento\/#primaryimage"},"thumbnailUrl":"https:\/\/files.sunoresearch.com.br\/n\/uploads\/2021\/07\/60d901f9-pzzb1951-2-scaled.jpg","datePublished":"2022-01-13T19:22:58+00:00","description":"Texto prev\u00ea que a\u00e7\u00f5es como remanejamento de recursos e altera\u00e7\u00f5es de despesas ser\u00e3o \"condicionadas \u00e0 manifesta\u00e7\u00e3o da Casa Civil","breadcrumb":{"@id":"https:\/\/www.suno.com.br\/noticias\/decreto-tira-poder-de-guedes-politiza-debate-orcamento\/#breadcrumb"},"inLanguage":"pt-BR","potentialAction":[{"@type":"ReadAction","target":["https:\/\/www.suno.com.br\/noticias\/decreto-tira-poder-de-guedes-politiza-debate-orcamento\/"]}]},{"@type":"ImageObject","inLanguage":"pt-BR","@id":"https:\/\/www.suno.com.br\/noticias\/decreto-tira-poder-de-guedes-politiza-debate-orcamento\/#primaryimage","url":"https:\/\/files.sunoresearch.com.br\/n\/uploads\/2021\/07\/60d901f9-pzzb1951-2-scaled.jpg","contentUrl":"https:\/\/files.sunoresearch.com.br\/n\/uploads\/2021\/07\/60d901f9-pzzb1951-2-scaled.jpg","width":2560,"height":1707,"caption":"Congresso aprova Or\u00e7amento com sal\u00e1rio m\u00ednimo de R$ 1.320 para 2023. Foto: Fabio Rodrigues Pozzebom\/Ag\u00eancia Brasil"},{"@type":"BreadcrumbList","@id":"https:\/\/www.suno.com.br\/noticias\/decreto-tira-poder-de-guedes-politiza-debate-orcamento\/#breadcrumb","itemListElement":[{"@type":"ListItem","position":1,"name":"Not\u00edcias","item":"https:\/\/www.suno.com.br\/noticias\/"},{"@type":"ListItem","position":2,"name":"Economia","item":"https:\/\/www.suno.com.br\/noticias\/economia\/"},{"@type":"ListItem","position":3,"name":"Decreto tira poder de Guedes e politiza ainda mais debate sobre o Or\u00e7amento, afirmam analistas"}]},{"@type":"WebSite","@id":"https:\/\/www.suno.com.br\/noticias\/#website","url":"https:\/\/www.suno.com.br\/noticias\/","name":"Suno Not\u00edcias","description":"Seu portal de informa\u00e7\u00e3o sobre o mundo dos investimentos","publisher":{"@id":"https:\/\/www.suno.com.br\/noticias\/#organization"},"potentialAction":[{"@type":"SearchAction","target":{"@type":"EntryPoint","urlTemplate":"https:\/\/www.suno.com.br\/noticias\/?s={search_term_string}"},"query-input":{"@type":"PropertyValueSpecification","valueRequired":true,"valueName":"search_term_string"}}],"inLanguage":"pt-BR"},{"@type":"Organization","@id":"https:\/\/www.suno.com.br\/noticias\/#organization","name":"Suno Not\u00edcias","url":"https:\/\/www.suno.com.br\/noticias\/","logo":{"@type":"ImageObject","inLanguage":"pt-BR","@id":"https:\/\/www.suno.com.br\/noticias\/#\/schema\/logo\/image\/","url":"https:\/\/files.sunoresearch.com.br\/n\/uploads\/2021\/09\/suno-logo.png","contentUrl":"https:\/\/files.sunoresearch.com.br\/n\/uploads\/2021\/09\/suno-logo.png","width":180,"height":180,"caption":"Suno Not\u00edcias"},"image":{"@id":"https:\/\/www.suno.com.br\/noticias\/#\/schema\/logo\/image\/"},"sameAs":["https:\/\/facebook.com\/sunoresearch","https:\/\/x.com\/sunoresearch","https:\/\/www.instagram.com\/suno","https:\/\/www.linkedin.com\/company\/suno-research\/","https:\/\/www.youtube.com\/c\/sunoresearch"]},{"@type":"Person","@id":"https:\/\/www.suno.com.br\/noticias\/#\/schema\/person\/c1b1bd3727fa852bd045e9dbff3673ea","name":"Reda\u00e7\u00e3o Suno Not\u00edcias","image":{"@type":"ImageObject","inLanguage":"pt-BR","@id":"https:\/\/www.suno.com.br\/noticias\/#\/schema\/person\/image\/","url":"https:\/\/secure.gravatar.com\/avatar\/b8104b9b5a71985d5238ee59fbe418af?s=96&r=g","contentUrl":"https:\/\/secure.gravatar.com\/avatar\/b8104b9b5a71985d5238ee59fbe418af?s=96&r=g","caption":"Reda\u00e7\u00e3o Suno Not\u00edcias"},"description":"O Suno Not\u00edcias \u00e9 um portal de informa\u00e7\u00f5es sobre Mercado Financeiro, Pol\u00edtica, Neg\u00f3cios, Economia e Finan\u00e7as Pessoais.","sameAs":["https:\/\/www.suno.com.br\/noticias","https:\/\/www.facebook.com\/sunonoticias\/","https:\/\/www.instagram.com\/sunonoticias\/","https:\/\/x.com\/https:\/\/twitter.com\/sunoresearch","https:\/\/www.youtube.com\/sunonoticias"],"url":"https:\/\/www.suno.com.br\/noticias\/author\/redacao-suno\/"}]}},"default_loop_html":"<div class=\"cardsPage__listCard__boxs\"><div class=\"cardsPage__listCard__boxs__img\"><a href=\"https:\/\/www.suno.com.br\/noticias\/decreto-tira-poder-de-guedes-politiza-debate-orcamento\/\"><img class=\"mask\" src=\"https:\/\/www.suno.com.br\/noticias\/wp-content\/themes\/suno\/resources\/images\/spotlight\/spotlight1img\/bg-mask.png\" alt=\"Image Mask\"\/><img src=\"https:\/\/files.sunoresearch.com.br\/n\/uploads\/2021\/07\/60d901f9-pzzb1951-2-400x200.jpg\" alt=\"Decreto tira poder de Guedes e politiza ainda mais debate sobre o Or\u00e7amento, afirmam analistas\"\/><\/a><span class=\"spotlightCategory\"><a href=\"https:\/\/www.suno.com.br\/noticias\/economia\/\">Economia<\/a><\/span><\/div><div class=\"cardsPage__listCard__boxs__content\"><a href=\"https:\/\/www.suno.com.br\/noticias\/decreto-tira-poder-de-guedes-politiza-debate-orcamento\/\"><h2 class=\"content__title\">Decreto tira poder de Guedes e politiza ainda mais debate sobre o Or\u00e7amento, afirmam analistas<\/h2><\/a><div class=\"newsContent__article__meta\"><div class=\"newsContent__article__meta__authorBox\"><a href=\"https:\/\/www.suno.com.br\/noticias\/author\/redacao-suno\/\" class=\"authorBox__avatar noMobi\"><img src=\"https:\/\/files.sunoresearch.com.br\/n\/uploads\/2020\/08\/0ace682d-redacao-1-150x150.webp\" alt=\"Reda\u00e7\u00e3o Suno Not\u00edcias\"><\/a><div class=\"authorBox__name\"><span>por\n\t\t\t<a href=\"https:\/\/www.suno.com.br\/noticias\/author\/redacao-suno\/\"><span itemprop=\"author\">Reda\u00e7\u00e3o Suno Not\u00edcias<\/span><\/a><\/span><time datetime=\"2022-01-13T16:22:58-03:00\" itemprop=\"datePublished\">13\/01\/2022 16:22<\/time><\/div><\/div><\/div><\/div><\/div>","single_layout":"posts","amp_enabled":true,"_links":{"self":[{"href":"https:\/\/www.suno.com.br\/noticias\/wp-json\/wp\/v2\/posts\/221579"}],"collection":[{"href":"https:\/\/www.suno.com.br\/noticias\/wp-json\/wp\/v2\/posts"}],"about":[{"href":"https:\/\/www.suno.com.br\/noticias\/wp-json\/wp\/v2\/types\/post"}],"author":[{"embeddable":true,"href":"https:\/\/www.suno.com.br\/noticias\/wp-json\/wp\/v2\/users\/43"}],"replies":[{"embeddable":true,"href":"https:\/\/www.suno.com.br\/noticias\/wp-json\/wp\/v2\/comments?post=221579"}],"version-history":[{"count":2,"href":"https:\/\/www.suno.com.br\/noticias\/wp-json\/wp\/v2\/posts\/221579\/revisions"}],"predecessor-version":[{"id":221687,"href":"https:\/\/www.suno.com.br\/noticias\/wp-json\/wp\/v2\/posts\/221579\/revisions\/221687"}],"wp:featuredmedia":[{"embeddable":true,"href":"https:\/\/www.suno.com.br\/noticias\/wp-json\/wp\/v2\/media\/166071"}],"wp:attachment":[{"href":"https:\/\/www.suno.com.br\/noticias\/wp-json\/wp\/v2\/media?parent=221579"}],"wp:term":[{"taxonomy":"category","embeddable":true,"href":"https:\/\/www.suno.com.br\/noticias\/wp-json\/wp\/v2\/categories?post=221579"},{"taxonomy":"post_tag","embeddable":true,"href":"https:\/\/www.suno.com.br\/noticias\/wp-json\/wp\/v2\/tags?post=221579"},{"taxonomy":"suno_strategy","embeddable":true,"href":"https:\/\/www.suno.com.br\/noticias\/wp-json\/wp\/v2\/suno_strategy?post=221579"}],"curies":[{"name":"wp","href":"https:\/\/api.w.org\/{rel}","templated":true}]}}