{"id":221189,"date":"2022-01-12T14:45:03","date_gmt":"2022-01-12T17:45:03","guid":{"rendered":"https:\/\/www.suno.com.br\/noticias\/?p=221189"},"modified":"2022-01-12T15:28:55","modified_gmt":"2022-01-12T18:28:55","slug":"doria-novas-medidas-restritivas-em-sp-omicron","status":"publish","type":"post","link":"https:\/\/www.suno.com.br\/noticias\/doria-novas-medidas-restritivas-em-sp-omicron\/","title":{"rendered":"Alta de casos da \u00f4micron: Doria anuncia novas medidas restritivas em SP; veja o que muda"},"content":{"rendered":"<p>O governador de S\u00e3o Paulo, <a class=\"suno-keyword\" href=\"https:\/\/www.suno.com.br\/tudo-sobre\/joao-doria\/\" target=\"_blank\" rel=\"noopener\" data-force=\"no\" data-priority=\"2\">Jo\u00e3o Doria<\/a> (PSDB), anunciou novas <strong>medidas restritivas em SP <\/strong>nesta quarta-feira (12), em coletiva de imprensa, por causa do aumento de casos de Covid-19. O objetivo \u00e9 conter o avan\u00e7o da variante \u00f4micron, com alta de diagn\u00f3sticos no estado e em todo o pa\u00eds.<\/p>\t<div class=\"wrapper-featured-image\">\n\t\t<figure class=\"spotlightImg\">\n\n\t\t\t<picture>\n\t\t\t\t<source media=\"(max-width: 768px)\" srcset=\"https:\/\/files.sunoresearch.com.br\/n\/uploads\/2021\/05\/49884c01-coletiva-doria-400x200.webp\">\n\t\t\t\t<img loading=\"lazy\" decoding=\"async\" class=\"newsContent__article__imgCapa lazyloadDisabled \" src=\"https:\/\/files.sunoresearch.com.br\/n\/uploads\/2021\/05\/49884c01-coletiva-doria-800x450.webp\" width=\"800\" height=\"450\" alt=\"Alta de casos da \u00f4micron: Doria anuncia novas medidas restritivas em SP; veja o que muda\" fetchpriority=high \/>\n\t\t\t<\/picture>\n\n\t\t\t<figcaption class=\"wp-caption-text wp-caption-text--show\">Governador de S\u00e3o Paulo, Jo\u00e3o Doria, realiza aumento no limite do prazo eleitoral, que pro\u00edbe aumentos 6 meses antes das elei\u00e7\u00f5es - Foto: Reprodu\u00e7\u00e3o Governo do Estado de S\u00e3o Paulo<\/figcaption>\n\t\t<\/figure>\n\t<\/div>\n\n\n\t<p>\n\t\t<a href=\"\" target=\"_blank\" data-element=\"shortcode-suno-banner\" title=\"Banner SUNO, clique e saiba mais\">\n\t\t\t<picture>\n\t\t\t\t<source media=\"(max-width: 500px)\" srcset=\"\">\n\t\t\t\t<img class=\"newsContent__article__imgCapa newsContent__article__imgCapa--banner\"\n\t\t\t\t\tsrc=\"\"\n\t\t\t\t\tdata-promo-id=\"77041\"\t\t\t\t\t\t\t\t\t\t\t\t\t\t\talt=\"\"\n\t\t\t\t>\n\t\t\t<\/picture>\n\t\t<\/a>\n\t<\/p>\n\n\n<p>A recomenda\u00e7\u00e3o do governo de S\u00e3o Paulo \u00e9 de que eventos esportivos, musicais e festas sejam realizados com apenas <strong>70% do p\u00fablico<\/strong> e mediante <strong>comprovante de vacina\u00e7\u00e3o<\/strong>. Doria destacou durante a coletiva que a redu\u00e7\u00e3o \u00e9 uma <strong>orienta\u00e7\u00e3o \u00e0s prefeituras<\/strong> do estado, n\u00e3o uma determina\u00e7\u00e3o.<\/p>\n<p>Nos est\u00e1dios, a medida ser\u00e1 aplicada a partir do dia 23 de janeiro, no in\u00edcio do Campeonato Paulista.<\/p>\n<p>\u201cA sugest\u00e3o do governo do estado para os munic\u00edpios \u00e9 que se fa\u00e7a redu\u00e7\u00e3o de 30% na capacidade de p\u00fablico nesses eventos, mas deixa em aberto que fica a crit\u00e9rio dos munic\u00edpios, dependendo da situa\u00e7\u00e3o epidemiol\u00f3gica de cada cidade. Esse percentual de restri\u00e7\u00e3o pode ser alterado\u201d, disse Jo\u00e3o Gabbardo, m\u00e9dico e integrante do comit\u00ea de sa\u00fade, coordenador executivo do Centro de Conting\u00eancia do Coronav\u00edrus em S\u00e3o Paulo.<\/p>\n<p>A gest\u00e3o afirmou que descarta medidas restritivas em SP para <strong>com\u00e9rcios<\/strong> e <strong>servi\u00e7os<\/strong>, deixando a fiscaliza\u00e7\u00e3o nas m\u00e3os dos munic\u00edpios.<\/p>\n\t<p>\n\t\t<a href=\"\" target=\"_blank\" data-element=\"shortcode-suno-banner\" title=\"Banner SUNO, clique e saiba mais\">\n\t\t\t<picture>\n\t\t\t\t<source media=\"(max-width: 500px)\" srcset=\"\">\n\t\t\t\t<img class=\"newsContent__article__imgCapa newsContent__article__imgCapa--banner\"\n\t\t\t\t\tsrc=\"\"\n\t\t\t\t\tdata-promo-id=\"77038\"\t\t\t\t\t\t\t\t\t\t\t\t\t\t\talt=\"\"\n\t\t\t\t>\n\t\t\t<\/picture>\n\t\t<\/a>\n\t<\/p>\n\n\n<p>O governo tamb\u00e9m anunciou a prorroga\u00e7\u00e3o da obrigatoriedade do uso de m\u00e1scaras at\u00e9 o dia 31 de mar\u00e7o.<\/p>\n<p>Jo\u00e3o Gabbardo informou que o Estado registrou aumento de 58% das interna\u00e7\u00f5es em leitos de UTI e de 99% nas enfermarias, nas duas \u00faltimas semanas. Apesar do n\u00famero de pacientes em unidades de tratamento intensivo ser duas vezes menor do que o registrado no come\u00e7o de 2021, os n\u00fameros atuais mostram acelera\u00e7\u00e3o das interna\u00e7\u00f5es.<\/p>\n<h2>Aumento de casos em SP: pandemia dos n\u00e3o vacinados<\/h2>\n<p>Hoje a taxa de ocupa\u00e7\u00e3o de leitos de unidade de terapia intensiva (UTI) por s\u00edndrome respirat\u00f3ria aguda grave (SRAG) est\u00e1 em 39,01%, com 1.824 pessoas internadas em estado grave. H\u00e1 3.679 pessoas internadas em enfermarias de todo o estado. Na semana passada, a taxa de ocupa\u00e7\u00e3o estava em 27,75%.<\/p>\n<p>Gabbardo disse que, apesar da falta de dados nacionais, j\u00e1 que o sistema Sivep-Gripe continua apresentando problemas, \u00e9 poss\u00edvel afirmar, com dados do restante do mundo, que a pandemia de \u00d4micron \u00e9 a pandemia dos n\u00e3o vacinados. \u201cE, quando se fala de n\u00e3o vacinados, estamos falando das pessoas com mais de 18 anos que n\u00e3o completaram o esquema vacinal e das crian\u00e7as que ainda n\u00e3o foram vacinadas.\u201d<\/p>\n<p>\u201cEsses dois segmentos \u00e9 que s\u00e3o respons\u00e1veis pelo acr\u00e9scimo no n\u00famero de interna\u00e7\u00f5es e de casos\u201d, disse Gabbardo, que apresentou dados da cidade norte-americana de Nova York comprovando que a maior parte das pessoas internadas hoje n\u00e3o foi vacinada ou est\u00e1 com o esquema vacinal incompleto.<\/p>\n<p>\u201cQuando dizem que esta variante \u00e9 inofensiva, que os casos s\u00e3o leves, temos que levar em considera\u00e7\u00e3o que isso \u00e9 resultado da vacina\u00e7\u00e3o. O n\u00famero de pessoas que ainda se infectam \u00e9 muito elevado. E o de interna\u00e7\u00f5es, embora n\u00e3o sejam t\u00e3o graves, \u00e9 muito elevado\u201d, acrescentou Gabbardo.<\/p>\n<p>Doria informou que adquiriu mais 2 milh\u00f5es de testes r\u00e1pidos de ant\u00edgenos para covid-19 para ampliar a testagem e o monitoramento dos casos. Segundo o governador, os testes ser\u00e3o disponibilizados at\u00e9 fevereiro aos munic\u00edpios paulistas. O custo dos testes foi estimado em R$ 12 milh\u00f5es.<\/p>\n<h2>Entenda as novas orienta\u00e7\u00f5es sobre quarentena de quem est\u00e1 com covid-19<\/h2>\n<p>Os pacientes com caso leve ou moderado de covid-19 seguir\u00e3o agora novos protocolos de isolamento, adotados esta semana pelo Minist\u00e9rio da Sa\u00fade. Manter a pessoa infectada fora do conv\u00edvio da sociedade \u00e9 uma medida adotada desde o in\u00edcio da pandemia que segue pesquisas sobre o tempo que o paciente pode transmitir a doen\u00e7a.<\/p>\n\t<p>\n\t\t<a href=\"\" target=\"_blank\" data-element=\"shortcode-suno-banner\" title=\"Banner SUNO, clique e saiba mais\">\n\t\t\t<picture>\n\t\t\t\t<source media=\"(max-width: 500px)\" srcset=\"\">\n\t\t\t\t<img class=\"newsContent__article__imgCapa newsContent__article__imgCapa--banner\"\n\t\t\t\t\tsrc=\"\"\n\t\t\t\t\tdata-promo-id=\"88457\"\t\t\t\t\t\t\t\t\t\t\t\t\t\t\talt=\"\"\n\t\t\t\t>\n\t\t\t<\/picture>\n\t\t<\/a>\n\t<\/p>\n\n\n<p>Pelas novas recomenda\u00e7\u00f5es do minist\u00e9rio, foram previstos tr\u00eas intervalos diferentes para o isolamento dos infectados. Os tempos passam a contar do in\u00edcio dos sintomas, e n\u00e3o da obten\u00e7\u00e3o do resultado do exame positivo.<\/p>\n<p><strong>Isolamento de 5 dias<\/strong><\/p>\n<p>A pessoa s\u00f3 poder\u00e1 sair do isolamento nesse prazo se no fim do quinto dia:<\/p>\n<ul>\n<li>N\u00e3o estiver com sintomas respirat\u00f3rios nem febre h\u00e1 pelo menos 24 horas;<\/li>\n<li>N\u00e3o tiver utilizado antit\u00e9rmicos h\u00e1 pelo menos 24 horas;<\/li>\n<li>Testar negativo com exames de PCR ou ant\u00edgeno;<\/li>\n<\/ul>\n<p>Mesmo se a pessoa testar negativo, \u00e9 indicado continuar adotando medidas adicionais, como trabalhar de casa se puder, usar m\u00e1scara em locais com pessoas. Se o indiv\u00edduo testar positivo, \u00e9 necess\u00e1rio manter o isolamento at\u00e9 o d\u00e9cimo dia.<\/p>\n<p><strong>Isolamento de 7 dias<\/strong><\/p>\n<p>Ao fim de 7 dias, \u00e9 poss\u00edvel sair do isolamento sem teste se o paciente:<\/p>\n<ul>\n<li>N\u00e3o estiver com sintomas respirat\u00f3rios nem febre por pelo menos 24 horas;<\/li>\n<li>N\u00e3o tiver tomado antit\u00e9rmico h\u00e1 pelo menos 24 horas;<\/li>\n<\/ul>\n<p>Se os sintomas respirat\u00f3rios ou febre persistirem no s\u00e9timo dia, o indiv\u00edduo deve seguir outras orienta\u00e7\u00f5es. Caso a pessoa teste negativo no s\u00e9timo dia, pode sair do isolamento, desde que o exame seja de PCR ou ant\u00edgeno e desde que aguarde 24 horas sem sintomas respirat\u00f3rios ou febre e sem uso de antit\u00e9rmico.<\/p>\n<p><strong>Isolamento de 10 dias<\/strong><\/p>\n<p>Se o teste der positivo no s\u00e9timo dia, a pessoa deve manter o isolamento at\u00e9 o d\u00e9cimo dia. Para sair da quarentena no d\u00e9cimo dia \u00e9 necess\u00e1rio:<\/p>\n<ul>\n<li>Estar sem sintomas respirat\u00f3rios e sem febre por pelo menos 24 horas;<\/li>\n<li>N\u00e3o ter utilizado antit\u00e9rmico por pelo menos 24 horas.<\/li>\n<\/ul>\n<p>(<em>Com informa\u00e7\u00f5es da Ag\u00eancia Brasil<\/em>)<\/p>\n\t<p>\n\t\t<a href=\"\" target=\"_blank\" data-element=\"shortcode-suno-banner\" title=\"Banner SUNO, clique e saiba mais\">\n\t\t\t<picture>\n\t\t\t\t<source media=\"(max-width: 500px)\" srcset=\"\">\n\t\t\t\t<img class=\"newsContent__article__imgCapa newsContent__article__imgCapa--banner\"\n\t\t\t\t\tsrc=\"\"\n\t\t\t\t\tdata-promo-id=\"77044\"\t\t\t\t\t\t\t\t\t\t\t\t\t\t\talt=\"\"\n\t\t\t\t>\n\t\t\t<\/picture>\n\t\t<\/a>\n\t<\/p>\n\n\n","protected":false},"excerpt":{"rendered":"<p>O governador de S\u00e3o Paulo, Jo\u00e3o Doria (PSDB), anunciou novas medidas restritivas em SP nesta quarta-feira (12), em coletiva de imprensa, por causa do aumento de casos de Covid-19. O objetivo \u00e9 conter o avan\u00e7o da variante \u00f4micron, com alta de diagn\u00f3sticos no estado e em todo o pa\u00eds. Governador de S\u00e3o Paulo, Jo\u00e3o Doria, [&hellip;]<\/p>\n","protected":false},"author":146,"featured_media":151079,"comment_status":"closed","ping_status":"closed","sticky":false,"template":"","format":"standard","meta":[],"categories":[61],"tags":[2487,842],"suno_strategy":[],"class_list":["post-221189","post","type-post","status-publish","format-standard","has-post-thumbnail","hentry","category-politica","tag-coronavirus","tag-joao-doria"],"yoast_head":"<!-- This site is optimized with the Yoast SEO plugin v24.4 - https:\/\/yoast.com\/wordpress\/plugins\/seo\/ -->\n<title>Doria anuncia novas medidas restritivas em SP contra Covid-19<\/title>\n<meta name=\"description\" content=\"O governador de S\u00e3o Paulo, Jo\u00e3o Doria (PSDB), anunciou novas medidas restritivas em SP hoje (12),\u00a0devido ao aumento de casos de Covid-19.\" \/>\n<meta name=\"robots\" content=\"index, follow, max-snippet:-1, max-image-preview:large, max-video-preview:-1\" \/>\n<link rel=\"canonical\" href=\"https:\/\/www.suno.com.br\/noticias\/doria-novas-medidas-restritivas-em-sp-omicron\/\" \/>\n<meta property=\"og:locale\" content=\"pt_BR\" \/>\n<meta property=\"og:type\" content=\"article\" \/>\n<meta property=\"og:title\" content=\"Doria anuncia novas medidas restritivas em SP contra Covid-19\" \/>\n<meta property=\"og:description\" content=\"O governador de S\u00e3o Paulo, Jo\u00e3o Doria (PSDB), anunciou novas medidas restritivas em SP hoje (12),\u00a0devido ao aumento de casos de Covid-19.\" \/>\n<meta property=\"og:url\" content=\"https:\/\/www.suno.com.br\/noticias\/doria-novas-medidas-restritivas-em-sp-omicron\/\" \/>\n<meta property=\"og:site_name\" content=\"Suno Not\u00edcias\" \/>\n<meta property=\"article:publisher\" content=\"https:\/\/facebook.com\/sunoresearch\" \/>\n<meta property=\"og:image\" content=\"https:\/\/files.sunoresearch.com.br\/n\/uploads\/2021\/05\/49884c01-coletiva-doria.png\" \/>\n\t<meta property=\"og:image:width\" content=\"1366\" \/>\n\t<meta property=\"og:image:height\" content=\"768\" \/>\n\t<meta property=\"og:image:type\" content=\"image\/png\" \/>\n<meta name=\"author\" content=\"Vict\u00f3ria Anhesini\" \/>\n<meta name=\"twitter:card\" content=\"summary_large_image\" \/>\n<meta name=\"twitter:creator\" content=\"@sunoresearch\" \/>\n<meta name=\"twitter:site\" content=\"@sunoresearch\" \/>\n<meta name=\"twitter:label1\" content=\"Escrito por\" \/>\n\t<meta name=\"twitter:data1\" content=\"Vict\u00f3ria Anhesini\" \/>\n\t<meta name=\"twitter:label2\" content=\"Est. tempo de leitura\" \/>\n\t<meta name=\"twitter:data2\" content=\"4 minutos\" \/>\n<script type=\"application\/ld+json\" class=\"yoast-schema-graph\">{\"@context\":\"https:\/\/schema.org\",\"@graph\":[{\"@type\":\"NewsArticle\",\"@id\":\"https:\/\/www.suno.com.br\/noticias\/doria-novas-medidas-restritivas-em-sp-omicron\/#article\",\"isPartOf\":{\"@id\":\"https:\/\/www.suno.com.br\/noticias\/doria-novas-medidas-restritivas-em-sp-omicron\/\"},\"author\":{\"name\":\"Vict\u00f3ria Anhesini\",\"@id\":\"https:\/\/www.suno.com.br\/noticias\/#\/schema\/person\/46d847cb19ad53fde0857adca989c23f\"},\"headline\":\"Alta de casos da \u00f4micron: Doria anuncia novas medidas restritivas em SP; veja o que muda\",\"datePublished\":\"2022-01-12T17:45:03+00:00\",\"dateModified\":\"2022-01-12T18:28:55+00:00\",\"mainEntityOfPage\":{\"@id\":\"https:\/\/www.suno.com.br\/noticias\/doria-novas-medidas-restritivas-em-sp-omicron\/\"},\"wordCount\":976,\"publisher\":{\"@id\":\"https:\/\/www.suno.com.br\/noticias\/#organization\"},\"image\":{\"@id\":\"https:\/\/www.suno.com.br\/noticias\/doria-novas-medidas-restritivas-em-sp-omicron\/#primaryimage\"},\"thumbnailUrl\":\"https:\/\/files.sunoresearch.com.br\/n\/uploads\/2021\/05\/49884c01-coletiva-doria-png.webp\",\"keywords\":[\"coronav\u00edrus\",\"Jo\u00e3o Doria\"],\"articleSection\":[\"Pol\u00edtica\"],\"inLanguage\":\"pt-BR\"},{\"@type\":\"WebPage\",\"@id\":\"https:\/\/www.suno.com.br\/noticias\/doria-novas-medidas-restritivas-em-sp-omicron\/\",\"url\":\"https:\/\/www.suno.com.br\/noticias\/doria-novas-medidas-restritivas-em-sp-omicron\/\",\"name\":\"Doria anuncia novas medidas restritivas em SP contra Covid-19\",\"isPartOf\":{\"@id\":\"https:\/\/www.suno.com.br\/noticias\/#website\"},\"primaryImageOfPage\":{\"@id\":\"https:\/\/www.suno.com.br\/noticias\/doria-novas-medidas-restritivas-em-sp-omicron\/#primaryimage\"},\"image\":{\"@id\":\"https:\/\/www.suno.com.br\/noticias\/doria-novas-medidas-restritivas-em-sp-omicron\/#primaryimage\"},\"thumbnailUrl\":\"https:\/\/files.sunoresearch.com.br\/n\/uploads\/2021\/05\/49884c01-coletiva-doria-png.webp\",\"datePublished\":\"2022-01-12T17:45:03+00:00\",\"dateModified\":\"2022-01-12T18:28:55+00:00\",\"description\":\"O governador de S\u00e3o Paulo, Jo\u00e3o Doria (PSDB), anunciou novas medidas restritivas em SP hoje (12),\u00a0devido ao aumento de casos de Covid-19.\",\"breadcrumb\":{\"@id\":\"https:\/\/www.suno.com.br\/noticias\/doria-novas-medidas-restritivas-em-sp-omicron\/#breadcrumb\"},\"inLanguage\":\"pt-BR\",\"potentialAction\":[{\"@type\":\"ReadAction\",\"target\":[\"https:\/\/www.suno.com.br\/noticias\/doria-novas-medidas-restritivas-em-sp-omicron\/\"]}]},{\"@type\":\"ImageObject\",\"inLanguage\":\"pt-BR\",\"@id\":\"https:\/\/www.suno.com.br\/noticias\/doria-novas-medidas-restritivas-em-sp-omicron\/#primaryimage\",\"url\":\"https:\/\/files.sunoresearch.com.br\/n\/uploads\/2021\/05\/49884c01-coletiva-doria-png.webp\",\"contentUrl\":\"https:\/\/files.sunoresearch.com.br\/n\/uploads\/2021\/05\/49884c01-coletiva-doria-png.webp\",\"width\":1366,\"height\":768,\"caption\":\"Governador de S\u00e3o Paulo, Jo\u00e3o Doria, realiza aumento no limite do prazo eleitoral, que pro\u00edbe aumentos 6 meses antes das elei\u00e7\u00f5es - Foto: Reprodu\u00e7\u00e3o Governo do Estado de S\u00e3o Paulo\"},{\"@type\":\"BreadcrumbList\",\"@id\":\"https:\/\/www.suno.com.br\/noticias\/doria-novas-medidas-restritivas-em-sp-omicron\/#breadcrumb\",\"itemListElement\":[{\"@type\":\"ListItem\",\"position\":1,\"name\":\"Not\u00edcias\",\"item\":\"https:\/\/www.suno.com.br\/noticias\/\"},{\"@type\":\"ListItem\",\"position\":2,\"name\":\"Pol\u00edtica\",\"item\":\"https:\/\/www.suno.com.br\/noticias\/politica\/\"},{\"@type\":\"ListItem\",\"position\":3,\"name\":\"Alta de casos da \u00f4micron: Doria anuncia novas medidas restritivas em SP; veja o que muda\"}]},{\"@type\":\"WebSite\",\"@id\":\"https:\/\/www.suno.com.br\/noticias\/#website\",\"url\":\"https:\/\/www.suno.com.br\/noticias\/\",\"name\":\"Suno Not\u00edcias\",\"description\":\"Seu portal de informa\u00e7\u00e3o sobre o mundo dos investimentos\",\"publisher\":{\"@id\":\"https:\/\/www.suno.com.br\/noticias\/#organization\"},\"potentialAction\":[{\"@type\":\"SearchAction\",\"target\":{\"@type\":\"EntryPoint\",\"urlTemplate\":\"https:\/\/www.suno.com.br\/noticias\/?s={search_term_string}\"},\"query-input\":{\"@type\":\"PropertyValueSpecification\",\"valueRequired\":true,\"valueName\":\"search_term_string\"}}],\"inLanguage\":\"pt-BR\"},{\"@type\":\"Organization\",\"@id\":\"https:\/\/www.suno.com.br\/noticias\/#organization\",\"name\":\"Suno Not\u00edcias\",\"url\":\"https:\/\/www.suno.com.br\/noticias\/\",\"logo\":{\"@type\":\"ImageObject\",\"inLanguage\":\"pt-BR\",\"@id\":\"https:\/\/www.suno.com.br\/noticias\/#\/schema\/logo\/image\/\",\"url\":\"https:\/\/files.sunoresearch.com.br\/n\/uploads\/2021\/09\/suno-logo.png\",\"contentUrl\":\"https:\/\/files.sunoresearch.com.br\/n\/uploads\/2021\/09\/suno-logo.png\",\"width\":180,\"height\":180,\"caption\":\"Suno Not\u00edcias\"},\"image\":{\"@id\":\"https:\/\/www.suno.com.br\/noticias\/#\/schema\/logo\/image\/\"},\"sameAs\":[\"https:\/\/facebook.com\/sunoresearch\",\"https:\/\/x.com\/sunoresearch\",\"https:\/\/www.instagram.com\/suno\",\"https:\/\/www.linkedin.com\/company\/suno-research\/\",\"https:\/\/www.youtube.com\/c\/sunoresearch\"]},{\"@type\":\"Person\",\"@id\":\"https:\/\/www.suno.com.br\/noticias\/#\/schema\/person\/46d847cb19ad53fde0857adca989c23f\",\"name\":\"Vict\u00f3ria Anhesini\",\"image\":{\"@type\":\"ImageObject\",\"inLanguage\":\"pt-BR\",\"@id\":\"https:\/\/www.suno.com.br\/noticias\/#\/schema\/person\/image\/\",\"url\":\"https:\/\/secure.gravatar.com\/avatar\/0172bdfcd9129dd9dd68794804304e6e?s=96&r=g\",\"contentUrl\":\"https:\/\/secure.gravatar.com\/avatar\/0172bdfcd9129dd9dd68794804304e6e?s=96&r=g\",\"caption\":\"Vict\u00f3ria Anhesini\"},\"description\":\"Rep\u00f3rter no Suno Not\u00edcias, cobre mercados, neg\u00f3cios e economia, escrevendo majoritariamente sobre movimentos das empresas, cobertura de balan\u00e7os trimestrais e Bolsa de Valores. Formada em jornalismo pela Universidade Presbiteriana Mackenzie em 2019, passou pelo portal de economia e finan\u00e7as EuQueroInvestir como rep\u00f3rter e anteriormente, trabalhou na assessoria de imprensa PinePR, onde liderou com startups de inova\u00e7\u00e3o, tecnologia e finan\u00e7as. Em seu tempo livre, fala sobre m\u00fasica para ambos os sites do selo ForMusic, Wikimetal e Mad Sound, e faz trabalho volunt\u00e1rio no programa Escreve Cartas do Poupatempo.\",\"sameAs\":[\"https:\/\/www.linkedin.com\/in\/victoria-anhesini\/\"],\"url\":\"https:\/\/www.suno.com.br\/noticias\/author\/victoria\/\"}]}<\/script>\n<!-- \/ Yoast SEO plugin. -->","yoast_head_json":{"title":"Doria anuncia novas medidas restritivas em SP contra Covid-19","description":"O governador de S\u00e3o Paulo, Jo\u00e3o Doria (PSDB), anunciou novas medidas restritivas em SP hoje (12),\u00a0devido ao aumento de casos de Covid-19.","robots":{"index":"index","follow":"follow","max-snippet":"max-snippet:-1","max-image-preview":"max-image-preview:large","max-video-preview":"max-video-preview:-1"},"canonical":"https:\/\/www.suno.com.br\/noticias\/doria-novas-medidas-restritivas-em-sp-omicron\/","og_locale":"pt_BR","og_type":"article","og_title":"Doria anuncia novas medidas restritivas em SP contra Covid-19","og_description":"O governador de S\u00e3o Paulo, Jo\u00e3o Doria (PSDB), anunciou novas medidas restritivas em SP hoje (12),\u00a0devido ao aumento de casos de Covid-19.","og_url":"https:\/\/www.suno.com.br\/noticias\/doria-novas-medidas-restritivas-em-sp-omicron\/","og_site_name":"Suno Not\u00edcias","article_publisher":"https:\/\/facebook.com\/sunoresearch","og_image":[{"width":1366,"height":768,"url":"https:\/\/files.sunoresearch.com.br\/n\/uploads\/2021\/05\/49884c01-coletiva-doria.png","type":"image\/png"}],"author":"Vict\u00f3ria Anhesini","twitter_card":"summary_large_image","twitter_creator":"@sunoresearch","twitter_site":"@sunoresearch","twitter_misc":{"Escrito por":"Vict\u00f3ria Anhesini","Est. tempo de leitura":"4 minutos"},"schema":{"@context":"https:\/\/schema.org","@graph":[{"@type":"NewsArticle","@id":"https:\/\/www.suno.com.br\/noticias\/doria-novas-medidas-restritivas-em-sp-omicron\/#article","isPartOf":{"@id":"https:\/\/www.suno.com.br\/noticias\/doria-novas-medidas-restritivas-em-sp-omicron\/"},"author":{"name":"Vict\u00f3ria Anhesini","@id":"https:\/\/www.suno.com.br\/noticias\/#\/schema\/person\/46d847cb19ad53fde0857adca989c23f"},"headline":"Alta de casos da \u00f4micron: Doria anuncia novas medidas restritivas em SP; veja o que muda","datePublished":"2022-01-12T17:45:03+00:00","dateModified":"2022-01-12T18:28:55+00:00","mainEntityOfPage":{"@id":"https:\/\/www.suno.com.br\/noticias\/doria-novas-medidas-restritivas-em-sp-omicron\/"},"wordCount":976,"publisher":{"@id":"https:\/\/www.suno.com.br\/noticias\/#organization"},"image":{"@id":"https:\/\/www.suno.com.br\/noticias\/doria-novas-medidas-restritivas-em-sp-omicron\/#primaryimage"},"thumbnailUrl":"https:\/\/files.sunoresearch.com.br\/n\/uploads\/2021\/05\/49884c01-coletiva-doria-png.webp","keywords":["coronav\u00edrus","Jo\u00e3o Doria"],"articleSection":["Pol\u00edtica"],"inLanguage":"pt-BR"},{"@type":"WebPage","@id":"https:\/\/www.suno.com.br\/noticias\/doria-novas-medidas-restritivas-em-sp-omicron\/","url":"https:\/\/www.suno.com.br\/noticias\/doria-novas-medidas-restritivas-em-sp-omicron\/","name":"Doria anuncia novas medidas restritivas em SP contra Covid-19","isPartOf":{"@id":"https:\/\/www.suno.com.br\/noticias\/#website"},"primaryImageOfPage":{"@id":"https:\/\/www.suno.com.br\/noticias\/doria-novas-medidas-restritivas-em-sp-omicron\/#primaryimage"},"image":{"@id":"https:\/\/www.suno.com.br\/noticias\/doria-novas-medidas-restritivas-em-sp-omicron\/#primaryimage"},"thumbnailUrl":"https:\/\/files.sunoresearch.com.br\/n\/uploads\/2021\/05\/49884c01-coletiva-doria-png.webp","datePublished":"2022-01-12T17:45:03+00:00","dateModified":"2022-01-12T18:28:55+00:00","description":"O governador de S\u00e3o Paulo, Jo\u00e3o Doria (PSDB), anunciou novas medidas restritivas em SP hoje (12),\u00a0devido ao aumento de casos de Covid-19.","breadcrumb":{"@id":"https:\/\/www.suno.com.br\/noticias\/doria-novas-medidas-restritivas-em-sp-omicron\/#breadcrumb"},"inLanguage":"pt-BR","potentialAction":[{"@type":"ReadAction","target":["https:\/\/www.suno.com.br\/noticias\/doria-novas-medidas-restritivas-em-sp-omicron\/"]}]},{"@type":"ImageObject","inLanguage":"pt-BR","@id":"https:\/\/www.suno.com.br\/noticias\/doria-novas-medidas-restritivas-em-sp-omicron\/#primaryimage","url":"https:\/\/files.sunoresearch.com.br\/n\/uploads\/2021\/05\/49884c01-coletiva-doria-png.webp","contentUrl":"https:\/\/files.sunoresearch.com.br\/n\/uploads\/2021\/05\/49884c01-coletiva-doria-png.webp","width":1366,"height":768,"caption":"Governador de S\u00e3o Paulo, Jo\u00e3o Doria, realiza aumento no limite do prazo eleitoral, que pro\u00edbe aumentos 6 meses antes das elei\u00e7\u00f5es - Foto: Reprodu\u00e7\u00e3o Governo do Estado de S\u00e3o Paulo"},{"@type":"BreadcrumbList","@id":"https:\/\/www.suno.com.br\/noticias\/doria-novas-medidas-restritivas-em-sp-omicron\/#breadcrumb","itemListElement":[{"@type":"ListItem","position":1,"name":"Not\u00edcias","item":"https:\/\/www.suno.com.br\/noticias\/"},{"@type":"ListItem","position":2,"name":"Pol\u00edtica","item":"https:\/\/www.suno.com.br\/noticias\/politica\/"},{"@type":"ListItem","position":3,"name":"Alta de casos da \u00f4micron: Doria anuncia novas medidas restritivas em SP; veja o que muda"}]},{"@type":"WebSite","@id":"https:\/\/www.suno.com.br\/noticias\/#website","url":"https:\/\/www.suno.com.br\/noticias\/","name":"Suno Not\u00edcias","description":"Seu portal de informa\u00e7\u00e3o sobre o mundo dos investimentos","publisher":{"@id":"https:\/\/www.suno.com.br\/noticias\/#organization"},"potentialAction":[{"@type":"SearchAction","target":{"@type":"EntryPoint","urlTemplate":"https:\/\/www.suno.com.br\/noticias\/?s={search_term_string}"},"query-input":{"@type":"PropertyValueSpecification","valueRequired":true,"valueName":"search_term_string"}}],"inLanguage":"pt-BR"},{"@type":"Organization","@id":"https:\/\/www.suno.com.br\/noticias\/#organization","name":"Suno Not\u00edcias","url":"https:\/\/www.suno.com.br\/noticias\/","logo":{"@type":"ImageObject","inLanguage":"pt-BR","@id":"https:\/\/www.suno.com.br\/noticias\/#\/schema\/logo\/image\/","url":"https:\/\/files.sunoresearch.com.br\/n\/uploads\/2021\/09\/suno-logo.png","contentUrl":"https:\/\/files.sunoresearch.com.br\/n\/uploads\/2021\/09\/suno-logo.png","width":180,"height":180,"caption":"Suno Not\u00edcias"},"image":{"@id":"https:\/\/www.suno.com.br\/noticias\/#\/schema\/logo\/image\/"},"sameAs":["https:\/\/facebook.com\/sunoresearch","https:\/\/x.com\/sunoresearch","https:\/\/www.instagram.com\/suno","https:\/\/www.linkedin.com\/company\/suno-research\/","https:\/\/www.youtube.com\/c\/sunoresearch"]},{"@type":"Person","@id":"https:\/\/www.suno.com.br\/noticias\/#\/schema\/person\/46d847cb19ad53fde0857adca989c23f","name":"Vict\u00f3ria Anhesini","image":{"@type":"ImageObject","inLanguage":"pt-BR","@id":"https:\/\/www.suno.com.br\/noticias\/#\/schema\/person\/image\/","url":"https:\/\/secure.gravatar.com\/avatar\/0172bdfcd9129dd9dd68794804304e6e?s=96&r=g","contentUrl":"https:\/\/secure.gravatar.com\/avatar\/0172bdfcd9129dd9dd68794804304e6e?s=96&r=g","caption":"Vict\u00f3ria Anhesini"},"description":"Rep\u00f3rter no Suno Not\u00edcias, cobre mercados, neg\u00f3cios e economia, escrevendo majoritariamente sobre movimentos das empresas, cobertura de balan\u00e7os trimestrais e Bolsa de Valores. Formada em jornalismo pela Universidade Presbiteriana Mackenzie em 2019, passou pelo portal de economia e finan\u00e7as EuQueroInvestir como rep\u00f3rter e anteriormente, trabalhou na assessoria de imprensa PinePR, onde liderou com startups de inova\u00e7\u00e3o, tecnologia e finan\u00e7as. Em seu tempo livre, fala sobre m\u00fasica para ambos os sites do selo ForMusic, Wikimetal e Mad Sound, e faz trabalho volunt\u00e1rio no programa Escreve Cartas do Poupatempo.","sameAs":["https:\/\/www.linkedin.com\/in\/victoria-anhesini\/"],"url":"https:\/\/www.suno.com.br\/noticias\/author\/victoria\/"}]}},"default_loop_html":"<div class=\"cardsPage__listCard__boxs\"><div class=\"cardsPage__listCard__boxs__img\"><a href=\"https:\/\/www.suno.com.br\/noticias\/doria-novas-medidas-restritivas-em-sp-omicron\/\"><img class=\"mask\" src=\"https:\/\/www.suno.com.br\/noticias\/wp-content\/themes\/suno\/resources\/images\/spotlight\/spotlight1img\/bg-mask.png\" alt=\"Image Mask\"\/><img src=\"https:\/\/files.sunoresearch.com.br\/n\/uploads\/2021\/05\/49884c01-coletiva-doria-400x200.webp\" alt=\"Alta de casos da \u00f4micron: Doria anuncia novas medidas restritivas em SP; veja o que muda\"\/><\/a><span class=\"spotlightCategory\"><a href=\"https:\/\/www.suno.com.br\/noticias\/politica\/\">Pol\u00edtica<\/a><\/span><\/div><div class=\"cardsPage__listCard__boxs__content\"><a href=\"https:\/\/www.suno.com.br\/noticias\/doria-novas-medidas-restritivas-em-sp-omicron\/\"><h2 class=\"content__title\">Alta de casos da \u00f4micron: Doria anuncia novas medidas restritivas em SP; veja o que muda<\/h2><\/a><div class=\"newsContent__article__meta\"><div class=\"newsContent__article__meta__authorBox\"><a href=\"https:\/\/www.suno.com.br\/noticias\/author\/victoria\/\" class=\"authorBox__avatar noMobi\"><img src=\"https:\/\/files.sunoresearch.com.br\/n\/uploads\/2021\/12\/20190129VickyPINEAPPLE01-1-150x150.jpg\" alt=\"Vict\u00f3ria Anhesini\"><\/a><div class=\"authorBox__name\"><span>por\n\t\t\t<a href=\"https:\/\/www.suno.com.br\/noticias\/author\/victoria\/\"><span itemprop=\"author\">Vict\u00f3ria Anhesini<\/span><\/a><\/span><time datetime=\"2022-01-12T14:45:03-03:00\" itemprop=\"datePublished\">12\/01\/2022 14:45<\/time><\/div><\/div><\/div><\/div><\/div>","single_layout":"posts","amp_enabled":true,"_links":{"self":[{"href":"https:\/\/www.suno.com.br\/noticias\/wp-json\/wp\/v2\/posts\/221189"}],"collection":[{"href":"https:\/\/www.suno.com.br\/noticias\/wp-json\/wp\/v2\/posts"}],"about":[{"href":"https:\/\/www.suno.com.br\/noticias\/wp-json\/wp\/v2\/types\/post"}],"author":[{"embeddable":true,"href":"https:\/\/www.suno.com.br\/noticias\/wp-json\/wp\/v2\/users\/146"}],"replies":[{"embeddable":true,"href":"https:\/\/www.suno.com.br\/noticias\/wp-json\/wp\/v2\/comments?post=221189"}],"version-history":[{"count":3,"href":"https:\/\/www.suno.com.br\/noticias\/wp-json\/wp\/v2\/posts\/221189\/revisions"}],"predecessor-version":[{"id":221240,"href":"https:\/\/www.suno.com.br\/noticias\/wp-json\/wp\/v2\/posts\/221189\/revisions\/221240"}],"wp:featuredmedia":[{"embeddable":true,"href":"https:\/\/www.suno.com.br\/noticias\/wp-json\/wp\/v2\/media\/151079"}],"wp:attachment":[{"href":"https:\/\/www.suno.com.br\/noticias\/wp-json\/wp\/v2\/media?parent=221189"}],"wp:term":[{"taxonomy":"category","embeddable":true,"href":"https:\/\/www.suno.com.br\/noticias\/wp-json\/wp\/v2\/categories?post=221189"},{"taxonomy":"post_tag","embeddable":true,"href":"https:\/\/www.suno.com.br\/noticias\/wp-json\/wp\/v2\/tags?post=221189"},{"taxonomy":"suno_strategy","embeddable":true,"href":"https:\/\/www.suno.com.br\/noticias\/wp-json\/wp\/v2\/suno_strategy?post=221189"}],"curies":[{"name":"wp","href":"https:\/\/api.w.org\/{rel}","templated":true}]}}