{"id":22103,"date":"2019-04-24T10:39:27","date_gmt":"2019-04-24T13:39:27","guid":{"rendered":"https:\/\/www.suno.com.br\/noticias\/?p=22103"},"modified":"2019-04-24T10:41:30","modified_gmt":"2019-04-24T13:41:30","slug":"governo-bolsonaro-aprovacao-cni-ibope","status":"publish","type":"post","link":"https:\/\/www.suno.com.br\/noticias\/governo-bolsonaro-aprovacao-cni-ibope\/","title":{"rendered":"Governo Bolsonaro tem 35% de aprova\u00e7\u00e3o, afirma CNI\/Ibope"},"content":{"rendered":"<p>Governo de Jair Bolsonaro \u00e9 considerado bom ou \u00f3timo para 35% dos brasileiros, outros 27% reprovam alegando que a administra\u00e7\u00e3o \u00e9 ruim ou p\u00e9ssima, enquanto 31% dos entrevistados afirmam ser regular, diz pesquisa da Confedera\u00e7\u00e3o Nacional da Ind\u00fastria (CNI)\/ Ibope, divulgada nesta quarta-feira (24).<\/p>\t<div class=\"wrapper-featured-image\">\n\t\t<figure class=\"spotlightImg\">\n\n\t\t\t<picture>\n\t\t\t\t<source media=\"(max-width: 768px)\" srcset=\"https:\/\/files.sunoresearch.com.br\/n\/uploads\/2019\/03\/d0cb8eca-bolsonaro-400x200.webp\">\n\t\t\t\t<img loading=\"lazy\" decoding=\"async\" class=\"newsContent__article__imgCapa lazyloadDisabled newsContent__article__imgCapa--noCaption\" src=\"https:\/\/files.sunoresearch.com.br\/n\/uploads\/2019\/03\/d0cb8eca-bolsonaro-800x450.webp\" width=\"800\" height=\"450\" alt=\"Governo Bolsonaro tem 35% de aprova\u00e7\u00e3o, afirma CNI\/Ibope\" fetchpriority=high \/>\n\t\t\t<\/picture>\n\n\t\t\t<figcaption class=\"wp-caption-text wp-caption-text--hide\">Governo Bolsonaro tem 35% de aprova\u00e7\u00e3o, afirma CNI\/Ibope<\/figcaption>\n\t\t<\/figure>\n\t<\/div>\n\n\n<p>Al\u00e9m disso, a<strong> CNI\/Ibope<\/strong> apontou que a maneira de governar de <strong>Bolsonaro<\/strong> \u00e9 aprovada por 51% dos entrevistados.<\/p>\n\n<p>O maior otimismo entre os entrevistados est\u00e1 naqueles que possuem renda familiar acima de cinco sal\u00e1rios m\u00ednimos, onde 53% acreditam que o governo ser\u00e1 bom ou \u00f3timo. Este \u00e9 o segmento em que Bolsonaro tem maior popularidade.<\/p>\n<h2>Popularidade no 1T de governo<\/h2>\n<p>No entanto, Bolsonaro possui a sexta maior taxa de popularidade no primeiro trimestre de governo, entre nove mandatos presidenciais desde 1990.<\/p>\n<figure id=\"attachment_22117\" aria-describedby=\"caption-attachment-22117\" style=\"width: 631px\" class=\"wp-caption aligncenter\"><img loading=\"lazy\" decoding=\"async\" class=\"size-full wp-image-22117\" src=\"https:\/\/storage.googleapis.com\/wp-noticias\/2019\/04\/80616278-grafico-popularidade-presidente.png\" alt=\"Gr\u00e1fico de popularidade dos presidentes da Rep\u00fablica durante o primeiro trimestre de governo, desde 1990 (Fonte: CNI\/Ibope)\" width=\"631\" height=\"372\" \/><figcaption id=\"caption-attachment-22117\" class=\"wp-caption-text\">Gr\u00e1fico de popularidade dos presidentes da Rep\u00fablica durante o primeiro trimestre de governo, desde 1990 (Fonte: CNI\/Ibope)<\/figcaption><\/figure>\n<h2>Melhores avalia\u00e7\u00f5es do governo Bolsonaro<\/h2>\n<ul>\n<li>Seguran\u00e7a p\u00fablica &#8211; 57% de aprova\u00e7\u00e3o;<\/li>\n<li>Educa\u00e7\u00e3o &#8211; 51% de aprova\u00e7\u00e3o;<\/li>\n<li>Meio Ambiente &#8211; 48% de aprova\u00e7\u00e3o;<\/li>\n<li>Combate \u00e0 infla\u00e7\u00e3o &#8211; 47% de aprova\u00e7\u00e3o.<\/li>\n<\/ul>\n<p><a href=\"https:\/\/www.suno.com.br\/noticias\/governo-oferece-emendas-deputados-previdencia\/\">Saiba mais:\u00a0Governo oferece R$ 40 mi em emendas para deputados a favor da reforma<\/a><\/p>\n<h2>Piores avalia\u00e7\u00f5es do governo Bolsonaro<\/h2>\n<ul>\n<li>Taxa de juros &#8211; 57% de reprova\u00e7\u00e3o;<\/li>\n<li>Impostos &#8211; 56% de reprova\u00e7\u00e3o;<\/li>\n<li>Sa\u00fade &#8211; 51% de reprova\u00e7\u00e3o;<\/li>\n<li>Combate ao desemprego &#8211; 49% de reprova\u00e7\u00e3o;<\/li>\n<li>Combate \u00e0 fome e \u00e0 pobreza &#8211; 47% de reprova\u00e7\u00e3o.<\/li>\n<\/ul>\n<figure id=\"attachment_22127\" aria-describedby=\"caption-attachment-22127\" style=\"width: 570px\" class=\"wp-caption aligncenter\"><img loading=\"lazy\" decoding=\"async\" class=\"size-full wp-image-22127\" src=\"https:\/\/storage.googleapis.com\/wp-noticias\/2019\/04\/a3ba214a-avalia\u00e7\u00e3o-do-governo-bolsonaro-por-\u00e1rea-de-atua\u00e7\u00e3o.jpg\" alt=\"Avalia\u00e7\u00e3o do governo Bolsonaro por \u00e1rea de atua\u00e7\u00e3o (Fonte: CNI\/Ibope)\" width=\"570\" height=\"441\" \/><figcaption id=\"caption-attachment-22127\" class=\"wp-caption-text\">Avalia\u00e7\u00e3o do governo Bolsonaro por \u00e1rea de atua\u00e7\u00e3o (Fonte: CNI\/Ibope)<\/figcaption><\/figure>\n\t<p>\n\t\t<a href=\"https:\/\/lp2.suno.com.br\/onde-investir-2026?utm_campaign=_SNC094D2575_rs.ein26&#038;utm_source=suno.com.br&#038;utm_medium=banner.noticias\" target=\"_blank\" data-element=\"shortcode-suno-banner\" title=\"Banner SUNO, clique e saiba mais\">\n\t\t\t<picture>\n\t\t\t\t<source media=\"(max-width: 500px)\" srcset=\"https:\/\/files.sunoresearch.com.br\/n\/uploads\/2026\/01\/Banner-Materias-01-Mbl_-400x300-1-png.webp\">\n\t\t\t\t<img class=\"newsContent__article__imgCapa newsContent__article__imgCapa--banner\"\n\t\t\t\t\tsrc=\"https:\/\/files.sunoresearch.com.br\/n\/uploads\/2026\/01\/Banner-Materias-01-Dkp_-1420x240-1-png.webp\"\n\t\t\t\t\tdata-promo-id=\"638391\"\t\t\t\t\t\t\t\t\t\twidth='1420' height='240'\t\t\t\t\talt=\"https:\/\/files.sunoresearch.com.br\/n\/uploads\/2026\/01\/Banner-Materias-01-Dkp_-1420x240-1-png.webp\"\n\t\t\t\t>\n\t\t\t<\/picture>\n\t\t<\/a>\n\t<\/p>\n\n\n<p>A pesquisa aponta a avalia\u00e7\u00e3o do <strong>governo<\/strong>. Esta edi\u00e7\u00e3o do primeiro trimestre de 2019 mostra o grau de confian\u00e7a da <strong>popula\u00e7\u00e3o<\/strong> em rela\u00e7\u00e3o ao governo de <strong>Bolsonaro<\/strong> e a aprova\u00e7\u00e3o em nove \u00e1reas de atua\u00e7\u00e3o. Para que fosse realizada, a pesquisa da <strong>CNI\/Ibope<\/strong> ouviu 2 mil pessoas em 126 munic\u00edpios, entre os dias 12 e 15 de abril deste ano.<\/p>\n","protected":false},"excerpt":{"rendered":"<p>Governo de Jair Bolsonaro \u00e9 considerado bom ou \u00f3timo para 35% dos brasileiros, outros 27% reprovam alegando que a administra\u00e7\u00e3o \u00e9 ruim ou p\u00e9ssima, enquanto 31% dos entrevistados afirmam ser regular, diz pesquisa da Confedera\u00e7\u00e3o Nacional da Ind\u00fastria (CNI)\/ Ibope, divulgada nesta quarta-feira (24). Governo Bolsonaro tem 35% de aprova\u00e7\u00e3o, afirma CNI\/Ibope Al\u00e9m disso, a [&hellip;]<\/p>\n","protected":false},"author":11,"featured_media":18599,"comment_status":"closed","ping_status":"closed","sticky":false,"template":"","format":"standard","meta":[],"categories":[61],"tags":[878,860,719],"suno_strategy":[],"class_list":["post-22103","post","type-post","status-publish","format-standard","has-post-thumbnail","hentry","category-politica","tag-cni","tag-ibope","tag-jair-bolsonaro"],"yoast_head":"<!-- This site is optimized with the Yoast SEO plugin v24.4 - https:\/\/yoast.com\/wordpress\/plugins\/seo\/ -->\n<title>Governo Bolsonaro tem 35% de aprova\u00e7\u00e3o, afirma CNI\/Ibope<\/title>\n<meta name=\"description\" content=\"Bolsonaro tem a sexta maior popularidade durante o primeiro trimestre de governo, desde 1990, diz pesquisa. Clique para saber mais.\" \/>\n<meta name=\"robots\" content=\"index, follow, max-snippet:-1, max-image-preview:large, max-video-preview:-1\" \/>\n<link rel=\"canonical\" href=\"https:\/\/www.suno.com.br\/noticias\/governo-bolsonaro-aprovacao-cni-ibope\/\" \/>\n<meta property=\"og:locale\" content=\"pt_BR\" \/>\n<meta property=\"og:type\" content=\"article\" \/>\n<meta property=\"og:title\" content=\"Governo Bolsonaro tem 35% de aprova\u00e7\u00e3o, afirma CNI\/Ibope\" \/>\n<meta property=\"og:description\" content=\"Bolsonaro tem a sexta maior popularidade durante o primeiro trimestre de governo, desde 1990, diz pesquisa. Clique para saber mais.\" \/>\n<meta property=\"og:url\" content=\"https:\/\/www.suno.com.br\/noticias\/governo-bolsonaro-aprovacao-cni-ibope\/\" \/>\n<meta property=\"og:site_name\" content=\"Suno Not\u00edcias\" \/>\n<meta property=\"article:publisher\" content=\"https:\/\/facebook.com\/sunoresearch\" \/>\n<meta property=\"og:image\" content=\"https:\/\/files.sunoresearch.com.br\/n\/uploads\/2019\/03\/d0cb8eca-bolsonaro.jpg\" \/>\n\t<meta property=\"og:image:width\" content=\"1140\" \/>\n\t<meta property=\"og:image:height\" content=\"760\" \/>\n\t<meta property=\"og:image:type\" content=\"image\/jpeg\" \/>\n<meta name=\"author\" content=\"Renan Bandeira\" \/>\n<meta name=\"twitter:card\" content=\"summary_large_image\" \/>\n<meta name=\"twitter:creator\" content=\"@sunoresearch\" \/>\n<meta name=\"twitter:site\" content=\"@sunoresearch\" \/>\n<meta name=\"twitter:label1\" content=\"Escrito por\" \/>\n\t<meta name=\"twitter:data1\" content=\"Renan Bandeira\" \/>\n\t<meta name=\"twitter:label2\" content=\"Est. tempo de leitura\" \/>\n\t<meta name=\"twitter:data2\" content=\"2 minutos\" \/>\n<script type=\"application\/ld+json\" class=\"yoast-schema-graph\">{\"@context\":\"https:\/\/schema.org\",\"@graph\":[{\"@type\":\"NewsArticle\",\"@id\":\"https:\/\/www.suno.com.br\/noticias\/governo-bolsonaro-aprovacao-cni-ibope\/#article\",\"isPartOf\":{\"@id\":\"https:\/\/www.suno.com.br\/noticias\/governo-bolsonaro-aprovacao-cni-ibope\/\"},\"author\":{\"name\":\"Renan Bandeira\",\"@id\":\"https:\/\/www.suno.com.br\/noticias\/#\/schema\/person\/fc144a1c6108bd1dcd43784e88a3c138\"},\"headline\":\"Governo Bolsonaro tem 35% de aprova\u00e7\u00e3o, afirma CNI\/Ibope\",\"datePublished\":\"2019-04-24T13:39:27+00:00\",\"dateModified\":\"2019-04-24T13:41:30+00:00\",\"mainEntityOfPage\":{\"@id\":\"https:\/\/www.suno.com.br\/noticias\/governo-bolsonaro-aprovacao-cni-ibope\/\"},\"wordCount\":332,\"publisher\":{\"@id\":\"https:\/\/www.suno.com.br\/noticias\/#organization\"},\"image\":{\"@id\":\"https:\/\/www.suno.com.br\/noticias\/governo-bolsonaro-aprovacao-cni-ibope\/#primaryimage\"},\"thumbnailUrl\":\"https:\/\/files.sunoresearch.com.br\/n\/uploads\/2019\/03\/d0cb8eca-bolsonaro-jpg.webp\",\"keywords\":[\"CNI\",\"Ibope\",\"Jair Bolsonaro\"],\"articleSection\":[\"Pol\u00edtica\"],\"inLanguage\":\"pt-BR\"},{\"@type\":\"WebPage\",\"@id\":\"https:\/\/www.suno.com.br\/noticias\/governo-bolsonaro-aprovacao-cni-ibope\/\",\"url\":\"https:\/\/www.suno.com.br\/noticias\/governo-bolsonaro-aprovacao-cni-ibope\/\",\"name\":\"Governo Bolsonaro tem 35% de aprova\u00e7\u00e3o, afirma CNI\/Ibope\",\"isPartOf\":{\"@id\":\"https:\/\/www.suno.com.br\/noticias\/#website\"},\"primaryImageOfPage\":{\"@id\":\"https:\/\/www.suno.com.br\/noticias\/governo-bolsonaro-aprovacao-cni-ibope\/#primaryimage\"},\"image\":{\"@id\":\"https:\/\/www.suno.com.br\/noticias\/governo-bolsonaro-aprovacao-cni-ibope\/#primaryimage\"},\"thumbnailUrl\":\"https:\/\/files.sunoresearch.com.br\/n\/uploads\/2019\/03\/d0cb8eca-bolsonaro-jpg.webp\",\"datePublished\":\"2019-04-24T13:39:27+00:00\",\"dateModified\":\"2019-04-24T13:41:30+00:00\",\"description\":\"Bolsonaro tem a sexta maior popularidade durante o primeiro trimestre de governo, desde 1990, diz pesquisa. Clique para saber mais.\",\"breadcrumb\":{\"@id\":\"https:\/\/www.suno.com.br\/noticias\/governo-bolsonaro-aprovacao-cni-ibope\/#breadcrumb\"},\"inLanguage\":\"pt-BR\",\"potentialAction\":[{\"@type\":\"ReadAction\",\"target\":[\"https:\/\/www.suno.com.br\/noticias\/governo-bolsonaro-aprovacao-cni-ibope\/\"]}]},{\"@type\":\"ImageObject\",\"inLanguage\":\"pt-BR\",\"@id\":\"https:\/\/www.suno.com.br\/noticias\/governo-bolsonaro-aprovacao-cni-ibope\/#primaryimage\",\"url\":\"https:\/\/files.sunoresearch.com.br\/n\/uploads\/2019\/03\/d0cb8eca-bolsonaro-jpg.webp\",\"contentUrl\":\"https:\/\/files.sunoresearch.com.br\/n\/uploads\/2019\/03\/d0cb8eca-bolsonaro-jpg.webp\",\"width\":1140,\"height\":760,\"caption\":\"Governo Bolsonaro tem 35% de aprova\u00e7\u00e3o, afirma CNI\/Ibope\"},{\"@type\":\"BreadcrumbList\",\"@id\":\"https:\/\/www.suno.com.br\/noticias\/governo-bolsonaro-aprovacao-cni-ibope\/#breadcrumb\",\"itemListElement\":[{\"@type\":\"ListItem\",\"position\":1,\"name\":\"Not\u00edcias\",\"item\":\"https:\/\/www.suno.com.br\/noticias\/\"},{\"@type\":\"ListItem\",\"position\":2,\"name\":\"Pol\u00edtica\",\"item\":\"https:\/\/www.suno.com.br\/noticias\/politica\/\"},{\"@type\":\"ListItem\",\"position\":3,\"name\":\"Governo Bolsonaro tem 35% de aprova\u00e7\u00e3o, afirma CNI\/Ibope\"}]},{\"@type\":\"WebSite\",\"@id\":\"https:\/\/www.suno.com.br\/noticias\/#website\",\"url\":\"https:\/\/www.suno.com.br\/noticias\/\",\"name\":\"Suno Not\u00edcias\",\"description\":\"Seu portal de informa\u00e7\u00e3o sobre o mundo dos investimentos\",\"publisher\":{\"@id\":\"https:\/\/www.suno.com.br\/noticias\/#organization\"},\"potentialAction\":[{\"@type\":\"SearchAction\",\"target\":{\"@type\":\"EntryPoint\",\"urlTemplate\":\"https:\/\/www.suno.com.br\/noticias\/?s={search_term_string}\"},\"query-input\":{\"@type\":\"PropertyValueSpecification\",\"valueRequired\":true,\"valueName\":\"search_term_string\"}}],\"inLanguage\":\"pt-BR\"},{\"@type\":\"Organization\",\"@id\":\"https:\/\/www.suno.com.br\/noticias\/#organization\",\"name\":\"Suno Not\u00edcias\",\"url\":\"https:\/\/www.suno.com.br\/noticias\/\",\"logo\":{\"@type\":\"ImageObject\",\"inLanguage\":\"pt-BR\",\"@id\":\"https:\/\/www.suno.com.br\/noticias\/#\/schema\/logo\/image\/\",\"url\":\"https:\/\/files.sunoresearch.com.br\/n\/uploads\/2021\/09\/suno-logo.png\",\"contentUrl\":\"https:\/\/files.sunoresearch.com.br\/n\/uploads\/2021\/09\/suno-logo.png\",\"width\":180,\"height\":180,\"caption\":\"Suno Not\u00edcias\"},\"image\":{\"@id\":\"https:\/\/www.suno.com.br\/noticias\/#\/schema\/logo\/image\/\"},\"sameAs\":[\"https:\/\/facebook.com\/sunoresearch\",\"https:\/\/x.com\/sunoresearch\",\"https:\/\/www.instagram.com\/suno\",\"https:\/\/www.linkedin.com\/company\/suno-research\/\",\"https:\/\/www.youtube.com\/c\/sunoresearch\"]},{\"@type\":\"Person\",\"@id\":\"https:\/\/www.suno.com.br\/noticias\/#\/schema\/person\/fc144a1c6108bd1dcd43784e88a3c138\",\"name\":\"Renan Bandeira\",\"image\":{\"@type\":\"ImageObject\",\"inLanguage\":\"pt-BR\",\"@id\":\"https:\/\/www.suno.com.br\/noticias\/#\/schema\/person\/image\/\",\"url\":\"https:\/\/secure.gravatar.com\/avatar\/68359cdb608f14f11bbefcb78f3fc747?s=96&r=g\",\"contentUrl\":\"https:\/\/secure.gravatar.com\/avatar\/68359cdb608f14f11bbefcb78f3fc747?s=96&r=g\",\"caption\":\"Renan Bandeira\"},\"description\":\"Renan Bandeira escreve sobre pol\u00edtica e economia para o portal da Suno Research. Antes da Suno, trabalhou em uma rede de televis\u00e3o, onde fazia reportagens sobre os mesmos temas. Estuda na Universidade Metodista de S\u00e3o Paulo.\",\"url\":\"https:\/\/www.suno.com.br\/noticias\/author\/renan-bandeira\/\"}]}<\/script>\n<!-- \/ Yoast SEO plugin. -->","yoast_head_json":{"title":"Governo Bolsonaro tem 35% de aprova\u00e7\u00e3o, afirma CNI\/Ibope","description":"Bolsonaro tem a sexta maior popularidade durante o primeiro trimestre de governo, desde 1990, diz pesquisa. Clique para saber mais.","robots":{"index":"index","follow":"follow","max-snippet":"max-snippet:-1","max-image-preview":"max-image-preview:large","max-video-preview":"max-video-preview:-1"},"canonical":"https:\/\/www.suno.com.br\/noticias\/governo-bolsonaro-aprovacao-cni-ibope\/","og_locale":"pt_BR","og_type":"article","og_title":"Governo Bolsonaro tem 35% de aprova\u00e7\u00e3o, afirma CNI\/Ibope","og_description":"Bolsonaro tem a sexta maior popularidade durante o primeiro trimestre de governo, desde 1990, diz pesquisa. Clique para saber mais.","og_url":"https:\/\/www.suno.com.br\/noticias\/governo-bolsonaro-aprovacao-cni-ibope\/","og_site_name":"Suno Not\u00edcias","article_publisher":"https:\/\/facebook.com\/sunoresearch","og_image":[{"width":1140,"height":760,"url":"https:\/\/files.sunoresearch.com.br\/n\/uploads\/2019\/03\/d0cb8eca-bolsonaro.jpg","type":"image\/jpeg"}],"author":"Renan Bandeira","twitter_card":"summary_large_image","twitter_creator":"@sunoresearch","twitter_site":"@sunoresearch","twitter_misc":{"Escrito por":"Renan Bandeira","Est. tempo de leitura":"2 minutos"},"schema":{"@context":"https:\/\/schema.org","@graph":[{"@type":"NewsArticle","@id":"https:\/\/www.suno.com.br\/noticias\/governo-bolsonaro-aprovacao-cni-ibope\/#article","isPartOf":{"@id":"https:\/\/www.suno.com.br\/noticias\/governo-bolsonaro-aprovacao-cni-ibope\/"},"author":{"name":"Renan Bandeira","@id":"https:\/\/www.suno.com.br\/noticias\/#\/schema\/person\/fc144a1c6108bd1dcd43784e88a3c138"},"headline":"Governo Bolsonaro tem 35% de aprova\u00e7\u00e3o, afirma CNI\/Ibope","datePublished":"2019-04-24T13:39:27+00:00","dateModified":"2019-04-24T13:41:30+00:00","mainEntityOfPage":{"@id":"https:\/\/www.suno.com.br\/noticias\/governo-bolsonaro-aprovacao-cni-ibope\/"},"wordCount":332,"publisher":{"@id":"https:\/\/www.suno.com.br\/noticias\/#organization"},"image":{"@id":"https:\/\/www.suno.com.br\/noticias\/governo-bolsonaro-aprovacao-cni-ibope\/#primaryimage"},"thumbnailUrl":"https:\/\/files.sunoresearch.com.br\/n\/uploads\/2019\/03\/d0cb8eca-bolsonaro-jpg.webp","keywords":["CNI","Ibope","Jair Bolsonaro"],"articleSection":["Pol\u00edtica"],"inLanguage":"pt-BR"},{"@type":"WebPage","@id":"https:\/\/www.suno.com.br\/noticias\/governo-bolsonaro-aprovacao-cni-ibope\/","url":"https:\/\/www.suno.com.br\/noticias\/governo-bolsonaro-aprovacao-cni-ibope\/","name":"Governo Bolsonaro tem 35% de aprova\u00e7\u00e3o, afirma CNI\/Ibope","isPartOf":{"@id":"https:\/\/www.suno.com.br\/noticias\/#website"},"primaryImageOfPage":{"@id":"https:\/\/www.suno.com.br\/noticias\/governo-bolsonaro-aprovacao-cni-ibope\/#primaryimage"},"image":{"@id":"https:\/\/www.suno.com.br\/noticias\/governo-bolsonaro-aprovacao-cni-ibope\/#primaryimage"},"thumbnailUrl":"https:\/\/files.sunoresearch.com.br\/n\/uploads\/2019\/03\/d0cb8eca-bolsonaro-jpg.webp","datePublished":"2019-04-24T13:39:27+00:00","dateModified":"2019-04-24T13:41:30+00:00","description":"Bolsonaro tem a sexta maior popularidade durante o primeiro trimestre de governo, desde 1990, diz pesquisa. Clique para saber mais.","breadcrumb":{"@id":"https:\/\/www.suno.com.br\/noticias\/governo-bolsonaro-aprovacao-cni-ibope\/#breadcrumb"},"inLanguage":"pt-BR","potentialAction":[{"@type":"ReadAction","target":["https:\/\/www.suno.com.br\/noticias\/governo-bolsonaro-aprovacao-cni-ibope\/"]}]},{"@type":"ImageObject","inLanguage":"pt-BR","@id":"https:\/\/www.suno.com.br\/noticias\/governo-bolsonaro-aprovacao-cni-ibope\/#primaryimage","url":"https:\/\/files.sunoresearch.com.br\/n\/uploads\/2019\/03\/d0cb8eca-bolsonaro-jpg.webp","contentUrl":"https:\/\/files.sunoresearch.com.br\/n\/uploads\/2019\/03\/d0cb8eca-bolsonaro-jpg.webp","width":1140,"height":760,"caption":"Governo Bolsonaro tem 35% de aprova\u00e7\u00e3o, afirma CNI\/Ibope"},{"@type":"BreadcrumbList","@id":"https:\/\/www.suno.com.br\/noticias\/governo-bolsonaro-aprovacao-cni-ibope\/#breadcrumb","itemListElement":[{"@type":"ListItem","position":1,"name":"Not\u00edcias","item":"https:\/\/www.suno.com.br\/noticias\/"},{"@type":"ListItem","position":2,"name":"Pol\u00edtica","item":"https:\/\/www.suno.com.br\/noticias\/politica\/"},{"@type":"ListItem","position":3,"name":"Governo Bolsonaro tem 35% de aprova\u00e7\u00e3o, afirma CNI\/Ibope"}]},{"@type":"WebSite","@id":"https:\/\/www.suno.com.br\/noticias\/#website","url":"https:\/\/www.suno.com.br\/noticias\/","name":"Suno Not\u00edcias","description":"Seu portal de informa\u00e7\u00e3o sobre o mundo dos investimentos","publisher":{"@id":"https:\/\/www.suno.com.br\/noticias\/#organization"},"potentialAction":[{"@type":"SearchAction","target":{"@type":"EntryPoint","urlTemplate":"https:\/\/www.suno.com.br\/noticias\/?s={search_term_string}"},"query-input":{"@type":"PropertyValueSpecification","valueRequired":true,"valueName":"search_term_string"}}],"inLanguage":"pt-BR"},{"@type":"Organization","@id":"https:\/\/www.suno.com.br\/noticias\/#organization","name":"Suno Not\u00edcias","url":"https:\/\/www.suno.com.br\/noticias\/","logo":{"@type":"ImageObject","inLanguage":"pt-BR","@id":"https:\/\/www.suno.com.br\/noticias\/#\/schema\/logo\/image\/","url":"https:\/\/files.sunoresearch.com.br\/n\/uploads\/2021\/09\/suno-logo.png","contentUrl":"https:\/\/files.sunoresearch.com.br\/n\/uploads\/2021\/09\/suno-logo.png","width":180,"height":180,"caption":"Suno Not\u00edcias"},"image":{"@id":"https:\/\/www.suno.com.br\/noticias\/#\/schema\/logo\/image\/"},"sameAs":["https:\/\/facebook.com\/sunoresearch","https:\/\/x.com\/sunoresearch","https:\/\/www.instagram.com\/suno","https:\/\/www.linkedin.com\/company\/suno-research\/","https:\/\/www.youtube.com\/c\/sunoresearch"]},{"@type":"Person","@id":"https:\/\/www.suno.com.br\/noticias\/#\/schema\/person\/fc144a1c6108bd1dcd43784e88a3c138","name":"Renan Bandeira","image":{"@type":"ImageObject","inLanguage":"pt-BR","@id":"https:\/\/www.suno.com.br\/noticias\/#\/schema\/person\/image\/","url":"https:\/\/secure.gravatar.com\/avatar\/68359cdb608f14f11bbefcb78f3fc747?s=96&r=g","contentUrl":"https:\/\/secure.gravatar.com\/avatar\/68359cdb608f14f11bbefcb78f3fc747?s=96&r=g","caption":"Renan Bandeira"},"description":"Renan Bandeira escreve sobre pol\u00edtica e economia para o portal da Suno Research. Antes da Suno, trabalhou em uma rede de televis\u00e3o, onde fazia reportagens sobre os mesmos temas. Estuda na Universidade Metodista de S\u00e3o Paulo.","url":"https:\/\/www.suno.com.br\/noticias\/author\/renan-bandeira\/"}]}},"default_loop_html":"<div class=\"cardsPage__listCard__boxs\"><div class=\"cardsPage__listCard__boxs__img\"><a href=\"https:\/\/www.suno.com.br\/noticias\/governo-bolsonaro-aprovacao-cni-ibope\/\"><img class=\"mask\" src=\"https:\/\/www.suno.com.br\/noticias\/wp-content\/themes\/suno\/resources\/images\/spotlight\/spotlight1img\/bg-mask.png\" alt=\"Image Mask\"\/><img src=\"https:\/\/files.sunoresearch.com.br\/n\/uploads\/2019\/03\/d0cb8eca-bolsonaro-400x200.webp\" alt=\"Governo Bolsonaro tem 35% de aprova\u00e7\u00e3o, afirma CNI\/Ibope\"\/><\/a><span class=\"spotlightCategory\"><a href=\"https:\/\/www.suno.com.br\/noticias\/politica\/\">Pol\u00edtica<\/a><\/span><\/div><div class=\"cardsPage__listCard__boxs__content\"><a href=\"https:\/\/www.suno.com.br\/noticias\/governo-bolsonaro-aprovacao-cni-ibope\/\"><h2 class=\"content__title\">Governo Bolsonaro tem 35% de aprova\u00e7\u00e3o, afirma CNI\/Ibope<\/h2><\/a><div class=\"newsContent__article__meta\"><div class=\"newsContent__article__meta__authorBox\"><a href=\"https:\/\/www.suno.com.br\/noticias\/author\/renan-bandeira\/\" class=\"authorBox__avatar noMobi\"><img src=\"https:\/\/secure.gravatar.com\/avatar\/68359cdb608f14f11bbefcb78f3fc747?s=96&#038;r=g\" alt=\"Renan Bandeira\"><\/a><div class=\"authorBox__name\"><span>por\n\t\t\t<a href=\"https:\/\/www.suno.com.br\/noticias\/author\/renan-bandeira\/\"><span itemprop=\"author\">Renan Bandeira<\/span><\/a><\/span><time datetime=\"2019-04-24T10:39:27-03:00\" itemprop=\"datePublished\">24\/04\/2019 10:39<\/time><\/div><\/div><\/div><\/div><\/div>","single_layout":"posts","amp_enabled":true,"_links":{"self":[{"href":"https:\/\/www.suno.com.br\/noticias\/wp-json\/wp\/v2\/posts\/22103"}],"collection":[{"href":"https:\/\/www.suno.com.br\/noticias\/wp-json\/wp\/v2\/posts"}],"about":[{"href":"https:\/\/www.suno.com.br\/noticias\/wp-json\/wp\/v2\/types\/post"}],"author":[{"embeddable":true,"href":"https:\/\/www.suno.com.br\/noticias\/wp-json\/wp\/v2\/users\/11"}],"replies":[{"embeddable":true,"href":"https:\/\/www.suno.com.br\/noticias\/wp-json\/wp\/v2\/comments?post=22103"}],"version-history":[{"count":0,"href":"https:\/\/www.suno.com.br\/noticias\/wp-json\/wp\/v2\/posts\/22103\/revisions"}],"wp:featuredmedia":[{"embeddable":true,"href":"https:\/\/www.suno.com.br\/noticias\/wp-json\/wp\/v2\/media\/18599"}],"wp:attachment":[{"href":"https:\/\/www.suno.com.br\/noticias\/wp-json\/wp\/v2\/media?parent=22103"}],"wp:term":[{"taxonomy":"category","embeddable":true,"href":"https:\/\/www.suno.com.br\/noticias\/wp-json\/wp\/v2\/categories?post=22103"},{"taxonomy":"post_tag","embeddable":true,"href":"https:\/\/www.suno.com.br\/noticias\/wp-json\/wp\/v2\/tags?post=22103"},{"taxonomy":"suno_strategy","embeddable":true,"href":"https:\/\/www.suno.com.br\/noticias\/wp-json\/wp\/v2\/suno_strategy?post=22103"}],"curies":[{"name":"wp","href":"https:\/\/api.w.org\/{rel}","templated":true}]}}