{"id":22100,"date":"2019-04-24T09:34:03","date_gmt":"2019-04-24T12:34:03","guid":{"rendered":"https:\/\/www.suno.com.br\/noticias\/?p=22100"},"modified":"2021-07-11T16:10:19","modified_gmt":"2021-07-11T19:10:19","slug":"43-mil-vagas-emprego-fechadas-marco","status":"publish","type":"post","link":"https:\/\/www.suno.com.br\/noticias\/43-mil-vagas-emprego-fechadas-marco\/","title":{"rendered":"Mais de 43 mil vagas de emprego s\u00e3o fechadas no Brasil em mar\u00e7o"},"content":{"rendered":"<p>Em mar\u00e7o, 43.196 vagas formais de emprego foram fechadas no Brasil. O n\u00famero divulgado nesta quarta-feira (24) pelo\u00a0<strong>Cadastro Geral de Empregados e Desempregados (Caged)<\/strong> \u00e9 negativo em rela\u00e7\u00e3o ao \u00faltimo ano.<\/p>\t<div class=\"wrapper-featured-image\">\n\t\t<figure class=\"spotlightImg\">\n\n\t\t\t<picture>\n\t\t\t\t<source media=\"(max-width: 768px)\" srcset=\"https:\/\/files.sunoresearch.com.br\/n\/uploads\/2019\/08\/83d6b7aa-desemprego-400x200.webp\">\n\t\t\t\t<img loading=\"lazy\" decoding=\"async\" class=\"newsContent__article__imgCapa lazyloadDisabled newsContent__article__imgCapa--noCaption\" src=\"https:\/\/files.sunoresearch.com.br\/n\/uploads\/2019\/08\/83d6b7aa-desemprego-800x450.webp\" width=\"800\" height=\"450\" alt=\"Mais de 43 mil vagas de emprego s\u00e3o fechadas no Brasil em mar\u00e7o\" fetchpriority=high \/>\n\t\t\t<\/picture>\n\n\t\t\t<figcaption class=\"wp-caption-text wp-caption-text--hide\">Taxa de desemprego recua 8,9% no trimestre. Foto: reprodu\u00e7\u00e3o.<\/figcaption>\n\t\t<\/figure>\n\t<\/div>\n\n\n<p>No mesmo m\u00eas em 2018, foram abertas mais de 56 mil vagas de <strong>emprego.<\/strong> O registro divulgado nesta quarta pelo <strong>Minist\u00e9rio da Economia<\/strong> foi muito abaixo das proje\u00e7\u00f5es. Analistas esperavam que o resultado fosse de abertura de 79 mil postos de trabalho formal.<\/p>\n\n<p>Foram feitas 1.216.177 contrata\u00e7\u00f5es. J\u00e1 as demiss\u00f5es atingiram 1.304.373 pessoas. O resultado \u00e9 o primeiro saldo negativo desde dezembro de 2018, quando foram fechadas\u00a0341.621 vagas com carteira assinada.<\/p>\n<p><a href=\"https:\/\/www.suno.com.br\/noticias\/desemprego-brasil-sobe-demissoes-funcionarios-temporarios\/\">Saiba Mais: Desemprego no Brasil sobe com demiss\u00f5es de funcion\u00e1rios tempor\u00e1rios<\/a><\/p>\n<p>Os n\u00fameros do emprego para mar\u00e7o tamb\u00e9m s\u00e3o os piores desde 2017. No per\u00edodo, houve\u00a062.624 demiss\u00f5es.<\/p>\n<h2>Saldo do primeiro trimestre<\/h2>\n<p>Apesar do resultado negativo em mar\u00e7o, o saldo \u00e9 positivo no acumulado dos tr\u00eas primeiros meses do ano. De janeiro a mar\u00e7o foram abertas um total de\u00a0179.543 vagas formais de <strong>emprego<\/strong>.<\/p>\n<p>Os n\u00fameros tamb\u00e9m s\u00e3o positivos se considerados os \u00faltimos 12 meses, com a cria\u00e7\u00e3o de\u00a0472.117 empregos.<\/p>\n<p><a href=\"https:\/\/www.suno.com.br\/noticias\/ibge-desemprego-chega-12-em-janeiro\/\">Saiba Mais: IBGE: desemprego chega a 12% em janeiro<\/a><\/p>\n<p>Os dados do <strong>Minist\u00e9rio da Economia\u00a0<\/strong>mostram que cinco setores apresentaram fechamento de vagas:<\/p>\n<ul class=\"content-unordered-list\">\n<li>Ind\u00fastria de Transforma\u00e7\u00e3o: 3.080<\/li>\n<li>Agropecu\u00e1ria: 9.545<\/li>\n<li>Constru\u00e7\u00e3o Civil: 7.781<\/li>\n<li>Com\u00e9rcio: 28.803<\/li>\n<li>Servi\u00e7os Industriais de Utilidade P\u00fablica: 662<\/li>\n<\/ul>\n<p>J\u00e1 as \u00e1reas que tiveram vagas de <strong>emprego<\/strong> abertas foram:<\/p>\n<ul>\n<li>Administra\u00e7\u00e3o P\u00fablica: 1.575<\/li>\n<li>Servi\u00e7os: 4.572<\/li>\n<li>Extrativa Mineral: 528<\/li>\n<\/ul>\n<p>Os n\u00fameros tamb\u00e9m s\u00e3o segmentados por regi\u00f5es do Pa\u00eds, e todas tiveram saldo negativos de <strong>emprego<\/strong> em mar\u00e7o.<\/p>\n<p><a href=\"https:\/\/www.suno.com.br\/noticias\/eua-geram-empregos-fevereiro\/\">Saiba Mais: EUA geram 20 mil empregos em fevereiro; Previs\u00e3o era de 180 mil vagas<\/a><\/p>\n<ul>\n<li>O <strong>Nordeste<\/strong> foi o local que mais perdeu <strong>empregos<\/strong>\u00a0(23.728 vagas fechadas);<\/li>\n<li>seguido do Sudeste (10.673 vagas fechadas);<\/li>\n<li>depois o Norte (5.341 vagas fechadas);<\/li>\n<li>o Sul (1.748 vagas fechadas);<\/li>\n<li>e, por \u00faltimo, o Centro-Oeste (1.706 vagas fechadas).<\/li>\n<\/ul>\n\t<p>\n\t\t<a href=\"https:\/\/lp2.suno.com.br\/cl\/black-friday-2025\/?utm_campaign=_SNCDF0E4858_\" target=\"_blank\" data-element=\"shortcode-suno-banner\" title=\"Banner SUNO, clique e saiba mais\">\n\t\t\t<picture>\n\t\t\t\t<source media=\"(max-width: 500px)\" srcset=\"https:\/\/files.sunoresearch.com.br\/n\/uploads\/2025\/10\/Artigos-e-Noticias-Banner-Home-artigos-01-Mobile_-400x300-1-png.webp\">\n\t\t\t\t<img class=\"newsContent__article__imgCapa newsContent__article__imgCapa--banner\"\n\t\t\t\t\tsrc=\"https:\/\/files.sunoresearch.com.br\/n\/uploads\/2025\/10\/Artigos-e-Noticias-Banner-Home-artigos-01-Desktop_-1420x240-1-png.webp\"\n\t\t\t\t\tdata-promo-id=\"311259\"\t\t\t\t\t\t\t\t\t\twidth='1420' height='240'\t\t\t\t\talt=\"https:\/\/files.sunoresearch.com.br\/n\/uploads\/2025\/10\/Artigos-e-Noticias-Banner-Home-artigos-01-Desktop_-1420x240-1-png.webp\"\n\t\t\t\t>\n\t\t\t<\/picture>\n\t\t<\/a>\n\t<\/p>\n\n\n<p>J\u00e1 as vagas de trabalho intermitente apresentaram um saldo positivo. Segundo o <strong>Minist\u00e9rio da Economia,\u00a0<\/strong>6.041 novas vagas de <strong>emprego<\/strong>\u00a0foram abertas. Na modalidade, as admiss\u00f5es somaram\u00a010.328 e as demiss\u00e3o,\u00a04.287.<\/p>\n<p>&nbsp;<\/p>\n<p>&nbsp;<\/p>\n","protected":false},"excerpt":{"rendered":"<p>Em mar\u00e7o, 43.196 vagas formais de emprego foram fechadas no Brasil. O n\u00famero divulgado nesta quarta-feira (24) pelo\u00a0Cadastro Geral de Empregados e Desempregados (Caged) \u00e9 negativo em rela\u00e7\u00e3o ao \u00faltimo ano. Taxa de desemprego recua 8,9% no trimestre. Foto: reprodu\u00e7\u00e3o. No mesmo m\u00eas em 2018, foram abertas mais de 56 mil vagas de emprego. O [&hellip;]<\/p>\n","protected":false},"author":16,"featured_media":35910,"comment_status":"closed","ping_status":"closed","sticky":false,"template":"","format":"standard","meta":[],"categories":[62],"tags":[740,909],"suno_strategy":[],"class_list":["post-22100","post","type-post","status-publish","format-standard","has-post-thumbnail","hentry","category-economia","tag-economia","tag-ministerio-da-economia"],"yoast_head":"<!-- This site is optimized with the Yoast SEO plugin v24.4 - https:\/\/yoast.com\/wordpress\/plugins\/seo\/ -->\n<title>Mais de 43 mil vagas de emprego s\u00e3o fechadas no Brasil em mar\u00e7o<\/title>\n<meta name=\"description\" content=\"O saldo de empregos no m\u00eas de mar\u00e7o \u00e9 o pior em tr\u00eas meses, mas no acumulado do trimestre os n\u00fameros s\u00e3o positivos. Saiba mais.\" \/>\n<meta name=\"robots\" content=\"index, follow, max-snippet:-1, max-image-preview:large, max-video-preview:-1\" \/>\n<link rel=\"canonical\" href=\"https:\/\/www.suno.com.br\/noticias\/43-mil-vagas-emprego-fechadas-marco\/\" \/>\n<meta property=\"og:locale\" content=\"pt_BR\" \/>\n<meta property=\"og:type\" content=\"article\" \/>\n<meta property=\"og:title\" content=\"Mais de 43 mil vagas de emprego s\u00e3o fechadas no Brasil em mar\u00e7o\" \/>\n<meta property=\"og:description\" content=\"O saldo de empregos no m\u00eas de mar\u00e7o \u00e9 o pior em tr\u00eas meses, mas no acumulado do trimestre os n\u00fameros s\u00e3o positivos. Saiba mais.\" \/>\n<meta property=\"og:url\" content=\"https:\/\/www.suno.com.br\/noticias\/43-mil-vagas-emprego-fechadas-marco\/\" \/>\n<meta property=\"og:site_name\" content=\"Suno Not\u00edcias\" \/>\n<meta property=\"article:publisher\" content=\"https:\/\/facebook.com\/sunoresearch\" \/>\n<meta property=\"og:image\" content=\"https:\/\/files.sunoresearch.com.br\/n\/uploads\/2019\/08\/83d6b7aa-desemprego.jpeg\" \/>\n\t<meta property=\"og:image:width\" content=\"1400\" \/>\n\t<meta property=\"og:image:height\" content=\"960\" \/>\n\t<meta property=\"og:image:type\" content=\"image\/jpeg\" \/>\n<meta name=\"author\" content=\"Beatriz Oliveira\" \/>\n<meta name=\"twitter:card\" content=\"summary_large_image\" \/>\n<meta name=\"twitter:creator\" content=\"@sunoresearch\" \/>\n<meta name=\"twitter:site\" content=\"@sunoresearch\" \/>\n<meta name=\"twitter:label1\" content=\"Escrito por\" \/>\n\t<meta name=\"twitter:data1\" content=\"Beatriz Oliveira\" \/>\n\t<meta name=\"twitter:label2\" content=\"Est. tempo de leitura\" \/>\n\t<meta name=\"twitter:data2\" content=\"2 minutos\" \/>\n<script type=\"application\/ld+json\" class=\"yoast-schema-graph\">{\"@context\":\"https:\/\/schema.org\",\"@graph\":[{\"@type\":\"NewsArticle\",\"@id\":\"https:\/\/www.suno.com.br\/noticias\/43-mil-vagas-emprego-fechadas-marco\/#article\",\"isPartOf\":{\"@id\":\"https:\/\/www.suno.com.br\/noticias\/43-mil-vagas-emprego-fechadas-marco\/\"},\"author\":{\"name\":\"Beatriz Oliveira\",\"@id\":\"https:\/\/www.suno.com.br\/noticias\/#\/schema\/person\/e67f665add014bf99f644028de070cc3\"},\"headline\":\"Mais de 43 mil vagas de emprego s\u00e3o fechadas no Brasil em mar\u00e7o\",\"datePublished\":\"2019-04-24T12:34:03+00:00\",\"dateModified\":\"2021-07-11T19:10:19+00:00\",\"mainEntityOfPage\":{\"@id\":\"https:\/\/www.suno.com.br\/noticias\/43-mil-vagas-emprego-fechadas-marco\/\"},\"wordCount\":375,\"publisher\":{\"@id\":\"https:\/\/www.suno.com.br\/noticias\/#organization\"},\"image\":{\"@id\":\"https:\/\/www.suno.com.br\/noticias\/43-mil-vagas-emprego-fechadas-marco\/#primaryimage\"},\"thumbnailUrl\":\"https:\/\/files.sunoresearch.com.br\/n\/uploads\/2019\/08\/83d6b7aa-desemprego-jpeg.webp\",\"keywords\":[\"Economia\",\"Minist\u00e9rio da Economia\"],\"articleSection\":[\"Economia\"],\"inLanguage\":\"pt-BR\"},{\"@type\":\"WebPage\",\"@id\":\"https:\/\/www.suno.com.br\/noticias\/43-mil-vagas-emprego-fechadas-marco\/\",\"url\":\"https:\/\/www.suno.com.br\/noticias\/43-mil-vagas-emprego-fechadas-marco\/\",\"name\":\"Mais de 43 mil vagas de emprego s\u00e3o fechadas no Brasil em mar\u00e7o\",\"isPartOf\":{\"@id\":\"https:\/\/www.suno.com.br\/noticias\/#website\"},\"primaryImageOfPage\":{\"@id\":\"https:\/\/www.suno.com.br\/noticias\/43-mil-vagas-emprego-fechadas-marco\/#primaryimage\"},\"image\":{\"@id\":\"https:\/\/www.suno.com.br\/noticias\/43-mil-vagas-emprego-fechadas-marco\/#primaryimage\"},\"thumbnailUrl\":\"https:\/\/files.sunoresearch.com.br\/n\/uploads\/2019\/08\/83d6b7aa-desemprego-jpeg.webp\",\"datePublished\":\"2019-04-24T12:34:03+00:00\",\"dateModified\":\"2021-07-11T19:10:19+00:00\",\"description\":\"O saldo de empregos no m\u00eas de mar\u00e7o \u00e9 o pior em tr\u00eas meses, mas no acumulado do trimestre os n\u00fameros s\u00e3o positivos. Saiba mais.\",\"breadcrumb\":{\"@id\":\"https:\/\/www.suno.com.br\/noticias\/43-mil-vagas-emprego-fechadas-marco\/#breadcrumb\"},\"inLanguage\":\"pt-BR\",\"potentialAction\":[{\"@type\":\"ReadAction\",\"target\":[\"https:\/\/www.suno.com.br\/noticias\/43-mil-vagas-emprego-fechadas-marco\/\"]}]},{\"@type\":\"ImageObject\",\"inLanguage\":\"pt-BR\",\"@id\":\"https:\/\/www.suno.com.br\/noticias\/43-mil-vagas-emprego-fechadas-marco\/#primaryimage\",\"url\":\"https:\/\/files.sunoresearch.com.br\/n\/uploads\/2019\/08\/83d6b7aa-desemprego-jpeg.webp\",\"contentUrl\":\"https:\/\/files.sunoresearch.com.br\/n\/uploads\/2019\/08\/83d6b7aa-desemprego-jpeg.webp\",\"width\":1400,\"height\":960,\"caption\":\"Taxa de desemprego recua 8,9% no trimestre. Foto: reprodu\u00e7\u00e3o.\"},{\"@type\":\"BreadcrumbList\",\"@id\":\"https:\/\/www.suno.com.br\/noticias\/43-mil-vagas-emprego-fechadas-marco\/#breadcrumb\",\"itemListElement\":[{\"@type\":\"ListItem\",\"position\":1,\"name\":\"Not\u00edcias\",\"item\":\"https:\/\/www.suno.com.br\/noticias\/\"},{\"@type\":\"ListItem\",\"position\":2,\"name\":\"Economia\",\"item\":\"https:\/\/www.suno.com.br\/noticias\/economia\/\"},{\"@type\":\"ListItem\",\"position\":3,\"name\":\"Mais de 43 mil vagas de emprego s\u00e3o fechadas no Brasil em mar\u00e7o\"}]},{\"@type\":\"WebSite\",\"@id\":\"https:\/\/www.suno.com.br\/noticias\/#website\",\"url\":\"https:\/\/www.suno.com.br\/noticias\/\",\"name\":\"Suno Not\u00edcias\",\"description\":\"Seu portal de informa\u00e7\u00e3o sobre o mundo dos investimentos\",\"publisher\":{\"@id\":\"https:\/\/www.suno.com.br\/noticias\/#organization\"},\"potentialAction\":[{\"@type\":\"SearchAction\",\"target\":{\"@type\":\"EntryPoint\",\"urlTemplate\":\"https:\/\/www.suno.com.br\/noticias\/?s={search_term_string}\"},\"query-input\":{\"@type\":\"PropertyValueSpecification\",\"valueRequired\":true,\"valueName\":\"search_term_string\"}}],\"inLanguage\":\"pt-BR\"},{\"@type\":\"Organization\",\"@id\":\"https:\/\/www.suno.com.br\/noticias\/#organization\",\"name\":\"Suno Not\u00edcias\",\"url\":\"https:\/\/www.suno.com.br\/noticias\/\",\"logo\":{\"@type\":\"ImageObject\",\"inLanguage\":\"pt-BR\",\"@id\":\"https:\/\/www.suno.com.br\/noticias\/#\/schema\/logo\/image\/\",\"url\":\"https:\/\/files.sunoresearch.com.br\/n\/uploads\/2021\/09\/suno-logo.png\",\"contentUrl\":\"https:\/\/files.sunoresearch.com.br\/n\/uploads\/2021\/09\/suno-logo.png\",\"width\":180,\"height\":180,\"caption\":\"Suno Not\u00edcias\"},\"image\":{\"@id\":\"https:\/\/www.suno.com.br\/noticias\/#\/schema\/logo\/image\/\"},\"sameAs\":[\"https:\/\/facebook.com\/sunoresearch\",\"https:\/\/x.com\/sunoresearch\",\"https:\/\/www.instagram.com\/suno\",\"https:\/\/www.linkedin.com\/company\/suno-research\/\",\"https:\/\/www.youtube.com\/c\/sunoresearch\"]},{\"@type\":\"Person\",\"@id\":\"https:\/\/www.suno.com.br\/noticias\/#\/schema\/person\/e67f665add014bf99f644028de070cc3\",\"name\":\"Beatriz Oliveira\",\"image\":{\"@type\":\"ImageObject\",\"inLanguage\":\"pt-BR\",\"@id\":\"https:\/\/www.suno.com.br\/noticias\/#\/schema\/person\/image\/\",\"url\":\"https:\/\/secure.gravatar.com\/avatar\/c9aa6a0aaecc598d257d5d5bd349157d?s=96&r=g\",\"contentUrl\":\"https:\/\/secure.gravatar.com\/avatar\/c9aa6a0aaecc598d257d5d5bd349157d?s=96&r=g\",\"caption\":\"Beatriz Oliveira\"},\"description\":\"Formada em Jornalismo pela Faculdade Paulus de Tecnologia e Comunica\u00e7\u00e3o, Beatriz Oliveira escreve para o portal de not\u00edcias Suno Research. Antes, passou pelas reda\u00e7\u00f5es da Revista EXAME e da Rede Bandeirantes.\",\"url\":\"https:\/\/www.suno.com.br\/noticias\/author\/beatriz\/\"}]}<\/script>\n<!-- \/ Yoast SEO plugin. -->","yoast_head_json":{"title":"Mais de 43 mil vagas de emprego s\u00e3o fechadas no Brasil em mar\u00e7o","description":"O saldo de empregos no m\u00eas de mar\u00e7o \u00e9 o pior em tr\u00eas meses, mas no acumulado do trimestre os n\u00fameros s\u00e3o positivos. Saiba mais.","robots":{"index":"index","follow":"follow","max-snippet":"max-snippet:-1","max-image-preview":"max-image-preview:large","max-video-preview":"max-video-preview:-1"},"canonical":"https:\/\/www.suno.com.br\/noticias\/43-mil-vagas-emprego-fechadas-marco\/","og_locale":"pt_BR","og_type":"article","og_title":"Mais de 43 mil vagas de emprego s\u00e3o fechadas no Brasil em mar\u00e7o","og_description":"O saldo de empregos no m\u00eas de mar\u00e7o \u00e9 o pior em tr\u00eas meses, mas no acumulado do trimestre os n\u00fameros s\u00e3o positivos. Saiba mais.","og_url":"https:\/\/www.suno.com.br\/noticias\/43-mil-vagas-emprego-fechadas-marco\/","og_site_name":"Suno Not\u00edcias","article_publisher":"https:\/\/facebook.com\/sunoresearch","og_image":[{"width":1400,"height":960,"url":"https:\/\/files.sunoresearch.com.br\/n\/uploads\/2019\/08\/83d6b7aa-desemprego.jpeg","type":"image\/jpeg"}],"author":"Beatriz Oliveira","twitter_card":"summary_large_image","twitter_creator":"@sunoresearch","twitter_site":"@sunoresearch","twitter_misc":{"Escrito por":"Beatriz Oliveira","Est. tempo de leitura":"2 minutos"},"schema":{"@context":"https:\/\/schema.org","@graph":[{"@type":"NewsArticle","@id":"https:\/\/www.suno.com.br\/noticias\/43-mil-vagas-emprego-fechadas-marco\/#article","isPartOf":{"@id":"https:\/\/www.suno.com.br\/noticias\/43-mil-vagas-emprego-fechadas-marco\/"},"author":{"name":"Beatriz Oliveira","@id":"https:\/\/www.suno.com.br\/noticias\/#\/schema\/person\/e67f665add014bf99f644028de070cc3"},"headline":"Mais de 43 mil vagas de emprego s\u00e3o fechadas no Brasil em mar\u00e7o","datePublished":"2019-04-24T12:34:03+00:00","dateModified":"2021-07-11T19:10:19+00:00","mainEntityOfPage":{"@id":"https:\/\/www.suno.com.br\/noticias\/43-mil-vagas-emprego-fechadas-marco\/"},"wordCount":375,"publisher":{"@id":"https:\/\/www.suno.com.br\/noticias\/#organization"},"image":{"@id":"https:\/\/www.suno.com.br\/noticias\/43-mil-vagas-emprego-fechadas-marco\/#primaryimage"},"thumbnailUrl":"https:\/\/files.sunoresearch.com.br\/n\/uploads\/2019\/08\/83d6b7aa-desemprego-jpeg.webp","keywords":["Economia","Minist\u00e9rio da Economia"],"articleSection":["Economia"],"inLanguage":"pt-BR"},{"@type":"WebPage","@id":"https:\/\/www.suno.com.br\/noticias\/43-mil-vagas-emprego-fechadas-marco\/","url":"https:\/\/www.suno.com.br\/noticias\/43-mil-vagas-emprego-fechadas-marco\/","name":"Mais de 43 mil vagas de emprego s\u00e3o fechadas no Brasil em mar\u00e7o","isPartOf":{"@id":"https:\/\/www.suno.com.br\/noticias\/#website"},"primaryImageOfPage":{"@id":"https:\/\/www.suno.com.br\/noticias\/43-mil-vagas-emprego-fechadas-marco\/#primaryimage"},"image":{"@id":"https:\/\/www.suno.com.br\/noticias\/43-mil-vagas-emprego-fechadas-marco\/#primaryimage"},"thumbnailUrl":"https:\/\/files.sunoresearch.com.br\/n\/uploads\/2019\/08\/83d6b7aa-desemprego-jpeg.webp","datePublished":"2019-04-24T12:34:03+00:00","dateModified":"2021-07-11T19:10:19+00:00","description":"O saldo de empregos no m\u00eas de mar\u00e7o \u00e9 o pior em tr\u00eas meses, mas no acumulado do trimestre os n\u00fameros s\u00e3o positivos. Saiba mais.","breadcrumb":{"@id":"https:\/\/www.suno.com.br\/noticias\/43-mil-vagas-emprego-fechadas-marco\/#breadcrumb"},"inLanguage":"pt-BR","potentialAction":[{"@type":"ReadAction","target":["https:\/\/www.suno.com.br\/noticias\/43-mil-vagas-emprego-fechadas-marco\/"]}]},{"@type":"ImageObject","inLanguage":"pt-BR","@id":"https:\/\/www.suno.com.br\/noticias\/43-mil-vagas-emprego-fechadas-marco\/#primaryimage","url":"https:\/\/files.sunoresearch.com.br\/n\/uploads\/2019\/08\/83d6b7aa-desemprego-jpeg.webp","contentUrl":"https:\/\/files.sunoresearch.com.br\/n\/uploads\/2019\/08\/83d6b7aa-desemprego-jpeg.webp","width":1400,"height":960,"caption":"Taxa de desemprego recua 8,9% no trimestre. Foto: reprodu\u00e7\u00e3o."},{"@type":"BreadcrumbList","@id":"https:\/\/www.suno.com.br\/noticias\/43-mil-vagas-emprego-fechadas-marco\/#breadcrumb","itemListElement":[{"@type":"ListItem","position":1,"name":"Not\u00edcias","item":"https:\/\/www.suno.com.br\/noticias\/"},{"@type":"ListItem","position":2,"name":"Economia","item":"https:\/\/www.suno.com.br\/noticias\/economia\/"},{"@type":"ListItem","position":3,"name":"Mais de 43 mil vagas de emprego s\u00e3o fechadas no Brasil em mar\u00e7o"}]},{"@type":"WebSite","@id":"https:\/\/www.suno.com.br\/noticias\/#website","url":"https:\/\/www.suno.com.br\/noticias\/","name":"Suno Not\u00edcias","description":"Seu portal de informa\u00e7\u00e3o sobre o mundo dos investimentos","publisher":{"@id":"https:\/\/www.suno.com.br\/noticias\/#organization"},"potentialAction":[{"@type":"SearchAction","target":{"@type":"EntryPoint","urlTemplate":"https:\/\/www.suno.com.br\/noticias\/?s={search_term_string}"},"query-input":{"@type":"PropertyValueSpecification","valueRequired":true,"valueName":"search_term_string"}}],"inLanguage":"pt-BR"},{"@type":"Organization","@id":"https:\/\/www.suno.com.br\/noticias\/#organization","name":"Suno Not\u00edcias","url":"https:\/\/www.suno.com.br\/noticias\/","logo":{"@type":"ImageObject","inLanguage":"pt-BR","@id":"https:\/\/www.suno.com.br\/noticias\/#\/schema\/logo\/image\/","url":"https:\/\/files.sunoresearch.com.br\/n\/uploads\/2021\/09\/suno-logo.png","contentUrl":"https:\/\/files.sunoresearch.com.br\/n\/uploads\/2021\/09\/suno-logo.png","width":180,"height":180,"caption":"Suno Not\u00edcias"},"image":{"@id":"https:\/\/www.suno.com.br\/noticias\/#\/schema\/logo\/image\/"},"sameAs":["https:\/\/facebook.com\/sunoresearch","https:\/\/x.com\/sunoresearch","https:\/\/www.instagram.com\/suno","https:\/\/www.linkedin.com\/company\/suno-research\/","https:\/\/www.youtube.com\/c\/sunoresearch"]},{"@type":"Person","@id":"https:\/\/www.suno.com.br\/noticias\/#\/schema\/person\/e67f665add014bf99f644028de070cc3","name":"Beatriz Oliveira","image":{"@type":"ImageObject","inLanguage":"pt-BR","@id":"https:\/\/www.suno.com.br\/noticias\/#\/schema\/person\/image\/","url":"https:\/\/secure.gravatar.com\/avatar\/c9aa6a0aaecc598d257d5d5bd349157d?s=96&r=g","contentUrl":"https:\/\/secure.gravatar.com\/avatar\/c9aa6a0aaecc598d257d5d5bd349157d?s=96&r=g","caption":"Beatriz Oliveira"},"description":"Formada em Jornalismo pela Faculdade Paulus de Tecnologia e Comunica\u00e7\u00e3o, Beatriz Oliveira escreve para o portal de not\u00edcias Suno Research. Antes, passou pelas reda\u00e7\u00f5es da Revista EXAME e da Rede Bandeirantes.","url":"https:\/\/www.suno.com.br\/noticias\/author\/beatriz\/"}]}},"default_loop_html":"<div class=\"cardsPage__listCard__boxs\"><div class=\"cardsPage__listCard__boxs__img\"><a href=\"https:\/\/www.suno.com.br\/noticias\/43-mil-vagas-emprego-fechadas-marco\/\"><img class=\"mask\" src=\"https:\/\/www.suno.com.br\/noticias\/wp-content\/themes\/suno\/resources\/images\/spotlight\/spotlight1img\/bg-mask.png\" alt=\"Image Mask\"\/><img src=\"https:\/\/files.sunoresearch.com.br\/n\/uploads\/2019\/08\/83d6b7aa-desemprego-400x200.webp\" alt=\"Mais de 43 mil vagas de emprego s\u00e3o fechadas no Brasil em mar\u00e7o\"\/><\/a><span class=\"spotlightCategory\"><a href=\"https:\/\/www.suno.com.br\/noticias\/economia\/\">Economia<\/a><\/span><\/div><div class=\"cardsPage__listCard__boxs__content\"><a href=\"https:\/\/www.suno.com.br\/noticias\/43-mil-vagas-emprego-fechadas-marco\/\"><h2 class=\"content__title\">Mais de 43 mil vagas de emprego s\u00e3o fechadas no Brasil em mar\u00e7o<\/h2><\/a><div class=\"newsContent__article__meta\"><div class=\"newsContent__article__meta__authorBox\"><a href=\"https:\/\/www.suno.com.br\/noticias\/author\/beatriz\/\" class=\"authorBox__avatar noMobi\"><img src=\"https:\/\/secure.gravatar.com\/avatar\/c9aa6a0aaecc598d257d5d5bd349157d?s=96&#038;r=g\" alt=\"Beatriz Oliveira\"><\/a><div class=\"authorBox__name\"><span>por\n\t\t\t<a href=\"https:\/\/www.suno.com.br\/noticias\/author\/beatriz\/\"><span itemprop=\"author\">Beatriz Oliveira<\/span><\/a><\/span><time datetime=\"2019-04-24T09:34:03-03:00\" itemprop=\"datePublished\">24\/04\/2019 09:34<\/time><\/div><\/div><\/div><\/div><\/div>","single_layout":"posts","amp_enabled":true,"_links":{"self":[{"href":"https:\/\/www.suno.com.br\/noticias\/wp-json\/wp\/v2\/posts\/22100"}],"collection":[{"href":"https:\/\/www.suno.com.br\/noticias\/wp-json\/wp\/v2\/posts"}],"about":[{"href":"https:\/\/www.suno.com.br\/noticias\/wp-json\/wp\/v2\/types\/post"}],"author":[{"embeddable":true,"href":"https:\/\/www.suno.com.br\/noticias\/wp-json\/wp\/v2\/users\/16"}],"replies":[{"embeddable":true,"href":"https:\/\/www.suno.com.br\/noticias\/wp-json\/wp\/v2\/comments?post=22100"}],"version-history":[{"count":2,"href":"https:\/\/www.suno.com.br\/noticias\/wp-json\/wp\/v2\/posts\/22100\/revisions"}],"predecessor-version":[{"id":165075,"href":"https:\/\/www.suno.com.br\/noticias\/wp-json\/wp\/v2\/posts\/22100\/revisions\/165075"}],"wp:featuredmedia":[{"embeddable":true,"href":"https:\/\/www.suno.com.br\/noticias\/wp-json\/wp\/v2\/media\/35910"}],"wp:attachment":[{"href":"https:\/\/www.suno.com.br\/noticias\/wp-json\/wp\/v2\/media?parent=22100"}],"wp:term":[{"taxonomy":"category","embeddable":true,"href":"https:\/\/www.suno.com.br\/noticias\/wp-json\/wp\/v2\/categories?post=22100"},{"taxonomy":"post_tag","embeddable":true,"href":"https:\/\/www.suno.com.br\/noticias\/wp-json\/wp\/v2\/tags?post=22100"},{"taxonomy":"suno_strategy","embeddable":true,"href":"https:\/\/www.suno.com.br\/noticias\/wp-json\/wp\/v2\/suno_strategy?post=22100"}],"curies":[{"name":"wp","href":"https:\/\/api.w.org\/{rel}","templated":true}]}}