{"id":220910,"date":"2022-01-11T20:53:55","date_gmt":"2022-01-11T23:53:55","guid":{"rendered":"https:\/\/www.suno.com.br\/noticias\/?p=220910"},"modified":"2022-01-11T20:53:55","modified_gmt":"2022-01-11T23:53:55","slug":"eletrobras-elet3-anuncia-pedido-de-follow-on-cvm-sec","status":"publish","type":"post","link":"https:\/\/www.suno.com.br\/noticias\/eletrobras-elet3-anuncia-pedido-de-follow-on-cvm-sec\/","title":{"rendered":"Eletrobras (ELET3) diz quando pretende fazer o pedido de follow-on na CVM e SEC"},"content":{"rendered":"<p>A <strong>Eletrobras<\/strong> (ELET3) informou nesta ter\u00e7a-feira (11) que pretende protocolar na Comiss\u00e3o de Valores Mobili\u00e1rios (CVM) e a U.S. Securities and Exchange Commission (SEC) um pedido de registro de <em>follow-on &#8212; <\/em>oferta p\u00fablica global de distribui\u00e7\u00e3o de a\u00e7\u00f5es e American Depositary Receipts (ADR) &#8211;, no segundo trimestre de 2022.<\/p>\t<div class=\"wrapper-featured-image\">\n\t\t<figure class=\"spotlightImg\">\n\n\t\t\t<picture>\n\t\t\t\t<source media=\"(max-width: 768px)\" srcset=\"https:\/\/files.sunoresearch.com.br\/n\/uploads\/2021\/02\/8ddce5e3-eletrobras-1-2-400x200.webp\">\n\t\t\t\t<img loading=\"lazy\" decoding=\"async\" class=\"newsContent__article__imgCapa lazyloadDisabled \" src=\"https:\/\/files.sunoresearch.com.br\/n\/uploads\/2021\/02\/8ddce5e3-eletrobras-1-2-800x450.webp\" width=\"800\" height=\"450\" alt=\"Eletrobras (ELET3) diz quando pretende fazer o pedido de follow-on na CVM e SEC\" fetchpriority=high \/>\n\t\t\t<\/picture>\n\n\t\t\t<figcaption class=\"wp-caption-text wp-caption-text--show\">Eletrobras (ELET3). Foto: Divulga\u00e7\u00e3o<\/figcaption>\n\t\t<\/figure>\n\t<\/div>\n\n\n\t<p>\n\t\t<a href=\"https:\/\/lp.suno.com.br\/planilha-controle-gastos\/\" target=\"_blank\" data-element=\"shortcode-suno-banner\" title=\"Banner SUNO, clique e saiba mais\">\n\t\t\t<picture>\n\t\t\t\t<source media=\"(max-width: 500px)\" srcset=\"https:\/\/files.sunoresearch.com.br\/n\/uploads\/2023\/03\/400x300-Planilha-controle-de-gastos.png\">\n\t\t\t\t<img class=\"newsContent__article__imgCapa newsContent__article__imgCapa--banner\"\n\t\t\t\t\tsrc=\"https:\/\/files.sunoresearch.com.br\/n\/uploads\/2023\/03\/1420x240-Planilha-controle-de-gastos.png\"\n\t\t\t\t\tdata-promo-id=\"101751\"\t\t\t\t\t\t\t\t\t\twidth='1420' height='240'\t\t\t\t\talt=\"https:\/\/files.sunoresearch.com.br\/n\/uploads\/2023\/03\/1420x240-Planilha-controle-de-gastos.png\"\n\t\t\t\t>\n\t\t\t<\/picture>\n\t\t<\/a>\n\t<\/p>\n\n\n<p>A oferta faz parte do plano de desestatiza\u00e7\u00e3o da companhia. A <strong>emiss\u00e3o de a\u00e7\u00f5es da Eletrobras<\/strong>\u00a0busca reduzir a participa\u00e7\u00e3o da Uni\u00e3o no capital da empresa para 45%, considerando as a\u00e7\u00f5es com direito a voto.<\/p>\n<p>Hoje, o <strong>governo<\/strong> tem participa\u00e7\u00e3o de 72,33%. Em rela\u00e7\u00e3o ao capital total, a participa\u00e7\u00e3o do governo cairia dos atuais 61,77% para 40,84%.<\/p>\n<p>A quantidade de <a class=\"suno-keyword\" href=\"https:\/\/www.suno.com.br\/artigos\/o-que-sao-acoes-ordinarias-preferenciais-e-units\/\" target=\"_blank\" rel=\"noopener\" data-force=\"no\" data-priority=\"1\">a\u00e7\u00f5es ordin\u00e1rias<\/a> e de <strong>ADRs<\/strong> que ser\u00e3o ofertadas, assim como a faixa indicativa de pre\u00e7o, ainda n\u00e3o foi determinada. A oferta precisa ser aprovada pelos seus acionistas e \u00f3rg\u00e3os competentes.<\/p>\n\t<p>\n\t\t<a href=\"https:\/\/lp.suno.com.br\/planilha-da-vida-financeira\/\" target=\"_blank\" data-element=\"shortcode-suno-banner\" title=\"Banner SUNO, clique e saiba mais\">\n\t\t\t<picture>\n\t\t\t\t<source media=\"(max-width: 500px)\" srcset=\"https:\/\/files.sunoresearch.com.br\/n\/uploads\/2023\/04\/400x300-Planilha-vida-financeira-true.png\">\n\t\t\t\t<img class=\"newsContent__article__imgCapa newsContent__article__imgCapa--banner\"\n\t\t\t\t\tsrc=\"https:\/\/files.sunoresearch.com.br\/n\/uploads\/2023\/04\/1420x240-Planilha-vida-financeira-true.png\"\n\t\t\t\t\tdata-promo-id=\"106682\"\t\t\t\t\t\t\t\t\t\twidth='1420' height='240'\t\t\t\t\talt=\"https:\/\/files.sunoresearch.com.br\/n\/uploads\/2023\/04\/1420x240-Planilha-vida-financeira-true.png\"\n\t\t\t\t>\n\t\t\t<\/picture>\n\t\t<\/a>\n\t<\/p>\n\n\n<p>O presidente da <a class=\"suno-keyword\" href=\"https:\/\/www.suno.com.br\/acoes\/ELET3\/\" target=\"_blank\" rel=\"noopener\" data-force=\"yes\" data-priority=\"2\">Eletrobras <\/a>, Rodrigo Limp Nascimento, disse que um dos principais motivos para o processo de capitaliza\u00e7\u00e3o da companhia \u00e9 ampliar a sua <strong>capacidade de investimentos.<img decoding=\"async\" src=\"https:\/\/agenciabrasil.ebc.com.br\/ebc.png?id=1435352&amp;o=rss\" \/><img decoding=\"async\" src=\"https:\/\/agenciabrasil.ebc.com.br\/ebc.gif?id=1435352&amp;o=rss\" \/><\/strong><\/p>\n<p>Segundo o executivo, o planejamento estrat\u00e9gico da <strong>estatal<\/strong> prev\u00ea que a Eletrobras, sem a capitaliza\u00e7\u00e3o, poder\u00e1 investir cerca de R$ 95 bilh\u00f5es at\u00e9 2035.<\/p>\n<p>\u201cNo horizonte com a capitaliza\u00e7\u00e3o, esses investimentos chegam \u00e0 ordem de R$ 200 bilh\u00f5es\u201d, disse Nascimento, em audi\u00eancia p\u00fablica virtual sobre o processo de <strong>desestatiza\u00e7\u00e3o da Eletrobras<\/strong> promovida pelo\u00a0<a class=\"suno-keyword\" href=\"https:\/\/www.suno.com.br\/artigos\/bndes\/\" target=\"_blank\" rel=\"noopener\" data-force=\"no\" data-priority=\"2\">Banco Nacional de Desenvolvimento Econ\u00f4mico e Social (BNDES)<\/a>.<\/p>\n\t<p>\n\t\t<a href=\"https:\/\/lp.suno.com.br\/ebook-como-analisar-uma-acao\/\" target=\"_blank\" data-element=\"shortcode-suno-banner\" title=\"Banner SUNO, clique e saiba mais\">\n\t\t\t<picture>\n\t\t\t\t<source media=\"(max-width: 500px)\" srcset=\"https:\/\/files.sunoresearch.com.br\/n\/uploads\/2023\/03\/Ebook-Acoes-Mobile-1.jpg\">\n\t\t\t\t<img class=\"newsContent__article__imgCapa newsContent__article__imgCapa--banner\"\n\t\t\t\t\tsrc=\"https:\/\/files.sunoresearch.com.br\/n\/uploads\/2023\/03\/Ebook-Acoes-Desktop-1.jpg\"\n\t\t\t\t\tdata-promo-id=\"171998\"\t\t\t\t\t\t\t\t\t\twidth='1420' height='286'\t\t\t\t\talt=\"https:\/\/files.sunoresearch.com.br\/n\/uploads\/2023\/03\/Ebook-Acoes-Desktop-1.jpg\"\n\t\t\t\t>\n\t\t\t<\/picture>\n\t\t<\/a>\n\t<\/p>\n\n\n<h2>Nova estatal \u00e9 criada para impulsionar privatiza\u00e7\u00e3o da Eletrobras<\/h2>\n<p>A Empresa Brasileira de Participa\u00e7\u00f5es em Energia Nuclear e Binacional S.A. (ENBPar) foi ativada, sendo uma companhia vinculada ao Minist\u00e9rio de Minas e Energia (MME). A\u00a0<a href=\"https:\/\/www.suno.com.br\/artigos\/estatal-so-se-for-de-graca\/\">nova estatal<\/a>\u00a0ser\u00e1 utilizada para viabilizar a <strong>privatiza\u00e7\u00e3o<\/strong> da\u00a0<strong>Eletrobras<\/strong>.<\/p>\n<p>A\u00a0<strong>ENBPar<\/strong>\u00a0vai assumir as atividades da Eletrobras que n\u00e3o podem ser privatizadas, como as empresas Itaipu Binacional e Eletronuclear (Usinas Angra 1, 2 e 3) e a gest\u00e3o de pol\u00edticas p\u00fablicas.<\/p>\n\t<p>\n\t\t<a href=\"https:\/\/lp.suno.com.br\/planilha-de-controle-de-investimentos\/\" target=\"_blank\" data-element=\"shortcode-suno-banner\" title=\"Banner SUNO, clique e saiba mais\">\n\t\t\t<picture>\n\t\t\t\t<source media=\"(max-width: 500px)\" srcset=\"https:\/\/files.sunoresearch.com.br\/n\/uploads\/2023\/03\/400x300-Controle-de-Investimentos.png\">\n\t\t\t\t<img class=\"newsContent__article__imgCapa newsContent__article__imgCapa--banner\"\n\t\t\t\t\tsrc=\"https:\/\/files.sunoresearch.com.br\/n\/uploads\/2023\/03\/1420x240-Controle-de-Investimentos.png\"\n\t\t\t\t\tdata-promo-id=\"75934\"\t\t\t\t\t\t\t\t\t\twidth='1420' height='240'\t\t\t\t\talt=\"https:\/\/files.sunoresearch.com.br\/n\/uploads\/2023\/03\/1420x240-Controle-de-Investimentos.png\"\n\t\t\t\t>\n\t\t\t<\/picture>\n\t\t<\/a>\n\t<\/p>\n\n\n<p>As pol\u00edticas p\u00fablicas que ficar\u00e3o a cargo da ENBPar s\u00e3o a universaliza\u00e7\u00e3o de <strong>energia el\u00e9trica<\/strong> (Luz Para Todos), Mais Luz para a Amaz\u00f4nia, contratos do Programa de Incentivo \u00e0s Fontes Alternativas de Energia El\u00e9trica (Proinfra) e a\u00e7\u00f5es do Programa Nacional de Conserva\u00e7\u00e3o de Energia El\u00e9trica (Procel).<\/p>\n\t<div data-element=\"shortcode-read-more\" class=\"knowMore\">\n\t\t\t\t<span class=\"knowMore__title\">Veja tamb\u00e9m<\/span>\n\t\t\t\t<a class=\"knowMore__link\" href=\"https:\/\/www.suno.com.br\/noticias\/eletrobras-elet3-deve-ser-privatizada-entre-marco-2022-bndes\/\">\n\t\t\tBNDES: privatiza\u00e7\u00e3o da Eletrobras (ELET3) deve ocorrer at\u00e9 abril de 2022\t\t<\/a>\n\t<\/div>\n\n\n<p>A empresa tamb\u00e9m ser\u00e1 respons\u00e1vel por bens da Uni\u00e3o sob administra\u00e7\u00e3o da <strong>Eletrobras<\/strong> e contratos do Fundo Reserva Global de Revers\u00e3o, assinados antes de 17 de novembro de 2016 e que estavam sob a administra\u00e7\u00e3o da Eletrobras (revers\u00e3o, encampa\u00e7\u00e3o, expans\u00e3o e melhoria dos servi\u00e7os p\u00fablicos de energia el\u00e9trica).<\/p>\n\t<p>\n\t\t<a href=\"\" target=\"_blank\" data-element=\"shortcode-suno-banner\" title=\"Banner SUNO, clique e saiba mais\">\n\t\t\t<picture>\n\t\t\t\t<source media=\"(max-width: 500px)\" srcset=\"\">\n\t\t\t\t<img class=\"newsContent__article__imgCapa newsContent__article__imgCapa--banner\"\n\t\t\t\t\tsrc=\"\"\n\t\t\t\t\tdata-promo-id=\"184190\"\t\t\t\t\t\t\t\t\t\t\t\t\t\t\talt=\"\"\n\t\t\t\t>\n\t\t\t<\/picture>\n\t\t<\/a>\n\t<\/p>\n\n\n","protected":false},"excerpt":{"rendered":"<p>A Eletrobras (ELET3) informou nesta ter\u00e7a-feira (11) que pretende protocolar na Comiss\u00e3o de Valores Mobili\u00e1rios (CVM) e a U.S. Securities and Exchange Commission (SEC) um pedido de registro de follow-on &#8212; oferta p\u00fablica global de distribui\u00e7\u00e3o de a\u00e7\u00f5es e American Depositary Receipts (ADR) &#8211;, no segundo trimestre de 2022. Eletrobras (ELET3). Foto: Divulga\u00e7\u00e3o A oferta [&hellip;]<\/p>\n","protected":false},"author":118,"featured_media":126027,"comment_status":"closed","ping_status":"closed","sticky":false,"template":"","format":"standard","meta":[],"categories":[64],"tags":[455,104992],"suno_strategy":[],"class_list":["post-220910","post","type-post","status-publish","format-standard","has-post-thumbnail","hentry","category-negocios","tag-eletrobras-elet3-elet5-elet6","tag-privatizacao-da-eletrobras"],"yoast_head":"<!-- This site is optimized with the Yoast SEO plugin v24.4 - https:\/\/yoast.com\/wordpress\/plugins\/seo\/ -->\n<title>Eletrobras (ELET3) diz quando far\u00e1 o pedido de follow-on na CVM e SEC<\/title>\n<meta name=\"description\" content=\"A Eletrobras (ELET3) informou nesta ter\u00e7a que pretende protocolar um pedido follow-on, rumando \u00e0 privatiza\u00e7\u00e3o. Confira.\" \/>\n<meta name=\"robots\" content=\"index, follow, max-snippet:-1, max-image-preview:large, max-video-preview:-1\" \/>\n<link rel=\"canonical\" href=\"https:\/\/www.suno.com.br\/noticias\/eletrobras-elet3-anuncia-pedido-de-follow-on-cvm-sec\/\" \/>\n<meta property=\"og:locale\" content=\"pt_BR\" \/>\n<meta property=\"og:type\" content=\"article\" \/>\n<meta property=\"og:title\" content=\"Eletrobras (ELET3) diz quando far\u00e1 o pedido de follow-on na CVM e SEC\" \/>\n<meta property=\"og:description\" content=\"A Eletrobras (ELET3) informou nesta ter\u00e7a que pretende protocolar um pedido follow-on, rumando \u00e0 privatiza\u00e7\u00e3o. Confira.\" \/>\n<meta property=\"og:url\" content=\"https:\/\/www.suno.com.br\/noticias\/eletrobras-elet3-anuncia-pedido-de-follow-on-cvm-sec\/\" \/>\n<meta property=\"og:site_name\" content=\"Suno Not\u00edcias\" \/>\n<meta property=\"article:publisher\" content=\"https:\/\/facebook.com\/sunoresearch\" \/>\n<meta property=\"og:image\" content=\"https:\/\/files.sunoresearch.com.br\/n\/uploads\/2021\/02\/8ddce5e3-eletrobras-1-2.jpg\" \/>\n\t<meta property=\"og:image:width\" content=\"1200\" \/>\n\t<meta property=\"og:image:height\" content=\"800\" \/>\n\t<meta property=\"og:image:type\" content=\"image\/jpeg\" \/>\n<meta name=\"author\" content=\"Bruno Galv\u00e3o\" \/>\n<meta name=\"twitter:card\" content=\"summary_large_image\" \/>\n<meta name=\"twitter:creator\" content=\"@sunoresearch\" \/>\n<meta name=\"twitter:site\" content=\"@sunoresearch\" \/>\n<meta name=\"twitter:label1\" content=\"Escrito por\" \/>\n\t<meta name=\"twitter:data1\" content=\"Bruno Galv\u00e3o\" \/>\n\t<meta name=\"twitter:label2\" content=\"Est. tempo de leitura\" \/>\n\t<meta name=\"twitter:data2\" content=\"3 minutos\" \/>\n<script type=\"application\/ld+json\" class=\"yoast-schema-graph\">{\"@context\":\"https:\/\/schema.org\",\"@graph\":[{\"@type\":\"NewsArticle\",\"@id\":\"https:\/\/www.suno.com.br\/noticias\/eletrobras-elet3-anuncia-pedido-de-follow-on-cvm-sec\/#article\",\"isPartOf\":{\"@id\":\"https:\/\/www.suno.com.br\/noticias\/eletrobras-elet3-anuncia-pedido-de-follow-on-cvm-sec\/\"},\"author\":{\"name\":\"Bruno Galv\u00e3o\",\"@id\":\"https:\/\/www.suno.com.br\/noticias\/#\/schema\/person\/06f0d962a6b1c54852e4860f16935600\"},\"headline\":\"Eletrobras (ELET3) diz quando pretende fazer o pedido de follow-on na CVM e SEC\",\"datePublished\":\"2022-01-11T23:53:55+00:00\",\"mainEntityOfPage\":{\"@id\":\"https:\/\/www.suno.com.br\/noticias\/eletrobras-elet3-anuncia-pedido-de-follow-on-cvm-sec\/\"},\"wordCount\":482,\"publisher\":{\"@id\":\"https:\/\/www.suno.com.br\/noticias\/#organization\"},\"image\":{\"@id\":\"https:\/\/www.suno.com.br\/noticias\/eletrobras-elet3-anuncia-pedido-de-follow-on-cvm-sec\/#primaryimage\"},\"thumbnailUrl\":\"https:\/\/files.sunoresearch.com.br\/n\/uploads\/2021\/02\/8ddce5e3-eletrobras-1-2.jpg\",\"keywords\":[\"Eletrobras (ELET3\/ELET5\/ELET6)\",\"privatiza\u00e7\u00e3o da Eletrobras\"],\"articleSection\":[\"Neg\u00f3cios\"],\"inLanguage\":\"pt-BR\"},{\"@type\":\"WebPage\",\"@id\":\"https:\/\/www.suno.com.br\/noticias\/eletrobras-elet3-anuncia-pedido-de-follow-on-cvm-sec\/\",\"url\":\"https:\/\/www.suno.com.br\/noticias\/eletrobras-elet3-anuncia-pedido-de-follow-on-cvm-sec\/\",\"name\":\"Eletrobras (ELET3) diz quando far\u00e1 o pedido de follow-on na CVM e SEC\",\"isPartOf\":{\"@id\":\"https:\/\/www.suno.com.br\/noticias\/#website\"},\"primaryImageOfPage\":{\"@id\":\"https:\/\/www.suno.com.br\/noticias\/eletrobras-elet3-anuncia-pedido-de-follow-on-cvm-sec\/#primaryimage\"},\"image\":{\"@id\":\"https:\/\/www.suno.com.br\/noticias\/eletrobras-elet3-anuncia-pedido-de-follow-on-cvm-sec\/#primaryimage\"},\"thumbnailUrl\":\"https:\/\/files.sunoresearch.com.br\/n\/uploads\/2021\/02\/8ddce5e3-eletrobras-1-2.jpg\",\"datePublished\":\"2022-01-11T23:53:55+00:00\",\"description\":\"A Eletrobras (ELET3) informou nesta ter\u00e7a que pretende protocolar um pedido follow-on, rumando \u00e0 privatiza\u00e7\u00e3o. Confira.\",\"breadcrumb\":{\"@id\":\"https:\/\/www.suno.com.br\/noticias\/eletrobras-elet3-anuncia-pedido-de-follow-on-cvm-sec\/#breadcrumb\"},\"inLanguage\":\"pt-BR\",\"potentialAction\":[{\"@type\":\"ReadAction\",\"target\":[\"https:\/\/www.suno.com.br\/noticias\/eletrobras-elet3-anuncia-pedido-de-follow-on-cvm-sec\/\"]}]},{\"@type\":\"ImageObject\",\"inLanguage\":\"pt-BR\",\"@id\":\"https:\/\/www.suno.com.br\/noticias\/eletrobras-elet3-anuncia-pedido-de-follow-on-cvm-sec\/#primaryimage\",\"url\":\"https:\/\/files.sunoresearch.com.br\/n\/uploads\/2021\/02\/8ddce5e3-eletrobras-1-2.jpg\",\"contentUrl\":\"https:\/\/files.sunoresearch.com.br\/n\/uploads\/2021\/02\/8ddce5e3-eletrobras-1-2.jpg\",\"width\":1200,\"height\":800,\"caption\":\"Eletrobras (ELET3). Foto: Divulga\u00e7\u00e3o\"},{\"@type\":\"BreadcrumbList\",\"@id\":\"https:\/\/www.suno.com.br\/noticias\/eletrobras-elet3-anuncia-pedido-de-follow-on-cvm-sec\/#breadcrumb\",\"itemListElement\":[{\"@type\":\"ListItem\",\"position\":1,\"name\":\"Not\u00edcias\",\"item\":\"https:\/\/www.suno.com.br\/noticias\/\"},{\"@type\":\"ListItem\",\"position\":2,\"name\":\"Neg\u00f3cios\",\"item\":\"https:\/\/www.suno.com.br\/noticias\/negocios\/\"},{\"@type\":\"ListItem\",\"position\":3,\"name\":\"Eletrobras (ELET3) diz quando pretende fazer o pedido de follow-on na CVM e SEC\"}]},{\"@type\":\"WebSite\",\"@id\":\"https:\/\/www.suno.com.br\/noticias\/#website\",\"url\":\"https:\/\/www.suno.com.br\/noticias\/\",\"name\":\"Suno Not\u00edcias\",\"description\":\"Seu portal de informa\u00e7\u00e3o sobre o mundo dos investimentos\",\"publisher\":{\"@id\":\"https:\/\/www.suno.com.br\/noticias\/#organization\"},\"potentialAction\":[{\"@type\":\"SearchAction\",\"target\":{\"@type\":\"EntryPoint\",\"urlTemplate\":\"https:\/\/www.suno.com.br\/noticias\/?s={search_term_string}\"},\"query-input\":{\"@type\":\"PropertyValueSpecification\",\"valueRequired\":true,\"valueName\":\"search_term_string\"}}],\"inLanguage\":\"pt-BR\"},{\"@type\":\"Organization\",\"@id\":\"https:\/\/www.suno.com.br\/noticias\/#organization\",\"name\":\"Suno Not\u00edcias\",\"url\":\"https:\/\/www.suno.com.br\/noticias\/\",\"logo\":{\"@type\":\"ImageObject\",\"inLanguage\":\"pt-BR\",\"@id\":\"https:\/\/www.suno.com.br\/noticias\/#\/schema\/logo\/image\/\",\"url\":\"https:\/\/files.sunoresearch.com.br\/n\/uploads\/2021\/09\/suno-logo.png\",\"contentUrl\":\"https:\/\/files.sunoresearch.com.br\/n\/uploads\/2021\/09\/suno-logo.png\",\"width\":180,\"height\":180,\"caption\":\"Suno Not\u00edcias\"},\"image\":{\"@id\":\"https:\/\/www.suno.com.br\/noticias\/#\/schema\/logo\/image\/\"},\"sameAs\":[\"https:\/\/facebook.com\/sunoresearch\",\"https:\/\/x.com\/sunoresearch\",\"https:\/\/www.instagram.com\/suno\",\"https:\/\/www.linkedin.com\/company\/suno-research\/\",\"https:\/\/www.youtube.com\/c\/sunoresearch\"]},{\"@type\":\"Person\",\"@id\":\"https:\/\/www.suno.com.br\/noticias\/#\/schema\/person\/06f0d962a6b1c54852e4860f16935600\",\"name\":\"Bruno Galv\u00e3o\",\"image\":{\"@type\":\"ImageObject\",\"inLanguage\":\"pt-BR\",\"@id\":\"https:\/\/www.suno.com.br\/noticias\/#\/schema\/person\/image\/\",\"url\":\"https:\/\/secure.gravatar.com\/avatar\/53598df0b41c00f12f287a912d0e918e?s=96&r=g\",\"contentUrl\":\"https:\/\/secure.gravatar.com\/avatar\/53598df0b41c00f12f287a912d0e918e?s=96&r=g\",\"caption\":\"Bruno Galv\u00e3o\"},\"description\":\"Escreve para o portal Suno Not\u00edcias. \u00c9 estudante de Jornalismo pela Faculdade C\u00e1sper L\u00edbero e Letras pela USP. Entusiasta de tecnologia e intelig\u00eancia artificial.\",\"url\":\"https:\/\/www.suno.com.br\/noticias\/author\/bruno-garcia\/\"}]}<\/script>\n<!-- \/ Yoast SEO plugin. -->","yoast_head_json":{"title":"Eletrobras (ELET3) diz quando far\u00e1 o pedido de follow-on na CVM e SEC","description":"A Eletrobras (ELET3) informou nesta ter\u00e7a que pretende protocolar um pedido follow-on, rumando \u00e0 privatiza\u00e7\u00e3o. Confira.","robots":{"index":"index","follow":"follow","max-snippet":"max-snippet:-1","max-image-preview":"max-image-preview:large","max-video-preview":"max-video-preview:-1"},"canonical":"https:\/\/www.suno.com.br\/noticias\/eletrobras-elet3-anuncia-pedido-de-follow-on-cvm-sec\/","og_locale":"pt_BR","og_type":"article","og_title":"Eletrobras (ELET3) diz quando far\u00e1 o pedido de follow-on na CVM e SEC","og_description":"A Eletrobras (ELET3) informou nesta ter\u00e7a que pretende protocolar um pedido follow-on, rumando \u00e0 privatiza\u00e7\u00e3o. Confira.","og_url":"https:\/\/www.suno.com.br\/noticias\/eletrobras-elet3-anuncia-pedido-de-follow-on-cvm-sec\/","og_site_name":"Suno Not\u00edcias","article_publisher":"https:\/\/facebook.com\/sunoresearch","og_image":[{"width":1200,"height":800,"url":"https:\/\/files.sunoresearch.com.br\/n\/uploads\/2021\/02\/8ddce5e3-eletrobras-1-2.jpg","type":"image\/jpeg"}],"author":"Bruno Galv\u00e3o","twitter_card":"summary_large_image","twitter_creator":"@sunoresearch","twitter_site":"@sunoresearch","twitter_misc":{"Escrito por":"Bruno Galv\u00e3o","Est. tempo de leitura":"3 minutos"},"schema":{"@context":"https:\/\/schema.org","@graph":[{"@type":"NewsArticle","@id":"https:\/\/www.suno.com.br\/noticias\/eletrobras-elet3-anuncia-pedido-de-follow-on-cvm-sec\/#article","isPartOf":{"@id":"https:\/\/www.suno.com.br\/noticias\/eletrobras-elet3-anuncia-pedido-de-follow-on-cvm-sec\/"},"author":{"name":"Bruno Galv\u00e3o","@id":"https:\/\/www.suno.com.br\/noticias\/#\/schema\/person\/06f0d962a6b1c54852e4860f16935600"},"headline":"Eletrobras (ELET3) diz quando pretende fazer o pedido de follow-on na CVM e SEC","datePublished":"2022-01-11T23:53:55+00:00","mainEntityOfPage":{"@id":"https:\/\/www.suno.com.br\/noticias\/eletrobras-elet3-anuncia-pedido-de-follow-on-cvm-sec\/"},"wordCount":482,"publisher":{"@id":"https:\/\/www.suno.com.br\/noticias\/#organization"},"image":{"@id":"https:\/\/www.suno.com.br\/noticias\/eletrobras-elet3-anuncia-pedido-de-follow-on-cvm-sec\/#primaryimage"},"thumbnailUrl":"https:\/\/files.sunoresearch.com.br\/n\/uploads\/2021\/02\/8ddce5e3-eletrobras-1-2.jpg","keywords":["Eletrobras (ELET3\/ELET5\/ELET6)","privatiza\u00e7\u00e3o da Eletrobras"],"articleSection":["Neg\u00f3cios"],"inLanguage":"pt-BR"},{"@type":"WebPage","@id":"https:\/\/www.suno.com.br\/noticias\/eletrobras-elet3-anuncia-pedido-de-follow-on-cvm-sec\/","url":"https:\/\/www.suno.com.br\/noticias\/eletrobras-elet3-anuncia-pedido-de-follow-on-cvm-sec\/","name":"Eletrobras (ELET3) diz quando far\u00e1 o pedido de follow-on na CVM e SEC","isPartOf":{"@id":"https:\/\/www.suno.com.br\/noticias\/#website"},"primaryImageOfPage":{"@id":"https:\/\/www.suno.com.br\/noticias\/eletrobras-elet3-anuncia-pedido-de-follow-on-cvm-sec\/#primaryimage"},"image":{"@id":"https:\/\/www.suno.com.br\/noticias\/eletrobras-elet3-anuncia-pedido-de-follow-on-cvm-sec\/#primaryimage"},"thumbnailUrl":"https:\/\/files.sunoresearch.com.br\/n\/uploads\/2021\/02\/8ddce5e3-eletrobras-1-2.jpg","datePublished":"2022-01-11T23:53:55+00:00","description":"A Eletrobras (ELET3) informou nesta ter\u00e7a que pretende protocolar um pedido follow-on, rumando \u00e0 privatiza\u00e7\u00e3o. Confira.","breadcrumb":{"@id":"https:\/\/www.suno.com.br\/noticias\/eletrobras-elet3-anuncia-pedido-de-follow-on-cvm-sec\/#breadcrumb"},"inLanguage":"pt-BR","potentialAction":[{"@type":"ReadAction","target":["https:\/\/www.suno.com.br\/noticias\/eletrobras-elet3-anuncia-pedido-de-follow-on-cvm-sec\/"]}]},{"@type":"ImageObject","inLanguage":"pt-BR","@id":"https:\/\/www.suno.com.br\/noticias\/eletrobras-elet3-anuncia-pedido-de-follow-on-cvm-sec\/#primaryimage","url":"https:\/\/files.sunoresearch.com.br\/n\/uploads\/2021\/02\/8ddce5e3-eletrobras-1-2.jpg","contentUrl":"https:\/\/files.sunoresearch.com.br\/n\/uploads\/2021\/02\/8ddce5e3-eletrobras-1-2.jpg","width":1200,"height":800,"caption":"Eletrobras (ELET3). Foto: Divulga\u00e7\u00e3o"},{"@type":"BreadcrumbList","@id":"https:\/\/www.suno.com.br\/noticias\/eletrobras-elet3-anuncia-pedido-de-follow-on-cvm-sec\/#breadcrumb","itemListElement":[{"@type":"ListItem","position":1,"name":"Not\u00edcias","item":"https:\/\/www.suno.com.br\/noticias\/"},{"@type":"ListItem","position":2,"name":"Neg\u00f3cios","item":"https:\/\/www.suno.com.br\/noticias\/negocios\/"},{"@type":"ListItem","position":3,"name":"Eletrobras (ELET3) diz quando pretende fazer o pedido de follow-on na CVM e SEC"}]},{"@type":"WebSite","@id":"https:\/\/www.suno.com.br\/noticias\/#website","url":"https:\/\/www.suno.com.br\/noticias\/","name":"Suno Not\u00edcias","description":"Seu portal de informa\u00e7\u00e3o sobre o mundo dos investimentos","publisher":{"@id":"https:\/\/www.suno.com.br\/noticias\/#organization"},"potentialAction":[{"@type":"SearchAction","target":{"@type":"EntryPoint","urlTemplate":"https:\/\/www.suno.com.br\/noticias\/?s={search_term_string}"},"query-input":{"@type":"PropertyValueSpecification","valueRequired":true,"valueName":"search_term_string"}}],"inLanguage":"pt-BR"},{"@type":"Organization","@id":"https:\/\/www.suno.com.br\/noticias\/#organization","name":"Suno Not\u00edcias","url":"https:\/\/www.suno.com.br\/noticias\/","logo":{"@type":"ImageObject","inLanguage":"pt-BR","@id":"https:\/\/www.suno.com.br\/noticias\/#\/schema\/logo\/image\/","url":"https:\/\/files.sunoresearch.com.br\/n\/uploads\/2021\/09\/suno-logo.png","contentUrl":"https:\/\/files.sunoresearch.com.br\/n\/uploads\/2021\/09\/suno-logo.png","width":180,"height":180,"caption":"Suno Not\u00edcias"},"image":{"@id":"https:\/\/www.suno.com.br\/noticias\/#\/schema\/logo\/image\/"},"sameAs":["https:\/\/facebook.com\/sunoresearch","https:\/\/x.com\/sunoresearch","https:\/\/www.instagram.com\/suno","https:\/\/www.linkedin.com\/company\/suno-research\/","https:\/\/www.youtube.com\/c\/sunoresearch"]},{"@type":"Person","@id":"https:\/\/www.suno.com.br\/noticias\/#\/schema\/person\/06f0d962a6b1c54852e4860f16935600","name":"Bruno Galv\u00e3o","image":{"@type":"ImageObject","inLanguage":"pt-BR","@id":"https:\/\/www.suno.com.br\/noticias\/#\/schema\/person\/image\/","url":"https:\/\/secure.gravatar.com\/avatar\/53598df0b41c00f12f287a912d0e918e?s=96&r=g","contentUrl":"https:\/\/secure.gravatar.com\/avatar\/53598df0b41c00f12f287a912d0e918e?s=96&r=g","caption":"Bruno Galv\u00e3o"},"description":"Escreve para o portal Suno Not\u00edcias. \u00c9 estudante de Jornalismo pela Faculdade C\u00e1sper L\u00edbero e Letras pela USP. Entusiasta de tecnologia e intelig\u00eancia artificial.","url":"https:\/\/www.suno.com.br\/noticias\/author\/bruno-garcia\/"}]}},"default_loop_html":"<div class=\"cardsPage__listCard__boxs\"><div class=\"cardsPage__listCard__boxs__img\"><a href=\"https:\/\/www.suno.com.br\/noticias\/eletrobras-elet3-anuncia-pedido-de-follow-on-cvm-sec\/\"><img class=\"mask\" src=\"https:\/\/www.suno.com.br\/noticias\/wp-content\/themes\/suno\/resources\/images\/spotlight\/spotlight1img\/bg-mask.png\" alt=\"Image Mask\"\/><img src=\"https:\/\/files.sunoresearch.com.br\/n\/uploads\/2021\/02\/8ddce5e3-eletrobras-1-2-400x200.webp\" alt=\"Eletrobras (ELET3) diz quando pretende fazer o pedido de follow-on na CVM e SEC\"\/><\/a><span class=\"spotlightCategory\"><a href=\"https:\/\/www.suno.com.br\/noticias\/negocios\/\">Neg\u00f3cios<\/a><\/span><\/div><div class=\"cardsPage__listCard__boxs__content\"><a href=\"https:\/\/www.suno.com.br\/noticias\/eletrobras-elet3-anuncia-pedido-de-follow-on-cvm-sec\/\"><h2 class=\"content__title\">Eletrobras (ELET3) diz quando pretende fazer o pedido de follow-on na CVM e SEC<\/h2><\/a><div class=\"newsContent__article__meta\"><div class=\"newsContent__article__meta__authorBox\"><a href=\"https:\/\/www.suno.com.br\/noticias\/author\/bruno-garcia\/\" class=\"authorBox__avatar noMobi\"><img src=\"https:\/\/secure.gravatar.com\/avatar\/53598df0b41c00f12f287a912d0e918e?s=96&#038;r=g\" alt=\"Bruno Galv\u00e3o\"><\/a><div class=\"authorBox__name\"><span>por\n\t\t\t<a href=\"https:\/\/www.suno.com.br\/noticias\/author\/bruno-garcia\/\"><span itemprop=\"author\">Bruno Galv\u00e3o<\/span><\/a><\/span><time datetime=\"2022-01-11T20:53:55-03:00\" itemprop=\"datePublished\">11\/01\/2022 20:53<\/time><\/div><\/div><\/div><\/div><\/div>","single_layout":"posts","amp_enabled":true,"_links":{"self":[{"href":"https:\/\/www.suno.com.br\/noticias\/wp-json\/wp\/v2\/posts\/220910"}],"collection":[{"href":"https:\/\/www.suno.com.br\/noticias\/wp-json\/wp\/v2\/posts"}],"about":[{"href":"https:\/\/www.suno.com.br\/noticias\/wp-json\/wp\/v2\/types\/post"}],"author":[{"embeddable":true,"href":"https:\/\/www.suno.com.br\/noticias\/wp-json\/wp\/v2\/users\/118"}],"replies":[{"embeddable":true,"href":"https:\/\/www.suno.com.br\/noticias\/wp-json\/wp\/v2\/comments?post=220910"}],"version-history":[{"count":3,"href":"https:\/\/www.suno.com.br\/noticias\/wp-json\/wp\/v2\/posts\/220910\/revisions"}],"predecessor-version":[{"id":220951,"href":"https:\/\/www.suno.com.br\/noticias\/wp-json\/wp\/v2\/posts\/220910\/revisions\/220951"}],"wp:featuredmedia":[{"embeddable":true,"href":"https:\/\/www.suno.com.br\/noticias\/wp-json\/wp\/v2\/media\/126027"}],"wp:attachment":[{"href":"https:\/\/www.suno.com.br\/noticias\/wp-json\/wp\/v2\/media?parent=220910"}],"wp:term":[{"taxonomy":"category","embeddable":true,"href":"https:\/\/www.suno.com.br\/noticias\/wp-json\/wp\/v2\/categories?post=220910"},{"taxonomy":"post_tag","embeddable":true,"href":"https:\/\/www.suno.com.br\/noticias\/wp-json\/wp\/v2\/tags?post=220910"},{"taxonomy":"suno_strategy","embeddable":true,"href":"https:\/\/www.suno.com.br\/noticias\/wp-json\/wp\/v2\/suno_strategy?post=220910"}],"curies":[{"name":"wp","href":"https:\/\/api.w.org\/{rel}","templated":true}]}}