{"id":220722,"date":"2022-01-11T19:00:58","date_gmt":"2022-01-11T22:00:58","guid":{"rendered":"https:\/\/www.suno.com.br\/noticias\/?p=220722"},"modified":"2022-01-11T19:00:58","modified_gmt":"2022-01-11T22:00:58","slug":"aluguel-residencial-caiu-061-em-2021-por-causa-da-pandemia-diz-fgv","status":"publish","type":"post","link":"https:\/\/www.suno.com.br\/noticias\/aluguel-residencial-caiu-061-em-2021-por-causa-da-pandemia-diz-fgv\/","title":{"rendered":"Aluguel residencial caiu 0,61% em 2021 por causa da pandemia, diz FGV"},"content":{"rendered":"<p>O Instituto Brasileiro de Economia da Funda\u00e7\u00e3o Get\u00falio Vargas (Ibre\/FGV) divulgou nesta ter\u00e7a-feira (11) um estudo mostrando que a pandemia de Covid-19 derrubou o valor do <strong>aluguel<\/strong> residencial no Brasil. No auge da redu\u00e7\u00e3o, em 2020, os pre\u00e7os registravam queda superior a 7% no acumulado de 12 meses, segundo os dados do \u00cdndice de Varia\u00e7\u00e3o de Alugu\u00e9is Residenciais (Ivar).<\/p>\t<div class=\"wrapper-featured-image\">\n\t\t<figure class=\"spotlightImg\">\n\n\t\t\t<picture>\n\t\t\t\t<source media=\"(max-width: 768px)\" srcset=\"https:\/\/files.sunoresearch.com.br\/n\/uploads\/2021\/10\/apartments-gf499f43a7_1920-400x200.jpg\">\n\t\t\t\t<img loading=\"lazy\" decoding=\"async\" class=\"newsContent__article__imgCapa lazyloadDisabled \" src=\"https:\/\/files.sunoresearch.com.br\/n\/uploads\/2021\/10\/apartments-gf499f43a7_1920-800x450.jpg\" width=\"800\" height=\"450\" alt=\"Aluguel residencial caiu 0,61% em 2021 por causa da pandemia, diz FGV\" fetchpriority=high \/>\n\t\t\t<\/picture>\n\n\t\t\t<figcaption class=\"wp-caption-text wp-caption-text--show\">Conhe\u00e7a novo \u00cdndice de Varia\u00e7\u00e3o de Alugu\u00e9is Residenciais (IVAR) da FGV. Foto: Pixabay<\/figcaption>\n\t\t<\/figure>\n\t<\/div>\n\n\n\t<p>\n\t\t<a href=\"https:\/\/lp.suno.com.br\/planilha-controle-gastos\/\" target=\"_blank\" data-element=\"shortcode-suno-banner\" title=\"Banner SUNO, clique e saiba mais\">\n\t\t\t<picture>\n\t\t\t\t<source media=\"(max-width: 500px)\" srcset=\"https:\/\/files.sunoresearch.com.br\/n\/uploads\/2023\/03\/400x300-Planilha-controle-de-gastos.png\">\n\t\t\t\t<img class=\"newsContent__article__imgCapa newsContent__article__imgCapa--banner\"\n\t\t\t\t\tsrc=\"https:\/\/files.sunoresearch.com.br\/n\/uploads\/2023\/03\/1420x240-Planilha-controle-de-gastos.png\"\n\t\t\t\t\tdata-promo-id=\"101751\"\t\t\t\t\t\t\t\t\t\twidth='1420' height='240'\t\t\t\t\talt=\"https:\/\/files.sunoresearch.com.br\/n\/uploads\/2023\/03\/1420x240-Planilha-controle-de-gastos.png\"\n\t\t\t\t>\n\t\t\t<\/picture>\n\t\t<\/a>\n\t<\/p>\n\n\n<p>Ap\u00f3s recupera\u00e7\u00e3o no segundo semestre, os contratos terminaram 2020 com alta de 4,08%, mas encerraram 2021 com <strong>queda de 0,61%.<\/strong><\/p>\n<p>Segundo Paulo Picchetti, pesquisador respons\u00e1vel pela metodologia do Ivar no Ibre\/FGV, o<strong> setor imobili\u00e1rio<\/strong> foi profundamente impactado pelos efeitos da pandemia sobre o <a class=\"suno-keyword\" href=\"https:\/\/www.suno.com.br\/artigos\/mercado-de-trabalho\/\" target=\"_blank\" rel=\"noopener\" data-force=\"no\" data-priority=\"2\">mercado de trabalho<\/a>. A perda do emprego e a queda na renda levaram a negocia\u00e7\u00f5es entre inquilinos e propriet\u00e1rios, que resultaram, em sua maioria, em queda ou manuten\u00e7\u00e3o dos<strong> valores dos alugu\u00e9is<\/strong>. &#8220;Com a pandemia, a gente sabe que muita gente teve perda de renda muito repentina e muito profunda&#8221;, lembrou Picchetti.<\/p>\n<p>Tamb\u00e9m apurado pela FGV, o \u00cdndice Geral de Pre\u00e7os &#8211; Mercado (<strong>IGP-M<\/strong>), \u00edndice de pre\u00e7os majoritariamente adotado como base para reajustes de contratos de loca\u00e7\u00e3o, acumulou uma alta de 17,78% no ano de 2021, ap\u00f3s j\u00e1 ter subido 23,14% em 2020. O resultado do Ivar, por\u00e9m, mostra que a realidade financeira da popula\u00e7\u00e3o, que contribui para a din\u00e2mica de <a class=\"suno-keyword\" href=\"https:\/\/www.suno.com.br\/artigos\/oferta-demanda\/\" target=\"_blank\" rel=\"noopener\" data-force=\"no\" data-priority=\"1\">oferta e demanda<\/a> de im\u00f3veis, acabou se sobrepondo aos \u00edndices de pre\u00e7os que reajustam os contratos em vigor.<\/p>\n<p>&#8220;A renda n\u00e3o subiu nessa propor\u00e7\u00e3o (do IGP-M), na verdade caiu. Muitos locadores se viram numa situa\u00e7\u00e3o em que tiveram que pegar o apartamento de volta, porque os locat\u00e1rios n\u00e3o tinham condi\u00e7\u00f5es de continuar pagando&#8221;, disse Picchetti.<\/p>\n<p>Entre as quatro capitais pesquisadas, a queda acumulada ultrapassou os 10% em <strong>Porto Alegre<\/strong> em agosto de 2020 e em <strong>Belo Horizonte<\/strong> entre julho e setembro daquele mesmo ano, enquanto as cidades de <strong>S\u00e3o Paulo<\/strong> (-6,06% em agosto de 2020) e <strong>Rio de Janeiro<\/strong> (-8,83% em julho de 2020) registraram redu\u00e7\u00f5es um pouco menos acentuadas.<\/p>\n\t<p>\n\t\t<a href=\"https:\/\/lp.suno.com.br\/planilha-da-vida-financeira\/\" target=\"_blank\" data-element=\"shortcode-suno-banner\" title=\"Banner SUNO, clique e saiba mais\">\n\t\t\t<picture>\n\t\t\t\t<source media=\"(max-width: 500px)\" srcset=\"https:\/\/files.sunoresearch.com.br\/n\/uploads\/2023\/04\/400x300-Planilha-vida-financeira-true.png\">\n\t\t\t\t<img class=\"newsContent__article__imgCapa newsContent__article__imgCapa--banner\"\n\t\t\t\t\tsrc=\"https:\/\/files.sunoresearch.com.br\/n\/uploads\/2023\/04\/1420x240-Planilha-vida-financeira-true.png\"\n\t\t\t\t\tdata-promo-id=\"106682\"\t\t\t\t\t\t\t\t\t\twidth='1420' height='240'\t\t\t\t\talt=\"https:\/\/files.sunoresearch.com.br\/n\/uploads\/2023\/04\/1420x240-Planilha-vida-financeira-true.png\"\n\t\t\t\t>\n\t\t\t<\/picture>\n\t\t<\/a>\n\t<\/p>\n\n\n<p>&#8220;De fato, houve muita negocia\u00e7\u00e3o entre inquilinos e propriet\u00e1rios. Era uma coisa que a gente tinha sensibilidade, mas n\u00e3o tinha a informa\u00e7\u00e3o. N\u00e3o havia condi\u00e7\u00f5es de pagar um reajuste se a fam\u00edlia tinha perdido emprego&#8221;, justificou Andr\u00e9 Braz, coordenador dos \u00cdndices de Pre\u00e7os do Ibre\/FGV. &#8220;Muita gente partiu para a negocia\u00e7\u00e3o. At\u00e9 porque, para o propriet\u00e1rio, aluguel \u00e9 <a class=\"suno-keyword\" href=\"https:\/\/www.suno.com.br\/artigos\/fonte-de-renda\/\" target=\"_blank\" rel=\"noopener\" data-force=\"no\" data-priority=\"1\">fonte de renda<\/a>, voc\u00ea n\u00e3o pode abrir m\u00e3o repentinamente. Ent\u00e3o \u00e9 melhor manter um inquilino bom pagador&#8221;, completou Braz.<\/p>\n<p>Acompanhando a melhora do <a class=\"suno-keyword\" href=\"https:\/\/www.suno.com.br\/artigos\/poder-aquisitivo\/\" target=\"_blank\" rel=\"noopener\" data-force=\"no\" data-priority=\"1\">poder aquisitivo<\/a> das fam\u00edlias e da atividade econ\u00f4mica, em meio ao pagamento do <strong>aux\u00edlio emergencial<\/strong> e reabertura de estabelecimentos comerciais, os contratos de loca\u00e7\u00e3o voltaram a mostrar recupera\u00e7\u00e3o ao longo do segundo semestre de 2020 nas quatro regi\u00f5es investigadas, encerrando aquele ano com aumento de 4,08% na m\u00e9dia nacional. No entanto, o \u00edndice mostrou novo freio no primeiro trimestre de 2021, \u00e9poca em que o Pa\u00eds foi abatido pela segunda onda da <strong>covid-19<\/strong>. Desde ent\u00e3o, a varia\u00e7\u00e3o acumulada em 12 meses ensaiou retomada, voltando a perder f\u00f4lego no \u00faltimo semestre do ano passado, quando encerrou em trajet\u00f3ria declinante.<\/p>\n<h2>\u00cdndice de Varia\u00e7\u00e3o de Alugu\u00e9is Residenciais desacelera em dezembro<\/h2>\n<p>O <strong>\u00cdndice de Varia\u00e7\u00e3o de Alugu\u00e9is Residenciais<\/strong> desacelerou de uma alta de 0,79% no m\u00eas de novembro de 2021 para eleva\u00e7\u00e3o de 0,66% em dezembro. A taxa acumulada em 12 meses saiu de alta de 0,70% em novembro para terminar o ano de 2021 com uma queda de 0,61%.<\/p>\n\t<p>\n\t\t<a href=\"https:\/\/lp.suno.com.br\/ebook-como-analisar-uma-acao\/\" target=\"_blank\" data-element=\"shortcode-suno-banner\" title=\"Banner SUNO, clique e saiba mais\">\n\t\t\t<picture>\n\t\t\t\t<source media=\"(max-width: 500px)\" srcset=\"https:\/\/files.sunoresearch.com.br\/n\/uploads\/2023\/03\/Ebook-Acoes-Mobile-1.jpg\">\n\t\t\t\t<img class=\"newsContent__article__imgCapa newsContent__article__imgCapa--banner\"\n\t\t\t\t\tsrc=\"https:\/\/files.sunoresearch.com.br\/n\/uploads\/2023\/03\/Ebook-Acoes-Desktop-1.jpg\"\n\t\t\t\t\tdata-promo-id=\"171998\"\t\t\t\t\t\t\t\t\t\twidth='1420' height='286'\t\t\t\t\talt=\"https:\/\/files.sunoresearch.com.br\/n\/uploads\/2023\/03\/Ebook-Acoes-Desktop-1.jpg\"\n\t\t\t\t>\n\t\t\t<\/picture>\n\t\t<\/a>\n\t<\/p>\n\n\n<p>Quanto aos resultados regionais, o Ivar desacelerou em duas das cidades de maior peso entre novembro e dezembro: S\u00e3o Paulo (de 0,78% para 0,48%) e Rio de Janeiro (de 1,46% para 1,03%). Por outro lado, houve avan\u00e7o no ritmo de alta em Belo Horizonte (de 1,00% para 1,17%) e Porto Alegre (de 0,27% para 0,43%).<\/p>\n<p>No ano de 2021, os alugu\u00e9is recuaram 1,83% em S\u00e3o Paulo. Houve redu\u00e7\u00e3o tamb\u00e9m em Porto Alegre: -0,35%. A maior alta foi em Belo Horizonte, 1,46%, seguida por Rio de Janeiro, 0,46%.<\/p>\n<p>Os pesquisadores do Ibre\/FGV ressaltam que os aumentos de pre\u00e7os de itens inegoci\u00e1veis para a popula\u00e7\u00e3o, como energia el\u00e9trica, alimentos e combust\u00edveis, ainda prejudicam a <a class=\"suno-keyword\" href=\"https:\/\/www.suno.com.br\/artigos\/capacidade-de-pagamento\/\" target=\"_blank\" rel=\"noopener\" data-force=\"no\" data-priority=\"1\">capacidade de pagamento<\/a> das fam\u00edlias, ao mesmo tempo em que a gera\u00e7\u00e3o de vagas no mercado de trabalho n\u00e3o tem levado a uma melhora na massa de rendimentos dispon\u00edveis.<\/p>\n<p>A<strong> infla\u00e7\u00e3o elevada<\/strong> reduz a renda familiar, que tamb\u00e9m \u00e9 pressionada pela apatia da atividade econ\u00f4mica e pelo alto <a class=\"suno-keyword\" href=\"https:\/\/www.suno.com.br\/artigos\/indice-de-desemprego\/\" target=\"_blank\" rel=\"noopener\" data-force=\"no\" data-priority=\"1\">\u00edndice de desemprego<\/a>, enumera Braz. &#8220;Se a popula\u00e7\u00e3o n\u00e3o tem renda para pagar o aluguel, \u00e9 prov\u00e1vel que os contratos fiquem mais est\u00e1veis&#8221;, explica.<\/p>\n<h2><b>Mudan\u00e7a na coleta de dados<\/b><\/h2>\n<p>O \u00cdndice de Varia\u00e7\u00e3o de Alugu\u00e9is Residenciais (Ivar) passa a medir mensalmente a evolu\u00e7\u00e3o dos valores de alugu\u00e9is residenciais em quatro das principais capitais brasileiras com base em informa\u00e7\u00f5es anonimizadas de contratos de loca\u00e7\u00e3o de <a class=\"suno-keyword\" href=\"https:\/\/www.suno.com.br\/artigos\/longo-prazo\/\" target=\"_blank\" rel=\"noopener\" data-force=\"no\" data-priority=\"1\">longo prazo<\/a> obtidas pelo Ibre\/FGV com empresas administradoras de im\u00f3veis e entidades de classe. At\u00e9 ent\u00e3o, os pre\u00e7os dos alugu\u00e9is residenciais eram apurados pela FGV tendo como base an\u00fancios de loca\u00e7\u00e3o.<\/p>\n\t<p>\n\t\t<a href=\"https:\/\/lp.suno.com.br\/planilha-de-controle-de-investimentos\/\" target=\"_blank\" data-element=\"shortcode-suno-banner\" title=\"Banner SUNO, clique e saiba mais\">\n\t\t\t<picture>\n\t\t\t\t<source media=\"(max-width: 500px)\" srcset=\"https:\/\/files.sunoresearch.com.br\/n\/uploads\/2023\/03\/400x300-Controle-de-Investimentos.png\">\n\t\t\t\t<img class=\"newsContent__article__imgCapa newsContent__article__imgCapa--banner\"\n\t\t\t\t\tsrc=\"https:\/\/files.sunoresearch.com.br\/n\/uploads\/2023\/03\/1420x240-Controle-de-Investimentos.png\"\n\t\t\t\t\tdata-promo-id=\"75934\"\t\t\t\t\t\t\t\t\t\twidth='1420' height='240'\t\t\t\t\talt=\"https:\/\/files.sunoresearch.com.br\/n\/uploads\/2023\/03\/1420x240-Controle-de-Investimentos.png\"\n\t\t\t\t>\n\t\t\t<\/picture>\n\t\t<\/a>\n\t<\/p>\n\n\n<p>A mudan\u00e7a na coleta dos dados explica as diferen\u00e7as dos resultados do Ivar em rela\u00e7\u00e3o aos outros \u00edndices que medem a evolu\u00e7\u00e3o dos alugu\u00e9is residenciais no Brasil. No \u00cdndice Nacional de Pre\u00e7os ao Consumidor Amplo &#8211; 15 (IPCA-15), apurado pelo Instituto Brasileiro de Geografia e Estat\u00edstica (IBGE), o subitem aluguel residencial teve um aumento de 6,98% no ano de 2021, enquanto que no \u00cdndice de Pre\u00e7os ao Consumidor Semanal (IPC-S, do Ibre\/FGV) a alta foi de 4,45%.<\/p>\n<p>&#8220;O propriet\u00e1rio coloca (o im\u00f3vel) no mercado, mant\u00e9m aquele valor anunciado por um tempo, mas muitas vezes acaba fechando por um pre\u00e7o menor. A mesma coisa acontece no mercado de compra e venda&#8221;, justificou Aloisio Campelo J\u00fanior, superintendente de Estat\u00edsticas P\u00fablicas do Ibre\/FGV.<\/p>\n<p>O novo \u00edndice coletar\u00e1 informa\u00e7\u00f5es de cerca de 10 mil contratos por m\u00eas. A FGV tem inten\u00e7\u00e3o de incluir mais capitais no c\u00e1lculo, mas ainda n\u00e3o obteve dados em quantidade e regularidade suficientes para a produ\u00e7\u00e3o de estat\u00edsticas confi\u00e1veis, justificou Picchetti.<\/p>\n\t<div data-element=\"shortcode-read-more\" class=\"knowMore\">\n\t\t\t\t<span class=\"knowMore__title\">Veja tamb\u00e9m<\/span>\n\t\t\t\t<a class=\"knowMore__link\" href=\"https:\/\/www.suno.com.br\/noticias\/perspectivas-fundos-imobiliarios-fiis-2022\/\">\n\t\t\tFundos imobili\u00e1rios: veja os setores mais promissores para voc\u00ea investir em 2022\t\t<\/a>\n\t<\/div>\n\n\n<p>A pr\u00f3xima divulga\u00e7\u00e3o do \u00cdndice de Varia\u00e7\u00e3o de <strong>Alugu\u00e9is<\/strong> Residenciais, referente a janeiro, ocorrer\u00e1 em 10 de fevereiro de 2022.<\/p>\n<p><em>(Com informa\u00e7\u00f5es da Ag\u00eancia Estado)<\/em><\/p>\n\t<p>\n\t\t<a href=\"\" target=\"_blank\" data-element=\"shortcode-suno-banner\" title=\"Banner SUNO, clique e saiba mais\">\n\t\t\t<picture>\n\t\t\t\t<source media=\"(max-width: 500px)\" srcset=\"\">\n\t\t\t\t<img class=\"newsContent__article__imgCapa newsContent__article__imgCapa--banner\"\n\t\t\t\t\tsrc=\"\"\n\t\t\t\t\tdata-promo-id=\"184190\"\t\t\t\t\t\t\t\t\t\t\t\t\t\t\talt=\"\"\n\t\t\t\t>\n\t\t\t<\/picture>\n\t\t<\/a>\n\t<\/p>\n\n\n","protected":false},"excerpt":{"rendered":"<p>O Instituto Brasileiro de Economia da Funda\u00e7\u00e3o Get\u00falio Vargas (Ibre\/FGV) divulgou nesta ter\u00e7a-feira (11) um estudo mostrando que a pandemia de Covid-19 derrubou o valor do aluguel residencial no Brasil. No auge da redu\u00e7\u00e3o, em 2020, os pre\u00e7os registravam queda superior a 7% no acumulado de 12 meses, segundo os dados do \u00cdndice de Varia\u00e7\u00e3o [&hellip;]<\/p>\n","protected":false},"author":118,"featured_media":192178,"comment_status":"closed","ping_status":"closed","sticky":false,"template":"","format":"standard","meta":[],"categories":[66],"tags":[1904],"suno_strategy":[],"class_list":["post-220722","post","type-post","status-publish","format-standard","has-post-thumbnail","hentry","category-fiis","tag-mercado-imobiliario"],"yoast_head":"<!-- This site is optimized with the Yoast SEO plugin v24.4 - https:\/\/yoast.com\/wordpress\/plugins\/seo\/ -->\n<title>Aluguel residencial caiu 0,61% em 2021 por causa da pandemia, diz FGV<\/title>\n<meta name=\"description\" content=\"O pre\u00e7o do aluguel residencial caiu 0,61% em 2021 por causa da pandemia, aponta estudo da Funda\u00e7\u00e3o Get\u00falio Vargas (FGV). Saiba mais\" \/>\n<meta name=\"robots\" content=\"index, follow, max-snippet:-1, max-image-preview:large, max-video-preview:-1\" \/>\n<link rel=\"canonical\" href=\"https:\/\/www.suno.com.br\/noticias\/aluguel-residencial-caiu-061-em-2021-por-causa-da-pandemia-diz-fgv\/\" \/>\n<meta property=\"og:locale\" content=\"pt_BR\" \/>\n<meta property=\"og:type\" content=\"article\" \/>\n<meta property=\"og:title\" content=\"Aluguel residencial caiu 0,61% em 2021 por causa da pandemia, diz FGV\" \/>\n<meta property=\"og:description\" content=\"O pre\u00e7o do aluguel residencial caiu 0,61% em 2021 por causa da pandemia, aponta estudo da Funda\u00e7\u00e3o Get\u00falio Vargas (FGV). Saiba mais\" \/>\n<meta property=\"og:url\" content=\"https:\/\/www.suno.com.br\/noticias\/aluguel-residencial-caiu-061-em-2021-por-causa-da-pandemia-diz-fgv\/\" \/>\n<meta property=\"og:site_name\" content=\"Suno Not\u00edcias\" \/>\n<meta property=\"article:publisher\" content=\"https:\/\/facebook.com\/sunoresearch\" \/>\n<meta property=\"og:image\" content=\"https:\/\/files.sunoresearch.com.br\/n\/uploads\/2021\/10\/apartments-gf499f43a7_1920.jpg\" \/>\n\t<meta property=\"og:image:width\" content=\"1920\" \/>\n\t<meta property=\"og:image:height\" content=\"1275\" \/>\n\t<meta property=\"og:image:type\" content=\"image\/jpeg\" \/>\n<meta name=\"author\" content=\"Bruno Galv\u00e3o\" \/>\n<meta name=\"twitter:card\" content=\"summary_large_image\" \/>\n<meta name=\"twitter:creator\" content=\"@sunoresearch\" \/>\n<meta name=\"twitter:site\" content=\"@sunoresearch\" \/>\n<meta name=\"twitter:label1\" content=\"Escrito por\" \/>\n\t<meta name=\"twitter:data1\" content=\"Bruno Galv\u00e3o\" \/>\n\t<meta name=\"twitter:label2\" content=\"Est. tempo de leitura\" \/>\n\t<meta name=\"twitter:data2\" content=\"5 minutos\" \/>\n<script type=\"application\/ld+json\" class=\"yoast-schema-graph\">{\"@context\":\"https:\/\/schema.org\",\"@graph\":[{\"@type\":\"NewsArticle\",\"@id\":\"https:\/\/www.suno.com.br\/noticias\/aluguel-residencial-caiu-061-em-2021-por-causa-da-pandemia-diz-fgv\/#article\",\"isPartOf\":{\"@id\":\"https:\/\/www.suno.com.br\/noticias\/aluguel-residencial-caiu-061-em-2021-por-causa-da-pandemia-diz-fgv\/\"},\"author\":{\"name\":\"Bruno Galv\u00e3o\",\"@id\":\"https:\/\/www.suno.com.br\/noticias\/#\/schema\/person\/06f0d962a6b1c54852e4860f16935600\"},\"headline\":\"Aluguel residencial caiu 0,61% em 2021 por causa da pandemia, diz FGV\",\"datePublished\":\"2022-01-11T22:00:58+00:00\",\"mainEntityOfPage\":{\"@id\":\"https:\/\/www.suno.com.br\/noticias\/aluguel-residencial-caiu-061-em-2021-por-causa-da-pandemia-diz-fgv\/\"},\"wordCount\":1119,\"publisher\":{\"@id\":\"https:\/\/www.suno.com.br\/noticias\/#organization\"},\"image\":{\"@id\":\"https:\/\/www.suno.com.br\/noticias\/aluguel-residencial-caiu-061-em-2021-por-causa-da-pandemia-diz-fgv\/#primaryimage\"},\"thumbnailUrl\":\"https:\/\/files.sunoresearch.com.br\/n\/uploads\/2021\/10\/apartments-gf499f43a7_1920.jpg\",\"keywords\":[\"mercado imobili\u00e1rio\"],\"articleSection\":[\"FIIs\"],\"inLanguage\":\"pt-BR\"},{\"@type\":\"WebPage\",\"@id\":\"https:\/\/www.suno.com.br\/noticias\/aluguel-residencial-caiu-061-em-2021-por-causa-da-pandemia-diz-fgv\/\",\"url\":\"https:\/\/www.suno.com.br\/noticias\/aluguel-residencial-caiu-061-em-2021-por-causa-da-pandemia-diz-fgv\/\",\"name\":\"Aluguel residencial caiu 0,61% em 2021 por causa da pandemia, diz FGV\",\"isPartOf\":{\"@id\":\"https:\/\/www.suno.com.br\/noticias\/#website\"},\"primaryImageOfPage\":{\"@id\":\"https:\/\/www.suno.com.br\/noticias\/aluguel-residencial-caiu-061-em-2021-por-causa-da-pandemia-diz-fgv\/#primaryimage\"},\"image\":{\"@id\":\"https:\/\/www.suno.com.br\/noticias\/aluguel-residencial-caiu-061-em-2021-por-causa-da-pandemia-diz-fgv\/#primaryimage\"},\"thumbnailUrl\":\"https:\/\/files.sunoresearch.com.br\/n\/uploads\/2021\/10\/apartments-gf499f43a7_1920.jpg\",\"datePublished\":\"2022-01-11T22:00:58+00:00\",\"description\":\"O pre\u00e7o do aluguel residencial caiu 0,61% em 2021 por causa da pandemia, aponta estudo da Funda\u00e7\u00e3o Get\u00falio Vargas (FGV). Saiba mais\",\"breadcrumb\":{\"@id\":\"https:\/\/www.suno.com.br\/noticias\/aluguel-residencial-caiu-061-em-2021-por-causa-da-pandemia-diz-fgv\/#breadcrumb\"},\"inLanguage\":\"pt-BR\",\"potentialAction\":[{\"@type\":\"ReadAction\",\"target\":[\"https:\/\/www.suno.com.br\/noticias\/aluguel-residencial-caiu-061-em-2021-por-causa-da-pandemia-diz-fgv\/\"]}]},{\"@type\":\"ImageObject\",\"inLanguage\":\"pt-BR\",\"@id\":\"https:\/\/www.suno.com.br\/noticias\/aluguel-residencial-caiu-061-em-2021-por-causa-da-pandemia-diz-fgv\/#primaryimage\",\"url\":\"https:\/\/files.sunoresearch.com.br\/n\/uploads\/2021\/10\/apartments-gf499f43a7_1920.jpg\",\"contentUrl\":\"https:\/\/files.sunoresearch.com.br\/n\/uploads\/2021\/10\/apartments-gf499f43a7_1920.jpg\",\"width\":1920,\"height\":1275,\"caption\":\"Conhe\u00e7a novo \u00cdndice de Varia\u00e7\u00e3o de Alugu\u00e9is Residenciais (IVAR) da FGV. Foto: Pixabay\"},{\"@type\":\"BreadcrumbList\",\"@id\":\"https:\/\/www.suno.com.br\/noticias\/aluguel-residencial-caiu-061-em-2021-por-causa-da-pandemia-diz-fgv\/#breadcrumb\",\"itemListElement\":[{\"@type\":\"ListItem\",\"position\":1,\"name\":\"Not\u00edcias\",\"item\":\"https:\/\/www.suno.com.br\/noticias\/\"},{\"@type\":\"ListItem\",\"position\":2,\"name\":\"FIIs\",\"item\":\"https:\/\/www.suno.com.br\/noticias\/fiis\/\"},{\"@type\":\"ListItem\",\"position\":3,\"name\":\"Aluguel residencial caiu 0,61% em 2021 por causa da pandemia, diz FGV\"}]},{\"@type\":\"WebSite\",\"@id\":\"https:\/\/www.suno.com.br\/noticias\/#website\",\"url\":\"https:\/\/www.suno.com.br\/noticias\/\",\"name\":\"Suno Not\u00edcias\",\"description\":\"Seu portal de informa\u00e7\u00e3o sobre o mundo dos investimentos\",\"publisher\":{\"@id\":\"https:\/\/www.suno.com.br\/noticias\/#organization\"},\"potentialAction\":[{\"@type\":\"SearchAction\",\"target\":{\"@type\":\"EntryPoint\",\"urlTemplate\":\"https:\/\/www.suno.com.br\/noticias\/?s={search_term_string}\"},\"query-input\":{\"@type\":\"PropertyValueSpecification\",\"valueRequired\":true,\"valueName\":\"search_term_string\"}}],\"inLanguage\":\"pt-BR\"},{\"@type\":\"Organization\",\"@id\":\"https:\/\/www.suno.com.br\/noticias\/#organization\",\"name\":\"Suno Not\u00edcias\",\"url\":\"https:\/\/www.suno.com.br\/noticias\/\",\"logo\":{\"@type\":\"ImageObject\",\"inLanguage\":\"pt-BR\",\"@id\":\"https:\/\/www.suno.com.br\/noticias\/#\/schema\/logo\/image\/\",\"url\":\"https:\/\/files.sunoresearch.com.br\/n\/uploads\/2021\/09\/suno-logo.png\",\"contentUrl\":\"https:\/\/files.sunoresearch.com.br\/n\/uploads\/2021\/09\/suno-logo.png\",\"width\":180,\"height\":180,\"caption\":\"Suno Not\u00edcias\"},\"image\":{\"@id\":\"https:\/\/www.suno.com.br\/noticias\/#\/schema\/logo\/image\/\"},\"sameAs\":[\"https:\/\/facebook.com\/sunoresearch\",\"https:\/\/x.com\/sunoresearch\",\"https:\/\/www.instagram.com\/suno\",\"https:\/\/www.linkedin.com\/company\/suno-research\/\",\"https:\/\/www.youtube.com\/c\/sunoresearch\"]},{\"@type\":\"Person\",\"@id\":\"https:\/\/www.suno.com.br\/noticias\/#\/schema\/person\/06f0d962a6b1c54852e4860f16935600\",\"name\":\"Bruno Galv\u00e3o\",\"image\":{\"@type\":\"ImageObject\",\"inLanguage\":\"pt-BR\",\"@id\":\"https:\/\/www.suno.com.br\/noticias\/#\/schema\/person\/image\/\",\"url\":\"https:\/\/secure.gravatar.com\/avatar\/53598df0b41c00f12f287a912d0e918e?s=96&r=g\",\"contentUrl\":\"https:\/\/secure.gravatar.com\/avatar\/53598df0b41c00f12f287a912d0e918e?s=96&r=g\",\"caption\":\"Bruno Galv\u00e3o\"},\"description\":\"Escreve para o portal Suno Not\u00edcias. \u00c9 estudante de Jornalismo pela Faculdade C\u00e1sper L\u00edbero e Letras pela USP. Entusiasta de tecnologia e intelig\u00eancia artificial.\",\"url\":\"https:\/\/www.suno.com.br\/noticias\/author\/bruno-garcia\/\"}]}<\/script>\n<!-- \/ Yoast SEO plugin. -->","yoast_head_json":{"title":"Aluguel residencial caiu 0,61% em 2021 por causa da pandemia, diz FGV","description":"O pre\u00e7o do aluguel residencial caiu 0,61% em 2021 por causa da pandemia, aponta estudo da Funda\u00e7\u00e3o Get\u00falio Vargas (FGV). Saiba mais","robots":{"index":"index","follow":"follow","max-snippet":"max-snippet:-1","max-image-preview":"max-image-preview:large","max-video-preview":"max-video-preview:-1"},"canonical":"https:\/\/www.suno.com.br\/noticias\/aluguel-residencial-caiu-061-em-2021-por-causa-da-pandemia-diz-fgv\/","og_locale":"pt_BR","og_type":"article","og_title":"Aluguel residencial caiu 0,61% em 2021 por causa da pandemia, diz FGV","og_description":"O pre\u00e7o do aluguel residencial caiu 0,61% em 2021 por causa da pandemia, aponta estudo da Funda\u00e7\u00e3o Get\u00falio Vargas (FGV). Saiba mais","og_url":"https:\/\/www.suno.com.br\/noticias\/aluguel-residencial-caiu-061-em-2021-por-causa-da-pandemia-diz-fgv\/","og_site_name":"Suno Not\u00edcias","article_publisher":"https:\/\/facebook.com\/sunoresearch","og_image":[{"width":1920,"height":1275,"url":"https:\/\/files.sunoresearch.com.br\/n\/uploads\/2021\/10\/apartments-gf499f43a7_1920.jpg","type":"image\/jpeg"}],"author":"Bruno Galv\u00e3o","twitter_card":"summary_large_image","twitter_creator":"@sunoresearch","twitter_site":"@sunoresearch","twitter_misc":{"Escrito por":"Bruno Galv\u00e3o","Est. tempo de leitura":"5 minutos"},"schema":{"@context":"https:\/\/schema.org","@graph":[{"@type":"NewsArticle","@id":"https:\/\/www.suno.com.br\/noticias\/aluguel-residencial-caiu-061-em-2021-por-causa-da-pandemia-diz-fgv\/#article","isPartOf":{"@id":"https:\/\/www.suno.com.br\/noticias\/aluguel-residencial-caiu-061-em-2021-por-causa-da-pandemia-diz-fgv\/"},"author":{"name":"Bruno Galv\u00e3o","@id":"https:\/\/www.suno.com.br\/noticias\/#\/schema\/person\/06f0d962a6b1c54852e4860f16935600"},"headline":"Aluguel residencial caiu 0,61% em 2021 por causa da pandemia, diz FGV","datePublished":"2022-01-11T22:00:58+00:00","mainEntityOfPage":{"@id":"https:\/\/www.suno.com.br\/noticias\/aluguel-residencial-caiu-061-em-2021-por-causa-da-pandemia-diz-fgv\/"},"wordCount":1119,"publisher":{"@id":"https:\/\/www.suno.com.br\/noticias\/#organization"},"image":{"@id":"https:\/\/www.suno.com.br\/noticias\/aluguel-residencial-caiu-061-em-2021-por-causa-da-pandemia-diz-fgv\/#primaryimage"},"thumbnailUrl":"https:\/\/files.sunoresearch.com.br\/n\/uploads\/2021\/10\/apartments-gf499f43a7_1920.jpg","keywords":["mercado imobili\u00e1rio"],"articleSection":["FIIs"],"inLanguage":"pt-BR"},{"@type":"WebPage","@id":"https:\/\/www.suno.com.br\/noticias\/aluguel-residencial-caiu-061-em-2021-por-causa-da-pandemia-diz-fgv\/","url":"https:\/\/www.suno.com.br\/noticias\/aluguel-residencial-caiu-061-em-2021-por-causa-da-pandemia-diz-fgv\/","name":"Aluguel residencial caiu 0,61% em 2021 por causa da pandemia, diz FGV","isPartOf":{"@id":"https:\/\/www.suno.com.br\/noticias\/#website"},"primaryImageOfPage":{"@id":"https:\/\/www.suno.com.br\/noticias\/aluguel-residencial-caiu-061-em-2021-por-causa-da-pandemia-diz-fgv\/#primaryimage"},"image":{"@id":"https:\/\/www.suno.com.br\/noticias\/aluguel-residencial-caiu-061-em-2021-por-causa-da-pandemia-diz-fgv\/#primaryimage"},"thumbnailUrl":"https:\/\/files.sunoresearch.com.br\/n\/uploads\/2021\/10\/apartments-gf499f43a7_1920.jpg","datePublished":"2022-01-11T22:00:58+00:00","description":"O pre\u00e7o do aluguel residencial caiu 0,61% em 2021 por causa da pandemia, aponta estudo da Funda\u00e7\u00e3o Get\u00falio Vargas (FGV). Saiba mais","breadcrumb":{"@id":"https:\/\/www.suno.com.br\/noticias\/aluguel-residencial-caiu-061-em-2021-por-causa-da-pandemia-diz-fgv\/#breadcrumb"},"inLanguage":"pt-BR","potentialAction":[{"@type":"ReadAction","target":["https:\/\/www.suno.com.br\/noticias\/aluguel-residencial-caiu-061-em-2021-por-causa-da-pandemia-diz-fgv\/"]}]},{"@type":"ImageObject","inLanguage":"pt-BR","@id":"https:\/\/www.suno.com.br\/noticias\/aluguel-residencial-caiu-061-em-2021-por-causa-da-pandemia-diz-fgv\/#primaryimage","url":"https:\/\/files.sunoresearch.com.br\/n\/uploads\/2021\/10\/apartments-gf499f43a7_1920.jpg","contentUrl":"https:\/\/files.sunoresearch.com.br\/n\/uploads\/2021\/10\/apartments-gf499f43a7_1920.jpg","width":1920,"height":1275,"caption":"Conhe\u00e7a novo \u00cdndice de Varia\u00e7\u00e3o de Alugu\u00e9is Residenciais (IVAR) da FGV. Foto: Pixabay"},{"@type":"BreadcrumbList","@id":"https:\/\/www.suno.com.br\/noticias\/aluguel-residencial-caiu-061-em-2021-por-causa-da-pandemia-diz-fgv\/#breadcrumb","itemListElement":[{"@type":"ListItem","position":1,"name":"Not\u00edcias","item":"https:\/\/www.suno.com.br\/noticias\/"},{"@type":"ListItem","position":2,"name":"FIIs","item":"https:\/\/www.suno.com.br\/noticias\/fiis\/"},{"@type":"ListItem","position":3,"name":"Aluguel residencial caiu 0,61% em 2021 por causa da pandemia, diz FGV"}]},{"@type":"WebSite","@id":"https:\/\/www.suno.com.br\/noticias\/#website","url":"https:\/\/www.suno.com.br\/noticias\/","name":"Suno Not\u00edcias","description":"Seu portal de informa\u00e7\u00e3o sobre o mundo dos investimentos","publisher":{"@id":"https:\/\/www.suno.com.br\/noticias\/#organization"},"potentialAction":[{"@type":"SearchAction","target":{"@type":"EntryPoint","urlTemplate":"https:\/\/www.suno.com.br\/noticias\/?s={search_term_string}"},"query-input":{"@type":"PropertyValueSpecification","valueRequired":true,"valueName":"search_term_string"}}],"inLanguage":"pt-BR"},{"@type":"Organization","@id":"https:\/\/www.suno.com.br\/noticias\/#organization","name":"Suno Not\u00edcias","url":"https:\/\/www.suno.com.br\/noticias\/","logo":{"@type":"ImageObject","inLanguage":"pt-BR","@id":"https:\/\/www.suno.com.br\/noticias\/#\/schema\/logo\/image\/","url":"https:\/\/files.sunoresearch.com.br\/n\/uploads\/2021\/09\/suno-logo.png","contentUrl":"https:\/\/files.sunoresearch.com.br\/n\/uploads\/2021\/09\/suno-logo.png","width":180,"height":180,"caption":"Suno Not\u00edcias"},"image":{"@id":"https:\/\/www.suno.com.br\/noticias\/#\/schema\/logo\/image\/"},"sameAs":["https:\/\/facebook.com\/sunoresearch","https:\/\/x.com\/sunoresearch","https:\/\/www.instagram.com\/suno","https:\/\/www.linkedin.com\/company\/suno-research\/","https:\/\/www.youtube.com\/c\/sunoresearch"]},{"@type":"Person","@id":"https:\/\/www.suno.com.br\/noticias\/#\/schema\/person\/06f0d962a6b1c54852e4860f16935600","name":"Bruno Galv\u00e3o","image":{"@type":"ImageObject","inLanguage":"pt-BR","@id":"https:\/\/www.suno.com.br\/noticias\/#\/schema\/person\/image\/","url":"https:\/\/secure.gravatar.com\/avatar\/53598df0b41c00f12f287a912d0e918e?s=96&r=g","contentUrl":"https:\/\/secure.gravatar.com\/avatar\/53598df0b41c00f12f287a912d0e918e?s=96&r=g","caption":"Bruno Galv\u00e3o"},"description":"Escreve para o portal Suno Not\u00edcias. \u00c9 estudante de Jornalismo pela Faculdade C\u00e1sper L\u00edbero e Letras pela USP. Entusiasta de tecnologia e intelig\u00eancia artificial.","url":"https:\/\/www.suno.com.br\/noticias\/author\/bruno-garcia\/"}]}},"default_loop_html":"<div class=\"cardsPage__listCard__boxs\"><div class=\"cardsPage__listCard__boxs__img\"><a href=\"https:\/\/www.suno.com.br\/noticias\/aluguel-residencial-caiu-061-em-2021-por-causa-da-pandemia-diz-fgv\/\"><img class=\"mask\" src=\"https:\/\/www.suno.com.br\/noticias\/wp-content\/themes\/suno\/resources\/images\/spotlight\/spotlight1img\/bg-mask.png\" alt=\"Image Mask\"\/><img src=\"https:\/\/files.sunoresearch.com.br\/n\/uploads\/2021\/10\/apartments-gf499f43a7_1920-400x200.jpg\" alt=\"Aluguel residencial caiu 0,61% em 2021 por causa da pandemia, diz FGV\"\/><\/a><span class=\"spotlightCategory\"><a href=\"https:\/\/www.suno.com.br\/noticias\/fiis\/\">FIIs<\/a><\/span><\/div><div class=\"cardsPage__listCard__boxs__content\"><a href=\"https:\/\/www.suno.com.br\/noticias\/aluguel-residencial-caiu-061-em-2021-por-causa-da-pandemia-diz-fgv\/\"><h2 class=\"content__title\">Aluguel residencial caiu 0,61% em 2021 por causa da pandemia, diz FGV<\/h2><\/a><div class=\"newsContent__article__meta\"><div class=\"newsContent__article__meta__authorBox\"><a href=\"https:\/\/www.suno.com.br\/noticias\/author\/bruno-garcia\/\" class=\"authorBox__avatar noMobi\"><img src=\"https:\/\/secure.gravatar.com\/avatar\/53598df0b41c00f12f287a912d0e918e?s=96&#038;r=g\" alt=\"Bruno Galv\u00e3o\"><\/a><div class=\"authorBox__name\"><span>por\n\t\t\t<a href=\"https:\/\/www.suno.com.br\/noticias\/author\/bruno-garcia\/\"><span itemprop=\"author\">Bruno Galv\u00e3o<\/span><\/a><\/span><time datetime=\"2022-01-11T19:00:58-03:00\" itemprop=\"datePublished\">11\/01\/2022 19:00<\/time><\/div><\/div><\/div><\/div><\/div>","single_layout":"posts","amp_enabled":true,"_links":{"self":[{"href":"https:\/\/www.suno.com.br\/noticias\/wp-json\/wp\/v2\/posts\/220722"}],"collection":[{"href":"https:\/\/www.suno.com.br\/noticias\/wp-json\/wp\/v2\/posts"}],"about":[{"href":"https:\/\/www.suno.com.br\/noticias\/wp-json\/wp\/v2\/types\/post"}],"author":[{"embeddable":true,"href":"https:\/\/www.suno.com.br\/noticias\/wp-json\/wp\/v2\/users\/118"}],"replies":[{"embeddable":true,"href":"https:\/\/www.suno.com.br\/noticias\/wp-json\/wp\/v2\/comments?post=220722"}],"version-history":[{"count":4,"href":"https:\/\/www.suno.com.br\/noticias\/wp-json\/wp\/v2\/posts\/220722\/revisions"}],"predecessor-version":[{"id":220897,"href":"https:\/\/www.suno.com.br\/noticias\/wp-json\/wp\/v2\/posts\/220722\/revisions\/220897"}],"wp:featuredmedia":[{"embeddable":true,"href":"https:\/\/www.suno.com.br\/noticias\/wp-json\/wp\/v2\/media\/192178"}],"wp:attachment":[{"href":"https:\/\/www.suno.com.br\/noticias\/wp-json\/wp\/v2\/media?parent=220722"}],"wp:term":[{"taxonomy":"category","embeddable":true,"href":"https:\/\/www.suno.com.br\/noticias\/wp-json\/wp\/v2\/categories?post=220722"},{"taxonomy":"post_tag","embeddable":true,"href":"https:\/\/www.suno.com.br\/noticias\/wp-json\/wp\/v2\/tags?post=220722"},{"taxonomy":"suno_strategy","embeddable":true,"href":"https:\/\/www.suno.com.br\/noticias\/wp-json\/wp\/v2\/suno_strategy?post=220722"}],"curies":[{"name":"wp","href":"https:\/\/api.w.org\/{rel}","templated":true}]}}