{"id":220665,"date":"2022-01-11T12:30:42","date_gmt":"2022-01-11T15:30:42","guid":{"rendered":"https:\/\/www.suno.com.br\/noticias\/?p=220665"},"modified":"2022-01-11T12:58:51","modified_gmt":"2022-01-11T15:58:51","slug":"dotz-dotz3-follow-on-liquidez-acoes","status":"publish","type":"post","link":"https:\/\/www.suno.com.br\/noticias\/dotz-dotz3-follow-on-liquidez-acoes\/","title":{"rendered":"Dotz (DOTZ3): em queda ap\u00f3s IPO, empresa avalia follow-on para abrir a\u00e7\u00f5es ao varejo"},"content":{"rendered":"<p>A <a href=\"https:\/\/statusinvest.com.br\/acoes\/dotz3\"><strong>Dotz<\/strong> (DOTZ3)<\/a> avalia fazer uma oferta subsequente de a\u00e7\u00f5es para tentar aliviar a press\u00e3o que recai sobre os seus pap\u00e9is na bolsa, segundo entrevista do presidente-executivo da administradora de programas de fidelidade e fintech, Roberto Chade, \u00e0 Reuters.<\/p>\t<div class=\"wrapper-featured-image\">\n\t\t<figure class=\"spotlightImg\">\n\n\t\t\t<picture>\n\t\t\t\t<source media=\"(max-width: 768px)\" srcset=\"https:\/\/files.sunoresearch.com.br\/n\/uploads\/2021\/05\/f2cb3c0b-162097922_4060451930639914_2022094806652172656_n_easy-resize.com_-400x200.webp\">\n\t\t\t\t<img loading=\"lazy\" decoding=\"async\" class=\"newsContent__article__imgCapa lazyloadDisabled \" src=\"https:\/\/files.sunoresearch.com.br\/n\/uploads\/2021\/05\/f2cb3c0b-162097922_4060451930639914_2022094806652172656_n_easy-resize.com_-800x450.webp\" width=\"800\" height=\"450\" alt=\"Dotz (DOTZ3): em queda ap\u00f3s IPO, empresa avalia follow-on para abrir a\u00e7\u00f5es ao varejo\" fetchpriority=high \/>\n\t\t\t<\/picture>\n\n\t\t\t<figcaption class=\"wp-caption-text wp-caption-text--show\">Dotz cai mais de 75% no acumulado de 12 meses - Foto: Reprodu\u00e7\u00e3o Facebook<\/figcaption>\n\t\t<\/figure>\n\t<\/div>\n\n\n\t<p>\n\t\t<a href=\"https:\/\/lp.suno.com.br\/planilha-controle-gastos\/\" target=\"_blank\" data-element=\"shortcode-suno-banner\" title=\"Banner SUNO, clique e saiba mais\">\n\t\t\t<picture>\n\t\t\t\t<source media=\"(max-width: 500px)\" srcset=\"https:\/\/files.sunoresearch.com.br\/n\/uploads\/2023\/03\/400x300-Planilha-controle-de-gastos.png\">\n\t\t\t\t<img class=\"newsContent__article__imgCapa newsContent__article__imgCapa--banner\"\n\t\t\t\t\tsrc=\"https:\/\/files.sunoresearch.com.br\/n\/uploads\/2023\/03\/1420x240-Planilha-controle-de-gastos.png\"\n\t\t\t\t\tdata-promo-id=\"101751\"\t\t\t\t\t\t\t\t\t\twidth='1420' height='240'\t\t\t\t\talt=\"https:\/\/files.sunoresearch.com.br\/n\/uploads\/2023\/03\/1420x240-Planilha-controle-de-gastos.png\"\n\t\t\t\t>\n\t\t\t<\/picture>\n\t\t<\/a>\n\t<\/p>\n\n\n<p>Desde que realizou a abertura de capital (IPO, na sigla em ingl\u00eas), em maio de 2021, os pap\u00e9is da empresa, restritos \u00e0 <strong>investidores qualificados<\/strong> &#8211; com mais de R$ 1 milh\u00e3o aplicados -, acumulam uma desvaloriza\u00e7\u00e3o de 76%.<\/p>\n<p>A expectativa \u00e9 que, com o\u00a0<strong><a href=\"https:\/\/www.suno.com.br\/artigos\/follow-on\">follow-on<\/a> da Dotz<\/strong>, as a\u00e7\u00f5es voltem as m\u00e9tricas originais, baseadas nos fundamentos da empresa. \u201cEstamos estudando fazer isso\u201d, disse Chade \u00e0 ag\u00eancia de not\u00edcias, explicando que ainda n\u00e3o h\u00e1 defini\u00e7\u00e3o sobre se uma oferta subsequente ser\u00e1 mesmo feita, nem quando.<\/p>\n<p>A estrat\u00e9gia de <strong>desbloquear as a\u00e7\u00f5es<\/strong> vai ao encontro do planejamento estrat\u00e9gico da companhia, que tem planos de crescimento expansivo em termos de rentabilidade pelo menos at\u00e9 o ano de 2023.<\/p>\n<p>Apesar disso, segundo Chade, os neg\u00f3cios baseados em planos de crescimento acelerado devem ainda enfrentar volatilidade no Brasil neste ano devido ao ciclo de aperto monet\u00e1rio em curso pelo Banco Central para tentar conter a infla\u00e7\u00e3o.<\/p>\n\t<p>\n\t\t<a href=\"https:\/\/lp.suno.com.br\/planilha-da-vida-financeira\/\" target=\"_blank\" data-element=\"shortcode-suno-banner\" title=\"Banner SUNO, clique e saiba mais\">\n\t\t\t<picture>\n\t\t\t\t<source media=\"(max-width: 500px)\" srcset=\"https:\/\/files.sunoresearch.com.br\/n\/uploads\/2023\/04\/400x300-Planilha-vida-financeira-true.png\">\n\t\t\t\t<img class=\"newsContent__article__imgCapa newsContent__article__imgCapa--banner\"\n\t\t\t\t\tsrc=\"https:\/\/files.sunoresearch.com.br\/n\/uploads\/2023\/04\/1420x240-Planilha-vida-financeira-true.png\"\n\t\t\t\t\tdata-promo-id=\"106682\"\t\t\t\t\t\t\t\t\t\twidth='1420' height='240'\t\t\t\t\talt=\"https:\/\/files.sunoresearch.com.br\/n\/uploads\/2023\/04\/1420x240-Planilha-vida-financeira-true.png\"\n\t\t\t\t>\n\t\t\t<\/picture>\n\t\t<\/a>\n\t<\/p>\n\n\n<p>Os planos s\u00e3o de a empresa seguir ampliando investimentos neste ano, dando sequ\u00eancia ao resultado do ano passado, quando seus investimentos cresceram cerca de 50% em rela\u00e7\u00e3o a 2020 no consolidado at\u00e9 o terceiro trimestre, segundo ele.<\/p>\n<p>\u201cNo primeiro trimestre de 2023, as coisas devem come\u00e7ar a voltar ao normal\u201d, disse ele. \u201cPodemos atingir o <a class=\"suno-keyword\" href=\"https:\/\/www.suno.com.br\/artigos\/breakeven\/\" target=\"_blank\" rel=\"noopener\" data-force=\"no\" data-priority=\"2\">break even<\/a> (lucratividade) no ano que vem\u201d, acrescentou.<\/p>\n\n\t<div data-element=\"shortcode-read-more\" class=\"readToo\">\n\t\t\t\t<ul class=\"readToo__list\">\n\t\t\t<li><a href=\"https:\/\/www.suno.com.br\/noticias\/3tentos-tten3-follow-on-investidores-varejo\/\">3Tentos (TTEN3) far\u00e1 follow-on para abrir a\u00e7\u00f5es aos investidores de varejo<\/a><\/li><li><a href=\"https:\/\/www.suno.com.br\/noticias\/captacao-br-partners-brbi11-destravar-units\/\">Capta\u00e7\u00e3o de BR Partners (BRBI11) pretende \u2018destravar\u2019 oferta de units<\/a><\/li>\t\t<\/ul>\n\t<\/div>\n\n\n<h2>Nova oferta da Dotz ser\u00e1 baseada na instru\u00e7\u00e3o 400<\/h2>\n<p>Originalmente, a oferta inicial de a\u00e7\u00f5es da Dotz foi feita com base na <strong>instru\u00e7\u00e3o 476<\/strong> da <a href=\"https:\/\/www.suno.com.br\/artigos\/cvm\">Comiss\u00e3o de Valores Mobili\u00e1rios (<strong>CVM<\/strong>)<\/a>. Esta norma facilita a emiss\u00e3o uma vez que exige do emissor menos informa\u00e7\u00f5es financeiras.<\/p>\n<p>Entretanto, a fim de n\u00e3o criar assimetrias, a regra tamb\u00e9m restringe a comercializa\u00e7\u00e3o dos pap\u00e9is apenas aos investidores chamados de qualificados &#8211; e que comprovam isso ao ter mais de R$ 1 milh\u00e3o investidos.<\/p>\n<p>A pr\u00e1tica, no entanto, n\u00e3o se mostrou assim, e os pap\u00e9is da companhia chegaram a ser ofertados por algumas corretoras e por alguns meses ao p\u00fablico em geral, at\u00e9 que as transa\u00e7\u00f5es foram depois bloqueadas pelo \u00f3rg\u00e3o regulador, que proibiu a compra por investidores n\u00e3o qualificados.<\/p>\n\t<p>\n\t\t<a href=\"https:\/\/lp.suno.com.br\/ebook-como-analisar-uma-acao\/\" target=\"_blank\" data-element=\"shortcode-suno-banner\" title=\"Banner SUNO, clique e saiba mais\">\n\t\t\t<picture>\n\t\t\t\t<source media=\"(max-width: 500px)\" srcset=\"https:\/\/files.sunoresearch.com.br\/n\/uploads\/2023\/03\/Ebook-Acoes-Mobile-1.jpg\">\n\t\t\t\t<img class=\"newsContent__article__imgCapa newsContent__article__imgCapa--banner\"\n\t\t\t\t\tsrc=\"https:\/\/files.sunoresearch.com.br\/n\/uploads\/2023\/03\/Ebook-Acoes-Desktop-1.jpg\"\n\t\t\t\t\tdata-promo-id=\"171998\"\t\t\t\t\t\t\t\t\t\twidth='1420' height='286'\t\t\t\t\talt=\"https:\/\/files.sunoresearch.com.br\/n\/uploads\/2023\/03\/Ebook-Acoes-Desktop-1.jpg\"\n\t\t\t\t>\n\t\t\t<\/picture>\n\t\t<\/a>\n\t<\/p>\n\n\n<p>A partir da\u00ed, investidores de varejo s\u00f3 puderam vend\u00ea-los a investidores qualificados. Desde ent\u00e3o, as <a class=\"suno-keyword\" href=\"https:\/\/www.suno.com.br\/artigos\/o-que-sao-acoes-ordinarias-preferenciais-e-units\/\" target=\"_blank\" rel=\"noopener\" data-force=\"no\" data-priority=\"1\">a\u00e7\u00f5es ordin\u00e1rias<\/a> da empresa sofrem com o cen\u00e1rio macroecon\u00f4mico e a baixa do varejo eletr\u00f4nico.<\/p>\n<p>Com uma nova oferta no \u00e2mbito da <strong>instru\u00e7\u00e3o 400<\/strong>, dirigida inclusive para investidores de varejo, a base de acionistas cresceria e daria maior liquidez aos pap\u00e9is da Dotz. Isso acontece porque a norma exige que a companhia divulgue as informa\u00e7\u00f5es financeiras completas, desbloqueando assim a negocia\u00e7\u00e3o de todos papeis.<\/p>\n<p>Se levada adiante, a medida da <strong>Dotz<\/strong> deve ter o mesmo modelo anunciado na semana passada pelo <a href=\"https:\/\/statusinvest.com.br\/acoes\/brbi11\">BR Partners (BRBI11)<\/a>, que deve colocar seus novos pap\u00e9is na bolsa sob as normas da instru\u00e7\u00e3o 400, e, hoje, pela <a href=\"https:\/\/statusinvest.com.br\/acoes\/tten3\">3Tentos (TTEN3)<\/a>.<\/p>\n\t<p>\n\t\t<a href=\"https:\/\/lp.suno.com.br\/planilha-de-controle-de-investimentos\/\" target=\"_blank\" data-element=\"shortcode-suno-banner\" title=\"Banner SUNO, clique e saiba mais\">\n\t\t\t<picture>\n\t\t\t\t<source media=\"(max-width: 500px)\" srcset=\"https:\/\/files.sunoresearch.com.br\/n\/uploads\/2023\/03\/400x300-Controle-de-Investimentos.png\">\n\t\t\t\t<img class=\"newsContent__article__imgCapa newsContent__article__imgCapa--banner\"\n\t\t\t\t\tsrc=\"https:\/\/files.sunoresearch.com.br\/n\/uploads\/2023\/03\/1420x240-Controle-de-Investimentos.png\"\n\t\t\t\t\tdata-promo-id=\"75934\"\t\t\t\t\t\t\t\t\t\twidth='1420' height='240'\t\t\t\t\talt=\"https:\/\/files.sunoresearch.com.br\/n\/uploads\/2023\/03\/1420x240-Controle-de-Investimentos.png\"\n\t\t\t\t>\n\t\t\t<\/picture>\n\t\t<\/a>\n\t<\/p>\n\n\n","protected":false},"excerpt":{"rendered":"<p>A Dotz (DOTZ3) avalia fazer uma oferta subsequente de a\u00e7\u00f5es para tentar aliviar a press\u00e3o que recai sobre os seus pap\u00e9is na bolsa, segundo entrevista do presidente-executivo da administradora de programas de fidelidade e fintech, Roberto Chade, \u00e0 Reuters. BR Partners abriu seu capital na bolsa no fim de junho de 2021. Foto: Divulga\u00e7\u00e3o Desde [&hellip;]<\/p>\n","protected":false},"author":73,"featured_media":153040,"comment_status":"closed","ping_status":"closed","sticky":false,"template":"","format":"standard","meta":[],"categories":[64],"tags":[105845,105816],"suno_strategy":[],"class_list":["post-220665","post","type-post","status-publish","format-standard","has-post-thumbnail","hentry","category-negocios","tag-dotz-dotz3","tag-especialistas"],"yoast_head":"<!-- This site is optimized with the Yoast SEO plugin v24.4 - https:\/\/yoast.com\/wordpress\/plugins\/seo\/ -->\n<title>Dotz (DOTZ3): Empresa estuda follow-on para abrir a\u00e7\u00f5es ao varejo<\/title>\n<meta name=\"description\" content=\"A expectativa \u00e9 que, com o\u00a0follow-on da Dotz, as a\u00e7\u00f5es voltem as m\u00e9tricas baseadas nos fundamentos da empresa. Clique aqui e leia mais.\" \/>\n<meta name=\"robots\" content=\"index, follow, max-snippet:-1, max-image-preview:large, max-video-preview:-1\" \/>\n<link rel=\"canonical\" href=\"https:\/\/www.suno.com.br\/noticias\/dotz-dotz3-follow-on-liquidez-acoes\/\" \/>\n<meta property=\"og:locale\" content=\"pt_BR\" \/>\n<meta property=\"og:type\" content=\"article\" \/>\n<meta property=\"og:title\" content=\"Dotz (DOTZ3): Empresa estuda follow-on para abrir a\u00e7\u00f5es ao varejo\" \/>\n<meta property=\"og:description\" content=\"A expectativa \u00e9 que, com o\u00a0follow-on da Dotz, as a\u00e7\u00f5es voltem as m\u00e9tricas baseadas nos fundamentos da empresa. Clique aqui e leia mais.\" \/>\n<meta property=\"og:url\" content=\"https:\/\/www.suno.com.br\/noticias\/dotz-dotz3-follow-on-liquidez-acoes\/\" \/>\n<meta property=\"og:site_name\" content=\"Suno Not\u00edcias\" \/>\n<meta property=\"article:publisher\" content=\"https:\/\/facebook.com\/sunoresearch\" \/>\n<meta property=\"og:image\" content=\"https:\/\/files.sunoresearch.com.br\/n\/uploads\/2021\/05\/f2cb3c0b-162097922_4060451930639914_2022094806652172656_n_easy-resize.com_.jpg\" \/>\n\t<meta property=\"og:image:width\" content=\"1280\" \/>\n\t<meta property=\"og:image:height\" content=\"1280\" \/>\n\t<meta property=\"og:image:type\" content=\"image\/jpeg\" \/>\n<meta name=\"author\" content=\"Eduardo Vargas\" \/>\n<meta name=\"twitter:card\" content=\"summary_large_image\" \/>\n<meta name=\"twitter:creator\" content=\"@sunoresearch\" \/>\n<meta name=\"twitter:site\" content=\"@sunoresearch\" \/>\n<meta name=\"twitter:label1\" content=\"Escrito por\" \/>\n\t<meta name=\"twitter:data1\" content=\"Eduardo Vargas\" \/>\n\t<meta name=\"twitter:label2\" content=\"Est. tempo de leitura\" \/>\n\t<meta name=\"twitter:data2\" content=\"3 minutos\" \/>\n<script type=\"application\/ld+json\" class=\"yoast-schema-graph\">{\"@context\":\"https:\/\/schema.org\",\"@graph\":[{\"@type\":\"NewsArticle\",\"@id\":\"https:\/\/www.suno.com.br\/noticias\/dotz-dotz3-follow-on-liquidez-acoes\/#article\",\"isPartOf\":{\"@id\":\"https:\/\/www.suno.com.br\/noticias\/dotz-dotz3-follow-on-liquidez-acoes\/\"},\"author\":{\"name\":\"Eduardo Vargas\",\"@id\":\"https:\/\/www.suno.com.br\/noticias\/#\/schema\/person\/7f4d362bf3518e76090143ae77bb49a5\"},\"headline\":\"Dotz (DOTZ3): em queda ap\u00f3s IPO, empresa avalia follow-on para abrir a\u00e7\u00f5es ao varejo\",\"datePublished\":\"2022-01-11T15:30:42+00:00\",\"dateModified\":\"2022-01-11T15:58:51+00:00\",\"mainEntityOfPage\":{\"@id\":\"https:\/\/www.suno.com.br\/noticias\/dotz-dotz3-follow-on-liquidez-acoes\/\"},\"wordCount\":567,\"publisher\":{\"@id\":\"https:\/\/www.suno.com.br\/noticias\/#organization\"},\"image\":{\"@id\":\"https:\/\/www.suno.com.br\/noticias\/dotz-dotz3-follow-on-liquidez-acoes\/#primaryimage\"},\"thumbnailUrl\":\"https:\/\/files.sunoresearch.com.br\/n\/uploads\/2021\/05\/f2cb3c0b-162097922_4060451930639914_2022094806652172656_n_easy-resize.com_-jpg.webp\",\"keywords\":[\"Dotz (DOTZ3)\",\"Especialistas\"],\"articleSection\":[\"Neg\u00f3cios\"],\"inLanguage\":\"pt-BR\"},{\"@type\":\"WebPage\",\"@id\":\"https:\/\/www.suno.com.br\/noticias\/dotz-dotz3-follow-on-liquidez-acoes\/\",\"url\":\"https:\/\/www.suno.com.br\/noticias\/dotz-dotz3-follow-on-liquidez-acoes\/\",\"name\":\"Dotz (DOTZ3): Empresa estuda follow-on para abrir a\u00e7\u00f5es ao varejo\",\"isPartOf\":{\"@id\":\"https:\/\/www.suno.com.br\/noticias\/#website\"},\"primaryImageOfPage\":{\"@id\":\"https:\/\/www.suno.com.br\/noticias\/dotz-dotz3-follow-on-liquidez-acoes\/#primaryimage\"},\"image\":{\"@id\":\"https:\/\/www.suno.com.br\/noticias\/dotz-dotz3-follow-on-liquidez-acoes\/#primaryimage\"},\"thumbnailUrl\":\"https:\/\/files.sunoresearch.com.br\/n\/uploads\/2021\/05\/f2cb3c0b-162097922_4060451930639914_2022094806652172656_n_easy-resize.com_-jpg.webp\",\"datePublished\":\"2022-01-11T15:30:42+00:00\",\"dateModified\":\"2022-01-11T15:58:51+00:00\",\"description\":\"A expectativa \u00e9 que, com o\u00a0follow-on da Dotz, as a\u00e7\u00f5es voltem as m\u00e9tricas baseadas nos fundamentos da empresa. Clique aqui e leia mais.\",\"breadcrumb\":{\"@id\":\"https:\/\/www.suno.com.br\/noticias\/dotz-dotz3-follow-on-liquidez-acoes\/#breadcrumb\"},\"inLanguage\":\"pt-BR\",\"potentialAction\":[{\"@type\":\"ReadAction\",\"target\":[\"https:\/\/www.suno.com.br\/noticias\/dotz-dotz3-follow-on-liquidez-acoes\/\"]}]},{\"@type\":\"ImageObject\",\"inLanguage\":\"pt-BR\",\"@id\":\"https:\/\/www.suno.com.br\/noticias\/dotz-dotz3-follow-on-liquidez-acoes\/#primaryimage\",\"url\":\"https:\/\/files.sunoresearch.com.br\/n\/uploads\/2021\/05\/f2cb3c0b-162097922_4060451930639914_2022094806652172656_n_easy-resize.com_-jpg.webp\",\"contentUrl\":\"https:\/\/files.sunoresearch.com.br\/n\/uploads\/2021\/05\/f2cb3c0b-162097922_4060451930639914_2022094806652172656_n_easy-resize.com_-jpg.webp\",\"width\":1280,\"height\":1280,\"caption\":\"Dotz cai mais de 75% no acumulado de 12 meses - Foto: Reprodu\u00e7\u00e3o Facebook\"},{\"@type\":\"BreadcrumbList\",\"@id\":\"https:\/\/www.suno.com.br\/noticias\/dotz-dotz3-follow-on-liquidez-acoes\/#breadcrumb\",\"itemListElement\":[{\"@type\":\"ListItem\",\"position\":1,\"name\":\"Not\u00edcias\",\"item\":\"https:\/\/www.suno.com.br\/noticias\/\"},{\"@type\":\"ListItem\",\"position\":2,\"name\":\"Neg\u00f3cios\",\"item\":\"https:\/\/www.suno.com.br\/noticias\/negocios\/\"},{\"@type\":\"ListItem\",\"position\":3,\"name\":\"Dotz (DOTZ3): em queda ap\u00f3s IPO, empresa avalia follow-on para abrir a\u00e7\u00f5es ao varejo\"}]},{\"@type\":\"WebSite\",\"@id\":\"https:\/\/www.suno.com.br\/noticias\/#website\",\"url\":\"https:\/\/www.suno.com.br\/noticias\/\",\"name\":\"Suno Not\u00edcias\",\"description\":\"Seu portal de informa\u00e7\u00e3o sobre o mundo dos investimentos\",\"publisher\":{\"@id\":\"https:\/\/www.suno.com.br\/noticias\/#organization\"},\"potentialAction\":[{\"@type\":\"SearchAction\",\"target\":{\"@type\":\"EntryPoint\",\"urlTemplate\":\"https:\/\/www.suno.com.br\/noticias\/?s={search_term_string}\"},\"query-input\":{\"@type\":\"PropertyValueSpecification\",\"valueRequired\":true,\"valueName\":\"search_term_string\"}}],\"inLanguage\":\"pt-BR\"},{\"@type\":\"Organization\",\"@id\":\"https:\/\/www.suno.com.br\/noticias\/#organization\",\"name\":\"Suno Not\u00edcias\",\"url\":\"https:\/\/www.suno.com.br\/noticias\/\",\"logo\":{\"@type\":\"ImageObject\",\"inLanguage\":\"pt-BR\",\"@id\":\"https:\/\/www.suno.com.br\/noticias\/#\/schema\/logo\/image\/\",\"url\":\"https:\/\/files.sunoresearch.com.br\/n\/uploads\/2021\/09\/suno-logo.png\",\"contentUrl\":\"https:\/\/files.sunoresearch.com.br\/n\/uploads\/2021\/09\/suno-logo.png\",\"width\":180,\"height\":180,\"caption\":\"Suno Not\u00edcias\"},\"image\":{\"@id\":\"https:\/\/www.suno.com.br\/noticias\/#\/schema\/logo\/image\/\"},\"sameAs\":[\"https:\/\/facebook.com\/sunoresearch\",\"https:\/\/x.com\/sunoresearch\",\"https:\/\/www.instagram.com\/suno\",\"https:\/\/www.linkedin.com\/company\/suno-research\/\",\"https:\/\/www.youtube.com\/c\/sunoresearch\"]},{\"@type\":\"Person\",\"@id\":\"https:\/\/www.suno.com.br\/noticias\/#\/schema\/person\/7f4d362bf3518e76090143ae77bb49a5\",\"name\":\"Eduardo Vargas\",\"image\":{\"@type\":\"ImageObject\",\"inLanguage\":\"pt-BR\",\"@id\":\"https:\/\/www.suno.com.br\/noticias\/#\/schema\/person\/image\/\",\"url\":\"https:\/\/secure.gravatar.com\/avatar\/dac340933427a22924c9f99d1eb2e3f2?s=96&r=g\",\"contentUrl\":\"https:\/\/secure.gravatar.com\/avatar\/dac340933427a22924c9f99d1eb2e3f2?s=96&r=g\",\"caption\":\"Eduardo Vargas\"},\"description\":\"Jornalista formado pela UFSC, cobre macroeconomia, neg\u00f3cios e startups para o Suno Not\u00edcias, escrevendo principalmente not\u00edcias sobre o mercado financeiro e a bolsa de valores. No YouTube e no Instagram, \u00e9 respons\u00e1vel pela produ\u00e7\u00e3o de Reels e Shorts do Suno Not\u00edcias. Anteriormente, trabalhou cobrindo economia e cotidiano no ND+ e para o ND, maior jornal impresso de Santa Catarina. Cursou um semestre letivo de Estudos de M\u00eddia na Universidad de Buenos Aires.\",\"url\":\"https:\/\/www.suno.com.br\/noticias\/author\/eduardo-vargas\/\"}]}<\/script>\n<!-- \/ Yoast SEO plugin. -->","yoast_head_json":{"title":"Dotz (DOTZ3): Empresa estuda follow-on para abrir a\u00e7\u00f5es ao varejo","description":"A expectativa \u00e9 que, com o\u00a0follow-on da Dotz, as a\u00e7\u00f5es voltem as m\u00e9tricas baseadas nos fundamentos da empresa. Clique aqui e leia mais.","robots":{"index":"index","follow":"follow","max-snippet":"max-snippet:-1","max-image-preview":"max-image-preview:large","max-video-preview":"max-video-preview:-1"},"canonical":"https:\/\/www.suno.com.br\/noticias\/dotz-dotz3-follow-on-liquidez-acoes\/","og_locale":"pt_BR","og_type":"article","og_title":"Dotz (DOTZ3): Empresa estuda follow-on para abrir a\u00e7\u00f5es ao varejo","og_description":"A expectativa \u00e9 que, com o\u00a0follow-on da Dotz, as a\u00e7\u00f5es voltem as m\u00e9tricas baseadas nos fundamentos da empresa. Clique aqui e leia mais.","og_url":"https:\/\/www.suno.com.br\/noticias\/dotz-dotz3-follow-on-liquidez-acoes\/","og_site_name":"Suno Not\u00edcias","article_publisher":"https:\/\/facebook.com\/sunoresearch","og_image":[{"width":1280,"height":1280,"url":"https:\/\/files.sunoresearch.com.br\/n\/uploads\/2021\/05\/f2cb3c0b-162097922_4060451930639914_2022094806652172656_n_easy-resize.com_.jpg","type":"image\/jpeg"}],"author":"Eduardo Vargas","twitter_card":"summary_large_image","twitter_creator":"@sunoresearch","twitter_site":"@sunoresearch","twitter_misc":{"Escrito por":"Eduardo Vargas","Est. tempo de leitura":"3 minutos"},"schema":{"@context":"https:\/\/schema.org","@graph":[{"@type":"NewsArticle","@id":"https:\/\/www.suno.com.br\/noticias\/dotz-dotz3-follow-on-liquidez-acoes\/#article","isPartOf":{"@id":"https:\/\/www.suno.com.br\/noticias\/dotz-dotz3-follow-on-liquidez-acoes\/"},"author":{"name":"Eduardo Vargas","@id":"https:\/\/www.suno.com.br\/noticias\/#\/schema\/person\/7f4d362bf3518e76090143ae77bb49a5"},"headline":"Dotz (DOTZ3): em queda ap\u00f3s IPO, empresa avalia follow-on para abrir a\u00e7\u00f5es ao varejo","datePublished":"2022-01-11T15:30:42+00:00","dateModified":"2022-01-11T15:58:51+00:00","mainEntityOfPage":{"@id":"https:\/\/www.suno.com.br\/noticias\/dotz-dotz3-follow-on-liquidez-acoes\/"},"wordCount":567,"publisher":{"@id":"https:\/\/www.suno.com.br\/noticias\/#organization"},"image":{"@id":"https:\/\/www.suno.com.br\/noticias\/dotz-dotz3-follow-on-liquidez-acoes\/#primaryimage"},"thumbnailUrl":"https:\/\/files.sunoresearch.com.br\/n\/uploads\/2021\/05\/f2cb3c0b-162097922_4060451930639914_2022094806652172656_n_easy-resize.com_-jpg.webp","keywords":["Dotz (DOTZ3)","Especialistas"],"articleSection":["Neg\u00f3cios"],"inLanguage":"pt-BR"},{"@type":"WebPage","@id":"https:\/\/www.suno.com.br\/noticias\/dotz-dotz3-follow-on-liquidez-acoes\/","url":"https:\/\/www.suno.com.br\/noticias\/dotz-dotz3-follow-on-liquidez-acoes\/","name":"Dotz (DOTZ3): Empresa estuda follow-on para abrir a\u00e7\u00f5es ao varejo","isPartOf":{"@id":"https:\/\/www.suno.com.br\/noticias\/#website"},"primaryImageOfPage":{"@id":"https:\/\/www.suno.com.br\/noticias\/dotz-dotz3-follow-on-liquidez-acoes\/#primaryimage"},"image":{"@id":"https:\/\/www.suno.com.br\/noticias\/dotz-dotz3-follow-on-liquidez-acoes\/#primaryimage"},"thumbnailUrl":"https:\/\/files.sunoresearch.com.br\/n\/uploads\/2021\/05\/f2cb3c0b-162097922_4060451930639914_2022094806652172656_n_easy-resize.com_-jpg.webp","datePublished":"2022-01-11T15:30:42+00:00","dateModified":"2022-01-11T15:58:51+00:00","description":"A expectativa \u00e9 que, com o\u00a0follow-on da Dotz, as a\u00e7\u00f5es voltem as m\u00e9tricas baseadas nos fundamentos da empresa. Clique aqui e leia mais.","breadcrumb":{"@id":"https:\/\/www.suno.com.br\/noticias\/dotz-dotz3-follow-on-liquidez-acoes\/#breadcrumb"},"inLanguage":"pt-BR","potentialAction":[{"@type":"ReadAction","target":["https:\/\/www.suno.com.br\/noticias\/dotz-dotz3-follow-on-liquidez-acoes\/"]}]},{"@type":"ImageObject","inLanguage":"pt-BR","@id":"https:\/\/www.suno.com.br\/noticias\/dotz-dotz3-follow-on-liquidez-acoes\/#primaryimage","url":"https:\/\/files.sunoresearch.com.br\/n\/uploads\/2021\/05\/f2cb3c0b-162097922_4060451930639914_2022094806652172656_n_easy-resize.com_-jpg.webp","contentUrl":"https:\/\/files.sunoresearch.com.br\/n\/uploads\/2021\/05\/f2cb3c0b-162097922_4060451930639914_2022094806652172656_n_easy-resize.com_-jpg.webp","width":1280,"height":1280,"caption":"Dotz cai mais de 75% no acumulado de 12 meses - Foto: Reprodu\u00e7\u00e3o Facebook"},{"@type":"BreadcrumbList","@id":"https:\/\/www.suno.com.br\/noticias\/dotz-dotz3-follow-on-liquidez-acoes\/#breadcrumb","itemListElement":[{"@type":"ListItem","position":1,"name":"Not\u00edcias","item":"https:\/\/www.suno.com.br\/noticias\/"},{"@type":"ListItem","position":2,"name":"Neg\u00f3cios","item":"https:\/\/www.suno.com.br\/noticias\/negocios\/"},{"@type":"ListItem","position":3,"name":"Dotz (DOTZ3): em queda ap\u00f3s IPO, empresa avalia follow-on para abrir a\u00e7\u00f5es ao varejo"}]},{"@type":"WebSite","@id":"https:\/\/www.suno.com.br\/noticias\/#website","url":"https:\/\/www.suno.com.br\/noticias\/","name":"Suno Not\u00edcias","description":"Seu portal de informa\u00e7\u00e3o sobre o mundo dos investimentos","publisher":{"@id":"https:\/\/www.suno.com.br\/noticias\/#organization"},"potentialAction":[{"@type":"SearchAction","target":{"@type":"EntryPoint","urlTemplate":"https:\/\/www.suno.com.br\/noticias\/?s={search_term_string}"},"query-input":{"@type":"PropertyValueSpecification","valueRequired":true,"valueName":"search_term_string"}}],"inLanguage":"pt-BR"},{"@type":"Organization","@id":"https:\/\/www.suno.com.br\/noticias\/#organization","name":"Suno Not\u00edcias","url":"https:\/\/www.suno.com.br\/noticias\/","logo":{"@type":"ImageObject","inLanguage":"pt-BR","@id":"https:\/\/www.suno.com.br\/noticias\/#\/schema\/logo\/image\/","url":"https:\/\/files.sunoresearch.com.br\/n\/uploads\/2021\/09\/suno-logo.png","contentUrl":"https:\/\/files.sunoresearch.com.br\/n\/uploads\/2021\/09\/suno-logo.png","width":180,"height":180,"caption":"Suno Not\u00edcias"},"image":{"@id":"https:\/\/www.suno.com.br\/noticias\/#\/schema\/logo\/image\/"},"sameAs":["https:\/\/facebook.com\/sunoresearch","https:\/\/x.com\/sunoresearch","https:\/\/www.instagram.com\/suno","https:\/\/www.linkedin.com\/company\/suno-research\/","https:\/\/www.youtube.com\/c\/sunoresearch"]},{"@type":"Person","@id":"https:\/\/www.suno.com.br\/noticias\/#\/schema\/person\/7f4d362bf3518e76090143ae77bb49a5","name":"Eduardo Vargas","image":{"@type":"ImageObject","inLanguage":"pt-BR","@id":"https:\/\/www.suno.com.br\/noticias\/#\/schema\/person\/image\/","url":"https:\/\/secure.gravatar.com\/avatar\/dac340933427a22924c9f99d1eb2e3f2?s=96&r=g","contentUrl":"https:\/\/secure.gravatar.com\/avatar\/dac340933427a22924c9f99d1eb2e3f2?s=96&r=g","caption":"Eduardo Vargas"},"description":"Jornalista formado pela UFSC, cobre macroeconomia, neg\u00f3cios e startups para o Suno Not\u00edcias, escrevendo principalmente not\u00edcias sobre o mercado financeiro e a bolsa de valores. No YouTube e no Instagram, \u00e9 respons\u00e1vel pela produ\u00e7\u00e3o de Reels e Shorts do Suno Not\u00edcias. Anteriormente, trabalhou cobrindo economia e cotidiano no ND+ e para o ND, maior jornal impresso de Santa Catarina. Cursou um semestre letivo de Estudos de M\u00eddia na Universidad de Buenos Aires.","url":"https:\/\/www.suno.com.br\/noticias\/author\/eduardo-vargas\/"}]}},"default_loop_html":"<div class=\"cardsPage__listCard__boxs\"><div class=\"cardsPage__listCard__boxs__img\"><a href=\"https:\/\/www.suno.com.br\/noticias\/captacao-br-partners-brbi11-destravar-units\/\"><img class=\"mask\" src=\"https:\/\/www.suno.com.br\/noticias\/wp-content\/themes\/suno\/resources\/images\/spotlight\/spotlight1img\/bg-mask.png\" alt=\"Image Mask\"\/><img src=\"https:\/\/files.sunoresearch.com.br\/n\/uploads\/2021\/08\/83d940a6-brbi11-400x200.jpg\" alt=\"Capta\u00e7\u00e3o de BR Partners (BRBI11) pretende \u2018destravar\u2019 oferta de units\"\/><\/a><span class=\"spotlightCategory\"><a href=\"https:\/\/www.suno.com.br\/noticias\/negocios\/\">Neg\u00f3cios<\/a><\/span><\/div><div class=\"cardsPage__listCard__boxs__content\"><a href=\"https:\/\/www.suno.com.br\/noticias\/captacao-br-partners-brbi11-destravar-units\/\"><h2 class=\"content__title\">Capta\u00e7\u00e3o de BR Partners (BRBI11) pretende \u2018destravar\u2019 oferta de units<\/h2><\/a><div class=\"newsContent__article__meta\"><div class=\"newsContent__article__meta__authorBox\"><a href=\"https:\/\/www.suno.com.br\/noticias\/author\/pedro-caramurusuno-com-br\/\" class=\"authorBox__avatar noMobi\"><img src=\"https:\/\/secure.gravatar.com\/avatar\/1a3f15d3553507ae7a2debc6ea0ad87b?s=96&#038;r=g\" alt=\"Pedro Caramuru\"><\/a><div class=\"authorBox__name\"><span>por\n\t\t\t<a href=\"https:\/\/www.suno.com.br\/noticias\/author\/pedro-caramurusuno-com-br\/\"><span itemprop=\"author\">Pedro Caramuru<\/span><\/a><\/span><time datetime=\"2022-01-05T18:01:56-03:00\" itemprop=\"datePublished\">05\/01\/2022 18:01<\/time><\/div><\/div><\/div><\/div><\/div>","single_layout":"posts","amp_enabled":true,"_links":{"self":[{"href":"https:\/\/www.suno.com.br\/noticias\/wp-json\/wp\/v2\/posts\/220665"}],"collection":[{"href":"https:\/\/www.suno.com.br\/noticias\/wp-json\/wp\/v2\/posts"}],"about":[{"href":"https:\/\/www.suno.com.br\/noticias\/wp-json\/wp\/v2\/types\/post"}],"author":[{"embeddable":true,"href":"https:\/\/www.suno.com.br\/noticias\/wp-json\/wp\/v2\/users\/73"}],"replies":[{"embeddable":true,"href":"https:\/\/www.suno.com.br\/noticias\/wp-json\/wp\/v2\/comments?post=220665"}],"version-history":[{"count":4,"href":"https:\/\/www.suno.com.br\/noticias\/wp-json\/wp\/v2\/posts\/220665\/revisions"}],"predecessor-version":[{"id":220721,"href":"https:\/\/www.suno.com.br\/noticias\/wp-json\/wp\/v2\/posts\/220665\/revisions\/220721"}],"wp:featuredmedia":[{"embeddable":true,"href":"https:\/\/www.suno.com.br\/noticias\/wp-json\/wp\/v2\/media\/153040"}],"wp:attachment":[{"href":"https:\/\/www.suno.com.br\/noticias\/wp-json\/wp\/v2\/media?parent=220665"}],"wp:term":[{"taxonomy":"category","embeddable":true,"href":"https:\/\/www.suno.com.br\/noticias\/wp-json\/wp\/v2\/categories?post=220665"},{"taxonomy":"post_tag","embeddable":true,"href":"https:\/\/www.suno.com.br\/noticias\/wp-json\/wp\/v2\/tags?post=220665"},{"taxonomy":"suno_strategy","embeddable":true,"href":"https:\/\/www.suno.com.br\/noticias\/wp-json\/wp\/v2\/suno_strategy?post=220665"}],"curies":[{"name":"wp","href":"https:\/\/api.w.org\/{rel}","templated":true}]}}