{"id":220536,"date":"2022-01-10T22:14:28","date_gmt":"2022-01-11T01:14:28","guid":{"rendered":"https:\/\/www.suno.com.br\/noticias\/?p=220536"},"modified":"2022-01-10T22:14:28","modified_gmt":"2022-01-11T01:14:28","slug":"radar-arezzo-arzz3-grupo-soma-soma3-gol-goll4","status":"publish","type":"post","link":"https:\/\/www.suno.com.br\/noticias\/radar-arezzo-arzz3-grupo-soma-soma3-gol-goll4\/","title":{"rendered":"Radar: Arezzo (ARZZ3) pagar\u00e1 proventos de R$ 60 mi, Grupo Soma (SOMA3) vai recomprar a\u00e7\u00f5es e Gol (GOLL4) prev\u00ea preju\u00edzo por a\u00e7\u00e3o"},"content":{"rendered":"<p>A <a class=\"suno-keyword\" href=\"https:\/\/www.suno.com.br\/acoes\/GOLL4\/\" target=\"_blank\" rel=\"noopener\" data-force=\"yes\" data-priority=\"2\"><strong>Gol<\/strong> (GOLL4)<\/a> prev\u00ea preju\u00edzo por a\u00e7\u00e3o (LPA) de aproximadamente R$ 1,33 e, preju\u00edzo por a\u00e7\u00e3o deposit\u00e1ria americana (LPADS) no valor de US$ 0,48 no quarto trimestre de 2021.\u00a0 Os dados preliminares e n\u00e3o auditados foram divulgados nesta segunda-feira (10).<\/p>\t<div class=\"wrapper-featured-image\">\n\t\t<figure class=\"spotlightImg\">\n\n\t\t\t<picture>\n\t\t\t\t<source media=\"(max-width: 768px)\" srcset=\"https:\/\/files.sunoresearch.com.br\/n\/uploads\/2021\/06\/7764b228-gol-1-400x200.jpg\">\n\t\t\t\t<img loading=\"lazy\" decoding=\"async\" class=\"newsContent__article__imgCapa lazyloadDisabled \" src=\"https:\/\/files.sunoresearch.com.br\/n\/uploads\/2021\/06\/7764b228-gol-1-800x450.jpg\" width=\"800\" height=\"450\" alt=\"Radar: Arezzo (ARZZ3) pagar\u00e1 proventos de R$ 60 mi, Grupo Soma (SOMA3) vai recomprar a\u00e7\u00f5es e Gol (GOLL4) prev\u00ea preju\u00edzo por a\u00e7\u00e3o\" fetchpriority=high \/>\n\t\t\t<\/picture>\n\n\t\t\t<figcaption class=\"wp-caption-text wp-caption-text--show\">Gol teve aumento da d\u00edvida, por\u00e9m alavancagem encolheu - Foto: Divulga\u00e7\u00e3o<\/figcaption>\n\t\t<\/figure>\n\t<\/div>\n\n\n\t<p>\n\t\t<a href=\"https:\/\/lp.suno.com.br\/planilha-controle-gastos\/\" target=\"_blank\" data-element=\"shortcode-suno-banner\" title=\"Banner SUNO, clique e saiba mais\">\n\t\t\t<picture>\n\t\t\t\t<source media=\"(max-width: 500px)\" srcset=\"https:\/\/files.sunoresearch.com.br\/n\/uploads\/2023\/03\/400x300-Planilha-controle-de-gastos.png\">\n\t\t\t\t<img class=\"newsContent__article__imgCapa newsContent__article__imgCapa--banner\"\n\t\t\t\t\tsrc=\"https:\/\/files.sunoresearch.com.br\/n\/uploads\/2023\/03\/1420x240-Planilha-controle-de-gastos.png\"\n\t\t\t\t\tdata-promo-id=\"101751\"\t\t\t\t\t\t\t\t\t\twidth='1420' height='240'\t\t\t\t\talt=\"https:\/\/files.sunoresearch.com.br\/n\/uploads\/2023\/03\/1420x240-Planilha-controle-de-gastos.png\"\n\t\t\t\t>\n\t\t\t<\/picture>\n\t\t<\/a>\n\t<\/p>\n\n\n<p>J\u00e1 a<strong> receita unit\u00e1ria de passageiro<\/strong> (PRASK) da Gol esperada para o per\u00edodo de outubro a dezembro \u00e9 maior em aproximadamente 35%, comparada com o quarto trimestre do ano anterior, quando havia registrado R$ 22,34.<\/p>\n<p>Por sua vez, a margem Ebtida (rela\u00e7\u00e3o entre o Ebtida sobre a <a class=\"suno-keyword\" href=\"https:\/\/www.suno.com.br\/artigos\/o-que-receita-liquida\/\" target=\"_blank\" rel=\"noopener\" data-force=\"no\" data-priority=\"1\">receita l\u00edquida<\/a>) no trimestre est\u00e1 estimada em aproximadamente 35%, um aumento em rela\u00e7\u00e3o \u00e0 do trimestre findo em dezembro de 2020 (29,5%).<\/p>\n\t<p>\n\t\t<a href=\"https:\/\/lp.suno.com.br\/planilha-da-vida-financeira\/\" target=\"_blank\" data-element=\"shortcode-suno-banner\" title=\"Banner SUNO, clique e saiba mais\">\n\t\t\t<picture>\n\t\t\t\t<source media=\"(max-width: 500px)\" srcset=\"https:\/\/files.sunoresearch.com.br\/n\/uploads\/2023\/04\/400x300-Planilha-vida-financeira-true.png\">\n\t\t\t\t<img class=\"newsContent__article__imgCapa newsContent__article__imgCapa--banner\"\n\t\t\t\t\tsrc=\"https:\/\/files.sunoresearch.com.br\/n\/uploads\/2023\/04\/1420x240-Planilha-vida-financeira-true.png\"\n\t\t\t\t\tdata-promo-id=\"106682\"\t\t\t\t\t\t\t\t\t\twidth='1420' height='240'\t\t\t\t\talt=\"https:\/\/files.sunoresearch.com.br\/n\/uploads\/2023\/04\/1420x240-Planilha-vida-financeira-true.png\"\n\t\t\t\t>\n\t\t\t<\/picture>\n\t\t<\/a>\n\t<\/p>\n\n\n<p>Os custos unit\u00e1rios ex-combust\u00edveis (CASK ex-comb) dever\u00e3o reduzir em aproximadamente 12% quando comparado ao quarto trimestre do ano anterior, devido \u00e0 melhor produtividade.<\/p>\n<p>Al\u00e9m da Gol, veja outras empresas que ficaram no radar nessa segunda-feira:<\/p>\n<h2>Chuvas intensas em MG: Vale (VALE3), CSN (CSNA3) e mineradoras suspendem atividades<\/h2>\n<ul>\n<li>As chuvas fortes que atingem a regi\u00e3o Sudeste, especialmente em Minas Gerais, causaram a interrup\u00e7\u00e3o de atividades das principais companhias de minera\u00e7\u00e3o no estado.<\/li>\n<li>Cinco delas anunciaram que interromperam a produ\u00e7\u00e3o nesta segunda (10): <a class=\"suno-keyword\" href=\"https:\/\/www.suno.com.br\/acoes\/VALE3\/\" target=\"_blank\" rel=\"noopener\" data-force=\"yes\" data-priority=\"2\"><strong>Vale<\/strong>\u00a0(VALE3)<\/a>, <a href=\"https:\/\/statusinvest.com.br\/acoes\/csna3?__hstc=189907700.e8506c3811520177dd7546e9db2f5129.1631041995063.1641835989000.1641841188954.641&amp;__hssc=189907700.27.1641841188954&amp;__hsfp=2216275561\">Companhia Sider\u00fargica Nacional (CSNA3)<\/a> (CSNA3), \u00a0<a href=\"https:\/\/statusinvest.com.br\/acoes\/cmin3?__hstc=189907700.e8506c3811520177dd7546e9db2f5129.1631041995063.1641835989000.1641841188954.641&amp;__hssc=189907700.27.1641841188954&amp;__hsfp=2216275561\"><strong>CSN Minera\u00e7\u00e3o<\/strong> (CMIN3), <strong>Vallourec<\/strong><\/a> e a controlada de minera\u00e7\u00e3o da <a class=\"suno-keyword\" href=\"https:\/\/www.suno.com.br\/acoes\/USIM5\/\" target=\"_blank\" rel=\"noopener\" data-force=\"yes\" data-priority=\"2\"><strong>Usiminas<\/strong>\u00a0(USIM5)<\/a>.<\/li>\n<li>As chuvas intensas obrigaram mineradoras a paralisarem sua produ\u00e7\u00e3o, por quest\u00f5es de seguran\u00e7a.<\/li>\n<li>A\u00a0<strong>Vale<\/strong>\u00a0disse que paralisou parcialmente a circula\u00e7\u00e3o de trens na Estrada de Ferro Vit\u00f3ria a Minas (EFVM) e a produ\u00e7\u00e3o dos sistemas sudeste e sul devido ao n\u00edvel elevado de chuvas.<\/li>\n<li>Apesar disso, a Vale ressaltou que considera o impacto sazonal do per\u00edodo chuvoso em todas as opera\u00e7\u00f5es em seu plano de produ\u00e7\u00e3o e, portanto,\u00a0 reitera seu guidance de produ\u00e7\u00e3o de 320 a 335 mil toneladas de min\u00e9rio de ferro para 2022.<\/li>\n<li>A\u00a0<a href=\"https:\/\/statusinvest.com.br\/acoes\/cmin3?__hstc=189907700.e8506c3811520177dd7546e9db2f5129.1631041995063.1641835989000.1641841188954.641&amp;__hssc=189907700.27.1641841188954&amp;__hsfp=2216275561\"><strong>CSN Minera\u00e7\u00e3o<\/strong>\u00a0(CMIN3)<\/a>\u00a0e a\u00a0<a href=\"https:\/\/statusinvest.com.br\/acoes\/csna3?__hstc=189907700.e8506c3811520177dd7546e9db2f5129.1631041995063.1641835989000.1641841188954.641&amp;__hssc=189907700.27.1641841188954&amp;__hsfp=2216275561\">Companhia Sider\u00fargica Nacional (CSNA3)<\/a> tamb\u00e9m anunciaram nesta segunda-feira (10) a interrup\u00e7\u00e3o tempor\u00e1ria das atividades na mina Casa de Pedra, pr\u00f3ximo ao munic\u00edpio de Congonhas (MG), por causa das \u201cintensas chuvas registradas na regi\u00e3o Sudeste do Brasil nos \u00faltimos dias\u201d.<\/li>\n<li>Em comunicado ao mercado divulgado pela\u00a0<a class=\"suno-keyword\" href=\"https:\/\/www.suno.com.br\/artigos\/cvm\/\" target=\"_blank\" rel=\"noopener\" data-force=\"no\" data-priority=\"2\">Comiss\u00e3o de Valores Mobili\u00e1rios (CVM)<\/a>, a CSN Minera\u00e7\u00e3o informou que a expectativa \u00e9 de retomar as atividades \u201cnos pr\u00f3ximos dias\u201d.<\/li>\n<li>A\u00a0<a class=\"suno-keyword\" href=\"https:\/\/www.suno.com.br\/acoes\/USIM5\/\" target=\"_blank\" rel=\"noopener\" data-force=\"yes\" data-priority=\"2\"><strong>Usiminas<\/strong>\u00a0(USIM5)<\/a>\u00a0paralisou temporariamente as opera\u00e7\u00f5es de sua controlada Minera\u00e7\u00e3o Usiminas (Musa), na regi\u00e3o de Itatiaiu\u00e7u. Segundo a empresa, as chuvas est\u00e3o em n\u00edveis \u201cexpressivamente superiores \u00e0 m\u00e9dia hist\u00f3rica\u201d e diz que n\u00e3o h\u00e1 prazo definido para retomada.<\/li>\n<\/ul>\n<h2>Dori Alimentos, Environmental ESG, Ammo e Monte Rodovias desistem de IPO<\/h2>\n<ul>\n<li>A <strong>Dori<\/strong> Alimentos desistiu de realizar sua oferta inicial de a\u00e7\u00f5es (IPO, na sigla em ingl\u00eas).<\/li>\n<li>Al\u00e9m da fabricante de doces, balas e snacks, a Ammo Varejo, Environmental ESG Participa\u00e7\u00f5es e a Monte Rodovias tamb\u00e9m desistiram de ir \u00e0 <a class=\"suno-keyword\" href=\"https:\/\/www.suno.com.br\/guias\/bolsa-de-valores\/\" target=\"_blank\" rel=\"noopener\" data-force=\"no\" data-priority=\"3\">Bolsa de Valores<\/a>, segundo a CVM.<\/li>\n<li>Nos <a class=\"suno-keyword\" href=\"https:\/\/www.suno.com.br\/artigos\/bancos-de-investimento\/\" target=\"_blank\" rel=\"noopener\" data-force=\"no\" data-priority=\"1\">bancos de investimento<\/a>, a expectativa \u00e9 de que uma janela para capta\u00e7\u00f5es na Bolsa se abra nesta primeira metade de 2022, ao menos at\u00e9 junho, permitindo que algumas opera\u00e7\u00f5es saiam.<\/li>\n<li>Mas a vis\u00e3o \u00e9 de que o investidor vai ficar ainda mais seletivo, por causa dos juros subindo a dois d\u00edgitos no Brasil e da crescente aposta de que o Federal Reserve (Fed, o banco central norte-americano) v\u00e1 come\u00e7ar a elevar os juros nos Estados Unidos j\u00e1 em mar\u00e7o.<\/li>\n<li>Al\u00e9m da Dori, a<strong> Ammo Varejo<\/strong>, grupo dono da marca <strong>MMartan<\/strong>, tinha planos de captar ao menos R$ 700 milh\u00f5es e em julho de 2021 havia pedido o registro da opera\u00e7\u00e3o na CVM.<\/li>\n<li>Controlada pela <strong>Ambipar (AMBP3)<\/strong>, companhia de gest\u00e3o de res\u00edduos, a <strong>Environmental ESG Participa\u00e7\u00f5es<\/strong> tamb\u00e9m havia pedido em outubro a suspens\u00e3o de seu IPO, em meio \u00e0 piora generalizada do mercado local. Neste come\u00e7o de ano, desistiu da opera\u00e7\u00e3o, segundo a CVM. Seria uma das maiores ofertas do segundo semestre de 2021, com capta\u00e7\u00e3o podendo bater em R$ 3 bilh\u00f5es.<\/li>\n<li>J\u00e1 a <strong>Monte Rodovias<\/strong>, empresa da <strong>Monte Equity Partners,<\/strong> que opera concess\u00f5es no Nordeste, planejava desde meados do ano passado um <strong>IPO<\/strong> apenas com oferta prim\u00e1ria, com recursos destinados a pagamento de d\u00edvidas, refor\u00e7o do caixa e aquisi\u00e7\u00f5es de outras companhias.<\/li>\n<\/ul>\n\t<p>\n\t\t<a href=\"https:\/\/lp.suno.com.br\/ebook-como-analisar-uma-acao\/\" target=\"_blank\" data-element=\"shortcode-suno-banner\" title=\"Banner SUNO, clique e saiba mais\">\n\t\t\t<picture>\n\t\t\t\t<source media=\"(max-width: 500px)\" srcset=\"https:\/\/files.sunoresearch.com.br\/n\/uploads\/2023\/03\/Ebook-Acoes-Mobile-1.jpg\">\n\t\t\t\t<img class=\"newsContent__article__imgCapa newsContent__article__imgCapa--banner\"\n\t\t\t\t\tsrc=\"https:\/\/files.sunoresearch.com.br\/n\/uploads\/2023\/03\/Ebook-Acoes-Desktop-1.jpg\"\n\t\t\t\t\tdata-promo-id=\"171998\"\t\t\t\t\t\t\t\t\t\twidth='1420' height='286'\t\t\t\t\talt=\"https:\/\/files.sunoresearch.com.br\/n\/uploads\/2023\/03\/Ebook-Acoes-Desktop-1.jpg\"\n\t\t\t\t>\n\t\t\t<\/picture>\n\t\t<\/a>\n\t<\/p>\n\n\n<h2>Grupo Soma (SOMA3) aprova recompra de 10% das a\u00e7\u00f5es em circula\u00e7\u00e3o<\/h2>\n<ul>\n<li>O <strong>Grupo\u00a0Soma<\/strong> (SOMA3) anunciou nesta segunda-feira ter aprovado o programa de <a class=\"suno-keyword\" href=\"https:\/\/www.suno.com.br\/artigos\/recompra-de-acoes\/\" target=\"_blank\" rel=\"noopener\" data-force=\"no\" data-priority=\"1\">recompra de a\u00e7\u00f5es<\/a> da companhia.<\/li>\n<li>Segundo o comunicado, o objetivo do programa \u00e9 &#8220;maximizar a gera\u00e7\u00e3o de valor para o acionista por meio de uma gest\u00e3o eficiente da <a class=\"suno-keyword\" href=\"https:\/\/www.suno.com.br\/artigos\/indicadores-estrutura-capital\/\" target=\"_blank\" rel=\"noopener\" data-force=\"no\" data-priority=\"1\">estrutura de capital<\/a>&#8220;.<\/li>\n<li>Ao todo, o Grupo Soma deve adquirir at\u00e9 44 milh\u00f5es de <a class=\"suno-keyword\" href=\"https:\/\/www.suno.com.br\/artigos\/o-que-sao-acoes-ordinarias-preferenciais-e-units\/\" target=\"_blank\" rel=\"noopener\" data-force=\"no\" data-priority=\"1\">a\u00e7\u00f5es ordin\u00e1rias<\/a>: o equivalente a 5,61% do total de a\u00e7\u00f5es emitidas e 10% das a\u00e7\u00f5es em circula\u00e7\u00e3o.<\/li>\n<li>Para o <strong>programa de recompra<\/strong>, a companhia reservou R$ 3,06 bilh\u00f5es de reservas da empresa e resultado do exerc\u00edcio em curso.<\/li>\n<li>As <strong>a\u00e7\u00f5es<\/strong> dever\u00e3o ser adquiridas pelo pre\u00e7o de mercado nas datas de aquisi\u00e7\u00e3o durante o prazo do programa, que tem dura\u00e7\u00e3o de 18 meses, de 7 de janeiro de 2022 a 7 de julho de 2023.<\/li>\n<li>O Grupo Soma tamb\u00e9m informou que a execu\u00e7\u00e3o do programa de recompra n\u00e3o afeta a <a class=\"suno-keyword\" href=\"https:\/\/www.suno.com.br\/artigos\/capacidade-de-pagamento\/\" target=\"_blank\" rel=\"noopener\" data-force=\"no\" data-priority=\"1\">capacidade de pagamento<\/a> das obriga\u00e7\u00f5es assumidas, nem o pagamento do dividendo m\u00ednimo obrigat\u00f3rio. &#8220;A companhia possui uma posi\u00e7\u00e3o de liquidez confort\u00e1vel&#8221;, comunicou.<\/li>\n<\/ul>\n<h2>Eternit (ETER3) compra fabricante de telhas Confibra, por R$ 11 milh\u00f5es<\/h2>\n<ul>\n<li>A <a class=\"suno-keyword\" href=\"https:\/\/www.suno.com.br\/acoes\/ETER3\/\" target=\"_blank\" rel=\"noopener\" data-force=\"yes\" data-priority=\"2\"><strong>Eternit<\/strong> (ETER3)<\/a> &#8211; empresa em recupera\u00e7\u00e3o judicial &#8211; celebrou nessa segunda-feira\u00a0 \u00a0o contrato de compra e venda com a Confibra, para adquirir 100% do capital social da fabricante de telhas.<\/li>\n<li>O\u00a0pre\u00e7o de aquisi\u00e7\u00e3o das cotas da <strong>Confibra<\/strong> e do terreno onde a unidade est\u00e1 instalada \u00e9 de R$ 110 milh\u00f5es.<\/li>\n<li>Al\u00e9m disso, os vendedores ter\u00e3o direito ao recebimento de <strong>earnout<\/strong> no valor de R$ 10 milh\u00f5es, corrigindo pela <strong>varia\u00e7\u00e3o do IPCA<\/strong>, a depender do atingimento de determinadas <a class=\"suno-keyword\" href=\"https:\/\/www.suno.com.br\/artigos\/metas-financeiras\/\" target=\"_blank\" rel=\"noopener\" data-force=\"no\" data-priority=\"1\">metas financeiras<\/a> referente ao exerc\u00edcio findo em dezembro de 2022.<\/li>\n<li>Em fato relevante, a companhia disse que a aquisi\u00e7\u00e3o est\u00e1 em linha com a sua estrat\u00e9gia de crescimento e consolida\u00e7\u00e3o setorial, &#8220;proporcionando ganhos de sinergia, aumento da escala de produ\u00e7\u00e3o da Companhia e ocupa\u00e7\u00e3o da unidade da <strong>Eternit Amaz\u00f4nia<\/strong>, que passar\u00e1 a fornecer fibra de polipropileno para a Confibra.&#8221;<\/li>\n<li>A conclus\u00e3o da opera\u00e7\u00e3o, contudo, est\u00e1 sujeita ao cumprimento de condi\u00e7\u00f5es precedentes, como a aprova\u00e7\u00e3o pelo <a class=\"suno-keyword\" href=\"https:\/\/www.suno.com.br\/artigos\/cade\/\" target=\"_blank\" rel=\"noopener\" data-force=\"no\" data-priority=\"2\">Conselho Administrativo de Defesa Econ\u00f4mica (Cade)<\/a>.<\/li>\n<\/ul>\n\t<p>\n\t\t<a href=\"https:\/\/lp.suno.com.br\/planilha-de-controle-de-investimentos\/\" target=\"_blank\" data-element=\"shortcode-suno-banner\" title=\"Banner SUNO, clique e saiba mais\">\n\t\t\t<picture>\n\t\t\t\t<source media=\"(max-width: 500px)\" srcset=\"https:\/\/files.sunoresearch.com.br\/n\/uploads\/2023\/03\/400x300-Controle-de-Investimentos.png\">\n\t\t\t\t<img class=\"newsContent__article__imgCapa newsContent__article__imgCapa--banner\"\n\t\t\t\t\tsrc=\"https:\/\/files.sunoresearch.com.br\/n\/uploads\/2023\/03\/1420x240-Controle-de-Investimentos.png\"\n\t\t\t\t\tdata-promo-id=\"75934\"\t\t\t\t\t\t\t\t\t\twidth='1420' height='240'\t\t\t\t\talt=\"https:\/\/files.sunoresearch.com.br\/n\/uploads\/2023\/03\/1420x240-Controle-de-Investimentos.png\"\n\t\t\t\t>\n\t\t\t<\/picture>\n\t\t<\/a>\n\t<\/p>\n\n\n<h2>Arezzo (ARZZ3) pagar\u00e1 dividendos e JCP no total de R$ 60 milh\u00f5es<\/h2>\n<ul>\n<li>A <strong>Arezzo<\/strong> (ARZZ3) divulgou nesta segunda-feira a distribui\u00e7\u00e3o de <a class=\"suno-keyword\" href=\"https:\/\/www.suno.com.br\/guias\/dividendos\/\" target=\"_blank\" rel=\"noopener\" data-force=\"no\" data-priority=\"1\">dividendos<\/a> intermedi\u00e1rios e <a class=\"suno-keyword\" href=\"https:\/\/www.suno.com.br\/artigos\/entenda-o-jcp\/\" target=\"_blank\" rel=\"noopener\" data-force=\"no\" data-priority=\"1\">Juros sobre Capital Pr\u00f3prio<\/a> (JCP) aos seus acionistas, no valor total de R$ 60 milh\u00f5es.<\/li>\n<li>Desse montante, os<strong> dividendos da Arezzo<\/strong> representam 26,2 milh\u00f5es, que correspondem ao <a class=\"suno-keyword\" href=\"https:\/\/www.suno.com.br\/artigos\/valor-unitario\/\" target=\"_blank\" rel=\"noopener\" data-force=\"no\" data-priority=\"1\">valor unit\u00e1rio<\/a> de R$ 0,26 por a\u00e7\u00e3o ordin\u00e1ria. Os <strong>JCP da Arezzo<\/strong>, por sua vez, somam R$ 33,7 milh\u00f5es, ao <a class=\"suno-keyword\" href=\"https:\/\/www.suno.com.br\/artigos\/preco-unitario-pu\/\" target=\"_blank\" rel=\"noopener\" data-force=\"no\" data-priority=\"1\">pre\u00e7o unit\u00e1rio<\/a> de R$ 0,33 por a\u00e7\u00e3o ordin\u00e1ria.<\/li>\n<li>Ser\u00e3o considerados aptos para receber o pagamento da <a class=\"suno-keyword\" href=\"https:\/\/www.suno.com.br\/acoes\/ARZZ3\/\" target=\"_blank\" rel=\"noopener\" data-force=\"yes\" data-priority=\"2\">Arezzo<\/a> os investidores detentores de a\u00e7\u00f5es da companhia<strong> at\u00e9 o final do preg\u00e3o do dia 3 de dezembro de 2021<\/strong>. Ap\u00f3s esta data, as a\u00e7\u00f5es come\u00e7aram a ser negociadas sem garantir direito de recebimento. O pagamento ser\u00e1 efetuado no dia 14 de janeiro.<\/li>\n<li>Os valores pagos a t\u00edtulo de JCP est\u00e3o sujeitos a <strong>tributa\u00e7\u00e3o pelo Imposto de Renda<\/strong> na Fonte, \u00e0 al\u00edquota de 15%, conforme legisla\u00e7\u00e3o em vigor, exceto para os acionistas comprovadamente isentos ou imunes.<\/li>\n<\/ul>\n<h2>AgroGalaxy (AGXY3) conclui aquisi\u00e7\u00e3o de 80% do capital da Agrocat<\/h2>\n<ul>\n<li>A <a href=\"https:\/\/www.suno.com.br\/acoes\/agxy3\"><strong>AgroGalaxy (AGXY3)<\/strong><\/a> divulgou nesta segunda-feira (10) que concluiu a aquisi\u00e7\u00e3o de participa\u00e7\u00e3o societ\u00e1ria de 80% do <a class=\"suno-keyword\" href=\"https:\/\/www.suno.com.br\/artigos\/capital-social\/\" target=\"_blank\" rel=\"noopener\" data-force=\"no\" data-priority=\"2\">capital social<\/a> da <strong>Agrocat<\/strong>, com sede na cidade de Tangar\u00e1 da Serra, no Mato Grosso.<\/li>\n<li>No total, a AgroGalaxy pagou R$ 180 milh\u00f5es, descontadas as reten\u00e7\u00f5es previstas no termo de fechamento. Al\u00e9m disso, tamb\u00e9m houve pagamento de R$ 15 milh\u00f5es, como pre\u00e7o complementar.<\/li>\n<li>O complemento foi em raz\u00e3o do atingimento de determinadas circunst\u00e2ncias para a aquisi\u00e7\u00e3o da participa\u00e7\u00e3o societ\u00e1ria.<\/li>\n<li>Por fim, foi assinado o acordo entre os s\u00f3cios da Agrocat titulares da participa\u00e7\u00e3o societ\u00e1ria remanescente, correspondente a 20% do capital social.<\/li>\n<li>A AgroGalxy tamb\u00e9m ressalta que a conclus\u00e3o e o fechamento da opera\u00e7\u00e3o estavam sujeitos ao cumprimento de determinadas condi\u00e7\u00f5es precedentes, como a aprova\u00e7\u00e3o do <a class=\"suno-keyword\" href=\"https:\/\/www.suno.com.br\/artigos\/cade\/\" target=\"_blank\" rel=\"noopener\" data-force=\"no\" data-priority=\"2\">Conselho Administrativo de Defesa Econ\u00f4mica (CADE)<\/a>.<\/li>\n<\/ul>\n<h2>Enjoei (ENJU3) termina 2021 com GMV de R$ 826 mi, alta de 67%<\/h2>\n<ul>\n<li>A <a class=\"suno-keyword\" href=\"https:\/\/www.suno.com.br\/acoes\/ENJU3\/\" target=\"_blank\" rel=\"noopener\" data-force=\"yes\" data-priority=\"2\"><strong>Enjoei<\/strong> (ENJU3)<\/a> divulgou nesta segunda-feira (10) sua pr\u00e9via operacional do quarto trimestre desse ano. A companhia encerrou o trimestre com um GMV (volume bruto de mercadoria) total de R$ 251 milh\u00f5es, alta de 55% na compara\u00e7\u00e3o ano a ano.<\/li>\n<li>No acumulado de 2021, o <strong><a href=\"https:\/\/www.suno.com.br\/artigos\/gmv\/#:~:text=O%20GMV%20%C3%A9%20uma%20sigla,mercadorias%20dentro%20de%20plataformas%20digitais.&amp;text=O%20volume%20total%20de%20vendas,um%20determinado%20per%C3%ADodo%20de%20vendas.\">GMV<\/a> da Enjoei<\/strong> somou R$ 826 milh\u00f5es, o que representa um crescimento de 67% em compara\u00e7\u00e3o com 2020, quando o GMV alcan\u00e7ou R$ 495 milh\u00f5es.<\/li>\n<li>A companhia atribuiu o crescimento do \u00faltimo trimestre do ano, principalmente, \u00e0 retomada dos investimentos em branding, com veicula\u00e7\u00e3o da nova campanha em TV e OOH (Out of Home) e bom desempenho na Black Friday.<\/li>\n<li>Tamb\u00e9m anunciamos, em dezembro de 2021, uma atualiza\u00e7\u00e3o na pol\u00edtica comercial para nossos vendedores (em vig\u00eancia desde 04\/01\/22), ajustando a comiss\u00e3o vari\u00e1vel de 13% para 18%, mas mantendo os benef\u00edcios de in\u00edcio de jornada. Com isso, esperamos uma recomposi\u00e7\u00e3o de take rate e margens a partir do 1T22&#8243;, lembra a companhia.<\/li>\n<li>Al\u00e9m disso, o n\u00famero de novos compradores cresceu 17%, para 735 mil em 2021, contra 629 mil em 2020. Contudo, no quarto trimestre, o n\u00famero de novos compradores alcan\u00e7ou 190 mil, o que representa uma queda de 9,3% na compara\u00e7\u00e3o anualizada.<\/li>\n<li>J\u00e1 o n\u00famero de novos vendedores passou de 542 mil em 2020, para 826 mil no ano passado, uma alta de 53%. No quarto trimestre de 2021, o resultado foi de 206 mil, 7% a mais que no \u00faltimo trimestre de 2020.<\/li>\n<li>O n\u00famero de produtos publicados cresceu 37% entre 2020 e 2021, para 15,1 milh\u00f5es. S\u00f3 no quarto trimestre, o avan\u00e7o foi de 15%, para 3,8 milh\u00f5es, segundo a pr\u00e9via operacional.<\/li>\n<li>Al\u00e9m disso, a companhia refor\u00e7ou no documento que n\u00e3o prosseguir\u00e1 com a divulga\u00e7\u00e3o de resultados preliminares nos pr\u00f3ximos trimestres. &#8220;Entendemos que a pr\u00e9via operacional n\u00e3o transmite, de uma maneira ampla, a din\u00e2mica dos neg\u00f3cios da companhia, podendo gerar dificuldade de interpreta\u00e7\u00e3o da evolu\u00e7\u00e3o dos nossos n\u00fameros&#8221;, destaca a Enjoei.<\/li>\n<\/ul>\n<h2>\u00cdndices europeus EURO STOXX 50 e DAX poder\u00e3o ser negociados na B3 (B3SA3)<\/h2>\n<ul>\n<li>A <strong>B3<\/strong>, <a class=\"suno-keyword\" href=\"https:\/\/www.suno.com.br\/guias\/bolsa-de-valores\/\" target=\"_blank\" rel=\"noopener\" data-force=\"no\" data-priority=\"3\">Bolsa de Valores<\/a> de S\u00e3o Paulo (B3SA3), divulgou nesta segunda-feira\u00a0 que iniciou a negocia\u00e7\u00e3o de contratos futuros referenciados nos \u00edndices europeus <a class=\"suno-keyword\" href=\"https:\/\/www.suno.com.br\/artigos\/euro-stoxx-50\/\" target=\"_blank\" rel=\"noopener\" data-force=\"no\" data-priority=\"1\">EURO STOXX 50<\/a> e o DAX, em parceria com a provedora global de \u00edndices Qontigo.<\/li>\n<li>Esta \u00e9 primeira vez que estes \u00edndices estar\u00e3o dispon\u00edveis para os <strong>investidores brasileiros<\/strong>. Os contratos ser\u00e3o negociados em euro, mas compensados em reais (BRL).<\/li>\n<li>Desta forma, os investidores registrados no Brasil poder\u00e3o acessar dois dos principais \u00edndices futuros por meio do mercado local e sem riscos cambiais.<\/li>\n<li>\u201cA B3 j\u00e1 tem um mercado bastante ativo para<strong> futuros de \u00edndices<\/strong>. Temos acompanhado a demanda crescente por produtos que permitem exposi\u00e7\u00e3o ao mercado internacional e, a partir da listagem dos \u00edndices futuros, pretendemos ampliar as oportunidades para que os investidores diversifiquem os seus portf\u00f3lios a partir dos principais <strong>\u00edndices europeus<\/strong>\u201d, comenta Claudio Jacob, diretor de Desenvolvimento Mercados e de Clientes da B3.<\/li>\n<li>O EURO STOXX 50 Index \u00e9 o principal <strong>\u00edndice blue-chip<\/strong> \u2013 empresas de grande porte \u2013 europeu na Zona do Euro, oferecendo uma relevante representa\u00e7\u00e3o dos l\u00edderes do supersetor na regi\u00e3o. O \u00edndice engloba 50 a\u00e7\u00f5es de oito pa\u00edses da Zona do Euro: Alemanha, B\u00e9lgica, Espanha, Finl\u00e2ndia, Fran\u00e7a, Irlanda, It\u00e1lia e Pa\u00edses Baixos.<\/li>\n<li>J\u00e1 o<strong> DAX Index<\/strong> acompanha o desempenho das 40 maiores empresas listadas no mercado regulado da <strong>Frankfurt Stock Exchange<\/strong> que cumprem certos requisitos m\u00ednimos de qualidade e rentabilidade. A sele\u00e7\u00e3o \u00e9 baseada na capitaliza\u00e7\u00e3o de mercado ajustada ao <a class=\"suno-keyword\" href=\"https:\/\/www.suno.com.br\/artigos\/free-float\/\" target=\"_blank\" rel=\"noopener\" data-force=\"no\" data-priority=\"1\">free float<\/a>.<\/li>\n<\/ul>\n<p>Da <b>Gol <\/b>\u00e0 B3, essas foram as empresas que se destacaram hoje. Para ler todas as mat\u00e9rias <a href=\"https:\/\/www.suno.com.br\/noticias\/\">clique aqui<\/a>.<\/p>\n\t<p>\n\t\t<a href=\"\" target=\"_blank\" data-element=\"shortcode-suno-banner\" title=\"Banner SUNO, clique e saiba mais\">\n\t\t\t<picture>\n\t\t\t\t<source media=\"(max-width: 500px)\" srcset=\"\">\n\t\t\t\t<img class=\"newsContent__article__imgCapa newsContent__article__imgCapa--banner\"\n\t\t\t\t\tsrc=\"\"\n\t\t\t\t\tdata-promo-id=\"184190\"\t\t\t\t\t\t\t\t\t\t\t\t\t\t\talt=\"\"\n\t\t\t\t>\n\t\t\t<\/picture>\n\t\t<\/a>\n\t<\/p>\n\n\n","protected":false},"excerpt":{"rendered":"<p>A Gol (GOLL4) prev\u00ea preju\u00edzo por a\u00e7\u00e3o (LPA) de aproximadamente R$ 1,33 e, preju\u00edzo por a\u00e7\u00e3o deposit\u00e1ria americana (LPADS) no valor de US$ 0,48 no quarto trimestre de 2021.\u00a0 Os dados preliminares e n\u00e3o auditados foram divulgados nesta segunda-feira (10). Gol teve aumento da d\u00edvida, por\u00e9m alavancagem encolheu &#8211; Foto: Divulga\u00e7\u00e3o J\u00e1 a receita unit\u00e1ria [&hellip;]<\/p>\n","protected":false},"author":39,"featured_media":155599,"comment_status":"closed","ping_status":"closed","sticky":false,"template":"","format":"standard","meta":[],"categories":[64],"tags":[362,104899,489,2686,106587,2608,2609,675,676],"suno_strategy":[],"class_list":["post-220536","post","type-post","status-publish","format-standard","has-post-thumbnail","hentry","category-negocios","tag-arezzo-arzz3","tag-csn-mineracao-cmin3","tag-gol-linhas-aereas-goll11-goll4","tag-grupo-soma-soma3","tag-soma","tag-usim3","tag-usim5","tag-usiminas","tag-vale-vale3"],"yoast_head":"<!-- This site is optimized with the Yoast SEO plugin v24.4 - https:\/\/yoast.com\/wordpress\/plugins\/seo\/ -->\n<title>Radar: Arezzo (ARZZ3) pagar\u00e1 dividendos e Gol (GOLL4) prev\u00ea preju\u00edzo<\/title>\n<meta name=\"description\" content=\"Arezzo (ARZZ3) pagar\u00e1 proventos de R$ 60 milh\u00f5es, e a companhia a\u00e9rea Gol (GOLL4) prev\u00ea preju\u00edzo por a\u00e7\u00e3o. Clique aqui e saiba mais!\" \/>\n<meta name=\"robots\" content=\"index, follow, max-snippet:-1, max-image-preview:large, max-video-preview:-1\" \/>\n<link rel=\"canonical\" href=\"https:\/\/www.suno.com.br\/noticias\/radar-arezzo-arzz3-grupo-soma-soma3-gol-goll4\/\" \/>\n<meta property=\"og:locale\" content=\"pt_BR\" \/>\n<meta property=\"og:type\" content=\"article\" \/>\n<meta property=\"og:title\" content=\"Radar: Arezzo (ARZZ3) pagar\u00e1 dividendos e Gol (GOLL4) prev\u00ea preju\u00edzo\" \/>\n<meta property=\"og:description\" content=\"Arezzo (ARZZ3) pagar\u00e1 proventos de R$ 60 milh\u00f5es, e a companhia a\u00e9rea Gol (GOLL4) prev\u00ea preju\u00edzo por a\u00e7\u00e3o. Clique aqui e saiba mais!\" \/>\n<meta property=\"og:url\" content=\"https:\/\/www.suno.com.br\/noticias\/radar-arezzo-arzz3-grupo-soma-soma3-gol-goll4\/\" \/>\n<meta property=\"og:site_name\" content=\"Suno Not\u00edcias\" \/>\n<meta property=\"article:publisher\" content=\"https:\/\/facebook.com\/sunoresearch\" \/>\n<meta property=\"og:image\" content=\"https:\/\/files.sunoresearch.com.br\/n\/uploads\/2021\/06\/7764b228-gol-1-scaled.jpg\" \/>\n\t<meta property=\"og:image:width\" content=\"2560\" \/>\n\t<meta property=\"og:image:height\" content=\"1707\" \/>\n\t<meta property=\"og:image:type\" content=\"image\/jpeg\" \/>\n<meta name=\"author\" content=\"Laura Moutinho\" \/>\n<meta name=\"twitter:card\" content=\"summary_large_image\" \/>\n<meta name=\"twitter:creator\" content=\"@sunoresearch\" \/>\n<meta name=\"twitter:site\" content=\"@sunoresearch\" \/>\n<meta name=\"twitter:label1\" content=\"Escrito por\" \/>\n\t<meta name=\"twitter:data1\" content=\"Laura Moutinho\" \/>\n\t<meta name=\"twitter:label2\" content=\"Est. tempo de leitura\" \/>\n\t<meta name=\"twitter:data2\" content=\"9 minutos\" \/>\n<script type=\"application\/ld+json\" class=\"yoast-schema-graph\">{\"@context\":\"https:\/\/schema.org\",\"@graph\":[{\"@type\":\"NewsArticle\",\"@id\":\"https:\/\/www.suno.com.br\/noticias\/radar-arezzo-arzz3-grupo-soma-soma3-gol-goll4\/#article\",\"isPartOf\":{\"@id\":\"https:\/\/www.suno.com.br\/noticias\/radar-arezzo-arzz3-grupo-soma-soma3-gol-goll4\/\"},\"author\":{\"name\":\"Laura Moutinho\",\"@id\":\"https:\/\/www.suno.com.br\/noticias\/#\/schema\/person\/3df0d2808748b74496efe5dbeaef2c72\"},\"headline\":\"Radar: Arezzo (ARZZ3) pagar\u00e1 proventos de R$ 60 mi, Grupo Soma (SOMA3) vai recomprar a\u00e7\u00f5es e Gol (GOLL4) prev\u00ea preju\u00edzo por a\u00e7\u00e3o\",\"datePublished\":\"2022-01-11T01:14:28+00:00\",\"mainEntityOfPage\":{\"@id\":\"https:\/\/www.suno.com.br\/noticias\/radar-arezzo-arzz3-grupo-soma-soma3-gol-goll4\/\"},\"wordCount\":2098,\"publisher\":{\"@id\":\"https:\/\/www.suno.com.br\/noticias\/#organization\"},\"image\":{\"@id\":\"https:\/\/www.suno.com.br\/noticias\/radar-arezzo-arzz3-grupo-soma-soma3-gol-goll4\/#primaryimage\"},\"thumbnailUrl\":\"https:\/\/files.sunoresearch.com.br\/n\/uploads\/2021\/06\/7764b228-gol-1-scaled.jpg\",\"keywords\":[\"Arezzo (ARZZ3)\",\"CSN Minera\u00e7\u00e3o (CMIN3)\",\"Gol Linhas A\u00e9reas (GOLL11\/GOLL4)\",\"Grupo Soma (SOMA3)\",\"soma\",\"USIM3\",\"USIM5\",\"Usiminas\",\"Vale (VALE3)\"],\"articleSection\":[\"Neg\u00f3cios\"],\"inLanguage\":\"pt-BR\"},{\"@type\":\"WebPage\",\"@id\":\"https:\/\/www.suno.com.br\/noticias\/radar-arezzo-arzz3-grupo-soma-soma3-gol-goll4\/\",\"url\":\"https:\/\/www.suno.com.br\/noticias\/radar-arezzo-arzz3-grupo-soma-soma3-gol-goll4\/\",\"name\":\"Radar: Arezzo (ARZZ3) pagar\u00e1 dividendos e Gol (GOLL4) prev\u00ea preju\u00edzo\",\"isPartOf\":{\"@id\":\"https:\/\/www.suno.com.br\/noticias\/#website\"},\"primaryImageOfPage\":{\"@id\":\"https:\/\/www.suno.com.br\/noticias\/radar-arezzo-arzz3-grupo-soma-soma3-gol-goll4\/#primaryimage\"},\"image\":{\"@id\":\"https:\/\/www.suno.com.br\/noticias\/radar-arezzo-arzz3-grupo-soma-soma3-gol-goll4\/#primaryimage\"},\"thumbnailUrl\":\"https:\/\/files.sunoresearch.com.br\/n\/uploads\/2021\/06\/7764b228-gol-1-scaled.jpg\",\"datePublished\":\"2022-01-11T01:14:28+00:00\",\"description\":\"Arezzo (ARZZ3) pagar\u00e1 proventos de R$ 60 milh\u00f5es, e a companhia a\u00e9rea Gol (GOLL4) prev\u00ea preju\u00edzo por a\u00e7\u00e3o. Clique aqui e saiba mais!\",\"breadcrumb\":{\"@id\":\"https:\/\/www.suno.com.br\/noticias\/radar-arezzo-arzz3-grupo-soma-soma3-gol-goll4\/#breadcrumb\"},\"inLanguage\":\"pt-BR\",\"potentialAction\":[{\"@type\":\"ReadAction\",\"target\":[\"https:\/\/www.suno.com.br\/noticias\/radar-arezzo-arzz3-grupo-soma-soma3-gol-goll4\/\"]}]},{\"@type\":\"ImageObject\",\"inLanguage\":\"pt-BR\",\"@id\":\"https:\/\/www.suno.com.br\/noticias\/radar-arezzo-arzz3-grupo-soma-soma3-gol-goll4\/#primaryimage\",\"url\":\"https:\/\/files.sunoresearch.com.br\/n\/uploads\/2021\/06\/7764b228-gol-1-scaled.jpg\",\"contentUrl\":\"https:\/\/files.sunoresearch.com.br\/n\/uploads\/2021\/06\/7764b228-gol-1-scaled.jpg\",\"width\":2560,\"height\":1707,\"caption\":\"Gol teve aumento da d\u00edvida, por\u00e9m alavancagem encolheu - Foto: Divulga\u00e7\u00e3o\"},{\"@type\":\"BreadcrumbList\",\"@id\":\"https:\/\/www.suno.com.br\/noticias\/radar-arezzo-arzz3-grupo-soma-soma3-gol-goll4\/#breadcrumb\",\"itemListElement\":[{\"@type\":\"ListItem\",\"position\":1,\"name\":\"Not\u00edcias\",\"item\":\"https:\/\/www.suno.com.br\/noticias\/\"},{\"@type\":\"ListItem\",\"position\":2,\"name\":\"Neg\u00f3cios\",\"item\":\"https:\/\/www.suno.com.br\/noticias\/negocios\/\"},{\"@type\":\"ListItem\",\"position\":3,\"name\":\"Radar: Arezzo (ARZZ3) pagar\u00e1 proventos de R$ 60 mi, Grupo Soma (SOMA3) vai recomprar a\u00e7\u00f5es e Gol (GOLL4) prev\u00ea preju\u00edzo por a\u00e7\u00e3o\"}]},{\"@type\":\"WebSite\",\"@id\":\"https:\/\/www.suno.com.br\/noticias\/#website\",\"url\":\"https:\/\/www.suno.com.br\/noticias\/\",\"name\":\"Suno Not\u00edcias\",\"description\":\"Seu portal de informa\u00e7\u00e3o sobre o mundo dos investimentos\",\"publisher\":{\"@id\":\"https:\/\/www.suno.com.br\/noticias\/#organization\"},\"potentialAction\":[{\"@type\":\"SearchAction\",\"target\":{\"@type\":\"EntryPoint\",\"urlTemplate\":\"https:\/\/www.suno.com.br\/noticias\/?s={search_term_string}\"},\"query-input\":{\"@type\":\"PropertyValueSpecification\",\"valueRequired\":true,\"valueName\":\"search_term_string\"}}],\"inLanguage\":\"pt-BR\"},{\"@type\":\"Organization\",\"@id\":\"https:\/\/www.suno.com.br\/noticias\/#organization\",\"name\":\"Suno Not\u00edcias\",\"url\":\"https:\/\/www.suno.com.br\/noticias\/\",\"logo\":{\"@type\":\"ImageObject\",\"inLanguage\":\"pt-BR\",\"@id\":\"https:\/\/www.suno.com.br\/noticias\/#\/schema\/logo\/image\/\",\"url\":\"https:\/\/files.sunoresearch.com.br\/n\/uploads\/2021\/09\/suno-logo.png\",\"contentUrl\":\"https:\/\/files.sunoresearch.com.br\/n\/uploads\/2021\/09\/suno-logo.png\",\"width\":180,\"height\":180,\"caption\":\"Suno Not\u00edcias\"},\"image\":{\"@id\":\"https:\/\/www.suno.com.br\/noticias\/#\/schema\/logo\/image\/\"},\"sameAs\":[\"https:\/\/facebook.com\/sunoresearch\",\"https:\/\/x.com\/sunoresearch\",\"https:\/\/www.instagram.com\/suno\",\"https:\/\/www.linkedin.com\/company\/suno-research\/\",\"https:\/\/www.youtube.com\/c\/sunoresearch\"]},{\"@type\":\"Person\",\"@id\":\"https:\/\/www.suno.com.br\/noticias\/#\/schema\/person\/3df0d2808748b74496efe5dbeaef2c72\",\"name\":\"Laura Moutinho\",\"image\":{\"@type\":\"ImageObject\",\"inLanguage\":\"pt-BR\",\"@id\":\"https:\/\/www.suno.com.br\/noticias\/#\/schema\/person\/image\/\",\"url\":\"https:\/\/secure.gravatar.com\/avatar\/7571c7c8ca3a6fca5e41384ece5557ff?s=96&r=g\",\"contentUrl\":\"https:\/\/secure.gravatar.com\/avatar\/7571c7c8ca3a6fca5e41384ece5557ff?s=96&r=g\",\"caption\":\"Laura Moutinho\"},\"description\":\"Estagi\u00e1ria na Suno Not\u00edcias, escreve not\u00edcias que afetam o mercado financeiro. Estuda administra\u00e7\u00e3o na Universidade Presbiteriana Mackenzie.\",\"url\":\"https:\/\/www.suno.com.br\/noticias\/author\/laura-moutinho\/\"}]}<\/script>\n<!-- \/ Yoast SEO plugin. -->","yoast_head_json":{"title":"Radar: Arezzo (ARZZ3) pagar\u00e1 dividendos e Gol (GOLL4) prev\u00ea preju\u00edzo","description":"Arezzo (ARZZ3) pagar\u00e1 proventos de R$ 60 milh\u00f5es, e a companhia a\u00e9rea Gol (GOLL4) prev\u00ea preju\u00edzo por a\u00e7\u00e3o. Clique aqui e saiba mais!","robots":{"index":"index","follow":"follow","max-snippet":"max-snippet:-1","max-image-preview":"max-image-preview:large","max-video-preview":"max-video-preview:-1"},"canonical":"https:\/\/www.suno.com.br\/noticias\/radar-arezzo-arzz3-grupo-soma-soma3-gol-goll4\/","og_locale":"pt_BR","og_type":"article","og_title":"Radar: Arezzo (ARZZ3) pagar\u00e1 dividendos e Gol (GOLL4) prev\u00ea preju\u00edzo","og_description":"Arezzo (ARZZ3) pagar\u00e1 proventos de R$ 60 milh\u00f5es, e a companhia a\u00e9rea Gol (GOLL4) prev\u00ea preju\u00edzo por a\u00e7\u00e3o. Clique aqui e saiba mais!","og_url":"https:\/\/www.suno.com.br\/noticias\/radar-arezzo-arzz3-grupo-soma-soma3-gol-goll4\/","og_site_name":"Suno Not\u00edcias","article_publisher":"https:\/\/facebook.com\/sunoresearch","og_image":[{"width":2560,"height":1707,"url":"https:\/\/files.sunoresearch.com.br\/n\/uploads\/2021\/06\/7764b228-gol-1-scaled.jpg","type":"image\/jpeg"}],"author":"Laura Moutinho","twitter_card":"summary_large_image","twitter_creator":"@sunoresearch","twitter_site":"@sunoresearch","twitter_misc":{"Escrito por":"Laura Moutinho","Est. tempo de leitura":"9 minutos"},"schema":{"@context":"https:\/\/schema.org","@graph":[{"@type":"NewsArticle","@id":"https:\/\/www.suno.com.br\/noticias\/radar-arezzo-arzz3-grupo-soma-soma3-gol-goll4\/#article","isPartOf":{"@id":"https:\/\/www.suno.com.br\/noticias\/radar-arezzo-arzz3-grupo-soma-soma3-gol-goll4\/"},"author":{"name":"Laura Moutinho","@id":"https:\/\/www.suno.com.br\/noticias\/#\/schema\/person\/3df0d2808748b74496efe5dbeaef2c72"},"headline":"Radar: Arezzo (ARZZ3) pagar\u00e1 proventos de R$ 60 mi, Grupo Soma (SOMA3) vai recomprar a\u00e7\u00f5es e Gol (GOLL4) prev\u00ea preju\u00edzo por a\u00e7\u00e3o","datePublished":"2022-01-11T01:14:28+00:00","mainEntityOfPage":{"@id":"https:\/\/www.suno.com.br\/noticias\/radar-arezzo-arzz3-grupo-soma-soma3-gol-goll4\/"},"wordCount":2098,"publisher":{"@id":"https:\/\/www.suno.com.br\/noticias\/#organization"},"image":{"@id":"https:\/\/www.suno.com.br\/noticias\/radar-arezzo-arzz3-grupo-soma-soma3-gol-goll4\/#primaryimage"},"thumbnailUrl":"https:\/\/files.sunoresearch.com.br\/n\/uploads\/2021\/06\/7764b228-gol-1-scaled.jpg","keywords":["Arezzo (ARZZ3)","CSN Minera\u00e7\u00e3o (CMIN3)","Gol Linhas A\u00e9reas (GOLL11\/GOLL4)","Grupo Soma (SOMA3)","soma","USIM3","USIM5","Usiminas","Vale (VALE3)"],"articleSection":["Neg\u00f3cios"],"inLanguage":"pt-BR"},{"@type":"WebPage","@id":"https:\/\/www.suno.com.br\/noticias\/radar-arezzo-arzz3-grupo-soma-soma3-gol-goll4\/","url":"https:\/\/www.suno.com.br\/noticias\/radar-arezzo-arzz3-grupo-soma-soma3-gol-goll4\/","name":"Radar: Arezzo (ARZZ3) pagar\u00e1 dividendos e Gol (GOLL4) prev\u00ea preju\u00edzo","isPartOf":{"@id":"https:\/\/www.suno.com.br\/noticias\/#website"},"primaryImageOfPage":{"@id":"https:\/\/www.suno.com.br\/noticias\/radar-arezzo-arzz3-grupo-soma-soma3-gol-goll4\/#primaryimage"},"image":{"@id":"https:\/\/www.suno.com.br\/noticias\/radar-arezzo-arzz3-grupo-soma-soma3-gol-goll4\/#primaryimage"},"thumbnailUrl":"https:\/\/files.sunoresearch.com.br\/n\/uploads\/2021\/06\/7764b228-gol-1-scaled.jpg","datePublished":"2022-01-11T01:14:28+00:00","description":"Arezzo (ARZZ3) pagar\u00e1 proventos de R$ 60 milh\u00f5es, e a companhia a\u00e9rea Gol (GOLL4) prev\u00ea preju\u00edzo por a\u00e7\u00e3o. Clique aqui e saiba mais!","breadcrumb":{"@id":"https:\/\/www.suno.com.br\/noticias\/radar-arezzo-arzz3-grupo-soma-soma3-gol-goll4\/#breadcrumb"},"inLanguage":"pt-BR","potentialAction":[{"@type":"ReadAction","target":["https:\/\/www.suno.com.br\/noticias\/radar-arezzo-arzz3-grupo-soma-soma3-gol-goll4\/"]}]},{"@type":"ImageObject","inLanguage":"pt-BR","@id":"https:\/\/www.suno.com.br\/noticias\/radar-arezzo-arzz3-grupo-soma-soma3-gol-goll4\/#primaryimage","url":"https:\/\/files.sunoresearch.com.br\/n\/uploads\/2021\/06\/7764b228-gol-1-scaled.jpg","contentUrl":"https:\/\/files.sunoresearch.com.br\/n\/uploads\/2021\/06\/7764b228-gol-1-scaled.jpg","width":2560,"height":1707,"caption":"Gol teve aumento da d\u00edvida, por\u00e9m alavancagem encolheu - Foto: Divulga\u00e7\u00e3o"},{"@type":"BreadcrumbList","@id":"https:\/\/www.suno.com.br\/noticias\/radar-arezzo-arzz3-grupo-soma-soma3-gol-goll4\/#breadcrumb","itemListElement":[{"@type":"ListItem","position":1,"name":"Not\u00edcias","item":"https:\/\/www.suno.com.br\/noticias\/"},{"@type":"ListItem","position":2,"name":"Neg\u00f3cios","item":"https:\/\/www.suno.com.br\/noticias\/negocios\/"},{"@type":"ListItem","position":3,"name":"Radar: Arezzo (ARZZ3) pagar\u00e1 proventos de R$ 60 mi, Grupo Soma (SOMA3) vai recomprar a\u00e7\u00f5es e Gol (GOLL4) prev\u00ea preju\u00edzo por a\u00e7\u00e3o"}]},{"@type":"WebSite","@id":"https:\/\/www.suno.com.br\/noticias\/#website","url":"https:\/\/www.suno.com.br\/noticias\/","name":"Suno Not\u00edcias","description":"Seu portal de informa\u00e7\u00e3o sobre o mundo dos investimentos","publisher":{"@id":"https:\/\/www.suno.com.br\/noticias\/#organization"},"potentialAction":[{"@type":"SearchAction","target":{"@type":"EntryPoint","urlTemplate":"https:\/\/www.suno.com.br\/noticias\/?s={search_term_string}"},"query-input":{"@type":"PropertyValueSpecification","valueRequired":true,"valueName":"search_term_string"}}],"inLanguage":"pt-BR"},{"@type":"Organization","@id":"https:\/\/www.suno.com.br\/noticias\/#organization","name":"Suno Not\u00edcias","url":"https:\/\/www.suno.com.br\/noticias\/","logo":{"@type":"ImageObject","inLanguage":"pt-BR","@id":"https:\/\/www.suno.com.br\/noticias\/#\/schema\/logo\/image\/","url":"https:\/\/files.sunoresearch.com.br\/n\/uploads\/2021\/09\/suno-logo.png","contentUrl":"https:\/\/files.sunoresearch.com.br\/n\/uploads\/2021\/09\/suno-logo.png","width":180,"height":180,"caption":"Suno Not\u00edcias"},"image":{"@id":"https:\/\/www.suno.com.br\/noticias\/#\/schema\/logo\/image\/"},"sameAs":["https:\/\/facebook.com\/sunoresearch","https:\/\/x.com\/sunoresearch","https:\/\/www.instagram.com\/suno","https:\/\/www.linkedin.com\/company\/suno-research\/","https:\/\/www.youtube.com\/c\/sunoresearch"]},{"@type":"Person","@id":"https:\/\/www.suno.com.br\/noticias\/#\/schema\/person\/3df0d2808748b74496efe5dbeaef2c72","name":"Laura Moutinho","image":{"@type":"ImageObject","inLanguage":"pt-BR","@id":"https:\/\/www.suno.com.br\/noticias\/#\/schema\/person\/image\/","url":"https:\/\/secure.gravatar.com\/avatar\/7571c7c8ca3a6fca5e41384ece5557ff?s=96&r=g","contentUrl":"https:\/\/secure.gravatar.com\/avatar\/7571c7c8ca3a6fca5e41384ece5557ff?s=96&r=g","caption":"Laura Moutinho"},"description":"Estagi\u00e1ria na Suno Not\u00edcias, escreve not\u00edcias que afetam o mercado financeiro. Estuda administra\u00e7\u00e3o na Universidade Presbiteriana Mackenzie.","url":"https:\/\/www.suno.com.br\/noticias\/author\/laura-moutinho\/"}]}},"default_loop_html":"<div class=\"cardsPage__listCard__boxs\"><div class=\"cardsPage__listCard__boxs__img\"><a href=\"https:\/\/www.suno.com.br\/noticias\/radar-arezzo-arzz3-grupo-soma-soma3-gol-goll4\/\"><img class=\"mask\" src=\"https:\/\/www.suno.com.br\/noticias\/wp-content\/themes\/suno\/resources\/images\/spotlight\/spotlight1img\/bg-mask.png\" alt=\"Image Mask\"\/><img src=\"https:\/\/files.sunoresearch.com.br\/n\/uploads\/2021\/06\/7764b228-gol-1-400x200.jpg\" alt=\"Radar: Arezzo (ARZZ3) pagar\u00e1 proventos de R$ 60 mi, Grupo Soma (SOMA3) vai recomprar a\u00e7\u00f5es e Gol (GOLL4) prev\u00ea preju\u00edzo por a\u00e7\u00e3o\"\/><\/a><span class=\"spotlightCategory\"><a href=\"https:\/\/www.suno.com.br\/noticias\/negocios\/\">Neg\u00f3cios<\/a><\/span><\/div><div class=\"cardsPage__listCard__boxs__content\"><a href=\"https:\/\/www.suno.com.br\/noticias\/radar-arezzo-arzz3-grupo-soma-soma3-gol-goll4\/\"><h2 class=\"content__title\">Radar: Arezzo (ARZZ3) pagar\u00e1 proventos de R$ 60 mi, Grupo Soma (SOMA3) vai recomprar a\u00e7\u00f5es e Gol (GOLL4) prev\u00ea preju\u00edzo por a\u00e7\u00e3o<\/h2><\/a><div class=\"newsContent__article__meta\"><div class=\"newsContent__article__meta__authorBox\"><a href=\"https:\/\/www.suno.com.br\/noticias\/author\/laura-moutinho\/\" class=\"authorBox__avatar noMobi\"><img src=\"https:\/\/files.sunoresearch.com.br\/n\/uploads\/2020\/08\/531ff69d-whatsapp-image-2020-08-03-at-14.54.38-150x150.webp\" alt=\"Laura Moutinho\"><\/a><div class=\"authorBox__name\"><span>por\n\t\t\t<a href=\"https:\/\/www.suno.com.br\/noticias\/author\/laura-moutinho\/\"><span itemprop=\"author\">Laura Moutinho<\/span><\/a><\/span><time datetime=\"2022-01-10T22:14:28-03:00\" itemprop=\"datePublished\">10\/01\/2022 22:14<\/time><\/div><\/div><\/div><\/div><\/div>","single_layout":"posts","amp_enabled":true,"_links":{"self":[{"href":"https:\/\/www.suno.com.br\/noticias\/wp-json\/wp\/v2\/posts\/220536"}],"collection":[{"href":"https:\/\/www.suno.com.br\/noticias\/wp-json\/wp\/v2\/posts"}],"about":[{"href":"https:\/\/www.suno.com.br\/noticias\/wp-json\/wp\/v2\/types\/post"}],"author":[{"embeddable":true,"href":"https:\/\/www.suno.com.br\/noticias\/wp-json\/wp\/v2\/users\/39"}],"replies":[{"embeddable":true,"href":"https:\/\/www.suno.com.br\/noticias\/wp-json\/wp\/v2\/comments?post=220536"}],"version-history":[{"count":3,"href":"https:\/\/www.suno.com.br\/noticias\/wp-json\/wp\/v2\/posts\/220536\/revisions"}],"predecessor-version":[{"id":220556,"href":"https:\/\/www.suno.com.br\/noticias\/wp-json\/wp\/v2\/posts\/220536\/revisions\/220556"}],"wp:featuredmedia":[{"embeddable":true,"href":"https:\/\/www.suno.com.br\/noticias\/wp-json\/wp\/v2\/media\/155599"}],"wp:attachment":[{"href":"https:\/\/www.suno.com.br\/noticias\/wp-json\/wp\/v2\/media?parent=220536"}],"wp:term":[{"taxonomy":"category","embeddable":true,"href":"https:\/\/www.suno.com.br\/noticias\/wp-json\/wp\/v2\/categories?post=220536"},{"taxonomy":"post_tag","embeddable":true,"href":"https:\/\/www.suno.com.br\/noticias\/wp-json\/wp\/v2\/tags?post=220536"},{"taxonomy":"suno_strategy","embeddable":true,"href":"https:\/\/www.suno.com.br\/noticias\/wp-json\/wp\/v2\/suno_strategy?post=220536"}],"curies":[{"name":"wp","href":"https:\/\/api.w.org\/{rel}","templated":true}]}}