{"id":22016,"date":"2019-04-23T16:52:20","date_gmt":"2019-04-23T19:52:20","guid":{"rendered":"https:\/\/www.suno.com.br\/noticias\/?p=22016"},"modified":"2019-04-23T19:10:52","modified_gmt":"2019-04-23T22:10:52","slug":"nao-existe-estatal-eficiente","status":"publish","type":"post","link":"https:\/\/www.suno.com.br\/noticias\/nao-existe-estatal-eficiente\/","title":{"rendered":"&#8220;N\u00e3o existe estatal eficiente&#8221;, afirma secret\u00e1rio especial de Desestatiza\u00e7\u00e3o"},"content":{"rendered":"<p>O secret\u00e1rio especial de Desestatiza\u00e7\u00e3o e de Desinvestimento do <strong>Minist\u00e9rio da Economia<\/strong>, Salim Mattar, afirmou nesta ter\u00e7a-feira (23) que n\u00e3o h\u00e1 <a href=\"https:\/\/www.suno.com.br\/artigos\/estatal-so-se-for-de-graca\/\">empresa estatal<\/a> eficiente no Brasil. A fala foi dita no evento Ita\u00fa Macro Vision 2019, em S\u00e3o Paulo.<\/p>\t<div class=\"wrapper-featured-image\">\n\t\t<figure class=\"spotlightImg\">\n\n\t\t\t<picture>\n\t\t\t\t<source media=\"(max-width: 768px)\" srcset=\"https:\/\/files.sunoresearch.com.br\/n\/uploads\/2019\/04\/c66a98f5-estatal-400x200.webp\">\n\t\t\t\t<img loading=\"lazy\" decoding=\"async\" class=\"newsContent__article__imgCapa lazyloadDisabled newsContent__article__imgCapa--noCaption\" src=\"https:\/\/files.sunoresearch.com.br\/n\/uploads\/2019\/04\/c66a98f5-estatal-jpg.webp\" width=\"800\" height=\"450\" alt=\"&#8220;N\u00e3o existe estatal eficiente&#8221;, afirma secret\u00e1rio especial de Desestatiza\u00e7\u00e3o\" fetchpriority=high \/>\n\t\t\t<\/picture>\n\n\t\t\t<figcaption class=\"wp-caption-text wp-caption-text--hide\">Salim Mattar afirmou que &quot;Nenhuma estatal \u00e9 eficiente&quot;. (divulga\u00e7\u00e3o)<\/figcaption>\n\t\t<\/figure>\n\t<\/div>\n\n\n<p>&#8220;N\u00e3o existe <strong>estatal<\/strong> eficiente. E se \u00e9 eficiente, como dizem que a <strong>Petrobras<\/strong> (PETR3) \u00e9, n\u00e3o precisa de <a href=\"https:\/\/www.suno.com.br\/artigos\/monopolio\/\">monop\u00f3lio<\/a>. Se tem monop\u00f3lio \u00e9 porque \u00e9 ineficiente e precisa da prote\u00e7\u00e3o do <strong>monop\u00f3lio<\/strong> para sobreviver&#8221;, afirmou o secret\u00e1rio, no evento do <strong>Ita\u00fa Unibanco<\/strong> (ITUB4).<\/p>\n<p style=\"text-align: center;\"><iframe loading=\"lazy\" src=\"https:\/\/www.youtube.com\/embed\/tqX_eDpf_Ks\" width=\"560\" height=\"315\" frameborder=\"0\" allowfullscreen=\"allowfullscreen\"><\/iframe><\/p>\n<p><strong>Mattar<\/strong>, um dos fundadores da <strong>Localiza<\/strong> Hertz (RENT3), tamb\u00e9m salientou a heran\u00e7a dos governos federais anteriores ao do presidente da Rep\u00fablica, Jair <strong>Bolsonaro<\/strong>:\u00a0&#8220;Gra\u00e7as \u00e0 in\u00e9pcia, a\u00a0<span style=\"font-size: 1.21429rem;\">irresponsabilidade dos governos da social-democracia, e<\/span>sse \u00e9 o legado\u00a0que ficou: uma <strong>d\u00edvida<\/strong> de RS 3,8 trilh\u00f5es&#8221;.<\/p>\n\n<p>&nbsp;<\/p>\n<p>Por outro lado, o secret\u00e1rio defendeu a gest\u00e3o <strong>Bolsonaro<\/strong>:\u00a0&#8220;Temos um governo absolutamente liberal na economia [&#8230;] N\u00f3s podemos fazer muito nesses quatro anos. N\u00e3o apenas aprovar a<strong> reforma da Previd\u00eancia<\/strong>, mas de fato diminuir o tamanho do <strong>Estado<\/strong>, aumentar a competitividade e abrir o mercado.\u00a0Temos o apoio incondicional do presidente para isso&#8221;.<\/p>\n<p>&#8220;N\u00f3s n\u00e3o precisamos de um governo federal rico, n\u00f3s precisamos de um governo federal forte. Com cidad\u00e3os ricos, com estados,\u00a0<span style=\"font-size: 1.21429rem;\">prefeituras ricas&#8221;, opinou o cr\u00edtico da social-democracia.<\/span><\/p>\n<h2>Desestatiza\u00e7\u00f5es<\/h2>\n<p>O secret\u00e1rio listou as <strong>desestatiza\u00e7\u00f5es<\/strong> que j\u00e1 ocorreram ou vem ocorrendo. Em adendo, elogiou o presidente da <strong>Petrobras<\/strong>, <a href=\"https:\/\/www.suno.com.br\/tudo-sobre\/roberto-castello-branco\/\">Roberto Castello Branco<\/a>, que teria liderado as opera\u00e7\u00f5es.<\/p>\n<ul>\n<li>Petrobras:\u00a0venda da refinaria Pasadena, no Texas (EUA), para a Chevron S.A. (CHVX34);<\/li>\n<li>Petrobras: venda das distribuidoras do Paraguai;<\/li>\n<li>Petrobras: venda da TAG.<\/li>\n<\/ul>\n<p><a href=\"https:\/\/www.suno.com.br\/noticias\/petrobras-vende-pasadena\/\">Saiba mais &#8211;\u00a0Petrobras vende refinaria de Pasadena \u00e0 Chevron\u00a0<\/a><\/p>\n<h2>Prioridades do governo<\/h2>\n<p>Salim <strong>Mattar<\/strong> tamb\u00e9m listou as prioridades do governo Bolsonaro, em ordem decrescente:<\/p>\n<ul>\n<li><strong>reforma da Previd\u00eancia<\/strong>;<\/li>\n<li>cess\u00e3o onerosa;<\/li>\n<li>capitaliza\u00e7\u00e3o da Eletrobras (ELET6);<\/li>\n<li><a href=\"https:\/\/www.suno.com.br\/artigos\/privatizacao\/\">privatiza\u00e7\u00e3o<\/a> das empresas estatais federais;<\/li>\n<li>reestrutura\u00e7\u00e3o financeira dos estados;<\/li>\n<li><strong>privatiza\u00e7\u00e3o<\/strong> das empresas estatais estaduais;<\/li>\n<li>concess\u00e3o de infraestrutura (Programa de Parcerias de Investimentos\/PPI);<\/li>\n<li><strong>privatiza\u00e7\u00e3o <\/strong>do <a href=\"https:\/\/www.suno.com.br\/artigos\/mercado-de-credito\/\">mercado de cr\u00e9dito<\/a>: desavalancagem do Banco Nacional de Desenvolvimento Econ\u00f4mico e Social;<\/li>\n<li>e redu\u00e7\u00e3o da <strong>d\u00edvida<\/strong> p\u00fablica.<\/li>\n<\/ul>\n\t<p>\n\t\t<a href=\"https:\/\/lp.suno.com.br\/ebook-gratuito-investindo-no-exterior\/\" target=\"_blank\" data-element=\"shortcode-suno-banner\" title=\"Banner SUNO, clique e saiba mais\">\n\t\t\t<picture>\n\t\t\t\t<source media=\"(max-width: 500px)\" srcset=\"https:\/\/files.sunoresearch.com.br\/n\/uploads\/2023\/03\/400x300-Investindo-no-exterior.png\">\n\t\t\t\t<img class=\"newsContent__article__imgCapa newsContent__article__imgCapa--banner\"\n\t\t\t\t\tsrc=\"https:\/\/files.sunoresearch.com.br\/n\/uploads\/2023\/03\/1420x240-Investindo-no-exterior.png\"\n\t\t\t\t\tdata-promo-id=\"383161\"\t\t\t\t\t\t\t\t\t\twidth='1420' height='240'\t\t\t\t\talt=\"https:\/\/files.sunoresearch.com.br\/n\/uploads\/2023\/03\/1420x240-Investindo-no-exterior.png\"\n\t\t\t\t>\n\t\t\t<\/picture>\n\t\t<\/a>\n\t<\/p>\n\n\n<h2>Empresa estatal: quantas existem?<\/h2>\n<p><strong>Mattar<\/strong> explicou que a secretaria que chefia \u00e9, na verdade, separada em outras duas:<\/p>\n<ul>\n<li>Secretaria de Coordena\u00e7\u00e3o e Governan\u00e7a do Patrim\u00f4nio da Uni\u00e3o: cuida de 134 estatais (neste grupo est\u00e3o inclusos a Petrobras, o BNDES, o Banco do Brasil, a Caixa Econ\u00f4mica Federal, dentre outros).<\/li>\n<li>Secretaria de Coordena\u00e7\u00e3o e Governan\u00e7a das Empresas Estatais: cuida de 743 mil im\u00f3veis estatais.<\/li>\n<\/ul>\n<p>O <a href=\"http:\/\/www.economia.gov.br\/agendas\/secretaria-especial-de-desestatizacao-e-desinvestimento\">secret\u00e1rio<\/a> afirmou que o n\u00famero de im\u00f3veis da Uni\u00e3o \u00e9 incerto, e que o total citado refere-se apenas ao patrim\u00f4nio <strong>estatal<\/strong> identificado. H\u00e1 a possibilidade de existirem mais im\u00f3veis.<\/p>\n","protected":false},"excerpt":{"rendered":"<p>O secret\u00e1rio especial de Desestatiza\u00e7\u00e3o e de Desinvestimento do Minist\u00e9rio da Economia, Salim Mattar, afirmou nesta ter\u00e7a-feira (23) que n\u00e3o h\u00e1 empresa estatal eficiente no Brasil. A fala foi dita no evento Ita\u00fa Macro Vision 2019, em S\u00e3o Paulo. Salim Mattar afirmou que &quot;Nenhuma estatal \u00e9 eficiente&quot;. (divulga\u00e7\u00e3o) &#8220;N\u00e3o existe estatal eficiente. E se \u00e9 [&hellip;]<\/p>\n","protected":false},"author":12,"featured_media":22023,"comment_status":"closed","ping_status":"closed","sticky":false,"template":"","format":"standard","meta":[],"categories":[62],"tags":[732,757,1199,1309,455,595,945,940],"suno_strategy":[],"class_list":["post-22016","post","type-post","status-publish","format-standard","has-post-thumbnail","hentry","category-economia","tag-banco-do-brasil-bbas3","tag-bndes","tag-caixa-economica-federal-cef","tag-cessao-onerosa","tag-eletrobras-elet3-elet5-elet6","tag-petrobras-petr4","tag-privatizacoes","tag-reforma-da-previdencia"],"yoast_head":"<!-- This site is optimized with the Yoast SEO plugin v24.4 - https:\/\/yoast.com\/wordpress\/plugins\/seo\/ -->\n<title>&quot;N\u00e3o existe estatal eficiente&quot;, afirma secret\u00e1rio especial de Desestatiza\u00e7\u00e3o<\/title>\n<meta name=\"description\" content=\"Em evento do Ita\u00fa Unibanco, Salim Mattar salientou sua pol\u00edtica de diminuir quantidade de empresa estatal no Brasil. Clique para saber mais.\" \/>\n<meta name=\"robots\" content=\"index, follow, max-snippet:-1, max-image-preview:large, max-video-preview:-1\" \/>\n<link rel=\"canonical\" href=\"https:\/\/www.suno.com.br\/noticias\/nao-existe-estatal-eficiente\/\" \/>\n<meta property=\"og:locale\" content=\"pt_BR\" \/>\n<meta property=\"og:type\" content=\"article\" \/>\n<meta property=\"og:title\" content=\"&quot;N\u00e3o existe estatal eficiente&quot;, afirma secret\u00e1rio especial de Desestatiza\u00e7\u00e3o\" \/>\n<meta property=\"og:description\" content=\"Em evento do Ita\u00fa Unibanco, Salim Mattar salientou sua pol\u00edtica de diminuir quantidade de empresa estatal no Brasil. Clique para saber mais.\" \/>\n<meta property=\"og:url\" content=\"https:\/\/www.suno.com.br\/noticias\/nao-existe-estatal-eficiente\/\" \/>\n<meta property=\"og:site_name\" content=\"Suno Not\u00edcias\" \/>\n<meta property=\"article:publisher\" content=\"https:\/\/facebook.com\/sunoresearch\" \/>\n<meta property=\"og:image\" content=\"https:\/\/files.sunoresearch.com.br\/n\/uploads\/2019\/04\/c66a98f5-estatal.jpg\" \/>\n\t<meta property=\"og:image:width\" content=\"472\" \/>\n\t<meta property=\"og:image:height\" content=\"293\" \/>\n\t<meta property=\"og:image:type\" content=\"image\/jpeg\" \/>\n<meta name=\"author\" content=\"Amanda Gushiken\" \/>\n<meta name=\"twitter:card\" content=\"summary_large_image\" \/>\n<meta name=\"twitter:creator\" content=\"@sunoresearch\" \/>\n<meta name=\"twitter:site\" content=\"@sunoresearch\" \/>\n<meta name=\"twitter:label1\" content=\"Escrito por\" \/>\n\t<meta name=\"twitter:data1\" content=\"Amanda Gushiken\" \/>\n\t<meta name=\"twitter:label2\" content=\"Est. tempo de leitura\" \/>\n\t<meta name=\"twitter:data2\" content=\"2 minutos\" \/>\n<script type=\"application\/ld+json\" class=\"yoast-schema-graph\">{\"@context\":\"https:\/\/schema.org\",\"@graph\":[{\"@type\":\"NewsArticle\",\"@id\":\"https:\/\/www.suno.com.br\/noticias\/nao-existe-estatal-eficiente\/#article\",\"isPartOf\":{\"@id\":\"https:\/\/www.suno.com.br\/noticias\/nao-existe-estatal-eficiente\/\"},\"author\":{\"name\":\"Amanda Gushiken\",\"@id\":\"https:\/\/www.suno.com.br\/noticias\/#\/schema\/person\/a5b06fa4e879d8e8e119c6ed3cd630d1\"},\"headline\":\"&#8220;N\u00e3o existe estatal eficiente&#8221;, afirma secret\u00e1rio especial de Desestatiza\u00e7\u00e3o\",\"datePublished\":\"2019-04-23T19:52:20+00:00\",\"dateModified\":\"2019-04-23T22:10:52+00:00\",\"mainEntityOfPage\":{\"@id\":\"https:\/\/www.suno.com.br\/noticias\/nao-existe-estatal-eficiente\/\"},\"wordCount\":493,\"publisher\":{\"@id\":\"https:\/\/www.suno.com.br\/noticias\/#organization\"},\"image\":{\"@id\":\"https:\/\/www.suno.com.br\/noticias\/nao-existe-estatal-eficiente\/#primaryimage\"},\"thumbnailUrl\":\"https:\/\/files.sunoresearch.com.br\/n\/uploads\/2019\/04\/c66a98f5-estatal-jpg.webp\",\"keywords\":[\"Banco do Brasil (BBAS3)\",\"BNDES\",\"Caixa Econ\u00f4mica Federal (CEF)\",\"cess\u00e3o onerosa\",\"Eletrobras (ELET3\/ELET5\/ELET6)\",\"Petrobras (PETR4)\",\"privatiza\u00e7\u00f5es\",\"Reforma da Previd\u00eancia\"],\"articleSection\":[\"Economia\"],\"inLanguage\":\"pt-BR\"},{\"@type\":\"WebPage\",\"@id\":\"https:\/\/www.suno.com.br\/noticias\/nao-existe-estatal-eficiente\/\",\"url\":\"https:\/\/www.suno.com.br\/noticias\/nao-existe-estatal-eficiente\/\",\"name\":\"\\\"N\u00e3o existe estatal eficiente\\\", afirma secret\u00e1rio especial de Desestatiza\u00e7\u00e3o\",\"isPartOf\":{\"@id\":\"https:\/\/www.suno.com.br\/noticias\/#website\"},\"primaryImageOfPage\":{\"@id\":\"https:\/\/www.suno.com.br\/noticias\/nao-existe-estatal-eficiente\/#primaryimage\"},\"image\":{\"@id\":\"https:\/\/www.suno.com.br\/noticias\/nao-existe-estatal-eficiente\/#primaryimage\"},\"thumbnailUrl\":\"https:\/\/files.sunoresearch.com.br\/n\/uploads\/2019\/04\/c66a98f5-estatal-jpg.webp\",\"datePublished\":\"2019-04-23T19:52:20+00:00\",\"dateModified\":\"2019-04-23T22:10:52+00:00\",\"description\":\"Em evento do Ita\u00fa Unibanco, Salim Mattar salientou sua pol\u00edtica de diminuir quantidade de empresa estatal no Brasil. Clique para saber mais.\",\"breadcrumb\":{\"@id\":\"https:\/\/www.suno.com.br\/noticias\/nao-existe-estatal-eficiente\/#breadcrumb\"},\"inLanguage\":\"pt-BR\",\"potentialAction\":[{\"@type\":\"ReadAction\",\"target\":[\"https:\/\/www.suno.com.br\/noticias\/nao-existe-estatal-eficiente\/\"]}]},{\"@type\":\"ImageObject\",\"inLanguage\":\"pt-BR\",\"@id\":\"https:\/\/www.suno.com.br\/noticias\/nao-existe-estatal-eficiente\/#primaryimage\",\"url\":\"https:\/\/files.sunoresearch.com.br\/n\/uploads\/2019\/04\/c66a98f5-estatal-jpg.webp\",\"contentUrl\":\"https:\/\/files.sunoresearch.com.br\/n\/uploads\/2019\/04\/c66a98f5-estatal-jpg.webp\",\"width\":472,\"height\":293,\"caption\":\"Salim Mattar afirmou que \\\"Nenhuma estatal \u00e9 eficiente\\\". (divulga\u00e7\u00e3o)\"},{\"@type\":\"BreadcrumbList\",\"@id\":\"https:\/\/www.suno.com.br\/noticias\/nao-existe-estatal-eficiente\/#breadcrumb\",\"itemListElement\":[{\"@type\":\"ListItem\",\"position\":1,\"name\":\"Not\u00edcias\",\"item\":\"https:\/\/www.suno.com.br\/noticias\/\"},{\"@type\":\"ListItem\",\"position\":2,\"name\":\"Economia\",\"item\":\"https:\/\/www.suno.com.br\/noticias\/economia\/\"},{\"@type\":\"ListItem\",\"position\":3,\"name\":\"&#8220;N\u00e3o existe estatal eficiente&#8221;, afirma secret\u00e1rio especial de Desestatiza\u00e7\u00e3o\"}]},{\"@type\":\"WebSite\",\"@id\":\"https:\/\/www.suno.com.br\/noticias\/#website\",\"url\":\"https:\/\/www.suno.com.br\/noticias\/\",\"name\":\"Suno Not\u00edcias\",\"description\":\"Seu portal de informa\u00e7\u00e3o sobre o mundo dos investimentos\",\"publisher\":{\"@id\":\"https:\/\/www.suno.com.br\/noticias\/#organization\"},\"potentialAction\":[{\"@type\":\"SearchAction\",\"target\":{\"@type\":\"EntryPoint\",\"urlTemplate\":\"https:\/\/www.suno.com.br\/noticias\/?s={search_term_string}\"},\"query-input\":{\"@type\":\"PropertyValueSpecification\",\"valueRequired\":true,\"valueName\":\"search_term_string\"}}],\"inLanguage\":\"pt-BR\"},{\"@type\":\"Organization\",\"@id\":\"https:\/\/www.suno.com.br\/noticias\/#organization\",\"name\":\"Suno Not\u00edcias\",\"url\":\"https:\/\/www.suno.com.br\/noticias\/\",\"logo\":{\"@type\":\"ImageObject\",\"inLanguage\":\"pt-BR\",\"@id\":\"https:\/\/www.suno.com.br\/noticias\/#\/schema\/logo\/image\/\",\"url\":\"https:\/\/files.sunoresearch.com.br\/n\/uploads\/2021\/09\/suno-logo.png\",\"contentUrl\":\"https:\/\/files.sunoresearch.com.br\/n\/uploads\/2021\/09\/suno-logo.png\",\"width\":180,\"height\":180,\"caption\":\"Suno Not\u00edcias\"},\"image\":{\"@id\":\"https:\/\/www.suno.com.br\/noticias\/#\/schema\/logo\/image\/\"},\"sameAs\":[\"https:\/\/facebook.com\/sunoresearch\",\"https:\/\/x.com\/sunoresearch\",\"https:\/\/www.instagram.com\/suno\",\"https:\/\/www.linkedin.com\/company\/suno-research\/\",\"https:\/\/www.youtube.com\/c\/sunoresearch\"]},{\"@type\":\"Person\",\"@id\":\"https:\/\/www.suno.com.br\/noticias\/#\/schema\/person\/a5b06fa4e879d8e8e119c6ed3cd630d1\",\"name\":\"Amanda Gushiken\",\"image\":{\"@type\":\"ImageObject\",\"inLanguage\":\"pt-BR\",\"@id\":\"https:\/\/www.suno.com.br\/noticias\/#\/schema\/person\/image\/\",\"url\":\"https:\/\/secure.gravatar.com\/avatar\/ecd84705e6b65e3685ae80d725501fbe?s=96&r=g\",\"contentUrl\":\"https:\/\/secure.gravatar.com\/avatar\/ecd84705e6b65e3685ae80d725501fbe?s=96&r=g\",\"caption\":\"Amanda Gushiken\"},\"description\":\"Amanda Sayuri Gushiken escreve sobre finan\u00e7as e neg\u00f3cios para o portal Suno Not\u00edcias. Antes, trabalhou selecionando not\u00edcias da imprensa para clientes do mercado financeiro. Tamb\u00e9m desenvolveu pesquisa acad\u00eamica pela Universidade Anhembi Morumbi na \u00e1rea de Teorias da Comunica\u00e7\u00e3o e \u00e9 fot\u00f3grafa nas horas vagas.\",\"url\":\"https:\/\/www.suno.com.br\/noticias\/author\/amanda\/\"}]}<\/script>\n<!-- \/ Yoast SEO plugin. -->","yoast_head_json":{"title":"\"N\u00e3o existe estatal eficiente\", afirma secret\u00e1rio especial de Desestatiza\u00e7\u00e3o","description":"Em evento do Ita\u00fa Unibanco, Salim Mattar salientou sua pol\u00edtica de diminuir quantidade de empresa estatal no Brasil. Clique para saber mais.","robots":{"index":"index","follow":"follow","max-snippet":"max-snippet:-1","max-image-preview":"max-image-preview:large","max-video-preview":"max-video-preview:-1"},"canonical":"https:\/\/www.suno.com.br\/noticias\/nao-existe-estatal-eficiente\/","og_locale":"pt_BR","og_type":"article","og_title":"\"N\u00e3o existe estatal eficiente\", afirma secret\u00e1rio especial de Desestatiza\u00e7\u00e3o","og_description":"Em evento do Ita\u00fa Unibanco, Salim Mattar salientou sua pol\u00edtica de diminuir quantidade de empresa estatal no Brasil. Clique para saber mais.","og_url":"https:\/\/www.suno.com.br\/noticias\/nao-existe-estatal-eficiente\/","og_site_name":"Suno Not\u00edcias","article_publisher":"https:\/\/facebook.com\/sunoresearch","og_image":[{"width":472,"height":293,"url":"https:\/\/files.sunoresearch.com.br\/n\/uploads\/2019\/04\/c66a98f5-estatal.jpg","type":"image\/jpeg"}],"author":"Amanda Gushiken","twitter_card":"summary_large_image","twitter_creator":"@sunoresearch","twitter_site":"@sunoresearch","twitter_misc":{"Escrito por":"Amanda Gushiken","Est. tempo de leitura":"2 minutos"},"schema":{"@context":"https:\/\/schema.org","@graph":[{"@type":"NewsArticle","@id":"https:\/\/www.suno.com.br\/noticias\/nao-existe-estatal-eficiente\/#article","isPartOf":{"@id":"https:\/\/www.suno.com.br\/noticias\/nao-existe-estatal-eficiente\/"},"author":{"name":"Amanda Gushiken","@id":"https:\/\/www.suno.com.br\/noticias\/#\/schema\/person\/a5b06fa4e879d8e8e119c6ed3cd630d1"},"headline":"&#8220;N\u00e3o existe estatal eficiente&#8221;, afirma secret\u00e1rio especial de Desestatiza\u00e7\u00e3o","datePublished":"2019-04-23T19:52:20+00:00","dateModified":"2019-04-23T22:10:52+00:00","mainEntityOfPage":{"@id":"https:\/\/www.suno.com.br\/noticias\/nao-existe-estatal-eficiente\/"},"wordCount":493,"publisher":{"@id":"https:\/\/www.suno.com.br\/noticias\/#organization"},"image":{"@id":"https:\/\/www.suno.com.br\/noticias\/nao-existe-estatal-eficiente\/#primaryimage"},"thumbnailUrl":"https:\/\/files.sunoresearch.com.br\/n\/uploads\/2019\/04\/c66a98f5-estatal-jpg.webp","keywords":["Banco do Brasil (BBAS3)","BNDES","Caixa Econ\u00f4mica Federal (CEF)","cess\u00e3o onerosa","Eletrobras (ELET3\/ELET5\/ELET6)","Petrobras (PETR4)","privatiza\u00e7\u00f5es","Reforma da Previd\u00eancia"],"articleSection":["Economia"],"inLanguage":"pt-BR"},{"@type":"WebPage","@id":"https:\/\/www.suno.com.br\/noticias\/nao-existe-estatal-eficiente\/","url":"https:\/\/www.suno.com.br\/noticias\/nao-existe-estatal-eficiente\/","name":"\"N\u00e3o existe estatal eficiente\", afirma secret\u00e1rio especial de Desestatiza\u00e7\u00e3o","isPartOf":{"@id":"https:\/\/www.suno.com.br\/noticias\/#website"},"primaryImageOfPage":{"@id":"https:\/\/www.suno.com.br\/noticias\/nao-existe-estatal-eficiente\/#primaryimage"},"image":{"@id":"https:\/\/www.suno.com.br\/noticias\/nao-existe-estatal-eficiente\/#primaryimage"},"thumbnailUrl":"https:\/\/files.sunoresearch.com.br\/n\/uploads\/2019\/04\/c66a98f5-estatal-jpg.webp","datePublished":"2019-04-23T19:52:20+00:00","dateModified":"2019-04-23T22:10:52+00:00","description":"Em evento do Ita\u00fa Unibanco, Salim Mattar salientou sua pol\u00edtica de diminuir quantidade de empresa estatal no Brasil. Clique para saber mais.","breadcrumb":{"@id":"https:\/\/www.suno.com.br\/noticias\/nao-existe-estatal-eficiente\/#breadcrumb"},"inLanguage":"pt-BR","potentialAction":[{"@type":"ReadAction","target":["https:\/\/www.suno.com.br\/noticias\/nao-existe-estatal-eficiente\/"]}]},{"@type":"ImageObject","inLanguage":"pt-BR","@id":"https:\/\/www.suno.com.br\/noticias\/nao-existe-estatal-eficiente\/#primaryimage","url":"https:\/\/files.sunoresearch.com.br\/n\/uploads\/2019\/04\/c66a98f5-estatal-jpg.webp","contentUrl":"https:\/\/files.sunoresearch.com.br\/n\/uploads\/2019\/04\/c66a98f5-estatal-jpg.webp","width":472,"height":293,"caption":"Salim Mattar afirmou que \"Nenhuma estatal \u00e9 eficiente\". (divulga\u00e7\u00e3o)"},{"@type":"BreadcrumbList","@id":"https:\/\/www.suno.com.br\/noticias\/nao-existe-estatal-eficiente\/#breadcrumb","itemListElement":[{"@type":"ListItem","position":1,"name":"Not\u00edcias","item":"https:\/\/www.suno.com.br\/noticias\/"},{"@type":"ListItem","position":2,"name":"Economia","item":"https:\/\/www.suno.com.br\/noticias\/economia\/"},{"@type":"ListItem","position":3,"name":"&#8220;N\u00e3o existe estatal eficiente&#8221;, afirma secret\u00e1rio especial de Desestatiza\u00e7\u00e3o"}]},{"@type":"WebSite","@id":"https:\/\/www.suno.com.br\/noticias\/#website","url":"https:\/\/www.suno.com.br\/noticias\/","name":"Suno Not\u00edcias","description":"Seu portal de informa\u00e7\u00e3o sobre o mundo dos investimentos","publisher":{"@id":"https:\/\/www.suno.com.br\/noticias\/#organization"},"potentialAction":[{"@type":"SearchAction","target":{"@type":"EntryPoint","urlTemplate":"https:\/\/www.suno.com.br\/noticias\/?s={search_term_string}"},"query-input":{"@type":"PropertyValueSpecification","valueRequired":true,"valueName":"search_term_string"}}],"inLanguage":"pt-BR"},{"@type":"Organization","@id":"https:\/\/www.suno.com.br\/noticias\/#organization","name":"Suno Not\u00edcias","url":"https:\/\/www.suno.com.br\/noticias\/","logo":{"@type":"ImageObject","inLanguage":"pt-BR","@id":"https:\/\/www.suno.com.br\/noticias\/#\/schema\/logo\/image\/","url":"https:\/\/files.sunoresearch.com.br\/n\/uploads\/2021\/09\/suno-logo.png","contentUrl":"https:\/\/files.sunoresearch.com.br\/n\/uploads\/2021\/09\/suno-logo.png","width":180,"height":180,"caption":"Suno Not\u00edcias"},"image":{"@id":"https:\/\/www.suno.com.br\/noticias\/#\/schema\/logo\/image\/"},"sameAs":["https:\/\/facebook.com\/sunoresearch","https:\/\/x.com\/sunoresearch","https:\/\/www.instagram.com\/suno","https:\/\/www.linkedin.com\/company\/suno-research\/","https:\/\/www.youtube.com\/c\/sunoresearch"]},{"@type":"Person","@id":"https:\/\/www.suno.com.br\/noticias\/#\/schema\/person\/a5b06fa4e879d8e8e119c6ed3cd630d1","name":"Amanda Gushiken","image":{"@type":"ImageObject","inLanguage":"pt-BR","@id":"https:\/\/www.suno.com.br\/noticias\/#\/schema\/person\/image\/","url":"https:\/\/secure.gravatar.com\/avatar\/ecd84705e6b65e3685ae80d725501fbe?s=96&r=g","contentUrl":"https:\/\/secure.gravatar.com\/avatar\/ecd84705e6b65e3685ae80d725501fbe?s=96&r=g","caption":"Amanda Gushiken"},"description":"Amanda Sayuri Gushiken escreve sobre finan\u00e7as e neg\u00f3cios para o portal Suno Not\u00edcias. Antes, trabalhou selecionando not\u00edcias da imprensa para clientes do mercado financeiro. Tamb\u00e9m desenvolveu pesquisa acad\u00eamica pela Universidade Anhembi Morumbi na \u00e1rea de Teorias da Comunica\u00e7\u00e3o e \u00e9 fot\u00f3grafa nas horas vagas.","url":"https:\/\/www.suno.com.br\/noticias\/author\/amanda\/"}]}},"default_loop_html":"<div class=\"cardsPage__listCard__boxs\"><div class=\"cardsPage__listCard__boxs__img\"><a href=\"https:\/\/www.suno.com.br\/noticias\/nao-existe-estatal-eficiente\/\"><img class=\"mask\" src=\"https:\/\/www.suno.com.br\/noticias\/wp-content\/themes\/suno\/resources\/images\/spotlight\/spotlight1img\/bg-mask.png\" alt=\"Image Mask\"\/><img src=\"https:\/\/files.sunoresearch.com.br\/n\/uploads\/2019\/04\/c66a98f5-estatal-400x200.webp\" alt=\"&#8220;N\u00e3o existe estatal eficiente&#8221;, afirma secret\u00e1rio especial de Desestatiza\u00e7\u00e3o\"\/><\/a><span class=\"spotlightCategory\"><a href=\"https:\/\/www.suno.com.br\/noticias\/economia\/\">Economia<\/a><\/span><\/div><div class=\"cardsPage__listCard__boxs__content\"><a href=\"https:\/\/www.suno.com.br\/noticias\/nao-existe-estatal-eficiente\/\"><h2 class=\"content__title\">&#8220;N\u00e3o existe estatal eficiente&#8221;, afirma secret\u00e1rio especial de Desestatiza\u00e7\u00e3o<\/h2><\/a><div class=\"newsContent__article__meta\"><div class=\"newsContent__article__meta__authorBox\"><a href=\"https:\/\/www.suno.com.br\/noticias\/author\/amanda\/\" class=\"authorBox__avatar noMobi\"><img src=\"https:\/\/files.sunoresearch.com.br\/n\/uploads\/2018\/11\/c6ad30be-amanda-150x150.webp\" alt=\"Amanda Gushiken\"><\/a><div class=\"authorBox__name\"><span>por\n\t\t\t<a href=\"https:\/\/www.suno.com.br\/noticias\/author\/amanda\/\"><span itemprop=\"author\">Amanda Gushiken<\/span><\/a><\/span><time datetime=\"2019-04-23T16:52:20-03:00\" itemprop=\"datePublished\">23\/04\/2019 16:52<\/time><\/div><\/div><\/div><\/div><\/div>","single_layout":"posts","amp_enabled":true,"_links":{"self":[{"href":"https:\/\/www.suno.com.br\/noticias\/wp-json\/wp\/v2\/posts\/22016"}],"collection":[{"href":"https:\/\/www.suno.com.br\/noticias\/wp-json\/wp\/v2\/posts"}],"about":[{"href":"https:\/\/www.suno.com.br\/noticias\/wp-json\/wp\/v2\/types\/post"}],"author":[{"embeddable":true,"href":"https:\/\/www.suno.com.br\/noticias\/wp-json\/wp\/v2\/users\/12"}],"replies":[{"embeddable":true,"href":"https:\/\/www.suno.com.br\/noticias\/wp-json\/wp\/v2\/comments?post=22016"}],"version-history":[{"count":0,"href":"https:\/\/www.suno.com.br\/noticias\/wp-json\/wp\/v2\/posts\/22016\/revisions"}],"wp:featuredmedia":[{"embeddable":true,"href":"https:\/\/www.suno.com.br\/noticias\/wp-json\/wp\/v2\/media\/22023"}],"wp:attachment":[{"href":"https:\/\/www.suno.com.br\/noticias\/wp-json\/wp\/v2\/media?parent=22016"}],"wp:term":[{"taxonomy":"category","embeddable":true,"href":"https:\/\/www.suno.com.br\/noticias\/wp-json\/wp\/v2\/categories?post=22016"},{"taxonomy":"post_tag","embeddable":true,"href":"https:\/\/www.suno.com.br\/noticias\/wp-json\/wp\/v2\/tags?post=22016"},{"taxonomy":"suno_strategy","embeddable":true,"href":"https:\/\/www.suno.com.br\/noticias\/wp-json\/wp\/v2\/suno_strategy?post=22016"}],"curies":[{"name":"wp","href":"https:\/\/api.w.org\/{rel}","templated":true}]}}