{"id":220059,"date":"2022-01-10T09:52:00","date_gmt":"2022-01-10T12:52:00","guid":{"rendered":"https:\/\/www.suno.com.br\/noticias\/?p=220059"},"modified":"2022-01-10T09:52:00","modified_gmt":"2022-01-10T12:52:00","slug":"nenhuma-categoria-de-servidores-tem-reajuste-garantido-diz-bolsonaro","status":"publish","type":"post","link":"https:\/\/www.suno.com.br\/noticias\/nenhuma-categoria-de-servidores-tem-reajuste-garantido-diz-bolsonaro\/","title":{"rendered":"Nenhuma categoria de servidores tem reajuste garantido, diz Bolsonaro"},"content":{"rendered":"<p>O presidente Jair Bolsonaro afirmou neste fim de semana que n\u00e3o h\u00e1 decis\u00e3o tomada sobre o reajuste a <strong>servidores<\/strong> p\u00fablicos. Ele destacou que n\u00e3o existe recomposi\u00e7\u00e3o garantida para nenhuma categoria, apesar da promessa feita \u00e0 Pol\u00edcia Federal (PF) e Pol\u00edcia Rodovi\u00e1ria Federal (PRF).<img decoding=\"async\" style=\"width: 1px; height: 1px;\" src=\"https:\/\/agenciabrasil.ebc.com.br\/ebc.png?id=1435894&amp;o=rss\" \/><img decoding=\"async\" style=\"width: 1px; height: 1px;\" src=\"https:\/\/agenciabrasil.ebc.com.br\/ebc.gif?id=1435894&amp;o=rss\" \/><\/p>\t<div class=\"wrapper-featured-image\">\n\t\t<figure class=\"spotlightImg\">\n\n\t\t\t<picture>\n\t\t\t\t<source media=\"(max-width: 768px)\" srcset=\"https:\/\/files.sunoresearch.com.br\/n\/uploads\/2022\/01\/Servidores-nao-tem-reajuste-garantido-1-400x200.jpg\">\n\t\t\t\t<img loading=\"lazy\" decoding=\"async\" class=\"newsContent__article__imgCapa lazyloadDisabled \" src=\"https:\/\/files.sunoresearch.com.br\/n\/uploads\/2022\/01\/Servidores-nao-tem-reajuste-garantido-1-800x450.jpg\" width=\"800\" height=\"450\" alt=\"Nenhuma categoria de servidores tem reajuste garantido, diz Bolsonaro\" fetchpriority=high \/>\n\t\t\t<\/picture>\n\n\t\t\t<figcaption class=\"wp-caption-text wp-caption-text--show\">Servidores n\u00e3o t\u00eam reajuste garantido, diz Bolsonaro. Foto: T\u00e2nia R\u00eago\/Ag\u00eancia Brasil.<\/figcaption>\n\t\t<\/figure>\n\t<\/div>\n\n\n\t<p>\n\t\t<a href=\"https:\/\/lp.suno.com.br\/planilha-controle-gastos\/\" target=\"_blank\" data-element=\"shortcode-suno-banner\" title=\"Banner SUNO, clique e saiba mais\">\n\t\t\t<picture>\n\t\t\t\t<source media=\"(max-width: 500px)\" srcset=\"https:\/\/files.sunoresearch.com.br\/n\/uploads\/2023\/03\/400x300-Planilha-controle-de-gastos.png\">\n\t\t\t\t<img class=\"newsContent__article__imgCapa newsContent__article__imgCapa--banner\"\n\t\t\t\t\tsrc=\"https:\/\/files.sunoresearch.com.br\/n\/uploads\/2023\/03\/1420x240-Planilha-controle-de-gastos.png\"\n\t\t\t\t\tdata-promo-id=\"101751\"\t\t\t\t\t\t\t\t\t\twidth='1420' height='240'\t\t\t\t\talt=\"https:\/\/files.sunoresearch.com.br\/n\/uploads\/2023\/03\/1420x240-Planilha-controle-de-gastos.png\"\n\t\t\t\t>\n\t\t\t<\/picture>\n\t\t<\/a>\n\t<\/p>\n\n\n<p>\u201cPrimeiramente, n\u00e3o est\u00e1 garantido o <strong>reajuste<\/strong> pra ningu\u00e9m. Tem uma reserva de R$ 2 bilh\u00f5es, que voc\u00ea pode usar. Poderia ser usado para PF [Pol\u00edcia Federal], PRF [Pol\u00edcia Rodovi\u00e1ria Federal] e tamb\u00e9m o pessoal do sistema prisional, mas n\u00e3o est\u00e1 nada garantido\u201d, disse a jornalistas ap\u00f3s participar de um almo\u00e7o de anivers\u00e1rio do advogado-geral da Uni\u00e3o, Bruno Bianco.<\/p>\n<p>A comemora\u00e7\u00e3o ocorreu em uma casa no Lago Sul, bairro nobre de Bras\u00edlia.<\/p>\n<p>No final do ano passado, o <a href=\"https:\/\/agenciabrasil.ebc.com.br\/politica\/noticia\/2021-12\/orcamento-de-2022-e-aprovado-pelo-congresso-nacional\">Congresso Nacional aprovou o Or\u00e7amento de 2022<\/a> com reserva de R$ 1,7 bilh\u00e3o para reajuste das for\u00e7as federais de seguran\u00e7a e cerca de R$ 800 milh\u00f5es para agentes comunit\u00e1rios de sa\u00fade e agentes de combate a endemias.<\/p>\n<p>No entanto, o aumento reservado apenas para servidores da \u00e1rea de <strong>seguran\u00e7a p\u00fablica<\/strong> desagradou outras categorias do Executivo federal, que amea\u00e7am deflagrar uma greve nacional no servi\u00e7o p\u00fablico.<\/p>\n<p>Bolsonaro lembrou que os servidores est\u00e3o sem reajuste h\u00e1 tr\u00eas anos e que reconhece que eles \u201cperderam bastante <a class=\"suno-keyword\" href=\"https:\/\/www.suno.com.br\/artigos\/poder-aquisitivo\/\" target=\"_blank\" rel=\"noopener\" data-force=\"no\" data-priority=\"1\">poder aquisitivo<\/a>\u201d. No entanto, segundo ele, encontrar espa\u00e7o fiscal para <strong>aumento salarial<\/strong>\u00a0\u00e9 muito dif\u00edcil.<\/p>\n<p>\u201cN\u00e3o tem espa\u00e7o no or\u00e7amento no momento. Voc\u00ea v\u00ea a dificuldade que foi de negociar a quest\u00e3o dos precat\u00f3rios para poder dar o aux\u00edlio emergencial de R$ 400 para quem ganhava, em m\u00e9dia, R$ 190\u201d, disse.<\/p>\n\t<div data-element=\"shortcode-read-more\" class=\"knowMore\">\n\t\t\t\t<a class=\"knowMore__link\" href=\"https:\/\/www.suno.com.br\/noticias\/refis-pequenas-medias-empresas-terca-bolsonaro\/\">\n\t\t\tBolsonaro diz que Refis para pequenos neg\u00f3cios deve sair at\u00e9 ter\u00e7a\t\t<\/a>\n\t<\/div>\n\n\n<h2>Al\u00e9m de servidores, Bolsonaro adianta reforma ministerial<\/h2>\n<p>Na conversa com jornalistas, Bolsonaro tamb\u00e9m confirmou uma grande reforma ministerial para o fim de mar\u00e7o, quando 12 <strong>ministros<\/strong> dever\u00e3o deixar seus postos para concorrerem a cargos nas elei\u00e7\u00f5es deste ano.<\/p>\n<p>A lei eleitoral exige que integrantes do Poder Executivo deixem seus cargos pelo menos seis meses antes do pleito eleitoral. Se isso se confirmar, quase metade do primeiro escal\u00e3o do governo federal, atualmente com 23 ministros, ser\u00e1 substitu\u00eddo de uma s\u00f3 vez.<\/p>\n<p>\u201cJ\u00e1 come\u00e7amos a pensar em nomes pra gente substituir\u201d, disse o presidente, sem citar poss\u00edveis <strong>substitutos<\/strong>. Os ministros que devem deixar os cargos para concorrer nas elei\u00e7\u00f5es s\u00e3o:<\/p>\n<ul>\n<li>Anderson Torres (Justi\u00e7a e Seguran\u00e7a P\u00fablica);<\/li>\n<li>Tereza Cristina (Agricultura);<\/li>\n<li>Tarc\u00edsio de Freitas (Infraestrutura);<\/li>\n<li>Jo\u00e3o Roma (Cidadania), F\u00e1bio Faria (Comunica\u00e7\u00f5es);<\/li>\n<li>Marcelo Queiroga (Sa\u00fade);<\/li>\n<li>Marcos Pontes (Ci\u00eancia e Tecnologia);<\/li>\n<li>Gilson Machado (Turismo);<\/li>\n<li>Rog\u00e9rio Marinho (Desenvolvimento Regional);<\/li>\n<li>Onyx Lorenzoni (Trabalho e Previd\u00eancia);<\/li>\n<li>Fl\u00e1via Arruda (Secretaria de Governo) e<\/li>\n<li>Damares Alves (Mulher, Fam\u00edlia e Direitos Humanos).<\/li>\n<\/ul>\n<p><em>(Com informa\u00e7\u00f5es da Ag\u00eancia Brasil.)<\/em><\/p>\n\t<p>\n\t\t<a href=\"https:\/\/lp.suno.com.br\/planilha-da-vida-financeira\/\" target=\"_blank\" data-element=\"shortcode-suno-banner\" title=\"Banner SUNO, clique e saiba mais\">\n\t\t\t<picture>\n\t\t\t\t<source media=\"(max-width: 500px)\" srcset=\"https:\/\/files.sunoresearch.com.br\/n\/uploads\/2023\/04\/400x300-Planilha-vida-financeira-true.png\">\n\t\t\t\t<img class=\"newsContent__article__imgCapa newsContent__article__imgCapa--banner\"\n\t\t\t\t\tsrc=\"https:\/\/files.sunoresearch.com.br\/n\/uploads\/2023\/04\/1420x240-Planilha-vida-financeira-true.png\"\n\t\t\t\t\tdata-promo-id=\"106682\"\t\t\t\t\t\t\t\t\t\twidth='1420' height='240'\t\t\t\t\talt=\"https:\/\/files.sunoresearch.com.br\/n\/uploads\/2023\/04\/1420x240-Planilha-vida-financeira-true.png\"\n\t\t\t\t>\n\t\t\t<\/picture>\n\t\t<\/a>\n\t<\/p>\n\n\n","protected":false},"excerpt":{"rendered":"<p>O presidente Jair Bolsonaro afirmou neste fim de semana que n\u00e3o h\u00e1 decis\u00e3o tomada sobre o reajuste a servidores p\u00fablicos. Ele destacou que n\u00e3o existe recomposi\u00e7\u00e3o garantida para nenhuma categoria, apesar da promessa feita \u00e0 Pol\u00edcia Federal (PF) e Pol\u00edcia Rodovi\u00e1ria Federal (PRF). Servidores n\u00e3o t\u00eam reajuste garantido, diz Bolsonaro. Foto: T\u00e2nia R\u00eago\/Ag\u00eancia Brasil. \u201cPrimeiramente, [&hellip;]<\/p>\n","protected":false},"author":145,"featured_media":220196,"comment_status":"closed","ping_status":"closed","sticky":false,"template":"","format":"standard","meta":[],"categories":[61],"tags":[719,1128],"suno_strategy":[],"class_list":["post-220059","post","type-post","status-publish","format-standard","has-post-thumbnail","hentry","category-politica","tag-jair-bolsonaro","tag-orcamento-publico"],"yoast_head":"<!-- This site is optimized with the Yoast SEO plugin v24.4 - https:\/\/yoast.com\/wordpress\/plugins\/seo\/ -->\n<title>Nenhuma categoria de servidores tem reajuste garantido, diz Bolsonaro<\/title>\n<meta name=\"description\" content=\"O presidente Jair Bolsonaro recuou e disse neste fim de semana que nenhum servidor tem reajuste garantido. Veja os detalhes.\" \/>\n<meta name=\"robots\" content=\"index, follow, max-snippet:-1, max-image-preview:large, max-video-preview:-1\" \/>\n<link rel=\"canonical\" href=\"https:\/\/www.suno.com.br\/noticias\/nenhuma-categoria-de-servidores-tem-reajuste-garantido-diz-bolsonaro\/\" \/>\n<meta property=\"og:locale\" content=\"pt_BR\" \/>\n<meta property=\"og:type\" content=\"article\" \/>\n<meta property=\"og:title\" content=\"Nenhuma categoria de servidores tem reajuste garantido, diz Bolsonaro\" \/>\n<meta property=\"og:description\" content=\"O presidente Jair Bolsonaro recuou e disse neste fim de semana que nenhum servidor tem reajuste garantido. Veja os detalhes.\" \/>\n<meta property=\"og:url\" content=\"https:\/\/www.suno.com.br\/noticias\/nenhuma-categoria-de-servidores-tem-reajuste-garantido-diz-bolsonaro\/\" \/>\n<meta property=\"og:site_name\" content=\"Suno Not\u00edcias\" \/>\n<meta property=\"article:publisher\" content=\"https:\/\/facebook.com\/sunoresearch\" \/>\n<meta property=\"og:image\" content=\"https:\/\/files.sunoresearch.com.br\/n\/uploads\/2022\/01\/Servidores-nao-tem-reajuste-garantido-1-scaled.jpg\" \/>\n\t<meta property=\"og:image:width\" content=\"2560\" \/>\n\t<meta property=\"og:image:height\" content=\"1440\" \/>\n\t<meta property=\"og:image:type\" content=\"image\/jpeg\" \/>\n<meta name=\"author\" content=\"Pedro Caramuru\" \/>\n<meta name=\"twitter:card\" content=\"summary_large_image\" \/>\n<meta name=\"twitter:creator\" content=\"@sunoresearch\" \/>\n<meta name=\"twitter:site\" content=\"@sunoresearch\" \/>\n<meta name=\"twitter:label1\" content=\"Escrito por\" \/>\n\t<meta name=\"twitter:data1\" content=\"Pedro Caramuru\" \/>\n\t<meta name=\"twitter:label2\" content=\"Est. tempo de leitura\" \/>\n\t<meta name=\"twitter:data2\" content=\"3 minutos\" \/>\n<script type=\"application\/ld+json\" class=\"yoast-schema-graph\">{\"@context\":\"https:\/\/schema.org\",\"@graph\":[{\"@type\":\"NewsArticle\",\"@id\":\"https:\/\/www.suno.com.br\/noticias\/nenhuma-categoria-de-servidores-tem-reajuste-garantido-diz-bolsonaro\/#article\",\"isPartOf\":{\"@id\":\"https:\/\/www.suno.com.br\/noticias\/nenhuma-categoria-de-servidores-tem-reajuste-garantido-diz-bolsonaro\/\"},\"author\":{\"name\":\"Pedro Caramuru\",\"@id\":\"https:\/\/www.suno.com.br\/noticias\/#\/schema\/person\/8d020643938f12a823508eb0e5fda407\"},\"headline\":\"Nenhuma categoria de servidores tem reajuste garantido, diz Bolsonaro\",\"datePublished\":\"2022-01-10T12:52:00+00:00\",\"mainEntityOfPage\":{\"@id\":\"https:\/\/www.suno.com.br\/noticias\/nenhuma-categoria-de-servidores-tem-reajuste-garantido-diz-bolsonaro\/\"},\"wordCount\":500,\"publisher\":{\"@id\":\"https:\/\/www.suno.com.br\/noticias\/#organization\"},\"image\":{\"@id\":\"https:\/\/www.suno.com.br\/noticias\/nenhuma-categoria-de-servidores-tem-reajuste-garantido-diz-bolsonaro\/#primaryimage\"},\"thumbnailUrl\":\"https:\/\/files.sunoresearch.com.br\/n\/uploads\/2022\/01\/Servidores-nao-tem-reajuste-garantido-1-scaled.jpg\",\"keywords\":[\"Jair Bolsonaro\",\"Or\u00e7amento P\u00fablico\"],\"articleSection\":[\"Pol\u00edtica\"],\"inLanguage\":\"pt-BR\"},{\"@type\":\"WebPage\",\"@id\":\"https:\/\/www.suno.com.br\/noticias\/nenhuma-categoria-de-servidores-tem-reajuste-garantido-diz-bolsonaro\/\",\"url\":\"https:\/\/www.suno.com.br\/noticias\/nenhuma-categoria-de-servidores-tem-reajuste-garantido-diz-bolsonaro\/\",\"name\":\"Nenhuma categoria de servidores tem reajuste garantido, diz Bolsonaro\",\"isPartOf\":{\"@id\":\"https:\/\/www.suno.com.br\/noticias\/#website\"},\"primaryImageOfPage\":{\"@id\":\"https:\/\/www.suno.com.br\/noticias\/nenhuma-categoria-de-servidores-tem-reajuste-garantido-diz-bolsonaro\/#primaryimage\"},\"image\":{\"@id\":\"https:\/\/www.suno.com.br\/noticias\/nenhuma-categoria-de-servidores-tem-reajuste-garantido-diz-bolsonaro\/#primaryimage\"},\"thumbnailUrl\":\"https:\/\/files.sunoresearch.com.br\/n\/uploads\/2022\/01\/Servidores-nao-tem-reajuste-garantido-1-scaled.jpg\",\"datePublished\":\"2022-01-10T12:52:00+00:00\",\"description\":\"O presidente Jair Bolsonaro recuou e disse neste fim de semana que nenhum servidor tem reajuste garantido. Veja os detalhes.\",\"breadcrumb\":{\"@id\":\"https:\/\/www.suno.com.br\/noticias\/nenhuma-categoria-de-servidores-tem-reajuste-garantido-diz-bolsonaro\/#breadcrumb\"},\"inLanguage\":\"pt-BR\",\"potentialAction\":[{\"@type\":\"ReadAction\",\"target\":[\"https:\/\/www.suno.com.br\/noticias\/nenhuma-categoria-de-servidores-tem-reajuste-garantido-diz-bolsonaro\/\"]}]},{\"@type\":\"ImageObject\",\"inLanguage\":\"pt-BR\",\"@id\":\"https:\/\/www.suno.com.br\/noticias\/nenhuma-categoria-de-servidores-tem-reajuste-garantido-diz-bolsonaro\/#primaryimage\",\"url\":\"https:\/\/files.sunoresearch.com.br\/n\/uploads\/2022\/01\/Servidores-nao-tem-reajuste-garantido-1-scaled.jpg\",\"contentUrl\":\"https:\/\/files.sunoresearch.com.br\/n\/uploads\/2022\/01\/Servidores-nao-tem-reajuste-garantido-1-scaled.jpg\",\"width\":2560,\"height\":1440,\"caption\":\"Servidores n\u00e3o t\u00eam reajuste garantido, diz Bolsonaro. Foto: T\u00e2nia R\u00eago\/Ag\u00eancia Brasil.\"},{\"@type\":\"BreadcrumbList\",\"@id\":\"https:\/\/www.suno.com.br\/noticias\/nenhuma-categoria-de-servidores-tem-reajuste-garantido-diz-bolsonaro\/#breadcrumb\",\"itemListElement\":[{\"@type\":\"ListItem\",\"position\":1,\"name\":\"Not\u00edcias\",\"item\":\"https:\/\/www.suno.com.br\/noticias\/\"},{\"@type\":\"ListItem\",\"position\":2,\"name\":\"Pol\u00edtica\",\"item\":\"https:\/\/www.suno.com.br\/noticias\/politica\/\"},{\"@type\":\"ListItem\",\"position\":3,\"name\":\"Nenhuma categoria de servidores tem reajuste garantido, diz Bolsonaro\"}]},{\"@type\":\"WebSite\",\"@id\":\"https:\/\/www.suno.com.br\/noticias\/#website\",\"url\":\"https:\/\/www.suno.com.br\/noticias\/\",\"name\":\"Suno Not\u00edcias\",\"description\":\"Seu portal de informa\u00e7\u00e3o sobre o mundo dos investimentos\",\"publisher\":{\"@id\":\"https:\/\/www.suno.com.br\/noticias\/#organization\"},\"potentialAction\":[{\"@type\":\"SearchAction\",\"target\":{\"@type\":\"EntryPoint\",\"urlTemplate\":\"https:\/\/www.suno.com.br\/noticias\/?s={search_term_string}\"},\"query-input\":{\"@type\":\"PropertyValueSpecification\",\"valueRequired\":true,\"valueName\":\"search_term_string\"}}],\"inLanguage\":\"pt-BR\"},{\"@type\":\"Organization\",\"@id\":\"https:\/\/www.suno.com.br\/noticias\/#organization\",\"name\":\"Suno Not\u00edcias\",\"url\":\"https:\/\/www.suno.com.br\/noticias\/\",\"logo\":{\"@type\":\"ImageObject\",\"inLanguage\":\"pt-BR\",\"@id\":\"https:\/\/www.suno.com.br\/noticias\/#\/schema\/logo\/image\/\",\"url\":\"https:\/\/files.sunoresearch.com.br\/n\/uploads\/2021\/09\/suno-logo.png\",\"contentUrl\":\"https:\/\/files.sunoresearch.com.br\/n\/uploads\/2021\/09\/suno-logo.png\",\"width\":180,\"height\":180,\"caption\":\"Suno Not\u00edcias\"},\"image\":{\"@id\":\"https:\/\/www.suno.com.br\/noticias\/#\/schema\/logo\/image\/\"},\"sameAs\":[\"https:\/\/facebook.com\/sunoresearch\",\"https:\/\/x.com\/sunoresearch\",\"https:\/\/www.instagram.com\/suno\",\"https:\/\/www.linkedin.com\/company\/suno-research\/\",\"https:\/\/www.youtube.com\/c\/sunoresearch\"]},{\"@type\":\"Person\",\"@id\":\"https:\/\/www.suno.com.br\/noticias\/#\/schema\/person\/8d020643938f12a823508eb0e5fda407\",\"name\":\"Pedro Caramuru\",\"image\":{\"@type\":\"ImageObject\",\"inLanguage\":\"pt-BR\",\"@id\":\"https:\/\/www.suno.com.br\/noticias\/#\/schema\/person\/image\/\",\"url\":\"https:\/\/secure.gravatar.com\/avatar\/1a3f15d3553507ae7a2debc6ea0ad87b?s=96&r=g\",\"contentUrl\":\"https:\/\/secure.gravatar.com\/avatar\/1a3f15d3553507ae7a2debc6ea0ad87b?s=96&r=g\",\"caption\":\"Pedro Caramuru\"},\"description\":\"Rep\u00f3rter de economia, mercado e pol\u00edtica brasileira para o Suno Not\u00edcias. Formado em jornalismo. J\u00e1 escreveu sobre pol\u00edtica e mercados internacionais para o Broadcast e Estad\u00e3o.\",\"url\":\"https:\/\/www.suno.com.br\/noticias\/author\/pedro-caramurusuno-com-br\/\"}]}<\/script>\n<!-- \/ Yoast SEO plugin. -->","yoast_head_json":{"title":"Nenhuma categoria de servidores tem reajuste garantido, diz Bolsonaro","description":"O presidente Jair Bolsonaro recuou e disse neste fim de semana que nenhum servidor tem reajuste garantido. Veja os detalhes.","robots":{"index":"index","follow":"follow","max-snippet":"max-snippet:-1","max-image-preview":"max-image-preview:large","max-video-preview":"max-video-preview:-1"},"canonical":"https:\/\/www.suno.com.br\/noticias\/nenhuma-categoria-de-servidores-tem-reajuste-garantido-diz-bolsonaro\/","og_locale":"pt_BR","og_type":"article","og_title":"Nenhuma categoria de servidores tem reajuste garantido, diz Bolsonaro","og_description":"O presidente Jair Bolsonaro recuou e disse neste fim de semana que nenhum servidor tem reajuste garantido. Veja os detalhes.","og_url":"https:\/\/www.suno.com.br\/noticias\/nenhuma-categoria-de-servidores-tem-reajuste-garantido-diz-bolsonaro\/","og_site_name":"Suno Not\u00edcias","article_publisher":"https:\/\/facebook.com\/sunoresearch","og_image":[{"width":2560,"height":1440,"url":"https:\/\/files.sunoresearch.com.br\/n\/uploads\/2022\/01\/Servidores-nao-tem-reajuste-garantido-1-scaled.jpg","type":"image\/jpeg"}],"author":"Pedro Caramuru","twitter_card":"summary_large_image","twitter_creator":"@sunoresearch","twitter_site":"@sunoresearch","twitter_misc":{"Escrito por":"Pedro Caramuru","Est. tempo de leitura":"3 minutos"},"schema":{"@context":"https:\/\/schema.org","@graph":[{"@type":"NewsArticle","@id":"https:\/\/www.suno.com.br\/noticias\/nenhuma-categoria-de-servidores-tem-reajuste-garantido-diz-bolsonaro\/#article","isPartOf":{"@id":"https:\/\/www.suno.com.br\/noticias\/nenhuma-categoria-de-servidores-tem-reajuste-garantido-diz-bolsonaro\/"},"author":{"name":"Pedro Caramuru","@id":"https:\/\/www.suno.com.br\/noticias\/#\/schema\/person\/8d020643938f12a823508eb0e5fda407"},"headline":"Nenhuma categoria de servidores tem reajuste garantido, diz Bolsonaro","datePublished":"2022-01-10T12:52:00+00:00","mainEntityOfPage":{"@id":"https:\/\/www.suno.com.br\/noticias\/nenhuma-categoria-de-servidores-tem-reajuste-garantido-diz-bolsonaro\/"},"wordCount":500,"publisher":{"@id":"https:\/\/www.suno.com.br\/noticias\/#organization"},"image":{"@id":"https:\/\/www.suno.com.br\/noticias\/nenhuma-categoria-de-servidores-tem-reajuste-garantido-diz-bolsonaro\/#primaryimage"},"thumbnailUrl":"https:\/\/files.sunoresearch.com.br\/n\/uploads\/2022\/01\/Servidores-nao-tem-reajuste-garantido-1-scaled.jpg","keywords":["Jair Bolsonaro","Or\u00e7amento P\u00fablico"],"articleSection":["Pol\u00edtica"],"inLanguage":"pt-BR"},{"@type":"WebPage","@id":"https:\/\/www.suno.com.br\/noticias\/nenhuma-categoria-de-servidores-tem-reajuste-garantido-diz-bolsonaro\/","url":"https:\/\/www.suno.com.br\/noticias\/nenhuma-categoria-de-servidores-tem-reajuste-garantido-diz-bolsonaro\/","name":"Nenhuma categoria de servidores tem reajuste garantido, diz Bolsonaro","isPartOf":{"@id":"https:\/\/www.suno.com.br\/noticias\/#website"},"primaryImageOfPage":{"@id":"https:\/\/www.suno.com.br\/noticias\/nenhuma-categoria-de-servidores-tem-reajuste-garantido-diz-bolsonaro\/#primaryimage"},"image":{"@id":"https:\/\/www.suno.com.br\/noticias\/nenhuma-categoria-de-servidores-tem-reajuste-garantido-diz-bolsonaro\/#primaryimage"},"thumbnailUrl":"https:\/\/files.sunoresearch.com.br\/n\/uploads\/2022\/01\/Servidores-nao-tem-reajuste-garantido-1-scaled.jpg","datePublished":"2022-01-10T12:52:00+00:00","description":"O presidente Jair Bolsonaro recuou e disse neste fim de semana que nenhum servidor tem reajuste garantido. Veja os detalhes.","breadcrumb":{"@id":"https:\/\/www.suno.com.br\/noticias\/nenhuma-categoria-de-servidores-tem-reajuste-garantido-diz-bolsonaro\/#breadcrumb"},"inLanguage":"pt-BR","potentialAction":[{"@type":"ReadAction","target":["https:\/\/www.suno.com.br\/noticias\/nenhuma-categoria-de-servidores-tem-reajuste-garantido-diz-bolsonaro\/"]}]},{"@type":"ImageObject","inLanguage":"pt-BR","@id":"https:\/\/www.suno.com.br\/noticias\/nenhuma-categoria-de-servidores-tem-reajuste-garantido-diz-bolsonaro\/#primaryimage","url":"https:\/\/files.sunoresearch.com.br\/n\/uploads\/2022\/01\/Servidores-nao-tem-reajuste-garantido-1-scaled.jpg","contentUrl":"https:\/\/files.sunoresearch.com.br\/n\/uploads\/2022\/01\/Servidores-nao-tem-reajuste-garantido-1-scaled.jpg","width":2560,"height":1440,"caption":"Servidores n\u00e3o t\u00eam reajuste garantido, diz Bolsonaro. Foto: T\u00e2nia R\u00eago\/Ag\u00eancia Brasil."},{"@type":"BreadcrumbList","@id":"https:\/\/www.suno.com.br\/noticias\/nenhuma-categoria-de-servidores-tem-reajuste-garantido-diz-bolsonaro\/#breadcrumb","itemListElement":[{"@type":"ListItem","position":1,"name":"Not\u00edcias","item":"https:\/\/www.suno.com.br\/noticias\/"},{"@type":"ListItem","position":2,"name":"Pol\u00edtica","item":"https:\/\/www.suno.com.br\/noticias\/politica\/"},{"@type":"ListItem","position":3,"name":"Nenhuma categoria de servidores tem reajuste garantido, diz Bolsonaro"}]},{"@type":"WebSite","@id":"https:\/\/www.suno.com.br\/noticias\/#website","url":"https:\/\/www.suno.com.br\/noticias\/","name":"Suno Not\u00edcias","description":"Seu portal de informa\u00e7\u00e3o sobre o mundo dos investimentos","publisher":{"@id":"https:\/\/www.suno.com.br\/noticias\/#organization"},"potentialAction":[{"@type":"SearchAction","target":{"@type":"EntryPoint","urlTemplate":"https:\/\/www.suno.com.br\/noticias\/?s={search_term_string}"},"query-input":{"@type":"PropertyValueSpecification","valueRequired":true,"valueName":"search_term_string"}}],"inLanguage":"pt-BR"},{"@type":"Organization","@id":"https:\/\/www.suno.com.br\/noticias\/#organization","name":"Suno Not\u00edcias","url":"https:\/\/www.suno.com.br\/noticias\/","logo":{"@type":"ImageObject","inLanguage":"pt-BR","@id":"https:\/\/www.suno.com.br\/noticias\/#\/schema\/logo\/image\/","url":"https:\/\/files.sunoresearch.com.br\/n\/uploads\/2021\/09\/suno-logo.png","contentUrl":"https:\/\/files.sunoresearch.com.br\/n\/uploads\/2021\/09\/suno-logo.png","width":180,"height":180,"caption":"Suno Not\u00edcias"},"image":{"@id":"https:\/\/www.suno.com.br\/noticias\/#\/schema\/logo\/image\/"},"sameAs":["https:\/\/facebook.com\/sunoresearch","https:\/\/x.com\/sunoresearch","https:\/\/www.instagram.com\/suno","https:\/\/www.linkedin.com\/company\/suno-research\/","https:\/\/www.youtube.com\/c\/sunoresearch"]},{"@type":"Person","@id":"https:\/\/www.suno.com.br\/noticias\/#\/schema\/person\/8d020643938f12a823508eb0e5fda407","name":"Pedro Caramuru","image":{"@type":"ImageObject","inLanguage":"pt-BR","@id":"https:\/\/www.suno.com.br\/noticias\/#\/schema\/person\/image\/","url":"https:\/\/secure.gravatar.com\/avatar\/1a3f15d3553507ae7a2debc6ea0ad87b?s=96&r=g","contentUrl":"https:\/\/secure.gravatar.com\/avatar\/1a3f15d3553507ae7a2debc6ea0ad87b?s=96&r=g","caption":"Pedro Caramuru"},"description":"Rep\u00f3rter de economia, mercado e pol\u00edtica brasileira para o Suno Not\u00edcias. Formado em jornalismo. J\u00e1 escreveu sobre pol\u00edtica e mercados internacionais para o Broadcast e Estad\u00e3o.","url":"https:\/\/www.suno.com.br\/noticias\/author\/pedro-caramurusuno-com-br\/"}]}},"default_loop_html":"<div class=\"cardsPage__listCard__boxs\"><div class=\"cardsPage__listCard__boxs__img\"><a href=\"https:\/\/www.suno.com.br\/noticias\/nenhuma-categoria-de-servidores-tem-reajuste-garantido-diz-bolsonaro\/\"><img class=\"mask\" src=\"https:\/\/www.suno.com.br\/noticias\/wp-content\/themes\/suno\/resources\/images\/spotlight\/spotlight1img\/bg-mask.png\" alt=\"Image Mask\"\/><img src=\"https:\/\/files.sunoresearch.com.br\/n\/uploads\/2022\/01\/Servidores-nao-tem-reajuste-garantido-1-400x200.jpg\" alt=\"Nenhuma categoria de servidores tem reajuste garantido, diz Bolsonaro\"\/><\/a><span class=\"spotlightCategory\"><a href=\"https:\/\/www.suno.com.br\/noticias\/politica\/\">Pol\u00edtica<\/a><\/span><\/div><div class=\"cardsPage__listCard__boxs__content\"><a href=\"https:\/\/www.suno.com.br\/noticias\/nenhuma-categoria-de-servidores-tem-reajuste-garantido-diz-bolsonaro\/\"><h2 class=\"content__title\">Nenhuma categoria de servidores tem reajuste garantido, diz Bolsonaro<\/h2><\/a><div class=\"newsContent__article__meta\"><div class=\"newsContent__article__meta__authorBox\"><a href=\"https:\/\/www.suno.com.br\/noticias\/author\/pedro-caramurusuno-com-br\/\" class=\"authorBox__avatar noMobi\"><img src=\"https:\/\/secure.gravatar.com\/avatar\/1a3f15d3553507ae7a2debc6ea0ad87b?s=96&#038;r=g\" alt=\"Pedro Caramuru\"><\/a><div class=\"authorBox__name\"><span>por\n\t\t\t<a href=\"https:\/\/www.suno.com.br\/noticias\/author\/pedro-caramurusuno-com-br\/\"><span itemprop=\"author\">Pedro Caramuru<\/span><\/a><\/span><time datetime=\"2022-01-10T09:52:00-03:00\" itemprop=\"datePublished\">10\/01\/2022 09:52<\/time><\/div><\/div><\/div><\/div><\/div>","single_layout":"posts","amp_enabled":true,"_links":{"self":[{"href":"https:\/\/www.suno.com.br\/noticias\/wp-json\/wp\/v2\/posts\/220059"}],"collection":[{"href":"https:\/\/www.suno.com.br\/noticias\/wp-json\/wp\/v2\/posts"}],"about":[{"href":"https:\/\/www.suno.com.br\/noticias\/wp-json\/wp\/v2\/types\/post"}],"author":[{"embeddable":true,"href":"https:\/\/www.suno.com.br\/noticias\/wp-json\/wp\/v2\/users\/145"}],"replies":[{"embeddable":true,"href":"https:\/\/www.suno.com.br\/noticias\/wp-json\/wp\/v2\/comments?post=220059"}],"version-history":[{"count":3,"href":"https:\/\/www.suno.com.br\/noticias\/wp-json\/wp\/v2\/posts\/220059\/revisions"}],"predecessor-version":[{"id":220202,"href":"https:\/\/www.suno.com.br\/noticias\/wp-json\/wp\/v2\/posts\/220059\/revisions\/220202"}],"wp:featuredmedia":[{"embeddable":true,"href":"https:\/\/www.suno.com.br\/noticias\/wp-json\/wp\/v2\/media\/220196"}],"wp:attachment":[{"href":"https:\/\/www.suno.com.br\/noticias\/wp-json\/wp\/v2\/media?parent=220059"}],"wp:term":[{"taxonomy":"category","embeddable":true,"href":"https:\/\/www.suno.com.br\/noticias\/wp-json\/wp\/v2\/categories?post=220059"},{"taxonomy":"post_tag","embeddable":true,"href":"https:\/\/www.suno.com.br\/noticias\/wp-json\/wp\/v2\/tags?post=220059"},{"taxonomy":"suno_strategy","embeddable":true,"href":"https:\/\/www.suno.com.br\/noticias\/wp-json\/wp\/v2\/suno_strategy?post=220059"}],"curies":[{"name":"wp","href":"https:\/\/api.w.org\/{rel}","templated":true}]}}