{"id":21976,"date":"2019-04-23T11:32:21","date_gmt":"2019-04-23T14:32:21","guid":{"rendered":"https:\/\/www.suno.com.br\/noticias\/?p=21976"},"modified":"2019-04-23T11:32:21","modified_gmt":"2019-04-23T14:32:21","slug":"francisco-gomes-neto-presidente-embraer","status":"publish","type":"post","link":"https:\/\/www.suno.com.br\/noticias\/francisco-gomes-neto-presidente-embraer\/","title":{"rendered":"Francisco Gomes Neto \u00e9 o novo diretor-presidente da Embraer"},"content":{"rendered":"<p>A Embraer (EMBR3) informou na \u00faltima segunda-feira (22) que o conselho de administra\u00e7\u00e3o aprovou a elei\u00e7\u00e3o de <strong>Francisco Gomes Neto<\/strong> como novo diretor-presidente da companhia.<\/p>\t<div class=\"wrapper-featured-image\">\n\t\t<figure class=\"spotlightImg\">\n\n\t\t\t<picture>\n\t\t\t\t<source media=\"(max-width: 768px)\" srcset=\"https:\/\/files.sunoresearch.com.br\/n\/uploads\/2018\/12\/ec49485a-boeing-embraer2-400x200.webp\">\n\t\t\t\t<img loading=\"lazy\" decoding=\"async\" class=\"newsContent__article__imgCapa lazyloadDisabled newsContent__article__imgCapa--noCaption\" src=\"https:\/\/files.sunoresearch.com.br\/n\/uploads\/2018\/12\/ec49485a-boeing-embraer2-jpg.webp\" width=\"800\" height=\"450\" alt=\"Francisco Gomes Neto \u00e9 o novo diretor-presidente da Embraer\" fetchpriority=high \/>\n\t\t\t<\/picture>\n\n\t\t\t<figcaption class=\"wp-caption-text wp-caption-text--hide\">A Embraer (EMBR3) comunicou que a decis\u00e3o foi tomada devido \u00e0 divulga\u00e7\u00e3o de \u201cinforma\u00e7\u00f5es falsas e manipuladas&quot; por parte do sindicato<\/figcaption>\n\t\t<\/figure>\n\t<\/div>\n\n\n<p>Gomes Neto iniciar\u00e1 seu mandato em 1\u00ba de maio. Antes da <strong>Embraer<\/strong>, ele foi presidente da fabricante de carrocerias de \u00f4nibus, <strong>Marcopolo<\/strong>.<\/p>\n\n<p>O novo presidente ser\u00e1 sucessor de Paulo Cesar de Souza e Silva, que seguir\u00e1 na companhia como consultor s\u00eanior do conselho de administra\u00e7\u00e3o no processo de integra\u00e7\u00e3o de Gomes Neto. Al\u00e9m disso, far\u00e1 o acompanhamento da segrega\u00e7\u00e3o dos recursos e dos ativos de avia\u00e7\u00e3o comercial at\u00e9 que o neg\u00f3cio com a boeing seja finalizado.<\/p>\n<p>Al\u00e9m do novo presidente, o conselho elegeu o sucessor de Mauro Kern Junior, como vice-presidente executivo de engenharia e tecnologia, que ser\u00e1 Daniel Moczydlower.<\/p>\n<p><a href=\"https:\/\/www.suno.com.br\/noticias\/presidente-marcopolo-indicado-presidencia-embraer\/\">Saiba mais:\u00a0Embraer: Francisco Gomes Neto \u00e9 indicado \u00e0 Presid\u00eancia<\/a><\/p>\n<p>No entanto, seguir\u00e3o no comando da empresa:<\/p>\n<ul>\n<li>Vice-presidente executiva jur\u00eddica &#8211; Fabiana Leschziner<\/li>\n<li>Vice-presidente executivo de neg\u00f3cio de defesa e seguran\u00e7a &#8211; Jackson Schneider<\/li>\n<li>Vice-presidente executivo e de rela\u00e7\u00f5es com investidores &#8211; Nelson Salgado.<\/li>\n<\/ul>\n<p>De acordo com o conselho, Salgado ser\u00e1 tamb\u00e9m diretor-presidente interino at\u00e9 30 de abril, quando assumir\u00e1 Francisco Gomes Neto.<\/p>\n<h2>Novo presidente<\/h2>\n<p><strong>Francisco Gomes Neto<\/strong> \u00e9 graduado em Engenharia El\u00e9trica com especializa\u00e7\u00e3o em Administra\u00e7\u00e3o de Empresas e MBA em Controladoria e Finan\u00e7as.<\/p>\n<p>O novo presidente da Embraer teve carreira formada na ind\u00fastria automotiva, onde ocupou a posi\u00e7\u00e3o de CEO nos \u00faltimo 20 anos, tanto no Brasil quanto nos Estados Unidos.<\/p>\n\t<p>\n\t\t<a href=\"https:\/\/lp.statusinvest.com.br\/ao\/assessoria-status-invest\/\" target=\"_blank\" data-element=\"shortcode-suno-banner\" title=\"Banner SUNO, clique e saiba mais\">\n\t\t\t<picture>\n\t\t\t\t<source media=\"(max-width: 500px)\" srcset=\"https:\/\/files.sunoresearch.com.br\/n\/uploads\/2024\/03\/400x300-Mobile-1.png\">\n\t\t\t\t<img class=\"newsContent__article__imgCapa newsContent__article__imgCapa--banner\"\n\t\t\t\t\tsrc=\"https:\/\/files.sunoresearch.com.br\/n\/uploads\/2024\/03\/1420-x-240-Desktop.png\"\n\t\t\t\t\tdata-promo-id=\"537299\"\t\t\t\t\t\t\t\t\t\twidth='1420' height='250'\t\t\t\t\talt=\"https:\/\/files.sunoresearch.com.br\/n\/uploads\/2024\/03\/1420-x-240-Desktop.png\"\n\t\t\t\t>\n\t\t\t<\/picture>\n\t\t<\/a>\n\t<\/p>\n\n\n<p>Foi CEO do grupo <strong>Marcopolo<\/strong> nos \u00faltimos tr\u00eas anos, onde liderou o processo de transforma\u00e7\u00e3o da empresa, com crescimento de vendas e no valor de mercado. Al\u00e9m disso, foi CEO Americas da empresa alem\u00e3 Mann+Hummel e presidente da Knoor Bremse, que \u00e9 l\u00edder mundial de sistemas de controle de ve\u00edculos comerciais.<\/p>\n<p>Por volta das 11h20 as <strong>a\u00e7\u00f5es<\/strong> da <strong>Embraer<\/strong> apontavam uma alta de 0,15% sendo negociada a R$\u00a019,54.<\/p>\n","protected":false},"excerpt":{"rendered":"<p>A Embraer (EMBR3) informou na \u00faltima segunda-feira (22) que o conselho de administra\u00e7\u00e3o aprovou a elei\u00e7\u00e3o de Francisco Gomes Neto como novo diretor-presidente da companhia. A Embraer (EMBR3) comunicou que a decis\u00e3o foi tomada devido \u00e0 divulga\u00e7\u00e3o de \u201cinforma\u00e7\u00f5es falsas e manipuladas&quot; por parte do sindicato Gomes Neto iniciar\u00e1 seu mandato em 1\u00ba de maio. [&hellip;]<\/p>\n","protected":false},"author":11,"featured_media":9126,"comment_status":"closed","ping_status":"closed","sticky":false,"template":"","format":"standard","meta":[],"categories":[61],"tags":[460],"suno_strategy":[],"class_list":["post-21976","post","type-post","status-publish","format-standard","has-post-thumbnail","hentry","category-politica","tag-embraer-embr3"],"yoast_head":"<!-- This site is optimized with the Yoast SEO plugin v24.4 - https:\/\/yoast.com\/wordpress\/plugins\/seo\/ -->\n<title>Francisco Gomes Neto \u00e9 o novo diretor-presidente da Embraer<\/title>\n<meta name=\"description\" content=\"O novo presidente assumir\u00e1 o comando da Embraer em 1\u00ba de maio; Antes da empresa, Gomes Neto era CEO da Marcopolo. Clique e saiba mais.\" \/>\n<meta name=\"robots\" content=\"index, follow, max-snippet:-1, max-image-preview:large, max-video-preview:-1\" \/>\n<link rel=\"canonical\" href=\"https:\/\/www.suno.com.br\/noticias\/francisco-gomes-neto-presidente-embraer\/\" \/>\n<meta property=\"og:locale\" content=\"pt_BR\" \/>\n<meta property=\"og:type\" content=\"article\" \/>\n<meta property=\"og:title\" content=\"Francisco Gomes Neto \u00e9 o novo diretor-presidente da Embraer\" \/>\n<meta property=\"og:description\" content=\"O novo presidente assumir\u00e1 o comando da Embraer em 1\u00ba de maio; Antes da empresa, Gomes Neto era CEO da Marcopolo. Clique e saiba mais.\" \/>\n<meta property=\"og:url\" content=\"https:\/\/www.suno.com.br\/noticias\/francisco-gomes-neto-presidente-embraer\/\" \/>\n<meta property=\"og:site_name\" content=\"Suno Not\u00edcias\" \/>\n<meta property=\"article:publisher\" content=\"https:\/\/facebook.com\/sunoresearch\" \/>\n<meta property=\"og:image\" content=\"https:\/\/files.sunoresearch.com.br\/n\/uploads\/2018\/12\/ec49485a-boeing-embraer2.jpg\" \/>\n\t<meta property=\"og:image:width\" content=\"748\" \/>\n\t<meta property=\"og:image:height\" content=\"410\" \/>\n\t<meta property=\"og:image:type\" content=\"image\/jpeg\" \/>\n<meta name=\"author\" content=\"Renan Bandeira\" \/>\n<meta name=\"twitter:card\" content=\"summary_large_image\" \/>\n<meta name=\"twitter:creator\" content=\"@sunoresearch\" \/>\n<meta name=\"twitter:site\" content=\"@sunoresearch\" \/>\n<meta name=\"twitter:label1\" content=\"Escrito por\" \/>\n\t<meta name=\"twitter:data1\" content=\"Renan Bandeira\" \/>\n\t<meta name=\"twitter:label2\" content=\"Est. tempo de leitura\" \/>\n\t<meta name=\"twitter:data2\" content=\"2 minutos\" \/>\n<script type=\"application\/ld+json\" class=\"yoast-schema-graph\">{\"@context\":\"https:\/\/schema.org\",\"@graph\":[{\"@type\":\"NewsArticle\",\"@id\":\"https:\/\/www.suno.com.br\/noticias\/francisco-gomes-neto-presidente-embraer\/#article\",\"isPartOf\":{\"@id\":\"https:\/\/www.suno.com.br\/noticias\/francisco-gomes-neto-presidente-embraer\/\"},\"author\":{\"name\":\"Renan Bandeira\",\"@id\":\"https:\/\/www.suno.com.br\/noticias\/#\/schema\/person\/fc144a1c6108bd1dcd43784e88a3c138\"},\"headline\":\"Francisco Gomes Neto \u00e9 o novo diretor-presidente da Embraer\",\"datePublished\":\"2019-04-23T14:32:21+00:00\",\"mainEntityOfPage\":{\"@id\":\"https:\/\/www.suno.com.br\/noticias\/francisco-gomes-neto-presidente-embraer\/\"},\"wordCount\":340,\"publisher\":{\"@id\":\"https:\/\/www.suno.com.br\/noticias\/#organization\"},\"image\":{\"@id\":\"https:\/\/www.suno.com.br\/noticias\/francisco-gomes-neto-presidente-embraer\/#primaryimage\"},\"thumbnailUrl\":\"https:\/\/files.sunoresearch.com.br\/n\/uploads\/2018\/12\/ec49485a-boeing-embraer2-jpg.webp\",\"keywords\":[\"Embraer (EMBR3)\"],\"articleSection\":[\"Pol\u00edtica\"],\"inLanguage\":\"pt-BR\"},{\"@type\":\"WebPage\",\"@id\":\"https:\/\/www.suno.com.br\/noticias\/francisco-gomes-neto-presidente-embraer\/\",\"url\":\"https:\/\/www.suno.com.br\/noticias\/francisco-gomes-neto-presidente-embraer\/\",\"name\":\"Francisco Gomes Neto \u00e9 o novo diretor-presidente da Embraer\",\"isPartOf\":{\"@id\":\"https:\/\/www.suno.com.br\/noticias\/#website\"},\"primaryImageOfPage\":{\"@id\":\"https:\/\/www.suno.com.br\/noticias\/francisco-gomes-neto-presidente-embraer\/#primaryimage\"},\"image\":{\"@id\":\"https:\/\/www.suno.com.br\/noticias\/francisco-gomes-neto-presidente-embraer\/#primaryimage\"},\"thumbnailUrl\":\"https:\/\/files.sunoresearch.com.br\/n\/uploads\/2018\/12\/ec49485a-boeing-embraer2-jpg.webp\",\"datePublished\":\"2019-04-23T14:32:21+00:00\",\"description\":\"O novo presidente assumir\u00e1 o comando da Embraer em 1\u00ba de maio; Antes da empresa, Gomes Neto era CEO da Marcopolo. Clique e saiba mais.\",\"breadcrumb\":{\"@id\":\"https:\/\/www.suno.com.br\/noticias\/francisco-gomes-neto-presidente-embraer\/#breadcrumb\"},\"inLanguage\":\"pt-BR\",\"potentialAction\":[{\"@type\":\"ReadAction\",\"target\":[\"https:\/\/www.suno.com.br\/noticias\/francisco-gomes-neto-presidente-embraer\/\"]}]},{\"@type\":\"ImageObject\",\"inLanguage\":\"pt-BR\",\"@id\":\"https:\/\/www.suno.com.br\/noticias\/francisco-gomes-neto-presidente-embraer\/#primaryimage\",\"url\":\"https:\/\/files.sunoresearch.com.br\/n\/uploads\/2018\/12\/ec49485a-boeing-embraer2-jpg.webp\",\"contentUrl\":\"https:\/\/files.sunoresearch.com.br\/n\/uploads\/2018\/12\/ec49485a-boeing-embraer2-jpg.webp\",\"width\":748,\"height\":410,\"caption\":\"A Embraer (EMBR3) comunicou que a decis\u00e3o foi tomada devido \u00e0 divulga\u00e7\u00e3o de \u201cinforma\u00e7\u00f5es falsas e manipuladas\\\" por parte do sindicato\"},{\"@type\":\"BreadcrumbList\",\"@id\":\"https:\/\/www.suno.com.br\/noticias\/francisco-gomes-neto-presidente-embraer\/#breadcrumb\",\"itemListElement\":[{\"@type\":\"ListItem\",\"position\":1,\"name\":\"Not\u00edcias\",\"item\":\"https:\/\/www.suno.com.br\/noticias\/\"},{\"@type\":\"ListItem\",\"position\":2,\"name\":\"Pol\u00edtica\",\"item\":\"https:\/\/www.suno.com.br\/noticias\/politica\/\"},{\"@type\":\"ListItem\",\"position\":3,\"name\":\"Francisco Gomes Neto \u00e9 o novo diretor-presidente da Embraer\"}]},{\"@type\":\"WebSite\",\"@id\":\"https:\/\/www.suno.com.br\/noticias\/#website\",\"url\":\"https:\/\/www.suno.com.br\/noticias\/\",\"name\":\"Suno Not\u00edcias\",\"description\":\"Seu portal de informa\u00e7\u00e3o sobre o mundo dos investimentos\",\"publisher\":{\"@id\":\"https:\/\/www.suno.com.br\/noticias\/#organization\"},\"potentialAction\":[{\"@type\":\"SearchAction\",\"target\":{\"@type\":\"EntryPoint\",\"urlTemplate\":\"https:\/\/www.suno.com.br\/noticias\/?s={search_term_string}\"},\"query-input\":{\"@type\":\"PropertyValueSpecification\",\"valueRequired\":true,\"valueName\":\"search_term_string\"}}],\"inLanguage\":\"pt-BR\"},{\"@type\":\"Organization\",\"@id\":\"https:\/\/www.suno.com.br\/noticias\/#organization\",\"name\":\"Suno Not\u00edcias\",\"url\":\"https:\/\/www.suno.com.br\/noticias\/\",\"logo\":{\"@type\":\"ImageObject\",\"inLanguage\":\"pt-BR\",\"@id\":\"https:\/\/www.suno.com.br\/noticias\/#\/schema\/logo\/image\/\",\"url\":\"https:\/\/files.sunoresearch.com.br\/n\/uploads\/2021\/09\/suno-logo.png\",\"contentUrl\":\"https:\/\/files.sunoresearch.com.br\/n\/uploads\/2021\/09\/suno-logo.png\",\"width\":180,\"height\":180,\"caption\":\"Suno Not\u00edcias\"},\"image\":{\"@id\":\"https:\/\/www.suno.com.br\/noticias\/#\/schema\/logo\/image\/\"},\"sameAs\":[\"https:\/\/facebook.com\/sunoresearch\",\"https:\/\/x.com\/sunoresearch\",\"https:\/\/www.instagram.com\/suno\",\"https:\/\/www.linkedin.com\/company\/suno-research\/\",\"https:\/\/www.youtube.com\/c\/sunoresearch\"]},{\"@type\":\"Person\",\"@id\":\"https:\/\/www.suno.com.br\/noticias\/#\/schema\/person\/fc144a1c6108bd1dcd43784e88a3c138\",\"name\":\"Renan Bandeira\",\"image\":{\"@type\":\"ImageObject\",\"inLanguage\":\"pt-BR\",\"@id\":\"https:\/\/www.suno.com.br\/noticias\/#\/schema\/person\/image\/\",\"url\":\"https:\/\/secure.gravatar.com\/avatar\/68359cdb608f14f11bbefcb78f3fc747?s=96&r=g\",\"contentUrl\":\"https:\/\/secure.gravatar.com\/avatar\/68359cdb608f14f11bbefcb78f3fc747?s=96&r=g\",\"caption\":\"Renan Bandeira\"},\"description\":\"Renan Bandeira escreve sobre pol\u00edtica e economia para o portal da Suno Research. Antes da Suno, trabalhou em uma rede de televis\u00e3o, onde fazia reportagens sobre os mesmos temas. Estuda na Universidade Metodista de S\u00e3o Paulo.\",\"url\":\"https:\/\/www.suno.com.br\/noticias\/author\/renan-bandeira\/\"}]}<\/script>\n<!-- \/ Yoast SEO plugin. -->","yoast_head_json":{"title":"Francisco Gomes Neto \u00e9 o novo diretor-presidente da Embraer","description":"O novo presidente assumir\u00e1 o comando da Embraer em 1\u00ba de maio; Antes da empresa, Gomes Neto era CEO da Marcopolo. Clique e saiba mais.","robots":{"index":"index","follow":"follow","max-snippet":"max-snippet:-1","max-image-preview":"max-image-preview:large","max-video-preview":"max-video-preview:-1"},"canonical":"https:\/\/www.suno.com.br\/noticias\/francisco-gomes-neto-presidente-embraer\/","og_locale":"pt_BR","og_type":"article","og_title":"Francisco Gomes Neto \u00e9 o novo diretor-presidente da Embraer","og_description":"O novo presidente assumir\u00e1 o comando da Embraer em 1\u00ba de maio; Antes da empresa, Gomes Neto era CEO da Marcopolo. Clique e saiba mais.","og_url":"https:\/\/www.suno.com.br\/noticias\/francisco-gomes-neto-presidente-embraer\/","og_site_name":"Suno Not\u00edcias","article_publisher":"https:\/\/facebook.com\/sunoresearch","og_image":[{"width":748,"height":410,"url":"https:\/\/files.sunoresearch.com.br\/n\/uploads\/2018\/12\/ec49485a-boeing-embraer2.jpg","type":"image\/jpeg"}],"author":"Renan Bandeira","twitter_card":"summary_large_image","twitter_creator":"@sunoresearch","twitter_site":"@sunoresearch","twitter_misc":{"Escrito por":"Renan Bandeira","Est. tempo de leitura":"2 minutos"},"schema":{"@context":"https:\/\/schema.org","@graph":[{"@type":"NewsArticle","@id":"https:\/\/www.suno.com.br\/noticias\/francisco-gomes-neto-presidente-embraer\/#article","isPartOf":{"@id":"https:\/\/www.suno.com.br\/noticias\/francisco-gomes-neto-presidente-embraer\/"},"author":{"name":"Renan Bandeira","@id":"https:\/\/www.suno.com.br\/noticias\/#\/schema\/person\/fc144a1c6108bd1dcd43784e88a3c138"},"headline":"Francisco Gomes Neto \u00e9 o novo diretor-presidente da Embraer","datePublished":"2019-04-23T14:32:21+00:00","mainEntityOfPage":{"@id":"https:\/\/www.suno.com.br\/noticias\/francisco-gomes-neto-presidente-embraer\/"},"wordCount":340,"publisher":{"@id":"https:\/\/www.suno.com.br\/noticias\/#organization"},"image":{"@id":"https:\/\/www.suno.com.br\/noticias\/francisco-gomes-neto-presidente-embraer\/#primaryimage"},"thumbnailUrl":"https:\/\/files.sunoresearch.com.br\/n\/uploads\/2018\/12\/ec49485a-boeing-embraer2-jpg.webp","keywords":["Embraer (EMBR3)"],"articleSection":["Pol\u00edtica"],"inLanguage":"pt-BR"},{"@type":"WebPage","@id":"https:\/\/www.suno.com.br\/noticias\/francisco-gomes-neto-presidente-embraer\/","url":"https:\/\/www.suno.com.br\/noticias\/francisco-gomes-neto-presidente-embraer\/","name":"Francisco Gomes Neto \u00e9 o novo diretor-presidente da Embraer","isPartOf":{"@id":"https:\/\/www.suno.com.br\/noticias\/#website"},"primaryImageOfPage":{"@id":"https:\/\/www.suno.com.br\/noticias\/francisco-gomes-neto-presidente-embraer\/#primaryimage"},"image":{"@id":"https:\/\/www.suno.com.br\/noticias\/francisco-gomes-neto-presidente-embraer\/#primaryimage"},"thumbnailUrl":"https:\/\/files.sunoresearch.com.br\/n\/uploads\/2018\/12\/ec49485a-boeing-embraer2-jpg.webp","datePublished":"2019-04-23T14:32:21+00:00","description":"O novo presidente assumir\u00e1 o comando da Embraer em 1\u00ba de maio; Antes da empresa, Gomes Neto era CEO da Marcopolo. Clique e saiba mais.","breadcrumb":{"@id":"https:\/\/www.suno.com.br\/noticias\/francisco-gomes-neto-presidente-embraer\/#breadcrumb"},"inLanguage":"pt-BR","potentialAction":[{"@type":"ReadAction","target":["https:\/\/www.suno.com.br\/noticias\/francisco-gomes-neto-presidente-embraer\/"]}]},{"@type":"ImageObject","inLanguage":"pt-BR","@id":"https:\/\/www.suno.com.br\/noticias\/francisco-gomes-neto-presidente-embraer\/#primaryimage","url":"https:\/\/files.sunoresearch.com.br\/n\/uploads\/2018\/12\/ec49485a-boeing-embraer2-jpg.webp","contentUrl":"https:\/\/files.sunoresearch.com.br\/n\/uploads\/2018\/12\/ec49485a-boeing-embraer2-jpg.webp","width":748,"height":410,"caption":"A Embraer (EMBR3) comunicou que a decis\u00e3o foi tomada devido \u00e0 divulga\u00e7\u00e3o de \u201cinforma\u00e7\u00f5es falsas e manipuladas\" por parte do sindicato"},{"@type":"BreadcrumbList","@id":"https:\/\/www.suno.com.br\/noticias\/francisco-gomes-neto-presidente-embraer\/#breadcrumb","itemListElement":[{"@type":"ListItem","position":1,"name":"Not\u00edcias","item":"https:\/\/www.suno.com.br\/noticias\/"},{"@type":"ListItem","position":2,"name":"Pol\u00edtica","item":"https:\/\/www.suno.com.br\/noticias\/politica\/"},{"@type":"ListItem","position":3,"name":"Francisco Gomes Neto \u00e9 o novo diretor-presidente da Embraer"}]},{"@type":"WebSite","@id":"https:\/\/www.suno.com.br\/noticias\/#website","url":"https:\/\/www.suno.com.br\/noticias\/","name":"Suno Not\u00edcias","description":"Seu portal de informa\u00e7\u00e3o sobre o mundo dos investimentos","publisher":{"@id":"https:\/\/www.suno.com.br\/noticias\/#organization"},"potentialAction":[{"@type":"SearchAction","target":{"@type":"EntryPoint","urlTemplate":"https:\/\/www.suno.com.br\/noticias\/?s={search_term_string}"},"query-input":{"@type":"PropertyValueSpecification","valueRequired":true,"valueName":"search_term_string"}}],"inLanguage":"pt-BR"},{"@type":"Organization","@id":"https:\/\/www.suno.com.br\/noticias\/#organization","name":"Suno Not\u00edcias","url":"https:\/\/www.suno.com.br\/noticias\/","logo":{"@type":"ImageObject","inLanguage":"pt-BR","@id":"https:\/\/www.suno.com.br\/noticias\/#\/schema\/logo\/image\/","url":"https:\/\/files.sunoresearch.com.br\/n\/uploads\/2021\/09\/suno-logo.png","contentUrl":"https:\/\/files.sunoresearch.com.br\/n\/uploads\/2021\/09\/suno-logo.png","width":180,"height":180,"caption":"Suno Not\u00edcias"},"image":{"@id":"https:\/\/www.suno.com.br\/noticias\/#\/schema\/logo\/image\/"},"sameAs":["https:\/\/facebook.com\/sunoresearch","https:\/\/x.com\/sunoresearch","https:\/\/www.instagram.com\/suno","https:\/\/www.linkedin.com\/company\/suno-research\/","https:\/\/www.youtube.com\/c\/sunoresearch"]},{"@type":"Person","@id":"https:\/\/www.suno.com.br\/noticias\/#\/schema\/person\/fc144a1c6108bd1dcd43784e88a3c138","name":"Renan Bandeira","image":{"@type":"ImageObject","inLanguage":"pt-BR","@id":"https:\/\/www.suno.com.br\/noticias\/#\/schema\/person\/image\/","url":"https:\/\/secure.gravatar.com\/avatar\/68359cdb608f14f11bbefcb78f3fc747?s=96&r=g","contentUrl":"https:\/\/secure.gravatar.com\/avatar\/68359cdb608f14f11bbefcb78f3fc747?s=96&r=g","caption":"Renan Bandeira"},"description":"Renan Bandeira escreve sobre pol\u00edtica e economia para o portal da Suno Research. Antes da Suno, trabalhou em uma rede de televis\u00e3o, onde fazia reportagens sobre os mesmos temas. Estuda na Universidade Metodista de S\u00e3o Paulo.","url":"https:\/\/www.suno.com.br\/noticias\/author\/renan-bandeira\/"}]}},"default_loop_html":"<div class=\"cardsPage__listCard__boxs\"><div class=\"cardsPage__listCard__boxs__img\"><a href=\"https:\/\/www.suno.com.br\/noticias\/francisco-gomes-neto-presidente-embraer\/\"><img class=\"mask\" src=\"https:\/\/www.suno.com.br\/noticias\/wp-content\/themes\/suno\/resources\/images\/spotlight\/spotlight1img\/bg-mask.png\" alt=\"Image Mask\"\/><img src=\"https:\/\/files.sunoresearch.com.br\/n\/uploads\/2018\/12\/ec49485a-boeing-embraer2-400x200.webp\" alt=\"Francisco Gomes Neto \u00e9 o novo diretor-presidente da Embraer\"\/><\/a><span class=\"spotlightCategory\"><a href=\"https:\/\/www.suno.com.br\/noticias\/politica\/\">Pol\u00edtica<\/a><\/span><\/div><div class=\"cardsPage__listCard__boxs__content\"><a href=\"https:\/\/www.suno.com.br\/noticias\/francisco-gomes-neto-presidente-embraer\/\"><h2 class=\"content__title\">Francisco Gomes Neto \u00e9 o novo diretor-presidente da Embraer<\/h2><\/a><div class=\"newsContent__article__meta\"><div class=\"newsContent__article__meta__authorBox\"><a href=\"https:\/\/www.suno.com.br\/noticias\/author\/renan-bandeira\/\" class=\"authorBox__avatar noMobi\"><img src=\"https:\/\/secure.gravatar.com\/avatar\/68359cdb608f14f11bbefcb78f3fc747?s=96&#038;r=g\" alt=\"Renan Bandeira\"><\/a><div class=\"authorBox__name\"><span>por\n\t\t\t<a href=\"https:\/\/www.suno.com.br\/noticias\/author\/renan-bandeira\/\"><span itemprop=\"author\">Renan Bandeira<\/span><\/a><\/span><time datetime=\"2019-04-23T11:32:21-03:00\" itemprop=\"datePublished\">23\/04\/2019 11:32<\/time><\/div><\/div><\/div><\/div><\/div>","single_layout":"posts","amp_enabled":true,"_links":{"self":[{"href":"https:\/\/www.suno.com.br\/noticias\/wp-json\/wp\/v2\/posts\/21976"}],"collection":[{"href":"https:\/\/www.suno.com.br\/noticias\/wp-json\/wp\/v2\/posts"}],"about":[{"href":"https:\/\/www.suno.com.br\/noticias\/wp-json\/wp\/v2\/types\/post"}],"author":[{"embeddable":true,"href":"https:\/\/www.suno.com.br\/noticias\/wp-json\/wp\/v2\/users\/11"}],"replies":[{"embeddable":true,"href":"https:\/\/www.suno.com.br\/noticias\/wp-json\/wp\/v2\/comments?post=21976"}],"version-history":[{"count":0,"href":"https:\/\/www.suno.com.br\/noticias\/wp-json\/wp\/v2\/posts\/21976\/revisions"}],"wp:featuredmedia":[{"embeddable":true,"href":"https:\/\/www.suno.com.br\/noticias\/wp-json\/wp\/v2\/media\/9126"}],"wp:attachment":[{"href":"https:\/\/www.suno.com.br\/noticias\/wp-json\/wp\/v2\/media?parent=21976"}],"wp:term":[{"taxonomy":"category","embeddable":true,"href":"https:\/\/www.suno.com.br\/noticias\/wp-json\/wp\/v2\/categories?post=21976"},{"taxonomy":"post_tag","embeddable":true,"href":"https:\/\/www.suno.com.br\/noticias\/wp-json\/wp\/v2\/tags?post=21976"},{"taxonomy":"suno_strategy","embeddable":true,"href":"https:\/\/www.suno.com.br\/noticias\/wp-json\/wp\/v2\/suno_strategy?post=21976"}],"curies":[{"name":"wp","href":"https:\/\/api.w.org\/{rel}","templated":true}]}}