{"id":219712,"date":"2022-01-07T16:51:41","date_gmt":"2022-01-07T19:51:41","guid":{"rendered":"https:\/\/www.suno.com.br\/noticias\/?p=219712"},"modified":"2022-01-07T16:51:41","modified_gmt":"2022-01-07T19:51:41","slug":"anbima-fundos-de-investimento-renda-fixa-acoes","status":"publish","type":"post","link":"https:\/\/www.suno.com.br\/noticias\/anbima-fundos-de-investimento-renda-fixa-acoes\/","title":{"rendered":"Fundos de investimento em 2021: aportes em a\u00e7\u00f5es caem 99% e em renda fixa sobem 58%"},"content":{"rendered":"<p>Os <strong><a class=\"suno-keyword\" href=\"https:\/\/www.suno.com.br\/artigos\/fundos-de-investimento-exterior\/\" target=\"_blank\" rel=\"noopener\" data-force=\"no\" data-priority=\"2\">fundos de investimento<\/a><\/strong> tiveram capta\u00e7\u00e3o recorde no ano de 2021, impulsionados fortemente pela alta da atratividade da renda fixa. No total, foram R$ 369 bilh\u00f5es injetados em fundos ao longo do ano, segundo os dados oficiais da Anbima (Associa\u00e7\u00e3o Brasileira das Entidades dos Mercados Financeiro e de Capitais).<\/p>\t<div class=\"wrapper-featured-image\">\n\t\t<figure class=\"spotlightImg\">\n\n\t\t\t<picture>\n\t\t\t\t<source media=\"(max-width: 768px)\" srcset=\"https:\/\/files.sunoresearch.com.br\/n\/uploads\/2021\/01\/73098460-fundos-de-investimento-400x200.webp\">\n\t\t\t\t<img loading=\"lazy\" decoding=\"async\" class=\"newsContent__article__imgCapa lazyloadDisabled \" src=\"https:\/\/files.sunoresearch.com.br\/n\/uploads\/2021\/01\/73098460-fundos-de-investimento-800x450.webp\" width=\"800\" height=\"450\" alt=\"Fundos de investimento em 2021: aportes em a\u00e7\u00f5es caem 99% e em renda fixa sobem 58%\" fetchpriority=high \/>\n\t\t\t<\/picture>\n\n\t\t\t<figcaption class=\"wp-caption-text wp-caption-text--show\">Fundos de investimento em a\u00e7\u00f5es acompanharam queda do Ibovespa, mas alta da Selic estimulou aportes em renda fixa<\/figcaption>\n\t\t<\/figure>\n\t<\/div>\n\n\n\t<p>\n\t\t<a href=\"https:\/\/lp.suno.com.br\/planilha-controle-gastos\/\" target=\"_blank\" data-element=\"shortcode-suno-banner\" title=\"Banner SUNO, clique e saiba mais\">\n\t\t\t<picture>\n\t\t\t\t<source media=\"(max-width: 500px)\" srcset=\"https:\/\/files.sunoresearch.com.br\/n\/uploads\/2023\/03\/400x300-Planilha-controle-de-gastos.png\">\n\t\t\t\t<img class=\"newsContent__article__imgCapa newsContent__article__imgCapa--banner\"\n\t\t\t\t\tsrc=\"https:\/\/files.sunoresearch.com.br\/n\/uploads\/2023\/03\/1420x240-Planilha-controle-de-gastos.png\"\n\t\t\t\t\tdata-promo-id=\"101751\"\t\t\t\t\t\t\t\t\t\twidth='1420' height='240'\t\t\t\t\talt=\"https:\/\/files.sunoresearch.com.br\/n\/uploads\/2023\/03\/1420x240-Planilha-controle-de-gastos.png\"\n\t\t\t\t>\n\t\t\t<\/picture>\n\t\t<\/a>\n\t<\/p>\n\n\n<p>Esse montante \u00e9 o maior desde que a <a href=\"https:\/\/www.anbima.com.br\/pt_br\/pagina-inicial.htm\"><strong>Anbima<\/strong> <\/a>come\u00e7ou a s\u00e9rie hist\u00f3rica de dados sobre os fundos, em 2002. Do total de aportes, foram 58% nos fundos de<a href=\"https:\/\/www.suno.com.br\/guias\/investimento-renda-fixa\/\"> <strong>renda fixa<\/strong><\/a>, que tiveram saldo l\u00edquido de R$ 215,2 bilh\u00f5es no ano de 2021.<\/p>\n<p>Esse resultado, no segmento de renda fixa, tamb\u00e9m \u00e9 um recorde hist\u00f3rico e ultrapassa a m\u00e9dia dos \u00faltimos dez anos para a classe de <strong>investimentos<\/strong>.<\/p>\n\t<div data-element=\"shortcode-read-more\" class=\"knowMore\">\n\t\t\t\t<span class=\"knowMore__title\">Leia mais<\/span>\n\t\t\t\t<a class=\"knowMore__link\" href=\"https:\/\/www.suno.com.br\/noticias\/fundos-imobiliarios-recomendados-janeiro-2022-brco11\/\">\n\t\t\tVeja os fundos imobili\u00e1rios mais recomendados pelos analistas em janeiro; BRCO11 \u00e9 destaque\t\t<\/a>\n\t<\/div>\n\n\n<p>J\u00e1 os multimercados fecharam o ano no azul, mas com resultado inferior ao registrado em 2020.\u00a0No acumulado, foram R$ 59,6 bilh\u00f5es de capta\u00e7\u00e3o ante R$ 104,5 bilh\u00f5es em 2020.<\/p>\n<p>Os fundos de a\u00e7\u00f5es registraram uma queda de 99% na capta\u00e7\u00e3o, com R$ 200 milh\u00f5es injetados em 2021 ante R$ 73,3 bilh\u00f5es em 2020.<\/p>\n<p>Por sua vez, os <strong><a href=\"https:\/\/www.suno.com.br\/artigos\/fidc\/\">FIDCs<\/a><\/strong>, ou Fundos de Investimento em Direitos Credit\u00f3rios, tiveram desempenho significativo com capta\u00e7\u00e3o l\u00edquida positiva de R$ 77,1 bilh\u00f5es.<\/p>\n\t<p>\n\t\t<a href=\"https:\/\/lp.suno.com.br\/planilha-da-vida-financeira\/\" target=\"_blank\" data-element=\"shortcode-suno-banner\" title=\"Banner SUNO, clique e saiba mais\">\n\t\t\t<picture>\n\t\t\t\t<source media=\"(max-width: 500px)\" srcset=\"https:\/\/files.sunoresearch.com.br\/n\/uploads\/2023\/04\/400x300-Planilha-vida-financeira-true.png\">\n\t\t\t\t<img class=\"newsContent__article__imgCapa newsContent__article__imgCapa--banner\"\n\t\t\t\t\tsrc=\"https:\/\/files.sunoresearch.com.br\/n\/uploads\/2023\/04\/1420x240-Planilha-vida-financeira-true.png\"\n\t\t\t\t\tdata-promo-id=\"106682\"\t\t\t\t\t\t\t\t\t\twidth='1420' height='240'\t\t\t\t\talt=\"https:\/\/files.sunoresearch.com.br\/n\/uploads\/2023\/04\/1420x240-Planilha-vida-financeira-true.png\"\n\t\t\t\t>\n\t\t\t<\/picture>\n\t\t<\/a>\n\t<\/p>\n\n\n<p>Apesar disso, 56,8% dos recursos referem-se a aportes concentrados de um \u00fanico fundo da classe.<\/p>\n<p>&#8220;Nos momentos em que vemos mudan\u00e7as no potencial de retorno [da renda fixa] e avan\u00e7o no risco, \u00e9 bastante racional e compreens\u00edvel que as pessoas realoquem um pouco os seus <strong>patrim\u00f4nios<\/strong>. Eventualmente, o investidor mais alocado em a\u00e7\u00f5es come\u00e7a a ter um pouco mais de desconforto com a volatilidade que temos visto no mercado. \u00c9 normal esse freio de arruma\u00e7\u00e3o quando algum indicador tem um comportamento muito forte, como a gente viu o aumento da <strong><a class=\"suno-keyword\" href=\"https:\/\/www.suno.com.br\/artigos\/juros\/\" target=\"_blank\" rel=\"noopener\" data-force=\"no\" data-priority=\"2\">taxa de juros<\/a><\/strong>, no segundo semestre principalmente&#8221;, disse o diretor da Anbima, Pedro Rudge, em coletiva online.<\/p>\n<p>A alta nos aportes da classe pode ser explicada, em parte, pelo ciclo altista da Selic, que ocasiona um movimento de evas\u00e3o do mercado de a\u00e7\u00f5es e de entrada no mercado de renda fixa.<\/p>\n<p>As estimativas s\u00e3o de que a <a href=\"https:\/\/www.suno.com.br\/guias\/taxa-selic\/\">Selic<\/a> termine o ano de 2022 em 11,5%, ante 9,25% atuais, segundo a \u00faltima reuni\u00e3o do <a href=\"https:\/\/www.suno.com.br\/artigos\/copom\/\">Copom<\/a>, em dezembro.<\/p>\n<p>No consolidado, h\u00e1 R$ 6,9 trilh\u00f5es em patrim\u00f4nio l\u00edquido da <strong>ind\u00fastria<\/strong>, alta de 12,7% em rela\u00e7\u00e3o ao ano anterior, com participa\u00e7\u00e3o de 37,1% da renda fixa.<\/p>\n\t<p>\n\t\t<a href=\"https:\/\/lp.suno.com.br\/ebook-como-analisar-uma-acao\/\" target=\"_blank\" data-element=\"shortcode-suno-banner\" title=\"Banner SUNO, clique e saiba mais\">\n\t\t\t<picture>\n\t\t\t\t<source media=\"(max-width: 500px)\" srcset=\"https:\/\/files.sunoresearch.com.br\/n\/uploads\/2023\/03\/Ebook-Acoes-Mobile-1.jpg\">\n\t\t\t\t<img class=\"newsContent__article__imgCapa newsContent__article__imgCapa--banner\"\n\t\t\t\t\tsrc=\"https:\/\/files.sunoresearch.com.br\/n\/uploads\/2023\/03\/Ebook-Acoes-Desktop-1.jpg\"\n\t\t\t\t\tdata-promo-id=\"171998\"\t\t\t\t\t\t\t\t\t\twidth='1420' height='286'\t\t\t\t\talt=\"https:\/\/files.sunoresearch.com.br\/n\/uploads\/2023\/03\/Ebook-Acoes-Desktop-1.jpg\"\n\t\t\t\t>\n\t\t\t<\/picture>\n\t\t<\/a>\n\t<\/p>\n\n\n<h2>Rentabilidade da renda fixa tamb\u00e9m foi maior<\/h2>\n<p>Em termos de rentabilidade, o destaque fica novamente com os <strong><a class=\"suno-keyword\" href=\"https:\/\/www.suno.com.br\/artigos\/fundos-de-renda-fixa\/\" target=\"_blank\" rel=\"noopener\" data-force=\"no\" data-priority=\"1\">fundos de renda fixa<\/a><\/strong>, j\u00e1 que o pre\u00e7o dos ativos teve uma alta de 11,8% no ano, ante uma queda de 10,7% nos fundos multimercado.<\/p>\n<p>Na quebra por segmento de investidor, com dados registrados at\u00e9 novembro de 2021, o varejo apresentou capta\u00e7\u00e3o l\u00edquida de R$ 121,1 bilh\u00f5es, enquanto os institucionais e o poder p\u00fablico aportaram volume de R$ 66,9 bilh\u00f5es cada um.<\/p>\n<p>Al\u00e9m disso, todos os tipos de fundos de a\u00e7\u00f5es tiveram retornos negativos, segundo a Anbima, acompanhando a baixa de cerca de 12% do Ibovespa.<\/p>\n<p>O segmento menos impactado foi o de <strong>fundos de investimento<\/strong> em a\u00e7\u00f5es no exterior, que teve rentabilidade negativa de 2,57%.<\/p>\n\t<p>\n\t\t<a href=\"https:\/\/lp.suno.com.br\/planilha-de-controle-de-investimentos\/\" target=\"_blank\" data-element=\"shortcode-suno-banner\" title=\"Banner SUNO, clique e saiba mais\">\n\t\t\t<picture>\n\t\t\t\t<source media=\"(max-width: 500px)\" srcset=\"https:\/\/files.sunoresearch.com.br\/n\/uploads\/2023\/03\/400x300-Controle-de-Investimentos.png\">\n\t\t\t\t<img class=\"newsContent__article__imgCapa newsContent__article__imgCapa--banner\"\n\t\t\t\t\tsrc=\"https:\/\/files.sunoresearch.com.br\/n\/uploads\/2023\/03\/1420x240-Controle-de-Investimentos.png\"\n\t\t\t\t\tdata-promo-id=\"75934\"\t\t\t\t\t\t\t\t\t\twidth='1420' height='240'\t\t\t\t\talt=\"https:\/\/files.sunoresearch.com.br\/n\/uploads\/2023\/03\/1420x240-Controle-de-Investimentos.png\"\n\t\t\t\t>\n\t\t\t<\/picture>\n\t\t<\/a>\n\t<\/p>\n\n\n","protected":false},"excerpt":{"rendered":"<p>Os fundos de investimento tiveram capta\u00e7\u00e3o recorde no ano de 2021, impulsionados fortemente pela alta da atratividade da renda fixa. No total, foram R$ 369 bilh\u00f5es injetados em fundos ao longo do ano, segundo os dados oficiais da Anbima (Associa\u00e7\u00e3o Brasileira das Entidades dos Mercados Financeiro e de Capitais). Fundos de investimento em a\u00e7\u00f5es acompanharam [&hellip;]<\/p>\n","protected":false},"author":73,"featured_media":112870,"comment_status":"closed","ping_status":"closed","sticky":false,"template":"","format":"standard","meta":[],"categories":[60],"tags":[1544,38650,1545,313,106154],"suno_strategy":[],"class_list":["post-219712","post","type-post","status-publish","format-standard","has-post-thumbnail","hentry","category-mercado","tag-anbima","tag-fidc","tag-fundos-de-acoes","tag-fundos-de-investimento","tag-pesquisas"],"yoast_head":"<!-- This site is optimized with the Yoast SEO plugin v24.4 - https:\/\/yoast.com\/wordpress\/plugins\/seo\/ -->\n<title>Fundos de investimento em 2021: aportes em a\u00e7\u00f5es caem 99%<\/title>\n<meta name=\"description\" content=\"Fundos de investimento em a\u00e7\u00f5es acompanharam queda do Ibovespa, mas alta da Selic estimulou aportes em renda fixa. Clique aqui e leia mais.\" \/>\n<meta name=\"robots\" content=\"index, follow, max-snippet:-1, max-image-preview:large, max-video-preview:-1\" \/>\n<link rel=\"canonical\" href=\"https:\/\/www.suno.com.br\/noticias\/anbima-fundos-de-investimento-renda-fixa-acoes\/\" \/>\n<meta property=\"og:locale\" content=\"pt_BR\" \/>\n<meta property=\"og:type\" content=\"article\" \/>\n<meta property=\"og:title\" content=\"Fundos de investimento em 2021: aportes em a\u00e7\u00f5es caem 99%\" \/>\n<meta property=\"og:description\" content=\"Fundos de investimento em a\u00e7\u00f5es acompanharam queda do Ibovespa, mas alta da Selic estimulou aportes em renda fixa. Clique aqui e leia mais.\" \/>\n<meta property=\"og:url\" content=\"https:\/\/www.suno.com.br\/noticias\/anbima-fundos-de-investimento-renda-fixa-acoes\/\" \/>\n<meta property=\"og:site_name\" content=\"Suno Not\u00edcias\" \/>\n<meta property=\"article:publisher\" content=\"https:\/\/facebook.com\/sunoresearch\" \/>\n<meta property=\"og:image\" content=\"https:\/\/files.sunoresearch.com.br\/n\/uploads\/2021\/01\/73098460-fundos-de-investimento.jpg\" \/>\n\t<meta property=\"og:image:width\" content=\"2000\" \/>\n\t<meta property=\"og:image:height\" content=\"1333\" \/>\n\t<meta property=\"og:image:type\" content=\"image\/jpeg\" \/>\n<meta name=\"author\" content=\"Eduardo Vargas\" \/>\n<meta name=\"twitter:card\" content=\"summary_large_image\" \/>\n<meta name=\"twitter:creator\" content=\"@sunoresearch\" \/>\n<meta name=\"twitter:site\" content=\"@sunoresearch\" \/>\n<meta name=\"twitter:label1\" content=\"Escrito por\" \/>\n\t<meta name=\"twitter:data1\" content=\"Eduardo Vargas\" \/>\n\t<meta name=\"twitter:label2\" content=\"Est. tempo de leitura\" \/>\n\t<meta name=\"twitter:data2\" content=\"3 minutos\" \/>\n<script type=\"application\/ld+json\" class=\"yoast-schema-graph\">{\"@context\":\"https:\/\/schema.org\",\"@graph\":[{\"@type\":\"NewsArticle\",\"@id\":\"https:\/\/www.suno.com.br\/noticias\/anbima-fundos-de-investimento-renda-fixa-acoes\/#article\",\"isPartOf\":{\"@id\":\"https:\/\/www.suno.com.br\/noticias\/anbima-fundos-de-investimento-renda-fixa-acoes\/\"},\"author\":{\"name\":\"Eduardo Vargas\",\"@id\":\"https:\/\/www.suno.com.br\/noticias\/#\/schema\/person\/7f4d362bf3518e76090143ae77bb49a5\"},\"headline\":\"Fundos de investimento em 2021: aportes em a\u00e7\u00f5es caem 99% e em renda fixa sobem 58%\",\"datePublished\":\"2022-01-07T19:51:41+00:00\",\"mainEntityOfPage\":{\"@id\":\"https:\/\/www.suno.com.br\/noticias\/anbima-fundos-de-investimento-renda-fixa-acoes\/\"},\"wordCount\":557,\"publisher\":{\"@id\":\"https:\/\/www.suno.com.br\/noticias\/#organization\"},\"image\":{\"@id\":\"https:\/\/www.suno.com.br\/noticias\/anbima-fundos-de-investimento-renda-fixa-acoes\/#primaryimage\"},\"thumbnailUrl\":\"https:\/\/files.sunoresearch.com.br\/n\/uploads\/2021\/01\/73098460-fundos-de-investimento-jpg.webp\",\"keywords\":[\"Anbima\",\"FIDC\",\"Fundos de a\u00e7\u00f5es\",\"Fundos de investimento\",\"Pesquisas\"],\"articleSection\":[\"Mercado\"],\"inLanguage\":\"pt-BR\"},{\"@type\":\"WebPage\",\"@id\":\"https:\/\/www.suno.com.br\/noticias\/anbima-fundos-de-investimento-renda-fixa-acoes\/\",\"url\":\"https:\/\/www.suno.com.br\/noticias\/anbima-fundos-de-investimento-renda-fixa-acoes\/\",\"name\":\"Fundos de investimento em 2021: aportes em a\u00e7\u00f5es caem 99%\",\"isPartOf\":{\"@id\":\"https:\/\/www.suno.com.br\/noticias\/#website\"},\"primaryImageOfPage\":{\"@id\":\"https:\/\/www.suno.com.br\/noticias\/anbima-fundos-de-investimento-renda-fixa-acoes\/#primaryimage\"},\"image\":{\"@id\":\"https:\/\/www.suno.com.br\/noticias\/anbima-fundos-de-investimento-renda-fixa-acoes\/#primaryimage\"},\"thumbnailUrl\":\"https:\/\/files.sunoresearch.com.br\/n\/uploads\/2021\/01\/73098460-fundos-de-investimento-jpg.webp\",\"datePublished\":\"2022-01-07T19:51:41+00:00\",\"description\":\"Fundos de investimento em a\u00e7\u00f5es acompanharam queda do Ibovespa, mas alta da Selic estimulou aportes em renda fixa. Clique aqui e leia mais.\",\"breadcrumb\":{\"@id\":\"https:\/\/www.suno.com.br\/noticias\/anbima-fundos-de-investimento-renda-fixa-acoes\/#breadcrumb\"},\"inLanguage\":\"pt-BR\",\"potentialAction\":[{\"@type\":\"ReadAction\",\"target\":[\"https:\/\/www.suno.com.br\/noticias\/anbima-fundos-de-investimento-renda-fixa-acoes\/\"]}]},{\"@type\":\"ImageObject\",\"inLanguage\":\"pt-BR\",\"@id\":\"https:\/\/www.suno.com.br\/noticias\/anbima-fundos-de-investimento-renda-fixa-acoes\/#primaryimage\",\"url\":\"https:\/\/files.sunoresearch.com.br\/n\/uploads\/2021\/01\/73098460-fundos-de-investimento-jpg.webp\",\"contentUrl\":\"https:\/\/files.sunoresearch.com.br\/n\/uploads\/2021\/01\/73098460-fundos-de-investimento-jpg.webp\",\"width\":2000,\"height\":1333,\"caption\":\"Fundos de investimento em a\u00e7\u00f5es acompanharam queda do Ibovespa, mas alta da Selic estimulou aportes em renda fixa\"},{\"@type\":\"BreadcrumbList\",\"@id\":\"https:\/\/www.suno.com.br\/noticias\/anbima-fundos-de-investimento-renda-fixa-acoes\/#breadcrumb\",\"itemListElement\":[{\"@type\":\"ListItem\",\"position\":1,\"name\":\"Not\u00edcias\",\"item\":\"https:\/\/www.suno.com.br\/noticias\/\"},{\"@type\":\"ListItem\",\"position\":2,\"name\":\"Mercado\",\"item\":\"https:\/\/www.suno.com.br\/noticias\/mercado\/\"},{\"@type\":\"ListItem\",\"position\":3,\"name\":\"Fundos de investimento em 2021: aportes em a\u00e7\u00f5es caem 99% e em renda fixa sobem 58%\"}]},{\"@type\":\"WebSite\",\"@id\":\"https:\/\/www.suno.com.br\/noticias\/#website\",\"url\":\"https:\/\/www.suno.com.br\/noticias\/\",\"name\":\"Suno Not\u00edcias\",\"description\":\"Seu portal de informa\u00e7\u00e3o sobre o mundo dos investimentos\",\"publisher\":{\"@id\":\"https:\/\/www.suno.com.br\/noticias\/#organization\"},\"potentialAction\":[{\"@type\":\"SearchAction\",\"target\":{\"@type\":\"EntryPoint\",\"urlTemplate\":\"https:\/\/www.suno.com.br\/noticias\/?s={search_term_string}\"},\"query-input\":{\"@type\":\"PropertyValueSpecification\",\"valueRequired\":true,\"valueName\":\"search_term_string\"}}],\"inLanguage\":\"pt-BR\"},{\"@type\":\"Organization\",\"@id\":\"https:\/\/www.suno.com.br\/noticias\/#organization\",\"name\":\"Suno Not\u00edcias\",\"url\":\"https:\/\/www.suno.com.br\/noticias\/\",\"logo\":{\"@type\":\"ImageObject\",\"inLanguage\":\"pt-BR\",\"@id\":\"https:\/\/www.suno.com.br\/noticias\/#\/schema\/logo\/image\/\",\"url\":\"https:\/\/files.sunoresearch.com.br\/n\/uploads\/2021\/09\/suno-logo.png\",\"contentUrl\":\"https:\/\/files.sunoresearch.com.br\/n\/uploads\/2021\/09\/suno-logo.png\",\"width\":180,\"height\":180,\"caption\":\"Suno Not\u00edcias\"},\"image\":{\"@id\":\"https:\/\/www.suno.com.br\/noticias\/#\/schema\/logo\/image\/\"},\"sameAs\":[\"https:\/\/facebook.com\/sunoresearch\",\"https:\/\/x.com\/sunoresearch\",\"https:\/\/www.instagram.com\/suno\",\"https:\/\/www.linkedin.com\/company\/suno-research\/\",\"https:\/\/www.youtube.com\/c\/sunoresearch\"]},{\"@type\":\"Person\",\"@id\":\"https:\/\/www.suno.com.br\/noticias\/#\/schema\/person\/7f4d362bf3518e76090143ae77bb49a5\",\"name\":\"Eduardo Vargas\",\"image\":{\"@type\":\"ImageObject\",\"inLanguage\":\"pt-BR\",\"@id\":\"https:\/\/www.suno.com.br\/noticias\/#\/schema\/person\/image\/\",\"url\":\"https:\/\/secure.gravatar.com\/avatar\/dac340933427a22924c9f99d1eb2e3f2?s=96&r=g\",\"contentUrl\":\"https:\/\/secure.gravatar.com\/avatar\/dac340933427a22924c9f99d1eb2e3f2?s=96&r=g\",\"caption\":\"Eduardo Vargas\"},\"description\":\"Jornalista formado pela UFSC, cobre macroeconomia, neg\u00f3cios e startups para o Suno Not\u00edcias, escrevendo principalmente not\u00edcias sobre o mercado financeiro e a bolsa de valores. No YouTube e no Instagram, \u00e9 respons\u00e1vel pela produ\u00e7\u00e3o de Reels e Shorts do Suno Not\u00edcias. Anteriormente, trabalhou cobrindo economia e cotidiano no ND+ e para o ND, maior jornal impresso de Santa Catarina. Cursou um semestre letivo de Estudos de M\u00eddia na Universidad de Buenos Aires.\",\"url\":\"https:\/\/www.suno.com.br\/noticias\/author\/eduardo-vargas\/\"}]}<\/script>\n<!-- \/ Yoast SEO plugin. -->","yoast_head_json":{"title":"Fundos de investimento em 2021: aportes em a\u00e7\u00f5es caem 99%","description":"Fundos de investimento em a\u00e7\u00f5es acompanharam queda do Ibovespa, mas alta da Selic estimulou aportes em renda fixa. Clique aqui e leia mais.","robots":{"index":"index","follow":"follow","max-snippet":"max-snippet:-1","max-image-preview":"max-image-preview:large","max-video-preview":"max-video-preview:-1"},"canonical":"https:\/\/www.suno.com.br\/noticias\/anbima-fundos-de-investimento-renda-fixa-acoes\/","og_locale":"pt_BR","og_type":"article","og_title":"Fundos de investimento em 2021: aportes em a\u00e7\u00f5es caem 99%","og_description":"Fundos de investimento em a\u00e7\u00f5es acompanharam queda do Ibovespa, mas alta da Selic estimulou aportes em renda fixa. Clique aqui e leia mais.","og_url":"https:\/\/www.suno.com.br\/noticias\/anbima-fundos-de-investimento-renda-fixa-acoes\/","og_site_name":"Suno Not\u00edcias","article_publisher":"https:\/\/facebook.com\/sunoresearch","og_image":[{"width":2000,"height":1333,"url":"https:\/\/files.sunoresearch.com.br\/n\/uploads\/2021\/01\/73098460-fundos-de-investimento.jpg","type":"image\/jpeg"}],"author":"Eduardo Vargas","twitter_card":"summary_large_image","twitter_creator":"@sunoresearch","twitter_site":"@sunoresearch","twitter_misc":{"Escrito por":"Eduardo Vargas","Est. tempo de leitura":"3 minutos"},"schema":{"@context":"https:\/\/schema.org","@graph":[{"@type":"NewsArticle","@id":"https:\/\/www.suno.com.br\/noticias\/anbima-fundos-de-investimento-renda-fixa-acoes\/#article","isPartOf":{"@id":"https:\/\/www.suno.com.br\/noticias\/anbima-fundos-de-investimento-renda-fixa-acoes\/"},"author":{"name":"Eduardo Vargas","@id":"https:\/\/www.suno.com.br\/noticias\/#\/schema\/person\/7f4d362bf3518e76090143ae77bb49a5"},"headline":"Fundos de investimento em 2021: aportes em a\u00e7\u00f5es caem 99% e em renda fixa sobem 58%","datePublished":"2022-01-07T19:51:41+00:00","mainEntityOfPage":{"@id":"https:\/\/www.suno.com.br\/noticias\/anbima-fundos-de-investimento-renda-fixa-acoes\/"},"wordCount":557,"publisher":{"@id":"https:\/\/www.suno.com.br\/noticias\/#organization"},"image":{"@id":"https:\/\/www.suno.com.br\/noticias\/anbima-fundos-de-investimento-renda-fixa-acoes\/#primaryimage"},"thumbnailUrl":"https:\/\/files.sunoresearch.com.br\/n\/uploads\/2021\/01\/73098460-fundos-de-investimento-jpg.webp","keywords":["Anbima","FIDC","Fundos de a\u00e7\u00f5es","Fundos de investimento","Pesquisas"],"articleSection":["Mercado"],"inLanguage":"pt-BR"},{"@type":"WebPage","@id":"https:\/\/www.suno.com.br\/noticias\/anbima-fundos-de-investimento-renda-fixa-acoes\/","url":"https:\/\/www.suno.com.br\/noticias\/anbima-fundos-de-investimento-renda-fixa-acoes\/","name":"Fundos de investimento em 2021: aportes em a\u00e7\u00f5es caem 99%","isPartOf":{"@id":"https:\/\/www.suno.com.br\/noticias\/#website"},"primaryImageOfPage":{"@id":"https:\/\/www.suno.com.br\/noticias\/anbima-fundos-de-investimento-renda-fixa-acoes\/#primaryimage"},"image":{"@id":"https:\/\/www.suno.com.br\/noticias\/anbima-fundos-de-investimento-renda-fixa-acoes\/#primaryimage"},"thumbnailUrl":"https:\/\/files.sunoresearch.com.br\/n\/uploads\/2021\/01\/73098460-fundos-de-investimento-jpg.webp","datePublished":"2022-01-07T19:51:41+00:00","description":"Fundos de investimento em a\u00e7\u00f5es acompanharam queda do Ibovespa, mas alta da Selic estimulou aportes em renda fixa. Clique aqui e leia mais.","breadcrumb":{"@id":"https:\/\/www.suno.com.br\/noticias\/anbima-fundos-de-investimento-renda-fixa-acoes\/#breadcrumb"},"inLanguage":"pt-BR","potentialAction":[{"@type":"ReadAction","target":["https:\/\/www.suno.com.br\/noticias\/anbima-fundos-de-investimento-renda-fixa-acoes\/"]}]},{"@type":"ImageObject","inLanguage":"pt-BR","@id":"https:\/\/www.suno.com.br\/noticias\/anbima-fundos-de-investimento-renda-fixa-acoes\/#primaryimage","url":"https:\/\/files.sunoresearch.com.br\/n\/uploads\/2021\/01\/73098460-fundos-de-investimento-jpg.webp","contentUrl":"https:\/\/files.sunoresearch.com.br\/n\/uploads\/2021\/01\/73098460-fundos-de-investimento-jpg.webp","width":2000,"height":1333,"caption":"Fundos de investimento em a\u00e7\u00f5es acompanharam queda do Ibovespa, mas alta da Selic estimulou aportes em renda fixa"},{"@type":"BreadcrumbList","@id":"https:\/\/www.suno.com.br\/noticias\/anbima-fundos-de-investimento-renda-fixa-acoes\/#breadcrumb","itemListElement":[{"@type":"ListItem","position":1,"name":"Not\u00edcias","item":"https:\/\/www.suno.com.br\/noticias\/"},{"@type":"ListItem","position":2,"name":"Mercado","item":"https:\/\/www.suno.com.br\/noticias\/mercado\/"},{"@type":"ListItem","position":3,"name":"Fundos de investimento em 2021: aportes em a\u00e7\u00f5es caem 99% e em renda fixa sobem 58%"}]},{"@type":"WebSite","@id":"https:\/\/www.suno.com.br\/noticias\/#website","url":"https:\/\/www.suno.com.br\/noticias\/","name":"Suno Not\u00edcias","description":"Seu portal de informa\u00e7\u00e3o sobre o mundo dos investimentos","publisher":{"@id":"https:\/\/www.suno.com.br\/noticias\/#organization"},"potentialAction":[{"@type":"SearchAction","target":{"@type":"EntryPoint","urlTemplate":"https:\/\/www.suno.com.br\/noticias\/?s={search_term_string}"},"query-input":{"@type":"PropertyValueSpecification","valueRequired":true,"valueName":"search_term_string"}}],"inLanguage":"pt-BR"},{"@type":"Organization","@id":"https:\/\/www.suno.com.br\/noticias\/#organization","name":"Suno Not\u00edcias","url":"https:\/\/www.suno.com.br\/noticias\/","logo":{"@type":"ImageObject","inLanguage":"pt-BR","@id":"https:\/\/www.suno.com.br\/noticias\/#\/schema\/logo\/image\/","url":"https:\/\/files.sunoresearch.com.br\/n\/uploads\/2021\/09\/suno-logo.png","contentUrl":"https:\/\/files.sunoresearch.com.br\/n\/uploads\/2021\/09\/suno-logo.png","width":180,"height":180,"caption":"Suno Not\u00edcias"},"image":{"@id":"https:\/\/www.suno.com.br\/noticias\/#\/schema\/logo\/image\/"},"sameAs":["https:\/\/facebook.com\/sunoresearch","https:\/\/x.com\/sunoresearch","https:\/\/www.instagram.com\/suno","https:\/\/www.linkedin.com\/company\/suno-research\/","https:\/\/www.youtube.com\/c\/sunoresearch"]},{"@type":"Person","@id":"https:\/\/www.suno.com.br\/noticias\/#\/schema\/person\/7f4d362bf3518e76090143ae77bb49a5","name":"Eduardo Vargas","image":{"@type":"ImageObject","inLanguage":"pt-BR","@id":"https:\/\/www.suno.com.br\/noticias\/#\/schema\/person\/image\/","url":"https:\/\/secure.gravatar.com\/avatar\/dac340933427a22924c9f99d1eb2e3f2?s=96&r=g","contentUrl":"https:\/\/secure.gravatar.com\/avatar\/dac340933427a22924c9f99d1eb2e3f2?s=96&r=g","caption":"Eduardo Vargas"},"description":"Jornalista formado pela UFSC, cobre macroeconomia, neg\u00f3cios e startups para o Suno Not\u00edcias, escrevendo principalmente not\u00edcias sobre o mercado financeiro e a bolsa de valores. No YouTube e no Instagram, \u00e9 respons\u00e1vel pela produ\u00e7\u00e3o de Reels e Shorts do Suno Not\u00edcias. Anteriormente, trabalhou cobrindo economia e cotidiano no ND+ e para o ND, maior jornal impresso de Santa Catarina. Cursou um semestre letivo de Estudos de M\u00eddia na Universidad de Buenos Aires.","url":"https:\/\/www.suno.com.br\/noticias\/author\/eduardo-vargas\/"}]}},"default_loop_html":"<div class=\"cardsPage__listCard__boxs\"><div class=\"cardsPage__listCard__boxs__img\"><a href=\"https:\/\/www.suno.com.br\/noticias\/anbima-fundos-de-investimento-renda-fixa-acoes\/\"><img class=\"mask\" src=\"https:\/\/www.suno.com.br\/noticias\/wp-content\/themes\/suno\/resources\/images\/spotlight\/spotlight1img\/bg-mask.png\" alt=\"Image Mask\"\/><img src=\"https:\/\/files.sunoresearch.com.br\/n\/uploads\/2021\/01\/73098460-fundos-de-investimento-400x200.webp\" alt=\"Fundos de investimento em 2021: aportes em a\u00e7\u00f5es caem 99% e em renda fixa sobem 58%\"\/><\/a><span class=\"spotlightCategory\"><a href=\"https:\/\/www.suno.com.br\/noticias\/mercado\/\">Mercado<\/a><\/span><\/div><div class=\"cardsPage__listCard__boxs__content\"><a href=\"https:\/\/www.suno.com.br\/noticias\/anbima-fundos-de-investimento-renda-fixa-acoes\/\"><h2 class=\"content__title\">Fundos de investimento em 2021: aportes em a\u00e7\u00f5es caem 99% e em renda fixa sobem 58%<\/h2><\/a><div class=\"newsContent__article__meta\"><div class=\"newsContent__article__meta__authorBox\"><a href=\"https:\/\/www.suno.com.br\/noticias\/author\/eduardo-vargas\/\" class=\"authorBox__avatar noMobi\"><img src=\"https:\/\/secure.gravatar.com\/avatar\/dac340933427a22924c9f99d1eb2e3f2?s=96&#038;r=g\" alt=\"Eduardo Vargas\"><\/a><div class=\"authorBox__name\"><span>por\n\t\t\t<a href=\"https:\/\/www.suno.com.br\/noticias\/author\/eduardo-vargas\/\"><span itemprop=\"author\">Eduardo Vargas<\/span><\/a><\/span><time datetime=\"2022-01-07T16:51:41-03:00\" itemprop=\"datePublished\">07\/01\/2022 16:51<\/time><\/div><\/div><\/div><\/div><\/div>","single_layout":"posts","amp_enabled":true,"_links":{"self":[{"href":"https:\/\/www.suno.com.br\/noticias\/wp-json\/wp\/v2\/posts\/219712"}],"collection":[{"href":"https:\/\/www.suno.com.br\/noticias\/wp-json\/wp\/v2\/posts"}],"about":[{"href":"https:\/\/www.suno.com.br\/noticias\/wp-json\/wp\/v2\/types\/post"}],"author":[{"embeddable":true,"href":"https:\/\/www.suno.com.br\/noticias\/wp-json\/wp\/v2\/users\/73"}],"replies":[{"embeddable":true,"href":"https:\/\/www.suno.com.br\/noticias\/wp-json\/wp\/v2\/comments?post=219712"}],"version-history":[{"count":3,"href":"https:\/\/www.suno.com.br\/noticias\/wp-json\/wp\/v2\/posts\/219712\/revisions"}],"predecessor-version":[{"id":219843,"href":"https:\/\/www.suno.com.br\/noticias\/wp-json\/wp\/v2\/posts\/219712\/revisions\/219843"}],"wp:featuredmedia":[{"embeddable":true,"href":"https:\/\/www.suno.com.br\/noticias\/wp-json\/wp\/v2\/media\/112870"}],"wp:attachment":[{"href":"https:\/\/www.suno.com.br\/noticias\/wp-json\/wp\/v2\/media?parent=219712"}],"wp:term":[{"taxonomy":"category","embeddable":true,"href":"https:\/\/www.suno.com.br\/noticias\/wp-json\/wp\/v2\/categories?post=219712"},{"taxonomy":"post_tag","embeddable":true,"href":"https:\/\/www.suno.com.br\/noticias\/wp-json\/wp\/v2\/tags?post=219712"},{"taxonomy":"suno_strategy","embeddable":true,"href":"https:\/\/www.suno.com.br\/noticias\/wp-json\/wp\/v2\/suno_strategy?post=219712"}],"curies":[{"name":"wp","href":"https:\/\/api.w.org\/{rel}","templated":true}]}}