{"id":21971,"date":"2019-04-23T11:16:51","date_gmt":"2019-04-23T14:16:51","guid":{"rendered":"https:\/\/www.suno.com.br\/noticias\/?p=21971"},"modified":"2019-04-23T15:44:29","modified_gmt":"2019-04-23T18:44:29","slug":"lula-julgamento-defesa-nao-avisada","status":"publish","type":"post","link":"https:\/\/www.suno.com.br\/noticias\/lula-julgamento-defesa-nao-avisada\/","title":{"rendered":"Triplex: Defesa de Lula diz que n\u00e3o foi avisada e pede que STJ adie julgamento"},"content":{"rendered":"<p>A defesa do ex-presidente Luiz In\u00e1cio Lula da Silva pediu ao S<strong>uperior Tribunal de Justi\u00e7a (STJ)<\/strong> que adie o <strong>julgamento<\/strong> sobre o caso do <strong>triplex<\/strong> do <strong>Guaruj\u00e1.<\/strong><\/p>\t<div class=\"wrapper-featured-image\">\n\t\t<figure class=\"spotlightImg\">\n\n\t\t\t<picture>\n\t\t\t\t<source media=\"(max-width: 768px)\" srcset=\"https:\/\/files.sunoresearch.com.br\/n\/uploads\/2018\/11\/aa57a29c-lula-400x200.webp\">\n\t\t\t\t<img loading=\"lazy\" decoding=\"async\" class=\"newsContent__article__imgCapa lazyloadDisabled newsContent__article__imgCapa--noCaption\" src=\"https:\/\/files.sunoresearch.com.br\/n\/uploads\/2018\/11\/aa57a29c-lula-800x450.webp\" width=\"800\" height=\"450\" alt=\"Triplex: Defesa de Lula diz que n\u00e3o foi avisada e pede que STJ adie julgamento\" fetchpriority=high \/>\n\t\t\t<\/picture>\n\n\t\t\t<figcaption class=\"wp-caption-text wp-caption-text--hide\">Lula<\/figcaption>\n\t\t<\/figure>\n\t<\/div>\n\n\n<p>Um recurso apresentado pelos advogados de <strong>Lula,<\/strong> que busca reverter a condena\u00e7\u00e3o em segunda inst\u00e2ncia, est\u00e1 marcado para ser julgado na tarde desta ter\u00e7a-feira (23). Entretanto, a defesa do ex-presidente afirmou que n\u00e3o foi informada sobre o julgamento.<\/p>\n<p>Os advogados de <strong>Lula<\/strong> disseram que na segunda (22) foram informados pelo STJ de que ainda n\u00e3o havia data marcada para o <strong>julgamento.<\/strong> A defesa diz que tomou conhecimento da decis\u00e3o atrav\u00e9s de not\u00edcias publicadas pela m\u00eddia. Os advogados do petista afirmam que a situa\u00e7\u00e3o fere a garantia \u00e0 ampla defesa.<\/p>\n<h2>Caso triplex<\/h2>\n<p>Nesse caso,<a href=\"https:\/\/www.suno.com.br\/noticias\/lula-condenado-sitio-atibaia\/\"> <strong>Lula<\/strong> foi condenado em segunda inst\u00e2ncia a 12 anos<\/a> e 1 m\u00eas de pris\u00e3o em regime fechado pelos crimes de corrup\u00e7\u00e3o e lavagem de dinheiro.<\/p>\n\n<p>O<strong> Tribunal Regional Federal da 4\u00aa Regi\u00e3o (TRF-4)<\/strong> considerou que o apartamento em Guaruj\u00e1 era pagamento de propina a Lula por parte da construtora <strong>OAS.<\/strong>\u00a0O ex-presidente est\u00e1 preso na Superintend\u00eancia da<strong> Pol\u00edcia Federal de Curitiba<\/strong> desde abril do ano passado.<\/p>\n<p><a href=\"https:\/\/www.suno.com.br\/noticias\/fachin-rejeita-pedido-liberdade-de-lula\/\">Saiba mais: STJ rejeita novo pedido de liberdade de Lula\u00a0<\/a><\/p>\n<p>A Quinta Turma do <strong>STJ<\/strong> \u00e9 formada por cinco ministros. Entretanto, um deles Joel Paciornik, se declarou impedido. Com essa mudan\u00e7a, o recurso de <strong>Lula<\/strong> ser\u00e1 julgado somente por quatro ju\u00edzes. Eles s\u00e3o:<\/p>\n<ul>\n<li>Felix Fischer (relator da Lava Jato);<\/li>\n<li>Reynaldo Soares (presidente da Quinta Turma);<\/li>\n<li>Jorge Mussi;<\/li>\n<li>Marcelo Navarro Ribeiro Dantas.<\/li>\n<\/ul>\n<p>Em caso de empate, o ministro Antonio Saldanha, da Sexta Turma do STJ, ser\u00e1 convocado para participar do julgamento.<\/p>\n<h2>Lula se declarou inocente<\/h2>\n<p>O ex-presidente sempre se declarou inocente e os advogados de <strong>Lula<\/strong> afirmam que o <strong>Minist\u00e9rio P\u00fabico<\/strong> n\u00e3o produziu provas contra ele. Segundo a defesa, o petista n\u00e3o tem antecedente criminal, nem durante nem depois do mandato.<\/p>\n<p><a href=\"https:\/\/www.suno.com.br\/noticias\/lula-condenado-sitio-atibaia\/\">Saiba mais: Lula \u00e9 condenado a mais 12 anos e 11 meses por caso do s\u00edtio de Atibaia\u00a0<\/a><\/p>\n<p>O <strong>STJ<\/strong> recebeu o recurso em setembro de 2018. Em um primeiro momento, os advogados do ex-presidente pediram a absolvi\u00e7\u00e3o de <strong>Lula.<\/strong> Em alternativa, os legais demandaram a exclus\u00e3o de um dos crimes (lavagem de dinheiro) para poder obter uma redu\u00e7\u00e3o da pena. Entretanto, em seguida a\u00a0defesa mudou os termos do recurso e pediu a anula\u00e7\u00e3o da condena\u00e7\u00e3o e o envio do processo para a<strong> Justi\u00e7a Eleitoral<\/strong>.<\/p>\n\t<p>\n\t\t<a href=\"https:\/\/lp.suno.com.br\/planilha-controle-gastos\/\" target=\"_blank\" data-element=\"shortcode-suno-banner\" title=\"Banner SUNO, clique e saiba mais\">\n\t\t\t<picture>\n\t\t\t\t<source media=\"(max-width: 500px)\" srcset=\"https:\/\/files.sunoresearch.com.br\/n\/uploads\/2023\/03\/400x300-Planilha-controle-de-gastos.png\">\n\t\t\t\t<img class=\"newsContent__article__imgCapa newsContent__article__imgCapa--banner\"\n\t\t\t\t\tsrc=\"https:\/\/files.sunoresearch.com.br\/n\/uploads\/2023\/03\/1420x240-Planilha-controle-de-gastos.png\"\n\t\t\t\t\tdata-promo-id=\"311945\"\t\t\t\t\t\t\t\t\t\twidth='1420' height='240'\t\t\t\t\talt=\"https:\/\/files.sunoresearch.com.br\/n\/uploads\/2023\/03\/1420x240-Planilha-controle-de-gastos.png\"\n\t\t\t\t>\n\t\t\t<\/picture>\n\t\t<\/a>\n\t<\/p>\n\n\n<p>Os advogados apontaram tamb\u00e9m fatos que levariam a anula\u00e7\u00e3o do processo. Entre elas, a revela\u00e7\u00e3o de que a empreiteira <strong>OAS<\/strong> teria pago funcion\u00e1rios para realizar &#8220;ajustes&#8221; nas dela\u00e7\u00f5es. Assim como a exist\u00eancia de um acordo da <strong>Petrobras<\/strong> no qual a empresa teria reconhecido erros.<\/p>\n<p>Esse n\u00e3o \u00e9 o primeiro recurso apresentado pela defesa de <strong>Lula.<\/strong> Os advogados recorreram ao <strong>STJ<\/strong> e ao<strong> Supremo Tribunal Federal (STF)<\/strong>. Entretanto, no STF o caso permanecer\u00e1 congelado at\u00e9 o STJ concluir seu julgamento.<\/p>\n<p>No fim do ano passado, uma decis\u00e3o individual do ministro Fischer rejeitou recurso que tentava reverter a condena\u00e7\u00e3o. O juiz considerou que n\u00e3o houve nenhuma ilegalidade no processo. Entretanto, a defesa do ex-presidente recorreu para que todos os ministros analisassem o caso.<\/p>\n","protected":false},"excerpt":{"rendered":"<p>A defesa do ex-presidente Luiz In\u00e1cio Lula da Silva pediu ao Superior Tribunal de Justi\u00e7a (STJ) que adie o julgamento sobre o caso do triplex do Guaruj\u00e1. Lula Um recurso apresentado pelos advogados de Lula, que busca reverter a condena\u00e7\u00e3o em segunda inst\u00e2ncia, est\u00e1 marcado para ser julgado na tarde desta ter\u00e7a-feira (23). Entretanto, a [&hellip;]<\/p>\n","protected":false},"author":16,"featured_media":6859,"comment_status":"closed","ping_status":"closed","sticky":false,"template":"","format":"standard","meta":[],"categories":[61],"tags":[709,763],"suno_strategy":[],"class_list":["post-21971","post","type-post","status-publish","format-standard","has-post-thumbnail","hentry","category-politica","tag-lula","tag-superior-tribunal-justica-stj"],"yoast_head":"<!-- This site is optimized with the Yoast SEO plugin v24.4 - https:\/\/yoast.com\/wordpress\/plugins\/seo\/ -->\n<title>Defesa de Lula diz que n\u00e3o foi avisada e pede que STJ adie julgamento<\/title>\n<meta name=\"description\" content=\"O ex-presidente Lula entrou com recurso para rever a condena\u00e7\u00e3o em segunda inst\u00e2ncia no caso do Triplex do Guaruj\u00e1. Clique e saiba mais.\" \/>\n<meta name=\"robots\" content=\"index, follow, max-snippet:-1, max-image-preview:large, max-video-preview:-1\" \/>\n<link rel=\"canonical\" href=\"https:\/\/www.suno.com.br\/noticias\/lula-julgamento-defesa-nao-avisada\/\" \/>\n<meta property=\"og:locale\" content=\"pt_BR\" \/>\n<meta property=\"og:type\" content=\"article\" \/>\n<meta property=\"og:title\" content=\"Defesa de Lula diz que n\u00e3o foi avisada e pede que STJ adie julgamento\" \/>\n<meta property=\"og:description\" content=\"O ex-presidente Lula entrou com recurso para rever a condena\u00e7\u00e3o em segunda inst\u00e2ncia no caso do Triplex do Guaruj\u00e1. Clique e saiba mais.\" \/>\n<meta property=\"og:url\" content=\"https:\/\/www.suno.com.br\/noticias\/lula-julgamento-defesa-nao-avisada\/\" \/>\n<meta property=\"og:site_name\" content=\"Suno Not\u00edcias\" \/>\n<meta property=\"article:publisher\" content=\"https:\/\/facebook.com\/sunoresearch\" \/>\n<meta property=\"og:image\" content=\"https:\/\/files.sunoresearch.com.br\/n\/uploads\/2018\/11\/aa57a29c-lula.jpg\" \/>\n\t<meta property=\"og:image:width\" content=\"800\" \/>\n\t<meta property=\"og:image:height\" content=\"599\" \/>\n\t<meta property=\"og:image:type\" content=\"image\/jpeg\" \/>\n<meta name=\"author\" content=\"Beatriz Oliveira\" \/>\n<meta name=\"twitter:card\" content=\"summary_large_image\" \/>\n<meta name=\"twitter:creator\" content=\"@sunoresearch\" \/>\n<meta name=\"twitter:site\" content=\"@sunoresearch\" \/>\n<meta name=\"twitter:label1\" content=\"Escrito por\" \/>\n\t<meta name=\"twitter:data1\" content=\"Beatriz Oliveira\" \/>\n\t<meta name=\"twitter:label2\" content=\"Est. tempo de leitura\" \/>\n\t<meta name=\"twitter:data2\" content=\"3 minutos\" \/>\n<script type=\"application\/ld+json\" class=\"yoast-schema-graph\">{\"@context\":\"https:\/\/schema.org\",\"@graph\":[{\"@type\":\"NewsArticle\",\"@id\":\"https:\/\/www.suno.com.br\/noticias\/lula-julgamento-defesa-nao-avisada\/#article\",\"isPartOf\":{\"@id\":\"https:\/\/www.suno.com.br\/noticias\/lula-julgamento-defesa-nao-avisada\/\"},\"author\":{\"name\":\"Beatriz Oliveira\",\"@id\":\"https:\/\/www.suno.com.br\/noticias\/#\/schema\/person\/e67f665add014bf99f644028de070cc3\"},\"headline\":\"Triplex: Defesa de Lula diz que n\u00e3o foi avisada e pede que STJ adie julgamento\",\"datePublished\":\"2019-04-23T14:16:51+00:00\",\"dateModified\":\"2019-04-23T18:44:29+00:00\",\"mainEntityOfPage\":{\"@id\":\"https:\/\/www.suno.com.br\/noticias\/lula-julgamento-defesa-nao-avisada\/\"},\"wordCount\":565,\"publisher\":{\"@id\":\"https:\/\/www.suno.com.br\/noticias\/#organization\"},\"image\":{\"@id\":\"https:\/\/www.suno.com.br\/noticias\/lula-julgamento-defesa-nao-avisada\/#primaryimage\"},\"thumbnailUrl\":\"https:\/\/files.sunoresearch.com.br\/n\/uploads\/2018\/11\/aa57a29c-lula-jpg.webp\",\"keywords\":[\"Lula\",\"Superior Tribunal de Justi\u00e7a (STJ)\"],\"articleSection\":[\"Pol\u00edtica\"],\"inLanguage\":\"pt-BR\"},{\"@type\":\"WebPage\",\"@id\":\"https:\/\/www.suno.com.br\/noticias\/lula-julgamento-defesa-nao-avisada\/\",\"url\":\"https:\/\/www.suno.com.br\/noticias\/lula-julgamento-defesa-nao-avisada\/\",\"name\":\"Defesa de Lula diz que n\u00e3o foi avisada e pede que STJ adie julgamento\",\"isPartOf\":{\"@id\":\"https:\/\/www.suno.com.br\/noticias\/#website\"},\"primaryImageOfPage\":{\"@id\":\"https:\/\/www.suno.com.br\/noticias\/lula-julgamento-defesa-nao-avisada\/#primaryimage\"},\"image\":{\"@id\":\"https:\/\/www.suno.com.br\/noticias\/lula-julgamento-defesa-nao-avisada\/#primaryimage\"},\"thumbnailUrl\":\"https:\/\/files.sunoresearch.com.br\/n\/uploads\/2018\/11\/aa57a29c-lula-jpg.webp\",\"datePublished\":\"2019-04-23T14:16:51+00:00\",\"dateModified\":\"2019-04-23T18:44:29+00:00\",\"description\":\"O ex-presidente Lula entrou com recurso para rever a condena\u00e7\u00e3o em segunda inst\u00e2ncia no caso do Triplex do Guaruj\u00e1. Clique e saiba mais.\",\"breadcrumb\":{\"@id\":\"https:\/\/www.suno.com.br\/noticias\/lula-julgamento-defesa-nao-avisada\/#breadcrumb\"},\"inLanguage\":\"pt-BR\",\"potentialAction\":[{\"@type\":\"ReadAction\",\"target\":[\"https:\/\/www.suno.com.br\/noticias\/lula-julgamento-defesa-nao-avisada\/\"]}]},{\"@type\":\"ImageObject\",\"inLanguage\":\"pt-BR\",\"@id\":\"https:\/\/www.suno.com.br\/noticias\/lula-julgamento-defesa-nao-avisada\/#primaryimage\",\"url\":\"https:\/\/files.sunoresearch.com.br\/n\/uploads\/2018\/11\/aa57a29c-lula-jpg.webp\",\"contentUrl\":\"https:\/\/files.sunoresearch.com.br\/n\/uploads\/2018\/11\/aa57a29c-lula-jpg.webp\",\"width\":800,\"height\":599,\"caption\":\"Lula\"},{\"@type\":\"BreadcrumbList\",\"@id\":\"https:\/\/www.suno.com.br\/noticias\/lula-julgamento-defesa-nao-avisada\/#breadcrumb\",\"itemListElement\":[{\"@type\":\"ListItem\",\"position\":1,\"name\":\"Not\u00edcias\",\"item\":\"https:\/\/www.suno.com.br\/noticias\/\"},{\"@type\":\"ListItem\",\"position\":2,\"name\":\"Pol\u00edtica\",\"item\":\"https:\/\/www.suno.com.br\/noticias\/politica\/\"},{\"@type\":\"ListItem\",\"position\":3,\"name\":\"Triplex: Defesa de Lula diz que n\u00e3o foi avisada e pede que STJ adie julgamento\"}]},{\"@type\":\"WebSite\",\"@id\":\"https:\/\/www.suno.com.br\/noticias\/#website\",\"url\":\"https:\/\/www.suno.com.br\/noticias\/\",\"name\":\"Suno Not\u00edcias\",\"description\":\"Seu portal de informa\u00e7\u00e3o sobre o mundo dos investimentos\",\"publisher\":{\"@id\":\"https:\/\/www.suno.com.br\/noticias\/#organization\"},\"potentialAction\":[{\"@type\":\"SearchAction\",\"target\":{\"@type\":\"EntryPoint\",\"urlTemplate\":\"https:\/\/www.suno.com.br\/noticias\/?s={search_term_string}\"},\"query-input\":{\"@type\":\"PropertyValueSpecification\",\"valueRequired\":true,\"valueName\":\"search_term_string\"}}],\"inLanguage\":\"pt-BR\"},{\"@type\":\"Organization\",\"@id\":\"https:\/\/www.suno.com.br\/noticias\/#organization\",\"name\":\"Suno Not\u00edcias\",\"url\":\"https:\/\/www.suno.com.br\/noticias\/\",\"logo\":{\"@type\":\"ImageObject\",\"inLanguage\":\"pt-BR\",\"@id\":\"https:\/\/www.suno.com.br\/noticias\/#\/schema\/logo\/image\/\",\"url\":\"https:\/\/files.sunoresearch.com.br\/n\/uploads\/2021\/09\/suno-logo.png\",\"contentUrl\":\"https:\/\/files.sunoresearch.com.br\/n\/uploads\/2021\/09\/suno-logo.png\",\"width\":180,\"height\":180,\"caption\":\"Suno Not\u00edcias\"},\"image\":{\"@id\":\"https:\/\/www.suno.com.br\/noticias\/#\/schema\/logo\/image\/\"},\"sameAs\":[\"https:\/\/facebook.com\/sunoresearch\",\"https:\/\/x.com\/sunoresearch\",\"https:\/\/www.instagram.com\/suno\",\"https:\/\/www.linkedin.com\/company\/suno-research\/\",\"https:\/\/www.youtube.com\/c\/sunoresearch\"]},{\"@type\":\"Person\",\"@id\":\"https:\/\/www.suno.com.br\/noticias\/#\/schema\/person\/e67f665add014bf99f644028de070cc3\",\"name\":\"Beatriz Oliveira\",\"image\":{\"@type\":\"ImageObject\",\"inLanguage\":\"pt-BR\",\"@id\":\"https:\/\/www.suno.com.br\/noticias\/#\/schema\/person\/image\/\",\"url\":\"https:\/\/secure.gravatar.com\/avatar\/c9aa6a0aaecc598d257d5d5bd349157d?s=96&r=g\",\"contentUrl\":\"https:\/\/secure.gravatar.com\/avatar\/c9aa6a0aaecc598d257d5d5bd349157d?s=96&r=g\",\"caption\":\"Beatriz Oliveira\"},\"description\":\"Formada em Jornalismo pela Faculdade Paulus de Tecnologia e Comunica\u00e7\u00e3o, Beatriz Oliveira escreve para o portal de not\u00edcias Suno Research. Antes, passou pelas reda\u00e7\u00f5es da Revista EXAME e da Rede Bandeirantes.\",\"url\":\"https:\/\/www.suno.com.br\/noticias\/author\/beatriz\/\"}]}<\/script>\n<!-- \/ Yoast SEO plugin. -->","yoast_head_json":{"title":"Defesa de Lula diz que n\u00e3o foi avisada e pede que STJ adie julgamento","description":"O ex-presidente Lula entrou com recurso para rever a condena\u00e7\u00e3o em segunda inst\u00e2ncia no caso do Triplex do Guaruj\u00e1. Clique e saiba mais.","robots":{"index":"index","follow":"follow","max-snippet":"max-snippet:-1","max-image-preview":"max-image-preview:large","max-video-preview":"max-video-preview:-1"},"canonical":"https:\/\/www.suno.com.br\/noticias\/lula-julgamento-defesa-nao-avisada\/","og_locale":"pt_BR","og_type":"article","og_title":"Defesa de Lula diz que n\u00e3o foi avisada e pede que STJ adie julgamento","og_description":"O ex-presidente Lula entrou com recurso para rever a condena\u00e7\u00e3o em segunda inst\u00e2ncia no caso do Triplex do Guaruj\u00e1. Clique e saiba mais.","og_url":"https:\/\/www.suno.com.br\/noticias\/lula-julgamento-defesa-nao-avisada\/","og_site_name":"Suno Not\u00edcias","article_publisher":"https:\/\/facebook.com\/sunoresearch","og_image":[{"width":800,"height":599,"url":"https:\/\/files.sunoresearch.com.br\/n\/uploads\/2018\/11\/aa57a29c-lula.jpg","type":"image\/jpeg"}],"author":"Beatriz Oliveira","twitter_card":"summary_large_image","twitter_creator":"@sunoresearch","twitter_site":"@sunoresearch","twitter_misc":{"Escrito por":"Beatriz Oliveira","Est. tempo de leitura":"3 minutos"},"schema":{"@context":"https:\/\/schema.org","@graph":[{"@type":"NewsArticle","@id":"https:\/\/www.suno.com.br\/noticias\/lula-julgamento-defesa-nao-avisada\/#article","isPartOf":{"@id":"https:\/\/www.suno.com.br\/noticias\/lula-julgamento-defesa-nao-avisada\/"},"author":{"name":"Beatriz Oliveira","@id":"https:\/\/www.suno.com.br\/noticias\/#\/schema\/person\/e67f665add014bf99f644028de070cc3"},"headline":"Triplex: Defesa de Lula diz que n\u00e3o foi avisada e pede que STJ adie julgamento","datePublished":"2019-04-23T14:16:51+00:00","dateModified":"2019-04-23T18:44:29+00:00","mainEntityOfPage":{"@id":"https:\/\/www.suno.com.br\/noticias\/lula-julgamento-defesa-nao-avisada\/"},"wordCount":565,"publisher":{"@id":"https:\/\/www.suno.com.br\/noticias\/#organization"},"image":{"@id":"https:\/\/www.suno.com.br\/noticias\/lula-julgamento-defesa-nao-avisada\/#primaryimage"},"thumbnailUrl":"https:\/\/files.sunoresearch.com.br\/n\/uploads\/2018\/11\/aa57a29c-lula-jpg.webp","keywords":["Lula","Superior Tribunal de Justi\u00e7a (STJ)"],"articleSection":["Pol\u00edtica"],"inLanguage":"pt-BR"},{"@type":"WebPage","@id":"https:\/\/www.suno.com.br\/noticias\/lula-julgamento-defesa-nao-avisada\/","url":"https:\/\/www.suno.com.br\/noticias\/lula-julgamento-defesa-nao-avisada\/","name":"Defesa de Lula diz que n\u00e3o foi avisada e pede que STJ adie julgamento","isPartOf":{"@id":"https:\/\/www.suno.com.br\/noticias\/#website"},"primaryImageOfPage":{"@id":"https:\/\/www.suno.com.br\/noticias\/lula-julgamento-defesa-nao-avisada\/#primaryimage"},"image":{"@id":"https:\/\/www.suno.com.br\/noticias\/lula-julgamento-defesa-nao-avisada\/#primaryimage"},"thumbnailUrl":"https:\/\/files.sunoresearch.com.br\/n\/uploads\/2018\/11\/aa57a29c-lula-jpg.webp","datePublished":"2019-04-23T14:16:51+00:00","dateModified":"2019-04-23T18:44:29+00:00","description":"O ex-presidente Lula entrou com recurso para rever a condena\u00e7\u00e3o em segunda inst\u00e2ncia no caso do Triplex do Guaruj\u00e1. Clique e saiba mais.","breadcrumb":{"@id":"https:\/\/www.suno.com.br\/noticias\/lula-julgamento-defesa-nao-avisada\/#breadcrumb"},"inLanguage":"pt-BR","potentialAction":[{"@type":"ReadAction","target":["https:\/\/www.suno.com.br\/noticias\/lula-julgamento-defesa-nao-avisada\/"]}]},{"@type":"ImageObject","inLanguage":"pt-BR","@id":"https:\/\/www.suno.com.br\/noticias\/lula-julgamento-defesa-nao-avisada\/#primaryimage","url":"https:\/\/files.sunoresearch.com.br\/n\/uploads\/2018\/11\/aa57a29c-lula-jpg.webp","contentUrl":"https:\/\/files.sunoresearch.com.br\/n\/uploads\/2018\/11\/aa57a29c-lula-jpg.webp","width":800,"height":599,"caption":"Lula"},{"@type":"BreadcrumbList","@id":"https:\/\/www.suno.com.br\/noticias\/lula-julgamento-defesa-nao-avisada\/#breadcrumb","itemListElement":[{"@type":"ListItem","position":1,"name":"Not\u00edcias","item":"https:\/\/www.suno.com.br\/noticias\/"},{"@type":"ListItem","position":2,"name":"Pol\u00edtica","item":"https:\/\/www.suno.com.br\/noticias\/politica\/"},{"@type":"ListItem","position":3,"name":"Triplex: Defesa de Lula diz que n\u00e3o foi avisada e pede que STJ adie julgamento"}]},{"@type":"WebSite","@id":"https:\/\/www.suno.com.br\/noticias\/#website","url":"https:\/\/www.suno.com.br\/noticias\/","name":"Suno Not\u00edcias","description":"Seu portal de informa\u00e7\u00e3o sobre o mundo dos investimentos","publisher":{"@id":"https:\/\/www.suno.com.br\/noticias\/#organization"},"potentialAction":[{"@type":"SearchAction","target":{"@type":"EntryPoint","urlTemplate":"https:\/\/www.suno.com.br\/noticias\/?s={search_term_string}"},"query-input":{"@type":"PropertyValueSpecification","valueRequired":true,"valueName":"search_term_string"}}],"inLanguage":"pt-BR"},{"@type":"Organization","@id":"https:\/\/www.suno.com.br\/noticias\/#organization","name":"Suno Not\u00edcias","url":"https:\/\/www.suno.com.br\/noticias\/","logo":{"@type":"ImageObject","inLanguage":"pt-BR","@id":"https:\/\/www.suno.com.br\/noticias\/#\/schema\/logo\/image\/","url":"https:\/\/files.sunoresearch.com.br\/n\/uploads\/2021\/09\/suno-logo.png","contentUrl":"https:\/\/files.sunoresearch.com.br\/n\/uploads\/2021\/09\/suno-logo.png","width":180,"height":180,"caption":"Suno Not\u00edcias"},"image":{"@id":"https:\/\/www.suno.com.br\/noticias\/#\/schema\/logo\/image\/"},"sameAs":["https:\/\/facebook.com\/sunoresearch","https:\/\/x.com\/sunoresearch","https:\/\/www.instagram.com\/suno","https:\/\/www.linkedin.com\/company\/suno-research\/","https:\/\/www.youtube.com\/c\/sunoresearch"]},{"@type":"Person","@id":"https:\/\/www.suno.com.br\/noticias\/#\/schema\/person\/e67f665add014bf99f644028de070cc3","name":"Beatriz Oliveira","image":{"@type":"ImageObject","inLanguage":"pt-BR","@id":"https:\/\/www.suno.com.br\/noticias\/#\/schema\/person\/image\/","url":"https:\/\/secure.gravatar.com\/avatar\/c9aa6a0aaecc598d257d5d5bd349157d?s=96&r=g","contentUrl":"https:\/\/secure.gravatar.com\/avatar\/c9aa6a0aaecc598d257d5d5bd349157d?s=96&r=g","caption":"Beatriz Oliveira"},"description":"Formada em Jornalismo pela Faculdade Paulus de Tecnologia e Comunica\u00e7\u00e3o, Beatriz Oliveira escreve para o portal de not\u00edcias Suno Research. Antes, passou pelas reda\u00e7\u00f5es da Revista EXAME e da Rede Bandeirantes.","url":"https:\/\/www.suno.com.br\/noticias\/author\/beatriz\/"}]}},"default_loop_html":"<div class=\"cardsPage__listCard__boxs\"><div class=\"cardsPage__listCard__boxs__img\"><a href=\"https:\/\/www.suno.com.br\/noticias\/lula-julgamento-defesa-nao-avisada\/\"><img class=\"mask\" src=\"https:\/\/www.suno.com.br\/noticias\/wp-content\/themes\/suno\/resources\/images\/spotlight\/spotlight1img\/bg-mask.png\" alt=\"Image Mask\"\/><img src=\"https:\/\/files.sunoresearch.com.br\/n\/uploads\/2018\/11\/aa57a29c-lula-400x200.webp\" alt=\"Triplex: Defesa de Lula diz que n\u00e3o foi avisada e pede que STJ adie julgamento\"\/><\/a><span class=\"spotlightCategory\"><a href=\"https:\/\/www.suno.com.br\/noticias\/politica\/\">Pol\u00edtica<\/a><\/span><\/div><div class=\"cardsPage__listCard__boxs__content\"><a href=\"https:\/\/www.suno.com.br\/noticias\/lula-julgamento-defesa-nao-avisada\/\"><h2 class=\"content__title\">Triplex: Defesa de Lula diz que n\u00e3o foi avisada e pede que STJ adie julgamento<\/h2><\/a><div class=\"newsContent__article__meta\"><div class=\"newsContent__article__meta__authorBox\"><a href=\"https:\/\/www.suno.com.br\/noticias\/author\/beatriz\/\" class=\"authorBox__avatar noMobi\"><img src=\"https:\/\/secure.gravatar.com\/avatar\/c9aa6a0aaecc598d257d5d5bd349157d?s=96&#038;r=g\" alt=\"Beatriz Oliveira\"><\/a><div class=\"authorBox__name\"><span>por\n\t\t\t<a href=\"https:\/\/www.suno.com.br\/noticias\/author\/beatriz\/\"><span itemprop=\"author\">Beatriz Oliveira<\/span><\/a><\/span><time datetime=\"2019-04-23T11:16:51-03:00\" itemprop=\"datePublished\">23\/04\/2019 11:16<\/time><\/div><\/div><\/div><\/div><\/div>","single_layout":"posts","amp_enabled":true,"_links":{"self":[{"href":"https:\/\/www.suno.com.br\/noticias\/wp-json\/wp\/v2\/posts\/21971"}],"collection":[{"href":"https:\/\/www.suno.com.br\/noticias\/wp-json\/wp\/v2\/posts"}],"about":[{"href":"https:\/\/www.suno.com.br\/noticias\/wp-json\/wp\/v2\/types\/post"}],"author":[{"embeddable":true,"href":"https:\/\/www.suno.com.br\/noticias\/wp-json\/wp\/v2\/users\/16"}],"replies":[{"embeddable":true,"href":"https:\/\/www.suno.com.br\/noticias\/wp-json\/wp\/v2\/comments?post=21971"}],"version-history":[{"count":0,"href":"https:\/\/www.suno.com.br\/noticias\/wp-json\/wp\/v2\/posts\/21971\/revisions"}],"wp:featuredmedia":[{"embeddable":true,"href":"https:\/\/www.suno.com.br\/noticias\/wp-json\/wp\/v2\/media\/6859"}],"wp:attachment":[{"href":"https:\/\/www.suno.com.br\/noticias\/wp-json\/wp\/v2\/media?parent=21971"}],"wp:term":[{"taxonomy":"category","embeddable":true,"href":"https:\/\/www.suno.com.br\/noticias\/wp-json\/wp\/v2\/categories?post=21971"},{"taxonomy":"post_tag","embeddable":true,"href":"https:\/\/www.suno.com.br\/noticias\/wp-json\/wp\/v2\/tags?post=21971"},{"taxonomy":"suno_strategy","embeddable":true,"href":"https:\/\/www.suno.com.br\/noticias\/wp-json\/wp\/v2\/suno_strategy?post=21971"}],"curies":[{"name":"wp","href":"https:\/\/api.w.org\/{rel}","templated":true}]}}