{"id":219506,"date":"2022-01-06T20:39:19","date_gmt":"2022-01-06T23:39:19","guid":{"rendered":"https:\/\/www.suno.com.br\/noticias\/?p=219506"},"modified":"2022-01-06T20:39:19","modified_gmt":"2022-01-06T23:39:19","slug":"bmw-apresenta-carro-que-muda-de-cor-com-um-toque-veja-os-videos","status":"publish","type":"post","link":"https:\/\/www.suno.com.br\/noticias\/bmw-apresenta-carro-que-muda-de-cor-com-um-toque-veja-os-videos\/","title":{"rendered":"BMW apresenta carro que muda de cor com um toque; veja os v\u00eddeos"},"content":{"rendered":"<p>A fabricante <strong>BMW<\/strong> apresentou na \u00faltima quarta-feira (5) um novo sistema para o el\u00e9trico\u00a0<strong>iX, <\/strong>que permite o ve\u00edculo mudar de cor instantaneamente, com um toque em um dispositivo. O recurso foi apresentado na feira de tecnologia Consumer Electronics Show (CES) 2022, em Las Vegas, nos Estados Unidos.<\/p>\t<div class=\"wrapper-featured-image\">\n\t\t<figure class=\"spotlightImg\">\n\n\t\t\t<picture>\n\t\t\t\t<source media=\"(max-width: 768px)\" srcset=\"https:\/\/files.sunoresearch.com.br\/n\/uploads\/2022\/01\/BMW-MY22-iX-Gallery-09-400x200.webp\">\n\t\t\t\t<img loading=\"lazy\" decoding=\"async\" class=\"newsContent__article__imgCapa lazyloadDisabled \" src=\"https:\/\/files.sunoresearch.com.br\/n\/uploads\/2022\/01\/BMW-MY22-iX-Gallery-09-800x450.webp\" width=\"800\" height=\"450\" alt=\"BMW apresenta carro que muda de cor com um toque; veja os v\u00eddeos\" fetchpriority=high \/>\n\t\t\t<\/picture>\n\n\t\t\t<figcaption class=\"wp-caption-text wp-caption-text--show\">Al\u00e9m do corte no imposto do carro importado, governo reduziu al\u00edquota de jet skis - Foto: divulga\u00e7\u00e3o.<\/figcaption>\n\t\t<\/figure>\n\t<\/div>\n\n\n\t<p>\n\t\t<a href=\"https:\/\/lp.suno.com.br\/planilha-controle-gastos\/\" target=\"_blank\" data-element=\"shortcode-suno-banner\" title=\"Banner SUNO, clique e saiba mais\">\n\t\t\t<picture>\n\t\t\t\t<source media=\"(max-width: 500px)\" srcset=\"https:\/\/files.sunoresearch.com.br\/n\/uploads\/2023\/03\/400x300-Planilha-controle-de-gastos.png\">\n\t\t\t\t<img class=\"newsContent__article__imgCapa newsContent__article__imgCapa--banner\"\n\t\t\t\t\tsrc=\"https:\/\/files.sunoresearch.com.br\/n\/uploads\/2023\/03\/1420x240-Planilha-controle-de-gastos.png\"\n\t\t\t\t\tdata-promo-id=\"101751\"\t\t\t\t\t\t\t\t\t\twidth='1420' height='240'\t\t\t\t\talt=\"https:\/\/files.sunoresearch.com.br\/n\/uploads\/2023\/03\/1420x240-Planilha-controle-de-gastos.png\"\n\t\t\t\t>\n\t\t\t<\/picture>\n\t\t<\/a>\n\t<\/p>\n\n\n<p>A empresa divulgou nesta quinta (6), em seu perfil oficial no Twitter, um v\u00eddeo promocional que demonstra a nova funcionalidade do &#8220;<strong>carro que muda de cor<\/strong>&#8220;. Confira:<\/p>\n<blockquote class=\"twitter-tweet\">\n<p dir=\"ltr\" lang=\"en\">Secret\u2019s out. From CES 2022, here\u2019s a first look at the BMW <a href=\"https:\/\/twitter.com\/hashtag\/iX?src=hash&amp;ref_src=twsrc%5Etfw\">#iX<\/a> Flow with E Ink that allows instant color change. <a href=\"https:\/\/t.co\/wj0v5On7Wg\">https:\/\/t.co\/wj0v5On7Wg<\/a> <a href=\"https:\/\/t.co\/I9VpaR6Q5M\">pic.twitter.com\/I9VpaR6Q5M<\/a><\/p>\n<p>\u2014 BMW USA (@BMWUSA) <a href=\"https:\/\/twitter.com\/BMWUSA\/status\/1479147432474775557?ref_src=twsrc%5Etfw\">January 6, 2022<\/a><\/p><\/blockquote>\n<p><script async src=\"https:\/\/platform.twitter.com\/widgets.js\" charset=\"utf-8\"><\/script>\t<p>\n\t\t<a href=\"https:\/\/lp.suno.com.br\/planilha-de-controle-de-investimentos\/\" target=\"_blank\" data-element=\"shortcode-suno-banner\" title=\"Banner SUNO, clique e saiba mais\">\n\t\t\t<picture>\n\t\t\t\t<source media=\"(max-width: 500px)\" srcset=\"https:\/\/files.sunoresearch.com.br\/n\/uploads\/2023\/03\/400x300-Controle-de-Investimentos.png\">\n\t\t\t\t<img class=\"newsContent__article__imgCapa newsContent__article__imgCapa--banner\"\n\t\t\t\t\tsrc=\"https:\/\/files.sunoresearch.com.br\/n\/uploads\/2023\/03\/1420x240-Controle-de-Investimentos.png\"\n\t\t\t\t\tdata-promo-id=\"75934\"\t\t\t\t\t\t\t\t\t\twidth='1420' height='240'\t\t\t\t\talt=\"https:\/\/files.sunoresearch.com.br\/n\/uploads\/2023\/03\/1420x240-Controle-de-Investimentos.png\"\n\t\t\t\t>\n\t\t\t<\/picture>\n\t\t<\/a>\n\t<\/p>\n\n<\/p>\n<blockquote class=\"twitter-tweet\">\n<p dir=\"ltr\" lang=\"en\">BMW showing off their color changing car at <a href=\"https:\/\/twitter.com\/hashtag\/CES?src=hash&amp;ref_src=twsrc%5Etfw\">#CES<\/a> today \ud83e\udd2f <a href=\"https:\/\/t.co\/epp07gRVoo\">pic.twitter.com\/epp07gRVoo<\/a><\/p>\n<p>\u2014 Latest in Engineering (@latestengineer) <a href=\"https:\/\/twitter.com\/latestengineer\/status\/1478548105972826114?ref_src=twsrc%5Etfw\">January 5, 2022<\/a><\/p><\/blockquote>\n<p><script async src=\"https:\/\/platform.twitter.com\/widgets.js\" charset=\"utf-8\"><\/script><\/p>\n<h2>Inova\u00e7\u00e3o da BMW ainda est\u00e1 em testes<\/h2>\n<p>A nova tecnologia implementada no <strong>modelo da BMW<\/strong> foi vista mudando do branco para cinza ou preto e voltando em instantes. Por enquanto a tecnologia permite apenas varia\u00e7\u00f5es de cinza, mas a empresa declarou que outras cores podem ser introduzidas nesses ve\u00edculos.<\/p>\n<p>O<strong> BMW iX<\/strong> personalizado tem pain\u00e9is da carroceria feitos de visores <strong>E Ink<\/strong> &#8212; a mesma tecnologia presente na tela de um Kindle, por exemplo &#8212; em um sistema que a companhia chama de &#8216;iX Flow&#8217;, que permite a mudan\u00e7a de cor.<\/p>\n\t<p>\n\t\t<a href=\"https:\/\/lp.suno.com.br\/planilha-da-vida-financeira\/\" target=\"_blank\" data-element=\"shortcode-suno-banner\" title=\"Banner SUNO, clique e saiba mais\">\n\t\t\t<picture>\n\t\t\t\t<source media=\"(max-width: 500px)\" srcset=\"https:\/\/files.sunoresearch.com.br\/n\/uploads\/2023\/04\/400x300-Planilha-vida-financeira-true.png\">\n\t\t\t\t<img class=\"newsContent__article__imgCapa newsContent__article__imgCapa--banner\"\n\t\t\t\t\tsrc=\"https:\/\/files.sunoresearch.com.br\/n\/uploads\/2023\/04\/1420x240-Planilha-vida-financeira-true.png\"\n\t\t\t\t\tdata-promo-id=\"106682\"\t\t\t\t\t\t\t\t\t\twidth='1420' height='240'\t\t\t\t\talt=\"https:\/\/files.sunoresearch.com.br\/n\/uploads\/2023\/04\/1420x240-Planilha-vida-financeira-true.png\"\n\t\t\t\t>\n\t\t\t<\/picture>\n\t\t<\/a>\n\t<\/p>\n\n\n<p>O modelo pode ser colorido em uma ou diferentes tonalidades em diferentes partes do chassi. At\u00e9 as rodas podem mudar de cor.<\/p>\n<p>\u201cUma superf\u00edcie branca reflete muito mais luz solar do que preta\u201d, disse a empresa. \u201cDessa forma, o aquecimento do ve\u00edculo e do compartimento de passageiros, como resultado da forte luz solar e altas temperaturas externas, pode ser reduzido alterando o exterior para uma cor clara.\u201d Inversamente, em climas mais frios, os tons mais escuros ajudam o ve\u00edculo a absorver mais o calor do sol.<\/p>\n\t<div data-element=\"shortcode-read-more\" class=\"knowMore\">\n\t\t\t\t<span class=\"knowMore__title\">Veja tamb\u00e9m<\/span>\n\t\t\t\t<a class=\"knowMore__link\" href=\"https:\/\/www.suno.com.br\/noticias\/tesla-entregas-veiculos-eletricos-2021\/\">\n\t\t\tTesla abre em alta de 8,27% depois de entregas recordes\t\t<\/a>\n\t<\/div>\n\n\n<p>Embora tenha citado vantagens na tecnologia para mudar a cor do ve\u00edculo a qualquer momento, a <strong>BMW<\/strong> n\u00e3o anunciou planos para trazer a novidade futur\u00edstica em um ve\u00edculo de produ\u00e7\u00e3o. A empresa afirma que, por enquanto, se trata apenas de um <strong>experimento de pesquisa<\/strong> da equipe de design.<\/p>\n\t<p>\n\t\t<a href=\"\" target=\"_blank\" data-element=\"shortcode-suno-banner\" title=\"Banner SUNO, clique e saiba mais\">\n\t\t\t<picture>\n\t\t\t\t<source media=\"(max-width: 500px)\" srcset=\"\">\n\t\t\t\t<img class=\"newsContent__article__imgCapa newsContent__article__imgCapa--banner\"\n\t\t\t\t\tsrc=\"\"\n\t\t\t\t\tdata-promo-id=\"184190\"\t\t\t\t\t\t\t\t\t\t\t\t\t\t\talt=\"\"\n\t\t\t\t>\n\t\t\t<\/picture>\n\t\t<\/a>\n\t<\/p>\n\n\n","protected":false},"excerpt":{"rendered":"<p>A fabricante BMW apresentou na \u00faltima quarta-feira (5) um novo sistema para o el\u00e9trico\u00a0iX, que permite o ve\u00edculo mudar de cor instantaneamente, com um toque em um dispositivo. O recurso foi apresentado na feira de tecnologia Consumer Electronics Show (CES) 2022, em Las Vegas, nos Estados Unidos. Al\u00e9m do corte no imposto do carro importado, [&hellip;]<\/p>\n","protected":false},"author":118,"featured_media":219523,"comment_status":"closed","ping_status":"closed","sticky":false,"template":"","format":"standard","meta":[],"categories":[64],"tags":[1376],"suno_strategy":[],"class_list":["post-219506","post","type-post","status-publish","format-standard","has-post-thumbnail","hentry","category-negocios","tag-carros-eletricos"],"yoast_head":"<!-- This site is optimized with the Yoast SEO plugin v24.4 - https:\/\/yoast.com\/wordpress\/plugins\/seo\/ -->\n<title>BMW apresenta novo modelo de carro que muda de cor; confira<\/title>\n<meta name=\"description\" content=\"A BMW apresentou na \u00faltima quarta-feira (5) um novo sistema para o el\u00e9trico\u00a0iX, que permite o ve\u00edculo mudar de cor instantaneamente. Confira!\" \/>\n<meta name=\"robots\" content=\"index, follow, max-snippet:-1, max-image-preview:large, max-video-preview:-1\" \/>\n<link rel=\"canonical\" href=\"https:\/\/www.suno.com.br\/noticias\/bmw-apresenta-carro-que-muda-de-cor-com-um-toque-veja-os-videos\/\" \/>\n<meta property=\"og:locale\" content=\"pt_BR\" \/>\n<meta property=\"og:type\" content=\"article\" \/>\n<meta property=\"og:title\" content=\"BMW apresenta novo modelo de carro que muda de cor; confira\" \/>\n<meta property=\"og:description\" content=\"A BMW apresentou na \u00faltima quarta-feira (5) um novo sistema para o el\u00e9trico\u00a0iX, que permite o ve\u00edculo mudar de cor instantaneamente. Confira!\" \/>\n<meta property=\"og:url\" content=\"https:\/\/www.suno.com.br\/noticias\/bmw-apresenta-carro-que-muda-de-cor-com-um-toque-veja-os-videos\/\" \/>\n<meta property=\"og:site_name\" content=\"Suno Not\u00edcias\" \/>\n<meta property=\"article:publisher\" content=\"https:\/\/facebook.com\/sunoresearch\" \/>\n<meta property=\"og:image\" content=\"https:\/\/files.sunoresearch.com.br\/n\/uploads\/2022\/01\/BMW-MY22-iX-Gallery-09.webp\" \/>\n\t<meta property=\"og:image:width\" content=\"1600\" \/>\n\t<meta property=\"og:image:height\" content=\"900\" \/>\n\t<meta property=\"og:image:type\" content=\"image\/webp\" \/>\n<meta name=\"author\" content=\"Bruno Galv\u00e3o\" \/>\n<meta name=\"twitter:card\" content=\"summary_large_image\" \/>\n<meta name=\"twitter:creator\" content=\"@sunoresearch\" \/>\n<meta name=\"twitter:site\" content=\"@sunoresearch\" \/>\n<meta name=\"twitter:label1\" content=\"Escrito por\" \/>\n\t<meta name=\"twitter:data1\" content=\"Bruno Galv\u00e3o\" \/>\n\t<meta name=\"twitter:label2\" content=\"Est. tempo de leitura\" \/>\n\t<meta name=\"twitter:data2\" content=\"2 minutos\" \/>\n<script type=\"application\/ld+json\" class=\"yoast-schema-graph\">{\"@context\":\"https:\/\/schema.org\",\"@graph\":[{\"@type\":\"NewsArticle\",\"@id\":\"https:\/\/www.suno.com.br\/noticias\/bmw-apresenta-carro-que-muda-de-cor-com-um-toque-veja-os-videos\/#article\",\"isPartOf\":{\"@id\":\"https:\/\/www.suno.com.br\/noticias\/bmw-apresenta-carro-que-muda-de-cor-com-um-toque-veja-os-videos\/\"},\"author\":{\"name\":\"Bruno Galv\u00e3o\",\"@id\":\"https:\/\/www.suno.com.br\/noticias\/#\/schema\/person\/06f0d962a6b1c54852e4860f16935600\"},\"headline\":\"BMW apresenta carro que muda de cor com um toque; veja os v\u00eddeos\",\"datePublished\":\"2022-01-06T23:39:19+00:00\",\"mainEntityOfPage\":{\"@id\":\"https:\/\/www.suno.com.br\/noticias\/bmw-apresenta-carro-que-muda-de-cor-com-um-toque-veja-os-videos\/\"},\"wordCount\":408,\"publisher\":{\"@id\":\"https:\/\/www.suno.com.br\/noticias\/#organization\"},\"image\":{\"@id\":\"https:\/\/www.suno.com.br\/noticias\/bmw-apresenta-carro-que-muda-de-cor-com-um-toque-veja-os-videos\/#primaryimage\"},\"thumbnailUrl\":\"https:\/\/files.sunoresearch.com.br\/n\/uploads\/2022\/01\/BMW-MY22-iX-Gallery-09.webp\",\"keywords\":[\"carros el\u00e9tricos\"],\"articleSection\":[\"Neg\u00f3cios\"],\"inLanguage\":\"pt-BR\"},{\"@type\":\"WebPage\",\"@id\":\"https:\/\/www.suno.com.br\/noticias\/bmw-apresenta-carro-que-muda-de-cor-com-um-toque-veja-os-videos\/\",\"url\":\"https:\/\/www.suno.com.br\/noticias\/bmw-apresenta-carro-que-muda-de-cor-com-um-toque-veja-os-videos\/\",\"name\":\"BMW apresenta novo modelo de carro que muda de cor; confira\",\"isPartOf\":{\"@id\":\"https:\/\/www.suno.com.br\/noticias\/#website\"},\"primaryImageOfPage\":{\"@id\":\"https:\/\/www.suno.com.br\/noticias\/bmw-apresenta-carro-que-muda-de-cor-com-um-toque-veja-os-videos\/#primaryimage\"},\"image\":{\"@id\":\"https:\/\/www.suno.com.br\/noticias\/bmw-apresenta-carro-que-muda-de-cor-com-um-toque-veja-os-videos\/#primaryimage\"},\"thumbnailUrl\":\"https:\/\/files.sunoresearch.com.br\/n\/uploads\/2022\/01\/BMW-MY22-iX-Gallery-09.webp\",\"datePublished\":\"2022-01-06T23:39:19+00:00\",\"description\":\"A BMW apresentou na \u00faltima quarta-feira (5) um novo sistema para o el\u00e9trico\u00a0iX, que permite o ve\u00edculo mudar de cor instantaneamente. Confira!\",\"breadcrumb\":{\"@id\":\"https:\/\/www.suno.com.br\/noticias\/bmw-apresenta-carro-que-muda-de-cor-com-um-toque-veja-os-videos\/#breadcrumb\"},\"inLanguage\":\"pt-BR\",\"potentialAction\":[{\"@type\":\"ReadAction\",\"target\":[\"https:\/\/www.suno.com.br\/noticias\/bmw-apresenta-carro-que-muda-de-cor-com-um-toque-veja-os-videos\/\"]}]},{\"@type\":\"ImageObject\",\"inLanguage\":\"pt-BR\",\"@id\":\"https:\/\/www.suno.com.br\/noticias\/bmw-apresenta-carro-que-muda-de-cor-com-um-toque-veja-os-videos\/#primaryimage\",\"url\":\"https:\/\/files.sunoresearch.com.br\/n\/uploads\/2022\/01\/BMW-MY22-iX-Gallery-09.webp\",\"contentUrl\":\"https:\/\/files.sunoresearch.com.br\/n\/uploads\/2022\/01\/BMW-MY22-iX-Gallery-09.webp\",\"width\":1600,\"height\":900,\"caption\":\"Al\u00e9m do corte no imposto do carro importado, governo reduziu al\u00edquota de jet skis - Foto: divulga\u00e7\u00e3o.\"},{\"@type\":\"BreadcrumbList\",\"@id\":\"https:\/\/www.suno.com.br\/noticias\/bmw-apresenta-carro-que-muda-de-cor-com-um-toque-veja-os-videos\/#breadcrumb\",\"itemListElement\":[{\"@type\":\"ListItem\",\"position\":1,\"name\":\"Not\u00edcias\",\"item\":\"https:\/\/www.suno.com.br\/noticias\/\"},{\"@type\":\"ListItem\",\"position\":2,\"name\":\"Neg\u00f3cios\",\"item\":\"https:\/\/www.suno.com.br\/noticias\/negocios\/\"},{\"@type\":\"ListItem\",\"position\":3,\"name\":\"BMW apresenta carro que muda de cor com um toque; veja os v\u00eddeos\"}]},{\"@type\":\"WebSite\",\"@id\":\"https:\/\/www.suno.com.br\/noticias\/#website\",\"url\":\"https:\/\/www.suno.com.br\/noticias\/\",\"name\":\"Suno Not\u00edcias\",\"description\":\"Seu portal de informa\u00e7\u00e3o sobre o mundo dos investimentos\",\"publisher\":{\"@id\":\"https:\/\/www.suno.com.br\/noticias\/#organization\"},\"potentialAction\":[{\"@type\":\"SearchAction\",\"target\":{\"@type\":\"EntryPoint\",\"urlTemplate\":\"https:\/\/www.suno.com.br\/noticias\/?s={search_term_string}\"},\"query-input\":{\"@type\":\"PropertyValueSpecification\",\"valueRequired\":true,\"valueName\":\"search_term_string\"}}],\"inLanguage\":\"pt-BR\"},{\"@type\":\"Organization\",\"@id\":\"https:\/\/www.suno.com.br\/noticias\/#organization\",\"name\":\"Suno Not\u00edcias\",\"url\":\"https:\/\/www.suno.com.br\/noticias\/\",\"logo\":{\"@type\":\"ImageObject\",\"inLanguage\":\"pt-BR\",\"@id\":\"https:\/\/www.suno.com.br\/noticias\/#\/schema\/logo\/image\/\",\"url\":\"https:\/\/files.sunoresearch.com.br\/n\/uploads\/2021\/09\/suno-logo.png\",\"contentUrl\":\"https:\/\/files.sunoresearch.com.br\/n\/uploads\/2021\/09\/suno-logo.png\",\"width\":180,\"height\":180,\"caption\":\"Suno Not\u00edcias\"},\"image\":{\"@id\":\"https:\/\/www.suno.com.br\/noticias\/#\/schema\/logo\/image\/\"},\"sameAs\":[\"https:\/\/facebook.com\/sunoresearch\",\"https:\/\/x.com\/sunoresearch\",\"https:\/\/www.instagram.com\/suno\",\"https:\/\/www.linkedin.com\/company\/suno-research\/\",\"https:\/\/www.youtube.com\/c\/sunoresearch\"]},{\"@type\":\"Person\",\"@id\":\"https:\/\/www.suno.com.br\/noticias\/#\/schema\/person\/06f0d962a6b1c54852e4860f16935600\",\"name\":\"Bruno Galv\u00e3o\",\"image\":{\"@type\":\"ImageObject\",\"inLanguage\":\"pt-BR\",\"@id\":\"https:\/\/www.suno.com.br\/noticias\/#\/schema\/person\/image\/\",\"url\":\"https:\/\/secure.gravatar.com\/avatar\/53598df0b41c00f12f287a912d0e918e?s=96&r=g\",\"contentUrl\":\"https:\/\/secure.gravatar.com\/avatar\/53598df0b41c00f12f287a912d0e918e?s=96&r=g\",\"caption\":\"Bruno Galv\u00e3o\"},\"description\":\"Escreve para o portal Suno Not\u00edcias. \u00c9 estudante de Jornalismo pela Faculdade C\u00e1sper L\u00edbero e Letras pela USP. Entusiasta de tecnologia e intelig\u00eancia artificial.\",\"url\":\"https:\/\/www.suno.com.br\/noticias\/author\/bruno-garcia\/\"}]}<\/script>\n<!-- \/ Yoast SEO plugin. -->","yoast_head_json":{"title":"BMW apresenta novo modelo de carro que muda de cor; confira","description":"A BMW apresentou na \u00faltima quarta-feira (5) um novo sistema para o el\u00e9trico\u00a0iX, que permite o ve\u00edculo mudar de cor instantaneamente. Confira!","robots":{"index":"index","follow":"follow","max-snippet":"max-snippet:-1","max-image-preview":"max-image-preview:large","max-video-preview":"max-video-preview:-1"},"canonical":"https:\/\/www.suno.com.br\/noticias\/bmw-apresenta-carro-que-muda-de-cor-com-um-toque-veja-os-videos\/","og_locale":"pt_BR","og_type":"article","og_title":"BMW apresenta novo modelo de carro que muda de cor; confira","og_description":"A BMW apresentou na \u00faltima quarta-feira (5) um novo sistema para o el\u00e9trico\u00a0iX, que permite o ve\u00edculo mudar de cor instantaneamente. Confira!","og_url":"https:\/\/www.suno.com.br\/noticias\/bmw-apresenta-carro-que-muda-de-cor-com-um-toque-veja-os-videos\/","og_site_name":"Suno Not\u00edcias","article_publisher":"https:\/\/facebook.com\/sunoresearch","og_image":[{"width":1600,"height":900,"url":"https:\/\/files.sunoresearch.com.br\/n\/uploads\/2022\/01\/BMW-MY22-iX-Gallery-09.webp","type":"image\/webp"}],"author":"Bruno Galv\u00e3o","twitter_card":"summary_large_image","twitter_creator":"@sunoresearch","twitter_site":"@sunoresearch","twitter_misc":{"Escrito por":"Bruno Galv\u00e3o","Est. tempo de leitura":"2 minutos"},"schema":{"@context":"https:\/\/schema.org","@graph":[{"@type":"NewsArticle","@id":"https:\/\/www.suno.com.br\/noticias\/bmw-apresenta-carro-que-muda-de-cor-com-um-toque-veja-os-videos\/#article","isPartOf":{"@id":"https:\/\/www.suno.com.br\/noticias\/bmw-apresenta-carro-que-muda-de-cor-com-um-toque-veja-os-videos\/"},"author":{"name":"Bruno Galv\u00e3o","@id":"https:\/\/www.suno.com.br\/noticias\/#\/schema\/person\/06f0d962a6b1c54852e4860f16935600"},"headline":"BMW apresenta carro que muda de cor com um toque; veja os v\u00eddeos","datePublished":"2022-01-06T23:39:19+00:00","mainEntityOfPage":{"@id":"https:\/\/www.suno.com.br\/noticias\/bmw-apresenta-carro-que-muda-de-cor-com-um-toque-veja-os-videos\/"},"wordCount":408,"publisher":{"@id":"https:\/\/www.suno.com.br\/noticias\/#organization"},"image":{"@id":"https:\/\/www.suno.com.br\/noticias\/bmw-apresenta-carro-que-muda-de-cor-com-um-toque-veja-os-videos\/#primaryimage"},"thumbnailUrl":"https:\/\/files.sunoresearch.com.br\/n\/uploads\/2022\/01\/BMW-MY22-iX-Gallery-09.webp","keywords":["carros el\u00e9tricos"],"articleSection":["Neg\u00f3cios"],"inLanguage":"pt-BR"},{"@type":"WebPage","@id":"https:\/\/www.suno.com.br\/noticias\/bmw-apresenta-carro-que-muda-de-cor-com-um-toque-veja-os-videos\/","url":"https:\/\/www.suno.com.br\/noticias\/bmw-apresenta-carro-que-muda-de-cor-com-um-toque-veja-os-videos\/","name":"BMW apresenta novo modelo de carro que muda de cor; confira","isPartOf":{"@id":"https:\/\/www.suno.com.br\/noticias\/#website"},"primaryImageOfPage":{"@id":"https:\/\/www.suno.com.br\/noticias\/bmw-apresenta-carro-que-muda-de-cor-com-um-toque-veja-os-videos\/#primaryimage"},"image":{"@id":"https:\/\/www.suno.com.br\/noticias\/bmw-apresenta-carro-que-muda-de-cor-com-um-toque-veja-os-videos\/#primaryimage"},"thumbnailUrl":"https:\/\/files.sunoresearch.com.br\/n\/uploads\/2022\/01\/BMW-MY22-iX-Gallery-09.webp","datePublished":"2022-01-06T23:39:19+00:00","description":"A BMW apresentou na \u00faltima quarta-feira (5) um novo sistema para o el\u00e9trico\u00a0iX, que permite o ve\u00edculo mudar de cor instantaneamente. Confira!","breadcrumb":{"@id":"https:\/\/www.suno.com.br\/noticias\/bmw-apresenta-carro-que-muda-de-cor-com-um-toque-veja-os-videos\/#breadcrumb"},"inLanguage":"pt-BR","potentialAction":[{"@type":"ReadAction","target":["https:\/\/www.suno.com.br\/noticias\/bmw-apresenta-carro-que-muda-de-cor-com-um-toque-veja-os-videos\/"]}]},{"@type":"ImageObject","inLanguage":"pt-BR","@id":"https:\/\/www.suno.com.br\/noticias\/bmw-apresenta-carro-que-muda-de-cor-com-um-toque-veja-os-videos\/#primaryimage","url":"https:\/\/files.sunoresearch.com.br\/n\/uploads\/2022\/01\/BMW-MY22-iX-Gallery-09.webp","contentUrl":"https:\/\/files.sunoresearch.com.br\/n\/uploads\/2022\/01\/BMW-MY22-iX-Gallery-09.webp","width":1600,"height":900,"caption":"Al\u00e9m do corte no imposto do carro importado, governo reduziu al\u00edquota de jet skis - Foto: divulga\u00e7\u00e3o."},{"@type":"BreadcrumbList","@id":"https:\/\/www.suno.com.br\/noticias\/bmw-apresenta-carro-que-muda-de-cor-com-um-toque-veja-os-videos\/#breadcrumb","itemListElement":[{"@type":"ListItem","position":1,"name":"Not\u00edcias","item":"https:\/\/www.suno.com.br\/noticias\/"},{"@type":"ListItem","position":2,"name":"Neg\u00f3cios","item":"https:\/\/www.suno.com.br\/noticias\/negocios\/"},{"@type":"ListItem","position":3,"name":"BMW apresenta carro que muda de cor com um toque; veja os v\u00eddeos"}]},{"@type":"WebSite","@id":"https:\/\/www.suno.com.br\/noticias\/#website","url":"https:\/\/www.suno.com.br\/noticias\/","name":"Suno Not\u00edcias","description":"Seu portal de informa\u00e7\u00e3o sobre o mundo dos investimentos","publisher":{"@id":"https:\/\/www.suno.com.br\/noticias\/#organization"},"potentialAction":[{"@type":"SearchAction","target":{"@type":"EntryPoint","urlTemplate":"https:\/\/www.suno.com.br\/noticias\/?s={search_term_string}"},"query-input":{"@type":"PropertyValueSpecification","valueRequired":true,"valueName":"search_term_string"}}],"inLanguage":"pt-BR"},{"@type":"Organization","@id":"https:\/\/www.suno.com.br\/noticias\/#organization","name":"Suno Not\u00edcias","url":"https:\/\/www.suno.com.br\/noticias\/","logo":{"@type":"ImageObject","inLanguage":"pt-BR","@id":"https:\/\/www.suno.com.br\/noticias\/#\/schema\/logo\/image\/","url":"https:\/\/files.sunoresearch.com.br\/n\/uploads\/2021\/09\/suno-logo.png","contentUrl":"https:\/\/files.sunoresearch.com.br\/n\/uploads\/2021\/09\/suno-logo.png","width":180,"height":180,"caption":"Suno Not\u00edcias"},"image":{"@id":"https:\/\/www.suno.com.br\/noticias\/#\/schema\/logo\/image\/"},"sameAs":["https:\/\/facebook.com\/sunoresearch","https:\/\/x.com\/sunoresearch","https:\/\/www.instagram.com\/suno","https:\/\/www.linkedin.com\/company\/suno-research\/","https:\/\/www.youtube.com\/c\/sunoresearch"]},{"@type":"Person","@id":"https:\/\/www.suno.com.br\/noticias\/#\/schema\/person\/06f0d962a6b1c54852e4860f16935600","name":"Bruno Galv\u00e3o","image":{"@type":"ImageObject","inLanguage":"pt-BR","@id":"https:\/\/www.suno.com.br\/noticias\/#\/schema\/person\/image\/","url":"https:\/\/secure.gravatar.com\/avatar\/53598df0b41c00f12f287a912d0e918e?s=96&r=g","contentUrl":"https:\/\/secure.gravatar.com\/avatar\/53598df0b41c00f12f287a912d0e918e?s=96&r=g","caption":"Bruno Galv\u00e3o"},"description":"Escreve para o portal Suno Not\u00edcias. \u00c9 estudante de Jornalismo pela Faculdade C\u00e1sper L\u00edbero e Letras pela USP. Entusiasta de tecnologia e intelig\u00eancia artificial.","url":"https:\/\/www.suno.com.br\/noticias\/author\/bruno-garcia\/"}]}},"default_loop_html":"<div class=\"cardsPage__listCard__boxs\"><div class=\"cardsPage__listCard__boxs__img\"><a href=\"https:\/\/www.suno.com.br\/noticias\/bmw-apresenta-carro-que-muda-de-cor-com-um-toque-veja-os-videos\/\"><img class=\"mask\" src=\"https:\/\/www.suno.com.br\/noticias\/wp-content\/themes\/suno\/resources\/images\/spotlight\/spotlight1img\/bg-mask.png\" alt=\"Image Mask\"\/><img src=\"https:\/\/files.sunoresearch.com.br\/n\/uploads\/2022\/01\/BMW-MY22-iX-Gallery-09-400x200.webp\" alt=\"BMW apresenta carro que muda de cor com um toque; veja os v\u00eddeos\"\/><\/a><span class=\"spotlightCategory\"><a href=\"https:\/\/www.suno.com.br\/noticias\/negocios\/\">Neg\u00f3cios<\/a><\/span><\/div><div class=\"cardsPage__listCard__boxs__content\"><a href=\"https:\/\/www.suno.com.br\/noticias\/bmw-apresenta-carro-que-muda-de-cor-com-um-toque-veja-os-videos\/\"><h2 class=\"content__title\">BMW apresenta carro que muda de cor com um toque; veja os v\u00eddeos<\/h2><\/a><div class=\"newsContent__article__meta\"><div class=\"newsContent__article__meta__authorBox\"><a href=\"https:\/\/www.suno.com.br\/noticias\/author\/bruno-garcia\/\" class=\"authorBox__avatar noMobi\"><img src=\"https:\/\/secure.gravatar.com\/avatar\/53598df0b41c00f12f287a912d0e918e?s=96&#038;r=g\" alt=\"Bruno Galv\u00e3o\"><\/a><div class=\"authorBox__name\"><span>por\n\t\t\t<a href=\"https:\/\/www.suno.com.br\/noticias\/author\/bruno-garcia\/\"><span itemprop=\"author\">Bruno Galv\u00e3o<\/span><\/a><\/span><time datetime=\"2022-01-06T20:39:19-03:00\" itemprop=\"datePublished\">06\/01\/2022 20:39<\/time><\/div><\/div><\/div><\/div><\/div>","single_layout":"posts","amp_enabled":true,"_links":{"self":[{"href":"https:\/\/www.suno.com.br\/noticias\/wp-json\/wp\/v2\/posts\/219506"}],"collection":[{"href":"https:\/\/www.suno.com.br\/noticias\/wp-json\/wp\/v2\/posts"}],"about":[{"href":"https:\/\/www.suno.com.br\/noticias\/wp-json\/wp\/v2\/types\/post"}],"author":[{"embeddable":true,"href":"https:\/\/www.suno.com.br\/noticias\/wp-json\/wp\/v2\/users\/118"}],"replies":[{"embeddable":true,"href":"https:\/\/www.suno.com.br\/noticias\/wp-json\/wp\/v2\/comments?post=219506"}],"version-history":[{"count":3,"href":"https:\/\/www.suno.com.br\/noticias\/wp-json\/wp\/v2\/posts\/219506\/revisions"}],"predecessor-version":[{"id":219535,"href":"https:\/\/www.suno.com.br\/noticias\/wp-json\/wp\/v2\/posts\/219506\/revisions\/219535"}],"wp:featuredmedia":[{"embeddable":true,"href":"https:\/\/www.suno.com.br\/noticias\/wp-json\/wp\/v2\/media\/219523"}],"wp:attachment":[{"href":"https:\/\/www.suno.com.br\/noticias\/wp-json\/wp\/v2\/media?parent=219506"}],"wp:term":[{"taxonomy":"category","embeddable":true,"href":"https:\/\/www.suno.com.br\/noticias\/wp-json\/wp\/v2\/categories?post=219506"},{"taxonomy":"post_tag","embeddable":true,"href":"https:\/\/www.suno.com.br\/noticias\/wp-json\/wp\/v2\/tags?post=219506"},{"taxonomy":"suno_strategy","embeddable":true,"href":"https:\/\/www.suno.com.br\/noticias\/wp-json\/wp\/v2\/suno_strategy?post=219506"}],"curies":[{"name":"wp","href":"https:\/\/api.w.org\/{rel}","templated":true}]}}