{"id":21930,"date":"2019-04-23T09:17:12","date_gmt":"2019-04-23T12:17:12","guid":{"rendered":"https:\/\/www.suno.com.br\/noticias\/?p=21930"},"modified":"2019-04-23T09:17:12","modified_gmt":"2019-04-23T12:17:12","slug":"dolar-ccj-greve-caminhoneiros","status":"publish","type":"post","link":"https:\/\/www.suno.com.br\/noticias\/dolar-ccj-greve-caminhoneiros\/","title":{"rendered":"D\u00f3lar em queda com a retomada da Previd\u00eancia na CCJ"},"content":{"rendered":"<p>Nesta ter\u00e7a-feira (23) o d\u00f3lar recua com a retomada da tramita\u00e7\u00e3o da <strong>reforma da Previd\u00eancia.<\/strong><\/p>\t<div class=\"wrapper-featured-image\">\n\t\t<figure class=\"spotlightImg\">\n\n\t\t\t<picture>\n\t\t\t\t<source media=\"(max-width: 768px)\" srcset=\"https:\/\/files.sunoresearch.com.br\/n\/uploads\/2018\/08\/a7e25189-america-3125467_960_720-400x200.webp\">\n\t\t\t\t<img loading=\"lazy\" decoding=\"async\" class=\"newsContent__article__imgCapa lazyloadDisabled newsContent__article__imgCapa--noCaption\" src=\"https:\/\/files.sunoresearch.com.br\/n\/uploads\/2018\/08\/a7e25189-america-3125467_960_720-800x450.webp\" width=\"800\" height=\"450\" alt=\"D\u00f3lar em queda com a retomada da Previd\u00eancia na CCJ\" fetchpriority=high \/>\n\t\t\t<\/picture>\n\n\t\t\t<figcaption class=\"wp-caption-text wp-caption-text--hide\">D\u00f3lar pode chegar a R$ 7,35, de acordo com UBS <\/figcaption>\n\t\t<\/figure>\n\t<\/div>\n\n\n<p>Por volta das 9h10, o <strong>d\u00f3lar<\/strong> registrava uma queda 0,031% sendo negociada a R$ 3,9304\u00a0na venda. O mercado est\u00e1 com os olhos voltados na retomada da <strong>Comiss\u00e3o de Constitui\u00e7\u00e3o e Justi\u00e7a<\/strong> (<strong>CCJ<\/strong>) que ocorrer\u00e1 nesta ter\u00e7a-feira \u00e0s 14h30.<\/p>\n<h2>Reforma da Previd\u00eancia<\/h2>\n<p>A Comiss\u00e3o de Constitui\u00e7\u00e3o e Justi\u00e7a da C\u00e2mara dos Deputados dever\u00e3o votar nesta ter\u00e7a-feira o relat\u00f3rio do deputado <strong>Marcelo Freitas<\/strong> sobre a <strong>reforma da Previd\u00eancia<\/strong>.<\/p>\n<p>Com o intuito de viabilizar a vota\u00e7\u00e3o da reforma na <strong>CCJ<\/strong> da C\u00e2mara o governo de<strong> Jair Bolsonaro<\/strong> aceitou retirar quatro pontos previstos na propostas.<\/p>\n<p><a href=\"https:\/\/www.suno.com.br\/noticias\/reforma-previdencia-ccj-paulo-guedes\/\">Saiba Mais: Governo aceita retirar 4 pontos da Previd\u00eancia para viabilizar vota\u00e7\u00e3o na CCJ<\/a><\/p>\n<p>Os pontos que modificados foram:<\/p>\n<ul>\n<li>O fim da multa de 40% sobre o <strong>Fundo de Garantia sobre o Tempo de Servi\u00e7o<\/strong> (<strong>FGTS<\/strong>);<\/li>\n<li>A defini\u00e7\u00e3o do<strong> foro de Bras\u00edlia<\/strong> para a\u00e7\u00f5es judiciais sobre a reforma;<\/li>\n<li>A retirada da defini\u00e7\u00e3o da a<strong>posentadoria compuls\u00f3ria<\/strong> da constitui\u00e7\u00e3o;<\/li>\n<li>Altera\u00e7\u00f5es da <strong>Previd\u00eancia<\/strong> apenas pelo Executivo.<\/li>\n<\/ul>\n<p>O objetivo \u00e9 angariar votos dos partidos conhecidos como &#8220;<strong>Centr\u00e3o<\/strong>&#8221; a favor da <strong>reforma da Previd\u00eancia<\/strong>. De acordo com o secret\u00e1rio de <strong>Previd\u00eancia e Trabalho do Minist\u00e9rio da Economia<\/strong>, <strong>Rog\u00e9rio Marinho<\/strong>, &#8220;os pontos n\u00e3o tem impacto fiscal e n\u00e3o afetam a espinha dorsal do projeto.&#8221;<\/p>\n\n<h2>Governo faz acordo e evita greve dos caminhoneiros<\/h2>\n<p>Na \u00faltima segunda-feira (22), o <strong>ministro da Infraestrutura<\/strong>, <strong>Tarc\u00edsio Gomes de Freitas<\/strong>, se reuniu com integrantes da <strong>Confedera\u00e7\u00e3o Nacional dos Transportes Aut\u00f4nomos<\/strong> (<strong>CNTA<\/strong>). Nesse encontro o governo se comprometeu a implementar a pol\u00edtica de <strong>frete m\u00ednimo<\/strong>. Com isso, os motoristas asseguram que n\u00e3o haver\u00e1 <strong>greve dos caminhoneiros<\/strong>.<\/p>\n<p><a href=\"https:\/\/www.suno.com.br\/noticias\/greve-caminhoneiros-governo-acordo\/\">Saiba Mais: Greve dos caminhoneiros: governo faz acordo e evita paralisa\u00e7\u00e3o<\/a><\/p>\n<p>Segundo o documento divulgado na \u00faltima segunda-feira, os compromissos firmados foram os seguintes:<\/p>\n<ul>\n<li>Estudar a elimina\u00e7\u00e3o de multas desnecess\u00e1rias;<\/li>\n<li>Transfer\u00eancia do custo do diesel para a tabela do frete;<\/li>\n<li>Fiscaliza\u00e7\u00e3o efetiva da refer\u00eancia de custo do piso m\u00ednimo do frete;<\/li>\n<li>Celebra\u00e7\u00e3o de um termo de compromisso com as entidade representantes da categoria para tornar mais efetiva a fiscaliza\u00e7\u00e3o.<\/li>\n<\/ul>\n<p>Entretanto o presidente da <strong>CNTA<\/strong>, <strong>Diumar Bueno<\/strong>, afirma que a tr\u00e9gua dever\u00e1 durar cerca de dois meses. Esse \u00e9 o prazo limite para que o governo implemente a nova pol\u00edtica.<\/p>\n<h2>No exterior<\/h2>\n<p>Os <strong>Estado Unido<\/strong>s pressionam oito pa\u00edses a n\u00e3o comprarem mais o <a href=\"https:\/\/www.suno.com.br\/artigos\/wti\/\">petr\u00f3leo<\/a> do <strong>Ir\u00e3<\/strong>. A partir do dia dois de maio esses pa\u00edses n\u00e3o dever\u00e3o ter rela\u00e7\u00e3o comercial com o pa\u00eds iraniano.<\/p>\n<p>De acordo com a Casa Branca os compradores de <strong>petr\u00f3leo<\/strong> do Ir\u00e3 precisam encerrar as importa\u00e7\u00f5es ou enfrentar\u00e3o <strong>san\u00e7\u00f5es<\/strong>. Os oitos pa\u00edses s\u00e3o:<\/p>\n<ul>\n<li><strong>China<\/strong><\/li>\n<li><strong>\u00cdndia<\/strong><\/li>\n<li><strong>Jap\u00e3o<\/strong><\/li>\n<li><strong>Coreia do Sul<\/strong><\/li>\n<li><strong>Taiwan<\/strong><\/li>\n<li><strong>Turquia<\/strong><\/li>\n<li><strong>It\u00e1lia<\/strong><\/li>\n<li><strong>Gr\u00e9cia<\/strong><\/li>\n<\/ul>\n\t<p>\n\t\t<a href=\"https:\/\/lp.suno.com.br\/asset\/fundos\/suno-fic-fia\/\" target=\"_blank\" data-element=\"shortcode-suno-banner\" title=\"Banner SUNO, clique e saiba mais\">\n\t\t\t<picture>\n\t\t\t\t<source media=\"(max-width: 500px)\" srcset=\"https:\/\/files.sunoresearch.com.br\/n\/uploads\/2023\/10\/SUNO-FIC-FIA-400x300-Mobile-Artigos-5.png\">\n\t\t\t\t<img class=\"newsContent__article__imgCapa newsContent__article__imgCapa--banner\"\n\t\t\t\t\tsrc=\"https:\/\/files.sunoresearch.com.br\/n\/uploads\/2023\/10\/SUNO-FIC-FIA-1420x240-Banner-Artigos-1-_-Banner-Materias-4.png\"\n\t\t\t\t\tdata-promo-id=\"478742\"\t\t\t\t\t\t\t\t\t\twidth='2840' height='480'\t\t\t\t\talt=\"https:\/\/files.sunoresearch.com.br\/n\/uploads\/2023\/10\/SUNO-FIC-FIA-1420x240-Banner-Artigos-1-_-Banner-Materias-4.png\"\n\t\t\t\t>\n\t\t\t<\/picture>\n\t\t<\/a>\n\t<\/p>\n\n\n<h2>\u00daltima cota\u00e7\u00e3o<\/h2>\n<p>Na \u00faltima sess\u00e3o, segunda-feira (22), o <a href=\"https:\/\/www.suno.com.br\/artigos\/dolar\/\"><strong>d\u00f3lar<\/strong><\/a> registrou uma alta de 0,076% sendo negociado a R$ 3,9328.<\/p>\n<p><a href=\"https:\/\/lp.suno.com.br\/ipo-do-uber-noticias\/\">Quer saber mais sobre o IPO do Uber? Baixe aqui o relat\u00f3rio completo GRATUITO<\/a><\/p>\n","protected":false},"excerpt":{"rendered":"<p>Nesta ter\u00e7a-feira (23) o d\u00f3lar recua com a retomada da tramita\u00e7\u00e3o da reforma da Previd\u00eancia. D\u00f3lar pode chegar a R$ 7,35, de acordo com UBS Por volta das 9h10, o d\u00f3lar registrava uma queda 0,031% sendo negociada a R$ 3,9304\u00a0na venda. O mercado est\u00e1 com os olhos voltados na retomada da Comiss\u00e3o de Constitui\u00e7\u00e3o e [&hellip;]<\/p>\n","protected":false},"author":15,"featured_media":2980,"comment_status":"closed","ping_status":"closed","sticky":false,"template":"","format":"standard","meta":[],"categories":[60],"tags":[1325,326,793,833,940],"suno_strategy":[],"class_list":["post-21930","post","type-post","status-publish","format-standard","has-post-thumbnail","hentry","category-mercado","tag-ccj","tag-dolar","tag-estados-unidos-eua","tag-greve-dos-caminhoneiros","tag-reforma-da-previdencia"],"yoast_head":"<!-- This site is optimized with the Yoast SEO plugin v24.4 - https:\/\/yoast.com\/wordpress\/plugins\/seo\/ -->\n<title>D\u00f3lar em queda com a retomada da Previd\u00eancia na CCJ<\/title>\n<meta name=\"description\" content=\"Por volta das 9h10, dessa ter\u00e7a (23) o d\u00f3lar registrava uma queda 0,031% sendo negociada a R$ 3,9304\u00a0na venda. Clique aqui e saiba mais\" \/>\n<meta name=\"robots\" content=\"index, follow, max-snippet:-1, max-image-preview:large, max-video-preview:-1\" \/>\n<link rel=\"canonical\" href=\"https:\/\/www.suno.com.br\/noticias\/dolar-ccj-greve-caminhoneiros\/\" \/>\n<meta property=\"og:locale\" content=\"pt_BR\" \/>\n<meta property=\"og:type\" content=\"article\" \/>\n<meta property=\"og:title\" content=\"D\u00f3lar em queda com a retomada da Previd\u00eancia na CCJ\" \/>\n<meta property=\"og:description\" content=\"Por volta das 9h10, dessa ter\u00e7a (23) o d\u00f3lar registrava uma queda 0,031% sendo negociada a R$ 3,9304\u00a0na venda. Clique aqui e saiba mais\" \/>\n<meta property=\"og:url\" content=\"https:\/\/www.suno.com.br\/noticias\/dolar-ccj-greve-caminhoneiros\/\" \/>\n<meta property=\"og:site_name\" content=\"Suno Not\u00edcias\" \/>\n<meta property=\"article:publisher\" content=\"https:\/\/facebook.com\/sunoresearch\" \/>\n<meta property=\"og:image\" content=\"https:\/\/files.sunoresearch.com.br\/n\/uploads\/2018\/08\/a7e25189-america-3125467_960_720.jpg\" \/>\n\t<meta property=\"og:image:width\" content=\"960\" \/>\n\t<meta property=\"og:image:height\" content=\"640\" \/>\n\t<meta property=\"og:image:type\" content=\"image\/jpeg\" \/>\n<meta name=\"author\" content=\"Poliana Santos\" \/>\n<meta name=\"twitter:card\" content=\"summary_large_image\" \/>\n<meta name=\"twitter:creator\" content=\"@sunoresearch\" \/>\n<meta name=\"twitter:site\" content=\"@sunoresearch\" \/>\n<meta name=\"twitter:label1\" content=\"Escrito por\" \/>\n\t<meta name=\"twitter:data1\" content=\"Poliana Santos\" \/>\n\t<meta name=\"twitter:label2\" content=\"Est. tempo de leitura\" \/>\n\t<meta name=\"twitter:data2\" content=\"3 minutos\" \/>\n<script type=\"application\/ld+json\" class=\"yoast-schema-graph\">{\"@context\":\"https:\/\/schema.org\",\"@graph\":[{\"@type\":\"NewsArticle\",\"@id\":\"https:\/\/www.suno.com.br\/noticias\/dolar-ccj-greve-caminhoneiros\/#article\",\"isPartOf\":{\"@id\":\"https:\/\/www.suno.com.br\/noticias\/dolar-ccj-greve-caminhoneiros\/\"},\"author\":{\"name\":\"Poliana Santos\",\"@id\":\"https:\/\/www.suno.com.br\/noticias\/#\/schema\/person\/02ec1f752758247878a2bf4abee1aeda\"},\"headline\":\"D\u00f3lar em queda com a retomada da Previd\u00eancia na CCJ\",\"datePublished\":\"2019-04-23T12:17:12+00:00\",\"mainEntityOfPage\":{\"@id\":\"https:\/\/www.suno.com.br\/noticias\/dolar-ccj-greve-caminhoneiros\/\"},\"wordCount\":552,\"publisher\":{\"@id\":\"https:\/\/www.suno.com.br\/noticias\/#organization\"},\"image\":{\"@id\":\"https:\/\/www.suno.com.br\/noticias\/dolar-ccj-greve-caminhoneiros\/#primaryimage\"},\"thumbnailUrl\":\"https:\/\/files.sunoresearch.com.br\/n\/uploads\/2018\/08\/a7e25189-america-3125467_960_720-jpg.webp\",\"keywords\":[\"CCJ\",\"d\u00f3lar\",\"Estados Unidos (EUA)\",\"greve dos caminhoneiros\",\"Reforma da Previd\u00eancia\"],\"articleSection\":[\"Mercado\"],\"inLanguage\":\"pt-BR\"},{\"@type\":\"WebPage\",\"@id\":\"https:\/\/www.suno.com.br\/noticias\/dolar-ccj-greve-caminhoneiros\/\",\"url\":\"https:\/\/www.suno.com.br\/noticias\/dolar-ccj-greve-caminhoneiros\/\",\"name\":\"D\u00f3lar em queda com a retomada da Previd\u00eancia na CCJ\",\"isPartOf\":{\"@id\":\"https:\/\/www.suno.com.br\/noticias\/#website\"},\"primaryImageOfPage\":{\"@id\":\"https:\/\/www.suno.com.br\/noticias\/dolar-ccj-greve-caminhoneiros\/#primaryimage\"},\"image\":{\"@id\":\"https:\/\/www.suno.com.br\/noticias\/dolar-ccj-greve-caminhoneiros\/#primaryimage\"},\"thumbnailUrl\":\"https:\/\/files.sunoresearch.com.br\/n\/uploads\/2018\/08\/a7e25189-america-3125467_960_720-jpg.webp\",\"datePublished\":\"2019-04-23T12:17:12+00:00\",\"description\":\"Por volta das 9h10, dessa ter\u00e7a (23) o d\u00f3lar registrava uma queda 0,031% sendo negociada a R$ 3,9304\u00a0na venda. Clique aqui e saiba mais\",\"breadcrumb\":{\"@id\":\"https:\/\/www.suno.com.br\/noticias\/dolar-ccj-greve-caminhoneiros\/#breadcrumb\"},\"inLanguage\":\"pt-BR\",\"potentialAction\":[{\"@type\":\"ReadAction\",\"target\":[\"https:\/\/www.suno.com.br\/noticias\/dolar-ccj-greve-caminhoneiros\/\"]}]},{\"@type\":\"ImageObject\",\"inLanguage\":\"pt-BR\",\"@id\":\"https:\/\/www.suno.com.br\/noticias\/dolar-ccj-greve-caminhoneiros\/#primaryimage\",\"url\":\"https:\/\/files.sunoresearch.com.br\/n\/uploads\/2018\/08\/a7e25189-america-3125467_960_720-jpg.webp\",\"contentUrl\":\"https:\/\/files.sunoresearch.com.br\/n\/uploads\/2018\/08\/a7e25189-america-3125467_960_720-jpg.webp\",\"width\":960,\"height\":640,\"caption\":\"D\u00f3lar pode chegar a R$ 7,35, de acordo com UBS\"},{\"@type\":\"BreadcrumbList\",\"@id\":\"https:\/\/www.suno.com.br\/noticias\/dolar-ccj-greve-caminhoneiros\/#breadcrumb\",\"itemListElement\":[{\"@type\":\"ListItem\",\"position\":1,\"name\":\"Not\u00edcias\",\"item\":\"https:\/\/www.suno.com.br\/noticias\/\"},{\"@type\":\"ListItem\",\"position\":2,\"name\":\"Mercado\",\"item\":\"https:\/\/www.suno.com.br\/noticias\/mercado\/\"},{\"@type\":\"ListItem\",\"position\":3,\"name\":\"D\u00f3lar em queda com a retomada da Previd\u00eancia na CCJ\"}]},{\"@type\":\"WebSite\",\"@id\":\"https:\/\/www.suno.com.br\/noticias\/#website\",\"url\":\"https:\/\/www.suno.com.br\/noticias\/\",\"name\":\"Suno Not\u00edcias\",\"description\":\"Seu portal de informa\u00e7\u00e3o sobre o mundo dos investimentos\",\"publisher\":{\"@id\":\"https:\/\/www.suno.com.br\/noticias\/#organization\"},\"potentialAction\":[{\"@type\":\"SearchAction\",\"target\":{\"@type\":\"EntryPoint\",\"urlTemplate\":\"https:\/\/www.suno.com.br\/noticias\/?s={search_term_string}\"},\"query-input\":{\"@type\":\"PropertyValueSpecification\",\"valueRequired\":true,\"valueName\":\"search_term_string\"}}],\"inLanguage\":\"pt-BR\"},{\"@type\":\"Organization\",\"@id\":\"https:\/\/www.suno.com.br\/noticias\/#organization\",\"name\":\"Suno Not\u00edcias\",\"url\":\"https:\/\/www.suno.com.br\/noticias\/\",\"logo\":{\"@type\":\"ImageObject\",\"inLanguage\":\"pt-BR\",\"@id\":\"https:\/\/www.suno.com.br\/noticias\/#\/schema\/logo\/image\/\",\"url\":\"https:\/\/files.sunoresearch.com.br\/n\/uploads\/2021\/09\/suno-logo.png\",\"contentUrl\":\"https:\/\/files.sunoresearch.com.br\/n\/uploads\/2021\/09\/suno-logo.png\",\"width\":180,\"height\":180,\"caption\":\"Suno Not\u00edcias\"},\"image\":{\"@id\":\"https:\/\/www.suno.com.br\/noticias\/#\/schema\/logo\/image\/\"},\"sameAs\":[\"https:\/\/facebook.com\/sunoresearch\",\"https:\/\/x.com\/sunoresearch\",\"https:\/\/www.instagram.com\/suno\",\"https:\/\/www.linkedin.com\/company\/suno-research\/\",\"https:\/\/www.youtube.com\/c\/sunoresearch\"]},{\"@type\":\"Person\",\"@id\":\"https:\/\/www.suno.com.br\/noticias\/#\/schema\/person\/02ec1f752758247878a2bf4abee1aeda\",\"name\":\"Poliana Santos\",\"image\":{\"@type\":\"ImageObject\",\"inLanguage\":\"pt-BR\",\"@id\":\"https:\/\/www.suno.com.br\/noticias\/#\/schema\/person\/image\/\",\"url\":\"https:\/\/secure.gravatar.com\/avatar\/0645bd32f23d87b2130f2b2dff1d3f8d?s=96&r=g\",\"contentUrl\":\"https:\/\/secure.gravatar.com\/avatar\/0645bd32f23d87b2130f2b2dff1d3f8d?s=96&r=g\",\"caption\":\"Poliana Santos\"},\"description\":\"Rep\u00f3rter no Suno Not\u00edcias, com cobertura em mercado financeiro, economia, finan\u00e7as pessoais, renda fixa e varejo. Jornalista formada pela Faculdade C\u00e1sper L\u00edbero e possui passagem na R\u00e1dio Gazeta AM com a produ\u00e7\u00e3o de conte\u00fado sobre economia, pol\u00edtica, sa\u00fade, moda e m\u00fasica. Possui certificado de conclus\u00e3o do curso de An\u00e1lise de Balan\u00e7os pela Funda\u00e7\u00e3o Bradesco, Agenda Brasil pela FAAP, Educa\u00e7\u00e3o Pol\u00edtica por Alexandre Garcia e do Tesouro Direto e Mercado de A\u00e7\u00f5es pela B3.\",\"url\":\"https:\/\/www.suno.com.br\/noticias\/author\/poliana-santos\/\"}]}<\/script>\n<!-- \/ Yoast SEO plugin. -->","yoast_head_json":{"title":"D\u00f3lar em queda com a retomada da Previd\u00eancia na CCJ","description":"Por volta das 9h10, dessa ter\u00e7a (23) o d\u00f3lar registrava uma queda 0,031% sendo negociada a R$ 3,9304\u00a0na venda. Clique aqui e saiba mais","robots":{"index":"index","follow":"follow","max-snippet":"max-snippet:-1","max-image-preview":"max-image-preview:large","max-video-preview":"max-video-preview:-1"},"canonical":"https:\/\/www.suno.com.br\/noticias\/dolar-ccj-greve-caminhoneiros\/","og_locale":"pt_BR","og_type":"article","og_title":"D\u00f3lar em queda com a retomada da Previd\u00eancia na CCJ","og_description":"Por volta das 9h10, dessa ter\u00e7a (23) o d\u00f3lar registrava uma queda 0,031% sendo negociada a R$ 3,9304\u00a0na venda. Clique aqui e saiba mais","og_url":"https:\/\/www.suno.com.br\/noticias\/dolar-ccj-greve-caminhoneiros\/","og_site_name":"Suno Not\u00edcias","article_publisher":"https:\/\/facebook.com\/sunoresearch","og_image":[{"width":960,"height":640,"url":"https:\/\/files.sunoresearch.com.br\/n\/uploads\/2018\/08\/a7e25189-america-3125467_960_720.jpg","type":"image\/jpeg"}],"author":"Poliana Santos","twitter_card":"summary_large_image","twitter_creator":"@sunoresearch","twitter_site":"@sunoresearch","twitter_misc":{"Escrito por":"Poliana Santos","Est. tempo de leitura":"3 minutos"},"schema":{"@context":"https:\/\/schema.org","@graph":[{"@type":"NewsArticle","@id":"https:\/\/www.suno.com.br\/noticias\/dolar-ccj-greve-caminhoneiros\/#article","isPartOf":{"@id":"https:\/\/www.suno.com.br\/noticias\/dolar-ccj-greve-caminhoneiros\/"},"author":{"name":"Poliana Santos","@id":"https:\/\/www.suno.com.br\/noticias\/#\/schema\/person\/02ec1f752758247878a2bf4abee1aeda"},"headline":"D\u00f3lar em queda com a retomada da Previd\u00eancia na CCJ","datePublished":"2019-04-23T12:17:12+00:00","mainEntityOfPage":{"@id":"https:\/\/www.suno.com.br\/noticias\/dolar-ccj-greve-caminhoneiros\/"},"wordCount":552,"publisher":{"@id":"https:\/\/www.suno.com.br\/noticias\/#organization"},"image":{"@id":"https:\/\/www.suno.com.br\/noticias\/dolar-ccj-greve-caminhoneiros\/#primaryimage"},"thumbnailUrl":"https:\/\/files.sunoresearch.com.br\/n\/uploads\/2018\/08\/a7e25189-america-3125467_960_720-jpg.webp","keywords":["CCJ","d\u00f3lar","Estados Unidos (EUA)","greve dos caminhoneiros","Reforma da Previd\u00eancia"],"articleSection":["Mercado"],"inLanguage":"pt-BR"},{"@type":"WebPage","@id":"https:\/\/www.suno.com.br\/noticias\/dolar-ccj-greve-caminhoneiros\/","url":"https:\/\/www.suno.com.br\/noticias\/dolar-ccj-greve-caminhoneiros\/","name":"D\u00f3lar em queda com a retomada da Previd\u00eancia na CCJ","isPartOf":{"@id":"https:\/\/www.suno.com.br\/noticias\/#website"},"primaryImageOfPage":{"@id":"https:\/\/www.suno.com.br\/noticias\/dolar-ccj-greve-caminhoneiros\/#primaryimage"},"image":{"@id":"https:\/\/www.suno.com.br\/noticias\/dolar-ccj-greve-caminhoneiros\/#primaryimage"},"thumbnailUrl":"https:\/\/files.sunoresearch.com.br\/n\/uploads\/2018\/08\/a7e25189-america-3125467_960_720-jpg.webp","datePublished":"2019-04-23T12:17:12+00:00","description":"Por volta das 9h10, dessa ter\u00e7a (23) o d\u00f3lar registrava uma queda 0,031% sendo negociada a R$ 3,9304\u00a0na venda. Clique aqui e saiba mais","breadcrumb":{"@id":"https:\/\/www.suno.com.br\/noticias\/dolar-ccj-greve-caminhoneiros\/#breadcrumb"},"inLanguage":"pt-BR","potentialAction":[{"@type":"ReadAction","target":["https:\/\/www.suno.com.br\/noticias\/dolar-ccj-greve-caminhoneiros\/"]}]},{"@type":"ImageObject","inLanguage":"pt-BR","@id":"https:\/\/www.suno.com.br\/noticias\/dolar-ccj-greve-caminhoneiros\/#primaryimage","url":"https:\/\/files.sunoresearch.com.br\/n\/uploads\/2018\/08\/a7e25189-america-3125467_960_720-jpg.webp","contentUrl":"https:\/\/files.sunoresearch.com.br\/n\/uploads\/2018\/08\/a7e25189-america-3125467_960_720-jpg.webp","width":960,"height":640,"caption":"D\u00f3lar pode chegar a R$ 7,35, de acordo com UBS"},{"@type":"BreadcrumbList","@id":"https:\/\/www.suno.com.br\/noticias\/dolar-ccj-greve-caminhoneiros\/#breadcrumb","itemListElement":[{"@type":"ListItem","position":1,"name":"Not\u00edcias","item":"https:\/\/www.suno.com.br\/noticias\/"},{"@type":"ListItem","position":2,"name":"Mercado","item":"https:\/\/www.suno.com.br\/noticias\/mercado\/"},{"@type":"ListItem","position":3,"name":"D\u00f3lar em queda com a retomada da Previd\u00eancia na CCJ"}]},{"@type":"WebSite","@id":"https:\/\/www.suno.com.br\/noticias\/#website","url":"https:\/\/www.suno.com.br\/noticias\/","name":"Suno Not\u00edcias","description":"Seu portal de informa\u00e7\u00e3o sobre o mundo dos investimentos","publisher":{"@id":"https:\/\/www.suno.com.br\/noticias\/#organization"},"potentialAction":[{"@type":"SearchAction","target":{"@type":"EntryPoint","urlTemplate":"https:\/\/www.suno.com.br\/noticias\/?s={search_term_string}"},"query-input":{"@type":"PropertyValueSpecification","valueRequired":true,"valueName":"search_term_string"}}],"inLanguage":"pt-BR"},{"@type":"Organization","@id":"https:\/\/www.suno.com.br\/noticias\/#organization","name":"Suno Not\u00edcias","url":"https:\/\/www.suno.com.br\/noticias\/","logo":{"@type":"ImageObject","inLanguage":"pt-BR","@id":"https:\/\/www.suno.com.br\/noticias\/#\/schema\/logo\/image\/","url":"https:\/\/files.sunoresearch.com.br\/n\/uploads\/2021\/09\/suno-logo.png","contentUrl":"https:\/\/files.sunoresearch.com.br\/n\/uploads\/2021\/09\/suno-logo.png","width":180,"height":180,"caption":"Suno Not\u00edcias"},"image":{"@id":"https:\/\/www.suno.com.br\/noticias\/#\/schema\/logo\/image\/"},"sameAs":["https:\/\/facebook.com\/sunoresearch","https:\/\/x.com\/sunoresearch","https:\/\/www.instagram.com\/suno","https:\/\/www.linkedin.com\/company\/suno-research\/","https:\/\/www.youtube.com\/c\/sunoresearch"]},{"@type":"Person","@id":"https:\/\/www.suno.com.br\/noticias\/#\/schema\/person\/02ec1f752758247878a2bf4abee1aeda","name":"Poliana Santos","image":{"@type":"ImageObject","inLanguage":"pt-BR","@id":"https:\/\/www.suno.com.br\/noticias\/#\/schema\/person\/image\/","url":"https:\/\/secure.gravatar.com\/avatar\/0645bd32f23d87b2130f2b2dff1d3f8d?s=96&r=g","contentUrl":"https:\/\/secure.gravatar.com\/avatar\/0645bd32f23d87b2130f2b2dff1d3f8d?s=96&r=g","caption":"Poliana Santos"},"description":"Rep\u00f3rter no Suno Not\u00edcias, com cobertura em mercado financeiro, economia, finan\u00e7as pessoais, renda fixa e varejo. Jornalista formada pela Faculdade C\u00e1sper L\u00edbero e possui passagem na R\u00e1dio Gazeta AM com a produ\u00e7\u00e3o de conte\u00fado sobre economia, pol\u00edtica, sa\u00fade, moda e m\u00fasica. Possui certificado de conclus\u00e3o do curso de An\u00e1lise de Balan\u00e7os pela Funda\u00e7\u00e3o Bradesco, Agenda Brasil pela FAAP, Educa\u00e7\u00e3o Pol\u00edtica por Alexandre Garcia e do Tesouro Direto e Mercado de A\u00e7\u00f5es pela B3.","url":"https:\/\/www.suno.com.br\/noticias\/author\/poliana-santos\/"}]}},"default_loop_html":"<div class=\"cardsPage__listCard__boxs\"><div class=\"cardsPage__listCard__boxs__img\"><a href=\"https:\/\/www.suno.com.br\/noticias\/dolar-ccj-greve-caminhoneiros\/\"><img class=\"mask\" src=\"https:\/\/www.suno.com.br\/noticias\/wp-content\/themes\/suno\/resources\/images\/spotlight\/spotlight1img\/bg-mask.png\" alt=\"Image Mask\"\/><img src=\"https:\/\/files.sunoresearch.com.br\/n\/uploads\/2018\/08\/a7e25189-america-3125467_960_720-400x200.webp\" alt=\"D\u00f3lar em queda com a retomada da Previd\u00eancia na CCJ\"\/><\/a><span class=\"spotlightCategory\"><a href=\"https:\/\/www.suno.com.br\/noticias\/mercado\/\">Mercado<\/a><\/span><\/div><div class=\"cardsPage__listCard__boxs__content\"><a href=\"https:\/\/www.suno.com.br\/noticias\/dolar-ccj-greve-caminhoneiros\/\"><h2 class=\"content__title\">D\u00f3lar em queda com a retomada da Previd\u00eancia na CCJ<\/h2><\/a><div class=\"newsContent__article__meta\"><div class=\"newsContent__article__meta__authorBox\"><a href=\"https:\/\/www.suno.com.br\/noticias\/author\/poliana-santos\/\" class=\"authorBox__avatar noMobi\"><img src=\"https:\/\/files.sunoresearch.com.br\/n\/uploads\/2020\/08\/7ef34026-whatsapp-image-2020-08-03-at-12.37.57-150x150.webp\" alt=\"Poliana Santos\"><\/a><div class=\"authorBox__name\"><span>por\n\t\t\t<a href=\"https:\/\/www.suno.com.br\/noticias\/author\/poliana-santos\/\"><span itemprop=\"author\">Poliana Santos<\/span><\/a><\/span><time datetime=\"2019-04-23T09:17:12-03:00\" itemprop=\"datePublished\">23\/04\/2019 09:17<\/time><\/div><\/div><\/div><\/div><\/div>","single_layout":"posts","amp_enabled":true,"_links":{"self":[{"href":"https:\/\/www.suno.com.br\/noticias\/wp-json\/wp\/v2\/posts\/21930"}],"collection":[{"href":"https:\/\/www.suno.com.br\/noticias\/wp-json\/wp\/v2\/posts"}],"about":[{"href":"https:\/\/www.suno.com.br\/noticias\/wp-json\/wp\/v2\/types\/post"}],"author":[{"embeddable":true,"href":"https:\/\/www.suno.com.br\/noticias\/wp-json\/wp\/v2\/users\/15"}],"replies":[{"embeddable":true,"href":"https:\/\/www.suno.com.br\/noticias\/wp-json\/wp\/v2\/comments?post=21930"}],"version-history":[{"count":0,"href":"https:\/\/www.suno.com.br\/noticias\/wp-json\/wp\/v2\/posts\/21930\/revisions"}],"wp:featuredmedia":[{"embeddable":true,"href":"https:\/\/www.suno.com.br\/noticias\/wp-json\/wp\/v2\/media\/2980"}],"wp:attachment":[{"href":"https:\/\/www.suno.com.br\/noticias\/wp-json\/wp\/v2\/media?parent=21930"}],"wp:term":[{"taxonomy":"category","embeddable":true,"href":"https:\/\/www.suno.com.br\/noticias\/wp-json\/wp\/v2\/categories?post=21930"},{"taxonomy":"post_tag","embeddable":true,"href":"https:\/\/www.suno.com.br\/noticias\/wp-json\/wp\/v2\/tags?post=21930"},{"taxonomy":"suno_strategy","embeddable":true,"href":"https:\/\/www.suno.com.br\/noticias\/wp-json\/wp\/v2\/suno_strategy?post=21930"}],"curies":[{"name":"wp","href":"https:\/\/api.w.org\/{rel}","templated":true}]}}