{"id":21917,"date":"2019-04-23T07:52:08","date_gmt":"2019-04-23T10:52:08","guid":{"rendered":"https:\/\/www.suno.com.br\/noticias\/?p=21917"},"modified":"2019-04-24T21:10:20","modified_gmt":"2019-04-25T00:10:20","slug":"greve-caminhoneiros-governo-acordo","status":"publish","type":"post","link":"https:\/\/www.suno.com.br\/noticias\/greve-caminhoneiros-governo-acordo\/","title":{"rendered":"Greve dos caminhoneiros: governo faz acordo e evita paralisa\u00e7\u00e3o"},"content":{"rendered":"<p>Na \u00faltima segunda-feira (22), o<strong> ministro da Infraestrutura<\/strong>, <strong>Tarc\u00edsio Gomes de Freitas<\/strong>, se reuniu com integrantes da <strong>Confedera\u00e7\u00e3o Nacional dos Transportes Aut\u00f4nomos<\/strong> (<strong>CNTA<\/strong>). Nesse encontro, o governo se comprometeu a implementar a pol\u00edtica de frete m\u00ednimo. Com isso, os motoristas asseguram que n\u00e3o haver\u00e1 greve dos caminhoneiros.<\/p>\t<div class=\"wrapper-featured-image\">\n\t\t<figure class=\"spotlightImg\">\n\n\t\t\t<picture>\n\t\t\t\t<source media=\"(max-width: 768px)\" srcset=\"https:\/\/files.sunoresearch.com.br\/n\/uploads\/2019\/04\/5f68304d-br-060_2-400x200.webp\">\n\t\t\t\t<img loading=\"lazy\" decoding=\"async\" class=\"newsContent__article__imgCapa lazyloadDisabled newsContent__article__imgCapa--noCaption\" src=\"https:\/\/files.sunoresearch.com.br\/n\/uploads\/2019\/04\/5f68304d-br-060_2-800x450.webp\" width=\"800\" height=\"450\" alt=\"Greve dos caminhoneiros: governo faz acordo e evita paralisa\u00e7\u00e3o\" fetchpriority=high \/>\n\t\t\t<\/picture>\n\n\t\t\t<figcaption class=\"wp-caption-text wp-caption-text--hide\">Greve caminhoneiros paralisa rodovias e amea\u00e7a portos e com\u00e9rcio pelo pa\u00eds<\/figcaption>\n\t\t<\/figure>\n\t<\/div>\n\n\n<p>A partir desta ter\u00e7a-feira (23), est\u00e1 v\u00e1lido a pol\u00edtica. O governo garantiu atender todas as reivindica\u00e7\u00f5es para evitar uma <strong>greve dos caminhoneiros<\/strong>, dentre elas est\u00e1 o aumento a fiscaliza\u00e7\u00e3o do piso m\u00ednimo de frete e o reajuste da tabela ao pre\u00e7o do diesel.<\/p>\n\n<p>Al\u00e9m disso, os motoristas ter\u00e3o livre acesso para denunciar ao minist\u00e9rio as empresas que descumprirem a pol\u00edtica de pre\u00e7os m\u00ednimo. Entretanto, o presidente da <strong>CNTA<\/strong>, <strong>Diumar Bueno<\/strong>, afirma que a tr\u00e9gua dever\u00e1 durar aproximadamente dois meses. Esse prazo, segundo o presidente, \u00e9 para que o governo consiga implementar a nova pol\u00edtica.<\/p>\n<p>Bueno explica que o se o governo n\u00e3o cumprir a promessa dentro do prazo, as negocia\u00e7\u00f5es ser\u00e3o abertas, mas, com uma press\u00e3o muito maior de <strong>paralisa\u00e7\u00e3o nacional<\/strong>.<\/p>\n<h2>Acordo firmado<\/h2>\n<p>Com intuito de evitar uma poss\u00edvel <strong>greve<\/strong>, o ministro se reuniu com 26 lideran\u00e7as de caminhoneiros, entre os integrantes havia um grupo de motoristas aut\u00f4nomos.<\/p>\n<p>De acordo com o documento divulgado na \u00faltima segunda-feira, os compromissos firmados foram os seguintes:<\/p>\n<ul>\n<li>Estudar a elimina\u00e7\u00e3o de multas desnecess\u00e1rias;<\/li>\n<li>Transfer\u00eancia do custo do diesel para a tabela do frete;<\/li>\n<li>Fiscaliza\u00e7\u00e3o efetiva da refer\u00eancia de custo do piso m\u00ednimo do frete;<\/li>\n<li>Celebra\u00e7\u00e3o de um termo de compromisso com as entidade representantes da categoria para tornar mais efetiva a fiscaliza\u00e7\u00e3o.<\/li>\n<\/ul>\n<h2>In\u00edcio da preocupa\u00e7\u00e3o<\/h2>\n<p>O governo decidiu fazer esta reuni\u00e3o com receio de uma poss\u00edvel greve dos caminhoneiros anunciado na \u00faltima quinta-feira (18) por um dos l\u00edderes dos transportadores, Wanderlei Alves.<\/p>\n<p><a href=\"https:\/\/www.suno.com.br\/noticias\/nova-greve-caminhoneiros-29-abril\/\">Saiba Mais: Nova greve dos caminhoneiros deve ocorrer no dia 29 de abril<\/a><\/p>\n<p>De acordo com a Ag\u00eancia Estado, o representante tinha afirmado que a paralisa\u00e7\u00e3o aconteceria na pr\u00f3xima segunda-feira dia 29 deste m\u00eas. Pois, a\u00a0categoria n\u00e3o teria ficado satisfeita <a href=\"https:\/\/www.suno.com.br\/noticias\/governo-linha-credito-caminhoneiros\/\">com o pacote de medidas anunciado na \u00faltima ter\u00e7a-feira (16) pelo governo federal.<\/a><\/p>\n<p>O intuito era atingir todo o territ\u00f3rio nacional. Segundo Alves, nos mesmos moldes da <strong>greve dos caminhoneiros <\/strong>do ano passado, crescendo \u00e0 medida que os dias passam.<\/p>\n\t<p>\n\t\t<a href=\"https:\/\/lp.suno.com.br\/4-emissao-snel11\/\" target=\"_blank\" data-element=\"shortcode-suno-banner\" title=\"Banner SUNO, clique e saiba mais\">\n\t\t\t<picture>\n\t\t\t\t<source media=\"(max-width: 500px)\" srcset=\"https:\/\/files.sunoresearch.com.br\/n\/uploads\/2025\/07\/400x300-Mobile-Artigos-7.webp\">\n\t\t\t\t<img class=\"newsContent__article__imgCapa newsContent__article__imgCapa--banner\"\n\t\t\t\t\tsrc=\"https:\/\/files.sunoresearch.com.br\/n\/uploads\/2025\/07\/1420x240-Banner-Artigos-1-_-Banner-Materias-5.webp\"\n\t\t\t\t\tdata-promo-id=\"364417\"\t\t\t\t\t\t\t\t\t\twidth='1420' height='240'\t\t\t\t\talt=\"https:\/\/files.sunoresearch.com.br\/n\/uploads\/2025\/07\/1420x240-Banner-Artigos-1-_-Banner-Materias-5.webp\"\n\t\t\t\t>\n\t\t\t<\/picture>\n\t\t<\/a>\n\t<\/p>\n\n\n<h2>Entenda o caso<\/h2>\n<p>A alta no <strong>diesel<\/strong> na \u00faltima quarta-feira (17) marcou uma nova derrota para os <strong>caminhoneiros<\/strong>. Al\u00e9m da eleva\u00e7\u00e3o do combust\u00edvel a classe j\u00e1 sofria com o pacote de medidas do governo que n\u00e3o atingiu o esperado.<\/p>\n<p>No entanto, os R$ 0,10 a mais no diesel divide os caminhoneiros, onde uma parte mais radical passou a articular uma<strong> paralisa\u00e7\u00e3o<\/strong>, enquanto a turma do \u201cdeixa disso\u201d preferia aguardar mais e dar mais tempo ao governo.<\/p>\n<p><a href=\"https:\/\/www.suno.com.br\/noticias\/greve-caminhoneiros-governo-negocia\/\">Saiba Mais: Greve dos caminhoneiros: governo est\u00e1 \u201centre a cruz e a espada\u201d, diz ministro<\/a><\/p>\n<p>Os caminhoneiros reivindicavam uma maior representatividade da classe em Bras\u00edlia, para conseguir discutir as verdadeiras necessidades da categoria.<\/p>\n<p>Ap\u00f3s a reuni\u00e3o com o ministro da infraestrutura os motoristas asseguram n\u00e3o haver\u00e1 <strong>greve dos caminhoneiros, <\/strong>desde o que o governo cumpra o acordo.<\/p>\n<p><a href=\"https:\/\/lp.suno.com.br\/ipo-do-uber-noticias\/\">\u201cQuer saber mais sobre o IPO do Uber? Baixe aqui o relat\u00f3rio completo GRATUITO\u201d<\/a><\/p>\n","protected":false},"excerpt":{"rendered":"<p>Na \u00faltima segunda-feira (22), o ministro da Infraestrutura, Tarc\u00edsio Gomes de Freitas, se reuniu com integrantes da Confedera\u00e7\u00e3o Nacional dos Transportes Aut\u00f4nomos (CNTA). Nesse encontro, o governo se comprometeu a implementar a pol\u00edtica de frete m\u00ednimo. Com isso, os motoristas asseguram que n\u00e3o haver\u00e1 greve dos caminhoneiros. Greve caminhoneiros paralisa rodovias e amea\u00e7a portos e [&hellip;]<\/p>\n","protected":false},"author":15,"featured_media":21920,"comment_status":"closed","ping_status":"closed","sticky":false,"template":"","format":"standard","meta":[],"categories":[62],"tags":[833],"suno_strategy":[],"class_list":["post-21917","post","type-post","status-publish","format-standard","has-post-thumbnail","hentry","category-economia","tag-greve-dos-caminhoneiros"],"yoast_head":"<!-- This site is optimized with the Yoast SEO plugin v24.4 - https:\/\/yoast.com\/wordpress\/plugins\/seo\/ -->\n<title>Greve dos caminhoneiros: governo faz acordo e evita paralisa\u00e7\u00e3o<\/title>\n<meta name=\"description\" content=\"O governo se comprometeu implementar a pol\u00edtica de frete m\u00ednimo com o intuito de evitar a greve dos caminhoneiros. Clique aqui e saiba mais\" \/>\n<meta name=\"robots\" content=\"index, follow, max-snippet:-1, max-image-preview:large, max-video-preview:-1\" \/>\n<link rel=\"canonical\" href=\"https:\/\/www.suno.com.br\/noticias\/greve-caminhoneiros-governo-acordo\/\" \/>\n<meta property=\"og:locale\" content=\"pt_BR\" \/>\n<meta property=\"og:type\" content=\"article\" \/>\n<meta property=\"og:title\" content=\"Greve dos caminhoneiros: governo faz acordo e evita paralisa\u00e7\u00e3o\" \/>\n<meta property=\"og:description\" content=\"O governo se comprometeu implementar a pol\u00edtica de frete m\u00ednimo com o intuito de evitar a greve dos caminhoneiros. Clique aqui e saiba mais\" \/>\n<meta property=\"og:url\" content=\"https:\/\/www.suno.com.br\/noticias\/greve-caminhoneiros-governo-acordo\/\" \/>\n<meta property=\"og:site_name\" content=\"Suno Not\u00edcias\" \/>\n<meta property=\"article:publisher\" content=\"https:\/\/facebook.com\/sunoresearch\" \/>\n<meta property=\"og:image\" content=\"https:\/\/files.sunoresearch.com.br\/n\/uploads\/2019\/04\/5f68304d-br-060_2-1024x668.jpg\" \/>\n\t<meta property=\"og:image:width\" content=\"1024\" \/>\n\t<meta property=\"og:image:height\" content=\"668\" \/>\n\t<meta property=\"og:image:type\" content=\"image\/jpeg\" \/>\n<meta name=\"author\" content=\"Poliana Santos\" \/>\n<meta name=\"twitter:card\" content=\"summary_large_image\" \/>\n<meta name=\"twitter:creator\" content=\"@sunoresearch\" \/>\n<meta name=\"twitter:site\" content=\"@sunoresearch\" \/>\n<meta name=\"twitter:label1\" content=\"Escrito por\" \/>\n\t<meta name=\"twitter:data1\" content=\"Poliana Santos\" \/>\n\t<meta name=\"twitter:label2\" content=\"Est. tempo de leitura\" \/>\n\t<meta name=\"twitter:data2\" content=\"3 minutos\" \/>\n<script type=\"application\/ld+json\" class=\"yoast-schema-graph\">{\"@context\":\"https:\/\/schema.org\",\"@graph\":[{\"@type\":\"NewsArticle\",\"@id\":\"https:\/\/www.suno.com.br\/noticias\/greve-caminhoneiros-governo-acordo\/#article\",\"isPartOf\":{\"@id\":\"https:\/\/www.suno.com.br\/noticias\/greve-caminhoneiros-governo-acordo\/\"},\"author\":{\"name\":\"Poliana Santos\",\"@id\":\"https:\/\/www.suno.com.br\/noticias\/#\/schema\/person\/02ec1f752758247878a2bf4abee1aeda\"},\"headline\":\"Greve dos caminhoneiros: governo faz acordo e evita paralisa\u00e7\u00e3o\",\"datePublished\":\"2019-04-23T10:52:08+00:00\",\"dateModified\":\"2019-04-25T00:10:20+00:00\",\"mainEntityOfPage\":{\"@id\":\"https:\/\/www.suno.com.br\/noticias\/greve-caminhoneiros-governo-acordo\/\"},\"wordCount\":576,\"publisher\":{\"@id\":\"https:\/\/www.suno.com.br\/noticias\/#organization\"},\"image\":{\"@id\":\"https:\/\/www.suno.com.br\/noticias\/greve-caminhoneiros-governo-acordo\/#primaryimage\"},\"thumbnailUrl\":\"https:\/\/files.sunoresearch.com.br\/n\/uploads\/2019\/04\/5f68304d-br-060_2-scaled.webp\",\"keywords\":[\"greve dos caminhoneiros\"],\"articleSection\":[\"Economia\"],\"inLanguage\":\"pt-BR\"},{\"@type\":\"WebPage\",\"@id\":\"https:\/\/www.suno.com.br\/noticias\/greve-caminhoneiros-governo-acordo\/\",\"url\":\"https:\/\/www.suno.com.br\/noticias\/greve-caminhoneiros-governo-acordo\/\",\"name\":\"Greve dos caminhoneiros: governo faz acordo e evita paralisa\u00e7\u00e3o\",\"isPartOf\":{\"@id\":\"https:\/\/www.suno.com.br\/noticias\/#website\"},\"primaryImageOfPage\":{\"@id\":\"https:\/\/www.suno.com.br\/noticias\/greve-caminhoneiros-governo-acordo\/#primaryimage\"},\"image\":{\"@id\":\"https:\/\/www.suno.com.br\/noticias\/greve-caminhoneiros-governo-acordo\/#primaryimage\"},\"thumbnailUrl\":\"https:\/\/files.sunoresearch.com.br\/n\/uploads\/2019\/04\/5f68304d-br-060_2-scaled.webp\",\"datePublished\":\"2019-04-23T10:52:08+00:00\",\"dateModified\":\"2019-04-25T00:10:20+00:00\",\"description\":\"O governo se comprometeu implementar a pol\u00edtica de frete m\u00ednimo com o intuito de evitar a greve dos caminhoneiros. Clique aqui e saiba mais\",\"breadcrumb\":{\"@id\":\"https:\/\/www.suno.com.br\/noticias\/greve-caminhoneiros-governo-acordo\/#breadcrumb\"},\"inLanguage\":\"pt-BR\",\"potentialAction\":[{\"@type\":\"ReadAction\",\"target\":[\"https:\/\/www.suno.com.br\/noticias\/greve-caminhoneiros-governo-acordo\/\"]}]},{\"@type\":\"ImageObject\",\"inLanguage\":\"pt-BR\",\"@id\":\"https:\/\/www.suno.com.br\/noticias\/greve-caminhoneiros-governo-acordo\/#primaryimage\",\"url\":\"https:\/\/files.sunoresearch.com.br\/n\/uploads\/2019\/04\/5f68304d-br-060_2-scaled.webp\",\"contentUrl\":\"https:\/\/files.sunoresearch.com.br\/n\/uploads\/2019\/04\/5f68304d-br-060_2-scaled.webp\",\"width\":2560,\"height\":1669,\"caption\":\"Greve caminhoneiros paralisa rodovias e amea\u00e7a portos e com\u00e9rcio pelo pa\u00eds\"},{\"@type\":\"BreadcrumbList\",\"@id\":\"https:\/\/www.suno.com.br\/noticias\/greve-caminhoneiros-governo-acordo\/#breadcrumb\",\"itemListElement\":[{\"@type\":\"ListItem\",\"position\":1,\"name\":\"Not\u00edcias\",\"item\":\"https:\/\/www.suno.com.br\/noticias\/\"},{\"@type\":\"ListItem\",\"position\":2,\"name\":\"Economia\",\"item\":\"https:\/\/www.suno.com.br\/noticias\/economia\/\"},{\"@type\":\"ListItem\",\"position\":3,\"name\":\"Greve dos caminhoneiros: governo faz acordo e evita paralisa\u00e7\u00e3o\"}]},{\"@type\":\"WebSite\",\"@id\":\"https:\/\/www.suno.com.br\/noticias\/#website\",\"url\":\"https:\/\/www.suno.com.br\/noticias\/\",\"name\":\"Suno Not\u00edcias\",\"description\":\"Seu portal de informa\u00e7\u00e3o sobre o mundo dos investimentos\",\"publisher\":{\"@id\":\"https:\/\/www.suno.com.br\/noticias\/#organization\"},\"potentialAction\":[{\"@type\":\"SearchAction\",\"target\":{\"@type\":\"EntryPoint\",\"urlTemplate\":\"https:\/\/www.suno.com.br\/noticias\/?s={search_term_string}\"},\"query-input\":{\"@type\":\"PropertyValueSpecification\",\"valueRequired\":true,\"valueName\":\"search_term_string\"}}],\"inLanguage\":\"pt-BR\"},{\"@type\":\"Organization\",\"@id\":\"https:\/\/www.suno.com.br\/noticias\/#organization\",\"name\":\"Suno Not\u00edcias\",\"url\":\"https:\/\/www.suno.com.br\/noticias\/\",\"logo\":{\"@type\":\"ImageObject\",\"inLanguage\":\"pt-BR\",\"@id\":\"https:\/\/www.suno.com.br\/noticias\/#\/schema\/logo\/image\/\",\"url\":\"https:\/\/files.sunoresearch.com.br\/n\/uploads\/2021\/09\/suno-logo.png\",\"contentUrl\":\"https:\/\/files.sunoresearch.com.br\/n\/uploads\/2021\/09\/suno-logo.png\",\"width\":180,\"height\":180,\"caption\":\"Suno Not\u00edcias\"},\"image\":{\"@id\":\"https:\/\/www.suno.com.br\/noticias\/#\/schema\/logo\/image\/\"},\"sameAs\":[\"https:\/\/facebook.com\/sunoresearch\",\"https:\/\/x.com\/sunoresearch\",\"https:\/\/www.instagram.com\/suno\",\"https:\/\/www.linkedin.com\/company\/suno-research\/\",\"https:\/\/www.youtube.com\/c\/sunoresearch\"]},{\"@type\":\"Person\",\"@id\":\"https:\/\/www.suno.com.br\/noticias\/#\/schema\/person\/02ec1f752758247878a2bf4abee1aeda\",\"name\":\"Poliana Santos\",\"image\":{\"@type\":\"ImageObject\",\"inLanguage\":\"pt-BR\",\"@id\":\"https:\/\/www.suno.com.br\/noticias\/#\/schema\/person\/image\/\",\"url\":\"https:\/\/secure.gravatar.com\/avatar\/0645bd32f23d87b2130f2b2dff1d3f8d?s=96&r=g\",\"contentUrl\":\"https:\/\/secure.gravatar.com\/avatar\/0645bd32f23d87b2130f2b2dff1d3f8d?s=96&r=g\",\"caption\":\"Poliana Santos\"},\"description\":\"Rep\u00f3rter no Suno Not\u00edcias, com cobertura em mercado financeiro, economia, finan\u00e7as pessoais, renda fixa e varejo. Jornalista formada pela Faculdade C\u00e1sper L\u00edbero e possui passagem na R\u00e1dio Gazeta AM com a produ\u00e7\u00e3o de conte\u00fado sobre economia, pol\u00edtica, sa\u00fade, moda e m\u00fasica. Possui certificado de conclus\u00e3o do curso de An\u00e1lise de Balan\u00e7os pela Funda\u00e7\u00e3o Bradesco, Agenda Brasil pela FAAP, Educa\u00e7\u00e3o Pol\u00edtica por Alexandre Garcia e do Tesouro Direto e Mercado de A\u00e7\u00f5es pela B3.\",\"url\":\"https:\/\/www.suno.com.br\/noticias\/author\/poliana-santos\/\"}]}<\/script>\n<!-- \/ Yoast SEO plugin. -->","yoast_head_json":{"title":"Greve dos caminhoneiros: governo faz acordo e evita paralisa\u00e7\u00e3o","description":"O governo se comprometeu implementar a pol\u00edtica de frete m\u00ednimo com o intuito de evitar a greve dos caminhoneiros. Clique aqui e saiba mais","robots":{"index":"index","follow":"follow","max-snippet":"max-snippet:-1","max-image-preview":"max-image-preview:large","max-video-preview":"max-video-preview:-1"},"canonical":"https:\/\/www.suno.com.br\/noticias\/greve-caminhoneiros-governo-acordo\/","og_locale":"pt_BR","og_type":"article","og_title":"Greve dos caminhoneiros: governo faz acordo e evita paralisa\u00e7\u00e3o","og_description":"O governo se comprometeu implementar a pol\u00edtica de frete m\u00ednimo com o intuito de evitar a greve dos caminhoneiros. Clique aqui e saiba mais","og_url":"https:\/\/www.suno.com.br\/noticias\/greve-caminhoneiros-governo-acordo\/","og_site_name":"Suno Not\u00edcias","article_publisher":"https:\/\/facebook.com\/sunoresearch","og_image":[{"width":1024,"height":668,"url":"https:\/\/files.sunoresearch.com.br\/n\/uploads\/2019\/04\/5f68304d-br-060_2-1024x668.jpg","type":"image\/jpeg"}],"author":"Poliana Santos","twitter_card":"summary_large_image","twitter_creator":"@sunoresearch","twitter_site":"@sunoresearch","twitter_misc":{"Escrito por":"Poliana Santos","Est. tempo de leitura":"3 minutos"},"schema":{"@context":"https:\/\/schema.org","@graph":[{"@type":"NewsArticle","@id":"https:\/\/www.suno.com.br\/noticias\/greve-caminhoneiros-governo-acordo\/#article","isPartOf":{"@id":"https:\/\/www.suno.com.br\/noticias\/greve-caminhoneiros-governo-acordo\/"},"author":{"name":"Poliana Santos","@id":"https:\/\/www.suno.com.br\/noticias\/#\/schema\/person\/02ec1f752758247878a2bf4abee1aeda"},"headline":"Greve dos caminhoneiros: governo faz acordo e evita paralisa\u00e7\u00e3o","datePublished":"2019-04-23T10:52:08+00:00","dateModified":"2019-04-25T00:10:20+00:00","mainEntityOfPage":{"@id":"https:\/\/www.suno.com.br\/noticias\/greve-caminhoneiros-governo-acordo\/"},"wordCount":576,"publisher":{"@id":"https:\/\/www.suno.com.br\/noticias\/#organization"},"image":{"@id":"https:\/\/www.suno.com.br\/noticias\/greve-caminhoneiros-governo-acordo\/#primaryimage"},"thumbnailUrl":"https:\/\/files.sunoresearch.com.br\/n\/uploads\/2019\/04\/5f68304d-br-060_2-scaled.webp","keywords":["greve dos caminhoneiros"],"articleSection":["Economia"],"inLanguage":"pt-BR"},{"@type":"WebPage","@id":"https:\/\/www.suno.com.br\/noticias\/greve-caminhoneiros-governo-acordo\/","url":"https:\/\/www.suno.com.br\/noticias\/greve-caminhoneiros-governo-acordo\/","name":"Greve dos caminhoneiros: governo faz acordo e evita paralisa\u00e7\u00e3o","isPartOf":{"@id":"https:\/\/www.suno.com.br\/noticias\/#website"},"primaryImageOfPage":{"@id":"https:\/\/www.suno.com.br\/noticias\/greve-caminhoneiros-governo-acordo\/#primaryimage"},"image":{"@id":"https:\/\/www.suno.com.br\/noticias\/greve-caminhoneiros-governo-acordo\/#primaryimage"},"thumbnailUrl":"https:\/\/files.sunoresearch.com.br\/n\/uploads\/2019\/04\/5f68304d-br-060_2-scaled.webp","datePublished":"2019-04-23T10:52:08+00:00","dateModified":"2019-04-25T00:10:20+00:00","description":"O governo se comprometeu implementar a pol\u00edtica de frete m\u00ednimo com o intuito de evitar a greve dos caminhoneiros. Clique aqui e saiba mais","breadcrumb":{"@id":"https:\/\/www.suno.com.br\/noticias\/greve-caminhoneiros-governo-acordo\/#breadcrumb"},"inLanguage":"pt-BR","potentialAction":[{"@type":"ReadAction","target":["https:\/\/www.suno.com.br\/noticias\/greve-caminhoneiros-governo-acordo\/"]}]},{"@type":"ImageObject","inLanguage":"pt-BR","@id":"https:\/\/www.suno.com.br\/noticias\/greve-caminhoneiros-governo-acordo\/#primaryimage","url":"https:\/\/files.sunoresearch.com.br\/n\/uploads\/2019\/04\/5f68304d-br-060_2-scaled.webp","contentUrl":"https:\/\/files.sunoresearch.com.br\/n\/uploads\/2019\/04\/5f68304d-br-060_2-scaled.webp","width":2560,"height":1669,"caption":"Greve caminhoneiros paralisa rodovias e amea\u00e7a portos e com\u00e9rcio pelo pa\u00eds"},{"@type":"BreadcrumbList","@id":"https:\/\/www.suno.com.br\/noticias\/greve-caminhoneiros-governo-acordo\/#breadcrumb","itemListElement":[{"@type":"ListItem","position":1,"name":"Not\u00edcias","item":"https:\/\/www.suno.com.br\/noticias\/"},{"@type":"ListItem","position":2,"name":"Economia","item":"https:\/\/www.suno.com.br\/noticias\/economia\/"},{"@type":"ListItem","position":3,"name":"Greve dos caminhoneiros: governo faz acordo e evita paralisa\u00e7\u00e3o"}]},{"@type":"WebSite","@id":"https:\/\/www.suno.com.br\/noticias\/#website","url":"https:\/\/www.suno.com.br\/noticias\/","name":"Suno Not\u00edcias","description":"Seu portal de informa\u00e7\u00e3o sobre o mundo dos investimentos","publisher":{"@id":"https:\/\/www.suno.com.br\/noticias\/#organization"},"potentialAction":[{"@type":"SearchAction","target":{"@type":"EntryPoint","urlTemplate":"https:\/\/www.suno.com.br\/noticias\/?s={search_term_string}"},"query-input":{"@type":"PropertyValueSpecification","valueRequired":true,"valueName":"search_term_string"}}],"inLanguage":"pt-BR"},{"@type":"Organization","@id":"https:\/\/www.suno.com.br\/noticias\/#organization","name":"Suno Not\u00edcias","url":"https:\/\/www.suno.com.br\/noticias\/","logo":{"@type":"ImageObject","inLanguage":"pt-BR","@id":"https:\/\/www.suno.com.br\/noticias\/#\/schema\/logo\/image\/","url":"https:\/\/files.sunoresearch.com.br\/n\/uploads\/2021\/09\/suno-logo.png","contentUrl":"https:\/\/files.sunoresearch.com.br\/n\/uploads\/2021\/09\/suno-logo.png","width":180,"height":180,"caption":"Suno Not\u00edcias"},"image":{"@id":"https:\/\/www.suno.com.br\/noticias\/#\/schema\/logo\/image\/"},"sameAs":["https:\/\/facebook.com\/sunoresearch","https:\/\/x.com\/sunoresearch","https:\/\/www.instagram.com\/suno","https:\/\/www.linkedin.com\/company\/suno-research\/","https:\/\/www.youtube.com\/c\/sunoresearch"]},{"@type":"Person","@id":"https:\/\/www.suno.com.br\/noticias\/#\/schema\/person\/02ec1f752758247878a2bf4abee1aeda","name":"Poliana Santos","image":{"@type":"ImageObject","inLanguage":"pt-BR","@id":"https:\/\/www.suno.com.br\/noticias\/#\/schema\/person\/image\/","url":"https:\/\/secure.gravatar.com\/avatar\/0645bd32f23d87b2130f2b2dff1d3f8d?s=96&r=g","contentUrl":"https:\/\/secure.gravatar.com\/avatar\/0645bd32f23d87b2130f2b2dff1d3f8d?s=96&r=g","caption":"Poliana Santos"},"description":"Rep\u00f3rter no Suno Not\u00edcias, com cobertura em mercado financeiro, economia, finan\u00e7as pessoais, renda fixa e varejo. Jornalista formada pela Faculdade C\u00e1sper L\u00edbero e possui passagem na R\u00e1dio Gazeta AM com a produ\u00e7\u00e3o de conte\u00fado sobre economia, pol\u00edtica, sa\u00fade, moda e m\u00fasica. Possui certificado de conclus\u00e3o do curso de An\u00e1lise de Balan\u00e7os pela Funda\u00e7\u00e3o Bradesco, Agenda Brasil pela FAAP, Educa\u00e7\u00e3o Pol\u00edtica por Alexandre Garcia e do Tesouro Direto e Mercado de A\u00e7\u00f5es pela B3.","url":"https:\/\/www.suno.com.br\/noticias\/author\/poliana-santos\/"}]}},"default_loop_html":"<div class=\"cardsPage__listCard__boxs\"><div class=\"cardsPage__listCard__boxs__img\"><a href=\"https:\/\/www.suno.com.br\/noticias\/greve-caminhoneiros-governo-acordo\/\"><img class=\"mask\" src=\"https:\/\/www.suno.com.br\/noticias\/wp-content\/themes\/suno\/resources\/images\/spotlight\/spotlight1img\/bg-mask.png\" alt=\"Image Mask\"\/><img src=\"https:\/\/files.sunoresearch.com.br\/n\/uploads\/2019\/04\/5f68304d-br-060_2-400x200.webp\" alt=\"Greve dos caminhoneiros: governo faz acordo e evita paralisa\u00e7\u00e3o\"\/><\/a><span class=\"spotlightCategory\"><a href=\"https:\/\/www.suno.com.br\/noticias\/economia\/\">Economia<\/a><\/span><\/div><div class=\"cardsPage__listCard__boxs__content\"><a href=\"https:\/\/www.suno.com.br\/noticias\/greve-caminhoneiros-governo-acordo\/\"><h2 class=\"content__title\">Greve dos caminhoneiros: governo faz acordo e evita paralisa\u00e7\u00e3o<\/h2><\/a><div class=\"newsContent__article__meta\"><div class=\"newsContent__article__meta__authorBox\"><a href=\"https:\/\/www.suno.com.br\/noticias\/author\/poliana-santos\/\" class=\"authorBox__avatar noMobi\"><img src=\"https:\/\/files.sunoresearch.com.br\/n\/uploads\/2020\/08\/7ef34026-whatsapp-image-2020-08-03-at-12.37.57-150x150.webp\" alt=\"Poliana Santos\"><\/a><div class=\"authorBox__name\"><span>por\n\t\t\t<a href=\"https:\/\/www.suno.com.br\/noticias\/author\/poliana-santos\/\"><span itemprop=\"author\">Poliana Santos<\/span><\/a><\/span><time datetime=\"2019-04-23T07:52:08-03:00\" itemprop=\"datePublished\">23\/04\/2019 07:52<\/time><\/div><\/div><\/div><\/div><\/div>","single_layout":"posts","amp_enabled":true,"_links":{"self":[{"href":"https:\/\/www.suno.com.br\/noticias\/wp-json\/wp\/v2\/posts\/21917"}],"collection":[{"href":"https:\/\/www.suno.com.br\/noticias\/wp-json\/wp\/v2\/posts"}],"about":[{"href":"https:\/\/www.suno.com.br\/noticias\/wp-json\/wp\/v2\/types\/post"}],"author":[{"embeddable":true,"href":"https:\/\/www.suno.com.br\/noticias\/wp-json\/wp\/v2\/users\/15"}],"replies":[{"embeddable":true,"href":"https:\/\/www.suno.com.br\/noticias\/wp-json\/wp\/v2\/comments?post=21917"}],"version-history":[{"count":0,"href":"https:\/\/www.suno.com.br\/noticias\/wp-json\/wp\/v2\/posts\/21917\/revisions"}],"wp:featuredmedia":[{"embeddable":true,"href":"https:\/\/www.suno.com.br\/noticias\/wp-json\/wp\/v2\/media\/21920"}],"wp:attachment":[{"href":"https:\/\/www.suno.com.br\/noticias\/wp-json\/wp\/v2\/media?parent=21917"}],"wp:term":[{"taxonomy":"category","embeddable":true,"href":"https:\/\/www.suno.com.br\/noticias\/wp-json\/wp\/v2\/categories?post=21917"},{"taxonomy":"post_tag","embeddable":true,"href":"https:\/\/www.suno.com.br\/noticias\/wp-json\/wp\/v2\/tags?post=21917"},{"taxonomy":"suno_strategy","embeddable":true,"href":"https:\/\/www.suno.com.br\/noticias\/wp-json\/wp\/v2\/suno_strategy?post=21917"}],"curies":[{"name":"wp","href":"https:\/\/api.w.org\/{rel}","templated":true}]}}