{"id":219055,"date":"2022-01-05T18:25:54","date_gmt":"2022-01-05T21:25:54","guid":{"rendered":"https:\/\/www.suno.com.br\/noticias\/?p=219055"},"modified":"2022-01-05T18:42:06","modified_gmt":"2022-01-05T21:42:06","slug":"fed-ata-juros-aceleracao-inflacao-alta","status":"publish","type":"post","link":"https:\/\/www.suno.com.br\/noticias\/fed-ata-juros-aceleracao-inflacao-alta\/","title":{"rendered":"Fed pode acelerar alta dos juros por causa da alta da infla\u00e7\u00e3o"},"content":{"rendered":"<p>Os dirigentes do <a class=\"suno-keyword\" href=\"https:\/\/www.suno.com.br\/artigos\/fed\/\" target=\"_blank\" rel=\"noopener\" data-force=\"no\" data-priority=\"2\">Federal Reserve (Fed) <\/a>conclu\u00edram que deve ser necess\u00e1ria uma <strong>alta de juros<\/strong> mais breve e r\u00e1pida do que o estimado anteriormente. Pesaram na decis\u00e3o as perspectivas da economia, levando-se em conta as proje\u00e7\u00f5es para o <strong>avan\u00e7o da\u00a0infla\u00e7\u00e3o<\/strong> e emprego nos Estados Unidos, segundo a ata da \u00faltima reuni\u00e3o do Fed, realizada em 14 e 15 de dezembro, e divulgada nesta quarta-feira (5).<\/p>\t<div class=\"wrapper-featured-image\">\n\t\t<figure class=\"spotlightImg\">\n\n\t\t\t<picture>\n\t\t\t\t<source media=\"(max-width: 768px)\" srcset=\"https:\/\/files.sunoresearch.com.br\/n\/uploads\/2021\/06\/81e73dde-13738090_1048470598564265_2148124856386574924_o-1-400x200.webp\">\n\t\t\t\t<img loading=\"lazy\" decoding=\"async\" class=\"newsContent__article__imgCapa lazyloadDisabled \" src=\"https:\/\/files.sunoresearch.com.br\/n\/uploads\/2021\/06\/81e73dde-13738090_1048470598564265_2148124856386574924_o-1-800x450.webp\" width=\"800\" height=\"450\" alt=\"Fed pode acelerar alta dos juros por causa da alta da infla\u00e7\u00e3o\" fetchpriority=high \/>\n\t\t\t<\/picture>\n\n\t\t\t<figcaption class=\"wp-caption-text wp-caption-text--show\">Fed - Foto: Reprodu\u00e7\u00e3o Facebook<\/figcaption>\n\t\t<\/figure>\n\t<\/div>\n\n\n\t<p>\n\t\t<a href=\"https:\/\/lp.suno.com.br\/planilha-controle-gastos\/\" target=\"_blank\" data-element=\"shortcode-suno-banner\" title=\"Banner SUNO, clique e saiba mais\">\n\t\t\t<picture>\n\t\t\t\t<source media=\"(max-width: 500px)\" srcset=\"https:\/\/files.sunoresearch.com.br\/n\/uploads\/2023\/03\/400x300-Planilha-controle-de-gastos.png\">\n\t\t\t\t<img class=\"newsContent__article__imgCapa newsContent__article__imgCapa--banner\"\n\t\t\t\t\tsrc=\"https:\/\/files.sunoresearch.com.br\/n\/uploads\/2023\/03\/1420x240-Planilha-controle-de-gastos.png\"\n\t\t\t\t\tdata-promo-id=\"101751\"\t\t\t\t\t\t\t\t\t\twidth='1420' height='240'\t\t\t\t\talt=\"https:\/\/files.sunoresearch.com.br\/n\/uploads\/2023\/03\/1420x240-Planilha-controle-de-gastos.png\"\n\t\t\t\t>\n\t\t\t<\/picture>\n\t\t<\/a>\n\t<\/p>\n\n\n<p>O documento diz ainda que, para alguns dirigentes, pode ser apropriado reduzir o balan\u00e7o patrimonial do Fed logo ap\u00f3s a alta de juros. Os membros do Fed afirmaram em dezembro do ano passado que o mercado de trabalho estava \u201cmuito apertado\u201d. Desta forma, o banco central dos Estados Unidos pode, al\u00e9m de aumentar as <strong>taxas de juros<\/strong> antes do esperado, reduzir a carteira geral de ativos para conter a <strong>alta de pre\u00e7os<\/strong>. A alta dos juros ainda n\u00e3o foi oficialmente precificada: os dirigentes estimam que podem ocorrer aumentos que somariam um total 0,75% em 2022.<\/p>\n<p>Os dirigentes concordaram em reduzir o ritmo mensal da compra de ativos l\u00edquidos \u00e0 luz da evolu\u00e7\u00e3o da infla\u00e7\u00e3o e da melhoria adicional no mercado de trabalho, com uma diminui\u00e7\u00e3o de aquisi\u00e7\u00f5es de US$ 20 bilh\u00f5es para t\u00edtulos do Tesouro e US$ 10 bilh\u00f5es para aqueles ligados \u00e0 hipotecas (MBS), destaca a ata.<\/p>\n<p>Segundo o documento, os participantes do encontro tamb\u00e9m avaliaram que redu\u00e7\u00f5es semelhantes no ritmo de compras provavelmente seriam apropriadas nos meses subsequentes, de forma que o tapering termine em meados de mar\u00e7o.<\/p>\n<p>O documento lembra que sob a perspectiva do Comit\u00ea do Fed, o fim do processo ocorreria assim alguns meses antes do que o previsto na reuni\u00e3o anterior. Os dirigentes tamb\u00e9m notaram que as compras em curso de ativos do Fed e as deten\u00e7\u00f5es de t\u00edtulos &#8220;continuariam a promover o funcionamento regular do mercado e as condi\u00e7\u00f5es financeiras acomodat\u00edcias, apoiando assim o fluxo de cr\u00e9dito&#8221;, diz a ata.<\/p>\n<p>Al\u00e9m disso, os membros da reuni\u00e3o observaram que a autoridade estava preparada para ajustar o ritmo das compras em caso de mudan\u00e7as na perspectiva econ\u00f4mica, e que era importante manter a &#8220;flexibilidade para ajustar a postura da pol\u00edtica conforme apropriado&#8221;, segundo o documento.<\/p>\n<h2>Termo removido<\/h2>\n<p>Os dirigentes do Federal Reserve afirmaram que, com infla\u00e7\u00e3o elevada por mais tempo que o previsto nos Estados Unidos, decidiram remover o termo &#8220;transit\u00f3ria&#8221; de sua avalia\u00e7\u00e3o sobre o fen\u00f4meno.<\/p>\n<p>Observaram que os desequil\u00edbrios de <a class=\"suno-keyword\" href=\"https:\/\/www.suno.com.br\/artigos\/oferta-demanda\/\" target=\"_blank\" rel=\"noopener\" data-force=\"no\" data-priority=\"1\">oferta e demanda<\/a> continuavam a contribuir para a infla\u00e7\u00e3o elevada. &#8220;Os membros tamb\u00e9m concordaram que, com o surgimento da \u00d4micron, era apropriado observar o risco de novas variantes em sua avalia\u00e7\u00e3o dos riscos para as perspectivas econ\u00f4micas&#8221;, aponta o documento.<\/p>\n\t<p>\n\t\t<a href=\"https:\/\/lp.suno.com.br\/planilha-da-vida-financeira\/\" target=\"_blank\" data-element=\"shortcode-suno-banner\" title=\"Banner SUNO, clique e saiba mais\">\n\t\t\t<picture>\n\t\t\t\t<source media=\"(max-width: 500px)\" srcset=\"https:\/\/files.sunoresearch.com.br\/n\/uploads\/2023\/04\/400x300-Planilha-vida-financeira-true.png\">\n\t\t\t\t<img class=\"newsContent__article__imgCapa newsContent__article__imgCapa--banner\"\n\t\t\t\t\tsrc=\"https:\/\/files.sunoresearch.com.br\/n\/uploads\/2023\/04\/1420x240-Planilha-vida-financeira-true.png\"\n\t\t\t\t\tdata-promo-id=\"106682\"\t\t\t\t\t\t\t\t\t\twidth='1420' height='240'\t\t\t\t\talt=\"https:\/\/files.sunoresearch.com.br\/n\/uploads\/2023\/04\/1420x240-Planilha-vida-financeira-true.png\"\n\t\t\t\t>\n\t\t\t<\/picture>\n\t\t<\/a>\n\t<\/p>\n\n\n<p>Al\u00e9m disso, os desequil\u00edbrios relacionados \u00e0 pandemia e \u00e0 reabertura da economia continuaram a contribuir para n\u00edveis elevados de infla\u00e7\u00e3o, sendo que os gargalos na cadeia e emprego seguem limitando a oferta ante a forte demanda.<\/p>\n<p>&#8220;Esperava-se que o progresso na vacina\u00e7\u00e3o e a redu\u00e7\u00e3o das restri\u00e7\u00f5es de oferta apoiassem ganhos cont\u00ednuos na atividade econ\u00f4mica e no emprego, bem como uma redu\u00e7\u00e3o na infla\u00e7\u00e3o, mas os riscos para as perspectivas econ\u00f4micas permaneceram, incluindo novas variantes do v\u00edrus&#8221;, diz o documento.<\/p>\n<h2>Atividade e \u00d4micron<\/h2>\n<p>Os dirigentes esperam um crescimento robusto nos Estados Unidos persistindo ao longo de 2022. Entretanto, a avalia\u00e7\u00e3o \u00e9 de uma s\u00e9rie de riscos para a economia, especialmente com rela\u00e7\u00e3o \u00e0 pandemia. O ponto principal s\u00e3o as novas variantes do coronav\u00edrus, de acordo com a ata do Fed.<\/p>\n<p>Conforme a ata, a atividade depende da evolu\u00e7\u00e3o da pandemia. O risco por novas variantes permanece, especialmente ap\u00f3s o surgimento da \u00d4micron.<\/p>\n<p>Muitos dirigentes avaliaram que a \u00d4micron tornou a perspectiva mais incerta, por sua vez, v\u00e1rios observaram que ainda n\u00e3o viam a nova variante como alterando fundamentalmente o caminho da recupera\u00e7\u00e3o econ\u00f4mica nos EUA, diz o documento.<\/p>\n\t<p>\n\t\t<a href=\"https:\/\/lp.suno.com.br\/ebook-como-analisar-uma-acao\/\" target=\"_blank\" data-element=\"shortcode-suno-banner\" title=\"Banner SUNO, clique e saiba mais\">\n\t\t\t<picture>\n\t\t\t\t<source media=\"(max-width: 500px)\" srcset=\"https:\/\/files.sunoresearch.com.br\/n\/uploads\/2023\/03\/Ebook-Acoes-Mobile-1.jpg\">\n\t\t\t\t<img class=\"newsContent__article__imgCapa newsContent__article__imgCapa--banner\"\n\t\t\t\t\tsrc=\"https:\/\/files.sunoresearch.com.br\/n\/uploads\/2023\/03\/Ebook-Acoes-Desktop-1.jpg\"\n\t\t\t\t\tdata-promo-id=\"171998\"\t\t\t\t\t\t\t\t\t\twidth='1420' height='286'\t\t\t\t\talt=\"https:\/\/files.sunoresearch.com.br\/n\/uploads\/2023\/03\/Ebook-Acoes-Desktop-1.jpg\"\n\t\t\t\t>\n\t\t\t<\/picture>\n\t\t<\/a>\n\t<\/p>\n\n\n<p>J\u00e1 o progresso em vacina\u00e7\u00e3o e o suporte oficial deram apoio \u00e0 melhora de atividade e emprego, para os dirigentes, que observaram ainda que o crescimento no quarto trimestre pareceu mais forte ap\u00f3s uma desacelera\u00e7\u00e3o no terceiro, segundo a ata.<\/p>\n<p>Os setores mais penalizados pela pandemia melhoram, mas seguem afetados, para os participantes da reuni\u00e3o. Al\u00e9m dos efeitos da pandemia no sentimento de risco no momento, alguns participantes discutiram o potencial de a covid-19 tornar-se end\u00eamica, possivelmente resultando em uma redu\u00e7\u00e3o modesta no potencial de crescimento ao longo do tempo e um menor n\u00edvel da taxa neutra de juros no longo prazo, segundo a ata.<\/p>\n<h2>Mercado de trabalho<\/h2>\n<p>V\u00e1rios dirigentes da entidade julgam as condi\u00e7\u00f5es atuais do mercado de trabalho americano como consistentes com a meta de <a class=\"suno-keyword\" href=\"https:\/\/www.suno.com.br\/artigos\/pleno-emprego\/\" target=\"_blank\" rel=\"noopener\" data-force=\"no\" data-priority=\"1\">pleno emprego<\/a> do BC, segundo a ata do Fed. A avalia\u00e7\u00e3o refor\u00e7a a perspectiva de aperto monet\u00e1rio no pa\u00eds, j\u00e1 que a meta \u00e9, junto com a de infla\u00e7\u00e3o, determinante para a pol\u00edtica monet\u00e1ria do Fed.<\/p>\n\t<p>\n\t\t<a href=\"https:\/\/lp.suno.com.br\/planilha-de-controle-de-investimentos\/\" target=\"_blank\" data-element=\"shortcode-suno-banner\" title=\"Banner SUNO, clique e saiba mais\">\n\t\t\t<picture>\n\t\t\t\t<source media=\"(max-width: 500px)\" srcset=\"https:\/\/files.sunoresearch.com.br\/n\/uploads\/2023\/03\/400x300-Controle-de-Investimentos.png\">\n\t\t\t\t<img class=\"newsContent__article__imgCapa newsContent__article__imgCapa--banner\"\n\t\t\t\t\tsrc=\"https:\/\/files.sunoresearch.com.br\/n\/uploads\/2023\/03\/1420x240-Controle-de-Investimentos.png\"\n\t\t\t\t\tdata-promo-id=\"75934\"\t\t\t\t\t\t\t\t\t\twidth='1420' height='240'\t\t\t\t\talt=\"https:\/\/files.sunoresearch.com.br\/n\/uploads\/2023\/03\/1420x240-Controle-de-Investimentos.png\"\n\t\t\t\t>\n\t\t\t<\/picture>\n\t\t<\/a>\n\t<\/p>\n\n\n<p>Ainda, alguns dirigentes que participaram do encontro afirmaram que talvez seja necess\u00e1rio subir a <a class=\"suno-keyword\" href=\"https:\/\/www.suno.com.br\/artigos\/taxa-de-juros\/\" target=\"_blank\" rel=\"noopener\" data-force=\"no\" data-priority=\"1\">taxa b\u00e1sica de juros<\/a> nos EUA antes da economia atingir a meta de emprego, caso a infla\u00e7\u00e3o e as expectativas para os pre\u00e7os se movam de modo substancial e persistente para cima.<\/p>\n<h2>Veja a an\u00e1lise do BTG Pactual (BPAC11) sobre a ata do Fed<\/h2>\n<p>Os analistas do <a href=\"https:\/\/www.suno.com.br\/acoes\/BPAC11\/\"><strong>BTG Pactual (BPAC11) <\/strong><\/a>disseram que\u00a0reafirmado o tom hawkish do comunicado. Entre os principais pontos, vale destacar:<\/p>\n<ul>\n<li>A discuss\u00e3o foi intensa em cima do ciclo de alta de juros e ajuste do balan\u00e7o do Fed, sempre buscando refer\u00eancia em ciclos passados. A acelera\u00e7\u00e3o do tapering pareceu at\u00e9 mais secund\u00e1ria.<\/li>\n<li>Discutiram o timing e o tamanho dos ajustes. Entendem que a mudan\u00e7a na taxa de juros \u00e9 um instrumento mais importante, at\u00e9 por ser mais conhecido, mas que o runoff do balan\u00e7o deveria acontecer no mesmo momento do in\u00edcio do ciclo de alta (no ciclo anterior foram dois anos).<\/li>\n<li>Ainda assim, ressaltaram que o mercado de treasury pode ficar vulner\u00e1vel se o ajuste for muito intenso. Deveria ser mais intenso em MBS do que em UST.<\/li>\n<li>Em termos de diagn\u00f3stico, prevaleceu o debate sobre infla\u00e7\u00e3o elevada e mercado de trabalho apertado \u2013 aproximando-se dos objetivos e demandando uma normaliza\u00e7\u00e3o da pol\u00edtica de forma antecipada.<\/li>\n<li>Preocupa\u00e7\u00e3o adicional com o tempo da normaliza\u00e7\u00e3o das cadeias produtivas, que est\u00e1 mais longo do que o esperado e pode piorar com a nova variante. Ainda assim, deve melhorar ao longo do ano.<\/li>\n<li>Ap\u00f3s a minuta, mercado reagiu mais na <a class=\"suno-keyword\" href=\"https:\/\/www.suno.com.br\/artigos\/curva-de-juros\/\" target=\"_blank\" rel=\"noopener\" data-force=\"no\" data-priority=\"1\">curva de juros<\/a>, com abertura entre 4 e 5 bps. Deu for\u00e7a ao d\u00f3lar, embora n\u00e3o suficiente para positivar o DXY, mas puxou o BRL. Como deveria ser, alta do 10y, cada vez mais pr\u00f3ximo novamente do 1,70% foi puxado por juro real, com a impl\u00edcita fechando 4 bps. A abertura do juro real ser\u00e1 um dos riscos monitorados pelo mercado nesse ano.<\/li>\n<\/ul>\n<p>Em suma, manteve tom <strong>hawkish<\/strong>, aumentando a probabilidade de juro alto j\u00e1 na reuni\u00e3o de mar\u00e7o (ainda n\u00e3o precificado completamente, mas com 19 bps de 25), al\u00e9m do cen\u00e1rio de 4 altas este ano.<\/p>\n<h2>Coment\u00e1rio da Ativa Investimentos<\/h2>\n<p>\u00c9tore Sanchez, economista-chefe da Ativa Investimentos, falou que com um cen\u00e1rio ainda nebuloso, a estimativa \u00e9 de que a trajet\u00f3ria j\u00e1 antecipada sobre o tapering dever\u00e1 ser mantida, com encerramento em mar\u00e7o, e na reuni\u00e3o seguinte seria promovida a primeira eleva\u00e7\u00e3o de juro.<\/p>\n<p>&#8220;Contudo, destaco que, dado o grau duro dessa comunica\u00e7\u00e3o, os dots apontarem apenas para 3 altas esse ano parece pouco. Em se cumprindo as metas de emprego e infla\u00e7\u00e3o, o aperto monet\u00e1rio deveria ser consistente com a taxa de juro neutra da economia americana, superior a 1%, ainda mais com as expectativas de <a class=\"suno-keyword\" href=\"https:\/\/www.suno.com.br\/artigos\/longo-prazo\/\" target=\"_blank\" rel=\"noopener\" data-force=\"no\" data-priority=\"1\">longo prazo<\/a> ainda ancoradas&#8221;, disse.<\/p>\n<p>A proje\u00e7\u00e3o \u00e9 de que a autoridade elevar\u00e1 a taxa b\u00e1sica de juro para 1% ainda esse ano, iniciando-se pela reuni\u00e3o de maio, ao ritmo de 0,25%. Em outras palavras, 4 eleva\u00e7\u00f5es de 0,25%. Sanchez atribu\u00ed a esse cen\u00e1rio, j\u00e1 mais hawkish, uma probabilidade altista frente aos pontos alertados.<\/p>\n<p><em>Com Estad\u00e3o Conte\u00fado<\/em><\/p>\n\t<p>\n\t\t<a href=\"\" target=\"_blank\" data-element=\"shortcode-suno-banner\" title=\"Banner SUNO, clique e saiba mais\">\n\t\t\t<picture>\n\t\t\t\t<source media=\"(max-width: 500px)\" srcset=\"\">\n\t\t\t\t<img class=\"newsContent__article__imgCapa newsContent__article__imgCapa--banner\"\n\t\t\t\t\tsrc=\"\"\n\t\t\t\t\tdata-promo-id=\"184190\"\t\t\t\t\t\t\t\t\t\t\t\t\t\t\talt=\"\"\n\t\t\t\t>\n\t\t\t<\/picture>\n\t\t<\/a>\n\t<\/p>\n\n\n","protected":false},"excerpt":{"rendered":"<p>Os dirigentes do Federal Reserve (Fed) conclu\u00edram que deve ser necess\u00e1ria uma alta de juros mais breve e r\u00e1pida do que o estimado anteriormente. Pesaram na decis\u00e3o as perspectivas da economia, levando-se em conta as proje\u00e7\u00f5es para o avan\u00e7o da\u00a0infla\u00e7\u00e3o e emprego nos Estados Unidos, segundo a ata da \u00faltima reuni\u00e3o do Fed, realizada em [&hellip;]<\/p>\n","protected":false},"author":146,"featured_media":161145,"comment_status":"closed","ping_status":"closed","sticky":false,"template":"","format":"standard","meta":[],"categories":[62],"tags":[776],"suno_strategy":[],"class_list":["post-219055","post","type-post","status-publish","format-standard","has-post-thumbnail","hentry","category-economia","tag-federal-reseve-fed"],"yoast_head":"<!-- This site is optimized with the Yoast SEO plugin v24.4 - https:\/\/yoast.com\/wordpress\/plugins\/seo\/ -->\n<title>Fed pode acelerar alta dos juros por causa da alta da infla\u00e7\u00e3o<\/title>\n<meta name=\"description\" content=\"A ata do Fed, divulgada nesta quarta-feira (5), aponta posicionamentos muito mais duros do que esperado inicialmente pelo mercado.\" \/>\n<meta name=\"robots\" content=\"index, follow, max-snippet:-1, max-image-preview:large, max-video-preview:-1\" \/>\n<link rel=\"canonical\" href=\"https:\/\/www.suno.com.br\/noticias\/fed-ata-juros-aceleracao-inflacao-alta\/\" \/>\n<meta property=\"og:locale\" content=\"pt_BR\" \/>\n<meta property=\"og:type\" content=\"article\" \/>\n<meta property=\"og:title\" content=\"Fed pode acelerar alta dos juros por causa da alta da infla\u00e7\u00e3o\" \/>\n<meta property=\"og:description\" content=\"A ata do Fed, divulgada nesta quarta-feira (5), aponta posicionamentos muito mais duros do que esperado inicialmente pelo mercado.\" \/>\n<meta property=\"og:url\" content=\"https:\/\/www.suno.com.br\/noticias\/fed-ata-juros-aceleracao-inflacao-alta\/\" \/>\n<meta property=\"og:site_name\" content=\"Suno Not\u00edcias\" \/>\n<meta property=\"article:publisher\" content=\"https:\/\/facebook.com\/sunoresearch\" \/>\n<meta property=\"og:image\" content=\"https:\/\/files.sunoresearch.com.br\/n\/uploads\/2021\/06\/81e73dde-13738090_1048470598564265_2148124856386574924_o-1.jpg\" \/>\n\t<meta property=\"og:image:width\" content=\"1200\" \/>\n\t<meta property=\"og:image:height\" content=\"900\" \/>\n\t<meta property=\"og:image:type\" content=\"image\/jpeg\" \/>\n<meta name=\"author\" content=\"Vict\u00f3ria Anhesini\" \/>\n<meta name=\"twitter:card\" content=\"summary_large_image\" \/>\n<meta name=\"twitter:creator\" content=\"@sunoresearch\" \/>\n<meta name=\"twitter:site\" content=\"@sunoresearch\" \/>\n<meta name=\"twitter:label1\" content=\"Escrito por\" \/>\n\t<meta name=\"twitter:data1\" content=\"Vict\u00f3ria Anhesini\" \/>\n\t<meta name=\"twitter:label2\" content=\"Est. tempo de leitura\" \/>\n\t<meta name=\"twitter:data2\" content=\"6 minutos\" \/>\n<script type=\"application\/ld+json\" class=\"yoast-schema-graph\">{\"@context\":\"https:\/\/schema.org\",\"@graph\":[{\"@type\":\"NewsArticle\",\"@id\":\"https:\/\/www.suno.com.br\/noticias\/fed-ata-juros-aceleracao-inflacao-alta\/#article\",\"isPartOf\":{\"@id\":\"https:\/\/www.suno.com.br\/noticias\/fed-ata-juros-aceleracao-inflacao-alta\/\"},\"author\":{\"name\":\"Vict\u00f3ria Anhesini\",\"@id\":\"https:\/\/www.suno.com.br\/noticias\/#\/schema\/person\/46d847cb19ad53fde0857adca989c23f\"},\"headline\":\"Fed pode acelerar alta dos juros por causa da alta da infla\u00e7\u00e3o\",\"datePublished\":\"2022-01-05T21:25:54+00:00\",\"dateModified\":\"2022-01-05T21:42:06+00:00\",\"mainEntityOfPage\":{\"@id\":\"https:\/\/www.suno.com.br\/noticias\/fed-ata-juros-aceleracao-inflacao-alta\/\"},\"wordCount\":1420,\"publisher\":{\"@id\":\"https:\/\/www.suno.com.br\/noticias\/#organization\"},\"image\":{\"@id\":\"https:\/\/www.suno.com.br\/noticias\/fed-ata-juros-aceleracao-inflacao-alta\/#primaryimage\"},\"thumbnailUrl\":\"https:\/\/files.sunoresearch.com.br\/n\/uploads\/2021\/06\/81e73dde-13738090_1048470598564265_2148124856386574924_o-1-jpg.webp\",\"keywords\":[\"Federal Reserve (FED)\"],\"articleSection\":[\"Economia\"],\"inLanguage\":\"pt-BR\"},{\"@type\":\"WebPage\",\"@id\":\"https:\/\/www.suno.com.br\/noticias\/fed-ata-juros-aceleracao-inflacao-alta\/\",\"url\":\"https:\/\/www.suno.com.br\/noticias\/fed-ata-juros-aceleracao-inflacao-alta\/\",\"name\":\"Fed pode acelerar alta dos juros por causa da alta da infla\u00e7\u00e3o\",\"isPartOf\":{\"@id\":\"https:\/\/www.suno.com.br\/noticias\/#website\"},\"primaryImageOfPage\":{\"@id\":\"https:\/\/www.suno.com.br\/noticias\/fed-ata-juros-aceleracao-inflacao-alta\/#primaryimage\"},\"image\":{\"@id\":\"https:\/\/www.suno.com.br\/noticias\/fed-ata-juros-aceleracao-inflacao-alta\/#primaryimage\"},\"thumbnailUrl\":\"https:\/\/files.sunoresearch.com.br\/n\/uploads\/2021\/06\/81e73dde-13738090_1048470598564265_2148124856386574924_o-1-jpg.webp\",\"datePublished\":\"2022-01-05T21:25:54+00:00\",\"dateModified\":\"2022-01-05T21:42:06+00:00\",\"description\":\"A ata do Fed, divulgada nesta quarta-feira (5), aponta posicionamentos muito mais duros do que esperado inicialmente pelo mercado.\",\"breadcrumb\":{\"@id\":\"https:\/\/www.suno.com.br\/noticias\/fed-ata-juros-aceleracao-inflacao-alta\/#breadcrumb\"},\"inLanguage\":\"pt-BR\",\"potentialAction\":[{\"@type\":\"ReadAction\",\"target\":[\"https:\/\/www.suno.com.br\/noticias\/fed-ata-juros-aceleracao-inflacao-alta\/\"]}]},{\"@type\":\"ImageObject\",\"inLanguage\":\"pt-BR\",\"@id\":\"https:\/\/www.suno.com.br\/noticias\/fed-ata-juros-aceleracao-inflacao-alta\/#primaryimage\",\"url\":\"https:\/\/files.sunoresearch.com.br\/n\/uploads\/2021\/06\/81e73dde-13738090_1048470598564265_2148124856386574924_o-1-jpg.webp\",\"contentUrl\":\"https:\/\/files.sunoresearch.com.br\/n\/uploads\/2021\/06\/81e73dde-13738090_1048470598564265_2148124856386574924_o-1-jpg.webp\",\"width\":1200,\"height\":900,\"caption\":\"Fed - Foto: Reprodu\u00e7\u00e3o Facebook\"},{\"@type\":\"BreadcrumbList\",\"@id\":\"https:\/\/www.suno.com.br\/noticias\/fed-ata-juros-aceleracao-inflacao-alta\/#breadcrumb\",\"itemListElement\":[{\"@type\":\"ListItem\",\"position\":1,\"name\":\"Not\u00edcias\",\"item\":\"https:\/\/www.suno.com.br\/noticias\/\"},{\"@type\":\"ListItem\",\"position\":2,\"name\":\"Economia\",\"item\":\"https:\/\/www.suno.com.br\/noticias\/economia\/\"},{\"@type\":\"ListItem\",\"position\":3,\"name\":\"Fed pode acelerar alta dos juros por causa da alta da infla\u00e7\u00e3o\"}]},{\"@type\":\"WebSite\",\"@id\":\"https:\/\/www.suno.com.br\/noticias\/#website\",\"url\":\"https:\/\/www.suno.com.br\/noticias\/\",\"name\":\"Suno Not\u00edcias\",\"description\":\"Seu portal de informa\u00e7\u00e3o sobre o mundo dos investimentos\",\"publisher\":{\"@id\":\"https:\/\/www.suno.com.br\/noticias\/#organization\"},\"potentialAction\":[{\"@type\":\"SearchAction\",\"target\":{\"@type\":\"EntryPoint\",\"urlTemplate\":\"https:\/\/www.suno.com.br\/noticias\/?s={search_term_string}\"},\"query-input\":{\"@type\":\"PropertyValueSpecification\",\"valueRequired\":true,\"valueName\":\"search_term_string\"}}],\"inLanguage\":\"pt-BR\"},{\"@type\":\"Organization\",\"@id\":\"https:\/\/www.suno.com.br\/noticias\/#organization\",\"name\":\"Suno Not\u00edcias\",\"url\":\"https:\/\/www.suno.com.br\/noticias\/\",\"logo\":{\"@type\":\"ImageObject\",\"inLanguage\":\"pt-BR\",\"@id\":\"https:\/\/www.suno.com.br\/noticias\/#\/schema\/logo\/image\/\",\"url\":\"https:\/\/files.sunoresearch.com.br\/n\/uploads\/2021\/09\/suno-logo.png\",\"contentUrl\":\"https:\/\/files.sunoresearch.com.br\/n\/uploads\/2021\/09\/suno-logo.png\",\"width\":180,\"height\":180,\"caption\":\"Suno Not\u00edcias\"},\"image\":{\"@id\":\"https:\/\/www.suno.com.br\/noticias\/#\/schema\/logo\/image\/\"},\"sameAs\":[\"https:\/\/facebook.com\/sunoresearch\",\"https:\/\/x.com\/sunoresearch\",\"https:\/\/www.instagram.com\/suno\",\"https:\/\/www.linkedin.com\/company\/suno-research\/\",\"https:\/\/www.youtube.com\/c\/sunoresearch\"]},{\"@type\":\"Person\",\"@id\":\"https:\/\/www.suno.com.br\/noticias\/#\/schema\/person\/46d847cb19ad53fde0857adca989c23f\",\"name\":\"Vict\u00f3ria Anhesini\",\"image\":{\"@type\":\"ImageObject\",\"inLanguage\":\"pt-BR\",\"@id\":\"https:\/\/www.suno.com.br\/noticias\/#\/schema\/person\/image\/\",\"url\":\"https:\/\/secure.gravatar.com\/avatar\/0172bdfcd9129dd9dd68794804304e6e?s=96&r=g\",\"contentUrl\":\"https:\/\/secure.gravatar.com\/avatar\/0172bdfcd9129dd9dd68794804304e6e?s=96&r=g\",\"caption\":\"Vict\u00f3ria Anhesini\"},\"description\":\"Rep\u00f3rter no Suno Not\u00edcias, cobre mercados, neg\u00f3cios e economia, escrevendo majoritariamente sobre movimentos das empresas, cobertura de balan\u00e7os trimestrais e Bolsa de Valores. Formada em jornalismo pela Universidade Presbiteriana Mackenzie em 2019, passou pelo portal de economia e finan\u00e7as EuQueroInvestir como rep\u00f3rter e anteriormente, trabalhou na assessoria de imprensa PinePR, onde liderou com startups de inova\u00e7\u00e3o, tecnologia e finan\u00e7as. Em seu tempo livre, fala sobre m\u00fasica para ambos os sites do selo ForMusic, Wikimetal e Mad Sound, e faz trabalho volunt\u00e1rio no programa Escreve Cartas do Poupatempo.\",\"sameAs\":[\"https:\/\/www.linkedin.com\/in\/victoria-anhesini\/\"],\"url\":\"https:\/\/www.suno.com.br\/noticias\/author\/victoria\/\"}]}<\/script>\n<!-- \/ Yoast SEO plugin. -->","yoast_head_json":{"title":"Fed pode acelerar alta dos juros por causa da alta da infla\u00e7\u00e3o","description":"A ata do Fed, divulgada nesta quarta-feira (5), aponta posicionamentos muito mais duros do que esperado inicialmente pelo mercado.","robots":{"index":"index","follow":"follow","max-snippet":"max-snippet:-1","max-image-preview":"max-image-preview:large","max-video-preview":"max-video-preview:-1"},"canonical":"https:\/\/www.suno.com.br\/noticias\/fed-ata-juros-aceleracao-inflacao-alta\/","og_locale":"pt_BR","og_type":"article","og_title":"Fed pode acelerar alta dos juros por causa da alta da infla\u00e7\u00e3o","og_description":"A ata do Fed, divulgada nesta quarta-feira (5), aponta posicionamentos muito mais duros do que esperado inicialmente pelo mercado.","og_url":"https:\/\/www.suno.com.br\/noticias\/fed-ata-juros-aceleracao-inflacao-alta\/","og_site_name":"Suno Not\u00edcias","article_publisher":"https:\/\/facebook.com\/sunoresearch","og_image":[{"width":1200,"height":900,"url":"https:\/\/files.sunoresearch.com.br\/n\/uploads\/2021\/06\/81e73dde-13738090_1048470598564265_2148124856386574924_o-1.jpg","type":"image\/jpeg"}],"author":"Vict\u00f3ria Anhesini","twitter_card":"summary_large_image","twitter_creator":"@sunoresearch","twitter_site":"@sunoresearch","twitter_misc":{"Escrito por":"Vict\u00f3ria Anhesini","Est. tempo de leitura":"6 minutos"},"schema":{"@context":"https:\/\/schema.org","@graph":[{"@type":"NewsArticle","@id":"https:\/\/www.suno.com.br\/noticias\/fed-ata-juros-aceleracao-inflacao-alta\/#article","isPartOf":{"@id":"https:\/\/www.suno.com.br\/noticias\/fed-ata-juros-aceleracao-inflacao-alta\/"},"author":{"name":"Vict\u00f3ria Anhesini","@id":"https:\/\/www.suno.com.br\/noticias\/#\/schema\/person\/46d847cb19ad53fde0857adca989c23f"},"headline":"Fed pode acelerar alta dos juros por causa da alta da infla\u00e7\u00e3o","datePublished":"2022-01-05T21:25:54+00:00","dateModified":"2022-01-05T21:42:06+00:00","mainEntityOfPage":{"@id":"https:\/\/www.suno.com.br\/noticias\/fed-ata-juros-aceleracao-inflacao-alta\/"},"wordCount":1420,"publisher":{"@id":"https:\/\/www.suno.com.br\/noticias\/#organization"},"image":{"@id":"https:\/\/www.suno.com.br\/noticias\/fed-ata-juros-aceleracao-inflacao-alta\/#primaryimage"},"thumbnailUrl":"https:\/\/files.sunoresearch.com.br\/n\/uploads\/2021\/06\/81e73dde-13738090_1048470598564265_2148124856386574924_o-1-jpg.webp","keywords":["Federal Reserve (FED)"],"articleSection":["Economia"],"inLanguage":"pt-BR"},{"@type":"WebPage","@id":"https:\/\/www.suno.com.br\/noticias\/fed-ata-juros-aceleracao-inflacao-alta\/","url":"https:\/\/www.suno.com.br\/noticias\/fed-ata-juros-aceleracao-inflacao-alta\/","name":"Fed pode acelerar alta dos juros por causa da alta da infla\u00e7\u00e3o","isPartOf":{"@id":"https:\/\/www.suno.com.br\/noticias\/#website"},"primaryImageOfPage":{"@id":"https:\/\/www.suno.com.br\/noticias\/fed-ata-juros-aceleracao-inflacao-alta\/#primaryimage"},"image":{"@id":"https:\/\/www.suno.com.br\/noticias\/fed-ata-juros-aceleracao-inflacao-alta\/#primaryimage"},"thumbnailUrl":"https:\/\/files.sunoresearch.com.br\/n\/uploads\/2021\/06\/81e73dde-13738090_1048470598564265_2148124856386574924_o-1-jpg.webp","datePublished":"2022-01-05T21:25:54+00:00","dateModified":"2022-01-05T21:42:06+00:00","description":"A ata do Fed, divulgada nesta quarta-feira (5), aponta posicionamentos muito mais duros do que esperado inicialmente pelo mercado.","breadcrumb":{"@id":"https:\/\/www.suno.com.br\/noticias\/fed-ata-juros-aceleracao-inflacao-alta\/#breadcrumb"},"inLanguage":"pt-BR","potentialAction":[{"@type":"ReadAction","target":["https:\/\/www.suno.com.br\/noticias\/fed-ata-juros-aceleracao-inflacao-alta\/"]}]},{"@type":"ImageObject","inLanguage":"pt-BR","@id":"https:\/\/www.suno.com.br\/noticias\/fed-ata-juros-aceleracao-inflacao-alta\/#primaryimage","url":"https:\/\/files.sunoresearch.com.br\/n\/uploads\/2021\/06\/81e73dde-13738090_1048470598564265_2148124856386574924_o-1-jpg.webp","contentUrl":"https:\/\/files.sunoresearch.com.br\/n\/uploads\/2021\/06\/81e73dde-13738090_1048470598564265_2148124856386574924_o-1-jpg.webp","width":1200,"height":900,"caption":"Fed - Foto: Reprodu\u00e7\u00e3o Facebook"},{"@type":"BreadcrumbList","@id":"https:\/\/www.suno.com.br\/noticias\/fed-ata-juros-aceleracao-inflacao-alta\/#breadcrumb","itemListElement":[{"@type":"ListItem","position":1,"name":"Not\u00edcias","item":"https:\/\/www.suno.com.br\/noticias\/"},{"@type":"ListItem","position":2,"name":"Economia","item":"https:\/\/www.suno.com.br\/noticias\/economia\/"},{"@type":"ListItem","position":3,"name":"Fed pode acelerar alta dos juros por causa da alta da infla\u00e7\u00e3o"}]},{"@type":"WebSite","@id":"https:\/\/www.suno.com.br\/noticias\/#website","url":"https:\/\/www.suno.com.br\/noticias\/","name":"Suno Not\u00edcias","description":"Seu portal de informa\u00e7\u00e3o sobre o mundo dos investimentos","publisher":{"@id":"https:\/\/www.suno.com.br\/noticias\/#organization"},"potentialAction":[{"@type":"SearchAction","target":{"@type":"EntryPoint","urlTemplate":"https:\/\/www.suno.com.br\/noticias\/?s={search_term_string}"},"query-input":{"@type":"PropertyValueSpecification","valueRequired":true,"valueName":"search_term_string"}}],"inLanguage":"pt-BR"},{"@type":"Organization","@id":"https:\/\/www.suno.com.br\/noticias\/#organization","name":"Suno Not\u00edcias","url":"https:\/\/www.suno.com.br\/noticias\/","logo":{"@type":"ImageObject","inLanguage":"pt-BR","@id":"https:\/\/www.suno.com.br\/noticias\/#\/schema\/logo\/image\/","url":"https:\/\/files.sunoresearch.com.br\/n\/uploads\/2021\/09\/suno-logo.png","contentUrl":"https:\/\/files.sunoresearch.com.br\/n\/uploads\/2021\/09\/suno-logo.png","width":180,"height":180,"caption":"Suno Not\u00edcias"},"image":{"@id":"https:\/\/www.suno.com.br\/noticias\/#\/schema\/logo\/image\/"},"sameAs":["https:\/\/facebook.com\/sunoresearch","https:\/\/x.com\/sunoresearch","https:\/\/www.instagram.com\/suno","https:\/\/www.linkedin.com\/company\/suno-research\/","https:\/\/www.youtube.com\/c\/sunoresearch"]},{"@type":"Person","@id":"https:\/\/www.suno.com.br\/noticias\/#\/schema\/person\/46d847cb19ad53fde0857adca989c23f","name":"Vict\u00f3ria Anhesini","image":{"@type":"ImageObject","inLanguage":"pt-BR","@id":"https:\/\/www.suno.com.br\/noticias\/#\/schema\/person\/image\/","url":"https:\/\/secure.gravatar.com\/avatar\/0172bdfcd9129dd9dd68794804304e6e?s=96&r=g","contentUrl":"https:\/\/secure.gravatar.com\/avatar\/0172bdfcd9129dd9dd68794804304e6e?s=96&r=g","caption":"Vict\u00f3ria Anhesini"},"description":"Rep\u00f3rter no Suno Not\u00edcias, cobre mercados, neg\u00f3cios e economia, escrevendo majoritariamente sobre movimentos das empresas, cobertura de balan\u00e7os trimestrais e Bolsa de Valores. Formada em jornalismo pela Universidade Presbiteriana Mackenzie em 2019, passou pelo portal de economia e finan\u00e7as EuQueroInvestir como rep\u00f3rter e anteriormente, trabalhou na assessoria de imprensa PinePR, onde liderou com startups de inova\u00e7\u00e3o, tecnologia e finan\u00e7as. Em seu tempo livre, fala sobre m\u00fasica para ambos os sites do selo ForMusic, Wikimetal e Mad Sound, e faz trabalho volunt\u00e1rio no programa Escreve Cartas do Poupatempo.","sameAs":["https:\/\/www.linkedin.com\/in\/victoria-anhesini\/"],"url":"https:\/\/www.suno.com.br\/noticias\/author\/victoria\/"}]}},"default_loop_html":"<div class=\"cardsPage__listCard__boxs\"><div class=\"cardsPage__listCard__boxs__img\"><a href=\"https:\/\/www.suno.com.br\/noticias\/fed-ata-juros-aceleracao-inflacao-alta\/\"><img class=\"mask\" src=\"https:\/\/www.suno.com.br\/noticias\/wp-content\/themes\/suno\/resources\/images\/spotlight\/spotlight1img\/bg-mask.png\" alt=\"Image Mask\"\/><img src=\"https:\/\/files.sunoresearch.com.br\/n\/uploads\/2021\/06\/81e73dde-13738090_1048470598564265_2148124856386574924_o-1-400x200.webp\" alt=\"Fed pode acelerar alta dos juros por causa da alta da infla\u00e7\u00e3o\"\/><\/a><span class=\"spotlightCategory\"><a href=\"https:\/\/www.suno.com.br\/noticias\/economia\/\">Economia<\/a><\/span><\/div><div class=\"cardsPage__listCard__boxs__content\"><a href=\"https:\/\/www.suno.com.br\/noticias\/fed-ata-juros-aceleracao-inflacao-alta\/\"><h2 class=\"content__title\">Fed pode acelerar alta dos juros por causa da alta da infla\u00e7\u00e3o<\/h2><\/a><div class=\"newsContent__article__meta\"><div class=\"newsContent__article__meta__authorBox\"><a href=\"https:\/\/www.suno.com.br\/noticias\/author\/victoria\/\" class=\"authorBox__avatar noMobi\"><img src=\"https:\/\/files.sunoresearch.com.br\/n\/uploads\/2021\/12\/20190129VickyPINEAPPLE01-1-150x150.jpg\" alt=\"Vict\u00f3ria Anhesini\"><\/a><div class=\"authorBox__name\"><span>por\n\t\t\t<a href=\"https:\/\/www.suno.com.br\/noticias\/author\/victoria\/\"><span itemprop=\"author\">Vict\u00f3ria Anhesini<\/span><\/a><\/span><time datetime=\"2022-01-05T18:25:54-03:00\" itemprop=\"datePublished\">05\/01\/2022 18:25<\/time><\/div><\/div><\/div><\/div><\/div>","single_layout":"posts","amp_enabled":true,"_links":{"self":[{"href":"https:\/\/www.suno.com.br\/noticias\/wp-json\/wp\/v2\/posts\/219055"}],"collection":[{"href":"https:\/\/www.suno.com.br\/noticias\/wp-json\/wp\/v2\/posts"}],"about":[{"href":"https:\/\/www.suno.com.br\/noticias\/wp-json\/wp\/v2\/types\/post"}],"author":[{"embeddable":true,"href":"https:\/\/www.suno.com.br\/noticias\/wp-json\/wp\/v2\/users\/146"}],"replies":[{"embeddable":true,"href":"https:\/\/www.suno.com.br\/noticias\/wp-json\/wp\/v2\/comments?post=219055"}],"version-history":[{"count":3,"href":"https:\/\/www.suno.com.br\/noticias\/wp-json\/wp\/v2\/posts\/219055\/revisions"}],"predecessor-version":[{"id":219085,"href":"https:\/\/www.suno.com.br\/noticias\/wp-json\/wp\/v2\/posts\/219055\/revisions\/219085"}],"wp:featuredmedia":[{"embeddable":true,"href":"https:\/\/www.suno.com.br\/noticias\/wp-json\/wp\/v2\/media\/161145"}],"wp:attachment":[{"href":"https:\/\/www.suno.com.br\/noticias\/wp-json\/wp\/v2\/media?parent=219055"}],"wp:term":[{"taxonomy":"category","embeddable":true,"href":"https:\/\/www.suno.com.br\/noticias\/wp-json\/wp\/v2\/categories?post=219055"},{"taxonomy":"post_tag","embeddable":true,"href":"https:\/\/www.suno.com.br\/noticias\/wp-json\/wp\/v2\/tags?post=219055"},{"taxonomy":"suno_strategy","embeddable":true,"href":"https:\/\/www.suno.com.br\/noticias\/wp-json\/wp\/v2\/suno_strategy?post=219055"}],"curies":[{"name":"wp","href":"https:\/\/api.w.org\/{rel}","templated":true}]}}