{"id":21905,"date":"2019-04-22T20:52:49","date_gmt":"2019-04-22T23:52:49","guid":{"rendered":"https:\/\/www.suno.com.br\/noticias\/?p=21905"},"modified":"2019-04-23T00:13:18","modified_gmt":"2019-04-23T03:13:18","slug":"avianca-estrangeiras-interessadas-companhia","status":"publish","type":"post","link":"https:\/\/www.suno.com.br\/noticias\/avianca-estrangeiras-interessadas-companhia\/","title":{"rendered":"Avianca: empresas estrangeiras estariam interessadas em leil\u00e3o da companhia"},"content":{"rendered":"<p>De acordo com fontes ouvidas pelo jornal &#8220;Valor Econ\u00f4mico&#8221;, a Avianca Brasil estaria sendo sondada por companhias a\u00e9reas estrangeiras. Segundo o jornal, pelo menos duas empresas apresentam interesse em participar do leil\u00e3o de unidades produtivas isoladas (UPIs): a\u00a0Qatar Airways, do Catar, e a JetSmart, do Chile.<\/p>\t<div class=\"wrapper-featured-image\">\n\t\t<figure class=\"spotlightImg\">\n\n\t\t\t<picture>\n\t\t\t\t<source media=\"(max-width: 768px)\" srcset=\"https:\/\/files.sunoresearch.com.br\/n\/uploads\/2019\/04\/a582b1d6-avianca-2-400x200.webp\">\n\t\t\t\t<img loading=\"lazy\" decoding=\"async\" class=\"newsContent__article__imgCapa lazyloadDisabled newsContent__article__imgCapa--noCaption\" src=\"https:\/\/files.sunoresearch.com.br\/n\/uploads\/2019\/04\/a582b1d6-avianca-2-800x450.webp\" width=\"800\" height=\"450\" alt=\"Avianca: empresas estrangeiras estariam interessadas em leil\u00e3o da companhia\" fetchpriority=high \/>\n\t\t\t<\/picture>\n\n\t\t\t<figcaption class=\"wp-caption-text wp-caption-text--hide\">Avi\u00e3o da Avianca (foto: divulga\u00e7\u00e3o)<\/figcaption>\n\t\t<\/figure>\n\t<\/div>\n\n\n<p>Nos \u00faltimos dias, as brasileiras <strong>Gol<\/strong> e <strong>Latam <\/strong>indicaram que v\u00e3o\u00a0fazer um lance inicial de US$ 70 milh\u00f5es para as UPIs. A Gol informou que pode arrematar dois dos sete UPIs que a <strong>Avianca<\/strong> pretende lan\u00e7ar. &#8220;Acima disso, a chance do Cade (Conselho Administrativo de Defesa Econ\u00f4mica) barrar \u00e9 muito alta\u201d, disse Paulo Kakinoff, presidente da Gol.<\/p>\n<p><a href=\"https:\/\/www.suno.com.br\/noticias\/avianca-sindicato-processa-multa-funcionarios\/\">Saiba mais:\u00a0Avianca: sindicato processa a\u00e9rea e pede pagamento de multa a funcion\u00e1rios<\/a><\/p>\n<p>Por outro lado, a <strong>Azul<\/strong> desistiu de participar do leil\u00e3o. Executivos da <strong>Avianca Brasil<\/strong>\u00a0t\u00eam\u00a0se encontrado com investidores com o objetivo de atrair interessados em participar do leil\u00e3o, que deve ocorrer no dia 7 de maio.<\/p>\n<h2>A\u00e9rea cancela quase 2 mil voos<\/h2>\n<p>A <strong>Avianca<\/strong> cancelou cerca de 2 mil voos at\u00e9 o pr\u00f3ximo dia 28 de abril. As informa\u00e7\u00f5es foram disponibilizadas pela companhia a\u00e9rea em seu site. As causas desses cancelamentos s\u00e3o ligadas as medidas tomadas pela <strong>Ag\u00eancia Nacional de Avia\u00e7\u00e3o Civil (Anac)<\/strong>.<\/p>\n<p>A <strong>Anac<\/strong> j\u00e1 decretou o cancelamento de 18 matr\u00edculas de aeronaves da <strong>Avianca.<\/strong> Uma medida que cumpriu uma decis\u00e3o judicial que determinou a reintegra\u00e7\u00e3o de posse das aeronaves para as empresas de leasing que eram donas dos avi\u00f5es.<\/p>\n<p>Para tentar minimizar os efeitos negativos dessas medidas, a <strong>Anac<\/strong> recomenda que os passageiros que compraram passagens com a <strong>Avianca<\/strong> fiquem atentos aos comunicados da empresa sobre a situa\u00e7\u00e3o dos voos. Em caso de d\u00favida, os passageiros dever\u00e3o buscar informa\u00e7\u00f5es no site da companhia a\u00e9rea ou pelos canais de atendimento telef\u00f4nico, eletr\u00f4nico ou presencial.<\/p>\n\t<p>\n\t\t<a href=\"https:\/\/lp.suno.com.br\/ao\/sessao-estrategica-consultoria-c\/?utm_source=suno-noticias&#038;utm_medium=banner&#038;utm_campaing=dividendos-taxacao-pl\" target=\"_blank\" data-element=\"shortcode-suno-banner\" title=\"Banner SUNO, clique e saiba mais\">\n\t\t\t<picture>\n\t\t\t\t<source media=\"(max-width: 500px)\" srcset=\"https:\/\/files.sunoresearch.com.br\/n\/uploads\/2025\/09\/300x400.webp\">\n\t\t\t\t<img class=\"newsContent__article__imgCapa newsContent__article__imgCapa--banner\"\n\t\t\t\t\tsrc=\"https:\/\/files.sunoresearch.com.br\/n\/uploads\/2025\/09\/SN-DT-1420x240-1.webp\"\n\t\t\t\t\tdata-promo-id=\"628283\"\t\t\t\t\t\t\t\t\t\twidth='1420' height='240'\t\t\t\t\talt=\"https:\/\/files.sunoresearch.com.br\/n\/uploads\/2025\/09\/SN-DT-1420x240-1.webp\"\n\t\t\t\t>\n\t\t\t<\/picture>\n\t\t<\/a>\n\t<\/p>\n\n\n<p>Por sua vez, a <strong>Avianca<\/strong> se comprometeu com a <strong>Anac<\/strong> a informar com anteced\u00eancia m\u00ednima de 72 horas os voos que ser\u00e3o cancelados.<\/p>\n<p>A <strong>Secretaria Nacional do Consumidor (Senacon)<\/strong> notificou a <strong>Avianca<\/strong> pedindo informa\u00e7\u00f5es sobre: o n\u00famero de assentos vendidos pela empresa; como est\u00e1 sendo feita a distribui\u00e7\u00e3o de assentos e eventuais riscos de mais voos serem cancelados.<\/p>\n<p><a href=\"https:\/\/www.suno.com.br\/noticias\/avianca-pode-perder-avioes-acordo\/\">Avianca pode perder avi\u00f5es se n\u00e3o alcan\u00e7ar acordo<\/a><\/p>\n<p>Segundo a secretaria, os consumidores lesados poder\u00e3o apresentar suas reclama\u00e7\u00f5es na plataforma consumidor.gov.br, que pode ser acessada por navegador ou por aplicativo pr\u00f3prio dispon\u00edvel para os sistemas Apple e Android.<\/p>\n<h2>Poss\u00edvel Venda da Avianca<\/h2>\n<p>Em 13 de dezembro de 2018, 0 ex-presidente da Rep\u00fablica Michel Temer assinou a <strong>Medida Provis\u00f3ria<\/strong> que permite as empresas estrangeiras a deter 100% do capital de companhias a\u00e9reas brasileiras.<\/p>\n<p>Portanto, a possibilidade de que tais empresas adquiram a Avianca existe, apesar da recupera\u00e7\u00e3o judicial. Caso a venda da companhia a\u00e9rea se concretizasse, a empresa compradora estaria obtendo apenas a \u201cparte boa\u201d, o que exclui as d\u00edvidas.<\/p>\n<p>No dia 17 de Janeiro, a <strong>Avianca Brasil<\/strong> anunciou o fim de seus voos internacionais mais importantes. Foram canceladas as rotas de Guarulhos para Nova York, Miami e Santiago. Al\u00e9m disso, foram devolvidas outras duas aeronaves A330 a empresas de leasing.<\/p>\n<p><a href=\"https:\/\/lp.suno.com.br\/ipo-do-uber-noticias\/\">&#8220;Quer saber mais sobre o IPO do Uber? Baixe aqui o relat\u00f3rio completo GRATUITO&#8221;<\/a><\/p>\n<p>&nbsp;<\/p>\n","protected":false},"excerpt":{"rendered":"<p>De acordo com fontes ouvidas pelo jornal &#8220;Valor Econ\u00f4mico&#8221;, a Avianca Brasil estaria sendo sondada por companhias a\u00e9reas estrangeiras. Segundo o jornal, pelo menos duas empresas apresentam interesse em participar do leil\u00e3o de unidades produtivas isoladas (UPIs): a\u00a0Qatar Airways, do Catar, e a JetSmart, do Chile. Avi\u00e3o da Avianca (foto: divulga\u00e7\u00e3o) Nos \u00faltimos dias, as [&hellip;]<\/p>\n","protected":false},"author":14,"featured_media":21909,"comment_status":"closed","ping_status":"closed","sticky":false,"template":"","format":"standard","meta":[],"categories":[64],"tags":[1013,840,489,739],"suno_strategy":[],"class_list":["post-21905","post","type-post","status-publish","format-standard","has-post-thumbnail","hentry","category-negocios","tag-anac","tag-avianca","tag-gol-linhas-aereas-goll11-goll4","tag-latam"],"yoast_head":"<!-- This site is optimized with the Yoast SEO plugin v24.4 - https:\/\/yoast.com\/wordpress\/plugins\/seo\/ -->\n<title>Avianca: a\u00e9rea estrangeiras estariam interessadas em leil\u00e3o da companhia<\/title>\n<meta name=\"description\" content=\"A Gol e Latam mostraram interesse em fazer um lance inicial de US$ 70 milh\u00f5es para as UPIs da Avianca Brasil. Clique para saber mais.\" \/>\n<meta name=\"robots\" content=\"index, follow, max-snippet:-1, max-image-preview:large, max-video-preview:-1\" \/>\n<link rel=\"canonical\" href=\"https:\/\/www.suno.com.br\/noticias\/avianca-estrangeiras-interessadas-companhia\/\" \/>\n<meta property=\"og:locale\" content=\"pt_BR\" \/>\n<meta property=\"og:type\" content=\"article\" \/>\n<meta property=\"og:title\" content=\"Avianca: a\u00e9rea estrangeiras estariam interessadas em leil\u00e3o da companhia\" \/>\n<meta property=\"og:description\" content=\"A Gol e Latam mostraram interesse em fazer um lance inicial de US$ 70 milh\u00f5es para as UPIs da Avianca Brasil. Clique para saber mais.\" \/>\n<meta property=\"og:url\" content=\"https:\/\/www.suno.com.br\/noticias\/avianca-estrangeiras-interessadas-companhia\/\" \/>\n<meta property=\"og:site_name\" content=\"Suno Not\u00edcias\" \/>\n<meta property=\"article:publisher\" content=\"https:\/\/facebook.com\/sunoresearch\" \/>\n<meta property=\"og:image\" content=\"https:\/\/files.sunoresearch.com.br\/n\/uploads\/2019\/04\/a582b1d6-avianca-2.jpg\" \/>\n\t<meta property=\"og:image:width\" content=\"1200\" \/>\n\t<meta property=\"og:image:height\" content=\"900\" \/>\n\t<meta property=\"og:image:type\" content=\"image\/jpeg\" \/>\n<meta name=\"author\" content=\"Renan Dantas\" \/>\n<meta name=\"twitter:card\" content=\"summary_large_image\" \/>\n<meta name=\"twitter:creator\" content=\"@sunoresearch\" \/>\n<meta name=\"twitter:site\" content=\"@sunoresearch\" \/>\n<meta name=\"twitter:label1\" content=\"Escrito por\" \/>\n\t<meta name=\"twitter:data1\" content=\"Renan Dantas\" \/>\n\t<meta name=\"twitter:label2\" content=\"Est. tempo de leitura\" \/>\n\t<meta name=\"twitter:data2\" content=\"3 minutos\" \/>\n<script type=\"application\/ld+json\" class=\"yoast-schema-graph\">{\"@context\":\"https:\/\/schema.org\",\"@graph\":[{\"@type\":\"NewsArticle\",\"@id\":\"https:\/\/www.suno.com.br\/noticias\/avianca-estrangeiras-interessadas-companhia\/#article\",\"isPartOf\":{\"@id\":\"https:\/\/www.suno.com.br\/noticias\/avianca-estrangeiras-interessadas-companhia\/\"},\"author\":{\"name\":\"Renan Dantas\",\"@id\":\"https:\/\/www.suno.com.br\/noticias\/#\/schema\/person\/3f7693d5795a3f6d5ce15309ee785699\"},\"headline\":\"Avianca: empresas estrangeiras estariam interessadas em leil\u00e3o da companhia\",\"datePublished\":\"2019-04-22T23:52:49+00:00\",\"dateModified\":\"2019-04-23T03:13:18+00:00\",\"mainEntityOfPage\":{\"@id\":\"https:\/\/www.suno.com.br\/noticias\/avianca-estrangeiras-interessadas-companhia\/\"},\"wordCount\":571,\"publisher\":{\"@id\":\"https:\/\/www.suno.com.br\/noticias\/#organization\"},\"image\":{\"@id\":\"https:\/\/www.suno.com.br\/noticias\/avianca-estrangeiras-interessadas-companhia\/#primaryimage\"},\"thumbnailUrl\":\"https:\/\/files.sunoresearch.com.br\/n\/uploads\/2019\/04\/a582b1d6-avianca-2-jpg.webp\",\"keywords\":[\"Anac\",\"Avianca\",\"Gol Linhas A\u00e9reas (GOLL11\/GOLL4)\",\"Latam\"],\"articleSection\":[\"Neg\u00f3cios\"],\"inLanguage\":\"pt-BR\"},{\"@type\":\"WebPage\",\"@id\":\"https:\/\/www.suno.com.br\/noticias\/avianca-estrangeiras-interessadas-companhia\/\",\"url\":\"https:\/\/www.suno.com.br\/noticias\/avianca-estrangeiras-interessadas-companhia\/\",\"name\":\"Avianca: a\u00e9rea estrangeiras estariam interessadas em leil\u00e3o da companhia\",\"isPartOf\":{\"@id\":\"https:\/\/www.suno.com.br\/noticias\/#website\"},\"primaryImageOfPage\":{\"@id\":\"https:\/\/www.suno.com.br\/noticias\/avianca-estrangeiras-interessadas-companhia\/#primaryimage\"},\"image\":{\"@id\":\"https:\/\/www.suno.com.br\/noticias\/avianca-estrangeiras-interessadas-companhia\/#primaryimage\"},\"thumbnailUrl\":\"https:\/\/files.sunoresearch.com.br\/n\/uploads\/2019\/04\/a582b1d6-avianca-2-jpg.webp\",\"datePublished\":\"2019-04-22T23:52:49+00:00\",\"dateModified\":\"2019-04-23T03:13:18+00:00\",\"description\":\"A Gol e Latam mostraram interesse em fazer um lance inicial de US$ 70 milh\u00f5es para as UPIs da Avianca Brasil. Clique para saber mais.\",\"breadcrumb\":{\"@id\":\"https:\/\/www.suno.com.br\/noticias\/avianca-estrangeiras-interessadas-companhia\/#breadcrumb\"},\"inLanguage\":\"pt-BR\",\"potentialAction\":[{\"@type\":\"ReadAction\",\"target\":[\"https:\/\/www.suno.com.br\/noticias\/avianca-estrangeiras-interessadas-companhia\/\"]}]},{\"@type\":\"ImageObject\",\"inLanguage\":\"pt-BR\",\"@id\":\"https:\/\/www.suno.com.br\/noticias\/avianca-estrangeiras-interessadas-companhia\/#primaryimage\",\"url\":\"https:\/\/files.sunoresearch.com.br\/n\/uploads\/2019\/04\/a582b1d6-avianca-2-jpg.webp\",\"contentUrl\":\"https:\/\/files.sunoresearch.com.br\/n\/uploads\/2019\/04\/a582b1d6-avianca-2-jpg.webp\",\"width\":1200,\"height\":900,\"caption\":\"Avi\u00e3o da Avianca (foto: divulga\u00e7\u00e3o)\"},{\"@type\":\"BreadcrumbList\",\"@id\":\"https:\/\/www.suno.com.br\/noticias\/avianca-estrangeiras-interessadas-companhia\/#breadcrumb\",\"itemListElement\":[{\"@type\":\"ListItem\",\"position\":1,\"name\":\"Not\u00edcias\",\"item\":\"https:\/\/www.suno.com.br\/noticias\/\"},{\"@type\":\"ListItem\",\"position\":2,\"name\":\"Neg\u00f3cios\",\"item\":\"https:\/\/www.suno.com.br\/noticias\/negocios\/\"},{\"@type\":\"ListItem\",\"position\":3,\"name\":\"Avianca: empresas estrangeiras estariam interessadas em leil\u00e3o da companhia\"}]},{\"@type\":\"WebSite\",\"@id\":\"https:\/\/www.suno.com.br\/noticias\/#website\",\"url\":\"https:\/\/www.suno.com.br\/noticias\/\",\"name\":\"Suno Not\u00edcias\",\"description\":\"Seu portal de informa\u00e7\u00e3o sobre o mundo dos investimentos\",\"publisher\":{\"@id\":\"https:\/\/www.suno.com.br\/noticias\/#organization\"},\"potentialAction\":[{\"@type\":\"SearchAction\",\"target\":{\"@type\":\"EntryPoint\",\"urlTemplate\":\"https:\/\/www.suno.com.br\/noticias\/?s={search_term_string}\"},\"query-input\":{\"@type\":\"PropertyValueSpecification\",\"valueRequired\":true,\"valueName\":\"search_term_string\"}}],\"inLanguage\":\"pt-BR\"},{\"@type\":\"Organization\",\"@id\":\"https:\/\/www.suno.com.br\/noticias\/#organization\",\"name\":\"Suno Not\u00edcias\",\"url\":\"https:\/\/www.suno.com.br\/noticias\/\",\"logo\":{\"@type\":\"ImageObject\",\"inLanguage\":\"pt-BR\",\"@id\":\"https:\/\/www.suno.com.br\/noticias\/#\/schema\/logo\/image\/\",\"url\":\"https:\/\/files.sunoresearch.com.br\/n\/uploads\/2021\/09\/suno-logo.png\",\"contentUrl\":\"https:\/\/files.sunoresearch.com.br\/n\/uploads\/2021\/09\/suno-logo.png\",\"width\":180,\"height\":180,\"caption\":\"Suno Not\u00edcias\"},\"image\":{\"@id\":\"https:\/\/www.suno.com.br\/noticias\/#\/schema\/logo\/image\/\"},\"sameAs\":[\"https:\/\/facebook.com\/sunoresearch\",\"https:\/\/x.com\/sunoresearch\",\"https:\/\/www.instagram.com\/suno\",\"https:\/\/www.linkedin.com\/company\/suno-research\/\",\"https:\/\/www.youtube.com\/c\/sunoresearch\"]},{\"@type\":\"Person\",\"@id\":\"https:\/\/www.suno.com.br\/noticias\/#\/schema\/person\/3f7693d5795a3f6d5ce15309ee785699\",\"name\":\"Renan Dantas\",\"image\":{\"@type\":\"ImageObject\",\"inLanguage\":\"pt-BR\",\"@id\":\"https:\/\/www.suno.com.br\/noticias\/#\/schema\/person\/image\/\",\"url\":\"https:\/\/secure.gravatar.com\/avatar\/1787b83e7484a08e51d62ac8b41c8396?s=96&r=g\",\"contentUrl\":\"https:\/\/secure.gravatar.com\/avatar\/1787b83e7484a08e51d62ac8b41c8396?s=96&r=g\",\"caption\":\"Renan Dantas\"},\"description\":\"Escreve sobre pol\u00edtica e mercado financeiro para o portal Suno Not\u00edcias. Antes, atuou na assessoria de comunica\u00e7\u00e3o do Minist\u00e9rio P\u00fablico do Trabalho e na R\u00e1dio Mackenzie, onde apresentava e produzia um programa sobre artistas da m\u00fasica brasileira. \u00c9 estudante na Universidade Presbiteriana Mackenzie.\",\"url\":\"https:\/\/www.suno.com.br\/noticias\/author\/renan-dantas\/\"}]}<\/script>\n<!-- \/ Yoast SEO plugin. -->","yoast_head_json":{"title":"Avianca: a\u00e9rea estrangeiras estariam interessadas em leil\u00e3o da companhia","description":"A Gol e Latam mostraram interesse em fazer um lance inicial de US$ 70 milh\u00f5es para as UPIs da Avianca Brasil. Clique para saber mais.","robots":{"index":"index","follow":"follow","max-snippet":"max-snippet:-1","max-image-preview":"max-image-preview:large","max-video-preview":"max-video-preview:-1"},"canonical":"https:\/\/www.suno.com.br\/noticias\/avianca-estrangeiras-interessadas-companhia\/","og_locale":"pt_BR","og_type":"article","og_title":"Avianca: a\u00e9rea estrangeiras estariam interessadas em leil\u00e3o da companhia","og_description":"A Gol e Latam mostraram interesse em fazer um lance inicial de US$ 70 milh\u00f5es para as UPIs da Avianca Brasil. Clique para saber mais.","og_url":"https:\/\/www.suno.com.br\/noticias\/avianca-estrangeiras-interessadas-companhia\/","og_site_name":"Suno Not\u00edcias","article_publisher":"https:\/\/facebook.com\/sunoresearch","og_image":[{"width":1200,"height":900,"url":"https:\/\/files.sunoresearch.com.br\/n\/uploads\/2019\/04\/a582b1d6-avianca-2.jpg","type":"image\/jpeg"}],"author":"Renan Dantas","twitter_card":"summary_large_image","twitter_creator":"@sunoresearch","twitter_site":"@sunoresearch","twitter_misc":{"Escrito por":"Renan Dantas","Est. tempo de leitura":"3 minutos"},"schema":{"@context":"https:\/\/schema.org","@graph":[{"@type":"NewsArticle","@id":"https:\/\/www.suno.com.br\/noticias\/avianca-estrangeiras-interessadas-companhia\/#article","isPartOf":{"@id":"https:\/\/www.suno.com.br\/noticias\/avianca-estrangeiras-interessadas-companhia\/"},"author":{"name":"Renan Dantas","@id":"https:\/\/www.suno.com.br\/noticias\/#\/schema\/person\/3f7693d5795a3f6d5ce15309ee785699"},"headline":"Avianca: empresas estrangeiras estariam interessadas em leil\u00e3o da companhia","datePublished":"2019-04-22T23:52:49+00:00","dateModified":"2019-04-23T03:13:18+00:00","mainEntityOfPage":{"@id":"https:\/\/www.suno.com.br\/noticias\/avianca-estrangeiras-interessadas-companhia\/"},"wordCount":571,"publisher":{"@id":"https:\/\/www.suno.com.br\/noticias\/#organization"},"image":{"@id":"https:\/\/www.suno.com.br\/noticias\/avianca-estrangeiras-interessadas-companhia\/#primaryimage"},"thumbnailUrl":"https:\/\/files.sunoresearch.com.br\/n\/uploads\/2019\/04\/a582b1d6-avianca-2-jpg.webp","keywords":["Anac","Avianca","Gol Linhas A\u00e9reas (GOLL11\/GOLL4)","Latam"],"articleSection":["Neg\u00f3cios"],"inLanguage":"pt-BR"},{"@type":"WebPage","@id":"https:\/\/www.suno.com.br\/noticias\/avianca-estrangeiras-interessadas-companhia\/","url":"https:\/\/www.suno.com.br\/noticias\/avianca-estrangeiras-interessadas-companhia\/","name":"Avianca: a\u00e9rea estrangeiras estariam interessadas em leil\u00e3o da companhia","isPartOf":{"@id":"https:\/\/www.suno.com.br\/noticias\/#website"},"primaryImageOfPage":{"@id":"https:\/\/www.suno.com.br\/noticias\/avianca-estrangeiras-interessadas-companhia\/#primaryimage"},"image":{"@id":"https:\/\/www.suno.com.br\/noticias\/avianca-estrangeiras-interessadas-companhia\/#primaryimage"},"thumbnailUrl":"https:\/\/files.sunoresearch.com.br\/n\/uploads\/2019\/04\/a582b1d6-avianca-2-jpg.webp","datePublished":"2019-04-22T23:52:49+00:00","dateModified":"2019-04-23T03:13:18+00:00","description":"A Gol e Latam mostraram interesse em fazer um lance inicial de US$ 70 milh\u00f5es para as UPIs da Avianca Brasil. Clique para saber mais.","breadcrumb":{"@id":"https:\/\/www.suno.com.br\/noticias\/avianca-estrangeiras-interessadas-companhia\/#breadcrumb"},"inLanguage":"pt-BR","potentialAction":[{"@type":"ReadAction","target":["https:\/\/www.suno.com.br\/noticias\/avianca-estrangeiras-interessadas-companhia\/"]}]},{"@type":"ImageObject","inLanguage":"pt-BR","@id":"https:\/\/www.suno.com.br\/noticias\/avianca-estrangeiras-interessadas-companhia\/#primaryimage","url":"https:\/\/files.sunoresearch.com.br\/n\/uploads\/2019\/04\/a582b1d6-avianca-2-jpg.webp","contentUrl":"https:\/\/files.sunoresearch.com.br\/n\/uploads\/2019\/04\/a582b1d6-avianca-2-jpg.webp","width":1200,"height":900,"caption":"Avi\u00e3o da Avianca (foto: divulga\u00e7\u00e3o)"},{"@type":"BreadcrumbList","@id":"https:\/\/www.suno.com.br\/noticias\/avianca-estrangeiras-interessadas-companhia\/#breadcrumb","itemListElement":[{"@type":"ListItem","position":1,"name":"Not\u00edcias","item":"https:\/\/www.suno.com.br\/noticias\/"},{"@type":"ListItem","position":2,"name":"Neg\u00f3cios","item":"https:\/\/www.suno.com.br\/noticias\/negocios\/"},{"@type":"ListItem","position":3,"name":"Avianca: empresas estrangeiras estariam interessadas em leil\u00e3o da companhia"}]},{"@type":"WebSite","@id":"https:\/\/www.suno.com.br\/noticias\/#website","url":"https:\/\/www.suno.com.br\/noticias\/","name":"Suno Not\u00edcias","description":"Seu portal de informa\u00e7\u00e3o sobre o mundo dos investimentos","publisher":{"@id":"https:\/\/www.suno.com.br\/noticias\/#organization"},"potentialAction":[{"@type":"SearchAction","target":{"@type":"EntryPoint","urlTemplate":"https:\/\/www.suno.com.br\/noticias\/?s={search_term_string}"},"query-input":{"@type":"PropertyValueSpecification","valueRequired":true,"valueName":"search_term_string"}}],"inLanguage":"pt-BR"},{"@type":"Organization","@id":"https:\/\/www.suno.com.br\/noticias\/#organization","name":"Suno Not\u00edcias","url":"https:\/\/www.suno.com.br\/noticias\/","logo":{"@type":"ImageObject","inLanguage":"pt-BR","@id":"https:\/\/www.suno.com.br\/noticias\/#\/schema\/logo\/image\/","url":"https:\/\/files.sunoresearch.com.br\/n\/uploads\/2021\/09\/suno-logo.png","contentUrl":"https:\/\/files.sunoresearch.com.br\/n\/uploads\/2021\/09\/suno-logo.png","width":180,"height":180,"caption":"Suno Not\u00edcias"},"image":{"@id":"https:\/\/www.suno.com.br\/noticias\/#\/schema\/logo\/image\/"},"sameAs":["https:\/\/facebook.com\/sunoresearch","https:\/\/x.com\/sunoresearch","https:\/\/www.instagram.com\/suno","https:\/\/www.linkedin.com\/company\/suno-research\/","https:\/\/www.youtube.com\/c\/sunoresearch"]},{"@type":"Person","@id":"https:\/\/www.suno.com.br\/noticias\/#\/schema\/person\/3f7693d5795a3f6d5ce15309ee785699","name":"Renan Dantas","image":{"@type":"ImageObject","inLanguage":"pt-BR","@id":"https:\/\/www.suno.com.br\/noticias\/#\/schema\/person\/image\/","url":"https:\/\/secure.gravatar.com\/avatar\/1787b83e7484a08e51d62ac8b41c8396?s=96&r=g","contentUrl":"https:\/\/secure.gravatar.com\/avatar\/1787b83e7484a08e51d62ac8b41c8396?s=96&r=g","caption":"Renan Dantas"},"description":"Escreve sobre pol\u00edtica e mercado financeiro para o portal Suno Not\u00edcias. Antes, atuou na assessoria de comunica\u00e7\u00e3o do Minist\u00e9rio P\u00fablico do Trabalho e na R\u00e1dio Mackenzie, onde apresentava e produzia um programa sobre artistas da m\u00fasica brasileira. \u00c9 estudante na Universidade Presbiteriana Mackenzie.","url":"https:\/\/www.suno.com.br\/noticias\/author\/renan-dantas\/"}]}},"default_loop_html":"<div class=\"cardsPage__listCard__boxs\"><div class=\"cardsPage__listCard__boxs__img\"><a href=\"https:\/\/www.suno.com.br\/noticias\/avianca-estrangeiras-interessadas-companhia\/\"><img class=\"mask\" src=\"https:\/\/www.suno.com.br\/noticias\/wp-content\/themes\/suno\/resources\/images\/spotlight\/spotlight1img\/bg-mask.png\" alt=\"Image Mask\"\/><img src=\"https:\/\/files.sunoresearch.com.br\/n\/uploads\/2019\/04\/a582b1d6-avianca-2-400x200.webp\" alt=\"Avianca: empresas estrangeiras estariam interessadas em leil\u00e3o da companhia\"\/><\/a><span class=\"spotlightCategory\"><a href=\"https:\/\/www.suno.com.br\/noticias\/negocios\/\">Neg\u00f3cios<\/a><\/span><\/div><div class=\"cardsPage__listCard__boxs__content\"><a href=\"https:\/\/www.suno.com.br\/noticias\/avianca-estrangeiras-interessadas-companhia\/\"><h2 class=\"content__title\">Avianca: empresas estrangeiras estariam interessadas em leil\u00e3o da companhia<\/h2><\/a><div class=\"newsContent__article__meta\"><div class=\"newsContent__article__meta__authorBox\"><a href=\"https:\/\/www.suno.com.br\/noticias\/author\/renan-dantas\/\" class=\"authorBox__avatar noMobi\"><img src=\"https:\/\/secure.gravatar.com\/avatar\/1787b83e7484a08e51d62ac8b41c8396?s=96&#038;r=g\" alt=\"Renan Dantas\"><\/a><div class=\"authorBox__name\"><span>por\n\t\t\t<a href=\"https:\/\/www.suno.com.br\/noticias\/author\/renan-dantas\/\"><span itemprop=\"author\">Renan Dantas<\/span><\/a><\/span><time datetime=\"2019-04-22T20:52:49-03:00\" itemprop=\"datePublished\">22\/04\/2019 20:52<\/time><\/div><\/div><\/div><\/div><\/div>","single_layout":"posts","amp_enabled":true,"_links":{"self":[{"href":"https:\/\/www.suno.com.br\/noticias\/wp-json\/wp\/v2\/posts\/21905"}],"collection":[{"href":"https:\/\/www.suno.com.br\/noticias\/wp-json\/wp\/v2\/posts"}],"about":[{"href":"https:\/\/www.suno.com.br\/noticias\/wp-json\/wp\/v2\/types\/post"}],"author":[{"embeddable":true,"href":"https:\/\/www.suno.com.br\/noticias\/wp-json\/wp\/v2\/users\/14"}],"replies":[{"embeddable":true,"href":"https:\/\/www.suno.com.br\/noticias\/wp-json\/wp\/v2\/comments?post=21905"}],"version-history":[{"count":0,"href":"https:\/\/www.suno.com.br\/noticias\/wp-json\/wp\/v2\/posts\/21905\/revisions"}],"wp:featuredmedia":[{"embeddable":true,"href":"https:\/\/www.suno.com.br\/noticias\/wp-json\/wp\/v2\/media\/21909"}],"wp:attachment":[{"href":"https:\/\/www.suno.com.br\/noticias\/wp-json\/wp\/v2\/media?parent=21905"}],"wp:term":[{"taxonomy":"category","embeddable":true,"href":"https:\/\/www.suno.com.br\/noticias\/wp-json\/wp\/v2\/categories?post=21905"},{"taxonomy":"post_tag","embeddable":true,"href":"https:\/\/www.suno.com.br\/noticias\/wp-json\/wp\/v2\/tags?post=21905"},{"taxonomy":"suno_strategy","embeddable":true,"href":"https:\/\/www.suno.com.br\/noticias\/wp-json\/wp\/v2\/suno_strategy?post=21905"}],"curies":[{"name":"wp","href":"https:\/\/api.w.org\/{rel}","templated":true}]}}