{"id":218717,"date":"2022-01-04T15:24:01","date_gmt":"2022-01-04T18:24:01","guid":{"rendered":"https:\/\/www.suno.com.br\/noticias\/?p=218717"},"modified":"2022-01-04T15:24:01","modified_gmt":"2022-01-04T18:24:01","slug":"vacina-covid-criancas-maioria-contra-prescricao-medica","status":"publish","type":"post","link":"https:\/\/www.suno.com.br\/noticias\/vacina-covid-criancas-maioria-contra-prescricao-medica\/","title":{"rendered":"Vacina contra Covid para crian\u00e7as: maioria \u00e9 contra exig\u00eancia de prescri\u00e7\u00e3o m\u00e9dica"},"content":{"rendered":"<p>A maioria das pessoas que participaram da consulta p\u00fablica realizada pelo Minist\u00e9rio da Sa\u00fade foi contr\u00e1ria \u00e0 exig\u00eancia de prescri\u00e7\u00e3o m\u00e9dica aplicar <strong>vacina<\/strong> contra Covid em crian\u00e7as.\u00a0Foram cerca de 100 mil pessoas participantes at\u00e9 o dia 2 de janeiro, e o documento final ser\u00e1 divulgado amanh\u00e3 (05).<\/p>\t<div class=\"wrapper-featured-image\">\n\t\t<figure class=\"spotlightImg\">\n\n\t\t\t<picture>\n\t\t\t\t<source media=\"(max-width: 768px)\" srcset=\"https:\/\/files.sunoresearch.com.br\/n\/uploads\/2021\/04\/26fa33e8-vaccine-5926664_1280-400x200.webp\">\n\t\t\t\t<img loading=\"lazy\" decoding=\"async\" class=\"newsContent__article__imgCapa lazyloadDisabled \" src=\"https:\/\/files.sunoresearch.com.br\/n\/uploads\/2021\/04\/26fa33e8-vaccine-5926664_1280-800x450.webp\" width=\"800\" height=\"450\" alt=\"Vacina contra Covid para crian\u00e7as: maioria \u00e9 contra exig\u00eancia de prescri\u00e7\u00e3o m\u00e9dica\" fetchpriority=high \/>\n\t\t\t<\/picture>\n\n\t\t\t<figcaption class=\"wp-caption-text wp-caption-text--show\">Vacina. Foto:  torstensimon por Pixabay <\/figcaption>\n\t\t<\/figure>\n\t<\/div>\n\n\n\t<p>\n\t\t<a href=\"https:\/\/lp.suno.com.br\/planilha-controle-gastos\/\" target=\"_blank\" data-element=\"shortcode-suno-banner\" title=\"Banner SUNO, clique e saiba mais\">\n\t\t\t<picture>\n\t\t\t\t<source media=\"(max-width: 500px)\" srcset=\"https:\/\/files.sunoresearch.com.br\/n\/uploads\/2023\/03\/400x300-Planilha-controle-de-gastos.png\">\n\t\t\t\t<img class=\"newsContent__article__imgCapa newsContent__article__imgCapa--banner\"\n\t\t\t\t\tsrc=\"https:\/\/files.sunoresearch.com.br\/n\/uploads\/2023\/03\/1420x240-Planilha-controle-de-gastos.png\"\n\t\t\t\t\tdata-promo-id=\"101751\"\t\t\t\t\t\t\t\t\t\twidth='1420' height='240'\t\t\t\t\talt=\"https:\/\/files.sunoresearch.com.br\/n\/uploads\/2023\/03\/1420x240-Planilha-controle-de-gastos.png\"\n\t\t\t\t>\n\t\t\t<\/picture>\n\t\t<\/a>\n\t<\/p>\n\n\n<p>A informa\u00e7\u00e3o foi revelada pela secret\u00e1ria extraordin\u00e1ria de Enfrentamento \u00e0 Covid-19 do <strong>Minist\u00e9rio da Sa\u00fade<\/strong>, Rosana Leite de Melo, em audi\u00eancia p\u00fablica nesta ter\u00e7a-feira (4).<\/p>\n<p>&#8220;Tivemos 99.309 pessoas que participaram neste curto intervalo de tempo em que o documento esteve para consulta p\u00fablica, sendo que a maioria se mostrou concordante com a n\u00e3o compulsoriedade da vacina\u00e7\u00e3o e a prioriza\u00e7\u00e3o das crian\u00e7as com comorbidade. A maioria foi contr\u00e1ria \u00e0 obrigatoriedade da prescri\u00e7\u00e3o m\u00e9dica no ato de vacina\u00e7\u00e3o&#8221;, disse Rosana.<\/p>\n\t<p>\n\t\t<a href=\"https:\/\/lp.suno.com.br\/planilha-da-vida-financeira\/\" target=\"_blank\" data-element=\"shortcode-suno-banner\" title=\"Banner SUNO, clique e saiba mais\">\n\t\t\t<picture>\n\t\t\t\t<source media=\"(max-width: 500px)\" srcset=\"https:\/\/files.sunoresearch.com.br\/n\/uploads\/2023\/04\/400x300-Planilha-vida-financeira-true.png\">\n\t\t\t\t<img class=\"newsContent__article__imgCapa newsContent__article__imgCapa--banner\"\n\t\t\t\t\tsrc=\"https:\/\/files.sunoresearch.com.br\/n\/uploads\/2023\/04\/1420x240-Planilha-vida-financeira-true.png\"\n\t\t\t\t\tdata-promo-id=\"106682\"\t\t\t\t\t\t\t\t\t\twidth='1420' height='240'\t\t\t\t\talt=\"https:\/\/files.sunoresearch.com.br\/n\/uploads\/2023\/04\/1420x240-Planilha-vida-financeira-true.png\"\n\t\t\t\t>\n\t\t\t<\/picture>\n\t\t<\/a>\n\t<\/p>\n\n\n<p>O Minist\u00e9rio da Sa\u00fade pretende recomendar que<strong> crian\u00e7as de 5 a 11 anos<\/strong> apresentem prescri\u00e7\u00e3o m\u00e9dica e consentimento dos pais para poder receber a vacina contra a covid.<\/p>\n<p>Nesta segunda-feira (03), o ministro Marcelo Queiroga disse que os pais ter\u00e3o acesso \u00e0 vacina caso desejem <strong>vacinar os filhos<\/strong>, e destacou que haver\u00e1 doses suficientes.<\/p>\n<p>A consulta p\u00fablica para manifesta\u00e7\u00e3o da sociedade civil sobre a <strong>imuniza\u00e7\u00e3o das crian\u00e7as<\/strong> terminou no domingo, 2.<\/p>\n<p>Na sexta-feira, 31, o Minist\u00e9rio da Sa\u00fade afirmou em nota que sua recomenda\u00e7\u00e3o \u00e9 &#8220;pela inclus\u00e3o da vacina\u00e7\u00e3o em crian\u00e7as de 5 a 11 anos no Plano Nacional de Operacionaliza\u00e7\u00e3o das Vacinas Contra a covid-19&#8221;.<\/p>\n\t<p>\n\t\t<a href=\"https:\/\/lp.suno.com.br\/ebook-como-analisar-uma-acao\/\" target=\"_blank\" data-element=\"shortcode-suno-banner\" title=\"Banner SUNO, clique e saiba mais\">\n\t\t\t<picture>\n\t\t\t\t<source media=\"(max-width: 500px)\" srcset=\"https:\/\/files.sunoresearch.com.br\/n\/uploads\/2023\/03\/Ebook-Acoes-Mobile-1.jpg\">\n\t\t\t\t<img class=\"newsContent__article__imgCapa newsContent__article__imgCapa--banner\"\n\t\t\t\t\tsrc=\"https:\/\/files.sunoresearch.com.br\/n\/uploads\/2023\/03\/Ebook-Acoes-Desktop-1.jpg\"\n\t\t\t\t\tdata-promo-id=\"171998\"\t\t\t\t\t\t\t\t\t\twidth='1420' height='286'\t\t\t\t\talt=\"https:\/\/files.sunoresearch.com.br\/n\/uploads\/2023\/03\/Ebook-Acoes-Desktop-1.jpg\"\n\t\t\t\t>\n\t\t\t<\/picture>\n\t\t<\/a>\n\t<\/p>\n\n\n<p>A audi\u00eancia p\u00fablica sobre vacina\u00e7\u00e3o de crian\u00e7as conta com a participa\u00e7\u00e3o de tr\u00eas m\u00e9dicos indicados pela presidente da Comiss\u00e3o de Constitui\u00e7\u00e3o e Justi\u00e7a e de Cidadania (CCJC) da C\u00e2mara, Bia Kicis (PSL-DF).<\/p>\n<p>Iniciada por volta das 10h15, a<strong> audi\u00eancia p\u00fablica<\/strong> n\u00e3o conta com a participa\u00e7\u00e3o da Ag\u00eancia Nacional de Vigil\u00e2ncia Sanit\u00e1ria (<strong>Anvisa<\/strong>), que autorizou a aplica\u00e7\u00e3o da vacina da Pfizer nas crian\u00e7as em 16 de dezembro. A ag\u00eancia foi convidada, mas decidiu n\u00e3o participar.<\/p>\n<p>&#8220;(A Anvisa) encaminhou um e-mail ao Minist\u00e9rio da Sa\u00fade e informou que o parecer da ag\u00eancia \u00e9 p\u00fablico e que n\u00e3o ir\u00e1 agregar ao debate, por isso, n\u00e3o h\u00e1 representante da Anvisa aqui&#8221;, informou a Sa\u00fade no in\u00edcio da audi\u00eancia sobre a<strong> vacina<\/strong> da Covid para crian\u00e7as.<\/p>\n\t<p>\n\t\t<a href=\"https:\/\/lp.suno.com.br\/planilha-de-controle-de-investimentos\/\" target=\"_blank\" data-element=\"shortcode-suno-banner\" title=\"Banner SUNO, clique e saiba mais\">\n\t\t\t<picture>\n\t\t\t\t<source media=\"(max-width: 500px)\" srcset=\"https:\/\/files.sunoresearch.com.br\/n\/uploads\/2023\/03\/400x300-Controle-de-Investimentos.png\">\n\t\t\t\t<img class=\"newsContent__article__imgCapa newsContent__article__imgCapa--banner\"\n\t\t\t\t\tsrc=\"https:\/\/files.sunoresearch.com.br\/n\/uploads\/2023\/03\/1420x240-Controle-de-Investimentos.png\"\n\t\t\t\t\tdata-promo-id=\"75934\"\t\t\t\t\t\t\t\t\t\twidth='1420' height='240'\t\t\t\t\talt=\"https:\/\/files.sunoresearch.com.br\/n\/uploads\/2023\/03\/1420x240-Controle-de-Investimentos.png\"\n\t\t\t\t>\n\t\t\t<\/picture>\n\t\t<\/a>\n\t<\/p>\n\n\n","protected":false},"excerpt":{"rendered":"<p>A maioria das pessoas que participaram da consulta p\u00fablica realizada pelo Minist\u00e9rio da Sa\u00fade foi contr\u00e1ria \u00e0 exig\u00eancia de prescri\u00e7\u00e3o m\u00e9dica aplicar vacina contra Covid em crian\u00e7as.\u00a0Foram cerca de 100 mil pessoas participantes at\u00e9 o dia 2 de janeiro, e o documento final ser\u00e1 divulgado amanh\u00e3 (05). Vacina. Foto: torstensimon por Pixabay A informa\u00e7\u00e3o foi [&hellip;]<\/p>\n","protected":false},"author":60,"featured_media":138035,"comment_status":"closed","ping_status":"closed","sticky":false,"template":"","format":"standard","meta":[],"categories":[61],"tags":[],"suno_strategy":[],"class_list":["post-218717","post","type-post","status-publish","format-standard","has-post-thumbnail","hentry","category-politica"],"yoast_head":"<!-- This site is optimized with the Yoast SEO plugin v24.4 - https:\/\/yoast.com\/wordpress\/plugins\/seo\/ -->\n<title>Vacina para crian\u00e7as: maioria \u00e9 contra exig\u00eancia de prescri\u00e7\u00e3o m\u00e9dica<\/title>\n<meta name=\"description\" content=\"A maioria das pessoas que participaram da consulta p\u00fablica foi contr\u00e1ria \u00e0 exig\u00eancia de prescri\u00e7\u00e3o m\u00e9dica aplicar vacina da Covid em crian\u00e7as.\u00a0\" \/>\n<meta name=\"robots\" content=\"index, follow, max-snippet:-1, max-image-preview:large, max-video-preview:-1\" \/>\n<link rel=\"canonical\" href=\"https:\/\/www.suno.com.br\/noticias\/vacina-covid-criancas-maioria-contra-prescricao-medica\/\" \/>\n<meta property=\"og:locale\" content=\"pt_BR\" \/>\n<meta property=\"og:type\" content=\"article\" \/>\n<meta property=\"og:title\" content=\"Vacina para crian\u00e7as: maioria \u00e9 contra exig\u00eancia de prescri\u00e7\u00e3o m\u00e9dica\" \/>\n<meta property=\"og:description\" content=\"A maioria das pessoas que participaram da consulta p\u00fablica foi contr\u00e1ria \u00e0 exig\u00eancia de prescri\u00e7\u00e3o m\u00e9dica aplicar vacina da Covid em crian\u00e7as.\u00a0\" \/>\n<meta property=\"og:url\" content=\"https:\/\/www.suno.com.br\/noticias\/vacina-covid-criancas-maioria-contra-prescricao-medica\/\" \/>\n<meta property=\"og:site_name\" content=\"Suno Not\u00edcias\" \/>\n<meta property=\"article:publisher\" content=\"https:\/\/facebook.com\/sunoresearch\" \/>\n<meta property=\"og:image\" content=\"https:\/\/files.sunoresearch.com.br\/n\/uploads\/2021\/04\/26fa33e8-vaccine-5926664_1280.jpg\" \/>\n\t<meta property=\"og:image:width\" content=\"1280\" \/>\n\t<meta property=\"og:image:height\" content=\"720\" \/>\n\t<meta property=\"og:image:type\" content=\"image\/jpeg\" \/>\n<meta name=\"author\" content=\"Natalia G\u00f3mez\" \/>\n<meta name=\"twitter:card\" content=\"summary_large_image\" \/>\n<meta name=\"twitter:creator\" content=\"@sunoresearch\" \/>\n<meta name=\"twitter:site\" content=\"@sunoresearch\" \/>\n<meta name=\"twitter:label1\" content=\"Escrito por\" \/>\n\t<meta name=\"twitter:data1\" content=\"Natalia G\u00f3mez\" \/>\n\t<meta name=\"twitter:label2\" content=\"Est. tempo de leitura\" \/>\n\t<meta name=\"twitter:data2\" content=\"2 minutos\" \/>\n<script type=\"application\/ld+json\" class=\"yoast-schema-graph\">{\"@context\":\"https:\/\/schema.org\",\"@graph\":[{\"@type\":\"NewsArticle\",\"@id\":\"https:\/\/www.suno.com.br\/noticias\/vacina-covid-criancas-maioria-contra-prescricao-medica\/#article\",\"isPartOf\":{\"@id\":\"https:\/\/www.suno.com.br\/noticias\/vacina-covid-criancas-maioria-contra-prescricao-medica\/\"},\"author\":{\"name\":\"Natalia G\u00f3mez\",\"@id\":\"https:\/\/www.suno.com.br\/noticias\/#\/schema\/person\/1b24d67c140a42e864ef414497edb164\"},\"headline\":\"Vacina contra Covid para crian\u00e7as: maioria \u00e9 contra exig\u00eancia de prescri\u00e7\u00e3o m\u00e9dica\",\"datePublished\":\"2022-01-04T18:24:01+00:00\",\"mainEntityOfPage\":{\"@id\":\"https:\/\/www.suno.com.br\/noticias\/vacina-covid-criancas-maioria-contra-prescricao-medica\/\"},\"wordCount\":435,\"publisher\":{\"@id\":\"https:\/\/www.suno.com.br\/noticias\/#organization\"},\"image\":{\"@id\":\"https:\/\/www.suno.com.br\/noticias\/vacina-covid-criancas-maioria-contra-prescricao-medica\/#primaryimage\"},\"thumbnailUrl\":\"https:\/\/files.sunoresearch.com.br\/n\/uploads\/2021\/04\/26fa33e8-vaccine-5926664_1280-jpg.webp\",\"articleSection\":[\"Pol\u00edtica\"],\"inLanguage\":\"pt-BR\"},{\"@type\":\"WebPage\",\"@id\":\"https:\/\/www.suno.com.br\/noticias\/vacina-covid-criancas-maioria-contra-prescricao-medica\/\",\"url\":\"https:\/\/www.suno.com.br\/noticias\/vacina-covid-criancas-maioria-contra-prescricao-medica\/\",\"name\":\"Vacina para crian\u00e7as: maioria \u00e9 contra exig\u00eancia de prescri\u00e7\u00e3o m\u00e9dica\",\"isPartOf\":{\"@id\":\"https:\/\/www.suno.com.br\/noticias\/#website\"},\"primaryImageOfPage\":{\"@id\":\"https:\/\/www.suno.com.br\/noticias\/vacina-covid-criancas-maioria-contra-prescricao-medica\/#primaryimage\"},\"image\":{\"@id\":\"https:\/\/www.suno.com.br\/noticias\/vacina-covid-criancas-maioria-contra-prescricao-medica\/#primaryimage\"},\"thumbnailUrl\":\"https:\/\/files.sunoresearch.com.br\/n\/uploads\/2021\/04\/26fa33e8-vaccine-5926664_1280-jpg.webp\",\"datePublished\":\"2022-01-04T18:24:01+00:00\",\"description\":\"A maioria das pessoas que participaram da consulta p\u00fablica foi contr\u00e1ria \u00e0 exig\u00eancia de prescri\u00e7\u00e3o m\u00e9dica aplicar vacina da Covid em crian\u00e7as.\u00a0\",\"breadcrumb\":{\"@id\":\"https:\/\/www.suno.com.br\/noticias\/vacina-covid-criancas-maioria-contra-prescricao-medica\/#breadcrumb\"},\"inLanguage\":\"pt-BR\",\"potentialAction\":[{\"@type\":\"ReadAction\",\"target\":[\"https:\/\/www.suno.com.br\/noticias\/vacina-covid-criancas-maioria-contra-prescricao-medica\/\"]}]},{\"@type\":\"ImageObject\",\"inLanguage\":\"pt-BR\",\"@id\":\"https:\/\/www.suno.com.br\/noticias\/vacina-covid-criancas-maioria-contra-prescricao-medica\/#primaryimage\",\"url\":\"https:\/\/files.sunoresearch.com.br\/n\/uploads\/2021\/04\/26fa33e8-vaccine-5926664_1280-jpg.webp\",\"contentUrl\":\"https:\/\/files.sunoresearch.com.br\/n\/uploads\/2021\/04\/26fa33e8-vaccine-5926664_1280-jpg.webp\",\"width\":1280,\"height\":720,\"caption\":\"Vacina. Foto: torstensimon por Pixabay\"},{\"@type\":\"BreadcrumbList\",\"@id\":\"https:\/\/www.suno.com.br\/noticias\/vacina-covid-criancas-maioria-contra-prescricao-medica\/#breadcrumb\",\"itemListElement\":[{\"@type\":\"ListItem\",\"position\":1,\"name\":\"Not\u00edcias\",\"item\":\"https:\/\/www.suno.com.br\/noticias\/\"},{\"@type\":\"ListItem\",\"position\":2,\"name\":\"Pol\u00edtica\",\"item\":\"https:\/\/www.suno.com.br\/noticias\/politica\/\"},{\"@type\":\"ListItem\",\"position\":3,\"name\":\"Vacina contra Covid para crian\u00e7as: maioria \u00e9 contra exig\u00eancia de prescri\u00e7\u00e3o m\u00e9dica\"}]},{\"@type\":\"WebSite\",\"@id\":\"https:\/\/www.suno.com.br\/noticias\/#website\",\"url\":\"https:\/\/www.suno.com.br\/noticias\/\",\"name\":\"Suno Not\u00edcias\",\"description\":\"Seu portal de informa\u00e7\u00e3o sobre o mundo dos investimentos\",\"publisher\":{\"@id\":\"https:\/\/www.suno.com.br\/noticias\/#organization\"},\"potentialAction\":[{\"@type\":\"SearchAction\",\"target\":{\"@type\":\"EntryPoint\",\"urlTemplate\":\"https:\/\/www.suno.com.br\/noticias\/?s={search_term_string}\"},\"query-input\":{\"@type\":\"PropertyValueSpecification\",\"valueRequired\":true,\"valueName\":\"search_term_string\"}}],\"inLanguage\":\"pt-BR\"},{\"@type\":\"Organization\",\"@id\":\"https:\/\/www.suno.com.br\/noticias\/#organization\",\"name\":\"Suno Not\u00edcias\",\"url\":\"https:\/\/www.suno.com.br\/noticias\/\",\"logo\":{\"@type\":\"ImageObject\",\"inLanguage\":\"pt-BR\",\"@id\":\"https:\/\/www.suno.com.br\/noticias\/#\/schema\/logo\/image\/\",\"url\":\"https:\/\/files.sunoresearch.com.br\/n\/uploads\/2021\/09\/suno-logo.png\",\"contentUrl\":\"https:\/\/files.sunoresearch.com.br\/n\/uploads\/2021\/09\/suno-logo.png\",\"width\":180,\"height\":180,\"caption\":\"Suno Not\u00edcias\"},\"image\":{\"@id\":\"https:\/\/www.suno.com.br\/noticias\/#\/schema\/logo\/image\/\"},\"sameAs\":[\"https:\/\/facebook.com\/sunoresearch\",\"https:\/\/x.com\/sunoresearch\",\"https:\/\/www.instagram.com\/suno\",\"https:\/\/www.linkedin.com\/company\/suno-research\/\",\"https:\/\/www.youtube.com\/c\/sunoresearch\"]},{\"@type\":\"Person\",\"@id\":\"https:\/\/www.suno.com.br\/noticias\/#\/schema\/person\/1b24d67c140a42e864ef414497edb164\",\"name\":\"Natalia G\u00f3mez\",\"image\":{\"@type\":\"ImageObject\",\"inLanguage\":\"pt-BR\",\"@id\":\"https:\/\/www.suno.com.br\/noticias\/#\/schema\/person\/image\/\",\"url\":\"https:\/\/secure.gravatar.com\/avatar\/9e957e0b2b485c2d42c3f4145c16d940?s=96&r=g\",\"contentUrl\":\"https:\/\/secure.gravatar.com\/avatar\/9e957e0b2b485c2d42c3f4145c16d940?s=96&r=g\",\"caption\":\"Natalia G\u00f3mez\"},\"description\":\"Editora do Suno Not\u00edcias desde outubro de 2020, \u00e9 jornalista formada pela PUC-SP, com p\u00f3s-gradua\u00e7\u00e3o em jornalismo liter\u00e1rio. Atua no mercado financeiro desde 2003, quando iniciou a carreira no jornal econ\u00f4mico DCI, cobrindo o setor de alimentos no caderno de Ind\u00fastria. Foi trainee do jornal Valor Econ\u00f4mico, onde atuou no Caderno de Empresas por quase tr\u00eas anos. L\u00e1, cobriu o setor de ind\u00fastria, com foco em siderurgia, embalagens e aeroespacial. Fez coberturas setoriais em viagens para S\u00e3o Jos\u00e9 dos Campos e Franca (SP), al\u00e9m de coberturas internacionais na Alemanha e na Su\u00e9cia. Trabalhou por cinco anos na Ag\u00eancia Estado\/Broadcast, do Grupo Estado, onde foi rep\u00f3rter dos setores de minera\u00e7\u00e3o e siderurgia, alimentos e bebidas e finan\u00e7as. Foi premiada como o pr\u00eamio Destaque de Reportagem da AE em 2007 e 2008. Al\u00e9m de atuar no servi\u00e7o de not\u00edcias em tempo real, fez participa\u00e7\u00f5es no caderno de Economia do jornal Estado de S.Paulo e na R\u00e1dio Eldorado. Ainda no Grupo Estado, foi editora assistente da editoria Empresas e Setores, atuando com edi\u00e7\u00e3o e pauta, al\u00e9m de cobrir mercados diariamente com o cen\u00e1rio de bolsa e fazer reportagens especiais com foco em governan\u00e7a corporativa. Trabalhou tamb\u00e9m como correspondente de finan\u00e7as no servi\u00e7o da Thomson Reuters em portugu\u00eas por quase um ano. Atuou por cerca de oito anos como jornalista independente, contribuindo para ve\u00edculos como UOL Economia, Infomoney e Revista Voc\u00ea SA, al\u00e9m de ter trabalhado em projetos na \u00e1rea de conte\u00fado e comunica\u00e7\u00e3o de institui\u00e7\u00f5es financeiras como Anbima, Banco BS2, Banco Pine, Ita\u00fa BBA e EQI.\",\"url\":\"https:\/\/www.suno.com.br\/noticias\/author\/natalia-gomez\/\"}]}<\/script>\n<!-- \/ Yoast SEO plugin. -->","yoast_head_json":{"title":"Vacina para crian\u00e7as: maioria \u00e9 contra exig\u00eancia de prescri\u00e7\u00e3o m\u00e9dica","description":"A maioria das pessoas que participaram da consulta p\u00fablica foi contr\u00e1ria \u00e0 exig\u00eancia de prescri\u00e7\u00e3o m\u00e9dica aplicar vacina da Covid em crian\u00e7as.\u00a0","robots":{"index":"index","follow":"follow","max-snippet":"max-snippet:-1","max-image-preview":"max-image-preview:large","max-video-preview":"max-video-preview:-1"},"canonical":"https:\/\/www.suno.com.br\/noticias\/vacina-covid-criancas-maioria-contra-prescricao-medica\/","og_locale":"pt_BR","og_type":"article","og_title":"Vacina para crian\u00e7as: maioria \u00e9 contra exig\u00eancia de prescri\u00e7\u00e3o m\u00e9dica","og_description":"A maioria das pessoas que participaram da consulta p\u00fablica foi contr\u00e1ria \u00e0 exig\u00eancia de prescri\u00e7\u00e3o m\u00e9dica aplicar vacina da Covid em crian\u00e7as.\u00a0","og_url":"https:\/\/www.suno.com.br\/noticias\/vacina-covid-criancas-maioria-contra-prescricao-medica\/","og_site_name":"Suno Not\u00edcias","article_publisher":"https:\/\/facebook.com\/sunoresearch","og_image":[{"width":1280,"height":720,"url":"https:\/\/files.sunoresearch.com.br\/n\/uploads\/2021\/04\/26fa33e8-vaccine-5926664_1280.jpg","type":"image\/jpeg"}],"author":"Natalia G\u00f3mez","twitter_card":"summary_large_image","twitter_creator":"@sunoresearch","twitter_site":"@sunoresearch","twitter_misc":{"Escrito por":"Natalia G\u00f3mez","Est. tempo de leitura":"2 minutos"},"schema":{"@context":"https:\/\/schema.org","@graph":[{"@type":"NewsArticle","@id":"https:\/\/www.suno.com.br\/noticias\/vacina-covid-criancas-maioria-contra-prescricao-medica\/#article","isPartOf":{"@id":"https:\/\/www.suno.com.br\/noticias\/vacina-covid-criancas-maioria-contra-prescricao-medica\/"},"author":{"name":"Natalia G\u00f3mez","@id":"https:\/\/www.suno.com.br\/noticias\/#\/schema\/person\/1b24d67c140a42e864ef414497edb164"},"headline":"Vacina contra Covid para crian\u00e7as: maioria \u00e9 contra exig\u00eancia de prescri\u00e7\u00e3o m\u00e9dica","datePublished":"2022-01-04T18:24:01+00:00","mainEntityOfPage":{"@id":"https:\/\/www.suno.com.br\/noticias\/vacina-covid-criancas-maioria-contra-prescricao-medica\/"},"wordCount":435,"publisher":{"@id":"https:\/\/www.suno.com.br\/noticias\/#organization"},"image":{"@id":"https:\/\/www.suno.com.br\/noticias\/vacina-covid-criancas-maioria-contra-prescricao-medica\/#primaryimage"},"thumbnailUrl":"https:\/\/files.sunoresearch.com.br\/n\/uploads\/2021\/04\/26fa33e8-vaccine-5926664_1280-jpg.webp","articleSection":["Pol\u00edtica"],"inLanguage":"pt-BR"},{"@type":"WebPage","@id":"https:\/\/www.suno.com.br\/noticias\/vacina-covid-criancas-maioria-contra-prescricao-medica\/","url":"https:\/\/www.suno.com.br\/noticias\/vacina-covid-criancas-maioria-contra-prescricao-medica\/","name":"Vacina para crian\u00e7as: maioria \u00e9 contra exig\u00eancia de prescri\u00e7\u00e3o m\u00e9dica","isPartOf":{"@id":"https:\/\/www.suno.com.br\/noticias\/#website"},"primaryImageOfPage":{"@id":"https:\/\/www.suno.com.br\/noticias\/vacina-covid-criancas-maioria-contra-prescricao-medica\/#primaryimage"},"image":{"@id":"https:\/\/www.suno.com.br\/noticias\/vacina-covid-criancas-maioria-contra-prescricao-medica\/#primaryimage"},"thumbnailUrl":"https:\/\/files.sunoresearch.com.br\/n\/uploads\/2021\/04\/26fa33e8-vaccine-5926664_1280-jpg.webp","datePublished":"2022-01-04T18:24:01+00:00","description":"A maioria das pessoas que participaram da consulta p\u00fablica foi contr\u00e1ria \u00e0 exig\u00eancia de prescri\u00e7\u00e3o m\u00e9dica aplicar vacina da Covid em crian\u00e7as.\u00a0","breadcrumb":{"@id":"https:\/\/www.suno.com.br\/noticias\/vacina-covid-criancas-maioria-contra-prescricao-medica\/#breadcrumb"},"inLanguage":"pt-BR","potentialAction":[{"@type":"ReadAction","target":["https:\/\/www.suno.com.br\/noticias\/vacina-covid-criancas-maioria-contra-prescricao-medica\/"]}]},{"@type":"ImageObject","inLanguage":"pt-BR","@id":"https:\/\/www.suno.com.br\/noticias\/vacina-covid-criancas-maioria-contra-prescricao-medica\/#primaryimage","url":"https:\/\/files.sunoresearch.com.br\/n\/uploads\/2021\/04\/26fa33e8-vaccine-5926664_1280-jpg.webp","contentUrl":"https:\/\/files.sunoresearch.com.br\/n\/uploads\/2021\/04\/26fa33e8-vaccine-5926664_1280-jpg.webp","width":1280,"height":720,"caption":"Vacina. Foto: torstensimon por Pixabay"},{"@type":"BreadcrumbList","@id":"https:\/\/www.suno.com.br\/noticias\/vacina-covid-criancas-maioria-contra-prescricao-medica\/#breadcrumb","itemListElement":[{"@type":"ListItem","position":1,"name":"Not\u00edcias","item":"https:\/\/www.suno.com.br\/noticias\/"},{"@type":"ListItem","position":2,"name":"Pol\u00edtica","item":"https:\/\/www.suno.com.br\/noticias\/politica\/"},{"@type":"ListItem","position":3,"name":"Vacina contra Covid para crian\u00e7as: maioria \u00e9 contra exig\u00eancia de prescri\u00e7\u00e3o m\u00e9dica"}]},{"@type":"WebSite","@id":"https:\/\/www.suno.com.br\/noticias\/#website","url":"https:\/\/www.suno.com.br\/noticias\/","name":"Suno Not\u00edcias","description":"Seu portal de informa\u00e7\u00e3o sobre o mundo dos investimentos","publisher":{"@id":"https:\/\/www.suno.com.br\/noticias\/#organization"},"potentialAction":[{"@type":"SearchAction","target":{"@type":"EntryPoint","urlTemplate":"https:\/\/www.suno.com.br\/noticias\/?s={search_term_string}"},"query-input":{"@type":"PropertyValueSpecification","valueRequired":true,"valueName":"search_term_string"}}],"inLanguage":"pt-BR"},{"@type":"Organization","@id":"https:\/\/www.suno.com.br\/noticias\/#organization","name":"Suno Not\u00edcias","url":"https:\/\/www.suno.com.br\/noticias\/","logo":{"@type":"ImageObject","inLanguage":"pt-BR","@id":"https:\/\/www.suno.com.br\/noticias\/#\/schema\/logo\/image\/","url":"https:\/\/files.sunoresearch.com.br\/n\/uploads\/2021\/09\/suno-logo.png","contentUrl":"https:\/\/files.sunoresearch.com.br\/n\/uploads\/2021\/09\/suno-logo.png","width":180,"height":180,"caption":"Suno Not\u00edcias"},"image":{"@id":"https:\/\/www.suno.com.br\/noticias\/#\/schema\/logo\/image\/"},"sameAs":["https:\/\/facebook.com\/sunoresearch","https:\/\/x.com\/sunoresearch","https:\/\/www.instagram.com\/suno","https:\/\/www.linkedin.com\/company\/suno-research\/","https:\/\/www.youtube.com\/c\/sunoresearch"]},{"@type":"Person","@id":"https:\/\/www.suno.com.br\/noticias\/#\/schema\/person\/1b24d67c140a42e864ef414497edb164","name":"Natalia G\u00f3mez","image":{"@type":"ImageObject","inLanguage":"pt-BR","@id":"https:\/\/www.suno.com.br\/noticias\/#\/schema\/person\/image\/","url":"https:\/\/secure.gravatar.com\/avatar\/9e957e0b2b485c2d42c3f4145c16d940?s=96&r=g","contentUrl":"https:\/\/secure.gravatar.com\/avatar\/9e957e0b2b485c2d42c3f4145c16d940?s=96&r=g","caption":"Natalia G\u00f3mez"},"description":"Editora do Suno Not\u00edcias desde outubro de 2020, \u00e9 jornalista formada pela PUC-SP, com p\u00f3s-gradua\u00e7\u00e3o em jornalismo liter\u00e1rio. Atua no mercado financeiro desde 2003, quando iniciou a carreira no jornal econ\u00f4mico DCI, cobrindo o setor de alimentos no caderno de Ind\u00fastria. Foi trainee do jornal Valor Econ\u00f4mico, onde atuou no Caderno de Empresas por quase tr\u00eas anos. L\u00e1, cobriu o setor de ind\u00fastria, com foco em siderurgia, embalagens e aeroespacial. Fez coberturas setoriais em viagens para S\u00e3o Jos\u00e9 dos Campos e Franca (SP), al\u00e9m de coberturas internacionais na Alemanha e na Su\u00e9cia. Trabalhou por cinco anos na Ag\u00eancia Estado\/Broadcast, do Grupo Estado, onde foi rep\u00f3rter dos setores de minera\u00e7\u00e3o e siderurgia, alimentos e bebidas e finan\u00e7as. Foi premiada como o pr\u00eamio Destaque de Reportagem da AE em 2007 e 2008. Al\u00e9m de atuar no servi\u00e7o de not\u00edcias em tempo real, fez participa\u00e7\u00f5es no caderno de Economia do jornal Estado de S.Paulo e na R\u00e1dio Eldorado. Ainda no Grupo Estado, foi editora assistente da editoria Empresas e Setores, atuando com edi\u00e7\u00e3o e pauta, al\u00e9m de cobrir mercados diariamente com o cen\u00e1rio de bolsa e fazer reportagens especiais com foco em governan\u00e7a corporativa. Trabalhou tamb\u00e9m como correspondente de finan\u00e7as no servi\u00e7o da Thomson Reuters em portugu\u00eas por quase um ano. Atuou por cerca de oito anos como jornalista independente, contribuindo para ve\u00edculos como UOL Economia, Infomoney e Revista Voc\u00ea SA, al\u00e9m de ter trabalhado em projetos na \u00e1rea de conte\u00fado e comunica\u00e7\u00e3o de institui\u00e7\u00f5es financeiras como Anbima, Banco BS2, Banco Pine, Ita\u00fa BBA e EQI.","url":"https:\/\/www.suno.com.br\/noticias\/author\/natalia-gomez\/"}]}},"default_loop_html":"<div class=\"cardsPage__listCard__boxs\"><div class=\"cardsPage__listCard__boxs__img\"><a href=\"https:\/\/www.suno.com.br\/noticias\/vacina-covid-criancas-maioria-contra-prescricao-medica\/\"><img class=\"mask\" src=\"https:\/\/www.suno.com.br\/noticias\/wp-content\/themes\/suno\/resources\/images\/spotlight\/spotlight1img\/bg-mask.png\" alt=\"Image Mask\"\/><img src=\"https:\/\/files.sunoresearch.com.br\/n\/uploads\/2021\/04\/26fa33e8-vaccine-5926664_1280-400x200.webp\" alt=\"Vacina contra Covid para crian\u00e7as: maioria \u00e9 contra exig\u00eancia de prescri\u00e7\u00e3o m\u00e9dica\"\/><\/a><span class=\"spotlightCategory\"><a href=\"https:\/\/www.suno.com.br\/noticias\/politica\/\">Pol\u00edtica<\/a><\/span><\/div><div class=\"cardsPage__listCard__boxs__content\"><a href=\"https:\/\/www.suno.com.br\/noticias\/vacina-covid-criancas-maioria-contra-prescricao-medica\/\"><h2 class=\"content__title\">Vacina contra Covid para crian\u00e7as: maioria \u00e9 contra exig\u00eancia de prescri\u00e7\u00e3o m\u00e9dica<\/h2><\/a><div class=\"newsContent__article__meta\"><div class=\"newsContent__article__meta__authorBox\"><a href=\"https:\/\/www.suno.com.br\/noticias\/author\/natalia-gomez\/\" class=\"authorBox__avatar noMobi\"><img src=\"https:\/\/secure.gravatar.com\/avatar\/9e957e0b2b485c2d42c3f4145c16d940?s=96&#038;r=g\" alt=\"Natalia G\u00f3mez\"><\/a><div class=\"authorBox__name\"><span>por\n\t\t\t<a href=\"https:\/\/www.suno.com.br\/noticias\/author\/natalia-gomez\/\"><span itemprop=\"author\">Natalia G\u00f3mez<\/span><\/a><\/span><time datetime=\"2022-01-04T15:24:01-03:00\" itemprop=\"datePublished\">04\/01\/2022 15:24<\/time><\/div><\/div><\/div><\/div><\/div>","single_layout":"posts","amp_enabled":true,"_links":{"self":[{"href":"https:\/\/www.suno.com.br\/noticias\/wp-json\/wp\/v2\/posts\/218717"}],"collection":[{"href":"https:\/\/www.suno.com.br\/noticias\/wp-json\/wp\/v2\/posts"}],"about":[{"href":"https:\/\/www.suno.com.br\/noticias\/wp-json\/wp\/v2\/types\/post"}],"author":[{"embeddable":true,"href":"https:\/\/www.suno.com.br\/noticias\/wp-json\/wp\/v2\/users\/60"}],"replies":[{"embeddable":true,"href":"https:\/\/www.suno.com.br\/noticias\/wp-json\/wp\/v2\/comments?post=218717"}],"version-history":[{"count":3,"href":"https:\/\/www.suno.com.br\/noticias\/wp-json\/wp\/v2\/posts\/218717\/revisions"}],"predecessor-version":[{"id":218722,"href":"https:\/\/www.suno.com.br\/noticias\/wp-json\/wp\/v2\/posts\/218717\/revisions\/218722"}],"wp:featuredmedia":[{"embeddable":true,"href":"https:\/\/www.suno.com.br\/noticias\/wp-json\/wp\/v2\/media\/138035"}],"wp:attachment":[{"href":"https:\/\/www.suno.com.br\/noticias\/wp-json\/wp\/v2\/media?parent=218717"}],"wp:term":[{"taxonomy":"category","embeddable":true,"href":"https:\/\/www.suno.com.br\/noticias\/wp-json\/wp\/v2\/categories?post=218717"},{"taxonomy":"post_tag","embeddable":true,"href":"https:\/\/www.suno.com.br\/noticias\/wp-json\/wp\/v2\/tags?post=218717"},{"taxonomy":"suno_strategy","embeddable":true,"href":"https:\/\/www.suno.com.br\/noticias\/wp-json\/wp\/v2\/suno_strategy?post=218717"}],"curies":[{"name":"wp","href":"https:\/\/api.w.org\/{rel}","templated":true}]}}