{"id":218234,"date":"2021-12-30T22:23:35","date_gmt":"2021-12-31T01:23:35","guid":{"rendered":"https:\/\/www.suno.com.br\/noticias\/?p=218234"},"modified":"2021-12-30T22:24:37","modified_gmt":"2021-12-31T01:24:37","slug":"aneel-bandeira-verde-e-mantida-para-consumidores-do-tarifa-social-em-janeiro","status":"publish","type":"post","link":"https:\/\/www.suno.com.br\/noticias\/aneel-bandeira-verde-e-mantida-para-consumidores-do-tarifa-social-em-janeiro\/","title":{"rendered":"Aneel: bandeira verde \u00e9 mantida para consumidores do Tarifa Social em janeiro"},"content":{"rendered":"<p>A Ag\u00eancia Nacional de Energia El\u00e9trica (<strong>Aneel<\/strong>) informou nesta quinta-feira, 30, que as fam\u00edlias de baixa renda inscritas no programa Tarifa Social n\u00e3o v\u00e3o pagar taxas adicionais nas contas de luz em janeiro. A bandeira verde, acionada para dezembro, foi mantida para esses consumidores. &#8220;Com essa bandeira, que indica condi\u00e7\u00f5es favor\u00e1veis de gera\u00e7\u00e3o de energia, n\u00e3o h\u00e1 acr\u00e9scimos na tarifa&#8221;, afirmou \u00e0 ag\u00eancia reguladora em nota.<\/p>\t<div class=\"wrapper-featured-image\">\n\t\t<figure class=\"spotlightImg\">\n\n\t\t\t<picture>\n\t\t\t\t<source media=\"(max-width: 768px)\" srcset=\"https:\/\/files.sunoresearch.com.br\/n\/uploads\/2018\/11\/154e2f68-aneel-400x200.webp\">\n\t\t\t\t<img loading=\"lazy\" decoding=\"async\" class=\"newsContent__article__imgCapa lazyloadDisabled \" src=\"https:\/\/files.sunoresearch.com.br\/n\/uploads\/2018\/11\/154e2f68-aneel-800x450.webp\" width=\"800\" height=\"450\" alt=\"Aneel: bandeira verde \u00e9 mantida para consumidores do Tarifa Social em janeiro\" fetchpriority=high \/>\n\t\t\t<\/picture>\n\n\t\t\t<figcaption class=\"wp-caption-text wp-caption-text--show\">Aneel<\/figcaption>\n\t\t<\/figure>\n\t<\/div>\n\n\n\t<p>\n\t\t<a href=\"https:\/\/lp.suno.com.br\/planilha-controle-gastos\/\" target=\"_blank\" data-element=\"shortcode-suno-banner\" title=\"Banner SUNO, clique e saiba mais\">\n\t\t\t<picture>\n\t\t\t\t<source media=\"(max-width: 500px)\" srcset=\"https:\/\/files.sunoresearch.com.br\/n\/uploads\/2023\/03\/400x300-Planilha-controle-de-gastos.png\">\n\t\t\t\t<img class=\"newsContent__article__imgCapa newsContent__article__imgCapa--banner\"\n\t\t\t\t\tsrc=\"https:\/\/files.sunoresearch.com.br\/n\/uploads\/2023\/03\/1420x240-Planilha-controle-de-gastos.png\"\n\t\t\t\t\tdata-promo-id=\"101751\"\t\t\t\t\t\t\t\t\t\twidth='1420' height='240'\t\t\t\t\talt=\"https:\/\/files.sunoresearch.com.br\/n\/uploads\/2023\/03\/1420x240-Planilha-controle-de-gastos.png\"\n\t\t\t\t>\n\t\t\t<\/picture>\n\t\t<\/a>\n\t<\/p>\n\n\n<p>Para os demais consumidores do Sistema Integrado Nacional (SIN) segue em vigor a <strong>bandeira de escassez h\u00eddric<\/strong>a, com cobran\u00e7a de R$ 14,20 a cada 100 quilowatts-hora (kWh) consumidos. Como mostrou o <b>Broadcast<\/b>, o governo deve manter o cronograma inicial e manter a cobran\u00e7a mais alta mesmo com o in\u00edcio das chuvas e as perspectivas de melhores condi\u00e7\u00f5es dos reservat\u00f3rios. &#8220;A bandeira Escassez H\u00eddrica seguir\u00e1 em vigor at\u00e9 abril de 2022&#8221;, afirmou a Aneel.<\/p>\n<p>O novo patamar da bandeira tarif\u00e1ria foi criado pelo governo por conta da grave escassez nos principais reservat\u00f3rios do Pa\u00eds. O objetivo da faixa \u00e9 bancar o acionamento de usinas t\u00e9rmicas, que geram uma energia muito mais cara, e as demais medidas adotadas para garantir o fornecimento de energia. Os recursos, no entanto, n\u00e3o ser\u00e3o suficientes.<\/p>\n\t<p>\n\t\t<a href=\"https:\/\/lp.suno.com.br\/planilha-da-vida-financeira\/\" target=\"_blank\" data-element=\"shortcode-suno-banner\" title=\"Banner SUNO, clique e saiba mais\">\n\t\t\t<picture>\n\t\t\t\t<source media=\"(max-width: 500px)\" srcset=\"https:\/\/files.sunoresearch.com.br\/n\/uploads\/2023\/04\/400x300-Planilha-vida-financeira-true.png\">\n\t\t\t\t<img class=\"newsContent__article__imgCapa newsContent__article__imgCapa--banner\"\n\t\t\t\t\tsrc=\"https:\/\/files.sunoresearch.com.br\/n\/uploads\/2023\/04\/1420x240-Planilha-vida-financeira-true.png\"\n\t\t\t\t\tdata-promo-id=\"106682\"\t\t\t\t\t\t\t\t\t\twidth='1420' height='240'\t\t\t\t\talt=\"https:\/\/files.sunoresearch.com.br\/n\/uploads\/2023\/04\/1420x240-Planilha-vida-financeira-true.png\"\n\t\t\t\t>\n\t\t\t<\/picture>\n\t\t<\/a>\n\t<\/p>\n\n\n<p>As fam\u00edlias atendidas pelo Tarifa Social s\u00e3o isentas de pagar a bandeira de escassez h\u00eddrica. Esses consumidores seguem com descontos previstos pelo programa. Os porcentuais s\u00e3o estabelecidos por faixas de consumo.<\/p>\n<p>&#8220;Os adicionais de bandeiras tarif\u00e1rias na<strong> conta de luz<\/strong> dos consumidores que possuem direito \u00e0 Tarifa Social de Energia El\u00e9trica seguem os mesmos percentuais de descontos que s\u00e3o estabelecidos por faixa de consumo. Isso significa que as fam\u00edlias de baixa renda, inscritas no programa de Tarifa Social, pagam as bandeiras com os mesmos descontos que j\u00e1 possuem nas tarifas, de 10% a 65%, dependendo da faixa de consumo&#8221;, informou a Aneel.<\/p>\n\t<p>\n\t\t<a href=\"https:\/\/lp.suno.com.br\/planilha-de-controle-de-investimentos\/\" target=\"_blank\" data-element=\"shortcode-suno-banner\" title=\"Banner SUNO, clique e saiba mais\">\n\t\t\t<picture>\n\t\t\t\t<source media=\"(max-width: 500px)\" srcset=\"https:\/\/files.sunoresearch.com.br\/n\/uploads\/2023\/03\/400x300-Controle-de-Investimentos.png\">\n\t\t\t\t<img class=\"newsContent__article__imgCapa newsContent__article__imgCapa--banner\"\n\t\t\t\t\tsrc=\"https:\/\/files.sunoresearch.com.br\/n\/uploads\/2023\/03\/1420x240-Controle-de-Investimentos.png\"\n\t\t\t\t\tdata-promo-id=\"75934\"\t\t\t\t\t\t\t\t\t\twidth='1420' height='240'\t\t\t\t\talt=\"https:\/\/files.sunoresearch.com.br\/n\/uploads\/2023\/03\/1420x240-Controle-de-Investimentos.png\"\n\t\t\t\t>\n\t\t\t<\/picture>\n\t\t<\/a>\n\t<\/p>\n\n\n<p>Segundo a ag\u00eancia, estimativas apontam que mais 11,5 milh\u00f5es no Pa\u00eds podem vir a usufruir dos descontos, al\u00e9m das 12,3 milh\u00f5es j\u00e1 atendidas. Isso porque, em novembro, a Aneel regulamentou a aplica\u00e7\u00e3o da Lei n\u00ba 14.203\/2021, que determina a inclus\u00e3o autom\u00e1tica na <strong>Tarifa Social de Energia El\u00e9trica<\/strong> de fam\u00edlias atendidas pelos programas sociais do governo.<\/p>\n\t<p>\n\t\t<a href=\"https:\/\/lp.suno.com.br\/ebook-como-analisar-uma-acao\/\" target=\"_blank\" data-element=\"shortcode-suno-banner\" title=\"Banner SUNO, clique e saiba mais\">\n\t\t\t<picture>\n\t\t\t\t<source media=\"(max-width: 500px)\" srcset=\"https:\/\/files.sunoresearch.com.br\/n\/uploads\/2023\/03\/Ebook-Acoes-Mobile-1.jpg\">\n\t\t\t\t<img class=\"newsContent__article__imgCapa newsContent__article__imgCapa--banner\"\n\t\t\t\t\tsrc=\"https:\/\/files.sunoresearch.com.br\/n\/uploads\/2023\/03\/Ebook-Acoes-Desktop-1.jpg\"\n\t\t\t\t\tdata-promo-id=\"171998\"\t\t\t\t\t\t\t\t\t\twidth='1420' height='286'\t\t\t\t\talt=\"https:\/\/files.sunoresearch.com.br\/n\/uploads\/2023\/03\/Ebook-Acoes-Desktop-1.jpg\"\n\t\t\t\t>\n\t\t\t<\/picture>\n\t\t<\/a>\n\t<\/p>\n\n\n<h2><b>Sistema de bandeiras<\/b><\/h2>\n<p>O sistema de bandeiras foi criado em 2015 pela<strong> ag\u00eancia reguladora<\/strong>. Al\u00e9m de possibilitar ao consumidor saber o custo real da gera\u00e7\u00e3o de energia, e adaptar o consumo, o sistema atenua os efeitos no or\u00e7amento das distribuidoras. Anteriormente, o custo da energia era repassado \u00e0s tarifas uma vez por ano, no reajuste anual de cada empresa, com incid\u00eancia de juros. Agora, os recursos s\u00e3o cobrados e repassados \u00e0s distribuidoras mensalmente.<\/p>\n<p>Segundo a <strong>Aneel<\/strong>, na pr\u00e1tica, as cores e modalidades &#8211; verde, amarela ou vermelha &#8211; indicam se haver\u00e1 ou n\u00e3o cobran\u00e7a extra nas contas de luz. A bandeira verde, quando n\u00e3o h\u00e1 cobran\u00e7a adicional, indica condi\u00e7\u00f5es mais favor\u00e1veis para gera\u00e7\u00e3o de energia. O acionamento das bandeiras amarela e vermelha representa um aumento no custo da produ\u00e7\u00e3o e a necessidade de acionamento de t\u00e9rmicas, o que est\u00e1 ligado principalmente ao volume dos reservat\u00f3rios e das chuvas.<\/p>\n\t<p>\n\t\t<a href=\"\" target=\"_blank\" data-element=\"shortcode-suno-banner\" title=\"Banner SUNO, clique e saiba mais\">\n\t\t\t<picture>\n\t\t\t\t<source media=\"(max-width: 500px)\" srcset=\"\">\n\t\t\t\t<img class=\"newsContent__article__imgCapa newsContent__article__imgCapa--banner\"\n\t\t\t\t\tsrc=\"\"\n\t\t\t\t\tdata-promo-id=\"184190\"\t\t\t\t\t\t\t\t\t\t\t\t\t\t\talt=\"\"\n\t\t\t\t>\n\t\t\t<\/picture>\n\t\t<\/a>\n\t<\/p>\n\n\n<p><em>Com informa\u00e7\u00f5es do Estad\u00e3o Conte\u00fado<\/em><\/p>\n","protected":false},"excerpt":{"rendered":"<p>A Ag\u00eancia Nacional de Energia El\u00e9trica (Aneel) informou nesta quinta-feira, 30, que as fam\u00edlias de baixa renda inscritas no programa Tarifa Social n\u00e3o v\u00e3o pagar taxas adicionais nas contas de luz em janeiro. A bandeira verde, acionada para dezembro, foi mantida para esses consumidores. &#8220;Com essa bandeira, que indica condi\u00e7\u00f5es favor\u00e1veis de gera\u00e7\u00e3o de energia, [&hellip;]<\/p>\n","protected":false},"author":43,"featured_media":6297,"comment_status":"closed","ping_status":"closed","sticky":false,"template":"","format":"standard","meta":[],"categories":[62],"tags":[896],"suno_strategy":[],"class_list":["post-218234","post","type-post","status-publish","format-standard","has-post-thumbnail","hentry","category-economia","tag-aneel"],"yoast_head":"<!-- This site is optimized with the Yoast SEO plugin v24.4 - https:\/\/yoast.com\/wordpress\/plugins\/seo\/ -->\n<title>Aneel: bandeira verde \u00e9 mantida para consumidores do Tarifa Social<\/title>\n<meta name=\"description\" content=\"Aneel: para os demais consumidores segue em vigor a bandeira de escassez h\u00eddrica, com cobran\u00e7a de R$ 14,20 a cada 100 (kWh) consumidos.\" \/>\n<meta name=\"robots\" content=\"index, follow, max-snippet:-1, max-image-preview:large, max-video-preview:-1\" \/>\n<link rel=\"canonical\" href=\"https:\/\/www.suno.com.br\/noticias\/aneel-bandeira-verde-e-mantida-para-consumidores-do-tarifa-social-em-janeiro\/\" \/>\n<meta property=\"og:locale\" content=\"pt_BR\" \/>\n<meta property=\"og:type\" content=\"article\" \/>\n<meta property=\"og:title\" content=\"Aneel: bandeira verde \u00e9 mantida para consumidores do Tarifa Social\" \/>\n<meta property=\"og:description\" content=\"Aneel: para os demais consumidores segue em vigor a bandeira de escassez h\u00eddrica, com cobran\u00e7a de R$ 14,20 a cada 100 (kWh) consumidos.\" \/>\n<meta property=\"og:url\" content=\"https:\/\/www.suno.com.br\/noticias\/aneel-bandeira-verde-e-mantida-para-consumidores-do-tarifa-social-em-janeiro\/\" \/>\n<meta property=\"og:site_name\" content=\"Suno Not\u00edcias\" \/>\n<meta property=\"article:publisher\" content=\"https:\/\/facebook.com\/sunoresearch\" \/>\n<meta property=\"article:author\" content=\"https:\/\/www.facebook.com\/sunonoticias\/\" \/>\n<meta property=\"og:image\" content=\"https:\/\/files.sunoresearch.com.br\/n\/uploads\/2018\/11\/154e2f68-aneel.jpg\" \/>\n\t<meta property=\"og:image:width\" content=\"1920\" \/>\n\t<meta property=\"og:image:height\" content=\"1077\" \/>\n\t<meta property=\"og:image:type\" content=\"image\/jpeg\" \/>\n<meta name=\"author\" content=\"Reda\u00e7\u00e3o Suno Not\u00edcias\" \/>\n<meta name=\"twitter:card\" content=\"summary_large_image\" \/>\n<meta name=\"twitter:creator\" content=\"@https:\/\/twitter.com\/sunoresearch\" \/>\n<meta name=\"twitter:site\" content=\"@sunoresearch\" \/>\n<meta name=\"twitter:label1\" content=\"Escrito por\" \/>\n\t<meta name=\"twitter:data1\" content=\"Reda\u00e7\u00e3o Suno Not\u00edcias\" \/>\n\t<meta name=\"twitter:label2\" content=\"Est. tempo de leitura\" \/>\n\t<meta name=\"twitter:data2\" content=\"3 minutos\" \/>\n<script type=\"application\/ld+json\" class=\"yoast-schema-graph\">{\"@context\":\"https:\/\/schema.org\",\"@graph\":[{\"@type\":\"NewsArticle\",\"@id\":\"https:\/\/www.suno.com.br\/noticias\/aneel-bandeira-verde-e-mantida-para-consumidores-do-tarifa-social-em-janeiro\/#article\",\"isPartOf\":{\"@id\":\"https:\/\/www.suno.com.br\/noticias\/aneel-bandeira-verde-e-mantida-para-consumidores-do-tarifa-social-em-janeiro\/\"},\"author\":{\"name\":\"Reda\u00e7\u00e3o Suno Not\u00edcias\",\"@id\":\"https:\/\/www.suno.com.br\/noticias\/#\/schema\/person\/c1b1bd3727fa852bd045e9dbff3673ea\"},\"headline\":\"Aneel: bandeira verde \u00e9 mantida para consumidores do Tarifa Social em janeiro\",\"datePublished\":\"2021-12-31T01:23:35+00:00\",\"dateModified\":\"2021-12-31T01:24:37+00:00\",\"mainEntityOfPage\":{\"@id\":\"https:\/\/www.suno.com.br\/noticias\/aneel-bandeira-verde-e-mantida-para-consumidores-do-tarifa-social-em-janeiro\/\"},\"wordCount\":580,\"publisher\":{\"@id\":\"https:\/\/www.suno.com.br\/noticias\/#organization\"},\"image\":{\"@id\":\"https:\/\/www.suno.com.br\/noticias\/aneel-bandeira-verde-e-mantida-para-consumidores-do-tarifa-social-em-janeiro\/#primaryimage\"},\"thumbnailUrl\":\"https:\/\/files.sunoresearch.com.br\/n\/uploads\/2018\/11\/154e2f68-aneel-jpg.webp\",\"keywords\":[\"Aneel\"],\"articleSection\":[\"Economia\"],\"inLanguage\":\"pt-BR\"},{\"@type\":\"WebPage\",\"@id\":\"https:\/\/www.suno.com.br\/noticias\/aneel-bandeira-verde-e-mantida-para-consumidores-do-tarifa-social-em-janeiro\/\",\"url\":\"https:\/\/www.suno.com.br\/noticias\/aneel-bandeira-verde-e-mantida-para-consumidores-do-tarifa-social-em-janeiro\/\",\"name\":\"Aneel: bandeira verde \u00e9 mantida para consumidores do Tarifa Social\",\"isPartOf\":{\"@id\":\"https:\/\/www.suno.com.br\/noticias\/#website\"},\"primaryImageOfPage\":{\"@id\":\"https:\/\/www.suno.com.br\/noticias\/aneel-bandeira-verde-e-mantida-para-consumidores-do-tarifa-social-em-janeiro\/#primaryimage\"},\"image\":{\"@id\":\"https:\/\/www.suno.com.br\/noticias\/aneel-bandeira-verde-e-mantida-para-consumidores-do-tarifa-social-em-janeiro\/#primaryimage\"},\"thumbnailUrl\":\"https:\/\/files.sunoresearch.com.br\/n\/uploads\/2018\/11\/154e2f68-aneel-jpg.webp\",\"datePublished\":\"2021-12-31T01:23:35+00:00\",\"dateModified\":\"2021-12-31T01:24:37+00:00\",\"description\":\"Aneel: para os demais consumidores segue em vigor a bandeira de escassez h\u00eddrica, com cobran\u00e7a de R$ 14,20 a cada 100 (kWh) consumidos.\",\"breadcrumb\":{\"@id\":\"https:\/\/www.suno.com.br\/noticias\/aneel-bandeira-verde-e-mantida-para-consumidores-do-tarifa-social-em-janeiro\/#breadcrumb\"},\"inLanguage\":\"pt-BR\",\"potentialAction\":[{\"@type\":\"ReadAction\",\"target\":[\"https:\/\/www.suno.com.br\/noticias\/aneel-bandeira-verde-e-mantida-para-consumidores-do-tarifa-social-em-janeiro\/\"]}]},{\"@type\":\"ImageObject\",\"inLanguage\":\"pt-BR\",\"@id\":\"https:\/\/www.suno.com.br\/noticias\/aneel-bandeira-verde-e-mantida-para-consumidores-do-tarifa-social-em-janeiro\/#primaryimage\",\"url\":\"https:\/\/files.sunoresearch.com.br\/n\/uploads\/2018\/11\/154e2f68-aneel-jpg.webp\",\"contentUrl\":\"https:\/\/files.sunoresearch.com.br\/n\/uploads\/2018\/11\/154e2f68-aneel-jpg.webp\",\"width\":1920,\"height\":1077,\"caption\":\"Aneel\"},{\"@type\":\"BreadcrumbList\",\"@id\":\"https:\/\/www.suno.com.br\/noticias\/aneel-bandeira-verde-e-mantida-para-consumidores-do-tarifa-social-em-janeiro\/#breadcrumb\",\"itemListElement\":[{\"@type\":\"ListItem\",\"position\":1,\"name\":\"Not\u00edcias\",\"item\":\"https:\/\/www.suno.com.br\/noticias\/\"},{\"@type\":\"ListItem\",\"position\":2,\"name\":\"Economia\",\"item\":\"https:\/\/www.suno.com.br\/noticias\/economia\/\"},{\"@type\":\"ListItem\",\"position\":3,\"name\":\"Aneel: bandeira verde \u00e9 mantida para consumidores do Tarifa Social em janeiro\"}]},{\"@type\":\"WebSite\",\"@id\":\"https:\/\/www.suno.com.br\/noticias\/#website\",\"url\":\"https:\/\/www.suno.com.br\/noticias\/\",\"name\":\"Suno Not\u00edcias\",\"description\":\"Seu portal de informa\u00e7\u00e3o sobre o mundo dos investimentos\",\"publisher\":{\"@id\":\"https:\/\/www.suno.com.br\/noticias\/#organization\"},\"potentialAction\":[{\"@type\":\"SearchAction\",\"target\":{\"@type\":\"EntryPoint\",\"urlTemplate\":\"https:\/\/www.suno.com.br\/noticias\/?s={search_term_string}\"},\"query-input\":{\"@type\":\"PropertyValueSpecification\",\"valueRequired\":true,\"valueName\":\"search_term_string\"}}],\"inLanguage\":\"pt-BR\"},{\"@type\":\"Organization\",\"@id\":\"https:\/\/www.suno.com.br\/noticias\/#organization\",\"name\":\"Suno Not\u00edcias\",\"url\":\"https:\/\/www.suno.com.br\/noticias\/\",\"logo\":{\"@type\":\"ImageObject\",\"inLanguage\":\"pt-BR\",\"@id\":\"https:\/\/www.suno.com.br\/noticias\/#\/schema\/logo\/image\/\",\"url\":\"https:\/\/files.sunoresearch.com.br\/n\/uploads\/2021\/09\/suno-logo.png\",\"contentUrl\":\"https:\/\/files.sunoresearch.com.br\/n\/uploads\/2021\/09\/suno-logo.png\",\"width\":180,\"height\":180,\"caption\":\"Suno Not\u00edcias\"},\"image\":{\"@id\":\"https:\/\/www.suno.com.br\/noticias\/#\/schema\/logo\/image\/\"},\"sameAs\":[\"https:\/\/facebook.com\/sunoresearch\",\"https:\/\/x.com\/sunoresearch\",\"https:\/\/www.instagram.com\/suno\",\"https:\/\/www.linkedin.com\/company\/suno-research\/\",\"https:\/\/www.youtube.com\/c\/sunoresearch\"]},{\"@type\":\"Person\",\"@id\":\"https:\/\/www.suno.com.br\/noticias\/#\/schema\/person\/c1b1bd3727fa852bd045e9dbff3673ea\",\"name\":\"Reda\u00e7\u00e3o Suno Not\u00edcias\",\"image\":{\"@type\":\"ImageObject\",\"inLanguage\":\"pt-BR\",\"@id\":\"https:\/\/www.suno.com.br\/noticias\/#\/schema\/person\/image\/\",\"url\":\"https:\/\/secure.gravatar.com\/avatar\/b8104b9b5a71985d5238ee59fbe418af?s=96&r=g\",\"contentUrl\":\"https:\/\/secure.gravatar.com\/avatar\/b8104b9b5a71985d5238ee59fbe418af?s=96&r=g\",\"caption\":\"Reda\u00e7\u00e3o Suno Not\u00edcias\"},\"description\":\"O Suno Not\u00edcias \u00e9 um portal de informa\u00e7\u00f5es sobre Mercado Financeiro, Pol\u00edtica, Neg\u00f3cios, Economia e Finan\u00e7as Pessoais.\",\"sameAs\":[\"https:\/\/www.suno.com.br\/noticias\",\"https:\/\/www.facebook.com\/sunonoticias\/\",\"https:\/\/www.instagram.com\/sunonoticias\/\",\"https:\/\/x.com\/https:\/\/twitter.com\/sunoresearch\",\"https:\/\/www.youtube.com\/sunonoticias\"],\"url\":\"https:\/\/www.suno.com.br\/noticias\/author\/redacao-suno\/\"}]}<\/script>\n<!-- \/ Yoast SEO plugin. -->","yoast_head_json":{"title":"Aneel: bandeira verde \u00e9 mantida para consumidores do Tarifa Social","description":"Aneel: para os demais consumidores segue em vigor a bandeira de escassez h\u00eddrica, com cobran\u00e7a de R$ 14,20 a cada 100 (kWh) consumidos.","robots":{"index":"index","follow":"follow","max-snippet":"max-snippet:-1","max-image-preview":"max-image-preview:large","max-video-preview":"max-video-preview:-1"},"canonical":"https:\/\/www.suno.com.br\/noticias\/aneel-bandeira-verde-e-mantida-para-consumidores-do-tarifa-social-em-janeiro\/","og_locale":"pt_BR","og_type":"article","og_title":"Aneel: bandeira verde \u00e9 mantida para consumidores do Tarifa Social","og_description":"Aneel: para os demais consumidores segue em vigor a bandeira de escassez h\u00eddrica, com cobran\u00e7a de R$ 14,20 a cada 100 (kWh) consumidos.","og_url":"https:\/\/www.suno.com.br\/noticias\/aneel-bandeira-verde-e-mantida-para-consumidores-do-tarifa-social-em-janeiro\/","og_site_name":"Suno Not\u00edcias","article_publisher":"https:\/\/facebook.com\/sunoresearch","article_author":"https:\/\/www.facebook.com\/sunonoticias\/","og_image":[{"width":1920,"height":1077,"url":"https:\/\/files.sunoresearch.com.br\/n\/uploads\/2018\/11\/154e2f68-aneel.jpg","type":"image\/jpeg"}],"author":"Reda\u00e7\u00e3o Suno Not\u00edcias","twitter_card":"summary_large_image","twitter_creator":"@https:\/\/twitter.com\/sunoresearch","twitter_site":"@sunoresearch","twitter_misc":{"Escrito por":"Reda\u00e7\u00e3o Suno Not\u00edcias","Est. tempo de leitura":"3 minutos"},"schema":{"@context":"https:\/\/schema.org","@graph":[{"@type":"NewsArticle","@id":"https:\/\/www.suno.com.br\/noticias\/aneel-bandeira-verde-e-mantida-para-consumidores-do-tarifa-social-em-janeiro\/#article","isPartOf":{"@id":"https:\/\/www.suno.com.br\/noticias\/aneel-bandeira-verde-e-mantida-para-consumidores-do-tarifa-social-em-janeiro\/"},"author":{"name":"Reda\u00e7\u00e3o Suno Not\u00edcias","@id":"https:\/\/www.suno.com.br\/noticias\/#\/schema\/person\/c1b1bd3727fa852bd045e9dbff3673ea"},"headline":"Aneel: bandeira verde \u00e9 mantida para consumidores do Tarifa Social em janeiro","datePublished":"2021-12-31T01:23:35+00:00","dateModified":"2021-12-31T01:24:37+00:00","mainEntityOfPage":{"@id":"https:\/\/www.suno.com.br\/noticias\/aneel-bandeira-verde-e-mantida-para-consumidores-do-tarifa-social-em-janeiro\/"},"wordCount":580,"publisher":{"@id":"https:\/\/www.suno.com.br\/noticias\/#organization"},"image":{"@id":"https:\/\/www.suno.com.br\/noticias\/aneel-bandeira-verde-e-mantida-para-consumidores-do-tarifa-social-em-janeiro\/#primaryimage"},"thumbnailUrl":"https:\/\/files.sunoresearch.com.br\/n\/uploads\/2018\/11\/154e2f68-aneel-jpg.webp","keywords":["Aneel"],"articleSection":["Economia"],"inLanguage":"pt-BR"},{"@type":"WebPage","@id":"https:\/\/www.suno.com.br\/noticias\/aneel-bandeira-verde-e-mantida-para-consumidores-do-tarifa-social-em-janeiro\/","url":"https:\/\/www.suno.com.br\/noticias\/aneel-bandeira-verde-e-mantida-para-consumidores-do-tarifa-social-em-janeiro\/","name":"Aneel: bandeira verde \u00e9 mantida para consumidores do Tarifa Social","isPartOf":{"@id":"https:\/\/www.suno.com.br\/noticias\/#website"},"primaryImageOfPage":{"@id":"https:\/\/www.suno.com.br\/noticias\/aneel-bandeira-verde-e-mantida-para-consumidores-do-tarifa-social-em-janeiro\/#primaryimage"},"image":{"@id":"https:\/\/www.suno.com.br\/noticias\/aneel-bandeira-verde-e-mantida-para-consumidores-do-tarifa-social-em-janeiro\/#primaryimage"},"thumbnailUrl":"https:\/\/files.sunoresearch.com.br\/n\/uploads\/2018\/11\/154e2f68-aneel-jpg.webp","datePublished":"2021-12-31T01:23:35+00:00","dateModified":"2021-12-31T01:24:37+00:00","description":"Aneel: para os demais consumidores segue em vigor a bandeira de escassez h\u00eddrica, com cobran\u00e7a de R$ 14,20 a cada 100 (kWh) consumidos.","breadcrumb":{"@id":"https:\/\/www.suno.com.br\/noticias\/aneel-bandeira-verde-e-mantida-para-consumidores-do-tarifa-social-em-janeiro\/#breadcrumb"},"inLanguage":"pt-BR","potentialAction":[{"@type":"ReadAction","target":["https:\/\/www.suno.com.br\/noticias\/aneel-bandeira-verde-e-mantida-para-consumidores-do-tarifa-social-em-janeiro\/"]}]},{"@type":"ImageObject","inLanguage":"pt-BR","@id":"https:\/\/www.suno.com.br\/noticias\/aneel-bandeira-verde-e-mantida-para-consumidores-do-tarifa-social-em-janeiro\/#primaryimage","url":"https:\/\/files.sunoresearch.com.br\/n\/uploads\/2018\/11\/154e2f68-aneel-jpg.webp","contentUrl":"https:\/\/files.sunoresearch.com.br\/n\/uploads\/2018\/11\/154e2f68-aneel-jpg.webp","width":1920,"height":1077,"caption":"Aneel"},{"@type":"BreadcrumbList","@id":"https:\/\/www.suno.com.br\/noticias\/aneel-bandeira-verde-e-mantida-para-consumidores-do-tarifa-social-em-janeiro\/#breadcrumb","itemListElement":[{"@type":"ListItem","position":1,"name":"Not\u00edcias","item":"https:\/\/www.suno.com.br\/noticias\/"},{"@type":"ListItem","position":2,"name":"Economia","item":"https:\/\/www.suno.com.br\/noticias\/economia\/"},{"@type":"ListItem","position":3,"name":"Aneel: bandeira verde \u00e9 mantida para consumidores do Tarifa Social em janeiro"}]},{"@type":"WebSite","@id":"https:\/\/www.suno.com.br\/noticias\/#website","url":"https:\/\/www.suno.com.br\/noticias\/","name":"Suno Not\u00edcias","description":"Seu portal de informa\u00e7\u00e3o sobre o mundo dos investimentos","publisher":{"@id":"https:\/\/www.suno.com.br\/noticias\/#organization"},"potentialAction":[{"@type":"SearchAction","target":{"@type":"EntryPoint","urlTemplate":"https:\/\/www.suno.com.br\/noticias\/?s={search_term_string}"},"query-input":{"@type":"PropertyValueSpecification","valueRequired":true,"valueName":"search_term_string"}}],"inLanguage":"pt-BR"},{"@type":"Organization","@id":"https:\/\/www.suno.com.br\/noticias\/#organization","name":"Suno Not\u00edcias","url":"https:\/\/www.suno.com.br\/noticias\/","logo":{"@type":"ImageObject","inLanguage":"pt-BR","@id":"https:\/\/www.suno.com.br\/noticias\/#\/schema\/logo\/image\/","url":"https:\/\/files.sunoresearch.com.br\/n\/uploads\/2021\/09\/suno-logo.png","contentUrl":"https:\/\/files.sunoresearch.com.br\/n\/uploads\/2021\/09\/suno-logo.png","width":180,"height":180,"caption":"Suno Not\u00edcias"},"image":{"@id":"https:\/\/www.suno.com.br\/noticias\/#\/schema\/logo\/image\/"},"sameAs":["https:\/\/facebook.com\/sunoresearch","https:\/\/x.com\/sunoresearch","https:\/\/www.instagram.com\/suno","https:\/\/www.linkedin.com\/company\/suno-research\/","https:\/\/www.youtube.com\/c\/sunoresearch"]},{"@type":"Person","@id":"https:\/\/www.suno.com.br\/noticias\/#\/schema\/person\/c1b1bd3727fa852bd045e9dbff3673ea","name":"Reda\u00e7\u00e3o Suno Not\u00edcias","image":{"@type":"ImageObject","inLanguage":"pt-BR","@id":"https:\/\/www.suno.com.br\/noticias\/#\/schema\/person\/image\/","url":"https:\/\/secure.gravatar.com\/avatar\/b8104b9b5a71985d5238ee59fbe418af?s=96&r=g","contentUrl":"https:\/\/secure.gravatar.com\/avatar\/b8104b9b5a71985d5238ee59fbe418af?s=96&r=g","caption":"Reda\u00e7\u00e3o Suno Not\u00edcias"},"description":"O Suno Not\u00edcias \u00e9 um portal de informa\u00e7\u00f5es sobre Mercado Financeiro, Pol\u00edtica, Neg\u00f3cios, Economia e Finan\u00e7as Pessoais.","sameAs":["https:\/\/www.suno.com.br\/noticias","https:\/\/www.facebook.com\/sunonoticias\/","https:\/\/www.instagram.com\/sunonoticias\/","https:\/\/x.com\/https:\/\/twitter.com\/sunoresearch","https:\/\/www.youtube.com\/sunonoticias"],"url":"https:\/\/www.suno.com.br\/noticias\/author\/redacao-suno\/"}]}},"default_loop_html":"<div class=\"cardsPage__listCard__boxs\"><div class=\"cardsPage__listCard__boxs__img\"><a href=\"https:\/\/www.suno.com.br\/noticias\/aneel-bandeira-verde-e-mantida-para-consumidores-do-tarifa-social-em-janeiro\/\"><img class=\"mask\" src=\"https:\/\/www.suno.com.br\/noticias\/wp-content\/themes\/suno\/resources\/images\/spotlight\/spotlight1img\/bg-mask.png\" alt=\"Image Mask\"\/><img src=\"https:\/\/files.sunoresearch.com.br\/n\/uploads\/2018\/11\/154e2f68-aneel-400x200.webp\" alt=\"Aneel: bandeira verde \u00e9 mantida para consumidores do Tarifa Social em janeiro\"\/><\/a><span class=\"spotlightCategory\"><a href=\"https:\/\/www.suno.com.br\/noticias\/economia\/\">Economia<\/a><\/span><\/div><div class=\"cardsPage__listCard__boxs__content\"><a href=\"https:\/\/www.suno.com.br\/noticias\/aneel-bandeira-verde-e-mantida-para-consumidores-do-tarifa-social-em-janeiro\/\"><h2 class=\"content__title\">Aneel: bandeira verde \u00e9 mantida para consumidores do Tarifa Social em janeiro<\/h2><\/a><div class=\"newsContent__article__meta\"><div class=\"newsContent__article__meta__authorBox\"><a href=\"https:\/\/www.suno.com.br\/noticias\/author\/redacao-suno\/\" class=\"authorBox__avatar noMobi\"><img src=\"https:\/\/files.sunoresearch.com.br\/n\/uploads\/2020\/08\/0ace682d-redacao-1-150x150.webp\" alt=\"Reda\u00e7\u00e3o Suno Not\u00edcias\"><\/a><div class=\"authorBox__name\"><span>por\n\t\t\t<a href=\"https:\/\/www.suno.com.br\/noticias\/author\/redacao-suno\/\"><span itemprop=\"author\">Reda\u00e7\u00e3o Suno Not\u00edcias<\/span><\/a><\/span><time datetime=\"2021-12-30T22:23:35-03:00\" itemprop=\"datePublished\">30\/12\/2021 22:23<\/time><\/div><\/div><\/div><\/div><\/div>","single_layout":"posts","amp_enabled":true,"_links":{"self":[{"href":"https:\/\/www.suno.com.br\/noticias\/wp-json\/wp\/v2\/posts\/218234"}],"collection":[{"href":"https:\/\/www.suno.com.br\/noticias\/wp-json\/wp\/v2\/posts"}],"about":[{"href":"https:\/\/www.suno.com.br\/noticias\/wp-json\/wp\/v2\/types\/post"}],"author":[{"embeddable":true,"href":"https:\/\/www.suno.com.br\/noticias\/wp-json\/wp\/v2\/users\/43"}],"replies":[{"embeddable":true,"href":"https:\/\/www.suno.com.br\/noticias\/wp-json\/wp\/v2\/comments?post=218234"}],"version-history":[{"count":3,"href":"https:\/\/www.suno.com.br\/noticias\/wp-json\/wp\/v2\/posts\/218234\/revisions"}],"predecessor-version":[{"id":218244,"href":"https:\/\/www.suno.com.br\/noticias\/wp-json\/wp\/v2\/posts\/218234\/revisions\/218244"}],"wp:featuredmedia":[{"embeddable":true,"href":"https:\/\/www.suno.com.br\/noticias\/wp-json\/wp\/v2\/media\/6297"}],"wp:attachment":[{"href":"https:\/\/www.suno.com.br\/noticias\/wp-json\/wp\/v2\/media?parent=218234"}],"wp:term":[{"taxonomy":"category","embeddable":true,"href":"https:\/\/www.suno.com.br\/noticias\/wp-json\/wp\/v2\/categories?post=218234"},{"taxonomy":"post_tag","embeddable":true,"href":"https:\/\/www.suno.com.br\/noticias\/wp-json\/wp\/v2\/tags?post=218234"},{"taxonomy":"suno_strategy","embeddable":true,"href":"https:\/\/www.suno.com.br\/noticias\/wp-json\/wp\/v2\/suno_strategy?post=218234"}],"curies":[{"name":"wp","href":"https:\/\/api.w.org\/{rel}","templated":true}]}}