{"id":21787,"date":"2019-04-22T09:25:07","date_gmt":"2019-04-22T12:25:07","guid":{"rendered":"https:\/\/www.suno.com.br\/noticias\/?p=21787"},"modified":"2019-04-22T09:26:58","modified_gmt":"2019-04-22T12:26:58","slug":"dolar-previdencia-greve-caminhoneiros","status":"publish","type":"post","link":"https:\/\/www.suno.com.br\/noticias\/dolar-previdencia-greve-caminhoneiros\/","title":{"rendered":"D\u00f3lar em queda com expectativa por vota\u00e7\u00e3o da reforma da Previd\u00eancia"},"content":{"rendered":"<p>Nesta segunda-feira (22) o d\u00f3lar recua\u00a0com a retomada da tramita\u00e7\u00e3o da reforma da <strong>Previd\u00eancia.<\/strong><\/p>\t<div class=\"wrapper-featured-image\">\n\t\t<figure class=\"spotlightImg\">\n\n\t\t\t<picture>\n\t\t\t\t<source media=\"(max-width: 768px)\" srcset=\"https:\/\/files.sunoresearch.com.br\/n\/uploads\/2019\/04\/74ae7d56-d\u00f3lar-400x200.webp\">\n\t\t\t\t<img loading=\"lazy\" decoding=\"async\" class=\"newsContent__article__imgCapa lazyloadDisabled newsContent__article__imgCapa--noCaption\" src=\"https:\/\/files.sunoresearch.com.br\/n\/uploads\/2019\/04\/74ae7d56-d\u00f3lar-800x450.webp\" width=\"800\" height=\"450\" alt=\"D\u00f3lar em queda com expectativa por vota\u00e7\u00e3o da reforma da Previd\u00eancia\" fetchpriority=high \/>\n\t\t\t<\/picture>\n\n\t\t\t<figcaption class=\"wp-caption-text wp-caption-text--hide\">Na \u00faltima sess\u00e3o, ter\u00e7a-feira (1), o d\u00f3lar encerrou o primeiro dia do m\u00eas de setembro com queda de 1,75%, negociado a R$ 5,3845.<\/figcaption>\n\t\t<\/figure>\n\t<\/div>\n\n\n<p>Por volta das 9h10, o <a href=\"https:\/\/www.suno.com.br\/artigos\/investir-em-dolar\/\">d\u00f3lar<\/a>\u00a0registrava uma queda de 0,071 % sendo negociada a RS 3,925\u00a0 na venda. O mercado est\u00e1 de olho na retomada da <strong>Comiss\u00e3o de Constitui\u00e7\u00e3o e Justi\u00e7a <\/strong>(CCJ) que acontecer\u00e1 na pr\u00f3xima ter\u00e7a-feira (23).<\/p>\n<h2>Reforma da Previd\u00eancia<\/h2>\n<p>A vota\u00e7\u00e3o da <strong>Proposta de Emenda \u00e0 Constitui\u00e7\u00e3o<\/strong> (<strong>PEC<\/strong>) da reforma da <strong>Previd\u00eancia<\/strong> na <strong>CCJ<\/strong> da <strong>C\u00e2mara dos deputados<\/strong> ficou para a pr\u00f3xima ter\u00e7a-feira. De acordo com o presidente da comiss\u00e3o, <strong>Felipe Francischini<\/strong>, a vota\u00e7\u00e3o foi adiada por falta de acordo.<\/p>\n<p><a href=\"https:\/\/www.suno.com.br\/noticias\/reforma-previdencia-parecer-alterado\/\">Saiba Mais: Reforma da Previd\u00eancia: parecer poder\u00e1 ter quatro pontos alterados<\/a><\/p>\n<p>A previs\u00e3o era de que \u00e0 admissibilidade do texto sobre a reforma da <strong>Previd\u00eancia<\/strong> fosse votada na \u00faltima quarta-feira (17). Entretanto, Franchischini disse que os l\u00edderes de partidos pediram altera\u00e7\u00f5es da decis\u00e3o do relator, o <strong>deputado Marcelo de Freitas<\/strong>.<\/p>\n\n<h2>Greve dos Caminhoneiros<\/h2>\n<p>A <strong>Confedera\u00e7\u00e3o Nacional dos Transportadores Aut\u00f4nomo<\/strong>s (CNTA), tem uma audi\u00eancia marcada para esta segunda-feira com o ministro da <strong>Infraestrutura<\/strong>, <strong>Tarc\u00edsio Gomes de Freitas<\/strong>. De acordo com as lideran\u00e7as de grupos de caminhoneiros, a perman\u00eancia do reajuste no pre\u00e7o do <strong>diesel<\/strong> pode desencadear uma <strong>nova greve<\/strong>.<\/p>\n<p>A alta do combust\u00edvel, feito pela <strong>Petrobras<\/strong>, elevou ainda mais a tens\u00e3o. \u00c9 previsto uma nova greve na pr\u00f3xima segunda-feira dia 29 deste m\u00eas. As lideran\u00e7as protestam que a <strong>Lei do Piso M\u00ednimo do Frete<\/strong> seja cumprida ou que o <strong>diesel<\/strong> seja reduzido.<\/p>\n<p><a href=\"https:\/\/www.suno.com.br\/noticias\/nova-greve-caminhoneiros-29-abril\/\">Saiba Mais: Nova greve dos caminhoneiros deve ocorrer no dia 29 de abril<\/a><\/p>\n<p>O l\u00edder do <strong>Comando Nacional do Transporte<\/strong> (<strong>CNT<\/strong>), <strong>Ivan Schmidt<\/strong>, acredita ser cedo para uma paralisa\u00e7\u00e3o. Al\u00e9m disso, a <strong>Associa\u00e7\u00e3o Brasileira dos Caminhoneiros<\/strong> (<strong>Abcam<\/strong>) diz n\u00e3o ser poss\u00edvel afirmar que a categoria esteja se organizando para uma <strong>nova greve<\/strong>.<\/p>\n<h2>No Exterior<\/h2>\n<p>A segunda maior economia mundial, a <strong>China<\/strong>, est\u00e1 procurando equil\u00edbrio entre a expans\u00e3o de seu <strong>PIB<\/strong> e o progresso de reformas e controle de riscos.<\/p>\n<p>No <strong>Estados Unidos<\/strong> a divulga\u00e7\u00e3o do relat\u00f3rio do procurador <strong>Robert Mueller<\/strong> fez com que surgisse uma possibilidade de pedido de <strong>impeachment<\/strong> do presidente<strong> Donald Trump<\/strong>. O documento denunciava as investiga\u00e7\u00f5es em rela\u00e7\u00e3o \u00e0 interfer\u00eancia russa no pleito norte-americano.<\/p>\n<p>Contudo, <strong>Trump<\/strong> reagiu atrav\u00e9s de seu Twitter\u00a0 defendendo sua gest\u00e3o e afirmando que os EUA atingiu o n\u00edvel mais baixo dos pedidos de <strong>auxilio-desemprego<\/strong>.<\/p>\n\t<p>\n\t\t<a href=\"https:\/\/lp.suno.com.br\/planilha-da-vida-financeira\/\" target=\"_blank\" data-element=\"shortcode-suno-banner\" title=\"Banner SUNO, clique e saiba mais\">\n\t\t\t<picture>\n\t\t\t\t<source media=\"(max-width: 500px)\" srcset=\"https:\/\/files.sunoresearch.com.br\/n\/uploads\/2023\/04\/400x300-Planilha-vida-financeira-true.png\">\n\t\t\t\t<img class=\"newsContent__article__imgCapa newsContent__article__imgCapa--banner\"\n\t\t\t\t\tsrc=\"https:\/\/files.sunoresearch.com.br\/n\/uploads\/2023\/04\/1420x240-Planilha-vida-financeira-true.png\"\n\t\t\t\t\tdata-promo-id=\"383123\"\t\t\t\t\t\t\t\t\t\twidth='1420' height='240'\t\t\t\t\talt=\"https:\/\/files.sunoresearch.com.br\/n\/uploads\/2023\/04\/1420x240-Planilha-vida-financeira-true.png\"\n\t\t\t\t>\n\t\t\t<\/picture>\n\t\t<\/a>\n\t<\/p>\n\n\n<h2>\u00daltima Cota\u00e7\u00e3o<\/h2>\n<p>Na \u00faltima sess\u00e3o, quinta-feira (18), o <strong><a href=\"https:\/\/www.suno.com.br\/artigos\/dolar\/\">d\u00f3lar<\/a><\/strong> registrou uma queda de 0,114% sendo negociado a R$ 3,9298.<\/p>\n<p><a href=\"https:\/\/lp.suno.com.br\/ipo-do-uber-noticias\/\">Quer saber mais sobre o IPO do Uber? Baixe aqui o relat\u00f3rio completo GRATUITO<\/a><\/p>\n","protected":false},"excerpt":{"rendered":"<p>Nesta segunda-feira (22) o d\u00f3lar recua\u00a0com a retomada da tramita\u00e7\u00e3o da reforma da Previd\u00eancia. Na \u00faltima sess\u00e3o, ter\u00e7a-feira (1), o d\u00f3lar encerrou o primeiro dia do m\u00eas de setembro com queda de 1,75%, negociado a R$ 5,3845. Por volta das 9h10, o d\u00f3lar\u00a0registrava uma queda de 0,071 % sendo negociada a RS 3,925\u00a0 na venda. [&hellip;]<\/p>\n","protected":false},"author":15,"featured_media":21796,"comment_status":"closed","ping_status":"closed","sticky":false,"template":"","format":"standard","meta":[],"categories":[60],"tags":[711,326,793,833,940],"suno_strategy":[],"class_list":["post-21787","post","type-post","status-publish","format-standard","has-post-thumbnail","hentry","category-mercado","tag-china","tag-dolar","tag-estados-unidos-eua","tag-greve-dos-caminhoneiros","tag-reforma-da-previdencia"],"yoast_head":"<!-- This site is optimized with the Yoast SEO plugin v24.4 - https:\/\/yoast.com\/wordpress\/plugins\/seo\/ -->\n<title>D\u00f3lar em queda com expectativa por vota\u00e7\u00e3o da reforma da Previd\u00eancia<\/title>\n<meta name=\"description\" content=\"Nesta segunda-feira (22), o d\u00f3lar recua devido a retomada da tramita\u00e7\u00e3o da Previd\u00eancia. Clique aqui e saiba mais\" \/>\n<meta name=\"robots\" content=\"index, follow, max-snippet:-1, max-image-preview:large, max-video-preview:-1\" \/>\n<link rel=\"canonical\" href=\"https:\/\/www.suno.com.br\/noticias\/dolar-previdencia-greve-caminhoneiros\/\" \/>\n<meta property=\"og:locale\" content=\"pt_BR\" \/>\n<meta property=\"og:type\" content=\"article\" \/>\n<meta property=\"og:title\" content=\"D\u00f3lar em queda com expectativa por vota\u00e7\u00e3o da reforma da Previd\u00eancia\" \/>\n<meta property=\"og:description\" content=\"Nesta segunda-feira (22), o d\u00f3lar recua devido a retomada da tramita\u00e7\u00e3o da Previd\u00eancia. Clique aqui e saiba mais\" \/>\n<meta property=\"og:url\" content=\"https:\/\/www.suno.com.br\/noticias\/dolar-previdencia-greve-caminhoneiros\/\" \/>\n<meta property=\"og:site_name\" content=\"Suno Not\u00edcias\" \/>\n<meta property=\"article:publisher\" content=\"https:\/\/facebook.com\/sunoresearch\" \/>\n<meta property=\"og:image\" content=\"https:\/\/files.sunoresearch.com.br\/n\/uploads\/2019\/04\/74ae7d56-d\u00f3lar.jpg\" \/>\n\t<meta property=\"og:image:width\" content=\"3000\" \/>\n\t<meta property=\"og:image:height\" content=\"2000\" \/>\n\t<meta property=\"og:image:type\" content=\"image\/jpeg\" \/>\n<meta name=\"author\" content=\"Poliana Santos\" \/>\n<meta name=\"twitter:card\" content=\"summary_large_image\" \/>\n<meta name=\"twitter:creator\" content=\"@sunoresearch\" \/>\n<meta name=\"twitter:site\" content=\"@sunoresearch\" \/>\n<meta name=\"twitter:label1\" content=\"Escrito por\" \/>\n\t<meta name=\"twitter:data1\" content=\"Poliana Santos\" \/>\n\t<meta name=\"twitter:label2\" content=\"Est. tempo de leitura\" \/>\n\t<meta name=\"twitter:data2\" content=\"2 minutos\" \/>\n<script type=\"application\/ld+json\" class=\"yoast-schema-graph\">{\"@context\":\"https:\/\/schema.org\",\"@graph\":[{\"@type\":\"NewsArticle\",\"@id\":\"https:\/\/www.suno.com.br\/noticias\/dolar-previdencia-greve-caminhoneiros\/#article\",\"isPartOf\":{\"@id\":\"https:\/\/www.suno.com.br\/noticias\/dolar-previdencia-greve-caminhoneiros\/\"},\"author\":{\"name\":\"Poliana Santos\",\"@id\":\"https:\/\/www.suno.com.br\/noticias\/#\/schema\/person\/02ec1f752758247878a2bf4abee1aeda\"},\"headline\":\"D\u00f3lar em queda com expectativa por vota\u00e7\u00e3o da reforma da Previd\u00eancia\",\"datePublished\":\"2019-04-22T12:25:07+00:00\",\"dateModified\":\"2019-04-22T12:26:58+00:00\",\"mainEntityOfPage\":{\"@id\":\"https:\/\/www.suno.com.br\/noticias\/dolar-previdencia-greve-caminhoneiros\/\"},\"wordCount\":474,\"publisher\":{\"@id\":\"https:\/\/www.suno.com.br\/noticias\/#organization\"},\"image\":{\"@id\":\"https:\/\/www.suno.com.br\/noticias\/dolar-previdencia-greve-caminhoneiros\/#primaryimage\"},\"thumbnailUrl\":\"https:\/\/files.sunoresearch.com.br\/n\/uploads\/2019\/04\/74ae7d56-d\u00f3lar-scaled.webp\",\"keywords\":[\"China\",\"d\u00f3lar\",\"Estados Unidos (EUA)\",\"greve dos caminhoneiros\",\"Reforma da Previd\u00eancia\"],\"articleSection\":[\"Mercado\"],\"inLanguage\":\"pt-BR\"},{\"@type\":\"WebPage\",\"@id\":\"https:\/\/www.suno.com.br\/noticias\/dolar-previdencia-greve-caminhoneiros\/\",\"url\":\"https:\/\/www.suno.com.br\/noticias\/dolar-previdencia-greve-caminhoneiros\/\",\"name\":\"D\u00f3lar em queda com expectativa por vota\u00e7\u00e3o da reforma da Previd\u00eancia\",\"isPartOf\":{\"@id\":\"https:\/\/www.suno.com.br\/noticias\/#website\"},\"primaryImageOfPage\":{\"@id\":\"https:\/\/www.suno.com.br\/noticias\/dolar-previdencia-greve-caminhoneiros\/#primaryimage\"},\"image\":{\"@id\":\"https:\/\/www.suno.com.br\/noticias\/dolar-previdencia-greve-caminhoneiros\/#primaryimage\"},\"thumbnailUrl\":\"https:\/\/files.sunoresearch.com.br\/n\/uploads\/2019\/04\/74ae7d56-d\u00f3lar-scaled.webp\",\"datePublished\":\"2019-04-22T12:25:07+00:00\",\"dateModified\":\"2019-04-22T12:26:58+00:00\",\"description\":\"Nesta segunda-feira (22), o d\u00f3lar recua devido a retomada da tramita\u00e7\u00e3o da Previd\u00eancia. Clique aqui e saiba mais\",\"breadcrumb\":{\"@id\":\"https:\/\/www.suno.com.br\/noticias\/dolar-previdencia-greve-caminhoneiros\/#breadcrumb\"},\"inLanguage\":\"pt-BR\",\"potentialAction\":[{\"@type\":\"ReadAction\",\"target\":[\"https:\/\/www.suno.com.br\/noticias\/dolar-previdencia-greve-caminhoneiros\/\"]}]},{\"@type\":\"ImageObject\",\"inLanguage\":\"pt-BR\",\"@id\":\"https:\/\/www.suno.com.br\/noticias\/dolar-previdencia-greve-caminhoneiros\/#primaryimage\",\"url\":\"https:\/\/files.sunoresearch.com.br\/n\/uploads\/2019\/04\/74ae7d56-d\u00f3lar-scaled.webp\",\"contentUrl\":\"https:\/\/files.sunoresearch.com.br\/n\/uploads\/2019\/04\/74ae7d56-d\u00f3lar-scaled.webp\",\"width\":2560,\"height\":1707,\"caption\":\"Na \u00faltima sess\u00e3o, ter\u00e7a-feira (1), o d\u00f3lar encerrou o primeiro dia do m\u00eas de setembro com queda de 1,75%, negociado a R$ 5,3845.\"},{\"@type\":\"BreadcrumbList\",\"@id\":\"https:\/\/www.suno.com.br\/noticias\/dolar-previdencia-greve-caminhoneiros\/#breadcrumb\",\"itemListElement\":[{\"@type\":\"ListItem\",\"position\":1,\"name\":\"Not\u00edcias\",\"item\":\"https:\/\/www.suno.com.br\/noticias\/\"},{\"@type\":\"ListItem\",\"position\":2,\"name\":\"Mercado\",\"item\":\"https:\/\/www.suno.com.br\/noticias\/mercado\/\"},{\"@type\":\"ListItem\",\"position\":3,\"name\":\"D\u00f3lar em queda com expectativa por vota\u00e7\u00e3o da reforma da Previd\u00eancia\"}]},{\"@type\":\"WebSite\",\"@id\":\"https:\/\/www.suno.com.br\/noticias\/#website\",\"url\":\"https:\/\/www.suno.com.br\/noticias\/\",\"name\":\"Suno Not\u00edcias\",\"description\":\"Seu portal de informa\u00e7\u00e3o sobre o mundo dos investimentos\",\"publisher\":{\"@id\":\"https:\/\/www.suno.com.br\/noticias\/#organization\"},\"potentialAction\":[{\"@type\":\"SearchAction\",\"target\":{\"@type\":\"EntryPoint\",\"urlTemplate\":\"https:\/\/www.suno.com.br\/noticias\/?s={search_term_string}\"},\"query-input\":{\"@type\":\"PropertyValueSpecification\",\"valueRequired\":true,\"valueName\":\"search_term_string\"}}],\"inLanguage\":\"pt-BR\"},{\"@type\":\"Organization\",\"@id\":\"https:\/\/www.suno.com.br\/noticias\/#organization\",\"name\":\"Suno Not\u00edcias\",\"url\":\"https:\/\/www.suno.com.br\/noticias\/\",\"logo\":{\"@type\":\"ImageObject\",\"inLanguage\":\"pt-BR\",\"@id\":\"https:\/\/www.suno.com.br\/noticias\/#\/schema\/logo\/image\/\",\"url\":\"https:\/\/files.sunoresearch.com.br\/n\/uploads\/2021\/09\/suno-logo.png\",\"contentUrl\":\"https:\/\/files.sunoresearch.com.br\/n\/uploads\/2021\/09\/suno-logo.png\",\"width\":180,\"height\":180,\"caption\":\"Suno Not\u00edcias\"},\"image\":{\"@id\":\"https:\/\/www.suno.com.br\/noticias\/#\/schema\/logo\/image\/\"},\"sameAs\":[\"https:\/\/facebook.com\/sunoresearch\",\"https:\/\/x.com\/sunoresearch\",\"https:\/\/www.instagram.com\/suno\",\"https:\/\/www.linkedin.com\/company\/suno-research\/\",\"https:\/\/www.youtube.com\/c\/sunoresearch\"]},{\"@type\":\"Person\",\"@id\":\"https:\/\/www.suno.com.br\/noticias\/#\/schema\/person\/02ec1f752758247878a2bf4abee1aeda\",\"name\":\"Poliana Santos\",\"image\":{\"@type\":\"ImageObject\",\"inLanguage\":\"pt-BR\",\"@id\":\"https:\/\/www.suno.com.br\/noticias\/#\/schema\/person\/image\/\",\"url\":\"https:\/\/secure.gravatar.com\/avatar\/0645bd32f23d87b2130f2b2dff1d3f8d?s=96&r=g\",\"contentUrl\":\"https:\/\/secure.gravatar.com\/avatar\/0645bd32f23d87b2130f2b2dff1d3f8d?s=96&r=g\",\"caption\":\"Poliana Santos\"},\"description\":\"Rep\u00f3rter no Suno Not\u00edcias, com cobertura em mercado financeiro, economia, finan\u00e7as pessoais, renda fixa e varejo. Jornalista formada pela Faculdade C\u00e1sper L\u00edbero e possui passagem na R\u00e1dio Gazeta AM com a produ\u00e7\u00e3o de conte\u00fado sobre economia, pol\u00edtica, sa\u00fade, moda e m\u00fasica. Possui certificado de conclus\u00e3o do curso de An\u00e1lise de Balan\u00e7os pela Funda\u00e7\u00e3o Bradesco, Agenda Brasil pela FAAP, Educa\u00e7\u00e3o Pol\u00edtica por Alexandre Garcia e do Tesouro Direto e Mercado de A\u00e7\u00f5es pela B3.\",\"url\":\"https:\/\/www.suno.com.br\/noticias\/author\/poliana-santos\/\"}]}<\/script>\n<!-- \/ Yoast SEO plugin. -->","yoast_head_json":{"title":"D\u00f3lar em queda com expectativa por vota\u00e7\u00e3o da reforma da Previd\u00eancia","description":"Nesta segunda-feira (22), o d\u00f3lar recua devido a retomada da tramita\u00e7\u00e3o da Previd\u00eancia. Clique aqui e saiba mais","robots":{"index":"index","follow":"follow","max-snippet":"max-snippet:-1","max-image-preview":"max-image-preview:large","max-video-preview":"max-video-preview:-1"},"canonical":"https:\/\/www.suno.com.br\/noticias\/dolar-previdencia-greve-caminhoneiros\/","og_locale":"pt_BR","og_type":"article","og_title":"D\u00f3lar em queda com expectativa por vota\u00e7\u00e3o da reforma da Previd\u00eancia","og_description":"Nesta segunda-feira (22), o d\u00f3lar recua devido a retomada da tramita\u00e7\u00e3o da Previd\u00eancia. Clique aqui e saiba mais","og_url":"https:\/\/www.suno.com.br\/noticias\/dolar-previdencia-greve-caminhoneiros\/","og_site_name":"Suno Not\u00edcias","article_publisher":"https:\/\/facebook.com\/sunoresearch","og_image":[{"width":3000,"height":2000,"url":"https:\/\/files.sunoresearch.com.br\/n\/uploads\/2019\/04\/74ae7d56-d\u00f3lar.jpg","type":"image\/jpeg"}],"author":"Poliana Santos","twitter_card":"summary_large_image","twitter_creator":"@sunoresearch","twitter_site":"@sunoresearch","twitter_misc":{"Escrito por":"Poliana Santos","Est. tempo de leitura":"2 minutos"},"schema":{"@context":"https:\/\/schema.org","@graph":[{"@type":"NewsArticle","@id":"https:\/\/www.suno.com.br\/noticias\/dolar-previdencia-greve-caminhoneiros\/#article","isPartOf":{"@id":"https:\/\/www.suno.com.br\/noticias\/dolar-previdencia-greve-caminhoneiros\/"},"author":{"name":"Poliana Santos","@id":"https:\/\/www.suno.com.br\/noticias\/#\/schema\/person\/02ec1f752758247878a2bf4abee1aeda"},"headline":"D\u00f3lar em queda com expectativa por vota\u00e7\u00e3o da reforma da Previd\u00eancia","datePublished":"2019-04-22T12:25:07+00:00","dateModified":"2019-04-22T12:26:58+00:00","mainEntityOfPage":{"@id":"https:\/\/www.suno.com.br\/noticias\/dolar-previdencia-greve-caminhoneiros\/"},"wordCount":474,"publisher":{"@id":"https:\/\/www.suno.com.br\/noticias\/#organization"},"image":{"@id":"https:\/\/www.suno.com.br\/noticias\/dolar-previdencia-greve-caminhoneiros\/#primaryimage"},"thumbnailUrl":"https:\/\/files.sunoresearch.com.br\/n\/uploads\/2019\/04\/74ae7d56-d\u00f3lar-scaled.webp","keywords":["China","d\u00f3lar","Estados Unidos (EUA)","greve dos caminhoneiros","Reforma da Previd\u00eancia"],"articleSection":["Mercado"],"inLanguage":"pt-BR"},{"@type":"WebPage","@id":"https:\/\/www.suno.com.br\/noticias\/dolar-previdencia-greve-caminhoneiros\/","url":"https:\/\/www.suno.com.br\/noticias\/dolar-previdencia-greve-caminhoneiros\/","name":"D\u00f3lar em queda com expectativa por vota\u00e7\u00e3o da reforma da Previd\u00eancia","isPartOf":{"@id":"https:\/\/www.suno.com.br\/noticias\/#website"},"primaryImageOfPage":{"@id":"https:\/\/www.suno.com.br\/noticias\/dolar-previdencia-greve-caminhoneiros\/#primaryimage"},"image":{"@id":"https:\/\/www.suno.com.br\/noticias\/dolar-previdencia-greve-caminhoneiros\/#primaryimage"},"thumbnailUrl":"https:\/\/files.sunoresearch.com.br\/n\/uploads\/2019\/04\/74ae7d56-d\u00f3lar-scaled.webp","datePublished":"2019-04-22T12:25:07+00:00","dateModified":"2019-04-22T12:26:58+00:00","description":"Nesta segunda-feira (22), o d\u00f3lar recua devido a retomada da tramita\u00e7\u00e3o da Previd\u00eancia. Clique aqui e saiba mais","breadcrumb":{"@id":"https:\/\/www.suno.com.br\/noticias\/dolar-previdencia-greve-caminhoneiros\/#breadcrumb"},"inLanguage":"pt-BR","potentialAction":[{"@type":"ReadAction","target":["https:\/\/www.suno.com.br\/noticias\/dolar-previdencia-greve-caminhoneiros\/"]}]},{"@type":"ImageObject","inLanguage":"pt-BR","@id":"https:\/\/www.suno.com.br\/noticias\/dolar-previdencia-greve-caminhoneiros\/#primaryimage","url":"https:\/\/files.sunoresearch.com.br\/n\/uploads\/2019\/04\/74ae7d56-d\u00f3lar-scaled.webp","contentUrl":"https:\/\/files.sunoresearch.com.br\/n\/uploads\/2019\/04\/74ae7d56-d\u00f3lar-scaled.webp","width":2560,"height":1707,"caption":"Na \u00faltima sess\u00e3o, ter\u00e7a-feira (1), o d\u00f3lar encerrou o primeiro dia do m\u00eas de setembro com queda de 1,75%, negociado a R$ 5,3845."},{"@type":"BreadcrumbList","@id":"https:\/\/www.suno.com.br\/noticias\/dolar-previdencia-greve-caminhoneiros\/#breadcrumb","itemListElement":[{"@type":"ListItem","position":1,"name":"Not\u00edcias","item":"https:\/\/www.suno.com.br\/noticias\/"},{"@type":"ListItem","position":2,"name":"Mercado","item":"https:\/\/www.suno.com.br\/noticias\/mercado\/"},{"@type":"ListItem","position":3,"name":"D\u00f3lar em queda com expectativa por vota\u00e7\u00e3o da reforma da Previd\u00eancia"}]},{"@type":"WebSite","@id":"https:\/\/www.suno.com.br\/noticias\/#website","url":"https:\/\/www.suno.com.br\/noticias\/","name":"Suno Not\u00edcias","description":"Seu portal de informa\u00e7\u00e3o sobre o mundo dos investimentos","publisher":{"@id":"https:\/\/www.suno.com.br\/noticias\/#organization"},"potentialAction":[{"@type":"SearchAction","target":{"@type":"EntryPoint","urlTemplate":"https:\/\/www.suno.com.br\/noticias\/?s={search_term_string}"},"query-input":{"@type":"PropertyValueSpecification","valueRequired":true,"valueName":"search_term_string"}}],"inLanguage":"pt-BR"},{"@type":"Organization","@id":"https:\/\/www.suno.com.br\/noticias\/#organization","name":"Suno Not\u00edcias","url":"https:\/\/www.suno.com.br\/noticias\/","logo":{"@type":"ImageObject","inLanguage":"pt-BR","@id":"https:\/\/www.suno.com.br\/noticias\/#\/schema\/logo\/image\/","url":"https:\/\/files.sunoresearch.com.br\/n\/uploads\/2021\/09\/suno-logo.png","contentUrl":"https:\/\/files.sunoresearch.com.br\/n\/uploads\/2021\/09\/suno-logo.png","width":180,"height":180,"caption":"Suno Not\u00edcias"},"image":{"@id":"https:\/\/www.suno.com.br\/noticias\/#\/schema\/logo\/image\/"},"sameAs":["https:\/\/facebook.com\/sunoresearch","https:\/\/x.com\/sunoresearch","https:\/\/www.instagram.com\/suno","https:\/\/www.linkedin.com\/company\/suno-research\/","https:\/\/www.youtube.com\/c\/sunoresearch"]},{"@type":"Person","@id":"https:\/\/www.suno.com.br\/noticias\/#\/schema\/person\/02ec1f752758247878a2bf4abee1aeda","name":"Poliana Santos","image":{"@type":"ImageObject","inLanguage":"pt-BR","@id":"https:\/\/www.suno.com.br\/noticias\/#\/schema\/person\/image\/","url":"https:\/\/secure.gravatar.com\/avatar\/0645bd32f23d87b2130f2b2dff1d3f8d?s=96&r=g","contentUrl":"https:\/\/secure.gravatar.com\/avatar\/0645bd32f23d87b2130f2b2dff1d3f8d?s=96&r=g","caption":"Poliana Santos"},"description":"Rep\u00f3rter no Suno Not\u00edcias, com cobertura em mercado financeiro, economia, finan\u00e7as pessoais, renda fixa e varejo. Jornalista formada pela Faculdade C\u00e1sper L\u00edbero e possui passagem na R\u00e1dio Gazeta AM com a produ\u00e7\u00e3o de conte\u00fado sobre economia, pol\u00edtica, sa\u00fade, moda e m\u00fasica. Possui certificado de conclus\u00e3o do curso de An\u00e1lise de Balan\u00e7os pela Funda\u00e7\u00e3o Bradesco, Agenda Brasil pela FAAP, Educa\u00e7\u00e3o Pol\u00edtica por Alexandre Garcia e do Tesouro Direto e Mercado de A\u00e7\u00f5es pela B3.","url":"https:\/\/www.suno.com.br\/noticias\/author\/poliana-santos\/"}]}},"default_loop_html":"<div class=\"cardsPage__listCard__boxs\"><div class=\"cardsPage__listCard__boxs__img\"><a href=\"https:\/\/www.suno.com.br\/noticias\/dolar-previdencia-greve-caminhoneiros\/\"><img class=\"mask\" src=\"https:\/\/www.suno.com.br\/noticias\/wp-content\/themes\/suno\/resources\/images\/spotlight\/spotlight1img\/bg-mask.png\" alt=\"Image Mask\"\/><img src=\"https:\/\/files.sunoresearch.com.br\/n\/uploads\/2019\/04\/74ae7d56-d\u00f3lar-400x200.webp\" alt=\"D\u00f3lar em queda com expectativa por vota\u00e7\u00e3o da reforma da Previd\u00eancia\"\/><\/a><span class=\"spotlightCategory\"><a href=\"https:\/\/www.suno.com.br\/noticias\/mercado\/\">Mercado<\/a><\/span><\/div><div class=\"cardsPage__listCard__boxs__content\"><a href=\"https:\/\/www.suno.com.br\/noticias\/dolar-previdencia-greve-caminhoneiros\/\"><h2 class=\"content__title\">D\u00f3lar em queda com expectativa por vota\u00e7\u00e3o da reforma da Previd\u00eancia<\/h2><\/a><div class=\"newsContent__article__meta\"><div class=\"newsContent__article__meta__authorBox\"><a href=\"https:\/\/www.suno.com.br\/noticias\/author\/poliana-santos\/\" class=\"authorBox__avatar noMobi\"><img src=\"https:\/\/files.sunoresearch.com.br\/n\/uploads\/2020\/08\/7ef34026-whatsapp-image-2020-08-03-at-12.37.57-150x150.webp\" alt=\"Poliana Santos\"><\/a><div class=\"authorBox__name\"><span>por\n\t\t\t<a href=\"https:\/\/www.suno.com.br\/noticias\/author\/poliana-santos\/\"><span itemprop=\"author\">Poliana Santos<\/span><\/a><\/span><time datetime=\"2019-04-22T09:25:07-03:00\" itemprop=\"datePublished\">22\/04\/2019 09:25<\/time><\/div><\/div><\/div><\/div><\/div>","single_layout":"posts","amp_enabled":true,"_links":{"self":[{"href":"https:\/\/www.suno.com.br\/noticias\/wp-json\/wp\/v2\/posts\/21787"}],"collection":[{"href":"https:\/\/www.suno.com.br\/noticias\/wp-json\/wp\/v2\/posts"}],"about":[{"href":"https:\/\/www.suno.com.br\/noticias\/wp-json\/wp\/v2\/types\/post"}],"author":[{"embeddable":true,"href":"https:\/\/www.suno.com.br\/noticias\/wp-json\/wp\/v2\/users\/15"}],"replies":[{"embeddable":true,"href":"https:\/\/www.suno.com.br\/noticias\/wp-json\/wp\/v2\/comments?post=21787"}],"version-history":[{"count":0,"href":"https:\/\/www.suno.com.br\/noticias\/wp-json\/wp\/v2\/posts\/21787\/revisions"}],"wp:featuredmedia":[{"embeddable":true,"href":"https:\/\/www.suno.com.br\/noticias\/wp-json\/wp\/v2\/media\/21796"}],"wp:attachment":[{"href":"https:\/\/www.suno.com.br\/noticias\/wp-json\/wp\/v2\/media?parent=21787"}],"wp:term":[{"taxonomy":"category","embeddable":true,"href":"https:\/\/www.suno.com.br\/noticias\/wp-json\/wp\/v2\/categories?post=21787"},{"taxonomy":"post_tag","embeddable":true,"href":"https:\/\/www.suno.com.br\/noticias\/wp-json\/wp\/v2\/tags?post=21787"},{"taxonomy":"suno_strategy","embeddable":true,"href":"https:\/\/www.suno.com.br\/noticias\/wp-json\/wp\/v2\/suno_strategy?post=21787"}],"curies":[{"name":"wp","href":"https:\/\/api.w.org\/{rel}","templated":true}]}}