{"id":217853,"date":"2021-12-28T11:58:29","date_gmt":"2021-12-28T14:58:29","guid":{"rendered":"https:\/\/www.suno.com.br\/noticias\/?p=217853"},"modified":"2021-12-28T11:58:29","modified_gmt":"2021-12-28T14:58:29","slug":"desemprego-cai-mas-atinge-129-milhoes-aponta-pnad","status":"publish","type":"post","link":"https:\/\/www.suno.com.br\/noticias\/desemprego-cai-mas-atinge-129-milhoes-aponta-pnad\/","title":{"rendered":"Desemprego cai 1,6 ponto percentual, mas atinge 12,9 milh\u00f5es, aponta Pnad"},"content":{"rendered":"<p>O <strong>desemprego no Brasil<\/strong> atingiu 12,1% no trimestre m\u00f3vel de agosto a outubro de 2021. O resultado representa queda de 1,6 ponto percentual (p.p.) na compara\u00e7\u00e3o com o trimestre de maio a julho de 2021, quando ficou em 13,7%. Em rela\u00e7\u00e3o ao mesmo trimestre m\u00f3vel de 2020 (14,6%), o recuo \u00e9 de 2,5 pontos percentuais.<\/p>\t<div class=\"wrapper-featured-image\">\n\t\t<figure class=\"spotlightImg\">\n\n\t\t\t<picture>\n\t\t\t\t<source media=\"(max-width: 768px)\" srcset=\"https:\/\/files.sunoresearch.com.br\/n\/uploads\/2021\/11\/Taxa-de-desemprego-fica-em-14-3-no-trimestre-ate-outubro-diz-IBGE-400x200.jpg\">\n\t\t\t\t<img loading=\"lazy\" decoding=\"async\" class=\"newsContent__article__imgCapa lazyloadDisabled \" src=\"https:\/\/files.sunoresearch.com.br\/n\/uploads\/2021\/11\/Taxa-de-desemprego-fica-em-14-3-no-trimestre-ate-outubro-diz-IBGE-800x450.jpg\" width=\"800\" height=\"450\" alt=\"Desemprego cai 1,6 ponto percentual, mas atinge 12,9 milh\u00f5es, aponta Pnad\" fetchpriority=high \/>\n\t\t\t<\/picture>\n\n\t\t\t<figcaption class=\"wp-caption-text wp-caption-text--show\">Vagas de emprego. Foto: Ag\u00eancia Brasil<\/figcaption>\n\t\t<\/figure>\n\t<\/div>\n\n\n<p>A popula\u00e7\u00e3o desocupada chegou a 12,9 milh\u00f5es de pessoas, uma redu\u00e7\u00e3o de 10,4% ou menos 1,5 milh\u00e3o, se comparado ao trimestre encerrado em julho, quando eram 14,4 milh\u00f5es de pessoas. Frente ao mesmo trimestre m\u00f3vel de 2020 (14,6 milh\u00f5es de desocupados), caiu 11,3% ou menos 1,7 milh\u00e3o. Os dados s\u00e3o da <a class=\"suno-keyword\" href=\"https:\/\/www.suno.com.br\/artigos\/pnad\/\" target=\"_blank\" rel=\"noopener\" data-force=\"no\" data-priority=\"2\">Pesquisa Nacional por Amostra de Domic\u00edlios<\/a> Cont\u00ednua (<strong>Pnad Cont\u00ednua<\/strong>), divulgada hoje (28) pelo Instituto Brasileiro de Geografia e Estat\u00edstica (IBGE).<\/p>\n<h2>Popula\u00e7\u00e3o ocupada<\/h2>\n<p>De acordo com a pesquisa, a popula\u00e7\u00e3o ocupada atingiu 94,0 milh\u00f5es de pessoas, com crescimento de 3,6% ou 3,3 milh\u00f5es de pessoas ante o trimestre anterior e avan\u00e7ou 10,2% ou 8,7 milh\u00f5es de pessoas, em rela\u00e7\u00e3o ao mesmo trimestre de 2020.<\/p>\n<p>O <strong>n\u00edvel da ocupa\u00e7\u00e3o<\/strong>, que \u00e9 o percentual de pessoas ocupadas na popula\u00e7\u00e3o em idade de trabalhar, foi estimado em 54,6%, segundo o IBGE, o maior desde o trimestre encerrado em abril do ano passado. O resultado representa tamb\u00e9m uma alta de 1,8 p.p. na compara\u00e7\u00e3o com o trimestre de maio a julho de 2021. L\u00e1 eram 52,8% e de 4,6 p.p. ante o mesmo per\u00edodo do ano anterior (50,0%).<\/p>\n<h2>Crescimento da ocupa\u00e7\u00e3o<\/h2>\n<p>Para a coordenadora de Trabalho e Rendimento do IBGE, Adriana Beringuy, a queda na taxa de desemprego est\u00e1 relacionada ao crescimento da ocupa\u00e7\u00e3o, como j\u00e1 vinha acontecendo nos meses anteriores. \u201cO aumento no n\u00famero de ocupados ocorreu em seis dos dez grupamentos de atividades, a exemplo do com\u00e9rcio, da ind\u00fastria e dos servi\u00e7os de alojamento e alimenta\u00e7\u00e3o\u201d, observou.<\/p>\n<p>De acordo com o IBGE, o aumento na ocupa\u00e7\u00e3o teve influ\u00eancia do n\u00famero de <strong>empregados com carteira de trabalho<\/strong> no setor privado, que alcan\u00e7ou 33,9 milh\u00f5es, um avan\u00e7o de 4,1% se comparado ao trimestre anterior. O percentual equivale a 1,3 milh\u00e3o de pessoas a mais.<\/p>\n<p>\u201cDo aumento de 3,3 milh\u00f5es de pessoas na ocupa\u00e7\u00e3o, 40% s\u00e3o trabalhadores com carteira assinada no setor privado. Essa recupera\u00e7\u00e3o do trabalho formal j\u00e1 vem ocorrendo nos meses anteriores, desde o trimestre encerrado em julho. Ent\u00e3o, embora o emprego com carteira no setor privado ainda esteja em um n\u00edvel abaixo do que era antes da pandemia, vem tra\u00e7ando uma trajet\u00f3ria de crescimento\u201d, apontou a coordenadora.<\/p>\n<p>Ainda no setor privado, o<strong> total de empregados sem carteira<\/strong> cresceu 9,5% ou 1,0 milh\u00e3o de pessoas. No trimestre encerrado em outubro, a categoria somava 12 milh\u00f5es de trabalhadores. Em igual per\u00edodo, o n\u00famero de trabalhadores dom\u00e9sticos sem carteira cresceu 8,0%, e o de empregadores sem Cadastro Nacional da <a class=\"suno-keyword\" href=\"https:\/\/www.suno.com.br\/artigos\/pessoa-juridica\/\" target=\"_blank\" rel=\"noopener\" data-force=\"no\" data-priority=\"2\">Pessoa Jur\u00eddica<\/a> (CNPJ) aumentou 7,4%. Com isso, a taxa de informalidade atingiu 40,7%, o que significa 38,2 milh\u00f5es de trabalhadores informais no pa\u00eds.<\/p>\n<p>O<strong> crescimento da ocupa\u00e7\u00e3o<\/strong> influenciado pelo trabalho informal resultou na queda de 4,6% no rendimento real habitual e atingiu R$ 2.449. Na compara\u00e7\u00e3o com o mesmo trimestre do ano anterior, o recuo \u00e9 de 11,1%. J\u00e1 a massa de rendimento, com R$ 225 bilh\u00f5es, permaneceu est\u00e1vel frente aos dois trimestres.<\/p>\n<p>\u201cApesar de haver um crescimento significativo da ocupa\u00e7\u00e3o, a massa de rendimento permanece est\u00e1vel. Isso acontece porque o rendimento do trabalhador tem sido cada vez menor, seja porque a expans\u00e3o do trabalho ocorre em ocupa\u00e7\u00f5es de menor rendimento, seja pelo avan\u00e7o da infla\u00e7\u00e3o nos \u00faltimos meses\u201d, comentou Adriana.<\/p>\n<h2>Desemprego aumenta n\u00famero de trabalhadores por conta pr\u00f3pria<\/h2>\n<p>Com o <strong>n\u00famero alto de desemprego<\/strong>, o contingente de trabalhadores por conta pr\u00f3pria subiu 2,6%, somando 25,6 milh\u00f5es. Conforme a pesquisa, s\u00e3o 638 mil pessoas a mais nesta categoria. O aumento dos trabalhadores dom\u00e9sticos ficou em 7,8% tamb\u00e9m na compara\u00e7\u00e3o com o trimestre terminado em julho, o que representa mais 400 mil pessoas. A maior parte desse aumento tamb\u00e9m veio do trabalho informal. Foram contratadas 308 mil sem carteira de trabalho assinada.<\/p>\n<p>A <strong>popula\u00e7\u00e3o fora da for\u00e7a de trabalho<\/strong> com a escalada do desemprego registrou queda de 2,1% em rela\u00e7\u00e3o ao \u00faltimo trimestre. Essas pessoas que n\u00e3o estavam nem ocupadas nem desocupadas na semana de refer\u00eancia somaram 65,2 milh\u00f5es de pessoas no trimestre encerrado em outubro. Se comparado ao mesmo per\u00edodo do ano anterior, apresentou recuo de 5,4 milh\u00f5es de pessoas.<\/p>\n<p>Potencial<\/p>\n<p>Segundo a pesquisa, ante o \u00faltimo trimestre, 436 mil pessoas sa\u00edram da for\u00e7a de trabalho potencial. A\u00ed est\u00e3o as pessoas em idade de trabalhar, nem ocupadas, nem desocupadas, mas que tinham potencial para estar na for\u00e7a de trabalho. O IBGE estimou o contingente em 9,3 milh\u00f5es de pessoas. Fazem parte do grupo os desalentados, que s\u00e3o desempregados que n\u00e3o buscaram trabalho, mas que gostariam de conseguir uma vaga e estavam dispon\u00edveis para trabalhar. Esse grupo caiu 3,8% e foi estimado em 5,1 milh\u00f5es de pessoas. Na compara\u00e7\u00e3o com o mesmo per\u00edodo do ano anterior, quando eram Brasil 5,8 milh\u00f5es de pessoas desalentadas no Brasil, houve queda de 11,9%.<\/p>\n<h2>Com\u00e9rcio e emprego<\/h2>\n<p>O n\u00famero de ocupados no com\u00e9rcio subiu 6,4%, o que equivale a 1,1 milh\u00e3o de pessoas a mais trabalhando no setor. Na ind\u00fastria a alta ficou em 4,6%, ou mais 535 mil pessoas. Conforme a pesquisa, em igual per\u00edodo, mais 500 mil pessoas passaram a trabalhar no segmento de alojamento e alimenta\u00e7\u00e3o (11,0%). Na constru\u00e7\u00e3o, foi registrada uma eleva\u00e7\u00e3o de 6,5% na ocupa\u00e7\u00e3o ou 456 mil pessoas.<\/p>\n<p>Adriana Beringuy informou que na compara\u00e7\u00e3o com o trimestre anterior, dos dez grupamentos de atividades, seis tiveram <strong>crescimento na ocupa\u00e7\u00e3o<\/strong> e os demais ficaram est\u00e1veis. \u201cQuando comparamos com o mesmo trimestre do ano anterior, nove apontaram crescimento significativo. Isso indica que a conjuntura econ\u00f4mica do trimestre encerrado em outubro \u00e9 muito diferente do mesmo per\u00edodo do ano passado. A recupera\u00e7\u00e3o j\u00e1 mostra um cen\u00e1rio muito mais favor\u00e1vel para a ocupa\u00e7\u00e3o\u201d, completou.<\/p>\n<h2>Pesquisa sobre desemprego e for\u00e7a de trabalho<\/h2>\n<p>A <strong>Pnad Cont\u00ednua<\/strong> \u00e9 o principal instrumento para monitoramento da for\u00e7a de trabalho no pa\u00eds. Segundo o IBGE, a amostra da pesquisa por trimestre no Brasil \u00e9 realizada em 211 mil domic\u00edlios com cerca de dois mil entrevistadores, em 26 estados e Distrito Federal, integrados \u00e0 rede de coleta de mais de 500 ag\u00eancias do \u00f3rg\u00e3o.<\/p>\n<p>Por causa da pandemia de covid-19, o IBGE adotou a coleta de informa\u00e7\u00f5es da pesquisa por telefone desde 17 de mar\u00e7o de 2020. \u201c\u00c9 poss\u00edvel confirmar a identidade do entrevistador no site Respondendo ao IBGE ou via Central de atendimento (0800 721 8181), conferindo a matr\u00edcula, RG ou CPF do entrevistador, dados que podem ser solicitados pelo informante\u201d, indicou o IBGE sobre a pesquisa que mede o <strong>desemprego<\/strong> no pa\u00eds.<\/p>\n<p>Com Ag\u00eancia Brasil<\/p>\n","protected":false},"excerpt":{"rendered":"<p>O desemprego no Brasil atingiu 12,1% no trimestre m\u00f3vel de agosto a outubro de 2021. O resultado representa queda de 1,6 ponto percentual (p.p.) na compara\u00e7\u00e3o com o trimestre de maio a julho de 2021, quando ficou em 13,7%. Em rela\u00e7\u00e3o ao mesmo trimestre m\u00f3vel de 2020 (14,6%), o recuo \u00e9 de 2,5 pontos percentuais. [&hellip;]<\/p>\n","protected":false},"author":98,"featured_media":210277,"comment_status":"closed","ping_status":"closed","sticky":false,"template":"","format":"standard","meta":[],"categories":[62],"tags":[1296],"suno_strategy":[],"class_list":["post-217853","post","type-post","status-publish","format-standard","has-post-thumbnail","hentry","category-economia","tag-desemprego"],"yoast_head":"<!-- This site is optimized with the Yoast SEO plugin v24.4 - https:\/\/yoast.com\/wordpress\/plugins\/seo\/ -->\n<title>Desemprego cai 1,6 ponto percentual mas atinge 12,9 mi, aponta Pnad<\/title>\n<meta name=\"description\" content=\"O desemprego no Brasil atingiu 12,1% no trimestre m\u00f3vel de agosto a outubro de 2021, queda de 1,6 ponto percentual (p.p.). Saiba mais\" \/>\n<meta name=\"robots\" content=\"index, follow, max-snippet:-1, max-image-preview:large, max-video-preview:-1\" \/>\n<link rel=\"canonical\" href=\"https:\/\/www.suno.com.br\/noticias\/desemprego-cai-mas-atinge-129-milhoes-aponta-pnad\/\" \/>\n<meta property=\"og:locale\" content=\"pt_BR\" \/>\n<meta property=\"og:type\" content=\"article\" \/>\n<meta property=\"og:title\" content=\"Desemprego cai 1,6 ponto percentual mas atinge 12,9 mi, aponta Pnad\" \/>\n<meta property=\"og:description\" content=\"O desemprego no Brasil atingiu 12,1% no trimestre m\u00f3vel de agosto a outubro de 2021, queda de 1,6 ponto percentual (p.p.). Saiba mais\" \/>\n<meta property=\"og:url\" content=\"https:\/\/www.suno.com.br\/noticias\/desemprego-cai-mas-atinge-129-milhoes-aponta-pnad\/\" \/>\n<meta property=\"og:site_name\" content=\"Suno Not\u00edcias\" \/>\n<meta property=\"article:publisher\" content=\"https:\/\/facebook.com\/sunoresearch\" \/>\n<meta property=\"og:image\" content=\"https:\/\/files.sunoresearch.com.br\/n\/uploads\/2021\/11\/Taxa-de-desemprego-fica-em-14-3-no-trimestre-ate-outubro-diz-IBGE.jpg\" \/>\n\t<meta property=\"og:image:width\" content=\"1280\" \/>\n\t<meta property=\"og:image:height\" content=\"720\" \/>\n\t<meta property=\"og:image:type\" content=\"image\/jpeg\" \/>\n<meta name=\"author\" content=\"Marco Ant\u00f4nio Lopes\" \/>\n<meta name=\"twitter:card\" content=\"summary_large_image\" \/>\n<meta name=\"twitter:creator\" content=\"@sunoresearch\" \/>\n<meta name=\"twitter:site\" content=\"@sunoresearch\" \/>\n<meta name=\"twitter:label1\" content=\"Escrito por\" \/>\n\t<meta name=\"twitter:data1\" content=\"Marco Ant\u00f4nio Lopes\" \/>\n\t<meta name=\"twitter:label2\" content=\"Est. tempo de leitura\" \/>\n\t<meta name=\"twitter:data2\" content=\"5 minutos\" \/>\n<script type=\"application\/ld+json\" class=\"yoast-schema-graph\">{\"@context\":\"https:\/\/schema.org\",\"@graph\":[{\"@type\":\"NewsArticle\",\"@id\":\"https:\/\/www.suno.com.br\/noticias\/desemprego-cai-mas-atinge-129-milhoes-aponta-pnad\/#article\",\"isPartOf\":{\"@id\":\"https:\/\/www.suno.com.br\/noticias\/desemprego-cai-mas-atinge-129-milhoes-aponta-pnad\/\"},\"author\":{\"name\":\"Marco Ant\u00f4nio Lopes\",\"@id\":\"https:\/\/www.suno.com.br\/noticias\/#\/schema\/person\/829bbe8d57f84333b966b96229c6bf5f\"},\"headline\":\"Desemprego cai 1,6 ponto percentual, mas atinge 12,9 milh\u00f5es, aponta Pnad\",\"datePublished\":\"2021-12-28T14:58:29+00:00\",\"mainEntityOfPage\":{\"@id\":\"https:\/\/www.suno.com.br\/noticias\/desemprego-cai-mas-atinge-129-milhoes-aponta-pnad\/\"},\"wordCount\":1166,\"publisher\":{\"@id\":\"https:\/\/www.suno.com.br\/noticias\/#organization\"},\"image\":{\"@id\":\"https:\/\/www.suno.com.br\/noticias\/desemprego-cai-mas-atinge-129-milhoes-aponta-pnad\/#primaryimage\"},\"thumbnailUrl\":\"https:\/\/files.sunoresearch.com.br\/n\/uploads\/2021\/11\/Taxa-de-desemprego-fica-em-14-3-no-trimestre-ate-outubro-diz-IBGE.jpg\",\"keywords\":[\"Desemprego\"],\"articleSection\":[\"Economia\"],\"inLanguage\":\"pt-BR\"},{\"@type\":\"WebPage\",\"@id\":\"https:\/\/www.suno.com.br\/noticias\/desemprego-cai-mas-atinge-129-milhoes-aponta-pnad\/\",\"url\":\"https:\/\/www.suno.com.br\/noticias\/desemprego-cai-mas-atinge-129-milhoes-aponta-pnad\/\",\"name\":\"Desemprego cai 1,6 ponto percentual mas atinge 12,9 mi, aponta Pnad\",\"isPartOf\":{\"@id\":\"https:\/\/www.suno.com.br\/noticias\/#website\"},\"primaryImageOfPage\":{\"@id\":\"https:\/\/www.suno.com.br\/noticias\/desemprego-cai-mas-atinge-129-milhoes-aponta-pnad\/#primaryimage\"},\"image\":{\"@id\":\"https:\/\/www.suno.com.br\/noticias\/desemprego-cai-mas-atinge-129-milhoes-aponta-pnad\/#primaryimage\"},\"thumbnailUrl\":\"https:\/\/files.sunoresearch.com.br\/n\/uploads\/2021\/11\/Taxa-de-desemprego-fica-em-14-3-no-trimestre-ate-outubro-diz-IBGE.jpg\",\"datePublished\":\"2021-12-28T14:58:29+00:00\",\"description\":\"O desemprego no Brasil atingiu 12,1% no trimestre m\u00f3vel de agosto a outubro de 2021, queda de 1,6 ponto percentual (p.p.). Saiba mais\",\"breadcrumb\":{\"@id\":\"https:\/\/www.suno.com.br\/noticias\/desemprego-cai-mas-atinge-129-milhoes-aponta-pnad\/#breadcrumb\"},\"inLanguage\":\"pt-BR\",\"potentialAction\":[{\"@type\":\"ReadAction\",\"target\":[\"https:\/\/www.suno.com.br\/noticias\/desemprego-cai-mas-atinge-129-milhoes-aponta-pnad\/\"]}]},{\"@type\":\"ImageObject\",\"inLanguage\":\"pt-BR\",\"@id\":\"https:\/\/www.suno.com.br\/noticias\/desemprego-cai-mas-atinge-129-milhoes-aponta-pnad\/#primaryimage\",\"url\":\"https:\/\/files.sunoresearch.com.br\/n\/uploads\/2021\/11\/Taxa-de-desemprego-fica-em-14-3-no-trimestre-ate-outubro-diz-IBGE.jpg\",\"contentUrl\":\"https:\/\/files.sunoresearch.com.br\/n\/uploads\/2021\/11\/Taxa-de-desemprego-fica-em-14-3-no-trimestre-ate-outubro-diz-IBGE.jpg\",\"width\":1280,\"height\":720,\"caption\":\"Vagas de emprego. Foto: Ag\u00eancia Brasil\"},{\"@type\":\"BreadcrumbList\",\"@id\":\"https:\/\/www.suno.com.br\/noticias\/desemprego-cai-mas-atinge-129-milhoes-aponta-pnad\/#breadcrumb\",\"itemListElement\":[{\"@type\":\"ListItem\",\"position\":1,\"name\":\"Not\u00edcias\",\"item\":\"https:\/\/www.suno.com.br\/noticias\/\"},{\"@type\":\"ListItem\",\"position\":2,\"name\":\"Economia\",\"item\":\"https:\/\/www.suno.com.br\/noticias\/economia\/\"},{\"@type\":\"ListItem\",\"position\":3,\"name\":\"Desemprego cai 1,6 ponto percentual, mas atinge 12,9 milh\u00f5es, aponta Pnad\"}]},{\"@type\":\"WebSite\",\"@id\":\"https:\/\/www.suno.com.br\/noticias\/#website\",\"url\":\"https:\/\/www.suno.com.br\/noticias\/\",\"name\":\"Suno Not\u00edcias\",\"description\":\"Seu portal de informa\u00e7\u00e3o sobre o mundo dos investimentos\",\"publisher\":{\"@id\":\"https:\/\/www.suno.com.br\/noticias\/#organization\"},\"potentialAction\":[{\"@type\":\"SearchAction\",\"target\":{\"@type\":\"EntryPoint\",\"urlTemplate\":\"https:\/\/www.suno.com.br\/noticias\/?s={search_term_string}\"},\"query-input\":{\"@type\":\"PropertyValueSpecification\",\"valueRequired\":true,\"valueName\":\"search_term_string\"}}],\"inLanguage\":\"pt-BR\"},{\"@type\":\"Organization\",\"@id\":\"https:\/\/www.suno.com.br\/noticias\/#organization\",\"name\":\"Suno Not\u00edcias\",\"url\":\"https:\/\/www.suno.com.br\/noticias\/\",\"logo\":{\"@type\":\"ImageObject\",\"inLanguage\":\"pt-BR\",\"@id\":\"https:\/\/www.suno.com.br\/noticias\/#\/schema\/logo\/image\/\",\"url\":\"https:\/\/files.sunoresearch.com.br\/n\/uploads\/2021\/09\/suno-logo.png\",\"contentUrl\":\"https:\/\/files.sunoresearch.com.br\/n\/uploads\/2021\/09\/suno-logo.png\",\"width\":180,\"height\":180,\"caption\":\"Suno Not\u00edcias\"},\"image\":{\"@id\":\"https:\/\/www.suno.com.br\/noticias\/#\/schema\/logo\/image\/\"},\"sameAs\":[\"https:\/\/facebook.com\/sunoresearch\",\"https:\/\/x.com\/sunoresearch\",\"https:\/\/www.instagram.com\/suno\",\"https:\/\/www.linkedin.com\/company\/suno-research\/\",\"https:\/\/www.youtube.com\/c\/sunoresearch\"]},{\"@type\":\"Person\",\"@id\":\"https:\/\/www.suno.com.br\/noticias\/#\/schema\/person\/829bbe8d57f84333b966b96229c6bf5f\",\"name\":\"Marco Ant\u00f4nio Lopes\",\"image\":{\"@type\":\"ImageObject\",\"inLanguage\":\"pt-BR\",\"@id\":\"https:\/\/www.suno.com.br\/noticias\/#\/schema\/person\/image\/\",\"url\":\"https:\/\/secure.gravatar.com\/avatar\/385167b012fbc1cde32c5446ee253313?s=96&r=g\",\"contentUrl\":\"https:\/\/secure.gravatar.com\/avatar\/385167b012fbc1cde32c5446ee253313?s=96&r=g\",\"caption\":\"Marco Ant\u00f4nio Lopes\"},\"description\":\"Jornalista, \u00e9 editor no Suno Not\u00edcias. Trabalhou nas revistas Playboy, Super, Veja Comer &amp; Beber, Homem Vogue e Universo Masculino, al\u00e9m dos portais Abril.com, R7, nas editorias de Home, Esportes, Hora 7, Entretenimento e Geral, e Eu Quero Investir. Autor do livro Bruce Lee: Definitivo (Editora Conrad). Colaborou nas revistas Nova, Veja SP, Grandes Guerras, Placar, Bizz, Casa Claudia e Quatro Rodas.\",\"url\":\"https:\/\/www.suno.com.br\/noticias\/author\/marco-lopes\/\"}]}<\/script>\n<!-- \/ Yoast SEO plugin. -->","yoast_head_json":{"title":"Desemprego cai 1,6 ponto percentual mas atinge 12,9 mi, aponta Pnad","description":"O desemprego no Brasil atingiu 12,1% no trimestre m\u00f3vel de agosto a outubro de 2021, queda de 1,6 ponto percentual (p.p.). Saiba mais","robots":{"index":"index","follow":"follow","max-snippet":"max-snippet:-1","max-image-preview":"max-image-preview:large","max-video-preview":"max-video-preview:-1"},"canonical":"https:\/\/www.suno.com.br\/noticias\/desemprego-cai-mas-atinge-129-milhoes-aponta-pnad\/","og_locale":"pt_BR","og_type":"article","og_title":"Desemprego cai 1,6 ponto percentual mas atinge 12,9 mi, aponta Pnad","og_description":"O desemprego no Brasil atingiu 12,1% no trimestre m\u00f3vel de agosto a outubro de 2021, queda de 1,6 ponto percentual (p.p.). Saiba mais","og_url":"https:\/\/www.suno.com.br\/noticias\/desemprego-cai-mas-atinge-129-milhoes-aponta-pnad\/","og_site_name":"Suno Not\u00edcias","article_publisher":"https:\/\/facebook.com\/sunoresearch","og_image":[{"width":1280,"height":720,"url":"https:\/\/files.sunoresearch.com.br\/n\/uploads\/2021\/11\/Taxa-de-desemprego-fica-em-14-3-no-trimestre-ate-outubro-diz-IBGE.jpg","type":"image\/jpeg"}],"author":"Marco Ant\u00f4nio Lopes","twitter_card":"summary_large_image","twitter_creator":"@sunoresearch","twitter_site":"@sunoresearch","twitter_misc":{"Escrito por":"Marco Ant\u00f4nio Lopes","Est. tempo de leitura":"5 minutos"},"schema":{"@context":"https:\/\/schema.org","@graph":[{"@type":"NewsArticle","@id":"https:\/\/www.suno.com.br\/noticias\/desemprego-cai-mas-atinge-129-milhoes-aponta-pnad\/#article","isPartOf":{"@id":"https:\/\/www.suno.com.br\/noticias\/desemprego-cai-mas-atinge-129-milhoes-aponta-pnad\/"},"author":{"name":"Marco Ant\u00f4nio Lopes","@id":"https:\/\/www.suno.com.br\/noticias\/#\/schema\/person\/829bbe8d57f84333b966b96229c6bf5f"},"headline":"Desemprego cai 1,6 ponto percentual, mas atinge 12,9 milh\u00f5es, aponta Pnad","datePublished":"2021-12-28T14:58:29+00:00","mainEntityOfPage":{"@id":"https:\/\/www.suno.com.br\/noticias\/desemprego-cai-mas-atinge-129-milhoes-aponta-pnad\/"},"wordCount":1166,"publisher":{"@id":"https:\/\/www.suno.com.br\/noticias\/#organization"},"image":{"@id":"https:\/\/www.suno.com.br\/noticias\/desemprego-cai-mas-atinge-129-milhoes-aponta-pnad\/#primaryimage"},"thumbnailUrl":"https:\/\/files.sunoresearch.com.br\/n\/uploads\/2021\/11\/Taxa-de-desemprego-fica-em-14-3-no-trimestre-ate-outubro-diz-IBGE.jpg","keywords":["Desemprego"],"articleSection":["Economia"],"inLanguage":"pt-BR"},{"@type":"WebPage","@id":"https:\/\/www.suno.com.br\/noticias\/desemprego-cai-mas-atinge-129-milhoes-aponta-pnad\/","url":"https:\/\/www.suno.com.br\/noticias\/desemprego-cai-mas-atinge-129-milhoes-aponta-pnad\/","name":"Desemprego cai 1,6 ponto percentual mas atinge 12,9 mi, aponta Pnad","isPartOf":{"@id":"https:\/\/www.suno.com.br\/noticias\/#website"},"primaryImageOfPage":{"@id":"https:\/\/www.suno.com.br\/noticias\/desemprego-cai-mas-atinge-129-milhoes-aponta-pnad\/#primaryimage"},"image":{"@id":"https:\/\/www.suno.com.br\/noticias\/desemprego-cai-mas-atinge-129-milhoes-aponta-pnad\/#primaryimage"},"thumbnailUrl":"https:\/\/files.sunoresearch.com.br\/n\/uploads\/2021\/11\/Taxa-de-desemprego-fica-em-14-3-no-trimestre-ate-outubro-diz-IBGE.jpg","datePublished":"2021-12-28T14:58:29+00:00","description":"O desemprego no Brasil atingiu 12,1% no trimestre m\u00f3vel de agosto a outubro de 2021, queda de 1,6 ponto percentual (p.p.). Saiba mais","breadcrumb":{"@id":"https:\/\/www.suno.com.br\/noticias\/desemprego-cai-mas-atinge-129-milhoes-aponta-pnad\/#breadcrumb"},"inLanguage":"pt-BR","potentialAction":[{"@type":"ReadAction","target":["https:\/\/www.suno.com.br\/noticias\/desemprego-cai-mas-atinge-129-milhoes-aponta-pnad\/"]}]},{"@type":"ImageObject","inLanguage":"pt-BR","@id":"https:\/\/www.suno.com.br\/noticias\/desemprego-cai-mas-atinge-129-milhoes-aponta-pnad\/#primaryimage","url":"https:\/\/files.sunoresearch.com.br\/n\/uploads\/2021\/11\/Taxa-de-desemprego-fica-em-14-3-no-trimestre-ate-outubro-diz-IBGE.jpg","contentUrl":"https:\/\/files.sunoresearch.com.br\/n\/uploads\/2021\/11\/Taxa-de-desemprego-fica-em-14-3-no-trimestre-ate-outubro-diz-IBGE.jpg","width":1280,"height":720,"caption":"Vagas de emprego. Foto: Ag\u00eancia Brasil"},{"@type":"BreadcrumbList","@id":"https:\/\/www.suno.com.br\/noticias\/desemprego-cai-mas-atinge-129-milhoes-aponta-pnad\/#breadcrumb","itemListElement":[{"@type":"ListItem","position":1,"name":"Not\u00edcias","item":"https:\/\/www.suno.com.br\/noticias\/"},{"@type":"ListItem","position":2,"name":"Economia","item":"https:\/\/www.suno.com.br\/noticias\/economia\/"},{"@type":"ListItem","position":3,"name":"Desemprego cai 1,6 ponto percentual, mas atinge 12,9 milh\u00f5es, aponta Pnad"}]},{"@type":"WebSite","@id":"https:\/\/www.suno.com.br\/noticias\/#website","url":"https:\/\/www.suno.com.br\/noticias\/","name":"Suno Not\u00edcias","description":"Seu portal de informa\u00e7\u00e3o sobre o mundo dos investimentos","publisher":{"@id":"https:\/\/www.suno.com.br\/noticias\/#organization"},"potentialAction":[{"@type":"SearchAction","target":{"@type":"EntryPoint","urlTemplate":"https:\/\/www.suno.com.br\/noticias\/?s={search_term_string}"},"query-input":{"@type":"PropertyValueSpecification","valueRequired":true,"valueName":"search_term_string"}}],"inLanguage":"pt-BR"},{"@type":"Organization","@id":"https:\/\/www.suno.com.br\/noticias\/#organization","name":"Suno Not\u00edcias","url":"https:\/\/www.suno.com.br\/noticias\/","logo":{"@type":"ImageObject","inLanguage":"pt-BR","@id":"https:\/\/www.suno.com.br\/noticias\/#\/schema\/logo\/image\/","url":"https:\/\/files.sunoresearch.com.br\/n\/uploads\/2021\/09\/suno-logo.png","contentUrl":"https:\/\/files.sunoresearch.com.br\/n\/uploads\/2021\/09\/suno-logo.png","width":180,"height":180,"caption":"Suno Not\u00edcias"},"image":{"@id":"https:\/\/www.suno.com.br\/noticias\/#\/schema\/logo\/image\/"},"sameAs":["https:\/\/facebook.com\/sunoresearch","https:\/\/x.com\/sunoresearch","https:\/\/www.instagram.com\/suno","https:\/\/www.linkedin.com\/company\/suno-research\/","https:\/\/www.youtube.com\/c\/sunoresearch"]},{"@type":"Person","@id":"https:\/\/www.suno.com.br\/noticias\/#\/schema\/person\/829bbe8d57f84333b966b96229c6bf5f","name":"Marco Ant\u00f4nio Lopes","image":{"@type":"ImageObject","inLanguage":"pt-BR","@id":"https:\/\/www.suno.com.br\/noticias\/#\/schema\/person\/image\/","url":"https:\/\/secure.gravatar.com\/avatar\/385167b012fbc1cde32c5446ee253313?s=96&r=g","contentUrl":"https:\/\/secure.gravatar.com\/avatar\/385167b012fbc1cde32c5446ee253313?s=96&r=g","caption":"Marco Ant\u00f4nio Lopes"},"description":"Jornalista, \u00e9 editor no Suno Not\u00edcias. Trabalhou nas revistas Playboy, Super, Veja Comer &amp; Beber, Homem Vogue e Universo Masculino, al\u00e9m dos portais Abril.com, R7, nas editorias de Home, Esportes, Hora 7, Entretenimento e Geral, e Eu Quero Investir. Autor do livro Bruce Lee: Definitivo (Editora Conrad). Colaborou nas revistas Nova, Veja SP, Grandes Guerras, Placar, Bizz, Casa Claudia e Quatro Rodas.","url":"https:\/\/www.suno.com.br\/noticias\/author\/marco-lopes\/"}]}},"default_loop_html":"<div class=\"cardsPage__listCard__boxs\"><div class=\"cardsPage__listCard__boxs__img\"><a href=\"https:\/\/www.suno.com.br\/noticias\/desemprego-cai-mas-atinge-129-milhoes-aponta-pnad\/\"><img class=\"mask\" src=\"https:\/\/www.suno.com.br\/noticias\/wp-content\/themes\/suno\/resources\/images\/spotlight\/spotlight1img\/bg-mask.png\" alt=\"Image Mask\"\/><img src=\"https:\/\/files.sunoresearch.com.br\/n\/uploads\/2021\/11\/Taxa-de-desemprego-fica-em-14-3-no-trimestre-ate-outubro-diz-IBGE-400x200.jpg\" alt=\"Desemprego cai 1,6 ponto percentual, mas atinge 12,9 milh\u00f5es, aponta Pnad\"\/><\/a><span class=\"spotlightCategory\"><a href=\"https:\/\/www.suno.com.br\/noticias\/economia\/\">Economia<\/a><\/span><\/div><div class=\"cardsPage__listCard__boxs__content\"><a href=\"https:\/\/www.suno.com.br\/noticias\/desemprego-cai-mas-atinge-129-milhoes-aponta-pnad\/\"><h2 class=\"content__title\">Desemprego cai 1,6 ponto percentual, mas atinge 12,9 milh\u00f5es, aponta Pnad<\/h2><\/a><div class=\"newsContent__article__meta\"><div class=\"newsContent__article__meta__authorBox\"><a href=\"https:\/\/www.suno.com.br\/noticias\/author\/marco-lopes\/\" class=\"authorBox__avatar noMobi\"><img src=\"https:\/\/secure.gravatar.com\/avatar\/385167b012fbc1cde32c5446ee253313?s=96&#038;r=g\" alt=\"Marco Ant\u00f4nio Lopes\"><\/a><div class=\"authorBox__name\"><span>por\n\t\t\t<a href=\"https:\/\/www.suno.com.br\/noticias\/author\/marco-lopes\/\"><span itemprop=\"author\">Marco Ant\u00f4nio Lopes<\/span><\/a><\/span><time datetime=\"2021-12-28T11:58:29-03:00\" itemprop=\"datePublished\">28\/12\/2021 11:58<\/time><\/div><\/div><\/div><\/div><\/div>","single_layout":"posts","amp_enabled":true,"_links":{"self":[{"href":"https:\/\/www.suno.com.br\/noticias\/wp-json\/wp\/v2\/posts\/217853"}],"collection":[{"href":"https:\/\/www.suno.com.br\/noticias\/wp-json\/wp\/v2\/posts"}],"about":[{"href":"https:\/\/www.suno.com.br\/noticias\/wp-json\/wp\/v2\/types\/post"}],"author":[{"embeddable":true,"href":"https:\/\/www.suno.com.br\/noticias\/wp-json\/wp\/v2\/users\/98"}],"replies":[{"embeddable":true,"href":"https:\/\/www.suno.com.br\/noticias\/wp-json\/wp\/v2\/comments?post=217853"}],"version-history":[{"count":1,"href":"https:\/\/www.suno.com.br\/noticias\/wp-json\/wp\/v2\/posts\/217853\/revisions"}],"predecessor-version":[{"id":217854,"href":"https:\/\/www.suno.com.br\/noticias\/wp-json\/wp\/v2\/posts\/217853\/revisions\/217854"}],"wp:featuredmedia":[{"embeddable":true,"href":"https:\/\/www.suno.com.br\/noticias\/wp-json\/wp\/v2\/media\/210277"}],"wp:attachment":[{"href":"https:\/\/www.suno.com.br\/noticias\/wp-json\/wp\/v2\/media?parent=217853"}],"wp:term":[{"taxonomy":"category","embeddable":true,"href":"https:\/\/www.suno.com.br\/noticias\/wp-json\/wp\/v2\/categories?post=217853"},{"taxonomy":"post_tag","embeddable":true,"href":"https:\/\/www.suno.com.br\/noticias\/wp-json\/wp\/v2\/tags?post=217853"},{"taxonomy":"suno_strategy","embeddable":true,"href":"https:\/\/www.suno.com.br\/noticias\/wp-json\/wp\/v2\/suno_strategy?post=217853"}],"curies":[{"name":"wp","href":"https:\/\/api.w.org\/{rel}","templated":true}]}}