{"id":217826,"date":"2021-12-28T11:34:39","date_gmt":"2021-12-28T14:34:39","guid":{"rendered":"https:\/\/www.suno.com.br\/noticias\/?p=217826"},"modified":"2021-12-28T11:34:39","modified_gmt":"2021-12-28T14:34:39","slug":"fgv-confianca-do-comercio-tem-queda-de-27-pontos-em-dezembro","status":"publish","type":"post","link":"https:\/\/www.suno.com.br\/noticias\/fgv-confianca-do-comercio-tem-queda-de-27-pontos-em-dezembro\/","title":{"rendered":"FGV: Confian\u00e7a do com\u00e9rcio tem queda de 2,7 pontos em dezembro"},"content":{"rendered":"<p>O \u00cdndice de <strong>Confian\u00e7a do Com\u00e9rcio<\/strong> (Icom) caiu 2,7 pontos em dezembro deste ano, na compara\u00e7\u00e3o com o m\u00eas anterior. Com isso, o indicador, que mede a confian\u00e7a dos empres\u00e1rios brasileiros do setor, chegou a 85,3 pontos, o menor patamar desde abril deste ano (84,1 pontos), segundo dados divulgados nesta ter\u00e7a (28) pela Funda\u00e7\u00e3o Getulio Vargas (FGV).<img decoding=\"async\" style=\"width: 1px; height: 1px;\" src=\"https:\/\/agenciabrasil.ebc.com.br\/ebc.png?id=1434158&amp;o=rss\" \/><img decoding=\"async\" style=\"width: 1px; height: 1px;\" src=\"https:\/\/agenciabrasil.ebc.com.br\/ebc.gif?id=1434158&amp;o=rss\" \/><\/p>\t<div class=\"wrapper-featured-image\">\n\t\t<figure class=\"spotlightImg\">\n\n\t\t\t<picture>\n\t\t\t\t<source media=\"(max-width: 768px)\" srcset=\"https:\/\/files.sunoresearch.com.br\/n\/uploads\/2021\/06\/8061b70b-reabertura_do_comercio_em_sao_paulo_fase_de_transicao_rvrsa_abr_190420212796_0-400x200.jpg\">\n\t\t\t\t<img loading=\"lazy\" decoding=\"async\" class=\"newsContent__article__imgCapa lazyloadDisabled \" src=\"https:\/\/files.sunoresearch.com.br\/n\/uploads\/2021\/06\/8061b70b-reabertura_do_comercio_em_sao_paulo_fase_de_transicao_rvrsa_abr_190420212796_0-800x450.jpg\" width=\"800\" height=\"450\" alt=\"FGV: Confian\u00e7a do com\u00e9rcio tem queda de 2,7 pontos em dezembro\" fetchpriority=high \/>\n\t\t\t<\/picture>\n\n\t\t\t<figcaption class=\"wp-caption-text wp-caption-text--show\">Com\u00e9rcio ter\u00e1 recorde de vendas na Black Friday? Foto: Rovena Rosa\/Ag\u00eancia Brasil<\/figcaption>\n\t\t<\/figure>\n\t<\/div>\n\n\n\t<p>\n\t\t<a href=\"https:\/\/lp.suno.com.br\/planilha-controle-gastos\/\" target=\"_blank\" data-element=\"shortcode-suno-banner\" title=\"Banner SUNO, clique e saiba mais\">\n\t\t\t<picture>\n\t\t\t\t<source media=\"(max-width: 500px)\" srcset=\"https:\/\/files.sunoresearch.com.br\/n\/uploads\/2023\/03\/400x300-Planilha-controle-de-gastos.png\">\n\t\t\t\t<img class=\"newsContent__article__imgCapa newsContent__article__imgCapa--banner\"\n\t\t\t\t\tsrc=\"https:\/\/files.sunoresearch.com.br\/n\/uploads\/2023\/03\/1420x240-Planilha-controle-de-gastos.png\"\n\t\t\t\t\tdata-promo-id=\"101751\"\t\t\t\t\t\t\t\t\t\twidth='1420' height='240'\t\t\t\t\talt=\"https:\/\/files.sunoresearch.com.br\/n\/uploads\/2023\/03\/1420x240-Planilha-controle-de-gastos.png\"\n\t\t\t\t>\n\t\t\t<\/picture>\n\t\t<\/a>\n\t<\/p>\n\n\n<p>Em dezembro, cinco dos seis principais segmentos do setor tiveram queda. O <strong>\u00cdndice da Situa\u00e7\u00e3o Atual<\/strong>, que mede a confian\u00e7a no presente, foi o principal respons\u00e1vel pelo recuo do Icom no m\u00eas, ao ceder 4,3 pontos e chegar a 84 pontos. O indicador vai de zero a 200.<\/p>\n<p>O<strong> \u00cdndice de Expectativas<\/strong>, que mede a confian\u00e7a no futuro, caiu 0,9 ponto e passou para 87,3 pontos. \u201cApesar da melhora da pandemia, o setor continuando sentindo os efeitos negativos da baixa confian\u00e7a do consumidor, lenta recupera\u00e7\u00e3o do mercado de trabalho, alta infla\u00e7\u00e3o e juros em alta\u201d, avalia o economista da FGV Rodolpho Tobler.<\/p>\n\t<p>\n\t\t<a href=\"https:\/\/lp.suno.com.br\/ebook-como-analisar-uma-acao\/\" target=\"_blank\" data-element=\"shortcode-suno-banner\" title=\"Banner SUNO, clique e saiba mais\">\n\t\t\t<picture>\n\t\t\t\t<source media=\"(max-width: 500px)\" srcset=\"https:\/\/files.sunoresearch.com.br\/n\/uploads\/2023\/03\/Ebook-Acoes-Mobile-1.jpg\">\n\t\t\t\t<img class=\"newsContent__article__imgCapa newsContent__article__imgCapa--banner\"\n\t\t\t\t\tsrc=\"https:\/\/files.sunoresearch.com.br\/n\/uploads\/2023\/03\/Ebook-Acoes-Desktop-1.jpg\"\n\t\t\t\t\tdata-promo-id=\"171998\"\t\t\t\t\t\t\t\t\t\twidth='1420' height='286'\t\t\t\t\talt=\"https:\/\/files.sunoresearch.com.br\/n\/uploads\/2023\/03\/Ebook-Acoes-Desktop-1.jpg\"\n\t\t\t\t>\n\t\t\t<\/picture>\n\t\t<\/a>\n\t<\/p>\n\n\n<h2>Confian\u00e7a do empres\u00e1rio de servi\u00e7os recua 1,3 ponto em dezembro<\/h2>\n<p>O <strong>\u00cdndice de Confian\u00e7a de Servi\u00e7os<\/strong> (ICS), medido pela Funda\u00e7\u00e3o Getulio Vargas (FGV), recuou 1,3 ponto de novembro para dezembro deste ano.<img decoding=\"async\" style=\"width: 1px; height: 1px;\" src=\"https:\/\/agenciabrasil.ebc.com.br\/ebc.png?id=1434152&amp;o=rss\" \/><img decoding=\"async\" style=\"width: 1px; height: 1px;\" src=\"https:\/\/agenciabrasil.ebc.com.br\/ebc.gif?id=1434152&amp;o=rss\" \/><\/p>\n<p>Essa foi a segunda queda consecutiva do indicador, que atingiu 95,5 pontos, em uma escala que vai de zero a 200 pontos.<\/p>\n\t<p>\n\t\t<a href=\"https:\/\/lp.suno.com.br\/planilha-da-vida-financeira\/\" target=\"_blank\" data-element=\"shortcode-suno-banner\" title=\"Banner SUNO, clique e saiba mais\">\n\t\t\t<picture>\n\t\t\t\t<source media=\"(max-width: 500px)\" srcset=\"https:\/\/files.sunoresearch.com.br\/n\/uploads\/2023\/04\/400x300-Planilha-vida-financeira-true.png\">\n\t\t\t\t<img class=\"newsContent__article__imgCapa newsContent__article__imgCapa--banner\"\n\t\t\t\t\tsrc=\"https:\/\/files.sunoresearch.com.br\/n\/uploads\/2023\/04\/1420x240-Planilha-vida-financeira-true.png\"\n\t\t\t\t\tdata-promo-id=\"106682\"\t\t\t\t\t\t\t\t\t\twidth='1420' height='240'\t\t\t\t\talt=\"https:\/\/files.sunoresearch.com.br\/n\/uploads\/2023\/04\/1420x240-Planilha-vida-financeira-true.png\"\n\t\t\t\t>\n\t\t\t<\/picture>\n\t\t<\/a>\n\t<\/p>\n\n\n<p>A <strong>queda da confian\u00e7a do empres\u00e1rio de servi\u00e7os<\/strong> brasileiro foi puxada principalmente pela piora das avalia\u00e7\u00f5es sobre o futuro. O \u00cdndice de Expectativas cedeu 2,2 pontos e chegou a 98,7 pontos, o menor n\u00edvel desde maio (92,4 pontos).<\/p>\n\t<p>\n\t\t<a href=\"https:\/\/lp.suno.com.br\/planilha-de-controle-de-investimentos\/\" target=\"_blank\" data-element=\"shortcode-suno-banner\" title=\"Banner SUNO, clique e saiba mais\">\n\t\t\t<picture>\n\t\t\t\t<source media=\"(max-width: 500px)\" srcset=\"https:\/\/files.sunoresearch.com.br\/n\/uploads\/2023\/03\/400x300-Controle-de-Investimentos.png\">\n\t\t\t\t<img class=\"newsContent__article__imgCapa newsContent__article__imgCapa--banner\"\n\t\t\t\t\tsrc=\"https:\/\/files.sunoresearch.com.br\/n\/uploads\/2023\/03\/1420x240-Controle-de-Investimentos.png\"\n\t\t\t\t\tdata-promo-id=\"75934\"\t\t\t\t\t\t\t\t\t\twidth='1420' height='240'\t\t\t\t\talt=\"https:\/\/files.sunoresearch.com.br\/n\/uploads\/2023\/03\/1420x240-Controle-de-Investimentos.png\"\n\t\t\t\t>\n\t\t\t<\/picture>\n\t\t<\/a>\n\t<\/p>\n\n\n<p>O \u00cdndice da Situa\u00e7\u00e3o Atual, que mede a confian\u00e7a no presente, caiu como o \u00cdndice de <strong>Confian\u00e7a do Com\u00e9rcio<\/strong>, mas de forma mais moderada (-0,3 ponto) e chegou a 92,5 pontos. \u201cApesar do programa de vacina\u00e7\u00e3o seguir avan\u00e7ando, o cen\u00e1rio para os pr\u00f3ximos meses ainda parece muito incerto, principalmente pelo ambiente macroecon\u00f4mico mais fr\u00e1gil e a d\u00favida sobre nova variante\u201d, afirma o economista da FGV Rodolpho Tobler.<\/p>\n\t<p>\n\t\t<a href=\"\" target=\"_blank\" data-element=\"shortcode-suno-banner\" title=\"Banner SUNO, clique e saiba mais\">\n\t\t\t<picture>\n\t\t\t\t<source media=\"(max-width: 500px)\" srcset=\"\">\n\t\t\t\t<img class=\"newsContent__article__imgCapa newsContent__article__imgCapa--banner\"\n\t\t\t\t\tsrc=\"\"\n\t\t\t\t\tdata-promo-id=\"184190\"\t\t\t\t\t\t\t\t\t\t\t\t\t\t\talt=\"\"\n\t\t\t\t>\n\t\t\t<\/picture>\n\t\t<\/a>\n\t<\/p>\n\n\n<p><em>Com Ag\u00eancia Brasil<\/em><\/p>\n","protected":false},"excerpt":{"rendered":"<p>O \u00cdndice de Confian\u00e7a do Com\u00e9rcio (Icom) caiu 2,7 pontos em dezembro deste ano, na compara\u00e7\u00e3o com o m\u00eas anterior. Com isso, o indicador, que mede a confian\u00e7a dos empres\u00e1rios brasileiros do setor, chegou a 85,3 pontos, o menor patamar desde abril deste ano (84,1 pontos), segundo dados divulgados nesta ter\u00e7a (28) pela Funda\u00e7\u00e3o Getulio [&hellip;]<\/p>\n","protected":false},"author":43,"featured_media":156477,"comment_status":"closed","ping_status":"closed","sticky":false,"template":"","format":"standard","meta":[],"categories":[62],"tags":[2479],"suno_strategy":[],"class_list":["post-217826","post","type-post","status-publish","format-standard","has-post-thumbnail","hentry","category-economia","tag-confianca-do-empresario"],"yoast_head":"<!-- This site is optimized with the Yoast SEO plugin v24.4 - https:\/\/yoast.com\/wordpress\/plugins\/seo\/ -->\n<title>Confian\u00e7a do com\u00e9rcio tem queda de 2,7 pontos em dezembro, diz FGV<\/title>\n<meta name=\"description\" content=\"O \u00cdndice de Confian\u00e7a do Com\u00e9rcio (Icom) caiu 2,7 pontos em dezembro deste ano, na compara\u00e7\u00e3o com o m\u00eas anterior.\" \/>\n<meta name=\"robots\" content=\"index, follow, max-snippet:-1, max-image-preview:large, max-video-preview:-1\" \/>\n<link rel=\"canonical\" href=\"https:\/\/www.suno.com.br\/noticias\/fgv-confianca-do-comercio-tem-queda-de-27-pontos-em-dezembro\/\" \/>\n<meta property=\"og:locale\" content=\"pt_BR\" \/>\n<meta property=\"og:type\" content=\"article\" \/>\n<meta property=\"og:title\" content=\"Confian\u00e7a do com\u00e9rcio tem queda de 2,7 pontos em dezembro, diz FGV\" \/>\n<meta property=\"og:description\" content=\"O \u00cdndice de Confian\u00e7a do Com\u00e9rcio (Icom) caiu 2,7 pontos em dezembro deste ano, na compara\u00e7\u00e3o com o m\u00eas anterior.\" \/>\n<meta property=\"og:url\" content=\"https:\/\/www.suno.com.br\/noticias\/fgv-confianca-do-comercio-tem-queda-de-27-pontos-em-dezembro\/\" \/>\n<meta property=\"og:site_name\" content=\"Suno Not\u00edcias\" \/>\n<meta property=\"article:publisher\" content=\"https:\/\/facebook.com\/sunoresearch\" \/>\n<meta property=\"article:author\" content=\"https:\/\/www.facebook.com\/sunonoticias\/\" \/>\n<meta property=\"og:image\" content=\"https:\/\/files.sunoresearch.com.br\/n\/uploads\/2021\/06\/8061b70b-reabertura_do_comercio_em_sao_paulo_fase_de_transicao_rvrsa_abr_190420212796_0-scaled.jpg\" \/>\n\t<meta property=\"og:image:width\" content=\"2560\" \/>\n\t<meta property=\"og:image:height\" content=\"1707\" \/>\n\t<meta property=\"og:image:type\" content=\"image\/jpeg\" \/>\n<meta name=\"author\" content=\"Reda\u00e7\u00e3o Suno Not\u00edcias\" \/>\n<meta name=\"twitter:card\" content=\"summary_large_image\" \/>\n<meta name=\"twitter:creator\" content=\"@https:\/\/twitter.com\/sunoresearch\" \/>\n<meta name=\"twitter:site\" content=\"@sunoresearch\" \/>\n<meta name=\"twitter:label1\" content=\"Escrito por\" \/>\n\t<meta name=\"twitter:data1\" content=\"Reda\u00e7\u00e3o Suno Not\u00edcias\" \/>\n\t<meta name=\"twitter:label2\" content=\"Est. tempo de leitura\" \/>\n\t<meta name=\"twitter:data2\" content=\"2 minutos\" \/>\n<script type=\"application\/ld+json\" class=\"yoast-schema-graph\">{\"@context\":\"https:\/\/schema.org\",\"@graph\":[{\"@type\":\"NewsArticle\",\"@id\":\"https:\/\/www.suno.com.br\/noticias\/fgv-confianca-do-comercio-tem-queda-de-27-pontos-em-dezembro\/#article\",\"isPartOf\":{\"@id\":\"https:\/\/www.suno.com.br\/noticias\/fgv-confianca-do-comercio-tem-queda-de-27-pontos-em-dezembro\/\"},\"author\":{\"name\":\"Reda\u00e7\u00e3o Suno Not\u00edcias\",\"@id\":\"https:\/\/www.suno.com.br\/noticias\/#\/schema\/person\/c1b1bd3727fa852bd045e9dbff3673ea\"},\"headline\":\"FGV: Confian\u00e7a do com\u00e9rcio tem queda de 2,7 pontos em dezembro\",\"datePublished\":\"2021-12-28T14:34:39+00:00\",\"mainEntityOfPage\":{\"@id\":\"https:\/\/www.suno.com.br\/noticias\/fgv-confianca-do-comercio-tem-queda-de-27-pontos-em-dezembro\/\"},\"wordCount\":370,\"publisher\":{\"@id\":\"https:\/\/www.suno.com.br\/noticias\/#organization\"},\"image\":{\"@id\":\"https:\/\/www.suno.com.br\/noticias\/fgv-confianca-do-comercio-tem-queda-de-27-pontos-em-dezembro\/#primaryimage\"},\"thumbnailUrl\":\"https:\/\/files.sunoresearch.com.br\/n\/uploads\/2021\/06\/8061b70b-reabertura_do_comercio_em_sao_paulo_fase_de_transicao_rvrsa_abr_190420212796_0-scaled.jpg\",\"keywords\":[\"confian\u00e7a do empres\u00e1rio\"],\"articleSection\":[\"Economia\"],\"inLanguage\":\"pt-BR\"},{\"@type\":\"WebPage\",\"@id\":\"https:\/\/www.suno.com.br\/noticias\/fgv-confianca-do-comercio-tem-queda-de-27-pontos-em-dezembro\/\",\"url\":\"https:\/\/www.suno.com.br\/noticias\/fgv-confianca-do-comercio-tem-queda-de-27-pontos-em-dezembro\/\",\"name\":\"Confian\u00e7a do com\u00e9rcio tem queda de 2,7 pontos em dezembro, diz FGV\",\"isPartOf\":{\"@id\":\"https:\/\/www.suno.com.br\/noticias\/#website\"},\"primaryImageOfPage\":{\"@id\":\"https:\/\/www.suno.com.br\/noticias\/fgv-confianca-do-comercio-tem-queda-de-27-pontos-em-dezembro\/#primaryimage\"},\"image\":{\"@id\":\"https:\/\/www.suno.com.br\/noticias\/fgv-confianca-do-comercio-tem-queda-de-27-pontos-em-dezembro\/#primaryimage\"},\"thumbnailUrl\":\"https:\/\/files.sunoresearch.com.br\/n\/uploads\/2021\/06\/8061b70b-reabertura_do_comercio_em_sao_paulo_fase_de_transicao_rvrsa_abr_190420212796_0-scaled.jpg\",\"datePublished\":\"2021-12-28T14:34:39+00:00\",\"description\":\"O \u00cdndice de Confian\u00e7a do Com\u00e9rcio (Icom) caiu 2,7 pontos em dezembro deste ano, na compara\u00e7\u00e3o com o m\u00eas anterior.\",\"breadcrumb\":{\"@id\":\"https:\/\/www.suno.com.br\/noticias\/fgv-confianca-do-comercio-tem-queda-de-27-pontos-em-dezembro\/#breadcrumb\"},\"inLanguage\":\"pt-BR\",\"potentialAction\":[{\"@type\":\"ReadAction\",\"target\":[\"https:\/\/www.suno.com.br\/noticias\/fgv-confianca-do-comercio-tem-queda-de-27-pontos-em-dezembro\/\"]}]},{\"@type\":\"ImageObject\",\"inLanguage\":\"pt-BR\",\"@id\":\"https:\/\/www.suno.com.br\/noticias\/fgv-confianca-do-comercio-tem-queda-de-27-pontos-em-dezembro\/#primaryimage\",\"url\":\"https:\/\/files.sunoresearch.com.br\/n\/uploads\/2021\/06\/8061b70b-reabertura_do_comercio_em_sao_paulo_fase_de_transicao_rvrsa_abr_190420212796_0-scaled.jpg\",\"contentUrl\":\"https:\/\/files.sunoresearch.com.br\/n\/uploads\/2021\/06\/8061b70b-reabertura_do_comercio_em_sao_paulo_fase_de_transicao_rvrsa_abr_190420212796_0-scaled.jpg\",\"width\":2560,\"height\":1707,\"caption\":\"Com\u00e9rcio ter\u00e1 recorde de vendas na Black Friday? Foto: Rovena Rosa\/Ag\u00eancia Brasil\"},{\"@type\":\"BreadcrumbList\",\"@id\":\"https:\/\/www.suno.com.br\/noticias\/fgv-confianca-do-comercio-tem-queda-de-27-pontos-em-dezembro\/#breadcrumb\",\"itemListElement\":[{\"@type\":\"ListItem\",\"position\":1,\"name\":\"Not\u00edcias\",\"item\":\"https:\/\/www.suno.com.br\/noticias\/\"},{\"@type\":\"ListItem\",\"position\":2,\"name\":\"Economia\",\"item\":\"https:\/\/www.suno.com.br\/noticias\/economia\/\"},{\"@type\":\"ListItem\",\"position\":3,\"name\":\"FGV: Confian\u00e7a do com\u00e9rcio tem queda de 2,7 pontos em dezembro\"}]},{\"@type\":\"WebSite\",\"@id\":\"https:\/\/www.suno.com.br\/noticias\/#website\",\"url\":\"https:\/\/www.suno.com.br\/noticias\/\",\"name\":\"Suno Not\u00edcias\",\"description\":\"Seu portal de informa\u00e7\u00e3o sobre o mundo dos investimentos\",\"publisher\":{\"@id\":\"https:\/\/www.suno.com.br\/noticias\/#organization\"},\"potentialAction\":[{\"@type\":\"SearchAction\",\"target\":{\"@type\":\"EntryPoint\",\"urlTemplate\":\"https:\/\/www.suno.com.br\/noticias\/?s={search_term_string}\"},\"query-input\":{\"@type\":\"PropertyValueSpecification\",\"valueRequired\":true,\"valueName\":\"search_term_string\"}}],\"inLanguage\":\"pt-BR\"},{\"@type\":\"Organization\",\"@id\":\"https:\/\/www.suno.com.br\/noticias\/#organization\",\"name\":\"Suno Not\u00edcias\",\"url\":\"https:\/\/www.suno.com.br\/noticias\/\",\"logo\":{\"@type\":\"ImageObject\",\"inLanguage\":\"pt-BR\",\"@id\":\"https:\/\/www.suno.com.br\/noticias\/#\/schema\/logo\/image\/\",\"url\":\"https:\/\/files.sunoresearch.com.br\/n\/uploads\/2021\/09\/suno-logo.png\",\"contentUrl\":\"https:\/\/files.sunoresearch.com.br\/n\/uploads\/2021\/09\/suno-logo.png\",\"width\":180,\"height\":180,\"caption\":\"Suno Not\u00edcias\"},\"image\":{\"@id\":\"https:\/\/www.suno.com.br\/noticias\/#\/schema\/logo\/image\/\"},\"sameAs\":[\"https:\/\/facebook.com\/sunoresearch\",\"https:\/\/x.com\/sunoresearch\",\"https:\/\/www.instagram.com\/suno\",\"https:\/\/www.linkedin.com\/company\/suno-research\/\",\"https:\/\/www.youtube.com\/c\/sunoresearch\"]},{\"@type\":\"Person\",\"@id\":\"https:\/\/www.suno.com.br\/noticias\/#\/schema\/person\/c1b1bd3727fa852bd045e9dbff3673ea\",\"name\":\"Reda\u00e7\u00e3o Suno Not\u00edcias\",\"image\":{\"@type\":\"ImageObject\",\"inLanguage\":\"pt-BR\",\"@id\":\"https:\/\/www.suno.com.br\/noticias\/#\/schema\/person\/image\/\",\"url\":\"https:\/\/secure.gravatar.com\/avatar\/b8104b9b5a71985d5238ee59fbe418af?s=96&r=g\",\"contentUrl\":\"https:\/\/secure.gravatar.com\/avatar\/b8104b9b5a71985d5238ee59fbe418af?s=96&r=g\",\"caption\":\"Reda\u00e7\u00e3o Suno Not\u00edcias\"},\"description\":\"O Suno Not\u00edcias \u00e9 um portal de informa\u00e7\u00f5es sobre Mercado Financeiro, Pol\u00edtica, Neg\u00f3cios, Economia e Finan\u00e7as Pessoais.\",\"sameAs\":[\"https:\/\/www.suno.com.br\/noticias\",\"https:\/\/www.facebook.com\/sunonoticias\/\",\"https:\/\/www.instagram.com\/sunonoticias\/\",\"https:\/\/x.com\/https:\/\/twitter.com\/sunoresearch\",\"https:\/\/www.youtube.com\/sunonoticias\"],\"url\":\"https:\/\/www.suno.com.br\/noticias\/author\/redacao-suno\/\"}]}<\/script>\n<!-- \/ Yoast SEO plugin. -->","yoast_head_json":{"title":"Confian\u00e7a do com\u00e9rcio tem queda de 2,7 pontos em dezembro, diz FGV","description":"O \u00cdndice de Confian\u00e7a do Com\u00e9rcio (Icom) caiu 2,7 pontos em dezembro deste ano, na compara\u00e7\u00e3o com o m\u00eas anterior.","robots":{"index":"index","follow":"follow","max-snippet":"max-snippet:-1","max-image-preview":"max-image-preview:large","max-video-preview":"max-video-preview:-1"},"canonical":"https:\/\/www.suno.com.br\/noticias\/fgv-confianca-do-comercio-tem-queda-de-27-pontos-em-dezembro\/","og_locale":"pt_BR","og_type":"article","og_title":"Confian\u00e7a do com\u00e9rcio tem queda de 2,7 pontos em dezembro, diz FGV","og_description":"O \u00cdndice de Confian\u00e7a do Com\u00e9rcio (Icom) caiu 2,7 pontos em dezembro deste ano, na compara\u00e7\u00e3o com o m\u00eas anterior.","og_url":"https:\/\/www.suno.com.br\/noticias\/fgv-confianca-do-comercio-tem-queda-de-27-pontos-em-dezembro\/","og_site_name":"Suno Not\u00edcias","article_publisher":"https:\/\/facebook.com\/sunoresearch","article_author":"https:\/\/www.facebook.com\/sunonoticias\/","og_image":[{"width":2560,"height":1707,"url":"https:\/\/files.sunoresearch.com.br\/n\/uploads\/2021\/06\/8061b70b-reabertura_do_comercio_em_sao_paulo_fase_de_transicao_rvrsa_abr_190420212796_0-scaled.jpg","type":"image\/jpeg"}],"author":"Reda\u00e7\u00e3o Suno Not\u00edcias","twitter_card":"summary_large_image","twitter_creator":"@https:\/\/twitter.com\/sunoresearch","twitter_site":"@sunoresearch","twitter_misc":{"Escrito por":"Reda\u00e7\u00e3o Suno Not\u00edcias","Est. tempo de leitura":"2 minutos"},"schema":{"@context":"https:\/\/schema.org","@graph":[{"@type":"NewsArticle","@id":"https:\/\/www.suno.com.br\/noticias\/fgv-confianca-do-comercio-tem-queda-de-27-pontos-em-dezembro\/#article","isPartOf":{"@id":"https:\/\/www.suno.com.br\/noticias\/fgv-confianca-do-comercio-tem-queda-de-27-pontos-em-dezembro\/"},"author":{"name":"Reda\u00e7\u00e3o Suno Not\u00edcias","@id":"https:\/\/www.suno.com.br\/noticias\/#\/schema\/person\/c1b1bd3727fa852bd045e9dbff3673ea"},"headline":"FGV: Confian\u00e7a do com\u00e9rcio tem queda de 2,7 pontos em dezembro","datePublished":"2021-12-28T14:34:39+00:00","mainEntityOfPage":{"@id":"https:\/\/www.suno.com.br\/noticias\/fgv-confianca-do-comercio-tem-queda-de-27-pontos-em-dezembro\/"},"wordCount":370,"publisher":{"@id":"https:\/\/www.suno.com.br\/noticias\/#organization"},"image":{"@id":"https:\/\/www.suno.com.br\/noticias\/fgv-confianca-do-comercio-tem-queda-de-27-pontos-em-dezembro\/#primaryimage"},"thumbnailUrl":"https:\/\/files.sunoresearch.com.br\/n\/uploads\/2021\/06\/8061b70b-reabertura_do_comercio_em_sao_paulo_fase_de_transicao_rvrsa_abr_190420212796_0-scaled.jpg","keywords":["confian\u00e7a do empres\u00e1rio"],"articleSection":["Economia"],"inLanguage":"pt-BR"},{"@type":"WebPage","@id":"https:\/\/www.suno.com.br\/noticias\/fgv-confianca-do-comercio-tem-queda-de-27-pontos-em-dezembro\/","url":"https:\/\/www.suno.com.br\/noticias\/fgv-confianca-do-comercio-tem-queda-de-27-pontos-em-dezembro\/","name":"Confian\u00e7a do com\u00e9rcio tem queda de 2,7 pontos em dezembro, diz FGV","isPartOf":{"@id":"https:\/\/www.suno.com.br\/noticias\/#website"},"primaryImageOfPage":{"@id":"https:\/\/www.suno.com.br\/noticias\/fgv-confianca-do-comercio-tem-queda-de-27-pontos-em-dezembro\/#primaryimage"},"image":{"@id":"https:\/\/www.suno.com.br\/noticias\/fgv-confianca-do-comercio-tem-queda-de-27-pontos-em-dezembro\/#primaryimage"},"thumbnailUrl":"https:\/\/files.sunoresearch.com.br\/n\/uploads\/2021\/06\/8061b70b-reabertura_do_comercio_em_sao_paulo_fase_de_transicao_rvrsa_abr_190420212796_0-scaled.jpg","datePublished":"2021-12-28T14:34:39+00:00","description":"O \u00cdndice de Confian\u00e7a do Com\u00e9rcio (Icom) caiu 2,7 pontos em dezembro deste ano, na compara\u00e7\u00e3o com o m\u00eas anterior.","breadcrumb":{"@id":"https:\/\/www.suno.com.br\/noticias\/fgv-confianca-do-comercio-tem-queda-de-27-pontos-em-dezembro\/#breadcrumb"},"inLanguage":"pt-BR","potentialAction":[{"@type":"ReadAction","target":["https:\/\/www.suno.com.br\/noticias\/fgv-confianca-do-comercio-tem-queda-de-27-pontos-em-dezembro\/"]}]},{"@type":"ImageObject","inLanguage":"pt-BR","@id":"https:\/\/www.suno.com.br\/noticias\/fgv-confianca-do-comercio-tem-queda-de-27-pontos-em-dezembro\/#primaryimage","url":"https:\/\/files.sunoresearch.com.br\/n\/uploads\/2021\/06\/8061b70b-reabertura_do_comercio_em_sao_paulo_fase_de_transicao_rvrsa_abr_190420212796_0-scaled.jpg","contentUrl":"https:\/\/files.sunoresearch.com.br\/n\/uploads\/2021\/06\/8061b70b-reabertura_do_comercio_em_sao_paulo_fase_de_transicao_rvrsa_abr_190420212796_0-scaled.jpg","width":2560,"height":1707,"caption":"Com\u00e9rcio ter\u00e1 recorde de vendas na Black Friday? Foto: Rovena Rosa\/Ag\u00eancia Brasil"},{"@type":"BreadcrumbList","@id":"https:\/\/www.suno.com.br\/noticias\/fgv-confianca-do-comercio-tem-queda-de-27-pontos-em-dezembro\/#breadcrumb","itemListElement":[{"@type":"ListItem","position":1,"name":"Not\u00edcias","item":"https:\/\/www.suno.com.br\/noticias\/"},{"@type":"ListItem","position":2,"name":"Economia","item":"https:\/\/www.suno.com.br\/noticias\/economia\/"},{"@type":"ListItem","position":3,"name":"FGV: Confian\u00e7a do com\u00e9rcio tem queda de 2,7 pontos em dezembro"}]},{"@type":"WebSite","@id":"https:\/\/www.suno.com.br\/noticias\/#website","url":"https:\/\/www.suno.com.br\/noticias\/","name":"Suno Not\u00edcias","description":"Seu portal de informa\u00e7\u00e3o sobre o mundo dos investimentos","publisher":{"@id":"https:\/\/www.suno.com.br\/noticias\/#organization"},"potentialAction":[{"@type":"SearchAction","target":{"@type":"EntryPoint","urlTemplate":"https:\/\/www.suno.com.br\/noticias\/?s={search_term_string}"},"query-input":{"@type":"PropertyValueSpecification","valueRequired":true,"valueName":"search_term_string"}}],"inLanguage":"pt-BR"},{"@type":"Organization","@id":"https:\/\/www.suno.com.br\/noticias\/#organization","name":"Suno Not\u00edcias","url":"https:\/\/www.suno.com.br\/noticias\/","logo":{"@type":"ImageObject","inLanguage":"pt-BR","@id":"https:\/\/www.suno.com.br\/noticias\/#\/schema\/logo\/image\/","url":"https:\/\/files.sunoresearch.com.br\/n\/uploads\/2021\/09\/suno-logo.png","contentUrl":"https:\/\/files.sunoresearch.com.br\/n\/uploads\/2021\/09\/suno-logo.png","width":180,"height":180,"caption":"Suno Not\u00edcias"},"image":{"@id":"https:\/\/www.suno.com.br\/noticias\/#\/schema\/logo\/image\/"},"sameAs":["https:\/\/facebook.com\/sunoresearch","https:\/\/x.com\/sunoresearch","https:\/\/www.instagram.com\/suno","https:\/\/www.linkedin.com\/company\/suno-research\/","https:\/\/www.youtube.com\/c\/sunoresearch"]},{"@type":"Person","@id":"https:\/\/www.suno.com.br\/noticias\/#\/schema\/person\/c1b1bd3727fa852bd045e9dbff3673ea","name":"Reda\u00e7\u00e3o Suno Not\u00edcias","image":{"@type":"ImageObject","inLanguage":"pt-BR","@id":"https:\/\/www.suno.com.br\/noticias\/#\/schema\/person\/image\/","url":"https:\/\/secure.gravatar.com\/avatar\/b8104b9b5a71985d5238ee59fbe418af?s=96&r=g","contentUrl":"https:\/\/secure.gravatar.com\/avatar\/b8104b9b5a71985d5238ee59fbe418af?s=96&r=g","caption":"Reda\u00e7\u00e3o Suno Not\u00edcias"},"description":"O Suno Not\u00edcias \u00e9 um portal de informa\u00e7\u00f5es sobre Mercado Financeiro, Pol\u00edtica, Neg\u00f3cios, Economia e Finan\u00e7as Pessoais.","sameAs":["https:\/\/www.suno.com.br\/noticias","https:\/\/www.facebook.com\/sunonoticias\/","https:\/\/www.instagram.com\/sunonoticias\/","https:\/\/x.com\/https:\/\/twitter.com\/sunoresearch","https:\/\/www.youtube.com\/sunonoticias"],"url":"https:\/\/www.suno.com.br\/noticias\/author\/redacao-suno\/"}]}},"default_loop_html":"<div class=\"cardsPage__listCard__boxs\"><div class=\"cardsPage__listCard__boxs__img\"><a href=\"https:\/\/www.suno.com.br\/noticias\/fgv-confianca-do-comercio-tem-queda-de-27-pontos-em-dezembro\/\"><img class=\"mask\" src=\"https:\/\/www.suno.com.br\/noticias\/wp-content\/themes\/suno\/resources\/images\/spotlight\/spotlight1img\/bg-mask.png\" alt=\"Image Mask\"\/><img src=\"https:\/\/files.sunoresearch.com.br\/n\/uploads\/2021\/06\/8061b70b-reabertura_do_comercio_em_sao_paulo_fase_de_transicao_rvrsa_abr_190420212796_0-400x200.jpg\" alt=\"FGV: Confian\u00e7a do com\u00e9rcio tem queda de 2,7 pontos em dezembro\"\/><\/a><span class=\"spotlightCategory\"><a href=\"https:\/\/www.suno.com.br\/noticias\/economia\/\">Economia<\/a><\/span><\/div><div class=\"cardsPage__listCard__boxs__content\"><a href=\"https:\/\/www.suno.com.br\/noticias\/fgv-confianca-do-comercio-tem-queda-de-27-pontos-em-dezembro\/\"><h2 class=\"content__title\">FGV: Confian\u00e7a do com\u00e9rcio tem queda de 2,7 pontos em dezembro<\/h2><\/a><div class=\"newsContent__article__meta\"><div class=\"newsContent__article__meta__authorBox\"><a href=\"https:\/\/www.suno.com.br\/noticias\/author\/redacao-suno\/\" class=\"authorBox__avatar noMobi\"><img src=\"https:\/\/files.sunoresearch.com.br\/n\/uploads\/2020\/08\/0ace682d-redacao-1-150x150.webp\" alt=\"Reda\u00e7\u00e3o Suno Not\u00edcias\"><\/a><div class=\"authorBox__name\"><span>por\n\t\t\t<a href=\"https:\/\/www.suno.com.br\/noticias\/author\/redacao-suno\/\"><span itemprop=\"author\">Reda\u00e7\u00e3o Suno Not\u00edcias<\/span><\/a><\/span><time datetime=\"2021-12-28T11:34:39-03:00\" itemprop=\"datePublished\">28\/12\/2021 11:34<\/time><\/div><\/div><\/div><\/div><\/div>","single_layout":"posts","amp_enabled":true,"_links":{"self":[{"href":"https:\/\/www.suno.com.br\/noticias\/wp-json\/wp\/v2\/posts\/217826"}],"collection":[{"href":"https:\/\/www.suno.com.br\/noticias\/wp-json\/wp\/v2\/posts"}],"about":[{"href":"https:\/\/www.suno.com.br\/noticias\/wp-json\/wp\/v2\/types\/post"}],"author":[{"embeddable":true,"href":"https:\/\/www.suno.com.br\/noticias\/wp-json\/wp\/v2\/users\/43"}],"replies":[{"embeddable":true,"href":"https:\/\/www.suno.com.br\/noticias\/wp-json\/wp\/v2\/comments?post=217826"}],"version-history":[{"count":2,"href":"https:\/\/www.suno.com.br\/noticias\/wp-json\/wp\/v2\/posts\/217826\/revisions"}],"predecessor-version":[{"id":217851,"href":"https:\/\/www.suno.com.br\/noticias\/wp-json\/wp\/v2\/posts\/217826\/revisions\/217851"}],"wp:featuredmedia":[{"embeddable":true,"href":"https:\/\/www.suno.com.br\/noticias\/wp-json\/wp\/v2\/media\/156477"}],"wp:attachment":[{"href":"https:\/\/www.suno.com.br\/noticias\/wp-json\/wp\/v2\/media?parent=217826"}],"wp:term":[{"taxonomy":"category","embeddable":true,"href":"https:\/\/www.suno.com.br\/noticias\/wp-json\/wp\/v2\/categories?post=217826"},{"taxonomy":"post_tag","embeddable":true,"href":"https:\/\/www.suno.com.br\/noticias\/wp-json\/wp\/v2\/tags?post=217826"},{"taxonomy":"suno_strategy","embeddable":true,"href":"https:\/\/www.suno.com.br\/noticias\/wp-json\/wp\/v2\/suno_strategy?post=217826"}],"curies":[{"name":"wp","href":"https:\/\/api.w.org\/{rel}","templated":true}]}}