{"id":21781,"date":"2019-04-22T08:04:22","date_gmt":"2019-04-22T11:04:22","guid":{"rendered":"https:\/\/www.suno.com.br\/noticias\/?p=21781"},"modified":"2019-04-22T08:04:22","modified_gmt":"2019-04-22T11:04:22","slug":"avianca-sindicato-processa-multa-funcionarios","status":"publish","type":"post","link":"https:\/\/www.suno.com.br\/noticias\/avianca-sindicato-processa-multa-funcionarios\/","title":{"rendered":"Avianca: sindicato processa a\u00e9rea e pede pagamento de multa a funcion\u00e1rios"},"content":{"rendered":"<p>A Avianca Brasil \u00e9 alvo de um processo do <strong>Sindicato Nacional dos Aeronautas<\/strong>. O \u00f3rg\u00e3o exige na Justi\u00e7a que a a\u00e9rea pague a <strong>multa<\/strong> de 40% sobre o <strong>Fundo de Garantia do Tempo de Servi\u00e7o (FGTS)<\/strong> aos funcion\u00e1rios em <strong>Plano de Demiss\u00e3o Volunt\u00e1ria (PVD)<\/strong>.<\/p>\t<div class=\"wrapper-featured-image\">\n\t\t<figure class=\"spotlightImg\">\n\n\t\t\t<picture>\n\t\t\t\t<source media=\"(max-width: 768px)\" srcset=\"https:\/\/files.sunoresearch.com.br\/n\/uploads\/2019\/04\/cfe97dc6-avianca-400x200.webp\">\n\t\t\t\t<img loading=\"lazy\" decoding=\"async\" class=\"newsContent__article__imgCapa lazyloadDisabled newsContent__article__imgCapa--noCaption\" src=\"https:\/\/files.sunoresearch.com.br\/n\/uploads\/2019\/04\/cfe97dc6-avianca-800x450.webp\" width=\"800\" height=\"450\" alt=\"Avianca: sindicato processa a\u00e9rea e pede pagamento de multa a funcion\u00e1rios\" fetchpriority=high \/>\n\t\t\t<\/picture>\n\n\t\t\t<figcaption class=\"wp-caption-text wp-caption-text--hide\">Latam apreensiva com poss\u00edvel fim das opera\u00e7\u00f5es da Avianca<\/figcaption>\n\t\t<\/figure>\n\t<\/div>\n\n\n<p>No in\u00edcio do ano, a <strong>Avianca\u00a0<\/strong>criou um programa de demiss\u00e3o volunt\u00e1ria com o objetivo de atingir 600 funcion\u00e1rios. Al\u00e9m do PVD, a companhia tamb\u00e9m lan\u00e7ou um projeto de licen\u00e7as n\u00e3o remuneradas. No total, 193 empregados aderiram aos planos.<\/p>\n<p>O sindicato que representa pilotos, copilotos e comiss\u00e1rios de bordo pediu tamb\u00e9m o pagamento da rescis\u00e3o aos funcion\u00e1rios que aderiram ao PVD no dia 2 de abril. Este grupo de empregados ainda n\u00e3o recebeu da <strong>Avianca<\/strong> a primeira parcela dos valores garantidos por direito.<\/p>\n\n<h2>A\u00e9rea cancela quase 2 mil voos<\/h2>\n<p>A <strong>Avianca<\/strong> cancelou cerca de 2 mil voos at\u00e9 o pr\u00f3ximo dia 28 de abril. As informa\u00e7\u00f5es foram disponibilizadas pela companhia a\u00e9rea em seu site. As causas desses cancelamentos s\u00e3o ligadas as medidas tomadas pela <strong>Ag\u00eancia Nacional de Avia\u00e7\u00e3o Civil (Anac)<\/strong>.<\/p>\n<p>A <strong>Anac<\/strong> j\u00e1 decretou o cancelamento de 18 matr\u00edculas de aeronaves da <strong>Avianca.<\/strong> Uma medida que cumpriu uma decis\u00e3o judicial que determinou a reintegra\u00e7\u00e3o de posse das aeronaves para as empresas de leasing que eram donas dos avi\u00f5es.<\/p>\n<p>Para tentar minimizar os efeitos negativos dessas medidas, a <strong>Anac<\/strong> recomenda que os passageiros que compraram passagens com a <strong>Avianca<\/strong> fiquem atentos aos comunicados da empresa sobre a situa\u00e7\u00e3o dos voos. Em caso de d\u00favida, os passageiros dever\u00e3o buscar informa\u00e7\u00f5es no site da companhia a\u00e9rea ou pelos canais de atendimento telef\u00f4nico, eletr\u00f4nico ou presencial.<\/p>\n\t<p>\n\t\t<a href=\"https:\/\/lp.suno.com.br\/nossas-assinaturas\/?utm_campaign=_SNC8166F3A4_\" target=\"_blank\" data-element=\"shortcode-suno-banner\" title=\"Banner SUNO, clique e saiba mais\">\n\t\t\t<picture>\n\t\t\t\t<source media=\"(max-width: 500px)\" srcset=\"https:\/\/files.sunoresearch.com.br\/n\/uploads\/2025\/08\/Artigos-e-Noticias-Banner-Materias-01-Mobile_-400x300-1-png.webp\">\n\t\t\t\t<img class=\"newsContent__article__imgCapa newsContent__article__imgCapa--banner\"\n\t\t\t\t\tsrc=\"https:\/\/files.sunoresearch.com.br\/n\/uploads\/2025\/08\/Artigos-e-Noticias-Banner-Materias-01-Desktop_-1420x240-4-png.webp\"\n\t\t\t\t\tdata-promo-id=\"620371\"\t\t\t\t\t\t\t\t\t\twidth='1420' height='240'\t\t\t\t\talt=\"https:\/\/files.sunoresearch.com.br\/n\/uploads\/2025\/08\/Artigos-e-Noticias-Banner-Materias-01-Desktop_-1420x240-4-png.webp\"\n\t\t\t\t>\n\t\t\t<\/picture>\n\t\t<\/a>\n\t<\/p>\n\n\n<p>Por sua vez, a <strong>Avianca<\/strong> se comprometeu com a <strong>Anac<\/strong> a informar com anteced\u00eancia m\u00ednima de 72 horas os voos que ser\u00e3o cancelados.<\/p>\n<p>A Secretaria Nacional do Consumidor (Senacon) notificou a <strong>Avianca<\/strong> pedindo informa\u00e7\u00f5es sobre: o n\u00famero de assentos vendidos pela empresa; como est\u00e1 sendo feita a distribui\u00e7\u00e3o de assentos e eventuais riscos de mais voos serem cancelados.<\/p>\n<p><a href=\"https:\/\/www.suno.com.br\/noticias\/avianca-pode-perder-avioes-acordo\/\">Avianca pode perder avi\u00f5es se n\u00e3o alcan\u00e7ar acordo<\/a><\/p>\n<p>Segundo a secretaria, os consumidores lesados poder\u00e3o apresentar suas reclama\u00e7\u00f5es na plataforma consumidor.gov.br, que pode ser acessada por navegador ou por aplicativo pr\u00f3prio dispon\u00edvel para os sistemas Apple e Android.<\/p>\n<h2>Entenda o caso<\/h2>\n<p>A <strong>Avianca<\/strong> \u00e9 a quarta maior companhia a\u00e9rea do Brasil e est\u00e1 em recupera\u00e7\u00e3o judicial desde 2018. O pedido foi registrado na 1\u00aa Vara Empresarial de S\u00e3o Paulo em 10 de dezembro, ap\u00f3s crescentes preju\u00edzos e atrasos em pagamentos de arrendamento de aeronaves.<\/p>\n<p><a href=\"https:\/\/www.suno.com.br\/noticias\/avianca-cancela-dois-mil-voos\">Avianca cancela quase 2 mil voos at\u00e9 o dia 28 de abril<\/a><\/p>\n<p>A companhia a\u00e9rea\u00a0controla 13% do mercado nacional e registrou um crescimento forte nos \u00faltimos anos.<\/p>\n<p>Tr\u00eas empresas de leasing j\u00e1 pediram restitui\u00e7\u00e3o de avi\u00f5es por conta da falta de pagamento. No total, as empresas arrendaram 14 aeronaves para a companhia a\u00e9rea, equivalente a 30% da frota em opera\u00e7\u00e3o A companhia a\u00e9rea tinha assegurado que nenhuma das opera\u00e7\u00f5es seriam afetadas, mesmo com o processo de recupera\u00e7\u00e3o judicial. Entretanto, a <strong>Avianca<\/strong> Brasil demitiu 140 funcion\u00e1rios na \u00faltima semana.\u00a0Em dezembro do ano passado a companhia a\u00e9rea devolveu duas aeronaves Airbus A330 para as empresas de arrendamento.<\/p>\n<p>Por causa da falta de pagamento, os credores apresentaram recursos para a <strong>Anac.<\/strong> A ag\u00eancia recebeu pedidos por retirar as aeronaves operadas pela empresa do Registro Aeron\u00e1utico Brasileiro (RAB).<\/p>\n<p>Em caso de calote, as empresas donas das aeronaves podem pedir o cancelamento das matr\u00edculas dos avi\u00f5es. Isso porque a falta de pagamento por parte da <strong>Avianca<\/strong> seria um descumprimento da Conven\u00e7\u00e3o da Cidade do Cabo.<\/p>\n<p>No come\u00e7o de Janeiro, a <strong>Anac<\/strong> anunciou o cancelamento de dez matr\u00edculas de avi\u00f5es operados pela <strong>Avianca<\/strong> ap\u00f3s pedido da GE Capital Aviation Services (Gecas), dona das aeronaves. A Gecas pedia para suspender o registro de dez aeronaves Airbus A320 usadas pela Avianca Brasil em opera\u00e7\u00e3o de voos. A Gecas \u00e9 uma empresa de leasing dona das aeronaves, com a qual a companhia a\u00e9rea tinha um contrato para os 10 avi\u00f5es.<\/p>\n<p><a href=\"https:\/\/www.suno.com.br\/noticias\/cade-latam-gol-avianca-entenda\/\">Cade investiga interesse de Latam e Gol na compra de ativos da Avianca<\/a><\/p>\n<h2>Poss\u00edvel Venda da Avianca<\/h2>\n<p>Em 13 de dezembro de 2018, 0 ex-presidente da Rep\u00fablica Michel Temer assinou a Medida Provis\u00f3ria que permite as empresas estrangeiras a deter 100% do capital de companhias a\u00e9reas brasileiras.<\/p>\n<p>Portanto, a possibilidade de que tais empresas adquiram a Avianca existe, apesar da recupera\u00e7\u00e3o judicial. Caso a venda da companhia a\u00e9rea se concretizasse, a empresa compradora estaria obtendo apenas a \u201cparte boa\u201d, o que exclui as d\u00edvidas.<\/p>\n<p>No dia 17 de Janeiro, a <strong>Avianca Brasil<\/strong> anunciou o fim de seus voos internacionais mais importantes. Foram canceladas as rotas de Guarulhos para Nova York, Miami e Santiago. Al\u00e9m disso, foram devolvidas outras duas aeronaves A330 a empresas de leasing. Atualmente, a\u00a0companhia a\u00e9rea tem 46 aeronaves em opera\u00e7\u00e3o.<\/p>\n<p><a href=\"https:\/\/lp.suno.com.br\/ipo-do-uber-noticias\/\">&#8220;Quer saber mais sobre o IPO do Uber? Baixe aqui o relat\u00f3rio completo GRATUITO&#8221;<\/a><\/p>\n","protected":false},"excerpt":{"rendered":"<p>A Avianca Brasil \u00e9 alvo de um processo do Sindicato Nacional dos Aeronautas. O \u00f3rg\u00e3o exige na Justi\u00e7a que a a\u00e9rea pague a multa de 40% sobre o Fundo de Garantia do Tempo de Servi\u00e7o (FGTS) aos funcion\u00e1rios em Plano de Demiss\u00e3o Volunt\u00e1ria (PVD). Latam apreensiva com poss\u00edvel fim das opera\u00e7\u00f5es da Avianca No in\u00edcio [&hellip;]<\/p>\n","protected":false},"author":16,"featured_media":21381,"comment_status":"closed","ping_status":"closed","sticky":false,"template":"","format":"standard","meta":[],"categories":[64],"tags":[],"suno_strategy":[],"class_list":["post-21781","post","type-post","status-publish","format-standard","has-post-thumbnail","hentry","category-negocios"],"yoast_head":"<!-- This site is optimized with the Yoast SEO plugin v24.4 - https:\/\/yoast.com\/wordpress\/plugins\/seo\/ -->\n<title>Avianca: sindicato processa a\u00e9rea e pede pagamento de multa<\/title>\n<meta name=\"description\" content=\"O sindicato pede que a Avianca pague a multa de 40% dos funcion\u00e1rios que aderiram ao Plano de Demiss\u00e3o Volunt\u00e1ria. Clique e saiba mais.\" \/>\n<meta name=\"robots\" content=\"index, follow, max-snippet:-1, max-image-preview:large, max-video-preview:-1\" \/>\n<link rel=\"canonical\" href=\"https:\/\/www.suno.com.br\/noticias\/avianca-sindicato-processa-multa-funcionarios\/\" \/>\n<meta property=\"og:locale\" content=\"pt_BR\" \/>\n<meta property=\"og:type\" content=\"article\" \/>\n<meta property=\"og:title\" content=\"Avianca: sindicato processa a\u00e9rea e pede pagamento de multa\" \/>\n<meta property=\"og:description\" content=\"O sindicato pede que a Avianca pague a multa de 40% dos funcion\u00e1rios que aderiram ao Plano de Demiss\u00e3o Volunt\u00e1ria. Clique e saiba mais.\" \/>\n<meta property=\"og:url\" content=\"https:\/\/www.suno.com.br\/noticias\/avianca-sindicato-processa-multa-funcionarios\/\" \/>\n<meta property=\"og:site_name\" content=\"Suno Not\u00edcias\" \/>\n<meta property=\"article:publisher\" content=\"https:\/\/facebook.com\/sunoresearch\" \/>\n<meta property=\"og:image\" content=\"https:\/\/files.sunoresearch.com.br\/n\/uploads\/2019\/04\/cfe97dc6-avianca.jpg\" \/>\n\t<meta property=\"og:image:width\" content=\"1140\" \/>\n\t<meta property=\"og:image:height\" content=\"760\" \/>\n\t<meta property=\"og:image:type\" content=\"image\/jpeg\" \/>\n<meta name=\"author\" content=\"Beatriz Oliveira\" \/>\n<meta name=\"twitter:card\" content=\"summary_large_image\" \/>\n<meta name=\"twitter:creator\" content=\"@sunoresearch\" \/>\n<meta name=\"twitter:site\" content=\"@sunoresearch\" \/>\n<meta name=\"twitter:label1\" content=\"Escrito por\" \/>\n\t<meta name=\"twitter:data1\" content=\"Beatriz Oliveira\" \/>\n\t<meta name=\"twitter:label2\" content=\"Est. tempo de leitura\" \/>\n\t<meta name=\"twitter:data2\" content=\"4 minutos\" \/>\n<script type=\"application\/ld+json\" class=\"yoast-schema-graph\">{\"@context\":\"https:\/\/schema.org\",\"@graph\":[{\"@type\":\"NewsArticle\",\"@id\":\"https:\/\/www.suno.com.br\/noticias\/avianca-sindicato-processa-multa-funcionarios\/#article\",\"isPartOf\":{\"@id\":\"https:\/\/www.suno.com.br\/noticias\/avianca-sindicato-processa-multa-funcionarios\/\"},\"author\":{\"name\":\"Beatriz Oliveira\",\"@id\":\"https:\/\/www.suno.com.br\/noticias\/#\/schema\/person\/e67f665add014bf99f644028de070cc3\"},\"headline\":\"Avianca: sindicato processa a\u00e9rea e pede pagamento de multa a funcion\u00e1rios\",\"datePublished\":\"2019-04-22T11:04:22+00:00\",\"mainEntityOfPage\":{\"@id\":\"https:\/\/www.suno.com.br\/noticias\/avianca-sindicato-processa-multa-funcionarios\/\"},\"wordCount\":882,\"publisher\":{\"@id\":\"https:\/\/www.suno.com.br\/noticias\/#organization\"},\"image\":{\"@id\":\"https:\/\/www.suno.com.br\/noticias\/avianca-sindicato-processa-multa-funcionarios\/#primaryimage\"},\"thumbnailUrl\":\"https:\/\/files.sunoresearch.com.br\/n\/uploads\/2019\/04\/cfe97dc6-avianca-jpg.webp\",\"articleSection\":[\"Neg\u00f3cios\"],\"inLanguage\":\"pt-BR\"},{\"@type\":\"WebPage\",\"@id\":\"https:\/\/www.suno.com.br\/noticias\/avianca-sindicato-processa-multa-funcionarios\/\",\"url\":\"https:\/\/www.suno.com.br\/noticias\/avianca-sindicato-processa-multa-funcionarios\/\",\"name\":\"Avianca: sindicato processa a\u00e9rea e pede pagamento de multa\",\"isPartOf\":{\"@id\":\"https:\/\/www.suno.com.br\/noticias\/#website\"},\"primaryImageOfPage\":{\"@id\":\"https:\/\/www.suno.com.br\/noticias\/avianca-sindicato-processa-multa-funcionarios\/#primaryimage\"},\"image\":{\"@id\":\"https:\/\/www.suno.com.br\/noticias\/avianca-sindicato-processa-multa-funcionarios\/#primaryimage\"},\"thumbnailUrl\":\"https:\/\/files.sunoresearch.com.br\/n\/uploads\/2019\/04\/cfe97dc6-avianca-jpg.webp\",\"datePublished\":\"2019-04-22T11:04:22+00:00\",\"description\":\"O sindicato pede que a Avianca pague a multa de 40% dos funcion\u00e1rios que aderiram ao Plano de Demiss\u00e3o Volunt\u00e1ria. Clique e saiba mais.\",\"breadcrumb\":{\"@id\":\"https:\/\/www.suno.com.br\/noticias\/avianca-sindicato-processa-multa-funcionarios\/#breadcrumb\"},\"inLanguage\":\"pt-BR\",\"potentialAction\":[{\"@type\":\"ReadAction\",\"target\":[\"https:\/\/www.suno.com.br\/noticias\/avianca-sindicato-processa-multa-funcionarios\/\"]}]},{\"@type\":\"ImageObject\",\"inLanguage\":\"pt-BR\",\"@id\":\"https:\/\/www.suno.com.br\/noticias\/avianca-sindicato-processa-multa-funcionarios\/#primaryimage\",\"url\":\"https:\/\/files.sunoresearch.com.br\/n\/uploads\/2019\/04\/cfe97dc6-avianca-jpg.webp\",\"contentUrl\":\"https:\/\/files.sunoresearch.com.br\/n\/uploads\/2019\/04\/cfe97dc6-avianca-jpg.webp\",\"width\":1140,\"height\":760,\"caption\":\"Latam apreensiva com poss\u00edvel fim das opera\u00e7\u00f5es da Avianca\"},{\"@type\":\"BreadcrumbList\",\"@id\":\"https:\/\/www.suno.com.br\/noticias\/avianca-sindicato-processa-multa-funcionarios\/#breadcrumb\",\"itemListElement\":[{\"@type\":\"ListItem\",\"position\":1,\"name\":\"Not\u00edcias\",\"item\":\"https:\/\/www.suno.com.br\/noticias\/\"},{\"@type\":\"ListItem\",\"position\":2,\"name\":\"Neg\u00f3cios\",\"item\":\"https:\/\/www.suno.com.br\/noticias\/negocios\/\"},{\"@type\":\"ListItem\",\"position\":3,\"name\":\"Avianca: sindicato processa a\u00e9rea e pede pagamento de multa a funcion\u00e1rios\"}]},{\"@type\":\"WebSite\",\"@id\":\"https:\/\/www.suno.com.br\/noticias\/#website\",\"url\":\"https:\/\/www.suno.com.br\/noticias\/\",\"name\":\"Suno Not\u00edcias\",\"description\":\"Seu portal de informa\u00e7\u00e3o sobre o mundo dos investimentos\",\"publisher\":{\"@id\":\"https:\/\/www.suno.com.br\/noticias\/#organization\"},\"potentialAction\":[{\"@type\":\"SearchAction\",\"target\":{\"@type\":\"EntryPoint\",\"urlTemplate\":\"https:\/\/www.suno.com.br\/noticias\/?s={search_term_string}\"},\"query-input\":{\"@type\":\"PropertyValueSpecification\",\"valueRequired\":true,\"valueName\":\"search_term_string\"}}],\"inLanguage\":\"pt-BR\"},{\"@type\":\"Organization\",\"@id\":\"https:\/\/www.suno.com.br\/noticias\/#organization\",\"name\":\"Suno Not\u00edcias\",\"url\":\"https:\/\/www.suno.com.br\/noticias\/\",\"logo\":{\"@type\":\"ImageObject\",\"inLanguage\":\"pt-BR\",\"@id\":\"https:\/\/www.suno.com.br\/noticias\/#\/schema\/logo\/image\/\",\"url\":\"https:\/\/files.sunoresearch.com.br\/n\/uploads\/2021\/09\/suno-logo.png\",\"contentUrl\":\"https:\/\/files.sunoresearch.com.br\/n\/uploads\/2021\/09\/suno-logo.png\",\"width\":180,\"height\":180,\"caption\":\"Suno Not\u00edcias\"},\"image\":{\"@id\":\"https:\/\/www.suno.com.br\/noticias\/#\/schema\/logo\/image\/\"},\"sameAs\":[\"https:\/\/facebook.com\/sunoresearch\",\"https:\/\/x.com\/sunoresearch\",\"https:\/\/www.instagram.com\/suno\",\"https:\/\/www.linkedin.com\/company\/suno-research\/\",\"https:\/\/www.youtube.com\/c\/sunoresearch\"]},{\"@type\":\"Person\",\"@id\":\"https:\/\/www.suno.com.br\/noticias\/#\/schema\/person\/e67f665add014bf99f644028de070cc3\",\"name\":\"Beatriz Oliveira\",\"image\":{\"@type\":\"ImageObject\",\"inLanguage\":\"pt-BR\",\"@id\":\"https:\/\/www.suno.com.br\/noticias\/#\/schema\/person\/image\/\",\"url\":\"https:\/\/secure.gravatar.com\/avatar\/c9aa6a0aaecc598d257d5d5bd349157d?s=96&r=g\",\"contentUrl\":\"https:\/\/secure.gravatar.com\/avatar\/c9aa6a0aaecc598d257d5d5bd349157d?s=96&r=g\",\"caption\":\"Beatriz Oliveira\"},\"description\":\"Formada em Jornalismo pela Faculdade Paulus de Tecnologia e Comunica\u00e7\u00e3o, Beatriz Oliveira escreve para o portal de not\u00edcias Suno Research. Antes, passou pelas reda\u00e7\u00f5es da Revista EXAME e da Rede Bandeirantes.\",\"url\":\"https:\/\/www.suno.com.br\/noticias\/author\/beatriz\/\"}]}<\/script>\n<!-- \/ Yoast SEO plugin. -->","yoast_head_json":{"title":"Avianca: sindicato processa a\u00e9rea e pede pagamento de multa","description":"O sindicato pede que a Avianca pague a multa de 40% dos funcion\u00e1rios que aderiram ao Plano de Demiss\u00e3o Volunt\u00e1ria. Clique e saiba mais.","robots":{"index":"index","follow":"follow","max-snippet":"max-snippet:-1","max-image-preview":"max-image-preview:large","max-video-preview":"max-video-preview:-1"},"canonical":"https:\/\/www.suno.com.br\/noticias\/avianca-sindicato-processa-multa-funcionarios\/","og_locale":"pt_BR","og_type":"article","og_title":"Avianca: sindicato processa a\u00e9rea e pede pagamento de multa","og_description":"O sindicato pede que a Avianca pague a multa de 40% dos funcion\u00e1rios que aderiram ao Plano de Demiss\u00e3o Volunt\u00e1ria. Clique e saiba mais.","og_url":"https:\/\/www.suno.com.br\/noticias\/avianca-sindicato-processa-multa-funcionarios\/","og_site_name":"Suno Not\u00edcias","article_publisher":"https:\/\/facebook.com\/sunoresearch","og_image":[{"width":1140,"height":760,"url":"https:\/\/files.sunoresearch.com.br\/n\/uploads\/2019\/04\/cfe97dc6-avianca.jpg","type":"image\/jpeg"}],"author":"Beatriz Oliveira","twitter_card":"summary_large_image","twitter_creator":"@sunoresearch","twitter_site":"@sunoresearch","twitter_misc":{"Escrito por":"Beatriz Oliveira","Est. tempo de leitura":"4 minutos"},"schema":{"@context":"https:\/\/schema.org","@graph":[{"@type":"NewsArticle","@id":"https:\/\/www.suno.com.br\/noticias\/avianca-sindicato-processa-multa-funcionarios\/#article","isPartOf":{"@id":"https:\/\/www.suno.com.br\/noticias\/avianca-sindicato-processa-multa-funcionarios\/"},"author":{"name":"Beatriz Oliveira","@id":"https:\/\/www.suno.com.br\/noticias\/#\/schema\/person\/e67f665add014bf99f644028de070cc3"},"headline":"Avianca: sindicato processa a\u00e9rea e pede pagamento de multa a funcion\u00e1rios","datePublished":"2019-04-22T11:04:22+00:00","mainEntityOfPage":{"@id":"https:\/\/www.suno.com.br\/noticias\/avianca-sindicato-processa-multa-funcionarios\/"},"wordCount":882,"publisher":{"@id":"https:\/\/www.suno.com.br\/noticias\/#organization"},"image":{"@id":"https:\/\/www.suno.com.br\/noticias\/avianca-sindicato-processa-multa-funcionarios\/#primaryimage"},"thumbnailUrl":"https:\/\/files.sunoresearch.com.br\/n\/uploads\/2019\/04\/cfe97dc6-avianca-jpg.webp","articleSection":["Neg\u00f3cios"],"inLanguage":"pt-BR"},{"@type":"WebPage","@id":"https:\/\/www.suno.com.br\/noticias\/avianca-sindicato-processa-multa-funcionarios\/","url":"https:\/\/www.suno.com.br\/noticias\/avianca-sindicato-processa-multa-funcionarios\/","name":"Avianca: sindicato processa a\u00e9rea e pede pagamento de multa","isPartOf":{"@id":"https:\/\/www.suno.com.br\/noticias\/#website"},"primaryImageOfPage":{"@id":"https:\/\/www.suno.com.br\/noticias\/avianca-sindicato-processa-multa-funcionarios\/#primaryimage"},"image":{"@id":"https:\/\/www.suno.com.br\/noticias\/avianca-sindicato-processa-multa-funcionarios\/#primaryimage"},"thumbnailUrl":"https:\/\/files.sunoresearch.com.br\/n\/uploads\/2019\/04\/cfe97dc6-avianca-jpg.webp","datePublished":"2019-04-22T11:04:22+00:00","description":"O sindicato pede que a Avianca pague a multa de 40% dos funcion\u00e1rios que aderiram ao Plano de Demiss\u00e3o Volunt\u00e1ria. Clique e saiba mais.","breadcrumb":{"@id":"https:\/\/www.suno.com.br\/noticias\/avianca-sindicato-processa-multa-funcionarios\/#breadcrumb"},"inLanguage":"pt-BR","potentialAction":[{"@type":"ReadAction","target":["https:\/\/www.suno.com.br\/noticias\/avianca-sindicato-processa-multa-funcionarios\/"]}]},{"@type":"ImageObject","inLanguage":"pt-BR","@id":"https:\/\/www.suno.com.br\/noticias\/avianca-sindicato-processa-multa-funcionarios\/#primaryimage","url":"https:\/\/files.sunoresearch.com.br\/n\/uploads\/2019\/04\/cfe97dc6-avianca-jpg.webp","contentUrl":"https:\/\/files.sunoresearch.com.br\/n\/uploads\/2019\/04\/cfe97dc6-avianca-jpg.webp","width":1140,"height":760,"caption":"Latam apreensiva com poss\u00edvel fim das opera\u00e7\u00f5es da Avianca"},{"@type":"BreadcrumbList","@id":"https:\/\/www.suno.com.br\/noticias\/avianca-sindicato-processa-multa-funcionarios\/#breadcrumb","itemListElement":[{"@type":"ListItem","position":1,"name":"Not\u00edcias","item":"https:\/\/www.suno.com.br\/noticias\/"},{"@type":"ListItem","position":2,"name":"Neg\u00f3cios","item":"https:\/\/www.suno.com.br\/noticias\/negocios\/"},{"@type":"ListItem","position":3,"name":"Avianca: sindicato processa a\u00e9rea e pede pagamento de multa a funcion\u00e1rios"}]},{"@type":"WebSite","@id":"https:\/\/www.suno.com.br\/noticias\/#website","url":"https:\/\/www.suno.com.br\/noticias\/","name":"Suno Not\u00edcias","description":"Seu portal de informa\u00e7\u00e3o sobre o mundo dos investimentos","publisher":{"@id":"https:\/\/www.suno.com.br\/noticias\/#organization"},"potentialAction":[{"@type":"SearchAction","target":{"@type":"EntryPoint","urlTemplate":"https:\/\/www.suno.com.br\/noticias\/?s={search_term_string}"},"query-input":{"@type":"PropertyValueSpecification","valueRequired":true,"valueName":"search_term_string"}}],"inLanguage":"pt-BR"},{"@type":"Organization","@id":"https:\/\/www.suno.com.br\/noticias\/#organization","name":"Suno Not\u00edcias","url":"https:\/\/www.suno.com.br\/noticias\/","logo":{"@type":"ImageObject","inLanguage":"pt-BR","@id":"https:\/\/www.suno.com.br\/noticias\/#\/schema\/logo\/image\/","url":"https:\/\/files.sunoresearch.com.br\/n\/uploads\/2021\/09\/suno-logo.png","contentUrl":"https:\/\/files.sunoresearch.com.br\/n\/uploads\/2021\/09\/suno-logo.png","width":180,"height":180,"caption":"Suno Not\u00edcias"},"image":{"@id":"https:\/\/www.suno.com.br\/noticias\/#\/schema\/logo\/image\/"},"sameAs":["https:\/\/facebook.com\/sunoresearch","https:\/\/x.com\/sunoresearch","https:\/\/www.instagram.com\/suno","https:\/\/www.linkedin.com\/company\/suno-research\/","https:\/\/www.youtube.com\/c\/sunoresearch"]},{"@type":"Person","@id":"https:\/\/www.suno.com.br\/noticias\/#\/schema\/person\/e67f665add014bf99f644028de070cc3","name":"Beatriz Oliveira","image":{"@type":"ImageObject","inLanguage":"pt-BR","@id":"https:\/\/www.suno.com.br\/noticias\/#\/schema\/person\/image\/","url":"https:\/\/secure.gravatar.com\/avatar\/c9aa6a0aaecc598d257d5d5bd349157d?s=96&r=g","contentUrl":"https:\/\/secure.gravatar.com\/avatar\/c9aa6a0aaecc598d257d5d5bd349157d?s=96&r=g","caption":"Beatriz Oliveira"},"description":"Formada em Jornalismo pela Faculdade Paulus de Tecnologia e Comunica\u00e7\u00e3o, Beatriz Oliveira escreve para o portal de not\u00edcias Suno Research. Antes, passou pelas reda\u00e7\u00f5es da Revista EXAME e da Rede Bandeirantes.","url":"https:\/\/www.suno.com.br\/noticias\/author\/beatriz\/"}]}},"default_loop_html":"<div class=\"cardsPage__listCard__boxs\"><div class=\"cardsPage__listCard__boxs__img\"><a href=\"https:\/\/www.suno.com.br\/noticias\/avianca-sindicato-processa-multa-funcionarios\/\"><img class=\"mask\" src=\"https:\/\/www.suno.com.br\/noticias\/wp-content\/themes\/suno\/resources\/images\/spotlight\/spotlight1img\/bg-mask.png\" alt=\"Image Mask\"\/><img src=\"https:\/\/files.sunoresearch.com.br\/n\/uploads\/2019\/04\/cfe97dc6-avianca-400x200.webp\" alt=\"Avianca: sindicato processa a\u00e9rea e pede pagamento de multa a funcion\u00e1rios\"\/><\/a><span class=\"spotlightCategory\"><a href=\"https:\/\/www.suno.com.br\/noticias\/negocios\/\">Neg\u00f3cios<\/a><\/span><\/div><div class=\"cardsPage__listCard__boxs__content\"><a href=\"https:\/\/www.suno.com.br\/noticias\/avianca-sindicato-processa-multa-funcionarios\/\"><h2 class=\"content__title\">Avianca: sindicato processa a\u00e9rea e pede pagamento de multa a funcion\u00e1rios<\/h2><\/a><div class=\"newsContent__article__meta\"><div class=\"newsContent__article__meta__authorBox\"><a href=\"https:\/\/www.suno.com.br\/noticias\/author\/beatriz\/\" class=\"authorBox__avatar noMobi\"><img src=\"https:\/\/secure.gravatar.com\/avatar\/c9aa6a0aaecc598d257d5d5bd349157d?s=96&#038;r=g\" alt=\"Beatriz Oliveira\"><\/a><div class=\"authorBox__name\"><span>por\n\t\t\t<a href=\"https:\/\/www.suno.com.br\/noticias\/author\/beatriz\/\"><span itemprop=\"author\">Beatriz Oliveira<\/span><\/a><\/span><time datetime=\"2019-04-22T08:04:22-03:00\" itemprop=\"datePublished\">22\/04\/2019 08:04<\/time><\/div><\/div><\/div><\/div><\/div>","single_layout":"posts","amp_enabled":true,"_links":{"self":[{"href":"https:\/\/www.suno.com.br\/noticias\/wp-json\/wp\/v2\/posts\/21781"}],"collection":[{"href":"https:\/\/www.suno.com.br\/noticias\/wp-json\/wp\/v2\/posts"}],"about":[{"href":"https:\/\/www.suno.com.br\/noticias\/wp-json\/wp\/v2\/types\/post"}],"author":[{"embeddable":true,"href":"https:\/\/www.suno.com.br\/noticias\/wp-json\/wp\/v2\/users\/16"}],"replies":[{"embeddable":true,"href":"https:\/\/www.suno.com.br\/noticias\/wp-json\/wp\/v2\/comments?post=21781"}],"version-history":[{"count":0,"href":"https:\/\/www.suno.com.br\/noticias\/wp-json\/wp\/v2\/posts\/21781\/revisions"}],"wp:featuredmedia":[{"embeddable":true,"href":"https:\/\/www.suno.com.br\/noticias\/wp-json\/wp\/v2\/media\/21381"}],"wp:attachment":[{"href":"https:\/\/www.suno.com.br\/noticias\/wp-json\/wp\/v2\/media?parent=21781"}],"wp:term":[{"taxonomy":"category","embeddable":true,"href":"https:\/\/www.suno.com.br\/noticias\/wp-json\/wp\/v2\/categories?post=21781"},{"taxonomy":"post_tag","embeddable":true,"href":"https:\/\/www.suno.com.br\/noticias\/wp-json\/wp\/v2\/tags?post=21781"},{"taxonomy":"suno_strategy","embeddable":true,"href":"https:\/\/www.suno.com.br\/noticias\/wp-json\/wp\/v2\/suno_strategy?post=21781"}],"curies":[{"name":"wp","href":"https:\/\/api.w.org\/{rel}","templated":true}]}}