{"id":217807,"date":"2021-12-27T18:53:08","date_gmt":"2021-12-27T21:53:08","guid":{"rendered":"https:\/\/www.suno.com.br\/noticias\/?p=217807"},"modified":"2021-12-27T18:55:06","modified_gmt":"2021-12-27T21:55:06","slug":"natal-2021-alta-vendas-ante-2020-mas-abaixo-de-2019","status":"publish","type":"post","link":"https:\/\/www.suno.com.br\/noticias\/natal-2021-alta-vendas-ante-2020-mas-abaixo-de-2019\/","title":{"rendered":"Alshop: vendas no Natal 2021 t\u00eam alta de 10% ante 2020, mas ficam abaixo de 2019"},"content":{"rendered":"<p>As <strong>vendas do Natal<\/strong> de 2021 registraram um aumento real de 10% nas vendas de lojistas de shopping em rela\u00e7\u00e3o ao ano passado, mas ainda est\u00e3o longe de alcan\u00e7ar o patamar de 2019. Segundo a Associa\u00e7\u00e3o Brasileira de Lojistas de Shopping, cerca de 123,7 milh\u00f5es de consumidores foram \u00e0s compras nesta \u00e9poca natalina.<\/p>\t<div class=\"wrapper-featured-image\">\n\t\t<figure class=\"spotlightImg\">\n\n\t\t\t<picture>\n\t\t\t\t<source media=\"(max-width: 768px)\" srcset=\"https:\/\/files.sunoresearch.com.br\/n\/uploads\/2018\/11\/2782a66f-vendas-na-black-friday-1-400x200.webp\">\n\t\t\t\t<img loading=\"lazy\" decoding=\"async\" class=\"newsContent__article__imgCapa lazyloadDisabled \" src=\"https:\/\/files.sunoresearch.com.br\/n\/uploads\/2018\/11\/2782a66f-vendas-na-black-friday-1-800x450.webp\" width=\"800\" height=\"450\" alt=\"Alshop: vendas no Natal 2021 t\u00eam alta de 10% ante 2020, mas ficam abaixo de 2019\" fetchpriority=high \/>\n\t\t\t<\/picture>\n\n\t\t\t<figcaption class=\"wp-caption-text wp-caption-text--show\">Vendas no Natal sobem, mas abaixo dos n\u00edveis de 2019. Foto: Pixabay<\/figcaption>\n\t\t<\/figure>\n\t<\/div>\n\n\n\t<p>\n\t\t<a href=\"https:\/\/lp.suno.com.br\/planilha-controle-gastos\/\" target=\"_blank\" data-element=\"shortcode-suno-banner\" title=\"Banner SUNO, clique e saiba mais\">\n\t\t\t<picture>\n\t\t\t\t<source media=\"(max-width: 500px)\" srcset=\"https:\/\/files.sunoresearch.com.br\/n\/uploads\/2023\/03\/400x300-Planilha-controle-de-gastos.png\">\n\t\t\t\t<img class=\"newsContent__article__imgCapa newsContent__article__imgCapa--banner\"\n\t\t\t\t\tsrc=\"https:\/\/files.sunoresearch.com.br\/n\/uploads\/2023\/03\/1420x240-Planilha-controle-de-gastos.png\"\n\t\t\t\t\tdata-promo-id=\"101751\"\t\t\t\t\t\t\t\t\t\twidth='1420' height='240'\t\t\t\t\talt=\"https:\/\/files.sunoresearch.com.br\/n\/uploads\/2023\/03\/1420x240-Planilha-controle-de-gastos.png\"\n\t\t\t\t>\n\t\t\t<\/picture>\n\t\t<\/a>\n\t<\/p>\n\n\n<p>A Alshop estima que as vendas dentro dos shoppings alcancem R$ 204 bilh\u00f5es no acumulado de 2021, o que representa um crescimento de 58% em rela\u00e7\u00e3o a 2020, \u00e9poca em que os empreendimentos estavam afetados pela pandemia, com restri\u00e7\u00f5es de p\u00fablico. Se comparado ao faturamento de 2019, por\u00e9m, \u00e9 prevista uma redu\u00e7\u00e3o de 3,5% das vendas.<\/p>\n<p>A <a class=\"suno-keyword\" href=\"https:\/\/www.suno.com.br\/artigos\/alta-do-dolar\/\" target=\"_blank\" rel=\"noopener\" data-force=\"no\" data-priority=\"1\">alta do d\u00f3lar<\/a>, a infla\u00e7\u00e3o, o desemprego elevado, a falta de <a class=\"suno-keyword\" href=\"https:\/\/www.suno.com.br\/artigos\/confianca-do-consumidor\/\" target=\"_blank\" rel=\"noopener\" data-force=\"no\" data-priority=\"1\">confian\u00e7a do consumidor<\/a>, a falta de mat\u00e9ria-prima e ainda a falta de produtos no mercado em v\u00e1rios segmentos s\u00e3o elencados pela Alshop como fatores que barram um aquecimento maior de vendas.<\/p>\n\t<p>\n\t\t<a href=\"https:\/\/lp.suno.com.br\/planilha-da-vida-financeira\/\" target=\"_blank\" data-element=\"shortcode-suno-banner\" title=\"Banner SUNO, clique e saiba mais\">\n\t\t\t<picture>\n\t\t\t\t<source media=\"(max-width: 500px)\" srcset=\"https:\/\/files.sunoresearch.com.br\/n\/uploads\/2023\/04\/400x300-Planilha-vida-financeira-true.png\">\n\t\t\t\t<img class=\"newsContent__article__imgCapa newsContent__article__imgCapa--banner\"\n\t\t\t\t\tsrc=\"https:\/\/files.sunoresearch.com.br\/n\/uploads\/2023\/04\/1420x240-Planilha-vida-financeira-true.png\"\n\t\t\t\t\tdata-promo-id=\"106682\"\t\t\t\t\t\t\t\t\t\twidth='1420' height='240'\t\t\t\t\talt=\"https:\/\/files.sunoresearch.com.br\/n\/uploads\/2023\/04\/1420x240-Planilha-vida-financeira-true.png\"\n\t\t\t\t>\n\t\t\t<\/picture>\n\t\t<\/a>\n\t<\/p>\n\n\n<h2><b>Contrata\u00e7\u00f5es de tempor\u00e1rios<\/b><\/h2>\n<p>A fim de atender as altas demandas esperadas para este ano, os varejistas recrutaram 94,3 mil trabalhadores tempor\u00e1rios, com o sal\u00e1rio m\u00e9dio mensal entre R$ 1.600,00 a R$ 1.900,00, e a taxa de efetiva\u00e7\u00e3o em m\u00e9dia de 14%.<\/p>\n\t<p>\n\t\t<a href=\"https:\/\/lp.suno.com.br\/ebook-como-analisar-uma-acao\/\" target=\"_blank\" data-element=\"shortcode-suno-banner\" title=\"Banner SUNO, clique e saiba mais\">\n\t\t\t<picture>\n\t\t\t\t<source media=\"(max-width: 500px)\" srcset=\"https:\/\/files.sunoresearch.com.br\/n\/uploads\/2023\/03\/Ebook-Acoes-Mobile-1.jpg\">\n\t\t\t\t<img class=\"newsContent__article__imgCapa newsContent__article__imgCapa--banner\"\n\t\t\t\t\tsrc=\"https:\/\/files.sunoresearch.com.br\/n\/uploads\/2023\/03\/Ebook-Acoes-Desktop-1.jpg\"\n\t\t\t\t\tdata-promo-id=\"171998\"\t\t\t\t\t\t\t\t\t\twidth='1420' height='286'\t\t\t\t\talt=\"https:\/\/files.sunoresearch.com.br\/n\/uploads\/2023\/03\/Ebook-Acoes-Desktop-1.jpg\"\n\t\t\t\t>\n\t\t\t<\/picture>\n\t\t<\/a>\n\t<\/p>\n\n\n<p>Os segmentos que mais contrataram foram vestu\u00e1rio\/acess\u00f3rios\/cal\u00e7ados com 57,9 mil vagas, seguido de hiper e supermercados com 18,9 mil vagas, artigos de uso pessoal e dom\u00e9stico com 11 mil vagas, m\u00f3veis e eletrodom\u00e9sticos finalizando com 3 mil vagas.<\/p>\n<p>J\u00e1 os estados que mais contrataram foram S\u00e3o Paulo que lidera o ranking com 25,6 mil contratados, seguido de Minas Gerais, onde se contratou 10,7 mil e Rio de Janeiro com 7,2 mil contratados.<\/p>\n\t<p>\n\t\t<a href=\"\" target=\"_blank\" data-element=\"shortcode-suno-banner\" title=\"Banner SUNO, clique e saiba mais\">\n\t\t\t<picture>\n\t\t\t\t<source media=\"(max-width: 500px)\" srcset=\"\">\n\t\t\t\t<img class=\"newsContent__article__imgCapa newsContent__article__imgCapa--banner\"\n\t\t\t\t\tsrc=\"\"\n\t\t\t\t\tdata-promo-id=\"184190\"\t\t\t\t\t\t\t\t\t\t\t\t\t\t\talt=\"\"\n\t\t\t\t>\n\t\t\t<\/picture>\n\t\t<\/a>\n\t<\/p>\n\n\n<h2>Vendas do Natal em 2021: impulso do e-commerce<\/h2>\n<p>De acordo com o levantamento, cerca de 77% dos consumidores compraram lembran\u00e7as como maneira de se conectar com as festividades de final de ano. E os presentes mais procurados nesta ocasi\u00e3o foram roupas com 61%, brinquedos 37%, seguido de perfumes, cosm\u00e9ticos e cal\u00e7ados, ambos com 36% e acess\u00f3rios, op\u00e7\u00e3o de 24% dos consumidores.<\/p>\n<p>Ainda segundo a pesquisa, as compras via e-commerce foram o principal canal de compras e <strong>vendas no Natal<\/strong>, com 45% da participa\u00e7\u00e3o do p\u00fablico e as compras em shoppings atingiram 40%. Os dados nacionais foram colhidos de lojistas associados que representam cerca de 15 mil pontos de venda.<\/p>\n<p><em>Com Ag\u00eancia Estado<\/em><\/p>\n","protected":false},"excerpt":{"rendered":"<p>As vendas do Natal de 2021 registraram um aumento real de 10% nas vendas de lojistas de shopping em rela\u00e7\u00e3o ao ano passado, mas ainda est\u00e3o longe de alcan\u00e7ar o patamar de 2019. Segundo a Associa\u00e7\u00e3o Brasileira de Lojistas de Shopping, cerca de 123,7 milh\u00f5es de consumidores foram \u00e0s compras nesta \u00e9poca natalina. Vendas no [&hellip;]<\/p>\n","protected":false},"author":43,"featured_media":6561,"comment_status":"closed","ping_status":"closed","sticky":false,"template":"","format":"standard","meta":[],"categories":[64],"tags":[803],"suno_strategy":[],"class_list":["post-217807","post","type-post","status-publish","format-standard","has-post-thumbnail","hentry","category-negocios","tag-varejo"],"yoast_head":"<!-- This site is optimized with the Yoast SEO plugin v24.4 - https:\/\/yoast.com\/wordpress\/plugins\/seo\/ -->\n<title>Alshop: Natal 2021 tem alta de 10% nas vendas, mas abaixo de 2019<\/title>\n<meta name=\"description\" content=\"As vendas do Natal de 2021 registraram um aumento real de 10% nas vendas de lojistas de shopping em rela\u00e7\u00e3o ao ano passado\" \/>\n<meta name=\"robots\" content=\"index, follow, max-snippet:-1, max-image-preview:large, max-video-preview:-1\" \/>\n<link rel=\"canonical\" href=\"https:\/\/www.suno.com.br\/noticias\/natal-2021-alta-vendas-ante-2020-mas-abaixo-de-2019\/\" \/>\n<meta property=\"og:locale\" content=\"pt_BR\" \/>\n<meta property=\"og:type\" content=\"article\" \/>\n<meta property=\"og:title\" content=\"Alshop: Natal 2021 tem alta de 10% nas vendas, mas abaixo de 2019\" \/>\n<meta property=\"og:description\" content=\"As vendas do Natal de 2021 registraram um aumento real de 10% nas vendas de lojistas de shopping em rela\u00e7\u00e3o ao ano passado\" \/>\n<meta property=\"og:url\" content=\"https:\/\/www.suno.com.br\/noticias\/natal-2021-alta-vendas-ante-2020-mas-abaixo-de-2019\/\" \/>\n<meta property=\"og:site_name\" content=\"Suno Not\u00edcias\" \/>\n<meta property=\"article:publisher\" content=\"https:\/\/facebook.com\/sunoresearch\" \/>\n<meta property=\"article:author\" content=\"https:\/\/www.facebook.com\/sunonoticias\/\" \/>\n<meta property=\"og:image\" content=\"https:\/\/files.sunoresearch.com.br\/n\/uploads\/2018\/11\/2782a66f-vendas-na-black-friday-1.jpg\" \/>\n\t<meta property=\"og:image:width\" content=\"1920\" \/>\n\t<meta property=\"og:image:height\" content=\"1280\" \/>\n\t<meta property=\"og:image:type\" content=\"image\/jpeg\" \/>\n<meta name=\"author\" content=\"Reda\u00e7\u00e3o Suno Not\u00edcias\" \/>\n<meta name=\"twitter:card\" content=\"summary_large_image\" \/>\n<meta name=\"twitter:creator\" content=\"@https:\/\/twitter.com\/sunoresearch\" \/>\n<meta name=\"twitter:site\" content=\"@sunoresearch\" \/>\n<meta name=\"twitter:label1\" content=\"Escrito por\" \/>\n\t<meta name=\"twitter:data1\" content=\"Reda\u00e7\u00e3o Suno Not\u00edcias\" \/>\n\t<meta name=\"twitter:label2\" content=\"Est. tempo de leitura\" \/>\n\t<meta name=\"twitter:data2\" content=\"2 minutos\" \/>\n<script type=\"application\/ld+json\" class=\"yoast-schema-graph\">{\"@context\":\"https:\/\/schema.org\",\"@graph\":[{\"@type\":\"NewsArticle\",\"@id\":\"https:\/\/www.suno.com.br\/noticias\/natal-2021-alta-vendas-ante-2020-mas-abaixo-de-2019\/#article\",\"isPartOf\":{\"@id\":\"https:\/\/www.suno.com.br\/noticias\/natal-2021-alta-vendas-ante-2020-mas-abaixo-de-2019\/\"},\"author\":{\"name\":\"Reda\u00e7\u00e3o Suno Not\u00edcias\",\"@id\":\"https:\/\/www.suno.com.br\/noticias\/#\/schema\/person\/c1b1bd3727fa852bd045e9dbff3673ea\"},\"headline\":\"Alshop: vendas no Natal 2021 t\u00eam alta de 10% ante 2020, mas ficam abaixo de 2019\",\"datePublished\":\"2021-12-27T21:53:08+00:00\",\"dateModified\":\"2021-12-27T21:55:06+00:00\",\"mainEntityOfPage\":{\"@id\":\"https:\/\/www.suno.com.br\/noticias\/natal-2021-alta-vendas-ante-2020-mas-abaixo-de-2019\/\"},\"wordCount\":413,\"publisher\":{\"@id\":\"https:\/\/www.suno.com.br\/noticias\/#organization\"},\"image\":{\"@id\":\"https:\/\/www.suno.com.br\/noticias\/natal-2021-alta-vendas-ante-2020-mas-abaixo-de-2019\/#primaryimage\"},\"thumbnailUrl\":\"https:\/\/files.sunoresearch.com.br\/n\/uploads\/2018\/11\/2782a66f-vendas-na-black-friday-1-jpg.webp\",\"keywords\":[\"varejo\"],\"articleSection\":[\"Neg\u00f3cios\"],\"inLanguage\":\"pt-BR\"},{\"@type\":\"WebPage\",\"@id\":\"https:\/\/www.suno.com.br\/noticias\/natal-2021-alta-vendas-ante-2020-mas-abaixo-de-2019\/\",\"url\":\"https:\/\/www.suno.com.br\/noticias\/natal-2021-alta-vendas-ante-2020-mas-abaixo-de-2019\/\",\"name\":\"Alshop: Natal 2021 tem alta de 10% nas vendas, mas abaixo de 2019\",\"isPartOf\":{\"@id\":\"https:\/\/www.suno.com.br\/noticias\/#website\"},\"primaryImageOfPage\":{\"@id\":\"https:\/\/www.suno.com.br\/noticias\/natal-2021-alta-vendas-ante-2020-mas-abaixo-de-2019\/#primaryimage\"},\"image\":{\"@id\":\"https:\/\/www.suno.com.br\/noticias\/natal-2021-alta-vendas-ante-2020-mas-abaixo-de-2019\/#primaryimage\"},\"thumbnailUrl\":\"https:\/\/files.sunoresearch.com.br\/n\/uploads\/2018\/11\/2782a66f-vendas-na-black-friday-1-jpg.webp\",\"datePublished\":\"2021-12-27T21:53:08+00:00\",\"dateModified\":\"2021-12-27T21:55:06+00:00\",\"description\":\"As vendas do Natal de 2021 registraram um aumento real de 10% nas vendas de lojistas de shopping em rela\u00e7\u00e3o ao ano passado\",\"breadcrumb\":{\"@id\":\"https:\/\/www.suno.com.br\/noticias\/natal-2021-alta-vendas-ante-2020-mas-abaixo-de-2019\/#breadcrumb\"},\"inLanguage\":\"pt-BR\",\"potentialAction\":[{\"@type\":\"ReadAction\",\"target\":[\"https:\/\/www.suno.com.br\/noticias\/natal-2021-alta-vendas-ante-2020-mas-abaixo-de-2019\/\"]}]},{\"@type\":\"ImageObject\",\"inLanguage\":\"pt-BR\",\"@id\":\"https:\/\/www.suno.com.br\/noticias\/natal-2021-alta-vendas-ante-2020-mas-abaixo-de-2019\/#primaryimage\",\"url\":\"https:\/\/files.sunoresearch.com.br\/n\/uploads\/2018\/11\/2782a66f-vendas-na-black-friday-1-jpg.webp\",\"contentUrl\":\"https:\/\/files.sunoresearch.com.br\/n\/uploads\/2018\/11\/2782a66f-vendas-na-black-friday-1-jpg.webp\",\"width\":1920,\"height\":1280,\"caption\":\"Vendas no Natal sobem, mas abaixo dos n\u00edveis de 2019. Foto: Pixabay\"},{\"@type\":\"BreadcrumbList\",\"@id\":\"https:\/\/www.suno.com.br\/noticias\/natal-2021-alta-vendas-ante-2020-mas-abaixo-de-2019\/#breadcrumb\",\"itemListElement\":[{\"@type\":\"ListItem\",\"position\":1,\"name\":\"Not\u00edcias\",\"item\":\"https:\/\/www.suno.com.br\/noticias\/\"},{\"@type\":\"ListItem\",\"position\":2,\"name\":\"Neg\u00f3cios\",\"item\":\"https:\/\/www.suno.com.br\/noticias\/negocios\/\"},{\"@type\":\"ListItem\",\"position\":3,\"name\":\"Alshop: vendas no Natal 2021 t\u00eam alta de 10% ante 2020, mas ficam abaixo de 2019\"}]},{\"@type\":\"WebSite\",\"@id\":\"https:\/\/www.suno.com.br\/noticias\/#website\",\"url\":\"https:\/\/www.suno.com.br\/noticias\/\",\"name\":\"Suno Not\u00edcias\",\"description\":\"Seu portal de informa\u00e7\u00e3o sobre o mundo dos investimentos\",\"publisher\":{\"@id\":\"https:\/\/www.suno.com.br\/noticias\/#organization\"},\"potentialAction\":[{\"@type\":\"SearchAction\",\"target\":{\"@type\":\"EntryPoint\",\"urlTemplate\":\"https:\/\/www.suno.com.br\/noticias\/?s={search_term_string}\"},\"query-input\":{\"@type\":\"PropertyValueSpecification\",\"valueRequired\":true,\"valueName\":\"search_term_string\"}}],\"inLanguage\":\"pt-BR\"},{\"@type\":\"Organization\",\"@id\":\"https:\/\/www.suno.com.br\/noticias\/#organization\",\"name\":\"Suno Not\u00edcias\",\"url\":\"https:\/\/www.suno.com.br\/noticias\/\",\"logo\":{\"@type\":\"ImageObject\",\"inLanguage\":\"pt-BR\",\"@id\":\"https:\/\/www.suno.com.br\/noticias\/#\/schema\/logo\/image\/\",\"url\":\"https:\/\/files.sunoresearch.com.br\/n\/uploads\/2021\/09\/suno-logo.png\",\"contentUrl\":\"https:\/\/files.sunoresearch.com.br\/n\/uploads\/2021\/09\/suno-logo.png\",\"width\":180,\"height\":180,\"caption\":\"Suno Not\u00edcias\"},\"image\":{\"@id\":\"https:\/\/www.suno.com.br\/noticias\/#\/schema\/logo\/image\/\"},\"sameAs\":[\"https:\/\/facebook.com\/sunoresearch\",\"https:\/\/x.com\/sunoresearch\",\"https:\/\/www.instagram.com\/suno\",\"https:\/\/www.linkedin.com\/company\/suno-research\/\",\"https:\/\/www.youtube.com\/c\/sunoresearch\"]},{\"@type\":\"Person\",\"@id\":\"https:\/\/www.suno.com.br\/noticias\/#\/schema\/person\/c1b1bd3727fa852bd045e9dbff3673ea\",\"name\":\"Reda\u00e7\u00e3o Suno Not\u00edcias\",\"image\":{\"@type\":\"ImageObject\",\"inLanguage\":\"pt-BR\",\"@id\":\"https:\/\/www.suno.com.br\/noticias\/#\/schema\/person\/image\/\",\"url\":\"https:\/\/secure.gravatar.com\/avatar\/b8104b9b5a71985d5238ee59fbe418af?s=96&r=g\",\"contentUrl\":\"https:\/\/secure.gravatar.com\/avatar\/b8104b9b5a71985d5238ee59fbe418af?s=96&r=g\",\"caption\":\"Reda\u00e7\u00e3o Suno Not\u00edcias\"},\"description\":\"O Suno Not\u00edcias \u00e9 um portal de informa\u00e7\u00f5es sobre Mercado Financeiro, Pol\u00edtica, Neg\u00f3cios, Economia e Finan\u00e7as Pessoais.\",\"sameAs\":[\"https:\/\/www.suno.com.br\/noticias\",\"https:\/\/www.facebook.com\/sunonoticias\/\",\"https:\/\/www.instagram.com\/sunonoticias\/\",\"https:\/\/x.com\/https:\/\/twitter.com\/sunoresearch\",\"https:\/\/www.youtube.com\/sunonoticias\"],\"url\":\"https:\/\/www.suno.com.br\/noticias\/author\/redacao-suno\/\"}]}<\/script>\n<!-- \/ Yoast SEO plugin. -->","yoast_head_json":{"title":"Alshop: Natal 2021 tem alta de 10% nas vendas, mas abaixo de 2019","description":"As vendas do Natal de 2021 registraram um aumento real de 10% nas vendas de lojistas de shopping em rela\u00e7\u00e3o ao ano passado","robots":{"index":"index","follow":"follow","max-snippet":"max-snippet:-1","max-image-preview":"max-image-preview:large","max-video-preview":"max-video-preview:-1"},"canonical":"https:\/\/www.suno.com.br\/noticias\/natal-2021-alta-vendas-ante-2020-mas-abaixo-de-2019\/","og_locale":"pt_BR","og_type":"article","og_title":"Alshop: Natal 2021 tem alta de 10% nas vendas, mas abaixo de 2019","og_description":"As vendas do Natal de 2021 registraram um aumento real de 10% nas vendas de lojistas de shopping em rela\u00e7\u00e3o ao ano passado","og_url":"https:\/\/www.suno.com.br\/noticias\/natal-2021-alta-vendas-ante-2020-mas-abaixo-de-2019\/","og_site_name":"Suno Not\u00edcias","article_publisher":"https:\/\/facebook.com\/sunoresearch","article_author":"https:\/\/www.facebook.com\/sunonoticias\/","og_image":[{"width":1920,"height":1280,"url":"https:\/\/files.sunoresearch.com.br\/n\/uploads\/2018\/11\/2782a66f-vendas-na-black-friday-1.jpg","type":"image\/jpeg"}],"author":"Reda\u00e7\u00e3o Suno Not\u00edcias","twitter_card":"summary_large_image","twitter_creator":"@https:\/\/twitter.com\/sunoresearch","twitter_site":"@sunoresearch","twitter_misc":{"Escrito por":"Reda\u00e7\u00e3o Suno Not\u00edcias","Est. tempo de leitura":"2 minutos"},"schema":{"@context":"https:\/\/schema.org","@graph":[{"@type":"NewsArticle","@id":"https:\/\/www.suno.com.br\/noticias\/natal-2021-alta-vendas-ante-2020-mas-abaixo-de-2019\/#article","isPartOf":{"@id":"https:\/\/www.suno.com.br\/noticias\/natal-2021-alta-vendas-ante-2020-mas-abaixo-de-2019\/"},"author":{"name":"Reda\u00e7\u00e3o Suno Not\u00edcias","@id":"https:\/\/www.suno.com.br\/noticias\/#\/schema\/person\/c1b1bd3727fa852bd045e9dbff3673ea"},"headline":"Alshop: vendas no Natal 2021 t\u00eam alta de 10% ante 2020, mas ficam abaixo de 2019","datePublished":"2021-12-27T21:53:08+00:00","dateModified":"2021-12-27T21:55:06+00:00","mainEntityOfPage":{"@id":"https:\/\/www.suno.com.br\/noticias\/natal-2021-alta-vendas-ante-2020-mas-abaixo-de-2019\/"},"wordCount":413,"publisher":{"@id":"https:\/\/www.suno.com.br\/noticias\/#organization"},"image":{"@id":"https:\/\/www.suno.com.br\/noticias\/natal-2021-alta-vendas-ante-2020-mas-abaixo-de-2019\/#primaryimage"},"thumbnailUrl":"https:\/\/files.sunoresearch.com.br\/n\/uploads\/2018\/11\/2782a66f-vendas-na-black-friday-1-jpg.webp","keywords":["varejo"],"articleSection":["Neg\u00f3cios"],"inLanguage":"pt-BR"},{"@type":"WebPage","@id":"https:\/\/www.suno.com.br\/noticias\/natal-2021-alta-vendas-ante-2020-mas-abaixo-de-2019\/","url":"https:\/\/www.suno.com.br\/noticias\/natal-2021-alta-vendas-ante-2020-mas-abaixo-de-2019\/","name":"Alshop: Natal 2021 tem alta de 10% nas vendas, mas abaixo de 2019","isPartOf":{"@id":"https:\/\/www.suno.com.br\/noticias\/#website"},"primaryImageOfPage":{"@id":"https:\/\/www.suno.com.br\/noticias\/natal-2021-alta-vendas-ante-2020-mas-abaixo-de-2019\/#primaryimage"},"image":{"@id":"https:\/\/www.suno.com.br\/noticias\/natal-2021-alta-vendas-ante-2020-mas-abaixo-de-2019\/#primaryimage"},"thumbnailUrl":"https:\/\/files.sunoresearch.com.br\/n\/uploads\/2018\/11\/2782a66f-vendas-na-black-friday-1-jpg.webp","datePublished":"2021-12-27T21:53:08+00:00","dateModified":"2021-12-27T21:55:06+00:00","description":"As vendas do Natal de 2021 registraram um aumento real de 10% nas vendas de lojistas de shopping em rela\u00e7\u00e3o ao ano passado","breadcrumb":{"@id":"https:\/\/www.suno.com.br\/noticias\/natal-2021-alta-vendas-ante-2020-mas-abaixo-de-2019\/#breadcrumb"},"inLanguage":"pt-BR","potentialAction":[{"@type":"ReadAction","target":["https:\/\/www.suno.com.br\/noticias\/natal-2021-alta-vendas-ante-2020-mas-abaixo-de-2019\/"]}]},{"@type":"ImageObject","inLanguage":"pt-BR","@id":"https:\/\/www.suno.com.br\/noticias\/natal-2021-alta-vendas-ante-2020-mas-abaixo-de-2019\/#primaryimage","url":"https:\/\/files.sunoresearch.com.br\/n\/uploads\/2018\/11\/2782a66f-vendas-na-black-friday-1-jpg.webp","contentUrl":"https:\/\/files.sunoresearch.com.br\/n\/uploads\/2018\/11\/2782a66f-vendas-na-black-friday-1-jpg.webp","width":1920,"height":1280,"caption":"Vendas no Natal sobem, mas abaixo dos n\u00edveis de 2019. Foto: Pixabay"},{"@type":"BreadcrumbList","@id":"https:\/\/www.suno.com.br\/noticias\/natal-2021-alta-vendas-ante-2020-mas-abaixo-de-2019\/#breadcrumb","itemListElement":[{"@type":"ListItem","position":1,"name":"Not\u00edcias","item":"https:\/\/www.suno.com.br\/noticias\/"},{"@type":"ListItem","position":2,"name":"Neg\u00f3cios","item":"https:\/\/www.suno.com.br\/noticias\/negocios\/"},{"@type":"ListItem","position":3,"name":"Alshop: vendas no Natal 2021 t\u00eam alta de 10% ante 2020, mas ficam abaixo de 2019"}]},{"@type":"WebSite","@id":"https:\/\/www.suno.com.br\/noticias\/#website","url":"https:\/\/www.suno.com.br\/noticias\/","name":"Suno Not\u00edcias","description":"Seu portal de informa\u00e7\u00e3o sobre o mundo dos investimentos","publisher":{"@id":"https:\/\/www.suno.com.br\/noticias\/#organization"},"potentialAction":[{"@type":"SearchAction","target":{"@type":"EntryPoint","urlTemplate":"https:\/\/www.suno.com.br\/noticias\/?s={search_term_string}"},"query-input":{"@type":"PropertyValueSpecification","valueRequired":true,"valueName":"search_term_string"}}],"inLanguage":"pt-BR"},{"@type":"Organization","@id":"https:\/\/www.suno.com.br\/noticias\/#organization","name":"Suno Not\u00edcias","url":"https:\/\/www.suno.com.br\/noticias\/","logo":{"@type":"ImageObject","inLanguage":"pt-BR","@id":"https:\/\/www.suno.com.br\/noticias\/#\/schema\/logo\/image\/","url":"https:\/\/files.sunoresearch.com.br\/n\/uploads\/2021\/09\/suno-logo.png","contentUrl":"https:\/\/files.sunoresearch.com.br\/n\/uploads\/2021\/09\/suno-logo.png","width":180,"height":180,"caption":"Suno Not\u00edcias"},"image":{"@id":"https:\/\/www.suno.com.br\/noticias\/#\/schema\/logo\/image\/"},"sameAs":["https:\/\/facebook.com\/sunoresearch","https:\/\/x.com\/sunoresearch","https:\/\/www.instagram.com\/suno","https:\/\/www.linkedin.com\/company\/suno-research\/","https:\/\/www.youtube.com\/c\/sunoresearch"]},{"@type":"Person","@id":"https:\/\/www.suno.com.br\/noticias\/#\/schema\/person\/c1b1bd3727fa852bd045e9dbff3673ea","name":"Reda\u00e7\u00e3o Suno Not\u00edcias","image":{"@type":"ImageObject","inLanguage":"pt-BR","@id":"https:\/\/www.suno.com.br\/noticias\/#\/schema\/person\/image\/","url":"https:\/\/secure.gravatar.com\/avatar\/b8104b9b5a71985d5238ee59fbe418af?s=96&r=g","contentUrl":"https:\/\/secure.gravatar.com\/avatar\/b8104b9b5a71985d5238ee59fbe418af?s=96&r=g","caption":"Reda\u00e7\u00e3o Suno Not\u00edcias"},"description":"O Suno Not\u00edcias \u00e9 um portal de informa\u00e7\u00f5es sobre Mercado Financeiro, Pol\u00edtica, Neg\u00f3cios, Economia e Finan\u00e7as Pessoais.","sameAs":["https:\/\/www.suno.com.br\/noticias","https:\/\/www.facebook.com\/sunonoticias\/","https:\/\/www.instagram.com\/sunonoticias\/","https:\/\/x.com\/https:\/\/twitter.com\/sunoresearch","https:\/\/www.youtube.com\/sunonoticias"],"url":"https:\/\/www.suno.com.br\/noticias\/author\/redacao-suno\/"}]}},"default_loop_html":"<div class=\"cardsPage__listCard__boxs\"><div class=\"cardsPage__listCard__boxs__img\"><a href=\"https:\/\/www.suno.com.br\/noticias\/natal-2021-alta-vendas-ante-2020-mas-abaixo-de-2019\/\"><img class=\"mask\" src=\"https:\/\/www.suno.com.br\/noticias\/wp-content\/themes\/suno\/resources\/images\/spotlight\/spotlight1img\/bg-mask.png\" alt=\"Image Mask\"\/><img src=\"https:\/\/files.sunoresearch.com.br\/n\/uploads\/2018\/11\/2782a66f-vendas-na-black-friday-1-400x200.webp\" alt=\"Alshop: vendas no Natal 2021 t\u00eam alta de 10% ante 2020, mas ficam abaixo de 2019\"\/><\/a><span class=\"spotlightCategory\"><a href=\"https:\/\/www.suno.com.br\/noticias\/negocios\/\">Neg\u00f3cios<\/a><\/span><\/div><div class=\"cardsPage__listCard__boxs__content\"><a href=\"https:\/\/www.suno.com.br\/noticias\/natal-2021-alta-vendas-ante-2020-mas-abaixo-de-2019\/\"><h2 class=\"content__title\">Alshop: vendas no Natal 2021 t\u00eam alta de 10% ante 2020, mas ficam abaixo de 2019<\/h2><\/a><div class=\"newsContent__article__meta\"><div class=\"newsContent__article__meta__authorBox\"><a href=\"https:\/\/www.suno.com.br\/noticias\/author\/redacao-suno\/\" class=\"authorBox__avatar noMobi\"><img src=\"https:\/\/files.sunoresearch.com.br\/n\/uploads\/2020\/08\/0ace682d-redacao-1-150x150.webp\" alt=\"Reda\u00e7\u00e3o Suno Not\u00edcias\"><\/a><div class=\"authorBox__name\"><span>por\n\t\t\t<a href=\"https:\/\/www.suno.com.br\/noticias\/author\/redacao-suno\/\"><span itemprop=\"author\">Reda\u00e7\u00e3o Suno Not\u00edcias<\/span><\/a><\/span><time datetime=\"2021-12-27T18:53:08-03:00\" itemprop=\"datePublished\">27\/12\/2021 18:53<\/time><\/div><\/div><\/div><\/div><\/div>","single_layout":"posts","amp_enabled":true,"_links":{"self":[{"href":"https:\/\/www.suno.com.br\/noticias\/wp-json\/wp\/v2\/posts\/217807"}],"collection":[{"href":"https:\/\/www.suno.com.br\/noticias\/wp-json\/wp\/v2\/posts"}],"about":[{"href":"https:\/\/www.suno.com.br\/noticias\/wp-json\/wp\/v2\/types\/post"}],"author":[{"embeddable":true,"href":"https:\/\/www.suno.com.br\/noticias\/wp-json\/wp\/v2\/users\/43"}],"replies":[{"embeddable":true,"href":"https:\/\/www.suno.com.br\/noticias\/wp-json\/wp\/v2\/comments?post=217807"}],"version-history":[{"count":3,"href":"https:\/\/www.suno.com.br\/noticias\/wp-json\/wp\/v2\/posts\/217807\/revisions"}],"predecessor-version":[{"id":217810,"href":"https:\/\/www.suno.com.br\/noticias\/wp-json\/wp\/v2\/posts\/217807\/revisions\/217810"}],"wp:featuredmedia":[{"embeddable":true,"href":"https:\/\/www.suno.com.br\/noticias\/wp-json\/wp\/v2\/media\/6561"}],"wp:attachment":[{"href":"https:\/\/www.suno.com.br\/noticias\/wp-json\/wp\/v2\/media?parent=217807"}],"wp:term":[{"taxonomy":"category","embeddable":true,"href":"https:\/\/www.suno.com.br\/noticias\/wp-json\/wp\/v2\/categories?post=217807"},{"taxonomy":"post_tag","embeddable":true,"href":"https:\/\/www.suno.com.br\/noticias\/wp-json\/wp\/v2\/tags?post=217807"},{"taxonomy":"suno_strategy","embeddable":true,"href":"https:\/\/www.suno.com.br\/noticias\/wp-json\/wp\/v2\/suno_strategy?post=217807"}],"curies":[{"name":"wp","href":"https:\/\/api.w.org\/{rel}","templated":true}]}}