{"id":21766,"date":"2019-04-21T13:06:51","date_gmt":"2019-04-21T16:06:51","guid":{"rendered":"https:\/\/www.suno.com.br\/noticias\/?p=21766"},"modified":"2019-04-21T17:47:36","modified_gmt":"2019-04-21T20:47:36","slug":"avianca-cancela-dois-mil-voos","status":"publish","type":"post","link":"https:\/\/www.suno.com.br\/noticias\/avianca-cancela-dois-mil-voos\/","title":{"rendered":"Avianca cancela quase 2 mil voos at\u00e9 o dia 28 de abril"},"content":{"rendered":"<p>A Avianca cancelou cerca de 2 mil voos at\u00e9 o pr\u00f3ximo dia 28 de abril. As informa\u00e7\u00f5es foram disponibilizadas pela companhia a\u00e9rea em seu site. As causas desses cancelamentos s\u00e3o ligadas as medidas tomadas pela\u00a0<strong>Ag\u00eancia Nacional de Avia\u00e7\u00e3o Civil (Anac).<\/strong><\/p>\t<div class=\"wrapper-featured-image\">\n\t\t<figure class=\"spotlightImg\">\n\n\t\t\t<picture>\n\t\t\t\t<source media=\"(max-width: 768px)\" srcset=\"https:\/\/files.sunoresearch.com.br\/n\/uploads\/2019\/04\/62e1e61d-avianca-400x200.webp\">\n\t\t\t\t<img loading=\"lazy\" decoding=\"async\" class=\"newsContent__article__imgCapa lazyloadDisabled newsContent__article__imgCapa--noCaption\" src=\"https:\/\/files.sunoresearch.com.br\/n\/uploads\/2019\/04\/62e1e61d-avianca-jpg.webp\" width=\"800\" height=\"450\" alt=\"Avianca cancela quase 2 mil voos at\u00e9 o dia 28 de abril\" fetchpriority=high \/>\n\t\t\t<\/picture>\n\n\t\t\t<figcaption class=\"wp-caption-text wp-caption-text--hide\">Avianca<\/figcaption>\n\t\t<\/figure>\n\t<\/div>\n\n\n<p>A <strong>Anac<\/strong> j\u00e1 decretou o cancelamento de\u00a018 matr\u00edculas de aeronaves da <strong>Avianca.<\/strong> Uma medida que cumpriu uma decis\u00e3o judicial que determinou a reintegra\u00e7\u00e3o de posse das aeronaves para as empresas de leasing que eram donas dos avi\u00f5es.<\/p>\n<p>Para tentar minimizar os efeitos negativos dessas medidas, a Anac recomenda que os passageiros que compraram passagens com a <strong>Avianca<\/strong> fiquem atentos aos comunicados da empresa sobre a situa\u00e7\u00e3o dos voos. Em caso de d\u00favida, os passageiros dever\u00e3o buscar informa\u00e7\u00f5es no site da companhia a\u00e9rea ou pelos canais de atendimento telef\u00f4nico, eletr\u00f4nico ou presencial.<\/p>\n<p><a href=\"https:\/\/www.suno.com.br\/noticias\/cade-latam-gol-avianca-entenda\/\">Saiba mais: Cade investiga interesse de Latam e Gol na compra de ativos da Avianca\u00a0<\/a><\/p>\n<p>Por sua vez, a <strong>Avianca<\/strong> se comprometeu com a <strong>Anac<\/strong> a informar com anteced\u00eancia m\u00ednima de 72 horas os voos que ser\u00e3o cancelados.<\/p>\n\n<p>A <strong>Secretaria Nacional do Consumidor (Senacon)<\/strong> notificou a <strong>Avianca<\/strong> pedindo informa\u00e7\u00f5es sobre:<\/p>\n<ul>\n<li>o n\u00famero de assentos vendidos pela empresa;<\/li>\n<li>como est\u00e1 sendo feita a distribui\u00e7\u00e3o de assentos;<\/li>\n<li>eventuais riscos de mais voos serem cancelados;<\/li>\n<\/ul>\n<p>Segundo a secretaria, os consumidores lesados poder\u00e3o apresentar suas reclama\u00e7\u00f5es na plataforma consumidor.gov.br, que pode ser acessada por navegador ou por aplicativo pr\u00f3prio dispon\u00edvel para os sistemas Apple e Android.<\/p>\n<p><a href=\"https:\/\/www.suno.com.br\/noticias\/avianca-reducao-voos-pascoa\/\">Saiba mais: Avianca ter\u00e1 612 voos a menos do que na \u00faltima P\u00e1scoa\u00a0<\/a><\/p>\n<h2>Entenda o caso<\/h2>\n<p>A <strong>Avianca<\/strong> \u00e9 a quarta maior <strong>companhia a\u00e9rea<\/strong> do Brasil e est\u00e1 <a href=\"https:\/\/www.suno.com.br\/artigos\/recuperacao-judicial\/\">em recupera\u00e7\u00e3o judicial<\/a> desde 2018. O <a href=\"https:\/\/www.suno.com.br\/noticias\/avianca-pedido-recuperacao-judicial\/\">pedido foi registrado na 1\u00aa Vara Empresarial de S\u00e3o Paulo<\/a> em 10 de dezembro, ap\u00f3s crescentes <strong>preju\u00edzos<\/strong> e atrasos em pagamentos de arrendamento de aeronaves.<\/p>\n\t<p>\n\t\t<a href=\"https:\/\/lp.suno.com.br\/4-emissao-snel11\/\" target=\"_blank\" data-element=\"shortcode-suno-banner\" title=\"Banner SUNO, clique e saiba mais\">\n\t\t\t<picture>\n\t\t\t\t<source media=\"(max-width: 500px)\" srcset=\"https:\/\/files.sunoresearch.com.br\/n\/uploads\/2025\/07\/400x300-Mobile-Artigos-7.webp\">\n\t\t\t\t<img class=\"newsContent__article__imgCapa newsContent__article__imgCapa--banner\"\n\t\t\t\t\tsrc=\"https:\/\/files.sunoresearch.com.br\/n\/uploads\/2025\/07\/1420x240-Banner-Artigos-1-_-Banner-Materias-5.webp\"\n\t\t\t\t\tdata-promo-id=\"613822\"\t\t\t\t\t\t\t\t\t\twidth='1420' height='240'\t\t\t\t\talt=\"https:\/\/files.sunoresearch.com.br\/n\/uploads\/2025\/07\/1420x240-Banner-Artigos-1-_-Banner-Materias-5.webp\"\n\t\t\t\t>\n\t\t\t<\/picture>\n\t\t<\/a>\n\t<\/p>\n\n\n<p>A <b>companhia a\u00e9rea\u00a0<\/b>controla 13% do mercado nacional e registrou um crescimento forte nos \u00faltimos anos.<\/p>\n<p><a href=\"https:\/\/www.suno.com.br\/noticias\/avianca-pode-perder-avioes-acordo\/\">Saiba mais: Avianca pode perder avi\u00f5es se n\u00e3o alcan\u00e7ar acordo\u00a0<\/a><\/p>\n<p>Tr\u00eas empresas de <strong>leasing<\/strong> j\u00e1 pediram restitui\u00e7\u00e3o de avi\u00f5es por conta da falta de pagamento. No total, as empresas arrendaram 14 <strong>aeronaves<\/strong> para a companhia a\u00e9rea, equivalente a 30% da frota em opera\u00e7\u00e3o A companhia a\u00e9rea tinha assegurado que nenhuma das opera\u00e7\u00f5es seriam afetadas, mesmo com o processo de recupera\u00e7\u00e3o judicial. Entretanto, a <strong>Avianca Brasil<\/strong> demitiu 140 funcion\u00e1rios na \u00faltima semana.\u00a0Em dezembro do ano passado a <strong>companhia a\u00e9rea<\/strong> devolveu duas aeronaves Airbus A330 para as empresas de arrendamento.<\/p>\n\t<p>\n\t\t<a href=\"https:\/\/lp.suno.com.br\/ebook-investindo-em-fiis\/\" target=\"_blank\" data-element=\"shortcode-suno-banner\" title=\"Banner SUNO, clique e saiba mais\">\n\t\t\t<picture>\n\t\t\t\t<source media=\"(max-width: 500px)\" srcset=\"https:\/\/files.sunoresearch.com.br\/n\/uploads\/2023\/03\/Ebook-Fundos-Imobiliarios-Mobile-1.jpg\">\n\t\t\t\t<img class=\"newsContent__article__imgCapa newsContent__article__imgCapa--banner\"\n\t\t\t\t\tsrc=\"https:\/\/files.sunoresearch.com.br\/n\/uploads\/2023\/03\/Ebook-Fundos-Imobiliarios-Desktop-1.jpg\"\n\t\t\t\t\tdata-promo-id=\"313843\"\t\t\t\t\t\t\t\t\t\twidth='1420' height='286'\t\t\t\t\talt=\"https:\/\/files.sunoresearch.com.br\/n\/uploads\/2023\/03\/Ebook-Fundos-Imobiliarios-Desktop-1.jpg\"\n\t\t\t\t>\n\t\t\t<\/picture>\n\t\t<\/a>\n\t<\/p>\n\n\n<p>Por causa da falta de pagamento, os credores apresentaram recursos para a <strong>ANAC.<\/strong> A ag\u00eancia recebeu pedidos por retirar as aeronaves operadas pela empresa do <strong>Registro Aeron\u00e1utico Brasileiro (RAB)<\/strong>.<\/p>\n<p>Em caso de calote, as empresas donas das aeronaves podem pedir o cancelamento das matr\u00edculas dos avi\u00f5es. Isso porque a falta de pagamento por parte da <strong>Avianca<\/strong> seria um descumprimento da <strong>Conven\u00e7\u00e3o da Cidade do Cabo<\/strong>. No come\u00e7o de Janeiro, a <strong>ANAC<\/strong> anunciou o cancelamento de dez matr\u00edculas de avi\u00f5es operados pela Avianca ap\u00f3s pedido da <strong>GE Capital Aviation Services (Gecas)<\/strong>, dona das aeronaves. A Gecas pedia para suspender o registro de dez aeronaves <strong>Airbus A320<\/strong> usadas pela Avianca Brasil em opera\u00e7\u00e3o de voos. A Gecas \u00e9 uma empresa de leasing dona das aeronaves, com a qual a companhia a\u00e9rea tinha um contrato para os 10 avi\u00f5es.<\/p>\n<h2>Poss\u00edvel Venda da Avianca<\/h2>\n<p>Em 13 de dezembro de 2018, 0 ex-presidente da Rep\u00fablica <strong>Michel Temer<\/strong> assinou a Medida Provis\u00f3ria que permite as empresas estrangeiras a deter 100% do capital de companhias a\u00e9reas brasileiras. Portanto, a possibilidade de que tais empresas adquiram a <strong>Avianca<\/strong> existe, apesar da recupera\u00e7\u00e3o judicial. Caso a venda da companhia a\u00e9rea se concretizasse, a empresa compradora estaria obtendo apenas a \u201cparte boa\u201d, o que exclui as d\u00edvidas.<\/p>\n<p><a href=\"https:\/\/www.suno.com.br\/noticias\/latam-entra-justica-contra-plano-avianca\/\">Saiba mais: Latam entra na Justi\u00e7a contra recupera\u00e7\u00e3o judicial da Avianca\u00a0<\/a><\/p>\n<p>No dia 17 de Janeiro, a <strong>Avianca Brasil<\/strong> anunciou o fim de seus voos internacionais mais importantes. <a href=\"https:\/\/www.suno.com.br\/noticias\/avianca-brasil-corta-voos-internacionais-para-nova-york-miami-e-santiago\/\">Foram canceladas as rotas de Guarulhos para Nova York, Miami e Santiago.<\/a> Al\u00e9m disso, foram devolvidas outras duas aeronaves <strong>A330<\/strong> a empresas de <strong>leasing.<\/strong> Atualmente, a\u00a0companhia a\u00e9rea tem 46 aeronaves em opera\u00e7\u00e3o.<\/p>\n\t<p>\n\t\t<a href=\"https:\/\/lp.suno.com.br\/minicurso-investindo-fiis\/\" target=\"_blank\" data-element=\"shortcode-suno-banner\" title=\"Banner SUNO, clique e saiba mais\">\n\t\t\t<picture>\n\t\t\t\t<source media=\"(max-width: 500px)\" srcset=\"https:\/\/files.sunoresearch.com.br\/n\/uploads\/2023\/07\/400x300-Minicurso-FIIS.png\">\n\t\t\t\t<img class=\"newsContent__article__imgCapa newsContent__article__imgCapa--banner\"\n\t\t\t\t\tsrc=\"https:\/\/files.sunoresearch.com.br\/n\/uploads\/2023\/07\/1420x240-Minicurso-FIIS.png\"\n\t\t\t\t\tdata-promo-id=\"311935\"\t\t\t\t\t\t\t\t\t\twidth='1420' height='240'\t\t\t\t\talt=\"https:\/\/files.sunoresearch.com.br\/n\/uploads\/2023\/07\/1420x240-Minicurso-FIIS.png\"\n\t\t\t\t>\n\t\t\t<\/picture>\n\t\t<\/a>\n\t<\/p>\n\n\n<h2>Proposta da Azul<\/h2>\n<p>Em 11 de mar\u00e7o, a <strong>Azul<\/strong> teria assinado uma proposta n\u00e3o-vinculante para a aquisi\u00e7\u00e3o de parte dos ativos da <strong>Avianca<\/strong> atrav\u00e9s de uma <strong>Unidade Produtiva Isolada<\/strong> (UPI).<\/p>\n<p>O valor total da opera\u00e7\u00e3o seria de\u00a0US$ 105 milh\u00f5es. A proposta foi exposta em um plano de <a href=\"https:\/\/www.suno.com.br\/artigos\/recuperacao-judicial\/\">recupera\u00e7\u00e3o judicial<\/a> da Avianca, e a <strong>UPI<\/strong> teria:<\/p>\n<ul>\n<li>certificado de operador a\u00e9reo;<\/li>\n<li>70 pares de direitos de pousos e decolagens (\u201cslots\u201d);<\/li>\n<li>aproximadamente 30 <strong>aeronaves Airbus A320.<\/strong><\/li>\n<\/ul>\n<p>Os slots seriam nos aeroportos\u00a0nos aeroportos de <strong>Congonhas<\/strong> e\u00a0<strong>Guarulhos (S\u00e3o Paulo)<\/strong> e <strong>Santos Dumont<\/strong> (<strong>Rio de Janeiro<\/strong>). Alguns dos aeroportos mais importantes do Brasil.<\/p>\n<p><a href=\"https:\/\/www.suno.com.br\/noticias\/azul-presenca-congonhas-acordo-avianca-acoes-disparam\/\">Saiba mais &#8211; Azul pode mais que dobrar presen\u00e7a em Congonhas; a\u00e7\u00f5es disparam<\/a><\/p>\n<p>Em 4 de mar\u00e7o, a <strong>Gol<\/strong> e a <strong>Latam<\/strong> entraram na disputa para adquirir partes da Avianca. No plano de recupera\u00e7\u00e3o judicial alternativo \u00e0quele proposto pela Gol, havia a cria\u00e7\u00e3o de sete <strong>UPIs<\/strong>. Seis unidades conter\u00e3o apenas &#8220;slots&#8221; dos aeroportos de Congonhas, Guarulhos e Gale\u00e3o, e uma unidade englobar\u00e1 os ativos do programa de fidelidade Amigo.<\/p>\n\t<p>\n\t\t<a href=\"https:\/\/lps.suno.com.br\/asset\/newsletter\/\" target=\"_blank\" data-element=\"shortcode-suno-banner\" title=\"Banner SUNO, clique e saiba mais\">\n\t\t\t<picture>\n\t\t\t\t<source media=\"(max-width: 500px)\" srcset=\"https:\/\/files.sunoresearch.com.br\/n\/uploads\/2023\/04\/400x300-Mobile-Artigos-4.jpg\">\n\t\t\t\t<img class=\"newsContent__article__imgCapa newsContent__article__imgCapa--banner\"\n\t\t\t\t\tsrc=\"https:\/\/files.sunoresearch.com.br\/n\/uploads\/2023\/04\/1420x240-Banner-Artigos-1-_-Banner-Materias-1.jpg\"\n\t\t\t\t\tdata-promo-id=\"386700\"\t\t\t\t\t\t\t\t\t\twidth='1420' height='240'\t\t\t\t\talt=\"https:\/\/files.sunoresearch.com.br\/n\/uploads\/2023\/04\/1420x240-Banner-Artigos-1-_-Banner-Materias-1.jpg\"\n\t\t\t\t>\n\t\t\t<\/picture>\n\t\t<\/a>\n\t<\/p>\n\n\n<p>A <strong>Gol<\/strong> informou em nota seu interesse na compra de ativos da concorrente.\u00a0 A companhia a\u00e9rea teria assinado um acordo vinculante com o fundo ativista <strong>Elliott Management<\/strong>, para entrar na disputa. Em tal acordo, haveria compra pela companhia a\u00e9rea de US$ 5 milh\u00f5es em empr\u00e9stimos, feitos pelo fundo, \u00e0 Avianca.<\/p>\n<p>Conforme o acordo assinado com o <a href=\"https:\/\/www.suno.com.br\/artigos\/fundo-de-hedge\/\">fundo de hedge<\/a>, a <strong>Gol<\/strong> faria a oferta pela <strong>UPI<\/strong> A, que re\u00fane:<\/p>\n<ul>\n<li>10 slots em Congonhas;<\/li>\n<li>10 em Guarulhos;<\/li>\n<li>e 6 em Santos Dumont.<\/li>\n<\/ul>\n<p>Por sua vez, a Latam faria proposta pela <strong>UPI<\/strong> B, que possui:<\/p>\n<ul>\n<li>13 slots em Guarulhos;<\/li>\n<li>8 em Congonhas;<\/li>\n<li>e 4 em Santos Dumont.<\/li>\n<\/ul>\n<p>O presidente-executivo da <strong>Latam,<\/strong> <a href=\"https:\/\/www.suno.com.br\/tudo-sobre\/jerome-cadier\/\">Jerome Cadier<\/a>, confirmou a inten\u00e7\u00e3o de comprar uma parte da <strong>Avianca<\/strong> por ao menos US$ 70 milh\u00f5es (R$ 268 milh\u00f5es).<\/p>\n\t<p>\n\t\t<a href=\"https:\/\/lp2.suno.com.br\/lm\/minicurso-construindo-um-portfolio-milionario?utm_campaign=_SNCEBB048DA_sc.mcpm26&#038;utm_source=suno.com.br&#038;utm_medium=banner.noticias\" target=\"_blank\" data-element=\"shortcode-suno-banner\" title=\"Banner SUNO, clique e saiba mais\">\n\t\t\t<picture>\n\t\t\t\t<source media=\"(max-width: 500px)\" srcset=\"https:\/\/files.sunoresearch.com.br\/n\/uploads\/2026\/01\/MB-PS-HOME-DE-ARTIGOS-400x300-ID_01_x1-jpg.webp\">\n\t\t\t\t<img class=\"newsContent__article__imgCapa newsContent__article__imgCapa--banner\"\n\t\t\t\t\tsrc=\"https:\/\/files.sunoresearch.com.br\/n\/uploads\/2026\/01\/DT-PS-HOME-DE-ARTIGOS-1420x240-ID_01_x1-jpg.webp\"\n\t\t\t\t\tdata-promo-id=\"638432\"\t\t\t\t\t\t\t\t\t\twidth='1420' height='240'\t\t\t\t\talt=\"https:\/\/files.sunoresearch.com.br\/n\/uploads\/2026\/01\/DT-PS-HOME-DE-ARTIGOS-1420x240-ID_01_x1-jpg.webp\"\n\t\t\t\t>\n\t\t\t<\/picture>\n\t\t<\/a>\n\t<\/p>\n\n\n<h2>Plano proposto pela Gol, Latam e Elliott vence<\/h2>\n<p>Na Assembleia de credores da <strong>Avianca<\/strong>, ocorrida em 5 de mar\u00e7o, o plano de <strong>recupera\u00e7\u00e3o judicial<\/strong> foi aquele da <strong>Gol<\/strong>, em conjunto com a <strong>Latam <\/strong>e o Elliott.<\/p>\n<p>Entre os presentes na assembleia, 80% concordaram com os termos de cria\u00e7\u00e3o de sete <strong>UPIs<\/strong>, a serem leiloadas. O <strong>leil\u00e3o<\/strong> est\u00e1 marcado para 7 de maio.<\/p>\n<p><a href=\"https:\/\/www.suno.com.br\/noticias\/avianca-assembleia-de-credores-tem-debate-entre-azul-elliott-e-avianca\/\">Saiba mais &#8211; Avianca: assembleia de credores tem debate entre Azul e Elliott<\/a><\/p>\n<h2>Azul desiste de compra da Avianca e a\u00e7\u00f5es da Gol sobem<\/h2>\n<p>No dia 18 de abril a <strong>Azul<\/strong> anunciou que retirou a oferta feita para a compra de parte das opera\u00e7\u00f5es da\u00a0<strong>Avianca<\/strong>.<\/p>\n<p>A<strong> companhia a\u00e9rea<\/strong> acusou as rivais do setor, <strong>Gol<\/strong> e <strong>Latam,<\/strong> de agirem para evitar a concorr\u00eancia na ponte a\u00e9rea S\u00e3o Paulo-Rio de Janeiro.<\/p>\n<p>O presidente-executivo da <strong>Azul<\/strong>,\u00a0John Rodgerson, fez o an\u00fancio no Pal\u00e1cio dos Bandeirantes.\u00a0Para o presidente, a atua\u00e7\u00e3o das empresas teve car\u00e1ter protecionista.<\/p>\n<p>\u201cA nossa participa\u00e7\u00e3o no <strong>leil\u00e3o<\/strong> \u00e9 pouco prov\u00e1vel e a chance de sua realiza\u00e7\u00e3o fica cada vez menor com a retomada de aeronaves [por parte dos arrendadores dos jatos]&#8221;, disse Rodgerson comentando o caso da <strong>Avianca.<\/strong><\/p>\n<p><a style=\"font-size: 1.5em;\" href=\"https:\/\/lp.suno.com.br\/ipo-do-uber-noticias\/\">Vale a pena entrar no IPO do Uber? Clique aqui e confira o relat\u00f3rio gratuito<\/a><\/p>\n","protected":false},"excerpt":{"rendered":"<p>A Avianca cancelou cerca de 2 mil voos at\u00e9 o pr\u00f3ximo dia 28 de abril. As informa\u00e7\u00f5es foram disponibilizadas pela companhia a\u00e9rea em seu site. As causas desses cancelamentos s\u00e3o ligadas as medidas tomadas pela\u00a0Ag\u00eancia Nacional de Avia\u00e7\u00e3o Civil (Anac). Avianca A Anac j\u00e1 decretou o cancelamento de\u00a018 matr\u00edculas de aeronaves da Avianca. Uma medida [&hellip;]<\/p>\n","protected":false},"author":9,"featured_media":21768,"comment_status":"closed","ping_status":"closed","sticky":false,"template":"","format":"standard","meta":[],"categories":[64],"tags":[840],"suno_strategy":[],"class_list":["post-21766","post","type-post","status-publish","format-standard","has-post-thumbnail","hentry","category-negocios","tag-avianca"],"yoast_head":"<!-- This site is optimized with the Yoast SEO plugin v24.4 - https:\/\/yoast.com\/wordpress\/plugins\/seo\/ -->\n<title>Avianca cancela quase 2 mil voos at\u00e9 o dia 28 de abril<\/title>\n<meta name=\"description\" content=\"A Avianca cancelou cerca de 2 mil voos at\u00e9 o pr\u00f3ximo dia 28 de abril por causa das medidas tomadas pela Anac. Clique aqui para saber mais.\" \/>\n<meta name=\"robots\" content=\"index, follow, max-snippet:-1, max-image-preview:large, max-video-preview:-1\" \/>\n<link rel=\"canonical\" href=\"https:\/\/www.suno.com.br\/noticias\/avianca-cancela-dois-mil-voos\/\" \/>\n<meta property=\"og:locale\" content=\"pt_BR\" \/>\n<meta property=\"og:type\" content=\"article\" \/>\n<meta property=\"og:title\" content=\"Avianca cancela quase 2 mil voos at\u00e9 o dia 28 de abril\" \/>\n<meta property=\"og:description\" content=\"A Avianca cancelou cerca de 2 mil voos at\u00e9 o pr\u00f3ximo dia 28 de abril por causa das medidas tomadas pela Anac. Clique aqui para saber mais.\" \/>\n<meta property=\"og:url\" content=\"https:\/\/www.suno.com.br\/noticias\/avianca-cancela-dois-mil-voos\/\" \/>\n<meta property=\"og:site_name\" content=\"Suno Not\u00edcias\" \/>\n<meta property=\"article:publisher\" content=\"https:\/\/facebook.com\/sunoresearch\" \/>\n<meta property=\"og:image\" content=\"https:\/\/files.sunoresearch.com.br\/n\/uploads\/2019\/04\/62e1e61d-avianca.jpg\" \/>\n\t<meta property=\"og:image:width\" content=\"740\" \/>\n\t<meta property=\"og:image:height\" content=\"555\" \/>\n\t<meta property=\"og:image:type\" content=\"image\/jpeg\" \/>\n<meta name=\"author\" content=\"Carlo Cauti\" \/>\n<meta name=\"twitter:card\" content=\"summary_large_image\" \/>\n<meta name=\"twitter:creator\" content=\"@sunoresearch\" \/>\n<meta name=\"twitter:site\" content=\"@sunoresearch\" \/>\n<meta name=\"twitter:label1\" content=\"Escrito por\" \/>\n\t<meta name=\"twitter:data1\" content=\"Carlo Cauti\" \/>\n\t<meta name=\"twitter:label2\" content=\"Est. tempo de leitura\" \/>\n\t<meta name=\"twitter:data2\" content=\"6 minutos\" \/>\n<script type=\"application\/ld+json\" class=\"yoast-schema-graph\">{\"@context\":\"https:\/\/schema.org\",\"@graph\":[{\"@type\":\"NewsArticle\",\"@id\":\"https:\/\/www.suno.com.br\/noticias\/avianca-cancela-dois-mil-voos\/#article\",\"isPartOf\":{\"@id\":\"https:\/\/www.suno.com.br\/noticias\/avianca-cancela-dois-mil-voos\/\"},\"author\":{\"name\":\"Carlo Cauti\",\"@id\":\"https:\/\/www.suno.com.br\/noticias\/#\/schema\/person\/e6e0f723cc177805027f4566c1d5e0c8\"},\"headline\":\"Avianca cancela quase 2 mil voos at\u00e9 o dia 28 de abril\",\"datePublished\":\"2019-04-21T16:06:51+00:00\",\"dateModified\":\"2019-04-21T20:47:36+00:00\",\"mainEntityOfPage\":{\"@id\":\"https:\/\/www.suno.com.br\/noticias\/avianca-cancela-dois-mil-voos\/\"},\"wordCount\":1273,\"publisher\":{\"@id\":\"https:\/\/www.suno.com.br\/noticias\/#organization\"},\"image\":{\"@id\":\"https:\/\/www.suno.com.br\/noticias\/avianca-cancela-dois-mil-voos\/#primaryimage\"},\"thumbnailUrl\":\"https:\/\/files.sunoresearch.com.br\/n\/uploads\/2019\/04\/62e1e61d-avianca-jpg.webp\",\"keywords\":[\"Avianca\"],\"articleSection\":[\"Neg\u00f3cios\"],\"inLanguage\":\"pt-BR\"},{\"@type\":\"WebPage\",\"@id\":\"https:\/\/www.suno.com.br\/noticias\/avianca-cancela-dois-mil-voos\/\",\"url\":\"https:\/\/www.suno.com.br\/noticias\/avianca-cancela-dois-mil-voos\/\",\"name\":\"Avianca cancela quase 2 mil voos at\u00e9 o dia 28 de abril\",\"isPartOf\":{\"@id\":\"https:\/\/www.suno.com.br\/noticias\/#website\"},\"primaryImageOfPage\":{\"@id\":\"https:\/\/www.suno.com.br\/noticias\/avianca-cancela-dois-mil-voos\/#primaryimage\"},\"image\":{\"@id\":\"https:\/\/www.suno.com.br\/noticias\/avianca-cancela-dois-mil-voos\/#primaryimage\"},\"thumbnailUrl\":\"https:\/\/files.sunoresearch.com.br\/n\/uploads\/2019\/04\/62e1e61d-avianca-jpg.webp\",\"datePublished\":\"2019-04-21T16:06:51+00:00\",\"dateModified\":\"2019-04-21T20:47:36+00:00\",\"description\":\"A Avianca cancelou cerca de 2 mil voos at\u00e9 o pr\u00f3ximo dia 28 de abril por causa das medidas tomadas pela Anac. Clique aqui para saber mais.\",\"breadcrumb\":{\"@id\":\"https:\/\/www.suno.com.br\/noticias\/avianca-cancela-dois-mil-voos\/#breadcrumb\"},\"inLanguage\":\"pt-BR\",\"potentialAction\":[{\"@type\":\"ReadAction\",\"target\":[\"https:\/\/www.suno.com.br\/noticias\/avianca-cancela-dois-mil-voos\/\"]}]},{\"@type\":\"ImageObject\",\"inLanguage\":\"pt-BR\",\"@id\":\"https:\/\/www.suno.com.br\/noticias\/avianca-cancela-dois-mil-voos\/#primaryimage\",\"url\":\"https:\/\/files.sunoresearch.com.br\/n\/uploads\/2019\/04\/62e1e61d-avianca-jpg.webp\",\"contentUrl\":\"https:\/\/files.sunoresearch.com.br\/n\/uploads\/2019\/04\/62e1e61d-avianca-jpg.webp\",\"width\":740,\"height\":555,\"caption\":\"Avianca\"},{\"@type\":\"BreadcrumbList\",\"@id\":\"https:\/\/www.suno.com.br\/noticias\/avianca-cancela-dois-mil-voos\/#breadcrumb\",\"itemListElement\":[{\"@type\":\"ListItem\",\"position\":1,\"name\":\"Not\u00edcias\",\"item\":\"https:\/\/www.suno.com.br\/noticias\/\"},{\"@type\":\"ListItem\",\"position\":2,\"name\":\"Neg\u00f3cios\",\"item\":\"https:\/\/www.suno.com.br\/noticias\/negocios\/\"},{\"@type\":\"ListItem\",\"position\":3,\"name\":\"Avianca cancela quase 2 mil voos at\u00e9 o dia 28 de abril\"}]},{\"@type\":\"WebSite\",\"@id\":\"https:\/\/www.suno.com.br\/noticias\/#website\",\"url\":\"https:\/\/www.suno.com.br\/noticias\/\",\"name\":\"Suno Not\u00edcias\",\"description\":\"Seu portal de informa\u00e7\u00e3o sobre o mundo dos investimentos\",\"publisher\":{\"@id\":\"https:\/\/www.suno.com.br\/noticias\/#organization\"},\"potentialAction\":[{\"@type\":\"SearchAction\",\"target\":{\"@type\":\"EntryPoint\",\"urlTemplate\":\"https:\/\/www.suno.com.br\/noticias\/?s={search_term_string}\"},\"query-input\":{\"@type\":\"PropertyValueSpecification\",\"valueRequired\":true,\"valueName\":\"search_term_string\"}}],\"inLanguage\":\"pt-BR\"},{\"@type\":\"Organization\",\"@id\":\"https:\/\/www.suno.com.br\/noticias\/#organization\",\"name\":\"Suno Not\u00edcias\",\"url\":\"https:\/\/www.suno.com.br\/noticias\/\",\"logo\":{\"@type\":\"ImageObject\",\"inLanguage\":\"pt-BR\",\"@id\":\"https:\/\/www.suno.com.br\/noticias\/#\/schema\/logo\/image\/\",\"url\":\"https:\/\/files.sunoresearch.com.br\/n\/uploads\/2021\/09\/suno-logo.png\",\"contentUrl\":\"https:\/\/files.sunoresearch.com.br\/n\/uploads\/2021\/09\/suno-logo.png\",\"width\":180,\"height\":180,\"caption\":\"Suno Not\u00edcias\"},\"image\":{\"@id\":\"https:\/\/www.suno.com.br\/noticias\/#\/schema\/logo\/image\/\"},\"sameAs\":[\"https:\/\/facebook.com\/sunoresearch\",\"https:\/\/x.com\/sunoresearch\",\"https:\/\/www.instagram.com\/suno\",\"https:\/\/www.linkedin.com\/company\/suno-research\/\",\"https:\/\/www.youtube.com\/c\/sunoresearch\"]},{\"@type\":\"Person\",\"@id\":\"https:\/\/www.suno.com.br\/noticias\/#\/schema\/person\/e6e0f723cc177805027f4566c1d5e0c8\",\"name\":\"Carlo Cauti\",\"image\":{\"@type\":\"ImageObject\",\"inLanguage\":\"pt-BR\",\"@id\":\"https:\/\/www.suno.com.br\/noticias\/#\/schema\/person\/image\/\",\"url\":\"https:\/\/secure.gravatar.com\/avatar\/3ada9e0bd164c23abd4792a9606d583c?s=96&r=g\",\"contentUrl\":\"https:\/\/secure.gravatar.com\/avatar\/3ada9e0bd164c23abd4792a9606d583c?s=96&r=g\",\"caption\":\"Carlo Cauti\"},\"description\":\"Editor multim\u00eddia do SUNO Not\u00edcias. Italiano, formado em Ci\u00eancias Pol\u00edticas pela universidade LUISS G. Carli de Roma e mestre cum laude em Rela\u00e7\u00f5es Internacionais, Jornalismo Internacional e de Guerra e em Economia Internacional. Concluiu tamb\u00e9m um MBA em Finan\u00e7as na B3. No Brasil, teve passagem por ve\u00edculos como Estad\u00e3o, Globo, Veja e EXAME. e nas ag\u00eancias de not\u00edcias italianas ANSA e NOVA.\",\"url\":\"https:\/\/www.suno.com.br\/noticias\/author\/carlo-cauti\/\"}]}<\/script>\n<!-- \/ Yoast SEO plugin. -->","yoast_head_json":{"title":"Avianca cancela quase 2 mil voos at\u00e9 o dia 28 de abril","description":"A Avianca cancelou cerca de 2 mil voos at\u00e9 o pr\u00f3ximo dia 28 de abril por causa das medidas tomadas pela Anac. Clique aqui para saber mais.","robots":{"index":"index","follow":"follow","max-snippet":"max-snippet:-1","max-image-preview":"max-image-preview:large","max-video-preview":"max-video-preview:-1"},"canonical":"https:\/\/www.suno.com.br\/noticias\/avianca-cancela-dois-mil-voos\/","og_locale":"pt_BR","og_type":"article","og_title":"Avianca cancela quase 2 mil voos at\u00e9 o dia 28 de abril","og_description":"A Avianca cancelou cerca de 2 mil voos at\u00e9 o pr\u00f3ximo dia 28 de abril por causa das medidas tomadas pela Anac. Clique aqui para saber mais.","og_url":"https:\/\/www.suno.com.br\/noticias\/avianca-cancela-dois-mil-voos\/","og_site_name":"Suno Not\u00edcias","article_publisher":"https:\/\/facebook.com\/sunoresearch","og_image":[{"width":740,"height":555,"url":"https:\/\/files.sunoresearch.com.br\/n\/uploads\/2019\/04\/62e1e61d-avianca.jpg","type":"image\/jpeg"}],"author":"Carlo Cauti","twitter_card":"summary_large_image","twitter_creator":"@sunoresearch","twitter_site":"@sunoresearch","twitter_misc":{"Escrito por":"Carlo Cauti","Est. tempo de leitura":"6 minutos"},"schema":{"@context":"https:\/\/schema.org","@graph":[{"@type":"NewsArticle","@id":"https:\/\/www.suno.com.br\/noticias\/avianca-cancela-dois-mil-voos\/#article","isPartOf":{"@id":"https:\/\/www.suno.com.br\/noticias\/avianca-cancela-dois-mil-voos\/"},"author":{"name":"Carlo Cauti","@id":"https:\/\/www.suno.com.br\/noticias\/#\/schema\/person\/e6e0f723cc177805027f4566c1d5e0c8"},"headline":"Avianca cancela quase 2 mil voos at\u00e9 o dia 28 de abril","datePublished":"2019-04-21T16:06:51+00:00","dateModified":"2019-04-21T20:47:36+00:00","mainEntityOfPage":{"@id":"https:\/\/www.suno.com.br\/noticias\/avianca-cancela-dois-mil-voos\/"},"wordCount":1273,"publisher":{"@id":"https:\/\/www.suno.com.br\/noticias\/#organization"},"image":{"@id":"https:\/\/www.suno.com.br\/noticias\/avianca-cancela-dois-mil-voos\/#primaryimage"},"thumbnailUrl":"https:\/\/files.sunoresearch.com.br\/n\/uploads\/2019\/04\/62e1e61d-avianca-jpg.webp","keywords":["Avianca"],"articleSection":["Neg\u00f3cios"],"inLanguage":"pt-BR"},{"@type":"WebPage","@id":"https:\/\/www.suno.com.br\/noticias\/avianca-cancela-dois-mil-voos\/","url":"https:\/\/www.suno.com.br\/noticias\/avianca-cancela-dois-mil-voos\/","name":"Avianca cancela quase 2 mil voos at\u00e9 o dia 28 de abril","isPartOf":{"@id":"https:\/\/www.suno.com.br\/noticias\/#website"},"primaryImageOfPage":{"@id":"https:\/\/www.suno.com.br\/noticias\/avianca-cancela-dois-mil-voos\/#primaryimage"},"image":{"@id":"https:\/\/www.suno.com.br\/noticias\/avianca-cancela-dois-mil-voos\/#primaryimage"},"thumbnailUrl":"https:\/\/files.sunoresearch.com.br\/n\/uploads\/2019\/04\/62e1e61d-avianca-jpg.webp","datePublished":"2019-04-21T16:06:51+00:00","dateModified":"2019-04-21T20:47:36+00:00","description":"A Avianca cancelou cerca de 2 mil voos at\u00e9 o pr\u00f3ximo dia 28 de abril por causa das medidas tomadas pela Anac. Clique aqui para saber mais.","breadcrumb":{"@id":"https:\/\/www.suno.com.br\/noticias\/avianca-cancela-dois-mil-voos\/#breadcrumb"},"inLanguage":"pt-BR","potentialAction":[{"@type":"ReadAction","target":["https:\/\/www.suno.com.br\/noticias\/avianca-cancela-dois-mil-voos\/"]}]},{"@type":"ImageObject","inLanguage":"pt-BR","@id":"https:\/\/www.suno.com.br\/noticias\/avianca-cancela-dois-mil-voos\/#primaryimage","url":"https:\/\/files.sunoresearch.com.br\/n\/uploads\/2019\/04\/62e1e61d-avianca-jpg.webp","contentUrl":"https:\/\/files.sunoresearch.com.br\/n\/uploads\/2019\/04\/62e1e61d-avianca-jpg.webp","width":740,"height":555,"caption":"Avianca"},{"@type":"BreadcrumbList","@id":"https:\/\/www.suno.com.br\/noticias\/avianca-cancela-dois-mil-voos\/#breadcrumb","itemListElement":[{"@type":"ListItem","position":1,"name":"Not\u00edcias","item":"https:\/\/www.suno.com.br\/noticias\/"},{"@type":"ListItem","position":2,"name":"Neg\u00f3cios","item":"https:\/\/www.suno.com.br\/noticias\/negocios\/"},{"@type":"ListItem","position":3,"name":"Avianca cancela quase 2 mil voos at\u00e9 o dia 28 de abril"}]},{"@type":"WebSite","@id":"https:\/\/www.suno.com.br\/noticias\/#website","url":"https:\/\/www.suno.com.br\/noticias\/","name":"Suno Not\u00edcias","description":"Seu portal de informa\u00e7\u00e3o sobre o mundo dos investimentos","publisher":{"@id":"https:\/\/www.suno.com.br\/noticias\/#organization"},"potentialAction":[{"@type":"SearchAction","target":{"@type":"EntryPoint","urlTemplate":"https:\/\/www.suno.com.br\/noticias\/?s={search_term_string}"},"query-input":{"@type":"PropertyValueSpecification","valueRequired":true,"valueName":"search_term_string"}}],"inLanguage":"pt-BR"},{"@type":"Organization","@id":"https:\/\/www.suno.com.br\/noticias\/#organization","name":"Suno Not\u00edcias","url":"https:\/\/www.suno.com.br\/noticias\/","logo":{"@type":"ImageObject","inLanguage":"pt-BR","@id":"https:\/\/www.suno.com.br\/noticias\/#\/schema\/logo\/image\/","url":"https:\/\/files.sunoresearch.com.br\/n\/uploads\/2021\/09\/suno-logo.png","contentUrl":"https:\/\/files.sunoresearch.com.br\/n\/uploads\/2021\/09\/suno-logo.png","width":180,"height":180,"caption":"Suno Not\u00edcias"},"image":{"@id":"https:\/\/www.suno.com.br\/noticias\/#\/schema\/logo\/image\/"},"sameAs":["https:\/\/facebook.com\/sunoresearch","https:\/\/x.com\/sunoresearch","https:\/\/www.instagram.com\/suno","https:\/\/www.linkedin.com\/company\/suno-research\/","https:\/\/www.youtube.com\/c\/sunoresearch"]},{"@type":"Person","@id":"https:\/\/www.suno.com.br\/noticias\/#\/schema\/person\/e6e0f723cc177805027f4566c1d5e0c8","name":"Carlo Cauti","image":{"@type":"ImageObject","inLanguage":"pt-BR","@id":"https:\/\/www.suno.com.br\/noticias\/#\/schema\/person\/image\/","url":"https:\/\/secure.gravatar.com\/avatar\/3ada9e0bd164c23abd4792a9606d583c?s=96&r=g","contentUrl":"https:\/\/secure.gravatar.com\/avatar\/3ada9e0bd164c23abd4792a9606d583c?s=96&r=g","caption":"Carlo Cauti"},"description":"Editor multim\u00eddia do SUNO Not\u00edcias. Italiano, formado em Ci\u00eancias Pol\u00edticas pela universidade LUISS G. Carli de Roma e mestre cum laude em Rela\u00e7\u00f5es Internacionais, Jornalismo Internacional e de Guerra e em Economia Internacional. Concluiu tamb\u00e9m um MBA em Finan\u00e7as na B3. No Brasil, teve passagem por ve\u00edculos como Estad\u00e3o, Globo, Veja e EXAME. e nas ag\u00eancias de not\u00edcias italianas ANSA e NOVA.","url":"https:\/\/www.suno.com.br\/noticias\/author\/carlo-cauti\/"}]}},"default_loop_html":"<div class=\"cardsPage__listCard__boxs\"><div class=\"cardsPage__listCard__boxs__img\"><a href=\"https:\/\/www.suno.com.br\/noticias\/avianca-cancela-dois-mil-voos\/\"><img class=\"mask\" src=\"https:\/\/www.suno.com.br\/noticias\/wp-content\/themes\/suno\/resources\/images\/spotlight\/spotlight1img\/bg-mask.png\" alt=\"Image Mask\"\/><img src=\"https:\/\/files.sunoresearch.com.br\/n\/uploads\/2019\/04\/62e1e61d-avianca-400x200.webp\" alt=\"Avianca cancela quase 2 mil voos at\u00e9 o dia 28 de abril\"\/><\/a><span class=\"spotlightCategory\"><a href=\"https:\/\/www.suno.com.br\/noticias\/negocios\/\">Neg\u00f3cios<\/a><\/span><\/div><div class=\"cardsPage__listCard__boxs__content\"><a href=\"https:\/\/www.suno.com.br\/noticias\/avianca-cancela-dois-mil-voos\/\"><h2 class=\"content__title\">Avianca cancela quase 2 mil voos at\u00e9 o dia 28 de abril<\/h2><\/a><div class=\"newsContent__article__meta\"><div class=\"newsContent__article__meta__authorBox\"><a href=\"https:\/\/www.suno.com.br\/noticias\/author\/carlo-cauti\/\" class=\"authorBox__avatar noMobi\"><img src=\"https:\/\/files.sunoresearch.com.br\/n\/uploads\/2020\/08\/e3745f9a-perfil-carlo-cauti-150x150.webp\" alt=\"Carlo Cauti\"><\/a><div class=\"authorBox__name\"><span>por\n\t\t\t<a href=\"https:\/\/www.suno.com.br\/noticias\/author\/carlo-cauti\/\"><span itemprop=\"author\">Carlo Cauti<\/span><\/a><\/span><time datetime=\"2019-04-21T13:06:51-03:00\" itemprop=\"datePublished\">21\/04\/2019 13:06<\/time><\/div><\/div><\/div><\/div><\/div>","single_layout":"posts","amp_enabled":true,"_links":{"self":[{"href":"https:\/\/www.suno.com.br\/noticias\/wp-json\/wp\/v2\/posts\/21766"}],"collection":[{"href":"https:\/\/www.suno.com.br\/noticias\/wp-json\/wp\/v2\/posts"}],"about":[{"href":"https:\/\/www.suno.com.br\/noticias\/wp-json\/wp\/v2\/types\/post"}],"author":[{"embeddable":true,"href":"https:\/\/www.suno.com.br\/noticias\/wp-json\/wp\/v2\/users\/9"}],"replies":[{"embeddable":true,"href":"https:\/\/www.suno.com.br\/noticias\/wp-json\/wp\/v2\/comments?post=21766"}],"version-history":[{"count":0,"href":"https:\/\/www.suno.com.br\/noticias\/wp-json\/wp\/v2\/posts\/21766\/revisions"}],"wp:featuredmedia":[{"embeddable":true,"href":"https:\/\/www.suno.com.br\/noticias\/wp-json\/wp\/v2\/media\/21768"}],"wp:attachment":[{"href":"https:\/\/www.suno.com.br\/noticias\/wp-json\/wp\/v2\/media?parent=21766"}],"wp:term":[{"taxonomy":"category","embeddable":true,"href":"https:\/\/www.suno.com.br\/noticias\/wp-json\/wp\/v2\/categories?post=21766"},{"taxonomy":"post_tag","embeddable":true,"href":"https:\/\/www.suno.com.br\/noticias\/wp-json\/wp\/v2\/tags?post=21766"},{"taxonomy":"suno_strategy","embeddable":true,"href":"https:\/\/www.suno.com.br\/noticias\/wp-json\/wp\/v2\/suno_strategy?post=21766"}],"curies":[{"name":"wp","href":"https:\/\/api.w.org\/{rel}","templated":true}]}}