{"id":217512,"date":"2021-12-23T12:52:31","date_gmt":"2021-12-23T15:52:31","guid":{"rendered":"https:\/\/www.suno.com.br\/noticias\/?p=217512"},"modified":"2021-12-23T12:52:31","modified_gmt":"2021-12-23T15:52:31","slug":"minerva-beef3-joint-venture-amyris","status":"publish","type":"post","link":"https:\/\/www.suno.com.br\/noticias\/minerva-beef3-joint-venture-amyris\/","title":{"rendered":"Minerva (BEEF3) conclui forma\u00e7\u00e3o de joint venture com Amyris"},"content":{"rendered":"<p>A <a class=\"suno-keyword\" href=\"https:\/\/www.suno.com.br\/acoes\/BEEF3\/\" target=\"_blank\" rel=\"noopener\" data-force=\"yes\" data-priority=\"2\"><strong>Minerva<\/strong> (BEEF3)<\/a> concluiu a constitui\u00e7\u00e3o de <i>joint venture<\/i> com a Amyris para desenvolver mol\u00e9culas para a produ\u00e7\u00e3o e<strong> distribui\u00e7\u00e3o sustent\u00e1vel de prote\u00edna animal<\/strong> ao redor do mundo.<\/p>\t<div class=\"wrapper-featured-image\">\n\t\t<figure class=\"spotlightImg\">\n\n\t\t\t<picture>\n\t\t\t\t<source media=\"(max-width: 768px)\" srcset=\"https:\/\/files.sunoresearch.com.br\/n\/uploads\/2021\/06\/3c0ef391-minerva-e1623847534431-400x200.webp\">\n\t\t\t\t<img loading=\"lazy\" decoding=\"async\" class=\"newsContent__article__imgCapa lazyloadDisabled \" src=\"https:\/\/files.sunoresearch.com.br\/n\/uploads\/2021\/06\/3c0ef391-minerva-e1623847534431-800x450.webp\" width=\"800\" height=\"450\" alt=\"Minerva (BEEF3) conclui forma\u00e7\u00e3o de joint venture com Amyris\" fetchpriority=high \/>\n\t\t\t<\/picture>\n\n\t\t\t<figcaption class=\"wp-caption-text wp-caption-text--show\">Minerva (BEEF3) Foto: Reprodu\u00e7\u00e3o Facebook<\/figcaption>\n\t\t<\/figure>\n\t<\/div>\n\n\n\t<p>\n\t\t<a href=\"https:\/\/lp.suno.com.br\/planilha-controle-gastos\/\" target=\"_blank\" data-element=\"shortcode-suno-banner\" title=\"Banner SUNO, clique e saiba mais\">\n\t\t\t<picture>\n\t\t\t\t<source media=\"(max-width: 500px)\" srcset=\"https:\/\/files.sunoresearch.com.br\/n\/uploads\/2023\/03\/400x300-Planilha-controle-de-gastos.png\">\n\t\t\t\t<img class=\"newsContent__article__imgCapa newsContent__article__imgCapa--banner\"\n\t\t\t\t\tsrc=\"https:\/\/files.sunoresearch.com.br\/n\/uploads\/2023\/03\/1420x240-Planilha-controle-de-gastos.png\"\n\t\t\t\t\tdata-promo-id=\"101751\"\t\t\t\t\t\t\t\t\t\twidth='1420' height='240'\t\t\t\t\talt=\"https:\/\/files.sunoresearch.com.br\/n\/uploads\/2023\/03\/1420x240-Planilha-controle-de-gastos.png\"\n\t\t\t\t>\n\t\t\t<\/picture>\n\t\t<\/a>\n\t<\/p>\n\n\n<p>Segundo a empresa, o processo de desenvolvimento de mol\u00e9culas via fermenta\u00e7\u00e3o \u00e9 uma das alternativas mais avan\u00e7adas e eficientes na busca por um modelo de produ\u00e7\u00e3o de alimentos com menor impacto na cadeia de carbono, contribuindo assim para a sustentabilidade do nosso planeta.<\/p>\n<p>A <i>joint venture<\/i> com a Amyris vai atuar no desenvolvimento de novas mol\u00e9culas que ir\u00e3o contribuir com a redu\u00e7\u00e3o das emiss\u00f5es de carbono provenientes da cadeia de produ\u00e7\u00e3o de prote\u00edna animal, como por exemplo embalagens mais sustent\u00e1veis e conservantes naturais \u00e0 base de fermenta\u00e7\u00e3o, ampliando assim a efici\u00eancia log\u00edstica da cadeia global de carnes. Al\u00e9m disso, as partes esperam trabalhar no desenvolvimento da matriz de produ\u00e7\u00e3o de prote\u00ednas via processo de fermenta\u00e7\u00e3o, como uma alternativa sustent\u00e1vel \u00e0 prote\u00edna de origem animal.<\/p>\n<p>A Minerva Foods, al\u00e9m do investimento inicial de US$ 5 milh\u00f5es (60% no capital total da joint venture), vai disponibilizar seus <a class=\"suno-keyword\" href=\"https:\/\/www.suno.com.br\/artigos\/canais-de-distribuicao\/\" target=\"_blank\" rel=\"noopener\" data-force=\"no\" data-priority=\"1\">canais de distribui\u00e7\u00e3o<\/a> e acesso ao mercado e desenvolver toda a estrat\u00e9gia de <i>go-to-market<\/i> da JV.<\/p>\n<p>A expectativa \u00e9 de que a primeira iniciativa dessa parceria esteja pronta para ser comercializada j\u00e1 no ano de 2022.<\/p>\n<p><em>Com Estad\u00e3o Conte\u00fado<\/em><\/p>\n\t<p>\n\t\t<a href=\"\" target=\"_blank\" data-element=\"shortcode-suno-banner\" title=\"Banner SUNO, clique e saiba mais\">\n\t\t\t<picture>\n\t\t\t\t<source media=\"(max-width: 500px)\" srcset=\"\">\n\t\t\t\t<img class=\"newsContent__article__imgCapa newsContent__article__imgCapa--banner\"\n\t\t\t\t\tsrc=\"\"\n\t\t\t\t\tdata-promo-id=\"184190\"\t\t\t\t\t\t\t\t\t\t\t\t\t\t\talt=\"\"\n\t\t\t\t>\n\t\t\t<\/picture>\n\t\t<\/a>\n\t<\/p>\n\n\n","protected":false},"excerpt":{"rendered":"<p>A Minerva (BEEF3) concluiu a constitui\u00e7\u00e3o de joint venture com a Amyris para desenvolver mol\u00e9culas para a produ\u00e7\u00e3o e distribui\u00e7\u00e3o sustent\u00e1vel de prote\u00edna animal ao redor do mundo. Minerva (BEEF3) Foto: Reprodu\u00e7\u00e3o Facebook Segundo a empresa, o processo de desenvolvimento de mol\u00e9culas via fermenta\u00e7\u00e3o \u00e9 uma das alternativas mais avan\u00e7adas e eficientes na busca por [&hellip;]<\/p>\n","protected":false},"author":43,"featured_media":158438,"comment_status":"closed","ping_status":"closed","sticky":false,"template":"","format":"standard","meta":[],"categories":[64],"tags":[563],"suno_strategy":[],"class_list":["post-217512","post","type-post","status-publish","format-standard","has-post-thumbnail","hentry","category-negocios","tag-minerva-beef11-beef3"],"yoast_head":"<!-- This site is optimized with the Yoast SEO plugin v24.4 - https:\/\/yoast.com\/wordpress\/plugins\/seo\/ -->\n<title>Minerva (BEEF3) conclui forma\u00e7\u00e3o de joint venture com Amyris<\/title>\n<meta name=\"description\" content=\"Parceria entre Minerva (BEEF3) e Amyris quer desenvolver mol\u00e9culas para a produ\u00e7\u00e3o e distribui\u00e7\u00e3o sustent\u00e1vel de prote\u00edna animal ao redor do mundo.\" \/>\n<meta name=\"robots\" content=\"index, follow, max-snippet:-1, max-image-preview:large, max-video-preview:-1\" \/>\n<link rel=\"canonical\" href=\"https:\/\/www.suno.com.br\/noticias\/minerva-beef3-joint-venture-amyris\/\" \/>\n<meta property=\"og:locale\" content=\"pt_BR\" \/>\n<meta property=\"og:type\" content=\"article\" \/>\n<meta property=\"og:title\" content=\"Minerva (BEEF3) conclui forma\u00e7\u00e3o de joint venture com Amyris\" \/>\n<meta property=\"og:description\" content=\"Parceria entre Minerva (BEEF3) e Amyris quer desenvolver mol\u00e9culas para a produ\u00e7\u00e3o e distribui\u00e7\u00e3o sustent\u00e1vel de prote\u00edna animal ao redor do mundo.\" \/>\n<meta property=\"og:url\" content=\"https:\/\/www.suno.com.br\/noticias\/minerva-beef3-joint-venture-amyris\/\" \/>\n<meta property=\"og:site_name\" content=\"Suno Not\u00edcias\" \/>\n<meta property=\"article:publisher\" content=\"https:\/\/facebook.com\/sunoresearch\" \/>\n<meta property=\"article:author\" content=\"https:\/\/www.facebook.com\/sunonoticias\/\" \/>\n<meta property=\"og:image\" content=\"https:\/\/files.sunoresearch.com.br\/n\/uploads\/2021\/06\/3c0ef391-minerva-e1623847534431.jpg\" \/>\n\t<meta property=\"og:image:width\" content=\"1200\" \/>\n\t<meta property=\"og:image:height\" content=\"804\" \/>\n\t<meta property=\"og:image:type\" content=\"image\/jpeg\" \/>\n<meta name=\"author\" content=\"Reda\u00e7\u00e3o Suno Not\u00edcias\" \/>\n<meta name=\"twitter:card\" content=\"summary_large_image\" \/>\n<meta name=\"twitter:creator\" content=\"@https:\/\/twitter.com\/sunoresearch\" \/>\n<meta name=\"twitter:site\" content=\"@sunoresearch\" \/>\n<meta name=\"twitter:label1\" content=\"Escrito por\" \/>\n\t<meta name=\"twitter:data1\" content=\"Reda\u00e7\u00e3o Suno Not\u00edcias\" \/>\n\t<meta name=\"twitter:label2\" content=\"Est. tempo de leitura\" \/>\n\t<meta name=\"twitter:data2\" content=\"1 minuto\" \/>\n<script type=\"application\/ld+json\" class=\"yoast-schema-graph\">{\"@context\":\"https:\/\/schema.org\",\"@graph\":[{\"@type\":\"NewsArticle\",\"@id\":\"https:\/\/www.suno.com.br\/noticias\/minerva-beef3-joint-venture-amyris\/#article\",\"isPartOf\":{\"@id\":\"https:\/\/www.suno.com.br\/noticias\/minerva-beef3-joint-venture-amyris\/\"},\"author\":{\"name\":\"Reda\u00e7\u00e3o Suno Not\u00edcias\",\"@id\":\"https:\/\/www.suno.com.br\/noticias\/#\/schema\/person\/c1b1bd3727fa852bd045e9dbff3673ea\"},\"headline\":\"Minerva (BEEF3) conclui forma\u00e7\u00e3o de joint venture com Amyris\",\"datePublished\":\"2021-12-23T15:52:31+00:00\",\"mainEntityOfPage\":{\"@id\":\"https:\/\/www.suno.com.br\/noticias\/minerva-beef3-joint-venture-amyris\/\"},\"wordCount\":253,\"publisher\":{\"@id\":\"https:\/\/www.suno.com.br\/noticias\/#organization\"},\"image\":{\"@id\":\"https:\/\/www.suno.com.br\/noticias\/minerva-beef3-joint-venture-amyris\/#primaryimage\"},\"thumbnailUrl\":\"https:\/\/files.sunoresearch.com.br\/n\/uploads\/2021\/06\/3c0ef391-minerva-e1623847534431-jpg.webp\",\"keywords\":[\"Minerva (BEEF11\/BEEF3)\"],\"articleSection\":[\"Neg\u00f3cios\"],\"inLanguage\":\"pt-BR\"},{\"@type\":\"WebPage\",\"@id\":\"https:\/\/www.suno.com.br\/noticias\/minerva-beef3-joint-venture-amyris\/\",\"url\":\"https:\/\/www.suno.com.br\/noticias\/minerva-beef3-joint-venture-amyris\/\",\"name\":\"Minerva (BEEF3) conclui forma\u00e7\u00e3o de joint venture com Amyris\",\"isPartOf\":{\"@id\":\"https:\/\/www.suno.com.br\/noticias\/#website\"},\"primaryImageOfPage\":{\"@id\":\"https:\/\/www.suno.com.br\/noticias\/minerva-beef3-joint-venture-amyris\/#primaryimage\"},\"image\":{\"@id\":\"https:\/\/www.suno.com.br\/noticias\/minerva-beef3-joint-venture-amyris\/#primaryimage\"},\"thumbnailUrl\":\"https:\/\/files.sunoresearch.com.br\/n\/uploads\/2021\/06\/3c0ef391-minerva-e1623847534431-jpg.webp\",\"datePublished\":\"2021-12-23T15:52:31+00:00\",\"description\":\"Parceria entre Minerva (BEEF3) e Amyris quer desenvolver mol\u00e9culas para a produ\u00e7\u00e3o e distribui\u00e7\u00e3o sustent\u00e1vel de prote\u00edna animal ao redor do mundo.\",\"breadcrumb\":{\"@id\":\"https:\/\/www.suno.com.br\/noticias\/minerva-beef3-joint-venture-amyris\/#breadcrumb\"},\"inLanguage\":\"pt-BR\",\"potentialAction\":[{\"@type\":\"ReadAction\",\"target\":[\"https:\/\/www.suno.com.br\/noticias\/minerva-beef3-joint-venture-amyris\/\"]}]},{\"@type\":\"ImageObject\",\"inLanguage\":\"pt-BR\",\"@id\":\"https:\/\/www.suno.com.br\/noticias\/minerva-beef3-joint-venture-amyris\/#primaryimage\",\"url\":\"https:\/\/files.sunoresearch.com.br\/n\/uploads\/2021\/06\/3c0ef391-minerva-e1623847534431-jpg.webp\",\"contentUrl\":\"https:\/\/files.sunoresearch.com.br\/n\/uploads\/2021\/06\/3c0ef391-minerva-e1623847534431-jpg.webp\",\"width\":1200,\"height\":804,\"caption\":\"Minerva (BEEF3) Foto: Reprodu\u00e7\u00e3o Facebook\"},{\"@type\":\"BreadcrumbList\",\"@id\":\"https:\/\/www.suno.com.br\/noticias\/minerva-beef3-joint-venture-amyris\/#breadcrumb\",\"itemListElement\":[{\"@type\":\"ListItem\",\"position\":1,\"name\":\"Not\u00edcias\",\"item\":\"https:\/\/www.suno.com.br\/noticias\/\"},{\"@type\":\"ListItem\",\"position\":2,\"name\":\"Neg\u00f3cios\",\"item\":\"https:\/\/www.suno.com.br\/noticias\/negocios\/\"},{\"@type\":\"ListItem\",\"position\":3,\"name\":\"Minerva (BEEF3) conclui forma\u00e7\u00e3o de joint venture com Amyris\"}]},{\"@type\":\"WebSite\",\"@id\":\"https:\/\/www.suno.com.br\/noticias\/#website\",\"url\":\"https:\/\/www.suno.com.br\/noticias\/\",\"name\":\"Suno Not\u00edcias\",\"description\":\"Seu portal de informa\u00e7\u00e3o sobre o mundo dos investimentos\",\"publisher\":{\"@id\":\"https:\/\/www.suno.com.br\/noticias\/#organization\"},\"potentialAction\":[{\"@type\":\"SearchAction\",\"target\":{\"@type\":\"EntryPoint\",\"urlTemplate\":\"https:\/\/www.suno.com.br\/noticias\/?s={search_term_string}\"},\"query-input\":{\"@type\":\"PropertyValueSpecification\",\"valueRequired\":true,\"valueName\":\"search_term_string\"}}],\"inLanguage\":\"pt-BR\"},{\"@type\":\"Organization\",\"@id\":\"https:\/\/www.suno.com.br\/noticias\/#organization\",\"name\":\"Suno Not\u00edcias\",\"url\":\"https:\/\/www.suno.com.br\/noticias\/\",\"logo\":{\"@type\":\"ImageObject\",\"inLanguage\":\"pt-BR\",\"@id\":\"https:\/\/www.suno.com.br\/noticias\/#\/schema\/logo\/image\/\",\"url\":\"https:\/\/files.sunoresearch.com.br\/n\/uploads\/2021\/09\/suno-logo.png\",\"contentUrl\":\"https:\/\/files.sunoresearch.com.br\/n\/uploads\/2021\/09\/suno-logo.png\",\"width\":180,\"height\":180,\"caption\":\"Suno Not\u00edcias\"},\"image\":{\"@id\":\"https:\/\/www.suno.com.br\/noticias\/#\/schema\/logo\/image\/\"},\"sameAs\":[\"https:\/\/facebook.com\/sunoresearch\",\"https:\/\/x.com\/sunoresearch\",\"https:\/\/www.instagram.com\/suno\",\"https:\/\/www.linkedin.com\/company\/suno-research\/\",\"https:\/\/www.youtube.com\/c\/sunoresearch\"]},{\"@type\":\"Person\",\"@id\":\"https:\/\/www.suno.com.br\/noticias\/#\/schema\/person\/c1b1bd3727fa852bd045e9dbff3673ea\",\"name\":\"Reda\u00e7\u00e3o Suno Not\u00edcias\",\"image\":{\"@type\":\"ImageObject\",\"inLanguage\":\"pt-BR\",\"@id\":\"https:\/\/www.suno.com.br\/noticias\/#\/schema\/person\/image\/\",\"url\":\"https:\/\/secure.gravatar.com\/avatar\/b8104b9b5a71985d5238ee59fbe418af?s=96&r=g\",\"contentUrl\":\"https:\/\/secure.gravatar.com\/avatar\/b8104b9b5a71985d5238ee59fbe418af?s=96&r=g\",\"caption\":\"Reda\u00e7\u00e3o Suno Not\u00edcias\"},\"description\":\"O Suno Not\u00edcias \u00e9 um portal de informa\u00e7\u00f5es sobre Mercado Financeiro, Pol\u00edtica, Neg\u00f3cios, Economia e Finan\u00e7as Pessoais.\",\"sameAs\":[\"https:\/\/www.suno.com.br\/noticias\",\"https:\/\/www.facebook.com\/sunonoticias\/\",\"https:\/\/www.instagram.com\/sunonoticias\/\",\"https:\/\/x.com\/https:\/\/twitter.com\/sunoresearch\",\"https:\/\/www.youtube.com\/sunonoticias\"],\"url\":\"https:\/\/www.suno.com.br\/noticias\/author\/redacao-suno\/\"}]}<\/script>\n<!-- \/ Yoast SEO plugin. -->","yoast_head_json":{"title":"Minerva (BEEF3) conclui forma\u00e7\u00e3o de joint venture com Amyris","description":"Parceria entre Minerva (BEEF3) e Amyris quer desenvolver mol\u00e9culas para a produ\u00e7\u00e3o e distribui\u00e7\u00e3o sustent\u00e1vel de prote\u00edna animal ao redor do mundo.","robots":{"index":"index","follow":"follow","max-snippet":"max-snippet:-1","max-image-preview":"max-image-preview:large","max-video-preview":"max-video-preview:-1"},"canonical":"https:\/\/www.suno.com.br\/noticias\/minerva-beef3-joint-venture-amyris\/","og_locale":"pt_BR","og_type":"article","og_title":"Minerva (BEEF3) conclui forma\u00e7\u00e3o de joint venture com Amyris","og_description":"Parceria entre Minerva (BEEF3) e Amyris quer desenvolver mol\u00e9culas para a produ\u00e7\u00e3o e distribui\u00e7\u00e3o sustent\u00e1vel de prote\u00edna animal ao redor do mundo.","og_url":"https:\/\/www.suno.com.br\/noticias\/minerva-beef3-joint-venture-amyris\/","og_site_name":"Suno Not\u00edcias","article_publisher":"https:\/\/facebook.com\/sunoresearch","article_author":"https:\/\/www.facebook.com\/sunonoticias\/","og_image":[{"width":1200,"height":804,"url":"https:\/\/files.sunoresearch.com.br\/n\/uploads\/2021\/06\/3c0ef391-minerva-e1623847534431.jpg","type":"image\/jpeg"}],"author":"Reda\u00e7\u00e3o Suno Not\u00edcias","twitter_card":"summary_large_image","twitter_creator":"@https:\/\/twitter.com\/sunoresearch","twitter_site":"@sunoresearch","twitter_misc":{"Escrito por":"Reda\u00e7\u00e3o Suno Not\u00edcias","Est. tempo de leitura":"1 minuto"},"schema":{"@context":"https:\/\/schema.org","@graph":[{"@type":"NewsArticle","@id":"https:\/\/www.suno.com.br\/noticias\/minerva-beef3-joint-venture-amyris\/#article","isPartOf":{"@id":"https:\/\/www.suno.com.br\/noticias\/minerva-beef3-joint-venture-amyris\/"},"author":{"name":"Reda\u00e7\u00e3o Suno Not\u00edcias","@id":"https:\/\/www.suno.com.br\/noticias\/#\/schema\/person\/c1b1bd3727fa852bd045e9dbff3673ea"},"headline":"Minerva (BEEF3) conclui forma\u00e7\u00e3o de joint venture com Amyris","datePublished":"2021-12-23T15:52:31+00:00","mainEntityOfPage":{"@id":"https:\/\/www.suno.com.br\/noticias\/minerva-beef3-joint-venture-amyris\/"},"wordCount":253,"publisher":{"@id":"https:\/\/www.suno.com.br\/noticias\/#organization"},"image":{"@id":"https:\/\/www.suno.com.br\/noticias\/minerva-beef3-joint-venture-amyris\/#primaryimage"},"thumbnailUrl":"https:\/\/files.sunoresearch.com.br\/n\/uploads\/2021\/06\/3c0ef391-minerva-e1623847534431-jpg.webp","keywords":["Minerva (BEEF11\/BEEF3)"],"articleSection":["Neg\u00f3cios"],"inLanguage":"pt-BR"},{"@type":"WebPage","@id":"https:\/\/www.suno.com.br\/noticias\/minerva-beef3-joint-venture-amyris\/","url":"https:\/\/www.suno.com.br\/noticias\/minerva-beef3-joint-venture-amyris\/","name":"Minerva (BEEF3) conclui forma\u00e7\u00e3o de joint venture com Amyris","isPartOf":{"@id":"https:\/\/www.suno.com.br\/noticias\/#website"},"primaryImageOfPage":{"@id":"https:\/\/www.suno.com.br\/noticias\/minerva-beef3-joint-venture-amyris\/#primaryimage"},"image":{"@id":"https:\/\/www.suno.com.br\/noticias\/minerva-beef3-joint-venture-amyris\/#primaryimage"},"thumbnailUrl":"https:\/\/files.sunoresearch.com.br\/n\/uploads\/2021\/06\/3c0ef391-minerva-e1623847534431-jpg.webp","datePublished":"2021-12-23T15:52:31+00:00","description":"Parceria entre Minerva (BEEF3) e Amyris quer desenvolver mol\u00e9culas para a produ\u00e7\u00e3o e distribui\u00e7\u00e3o sustent\u00e1vel de prote\u00edna animal ao redor do mundo.","breadcrumb":{"@id":"https:\/\/www.suno.com.br\/noticias\/minerva-beef3-joint-venture-amyris\/#breadcrumb"},"inLanguage":"pt-BR","potentialAction":[{"@type":"ReadAction","target":["https:\/\/www.suno.com.br\/noticias\/minerva-beef3-joint-venture-amyris\/"]}]},{"@type":"ImageObject","inLanguage":"pt-BR","@id":"https:\/\/www.suno.com.br\/noticias\/minerva-beef3-joint-venture-amyris\/#primaryimage","url":"https:\/\/files.sunoresearch.com.br\/n\/uploads\/2021\/06\/3c0ef391-minerva-e1623847534431-jpg.webp","contentUrl":"https:\/\/files.sunoresearch.com.br\/n\/uploads\/2021\/06\/3c0ef391-minerva-e1623847534431-jpg.webp","width":1200,"height":804,"caption":"Minerva (BEEF3) Foto: Reprodu\u00e7\u00e3o Facebook"},{"@type":"BreadcrumbList","@id":"https:\/\/www.suno.com.br\/noticias\/minerva-beef3-joint-venture-amyris\/#breadcrumb","itemListElement":[{"@type":"ListItem","position":1,"name":"Not\u00edcias","item":"https:\/\/www.suno.com.br\/noticias\/"},{"@type":"ListItem","position":2,"name":"Neg\u00f3cios","item":"https:\/\/www.suno.com.br\/noticias\/negocios\/"},{"@type":"ListItem","position":3,"name":"Minerva (BEEF3) conclui forma\u00e7\u00e3o de joint venture com Amyris"}]},{"@type":"WebSite","@id":"https:\/\/www.suno.com.br\/noticias\/#website","url":"https:\/\/www.suno.com.br\/noticias\/","name":"Suno Not\u00edcias","description":"Seu portal de informa\u00e7\u00e3o sobre o mundo dos investimentos","publisher":{"@id":"https:\/\/www.suno.com.br\/noticias\/#organization"},"potentialAction":[{"@type":"SearchAction","target":{"@type":"EntryPoint","urlTemplate":"https:\/\/www.suno.com.br\/noticias\/?s={search_term_string}"},"query-input":{"@type":"PropertyValueSpecification","valueRequired":true,"valueName":"search_term_string"}}],"inLanguage":"pt-BR"},{"@type":"Organization","@id":"https:\/\/www.suno.com.br\/noticias\/#organization","name":"Suno Not\u00edcias","url":"https:\/\/www.suno.com.br\/noticias\/","logo":{"@type":"ImageObject","inLanguage":"pt-BR","@id":"https:\/\/www.suno.com.br\/noticias\/#\/schema\/logo\/image\/","url":"https:\/\/files.sunoresearch.com.br\/n\/uploads\/2021\/09\/suno-logo.png","contentUrl":"https:\/\/files.sunoresearch.com.br\/n\/uploads\/2021\/09\/suno-logo.png","width":180,"height":180,"caption":"Suno Not\u00edcias"},"image":{"@id":"https:\/\/www.suno.com.br\/noticias\/#\/schema\/logo\/image\/"},"sameAs":["https:\/\/facebook.com\/sunoresearch","https:\/\/x.com\/sunoresearch","https:\/\/www.instagram.com\/suno","https:\/\/www.linkedin.com\/company\/suno-research\/","https:\/\/www.youtube.com\/c\/sunoresearch"]},{"@type":"Person","@id":"https:\/\/www.suno.com.br\/noticias\/#\/schema\/person\/c1b1bd3727fa852bd045e9dbff3673ea","name":"Reda\u00e7\u00e3o Suno Not\u00edcias","image":{"@type":"ImageObject","inLanguage":"pt-BR","@id":"https:\/\/www.suno.com.br\/noticias\/#\/schema\/person\/image\/","url":"https:\/\/secure.gravatar.com\/avatar\/b8104b9b5a71985d5238ee59fbe418af?s=96&r=g","contentUrl":"https:\/\/secure.gravatar.com\/avatar\/b8104b9b5a71985d5238ee59fbe418af?s=96&r=g","caption":"Reda\u00e7\u00e3o Suno Not\u00edcias"},"description":"O Suno Not\u00edcias \u00e9 um portal de informa\u00e7\u00f5es sobre Mercado Financeiro, Pol\u00edtica, Neg\u00f3cios, Economia e Finan\u00e7as Pessoais.","sameAs":["https:\/\/www.suno.com.br\/noticias","https:\/\/www.facebook.com\/sunonoticias\/","https:\/\/www.instagram.com\/sunonoticias\/","https:\/\/x.com\/https:\/\/twitter.com\/sunoresearch","https:\/\/www.youtube.com\/sunonoticias"],"url":"https:\/\/www.suno.com.br\/noticias\/author\/redacao-suno\/"}]}},"default_loop_html":"<div class=\"cardsPage__listCard__boxs\"><div class=\"cardsPage__listCard__boxs__img\"><a href=\"https:\/\/www.suno.com.br\/noticias\/minerva-beef3-joint-venture-amyris\/\"><img class=\"mask\" src=\"https:\/\/www.suno.com.br\/noticias\/wp-content\/themes\/suno\/resources\/images\/spotlight\/spotlight1img\/bg-mask.png\" alt=\"Image Mask\"\/><img src=\"https:\/\/files.sunoresearch.com.br\/n\/uploads\/2021\/06\/3c0ef391-minerva-e1623847534431-400x200.webp\" alt=\"Minerva (BEEF3) conclui forma\u00e7\u00e3o de joint venture com Amyris\"\/><\/a><span class=\"spotlightCategory\"><a href=\"https:\/\/www.suno.com.br\/noticias\/negocios\/\">Neg\u00f3cios<\/a><\/span><\/div><div class=\"cardsPage__listCard__boxs__content\"><a href=\"https:\/\/www.suno.com.br\/noticias\/minerva-beef3-joint-venture-amyris\/\"><h2 class=\"content__title\">Minerva (BEEF3) conclui forma\u00e7\u00e3o de joint venture com Amyris<\/h2><\/a><div class=\"newsContent__article__meta\"><div class=\"newsContent__article__meta__authorBox\"><a href=\"https:\/\/www.suno.com.br\/noticias\/author\/redacao-suno\/\" class=\"authorBox__avatar noMobi\"><img src=\"https:\/\/files.sunoresearch.com.br\/n\/uploads\/2020\/08\/0ace682d-redacao-1-150x150.webp\" alt=\"Reda\u00e7\u00e3o Suno Not\u00edcias\"><\/a><div class=\"authorBox__name\"><span>por\n\t\t\t<a href=\"https:\/\/www.suno.com.br\/noticias\/author\/redacao-suno\/\"><span itemprop=\"author\">Reda\u00e7\u00e3o Suno Not\u00edcias<\/span><\/a><\/span><time datetime=\"2021-12-23T12:52:31-03:00\" itemprop=\"datePublished\">23\/12\/2021 12:52<\/time><\/div><\/div><\/div><\/div><\/div>","single_layout":"posts","amp_enabled":true,"_links":{"self":[{"href":"https:\/\/www.suno.com.br\/noticias\/wp-json\/wp\/v2\/posts\/217512"}],"collection":[{"href":"https:\/\/www.suno.com.br\/noticias\/wp-json\/wp\/v2\/posts"}],"about":[{"href":"https:\/\/www.suno.com.br\/noticias\/wp-json\/wp\/v2\/types\/post"}],"author":[{"embeddable":true,"href":"https:\/\/www.suno.com.br\/noticias\/wp-json\/wp\/v2\/users\/43"}],"replies":[{"embeddable":true,"href":"https:\/\/www.suno.com.br\/noticias\/wp-json\/wp\/v2\/comments?post=217512"}],"version-history":[{"count":2,"href":"https:\/\/www.suno.com.br\/noticias\/wp-json\/wp\/v2\/posts\/217512\/revisions"}],"predecessor-version":[{"id":217539,"href":"https:\/\/www.suno.com.br\/noticias\/wp-json\/wp\/v2\/posts\/217512\/revisions\/217539"}],"wp:featuredmedia":[{"embeddable":true,"href":"https:\/\/www.suno.com.br\/noticias\/wp-json\/wp\/v2\/media\/158438"}],"wp:attachment":[{"href":"https:\/\/www.suno.com.br\/noticias\/wp-json\/wp\/v2\/media?parent=217512"}],"wp:term":[{"taxonomy":"category","embeddable":true,"href":"https:\/\/www.suno.com.br\/noticias\/wp-json\/wp\/v2\/categories?post=217512"},{"taxonomy":"post_tag","embeddable":true,"href":"https:\/\/www.suno.com.br\/noticias\/wp-json\/wp\/v2\/tags?post=217512"},{"taxonomy":"suno_strategy","embeddable":true,"href":"https:\/\/www.suno.com.br\/noticias\/wp-json\/wp\/v2\/suno_strategy?post=217512"}],"curies":[{"name":"wp","href":"https:\/\/api.w.org\/{rel}","templated":true}]}}