{"id":217338,"date":"2021-12-22T12:45:29","date_gmt":"2021-12-22T15:45:29","guid":{"rendered":"https:\/\/www.suno.com.br\/noticias\/?p=217338"},"modified":"2021-12-22T12:45:29","modified_gmt":"2021-12-22T15:45:29","slug":"fgv-confianca-consumidor-dezembro-2021","status":"publish","type":"post","link":"https:\/\/www.suno.com.br\/noticias\/fgv-confianca-consumidor-dezembro-2021\/","title":{"rendered":"FGV: confian\u00e7a do consumidor sobe em dezembro mas fecha o ano em queda"},"content":{"rendered":"<p>O <strong>\u00cdndice de Confian\u00e7a do Consumidor (ICC)<\/strong>, divulgado\u00a0hoje\u00a0(22) pelo Instituto Brasileiro de Economia da Funda\u00e7\u00e3o Getulio Vargas (FGV Ibre), subiu 0,6 ponto em dezembro, ficando em 75,5 pontos. Em m\u00e9dias m\u00f3veis trimestrais, o \u00edndice variou 0,1 ponto, para 75,6 pontos, depois de cair por tr\u00eas meses seguidos. No ano, o indicador fecha 2021 em queda de 2,6 pontos.<img decoding=\"async\" style=\"width: 1px; height: 1px;\" src=\"https:\/\/agenciabrasil.ebc.com.br\/ebc.png?id=1433432&amp;o=rss\" \/><img decoding=\"async\" style=\"width: 1px; height: 1px;\" src=\"https:\/\/agenciabrasil.ebc.com.br\/ebc.gif?id=1433432&amp;o=rss\" \/><\/p>\t<div class=\"wrapper-featured-image\">\n\t\t<figure class=\"spotlightImg\">\n\n\t\t\t<picture>\n\t\t\t\t<source media=\"(max-width: 768px)\" srcset=\"https:\/\/files.sunoresearch.com.br\/n\/uploads\/2021\/03\/e0690425-setor-shopping-400x200.webp\">\n\t\t\t\t<img loading=\"lazy\" decoding=\"async\" class=\"newsContent__article__imgCapa lazyloadDisabled \" src=\"https:\/\/files.sunoresearch.com.br\/n\/uploads\/2021\/03\/e0690425-setor-shopping-800x450.webp\" width=\"800\" height=\"450\" alt=\"FGV: confian\u00e7a do consumidor sobe em dezembro mas fecha o ano em queda\" fetchpriority=high \/>\n\t\t\t<\/picture>\n\n\t\t\t<figcaption class=\"wp-caption-text wp-caption-text--show\">Setor de Varejo. Foto: Pixabay<\/figcaption>\n\t\t<\/figure>\n\t<\/div>\n\n\n\t<p>\n\t\t<a href=\"https:\/\/lp.suno.com.br\/planilha-controle-gastos\/\" target=\"_blank\" data-element=\"shortcode-suno-banner\" title=\"Banner SUNO, clique e saiba mais\">\n\t\t\t<picture>\n\t\t\t\t<source media=\"(max-width: 500px)\" srcset=\"https:\/\/files.sunoresearch.com.br\/n\/uploads\/2023\/03\/400x300-Planilha-controle-de-gastos.png\">\n\t\t\t\t<img class=\"newsContent__article__imgCapa newsContent__article__imgCapa--banner\"\n\t\t\t\t\tsrc=\"https:\/\/files.sunoresearch.com.br\/n\/uploads\/2023\/03\/1420x240-Planilha-controle-de-gastos.png\"\n\t\t\t\t\tdata-promo-id=\"101751\"\t\t\t\t\t\t\t\t\t\twidth='1420' height='240'\t\t\t\t\talt=\"https:\/\/files.sunoresearch.com.br\/n\/uploads\/2023\/03\/1420x240-Planilha-controle-de-gastos.png\"\n\t\t\t\t>\n\t\t\t<\/picture>\n\t\t<\/a>\n\t<\/p>\n\n\n<p>A coordenadora das Sondagens do Instituto, Viviane Seda Bittencourt, explica que o ano foi dif\u00edcil, principalmente para os consumidores de <strong>menor poder aquisitivo<\/strong>, refletindo o aumento das diferen\u00e7as sociais tamb\u00e9m no ICC.<\/p>\n<p>\u201cO descolamento entre a confian\u00e7a dos <strong>consumidores de baixa renda<\/strong> dos de alta renda atingiu o maior n\u00edvel da s\u00e9rie dos \u00faltimos 17 anos, principalmente em fun\u00e7\u00e3o da dificuldade financeira dos consumidores de menor n\u00edvel de renda diante do quadro de desemprego, infla\u00e7\u00e3o elevada e aumento do endividamento\u201d.<\/p>\n<p>Para ela, o ano de 2022 ser\u00e1 \u201cdesafiador\u201d para a melhora da confian\u00e7a do consumidor geral e tamb\u00e9m para a \u201cdiminui\u00e7\u00e3o da desigualdade na percep\u00e7\u00e3o dos desafios econ\u00f4micos por fam\u00edlias com diferentes n\u00edveis de renda\u201d.<\/p>\n\t<p>\n\t\t<a href=\"https:\/\/lp.suno.com.br\/planilha-da-vida-financeira\/\" target=\"_blank\" data-element=\"shortcode-suno-banner\" title=\"Banner SUNO, clique e saiba mais\">\n\t\t\t<picture>\n\t\t\t\t<source media=\"(max-width: 500px)\" srcset=\"https:\/\/files.sunoresearch.com.br\/n\/uploads\/2023\/04\/400x300-Planilha-vida-financeira-true.png\">\n\t\t\t\t<img class=\"newsContent__article__imgCapa newsContent__article__imgCapa--banner\"\n\t\t\t\t\tsrc=\"https:\/\/files.sunoresearch.com.br\/n\/uploads\/2023\/04\/1420x240-Planilha-vida-financeira-true.png\"\n\t\t\t\t\tdata-promo-id=\"106682\"\t\t\t\t\t\t\t\t\t\twidth='1420' height='240'\t\t\t\t\talt=\"https:\/\/files.sunoresearch.com.br\/n\/uploads\/2023\/04\/1420x240-Planilha-vida-financeira-true.png\"\n\t\t\t\t>\n\t\t\t<\/picture>\n\t\t<\/a>\n\t<\/p>\n\n\n<h2>Componentes<\/h2>\n<p>Entre os componentes do ICC, a quase estabilidade em dezembro foi influenciada pela piora na avalia\u00e7\u00e3o da situa\u00e7\u00e3o corrente, enquanto houve melhora das expectativas. O \u00cdndice de Situa\u00e7\u00e3o Atual (ISA) diminuiu 1,3 ponto, para 65,6 pontos, puxada pela deteriora\u00e7\u00e3o da situa\u00e7\u00e3o financeira das fam\u00edlias.<\/p>\n<p>A satisfa\u00e7\u00e3o sobre as finan\u00e7as pessoais caiu 2,9 pontos, atingindo 59,2 pontos, o menor valor desde abril deste ano. A percep\u00e7\u00e3o dos consumidores sobre a\u00a0situa\u00e7\u00e3o econ\u00f4mica atual se manteve relativamente est\u00e1vel em 72,8 pontos, uma alta de 0,3 ponto. Segundo o FGV Ibre, os dois indicadores se mant\u00eam em patamares muito baixos na s\u00e9rie hist\u00f3rica.<\/p>\n<p>J\u00e1 o \u00cdndice de Expectativas (IE) subiu 2\u00a0pontos, para 83,4 pontos. A principal influ\u00eancia foi do indicador que mede as perspectivas sobre a situa\u00e7\u00e3o financeira familiar, que subiu 5,5 pontos, ficando em 85,5 pontos.<\/p>\n<p>O indicador das expectativas sobre a situa\u00e7\u00e3o econ\u00f4mica subiu 3,8 pontos, para 104,1 pontos, mas o \u00edmpeto de compras para os pr\u00f3ximos meses caiu 3,6 pontos, para 62,8 pontos, a\u00a0quarta\u00a0queda consecutiva.<\/p>\n\t<p>\n\t\t<a href=\"\" target=\"_blank\" data-element=\"shortcode-suno-banner\" title=\"Banner SUNO, clique e saiba mais\">\n\t\t\t<picture>\n\t\t\t\t<source media=\"(max-width: 500px)\" srcset=\"\">\n\t\t\t\t<img class=\"newsContent__article__imgCapa newsContent__article__imgCapa--banner\"\n\t\t\t\t\tsrc=\"\"\n\t\t\t\t\tdata-promo-id=\"184190\"\t\t\t\t\t\t\t\t\t\t\t\t\t\t\talt=\"\"\n\t\t\t\t>\n\t\t\t<\/picture>\n\t\t<\/a>\n\t<\/p>\n\n\n","protected":false},"excerpt":{"rendered":"<p>O \u00cdndice de Confian\u00e7a do Consumidor (ICC), divulgado\u00a0hoje\u00a0(22) pelo Instituto Brasileiro de Economia da Funda\u00e7\u00e3o Getulio Vargas (FGV Ibre), subiu 0,6 ponto em dezembro, ficando em 75,5 pontos. Em m\u00e9dias m\u00f3veis trimestrais, o \u00edndice variou 0,1 ponto, para 75,6 pontos, depois de cair por tr\u00eas meses seguidos. No ano, o indicador fecha 2021 em queda [&hellip;]<\/p>\n","protected":false},"author":43,"featured_media":130484,"comment_status":"closed","ping_status":"closed","sticky":false,"template":"","format":"standard","meta":[],"categories":[62],"tags":[10832],"suno_strategy":[],"class_list":["post-217338","post","type-post","status-publish","format-standard","has-post-thumbnail","hentry","category-economia","tag-confianca-do-consumidor"],"yoast_head":"<!-- This site is optimized with the Yoast SEO plugin v24.4 - https:\/\/yoast.com\/wordpress\/plugins\/seo\/ -->\n<title>FGV: confian\u00e7a do consumidor sobe em dezembro mas fecha o ano em queda<\/title>\n<meta name=\"description\" content=\"Em m\u00e9dias m\u00f3veis trimestrais, o \u00edndice variou 0,1 ponto, para 75,6 pontos, depois de cair por tr\u00eas meses seguidos. No ano, o indicador fecha 2021 em queda de 2,6 pontos.\" \/>\n<meta name=\"robots\" content=\"index, follow, max-snippet:-1, max-image-preview:large, max-video-preview:-1\" \/>\n<link rel=\"canonical\" href=\"https:\/\/www.suno.com.br\/noticias\/fgv-confianca-consumidor-dezembro-2021\/\" \/>\n<meta property=\"og:locale\" content=\"pt_BR\" \/>\n<meta property=\"og:type\" content=\"article\" \/>\n<meta property=\"og:title\" content=\"FGV: confian\u00e7a do consumidor sobe em dezembro mas fecha o ano em queda\" \/>\n<meta property=\"og:description\" content=\"Em m\u00e9dias m\u00f3veis trimestrais, o \u00edndice variou 0,1 ponto, para 75,6 pontos, depois de cair por tr\u00eas meses seguidos. No ano, o indicador fecha 2021 em queda de 2,6 pontos.\" \/>\n<meta property=\"og:url\" content=\"https:\/\/www.suno.com.br\/noticias\/fgv-confianca-consumidor-dezembro-2021\/\" \/>\n<meta property=\"og:site_name\" content=\"Suno Not\u00edcias\" \/>\n<meta property=\"article:publisher\" content=\"https:\/\/facebook.com\/sunoresearch\" \/>\n<meta property=\"article:author\" content=\"https:\/\/www.facebook.com\/sunonoticias\/\" \/>\n<meta property=\"og:image\" content=\"https:\/\/files.sunoresearch.com.br\/n\/uploads\/2021\/03\/e0690425-setor-shopping.jpg\" \/>\n\t<meta property=\"og:image:width\" content=\"1200\" \/>\n\t<meta property=\"og:image:height\" content=\"673\" \/>\n\t<meta property=\"og:image:type\" content=\"image\/jpeg\" \/>\n<meta name=\"author\" content=\"Reda\u00e7\u00e3o Suno Not\u00edcias\" \/>\n<meta name=\"twitter:card\" content=\"summary_large_image\" \/>\n<meta name=\"twitter:creator\" content=\"@https:\/\/twitter.com\/sunoresearch\" \/>\n<meta name=\"twitter:site\" content=\"@sunoresearch\" \/>\n<meta name=\"twitter:label1\" content=\"Escrito por\" \/>\n\t<meta name=\"twitter:data1\" content=\"Reda\u00e7\u00e3o Suno Not\u00edcias\" \/>\n\t<meta name=\"twitter:label2\" content=\"Est. tempo de leitura\" \/>\n\t<meta name=\"twitter:data2\" content=\"2 minutos\" \/>\n<script type=\"application\/ld+json\" class=\"yoast-schema-graph\">{\"@context\":\"https:\/\/schema.org\",\"@graph\":[{\"@type\":\"NewsArticle\",\"@id\":\"https:\/\/www.suno.com.br\/noticias\/fgv-confianca-consumidor-dezembro-2021\/#article\",\"isPartOf\":{\"@id\":\"https:\/\/www.suno.com.br\/noticias\/fgv-confianca-consumidor-dezembro-2021\/\"},\"author\":{\"name\":\"Reda\u00e7\u00e3o Suno Not\u00edcias\",\"@id\":\"https:\/\/www.suno.com.br\/noticias\/#\/schema\/person\/c1b1bd3727fa852bd045e9dbff3673ea\"},\"headline\":\"FGV: confian\u00e7a do consumidor sobe em dezembro mas fecha o ano em queda\",\"datePublished\":\"2021-12-22T15:45:29+00:00\",\"mainEntityOfPage\":{\"@id\":\"https:\/\/www.suno.com.br\/noticias\/fgv-confianca-consumidor-dezembro-2021\/\"},\"wordCount\":385,\"publisher\":{\"@id\":\"https:\/\/www.suno.com.br\/noticias\/#organization\"},\"image\":{\"@id\":\"https:\/\/www.suno.com.br\/noticias\/fgv-confianca-consumidor-dezembro-2021\/#primaryimage\"},\"thumbnailUrl\":\"https:\/\/files.sunoresearch.com.br\/n\/uploads\/2021\/03\/e0690425-setor-shopping-jpg.webp\",\"keywords\":[\"confian\u00e7a do consumidor\"],\"articleSection\":[\"Economia\"],\"inLanguage\":\"pt-BR\"},{\"@type\":\"WebPage\",\"@id\":\"https:\/\/www.suno.com.br\/noticias\/fgv-confianca-consumidor-dezembro-2021\/\",\"url\":\"https:\/\/www.suno.com.br\/noticias\/fgv-confianca-consumidor-dezembro-2021\/\",\"name\":\"FGV: confian\u00e7a do consumidor sobe em dezembro mas fecha o ano em queda\",\"isPartOf\":{\"@id\":\"https:\/\/www.suno.com.br\/noticias\/#website\"},\"primaryImageOfPage\":{\"@id\":\"https:\/\/www.suno.com.br\/noticias\/fgv-confianca-consumidor-dezembro-2021\/#primaryimage\"},\"image\":{\"@id\":\"https:\/\/www.suno.com.br\/noticias\/fgv-confianca-consumidor-dezembro-2021\/#primaryimage\"},\"thumbnailUrl\":\"https:\/\/files.sunoresearch.com.br\/n\/uploads\/2021\/03\/e0690425-setor-shopping-jpg.webp\",\"datePublished\":\"2021-12-22T15:45:29+00:00\",\"description\":\"Em m\u00e9dias m\u00f3veis trimestrais, o \u00edndice variou 0,1 ponto, para 75,6 pontos, depois de cair por tr\u00eas meses seguidos. No ano, o indicador fecha 2021 em queda de 2,6 pontos.\",\"breadcrumb\":{\"@id\":\"https:\/\/www.suno.com.br\/noticias\/fgv-confianca-consumidor-dezembro-2021\/#breadcrumb\"},\"inLanguage\":\"pt-BR\",\"potentialAction\":[{\"@type\":\"ReadAction\",\"target\":[\"https:\/\/www.suno.com.br\/noticias\/fgv-confianca-consumidor-dezembro-2021\/\"]}]},{\"@type\":\"ImageObject\",\"inLanguage\":\"pt-BR\",\"@id\":\"https:\/\/www.suno.com.br\/noticias\/fgv-confianca-consumidor-dezembro-2021\/#primaryimage\",\"url\":\"https:\/\/files.sunoresearch.com.br\/n\/uploads\/2021\/03\/e0690425-setor-shopping-jpg.webp\",\"contentUrl\":\"https:\/\/files.sunoresearch.com.br\/n\/uploads\/2021\/03\/e0690425-setor-shopping-jpg.webp\",\"width\":1200,\"height\":673,\"caption\":\"Setor de Varejo. Foto: Pixabay\"},{\"@type\":\"BreadcrumbList\",\"@id\":\"https:\/\/www.suno.com.br\/noticias\/fgv-confianca-consumidor-dezembro-2021\/#breadcrumb\",\"itemListElement\":[{\"@type\":\"ListItem\",\"position\":1,\"name\":\"Not\u00edcias\",\"item\":\"https:\/\/www.suno.com.br\/noticias\/\"},{\"@type\":\"ListItem\",\"position\":2,\"name\":\"Economia\",\"item\":\"https:\/\/www.suno.com.br\/noticias\/economia\/\"},{\"@type\":\"ListItem\",\"position\":3,\"name\":\"FGV: confian\u00e7a do consumidor sobe em dezembro mas fecha o ano em queda\"}]},{\"@type\":\"WebSite\",\"@id\":\"https:\/\/www.suno.com.br\/noticias\/#website\",\"url\":\"https:\/\/www.suno.com.br\/noticias\/\",\"name\":\"Suno Not\u00edcias\",\"description\":\"Seu portal de informa\u00e7\u00e3o sobre o mundo dos investimentos\",\"publisher\":{\"@id\":\"https:\/\/www.suno.com.br\/noticias\/#organization\"},\"potentialAction\":[{\"@type\":\"SearchAction\",\"target\":{\"@type\":\"EntryPoint\",\"urlTemplate\":\"https:\/\/www.suno.com.br\/noticias\/?s={search_term_string}\"},\"query-input\":{\"@type\":\"PropertyValueSpecification\",\"valueRequired\":true,\"valueName\":\"search_term_string\"}}],\"inLanguage\":\"pt-BR\"},{\"@type\":\"Organization\",\"@id\":\"https:\/\/www.suno.com.br\/noticias\/#organization\",\"name\":\"Suno Not\u00edcias\",\"url\":\"https:\/\/www.suno.com.br\/noticias\/\",\"logo\":{\"@type\":\"ImageObject\",\"inLanguage\":\"pt-BR\",\"@id\":\"https:\/\/www.suno.com.br\/noticias\/#\/schema\/logo\/image\/\",\"url\":\"https:\/\/files.sunoresearch.com.br\/n\/uploads\/2021\/09\/suno-logo.png\",\"contentUrl\":\"https:\/\/files.sunoresearch.com.br\/n\/uploads\/2021\/09\/suno-logo.png\",\"width\":180,\"height\":180,\"caption\":\"Suno Not\u00edcias\"},\"image\":{\"@id\":\"https:\/\/www.suno.com.br\/noticias\/#\/schema\/logo\/image\/\"},\"sameAs\":[\"https:\/\/facebook.com\/sunoresearch\",\"https:\/\/x.com\/sunoresearch\",\"https:\/\/www.instagram.com\/suno\",\"https:\/\/www.linkedin.com\/company\/suno-research\/\",\"https:\/\/www.youtube.com\/c\/sunoresearch\"]},{\"@type\":\"Person\",\"@id\":\"https:\/\/www.suno.com.br\/noticias\/#\/schema\/person\/c1b1bd3727fa852bd045e9dbff3673ea\",\"name\":\"Reda\u00e7\u00e3o Suno Not\u00edcias\",\"image\":{\"@type\":\"ImageObject\",\"inLanguage\":\"pt-BR\",\"@id\":\"https:\/\/www.suno.com.br\/noticias\/#\/schema\/person\/image\/\",\"url\":\"https:\/\/secure.gravatar.com\/avatar\/b8104b9b5a71985d5238ee59fbe418af?s=96&r=g\",\"contentUrl\":\"https:\/\/secure.gravatar.com\/avatar\/b8104b9b5a71985d5238ee59fbe418af?s=96&r=g\",\"caption\":\"Reda\u00e7\u00e3o Suno Not\u00edcias\"},\"description\":\"O Suno Not\u00edcias \u00e9 um portal de informa\u00e7\u00f5es sobre Mercado Financeiro, Pol\u00edtica, Neg\u00f3cios, Economia e Finan\u00e7as Pessoais.\",\"sameAs\":[\"https:\/\/www.suno.com.br\/noticias\",\"https:\/\/www.facebook.com\/sunonoticias\/\",\"https:\/\/www.instagram.com\/sunonoticias\/\",\"https:\/\/x.com\/https:\/\/twitter.com\/sunoresearch\",\"https:\/\/www.youtube.com\/sunonoticias\"],\"url\":\"https:\/\/www.suno.com.br\/noticias\/author\/redacao-suno\/\"}]}<\/script>\n<!-- \/ Yoast SEO plugin. -->","yoast_head_json":{"title":"FGV: confian\u00e7a do consumidor sobe em dezembro mas fecha o ano em queda","description":"Em m\u00e9dias m\u00f3veis trimestrais, o \u00edndice variou 0,1 ponto, para 75,6 pontos, depois de cair por tr\u00eas meses seguidos. No ano, o indicador fecha 2021 em queda de 2,6 pontos.","robots":{"index":"index","follow":"follow","max-snippet":"max-snippet:-1","max-image-preview":"max-image-preview:large","max-video-preview":"max-video-preview:-1"},"canonical":"https:\/\/www.suno.com.br\/noticias\/fgv-confianca-consumidor-dezembro-2021\/","og_locale":"pt_BR","og_type":"article","og_title":"FGV: confian\u00e7a do consumidor sobe em dezembro mas fecha o ano em queda","og_description":"Em m\u00e9dias m\u00f3veis trimestrais, o \u00edndice variou 0,1 ponto, para 75,6 pontos, depois de cair por tr\u00eas meses seguidos. No ano, o indicador fecha 2021 em queda de 2,6 pontos.","og_url":"https:\/\/www.suno.com.br\/noticias\/fgv-confianca-consumidor-dezembro-2021\/","og_site_name":"Suno Not\u00edcias","article_publisher":"https:\/\/facebook.com\/sunoresearch","article_author":"https:\/\/www.facebook.com\/sunonoticias\/","og_image":[{"width":1200,"height":673,"url":"https:\/\/files.sunoresearch.com.br\/n\/uploads\/2021\/03\/e0690425-setor-shopping.jpg","type":"image\/jpeg"}],"author":"Reda\u00e7\u00e3o Suno Not\u00edcias","twitter_card":"summary_large_image","twitter_creator":"@https:\/\/twitter.com\/sunoresearch","twitter_site":"@sunoresearch","twitter_misc":{"Escrito por":"Reda\u00e7\u00e3o Suno Not\u00edcias","Est. tempo de leitura":"2 minutos"},"schema":{"@context":"https:\/\/schema.org","@graph":[{"@type":"NewsArticle","@id":"https:\/\/www.suno.com.br\/noticias\/fgv-confianca-consumidor-dezembro-2021\/#article","isPartOf":{"@id":"https:\/\/www.suno.com.br\/noticias\/fgv-confianca-consumidor-dezembro-2021\/"},"author":{"name":"Reda\u00e7\u00e3o Suno Not\u00edcias","@id":"https:\/\/www.suno.com.br\/noticias\/#\/schema\/person\/c1b1bd3727fa852bd045e9dbff3673ea"},"headline":"FGV: confian\u00e7a do consumidor sobe em dezembro mas fecha o ano em queda","datePublished":"2021-12-22T15:45:29+00:00","mainEntityOfPage":{"@id":"https:\/\/www.suno.com.br\/noticias\/fgv-confianca-consumidor-dezembro-2021\/"},"wordCount":385,"publisher":{"@id":"https:\/\/www.suno.com.br\/noticias\/#organization"},"image":{"@id":"https:\/\/www.suno.com.br\/noticias\/fgv-confianca-consumidor-dezembro-2021\/#primaryimage"},"thumbnailUrl":"https:\/\/files.sunoresearch.com.br\/n\/uploads\/2021\/03\/e0690425-setor-shopping-jpg.webp","keywords":["confian\u00e7a do consumidor"],"articleSection":["Economia"],"inLanguage":"pt-BR"},{"@type":"WebPage","@id":"https:\/\/www.suno.com.br\/noticias\/fgv-confianca-consumidor-dezembro-2021\/","url":"https:\/\/www.suno.com.br\/noticias\/fgv-confianca-consumidor-dezembro-2021\/","name":"FGV: confian\u00e7a do consumidor sobe em dezembro mas fecha o ano em queda","isPartOf":{"@id":"https:\/\/www.suno.com.br\/noticias\/#website"},"primaryImageOfPage":{"@id":"https:\/\/www.suno.com.br\/noticias\/fgv-confianca-consumidor-dezembro-2021\/#primaryimage"},"image":{"@id":"https:\/\/www.suno.com.br\/noticias\/fgv-confianca-consumidor-dezembro-2021\/#primaryimage"},"thumbnailUrl":"https:\/\/files.sunoresearch.com.br\/n\/uploads\/2021\/03\/e0690425-setor-shopping-jpg.webp","datePublished":"2021-12-22T15:45:29+00:00","description":"Em m\u00e9dias m\u00f3veis trimestrais, o \u00edndice variou 0,1 ponto, para 75,6 pontos, depois de cair por tr\u00eas meses seguidos. No ano, o indicador fecha 2021 em queda de 2,6 pontos.","breadcrumb":{"@id":"https:\/\/www.suno.com.br\/noticias\/fgv-confianca-consumidor-dezembro-2021\/#breadcrumb"},"inLanguage":"pt-BR","potentialAction":[{"@type":"ReadAction","target":["https:\/\/www.suno.com.br\/noticias\/fgv-confianca-consumidor-dezembro-2021\/"]}]},{"@type":"ImageObject","inLanguage":"pt-BR","@id":"https:\/\/www.suno.com.br\/noticias\/fgv-confianca-consumidor-dezembro-2021\/#primaryimage","url":"https:\/\/files.sunoresearch.com.br\/n\/uploads\/2021\/03\/e0690425-setor-shopping-jpg.webp","contentUrl":"https:\/\/files.sunoresearch.com.br\/n\/uploads\/2021\/03\/e0690425-setor-shopping-jpg.webp","width":1200,"height":673,"caption":"Setor de Varejo. Foto: Pixabay"},{"@type":"BreadcrumbList","@id":"https:\/\/www.suno.com.br\/noticias\/fgv-confianca-consumidor-dezembro-2021\/#breadcrumb","itemListElement":[{"@type":"ListItem","position":1,"name":"Not\u00edcias","item":"https:\/\/www.suno.com.br\/noticias\/"},{"@type":"ListItem","position":2,"name":"Economia","item":"https:\/\/www.suno.com.br\/noticias\/economia\/"},{"@type":"ListItem","position":3,"name":"FGV: confian\u00e7a do consumidor sobe em dezembro mas fecha o ano em queda"}]},{"@type":"WebSite","@id":"https:\/\/www.suno.com.br\/noticias\/#website","url":"https:\/\/www.suno.com.br\/noticias\/","name":"Suno Not\u00edcias","description":"Seu portal de informa\u00e7\u00e3o sobre o mundo dos investimentos","publisher":{"@id":"https:\/\/www.suno.com.br\/noticias\/#organization"},"potentialAction":[{"@type":"SearchAction","target":{"@type":"EntryPoint","urlTemplate":"https:\/\/www.suno.com.br\/noticias\/?s={search_term_string}"},"query-input":{"@type":"PropertyValueSpecification","valueRequired":true,"valueName":"search_term_string"}}],"inLanguage":"pt-BR"},{"@type":"Organization","@id":"https:\/\/www.suno.com.br\/noticias\/#organization","name":"Suno Not\u00edcias","url":"https:\/\/www.suno.com.br\/noticias\/","logo":{"@type":"ImageObject","inLanguage":"pt-BR","@id":"https:\/\/www.suno.com.br\/noticias\/#\/schema\/logo\/image\/","url":"https:\/\/files.sunoresearch.com.br\/n\/uploads\/2021\/09\/suno-logo.png","contentUrl":"https:\/\/files.sunoresearch.com.br\/n\/uploads\/2021\/09\/suno-logo.png","width":180,"height":180,"caption":"Suno Not\u00edcias"},"image":{"@id":"https:\/\/www.suno.com.br\/noticias\/#\/schema\/logo\/image\/"},"sameAs":["https:\/\/facebook.com\/sunoresearch","https:\/\/x.com\/sunoresearch","https:\/\/www.instagram.com\/suno","https:\/\/www.linkedin.com\/company\/suno-research\/","https:\/\/www.youtube.com\/c\/sunoresearch"]},{"@type":"Person","@id":"https:\/\/www.suno.com.br\/noticias\/#\/schema\/person\/c1b1bd3727fa852bd045e9dbff3673ea","name":"Reda\u00e7\u00e3o Suno Not\u00edcias","image":{"@type":"ImageObject","inLanguage":"pt-BR","@id":"https:\/\/www.suno.com.br\/noticias\/#\/schema\/person\/image\/","url":"https:\/\/secure.gravatar.com\/avatar\/b8104b9b5a71985d5238ee59fbe418af?s=96&r=g","contentUrl":"https:\/\/secure.gravatar.com\/avatar\/b8104b9b5a71985d5238ee59fbe418af?s=96&r=g","caption":"Reda\u00e7\u00e3o Suno Not\u00edcias"},"description":"O Suno Not\u00edcias \u00e9 um portal de informa\u00e7\u00f5es sobre Mercado Financeiro, Pol\u00edtica, Neg\u00f3cios, Economia e Finan\u00e7as Pessoais.","sameAs":["https:\/\/www.suno.com.br\/noticias","https:\/\/www.facebook.com\/sunonoticias\/","https:\/\/www.instagram.com\/sunonoticias\/","https:\/\/x.com\/https:\/\/twitter.com\/sunoresearch","https:\/\/www.youtube.com\/sunonoticias"],"url":"https:\/\/www.suno.com.br\/noticias\/author\/redacao-suno\/"}]}},"default_loop_html":"<div class=\"cardsPage__listCard__boxs\"><div class=\"cardsPage__listCard__boxs__img\"><a href=\"https:\/\/www.suno.com.br\/noticias\/fgv-confianca-consumidor-dezembro-2021\/\"><img class=\"mask\" src=\"https:\/\/www.suno.com.br\/noticias\/wp-content\/themes\/suno\/resources\/images\/spotlight\/spotlight1img\/bg-mask.png\" alt=\"Image Mask\"\/><img src=\"https:\/\/files.sunoresearch.com.br\/n\/uploads\/2021\/03\/e0690425-setor-shopping-400x200.webp\" alt=\"FGV: confian\u00e7a do consumidor sobe em dezembro mas fecha o ano em queda\"\/><\/a><span class=\"spotlightCategory\"><a href=\"https:\/\/www.suno.com.br\/noticias\/economia\/\">Economia<\/a><\/span><\/div><div class=\"cardsPage__listCard__boxs__content\"><a href=\"https:\/\/www.suno.com.br\/noticias\/fgv-confianca-consumidor-dezembro-2021\/\"><h2 class=\"content__title\">FGV: confian\u00e7a do consumidor sobe em dezembro mas fecha o ano em queda<\/h2><\/a><div class=\"newsContent__article__meta\"><div class=\"newsContent__article__meta__authorBox\"><a href=\"https:\/\/www.suno.com.br\/noticias\/author\/redacao-suno\/\" class=\"authorBox__avatar noMobi\"><img src=\"https:\/\/files.sunoresearch.com.br\/n\/uploads\/2020\/08\/0ace682d-redacao-1-150x150.webp\" alt=\"Reda\u00e7\u00e3o Suno Not\u00edcias\"><\/a><div class=\"authorBox__name\"><span>por\n\t\t\t<a href=\"https:\/\/www.suno.com.br\/noticias\/author\/redacao-suno\/\"><span itemprop=\"author\">Reda\u00e7\u00e3o Suno Not\u00edcias<\/span><\/a><\/span><time datetime=\"2021-12-22T12:45:29-03:00\" itemprop=\"datePublished\">22\/12\/2021 12:45<\/time><\/div><\/div><\/div><\/div><\/div>","single_layout":"posts","amp_enabled":true,"_links":{"self":[{"href":"https:\/\/www.suno.com.br\/noticias\/wp-json\/wp\/v2\/posts\/217338"}],"collection":[{"href":"https:\/\/www.suno.com.br\/noticias\/wp-json\/wp\/v2\/posts"}],"about":[{"href":"https:\/\/www.suno.com.br\/noticias\/wp-json\/wp\/v2\/types\/post"}],"author":[{"embeddable":true,"href":"https:\/\/www.suno.com.br\/noticias\/wp-json\/wp\/v2\/users\/43"}],"replies":[{"embeddable":true,"href":"https:\/\/www.suno.com.br\/noticias\/wp-json\/wp\/v2\/comments?post=217338"}],"version-history":[{"count":2,"href":"https:\/\/www.suno.com.br\/noticias\/wp-json\/wp\/v2\/posts\/217338\/revisions"}],"predecessor-version":[{"id":217356,"href":"https:\/\/www.suno.com.br\/noticias\/wp-json\/wp\/v2\/posts\/217338\/revisions\/217356"}],"wp:featuredmedia":[{"embeddable":true,"href":"https:\/\/www.suno.com.br\/noticias\/wp-json\/wp\/v2\/media\/130484"}],"wp:attachment":[{"href":"https:\/\/www.suno.com.br\/noticias\/wp-json\/wp\/v2\/media?parent=217338"}],"wp:term":[{"taxonomy":"category","embeddable":true,"href":"https:\/\/www.suno.com.br\/noticias\/wp-json\/wp\/v2\/categories?post=217338"},{"taxonomy":"post_tag","embeddable":true,"href":"https:\/\/www.suno.com.br\/noticias\/wp-json\/wp\/v2\/tags?post=217338"},{"taxonomy":"suno_strategy","embeddable":true,"href":"https:\/\/www.suno.com.br\/noticias\/wp-json\/wp\/v2\/suno_strategy?post=217338"}],"curies":[{"name":"wp","href":"https:\/\/api.w.org\/{rel}","templated":true}]}}