{"id":217337,"date":"2021-12-22T12:48:06","date_gmt":"2021-12-22T15:48:06","guid":{"rendered":"https:\/\/www.suno.com.br\/noticias\/?p=217337"},"modified":"2021-12-22T15:53:23","modified_gmt":"2021-12-22T18:53:23","slug":"cade-aprova-joint-venture-de-aluguel-de-carros-da-cosan-csan3","status":"publish","type":"post","link":"https:\/\/www.suno.com.br\/noticias\/cade-aprova-joint-venture-de-aluguel-de-carros-da-cosan-csan3\/","title":{"rendered":"Cade aprova joint venture de aluguel de carros da Cosan (CSAN3)"},"content":{"rendered":"<p>A Superintend\u00eancia Geral do <a class=\"suno-keyword\" href=\"https:\/\/www.suno.com.br\/artigos\/cade\/\" target=\"_blank\" rel=\"noopener\" data-force=\"no\" data-priority=\"2\">Conselho Administrativo de Defesa Econ\u00f4mica (Cade)<\/a> aprovou sem restri\u00e7\u00f5es o ato de concentra\u00e7\u00e3o envolvendo a Porto Servi\u00e7os e Com\u00e9rcio S.A e <a class=\"suno-keyword\" href=\"https:\/\/www.suno.com.br\/acoes\/CSAN3\/\" target=\"_blank\" rel=\"noopener\" data-force=\"yes\" data-priority=\"2\">Cosan (CSAN3)<\/a>. O despacho pela aprova\u00e7\u00e3o est\u00e1 publicado no Di\u00e1rio Oficial da Uni\u00e3o desta quarta-feira, 22.<\/p>\t<div class=\"wrapper-featured-image\">\n\t\t<figure class=\"spotlightImg\">\n\n\t\t\t<picture>\n\t\t\t\t<source media=\"(max-width: 768px)\" srcset=\"https:\/\/files.sunoresearch.com.br\/n\/uploads\/2021\/03\/c9bb0535-cosan-400x200.webp\">\n\t\t\t\t<img loading=\"lazy\" decoding=\"async\" class=\"newsContent__article__imgCapa lazyloadDisabled \" src=\"https:\/\/files.sunoresearch.com.br\/n\/uploads\/2021\/03\/c9bb0535-cosan-800x450.webp\" width=\"800\" height=\"450\" alt=\"Cade aprova joint venture de aluguel de carros da Cosan (CSAN3)\" fetchpriority=high \/>\n\t\t\t<\/picture>\n\n\t\t\t<figcaption class=\"wp-caption-text wp-caption-text--show\">Cosan (CSAN3). Foto: Divulga\u00e7\u00e3o<\/figcaption>\n\t\t<\/figure>\n\t<\/div>\n\n\n\t<p>\n\t\t<a href=\"https:\/\/lp.suno.com.br\/planilha-controle-gastos\/\" target=\"_blank\" data-element=\"shortcode-suno-banner\" title=\"Banner SUNO, clique e saiba mais\">\n\t\t\t<picture>\n\t\t\t\t<source media=\"(max-width: 500px)\" srcset=\"https:\/\/files.sunoresearch.com.br\/n\/uploads\/2023\/03\/400x300-Planilha-controle-de-gastos.png\">\n\t\t\t\t<img class=\"newsContent__article__imgCapa newsContent__article__imgCapa--banner\"\n\t\t\t\t\tsrc=\"https:\/\/files.sunoresearch.com.br\/n\/uploads\/2023\/03\/1420x240-Planilha-controle-de-gastos.png\"\n\t\t\t\t\tdata-promo-id=\"101751\"\t\t\t\t\t\t\t\t\t\twidth='1420' height='240'\t\t\t\t\talt=\"https:\/\/files.sunoresearch.com.br\/n\/uploads\/2023\/03\/1420x240-Planilha-controle-de-gastos.png\"\n\t\t\t\t>\n\t\t\t<\/picture>\n\t\t<\/a>\n\t<\/p>\n\n\n<p>A opera\u00e7\u00e3o consiste na forma\u00e7\u00e3o de uma joint venture &#8211; denominada <strong>Mobitech<\/strong> &#8211; entre a Porto Servi\u00e7os e a Cosan. O objeto principal ser\u00e1 o aluguel e a terceiriza\u00e7\u00e3o de ve\u00edculos ou frotas de ve\u00edculos.<\/p>\n<p>As atividades pretendidas para a Mobitech consistem na loca\u00e7\u00e3o de ve\u00edculos nas seguintes modalidades: &#8220;por assinatura&#8221; &#8211; loca\u00e7\u00e3o de ve\u00edculos em que o aluguel \u00e9 realizado por m\u00e9dio ou <a class=\"suno-keyword\" href=\"https:\/\/www.suno.com.br\/artigos\/longo-prazo\/\" target=\"_blank\" rel=\"noopener\" data-force=\"no\" data-priority=\"1\">longo prazo<\/a> a partir de uma taxa de assinatura, por exemplo, mensal; &#8220;Rent a car&#8221; &#8211; loca\u00e7\u00e3o de ve\u00edculos por <a class=\"suno-keyword\" href=\"https:\/\/www.suno.com.br\/artigos\/curto-prazo\/\" target=\"_blank\" rel=\"noopener\" data-force=\"no\" data-priority=\"1\">curto prazo<\/a> e dist\u00e2ncias m\u00e9dias entre cidades; &#8220;gest\u00e3o de frota de ve\u00edculos&#8221; &#8211; trata-se de loca\u00e7\u00e3o de ve\u00edculos leves e pesados para clientes corporativos, bem como a compra e venda de ve\u00edculos e atividades correlatas.<\/p>\n<p>Segundo o parecer da superintend\u00eancia do Cade, como justificativa para a opera\u00e7\u00e3o, no caso da Porto Servi\u00e7o, a transa\u00e7\u00e3o &#8220;fortalecer\u00e1 o car\u00e1ter competitivo no setor de mobilidade brasileiro&#8221;. &#8220;J\u00e1 o Grupo Cosan entende que a Opera\u00e7\u00e3o Proposta representa uma forma de contribuir para acelerar o desenvolvimento das pretendidas atividades da Mobitech por meio de contribui\u00e7\u00f5es ao capital e aproveitamento de sinergias do portf\u00f3lio e da experi\u00eancia das Requerentes.&#8221;<\/p>\n<p><em>Com Estad\u00e3o Conte\u00fado<\/em><\/p>\n\t<p>\n\t\t<a href=\"\" target=\"_blank\" data-element=\"shortcode-suno-banner\" title=\"Banner SUNO, clique e saiba mais\">\n\t\t\t<picture>\n\t\t\t\t<source media=\"(max-width: 500px)\" srcset=\"\">\n\t\t\t\t<img class=\"newsContent__article__imgCapa newsContent__article__imgCapa--banner\"\n\t\t\t\t\tsrc=\"\"\n\t\t\t\t\tdata-promo-id=\"184190\"\t\t\t\t\t\t\t\t\t\t\t\t\t\t\talt=\"\"\n\t\t\t\t>\n\t\t\t<\/picture>\n\t\t<\/a>\n\t<\/p>\n\n\n","protected":false},"excerpt":{"rendered":"<p>A Superintend\u00eancia Geral do Conselho Administrativo de Defesa Econ\u00f4mica (Cade) aprovou sem restri\u00e7\u00f5es o ato de concentra\u00e7\u00e3o envolvendo a Porto Servi\u00e7os e Com\u00e9rcio S.A e Cosan (CSAN3). O despacho pela aprova\u00e7\u00e3o est\u00e1 publicado no Di\u00e1rio Oficial da Uni\u00e3o desta quarta-feira, 22. Cosan (CSAN3). Foto: Divulga\u00e7\u00e3o A opera\u00e7\u00e3o consiste na forma\u00e7\u00e3o de uma joint venture &#8211; [&hellip;]<\/p>\n","protected":false},"author":43,"featured_media":130225,"comment_status":"closed","ping_status":"closed","sticky":false,"template":"","format":"standard","meta":[],"categories":[64],"tags":[433],"suno_strategy":[],"class_list":["post-217337","post","type-post","status-publish","format-standard","has-post-thumbnail","hentry","category-negocios","tag-cosan-csan3"],"yoast_head":"<!-- This site is optimized with the Yoast SEO plugin v24.4 - https:\/\/yoast.com\/wordpress\/plugins\/seo\/ -->\n<title>Cade aprova joint venture de aluguel de carros da Cosan (CSAN3)<\/title>\n<meta name=\"robots\" content=\"index, follow, max-snippet:-1, max-image-preview:large, max-video-preview:-1\" \/>\n<link rel=\"canonical\" href=\"https:\/\/www.suno.com.br\/noticias\/cade-aprova-joint-venture-de-aluguel-de-carros-da-cosan-csan3\/\" \/>\n<meta property=\"og:locale\" content=\"pt_BR\" \/>\n<meta property=\"og:type\" content=\"article\" \/>\n<meta property=\"og:title\" content=\"Cade aprova joint venture de aluguel de carros da Cosan (CSAN3)\" \/>\n<meta property=\"og:description\" content=\"A Superintend\u00eancia Geral do Conselho Administrativo de Defesa Econ\u00f4mica (Cade) aprovou sem restri\u00e7\u00f5es o ato de concentra\u00e7\u00e3o envolvendo a Porto Servi\u00e7os e Com\u00e9rcio S.A e Cosan (CSAN3). O despacho pela aprova\u00e7\u00e3o est\u00e1 publicado no Di\u00e1rio Oficial da Uni\u00e3o desta quarta-feira, 22. Cosan (CSAN3). Foto: Divulga\u00e7\u00e3o A opera\u00e7\u00e3o consiste na forma\u00e7\u00e3o de uma joint venture &#8211; [&hellip;]\" \/>\n<meta property=\"og:url\" content=\"https:\/\/www.suno.com.br\/noticias\/cade-aprova-joint-venture-de-aluguel-de-carros-da-cosan-csan3\/\" \/>\n<meta property=\"og:site_name\" content=\"Suno Not\u00edcias\" \/>\n<meta property=\"article:publisher\" content=\"https:\/\/facebook.com\/sunoresearch\" \/>\n<meta property=\"article:author\" content=\"https:\/\/www.facebook.com\/sunonoticias\/\" \/>\n<meta property=\"og:image\" content=\"https:\/\/files.sunoresearch.com.br\/n\/uploads\/2021\/03\/c9bb0535-cosan.jpg\" \/>\n\t<meta property=\"og:image:width\" content=\"1200\" \/>\n\t<meta property=\"og:image:height\" content=\"800\" \/>\n\t<meta property=\"og:image:type\" content=\"image\/jpeg\" \/>\n<meta name=\"author\" content=\"Reda\u00e7\u00e3o Suno Not\u00edcias\" \/>\n<meta name=\"twitter:card\" content=\"summary_large_image\" \/>\n<meta name=\"twitter:creator\" content=\"@https:\/\/twitter.com\/sunoresearch\" \/>\n<meta name=\"twitter:site\" content=\"@sunoresearch\" \/>\n<meta name=\"twitter:label1\" content=\"Escrito por\" \/>\n\t<meta name=\"twitter:data1\" content=\"Reda\u00e7\u00e3o Suno Not\u00edcias\" \/>\n\t<meta name=\"twitter:label2\" content=\"Est. tempo de leitura\" \/>\n\t<meta name=\"twitter:data2\" content=\"2 minutos\" \/>\n<script type=\"application\/ld+json\" class=\"yoast-schema-graph\">{\"@context\":\"https:\/\/schema.org\",\"@graph\":[{\"@type\":\"NewsArticle\",\"@id\":\"https:\/\/www.suno.com.br\/noticias\/cade-aprova-joint-venture-de-aluguel-de-carros-da-cosan-csan3\/#article\",\"isPartOf\":{\"@id\":\"https:\/\/www.suno.com.br\/noticias\/cade-aprova-joint-venture-de-aluguel-de-carros-da-cosan-csan3\/\"},\"author\":{\"name\":\"Reda\u00e7\u00e3o Suno Not\u00edcias\",\"@id\":\"https:\/\/www.suno.com.br\/noticias\/#\/schema\/person\/c1b1bd3727fa852bd045e9dbff3673ea\"},\"headline\":\"Cade aprova joint venture de aluguel de carros da Cosan (CSAN3)\",\"datePublished\":\"2021-12-22T15:48:06+00:00\",\"dateModified\":\"2021-12-22T18:53:23+00:00\",\"mainEntityOfPage\":{\"@id\":\"https:\/\/www.suno.com.br\/noticias\/cade-aprova-joint-venture-de-aluguel-de-carros-da-cosan-csan3\/\"},\"wordCount\":287,\"publisher\":{\"@id\":\"https:\/\/www.suno.com.br\/noticias\/#organization\"},\"image\":{\"@id\":\"https:\/\/www.suno.com.br\/noticias\/cade-aprova-joint-venture-de-aluguel-de-carros-da-cosan-csan3\/#primaryimage\"},\"thumbnailUrl\":\"https:\/\/files.sunoresearch.com.br\/n\/uploads\/2021\/03\/c9bb0535-cosan-jpg.webp\",\"keywords\":[\"Cosan (CSAN3)\"],\"articleSection\":[\"Neg\u00f3cios\"],\"inLanguage\":\"pt-BR\"},{\"@type\":\"WebPage\",\"@id\":\"https:\/\/www.suno.com.br\/noticias\/cade-aprova-joint-venture-de-aluguel-de-carros-da-cosan-csan3\/\",\"url\":\"https:\/\/www.suno.com.br\/noticias\/cade-aprova-joint-venture-de-aluguel-de-carros-da-cosan-csan3\/\",\"name\":\"Cade aprova joint venture de aluguel de carros da Cosan (CSAN3)\",\"isPartOf\":{\"@id\":\"https:\/\/www.suno.com.br\/noticias\/#website\"},\"primaryImageOfPage\":{\"@id\":\"https:\/\/www.suno.com.br\/noticias\/cade-aprova-joint-venture-de-aluguel-de-carros-da-cosan-csan3\/#primaryimage\"},\"image\":{\"@id\":\"https:\/\/www.suno.com.br\/noticias\/cade-aprova-joint-venture-de-aluguel-de-carros-da-cosan-csan3\/#primaryimage\"},\"thumbnailUrl\":\"https:\/\/files.sunoresearch.com.br\/n\/uploads\/2021\/03\/c9bb0535-cosan-jpg.webp\",\"datePublished\":\"2021-12-22T15:48:06+00:00\",\"dateModified\":\"2021-12-22T18:53:23+00:00\",\"breadcrumb\":{\"@id\":\"https:\/\/www.suno.com.br\/noticias\/cade-aprova-joint-venture-de-aluguel-de-carros-da-cosan-csan3\/#breadcrumb\"},\"inLanguage\":\"pt-BR\",\"potentialAction\":[{\"@type\":\"ReadAction\",\"target\":[\"https:\/\/www.suno.com.br\/noticias\/cade-aprova-joint-venture-de-aluguel-de-carros-da-cosan-csan3\/\"]}]},{\"@type\":\"ImageObject\",\"inLanguage\":\"pt-BR\",\"@id\":\"https:\/\/www.suno.com.br\/noticias\/cade-aprova-joint-venture-de-aluguel-de-carros-da-cosan-csan3\/#primaryimage\",\"url\":\"https:\/\/files.sunoresearch.com.br\/n\/uploads\/2021\/03\/c9bb0535-cosan-jpg.webp\",\"contentUrl\":\"https:\/\/files.sunoresearch.com.br\/n\/uploads\/2021\/03\/c9bb0535-cosan-jpg.webp\",\"width\":1200,\"height\":800,\"caption\":\"Cosan (CSAN3). Foto: Divulga\u00e7\u00e3o\"},{\"@type\":\"BreadcrumbList\",\"@id\":\"https:\/\/www.suno.com.br\/noticias\/cade-aprova-joint-venture-de-aluguel-de-carros-da-cosan-csan3\/#breadcrumb\",\"itemListElement\":[{\"@type\":\"ListItem\",\"position\":1,\"name\":\"Not\u00edcias\",\"item\":\"https:\/\/www.suno.com.br\/noticias\/\"},{\"@type\":\"ListItem\",\"position\":2,\"name\":\"Neg\u00f3cios\",\"item\":\"https:\/\/www.suno.com.br\/noticias\/negocios\/\"},{\"@type\":\"ListItem\",\"position\":3,\"name\":\"Cade aprova joint venture de aluguel de carros da Cosan (CSAN3)\"}]},{\"@type\":\"WebSite\",\"@id\":\"https:\/\/www.suno.com.br\/noticias\/#website\",\"url\":\"https:\/\/www.suno.com.br\/noticias\/\",\"name\":\"Suno Not\u00edcias\",\"description\":\"Seu portal de informa\u00e7\u00e3o sobre o mundo dos investimentos\",\"publisher\":{\"@id\":\"https:\/\/www.suno.com.br\/noticias\/#organization\"},\"potentialAction\":[{\"@type\":\"SearchAction\",\"target\":{\"@type\":\"EntryPoint\",\"urlTemplate\":\"https:\/\/www.suno.com.br\/noticias\/?s={search_term_string}\"},\"query-input\":{\"@type\":\"PropertyValueSpecification\",\"valueRequired\":true,\"valueName\":\"search_term_string\"}}],\"inLanguage\":\"pt-BR\"},{\"@type\":\"Organization\",\"@id\":\"https:\/\/www.suno.com.br\/noticias\/#organization\",\"name\":\"Suno Not\u00edcias\",\"url\":\"https:\/\/www.suno.com.br\/noticias\/\",\"logo\":{\"@type\":\"ImageObject\",\"inLanguage\":\"pt-BR\",\"@id\":\"https:\/\/www.suno.com.br\/noticias\/#\/schema\/logo\/image\/\",\"url\":\"https:\/\/files.sunoresearch.com.br\/n\/uploads\/2021\/09\/suno-logo.png\",\"contentUrl\":\"https:\/\/files.sunoresearch.com.br\/n\/uploads\/2021\/09\/suno-logo.png\",\"width\":180,\"height\":180,\"caption\":\"Suno Not\u00edcias\"},\"image\":{\"@id\":\"https:\/\/www.suno.com.br\/noticias\/#\/schema\/logo\/image\/\"},\"sameAs\":[\"https:\/\/facebook.com\/sunoresearch\",\"https:\/\/x.com\/sunoresearch\",\"https:\/\/www.instagram.com\/suno\",\"https:\/\/www.linkedin.com\/company\/suno-research\/\",\"https:\/\/www.youtube.com\/c\/sunoresearch\"]},{\"@type\":\"Person\",\"@id\":\"https:\/\/www.suno.com.br\/noticias\/#\/schema\/person\/c1b1bd3727fa852bd045e9dbff3673ea\",\"name\":\"Reda\u00e7\u00e3o Suno Not\u00edcias\",\"image\":{\"@type\":\"ImageObject\",\"inLanguage\":\"pt-BR\",\"@id\":\"https:\/\/www.suno.com.br\/noticias\/#\/schema\/person\/image\/\",\"url\":\"https:\/\/secure.gravatar.com\/avatar\/b8104b9b5a71985d5238ee59fbe418af?s=96&r=g\",\"contentUrl\":\"https:\/\/secure.gravatar.com\/avatar\/b8104b9b5a71985d5238ee59fbe418af?s=96&r=g\",\"caption\":\"Reda\u00e7\u00e3o Suno Not\u00edcias\"},\"description\":\"O Suno Not\u00edcias \u00e9 um portal de informa\u00e7\u00f5es sobre Mercado Financeiro, Pol\u00edtica, Neg\u00f3cios, Economia e Finan\u00e7as Pessoais.\",\"sameAs\":[\"https:\/\/www.suno.com.br\/noticias\",\"https:\/\/www.facebook.com\/sunonoticias\/\",\"https:\/\/www.instagram.com\/sunonoticias\/\",\"https:\/\/x.com\/https:\/\/twitter.com\/sunoresearch\",\"https:\/\/www.youtube.com\/sunonoticias\"],\"url\":\"https:\/\/www.suno.com.br\/noticias\/author\/redacao-suno\/\"}]}<\/script>\n<!-- \/ Yoast SEO plugin. -->","yoast_head_json":{"title":"Cade aprova joint venture de aluguel de carros da Cosan (CSAN3)","robots":{"index":"index","follow":"follow","max-snippet":"max-snippet:-1","max-image-preview":"max-image-preview:large","max-video-preview":"max-video-preview:-1"},"canonical":"https:\/\/www.suno.com.br\/noticias\/cade-aprova-joint-venture-de-aluguel-de-carros-da-cosan-csan3\/","og_locale":"pt_BR","og_type":"article","og_title":"Cade aprova joint venture de aluguel de carros da Cosan (CSAN3)","og_description":"A Superintend\u00eancia Geral do Conselho Administrativo de Defesa Econ\u00f4mica (Cade) aprovou sem restri\u00e7\u00f5es o ato de concentra\u00e7\u00e3o envolvendo a Porto Servi\u00e7os e Com\u00e9rcio S.A e Cosan (CSAN3). O despacho pela aprova\u00e7\u00e3o est\u00e1 publicado no Di\u00e1rio Oficial da Uni\u00e3o desta quarta-feira, 22. Cosan (CSAN3). Foto: Divulga\u00e7\u00e3o A opera\u00e7\u00e3o consiste na forma\u00e7\u00e3o de uma joint venture &#8211; [&hellip;]","og_url":"https:\/\/www.suno.com.br\/noticias\/cade-aprova-joint-venture-de-aluguel-de-carros-da-cosan-csan3\/","og_site_name":"Suno Not\u00edcias","article_publisher":"https:\/\/facebook.com\/sunoresearch","article_author":"https:\/\/www.facebook.com\/sunonoticias\/","og_image":[{"width":1200,"height":800,"url":"https:\/\/files.sunoresearch.com.br\/n\/uploads\/2021\/03\/c9bb0535-cosan.jpg","type":"image\/jpeg"}],"author":"Reda\u00e7\u00e3o Suno Not\u00edcias","twitter_card":"summary_large_image","twitter_creator":"@https:\/\/twitter.com\/sunoresearch","twitter_site":"@sunoresearch","twitter_misc":{"Escrito por":"Reda\u00e7\u00e3o Suno Not\u00edcias","Est. tempo de leitura":"2 minutos"},"schema":{"@context":"https:\/\/schema.org","@graph":[{"@type":"NewsArticle","@id":"https:\/\/www.suno.com.br\/noticias\/cade-aprova-joint-venture-de-aluguel-de-carros-da-cosan-csan3\/#article","isPartOf":{"@id":"https:\/\/www.suno.com.br\/noticias\/cade-aprova-joint-venture-de-aluguel-de-carros-da-cosan-csan3\/"},"author":{"name":"Reda\u00e7\u00e3o Suno Not\u00edcias","@id":"https:\/\/www.suno.com.br\/noticias\/#\/schema\/person\/c1b1bd3727fa852bd045e9dbff3673ea"},"headline":"Cade aprova joint venture de aluguel de carros da Cosan (CSAN3)","datePublished":"2021-12-22T15:48:06+00:00","dateModified":"2021-12-22T18:53:23+00:00","mainEntityOfPage":{"@id":"https:\/\/www.suno.com.br\/noticias\/cade-aprova-joint-venture-de-aluguel-de-carros-da-cosan-csan3\/"},"wordCount":287,"publisher":{"@id":"https:\/\/www.suno.com.br\/noticias\/#organization"},"image":{"@id":"https:\/\/www.suno.com.br\/noticias\/cade-aprova-joint-venture-de-aluguel-de-carros-da-cosan-csan3\/#primaryimage"},"thumbnailUrl":"https:\/\/files.sunoresearch.com.br\/n\/uploads\/2021\/03\/c9bb0535-cosan-jpg.webp","keywords":["Cosan (CSAN3)"],"articleSection":["Neg\u00f3cios"],"inLanguage":"pt-BR"},{"@type":"WebPage","@id":"https:\/\/www.suno.com.br\/noticias\/cade-aprova-joint-venture-de-aluguel-de-carros-da-cosan-csan3\/","url":"https:\/\/www.suno.com.br\/noticias\/cade-aprova-joint-venture-de-aluguel-de-carros-da-cosan-csan3\/","name":"Cade aprova joint venture de aluguel de carros da Cosan (CSAN3)","isPartOf":{"@id":"https:\/\/www.suno.com.br\/noticias\/#website"},"primaryImageOfPage":{"@id":"https:\/\/www.suno.com.br\/noticias\/cade-aprova-joint-venture-de-aluguel-de-carros-da-cosan-csan3\/#primaryimage"},"image":{"@id":"https:\/\/www.suno.com.br\/noticias\/cade-aprova-joint-venture-de-aluguel-de-carros-da-cosan-csan3\/#primaryimage"},"thumbnailUrl":"https:\/\/files.sunoresearch.com.br\/n\/uploads\/2021\/03\/c9bb0535-cosan-jpg.webp","datePublished":"2021-12-22T15:48:06+00:00","dateModified":"2021-12-22T18:53:23+00:00","breadcrumb":{"@id":"https:\/\/www.suno.com.br\/noticias\/cade-aprova-joint-venture-de-aluguel-de-carros-da-cosan-csan3\/#breadcrumb"},"inLanguage":"pt-BR","potentialAction":[{"@type":"ReadAction","target":["https:\/\/www.suno.com.br\/noticias\/cade-aprova-joint-venture-de-aluguel-de-carros-da-cosan-csan3\/"]}]},{"@type":"ImageObject","inLanguage":"pt-BR","@id":"https:\/\/www.suno.com.br\/noticias\/cade-aprova-joint-venture-de-aluguel-de-carros-da-cosan-csan3\/#primaryimage","url":"https:\/\/files.sunoresearch.com.br\/n\/uploads\/2021\/03\/c9bb0535-cosan-jpg.webp","contentUrl":"https:\/\/files.sunoresearch.com.br\/n\/uploads\/2021\/03\/c9bb0535-cosan-jpg.webp","width":1200,"height":800,"caption":"Cosan (CSAN3). Foto: Divulga\u00e7\u00e3o"},{"@type":"BreadcrumbList","@id":"https:\/\/www.suno.com.br\/noticias\/cade-aprova-joint-venture-de-aluguel-de-carros-da-cosan-csan3\/#breadcrumb","itemListElement":[{"@type":"ListItem","position":1,"name":"Not\u00edcias","item":"https:\/\/www.suno.com.br\/noticias\/"},{"@type":"ListItem","position":2,"name":"Neg\u00f3cios","item":"https:\/\/www.suno.com.br\/noticias\/negocios\/"},{"@type":"ListItem","position":3,"name":"Cade aprova joint venture de aluguel de carros da Cosan (CSAN3)"}]},{"@type":"WebSite","@id":"https:\/\/www.suno.com.br\/noticias\/#website","url":"https:\/\/www.suno.com.br\/noticias\/","name":"Suno Not\u00edcias","description":"Seu portal de informa\u00e7\u00e3o sobre o mundo dos investimentos","publisher":{"@id":"https:\/\/www.suno.com.br\/noticias\/#organization"},"potentialAction":[{"@type":"SearchAction","target":{"@type":"EntryPoint","urlTemplate":"https:\/\/www.suno.com.br\/noticias\/?s={search_term_string}"},"query-input":{"@type":"PropertyValueSpecification","valueRequired":true,"valueName":"search_term_string"}}],"inLanguage":"pt-BR"},{"@type":"Organization","@id":"https:\/\/www.suno.com.br\/noticias\/#organization","name":"Suno Not\u00edcias","url":"https:\/\/www.suno.com.br\/noticias\/","logo":{"@type":"ImageObject","inLanguage":"pt-BR","@id":"https:\/\/www.suno.com.br\/noticias\/#\/schema\/logo\/image\/","url":"https:\/\/files.sunoresearch.com.br\/n\/uploads\/2021\/09\/suno-logo.png","contentUrl":"https:\/\/files.sunoresearch.com.br\/n\/uploads\/2021\/09\/suno-logo.png","width":180,"height":180,"caption":"Suno Not\u00edcias"},"image":{"@id":"https:\/\/www.suno.com.br\/noticias\/#\/schema\/logo\/image\/"},"sameAs":["https:\/\/facebook.com\/sunoresearch","https:\/\/x.com\/sunoresearch","https:\/\/www.instagram.com\/suno","https:\/\/www.linkedin.com\/company\/suno-research\/","https:\/\/www.youtube.com\/c\/sunoresearch"]},{"@type":"Person","@id":"https:\/\/www.suno.com.br\/noticias\/#\/schema\/person\/c1b1bd3727fa852bd045e9dbff3673ea","name":"Reda\u00e7\u00e3o Suno Not\u00edcias","image":{"@type":"ImageObject","inLanguage":"pt-BR","@id":"https:\/\/www.suno.com.br\/noticias\/#\/schema\/person\/image\/","url":"https:\/\/secure.gravatar.com\/avatar\/b8104b9b5a71985d5238ee59fbe418af?s=96&r=g","contentUrl":"https:\/\/secure.gravatar.com\/avatar\/b8104b9b5a71985d5238ee59fbe418af?s=96&r=g","caption":"Reda\u00e7\u00e3o Suno Not\u00edcias"},"description":"O Suno Not\u00edcias \u00e9 um portal de informa\u00e7\u00f5es sobre Mercado Financeiro, Pol\u00edtica, Neg\u00f3cios, Economia e Finan\u00e7as Pessoais.","sameAs":["https:\/\/www.suno.com.br\/noticias","https:\/\/www.facebook.com\/sunonoticias\/","https:\/\/www.instagram.com\/sunonoticias\/","https:\/\/x.com\/https:\/\/twitter.com\/sunoresearch","https:\/\/www.youtube.com\/sunonoticias"],"url":"https:\/\/www.suno.com.br\/noticias\/author\/redacao-suno\/"}]}},"default_loop_html":"<div class=\"cardsPage__listCard__boxs\"><div class=\"cardsPage__listCard__boxs__img\"><a href=\"https:\/\/www.suno.com.br\/noticias\/cade-aprova-joint-venture-de-aluguel-de-carros-da-cosan-csan3\/\"><img class=\"mask\" src=\"https:\/\/www.suno.com.br\/noticias\/wp-content\/themes\/suno\/resources\/images\/spotlight\/spotlight1img\/bg-mask.png\" alt=\"Image Mask\"\/><img src=\"https:\/\/files.sunoresearch.com.br\/n\/uploads\/2021\/03\/c9bb0535-cosan-400x200.webp\" alt=\"Cade aprova joint venture de aluguel de carros da Cosan (CSAN3)\"\/><\/a><span class=\"spotlightCategory\"><a href=\"https:\/\/www.suno.com.br\/noticias\/negocios\/\">Neg\u00f3cios<\/a><\/span><\/div><div class=\"cardsPage__listCard__boxs__content\"><a href=\"https:\/\/www.suno.com.br\/noticias\/cade-aprova-joint-venture-de-aluguel-de-carros-da-cosan-csan3\/\"><h2 class=\"content__title\">Cade aprova joint venture de aluguel de carros da Cosan (CSAN3)<\/h2><\/a><div class=\"newsContent__article__meta\"><div class=\"newsContent__article__meta__authorBox\"><a href=\"https:\/\/www.suno.com.br\/noticias\/author\/redacao-suno\/\" class=\"authorBox__avatar noMobi\"><img src=\"https:\/\/files.sunoresearch.com.br\/n\/uploads\/2020\/08\/0ace682d-redacao-1-150x150.webp\" alt=\"Reda\u00e7\u00e3o Suno Not\u00edcias\"><\/a><div class=\"authorBox__name\"><span>por\n\t\t\t<a href=\"https:\/\/www.suno.com.br\/noticias\/author\/redacao-suno\/\"><span itemprop=\"author\">Reda\u00e7\u00e3o Suno Not\u00edcias<\/span><\/a><\/span><time datetime=\"2021-12-22T12:48:06-03:00\" itemprop=\"datePublished\">22\/12\/2021 12:48<\/time><\/div><\/div><\/div><\/div><\/div>","single_layout":"posts","amp_enabled":true,"_links":{"self":[{"href":"https:\/\/www.suno.com.br\/noticias\/wp-json\/wp\/v2\/posts\/217337"}],"collection":[{"href":"https:\/\/www.suno.com.br\/noticias\/wp-json\/wp\/v2\/posts"}],"about":[{"href":"https:\/\/www.suno.com.br\/noticias\/wp-json\/wp\/v2\/types\/post"}],"author":[{"embeddable":true,"href":"https:\/\/www.suno.com.br\/noticias\/wp-json\/wp\/v2\/users\/43"}],"replies":[{"embeddable":true,"href":"https:\/\/www.suno.com.br\/noticias\/wp-json\/wp\/v2\/comments?post=217337"}],"version-history":[{"count":3,"href":"https:\/\/www.suno.com.br\/noticias\/wp-json\/wp\/v2\/posts\/217337\/revisions"}],"predecessor-version":[{"id":217392,"href":"https:\/\/www.suno.com.br\/noticias\/wp-json\/wp\/v2\/posts\/217337\/revisions\/217392"}],"wp:featuredmedia":[{"embeddable":true,"href":"https:\/\/www.suno.com.br\/noticias\/wp-json\/wp\/v2\/media\/130225"}],"wp:attachment":[{"href":"https:\/\/www.suno.com.br\/noticias\/wp-json\/wp\/v2\/media?parent=217337"}],"wp:term":[{"taxonomy":"category","embeddable":true,"href":"https:\/\/www.suno.com.br\/noticias\/wp-json\/wp\/v2\/categories?post=217337"},{"taxonomy":"post_tag","embeddable":true,"href":"https:\/\/www.suno.com.br\/noticias\/wp-json\/wp\/v2\/tags?post=217337"},{"taxonomy":"suno_strategy","embeddable":true,"href":"https:\/\/www.suno.com.br\/noticias\/wp-json\/wp\/v2\/suno_strategy?post=217337"}],"curies":[{"name":"wp","href":"https:\/\/api.w.org\/{rel}","templated":true}]}}