{"id":217328,"date":"2021-12-22T13:14:43","date_gmt":"2021-12-22T16:14:43","guid":{"rendered":"https:\/\/www.suno.com.br\/noticias\/?p=217328"},"modified":"2021-12-22T15:53:16","modified_gmt":"2021-12-22T18:53:16","slug":"aes-brasil-aesb3-unipar-unip6-eolica","status":"publish","type":"post","link":"https:\/\/www.suno.com.br\/noticias\/aes-brasil-aesb3-unipar-unip6-eolica\/","title":{"rendered":"AES Brasil (AESB3) e Unipar (UNIP6) fecham acordo produ\u00e7\u00e3o de 91 MW em gera\u00e7\u00e3o e\u00f3lica"},"content":{"rendered":"<p>A <strong><a class=\"suno-keyword\" href=\"https:\/\/www.suno.com.br\/acoes\/aesb3\/\" target=\"_blank\" rel=\"noopener\" data-force=\"yes\" data-priority=\"1\">AES Brasil (AESB3)<\/a><\/strong> fechou um acordo com a <strong><a class=\"suno-keyword\" href=\"https:\/\/www.suno.com.br\/acoes\/UNIP6\/\" target=\"_blank\" rel=\"noopener\" data-force=\"yes\" data-priority=\"2\">Unipar (UNIP6)<\/a> <\/strong>para autoprodu\u00e7\u00e3o de energia de 91 megawatts (MW) no Complexo E\u00f3lico Caju\u00edna. O empreendimento, que ser\u00e1 implantado no Rio Grande do Norte, ter\u00e1 investimento de aproximadamente R$ 510 milh\u00f5es.<\/p>\t<div class=\"wrapper-featured-image\">\n\t\t<figure class=\"spotlightImg\">\n\n\t\t\t<picture>\n\t\t\t\t<source media=\"(max-width: 768px)\" srcset=\"https:\/\/files.sunoresearch.com.br\/n\/uploads\/2021\/10\/windmills-g9f774326b_1920-400x200.jpg\">\n\t\t\t\t<img loading=\"lazy\" decoding=\"async\" class=\"newsContent__article__imgCapa lazyloadDisabled \" src=\"https:\/\/files.sunoresearch.com.br\/n\/uploads\/2021\/10\/windmills-g9f774326b_1920-800x450.jpg\" width=\"800\" height=\"450\" alt=\"AES Brasil (AESB3) e Unipar (UNIP6) fecham acordo produ\u00e7\u00e3o de 91 MW em gera\u00e7\u00e3o e\u00f3lica\" fetchpriority=high \/>\n\t\t\t<\/picture>\n\n\t\t\t<figcaption class=\"wp-caption-text wp-caption-text--show\">Energia e\u00f3lica. Foto: Pixabay<\/figcaption>\n\t\t<\/figure>\n\t<\/div>\n\n\n\t<p>\n\t\t<a href=\"https:\/\/lp.suno.com.br\/planilha-controle-gastos\/\" target=\"_blank\" data-element=\"shortcode-suno-banner\" title=\"Banner SUNO, clique e saiba mais\">\n\t\t\t<picture>\n\t\t\t\t<source media=\"(max-width: 500px)\" srcset=\"https:\/\/files.sunoresearch.com.br\/n\/uploads\/2023\/03\/400x300-Planilha-controle-de-gastos.png\">\n\t\t\t\t<img class=\"newsContent__article__imgCapa newsContent__article__imgCapa--banner\"\n\t\t\t\t\tsrc=\"https:\/\/files.sunoresearch.com.br\/n\/uploads\/2023\/03\/1420x240-Planilha-controle-de-gastos.png\"\n\t\t\t\t\tdata-promo-id=\"101751\"\t\t\t\t\t\t\t\t\t\twidth='1420' height='240'\t\t\t\t\talt=\"https:\/\/files.sunoresearch.com.br\/n\/uploads\/2023\/03\/1420x240-Planilha-controle-de-gastos.png\"\n\t\t\t\t>\n\t\t\t<\/picture>\n\t\t<\/a>\n\t<\/p>\n\n\n<p>Da energia produzida, 40 MW m\u00e9dios ser\u00e3o comercializados por meio de um contrato com prazo de 20 anos a ser firmado com a Unipar, com in\u00edcio de vig\u00eancia em 2024.<\/p>\n<p>Esse \u00e9 o segundo contrato firmado entre as duas empresas, que j\u00e1 possuem uma joint venture com capacidade de 155 MW em gera\u00e7\u00e3o de energia no Complexo E\u00f3lico Tucano, que est\u00e1 sendo constru\u00eddo na Bahia.<\/p>\n<p><b>Ativo<\/b><\/p>\n<p>O Complexo E\u00f3lico Caju\u00edna soma, ao todo, 473 MW de capacidade em suprimento de energia, totalmente contratado ao longo de 2021.<\/p>\n<p>O local possui <a class=\"suno-keyword\" href=\"https:\/\/www.suno.com.br\/artigos\/capacidade-instalada\/\" target=\"_blank\" rel=\"noopener\" data-force=\"no\" data-priority=\"1\">capacidade instalada<\/a> total de 1.248 MW, sendo 775 MW em desenvolvimento.<\/p>\n<p><em>Com Estad\u00e3o Conte\u00fado<\/em><\/p>\n\t<p>\n\t\t<a href=\"\" target=\"_blank\" data-element=\"shortcode-suno-banner\" title=\"Banner SUNO, clique e saiba mais\">\n\t\t\t<picture>\n\t\t\t\t<source media=\"(max-width: 500px)\" srcset=\"\">\n\t\t\t\t<img class=\"newsContent__article__imgCapa newsContent__article__imgCapa--banner\"\n\t\t\t\t\tsrc=\"\"\n\t\t\t\t\tdata-promo-id=\"184190\"\t\t\t\t\t\t\t\t\t\t\t\t\t\t\talt=\"\"\n\t\t\t\t>\n\t\t\t<\/picture>\n\t\t<\/a>\n\t<\/p>\n\n\n","protected":false},"excerpt":{"rendered":"<p>A AES Brasil (AESB3) fechou um acordo com a Unipar (UNIP6) para autoprodu\u00e7\u00e3o de energia de 91 megawatts (MW) no Complexo E\u00f3lico Caju\u00edna. O empreendimento, que ser\u00e1 implantado no Rio Grande do Norte, ter\u00e1 investimento de aproximadamente R$ 510 milh\u00f5es. Energia e\u00f3lica. Foto: Pixabay Da energia produzida, 40 MW m\u00e9dios ser\u00e3o comercializados por meio de [&hellip;]<\/p>\n","protected":false},"author":43,"featured_media":194400,"comment_status":"closed","ping_status":"closed","sticky":false,"template":"","format":"standard","meta":[],"categories":[64],"tags":[106075,1135,673],"suno_strategy":[],"class_list":["post-217328","post","type-post","status-publish","format-standard","has-post-thumbnail","hentry","category-negocios","tag-aes-brasil-aesb3","tag-energia-eolica","tag-unipar-unip3-unip5-unip6"],"yoast_head":"<!-- This site is optimized with the Yoast SEO plugin v24.4 - https:\/\/yoast.com\/wordpress\/plugins\/seo\/ -->\n<title>AES Brasil (AESB3) e Unipar (UNIP6) fecham acordo produ\u00e7\u00e3o de 91 MW em gera\u00e7\u00e3o e\u00f3lica<\/title>\n<meta name=\"description\" content=\"Da energia produzida, 40 MW m\u00e9dios ser\u00e3o comercializados por meio de um contrato com prazo de 20 anos a ser firmado com a Unipar, com in\u00edcio de vig\u00eancia em 2024.\" \/>\n<meta name=\"robots\" content=\"index, follow, max-snippet:-1, max-image-preview:large, max-video-preview:-1\" \/>\n<link rel=\"canonical\" href=\"https:\/\/www.suno.com.br\/noticias\/aes-brasil-aesb3-unipar-unip6-eolica\/\" \/>\n<meta property=\"og:locale\" content=\"pt_BR\" \/>\n<meta property=\"og:type\" content=\"article\" \/>\n<meta property=\"og:title\" content=\"AES Brasil (AESB3) e Unipar (UNIP6) fecham acordo produ\u00e7\u00e3o de 91 MW em gera\u00e7\u00e3o e\u00f3lica\" \/>\n<meta property=\"og:description\" content=\"Da energia produzida, 40 MW m\u00e9dios ser\u00e3o comercializados por meio de um contrato com prazo de 20 anos a ser firmado com a Unipar, com in\u00edcio de vig\u00eancia em 2024.\" \/>\n<meta property=\"og:url\" content=\"https:\/\/www.suno.com.br\/noticias\/aes-brasil-aesb3-unipar-unip6-eolica\/\" \/>\n<meta property=\"og:site_name\" content=\"Suno Not\u00edcias\" \/>\n<meta property=\"article:publisher\" content=\"https:\/\/facebook.com\/sunoresearch\" \/>\n<meta property=\"article:author\" content=\"https:\/\/www.facebook.com\/sunonoticias\/\" \/>\n<meta property=\"og:image\" content=\"https:\/\/files.sunoresearch.com.br\/n\/uploads\/2021\/10\/windmills-g9f774326b_1920.jpg\" \/>\n\t<meta property=\"og:image:width\" content=\"1920\" \/>\n\t<meta property=\"og:image:height\" content=\"1279\" \/>\n\t<meta property=\"og:image:type\" content=\"image\/jpeg\" \/>\n<meta name=\"author\" content=\"Reda\u00e7\u00e3o Suno Not\u00edcias\" \/>\n<meta name=\"twitter:card\" content=\"summary_large_image\" \/>\n<meta name=\"twitter:creator\" content=\"@https:\/\/twitter.com\/sunoresearch\" \/>\n<meta name=\"twitter:site\" content=\"@sunoresearch\" \/>\n<meta name=\"twitter:label1\" content=\"Escrito por\" \/>\n\t<meta name=\"twitter:data1\" content=\"Reda\u00e7\u00e3o Suno Not\u00edcias\" \/>\n\t<meta name=\"twitter:label2\" content=\"Est. tempo de leitura\" \/>\n\t<meta name=\"twitter:data2\" content=\"1 minuto\" \/>\n<script type=\"application\/ld+json\" class=\"yoast-schema-graph\">{\"@context\":\"https:\/\/schema.org\",\"@graph\":[{\"@type\":\"NewsArticle\",\"@id\":\"https:\/\/www.suno.com.br\/noticias\/aes-brasil-aesb3-unipar-unip6-eolica\/#article\",\"isPartOf\":{\"@id\":\"https:\/\/www.suno.com.br\/noticias\/aes-brasil-aesb3-unipar-unip6-eolica\/\"},\"author\":{\"name\":\"Reda\u00e7\u00e3o Suno Not\u00edcias\",\"@id\":\"https:\/\/www.suno.com.br\/noticias\/#\/schema\/person\/c1b1bd3727fa852bd045e9dbff3673ea\"},\"headline\":\"AES Brasil (AESB3) e Unipar (UNIP6) fecham acordo produ\u00e7\u00e3o de 91 MW em gera\u00e7\u00e3o e\u00f3lica\",\"datePublished\":\"2021-12-22T16:14:43+00:00\",\"dateModified\":\"2021-12-22T18:53:16+00:00\",\"mainEntityOfPage\":{\"@id\":\"https:\/\/www.suno.com.br\/noticias\/aes-brasil-aesb3-unipar-unip6-eolica\/\"},\"wordCount\":171,\"publisher\":{\"@id\":\"https:\/\/www.suno.com.br\/noticias\/#organization\"},\"image\":{\"@id\":\"https:\/\/www.suno.com.br\/noticias\/aes-brasil-aesb3-unipar-unip6-eolica\/#primaryimage\"},\"thumbnailUrl\":\"https:\/\/files.sunoresearch.com.br\/n\/uploads\/2021\/10\/windmills-g9f774326b_1920.jpg\",\"keywords\":[\"AES Brasil (AESB3)\",\"energia e\u00f3lica\",\"Unipar (UNIP3\/UNIP5\/UNIP6)\"],\"articleSection\":[\"Neg\u00f3cios\"],\"inLanguage\":\"pt-BR\"},{\"@type\":\"WebPage\",\"@id\":\"https:\/\/www.suno.com.br\/noticias\/aes-brasil-aesb3-unipar-unip6-eolica\/\",\"url\":\"https:\/\/www.suno.com.br\/noticias\/aes-brasil-aesb3-unipar-unip6-eolica\/\",\"name\":\"AES Brasil (AESB3) e Unipar (UNIP6) fecham acordo produ\u00e7\u00e3o de 91 MW em gera\u00e7\u00e3o e\u00f3lica\",\"isPartOf\":{\"@id\":\"https:\/\/www.suno.com.br\/noticias\/#website\"},\"primaryImageOfPage\":{\"@id\":\"https:\/\/www.suno.com.br\/noticias\/aes-brasil-aesb3-unipar-unip6-eolica\/#primaryimage\"},\"image\":{\"@id\":\"https:\/\/www.suno.com.br\/noticias\/aes-brasil-aesb3-unipar-unip6-eolica\/#primaryimage\"},\"thumbnailUrl\":\"https:\/\/files.sunoresearch.com.br\/n\/uploads\/2021\/10\/windmills-g9f774326b_1920.jpg\",\"datePublished\":\"2021-12-22T16:14:43+00:00\",\"dateModified\":\"2021-12-22T18:53:16+00:00\",\"description\":\"Da energia produzida, 40 MW m\u00e9dios ser\u00e3o comercializados por meio de um contrato com prazo de 20 anos a ser firmado com a Unipar, com in\u00edcio de vig\u00eancia em 2024.\",\"breadcrumb\":{\"@id\":\"https:\/\/www.suno.com.br\/noticias\/aes-brasil-aesb3-unipar-unip6-eolica\/#breadcrumb\"},\"inLanguage\":\"pt-BR\",\"potentialAction\":[{\"@type\":\"ReadAction\",\"target\":[\"https:\/\/www.suno.com.br\/noticias\/aes-brasil-aesb3-unipar-unip6-eolica\/\"]}]},{\"@type\":\"ImageObject\",\"inLanguage\":\"pt-BR\",\"@id\":\"https:\/\/www.suno.com.br\/noticias\/aes-brasil-aesb3-unipar-unip6-eolica\/#primaryimage\",\"url\":\"https:\/\/files.sunoresearch.com.br\/n\/uploads\/2021\/10\/windmills-g9f774326b_1920.jpg\",\"contentUrl\":\"https:\/\/files.sunoresearch.com.br\/n\/uploads\/2021\/10\/windmills-g9f774326b_1920.jpg\",\"width\":1920,\"height\":1279,\"caption\":\"Energia e\u00f3lica. Foto: Pixabay\"},{\"@type\":\"BreadcrumbList\",\"@id\":\"https:\/\/www.suno.com.br\/noticias\/aes-brasil-aesb3-unipar-unip6-eolica\/#breadcrumb\",\"itemListElement\":[{\"@type\":\"ListItem\",\"position\":1,\"name\":\"Not\u00edcias\",\"item\":\"https:\/\/www.suno.com.br\/noticias\/\"},{\"@type\":\"ListItem\",\"position\":2,\"name\":\"Neg\u00f3cios\",\"item\":\"https:\/\/www.suno.com.br\/noticias\/negocios\/\"},{\"@type\":\"ListItem\",\"position\":3,\"name\":\"AES Brasil (AESB3) e Unipar (UNIP6) fecham acordo produ\u00e7\u00e3o de 91 MW em gera\u00e7\u00e3o e\u00f3lica\"}]},{\"@type\":\"WebSite\",\"@id\":\"https:\/\/www.suno.com.br\/noticias\/#website\",\"url\":\"https:\/\/www.suno.com.br\/noticias\/\",\"name\":\"Suno Not\u00edcias\",\"description\":\"Seu portal de informa\u00e7\u00e3o sobre o mundo dos investimentos\",\"publisher\":{\"@id\":\"https:\/\/www.suno.com.br\/noticias\/#organization\"},\"potentialAction\":[{\"@type\":\"SearchAction\",\"target\":{\"@type\":\"EntryPoint\",\"urlTemplate\":\"https:\/\/www.suno.com.br\/noticias\/?s={search_term_string}\"},\"query-input\":{\"@type\":\"PropertyValueSpecification\",\"valueRequired\":true,\"valueName\":\"search_term_string\"}}],\"inLanguage\":\"pt-BR\"},{\"@type\":\"Organization\",\"@id\":\"https:\/\/www.suno.com.br\/noticias\/#organization\",\"name\":\"Suno Not\u00edcias\",\"url\":\"https:\/\/www.suno.com.br\/noticias\/\",\"logo\":{\"@type\":\"ImageObject\",\"inLanguage\":\"pt-BR\",\"@id\":\"https:\/\/www.suno.com.br\/noticias\/#\/schema\/logo\/image\/\",\"url\":\"https:\/\/files.sunoresearch.com.br\/n\/uploads\/2021\/09\/suno-logo.png\",\"contentUrl\":\"https:\/\/files.sunoresearch.com.br\/n\/uploads\/2021\/09\/suno-logo.png\",\"width\":180,\"height\":180,\"caption\":\"Suno Not\u00edcias\"},\"image\":{\"@id\":\"https:\/\/www.suno.com.br\/noticias\/#\/schema\/logo\/image\/\"},\"sameAs\":[\"https:\/\/facebook.com\/sunoresearch\",\"https:\/\/x.com\/sunoresearch\",\"https:\/\/www.instagram.com\/suno\",\"https:\/\/www.linkedin.com\/company\/suno-research\/\",\"https:\/\/www.youtube.com\/c\/sunoresearch\"]},{\"@type\":\"Person\",\"@id\":\"https:\/\/www.suno.com.br\/noticias\/#\/schema\/person\/c1b1bd3727fa852bd045e9dbff3673ea\",\"name\":\"Reda\u00e7\u00e3o Suno Not\u00edcias\",\"image\":{\"@type\":\"ImageObject\",\"inLanguage\":\"pt-BR\",\"@id\":\"https:\/\/www.suno.com.br\/noticias\/#\/schema\/person\/image\/\",\"url\":\"https:\/\/secure.gravatar.com\/avatar\/b8104b9b5a71985d5238ee59fbe418af?s=96&r=g\",\"contentUrl\":\"https:\/\/secure.gravatar.com\/avatar\/b8104b9b5a71985d5238ee59fbe418af?s=96&r=g\",\"caption\":\"Reda\u00e7\u00e3o Suno Not\u00edcias\"},\"description\":\"O Suno Not\u00edcias \u00e9 um portal de informa\u00e7\u00f5es sobre Mercado Financeiro, Pol\u00edtica, Neg\u00f3cios, Economia e Finan\u00e7as Pessoais.\",\"sameAs\":[\"https:\/\/www.suno.com.br\/noticias\",\"https:\/\/www.facebook.com\/sunonoticias\/\",\"https:\/\/www.instagram.com\/sunonoticias\/\",\"https:\/\/x.com\/https:\/\/twitter.com\/sunoresearch\",\"https:\/\/www.youtube.com\/sunonoticias\"],\"url\":\"https:\/\/www.suno.com.br\/noticias\/author\/redacao-suno\/\"}]}<\/script>\n<!-- \/ Yoast SEO plugin. -->","yoast_head_json":{"title":"AES Brasil (AESB3) e Unipar (UNIP6) fecham acordo produ\u00e7\u00e3o de 91 MW em gera\u00e7\u00e3o e\u00f3lica","description":"Da energia produzida, 40 MW m\u00e9dios ser\u00e3o comercializados por meio de um contrato com prazo de 20 anos a ser firmado com a Unipar, com in\u00edcio de vig\u00eancia em 2024.","robots":{"index":"index","follow":"follow","max-snippet":"max-snippet:-1","max-image-preview":"max-image-preview:large","max-video-preview":"max-video-preview:-1"},"canonical":"https:\/\/www.suno.com.br\/noticias\/aes-brasil-aesb3-unipar-unip6-eolica\/","og_locale":"pt_BR","og_type":"article","og_title":"AES Brasil (AESB3) e Unipar (UNIP6) fecham acordo produ\u00e7\u00e3o de 91 MW em gera\u00e7\u00e3o e\u00f3lica","og_description":"Da energia produzida, 40 MW m\u00e9dios ser\u00e3o comercializados por meio de um contrato com prazo de 20 anos a ser firmado com a Unipar, com in\u00edcio de vig\u00eancia em 2024.","og_url":"https:\/\/www.suno.com.br\/noticias\/aes-brasil-aesb3-unipar-unip6-eolica\/","og_site_name":"Suno Not\u00edcias","article_publisher":"https:\/\/facebook.com\/sunoresearch","article_author":"https:\/\/www.facebook.com\/sunonoticias\/","og_image":[{"width":1920,"height":1279,"url":"https:\/\/files.sunoresearch.com.br\/n\/uploads\/2021\/10\/windmills-g9f774326b_1920.jpg","type":"image\/jpeg"}],"author":"Reda\u00e7\u00e3o Suno Not\u00edcias","twitter_card":"summary_large_image","twitter_creator":"@https:\/\/twitter.com\/sunoresearch","twitter_site":"@sunoresearch","twitter_misc":{"Escrito por":"Reda\u00e7\u00e3o Suno Not\u00edcias","Est. tempo de leitura":"1 minuto"},"schema":{"@context":"https:\/\/schema.org","@graph":[{"@type":"NewsArticle","@id":"https:\/\/www.suno.com.br\/noticias\/aes-brasil-aesb3-unipar-unip6-eolica\/#article","isPartOf":{"@id":"https:\/\/www.suno.com.br\/noticias\/aes-brasil-aesb3-unipar-unip6-eolica\/"},"author":{"name":"Reda\u00e7\u00e3o Suno Not\u00edcias","@id":"https:\/\/www.suno.com.br\/noticias\/#\/schema\/person\/c1b1bd3727fa852bd045e9dbff3673ea"},"headline":"AES Brasil (AESB3) e Unipar (UNIP6) fecham acordo produ\u00e7\u00e3o de 91 MW em gera\u00e7\u00e3o e\u00f3lica","datePublished":"2021-12-22T16:14:43+00:00","dateModified":"2021-12-22T18:53:16+00:00","mainEntityOfPage":{"@id":"https:\/\/www.suno.com.br\/noticias\/aes-brasil-aesb3-unipar-unip6-eolica\/"},"wordCount":171,"publisher":{"@id":"https:\/\/www.suno.com.br\/noticias\/#organization"},"image":{"@id":"https:\/\/www.suno.com.br\/noticias\/aes-brasil-aesb3-unipar-unip6-eolica\/#primaryimage"},"thumbnailUrl":"https:\/\/files.sunoresearch.com.br\/n\/uploads\/2021\/10\/windmills-g9f774326b_1920.jpg","keywords":["AES Brasil (AESB3)","energia e\u00f3lica","Unipar (UNIP3\/UNIP5\/UNIP6)"],"articleSection":["Neg\u00f3cios"],"inLanguage":"pt-BR"},{"@type":"WebPage","@id":"https:\/\/www.suno.com.br\/noticias\/aes-brasil-aesb3-unipar-unip6-eolica\/","url":"https:\/\/www.suno.com.br\/noticias\/aes-brasil-aesb3-unipar-unip6-eolica\/","name":"AES Brasil (AESB3) e Unipar (UNIP6) fecham acordo produ\u00e7\u00e3o de 91 MW em gera\u00e7\u00e3o e\u00f3lica","isPartOf":{"@id":"https:\/\/www.suno.com.br\/noticias\/#website"},"primaryImageOfPage":{"@id":"https:\/\/www.suno.com.br\/noticias\/aes-brasil-aesb3-unipar-unip6-eolica\/#primaryimage"},"image":{"@id":"https:\/\/www.suno.com.br\/noticias\/aes-brasil-aesb3-unipar-unip6-eolica\/#primaryimage"},"thumbnailUrl":"https:\/\/files.sunoresearch.com.br\/n\/uploads\/2021\/10\/windmills-g9f774326b_1920.jpg","datePublished":"2021-12-22T16:14:43+00:00","dateModified":"2021-12-22T18:53:16+00:00","description":"Da energia produzida, 40 MW m\u00e9dios ser\u00e3o comercializados por meio de um contrato com prazo de 20 anos a ser firmado com a Unipar, com in\u00edcio de vig\u00eancia em 2024.","breadcrumb":{"@id":"https:\/\/www.suno.com.br\/noticias\/aes-brasil-aesb3-unipar-unip6-eolica\/#breadcrumb"},"inLanguage":"pt-BR","potentialAction":[{"@type":"ReadAction","target":["https:\/\/www.suno.com.br\/noticias\/aes-brasil-aesb3-unipar-unip6-eolica\/"]}]},{"@type":"ImageObject","inLanguage":"pt-BR","@id":"https:\/\/www.suno.com.br\/noticias\/aes-brasil-aesb3-unipar-unip6-eolica\/#primaryimage","url":"https:\/\/files.sunoresearch.com.br\/n\/uploads\/2021\/10\/windmills-g9f774326b_1920.jpg","contentUrl":"https:\/\/files.sunoresearch.com.br\/n\/uploads\/2021\/10\/windmills-g9f774326b_1920.jpg","width":1920,"height":1279,"caption":"Energia e\u00f3lica. Foto: Pixabay"},{"@type":"BreadcrumbList","@id":"https:\/\/www.suno.com.br\/noticias\/aes-brasil-aesb3-unipar-unip6-eolica\/#breadcrumb","itemListElement":[{"@type":"ListItem","position":1,"name":"Not\u00edcias","item":"https:\/\/www.suno.com.br\/noticias\/"},{"@type":"ListItem","position":2,"name":"Neg\u00f3cios","item":"https:\/\/www.suno.com.br\/noticias\/negocios\/"},{"@type":"ListItem","position":3,"name":"AES Brasil (AESB3) e Unipar (UNIP6) fecham acordo produ\u00e7\u00e3o de 91 MW em gera\u00e7\u00e3o e\u00f3lica"}]},{"@type":"WebSite","@id":"https:\/\/www.suno.com.br\/noticias\/#website","url":"https:\/\/www.suno.com.br\/noticias\/","name":"Suno Not\u00edcias","description":"Seu portal de informa\u00e7\u00e3o sobre o mundo dos investimentos","publisher":{"@id":"https:\/\/www.suno.com.br\/noticias\/#organization"},"potentialAction":[{"@type":"SearchAction","target":{"@type":"EntryPoint","urlTemplate":"https:\/\/www.suno.com.br\/noticias\/?s={search_term_string}"},"query-input":{"@type":"PropertyValueSpecification","valueRequired":true,"valueName":"search_term_string"}}],"inLanguage":"pt-BR"},{"@type":"Organization","@id":"https:\/\/www.suno.com.br\/noticias\/#organization","name":"Suno Not\u00edcias","url":"https:\/\/www.suno.com.br\/noticias\/","logo":{"@type":"ImageObject","inLanguage":"pt-BR","@id":"https:\/\/www.suno.com.br\/noticias\/#\/schema\/logo\/image\/","url":"https:\/\/files.sunoresearch.com.br\/n\/uploads\/2021\/09\/suno-logo.png","contentUrl":"https:\/\/files.sunoresearch.com.br\/n\/uploads\/2021\/09\/suno-logo.png","width":180,"height":180,"caption":"Suno Not\u00edcias"},"image":{"@id":"https:\/\/www.suno.com.br\/noticias\/#\/schema\/logo\/image\/"},"sameAs":["https:\/\/facebook.com\/sunoresearch","https:\/\/x.com\/sunoresearch","https:\/\/www.instagram.com\/suno","https:\/\/www.linkedin.com\/company\/suno-research\/","https:\/\/www.youtube.com\/c\/sunoresearch"]},{"@type":"Person","@id":"https:\/\/www.suno.com.br\/noticias\/#\/schema\/person\/c1b1bd3727fa852bd045e9dbff3673ea","name":"Reda\u00e7\u00e3o Suno Not\u00edcias","image":{"@type":"ImageObject","inLanguage":"pt-BR","@id":"https:\/\/www.suno.com.br\/noticias\/#\/schema\/person\/image\/","url":"https:\/\/secure.gravatar.com\/avatar\/b8104b9b5a71985d5238ee59fbe418af?s=96&r=g","contentUrl":"https:\/\/secure.gravatar.com\/avatar\/b8104b9b5a71985d5238ee59fbe418af?s=96&r=g","caption":"Reda\u00e7\u00e3o Suno Not\u00edcias"},"description":"O Suno Not\u00edcias \u00e9 um portal de informa\u00e7\u00f5es sobre Mercado Financeiro, Pol\u00edtica, Neg\u00f3cios, Economia e Finan\u00e7as Pessoais.","sameAs":["https:\/\/www.suno.com.br\/noticias","https:\/\/www.facebook.com\/sunonoticias\/","https:\/\/www.instagram.com\/sunonoticias\/","https:\/\/x.com\/https:\/\/twitter.com\/sunoresearch","https:\/\/www.youtube.com\/sunonoticias"],"url":"https:\/\/www.suno.com.br\/noticias\/author\/redacao-suno\/"}]}},"default_loop_html":"<div class=\"cardsPage__listCard__boxs\"><div class=\"cardsPage__listCard__boxs__img\"><a href=\"https:\/\/www.suno.com.br\/noticias\/aes-brasil-aesb3-unipar-unip6-eolica\/\"><img class=\"mask\" src=\"https:\/\/www.suno.com.br\/noticias\/wp-content\/themes\/suno\/resources\/images\/spotlight\/spotlight1img\/bg-mask.png\" alt=\"Image Mask\"\/><img src=\"https:\/\/files.sunoresearch.com.br\/n\/uploads\/2021\/10\/windmills-g9f774326b_1920-400x200.jpg\" alt=\"AES Brasil (AESB3) e Unipar (UNIP6) fecham acordo produ\u00e7\u00e3o de 91 MW em gera\u00e7\u00e3o e\u00f3lica\"\/><\/a><span class=\"spotlightCategory\"><a href=\"https:\/\/www.suno.com.br\/noticias\/negocios\/\">Neg\u00f3cios<\/a><\/span><\/div><div class=\"cardsPage__listCard__boxs__content\"><a href=\"https:\/\/www.suno.com.br\/noticias\/aes-brasil-aesb3-unipar-unip6-eolica\/\"><h2 class=\"content__title\">AES Brasil (AESB3) e Unipar (UNIP6) fecham acordo produ\u00e7\u00e3o de 91 MW em gera\u00e7\u00e3o e\u00f3lica<\/h2><\/a><div class=\"newsContent__article__meta\"><div class=\"newsContent__article__meta__authorBox\"><a href=\"https:\/\/www.suno.com.br\/noticias\/author\/redacao-suno\/\" class=\"authorBox__avatar noMobi\"><img src=\"https:\/\/files.sunoresearch.com.br\/n\/uploads\/2020\/08\/0ace682d-redacao-1-150x150.webp\" alt=\"Reda\u00e7\u00e3o Suno Not\u00edcias\"><\/a><div class=\"authorBox__name\"><span>por\n\t\t\t<a href=\"https:\/\/www.suno.com.br\/noticias\/author\/redacao-suno\/\"><span itemprop=\"author\">Reda\u00e7\u00e3o Suno Not\u00edcias<\/span><\/a><\/span><time datetime=\"2021-12-22T13:14:43-03:00\" itemprop=\"datePublished\">22\/12\/2021 13:14<\/time><\/div><\/div><\/div><\/div><\/div>","single_layout":"posts","amp_enabled":true,"_links":{"self":[{"href":"https:\/\/www.suno.com.br\/noticias\/wp-json\/wp\/v2\/posts\/217328"}],"collection":[{"href":"https:\/\/www.suno.com.br\/noticias\/wp-json\/wp\/v2\/posts"}],"about":[{"href":"https:\/\/www.suno.com.br\/noticias\/wp-json\/wp\/v2\/types\/post"}],"author":[{"embeddable":true,"href":"https:\/\/www.suno.com.br\/noticias\/wp-json\/wp\/v2\/users\/43"}],"replies":[{"embeddable":true,"href":"https:\/\/www.suno.com.br\/noticias\/wp-json\/wp\/v2\/comments?post=217328"}],"version-history":[{"count":3,"href":"https:\/\/www.suno.com.br\/noticias\/wp-json\/wp\/v2\/posts\/217328\/revisions"}],"predecessor-version":[{"id":217384,"href":"https:\/\/www.suno.com.br\/noticias\/wp-json\/wp\/v2\/posts\/217328\/revisions\/217384"}],"wp:featuredmedia":[{"embeddable":true,"href":"https:\/\/www.suno.com.br\/noticias\/wp-json\/wp\/v2\/media\/194400"}],"wp:attachment":[{"href":"https:\/\/www.suno.com.br\/noticias\/wp-json\/wp\/v2\/media?parent=217328"}],"wp:term":[{"taxonomy":"category","embeddable":true,"href":"https:\/\/www.suno.com.br\/noticias\/wp-json\/wp\/v2\/categories?post=217328"},{"taxonomy":"post_tag","embeddable":true,"href":"https:\/\/www.suno.com.br\/noticias\/wp-json\/wp\/v2\/tags?post=217328"},{"taxonomy":"suno_strategy","embeddable":true,"href":"https:\/\/www.suno.com.br\/noticias\/wp-json\/wp\/v2\/suno_strategy?post=217328"}],"curies":[{"name":"wp","href":"https:\/\/api.w.org\/{rel}","templated":true}]}}