{"id":217113,"date":"2021-12-20T19:18:05","date_gmt":"2021-12-20T22:18:05","guid":{"rendered":"https:\/\/www.suno.com.br\/noticias\/?p=217113"},"modified":"2021-12-20T19:22:10","modified_gmt":"2021-12-20T22:22:10","slug":"bolsas-ny-queda-omicron","status":"publish","type":"post","link":"https:\/\/www.suno.com.br\/noticias\/bolsas-ny-queda-omicron\/","title":{"rendered":"Bolsas de NY fecham em queda, com fuga do risco diante de \u00d4micron"},"content":{"rendered":"<p>As <strong>bolsas de Nova York<\/strong> iniciaram a semana no vermelho, com investidores se mostrando cautelosos antes das festas de fim de ano, diante das incertezas geradas pelo avan\u00e7o da<strong> variante \u00d4micron do coronav\u00edrus<\/strong>. Com o volume de opera\u00e7\u00f5es j\u00e1 sendo reduzido pela proximidade do Natal, o movimento nesta segunda-feira, 20, foi de fuga do risco, levando os principais \u00edndices acion\u00e1rios americanos a quedas superiores a 1%. As dificuldades de negocia\u00e7\u00e3o dentro do Partido Democrata para aprova\u00e7\u00e3o do pacote de cerca de US$ 2 trilh\u00f5es de Biden para investimentos sociais e de combate \u00e0 mudan\u00e7a clim\u00e1tica tamb\u00e9m pressionaram as a\u00e7\u00f5es.<\/p>\t<div class=\"wrapper-featured-image\">\n\t\t<figure class=\"spotlightImg\">\n\n\t\t\t<picture>\n\t\t\t\t<source media=\"(max-width: 768px)\" srcset=\"https:\/\/files.sunoresearch.com.br\/n\/uploads\/2021\/08\/b1e88a85-wall-street-4758079_1920-400x200.jpg\">\n\t\t\t\t<img loading=\"lazy\" decoding=\"async\" class=\"newsContent__article__imgCapa lazyloadDisabled \" src=\"https:\/\/files.sunoresearch.com.br\/n\/uploads\/2021\/08\/b1e88a85-wall-street-4758079_1920-800x450.jpg\" width=\"800\" height=\"450\" alt=\"Bolsas de NY fecham em queda, com fuga do risco diante de \u00d4micron\" fetchpriority=high \/>\n\t\t\t<\/picture>\n\n\t\t\t<figcaption class=\"wp-caption-text wp-caption-text--show\">Wall Street. - Foto: Pixabay<\/figcaption>\n\t\t<\/figure>\n\t<\/div>\n\n\n\t<p>\n\t\t<a href=\"https:\/\/lp.suno.com.br\/planilha-controle-gastos\/\" target=\"_blank\" data-element=\"shortcode-suno-banner\" title=\"Banner SUNO, clique e saiba mais\">\n\t\t\t<picture>\n\t\t\t\t<source media=\"(max-width: 500px)\" srcset=\"https:\/\/files.sunoresearch.com.br\/n\/uploads\/2023\/03\/400x300-Planilha-controle-de-gastos.png\">\n\t\t\t\t<img class=\"newsContent__article__imgCapa newsContent__article__imgCapa--banner\"\n\t\t\t\t\tsrc=\"https:\/\/files.sunoresearch.com.br\/n\/uploads\/2023\/03\/1420x240-Planilha-controle-de-gastos.png\"\n\t\t\t\t\tdata-promo-id=\"101751\"\t\t\t\t\t\t\t\t\t\twidth='1420' height='240'\t\t\t\t\talt=\"https:\/\/files.sunoresearch.com.br\/n\/uploads\/2023\/03\/1420x240-Planilha-controle-de-gastos.png\"\n\t\t\t\t>\n\t\t\t<\/picture>\n\t\t<\/a>\n\t<\/p>\n\n\n<p>O \u00edndice<strong> Dow Jones<\/strong> fechou em baixa de 1,23%, aos 34932,16 pontos, acompanhado pelo S&amp;P 500, que caiu 1,14%, para 4568,02 pontos, e do <strong>Nasdaq<\/strong>, que teve retra\u00e7\u00e3o de 1,24%, aos 14980,94 pontos (preliminar). Quase todos os setores do <strong>S&amp;P 500<\/strong> terminaram o dia no vermelho, com quedas mais acentuadas vistas nos segmentos financeiro e de materiais b\u00e1sicos.<\/p>\n<p>Em relat\u00f3rio enviado a clientes, a Capital Economics faz um paralelo entre a atual situa\u00e7\u00e3o do mercado acion\u00e1rio americano e a vista no mesmo per\u00edodo do ano passado. A consultoria lembra que, nesta \u00e9poca em 2020, as a\u00e7\u00f5es foram impulsionadas pela perspectiva de vacinas altamente eficazes, o que parecia significar que o dano econ\u00f4mico de longo prazo seria limitado. Este ano, &#8220;a perspectiva de uma variante potencialmente resistente \u00e0 vacina parece ter dado a essa vis\u00e3o otimista uma dura verifica\u00e7\u00e3o da realidade&#8221;, diz. Al\u00e9m disso, a pol\u00edtica monet\u00e1ria atual ao redor do mundo \u00e9 bastante diferente de um ano atr\u00e1s, com um vi\u00e9s muito mais hawkish. Outro ponto destacado pela Capital Economics \u00e9 o desempenho das a\u00e7\u00f5es neste \u00faltimo ano. &#8220;N\u00e3o estamos entre aqueles que acham que h\u00e1 uma bolha no mercado. Mas, dadas a extens\u00e3o do rali, n\u00e3o seria surpresa se, em resposta ao crescente temor decorrente do v\u00edrus e dos bancos centrais mais hawkish, alguns investidores preferissem realizar lucros neste fim de ano.&#8221;<\/p>\n\t<p>\n\t\t<a href=\"\" target=\"_blank\" data-element=\"shortcode-suno-banner\" title=\"Banner SUNO, clique e saiba mais\">\n\t\t\t<picture>\n\t\t\t\t<source media=\"(max-width: 500px)\" srcset=\"\">\n\t\t\t\t<img class=\"newsContent__article__imgCapa newsContent__article__imgCapa--banner\"\n\t\t\t\t\tsrc=\"\"\n\t\t\t\t\tdata-promo-id=\"77030\"\t\t\t\t\t\t\t\t\t\t\t\t\t\t\talt=\"\"\n\t\t\t\t>\n\t\t\t<\/picture>\n\t\t<\/a>\n\t<\/p>\n\n\n<p>Contribuiu para a cautela nos mercados os desentendimentos entre os democratas em torno do <strong><i>Build Back Better<\/i><\/strong>. O senador Joe Manchin declarou publicamente oposi\u00e7\u00e3o ao projeto. J\u00e1 o l\u00edder da maioria no Senado dos Estados Unidos, Chuck Schumer disse em carta aberta que a Casa votar\u00e1 uma vers\u00e3o revisada do plano e continuar\u00e1 votando at\u00e9 que a mat\u00e9ria seja aprovada.<\/p>\n<p>&#8220;O que acontecer\u00e1 a seguir para a pol\u00edtica fiscal \u00e9 dif\u00edcil de dizer. Talvez o resultado mais prov\u00e1vel seja que nenhum projeto fiscal importante seja aprovado antes das elei\u00e7\u00f5es de meio de mandato do pr\u00f3ximo ano&#8221;, avalia o Citi. Citando o impasse democrata, o Goldman Sachs reduziu hoje sua proje\u00e7\u00e3o para o PIB dos EUA em 2022.<\/p>\n<p><em>Com Estad\u00e3o Conte\u00fado<\/em><\/p>\n\t<p>\n\t\t<a href=\"\" target=\"_blank\" data-element=\"shortcode-suno-banner\" title=\"Banner SUNO, clique e saiba mais\">\n\t\t\t<picture>\n\t\t\t\t<source media=\"(max-width: 500px)\" srcset=\"\">\n\t\t\t\t<img class=\"newsContent__article__imgCapa newsContent__article__imgCapa--banner\"\n\t\t\t\t\tsrc=\"\"\n\t\t\t\t\tdata-promo-id=\"92668\"\t\t\t\t\t\t\t\t\t\t\t\t\t\t\talt=\"\"\n\t\t\t\t>\n\t\t\t<\/picture>\n\t\t<\/a>\n\t<\/p>\n\n\n","protected":false},"excerpt":{"rendered":"<p>As bolsas de Nova York iniciaram a semana no vermelho, com investidores se mostrando cautelosos antes das festas de fim de ano, diante das incertezas geradas pelo avan\u00e7o da variante \u00d4micron do coronav\u00edrus. Com o volume de opera\u00e7\u00f5es j\u00e1 sendo reduzido pela proximidade do Natal, o movimento nesta segunda-feira, 20, foi de fuga do risco, [&hellip;]<\/p>\n","protected":false},"author":43,"featured_media":178764,"comment_status":"closed","ping_status":"closed","sticky":false,"template":"","format":"standard","meta":[],"categories":[60],"tags":[2006,964,2667],"suno_strategy":[],"class_list":["post-217113","post","type-post","status-publish","format-standard","has-post-thumbnail","hentry","category-mercado","tag-dow-jones","tag-nasdaq","tag-sp-500"],"yoast_head":"<!-- This site is optimized with the Yoast SEO plugin v24.4 - https:\/\/yoast.com\/wordpress\/plugins\/seo\/ -->\n<title>Bolsas de NY fecham em queda, com fuga do risco diante de \u00d4micron<\/title>\n<meta name=\"robots\" content=\"index, follow, max-snippet:-1, max-image-preview:large, max-video-preview:-1\" \/>\n<link rel=\"canonical\" href=\"https:\/\/www.suno.com.br\/noticias\/bolsas-ny-queda-omicron\/\" \/>\n<meta property=\"og:locale\" content=\"pt_BR\" \/>\n<meta property=\"og:type\" content=\"article\" \/>\n<meta property=\"og:title\" content=\"Bolsas de NY fecham em queda, com fuga do risco diante de \u00d4micron\" \/>\n<meta property=\"og:description\" content=\"As bolsas de Nova York iniciaram a semana no vermelho, com investidores se mostrando cautelosos antes das festas de fim de ano, diante das incertezas geradas pelo avan\u00e7o da variante \u00d4micron do coronav\u00edrus. Com o volume de opera\u00e7\u00f5es j\u00e1 sendo reduzido pela proximidade do Natal, o movimento nesta segunda-feira, 20, foi de fuga do risco, [&hellip;]\" \/>\n<meta property=\"og:url\" content=\"https:\/\/www.suno.com.br\/noticias\/bolsas-ny-queda-omicron\/\" \/>\n<meta property=\"og:site_name\" content=\"Suno Not\u00edcias\" \/>\n<meta property=\"article:publisher\" content=\"https:\/\/facebook.com\/sunoresearch\" \/>\n<meta property=\"article:author\" content=\"https:\/\/www.facebook.com\/sunonoticias\/\" \/>\n<meta property=\"og:image\" content=\"https:\/\/files.sunoresearch.com.br\/n\/uploads\/2021\/08\/b1e88a85-wall-street-4758079_1920.jpg\" \/>\n\t<meta property=\"og:image:width\" content=\"1920\" \/>\n\t<meta property=\"og:image:height\" content=\"1219\" \/>\n\t<meta property=\"og:image:type\" content=\"image\/jpeg\" \/>\n<meta name=\"author\" content=\"Reda\u00e7\u00e3o Suno Not\u00edcias\" \/>\n<meta name=\"twitter:card\" content=\"summary_large_image\" \/>\n<meta name=\"twitter:creator\" content=\"@https:\/\/twitter.com\/sunoresearch\" \/>\n<meta name=\"twitter:site\" content=\"@sunoresearch\" \/>\n<meta name=\"twitter:label1\" content=\"Escrito por\" \/>\n\t<meta name=\"twitter:data1\" content=\"Reda\u00e7\u00e3o Suno Not\u00edcias\" \/>\n\t<meta name=\"twitter:label2\" content=\"Est. tempo de leitura\" \/>\n\t<meta name=\"twitter:data2\" content=\"2 minutos\" \/>\n<script type=\"application\/ld+json\" class=\"yoast-schema-graph\">{\"@context\":\"https:\/\/schema.org\",\"@graph\":[{\"@type\":\"NewsArticle\",\"@id\":\"https:\/\/www.suno.com.br\/noticias\/bolsas-ny-queda-omicron\/#article\",\"isPartOf\":{\"@id\":\"https:\/\/www.suno.com.br\/noticias\/bolsas-ny-queda-omicron\/\"},\"author\":{\"name\":\"Reda\u00e7\u00e3o Suno Not\u00edcias\",\"@id\":\"https:\/\/www.suno.com.br\/noticias\/#\/schema\/person\/c1b1bd3727fa852bd045e9dbff3673ea\"},\"headline\":\"Bolsas de NY fecham em queda, com fuga do risco diante de \u00d4micron\",\"datePublished\":\"2021-12-20T22:18:05+00:00\",\"dateModified\":\"2021-12-20T22:22:10+00:00\",\"mainEntityOfPage\":{\"@id\":\"https:\/\/www.suno.com.br\/noticias\/bolsas-ny-queda-omicron\/\"},\"wordCount\":493,\"publisher\":{\"@id\":\"https:\/\/www.suno.com.br\/noticias\/#organization\"},\"image\":{\"@id\":\"https:\/\/www.suno.com.br\/noticias\/bolsas-ny-queda-omicron\/#primaryimage\"},\"thumbnailUrl\":\"https:\/\/files.sunoresearch.com.br\/n\/uploads\/2021\/08\/b1e88a85-wall-street-4758079_1920.jpg\",\"keywords\":[\"Dow Jones\",\"Nasdaq\",\"S&amp;P 500\"],\"articleSection\":[\"Mercado\"],\"inLanguage\":\"pt-BR\"},{\"@type\":\"WebPage\",\"@id\":\"https:\/\/www.suno.com.br\/noticias\/bolsas-ny-queda-omicron\/\",\"url\":\"https:\/\/www.suno.com.br\/noticias\/bolsas-ny-queda-omicron\/\",\"name\":\"Bolsas de NY fecham em queda, com fuga do risco diante de \u00d4micron\",\"isPartOf\":{\"@id\":\"https:\/\/www.suno.com.br\/noticias\/#website\"},\"primaryImageOfPage\":{\"@id\":\"https:\/\/www.suno.com.br\/noticias\/bolsas-ny-queda-omicron\/#primaryimage\"},\"image\":{\"@id\":\"https:\/\/www.suno.com.br\/noticias\/bolsas-ny-queda-omicron\/#primaryimage\"},\"thumbnailUrl\":\"https:\/\/files.sunoresearch.com.br\/n\/uploads\/2021\/08\/b1e88a85-wall-street-4758079_1920.jpg\",\"datePublished\":\"2021-12-20T22:18:05+00:00\",\"dateModified\":\"2021-12-20T22:22:10+00:00\",\"breadcrumb\":{\"@id\":\"https:\/\/www.suno.com.br\/noticias\/bolsas-ny-queda-omicron\/#breadcrumb\"},\"inLanguage\":\"pt-BR\",\"potentialAction\":[{\"@type\":\"ReadAction\",\"target\":[\"https:\/\/www.suno.com.br\/noticias\/bolsas-ny-queda-omicron\/\"]}]},{\"@type\":\"ImageObject\",\"inLanguage\":\"pt-BR\",\"@id\":\"https:\/\/www.suno.com.br\/noticias\/bolsas-ny-queda-omicron\/#primaryimage\",\"url\":\"https:\/\/files.sunoresearch.com.br\/n\/uploads\/2021\/08\/b1e88a85-wall-street-4758079_1920.jpg\",\"contentUrl\":\"https:\/\/files.sunoresearch.com.br\/n\/uploads\/2021\/08\/b1e88a85-wall-street-4758079_1920.jpg\",\"width\":1920,\"height\":1219,\"caption\":\"Wall Street. - Foto: Pixabay\"},{\"@type\":\"BreadcrumbList\",\"@id\":\"https:\/\/www.suno.com.br\/noticias\/bolsas-ny-queda-omicron\/#breadcrumb\",\"itemListElement\":[{\"@type\":\"ListItem\",\"position\":1,\"name\":\"Not\u00edcias\",\"item\":\"https:\/\/www.suno.com.br\/noticias\/\"},{\"@type\":\"ListItem\",\"position\":2,\"name\":\"Mercado\",\"item\":\"https:\/\/www.suno.com.br\/noticias\/mercado\/\"},{\"@type\":\"ListItem\",\"position\":3,\"name\":\"Bolsas de NY fecham em queda, com fuga do risco diante de \u00d4micron\"}]},{\"@type\":\"WebSite\",\"@id\":\"https:\/\/www.suno.com.br\/noticias\/#website\",\"url\":\"https:\/\/www.suno.com.br\/noticias\/\",\"name\":\"Suno Not\u00edcias\",\"description\":\"Seu portal de informa\u00e7\u00e3o sobre o mundo dos investimentos\",\"publisher\":{\"@id\":\"https:\/\/www.suno.com.br\/noticias\/#organization\"},\"potentialAction\":[{\"@type\":\"SearchAction\",\"target\":{\"@type\":\"EntryPoint\",\"urlTemplate\":\"https:\/\/www.suno.com.br\/noticias\/?s={search_term_string}\"},\"query-input\":{\"@type\":\"PropertyValueSpecification\",\"valueRequired\":true,\"valueName\":\"search_term_string\"}}],\"inLanguage\":\"pt-BR\"},{\"@type\":\"Organization\",\"@id\":\"https:\/\/www.suno.com.br\/noticias\/#organization\",\"name\":\"Suno Not\u00edcias\",\"url\":\"https:\/\/www.suno.com.br\/noticias\/\",\"logo\":{\"@type\":\"ImageObject\",\"inLanguage\":\"pt-BR\",\"@id\":\"https:\/\/www.suno.com.br\/noticias\/#\/schema\/logo\/image\/\",\"url\":\"https:\/\/files.sunoresearch.com.br\/n\/uploads\/2021\/09\/suno-logo.png\",\"contentUrl\":\"https:\/\/files.sunoresearch.com.br\/n\/uploads\/2021\/09\/suno-logo.png\",\"width\":180,\"height\":180,\"caption\":\"Suno Not\u00edcias\"},\"image\":{\"@id\":\"https:\/\/www.suno.com.br\/noticias\/#\/schema\/logo\/image\/\"},\"sameAs\":[\"https:\/\/facebook.com\/sunoresearch\",\"https:\/\/x.com\/sunoresearch\",\"https:\/\/www.instagram.com\/suno\",\"https:\/\/www.linkedin.com\/company\/suno-research\/\",\"https:\/\/www.youtube.com\/c\/sunoresearch\"]},{\"@type\":\"Person\",\"@id\":\"https:\/\/www.suno.com.br\/noticias\/#\/schema\/person\/c1b1bd3727fa852bd045e9dbff3673ea\",\"name\":\"Reda\u00e7\u00e3o Suno Not\u00edcias\",\"image\":{\"@type\":\"ImageObject\",\"inLanguage\":\"pt-BR\",\"@id\":\"https:\/\/www.suno.com.br\/noticias\/#\/schema\/person\/image\/\",\"url\":\"https:\/\/secure.gravatar.com\/avatar\/b8104b9b5a71985d5238ee59fbe418af?s=96&r=g\",\"contentUrl\":\"https:\/\/secure.gravatar.com\/avatar\/b8104b9b5a71985d5238ee59fbe418af?s=96&r=g\",\"caption\":\"Reda\u00e7\u00e3o Suno Not\u00edcias\"},\"description\":\"O Suno Not\u00edcias \u00e9 um portal de informa\u00e7\u00f5es sobre Mercado Financeiro, Pol\u00edtica, Neg\u00f3cios, Economia e Finan\u00e7as Pessoais.\",\"sameAs\":[\"https:\/\/www.suno.com.br\/noticias\",\"https:\/\/www.facebook.com\/sunonoticias\/\",\"https:\/\/www.instagram.com\/sunonoticias\/\",\"https:\/\/x.com\/https:\/\/twitter.com\/sunoresearch\",\"https:\/\/www.youtube.com\/sunonoticias\"],\"url\":\"https:\/\/www.suno.com.br\/noticias\/author\/redacao-suno\/\"}]}<\/script>\n<!-- \/ Yoast SEO plugin. -->","yoast_head_json":{"title":"Bolsas de NY fecham em queda, com fuga do risco diante de \u00d4micron","robots":{"index":"index","follow":"follow","max-snippet":"max-snippet:-1","max-image-preview":"max-image-preview:large","max-video-preview":"max-video-preview:-1"},"canonical":"https:\/\/www.suno.com.br\/noticias\/bolsas-ny-queda-omicron\/","og_locale":"pt_BR","og_type":"article","og_title":"Bolsas de NY fecham em queda, com fuga do risco diante de \u00d4micron","og_description":"As bolsas de Nova York iniciaram a semana no vermelho, com investidores se mostrando cautelosos antes das festas de fim de ano, diante das incertezas geradas pelo avan\u00e7o da variante \u00d4micron do coronav\u00edrus. Com o volume de opera\u00e7\u00f5es j\u00e1 sendo reduzido pela proximidade do Natal, o movimento nesta segunda-feira, 20, foi de fuga do risco, [&hellip;]","og_url":"https:\/\/www.suno.com.br\/noticias\/bolsas-ny-queda-omicron\/","og_site_name":"Suno Not\u00edcias","article_publisher":"https:\/\/facebook.com\/sunoresearch","article_author":"https:\/\/www.facebook.com\/sunonoticias\/","og_image":[{"width":1920,"height":1219,"url":"https:\/\/files.sunoresearch.com.br\/n\/uploads\/2021\/08\/b1e88a85-wall-street-4758079_1920.jpg","type":"image\/jpeg"}],"author":"Reda\u00e7\u00e3o Suno Not\u00edcias","twitter_card":"summary_large_image","twitter_creator":"@https:\/\/twitter.com\/sunoresearch","twitter_site":"@sunoresearch","twitter_misc":{"Escrito por":"Reda\u00e7\u00e3o Suno Not\u00edcias","Est. tempo de leitura":"2 minutos"},"schema":{"@context":"https:\/\/schema.org","@graph":[{"@type":"NewsArticle","@id":"https:\/\/www.suno.com.br\/noticias\/bolsas-ny-queda-omicron\/#article","isPartOf":{"@id":"https:\/\/www.suno.com.br\/noticias\/bolsas-ny-queda-omicron\/"},"author":{"name":"Reda\u00e7\u00e3o Suno Not\u00edcias","@id":"https:\/\/www.suno.com.br\/noticias\/#\/schema\/person\/c1b1bd3727fa852bd045e9dbff3673ea"},"headline":"Bolsas de NY fecham em queda, com fuga do risco diante de \u00d4micron","datePublished":"2021-12-20T22:18:05+00:00","dateModified":"2021-12-20T22:22:10+00:00","mainEntityOfPage":{"@id":"https:\/\/www.suno.com.br\/noticias\/bolsas-ny-queda-omicron\/"},"wordCount":493,"publisher":{"@id":"https:\/\/www.suno.com.br\/noticias\/#organization"},"image":{"@id":"https:\/\/www.suno.com.br\/noticias\/bolsas-ny-queda-omicron\/#primaryimage"},"thumbnailUrl":"https:\/\/files.sunoresearch.com.br\/n\/uploads\/2021\/08\/b1e88a85-wall-street-4758079_1920.jpg","keywords":["Dow Jones","Nasdaq","S&amp;P 500"],"articleSection":["Mercado"],"inLanguage":"pt-BR"},{"@type":"WebPage","@id":"https:\/\/www.suno.com.br\/noticias\/bolsas-ny-queda-omicron\/","url":"https:\/\/www.suno.com.br\/noticias\/bolsas-ny-queda-omicron\/","name":"Bolsas de NY fecham em queda, com fuga do risco diante de \u00d4micron","isPartOf":{"@id":"https:\/\/www.suno.com.br\/noticias\/#website"},"primaryImageOfPage":{"@id":"https:\/\/www.suno.com.br\/noticias\/bolsas-ny-queda-omicron\/#primaryimage"},"image":{"@id":"https:\/\/www.suno.com.br\/noticias\/bolsas-ny-queda-omicron\/#primaryimage"},"thumbnailUrl":"https:\/\/files.sunoresearch.com.br\/n\/uploads\/2021\/08\/b1e88a85-wall-street-4758079_1920.jpg","datePublished":"2021-12-20T22:18:05+00:00","dateModified":"2021-12-20T22:22:10+00:00","breadcrumb":{"@id":"https:\/\/www.suno.com.br\/noticias\/bolsas-ny-queda-omicron\/#breadcrumb"},"inLanguage":"pt-BR","potentialAction":[{"@type":"ReadAction","target":["https:\/\/www.suno.com.br\/noticias\/bolsas-ny-queda-omicron\/"]}]},{"@type":"ImageObject","inLanguage":"pt-BR","@id":"https:\/\/www.suno.com.br\/noticias\/bolsas-ny-queda-omicron\/#primaryimage","url":"https:\/\/files.sunoresearch.com.br\/n\/uploads\/2021\/08\/b1e88a85-wall-street-4758079_1920.jpg","contentUrl":"https:\/\/files.sunoresearch.com.br\/n\/uploads\/2021\/08\/b1e88a85-wall-street-4758079_1920.jpg","width":1920,"height":1219,"caption":"Wall Street. - Foto: Pixabay"},{"@type":"BreadcrumbList","@id":"https:\/\/www.suno.com.br\/noticias\/bolsas-ny-queda-omicron\/#breadcrumb","itemListElement":[{"@type":"ListItem","position":1,"name":"Not\u00edcias","item":"https:\/\/www.suno.com.br\/noticias\/"},{"@type":"ListItem","position":2,"name":"Mercado","item":"https:\/\/www.suno.com.br\/noticias\/mercado\/"},{"@type":"ListItem","position":3,"name":"Bolsas de NY fecham em queda, com fuga do risco diante de \u00d4micron"}]},{"@type":"WebSite","@id":"https:\/\/www.suno.com.br\/noticias\/#website","url":"https:\/\/www.suno.com.br\/noticias\/","name":"Suno Not\u00edcias","description":"Seu portal de informa\u00e7\u00e3o sobre o mundo dos investimentos","publisher":{"@id":"https:\/\/www.suno.com.br\/noticias\/#organization"},"potentialAction":[{"@type":"SearchAction","target":{"@type":"EntryPoint","urlTemplate":"https:\/\/www.suno.com.br\/noticias\/?s={search_term_string}"},"query-input":{"@type":"PropertyValueSpecification","valueRequired":true,"valueName":"search_term_string"}}],"inLanguage":"pt-BR"},{"@type":"Organization","@id":"https:\/\/www.suno.com.br\/noticias\/#organization","name":"Suno Not\u00edcias","url":"https:\/\/www.suno.com.br\/noticias\/","logo":{"@type":"ImageObject","inLanguage":"pt-BR","@id":"https:\/\/www.suno.com.br\/noticias\/#\/schema\/logo\/image\/","url":"https:\/\/files.sunoresearch.com.br\/n\/uploads\/2021\/09\/suno-logo.png","contentUrl":"https:\/\/files.sunoresearch.com.br\/n\/uploads\/2021\/09\/suno-logo.png","width":180,"height":180,"caption":"Suno Not\u00edcias"},"image":{"@id":"https:\/\/www.suno.com.br\/noticias\/#\/schema\/logo\/image\/"},"sameAs":["https:\/\/facebook.com\/sunoresearch","https:\/\/x.com\/sunoresearch","https:\/\/www.instagram.com\/suno","https:\/\/www.linkedin.com\/company\/suno-research\/","https:\/\/www.youtube.com\/c\/sunoresearch"]},{"@type":"Person","@id":"https:\/\/www.suno.com.br\/noticias\/#\/schema\/person\/c1b1bd3727fa852bd045e9dbff3673ea","name":"Reda\u00e7\u00e3o Suno Not\u00edcias","image":{"@type":"ImageObject","inLanguage":"pt-BR","@id":"https:\/\/www.suno.com.br\/noticias\/#\/schema\/person\/image\/","url":"https:\/\/secure.gravatar.com\/avatar\/b8104b9b5a71985d5238ee59fbe418af?s=96&r=g","contentUrl":"https:\/\/secure.gravatar.com\/avatar\/b8104b9b5a71985d5238ee59fbe418af?s=96&r=g","caption":"Reda\u00e7\u00e3o Suno Not\u00edcias"},"description":"O Suno Not\u00edcias \u00e9 um portal de informa\u00e7\u00f5es sobre Mercado Financeiro, Pol\u00edtica, Neg\u00f3cios, Economia e Finan\u00e7as Pessoais.","sameAs":["https:\/\/www.suno.com.br\/noticias","https:\/\/www.facebook.com\/sunonoticias\/","https:\/\/www.instagram.com\/sunonoticias\/","https:\/\/x.com\/https:\/\/twitter.com\/sunoresearch","https:\/\/www.youtube.com\/sunonoticias"],"url":"https:\/\/www.suno.com.br\/noticias\/author\/redacao-suno\/"}]}},"default_loop_html":"<div class=\"cardsPage__listCard__boxs\"><div class=\"cardsPage__listCard__boxs__img\"><a href=\"https:\/\/www.suno.com.br\/noticias\/bolsas-ny-queda-omicron\/\"><img class=\"mask\" src=\"https:\/\/www.suno.com.br\/noticias\/wp-content\/themes\/suno\/resources\/images\/spotlight\/spotlight1img\/bg-mask.png\" alt=\"Image Mask\"\/><img src=\"https:\/\/files.sunoresearch.com.br\/n\/uploads\/2021\/08\/b1e88a85-wall-street-4758079_1920-400x200.jpg\" alt=\"Bolsas de NY fecham em queda, com fuga do risco diante de \u00d4micron\"\/><\/a><span class=\"spotlightCategory\"><a href=\"https:\/\/www.suno.com.br\/noticias\/mercado\/\">Mercado<\/a><\/span><\/div><div class=\"cardsPage__listCard__boxs__content\"><a href=\"https:\/\/www.suno.com.br\/noticias\/bolsas-ny-queda-omicron\/\"><h2 class=\"content__title\">Bolsas de NY fecham em queda, com fuga do risco diante de \u00d4micron<\/h2><\/a><div class=\"newsContent__article__meta\"><div class=\"newsContent__article__meta__authorBox\"><a href=\"https:\/\/www.suno.com.br\/noticias\/author\/redacao-suno\/\" class=\"authorBox__avatar noMobi\"><img src=\"https:\/\/files.sunoresearch.com.br\/n\/uploads\/2020\/08\/0ace682d-redacao-1-150x150.webp\" alt=\"Reda\u00e7\u00e3o Suno Not\u00edcias\"><\/a><div class=\"authorBox__name\"><span>por\n\t\t\t<a href=\"https:\/\/www.suno.com.br\/noticias\/author\/redacao-suno\/\"><span itemprop=\"author\">Reda\u00e7\u00e3o Suno Not\u00edcias<\/span><\/a><\/span><time datetime=\"2021-12-20T19:18:05-03:00\" itemprop=\"datePublished\">20\/12\/2021 19:18<\/time><\/div><\/div><\/div><\/div><\/div>","single_layout":"posts","amp_enabled":true,"_links":{"self":[{"href":"https:\/\/www.suno.com.br\/noticias\/wp-json\/wp\/v2\/posts\/217113"}],"collection":[{"href":"https:\/\/www.suno.com.br\/noticias\/wp-json\/wp\/v2\/posts"}],"about":[{"href":"https:\/\/www.suno.com.br\/noticias\/wp-json\/wp\/v2\/types\/post"}],"author":[{"embeddable":true,"href":"https:\/\/www.suno.com.br\/noticias\/wp-json\/wp\/v2\/users\/43"}],"replies":[{"embeddable":true,"href":"https:\/\/www.suno.com.br\/noticias\/wp-json\/wp\/v2\/comments?post=217113"}],"version-history":[{"count":3,"href":"https:\/\/www.suno.com.br\/noticias\/wp-json\/wp\/v2\/posts\/217113\/revisions"}],"predecessor-version":[{"id":217135,"href":"https:\/\/www.suno.com.br\/noticias\/wp-json\/wp\/v2\/posts\/217113\/revisions\/217135"}],"wp:featuredmedia":[{"embeddable":true,"href":"https:\/\/www.suno.com.br\/noticias\/wp-json\/wp\/v2\/media\/178764"}],"wp:attachment":[{"href":"https:\/\/www.suno.com.br\/noticias\/wp-json\/wp\/v2\/media?parent=217113"}],"wp:term":[{"taxonomy":"category","embeddable":true,"href":"https:\/\/www.suno.com.br\/noticias\/wp-json\/wp\/v2\/categories?post=217113"},{"taxonomy":"post_tag","embeddable":true,"href":"https:\/\/www.suno.com.br\/noticias\/wp-json\/wp\/v2\/tags?post=217113"},{"taxonomy":"suno_strategy","embeddable":true,"href":"https:\/\/www.suno.com.br\/noticias\/wp-json\/wp\/v2\/suno_strategy?post=217113"}],"curies":[{"name":"wp","href":"https:\/\/api.w.org\/{rel}","templated":true}]}}