{"id":217081,"date":"2021-12-20T16:04:39","date_gmt":"2021-12-20T19:04:39","guid":{"rendered":"https:\/\/www.suno.com.br\/noticias\/?p=217081"},"modified":"2021-12-20T19:22:36","modified_gmt":"2021-12-20T22:22:36","slug":"paralisacao-das-operacoes-da-ita-e-problema-muito-grave-diz-ministro","status":"publish","type":"post","link":"https:\/\/www.suno.com.br\/noticias\/paralisacao-das-operacoes-da-ita-e-problema-muito-grave-diz-ministro\/","title":{"rendered":"Paralisa\u00e7\u00e3o das opera\u00e7\u00f5es da ITA \u00e9 &#8216;problema muito grave&#8217;, diz ministro"},"content":{"rendered":"<p>O ministro da Infraestrutura,<strong> Tarc\u00edsio de Freitas<\/strong>, classificou nesta segunda-feira, 20, a paralisa\u00e7\u00e3o das opera\u00e7\u00f5es da companhia a\u00e9rea ITA, do <strong>grupo Itapemirim<\/strong>, como um &#8220;problema muito grave&#8221;, e afirmou que o foco do governo e da Ag\u00eancia Nacional de Avia\u00e7\u00e3o Civil (Anac) para o momento \u00e9 acompanhar a reacomoda\u00e7\u00e3o dos passageiros afetados. A entrada da ITA no mercado de avia\u00e7\u00e3o neste ano foi comemorada dentro do governo, j\u00e1 que simbolizava a tentativa de expans\u00e3o do setor para al\u00e9m da tr\u00edade formada por Gol, Latam e Azul.<\/p>\t<div class=\"wrapper-featured-image\">\n\t\t<figure class=\"spotlightImg\">\n\n\t\t\t<picture>\n\t\t\t\t<source media=\"(max-width: 768px)\" srcset=\"https:\/\/files.sunoresearch.com.br\/n\/uploads\/2021\/10\/planalto_saude_coletiva_3003201195-400x200.jpg\">\n\t\t\t\t<img loading=\"lazy\" decoding=\"async\" class=\"newsContent__article__imgCapa lazyloadDisabled \" src=\"https:\/\/files.sunoresearch.com.br\/n\/uploads\/2021\/10\/planalto_saude_coletiva_3003201195-800x450.jpg\" width=\"800\" height=\"450\" alt=\"Paralisa\u00e7\u00e3o das opera\u00e7\u00f5es da ITA \u00e9 &#8216;problema muito grave&#8217;, diz ministro\" fetchpriority=high \/>\n\t\t\t<\/picture>\n\n\t\t\t<figcaption class=\"wp-caption-text wp-caption-text--show\">Porto de Santos, atualmente, \u00e9 o maior da Am\u00e9rica Latina - Foto: Ag\u00eancia Brasil<\/figcaption>\n\t\t<\/figure>\n\t<\/div>\n\n\n\t<p>\n\t\t<a href=\"https:\/\/lp.suno.com.br\/planilha-controle-gastos\/\" target=\"_blank\" data-element=\"shortcode-suno-banner\" title=\"Banner SUNO, clique e saiba mais\">\n\t\t\t<picture>\n\t\t\t\t<source media=\"(max-width: 500px)\" srcset=\"https:\/\/files.sunoresearch.com.br\/n\/uploads\/2023\/03\/400x300-Planilha-controle-de-gastos.png\">\n\t\t\t\t<img class=\"newsContent__article__imgCapa newsContent__article__imgCapa--banner\"\n\t\t\t\t\tsrc=\"https:\/\/files.sunoresearch.com.br\/n\/uploads\/2023\/03\/1420x240-Planilha-controle-de-gastos.png\"\n\t\t\t\t\tdata-promo-id=\"101751\"\t\t\t\t\t\t\t\t\t\twidth='1420' height='240'\t\t\t\t\talt=\"https:\/\/files.sunoresearch.com.br\/n\/uploads\/2023\/03\/1420x240-Planilha-controle-de-gastos.png\"\n\t\t\t\t>\n\t\t\t<\/picture>\n\t\t<\/a>\n\t<\/p>\n\n\n<p>Em coletiva \u00e0 imprensa, Tarc\u00edsio respondeu que o processo de autoriza\u00e7\u00e3o para a empresa atuar, comandando pela Anac, atendeu a todos os requisitos exigidos pela ag\u00eancia.<\/p>\n<p>&#8220;A <strong>Anac<\/strong> se cerca de todos os cuidados. Existem uma s\u00e9rie de protocolos que precisam ser atendidos. Precisam apresentar manuais, regras de opera\u00e7\u00e3o, constituir base de opera\u00e7\u00f5es, contratos de leasing, servidores contratados, treinamento de tripula\u00e7\u00e3o, opera\u00e7\u00e3o assistida. Caminharam todas as etapas&#8221;, afirmou Tarc\u00edsio ao ser questionado sobre a crise vivida no setor desde que a ITA anunciou a suspens\u00e3o de suas opera\u00e7\u00f5es a partir da noite de sexta-feira, 17. &#8220;Ela tinha todas as condi\u00e7\u00f5es para operar&#8221;, disse.<\/p>\n<p>Ainda segundo o ministro, durante o processo de certifica\u00e7\u00e3o, a Anac chegou a fazer questionamentos em raz\u00e3o da <a class=\"suno-keyword\" href=\"https:\/\/www.suno.com.br\/artigos\/recuperacao-judicial\/\" target=\"_blank\" rel=\"noopener\" data-force=\"no\" data-priority=\"2\">recupera\u00e7\u00e3o judicial<\/a> que o grupo enfrenta desde 2016. A empresa j\u00e1 era conhecida por sua opera\u00e7\u00e3o no transporte rodovi\u00e1rio de passageiros. Em raz\u00e3o de os CNPJs serem diferentes, no entanto, n\u00e3o houve impeditivo para o grupo entrar no<strong> setor de avia\u00e7\u00e3o<\/strong>. &#8220;Quem respondeu (questionamento da Anac) foi o Minist\u00e9rio P\u00fablico Estadual. Havia diferen\u00e7a de CNPJ, e esse CNPJ que nasceu para a \u00e1rea tinha todas as certid\u00f5es negativas, fiscal, trabalhista, previdenci\u00e1ria, e a partir da\u00ed obteve certificado de opera\u00e7\u00e3o&#8221;, afirmou.<\/p>\n<p>Segundo Tarc\u00edsio, durante os meses de opera\u00e7\u00e3o da ITA, a Anac chegou a intervir para que a empresa n\u00e3o vendesse mais passagens do que sua capacidade permitia. &#8220;Em alguns momentos, quando se pensou em vender mais passagens, a Anac interveio imediatamente. Se n\u00e3o tivesse agido, o problema poderia ser mais grave. A ag\u00eancia agiu da forma que teve de agir&#8221;, declarou o ministro, citando o caso de outras a\u00e9reas que tiveram de encerrar suas opera\u00e7\u00f5es no Brasil, como, recentemente, a Avianca. &#8220;Obviamente (no caso da ITA) chama aten\u00e7\u00e3o pelo pouco tempo de opera\u00e7\u00e3o&#8221;, disse Tarc\u00edsio.<\/p>\n\t<p>\n\t\t<a href=\"https:\/\/lp.suno.com.br\/planilha-da-vida-financeira\/\" target=\"_blank\" data-element=\"shortcode-suno-banner\" title=\"Banner SUNO, clique e saiba mais\">\n\t\t\t<picture>\n\t\t\t\t<source media=\"(max-width: 500px)\" srcset=\"https:\/\/files.sunoresearch.com.br\/n\/uploads\/2023\/04\/400x300-Planilha-vida-financeira-true.png\">\n\t\t\t\t<img class=\"newsContent__article__imgCapa newsContent__article__imgCapa--banner\"\n\t\t\t\t\tsrc=\"https:\/\/files.sunoresearch.com.br\/n\/uploads\/2023\/04\/1420x240-Planilha-vida-financeira-true.png\"\n\t\t\t\t\tdata-promo-id=\"106682\"\t\t\t\t\t\t\t\t\t\twidth='1420' height='240'\t\t\t\t\talt=\"https:\/\/files.sunoresearch.com.br\/n\/uploads\/2023\/04\/1420x240-Planilha-vida-financeira-true.png\"\n\t\t\t\t>\n\t\t\t<\/picture>\n\t\t<\/a>\n\t<\/p>\n\n\n<p>O ministro afirmou ainda que o foco atual do governo e da Anac \u00e9 acompanhar a reacomoda\u00e7\u00e3o dos passageiros prejudicados. Segundo ele, a ag\u00eancia instalou um gabinete de crise para acompanhar a situa\u00e7\u00e3o. &#8220;E n\u00f3s vamos para cima da ITA, pressionar bastante, para que possa reacomodar pessoas o mais r\u00e1pido poss\u00edvel&#8221;, disse Tarc\u00edsio, reconhecendo, por sua vez, as dificuldades em se acomodar todos os passageiros em datas de fim de ano, quando \u00e9 normal haver alta ocupa\u00e7\u00e3o de aeronaves.<\/p>\n<p>&#8220;Ficamos extremamente sentidos porque (a entrada da <strong>ITA<\/strong> no setor) representou esperan\u00e7a n\u00e3o s\u00f3 para brasileiros, mas para v\u00e1rios profissionais do segmento. A gente vai monitorar com muito cuidado. Lembrando que a responsabilidade (de reacomoda\u00e7\u00e3o) \u00e9 da empresa, mas vai haver acompanhamento firme&#8221;, finalizou o ministro.<\/p>\n<p><em>Com Estad\u00e3o Conte\u00fado<\/em><\/p>\n\t<p>\n\t\t<a href=\"\" target=\"_blank\" data-element=\"shortcode-suno-banner\" title=\"Banner SUNO, clique e saiba mais\">\n\t\t\t<picture>\n\t\t\t\t<source media=\"(max-width: 500px)\" srcset=\"\">\n\t\t\t\t<img class=\"newsContent__article__imgCapa newsContent__article__imgCapa--banner\"\n\t\t\t\t\tsrc=\"\"\n\t\t\t\t\tdata-promo-id=\"184190\"\t\t\t\t\t\t\t\t\t\t\t\t\t\t\talt=\"\"\n\t\t\t\t>\n\t\t\t<\/picture>\n\t\t<\/a>\n\t<\/p>\n\n\n","protected":false},"excerpt":{"rendered":"<p>O ministro da Infraestrutura, Tarc\u00edsio de Freitas, classificou nesta segunda-feira, 20, a paralisa\u00e7\u00e3o das opera\u00e7\u00f5es da companhia a\u00e9rea ITA, do grupo Itapemirim, como um &#8220;problema muito grave&#8221;, e afirmou que o foco do governo e da Ag\u00eancia Nacional de Avia\u00e7\u00e3o Civil (Anac) para o momento \u00e9 acompanhar a reacomoda\u00e7\u00e3o dos passageiros afetados. A entrada da [&hellip;]<\/p>\n","protected":false},"author":43,"featured_media":198059,"comment_status":"closed","ping_status":"closed","sticky":false,"template":"","format":"standard","meta":[],"categories":[64],"tags":[106051],"suno_strategy":[],"class_list":["post-217081","post","type-post","status-publish","format-standard","has-post-thumbnail","hentry","category-negocios","tag-aviacao"],"yoast_head":"<!-- This site is optimized with the Yoast SEO plugin v24.4 - https:\/\/yoast.com\/wordpress\/plugins\/seo\/ -->\n<title>Paralisa\u00e7\u00e3o das opera\u00e7\u00f5es da ITA \u00e9 &#039;problema muito grave&#039;, diz ministro<\/title>\n<meta name=\"description\" content=\"A entrada da ITA no mercado de avia\u00e7\u00e3o neste ano foi comemorada dentro do governo, com o sinal de expans\u00e3o do setor para al\u00e9m de Gol, Latam e Azul\" \/>\n<meta name=\"robots\" content=\"index, follow, max-snippet:-1, max-image-preview:large, max-video-preview:-1\" \/>\n<link rel=\"canonical\" href=\"https:\/\/www.suno.com.br\/noticias\/paralisacao-das-operacoes-da-ita-e-problema-muito-grave-diz-ministro\/\" \/>\n<meta property=\"og:locale\" content=\"pt_BR\" \/>\n<meta property=\"og:type\" content=\"article\" \/>\n<meta property=\"og:title\" content=\"Paralisa\u00e7\u00e3o das opera\u00e7\u00f5es da ITA \u00e9 &#039;problema muito grave&#039;, diz ministro\" \/>\n<meta property=\"og:description\" content=\"A entrada da ITA no mercado de avia\u00e7\u00e3o neste ano foi comemorada dentro do governo, com o sinal de expans\u00e3o do setor para al\u00e9m de Gol, Latam e Azul\" \/>\n<meta property=\"og:url\" content=\"https:\/\/www.suno.com.br\/noticias\/paralisacao-das-operacoes-da-ita-e-problema-muito-grave-diz-ministro\/\" \/>\n<meta property=\"og:site_name\" content=\"Suno Not\u00edcias\" \/>\n<meta property=\"article:publisher\" content=\"https:\/\/facebook.com\/sunoresearch\" \/>\n<meta property=\"article:author\" content=\"https:\/\/www.facebook.com\/sunonoticias\/\" \/>\n<meta property=\"og:image\" content=\"https:\/\/files.sunoresearch.com.br\/n\/uploads\/2021\/10\/planalto_saude_coletiva_3003201195-scaled.jpg\" \/>\n\t<meta property=\"og:image:width\" content=\"2560\" \/>\n\t<meta property=\"og:image:height\" content=\"1704\" \/>\n\t<meta property=\"og:image:type\" content=\"image\/jpeg\" \/>\n<meta name=\"author\" content=\"Reda\u00e7\u00e3o Suno Not\u00edcias\" \/>\n<meta name=\"twitter:card\" content=\"summary_large_image\" \/>\n<meta name=\"twitter:creator\" content=\"@https:\/\/twitter.com\/sunoresearch\" \/>\n<meta name=\"twitter:site\" content=\"@sunoresearch\" \/>\n<meta name=\"twitter:label1\" content=\"Escrito por\" \/>\n\t<meta name=\"twitter:data1\" content=\"Reda\u00e7\u00e3o Suno Not\u00edcias\" \/>\n\t<meta name=\"twitter:label2\" content=\"Est. tempo de leitura\" \/>\n\t<meta name=\"twitter:data2\" content=\"3 minutos\" \/>\n<script type=\"application\/ld+json\" class=\"yoast-schema-graph\">{\"@context\":\"https:\/\/schema.org\",\"@graph\":[{\"@type\":\"NewsArticle\",\"@id\":\"https:\/\/www.suno.com.br\/noticias\/paralisacao-das-operacoes-da-ita-e-problema-muito-grave-diz-ministro\/#article\",\"isPartOf\":{\"@id\":\"https:\/\/www.suno.com.br\/noticias\/paralisacao-das-operacoes-da-ita-e-problema-muito-grave-diz-ministro\/\"},\"author\":{\"name\":\"Reda\u00e7\u00e3o Suno Not\u00edcias\",\"@id\":\"https:\/\/www.suno.com.br\/noticias\/#\/schema\/person\/c1b1bd3727fa852bd045e9dbff3673ea\"},\"headline\":\"Paralisa\u00e7\u00e3o das opera\u00e7\u00f5es da ITA \u00e9 &#8216;problema muito grave&#8217;, diz ministro\",\"datePublished\":\"2021-12-20T19:04:39+00:00\",\"dateModified\":\"2021-12-20T22:22:36+00:00\",\"mainEntityOfPage\":{\"@id\":\"https:\/\/www.suno.com.br\/noticias\/paralisacao-das-operacoes-da-ita-e-problema-muito-grave-diz-ministro\/\"},\"wordCount\":584,\"publisher\":{\"@id\":\"https:\/\/www.suno.com.br\/noticias\/#organization\"},\"image\":{\"@id\":\"https:\/\/www.suno.com.br\/noticias\/paralisacao-das-operacoes-da-ita-e-problema-muito-grave-diz-ministro\/#primaryimage\"},\"thumbnailUrl\":\"https:\/\/files.sunoresearch.com.br\/n\/uploads\/2021\/10\/planalto_saude_coletiva_3003201195-scaled.jpg\",\"keywords\":[\"avia\u00e7\u00e3o\"],\"articleSection\":[\"Neg\u00f3cios\"],\"inLanguage\":\"pt-BR\"},{\"@type\":\"WebPage\",\"@id\":\"https:\/\/www.suno.com.br\/noticias\/paralisacao-das-operacoes-da-ita-e-problema-muito-grave-diz-ministro\/\",\"url\":\"https:\/\/www.suno.com.br\/noticias\/paralisacao-das-operacoes-da-ita-e-problema-muito-grave-diz-ministro\/\",\"name\":\"Paralisa\u00e7\u00e3o das opera\u00e7\u00f5es da ITA \u00e9 'problema muito grave', diz ministro\",\"isPartOf\":{\"@id\":\"https:\/\/www.suno.com.br\/noticias\/#website\"},\"primaryImageOfPage\":{\"@id\":\"https:\/\/www.suno.com.br\/noticias\/paralisacao-das-operacoes-da-ita-e-problema-muito-grave-diz-ministro\/#primaryimage\"},\"image\":{\"@id\":\"https:\/\/www.suno.com.br\/noticias\/paralisacao-das-operacoes-da-ita-e-problema-muito-grave-diz-ministro\/#primaryimage\"},\"thumbnailUrl\":\"https:\/\/files.sunoresearch.com.br\/n\/uploads\/2021\/10\/planalto_saude_coletiva_3003201195-scaled.jpg\",\"datePublished\":\"2021-12-20T19:04:39+00:00\",\"dateModified\":\"2021-12-20T22:22:36+00:00\",\"description\":\"A entrada da ITA no mercado de avia\u00e7\u00e3o neste ano foi comemorada dentro do governo, com o sinal de expans\u00e3o do setor para al\u00e9m de Gol, Latam e Azul\",\"breadcrumb\":{\"@id\":\"https:\/\/www.suno.com.br\/noticias\/paralisacao-das-operacoes-da-ita-e-problema-muito-grave-diz-ministro\/#breadcrumb\"},\"inLanguage\":\"pt-BR\",\"potentialAction\":[{\"@type\":\"ReadAction\",\"target\":[\"https:\/\/www.suno.com.br\/noticias\/paralisacao-das-operacoes-da-ita-e-problema-muito-grave-diz-ministro\/\"]}]},{\"@type\":\"ImageObject\",\"inLanguage\":\"pt-BR\",\"@id\":\"https:\/\/www.suno.com.br\/noticias\/paralisacao-das-operacoes-da-ita-e-problema-muito-grave-diz-ministro\/#primaryimage\",\"url\":\"https:\/\/files.sunoresearch.com.br\/n\/uploads\/2021\/10\/planalto_saude_coletiva_3003201195-scaled.jpg\",\"contentUrl\":\"https:\/\/files.sunoresearch.com.br\/n\/uploads\/2021\/10\/planalto_saude_coletiva_3003201195-scaled.jpg\",\"width\":2560,\"height\":1704,\"caption\":\"Porto de Santos, atualmente, \u00e9 o maior da Am\u00e9rica Latina - Foto: Ag\u00eancia Brasil\"},{\"@type\":\"BreadcrumbList\",\"@id\":\"https:\/\/www.suno.com.br\/noticias\/paralisacao-das-operacoes-da-ita-e-problema-muito-grave-diz-ministro\/#breadcrumb\",\"itemListElement\":[{\"@type\":\"ListItem\",\"position\":1,\"name\":\"Not\u00edcias\",\"item\":\"https:\/\/www.suno.com.br\/noticias\/\"},{\"@type\":\"ListItem\",\"position\":2,\"name\":\"Neg\u00f3cios\",\"item\":\"https:\/\/www.suno.com.br\/noticias\/negocios\/\"},{\"@type\":\"ListItem\",\"position\":3,\"name\":\"Paralisa\u00e7\u00e3o das opera\u00e7\u00f5es da ITA \u00e9 &#8216;problema muito grave&#8217;, diz ministro\"}]},{\"@type\":\"WebSite\",\"@id\":\"https:\/\/www.suno.com.br\/noticias\/#website\",\"url\":\"https:\/\/www.suno.com.br\/noticias\/\",\"name\":\"Suno Not\u00edcias\",\"description\":\"Seu portal de informa\u00e7\u00e3o sobre o mundo dos investimentos\",\"publisher\":{\"@id\":\"https:\/\/www.suno.com.br\/noticias\/#organization\"},\"potentialAction\":[{\"@type\":\"SearchAction\",\"target\":{\"@type\":\"EntryPoint\",\"urlTemplate\":\"https:\/\/www.suno.com.br\/noticias\/?s={search_term_string}\"},\"query-input\":{\"@type\":\"PropertyValueSpecification\",\"valueRequired\":true,\"valueName\":\"search_term_string\"}}],\"inLanguage\":\"pt-BR\"},{\"@type\":\"Organization\",\"@id\":\"https:\/\/www.suno.com.br\/noticias\/#organization\",\"name\":\"Suno Not\u00edcias\",\"url\":\"https:\/\/www.suno.com.br\/noticias\/\",\"logo\":{\"@type\":\"ImageObject\",\"inLanguage\":\"pt-BR\",\"@id\":\"https:\/\/www.suno.com.br\/noticias\/#\/schema\/logo\/image\/\",\"url\":\"https:\/\/files.sunoresearch.com.br\/n\/uploads\/2021\/09\/suno-logo.png\",\"contentUrl\":\"https:\/\/files.sunoresearch.com.br\/n\/uploads\/2021\/09\/suno-logo.png\",\"width\":180,\"height\":180,\"caption\":\"Suno Not\u00edcias\"},\"image\":{\"@id\":\"https:\/\/www.suno.com.br\/noticias\/#\/schema\/logo\/image\/\"},\"sameAs\":[\"https:\/\/facebook.com\/sunoresearch\",\"https:\/\/x.com\/sunoresearch\",\"https:\/\/www.instagram.com\/suno\",\"https:\/\/www.linkedin.com\/company\/suno-research\/\",\"https:\/\/www.youtube.com\/c\/sunoresearch\"]},{\"@type\":\"Person\",\"@id\":\"https:\/\/www.suno.com.br\/noticias\/#\/schema\/person\/c1b1bd3727fa852bd045e9dbff3673ea\",\"name\":\"Reda\u00e7\u00e3o Suno Not\u00edcias\",\"image\":{\"@type\":\"ImageObject\",\"inLanguage\":\"pt-BR\",\"@id\":\"https:\/\/www.suno.com.br\/noticias\/#\/schema\/person\/image\/\",\"url\":\"https:\/\/secure.gravatar.com\/avatar\/b8104b9b5a71985d5238ee59fbe418af?s=96&r=g\",\"contentUrl\":\"https:\/\/secure.gravatar.com\/avatar\/b8104b9b5a71985d5238ee59fbe418af?s=96&r=g\",\"caption\":\"Reda\u00e7\u00e3o Suno Not\u00edcias\"},\"description\":\"O Suno Not\u00edcias \u00e9 um portal de informa\u00e7\u00f5es sobre Mercado Financeiro, Pol\u00edtica, Neg\u00f3cios, Economia e Finan\u00e7as Pessoais.\",\"sameAs\":[\"https:\/\/www.suno.com.br\/noticias\",\"https:\/\/www.facebook.com\/sunonoticias\/\",\"https:\/\/www.instagram.com\/sunonoticias\/\",\"https:\/\/x.com\/https:\/\/twitter.com\/sunoresearch\",\"https:\/\/www.youtube.com\/sunonoticias\"],\"url\":\"https:\/\/www.suno.com.br\/noticias\/author\/redacao-suno\/\"}]}<\/script>\n<!-- \/ Yoast SEO plugin. -->","yoast_head_json":{"title":"Paralisa\u00e7\u00e3o das opera\u00e7\u00f5es da ITA \u00e9 'problema muito grave', diz ministro","description":"A entrada da ITA no mercado de avia\u00e7\u00e3o neste ano foi comemorada dentro do governo, com o sinal de expans\u00e3o do setor para al\u00e9m de Gol, Latam e Azul","robots":{"index":"index","follow":"follow","max-snippet":"max-snippet:-1","max-image-preview":"max-image-preview:large","max-video-preview":"max-video-preview:-1"},"canonical":"https:\/\/www.suno.com.br\/noticias\/paralisacao-das-operacoes-da-ita-e-problema-muito-grave-diz-ministro\/","og_locale":"pt_BR","og_type":"article","og_title":"Paralisa\u00e7\u00e3o das opera\u00e7\u00f5es da ITA \u00e9 'problema muito grave', diz ministro","og_description":"A entrada da ITA no mercado de avia\u00e7\u00e3o neste ano foi comemorada dentro do governo, com o sinal de expans\u00e3o do setor para al\u00e9m de Gol, Latam e Azul","og_url":"https:\/\/www.suno.com.br\/noticias\/paralisacao-das-operacoes-da-ita-e-problema-muito-grave-diz-ministro\/","og_site_name":"Suno Not\u00edcias","article_publisher":"https:\/\/facebook.com\/sunoresearch","article_author":"https:\/\/www.facebook.com\/sunonoticias\/","og_image":[{"width":2560,"height":1704,"url":"https:\/\/files.sunoresearch.com.br\/n\/uploads\/2021\/10\/planalto_saude_coletiva_3003201195-scaled.jpg","type":"image\/jpeg"}],"author":"Reda\u00e7\u00e3o Suno Not\u00edcias","twitter_card":"summary_large_image","twitter_creator":"@https:\/\/twitter.com\/sunoresearch","twitter_site":"@sunoresearch","twitter_misc":{"Escrito por":"Reda\u00e7\u00e3o Suno Not\u00edcias","Est. tempo de leitura":"3 minutos"},"schema":{"@context":"https:\/\/schema.org","@graph":[{"@type":"NewsArticle","@id":"https:\/\/www.suno.com.br\/noticias\/paralisacao-das-operacoes-da-ita-e-problema-muito-grave-diz-ministro\/#article","isPartOf":{"@id":"https:\/\/www.suno.com.br\/noticias\/paralisacao-das-operacoes-da-ita-e-problema-muito-grave-diz-ministro\/"},"author":{"name":"Reda\u00e7\u00e3o Suno Not\u00edcias","@id":"https:\/\/www.suno.com.br\/noticias\/#\/schema\/person\/c1b1bd3727fa852bd045e9dbff3673ea"},"headline":"Paralisa\u00e7\u00e3o das opera\u00e7\u00f5es da ITA \u00e9 &#8216;problema muito grave&#8217;, diz ministro","datePublished":"2021-12-20T19:04:39+00:00","dateModified":"2021-12-20T22:22:36+00:00","mainEntityOfPage":{"@id":"https:\/\/www.suno.com.br\/noticias\/paralisacao-das-operacoes-da-ita-e-problema-muito-grave-diz-ministro\/"},"wordCount":584,"publisher":{"@id":"https:\/\/www.suno.com.br\/noticias\/#organization"},"image":{"@id":"https:\/\/www.suno.com.br\/noticias\/paralisacao-das-operacoes-da-ita-e-problema-muito-grave-diz-ministro\/#primaryimage"},"thumbnailUrl":"https:\/\/files.sunoresearch.com.br\/n\/uploads\/2021\/10\/planalto_saude_coletiva_3003201195-scaled.jpg","keywords":["avia\u00e7\u00e3o"],"articleSection":["Neg\u00f3cios"],"inLanguage":"pt-BR"},{"@type":"WebPage","@id":"https:\/\/www.suno.com.br\/noticias\/paralisacao-das-operacoes-da-ita-e-problema-muito-grave-diz-ministro\/","url":"https:\/\/www.suno.com.br\/noticias\/paralisacao-das-operacoes-da-ita-e-problema-muito-grave-diz-ministro\/","name":"Paralisa\u00e7\u00e3o das opera\u00e7\u00f5es da ITA \u00e9 'problema muito grave', diz ministro","isPartOf":{"@id":"https:\/\/www.suno.com.br\/noticias\/#website"},"primaryImageOfPage":{"@id":"https:\/\/www.suno.com.br\/noticias\/paralisacao-das-operacoes-da-ita-e-problema-muito-grave-diz-ministro\/#primaryimage"},"image":{"@id":"https:\/\/www.suno.com.br\/noticias\/paralisacao-das-operacoes-da-ita-e-problema-muito-grave-diz-ministro\/#primaryimage"},"thumbnailUrl":"https:\/\/files.sunoresearch.com.br\/n\/uploads\/2021\/10\/planalto_saude_coletiva_3003201195-scaled.jpg","datePublished":"2021-12-20T19:04:39+00:00","dateModified":"2021-12-20T22:22:36+00:00","description":"A entrada da ITA no mercado de avia\u00e7\u00e3o neste ano foi comemorada dentro do governo, com o sinal de expans\u00e3o do setor para al\u00e9m de Gol, Latam e Azul","breadcrumb":{"@id":"https:\/\/www.suno.com.br\/noticias\/paralisacao-das-operacoes-da-ita-e-problema-muito-grave-diz-ministro\/#breadcrumb"},"inLanguage":"pt-BR","potentialAction":[{"@type":"ReadAction","target":["https:\/\/www.suno.com.br\/noticias\/paralisacao-das-operacoes-da-ita-e-problema-muito-grave-diz-ministro\/"]}]},{"@type":"ImageObject","inLanguage":"pt-BR","@id":"https:\/\/www.suno.com.br\/noticias\/paralisacao-das-operacoes-da-ita-e-problema-muito-grave-diz-ministro\/#primaryimage","url":"https:\/\/files.sunoresearch.com.br\/n\/uploads\/2021\/10\/planalto_saude_coletiva_3003201195-scaled.jpg","contentUrl":"https:\/\/files.sunoresearch.com.br\/n\/uploads\/2021\/10\/planalto_saude_coletiva_3003201195-scaled.jpg","width":2560,"height":1704,"caption":"Porto de Santos, atualmente, \u00e9 o maior da Am\u00e9rica Latina - Foto: Ag\u00eancia Brasil"},{"@type":"BreadcrumbList","@id":"https:\/\/www.suno.com.br\/noticias\/paralisacao-das-operacoes-da-ita-e-problema-muito-grave-diz-ministro\/#breadcrumb","itemListElement":[{"@type":"ListItem","position":1,"name":"Not\u00edcias","item":"https:\/\/www.suno.com.br\/noticias\/"},{"@type":"ListItem","position":2,"name":"Neg\u00f3cios","item":"https:\/\/www.suno.com.br\/noticias\/negocios\/"},{"@type":"ListItem","position":3,"name":"Paralisa\u00e7\u00e3o das opera\u00e7\u00f5es da ITA \u00e9 &#8216;problema muito grave&#8217;, diz ministro"}]},{"@type":"WebSite","@id":"https:\/\/www.suno.com.br\/noticias\/#website","url":"https:\/\/www.suno.com.br\/noticias\/","name":"Suno Not\u00edcias","description":"Seu portal de informa\u00e7\u00e3o sobre o mundo dos investimentos","publisher":{"@id":"https:\/\/www.suno.com.br\/noticias\/#organization"},"potentialAction":[{"@type":"SearchAction","target":{"@type":"EntryPoint","urlTemplate":"https:\/\/www.suno.com.br\/noticias\/?s={search_term_string}"},"query-input":{"@type":"PropertyValueSpecification","valueRequired":true,"valueName":"search_term_string"}}],"inLanguage":"pt-BR"},{"@type":"Organization","@id":"https:\/\/www.suno.com.br\/noticias\/#organization","name":"Suno Not\u00edcias","url":"https:\/\/www.suno.com.br\/noticias\/","logo":{"@type":"ImageObject","inLanguage":"pt-BR","@id":"https:\/\/www.suno.com.br\/noticias\/#\/schema\/logo\/image\/","url":"https:\/\/files.sunoresearch.com.br\/n\/uploads\/2021\/09\/suno-logo.png","contentUrl":"https:\/\/files.sunoresearch.com.br\/n\/uploads\/2021\/09\/suno-logo.png","width":180,"height":180,"caption":"Suno Not\u00edcias"},"image":{"@id":"https:\/\/www.suno.com.br\/noticias\/#\/schema\/logo\/image\/"},"sameAs":["https:\/\/facebook.com\/sunoresearch","https:\/\/x.com\/sunoresearch","https:\/\/www.instagram.com\/suno","https:\/\/www.linkedin.com\/company\/suno-research\/","https:\/\/www.youtube.com\/c\/sunoresearch"]},{"@type":"Person","@id":"https:\/\/www.suno.com.br\/noticias\/#\/schema\/person\/c1b1bd3727fa852bd045e9dbff3673ea","name":"Reda\u00e7\u00e3o Suno Not\u00edcias","image":{"@type":"ImageObject","inLanguage":"pt-BR","@id":"https:\/\/www.suno.com.br\/noticias\/#\/schema\/person\/image\/","url":"https:\/\/secure.gravatar.com\/avatar\/b8104b9b5a71985d5238ee59fbe418af?s=96&r=g","contentUrl":"https:\/\/secure.gravatar.com\/avatar\/b8104b9b5a71985d5238ee59fbe418af?s=96&r=g","caption":"Reda\u00e7\u00e3o Suno Not\u00edcias"},"description":"O Suno Not\u00edcias \u00e9 um portal de informa\u00e7\u00f5es sobre Mercado Financeiro, Pol\u00edtica, Neg\u00f3cios, Economia e Finan\u00e7as Pessoais.","sameAs":["https:\/\/www.suno.com.br\/noticias","https:\/\/www.facebook.com\/sunonoticias\/","https:\/\/www.instagram.com\/sunonoticias\/","https:\/\/x.com\/https:\/\/twitter.com\/sunoresearch","https:\/\/www.youtube.com\/sunonoticias"],"url":"https:\/\/www.suno.com.br\/noticias\/author\/redacao-suno\/"}]}},"default_loop_html":"<div class=\"cardsPage__listCard__boxs\"><div class=\"cardsPage__listCard__boxs__img\"><a href=\"https:\/\/www.suno.com.br\/noticias\/paralisacao-das-operacoes-da-ita-e-problema-muito-grave-diz-ministro\/\"><img class=\"mask\" src=\"https:\/\/www.suno.com.br\/noticias\/wp-content\/themes\/suno\/resources\/images\/spotlight\/spotlight1img\/bg-mask.png\" alt=\"Image Mask\"\/><img src=\"https:\/\/files.sunoresearch.com.br\/n\/uploads\/2021\/10\/planalto_saude_coletiva_3003201195-400x200.jpg\" alt=\"Paralisa\u00e7\u00e3o das opera\u00e7\u00f5es da ITA \u00e9 &#8216;problema muito grave&#8217;, diz ministro\"\/><\/a><span class=\"spotlightCategory\"><a href=\"https:\/\/www.suno.com.br\/noticias\/negocios\/\">Neg\u00f3cios<\/a><\/span><\/div><div class=\"cardsPage__listCard__boxs__content\"><a href=\"https:\/\/www.suno.com.br\/noticias\/paralisacao-das-operacoes-da-ita-e-problema-muito-grave-diz-ministro\/\"><h2 class=\"content__title\">Paralisa\u00e7\u00e3o das opera\u00e7\u00f5es da ITA \u00e9 &#8216;problema muito grave&#8217;, diz ministro<\/h2><\/a><div class=\"newsContent__article__meta\"><div class=\"newsContent__article__meta__authorBox\"><a href=\"https:\/\/www.suno.com.br\/noticias\/author\/redacao-suno\/\" class=\"authorBox__avatar noMobi\"><img src=\"https:\/\/files.sunoresearch.com.br\/n\/uploads\/2020\/08\/0ace682d-redacao-1-150x150.webp\" alt=\"Reda\u00e7\u00e3o Suno Not\u00edcias\"><\/a><div class=\"authorBox__name\"><span>por\n\t\t\t<a href=\"https:\/\/www.suno.com.br\/noticias\/author\/redacao-suno\/\"><span itemprop=\"author\">Reda\u00e7\u00e3o Suno Not\u00edcias<\/span><\/a><\/span><time datetime=\"2021-12-20T16:04:39-03:00\" itemprop=\"datePublished\">20\/12\/2021 16:04<\/time><\/div><\/div><\/div><\/div><\/div>","single_layout":"posts","amp_enabled":true,"_links":{"self":[{"href":"https:\/\/www.suno.com.br\/noticias\/wp-json\/wp\/v2\/posts\/217081"}],"collection":[{"href":"https:\/\/www.suno.com.br\/noticias\/wp-json\/wp\/v2\/posts"}],"about":[{"href":"https:\/\/www.suno.com.br\/noticias\/wp-json\/wp\/v2\/types\/post"}],"author":[{"embeddable":true,"href":"https:\/\/www.suno.com.br\/noticias\/wp-json\/wp\/v2\/users\/43"}],"replies":[{"embeddable":true,"href":"https:\/\/www.suno.com.br\/noticias\/wp-json\/wp\/v2\/comments?post=217081"}],"version-history":[{"count":3,"href":"https:\/\/www.suno.com.br\/noticias\/wp-json\/wp\/v2\/posts\/217081\/revisions"}],"predecessor-version":[{"id":217139,"href":"https:\/\/www.suno.com.br\/noticias\/wp-json\/wp\/v2\/posts\/217081\/revisions\/217139"}],"wp:featuredmedia":[{"embeddable":true,"href":"https:\/\/www.suno.com.br\/noticias\/wp-json\/wp\/v2\/media\/198059"}],"wp:attachment":[{"href":"https:\/\/www.suno.com.br\/noticias\/wp-json\/wp\/v2\/media?parent=217081"}],"wp:term":[{"taxonomy":"category","embeddable":true,"href":"https:\/\/www.suno.com.br\/noticias\/wp-json\/wp\/v2\/categories?post=217081"},{"taxonomy":"post_tag","embeddable":true,"href":"https:\/\/www.suno.com.br\/noticias\/wp-json\/wp\/v2\/tags?post=217081"},{"taxonomy":"suno_strategy","embeddable":true,"href":"https:\/\/www.suno.com.br\/noticias\/wp-json\/wp\/v2\/suno_strategy?post=217081"}],"curies":[{"name":"wp","href":"https:\/\/api.w.org\/{rel}","templated":true}]}}