{"id":216241,"date":"2021-12-16T19:54:55","date_gmt":"2021-12-16T22:54:55","guid":{"rendered":"https:\/\/www.suno.com.br\/noticias\/?p=216241"},"modified":"2021-12-16T19:54:55","modified_gmt":"2021-12-16T22:54:55","slug":"fras-le-fras3-aprova-distribuicao-jcp-r-23-milhoes","status":"publish","type":"post","link":"https:\/\/www.suno.com.br\/noticias\/fras-le-fras3-aprova-distribuicao-jcp-r-23-milhoes\/","title":{"rendered":"Fras-le (FRAS3) anuncia pagamento de JCP de R$ 23 milh\u00f5es"},"content":{"rendered":"<p>A <strong>Fras-le<\/strong> (FRAS3) aprovou nesta quinta (16) a distribui\u00e7\u00e3o de <a class=\"suno-keyword\" href=\"https:\/\/www.suno.com.br\/artigos\/entenda-o-jcp\/\" target=\"_blank\" rel=\"noopener\" data-force=\"no\" data-priority=\"1\">Juros sobre Capital Pr\u00f3prio<\/a> (JCP) no valor total de R$ 23 milh\u00f5es.<\/p>\t<div class=\"wrapper-featured-image\">\n\t\t<figure class=\"spotlightImg\">\n\n\t\t\t<picture>\n\t\t\t\t<source media=\"(max-width: 768px)\" srcset=\"https:\/\/files.sunoresearch.com.br\/n\/uploads\/2020\/12\/c38195b5-fras-le-400x200.webp\">\n\t\t\t\t<img loading=\"lazy\" decoding=\"async\" class=\"newsContent__article__imgCapa lazyloadDisabled \" src=\"https:\/\/files.sunoresearch.com.br\/n\/uploads\/2020\/12\/c38195b5-fras-le-800x450.webp\" width=\"800\" height=\"450\" alt=\"Fras-le (FRAS3) anuncia pagamento de JCP de R$ 23 milh\u00f5es\" fetchpriority=high \/>\n\t\t\t<\/picture>\n\n\t\t\t<figcaption class=\"wp-caption-text wp-caption-text--show\">Fras-le (FRAS3) <\/figcaption>\n\t\t<\/figure>\n\t<\/div>\n\n\n\t<p>\n\t\t<a href=\"https:\/\/lp.suno.com.br\/planilha-controle-gastos\/\" target=\"_blank\" data-element=\"shortcode-suno-banner\" title=\"Banner SUNO, clique e saiba mais\">\n\t\t\t<picture>\n\t\t\t\t<source media=\"(max-width: 500px)\" srcset=\"https:\/\/files.sunoresearch.com.br\/n\/uploads\/2023\/03\/400x300-Planilha-controle-de-gastos.png\">\n\t\t\t\t<img class=\"newsContent__article__imgCapa newsContent__article__imgCapa--banner\"\n\t\t\t\t\tsrc=\"https:\/\/files.sunoresearch.com.br\/n\/uploads\/2023\/03\/1420x240-Planilha-controle-de-gastos.png\"\n\t\t\t\t\tdata-promo-id=\"101751\"\t\t\t\t\t\t\t\t\t\twidth='1420' height='240'\t\t\t\t\talt=\"https:\/\/files.sunoresearch.com.br\/n\/uploads\/2023\/03\/1420x240-Planilha-controle-de-gastos.png\"\n\t\t\t\t>\n\t\t\t<\/picture>\n\t\t<\/a>\n\t<\/p>\n\n\n<p>O <a class=\"suno-keyword\" href=\"https:\/\/www.suno.com.br\/artigos\/valor-unitario\/\" target=\"_blank\" rel=\"noopener\" data-force=\"no\" data-priority=\"1\">valor unit\u00e1rio<\/a> do <strong>JCP da Fras-le<\/strong> \u00e9 de R$ 0,107 por a\u00e7\u00e3o ordin\u00e1ria, com montante sujeito \u00e0 incid\u00eancia de imposto de renda na fonte.<\/p>\n<p>Ter\u00e3o direito ao recebimento dos JCP todos os titulares de <a class=\"suno-keyword\" href=\"https:\/\/www.suno.com.br\/artigos\/o-que-sao-acoes-ordinarias-preferenciais-e-units\/\" target=\"_blank\" rel=\"noopener\" data-force=\"no\" data-priority=\"1\">a\u00e7\u00f5es ordin\u00e1rias<\/a> da <a class=\"suno-keyword\" href=\"https:\/\/www.suno.com.br\/acoes\/FRAS3\/\" target=\"_blank\" rel=\"noopener\" data-force=\"yes\" data-priority=\"2\">Fras-le<\/a> at\u00e9 o<strong> final do preg\u00e3o do dia 21 de dezembro de 2021<\/strong>. A partir do dia seguinte, as a\u00e7\u00f5es ser\u00e3o negociadas sem conceder direito ao JCP. O pagamento ser\u00e1 efetuado no dia 19 de janeiro de 2022.<\/p>\n<p>As<strong> a\u00e7\u00f5es da Fras-le<\/strong> encerraram o preg\u00e3o de hoje em alta de 0,37%, cotada a R$ 13,50. No acumulado do ano o cen\u00e1rio fica melhor, coma empresa registrando crescimento de 28,33%.<\/p>\n\t<p>\n\t\t<a href=\"https:\/\/lp.suno.com.br\/planilha-da-vida-financeira\/\" target=\"_blank\" data-element=\"shortcode-suno-banner\" title=\"Banner SUNO, clique e saiba mais\">\n\t\t\t<picture>\n\t\t\t\t<source media=\"(max-width: 500px)\" srcset=\"https:\/\/files.sunoresearch.com.br\/n\/uploads\/2023\/04\/400x300-Planilha-vida-financeira-true.png\">\n\t\t\t\t<img class=\"newsContent__article__imgCapa newsContent__article__imgCapa--banner\"\n\t\t\t\t\tsrc=\"https:\/\/files.sunoresearch.com.br\/n\/uploads\/2023\/04\/1420x240-Planilha-vida-financeira-true.png\"\n\t\t\t\t\tdata-promo-id=\"106682\"\t\t\t\t\t\t\t\t\t\twidth='1420' height='240'\t\t\t\t\talt=\"https:\/\/files.sunoresearch.com.br\/n\/uploads\/2023\/04\/1420x240-Planilha-vida-financeira-true.png\"\n\t\t\t\t>\n\t\t\t<\/picture>\n\t\t<\/a>\n\t<\/p>\n\n\n<h2>Fras-le e Randon (RAPT3) lan\u00e7am empresa dedicada a obter ni\u00f3bio<\/h2>\n<p>A <strong>Randon<\/strong> (RAPT3) e sua controlada Fras-le lan\u00e7aram oficialmente uma empresa dedicada a obter nanopart\u00edculas de ni\u00f3bio, batizada de Nione. A empresa ter\u00e1 como foco o uso da tecnologia em materiais em ind\u00fastrias como a sider\u00fargica e a automobil\u00edstica.<\/p>\n<p>O <strong>ni\u00f3bio<\/strong>, metal que nos \u00faltimos anos ganhou fama por causa das defesas feitas pelo presidente<strong> Jair Bolsonaro<\/strong>, tem sido uma aposta da ind\u00fastria automotiva e poder\u00e1 ser pe\u00e7a-chave na corrida pelos carros el\u00e9tricos. O Pa\u00eds responde hoje por 90% da produ\u00e7\u00e3o de ni\u00f3bio no mundo, com boa parte do volume concentrado na CBMM, que pertence \u00e0<strong> fam\u00edlia Moreira Salles<\/strong>.<\/p>\n\t<p>\n\t\t<a href=\"https:\/\/lp.suno.com.br\/ebook-como-analisar-uma-acao\/\" target=\"_blank\" data-element=\"shortcode-suno-banner\" title=\"Banner SUNO, clique e saiba mais\">\n\t\t\t<picture>\n\t\t\t\t<source media=\"(max-width: 500px)\" srcset=\"https:\/\/files.sunoresearch.com.br\/n\/uploads\/2023\/03\/Ebook-Acoes-Mobile-1.jpg\">\n\t\t\t\t<img class=\"newsContent__article__imgCapa newsContent__article__imgCapa--banner\"\n\t\t\t\t\tsrc=\"https:\/\/files.sunoresearch.com.br\/n\/uploads\/2023\/03\/Ebook-Acoes-Desktop-1.jpg\"\n\t\t\t\t\tdata-promo-id=\"171998\"\t\t\t\t\t\t\t\t\t\twidth='1420' height='286'\t\t\t\t\talt=\"https:\/\/files.sunoresearch.com.br\/n\/uploads\/2023\/03\/Ebook-Acoes-Desktop-1.jpg\"\n\t\t\t\t>\n\t\t\t<\/picture>\n\t\t<\/a>\n\t<\/p>\n\n\n<p>O material permite potencializar as caracter\u00edsticas de outros insumos \u2013 provendo mais durabilidade e diminuindo o peso, algo relevante na medida em que se busca mais sustentabilidade da <strong>ind\u00fastria automobil\u00edstica<\/strong>. A patente relativa \u00e0 obten\u00e7\u00e3o das<strong> nanopart\u00edculas de ni\u00f3bio<\/strong> j\u00e1 foi requerida pela Fras-le.<\/p>\n\t<div data-element=\"shortcode-read-more\" class=\"knowMore\">\n\t\t\t\t<span class=\"knowMore__title\">Saiba mais<\/span>\n\t\t\t\t<a class=\"knowMore__link\" href=\"https:\/\/www.suno.com.br\/noticias\/xp-recomenda-autopecas-randon-rapt3\/\">\n\t\t\tXP recomenda a\u00e7\u00f5es do setor de autope\u00e7as e destaca: &quot;Randon (RAPT3) \u00e9 nossa preferida&quot;\t\t<\/a>\n\t<\/div>\n\n\n<p>Vice-presidente do Grupo Randon e presidente da <strong>Fras-le<\/strong>, Sergio Carvalho aponta que o desenvolvimento desse novo produto come\u00e7ou em 2017, momento em que o grupo criou uma divis\u00e3o dedicada a novas tecnologias. \u201cEst\u00e1vamos em busca de melhorar as propriedades mec\u00e2nicas de uma determinada pe\u00e7a e descobrimos esse processo de manufatura, com benef\u00edcios em rela\u00e7\u00e3o ao peso e \u00e0 sustentabilidade\u201d, diz. Segundo o executivo, um dos\u00a0<strong>problemas do uso do ni\u00f3bio era seu alto custo<\/strong>, o que inviabilizava seu uso em escala comercial \u2013 quest\u00e3o que pode ser resolvida com as nanopart\u00edculas<\/p>\n\t<p>\n\t\t<a href=\"\" target=\"_blank\" data-element=\"shortcode-suno-banner\" title=\"Banner SUNO, clique e saiba mais\">\n\t\t\t<picture>\n\t\t\t\t<source media=\"(max-width: 500px)\" srcset=\"\">\n\t\t\t\t<img class=\"newsContent__article__imgCapa newsContent__article__imgCapa--banner\"\n\t\t\t\t\tsrc=\"\"\n\t\t\t\t\tdata-promo-id=\"184190\"\t\t\t\t\t\t\t\t\t\t\t\t\t\t\talt=\"\"\n\t\t\t\t>\n\t\t\t<\/picture>\n\t\t<\/a>\n\t<\/p>\n\n\n","protected":false},"excerpt":{"rendered":"<p>A Fras-le (FRAS3) aprovou nesta quinta (16) a distribui\u00e7\u00e3o de Juros sobre Capital Pr\u00f3prio (JCP) no valor total de R$ 23 milh\u00f5es. Fras-le (FRAS3) O valor unit\u00e1rio do JCP da Fras-le \u00e9 de R$ 0,107 por a\u00e7\u00e3o ordin\u00e1ria, com montante sujeito \u00e0 incid\u00eancia de imposto de renda na fonte. Ter\u00e3o direito ao recebimento dos JCP [&hellip;]<\/p>\n","protected":false},"author":118,"featured_media":109840,"comment_status":"closed","ping_status":"closed","sticky":false,"template":"","format":"standard","meta":[],"categories":[64],"tags":[482,1957],"suno_strategy":[],"class_list":["post-216241","post","type-post","status-publish","format-standard","has-post-thumbnail","hentry","category-negocios","tag-fras-le-fras3","tag-juros-sobre-capital-proprio-jcp"],"yoast_head":"<!-- This site is optimized with the Yoast SEO plugin v24.4 - https:\/\/yoast.com\/wordpress\/plugins\/seo\/ -->\n<title>Fras-le (FRAS3) anuncia pagamento de JCP de R$ 23 milh\u00f5es<\/title>\n<meta name=\"description\" content=\"A Fras-le (FRAS3) aprovou nesta quinta (16) a distribui\u00e7\u00e3o de Juros sobre Capital Pr\u00f3prio (JCP) no valor total de R$ 23 milh\u00f5es. Confira!\" \/>\n<meta name=\"robots\" content=\"index, follow, max-snippet:-1, max-image-preview:large, max-video-preview:-1\" \/>\n<link rel=\"canonical\" href=\"https:\/\/www.suno.com.br\/noticias\/fras-le-fras3-aprova-distribuicao-jcp-r-23-milhoes\/\" \/>\n<meta property=\"og:locale\" content=\"pt_BR\" \/>\n<meta property=\"og:type\" content=\"article\" \/>\n<meta property=\"og:title\" content=\"Fras-le (FRAS3) anuncia pagamento de JCP de R$ 23 milh\u00f5es\" \/>\n<meta property=\"og:description\" content=\"A Fras-le (FRAS3) aprovou nesta quinta (16) a distribui\u00e7\u00e3o de Juros sobre Capital Pr\u00f3prio (JCP) no valor total de R$ 23 milh\u00f5es. Confira!\" \/>\n<meta property=\"og:url\" content=\"https:\/\/www.suno.com.br\/noticias\/fras-le-fras3-aprova-distribuicao-jcp-r-23-milhoes\/\" \/>\n<meta property=\"og:site_name\" content=\"Suno Not\u00edcias\" \/>\n<meta property=\"article:publisher\" content=\"https:\/\/facebook.com\/sunoresearch\" \/>\n<meta property=\"og:image\" content=\"https:\/\/files.sunoresearch.com.br\/n\/uploads\/2020\/12\/c38195b5-fras-le.jpg\" \/>\n\t<meta property=\"og:image:width\" content=\"1200\" \/>\n\t<meta property=\"og:image:height\" content=\"798\" \/>\n\t<meta property=\"og:image:type\" content=\"image\/jpeg\" \/>\n<meta name=\"author\" content=\"Bruno Galv\u00e3o\" \/>\n<meta name=\"twitter:card\" content=\"summary_large_image\" \/>\n<meta name=\"twitter:creator\" content=\"@sunoresearch\" \/>\n<meta name=\"twitter:site\" content=\"@sunoresearch\" \/>\n<meta name=\"twitter:label1\" content=\"Escrito por\" \/>\n\t<meta name=\"twitter:data1\" content=\"Bruno Galv\u00e3o\" \/>\n\t<meta name=\"twitter:label2\" content=\"Est. tempo de leitura\" \/>\n\t<meta name=\"twitter:data2\" content=\"2 minutos\" \/>\n<script type=\"application\/ld+json\" class=\"yoast-schema-graph\">{\"@context\":\"https:\/\/schema.org\",\"@graph\":[{\"@type\":\"NewsArticle\",\"@id\":\"https:\/\/www.suno.com.br\/noticias\/fras-le-fras3-aprova-distribuicao-jcp-r-23-milhoes\/#article\",\"isPartOf\":{\"@id\":\"https:\/\/www.suno.com.br\/noticias\/fras-le-fras3-aprova-distribuicao-jcp-r-23-milhoes\/\"},\"author\":{\"name\":\"Bruno Galv\u00e3o\",\"@id\":\"https:\/\/www.suno.com.br\/noticias\/#\/schema\/person\/06f0d962a6b1c54852e4860f16935600\"},\"headline\":\"Fras-le (FRAS3) anuncia pagamento de JCP de R$ 23 milh\u00f5es\",\"datePublished\":\"2021-12-16T22:54:55+00:00\",\"mainEntityOfPage\":{\"@id\":\"https:\/\/www.suno.com.br\/noticias\/fras-le-fras3-aprova-distribuicao-jcp-r-23-milhoes\/\"},\"wordCount\":431,\"publisher\":{\"@id\":\"https:\/\/www.suno.com.br\/noticias\/#organization\"},\"image\":{\"@id\":\"https:\/\/www.suno.com.br\/noticias\/fras-le-fras3-aprova-distribuicao-jcp-r-23-milhoes\/#primaryimage\"},\"thumbnailUrl\":\"https:\/\/files.sunoresearch.com.br\/n\/uploads\/2020\/12\/c38195b5-fras-le-jpg.webp\",\"keywords\":[\"Fras-le (FRAS3)\",\"juros sobre capital pr\u00f3prio (JCP)\"],\"articleSection\":[\"Neg\u00f3cios\"],\"inLanguage\":\"pt-BR\"},{\"@type\":\"WebPage\",\"@id\":\"https:\/\/www.suno.com.br\/noticias\/fras-le-fras3-aprova-distribuicao-jcp-r-23-milhoes\/\",\"url\":\"https:\/\/www.suno.com.br\/noticias\/fras-le-fras3-aprova-distribuicao-jcp-r-23-milhoes\/\",\"name\":\"Fras-le (FRAS3) anuncia pagamento de JCP de R$ 23 milh\u00f5es\",\"isPartOf\":{\"@id\":\"https:\/\/www.suno.com.br\/noticias\/#website\"},\"primaryImageOfPage\":{\"@id\":\"https:\/\/www.suno.com.br\/noticias\/fras-le-fras3-aprova-distribuicao-jcp-r-23-milhoes\/#primaryimage\"},\"image\":{\"@id\":\"https:\/\/www.suno.com.br\/noticias\/fras-le-fras3-aprova-distribuicao-jcp-r-23-milhoes\/#primaryimage\"},\"thumbnailUrl\":\"https:\/\/files.sunoresearch.com.br\/n\/uploads\/2020\/12\/c38195b5-fras-le-jpg.webp\",\"datePublished\":\"2021-12-16T22:54:55+00:00\",\"description\":\"A Fras-le (FRAS3) aprovou nesta quinta (16) a distribui\u00e7\u00e3o de Juros sobre Capital Pr\u00f3prio (JCP) no valor total de R$ 23 milh\u00f5es. Confira!\",\"breadcrumb\":{\"@id\":\"https:\/\/www.suno.com.br\/noticias\/fras-le-fras3-aprova-distribuicao-jcp-r-23-milhoes\/#breadcrumb\"},\"inLanguage\":\"pt-BR\",\"potentialAction\":[{\"@type\":\"ReadAction\",\"target\":[\"https:\/\/www.suno.com.br\/noticias\/fras-le-fras3-aprova-distribuicao-jcp-r-23-milhoes\/\"]}]},{\"@type\":\"ImageObject\",\"inLanguage\":\"pt-BR\",\"@id\":\"https:\/\/www.suno.com.br\/noticias\/fras-le-fras3-aprova-distribuicao-jcp-r-23-milhoes\/#primaryimage\",\"url\":\"https:\/\/files.sunoresearch.com.br\/n\/uploads\/2020\/12\/c38195b5-fras-le-jpg.webp\",\"contentUrl\":\"https:\/\/files.sunoresearch.com.br\/n\/uploads\/2020\/12\/c38195b5-fras-le-jpg.webp\",\"width\":1200,\"height\":798,\"caption\":\"Fras-le (FRAS3)\"},{\"@type\":\"BreadcrumbList\",\"@id\":\"https:\/\/www.suno.com.br\/noticias\/fras-le-fras3-aprova-distribuicao-jcp-r-23-milhoes\/#breadcrumb\",\"itemListElement\":[{\"@type\":\"ListItem\",\"position\":1,\"name\":\"Not\u00edcias\",\"item\":\"https:\/\/www.suno.com.br\/noticias\/\"},{\"@type\":\"ListItem\",\"position\":2,\"name\":\"Neg\u00f3cios\",\"item\":\"https:\/\/www.suno.com.br\/noticias\/negocios\/\"},{\"@type\":\"ListItem\",\"position\":3,\"name\":\"Fras-le (FRAS3) anuncia pagamento de JCP de R$ 23 milh\u00f5es\"}]},{\"@type\":\"WebSite\",\"@id\":\"https:\/\/www.suno.com.br\/noticias\/#website\",\"url\":\"https:\/\/www.suno.com.br\/noticias\/\",\"name\":\"Suno Not\u00edcias\",\"description\":\"Seu portal de informa\u00e7\u00e3o sobre o mundo dos investimentos\",\"publisher\":{\"@id\":\"https:\/\/www.suno.com.br\/noticias\/#organization\"},\"potentialAction\":[{\"@type\":\"SearchAction\",\"target\":{\"@type\":\"EntryPoint\",\"urlTemplate\":\"https:\/\/www.suno.com.br\/noticias\/?s={search_term_string}\"},\"query-input\":{\"@type\":\"PropertyValueSpecification\",\"valueRequired\":true,\"valueName\":\"search_term_string\"}}],\"inLanguage\":\"pt-BR\"},{\"@type\":\"Organization\",\"@id\":\"https:\/\/www.suno.com.br\/noticias\/#organization\",\"name\":\"Suno Not\u00edcias\",\"url\":\"https:\/\/www.suno.com.br\/noticias\/\",\"logo\":{\"@type\":\"ImageObject\",\"inLanguage\":\"pt-BR\",\"@id\":\"https:\/\/www.suno.com.br\/noticias\/#\/schema\/logo\/image\/\",\"url\":\"https:\/\/files.sunoresearch.com.br\/n\/uploads\/2021\/09\/suno-logo.png\",\"contentUrl\":\"https:\/\/files.sunoresearch.com.br\/n\/uploads\/2021\/09\/suno-logo.png\",\"width\":180,\"height\":180,\"caption\":\"Suno Not\u00edcias\"},\"image\":{\"@id\":\"https:\/\/www.suno.com.br\/noticias\/#\/schema\/logo\/image\/\"},\"sameAs\":[\"https:\/\/facebook.com\/sunoresearch\",\"https:\/\/x.com\/sunoresearch\",\"https:\/\/www.instagram.com\/suno\",\"https:\/\/www.linkedin.com\/company\/suno-research\/\",\"https:\/\/www.youtube.com\/c\/sunoresearch\"]},{\"@type\":\"Person\",\"@id\":\"https:\/\/www.suno.com.br\/noticias\/#\/schema\/person\/06f0d962a6b1c54852e4860f16935600\",\"name\":\"Bruno Galv\u00e3o\",\"image\":{\"@type\":\"ImageObject\",\"inLanguage\":\"pt-BR\",\"@id\":\"https:\/\/www.suno.com.br\/noticias\/#\/schema\/person\/image\/\",\"url\":\"https:\/\/secure.gravatar.com\/avatar\/53598df0b41c00f12f287a912d0e918e?s=96&r=g\",\"contentUrl\":\"https:\/\/secure.gravatar.com\/avatar\/53598df0b41c00f12f287a912d0e918e?s=96&r=g\",\"caption\":\"Bruno Galv\u00e3o\"},\"description\":\"Escreve para o portal Suno Not\u00edcias. \u00c9 estudante de Jornalismo pela Faculdade C\u00e1sper L\u00edbero e Letras pela USP. Entusiasta de tecnologia e intelig\u00eancia artificial.\",\"url\":\"https:\/\/www.suno.com.br\/noticias\/author\/bruno-garcia\/\"}]}<\/script>\n<!-- \/ Yoast SEO plugin. -->","yoast_head_json":{"title":"Fras-le (FRAS3) anuncia pagamento de JCP de R$ 23 milh\u00f5es","description":"A Fras-le (FRAS3) aprovou nesta quinta (16) a distribui\u00e7\u00e3o de Juros sobre Capital Pr\u00f3prio (JCP) no valor total de R$ 23 milh\u00f5es. Confira!","robots":{"index":"index","follow":"follow","max-snippet":"max-snippet:-1","max-image-preview":"max-image-preview:large","max-video-preview":"max-video-preview:-1"},"canonical":"https:\/\/www.suno.com.br\/noticias\/fras-le-fras3-aprova-distribuicao-jcp-r-23-milhoes\/","og_locale":"pt_BR","og_type":"article","og_title":"Fras-le (FRAS3) anuncia pagamento de JCP de R$ 23 milh\u00f5es","og_description":"A Fras-le (FRAS3) aprovou nesta quinta (16) a distribui\u00e7\u00e3o de Juros sobre Capital Pr\u00f3prio (JCP) no valor total de R$ 23 milh\u00f5es. Confira!","og_url":"https:\/\/www.suno.com.br\/noticias\/fras-le-fras3-aprova-distribuicao-jcp-r-23-milhoes\/","og_site_name":"Suno Not\u00edcias","article_publisher":"https:\/\/facebook.com\/sunoresearch","og_image":[{"width":1200,"height":798,"url":"https:\/\/files.sunoresearch.com.br\/n\/uploads\/2020\/12\/c38195b5-fras-le.jpg","type":"image\/jpeg"}],"author":"Bruno Galv\u00e3o","twitter_card":"summary_large_image","twitter_creator":"@sunoresearch","twitter_site":"@sunoresearch","twitter_misc":{"Escrito por":"Bruno Galv\u00e3o","Est. tempo de leitura":"2 minutos"},"schema":{"@context":"https:\/\/schema.org","@graph":[{"@type":"NewsArticle","@id":"https:\/\/www.suno.com.br\/noticias\/fras-le-fras3-aprova-distribuicao-jcp-r-23-milhoes\/#article","isPartOf":{"@id":"https:\/\/www.suno.com.br\/noticias\/fras-le-fras3-aprova-distribuicao-jcp-r-23-milhoes\/"},"author":{"name":"Bruno Galv\u00e3o","@id":"https:\/\/www.suno.com.br\/noticias\/#\/schema\/person\/06f0d962a6b1c54852e4860f16935600"},"headline":"Fras-le (FRAS3) anuncia pagamento de JCP de R$ 23 milh\u00f5es","datePublished":"2021-12-16T22:54:55+00:00","mainEntityOfPage":{"@id":"https:\/\/www.suno.com.br\/noticias\/fras-le-fras3-aprova-distribuicao-jcp-r-23-milhoes\/"},"wordCount":431,"publisher":{"@id":"https:\/\/www.suno.com.br\/noticias\/#organization"},"image":{"@id":"https:\/\/www.suno.com.br\/noticias\/fras-le-fras3-aprova-distribuicao-jcp-r-23-milhoes\/#primaryimage"},"thumbnailUrl":"https:\/\/files.sunoresearch.com.br\/n\/uploads\/2020\/12\/c38195b5-fras-le-jpg.webp","keywords":["Fras-le (FRAS3)","juros sobre capital pr\u00f3prio (JCP)"],"articleSection":["Neg\u00f3cios"],"inLanguage":"pt-BR"},{"@type":"WebPage","@id":"https:\/\/www.suno.com.br\/noticias\/fras-le-fras3-aprova-distribuicao-jcp-r-23-milhoes\/","url":"https:\/\/www.suno.com.br\/noticias\/fras-le-fras3-aprova-distribuicao-jcp-r-23-milhoes\/","name":"Fras-le (FRAS3) anuncia pagamento de JCP de R$ 23 milh\u00f5es","isPartOf":{"@id":"https:\/\/www.suno.com.br\/noticias\/#website"},"primaryImageOfPage":{"@id":"https:\/\/www.suno.com.br\/noticias\/fras-le-fras3-aprova-distribuicao-jcp-r-23-milhoes\/#primaryimage"},"image":{"@id":"https:\/\/www.suno.com.br\/noticias\/fras-le-fras3-aprova-distribuicao-jcp-r-23-milhoes\/#primaryimage"},"thumbnailUrl":"https:\/\/files.sunoresearch.com.br\/n\/uploads\/2020\/12\/c38195b5-fras-le-jpg.webp","datePublished":"2021-12-16T22:54:55+00:00","description":"A Fras-le (FRAS3) aprovou nesta quinta (16) a distribui\u00e7\u00e3o de Juros sobre Capital Pr\u00f3prio (JCP) no valor total de R$ 23 milh\u00f5es. Confira!","breadcrumb":{"@id":"https:\/\/www.suno.com.br\/noticias\/fras-le-fras3-aprova-distribuicao-jcp-r-23-milhoes\/#breadcrumb"},"inLanguage":"pt-BR","potentialAction":[{"@type":"ReadAction","target":["https:\/\/www.suno.com.br\/noticias\/fras-le-fras3-aprova-distribuicao-jcp-r-23-milhoes\/"]}]},{"@type":"ImageObject","inLanguage":"pt-BR","@id":"https:\/\/www.suno.com.br\/noticias\/fras-le-fras3-aprova-distribuicao-jcp-r-23-milhoes\/#primaryimage","url":"https:\/\/files.sunoresearch.com.br\/n\/uploads\/2020\/12\/c38195b5-fras-le-jpg.webp","contentUrl":"https:\/\/files.sunoresearch.com.br\/n\/uploads\/2020\/12\/c38195b5-fras-le-jpg.webp","width":1200,"height":798,"caption":"Fras-le (FRAS3)"},{"@type":"BreadcrumbList","@id":"https:\/\/www.suno.com.br\/noticias\/fras-le-fras3-aprova-distribuicao-jcp-r-23-milhoes\/#breadcrumb","itemListElement":[{"@type":"ListItem","position":1,"name":"Not\u00edcias","item":"https:\/\/www.suno.com.br\/noticias\/"},{"@type":"ListItem","position":2,"name":"Neg\u00f3cios","item":"https:\/\/www.suno.com.br\/noticias\/negocios\/"},{"@type":"ListItem","position":3,"name":"Fras-le (FRAS3) anuncia pagamento de JCP de R$ 23 milh\u00f5es"}]},{"@type":"WebSite","@id":"https:\/\/www.suno.com.br\/noticias\/#website","url":"https:\/\/www.suno.com.br\/noticias\/","name":"Suno Not\u00edcias","description":"Seu portal de informa\u00e7\u00e3o sobre o mundo dos investimentos","publisher":{"@id":"https:\/\/www.suno.com.br\/noticias\/#organization"},"potentialAction":[{"@type":"SearchAction","target":{"@type":"EntryPoint","urlTemplate":"https:\/\/www.suno.com.br\/noticias\/?s={search_term_string}"},"query-input":{"@type":"PropertyValueSpecification","valueRequired":true,"valueName":"search_term_string"}}],"inLanguage":"pt-BR"},{"@type":"Organization","@id":"https:\/\/www.suno.com.br\/noticias\/#organization","name":"Suno Not\u00edcias","url":"https:\/\/www.suno.com.br\/noticias\/","logo":{"@type":"ImageObject","inLanguage":"pt-BR","@id":"https:\/\/www.suno.com.br\/noticias\/#\/schema\/logo\/image\/","url":"https:\/\/files.sunoresearch.com.br\/n\/uploads\/2021\/09\/suno-logo.png","contentUrl":"https:\/\/files.sunoresearch.com.br\/n\/uploads\/2021\/09\/suno-logo.png","width":180,"height":180,"caption":"Suno Not\u00edcias"},"image":{"@id":"https:\/\/www.suno.com.br\/noticias\/#\/schema\/logo\/image\/"},"sameAs":["https:\/\/facebook.com\/sunoresearch","https:\/\/x.com\/sunoresearch","https:\/\/www.instagram.com\/suno","https:\/\/www.linkedin.com\/company\/suno-research\/","https:\/\/www.youtube.com\/c\/sunoresearch"]},{"@type":"Person","@id":"https:\/\/www.suno.com.br\/noticias\/#\/schema\/person\/06f0d962a6b1c54852e4860f16935600","name":"Bruno Galv\u00e3o","image":{"@type":"ImageObject","inLanguage":"pt-BR","@id":"https:\/\/www.suno.com.br\/noticias\/#\/schema\/person\/image\/","url":"https:\/\/secure.gravatar.com\/avatar\/53598df0b41c00f12f287a912d0e918e?s=96&r=g","contentUrl":"https:\/\/secure.gravatar.com\/avatar\/53598df0b41c00f12f287a912d0e918e?s=96&r=g","caption":"Bruno Galv\u00e3o"},"description":"Escreve para o portal Suno Not\u00edcias. \u00c9 estudante de Jornalismo pela Faculdade C\u00e1sper L\u00edbero e Letras pela USP. Entusiasta de tecnologia e intelig\u00eancia artificial.","url":"https:\/\/www.suno.com.br\/noticias\/author\/bruno-garcia\/"}]}},"default_loop_html":"<div class=\"cardsPage__listCard__boxs\"><div class=\"cardsPage__listCard__boxs__img\"><a href=\"https:\/\/www.suno.com.br\/noticias\/fras-le-fras3-aprova-distribuicao-jcp-r-23-milhoes\/\"><img class=\"mask\" src=\"https:\/\/www.suno.com.br\/noticias\/wp-content\/themes\/suno\/resources\/images\/spotlight\/spotlight1img\/bg-mask.png\" alt=\"Image Mask\"\/><img src=\"https:\/\/files.sunoresearch.com.br\/n\/uploads\/2020\/12\/c38195b5-fras-le-400x200.webp\" alt=\"Fras-le (FRAS3) anuncia pagamento de JCP de R$ 23 milh\u00f5es\"\/><\/a><span class=\"spotlightCategory\"><a href=\"https:\/\/www.suno.com.br\/noticias\/negocios\/\">Neg\u00f3cios<\/a><\/span><\/div><div class=\"cardsPage__listCard__boxs__content\"><a href=\"https:\/\/www.suno.com.br\/noticias\/fras-le-fras3-aprova-distribuicao-jcp-r-23-milhoes\/\"><h2 class=\"content__title\">Fras-le (FRAS3) anuncia pagamento de JCP de R$ 23 milh\u00f5es<\/h2><\/a><div class=\"newsContent__article__meta\"><div class=\"newsContent__article__meta__authorBox\"><a href=\"https:\/\/www.suno.com.br\/noticias\/author\/bruno-garcia\/\" class=\"authorBox__avatar noMobi\"><img src=\"https:\/\/secure.gravatar.com\/avatar\/53598df0b41c00f12f287a912d0e918e?s=96&#038;r=g\" alt=\"Bruno Galv\u00e3o\"><\/a><div class=\"authorBox__name\"><span>por\n\t\t\t<a href=\"https:\/\/www.suno.com.br\/noticias\/author\/bruno-garcia\/\"><span itemprop=\"author\">Bruno Galv\u00e3o<\/span><\/a><\/span><time datetime=\"2021-12-16T19:54:55-03:00\" itemprop=\"datePublished\">16\/12\/2021 19:54<\/time><\/div><\/div><\/div><\/div><\/div>","single_layout":"posts","amp_enabled":true,"_links":{"self":[{"href":"https:\/\/www.suno.com.br\/noticias\/wp-json\/wp\/v2\/posts\/216241"}],"collection":[{"href":"https:\/\/www.suno.com.br\/noticias\/wp-json\/wp\/v2\/posts"}],"about":[{"href":"https:\/\/www.suno.com.br\/noticias\/wp-json\/wp\/v2\/types\/post"}],"author":[{"embeddable":true,"href":"https:\/\/www.suno.com.br\/noticias\/wp-json\/wp\/v2\/users\/118"}],"replies":[{"embeddable":true,"href":"https:\/\/www.suno.com.br\/noticias\/wp-json\/wp\/v2\/comments?post=216241"}],"version-history":[{"count":3,"href":"https:\/\/www.suno.com.br\/noticias\/wp-json\/wp\/v2\/posts\/216241\/revisions"}],"predecessor-version":[{"id":216258,"href":"https:\/\/www.suno.com.br\/noticias\/wp-json\/wp\/v2\/posts\/216241\/revisions\/216258"}],"wp:featuredmedia":[{"embeddable":true,"href":"https:\/\/www.suno.com.br\/noticias\/wp-json\/wp\/v2\/media\/109840"}],"wp:attachment":[{"href":"https:\/\/www.suno.com.br\/noticias\/wp-json\/wp\/v2\/media?parent=216241"}],"wp:term":[{"taxonomy":"category","embeddable":true,"href":"https:\/\/www.suno.com.br\/noticias\/wp-json\/wp\/v2\/categories?post=216241"},{"taxonomy":"post_tag","embeddable":true,"href":"https:\/\/www.suno.com.br\/noticias\/wp-json\/wp\/v2\/tags?post=216241"},{"taxonomy":"suno_strategy","embeddable":true,"href":"https:\/\/www.suno.com.br\/noticias\/wp-json\/wp\/v2\/suno_strategy?post=216241"}],"curies":[{"name":"wp","href":"https:\/\/api.w.org\/{rel}","templated":true}]}}