{"id":21608,"date":"2019-04-18T14:26:40","date_gmt":"2019-04-18T17:26:40","guid":{"rendered":"https:\/\/www.suno.com.br\/noticias\/?p=21608"},"modified":"2019-04-18T14:47:04","modified_gmt":"2019-04-18T17:47:04","slug":"azul-desiste-avianca-gol-latam-evitar-concorrencia","status":"publish","type":"post","link":"https:\/\/www.suno.com.br\/noticias\/azul-desiste-avianca-gol-latam-evitar-concorrencia\/","title":{"rendered":"Azul desiste de oferta pela Avianca e acusa Gol e Latam de evitar concorr\u00eancia"},"content":{"rendered":"<p>A Azul anunciou que retirou a oferta feita para a compra de parte das opera\u00e7\u00f5es da\u00a0<strong>Avianca Brasil.<\/strong>\u00a0A <strong>companhia a\u00e9rea<\/strong> acusou as rivais do setor, <strong>Gol<\/strong> e <strong>Latam,<\/strong> de agirem para evitar a concorr\u00eancia na ponte a\u00e9rea S\u00e3o Paulo-Rio de Janeiro.<\/p>\t<div class=\"wrapper-featured-image\">\n\t\t<figure class=\"spotlightImg\">\n\n\t\t\t<picture>\n\t\t\t\t<source media=\"(max-width: 768px)\" srcset=\"https:\/\/files.sunoresearch.com.br\/n\/uploads\/2019\/01\/a4bbc194-avi\u00e3o-embraer-usado-pela-azul-400x200.webp\">\n\t\t\t\t<img loading=\"lazy\" decoding=\"async\" class=\"newsContent__article__imgCapa lazyloadDisabled newsContent__article__imgCapa--noCaption\" src=\"https:\/\/files.sunoresearch.com.br\/n\/uploads\/2019\/01\/a4bbc194-avi\u00e3o-embraer-usado-pela-azul-800x450.webp\" width=\"800\" height=\"450\" alt=\"Azul desiste de oferta pela Avianca e acusa Gol e Latam de evitar concorr\u00eancia\" fetchpriority=high \/>\n\t\t\t<\/picture>\n\n\t\t\t<figcaption class=\"wp-caption-text wp-caption-text--hide\">Azul (AZUL4). Foto: Divulga\u00e7\u00e3o.<\/figcaption>\n\t\t<\/figure>\n\t<\/div>\n\n\n<p>O presidente-executivo da <strong>Azul,<\/strong>\u00a0<strong>John Rodgerson,<\/strong> fez o an\u00fancio no <strong>Pal\u00e1cio dos Bandeirantes.<\/strong>\u00a0Rodgerson informou tamb\u00e9m sobre uma nova rota de opera\u00e7\u00f5es em Araraquara e no Guaruj\u00e1 (SP).<\/p>\n\n<p>A decis\u00e3o acaba com um acordo de US$ 105 milh\u00f5es feito pela <strong>Azul<\/strong> para compra de ativos da <strong>Avianca. <\/strong>Logo depois do acordo n\u00e3o vinculante, as duas principais rivais\u00a0anunciaram ofertas de US$ 70 milh\u00f5es pelos ativos.<\/p>\n<p><a href=\"https:\/\/www.suno.com.br\/noticias\/avianca-reducao-voos-pascoa\/\">Saiba Mais: Avianca ter\u00e1 612 voos a menos do que na \u00faltima P\u00e1scoa<\/a><\/p>\n<p>Para <strong>John Rodgerson,<\/strong> a atua\u00e7\u00e3o protecionista das companhias a\u00e9reas causa preju\u00edzos ao consumidor que precisa viajar do trecho que parte de Congonhas para o Rio de Janeiro.<\/p>\n<h2>Recupera\u00e7\u00e3o judicial<\/h2>\n<p>A Avianca \u00e9 a quarta maior <strong>companhia a\u00e9rea<\/strong> do Brasil e est\u00e1 em recupera\u00e7\u00e3o judicial desde 2018. O pedido foi registrado na 1\u00aa Vara Empresarial de S\u00e3o Paulo em 10 de dezembro, ap\u00f3s crescentes preju\u00edzos e atrasos em pagamentos de arrendamento de aeronaves.<\/p>\n<p>Tr\u00eas empresas de leasing j\u00e1 pediram restitui\u00e7\u00e3o de <strong>avi\u00f5es<\/strong> por conta da falta de pagamento. A companhia a\u00e9rea tinha assegurado que nenhuma das opera\u00e7\u00f5es seriam afetadas, mesmo com o processo de recupera\u00e7\u00e3o judicial<\/p>\n<p>Por causa da falta de pagamento, os credores apresentaram recursos para a <strong>Anac.<\/strong> A ag\u00eancia recebeu pedidos por retirar as aeronaves operadas pela empresa do Registro Aeron\u00e1utico Brasileiro (RAB).<\/p>\n<p>&nbsp;<\/p>\n<p><a href=\"https:\/\/www.suno.com.br\/noticias\/avianca-brasil-devolver-oito-aeronaves\/\">Saiba Mais: Avianca Brasil ir\u00e1 devolver oito aeronaves at\u00e9 segunda, informa Anac<\/a><\/p>\n<p>Em caso de calote, as empresas donas das aeronaves podem pedir o cancelamento das matr\u00edculas dos avi\u00f5es. Isso porque a falta de pagamento por parte da <strong>Avianca<\/strong> seria um descumprimento da Conven\u00e7\u00e3o da Cidade do Cabo.<\/p>\n<p>No come\u00e7o de Janeiro, a <strong>Anac<\/strong> anunciou o cancelamento de dez matr\u00edculas de avi\u00f5es operados pela Avianca ap\u00f3s pedido da GE Capital Aviation Services (Gecas), dona das aeronaves.<\/p>\n\t<p>\n\t\t<a href=\"https:\/\/lp.suno.com.br\/minicurso-contabilidade\/\" target=\"_blank\" data-element=\"shortcode-suno-banner\" title=\"Banner SUNO, clique e saiba mais\">\n\t\t\t<picture>\n\t\t\t\t<source media=\"(max-width: 500px)\" srcset=\"https:\/\/files.sunoresearch.com.br\/n\/uploads\/2023\/03\/400x300-Minicurso-Contabilidade.png\">\n\t\t\t\t<img class=\"newsContent__article__imgCapa newsContent__article__imgCapa--banner\"\n\t\t\t\t\tsrc=\"https:\/\/files.sunoresearch.com.br\/n\/uploads\/2023\/03\/1420x240-Minicurso-Contabilidade.png\"\n\t\t\t\t\tdata-promo-id=\"383158\"\t\t\t\t\t\t\t\t\t\twidth='1420' height='240'\t\t\t\t\talt=\"https:\/\/files.sunoresearch.com.br\/n\/uploads\/2023\/03\/1420x240-Minicurso-Contabilidade.png\"\n\t\t\t\t>\n\t\t\t<\/picture>\n\t\t<\/a>\n\t<\/p>\n\n\n<p>A Gecas pedia para suspender o registro de dez aeronaves Airbus A320 usadas pela <strong>Avianca Brasil<\/strong> em opera\u00e7\u00e3o de voos. A Gecas \u00e9 uma empresa de leasing dona das aeronaves, com a qual a companhia a\u00e9rea tinha um contrato para os 10 avi\u00f5es.<\/p>\n<h2>Menos 612 voos na P\u00e1scoa<\/h2>\n<p>A <strong>Avianca Brasil<\/strong> reduziu seus <strong>voos<\/strong> de 987 na <strong>P\u00e1scoa<\/strong> de 2018 para 375 no feriado deste ano que come\u00e7a na sexta-feira (19). A redu\u00e7\u00e3o \u00e9 de 62%.<\/p>\n<p>Os dados refletem a situa\u00e7\u00e3o atual da <strong>Avianca.<\/strong>\u00a0A companhia j\u00e1 cancelou mais de 250 voos at\u00e9 o pr\u00f3ximo s\u00e1bado (20). O levantamento de compara\u00e7\u00e3o do feriado de P\u00e1scoa foi feito pelo G1 com base em dados da <strong>Ag\u00eancia Nacional de Avia\u00e7\u00e3o Civil (Anac)<\/strong>.<\/p>\n<p>De acordo com a ag\u00eancia, a frota de avi\u00f5es da <strong>Avianca<\/strong> ser\u00e1 reduzida at\u00e9 segunda-feira (22). A a\u00e9rea brasileira ter\u00e1 que devolver oito aeronaves.\u00a0De acordo com o \u00f3rg\u00e3o, a devolu\u00e7\u00e3o ocorrer\u00e1 aos poucos para\u00a0\u201cmitigar os efeitos para os passageiros\u201d.<\/p>\n<h2>Demanda Azul<\/h2>\n<p>E mar\u00e7o, o tr\u00e1fego de passageiros da <strong>Azul<\/strong> cresceu 15,6%.\u00a0 Se n\u00e3o fosse a desist\u00eancia da opera\u00e7\u00e3o, a a\u00e9rea praticamente dobraria sua presen\u00e7a no aeroporto de Congonhas, em S\u00e3o Paulo.<\/p>\n","protected":false},"excerpt":{"rendered":"<p>A Azul anunciou que retirou a oferta feita para a compra de parte das opera\u00e7\u00f5es da\u00a0Avianca Brasil.\u00a0A companhia a\u00e9rea acusou as rivais do setor, Gol e Latam, de agirem para evitar a concorr\u00eancia na ponte a\u00e9rea S\u00e3o Paulo-Rio de Janeiro. Azul (AZUL4). Foto: Divulga\u00e7\u00e3o. O presidente-executivo da Azul,\u00a0John Rodgerson, fez o an\u00fancio no Pal\u00e1cio dos [&hellip;]<\/p>\n","protected":false},"author":16,"featured_media":11416,"comment_status":"closed","ping_status":"closed","sticky":false,"template":"","format":"standard","meta":[],"categories":[64],"tags":[840,106932,489,739],"suno_strategy":[],"class_list":["post-21608","post","type-post","status-publish","format-standard","has-post-thumbnail","hentry","category-negocios","tag-avianca","tag-azul-azul4","tag-gol-linhas-aereas-goll11-goll4","tag-latam"],"yoast_head":"<!-- This site is optimized with the Yoast SEO plugin v24.4 - https:\/\/yoast.com\/wordpress\/plugins\/seo\/ -->\n<title>Azul desiste de oferta pela Avianca e acusa rivais de evitar concorr\u00eancia<\/title>\n<meta name=\"description\" content=\"A Azul acusa a Gol e a Latam de tentarem barrar a concorr\u00eancia na ponte a\u00e9rea Rio-S\u00e3o Paulo. Clique e saiba mais.\" \/>\n<meta name=\"robots\" content=\"index, follow, max-snippet:-1, max-image-preview:large, max-video-preview:-1\" \/>\n<link rel=\"canonical\" href=\"https:\/\/www.suno.com.br\/noticias\/azul-desiste-avianca-gol-latam-evitar-concorrencia\/\" \/>\n<meta property=\"og:locale\" content=\"pt_BR\" \/>\n<meta property=\"og:type\" content=\"article\" \/>\n<meta property=\"og:title\" content=\"Azul desiste de oferta pela Avianca e acusa rivais de evitar concorr\u00eancia\" \/>\n<meta property=\"og:description\" content=\"A Azul acusa a Gol e a Latam de tentarem barrar a concorr\u00eancia na ponte a\u00e9rea Rio-S\u00e3o Paulo. Clique e saiba mais.\" \/>\n<meta property=\"og:url\" content=\"https:\/\/www.suno.com.br\/noticias\/azul-desiste-avianca-gol-latam-evitar-concorrencia\/\" \/>\n<meta property=\"og:site_name\" content=\"Suno Not\u00edcias\" \/>\n<meta property=\"article:publisher\" content=\"https:\/\/facebook.com\/sunoresearch\" \/>\n<meta property=\"og:image\" content=\"https:\/\/files.sunoresearch.com.br\/n\/uploads\/2019\/01\/a4bbc194-avi\u00e3o-embraer-usado-pela-azul-1024x728.jpg\" \/>\n\t<meta property=\"og:image:width\" content=\"1024\" \/>\n\t<meta property=\"og:image:height\" content=\"728\" \/>\n\t<meta property=\"og:image:type\" content=\"image\/jpeg\" \/>\n<meta name=\"author\" content=\"Beatriz Oliveira\" \/>\n<meta name=\"twitter:card\" content=\"summary_large_image\" \/>\n<meta name=\"twitter:creator\" content=\"@sunoresearch\" \/>\n<meta name=\"twitter:site\" content=\"@sunoresearch\" \/>\n<meta name=\"twitter:label1\" content=\"Escrito por\" \/>\n\t<meta name=\"twitter:data1\" content=\"Beatriz Oliveira\" \/>\n\t<meta name=\"twitter:label2\" content=\"Est. tempo de leitura\" \/>\n\t<meta name=\"twitter:data2\" content=\"3 minutos\" \/>\n<script type=\"application\/ld+json\" class=\"yoast-schema-graph\">{\"@context\":\"https:\/\/schema.org\",\"@graph\":[{\"@type\":\"NewsArticle\",\"@id\":\"https:\/\/www.suno.com.br\/noticias\/azul-desiste-avianca-gol-latam-evitar-concorrencia\/#article\",\"isPartOf\":{\"@id\":\"https:\/\/www.suno.com.br\/noticias\/azul-desiste-avianca-gol-latam-evitar-concorrencia\/\"},\"author\":{\"name\":\"Beatriz Oliveira\",\"@id\":\"https:\/\/www.suno.com.br\/noticias\/#\/schema\/person\/e67f665add014bf99f644028de070cc3\"},\"headline\":\"Azul desiste de oferta pela Avianca e acusa Gol e Latam de evitar concorr\u00eancia\",\"datePublished\":\"2019-04-18T17:26:40+00:00\",\"dateModified\":\"2019-04-18T17:47:04+00:00\",\"mainEntityOfPage\":{\"@id\":\"https:\/\/www.suno.com.br\/noticias\/azul-desiste-avianca-gol-latam-evitar-concorrencia\/\"},\"wordCount\":589,\"publisher\":{\"@id\":\"https:\/\/www.suno.com.br\/noticias\/#organization\"},\"image\":{\"@id\":\"https:\/\/www.suno.com.br\/noticias\/azul-desiste-avianca-gol-latam-evitar-concorrencia\/#primaryimage\"},\"thumbnailUrl\":\"https:\/\/files.sunoresearch.com.br\/n\/uploads\/2019\/01\/a4bbc194-avi\u00e3o-embraer-usado-pela-azul-scaled.webp\",\"keywords\":[\"Avianca\",\"Azul (AZUL4)\",\"Gol Linhas A\u00e9reas (GOLL11\/GOLL4)\",\"Latam\"],\"articleSection\":[\"Neg\u00f3cios\"],\"inLanguage\":\"pt-BR\"},{\"@type\":\"WebPage\",\"@id\":\"https:\/\/www.suno.com.br\/noticias\/azul-desiste-avianca-gol-latam-evitar-concorrencia\/\",\"url\":\"https:\/\/www.suno.com.br\/noticias\/azul-desiste-avianca-gol-latam-evitar-concorrencia\/\",\"name\":\"Azul desiste de oferta pela Avianca e acusa rivais de evitar concorr\u00eancia\",\"isPartOf\":{\"@id\":\"https:\/\/www.suno.com.br\/noticias\/#website\"},\"primaryImageOfPage\":{\"@id\":\"https:\/\/www.suno.com.br\/noticias\/azul-desiste-avianca-gol-latam-evitar-concorrencia\/#primaryimage\"},\"image\":{\"@id\":\"https:\/\/www.suno.com.br\/noticias\/azul-desiste-avianca-gol-latam-evitar-concorrencia\/#primaryimage\"},\"thumbnailUrl\":\"https:\/\/files.sunoresearch.com.br\/n\/uploads\/2019\/01\/a4bbc194-avi\u00e3o-embraer-usado-pela-azul-scaled.webp\",\"datePublished\":\"2019-04-18T17:26:40+00:00\",\"dateModified\":\"2019-04-18T17:47:04+00:00\",\"description\":\"A Azul acusa a Gol e a Latam de tentarem barrar a concorr\u00eancia na ponte a\u00e9rea Rio-S\u00e3o Paulo. Clique e saiba mais.\",\"breadcrumb\":{\"@id\":\"https:\/\/www.suno.com.br\/noticias\/azul-desiste-avianca-gol-latam-evitar-concorrencia\/#breadcrumb\"},\"inLanguage\":\"pt-BR\",\"potentialAction\":[{\"@type\":\"ReadAction\",\"target\":[\"https:\/\/www.suno.com.br\/noticias\/azul-desiste-avianca-gol-latam-evitar-concorrencia\/\"]}]},{\"@type\":\"ImageObject\",\"inLanguage\":\"pt-BR\",\"@id\":\"https:\/\/www.suno.com.br\/noticias\/azul-desiste-avianca-gol-latam-evitar-concorrencia\/#primaryimage\",\"url\":\"https:\/\/files.sunoresearch.com.br\/n\/uploads\/2019\/01\/a4bbc194-avi\u00e3o-embraer-usado-pela-azul-scaled.webp\",\"contentUrl\":\"https:\/\/files.sunoresearch.com.br\/n\/uploads\/2019\/01\/a4bbc194-avi\u00e3o-embraer-usado-pela-azul-scaled.webp\",\"width\":2560,\"height\":1821,\"caption\":\"Azul (AZUL4). Foto: Divulga\u00e7\u00e3o.\"},{\"@type\":\"BreadcrumbList\",\"@id\":\"https:\/\/www.suno.com.br\/noticias\/azul-desiste-avianca-gol-latam-evitar-concorrencia\/#breadcrumb\",\"itemListElement\":[{\"@type\":\"ListItem\",\"position\":1,\"name\":\"Not\u00edcias\",\"item\":\"https:\/\/www.suno.com.br\/noticias\/\"},{\"@type\":\"ListItem\",\"position\":2,\"name\":\"Neg\u00f3cios\",\"item\":\"https:\/\/www.suno.com.br\/noticias\/negocios\/\"},{\"@type\":\"ListItem\",\"position\":3,\"name\":\"Azul desiste de oferta pela Avianca e acusa Gol e Latam de evitar concorr\u00eancia\"}]},{\"@type\":\"WebSite\",\"@id\":\"https:\/\/www.suno.com.br\/noticias\/#website\",\"url\":\"https:\/\/www.suno.com.br\/noticias\/\",\"name\":\"Suno Not\u00edcias\",\"description\":\"Seu portal de informa\u00e7\u00e3o sobre o mundo dos investimentos\",\"publisher\":{\"@id\":\"https:\/\/www.suno.com.br\/noticias\/#organization\"},\"potentialAction\":[{\"@type\":\"SearchAction\",\"target\":{\"@type\":\"EntryPoint\",\"urlTemplate\":\"https:\/\/www.suno.com.br\/noticias\/?s={search_term_string}\"},\"query-input\":{\"@type\":\"PropertyValueSpecification\",\"valueRequired\":true,\"valueName\":\"search_term_string\"}}],\"inLanguage\":\"pt-BR\"},{\"@type\":\"Organization\",\"@id\":\"https:\/\/www.suno.com.br\/noticias\/#organization\",\"name\":\"Suno Not\u00edcias\",\"url\":\"https:\/\/www.suno.com.br\/noticias\/\",\"logo\":{\"@type\":\"ImageObject\",\"inLanguage\":\"pt-BR\",\"@id\":\"https:\/\/www.suno.com.br\/noticias\/#\/schema\/logo\/image\/\",\"url\":\"https:\/\/files.sunoresearch.com.br\/n\/uploads\/2021\/09\/suno-logo.png\",\"contentUrl\":\"https:\/\/files.sunoresearch.com.br\/n\/uploads\/2021\/09\/suno-logo.png\",\"width\":180,\"height\":180,\"caption\":\"Suno Not\u00edcias\"},\"image\":{\"@id\":\"https:\/\/www.suno.com.br\/noticias\/#\/schema\/logo\/image\/\"},\"sameAs\":[\"https:\/\/facebook.com\/sunoresearch\",\"https:\/\/x.com\/sunoresearch\",\"https:\/\/www.instagram.com\/suno\",\"https:\/\/www.linkedin.com\/company\/suno-research\/\",\"https:\/\/www.youtube.com\/c\/sunoresearch\"]},{\"@type\":\"Person\",\"@id\":\"https:\/\/www.suno.com.br\/noticias\/#\/schema\/person\/e67f665add014bf99f644028de070cc3\",\"name\":\"Beatriz Oliveira\",\"image\":{\"@type\":\"ImageObject\",\"inLanguage\":\"pt-BR\",\"@id\":\"https:\/\/www.suno.com.br\/noticias\/#\/schema\/person\/image\/\",\"url\":\"https:\/\/secure.gravatar.com\/avatar\/c9aa6a0aaecc598d257d5d5bd349157d?s=96&r=g\",\"contentUrl\":\"https:\/\/secure.gravatar.com\/avatar\/c9aa6a0aaecc598d257d5d5bd349157d?s=96&r=g\",\"caption\":\"Beatriz Oliveira\"},\"description\":\"Formada em Jornalismo pela Faculdade Paulus de Tecnologia e Comunica\u00e7\u00e3o, Beatriz Oliveira escreve para o portal de not\u00edcias Suno Research. Antes, passou pelas reda\u00e7\u00f5es da Revista EXAME e da Rede Bandeirantes.\",\"url\":\"https:\/\/www.suno.com.br\/noticias\/author\/beatriz\/\"}]}<\/script>\n<!-- \/ Yoast SEO plugin. -->","yoast_head_json":{"title":"Azul desiste de oferta pela Avianca e acusa rivais de evitar concorr\u00eancia","description":"A Azul acusa a Gol e a Latam de tentarem barrar a concorr\u00eancia na ponte a\u00e9rea Rio-S\u00e3o Paulo. Clique e saiba mais.","robots":{"index":"index","follow":"follow","max-snippet":"max-snippet:-1","max-image-preview":"max-image-preview:large","max-video-preview":"max-video-preview:-1"},"canonical":"https:\/\/www.suno.com.br\/noticias\/azul-desiste-avianca-gol-latam-evitar-concorrencia\/","og_locale":"pt_BR","og_type":"article","og_title":"Azul desiste de oferta pela Avianca e acusa rivais de evitar concorr\u00eancia","og_description":"A Azul acusa a Gol e a Latam de tentarem barrar a concorr\u00eancia na ponte a\u00e9rea Rio-S\u00e3o Paulo. Clique e saiba mais.","og_url":"https:\/\/www.suno.com.br\/noticias\/azul-desiste-avianca-gol-latam-evitar-concorrencia\/","og_site_name":"Suno Not\u00edcias","article_publisher":"https:\/\/facebook.com\/sunoresearch","og_image":[{"width":1024,"height":728,"url":"https:\/\/files.sunoresearch.com.br\/n\/uploads\/2019\/01\/a4bbc194-avi\u00e3o-embraer-usado-pela-azul-1024x728.jpg","type":"image\/jpeg"}],"author":"Beatriz Oliveira","twitter_card":"summary_large_image","twitter_creator":"@sunoresearch","twitter_site":"@sunoresearch","twitter_misc":{"Escrito por":"Beatriz Oliveira","Est. tempo de leitura":"3 minutos"},"schema":{"@context":"https:\/\/schema.org","@graph":[{"@type":"NewsArticle","@id":"https:\/\/www.suno.com.br\/noticias\/azul-desiste-avianca-gol-latam-evitar-concorrencia\/#article","isPartOf":{"@id":"https:\/\/www.suno.com.br\/noticias\/azul-desiste-avianca-gol-latam-evitar-concorrencia\/"},"author":{"name":"Beatriz Oliveira","@id":"https:\/\/www.suno.com.br\/noticias\/#\/schema\/person\/e67f665add014bf99f644028de070cc3"},"headline":"Azul desiste de oferta pela Avianca e acusa Gol e Latam de evitar concorr\u00eancia","datePublished":"2019-04-18T17:26:40+00:00","dateModified":"2019-04-18T17:47:04+00:00","mainEntityOfPage":{"@id":"https:\/\/www.suno.com.br\/noticias\/azul-desiste-avianca-gol-latam-evitar-concorrencia\/"},"wordCount":589,"publisher":{"@id":"https:\/\/www.suno.com.br\/noticias\/#organization"},"image":{"@id":"https:\/\/www.suno.com.br\/noticias\/azul-desiste-avianca-gol-latam-evitar-concorrencia\/#primaryimage"},"thumbnailUrl":"https:\/\/files.sunoresearch.com.br\/n\/uploads\/2019\/01\/a4bbc194-avi\u00e3o-embraer-usado-pela-azul-scaled.webp","keywords":["Avianca","Azul (AZUL4)","Gol Linhas A\u00e9reas (GOLL11\/GOLL4)","Latam"],"articleSection":["Neg\u00f3cios"],"inLanguage":"pt-BR"},{"@type":"WebPage","@id":"https:\/\/www.suno.com.br\/noticias\/azul-desiste-avianca-gol-latam-evitar-concorrencia\/","url":"https:\/\/www.suno.com.br\/noticias\/azul-desiste-avianca-gol-latam-evitar-concorrencia\/","name":"Azul desiste de oferta pela Avianca e acusa rivais de evitar concorr\u00eancia","isPartOf":{"@id":"https:\/\/www.suno.com.br\/noticias\/#website"},"primaryImageOfPage":{"@id":"https:\/\/www.suno.com.br\/noticias\/azul-desiste-avianca-gol-latam-evitar-concorrencia\/#primaryimage"},"image":{"@id":"https:\/\/www.suno.com.br\/noticias\/azul-desiste-avianca-gol-latam-evitar-concorrencia\/#primaryimage"},"thumbnailUrl":"https:\/\/files.sunoresearch.com.br\/n\/uploads\/2019\/01\/a4bbc194-avi\u00e3o-embraer-usado-pela-azul-scaled.webp","datePublished":"2019-04-18T17:26:40+00:00","dateModified":"2019-04-18T17:47:04+00:00","description":"A Azul acusa a Gol e a Latam de tentarem barrar a concorr\u00eancia na ponte a\u00e9rea Rio-S\u00e3o Paulo. Clique e saiba mais.","breadcrumb":{"@id":"https:\/\/www.suno.com.br\/noticias\/azul-desiste-avianca-gol-latam-evitar-concorrencia\/#breadcrumb"},"inLanguage":"pt-BR","potentialAction":[{"@type":"ReadAction","target":["https:\/\/www.suno.com.br\/noticias\/azul-desiste-avianca-gol-latam-evitar-concorrencia\/"]}]},{"@type":"ImageObject","inLanguage":"pt-BR","@id":"https:\/\/www.suno.com.br\/noticias\/azul-desiste-avianca-gol-latam-evitar-concorrencia\/#primaryimage","url":"https:\/\/files.sunoresearch.com.br\/n\/uploads\/2019\/01\/a4bbc194-avi\u00e3o-embraer-usado-pela-azul-scaled.webp","contentUrl":"https:\/\/files.sunoresearch.com.br\/n\/uploads\/2019\/01\/a4bbc194-avi\u00e3o-embraer-usado-pela-azul-scaled.webp","width":2560,"height":1821,"caption":"Azul (AZUL4). Foto: Divulga\u00e7\u00e3o."},{"@type":"BreadcrumbList","@id":"https:\/\/www.suno.com.br\/noticias\/azul-desiste-avianca-gol-latam-evitar-concorrencia\/#breadcrumb","itemListElement":[{"@type":"ListItem","position":1,"name":"Not\u00edcias","item":"https:\/\/www.suno.com.br\/noticias\/"},{"@type":"ListItem","position":2,"name":"Neg\u00f3cios","item":"https:\/\/www.suno.com.br\/noticias\/negocios\/"},{"@type":"ListItem","position":3,"name":"Azul desiste de oferta pela Avianca e acusa Gol e Latam de evitar concorr\u00eancia"}]},{"@type":"WebSite","@id":"https:\/\/www.suno.com.br\/noticias\/#website","url":"https:\/\/www.suno.com.br\/noticias\/","name":"Suno Not\u00edcias","description":"Seu portal de informa\u00e7\u00e3o sobre o mundo dos investimentos","publisher":{"@id":"https:\/\/www.suno.com.br\/noticias\/#organization"},"potentialAction":[{"@type":"SearchAction","target":{"@type":"EntryPoint","urlTemplate":"https:\/\/www.suno.com.br\/noticias\/?s={search_term_string}"},"query-input":{"@type":"PropertyValueSpecification","valueRequired":true,"valueName":"search_term_string"}}],"inLanguage":"pt-BR"},{"@type":"Organization","@id":"https:\/\/www.suno.com.br\/noticias\/#organization","name":"Suno Not\u00edcias","url":"https:\/\/www.suno.com.br\/noticias\/","logo":{"@type":"ImageObject","inLanguage":"pt-BR","@id":"https:\/\/www.suno.com.br\/noticias\/#\/schema\/logo\/image\/","url":"https:\/\/files.sunoresearch.com.br\/n\/uploads\/2021\/09\/suno-logo.png","contentUrl":"https:\/\/files.sunoresearch.com.br\/n\/uploads\/2021\/09\/suno-logo.png","width":180,"height":180,"caption":"Suno Not\u00edcias"},"image":{"@id":"https:\/\/www.suno.com.br\/noticias\/#\/schema\/logo\/image\/"},"sameAs":["https:\/\/facebook.com\/sunoresearch","https:\/\/x.com\/sunoresearch","https:\/\/www.instagram.com\/suno","https:\/\/www.linkedin.com\/company\/suno-research\/","https:\/\/www.youtube.com\/c\/sunoresearch"]},{"@type":"Person","@id":"https:\/\/www.suno.com.br\/noticias\/#\/schema\/person\/e67f665add014bf99f644028de070cc3","name":"Beatriz Oliveira","image":{"@type":"ImageObject","inLanguage":"pt-BR","@id":"https:\/\/www.suno.com.br\/noticias\/#\/schema\/person\/image\/","url":"https:\/\/secure.gravatar.com\/avatar\/c9aa6a0aaecc598d257d5d5bd349157d?s=96&r=g","contentUrl":"https:\/\/secure.gravatar.com\/avatar\/c9aa6a0aaecc598d257d5d5bd349157d?s=96&r=g","caption":"Beatriz Oliveira"},"description":"Formada em Jornalismo pela Faculdade Paulus de Tecnologia e Comunica\u00e7\u00e3o, Beatriz Oliveira escreve para o portal de not\u00edcias Suno Research. Antes, passou pelas reda\u00e7\u00f5es da Revista EXAME e da Rede Bandeirantes.","url":"https:\/\/www.suno.com.br\/noticias\/author\/beatriz\/"}]}},"default_loop_html":"<div class=\"cardsPage__listCard__boxs\"><div class=\"cardsPage__listCard__boxs__img\"><a href=\"https:\/\/www.suno.com.br\/noticias\/azul-desiste-avianca-gol-latam-evitar-concorrencia\/\"><img class=\"mask\" src=\"https:\/\/www.suno.com.br\/noticias\/wp-content\/themes\/suno\/resources\/images\/spotlight\/spotlight1img\/bg-mask.png\" alt=\"Image Mask\"\/><img src=\"https:\/\/files.sunoresearch.com.br\/n\/uploads\/2019\/01\/a4bbc194-avi\u00e3o-embraer-usado-pela-azul-400x200.webp\" alt=\"Azul desiste de oferta pela Avianca e acusa Gol e Latam de evitar concorr\u00eancia\"\/><\/a><span class=\"spotlightCategory\"><a href=\"https:\/\/www.suno.com.br\/noticias\/negocios\/\">Neg\u00f3cios<\/a><\/span><\/div><div class=\"cardsPage__listCard__boxs__content\"><a href=\"https:\/\/www.suno.com.br\/noticias\/azul-desiste-avianca-gol-latam-evitar-concorrencia\/\"><h2 class=\"content__title\">Azul desiste de oferta pela Avianca e acusa Gol e Latam de evitar concorr\u00eancia<\/h2><\/a><div class=\"newsContent__article__meta\"><div class=\"newsContent__article__meta__authorBox\"><a href=\"https:\/\/www.suno.com.br\/noticias\/author\/beatriz\/\" class=\"authorBox__avatar noMobi\"><img src=\"https:\/\/secure.gravatar.com\/avatar\/c9aa6a0aaecc598d257d5d5bd349157d?s=96&#038;r=g\" alt=\"Beatriz Oliveira\"><\/a><div class=\"authorBox__name\"><span>por\n\t\t\t<a href=\"https:\/\/www.suno.com.br\/noticias\/author\/beatriz\/\"><span itemprop=\"author\">Beatriz Oliveira<\/span><\/a><\/span><time datetime=\"2019-04-18T14:26:40-03:00\" itemprop=\"datePublished\">18\/04\/2019 14:26<\/time><\/div><\/div><\/div><\/div><\/div>","single_layout":"posts","amp_enabled":true,"_links":{"self":[{"href":"https:\/\/www.suno.com.br\/noticias\/wp-json\/wp\/v2\/posts\/21608"}],"collection":[{"href":"https:\/\/www.suno.com.br\/noticias\/wp-json\/wp\/v2\/posts"}],"about":[{"href":"https:\/\/www.suno.com.br\/noticias\/wp-json\/wp\/v2\/types\/post"}],"author":[{"embeddable":true,"href":"https:\/\/www.suno.com.br\/noticias\/wp-json\/wp\/v2\/users\/16"}],"replies":[{"embeddable":true,"href":"https:\/\/www.suno.com.br\/noticias\/wp-json\/wp\/v2\/comments?post=21608"}],"version-history":[{"count":0,"href":"https:\/\/www.suno.com.br\/noticias\/wp-json\/wp\/v2\/posts\/21608\/revisions"}],"wp:featuredmedia":[{"embeddable":true,"href":"https:\/\/www.suno.com.br\/noticias\/wp-json\/wp\/v2\/media\/11416"}],"wp:attachment":[{"href":"https:\/\/www.suno.com.br\/noticias\/wp-json\/wp\/v2\/media?parent=21608"}],"wp:term":[{"taxonomy":"category","embeddable":true,"href":"https:\/\/www.suno.com.br\/noticias\/wp-json\/wp\/v2\/categories?post=21608"},{"taxonomy":"post_tag","embeddable":true,"href":"https:\/\/www.suno.com.br\/noticias\/wp-json\/wp\/v2\/tags?post=21608"},{"taxonomy":"suno_strategy","embeddable":true,"href":"https:\/\/www.suno.com.br\/noticias\/wp-json\/wp\/v2\/suno_strategy?post=21608"}],"curies":[{"name":"wp","href":"https:\/\/api.w.org\/{rel}","templated":true}]}}