{"id":215927,"date":"2021-12-16T11:06:29","date_gmt":"2021-12-16T14:06:29","guid":{"rendered":"https:\/\/www.suno.com.br\/noticias\/?p=215927"},"modified":"2021-12-16T11:06:29","modified_gmt":"2021-12-16T14:06:29","slug":"dolar-cai-ecoando-fed-alta-de-juro-do-boe-e-a-espera-de-campos-neto","status":"publish","type":"post","link":"https:\/\/www.suno.com.br\/noticias\/dolar-cai-ecoando-fed-alta-de-juro-do-boe-e-a-espera-de-campos-neto\/","title":{"rendered":"D\u00f3lar cai ecoando Fed, alta de juro do BoE e \u00e0 espera de Campos Neto"},"content":{"rendered":"<p>O <strong>d\u00f3lar<\/strong> ajusta-se em queda no mercado dom\u00e9stico na manh\u00e3 desta quinta-feira, alinhado \u00e0 desvaloriza\u00e7\u00e3o predominante da moeda americana no exterior, em meio a apetite por ativos de risco com a diminui\u00e7\u00e3o das incertezas ap\u00f3s a decis\u00e3o de <a class=\"suno-keyword\" href=\"https:\/\/www.suno.com.br\/artigos\/politica-monetaria\/\" target=\"_blank\" rel=\"noopener\" data-force=\"no\" data-priority=\"1\">pol\u00edtica monet\u00e1ria<\/a> do Fed dentro do esperado, ontem.<\/p>\t<div class=\"wrapper-featured-image\">\n\t\t<figure class=\"spotlightImg\">\n\n\t\t\t<picture>\n\t\t\t\t<source media=\"(max-width: 768px)\" srcset=\"https:\/\/files.sunoresearch.com.br\/n\/uploads\/2021\/05\/017505ba-money-860128_1280-400x200.webp\">\n\t\t\t\t<img loading=\"lazy\" decoding=\"async\" class=\"newsContent__article__imgCapa lazyloadDisabled \" src=\"https:\/\/files.sunoresearch.com.br\/n\/uploads\/2021\/05\/017505ba-money-860128_1280-800x450.webp\" width=\"800\" height=\"450\" alt=\"D\u00f3lar cai ecoando Fed, alta de juro do BoE e \u00e0 espera de Campos Neto\" fetchpriority=high \/>\n\t\t\t<\/picture>\n\n\t\t\t<figcaption class=\"wp-caption-text wp-caption-text--show\">D\u00f3lar. Foto: Pixabay<\/figcaption>\n\t\t<\/figure>\n\t<\/div>\n\n\n\t<p>\n\t\t<a href=\"https:\/\/lp.suno.com.br\/planilha-controle-gastos\/\" target=\"_blank\" data-element=\"shortcode-suno-banner\" title=\"Banner SUNO, clique e saiba mais\">\n\t\t\t<picture>\n\t\t\t\t<source media=\"(max-width: 500px)\" srcset=\"https:\/\/files.sunoresearch.com.br\/n\/uploads\/2023\/03\/400x300-Planilha-controle-de-gastos.png\">\n\t\t\t\t<img class=\"newsContent__article__imgCapa newsContent__article__imgCapa--banner\"\n\t\t\t\t\tsrc=\"https:\/\/files.sunoresearch.com.br\/n\/uploads\/2023\/03\/1420x240-Planilha-controle-de-gastos.png\"\n\t\t\t\t\tdata-promo-id=\"101751\"\t\t\t\t\t\t\t\t\t\twidth='1420' height='240'\t\t\t\t\talt=\"https:\/\/files.sunoresearch.com.br\/n\/uploads\/2023\/03\/1420x240-Planilha-controle-de-gastos.png\"\n\t\t\t\t>\n\t\t\t<\/picture>\n\t\t<\/a>\n\t<\/p>\n\n\n<p>\u00c0s 10h30 desta quinta, o<strong> d\u00f3lar \u00e0 vista<\/strong> ca\u00eda 0,33%, a R$ 5,68, ante m\u00ednima a R$ 5,66 e m\u00e1xima a R$ 5,70 (-0,01%). O <a class=\"suno-keyword\" href=\"https:\/\/www.suno.com.br\/artigos\/dolar-futuro\/\" target=\"_blank\" rel=\"noopener\" data-force=\"no\" data-priority=\"1\">d<strong>\u00f3lar futuro<\/strong><\/a> para janeiro subia 0,11%, a R$ 5,70, ap\u00f3s oscilar de R$ 5,68 a R$ 5,72.<\/p>\n<p>Mais cedo, euro e libra aceleraram a alta frente o d\u00f3lar, ap\u00f3s a inesperada decis\u00e3o do Banco da Inglaterra (BoE) de elevar a taxa de juros de 0,1% para 0,25%, diante da infla\u00e7\u00e3o alta, mas mantendo o programa de relaxamento quantitativo em 895 bilh\u00f5es de libras. As expectativas se voltam agora para a decis\u00e3o de juros do BCE.<\/p>\n<p>Contudo, no mercado local, a moeda americana desacelerou a queda com a continuidade de remessas corporativas de capitais para matrizes e investidores internacionais, segundo operadores do mercado.<\/p>\n\t<p>\n\t\t<a href=\"https:\/\/lp.suno.com.br\/planilha-da-vida-financeira\/\" target=\"_blank\" data-element=\"shortcode-suno-banner\" title=\"Banner SUNO, clique e saiba mais\">\n\t\t\t<picture>\n\t\t\t\t<source media=\"(max-width: 500px)\" srcset=\"https:\/\/files.sunoresearch.com.br\/n\/uploads\/2023\/04\/400x300-Planilha-vida-financeira-true.png\">\n\t\t\t\t<img class=\"newsContent__article__imgCapa newsContent__article__imgCapa--banner\"\n\t\t\t\t\tsrc=\"https:\/\/files.sunoresearch.com.br\/n\/uploads\/2023\/04\/1420x240-Planilha-vida-financeira-true.png\"\n\t\t\t\t\tdata-promo-id=\"106682\"\t\t\t\t\t\t\t\t\t\twidth='1420' height='240'\t\t\t\t\talt=\"https:\/\/files.sunoresearch.com.br\/n\/uploads\/2023\/04\/1420x240-Planilha-vida-financeira-true.png\"\n\t\t\t\t>\n\t\t\t<\/picture>\n\t\t<\/a>\n\t<\/p>\n\n\n<p>Mais cedo, os investidores monitoraram o Relat\u00f3rio Trimestral de Infla\u00e7\u00e3o (RTI), que confirmou sinaliza\u00e7\u00f5es anteriores e foi recebido sem surpresas no mercado, conforme as primeiras an\u00e1lises. Assim, as aten\u00e7\u00f5es se voltam para a entrevista do presidente do BC, <a class=\"suno-keyword\" href=\"https:\/\/www.suno.com.br\/tudo-sobre\/roberto-campos-neto\/\" target=\"_blank\" rel=\"noopener\" data-force=\"no\" data-priority=\"2\">Roberto Campos Neto<\/a>, e diretores do BC para falar sobre o documento, prevista para as 11h. A espera pela divulga\u00e7\u00e3o das quantidades de t\u00edtulos a serem ofertados hoje pelo Tesouro Nacional tamb\u00e9m ajuda a conter o recuo mais forte das taxas.<\/p>\n<p>Nos EUA, O Fed manteve os juros na faixa de 0% a 0,25%, indicou tr\u00eas altas de juros dos <a class=\"suno-keyword\" href=\"https:\/\/www.suno.com.br\/artigos\/fed-funds\/\" target=\"_blank\" rel=\"noopener\" data-force=\"no\" data-priority=\"1\">Fed Funds<\/a> em 2022 para tentar conter a infla\u00e7\u00e3o e o presidente da institui\u00e7\u00e3o, Jerome Powell, sinalizou para novos est\u00edmulos se for necess\u00e1rio, caso o PIB enfraque\u00e7a em meio a incertezas sobre o ritmo da recupera\u00e7\u00e3o do mercado de trabalho e do impacto da variante \u00d4micron do coronav\u00edrus na atividade americana.<\/p>\n<h2>\u00daltima cota\u00e7\u00e3o do d\u00f3lar<\/h2>\n<p>Na \u00faltima sess\u00e3o, quarta-feira (15), o <strong>d\u00f3lar<\/strong> encerrou o preg\u00e3o em 0,25%, negociado a R$ 5,70.<\/p>\n<p><em>(Com informa\u00e7\u00f5es do Estad\u00e3o Conte\u00fado)<\/em><\/p>\n\t<p>\n\t\t<a href=\"https:\/\/lp.suno.com.br\/planilha-de-controle-de-investimentos\/\" target=\"_blank\" data-element=\"shortcode-suno-banner\" title=\"Banner SUNO, clique e saiba mais\">\n\t\t\t<picture>\n\t\t\t\t<source media=\"(max-width: 500px)\" srcset=\"https:\/\/files.sunoresearch.com.br\/n\/uploads\/2023\/03\/400x300-Controle-de-Investimentos.png\">\n\t\t\t\t<img class=\"newsContent__article__imgCapa newsContent__article__imgCapa--banner\"\n\t\t\t\t\tsrc=\"https:\/\/files.sunoresearch.com.br\/n\/uploads\/2023\/03\/1420x240-Controle-de-Investimentos.png\"\n\t\t\t\t\tdata-promo-id=\"75934\"\t\t\t\t\t\t\t\t\t\twidth='1420' height='240'\t\t\t\t\talt=\"https:\/\/files.sunoresearch.com.br\/n\/uploads\/2023\/03\/1420x240-Controle-de-Investimentos.png\"\n\t\t\t\t>\n\t\t\t<\/picture>\n\t\t<\/a>\n\t<\/p>\n\n\n","protected":false},"excerpt":{"rendered":"<p>O d\u00f3lar ajusta-se em queda no mercado dom\u00e9stico na manh\u00e3 desta quinta-feira, alinhado \u00e0 desvaloriza\u00e7\u00e3o predominante da moeda americana no exterior, em meio a apetite por ativos de risco com a diminui\u00e7\u00e3o das incertezas ap\u00f3s a decis\u00e3o de pol\u00edtica monet\u00e1ria do Fed dentro do esperado, ontem. D\u00f3lar. Foto: Pixabay \u00c0s 10h30 desta quinta, o d\u00f3lar [&hellip;]<\/p>\n","protected":false},"author":15,"featured_media":151521,"comment_status":"closed","ping_status":"closed","sticky":false,"template":"","format":"standard","meta":[],"categories":[60],"tags":[326,1852],"suno_strategy":[],"class_list":["post-215927","post","type-post","status-publish","format-standard","has-post-thumbnail","hentry","category-mercado","tag-dolar","tag-dolar-futuro"],"yoast_head":"<!-- This site is optimized with the Yoast SEO plugin v24.4 - https:\/\/yoast.com\/wordpress\/plugins\/seo\/ -->\n<title>D\u00f3lar cai ecoando Fed, alta de juro do BoE e \u00e0 espera de Campos Neto<\/title>\n<meta name=\"description\" content=\"\u00c0s 10h30 desta quinta, o d\u00f3lar \u00e0 vista ca\u00eda 0,33%, a R$ 5,68, ante m\u00ednima a R$ 5,66 e m\u00e1xima a R$ 5,70 (-0,01%). Clique aqui e saiba mais\" \/>\n<meta name=\"robots\" content=\"index, follow, max-snippet:-1, max-image-preview:large, max-video-preview:-1\" \/>\n<link rel=\"canonical\" href=\"https:\/\/www.suno.com.br\/noticias\/dolar-cai-ecoando-fed-alta-de-juro-do-boe-e-a-espera-de-campos-neto\/\" \/>\n<meta property=\"og:locale\" content=\"pt_BR\" \/>\n<meta property=\"og:type\" content=\"article\" \/>\n<meta property=\"og:title\" content=\"D\u00f3lar cai ecoando Fed, alta de juro do BoE e \u00e0 espera de Campos Neto\" \/>\n<meta property=\"og:description\" content=\"\u00c0s 10h30 desta quinta, o d\u00f3lar \u00e0 vista ca\u00eda 0,33%, a R$ 5,68, ante m\u00ednima a R$ 5,66 e m\u00e1xima a R$ 5,70 (-0,01%). Clique aqui e saiba mais\" \/>\n<meta property=\"og:url\" content=\"https:\/\/www.suno.com.br\/noticias\/dolar-cai-ecoando-fed-alta-de-juro-do-boe-e-a-espera-de-campos-neto\/\" \/>\n<meta property=\"og:site_name\" content=\"Suno Not\u00edcias\" \/>\n<meta property=\"article:publisher\" content=\"https:\/\/facebook.com\/sunoresearch\" \/>\n<meta property=\"og:image\" content=\"https:\/\/files.sunoresearch.com.br\/n\/uploads\/2021\/05\/017505ba-money-860128_1280.jpg\" \/>\n\t<meta property=\"og:image:width\" content=\"1280\" \/>\n\t<meta property=\"og:image:height\" content=\"960\" \/>\n\t<meta property=\"og:image:type\" content=\"image\/jpeg\" \/>\n<meta name=\"author\" content=\"Poliana Santos\" \/>\n<meta name=\"twitter:card\" content=\"summary_large_image\" \/>\n<meta name=\"twitter:creator\" content=\"@sunoresearch\" \/>\n<meta name=\"twitter:site\" content=\"@sunoresearch\" \/>\n<meta name=\"twitter:label1\" content=\"Escrito por\" \/>\n\t<meta name=\"twitter:data1\" content=\"Poliana Santos\" \/>\n\t<meta name=\"twitter:label2\" content=\"Est. tempo de leitura\" \/>\n\t<meta name=\"twitter:data2\" content=\"2 minutos\" \/>\n<script type=\"application\/ld+json\" class=\"yoast-schema-graph\">{\"@context\":\"https:\/\/schema.org\",\"@graph\":[{\"@type\":\"NewsArticle\",\"@id\":\"https:\/\/www.suno.com.br\/noticias\/dolar-cai-ecoando-fed-alta-de-juro-do-boe-e-a-espera-de-campos-neto\/#article\",\"isPartOf\":{\"@id\":\"https:\/\/www.suno.com.br\/noticias\/dolar-cai-ecoando-fed-alta-de-juro-do-boe-e-a-espera-de-campos-neto\/\"},\"author\":{\"name\":\"Poliana Santos\",\"@id\":\"https:\/\/www.suno.com.br\/noticias\/#\/schema\/person\/02ec1f752758247878a2bf4abee1aeda\"},\"headline\":\"D\u00f3lar cai ecoando Fed, alta de juro do BoE e \u00e0 espera de Campos Neto\",\"datePublished\":\"2021-12-16T14:06:29+00:00\",\"mainEntityOfPage\":{\"@id\":\"https:\/\/www.suno.com.br\/noticias\/dolar-cai-ecoando-fed-alta-de-juro-do-boe-e-a-espera-de-campos-neto\/\"},\"wordCount\":396,\"publisher\":{\"@id\":\"https:\/\/www.suno.com.br\/noticias\/#organization\"},\"image\":{\"@id\":\"https:\/\/www.suno.com.br\/noticias\/dolar-cai-ecoando-fed-alta-de-juro-do-boe-e-a-espera-de-campos-neto\/#primaryimage\"},\"thumbnailUrl\":\"https:\/\/files.sunoresearch.com.br\/n\/uploads\/2021\/05\/017505ba-money-860128_1280-jpg.webp\",\"keywords\":[\"d\u00f3lar\",\"d\u00f3lar futuro\"],\"articleSection\":[\"Mercado\"],\"inLanguage\":\"pt-BR\"},{\"@type\":\"WebPage\",\"@id\":\"https:\/\/www.suno.com.br\/noticias\/dolar-cai-ecoando-fed-alta-de-juro-do-boe-e-a-espera-de-campos-neto\/\",\"url\":\"https:\/\/www.suno.com.br\/noticias\/dolar-cai-ecoando-fed-alta-de-juro-do-boe-e-a-espera-de-campos-neto\/\",\"name\":\"D\u00f3lar cai ecoando Fed, alta de juro do BoE e \u00e0 espera de Campos Neto\",\"isPartOf\":{\"@id\":\"https:\/\/www.suno.com.br\/noticias\/#website\"},\"primaryImageOfPage\":{\"@id\":\"https:\/\/www.suno.com.br\/noticias\/dolar-cai-ecoando-fed-alta-de-juro-do-boe-e-a-espera-de-campos-neto\/#primaryimage\"},\"image\":{\"@id\":\"https:\/\/www.suno.com.br\/noticias\/dolar-cai-ecoando-fed-alta-de-juro-do-boe-e-a-espera-de-campos-neto\/#primaryimage\"},\"thumbnailUrl\":\"https:\/\/files.sunoresearch.com.br\/n\/uploads\/2021\/05\/017505ba-money-860128_1280-jpg.webp\",\"datePublished\":\"2021-12-16T14:06:29+00:00\",\"description\":\"\u00c0s 10h30 desta quinta, o d\u00f3lar \u00e0 vista ca\u00eda 0,33%, a R$ 5,68, ante m\u00ednima a R$ 5,66 e m\u00e1xima a R$ 5,70 (-0,01%). Clique aqui e saiba mais\",\"breadcrumb\":{\"@id\":\"https:\/\/www.suno.com.br\/noticias\/dolar-cai-ecoando-fed-alta-de-juro-do-boe-e-a-espera-de-campos-neto\/#breadcrumb\"},\"inLanguage\":\"pt-BR\",\"potentialAction\":[{\"@type\":\"ReadAction\",\"target\":[\"https:\/\/www.suno.com.br\/noticias\/dolar-cai-ecoando-fed-alta-de-juro-do-boe-e-a-espera-de-campos-neto\/\"]}]},{\"@type\":\"ImageObject\",\"inLanguage\":\"pt-BR\",\"@id\":\"https:\/\/www.suno.com.br\/noticias\/dolar-cai-ecoando-fed-alta-de-juro-do-boe-e-a-espera-de-campos-neto\/#primaryimage\",\"url\":\"https:\/\/files.sunoresearch.com.br\/n\/uploads\/2021\/05\/017505ba-money-860128_1280-jpg.webp\",\"contentUrl\":\"https:\/\/files.sunoresearch.com.br\/n\/uploads\/2021\/05\/017505ba-money-860128_1280-jpg.webp\",\"width\":1280,\"height\":960,\"caption\":\"D\u00f3lar. Foto: Pixabay\"},{\"@type\":\"BreadcrumbList\",\"@id\":\"https:\/\/www.suno.com.br\/noticias\/dolar-cai-ecoando-fed-alta-de-juro-do-boe-e-a-espera-de-campos-neto\/#breadcrumb\",\"itemListElement\":[{\"@type\":\"ListItem\",\"position\":1,\"name\":\"Not\u00edcias\",\"item\":\"https:\/\/www.suno.com.br\/noticias\/\"},{\"@type\":\"ListItem\",\"position\":2,\"name\":\"Mercado\",\"item\":\"https:\/\/www.suno.com.br\/noticias\/mercado\/\"},{\"@type\":\"ListItem\",\"position\":3,\"name\":\"D\u00f3lar cai ecoando Fed, alta de juro do BoE e \u00e0 espera de Campos Neto\"}]},{\"@type\":\"WebSite\",\"@id\":\"https:\/\/www.suno.com.br\/noticias\/#website\",\"url\":\"https:\/\/www.suno.com.br\/noticias\/\",\"name\":\"Suno Not\u00edcias\",\"description\":\"Seu portal de informa\u00e7\u00e3o sobre o mundo dos investimentos\",\"publisher\":{\"@id\":\"https:\/\/www.suno.com.br\/noticias\/#organization\"},\"potentialAction\":[{\"@type\":\"SearchAction\",\"target\":{\"@type\":\"EntryPoint\",\"urlTemplate\":\"https:\/\/www.suno.com.br\/noticias\/?s={search_term_string}\"},\"query-input\":{\"@type\":\"PropertyValueSpecification\",\"valueRequired\":true,\"valueName\":\"search_term_string\"}}],\"inLanguage\":\"pt-BR\"},{\"@type\":\"Organization\",\"@id\":\"https:\/\/www.suno.com.br\/noticias\/#organization\",\"name\":\"Suno Not\u00edcias\",\"url\":\"https:\/\/www.suno.com.br\/noticias\/\",\"logo\":{\"@type\":\"ImageObject\",\"inLanguage\":\"pt-BR\",\"@id\":\"https:\/\/www.suno.com.br\/noticias\/#\/schema\/logo\/image\/\",\"url\":\"https:\/\/files.sunoresearch.com.br\/n\/uploads\/2021\/09\/suno-logo.png\",\"contentUrl\":\"https:\/\/files.sunoresearch.com.br\/n\/uploads\/2021\/09\/suno-logo.png\",\"width\":180,\"height\":180,\"caption\":\"Suno Not\u00edcias\"},\"image\":{\"@id\":\"https:\/\/www.suno.com.br\/noticias\/#\/schema\/logo\/image\/\"},\"sameAs\":[\"https:\/\/facebook.com\/sunoresearch\",\"https:\/\/x.com\/sunoresearch\",\"https:\/\/www.instagram.com\/suno\",\"https:\/\/www.linkedin.com\/company\/suno-research\/\",\"https:\/\/www.youtube.com\/c\/sunoresearch\"]},{\"@type\":\"Person\",\"@id\":\"https:\/\/www.suno.com.br\/noticias\/#\/schema\/person\/02ec1f752758247878a2bf4abee1aeda\",\"name\":\"Poliana Santos\",\"image\":{\"@type\":\"ImageObject\",\"inLanguage\":\"pt-BR\",\"@id\":\"https:\/\/www.suno.com.br\/noticias\/#\/schema\/person\/image\/\",\"url\":\"https:\/\/secure.gravatar.com\/avatar\/0645bd32f23d87b2130f2b2dff1d3f8d?s=96&r=g\",\"contentUrl\":\"https:\/\/secure.gravatar.com\/avatar\/0645bd32f23d87b2130f2b2dff1d3f8d?s=96&r=g\",\"caption\":\"Poliana Santos\"},\"description\":\"Rep\u00f3rter no Suno Not\u00edcias, com cobertura em mercado financeiro, economia, finan\u00e7as pessoais, renda fixa e varejo. Jornalista formada pela Faculdade C\u00e1sper L\u00edbero e possui passagem na R\u00e1dio Gazeta AM com a produ\u00e7\u00e3o de conte\u00fado sobre economia, pol\u00edtica, sa\u00fade, moda e m\u00fasica. Possui certificado de conclus\u00e3o do curso de An\u00e1lise de Balan\u00e7os pela Funda\u00e7\u00e3o Bradesco, Agenda Brasil pela FAAP, Educa\u00e7\u00e3o Pol\u00edtica por Alexandre Garcia e do Tesouro Direto e Mercado de A\u00e7\u00f5es pela B3.\",\"url\":\"https:\/\/www.suno.com.br\/noticias\/author\/poliana-santos\/\"}]}<\/script>\n<!-- \/ Yoast SEO plugin. -->","yoast_head_json":{"title":"D\u00f3lar cai ecoando Fed, alta de juro do BoE e \u00e0 espera de Campos Neto","description":"\u00c0s 10h30 desta quinta, o d\u00f3lar \u00e0 vista ca\u00eda 0,33%, a R$ 5,68, ante m\u00ednima a R$ 5,66 e m\u00e1xima a R$ 5,70 (-0,01%). Clique aqui e saiba mais","robots":{"index":"index","follow":"follow","max-snippet":"max-snippet:-1","max-image-preview":"max-image-preview:large","max-video-preview":"max-video-preview:-1"},"canonical":"https:\/\/www.suno.com.br\/noticias\/dolar-cai-ecoando-fed-alta-de-juro-do-boe-e-a-espera-de-campos-neto\/","og_locale":"pt_BR","og_type":"article","og_title":"D\u00f3lar cai ecoando Fed, alta de juro do BoE e \u00e0 espera de Campos Neto","og_description":"\u00c0s 10h30 desta quinta, o d\u00f3lar \u00e0 vista ca\u00eda 0,33%, a R$ 5,68, ante m\u00ednima a R$ 5,66 e m\u00e1xima a R$ 5,70 (-0,01%). Clique aqui e saiba mais","og_url":"https:\/\/www.suno.com.br\/noticias\/dolar-cai-ecoando-fed-alta-de-juro-do-boe-e-a-espera-de-campos-neto\/","og_site_name":"Suno Not\u00edcias","article_publisher":"https:\/\/facebook.com\/sunoresearch","og_image":[{"width":1280,"height":960,"url":"https:\/\/files.sunoresearch.com.br\/n\/uploads\/2021\/05\/017505ba-money-860128_1280.jpg","type":"image\/jpeg"}],"author":"Poliana Santos","twitter_card":"summary_large_image","twitter_creator":"@sunoresearch","twitter_site":"@sunoresearch","twitter_misc":{"Escrito por":"Poliana Santos","Est. tempo de leitura":"2 minutos"},"schema":{"@context":"https:\/\/schema.org","@graph":[{"@type":"NewsArticle","@id":"https:\/\/www.suno.com.br\/noticias\/dolar-cai-ecoando-fed-alta-de-juro-do-boe-e-a-espera-de-campos-neto\/#article","isPartOf":{"@id":"https:\/\/www.suno.com.br\/noticias\/dolar-cai-ecoando-fed-alta-de-juro-do-boe-e-a-espera-de-campos-neto\/"},"author":{"name":"Poliana Santos","@id":"https:\/\/www.suno.com.br\/noticias\/#\/schema\/person\/02ec1f752758247878a2bf4abee1aeda"},"headline":"D\u00f3lar cai ecoando Fed, alta de juro do BoE e \u00e0 espera de Campos Neto","datePublished":"2021-12-16T14:06:29+00:00","mainEntityOfPage":{"@id":"https:\/\/www.suno.com.br\/noticias\/dolar-cai-ecoando-fed-alta-de-juro-do-boe-e-a-espera-de-campos-neto\/"},"wordCount":396,"publisher":{"@id":"https:\/\/www.suno.com.br\/noticias\/#organization"},"image":{"@id":"https:\/\/www.suno.com.br\/noticias\/dolar-cai-ecoando-fed-alta-de-juro-do-boe-e-a-espera-de-campos-neto\/#primaryimage"},"thumbnailUrl":"https:\/\/files.sunoresearch.com.br\/n\/uploads\/2021\/05\/017505ba-money-860128_1280-jpg.webp","keywords":["d\u00f3lar","d\u00f3lar futuro"],"articleSection":["Mercado"],"inLanguage":"pt-BR"},{"@type":"WebPage","@id":"https:\/\/www.suno.com.br\/noticias\/dolar-cai-ecoando-fed-alta-de-juro-do-boe-e-a-espera-de-campos-neto\/","url":"https:\/\/www.suno.com.br\/noticias\/dolar-cai-ecoando-fed-alta-de-juro-do-boe-e-a-espera-de-campos-neto\/","name":"D\u00f3lar cai ecoando Fed, alta de juro do BoE e \u00e0 espera de Campos Neto","isPartOf":{"@id":"https:\/\/www.suno.com.br\/noticias\/#website"},"primaryImageOfPage":{"@id":"https:\/\/www.suno.com.br\/noticias\/dolar-cai-ecoando-fed-alta-de-juro-do-boe-e-a-espera-de-campos-neto\/#primaryimage"},"image":{"@id":"https:\/\/www.suno.com.br\/noticias\/dolar-cai-ecoando-fed-alta-de-juro-do-boe-e-a-espera-de-campos-neto\/#primaryimage"},"thumbnailUrl":"https:\/\/files.sunoresearch.com.br\/n\/uploads\/2021\/05\/017505ba-money-860128_1280-jpg.webp","datePublished":"2021-12-16T14:06:29+00:00","description":"\u00c0s 10h30 desta quinta, o d\u00f3lar \u00e0 vista ca\u00eda 0,33%, a R$ 5,68, ante m\u00ednima a R$ 5,66 e m\u00e1xima a R$ 5,70 (-0,01%). Clique aqui e saiba mais","breadcrumb":{"@id":"https:\/\/www.suno.com.br\/noticias\/dolar-cai-ecoando-fed-alta-de-juro-do-boe-e-a-espera-de-campos-neto\/#breadcrumb"},"inLanguage":"pt-BR","potentialAction":[{"@type":"ReadAction","target":["https:\/\/www.suno.com.br\/noticias\/dolar-cai-ecoando-fed-alta-de-juro-do-boe-e-a-espera-de-campos-neto\/"]}]},{"@type":"ImageObject","inLanguage":"pt-BR","@id":"https:\/\/www.suno.com.br\/noticias\/dolar-cai-ecoando-fed-alta-de-juro-do-boe-e-a-espera-de-campos-neto\/#primaryimage","url":"https:\/\/files.sunoresearch.com.br\/n\/uploads\/2021\/05\/017505ba-money-860128_1280-jpg.webp","contentUrl":"https:\/\/files.sunoresearch.com.br\/n\/uploads\/2021\/05\/017505ba-money-860128_1280-jpg.webp","width":1280,"height":960,"caption":"D\u00f3lar. Foto: Pixabay"},{"@type":"BreadcrumbList","@id":"https:\/\/www.suno.com.br\/noticias\/dolar-cai-ecoando-fed-alta-de-juro-do-boe-e-a-espera-de-campos-neto\/#breadcrumb","itemListElement":[{"@type":"ListItem","position":1,"name":"Not\u00edcias","item":"https:\/\/www.suno.com.br\/noticias\/"},{"@type":"ListItem","position":2,"name":"Mercado","item":"https:\/\/www.suno.com.br\/noticias\/mercado\/"},{"@type":"ListItem","position":3,"name":"D\u00f3lar cai ecoando Fed, alta de juro do BoE e \u00e0 espera de Campos Neto"}]},{"@type":"WebSite","@id":"https:\/\/www.suno.com.br\/noticias\/#website","url":"https:\/\/www.suno.com.br\/noticias\/","name":"Suno Not\u00edcias","description":"Seu portal de informa\u00e7\u00e3o sobre o mundo dos investimentos","publisher":{"@id":"https:\/\/www.suno.com.br\/noticias\/#organization"},"potentialAction":[{"@type":"SearchAction","target":{"@type":"EntryPoint","urlTemplate":"https:\/\/www.suno.com.br\/noticias\/?s={search_term_string}"},"query-input":{"@type":"PropertyValueSpecification","valueRequired":true,"valueName":"search_term_string"}}],"inLanguage":"pt-BR"},{"@type":"Organization","@id":"https:\/\/www.suno.com.br\/noticias\/#organization","name":"Suno Not\u00edcias","url":"https:\/\/www.suno.com.br\/noticias\/","logo":{"@type":"ImageObject","inLanguage":"pt-BR","@id":"https:\/\/www.suno.com.br\/noticias\/#\/schema\/logo\/image\/","url":"https:\/\/files.sunoresearch.com.br\/n\/uploads\/2021\/09\/suno-logo.png","contentUrl":"https:\/\/files.sunoresearch.com.br\/n\/uploads\/2021\/09\/suno-logo.png","width":180,"height":180,"caption":"Suno Not\u00edcias"},"image":{"@id":"https:\/\/www.suno.com.br\/noticias\/#\/schema\/logo\/image\/"},"sameAs":["https:\/\/facebook.com\/sunoresearch","https:\/\/x.com\/sunoresearch","https:\/\/www.instagram.com\/suno","https:\/\/www.linkedin.com\/company\/suno-research\/","https:\/\/www.youtube.com\/c\/sunoresearch"]},{"@type":"Person","@id":"https:\/\/www.suno.com.br\/noticias\/#\/schema\/person\/02ec1f752758247878a2bf4abee1aeda","name":"Poliana Santos","image":{"@type":"ImageObject","inLanguage":"pt-BR","@id":"https:\/\/www.suno.com.br\/noticias\/#\/schema\/person\/image\/","url":"https:\/\/secure.gravatar.com\/avatar\/0645bd32f23d87b2130f2b2dff1d3f8d?s=96&r=g","contentUrl":"https:\/\/secure.gravatar.com\/avatar\/0645bd32f23d87b2130f2b2dff1d3f8d?s=96&r=g","caption":"Poliana Santos"},"description":"Rep\u00f3rter no Suno Not\u00edcias, com cobertura em mercado financeiro, economia, finan\u00e7as pessoais, renda fixa e varejo. Jornalista formada pela Faculdade C\u00e1sper L\u00edbero e possui passagem na R\u00e1dio Gazeta AM com a produ\u00e7\u00e3o de conte\u00fado sobre economia, pol\u00edtica, sa\u00fade, moda e m\u00fasica. Possui certificado de conclus\u00e3o do curso de An\u00e1lise de Balan\u00e7os pela Funda\u00e7\u00e3o Bradesco, Agenda Brasil pela FAAP, Educa\u00e7\u00e3o Pol\u00edtica por Alexandre Garcia e do Tesouro Direto e Mercado de A\u00e7\u00f5es pela B3.","url":"https:\/\/www.suno.com.br\/noticias\/author\/poliana-santos\/"}]}},"default_loop_html":"<div class=\"cardsPage__listCard__boxs\"><div class=\"cardsPage__listCard__boxs__img\"><a href=\"https:\/\/www.suno.com.br\/noticias\/dolar-cai-ecoando-fed-alta-de-juro-do-boe-e-a-espera-de-campos-neto\/\"><img class=\"mask\" src=\"https:\/\/www.suno.com.br\/noticias\/wp-content\/themes\/suno\/resources\/images\/spotlight\/spotlight1img\/bg-mask.png\" alt=\"Image Mask\"\/><img src=\"https:\/\/files.sunoresearch.com.br\/n\/uploads\/2021\/05\/017505ba-money-860128_1280-400x200.webp\" alt=\"D\u00f3lar cai ecoando Fed, alta de juro do BoE e \u00e0 espera de Campos Neto\"\/><\/a><span class=\"spotlightCategory\"><a href=\"https:\/\/www.suno.com.br\/noticias\/mercado\/\">Mercado<\/a><\/span><\/div><div class=\"cardsPage__listCard__boxs__content\"><a href=\"https:\/\/www.suno.com.br\/noticias\/dolar-cai-ecoando-fed-alta-de-juro-do-boe-e-a-espera-de-campos-neto\/\"><h2 class=\"content__title\">D\u00f3lar cai ecoando Fed, alta de juro do BoE e \u00e0 espera de Campos Neto<\/h2><\/a><div class=\"newsContent__article__meta\"><div class=\"newsContent__article__meta__authorBox\"><a href=\"https:\/\/www.suno.com.br\/noticias\/author\/poliana-santos\/\" class=\"authorBox__avatar noMobi\"><img src=\"https:\/\/files.sunoresearch.com.br\/n\/uploads\/2020\/08\/7ef34026-whatsapp-image-2020-08-03-at-12.37.57-150x150.webp\" alt=\"Poliana Santos\"><\/a><div class=\"authorBox__name\"><span>por\n\t\t\t<a href=\"https:\/\/www.suno.com.br\/noticias\/author\/poliana-santos\/\"><span itemprop=\"author\">Poliana Santos<\/span><\/a><\/span><time datetime=\"2021-12-16T11:06:29-03:00\" itemprop=\"datePublished\">16\/12\/2021 11:06<\/time><\/div><\/div><\/div><\/div><\/div>","single_layout":"posts","amp_enabled":true,"_links":{"self":[{"href":"https:\/\/www.suno.com.br\/noticias\/wp-json\/wp\/v2\/posts\/215927"}],"collection":[{"href":"https:\/\/www.suno.com.br\/noticias\/wp-json\/wp\/v2\/posts"}],"about":[{"href":"https:\/\/www.suno.com.br\/noticias\/wp-json\/wp\/v2\/types\/post"}],"author":[{"embeddable":true,"href":"https:\/\/www.suno.com.br\/noticias\/wp-json\/wp\/v2\/users\/15"}],"replies":[{"embeddable":true,"href":"https:\/\/www.suno.com.br\/noticias\/wp-json\/wp\/v2\/comments?post=215927"}],"version-history":[{"count":3,"href":"https:\/\/www.suno.com.br\/noticias\/wp-json\/wp\/v2\/posts\/215927\/revisions"}],"predecessor-version":[{"id":215958,"href":"https:\/\/www.suno.com.br\/noticias\/wp-json\/wp\/v2\/posts\/215927\/revisions\/215958"}],"wp:featuredmedia":[{"embeddable":true,"href":"https:\/\/www.suno.com.br\/noticias\/wp-json\/wp\/v2\/media\/151521"}],"wp:attachment":[{"href":"https:\/\/www.suno.com.br\/noticias\/wp-json\/wp\/v2\/media?parent=215927"}],"wp:term":[{"taxonomy":"category","embeddable":true,"href":"https:\/\/www.suno.com.br\/noticias\/wp-json\/wp\/v2\/categories?post=215927"},{"taxonomy":"post_tag","embeddable":true,"href":"https:\/\/www.suno.com.br\/noticias\/wp-json\/wp\/v2\/tags?post=215927"},{"taxonomy":"suno_strategy","embeddable":true,"href":"https:\/\/www.suno.com.br\/noticias\/wp-json\/wp\/v2\/suno_strategy?post=215927"}],"curies":[{"name":"wp","href":"https:\/\/api.w.org\/{rel}","templated":true}]}}